{"id":54188,"date":"2025-06-11T13:15:30","date_gmt":"2025-06-11T17:15:30","guid":{"rendered":"https:\/\/richeskarayib.com\/chta-2025-turcas-y-caicos-2025-paul-pennicook-una-invitacion-a-todo-el-caribe\/"},"modified":"2025-06-16T04:08:25","modified_gmt":"2025-06-16T08:08:25","slug":"chta-2025-turcas-y-caicos-2025-paul-pennicook-una-invitacion-a-todo-el-caribe","status":"publish","type":"post","link":"https:\/\/richeskarayib.com\/es\/chta-2025-turcas-y-caicos-2025-paul-pennicook-una-invitacion-a-todo-el-caribe\/","title":{"rendered":"[CHTA 2025] Turcas y Caicos 2025 &#8211; Paul Pennicook: Una invitaci\u00f3n a todo el Caribe"},"content":{"rendered":"\t\t<div data-elementor-type=\"wp-post\" data-elementor-id=\"54188\" class=\"elementor elementor-54188 elementor-54162\" data-elementor-post-type=\"post\">\n\t\t\t\t\t\t<section class=\"elementor-section elementor-top-section elementor-element elementor-element-a1df631 elementor-section-boxed elementor-section-height-default elementor-section-height-default\" data-id=\"a1df631\" data-element_type=\"section\">\n\t\t\t\t\t\t<div class=\"elementor-container elementor-column-gap-default\">\n\t\t\t\t\t<div class=\"elementor-column elementor-col-100 elementor-top-column elementor-element elementor-element-dd29b53\" data-id=\"dd29b53\" data-element_type=\"column\">\n\t\t\t<div class=\"elementor-widget-wrap elementor-element-populated\">\n\t\t\t\t\t\t<div class=\"elementor-element elementor-element-db07671 elementor-widget elementor-widget-text-editor\" data-id=\"db07671\" data-element_type=\"widget\" data-widget_type=\"text-editor.default\">\n\t\t\t\t<div class=\"elementor-widget-container\">\n\t\t\t\t\t\t\t\t\t<p style=\"text-align: left;\"><a href=\"https:\/\/richeskarayib.com\/es\/\" target=\"_blank\" rel=\"noopener\"><b>Rich\u00e8s Karayib<\/b><\/a><span style=\"font-weight: 400;\"> conoci\u00f3 a <a href=\"https:\/\/www.linkedin.com\/in\/paul-pennicook-662bb721\/\" target=\"_blank\" rel=\"noopener nofollow\">Paul Pennicook<\/a>, Director General de Experience Turks and Caicos, en la <\/span><b>43\u1d49 edici\u00f3n <a href=\"https:\/\/chtamarketplace.com\/\" target=\"_blank\" rel=\"noopener nofollow\">del Mercado de Viajes del Caribe<\/a><\/b><span style=\"font-weight: 400;\">. Lejos de limitarse a la promoci\u00f3n de los balnearios, su discurso confirm\u00f3 la ambici\u00f3n de las Islas Turcas y Caicos de abrirse a nuevos mercados y elevar su perfil en el Caribe.<\/span><\/p>\t\t\t\t\t\t\t\t<\/div>\n\t\t\t\t<\/div>\n\t\t\t\t\t<\/div>\n\t\t<\/div>\n\t\t\t\t\t<\/div>\n\t\t<\/section>\n\t\t\t\t<section class=\"elementor-section elementor-top-section elementor-element elementor-element-13f1a0a elementor-section-boxed elementor-section-height-default elementor-section-height-default\" data-id=\"13f1a0a\" data-element_type=\"section\">\n\t\t\t\t\t\t<div class=\"elementor-container elementor-column-gap-default\">\n\t\t\t\t\t<div class=\"elementor-column elementor-col-100 elementor-top-column elementor-element elementor-element-d7d941f\" data-id=\"d7d941f\" data-element_type=\"column\">\n\t\t\t<div class=\"elementor-widget-wrap elementor-element-populated\">\n\t\t\t\t\t\t<div class=\"elementor-element elementor-element-ddd8e01 elementor-widget elementor-widget-heading\" data-id=\"ddd8e01\" data-element_type=\"widget\" data-widget_type=\"heading.default\">\n\t\t\t\t<div class=\"elementor-widget-container\">\n\t\t\t\t\t<h2 class=\"elementor-heading-title elementor-size-default\">El Mercado de Viajes del Caribe, una palanca para la expansi\u00f3n mundial<\/h2>\t\t\t\t<\/div>\n\t\t\t\t<\/div>\n\t\t\t\t<div class=\"elementor-element elementor-element-9f701da elementor-widget elementor-widget-text-editor\" data-id=\"9f701da\" data-element_type=\"widget\" data-widget_type=\"text-editor.default\">\n\t\t\t\t<div class=\"elementor-widget-container\">\n\t\t\t\t\t\t\t\t\t<p style=\"text-align: left;\"><span style=\"font-weight: 400;\">Para Paul Pennicook, participar en el <\/span><b>Mercado de Viajes del Caribe<\/b><span style=\"font-weight: 400;\"> era un movimiento estrat\u00e9gico obvio: es la <\/span><b>mayor feria tur\u00edstica B2B de la regi\u00f3n<\/b><span style=\"font-weight: 400;\">Es una oportunidad \u00fanica para conocer a operadores de todo el mundo.<\/span><\/p>\t\t\t\t\t\t\t\t<\/div>\n\t\t\t\t<\/div>\n\t\t\t\t<div class=\"elementor-element elementor-element-bae4c7b elementor-widget elementor-widget-text-editor\" data-id=\"bae4c7b\" data-element_type=\"widget\" data-widget_type=\"text-editor.default\">\n\t\t\t\t<div class=\"elementor-widget-container\">\n\t\t\t\t\t\t\t\t\t<p><span style=\"font-weight: 400;\">&#8220;Nuestro principal mercado es Estados Unidos, pero aqu\u00ed tambi\u00e9n hemos podido conocer a socios de Canad\u00e1, Reino Unido y Europa&#8230; Este evento re\u00fane todo lo que buscamos en t\u00e9rminos de creaci\u00f3n de redes.<\/span><\/p>\n<p><span style=\"font-weight: 400;\">A trav\u00e9s de esta plataforma, Experience<a href=\"https:\/\/richeskarayib.com\/es\/festival-internacional-de-musica-de-las-islas-turcas-y-caicos-en-2025-vuelve-un-fin-de-semana-inolvidable\/\" target=\"_blank\" rel=\"noopener\"> Turks and Caicos<\/a> pretende <\/span><b>reforzar sus asociaciones<\/b><span style=\"font-weight: 400;\"> y optimizar su presencia en mercados clave.<\/span><\/p>\t\t\t\t\t\t\t\t<\/div>\n\t\t\t\t<\/div>\n\t\t\t\t<section class=\"elementor-section elementor-inner-section elementor-element elementor-element-9971f4d elementor-section-boxed elementor-section-height-default elementor-section-height-default\" data-id=\"9971f4d\" data-element_type=\"section\">\n\t\t\t\t\t\t<div class=\"elementor-container elementor-column-gap-default\">\n\t\t\t\t\t<div class=\"elementor-column elementor-col-50 elementor-inner-column elementor-element elementor-element-8b46f22\" data-id=\"8b46f22\" data-element_type=\"column\">\n\t\t\t<div class=\"elementor-widget-wrap elementor-element-populated\">\n\t\t\t\t\t\t<div class=\"elementor-element elementor-element-1872503 elementor-widget elementor-widget-image\" data-id=\"1872503\" data-element_type=\"widget\" data-widget_type=\"image.default\">\n\t\t\t\t<div class=\"elementor-widget-container\">\n\t\t\t\t\t\t\t\t\t\t\t\t\t\t\t<img fetchpriority=\"high\" decoding=\"async\" width=\"768\" height=\"1024\" src=\"https:\/\/richeskarayib.com\/wp-content\/uploads\/2025\/06\/498179507_1264516835679828_8957032024482118578_n-768x1024.jpg\" class=\"attachment-large size-large wp-image-54170\" alt=\"Paul Pennicook\" srcset=\"https:\/\/richeskarayib.com\/wp-content\/uploads\/2025\/06\/498179507_1264516835679828_8957032024482118578_n-768x1024.jpg 768w, https:\/\/richeskarayib.com\/wp-content\/uploads\/2025\/06\/498179507_1264516835679828_8957032024482118578_n-225x300.jpg 225w, https:\/\/richeskarayib.com\/wp-content\/uploads\/2025\/06\/498179507_1264516835679828_8957032024482118578_n-1152x1536.jpg 1152w, https:\/\/richeskarayib.com\/wp-content\/uploads\/2025\/06\/498179507_1264516835679828_8957032024482118578_n-1320x1760.jpg 1320w, https:\/\/richeskarayib.com\/wp-content\/uploads\/2025\/06\/498179507_1264516835679828_8957032024482118578_n.jpg 1536w\" sizes=\"(max-width: 768px) 100vw, 768px\" \/>\t\t\t\t\t\t\t\t\t\t\t\t\t\t\t<\/div>\n\t\t\t\t<\/div>\n\t\t\t\t\t<\/div>\n\t\t<\/div>\n\t\t\t\t<div class=\"elementor-column elementor-col-50 elementor-inner-column elementor-element elementor-element-38518fc\" data-id=\"38518fc\" data-element_type=\"column\">\n\t\t\t<div class=\"elementor-widget-wrap elementor-element-populated\">\n\t\t\t\t\t\t<div class=\"elementor-element elementor-element-2d959dc elementor-widget elementor-widget-image\" data-id=\"2d959dc\" data-element_type=\"widget\" data-widget_type=\"image.default\">\n\t\t\t\t<div class=\"elementor-widget-container\">\n\t\t\t\t\t\t\t\t\t\t\t\t\t\t\t<img decoding=\"async\" width=\"768\" height=\"1024\" src=\"https:\/\/richeskarayib.com\/wp-content\/uploads\/2025\/06\/498217317_1264530709011774_6254739360522624066_n-768x1024.jpg\" class=\"attachment-large size-large wp-image-54174\" alt=\"Paul Pennicook\" srcset=\"https:\/\/richeskarayib.com\/wp-content\/uploads\/2025\/06\/498217317_1264530709011774_6254739360522624066_n-768x1024.jpg 768w, https:\/\/richeskarayib.com\/wp-content\/uploads\/2025\/06\/498217317_1264530709011774_6254739360522624066_n-225x300.jpg 225w, https:\/\/richeskarayib.com\/wp-content\/uploads\/2025\/06\/498217317_1264530709011774_6254739360522624066_n-1152x1536.jpg 1152w, https:\/\/richeskarayib.com\/wp-content\/uploads\/2025\/06\/498217317_1264530709011774_6254739360522624066_n-1320x1760.jpg 1320w, https:\/\/richeskarayib.com\/wp-content\/uploads\/2025\/06\/498217317_1264530709011774_6254739360522624066_n.jpg 1536w\" sizes=\"(max-width: 768px) 100vw, 768px\" \/>\t\t\t\t\t\t\t\t\t\t\t\t\t\t\t<\/div>\n\t\t\t\t<\/div>\n\t\t\t\t\t<\/div>\n\t\t<\/div>\n\t\t\t\t\t<\/div>\n\t\t<\/section>\n\t\t\t\t\t<\/div>\n\t\t<\/div>\n\t\t\t\t\t<\/div>\n\t\t<\/section>\n\t\t\t\t<section class=\"elementor-section elementor-top-section elementor-element elementor-element-6dc38f5 elementor-section-boxed elementor-section-height-default elementor-section-height-default\" data-id=\"6dc38f5\" data-element_type=\"section\">\n\t\t\t\t\t\t<div class=\"elementor-container elementor-column-gap-default\">\n\t\t\t\t\t<div class=\"elementor-column elementor-col-100 elementor-top-column elementor-element elementor-element-5dc36c9\" data-id=\"5dc36c9\" data-element_type=\"column\">\n\t\t\t<div class=\"elementor-widget-wrap elementor-element-populated\">\n\t\t\t\t\t\t<div class=\"elementor-element elementor-element-64c560a elementor-widget elementor-widget-heading\" data-id=\"64c560a\" data-element_type=\"widget\" data-widget_type=\"heading.default\">\n\t\t\t\t<div class=\"elementor-widget-container\">\n\t\t\t\t\t<h2 class=\"elementor-heading-title elementor-size-default\">Visibilidad, asociaciones y estrategia multicanal<\/h2>\t\t\t\t<\/div>\n\t\t\t\t<\/div>\n\t\t\t\t<div class=\"elementor-element elementor-element-f76a973 elementor-widget elementor-widget-text-editor\" data-id=\"f76a973\" data-element_type=\"widget\" data-widget_type=\"text-editor.default\">\n\t\t\t\t<div class=\"elementor-widget-container\">\n\t\t\t\t\t\t\t\t\t<p><span style=\"font-weight: 400;\">Seg\u00fan <a href=\"https:\/\/abcmundial.com\/en\/2025\/05\/25\/america\/tourism\/turks-and-caicos-unveils-ambitious-tourism-growth-plan-at-caribbean-travel-marketplace-43?utm_source=chatgpt.com\" target=\"_blank\" rel=\"noopener nofollow\">Paul Pennicook<\/a>, las conversaciones mantenidas durante los dos d\u00edas de reuniones de negocios han permitido al destino prever <\/span><b>varias colaboraciones con operadores tur\u00edsticos internacionales<\/b><span style=\"font-weight: 400;\">. Estas futuras alianzas se inscriben en una din\u00e1mica clara:  <\/span><b>dar a conocer la oferta del archipi\u00e9lago a viajeros y profesionales<\/b><span style=\"font-weight: 400;\">.<\/span><\/p>\t\t\t\t\t\t\t\t<\/div>\n\t\t\t\t<\/div>\n\t\t\t\t<div class=\"elementor-element elementor-element-a0feefa elementor-widget elementor-widget-text-editor\" data-id=\"a0feefa\" data-element_type=\"widget\" data-widget_type=\"text-editor.default\">\n\t\t\t\t<div class=\"elementor-widget-container\">\n\t\t\t\t\t\t\t\t\t<p><span style=\"font-weight: 400;\">\u201cEstas reuniones nos ayudar\u00e1n a transmitir nuestro mensaje, mostrar lo que podemos ofrecer y atraer a m\u00e1s visitantes\u201d, afirma Paul Pennicook.<\/span><\/p>\n<p><span style=\"font-weight: 400;\">Un enfoque espec\u00edfico, que combina la promoci\u00f3n directa y la prospecci\u00f3n estrat\u00e9gica, para seguir desarrollando el posicionamiento de lujo del destino.<\/span><\/p>\t\t\t\t\t\t\t\t<\/div>\n\t\t\t\t<\/div>\n\t\t\t\t<div class=\"elementor-element elementor-element-0930a2c elementor-widget elementor-widget-image\" data-id=\"0930a2c\" data-element_type=\"widget\" data-widget_type=\"image.default\">\n\t\t\t\t<div class=\"elementor-widget-container\">\n\t\t\t\t\t\t\t\t\t\t\t\t\t\t\t<img decoding=\"async\" width=\"800\" height=\"600\" src=\"https:\/\/richeskarayib.com\/wp-content\/uploads\/2025\/06\/491927859_1264497235681788_6093628893336379486_n-1024x768.jpg\" class=\"attachment-large size-large wp-image-54178\" alt=\"Paul Pennicook\" srcset=\"https:\/\/richeskarayib.com\/wp-content\/uploads\/2025\/06\/491927859_1264497235681788_6093628893336379486_n-1024x768.jpg 1024w, https:\/\/richeskarayib.com\/wp-content\/uploads\/2025\/06\/491927859_1264497235681788_6093628893336379486_n-300x225.jpg 300w, https:\/\/richeskarayib.com\/wp-content\/uploads\/2025\/06\/491927859_1264497235681788_6093628893336379486_n-768x576.jpg 768w, https:\/\/richeskarayib.com\/wp-content\/uploads\/2025\/06\/491927859_1264497235681788_6093628893336379486_n-1536x1152.jpg 1536w, https:\/\/richeskarayib.com\/wp-content\/uploads\/2025\/06\/491927859_1264497235681788_6093628893336379486_n-1320x990.jpg 1320w, https:\/\/richeskarayib.com\/wp-content\/uploads\/2025\/06\/491927859_1264497235681788_6093628893336379486_n.jpg 2048w\" sizes=\"(max-width: 800px) 100vw, 800px\" \/>\t\t\t\t\t\t\t\t\t\t\t\t\t\t\t<\/div>\n\t\t\t\t<\/div>\n\t\t\t\t<div class=\"elementor-element elementor-element-f302745 elementor-widget elementor-widget-image\" data-id=\"f302745\" data-element_type=\"widget\" data-widget_type=\"image.default\">\n\t\t\t\t<div class=\"elementor-widget-container\">\n\t\t\t\t\t\t\t\t\t\t\t\t\t\t\t<img loading=\"lazy\" decoding=\"async\" width=\"800\" height=\"450\" src=\"https:\/\/richeskarayib.com\/wp-content\/uploads\/2025\/06\/0000064259-resized-1280x720-1-1024x576.png\" class=\"attachment-large size-large wp-image-54182\" alt=\"Paul Pennicook\" srcset=\"https:\/\/richeskarayib.com\/wp-content\/uploads\/2025\/06\/0000064259-resized-1280x720-1-1024x576.png 1024w, https:\/\/richeskarayib.com\/wp-content\/uploads\/2025\/06\/0000064259-resized-1280x720-1-300x169.png 300w, https:\/\/richeskarayib.com\/wp-content\/uploads\/2025\/06\/0000064259-resized-1280x720-1-768x432.png 768w, https:\/\/richeskarayib.com\/wp-content\/uploads\/2025\/06\/0000064259-resized-1280x720-1.png 1280w\" sizes=\"(max-width: 800px) 100vw, 800px\" \/>\t\t\t\t\t\t\t\t\t\t\t\t\t\t\t<\/div>\n\t\t\t\t<\/div>\n\t\t\t\t\t<\/div>\n\t\t<\/div>\n\t\t\t\t\t<\/div>\n\t\t<\/section>\n\t\t\t\t<section class=\"elementor-section elementor-top-section elementor-element elementor-element-473a7f8 elementor-section-boxed elementor-section-height-default elementor-section-height-default\" data-id=\"473a7f8\" data-element_type=\"section\">\n\t\t\t\t\t\t<div class=\"elementor-container elementor-column-gap-default\">\n\t\t\t\t\t<div class=\"elementor-column elementor-col-100 elementor-top-column elementor-element elementor-element-7924e6c\" data-id=\"7924e6c\" data-element_type=\"column\">\n\t\t\t<div class=\"elementor-widget-wrap elementor-element-populated\">\n\t\t\t\t\t\t<div class=\"elementor-element elementor-element-12a94c5 elementor-widget elementor-widget-heading\" data-id=\"12a94c5\" data-element_type=\"widget\" data-widget_type=\"heading.default\">\n\t\t\t\t<div class=\"elementor-widget-container\">\n\t\t\t\t\t<h2 class=\"elementor-heading-title elementor-size-default\">Un festival en ciernes... y una invitaci\u00f3n a todo el Caribe<\/h2>\t\t\t\t<\/div>\n\t\t\t\t<\/div>\n\t\t\t\t<div class=\"elementor-element elementor-element-f7f07b3 elementor-widget elementor-widget-text-editor\" data-id=\"f7f07b3\" data-element_type=\"widget\" data-widget_type=\"text-editor.default\">\n\t\t\t\t<div class=\"elementor-widget-container\">\n\t\t\t\t\t\t\t\t\t<p><span style=\"font-weight: 400;\">A\u00fan no hay anuncio oficial, pero <a href=\"https:\/\/en.travel2latam.com\/news-97659-turks-caicos-is-consolidating-its-position-as-an-accessible-and-growing-destination?utm_source=chatgpt.com\" target=\"_blank\" rel=\"noopener nofollow\">Paul Pennicook<\/a> revela que <\/span><b>los equipos ya est\u00e1n trabajando en la creaci\u00f3n de uno o m\u00e1s festivales de m\u00fasica<\/b><span style=\"font-weight: 400;\"> en un futuro pr\u00f3ximo.<\/span><\/p>\t\t\t\t\t\t\t\t<\/div>\n\t\t\t\t<\/div>\n\t\t\t\t<div class=\"elementor-element elementor-element-823dd8c elementor-widget elementor-widget-text-editor\" data-id=\"823dd8c\" data-element_type=\"widget\" data-widget_type=\"text-editor.default\">\n\t\t\t\t<div class=\"elementor-widget-container\">\n\t\t\t\t\t\t\t\t\t<p><span style=\"font-weight: 400;\">\u201cSabemos cu\u00e1nto turismo pueden generar los acontecimientos musicales. Queremos invitar no s\u00f3lo a nuestros mercados tradicionales, sino tambi\u00e9n a nuestros vecinos caribe\u00f1os -incluida Martinica- a que vengan a conocer las Islas Turcas y Caicos.\u201d<\/span><\/p>\n<p><span style=\"font-weight: 400;\">Este <\/span><b>cambio hacia un enfoque caribe\u00f1o m\u00e1s abierto<\/b><span style=\"font-weight: 400;\"> refleja un deseo de diversificaci\u00f3n y de estrechar los v\u00ednculos culturales con otras zonas de la regi\u00f3n.<\/span><\/p>\t\t\t\t\t\t\t\t<\/div>\n\t\t\t\t<\/div>\n\t\t\t\t<div class=\"elementor-element elementor-element-c107976 elementor-widget elementor-widget-image\" data-id=\"c107976\" data-element_type=\"widget\" data-widget_type=\"image.default\">\n\t\t\t\t<div class=\"elementor-widget-container\">\n\t\t\t\t\t\t\t\t\t\t\t\t\t\t\t<img loading=\"lazy\" decoding=\"async\" width=\"730\" height=\"456\" src=\"https:\/\/richeskarayib.com\/wp-content\/uploads\/2025\/06\/Turks-and-Caicos-Unveils-Ambitious-Tourism-Growth-Plan-at-Caribbean-Travel-Marketplace-43.jpg\" class=\"attachment-large size-large wp-image-54186\" alt=\"Paul Pennicook\" srcset=\"https:\/\/richeskarayib.com\/wp-content\/uploads\/2025\/06\/Turks-and-Caicos-Unveils-Ambitious-Tourism-Growth-Plan-at-Caribbean-Travel-Marketplace-43.jpg 730w, https:\/\/richeskarayib.com\/wp-content\/uploads\/2025\/06\/Turks-and-Caicos-Unveils-Ambitious-Tourism-Growth-Plan-at-Caribbean-Travel-Marketplace-43-300x187.jpg 300w\" sizes=\"(max-width: 730px) 100vw, 730px\" \/>\t\t\t\t\t\t\t\t\t\t\t\t\t\t\t<\/div>\n\t\t\t\t<\/div>\n\t\t\t\t\t<\/div>\n\t\t<\/div>\n\t\t\t\t\t<\/div>\n\t\t<\/section>\n\t\t\t\t<section class=\"elementor-section elementor-top-section elementor-element elementor-element-ea4d4c4 elementor-section-boxed elementor-section-height-default elementor-section-height-default\" data-id=\"ea4d4c4\" data-element_type=\"section\">\n\t\t\t\t\t\t<div class=\"elementor-container elementor-column-gap-default\">\n\t\t\t\t\t<div class=\"elementor-column elementor-col-100 elementor-top-column elementor-element elementor-element-4d3e6a7\" data-id=\"4d3e6a7\" data-element_type=\"column\">\n\t\t\t<div class=\"elementor-widget-wrap elementor-element-populated\">\n\t\t\t\t\t\t<div class=\"elementor-element elementor-element-4fb713d elementor-widget elementor-widget-heading\" data-id=\"4fb713d\" data-element_type=\"widget\" data-widget_type=\"heading.default\">\n\t\t\t\t<div class=\"elementor-widget-container\">\n\t\t\t\t\t<h2 class=\"elementor-heading-title elementor-size-default\">Turcas y Caicos, mucho m\u00e1s que una postal<\/h2>\t\t\t\t<\/div>\n\t\t\t\t<\/div>\n\t\t\t\t<div class=\"elementor-element elementor-element-177a0a2 elementor-widget elementor-widget-text-editor\" data-id=\"177a0a2\" data-element_type=\"widget\" data-widget_type=\"text-editor.default\">\n\t\t\t\t<div class=\"elementor-widget-container\">\n\t\t\t\t\t\t\t\t\t<p><span style=\"font-weight: 400;\">Con una estrategia estructurada, el deseo de ampliar sus asociaciones y un fuerte enfoque en los mercados caribe\u00f1os, Turcas y Caicos es un destino en movimiento, <\/span><b>Turcas y Caicos es un destino en movimiento.<\/b><span style=\"font-weight: 400;\">. El mensaje de Paul Pennicook es claro: el archipi\u00e9lago est\u00e1 dispuesto a acoger, compartir y construir un turismo sostenible y compartido con sus socios.<\/span><\/p>\n<p><span style=\"font-weight: 400;\">&#8220;Turcas y Caicos, un oc\u00e9ano de experiencias. Ven y compru\u00e9balo por ti mismo.<\/span><\/p>\t\t\t\t\t\t\t\t<\/div>\n\t\t\t\t<\/div>\n\t\t\t\t\t<\/div>\n\t\t<\/div>\n\t\t\t\t\t<\/div>\n\t\t<\/section>\n\t\t\t\t<\/div>\n\t\t","protected":false},"excerpt":{"rendered":"<p>Rich\u00e8s Karayib conoci\u00f3 a Paul Pennicook, Director General de Experience Turks and Caicos, en la 43\u1d49 edici\u00f3n del Mercado de Viajes del Caribe. Lejos de limitarse a la promoci\u00f3n de los balnearios, su discurso confirm\u00f3 la ambici\u00f3n de las Islas Turcas y Caicos de abrirse a nuevos mercados y elevar su perfil en el Caribe. [&hellip;]<\/p>\n","protected":false},"author":662,"featured_media":54482,"comment_status":"open","ping_status":"open","sticky":false,"template":"","format":"standard","meta":{"_acf_changed":false,"footnotes":""},"categories":[1800],"tags":[1627],"class_list":["post-54188","post","type-post","status-publish","format-standard","has-post-thumbnail","hentry","category-chta-es","tag-turcas-y-caicos"],"acf":[],"_links":{"self":[{"href":"https:\/\/richeskarayib.com\/es\/wp-json\/wp\/v2\/posts\/54188","targetHints":{"allow":["GET"]}}],"collection":[{"href":"https:\/\/richeskarayib.com\/es\/wp-json\/wp\/v2\/posts"}],"about":[{"href":"https:\/\/richeskarayib.com\/es\/wp-json\/wp\/v2\/types\/post"}],"author":[{"embeddable":true,"href":"https:\/\/richeskarayib.com\/es\/wp-json\/wp\/v2\/users\/662"}],"replies":[{"embeddable":true,"href":"https:\/\/richeskarayib.com\/es\/wp-json\/wp\/v2\/comments?post=54188"}],"version-history":[{"count":0,"href":"https:\/\/richeskarayib.com\/es\/wp-json\/wp\/v2\/posts\/54188\/revisions"}],"wp:featuredmedia":[{"embeddable":true,"href":"https:\/\/richeskarayib.com\/es\/wp-json\/wp\/v2\/media\/54482"}],"wp:attachment":[{"href":"https:\/\/richeskarayib.com\/es\/wp-json\/wp\/v2\/media?parent=54188"}],"wp:term":[{"taxonomy":"category","embeddable":true,"href":"https:\/\/richeskarayib.com\/es\/wp-json\/wp\/v2\/categories?post=54188"},{"taxonomy":"post_tag","embeddable":true,"href":"https:\/\/richeskarayib.com\/es\/wp-json\/wp\/v2\/tags?post=54188"}],"curies":[{"name":"wp","href":"https:\/\/api.w.org\/{rel}","templated":true}]}}