{"id":54311,"date":"2025-06-12T11:39:33","date_gmt":"2025-06-12T15:39:33","guid":{"rendered":"https:\/\/richeskarayib.com\/antigua-y-barbuda-nominada-como-mejor-destino-culinario-emergente-del-caribe-2025\/"},"modified":"2025-06-12T11:39:34","modified_gmt":"2025-06-12T15:39:34","slug":"antigua-y-barbuda-nominada-como-mejor-destino-culinario-emergente-del-caribe-2025","status":"publish","type":"post","link":"https:\/\/richeskarayib.com\/es\/antigua-y-barbuda-nominada-como-mejor-destino-culinario-emergente-del-caribe-2025\/","title":{"rendered":"Antigua y Barbuda nominada como mejor destino culinario emergente del Caribe 2025"},"content":{"rendered":"\t\t<div data-elementor-type=\"wp-post\" data-elementor-id=\"54311\" class=\"elementor elementor-54311 elementor-54293\" data-elementor-post-type=\"post\">\n\t\t\t\t\t\t<section class=\"elementor-section elementor-top-section elementor-element elementor-element-ec2ec8e elementor-section-boxed elementor-section-height-default elementor-section-height-default\" data-id=\"ec2ec8e\" data-element_type=\"section\">\n\t\t\t\t\t\t<div class=\"elementor-container elementor-column-gap-default\">\n\t\t\t\t\t<div class=\"elementor-column elementor-col-100 elementor-top-column elementor-element elementor-element-0c0fd66\" data-id=\"0c0fd66\" data-element_type=\"column\">\n\t\t\t<div class=\"elementor-widget-wrap elementor-element-populated\">\n\t\t\t\t\t\t<div class=\"elementor-element elementor-element-1f82c38 elementor-widget elementor-widget-text-editor\" data-id=\"1f82c38\" data-element_type=\"widget\" data-widget_type=\"text-editor.default\">\n\t\t\t\t<div class=\"elementor-widget-container\">\n\t\t\t\t\t\t\t\t\t<p><span style=\"font-weight: 400;\"><a href=\"https:\/\/www.newsamericasnow.com\/antigua-barbuda-best-emerging-culinary-city-2025\/\" target=\"_blank\" rel=\"noopener nofollow\">Antigua y Barbuda<\/a> acaba de ser nominada Mejor Destino Culinario Emergente <a href=\"https:\/\/richeskarayib.com\/es\/san-martin-air-caraibes-relanzara-el-servicio-paris-orly-san-martin-juliana-a-partir-de-diciembre-de-2025\/\" target=\"_blank\" rel=\"noopener\">del Caribe<\/a> 2025 por los respetad\u00edsimos <a href=\"https:\/\/worldculinaryawards.com\/nominees\/2025\" target=\"_blank\" rel=\"noopener nofollow\">World Culinary Awards<\/a>. Y no es casualidad. Durante los \u00faltimos tres a\u00f1os, la Autoridad de Turismo de Antigua y Barbuda (ABTA) ha trabajado activamente para reposicionar la imagen del pa\u00eds, antes asociada a sus playas, hacia una narrativa profundamente arraigada en la gastronom\u00eda, el terru\u00f1o y la identidad cultural.  <\/span><\/p>\t\t\t\t\t\t\t\t<\/div>\n\t\t\t\t<\/div>\n\t\t\t\t\t<\/div>\n\t\t<\/div>\n\t\t\t\t\t<\/div>\n\t\t<\/section>\n\t\t\t\t<section class=\"elementor-section elementor-top-section elementor-element elementor-element-d24c489 elementor-section-boxed elementor-section-height-default elementor-section-height-default\" data-id=\"d24c489\" data-element_type=\"section\">\n\t\t\t\t\t\t<div class=\"elementor-container elementor-column-gap-default\">\n\t\t\t\t\t<div class=\"elementor-column elementor-col-100 elementor-top-column elementor-element elementor-element-35e3e69\" data-id=\"35e3e69\" data-element_type=\"column\">\n\t\t\t<div class=\"elementor-widget-wrap elementor-element-populated\">\n\t\t\t\t\t\t<div class=\"elementor-element elementor-element-7823db2 elementor-widget elementor-widget-heading\" data-id=\"7823db2\" data-element_type=\"widget\" data-widget_type=\"heading.default\">\n\t\t\t\t<div class=\"elementor-widget-container\">\n\t\t\t\t\t<h2 class=\"elementor-heading-title elementor-size-default\">Nominaci\u00f3n por los World Culinary Awards, una garant\u00eda de credibilidad<\/h2>\t\t\t\t<\/div>\n\t\t\t\t<\/div>\n\t\t\t\t<div class=\"elementor-element elementor-element-ae5e3a5 elementor-widget elementor-widget-text-editor\" data-id=\"ae5e3a5\" data-element_type=\"widget\" data-widget_type=\"text-editor.default\">\n\t\t\t\t<div class=\"elementor-widget-container\">\n\t\t\t\t\t\t\t\t\t<p><span style=\"font-weight: 400;\">Este reconocimiento rinde homenaje a los esfuerzos de todo un ecosistema: desde chefs de talento y productores locales hasta artesanos de la calle y responsables pol\u00edticos. El Ministro de Turismo, Charles Fernandez, lo resumi\u00f3 bien: \u201cEsta nominaci\u00f3n es un reflejo de nuestro rico patrimonio culinario, y una celebraci\u00f3n de los talentos que hacen brillar nuestra identidad nacional.\u201d <\/span><\/p>\t\t\t\t\t\t\t\t<\/div>\n\t\t\t\t<\/div>\n\t\t\t\t<section class=\"elementor-section elementor-inner-section elementor-element elementor-element-78d9d5f elementor-section-boxed elementor-section-height-default elementor-section-height-default\" data-id=\"78d9d5f\" data-element_type=\"section\">\n\t\t\t\t\t\t<div class=\"elementor-container elementor-column-gap-default\">\n\t\t\t\t\t<div class=\"elementor-column elementor-col-100 elementor-inner-column elementor-element elementor-element-f5e7fe6\" data-id=\"f5e7fe6\" data-element_type=\"column\">\n\t\t\t<div class=\"elementor-widget-wrap elementor-element-populated\">\n\t\t\t\t\t\t<div class=\"elementor-element elementor-element-073806b elementor-widget elementor-widget-image\" data-id=\"073806b\" data-element_type=\"widget\" data-widget_type=\"image.default\">\n\t\t\t\t<div class=\"elementor-widget-container\">\n\t\t\t\t\t\t\t\t\t\t\t\t<figure class=\"wp-caption\">\n\t\t\t\t\t\t\t\t\t\t<img fetchpriority=\"high\" decoding=\"async\" width=\"800\" height=\"450\" src=\"https:\/\/richeskarayib.com\/wp-content\/uploads\/2025\/06\/470181494_567380149383909_4109179601901391701_n-1024x576.jpg\" class=\"attachment-large size-large wp-image-54309\" alt=\"Antigua and Barbuda\" srcset=\"https:\/\/richeskarayib.com\/wp-content\/uploads\/2025\/06\/470181494_567380149383909_4109179601901391701_n-1024x576.jpg 1024w, https:\/\/richeskarayib.com\/wp-content\/uploads\/2025\/06\/470181494_567380149383909_4109179601901391701_n-300x169.jpg 300w, https:\/\/richeskarayib.com\/wp-content\/uploads\/2025\/06\/470181494_567380149383909_4109179601901391701_n-768x432.jpg 768w, https:\/\/richeskarayib.com\/wp-content\/uploads\/2025\/06\/470181494_567380149383909_4109179601901391701_n-1536x864.jpg 1536w, https:\/\/richeskarayib.com\/wp-content\/uploads\/2025\/06\/470181494_567380149383909_4109179601901391701_n-1320x743.jpg 1320w, https:\/\/richeskarayib.com\/wp-content\/uploads\/2025\/06\/470181494_567380149383909_4109179601901391701_n.jpg 1920w\" sizes=\"(max-width: 800px) 100vw, 800px\" \/>\t\t\t\t\t\t\t\t\t\t\t<figcaption class=\"widget-image-caption wp-caption-text\">Antigua and Barbuda<\/figcaption>\n\t\t\t\t\t\t\t\t\t\t<\/figure>\n\t\t\t\t\t\t\t\t\t<\/div>\n\t\t\t\t<\/div>\n\t\t\t\t\t<\/div>\n\t\t<\/div>\n\t\t\t\t\t<\/div>\n\t\t<\/section>\n\t\t\t\t\t<\/div>\n\t\t<\/div>\n\t\t\t\t\t<\/div>\n\t\t<\/section>\n\t\t\t\t<section class=\"elementor-section elementor-top-section elementor-element elementor-element-e8d332b elementor-section-boxed elementor-section-height-default elementor-section-height-default\" data-id=\"e8d332b\" data-element_type=\"section\">\n\t\t\t\t\t\t<div class=\"elementor-container elementor-column-gap-default\">\n\t\t\t\t\t<div class=\"elementor-column elementor-col-100 elementor-top-column elementor-element elementor-element-1c4c1b1\" data-id=\"1c4c1b1\" data-element_type=\"column\">\n\t\t\t<div class=\"elementor-widget-wrap elementor-element-populated\">\n\t\t\t\t\t\t<div class=\"elementor-element elementor-element-ff67a61 elementor-widget elementor-widget-heading\" data-id=\"ff67a61\" data-element_type=\"widget\" data-widget_type=\"heading.default\">\n\t\t\t\t<div class=\"elementor-widget-container\">\n\t\t\t\t\t<h2 class=\"elementor-heading-title elementor-size-default\">Le Mois de la Gastronomie: un pilar de la transformaci\u00f3n culinaria<\/h2>\t\t\t\t<\/div>\n\t\t\t\t<\/div>\n\t\t\t\t<section class=\"elementor-section elementor-inner-section elementor-element elementor-element-3bb4cca elementor-section-boxed elementor-section-height-default elementor-section-height-default\" data-id=\"3bb4cca\" data-element_type=\"section\">\n\t\t\t\t\t\t<div class=\"elementor-container elementor-column-gap-default\">\n\t\t\t\t\t<div class=\"elementor-column elementor-col-100 elementor-inner-column elementor-element elementor-element-1eba920\" data-id=\"1eba920\" data-element_type=\"column\">\n\t\t\t<div class=\"elementor-widget-wrap elementor-element-populated\">\n\t\t\t\t\t\t<div class=\"elementor-element elementor-element-716acf2 elementor-widget elementor-widget-text-editor\" data-id=\"716acf2\" data-element_type=\"widget\" data-widget_type=\"text-editor.default\">\n\t\t\t\t<div class=\"elementor-widget-container\">\n\t\t\t\t\t\t\t\t\t<h3><b>Desde la tradicional Restaurant Week hasta un mes completo de eventos<\/b><\/h3>\n<p><span style=\"font-weight: 400;\">El n\u00facleo de esta transformaci\u00f3n es el Mes de la Gastronom\u00eda. Este programa emblem\u00e1tico, puesto en marcha por la ABTA, ha visto c\u00f3mo la antigua Semana del Restaurante evolucionaba hasta convertirse en una serie de eventos inmersivos de un mes de duraci\u00f3n. Cada edici\u00f3n ofrece una inmersi\u00f3n en la cocina de Antigua y Barbuda, mucho m\u00e1s all\u00e1 del men\u00fa de un restaurante.  <\/span><\/p>\t\t\t\t\t\t\t\t<\/div>\n\t\t\t\t<\/div>\n\t\t\t\t<div class=\"elementor-element elementor-element-0a6d0ed elementor-widget elementor-widget-text-editor\" data-id=\"0a6d0ed\" data-element_type=\"widget\" data-widget_type=\"text-editor.default\">\n\t\t\t\t<div class=\"elementor-widget-container\">\n\t\t\t\t\t\t\t\t\t<h3><b>FAB Fest: un escaparate art\u00edstico y culinario<\/b><\/h3>\n<p><span style=\"font-weight: 400;\">El FAB Fest (Festival de Comida, Arte y Bebida) se ha convertido en una cita ineludible este mes. En \u00e9l participan los mejores chefs de ambas islas, mix\u00f3logos creativos, artistas locales y productores apasionados. Todo ello en un ambiente de demostraciones culinarias, conciertos, degustaciones y exposiciones de artesan\u00eda.  <\/span><\/p>\t\t\t\t\t\t\t\t<\/div>\n\t\t\t\t<\/div>\n\t\t\t\t<div class=\"elementor-element elementor-element-5b2fe1e elementor-widget elementor-widget-text-editor\" data-id=\"5b2fe1e\" data-element_type=\"widget\" data-widget_type=\"text-editor.default\">\n\t\t\t\t<div class=\"elementor-widget-container\">\n\t\t\t\t\t\t\t\t\t<h3><b>Comer como un lugare\u00f1o: mapear la autenticidad<\/b><\/h3>\n<p><span style=\"font-weight: 400;\">Otra iniciativa emblem\u00e1tica: <\/span><b>Come como un local<\/b><span style=\"font-weight: 400;\">. Se trata de un mapa digital interactivo en el que aparecen vendedores certificados, puestos callejeros y peque\u00f1as direcciones a menudo desconocidas para los turistas. Este proyecto fomenta la exploraci\u00f3n responsable y aut\u00e9ntica del pa\u00eds, promoviendo la comida casera, las recetas de la abuela y los lugares frecuentados por los lugare\u00f1os. <\/span><\/p>\t\t\t\t\t\t\t\t<\/div>\n\t\t\t\t<\/div>\n\t\t\t\t\t<\/div>\n\t\t<\/div>\n\t\t\t\t\t<\/div>\n\t\t<\/section>\n\t\t\t\t\t<\/div>\n\t\t<\/div>\n\t\t\t\t\t<\/div>\n\t\t<\/section>\n\t\t\t\t<section class=\"elementor-section elementor-top-section elementor-element elementor-element-34e72cf elementor-section-boxed elementor-section-height-default elementor-section-height-default\" data-id=\"34e72cf\" data-element_type=\"section\">\n\t\t\t\t\t\t<div class=\"elementor-container elementor-column-gap-default\">\n\t\t\t\t\t<div class=\"elementor-column elementor-col-100 elementor-top-column elementor-element elementor-element-6d7868a\" data-id=\"6d7868a\" data-element_type=\"column\">\n\t\t\t<div class=\"elementor-widget-wrap elementor-element-populated\">\n\t\t\t\t\t\t<div class=\"elementor-element elementor-element-4428903 elementor-widget elementor-widget-heading\" data-id=\"4428903\" data-element_type=\"widget\" data-widget_type=\"heading.default\">\n\t\t\t\t<div class=\"elementor-widget-container\">\n\t\t\t\t\t<h2 class=\"elementor-heading-title elementor-size-default\">Foro Alimentario del Caribe: pensando en el futuro culinario de la regi\u00f3n\n<\/h2>\t\t\t\t<\/div>\n\t\t\t\t<\/div>\n\t\t\t\t<div class=\"elementor-element elementor-element-25340a1 elementor-widget elementor-widget-text-editor\" data-id=\"25340a1\" data-element_type=\"widget\" data-widget_type=\"text-editor.default\">\n\t\t\t\t<div class=\"elementor-widget-container\">\n\t\t\t\t\t\t\t\t\t<h3><b>Pensamiento estrat\u00e9gico sobre seguridad alimentaria e innovaci\u00f3n<\/b><\/h3>\n<p><span style=\"font-weight: 400;\">  En Antigua y Barbuda no s\u00f3lo se cocina: el pa\u00eds tambi\u00e9n piensa en el futuro. El Foro Alimentario del Caribe, organizado en el marco del Mes de la Gastronom\u00eda, re\u00fane a cocineros, empresarios, investigadores y dirigentes pol\u00edticos de todo el Caribe. Juntos abordan los temas de la seguridad alimentaria, la innovaci\u00f3n culinaria, la transmisi\u00f3n de conocimientos y la agricultura sostenible.  <\/span><\/p>\t\t\t\t\t\t\t\t<\/div>\n\t\t\t\t<\/div>\n\t\t\t\t<div class=\"elementor-element elementor-element-6bc84ed elementor-widget elementor-widget-image\" data-id=\"6bc84ed\" data-element_type=\"widget\" data-widget_type=\"image.default\">\n\t\t\t\t<div class=\"elementor-widget-container\">\n\t\t\t\t\t\t\t\t\t\t\t\t\t\t\t<img decoding=\"async\" width=\"800\" height=\"534\" src=\"https:\/\/richeskarayib.com\/wp-content\/uploads\/2025\/06\/503886953_887947613611678_2478808389853198209_n-1024x683.jpg\" class=\"attachment-large size-large wp-image-54305\" alt=\"Antigua and Barbuda\" srcset=\"https:\/\/richeskarayib.com\/wp-content\/uploads\/2025\/06\/503886953_887947613611678_2478808389853198209_n-1024x683.jpg 1024w, https:\/\/richeskarayib.com\/wp-content\/uploads\/2025\/06\/503886953_887947613611678_2478808389853198209_n-300x200.jpg 300w, https:\/\/richeskarayib.com\/wp-content\/uploads\/2025\/06\/503886953_887947613611678_2478808389853198209_n-768x512.jpg 768w, https:\/\/richeskarayib.com\/wp-content\/uploads\/2025\/06\/503886953_887947613611678_2478808389853198209_n-1536x1024.jpg 1536w, https:\/\/richeskarayib.com\/wp-content\/uploads\/2025\/06\/503886953_887947613611678_2478808389853198209_n-1320x880.jpg 1320w, https:\/\/richeskarayib.com\/wp-content\/uploads\/2025\/06\/503886953_887947613611678_2478808389853198209_n.jpg 1920w\" sizes=\"(max-width: 800px) 100vw, 800px\" \/>\t\t\t\t\t\t\t\t\t\t\t\t\t\t\t<\/div>\n\t\t\t\t<\/div>\n\t\t\t\t<div class=\"elementor-element elementor-element-3c9478b elementor-widget elementor-widget-text-editor\" data-id=\"3c9478b\" data-element_type=\"widget\" data-widget_type=\"text-editor.default\">\n\t\t\t\t<div class=\"elementor-widget-container\">\n\t\t\t\t\t\t\t\t\t<h3><b>De cocineros a pol\u00edticos: un di\u00e1logo interdisciplinar<\/b><\/h3>\n<p><span style=\"font-weight: 400;\">Este foro va mucho m\u00e1s all\u00e1 de una simple manifestaci\u00f3n. Crea un espacio para el di\u00e1logo entre profesiones, donde un chef puede debatir sobre legislaci\u00f3n alimentaria con un diputado, o un agricultor con un investigador sobre el impacto del cambio clim\u00e1tico. Esta fertilizaci\u00f3n cruzada de ideas confiere a Antigua y Barbuda un papel de laboratorio culinario regional.  <\/span><\/p>\t\t\t\t\t\t\t\t<\/div>\n\t\t\t\t<\/div>\n\t\t\t\t<section class=\"elementor-section elementor-inner-section elementor-element elementor-element-ed870da elementor-section-boxed elementor-section-height-default elementor-section-height-default\" data-id=\"ed870da\" data-element_type=\"section\">\n\t\t\t\t\t\t<div class=\"elementor-container elementor-column-gap-default\">\n\t\t\t\t\t<div class=\"elementor-column elementor-col-100 elementor-inner-column elementor-element elementor-element-bfb79a6\" data-id=\"bfb79a6\" data-element_type=\"column\">\n\t\t\t<div class=\"elementor-widget-wrap elementor-element-populated\">\n\t\t\t\t\t\t<div class=\"elementor-element elementor-element-4a10a30 elementor-widget elementor-widget-image\" data-id=\"4a10a30\" data-element_type=\"widget\" data-widget_type=\"image.default\">\n\t\t\t\t<div class=\"elementor-widget-container\">\n\t\t\t\t\t\t\t\t\t\t\t\t\t\t\t<img decoding=\"async\" width=\"800\" height=\"534\" src=\"https:\/\/richeskarayib.com\/wp-content\/uploads\/2025\/06\/503856764_887948100278296_9214467440022821134_n-1024x683.jpg\" class=\"attachment-large size-large wp-image-54301\" alt=\"Antigua and Barbuda\" srcset=\"https:\/\/richeskarayib.com\/wp-content\/uploads\/2025\/06\/503856764_887948100278296_9214467440022821134_n-1024x683.jpg 1024w, https:\/\/richeskarayib.com\/wp-content\/uploads\/2025\/06\/503856764_887948100278296_9214467440022821134_n-300x200.jpg 300w, https:\/\/richeskarayib.com\/wp-content\/uploads\/2025\/06\/503856764_887948100278296_9214467440022821134_n-768x512.jpg 768w, https:\/\/richeskarayib.com\/wp-content\/uploads\/2025\/06\/503856764_887948100278296_9214467440022821134_n-1536x1024.jpg 1536w, https:\/\/richeskarayib.com\/wp-content\/uploads\/2025\/06\/503856764_887948100278296_9214467440022821134_n-1320x880.jpg 1320w, https:\/\/richeskarayib.com\/wp-content\/uploads\/2025\/06\/503856764_887948100278296_9214467440022821134_n.jpg 1920w\" sizes=\"(max-width: 800px) 100vw, 800px\" \/>\t\t\t\t\t\t\t\t\t\t\t\t\t\t\t<\/div>\n\t\t\t\t<\/div>\n\t\t\t\t\t<\/div>\n\t\t<\/div>\n\t\t\t\t\t<\/div>\n\t\t<\/section>\n\t\t\t\t\t<\/div>\n\t\t<\/div>\n\t\t\t\t\t<\/div>\n\t\t<\/section>\n\t\t\t\t<section class=\"elementor-section elementor-top-section elementor-element elementor-element-6ee5f12 elementor-section-boxed elementor-section-height-default elementor-section-height-default\" data-id=\"6ee5f12\" data-element_type=\"section\">\n\t\t\t\t\t\t<div class=\"elementor-container elementor-column-gap-default\">\n\t\t\t\t\t<div class=\"elementor-column elementor-col-100 elementor-top-column elementor-element elementor-element-a641372\" data-id=\"a641372\" data-element_type=\"column\">\n\t\t\t<div class=\"elementor-widget-wrap elementor-element-populated\">\n\t\t\t\t\t\t<div class=\"elementor-element elementor-element-f68a3e7 elementor-widget elementor-widget-heading\" data-id=\"f68a3e7\" data-element_type=\"widget\" data-widget_type=\"heading.default\">\n\t\t\t\t<div class=\"elementor-widget-container\">\n\t\t\t\t\t<h2 class=\"elementor-heading-title elementor-size-default\">Una ambici\u00f3n impulsada por cifras comprometidas<\/h2>\t\t\t\t<\/div>\n\t\t\t\t<\/div>\n\t\t\t\t<div class=\"elementor-element elementor-element-bb7745d elementor-widget elementor-widget-text-editor\" data-id=\"bb7745d\" data-element_type=\"widget\" data-widget_type=\"text-editor.default\">\n\t\t\t\t<div class=\"elementor-widget-container\">\n\t\t\t\t\t\t\t\t\t<h3><b>Colin C. James: 365 playas, 365 sabores<\/b><\/h3>\n<p><span style=\"font-weight: 400;\">El Director General de la ABTA, Colin C. James, resume perfectamente el nuevo eslogan del pa\u00eds: \u201cHemos pasado de 365 playas a 365 sabores\u201d. Esta transformaci\u00f3n no pretende borrar la imagen costera, sino a\u00f1adirle una capa de profundidad cultural y gustativa.<\/span><\/p>\t\t\t\t\t\t\t\t<\/div>\n\t\t\t\t<\/div>\n\t\t\t\t<div class=\"elementor-element elementor-element-0845bf6 elementor-widget elementor-widget-text-editor\" data-id=\"0845bf6\" data-element_type=\"widget\" data-widget_type=\"text-editor.default\">\n\t\t\t\t<div class=\"elementor-widget-container\">\n\t\t\t\t\t\t\t\t\t<h3><b>Shermain Jeremy: identidad, orgullo y comunidad<\/b><\/h3>\n<p><span style=\"font-weight: 400;\">Al frente de la coordinaci\u00f3n del Mois de la Gastronomie, <\/span><b>Shermain Jeremy<\/b><span style=\"font-weight: 400;\">  es una figura clave. Insiste: \u201cLo que hemos construido va m\u00e1s all\u00e1 de la comida. Se trata de identidad, orgullo y comunidad\u201d. Para ella, cada vendedor ambulante, mix\u00f3logo y artista contribuye a esta din\u00e1mica colectiva. <\/span><\/p>\t\t\t\t\t\t\t\t<\/div>\n\t\t\t\t<\/div>\n\t\t\t\t\t<\/div>\n\t\t<\/div>\n\t\t\t\t\t<\/div>\n\t\t<\/section>\n\t\t\t\t<section class=\"elementor-section elementor-top-section elementor-element elementor-element-11d45b5 elementor-section-boxed elementor-section-height-default elementor-section-height-default\" data-id=\"11d45b5\" data-element_type=\"section\">\n\t\t\t\t\t\t<div class=\"elementor-container elementor-column-gap-default\">\n\t\t\t\t\t<div class=\"elementor-column elementor-col-100 elementor-top-column elementor-element elementor-element-f30105f\" data-id=\"f30105f\" data-element_type=\"column\">\n\t\t\t<div class=\"elementor-widget-wrap elementor-element-populated\">\n\t\t\t\t\t\t<div class=\"elementor-element elementor-element-184ff95 elementor-widget elementor-widget-text-editor\" data-id=\"184ff95\" data-element_type=\"widget\" data-widget_type=\"text-editor.default\">\n\t\t\t\t<div class=\"elementor-widget-container\">\n\t\t\t\t\t\t\t\t\t<p><span style=\"font-weight: 400;\">Antigua y Barbuda es ahora una referencia en el panorama culinario del Caribe. La nominaci\u00f3n de Antigua y Barbuda como Mejor Destino Culinario Emergente del Caribe 2025 por los World Culinary Awards es un hito significativo en un proyecto colectivo, ambicioso y profundamente arraigado. Detr\u00e1s de cada plato que se sirve en estas islas, hay una historia, una memoria, un saber hacer. Y esta riqueza merece ser celebrada, compartida&#8230; y saboreada.   <\/span><\/p>\t\t\t\t\t\t\t\t<\/div>\n\t\t\t\t<\/div>\n\t\t\t\t\t<\/div>\n\t\t<\/div>\n\t\t\t\t\t<\/div>\n\t\t<\/section>\n\t\t\t\t<\/div>\n\t\t","protected":false},"excerpt":{"rendered":"<p>Antigua y Barbuda acaba de ser nominada Mejor Destino Culinario Emergente del Caribe 2025 por los respetad\u00edsimos World Culinary Awards. Y no es casualidad. Durante los \u00faltimos tres a\u00f1os, la Autoridad de Turismo de Antigua y Barbuda (ABTA) ha trabajado activamente para reposicionar la imagen del pa\u00eds, antes asociada a sus playas, hacia una narrativa [&hellip;]<\/p>\n","protected":false},"author":662,"featured_media":54297,"comment_status":"open","ping_status":"open","sticky":false,"template":"","format":"standard","meta":{"_acf_changed":false,"footnotes":""},"categories":[1484,1734],"tags":[1803],"class_list":["post-54311","post","type-post","status-publish","format-standard","has-post-thumbnail","hentry","category-arte-culinario","category-turismo","tag-antigua-y-barbuda-es"],"acf":[],"_links":{"self":[{"href":"https:\/\/richeskarayib.com\/es\/wp-json\/wp\/v2\/posts\/54311","targetHints":{"allow":["GET"]}}],"collection":[{"href":"https:\/\/richeskarayib.com\/es\/wp-json\/wp\/v2\/posts"}],"about":[{"href":"https:\/\/richeskarayib.com\/es\/wp-json\/wp\/v2\/types\/post"}],"author":[{"embeddable":true,"href":"https:\/\/richeskarayib.com\/es\/wp-json\/wp\/v2\/users\/662"}],"replies":[{"embeddable":true,"href":"https:\/\/richeskarayib.com\/es\/wp-json\/wp\/v2\/comments?post=54311"}],"version-history":[{"count":0,"href":"https:\/\/richeskarayib.com\/es\/wp-json\/wp\/v2\/posts\/54311\/revisions"}],"wp:featuredmedia":[{"embeddable":true,"href":"https:\/\/richeskarayib.com\/es\/wp-json\/wp\/v2\/media\/54297"}],"wp:attachment":[{"href":"https:\/\/richeskarayib.com\/es\/wp-json\/wp\/v2\/media?parent=54311"}],"wp:term":[{"taxonomy":"category","embeddable":true,"href":"https:\/\/richeskarayib.com\/es\/wp-json\/wp\/v2\/categories?post=54311"},{"taxonomy":"post_tag","embeddable":true,"href":"https:\/\/richeskarayib.com\/es\/wp-json\/wp\/v2\/tags?post=54311"}],"curies":[{"name":"wp","href":"https:\/\/api.w.org\/{rel}","templated":true}]}}