{"id":54406,"date":"2025-06-13T09:24:43","date_gmt":"2025-06-13T13:24:43","guid":{"rendered":"https:\/\/richeskarayib.com\/cifras-clave-para-el-caribe-resiliencia-climatica-ecologia-y-sostenibilidad-con-riches-karayib-2\/"},"modified":"2025-06-16T03:57:35","modified_gmt":"2025-06-16T07:57:35","slug":"cifras-clave-para-el-caribe-resiliencia-climatica-ecologia-y-sostenibilidad-con-riches-karayib-2","status":"publish","type":"post","link":"https:\/\/richeskarayib.com\/es\/cifras-clave-para-el-caribe-resiliencia-climatica-ecologia-y-sostenibilidad-con-riches-karayib-2\/","title":{"rendered":"Cifras clave para el Caribe &#8211; Resiliencia clim\u00e1tica, ecolog\u00eda y sostenibilidad con Rich\u00e8s Karayib"},"content":{"rendered":"\t\t<div data-elementor-type=\"wp-post\" data-elementor-id=\"54406\" class=\"elementor elementor-54406 elementor-54372\" data-elementor-post-type=\"post\">\n\t\t\t\t\t\t<section class=\"elementor-section elementor-top-section elementor-element elementor-element-d24c489 elementor-section-boxed elementor-section-height-default elementor-section-height-default\" data-id=\"d24c489\" data-element_type=\"section\">\n\t\t\t\t\t\t<div class=\"elementor-container elementor-column-gap-default\">\n\t\t\t\t\t<div class=\"elementor-column elementor-col-100 elementor-top-column elementor-element elementor-element-35e3e69\" data-id=\"35e3e69\" data-element_type=\"column\">\n\t\t\t<div class=\"elementor-widget-wrap elementor-element-populated\">\n\t\t\t\t\t\t<div class=\"elementor-element elementor-element-7823db2 elementor-widget elementor-widget-heading\" data-id=\"7823db2\" data-element_type=\"widget\" data-widget_type=\"heading.default\">\n\t\t\t\t<div class=\"elementor-widget-container\">\n\t\t\t\t\t<h2 class=\"elementor-heading-title elementor-size-default\">Resiliencia clim\u00e1tica: entre la urgencia y la acci\u00f3n<\/h2>\t\t\t\t<\/div>\n\t\t\t\t<\/div>\n\t\t\t\t<div class=\"elementor-element elementor-element-ae5e3a5 elementor-widget elementor-widget-text-editor\" data-id=\"ae5e3a5\" data-element_type=\"widget\" data-widget_type=\"text-editor.default\">\n\t\t\t\t<div class=\"elementor-widget-container\">\n\t\t\t\t\t\t\t\t\t<p><span style=\"font-weight: 400;\"><a href=\"https:\/\/richeskarayib.com\/es\/dia-mundial-del-medio-ambiente-vencer-la-contaminacion-por-plasticos-un-reto-urgente-para-el-caribe\/\" target=\"_blank\" rel=\"noopener\">El Caribe<\/a> vive al ritmo de los huracanes, las sequ\u00edas, la erosi\u00f3n costera y la biodiversidad en peligro. Frente a estas amenazas, las islas est\u00e1n intensificando sus esfuerzos para construir un futuro m\u00e1s sostenible.   <\/span><a href=\"https:\/\/www.nationalgeographic.com\/science\/article\/dominica-on-track-to-be-worlds-first-climate-resilient-nation\" target=\"_blank\" rel=\"noopener nofollow\"><b>resiliencia clim\u00e1tica local<\/b><\/a><span style=\"font-weight: 400;\">. Y aunque los retos son inmensos, las soluciones surgen a menudo de forma concreta, cuantificable y arraigada en las regiones.<\/span><\/p><p><span style=\"font-weight: 400;\">En <\/span><b>Rich\u00e8s Karayib<\/b><span style=\"font-weight: 400;\">Teniendo esto en cuenta, hemos seleccionado cinco datos recientes, verificados y significativos que ofrecen una imagen clara del estado de la ecolog\u00eda y la sostenibilidad en la regi\u00f3n. Estas cifras ilustran la realidad de la resiliencia clim\u00e1tica en el Caribe a escala territorial. <\/span><\/p>\t\t\t\t\t\t\t\t<\/div>\n\t\t\t\t<\/div>\n\t\t\t\t\t<\/div>\n\t\t<\/div>\n\t\t\t\t\t<\/div>\n\t\t<\/section>\n\t\t\t\t<section class=\"elementor-section elementor-top-section elementor-element elementor-element-e8d332b elementor-section-boxed elementor-section-height-default elementor-section-height-default\" data-id=\"e8d332b\" data-element_type=\"section\">\n\t\t\t\t\t\t<div class=\"elementor-container elementor-column-gap-default\">\n\t\t\t\t\t<div class=\"elementor-column elementor-col-100 elementor-top-column elementor-element elementor-element-1c4c1b1\" data-id=\"1c4c1b1\" data-element_type=\"column\">\n\t\t\t<div class=\"elementor-widget-wrap elementor-element-populated\">\n\t\t\t\t\t\t<div class=\"elementor-element elementor-element-ff67a61 elementor-widget elementor-widget-heading\" data-id=\"ff67a61\" data-element_type=\"widget\" data-widget_type=\"heading.default\">\n\t\t\t\t<div class=\"elementor-widget-container\">\n\t\t\t\t\t<h2 class=\"elementor-heading-title elementor-size-default\">1\u02b3\u1d49 - Dominica, pionera en resiliencia clim\u00e1tica<\/h2>\t\t\t\t<\/div>\n\t\t\t\t<\/div>\n\t\t\t\t<section class=\"elementor-section elementor-inner-section elementor-element elementor-element-3bb4cca elementor-section-boxed elementor-section-height-default elementor-section-height-default\" data-id=\"3bb4cca\" data-element_type=\"section\">\n\t\t\t\t\t\t<div class=\"elementor-container elementor-column-gap-default\">\n\t\t\t\t\t<div class=\"elementor-column elementor-col-100 elementor-inner-column elementor-element elementor-element-1eba920\" data-id=\"1eba920\" data-element_type=\"column\">\n\t\t\t<div class=\"elementor-widget-wrap elementor-element-populated\">\n\t\t\t\t\t\t<div class=\"elementor-element elementor-element-716acf2 elementor-widget elementor-widget-text-editor\" data-id=\"716acf2\" data-element_type=\"widget\" data-widget_type=\"text-editor.default\">\n\t\t\t\t<div class=\"elementor-widget-container\">\n\t\t\t\t\t\t\t\t\t<p><a href=\"https:\/\/richeskarayib.com\/es\/dominique-abiyah-yisrael-una-voz-espiritual-en-el-corazon-del-reggae-roots\/\" target=\"_blank\" rel=\"noopener\"><span style=\"font-weight: 400;\">La <\/span><b>Dominique<\/b><\/a><span style=\"font-weight: 400;\">  no se conform\u00f3 con reconstruir tras el devastador paso del hurac\u00e1n Mar\u00eda en 2017. Dio un giro radical al comprometerse oficialmente a convertirse en el primer   <\/span><b><a href=\"https:\/\/www.treehugger.com\/the-best-rain-forest-destinations-that-you-havent-visited-yet-4864021\" target=\"_blank\" rel=\"noopener nofollow\">&#8220;naci\u00f3n resistente al clima<\/a><\/b><span style=\"font-weight: 400;\"> del mundo.<\/span><\/p><p><span style=\"font-weight: 400;\">Este programa de reconstrucci\u00f3n verde, pilotado por la Agencia de Ejecuci\u00f3n de la Resiliencia Clim\u00e1tica de Dominica, incluye infraestructuras reforzadas, una planificaci\u00f3n urbana replanteada y energ\u00edas renovables integradas. Se trata de un enfoque pionero a escala mundial, que convierte a Dominica en un escaparate del desarrollo sostenible.   <\/span><b>Resiliencia clim\u00e1tica del Caribe<\/b><span style=\"font-weight: 400;\">.<\/span><\/p>\t\t\t\t\t\t\t\t<\/div>\n\t\t\t\t<\/div>\n\t\t\t\t\t<\/div>\n\t\t<\/div>\n\t\t\t\t\t<\/div>\n\t\t<\/section>\n\t\t\t\t<section class=\"elementor-section elementor-inner-section elementor-element elementor-element-3bbdf18 elementor-section-boxed elementor-section-height-default elementor-section-height-default\" data-id=\"3bbdf18\" data-element_type=\"section\">\n\t\t\t\t\t\t<div class=\"elementor-container elementor-column-gap-default\">\n\t\t\t\t\t<div class=\"elementor-column elementor-col-100 elementor-inner-column elementor-element elementor-element-18ec811\" data-id=\"18ec811\" data-element_type=\"column\">\n\t\t\t<div class=\"elementor-widget-wrap elementor-element-populated\">\n\t\t\t\t\t\t<div class=\"elementor-element elementor-element-ce9fff3 elementor-widget elementor-widget-image\" data-id=\"ce9fff3\" data-element_type=\"widget\" data-widget_type=\"image.default\">\n\t\t\t\t<div class=\"elementor-widget-container\">\n\t\t\t\t\t\t\t\t\t\t\t\t\t\t\t<img fetchpriority=\"high\" decoding=\"async\" width=\"800\" height=\"600\" src=\"https:\/\/richeskarayib.com\/wp-content\/uploads\/2025\/06\/07-dominica-climate-resilience_4x3-1024x768.avif\" class=\"attachment-large size-large wp-image-54388\" alt=\"R\u00e9silience climatique\" srcset=\"https:\/\/richeskarayib.com\/wp-content\/uploads\/2025\/06\/07-dominica-climate-resilience_4x3-1024x768.avif 1024w, https:\/\/richeskarayib.com\/wp-content\/uploads\/2025\/06\/07-dominica-climate-resilience_4x3-300x225.avif 300w, https:\/\/richeskarayib.com\/wp-content\/uploads\/2025\/06\/07-dominica-climate-resilience_4x3-768x576.avif 768w, https:\/\/richeskarayib.com\/wp-content\/uploads\/2025\/06\/07-dominica-climate-resilience_4x3-1536x1153.avif 1536w, https:\/\/richeskarayib.com\/wp-content\/uploads\/2025\/06\/07-dominica-climate-resilience_4x3-2048x1537.avif 2048w, https:\/\/richeskarayib.com\/wp-content\/uploads\/2025\/06\/07-dominica-climate-resilience_4x3-1320x990.avif 1320w\" sizes=\"(max-width: 800px) 100vw, 800px\" \/>\t\t\t\t\t\t\t\t\t\t\t\t\t\t\t<\/div>\n\t\t\t\t<\/div>\n\t\t\t\t\t<\/div>\n\t\t<\/div>\n\t\t\t\t\t<\/div>\n\t\t<\/section>\n\t\t\t\t\t<\/div>\n\t\t<\/div>\n\t\t\t\t\t<\/div>\n\t\t<\/section>\n\t\t\t\t<section class=\"elementor-section elementor-top-section elementor-element elementor-element-34e72cf elementor-section-boxed elementor-section-height-default elementor-section-height-default\" data-id=\"34e72cf\" data-element_type=\"section\">\n\t\t\t\t\t\t<div class=\"elementor-container elementor-column-gap-default\">\n\t\t\t\t\t<div class=\"elementor-column elementor-col-100 elementor-top-column elementor-element elementor-element-6d7868a\" data-id=\"6d7868a\" data-element_type=\"column\">\n\t\t\t<div class=\"elementor-widget-wrap elementor-element-populated\">\n\t\t\t\t\t\t<div class=\"elementor-element elementor-element-4428903 elementor-widget elementor-widget-heading\" data-id=\"4428903\" data-element_type=\"widget\" data-widget_type=\"heading.default\">\n\t\t\t\t<div class=\"elementor-widget-container\">\n\t\t\t\t\t<h2 class=\"elementor-heading-title elementor-size-default\">93% - Excepcional cubierta forestal en Surinam<\/h2>\t\t\t\t<\/div>\n\t\t\t\t<\/div>\n\t\t\t\t<div class=\"elementor-element elementor-element-25340a1 elementor-widget elementor-widget-text-editor\" data-id=\"25340a1\" data-element_type=\"widget\" data-widget_type=\"text-editor.default\">\n\t\t\t\t<div class=\"elementor-widget-container\">\n\t\t\t\t\t\t\t\t\t<p><span style=\"font-weight: 400;\">Con <\/span><b>el 93% de su territorio cubierto de bosques<\/b><span style=\"font-weight: 400;\">es <\/span><b>Surinam<\/b><span style=\"font-weight: 400;\">  es uno de los pa\u00edses m\u00e1s boscosos del planeta. Esta impresionante cifra, confirmada por el Programa de las Naciones Unidas para el Medio Ambiente (PNUMA), sit\u00faa a este peque\u00f1o estado sudamericano -cultural e hist\u00f3ricamente caribe\u00f1o- en el centro de las cuestiones clim\u00e1ticas mundiales. <\/span><\/p><p><span style=\"font-weight: 400;\">Su denso bosque act\u00faa como <\/span><b>sumidero de carbono<\/b><span style=\"font-weight: 400;\">  esencial para regular el clima regional. Por tanto, preservar este recurso es vital, tanto para Surinam como para toda la regi\u00f3n del Caribe. Tambi\u00e9n es un pilar central de la    <\/span><b>resiliencia clim\u00e1tica del Caribe<\/b><span style=\"font-weight: 400;\"> en su conjunto.<\/span><\/p>\t\t\t\t\t\t\t\t<\/div>\n\t\t\t\t<\/div>\n\t\t\t\t<section class=\"elementor-section elementor-inner-section elementor-element elementor-element-58d0e9d elementor-section-boxed elementor-section-height-default elementor-section-height-default\" data-id=\"58d0e9d\" data-element_type=\"section\">\n\t\t\t\t\t\t<div class=\"elementor-container elementor-column-gap-default\">\n\t\t\t\t\t<div class=\"elementor-column elementor-col-100 elementor-inner-column elementor-element elementor-element-5fcacec\" data-id=\"5fcacec\" data-element_type=\"column\">\n\t\t\t<div class=\"elementor-widget-wrap elementor-element-populated\">\n\t\t\t\t\t\t<div class=\"elementor-element elementor-element-22a11f2 elementor-widget elementor-widget-image\" data-id=\"22a11f2\" data-element_type=\"widget\" data-widget_type=\"image.default\">\n\t\t\t\t<div class=\"elementor-widget-container\">\n\t\t\t\t\t\t\t\t\t\t\t\t\t\t\t<img decoding=\"async\" width=\"800\" height=\"534\" src=\"https:\/\/richeskarayib.com\/wp-content\/uploads\/2025\/06\/GettyImages-83149898-4cedc890401a45b797473a910a0df677-1024x683.jpg\" class=\"attachment-large size-large wp-image-54384\" alt=\"R\u00e9silience climatique\" srcset=\"https:\/\/richeskarayib.com\/wp-content\/uploads\/2025\/06\/GettyImages-83149898-4cedc890401a45b797473a910a0df677-1024x683.jpg 1024w, https:\/\/richeskarayib.com\/wp-content\/uploads\/2025\/06\/GettyImages-83149898-4cedc890401a45b797473a910a0df677-300x200.jpg 300w, https:\/\/richeskarayib.com\/wp-content\/uploads\/2025\/06\/GettyImages-83149898-4cedc890401a45b797473a910a0df677-768x512.jpg 768w, https:\/\/richeskarayib.com\/wp-content\/uploads\/2025\/06\/GettyImages-83149898-4cedc890401a45b797473a910a0df677-1536x1024.jpg 1536w, https:\/\/richeskarayib.com\/wp-content\/uploads\/2025\/06\/GettyImages-83149898-4cedc890401a45b797473a910a0df677-2048x1365.jpg 2048w, https:\/\/richeskarayib.com\/wp-content\/uploads\/2025\/06\/GettyImages-83149898-4cedc890401a45b797473a910a0df677-1320x880.jpg 1320w\" sizes=\"(max-width: 800px) 100vw, 800px\" \/>\t\t\t\t\t\t\t\t\t\t\t\t\t\t\t<\/div>\n\t\t\t\t<\/div>\n\t\t\t\t\t<\/div>\n\t\t<\/div>\n\t\t\t\t\t<\/div>\n\t\t<\/section>\n\t\t\t\t\t<\/div>\n\t\t<\/div>\n\t\t\t\t\t<\/div>\n\t\t<\/section>\n\t\t\t\t<section class=\"elementor-section elementor-top-section elementor-element elementor-element-6ee5f12 elementor-section-boxed elementor-section-height-default elementor-section-height-default\" data-id=\"6ee5f12\" data-element_type=\"section\">\n\t\t\t\t\t\t<div class=\"elementor-container elementor-column-gap-default\">\n\t\t\t\t\t<div class=\"elementor-column elementor-col-100 elementor-top-column elementor-element elementor-element-a641372\" data-id=\"a641372\" data-element_type=\"column\">\n\t\t\t<div class=\"elementor-widget-wrap elementor-element-populated\">\n\t\t\t\t\t\t<div class=\"elementor-element elementor-element-f68a3e7 elementor-widget elementor-widget-heading\" data-id=\"f68a3e7\" data-element_type=\"widget\" data-widget_type=\"heading.default\">\n\t\t\t\t<div class=\"elementor-widget-container\">\n\t\t\t\t\t<h2 class=\"elementor-heading-title elementor-size-default\">0,58 kg\/d\u00eda - La realidad de los residuos en Hait\u00ed<\/h2>\t\t\t\t<\/div>\n\t\t\t\t<\/div>\n\t\t\t\t<div class=\"elementor-element elementor-element-bb7745d elementor-widget elementor-widget-text-editor\" data-id=\"bb7745d\" data-element_type=\"widget\" data-widget_type=\"text-editor.default\">\n\t\t\t\t<div class=\"elementor-widget-container\">\n\t\t\t\t\t\t\t\t\t<p><span style=\"font-weight: 400;\">Cada haitiano produce de media <\/span><b>0,58 kg de residuos al d\u00eda<\/b><span style=\"font-weight: 400;\">o m\u00e1s de <\/span><b>212 kg al a\u00f1o<\/b><span style=\"font-weight: 400;\">. Esto puede no parecer mucho, pero el problema radica en la tasa de recaudaci\u00f3n, que ha alcanzado un techo del  <\/span><b>s\u00f3lo el 12<\/b><span style=\"font-weight: 400;\">seg\u00fan el Banco Mundial.<\/span><\/p><p><span style=\"font-weight: 400;\">Como consecuencia, gran parte de estos residuos, a menudo pl\u00e1sticos, acaban en las calles, en los r\u00edos o en la costa. Esta situaci\u00f3n debilita los ecosistemas, aumenta los riesgos para la salud y pone de manifiesto la necesidad urgente de actuar.   <\/span><b>gesti\u00f3n sostenible de los residuos urbanos<\/b><span style=\"font-weight: 400;\">sobre todo en zonas de alta densidad. <\/span><b>Estas cuestiones est\u00e1n estrechamente relacionadas con los retos de la resiliencia clim\u00e1tica en el Caribe, especialmente en un contexto urbano.<\/b><\/p>\t\t\t\t\t\t\t\t<\/div>\n\t\t\t\t<\/div>\n\t\t\t\t<section class=\"elementor-section elementor-inner-section elementor-element elementor-element-b0b1a37 elementor-section-boxed elementor-section-height-default elementor-section-height-default\" data-id=\"b0b1a37\" data-element_type=\"section\">\n\t\t\t\t\t\t<div class=\"elementor-container elementor-column-gap-default\">\n\t\t\t\t\t<div class=\"elementor-column elementor-col-100 elementor-inner-column elementor-element elementor-element-701563f\" data-id=\"701563f\" data-element_type=\"column\">\n\t\t\t<div class=\"elementor-widget-wrap elementor-element-populated\">\n\t\t\t\t\t\t<div class=\"elementor-element elementor-element-3c3fed4 elementor-widget elementor-widget-image\" data-id=\"3c3fed4\" data-element_type=\"widget\" data-widget_type=\"image.default\">\n\t\t\t\t<div class=\"elementor-widget-container\">\n\t\t\t\t\t\t\t\t\t\t\t\t\t\t\t<img decoding=\"async\" width=\"800\" height=\"534\" src=\"https:\/\/richeskarayib.com\/wp-content\/uploads\/2025\/06\/c84567b6-e200-4502-846d-1e057fd706dd-1024x683.png\" class=\"attachment-large size-large wp-image-54392\" alt=\"R\u00e9silience climatique\" srcset=\"https:\/\/richeskarayib.com\/wp-content\/uploads\/2025\/06\/c84567b6-e200-4502-846d-1e057fd706dd-1024x683.png 1024w, https:\/\/richeskarayib.com\/wp-content\/uploads\/2025\/06\/c84567b6-e200-4502-846d-1e057fd706dd-300x200.png 300w, https:\/\/richeskarayib.com\/wp-content\/uploads\/2025\/06\/c84567b6-e200-4502-846d-1e057fd706dd-768x512.png 768w, https:\/\/richeskarayib.com\/wp-content\/uploads\/2025\/06\/c84567b6-e200-4502-846d-1e057fd706dd-1320x880.png 1320w, https:\/\/richeskarayib.com\/wp-content\/uploads\/2025\/06\/c84567b6-e200-4502-846d-1e057fd706dd.png 1536w\" sizes=\"(max-width: 800px) 100vw, 800px\" \/>\t\t\t\t\t\t\t\t\t\t\t\t\t\t\t<\/div>\n\t\t\t\t<\/div>\n\t\t\t\t\t<\/div>\n\t\t<\/div>\n\t\t\t\t\t<\/div>\n\t\t<\/section>\n\t\t\t\t\t<\/div>\n\t\t<\/div>\n\t\t\t\t\t<\/div>\n\t\t<\/section>\n\t\t\t\t<section class=\"elementor-section elementor-top-section elementor-element elementor-element-3756bbb elementor-section-boxed elementor-section-height-default elementor-section-height-default\" data-id=\"3756bbb\" data-element_type=\"section\">\n\t\t\t\t\t\t<div class=\"elementor-container elementor-column-gap-default\">\n\t\t\t\t\t<div class=\"elementor-column elementor-col-100 elementor-top-column elementor-element elementor-element-df79712\" data-id=\"df79712\" data-element_type=\"column\">\n\t\t\t<div class=\"elementor-widget-wrap elementor-element-populated\">\n\t\t\t\t\t\t<div class=\"elementor-element elementor-element-782f801 elementor-widget elementor-widget-heading\" data-id=\"782f801\" data-element_type=\"widget\" data-widget_type=\"heading.default\">\n\t\t\t\t<div class=\"elementor-widget-container\">\n\t\t\t\t\t<h2 class=\"elementor-heading-title elementor-size-default\">M\u00e1s de 10.000 corales replantados en las Bahamas<\/h2>\t\t\t\t<\/div>\n\t\t\t\t<\/div>\n\t\t\t\t<div class=\"elementor-element elementor-element-8492aa2 elementor-widget elementor-widget-text-editor\" data-id=\"8492aa2\" data-element_type=\"widget\" data-widget_type=\"text-editor.default\">\n\t\t\t\t<div class=\"elementor-widget-container\">\n\t\t\t\t\t\t\t\t\t<p><span style=\"font-weight: 400;\">Ante la r\u00e1pida degradaci\u00f3n de los arrecifes de coral, el <\/span><b>Fondo Nacional de Bahamas<\/b><span style=\"font-weight: 400;\"> lanz\u00f3 el programa <\/span><b>Rescate de Arrecifes<\/b><span style=\"font-weight: 400;\">que ha hecho posible <\/span><b>m\u00e1s de 10.000 arrecifes de coral en las aguas<\/b><span style=\"font-weight: 400;\"> aguas del archipi\u00e9lago desde 2019.<\/span><\/p><p><span style=\"font-weight: 400;\">Los arrecifes desempe\u00f1an un papel crucial en la protecci\u00f3n del litoral, la biodiversidad marina y la econom\u00eda tur\u00edstica. Este programa es uno de los m\u00e1s din\u00e1micos del Caribe, y moviliza a cient\u00edficos, buceadores voluntarios y comunidades locales para restaurar estas barreras naturales debilitadas por el calentamiento global y la acidificaci\u00f3n de los oc\u00e9anos.   <\/span><b>Se trata de una palanca concreta para la resiliencia clim\u00e1tica en el Caribe a escala ecol\u00f3gica.<\/b><\/p>\t\t\t\t\t\t\t\t<\/div>\n\t\t\t\t<\/div>\n\t\t\t\t<section class=\"elementor-section elementor-inner-section elementor-element elementor-element-b8bb87e elementor-section-boxed elementor-section-height-default elementor-section-height-default\" data-id=\"b8bb87e\" data-element_type=\"section\">\n\t\t\t\t\t\t<div class=\"elementor-container elementor-column-gap-default\">\n\t\t\t\t\t<div class=\"elementor-column elementor-col-100 elementor-inner-column elementor-element elementor-element-77fede3\" data-id=\"77fede3\" data-element_type=\"column\">\n\t\t\t<div class=\"elementor-widget-wrap elementor-element-populated\">\n\t\t\t\t\t\t<div class=\"elementor-element elementor-element-169525b elementor-widget elementor-widget-image\" data-id=\"169525b\" data-element_type=\"widget\" data-widget_type=\"image.default\">\n\t\t\t\t<div class=\"elementor-widget-container\">\n\t\t\t\t\t\t\t\t\t\t\t\t\t\t\t<img loading=\"lazy\" decoding=\"async\" width=\"626\" height=\"626\" src=\"https:\/\/richeskarayib.com\/wp-content\/uploads\/2025\/06\/coral-reef-restoration-project-with-divers-planting-corals_1314467-142680.avif\" class=\"attachment-large size-large wp-image-54396\" alt=\"R\u00e9silience climatique\" srcset=\"https:\/\/richeskarayib.com\/wp-content\/uploads\/2025\/06\/coral-reef-restoration-project-with-divers-planting-corals_1314467-142680.avif 626w, https:\/\/richeskarayib.com\/wp-content\/uploads\/2025\/06\/coral-reef-restoration-project-with-divers-planting-corals_1314467-142680-300x300.avif 300w, https:\/\/richeskarayib.com\/wp-content\/uploads\/2025\/06\/coral-reef-restoration-project-with-divers-planting-corals_1314467-142680-150x150.avif 150w\" sizes=\"(max-width: 626px) 100vw, 626px\" \/>\t\t\t\t\t\t\t\t\t\t\t\t\t\t\t<\/div>\n\t\t\t\t<\/div>\n\t\t\t\t\t<\/div>\n\t\t<\/div>\n\t\t\t\t\t<\/div>\n\t\t<\/section>\n\t\t\t\t\t<\/div>\n\t\t<\/div>\n\t\t\t\t\t<\/div>\n\t\t<\/section>\n\t\t\t\t<section class=\"elementor-section elementor-top-section elementor-element elementor-element-5b928cf elementor-section-boxed elementor-section-height-default elementor-section-height-default\" data-id=\"5b928cf\" data-element_type=\"section\">\n\t\t\t\t\t\t<div class=\"elementor-container elementor-column-gap-default\">\n\t\t\t\t\t<div class=\"elementor-column elementor-col-100 elementor-top-column elementor-element elementor-element-587c274\" data-id=\"587c274\" data-element_type=\"column\">\n\t\t\t<div class=\"elementor-widget-wrap elementor-element-populated\">\n\t\t\t\t\t\t<div class=\"elementor-element elementor-element-2047da4 elementor-widget elementor-widget-heading\" data-id=\"2047da4\" data-element_type=\"widget\" data-widget_type=\"heading.default\">\n\t\t\t\t<div class=\"elementor-widget-container\">\n\t\t\t\t\t<h2 class=\"elementor-heading-title elementor-size-default\">-38% - P\u00e9rdidas alarmantes de peces en la regi\u00f3n\n<\/h2>\t\t\t\t<\/div>\n\t\t\t\t<\/div>\n\t\t\t\t<div class=\"elementor-element elementor-element-994871c elementor-widget elementor-widget-text-editor\" data-id=\"994871c\" data-element_type=\"widget\" data-widget_type=\"text-editor.default\">\n\t\t\t\t<div class=\"elementor-widget-container\">\n\t\t\t\t\t\t\t\t\t<p><span style=\"font-weight: 400;\">Entre 1984 y 2017, el <\/span><b>Atl\u00e1ntico Centro-Occidental<\/b><span style=\"font-weight: 400;\">que incluye las Antillas Menores, se registr\u00f3 un <\/span><b>descenso del 38% en las capturas pesqueras<\/b><span style=\"font-weight: 400;\">seg\u00fan la FAO y la COPACO.<\/span><\/p><p><span style=\"font-weight: 400;\">Esta dram\u00e1tica ca\u00edda es el resultado combinado de <\/span><b>la sobrepesca<\/b><span style=\"font-weight: 400;\">sobrepesca <\/span><b>la contaminaci\u00f3n marina<\/b><span style=\"font-weight: 400;\"> y <\/span><b>aguas m\u00e1s c\u00e1lidas<\/b><span style=\"font-weight: 400;\">. Supone una amenaza directa para  <\/span><b>seguridad alimentaria<\/b><span style=\"font-weight: 400;\">Por tanto, la resiliencia clim\u00e1tica del Caribe tambi\u00e9n depende de la gesti\u00f3n sostenible de los recursos marinos. <\/span><b>Por tanto, la resiliencia clim\u00e1tica del Caribe tambi\u00e9n requiere una gesti\u00f3n sostenible de los recursos marinos.<\/b><\/p>\t\t\t\t\t\t\t\t<\/div>\n\t\t\t\t<\/div>\n\t\t\t\t<div class=\"elementor-element elementor-element-1ca767e elementor-widget elementor-widget-image\" data-id=\"1ca767e\" data-element_type=\"widget\" data-widget_type=\"image.default\">\n\t\t\t\t<div class=\"elementor-widget-container\">\n\t\t\t\t\t\t\t\t\t\t\t\t\t\t\t<img loading=\"lazy\" decoding=\"async\" width=\"800\" height=\"450\" src=\"https:\/\/richeskarayib.com\/wp-content\/uploads\/2025\/06\/effects-climate-change-overfishing-fish-supply-world-1024x576.webp\" class=\"attachment-large size-large wp-image-54404\" alt=\"R\u00e9silience climatique\" srcset=\"https:\/\/richeskarayib.com\/wp-content\/uploads\/2025\/06\/effects-climate-change-overfishing-fish-supply-world-1024x576.webp 1024w, https:\/\/richeskarayib.com\/wp-content\/uploads\/2025\/06\/effects-climate-change-overfishing-fish-supply-world-300x169.webp 300w, https:\/\/richeskarayib.com\/wp-content\/uploads\/2025\/06\/effects-climate-change-overfishing-fish-supply-world-768x432.webp 768w, https:\/\/richeskarayib.com\/wp-content\/uploads\/2025\/06\/effects-climate-change-overfishing-fish-supply-world-1536x864.webp 1536w, https:\/\/richeskarayib.com\/wp-content\/uploads\/2025\/06\/effects-climate-change-overfishing-fish-supply-world-1320x743.webp 1320w, https:\/\/richeskarayib.com\/wp-content\/uploads\/2025\/06\/effects-climate-change-overfishing-fish-supply-world.webp 1920w\" sizes=\"(max-width: 800px) 100vw, 800px\" \/>\t\t\t\t\t\t\t\t\t\t\t\t\t\t\t<\/div>\n\t\t\t\t<\/div>\n\t\t\t\t\t<\/div>\n\t\t<\/div>\n\t\t\t\t\t<\/div>\n\t\t<\/section>\n\t\t\t\t<section class=\"elementor-section elementor-top-section elementor-element elementor-element-81f3b33 elementor-section-boxed elementor-section-height-default elementor-section-height-default\" data-id=\"81f3b33\" data-element_type=\"section\">\n\t\t\t\t\t\t<div class=\"elementor-container elementor-column-gap-default\">\n\t\t\t\t\t<div class=\"elementor-column elementor-col-100 elementor-top-column elementor-element elementor-element-f2b076f\" data-id=\"f2b076f\" data-element_type=\"column\">\n\t\t\t<div class=\"elementor-widget-wrap elementor-element-populated\">\n\t\t\t\t\t\t<div class=\"elementor-element elementor-element-68ae5c3 elementor-widget elementor-widget-heading\" data-id=\"68ae5c3\" data-element_type=\"widget\" data-widget_type=\"heading.default\">\n\t\t\t\t<div class=\"elementor-widget-container\">\n\t\t\t\t\t<h2 class=\"elementor-heading-title elementor-size-default\">Un Caribe de riquezas naturales y vulnerabilidades expuestas\n<\/h2>\t\t\t\t<\/div>\n\t\t\t\t<\/div>\n\t\t\t\t<div class=\"elementor-element elementor-element-0fd71b2 elementor-widget elementor-widget-text-editor\" data-id=\"0fd71b2\" data-element_type=\"widget\" data-widget_type=\"text-editor.default\">\n\t\t\t\t<div class=\"elementor-widget-container\">\n\t\t\t\t\t\t\t\t\t<p><span style=\"font-weight: 400;\">Estas cifras muestran que el <\/span><b>Caribe que es a la vez vulnerable y combativo<\/b><span style=\"font-weight: 400;\">. Los retos medioambientales son muchos: el calentamiento global, la sobreexplotaci\u00f3n de los recursos, la contaminaci\u00f3n costera. Pero las respuestas est\u00e1n ah\u00ed: hunden sus ra\u00edces en los bosques de la Guayana Francesa, las audaces pol\u00edticas de Dominica, los arrecifes de coral restaurados de las Bahamas y los esfuerzos diarios por reducir los residuos en Hait\u00ed. <\/span><\/p><p><span style=\"font-weight: 400;\">La sostenibilidad en el Caribe no puede reducirse a esl\u00f3ganes: debe medirse, analizarse y debatirse. Estas cifras, a veces preocupantes, son tambi\u00e9n   <\/span><b>puntos de acci\u00f3n<\/b><span style=\"font-weight: 400;\">. Demuestran que  <\/span><b>La resiliencia clim\u00e1tica del Caribe<\/b><span style=\"font-weight: 400;\"> se basa en las realidades locales, los conocimientos pr\u00e1cticos de las comunidades y las pol\u00edticas visionarias.<\/span><\/p>\t\t\t\t\t\t\t\t<\/div>\n\t\t\t\t<\/div>\n\t\t\t\t\t<\/div>\n\t\t<\/div>\n\t\t\t\t\t<\/div>\n\t\t<\/section>\n\t\t\t\t<\/div>\n\t\t","protected":false},"excerpt":{"rendered":"<p>Resiliencia clim\u00e1tica: entre la urgencia y la acci\u00f3n El Caribe vive al ritmo de los huracanes, las sequ\u00edas, la erosi\u00f3n costera y la biodiversidad en peligro. Frente a estas amenazas, las islas est\u00e1n intensificando sus esfuerzos para construir un futuro m\u00e1s sostenible. resiliencia clim\u00e1tica local. Y aunque los retos son inmensos, las soluciones surgen a [&hellip;]<\/p>\n","protected":false},"author":662,"featured_media":54467,"comment_status":"open","ping_status":"open","sticky":false,"template":"","format":"standard","meta":{"_acf_changed":false,"footnotes":""},"categories":[839,1734],"tags":[1442,1593,1806,1717,1547,816,1481,1594,1705],"class_list":["post-54406","post","type-post","status-publish","format-standard","has-post-thumbnail","hentry","category-noticias","category-turismo","tag-anguilla-es","tag-barbade-es","tag-brasil","tag-dominique-es","tag-guadalupe","tag-martinique-es","tag-republica-dominicana","tag-sainte-lucie-es","tag-trinidad-y-tobago-es-2"],"acf":[],"_links":{"self":[{"href":"https:\/\/richeskarayib.com\/es\/wp-json\/wp\/v2\/posts\/54406","targetHints":{"allow":["GET"]}}],"collection":[{"href":"https:\/\/richeskarayib.com\/es\/wp-json\/wp\/v2\/posts"}],"about":[{"href":"https:\/\/richeskarayib.com\/es\/wp-json\/wp\/v2\/types\/post"}],"author":[{"embeddable":true,"href":"https:\/\/richeskarayib.com\/es\/wp-json\/wp\/v2\/users\/662"}],"replies":[{"embeddable":true,"href":"https:\/\/richeskarayib.com\/es\/wp-json\/wp\/v2\/comments?post=54406"}],"version-history":[{"count":0,"href":"https:\/\/richeskarayib.com\/es\/wp-json\/wp\/v2\/posts\/54406\/revisions"}],"wp:featuredmedia":[{"embeddable":true,"href":"https:\/\/richeskarayib.com\/es\/wp-json\/wp\/v2\/media\/54467"}],"wp:attachment":[{"href":"https:\/\/richeskarayib.com\/es\/wp-json\/wp\/v2\/media?parent=54406"}],"wp:term":[{"taxonomy":"category","embeddable":true,"href":"https:\/\/richeskarayib.com\/es\/wp-json\/wp\/v2\/categories?post=54406"},{"taxonomy":"post_tag","embeddable":true,"href":"https:\/\/richeskarayib.com\/es\/wp-json\/wp\/v2\/tags?post=54406"}],"curies":[{"name":"wp","href":"https:\/\/api.w.org\/{rel}","templated":true}]}}