{"id":54701,"date":"2025-06-18T10:14:13","date_gmt":"2025-06-18T14:14:13","guid":{"rendered":"https:\/\/richeskarayib.com\/miss-universo-martinica-2025-una-palanca-para-transformar-la-region\/"},"modified":"2025-07-12T19:21:55","modified_gmt":"2025-07-12T23:21:55","slug":"miss-universo-martinica-2025-una-palanca-para-transformar-la-region","status":"publish","type":"post","link":"https:\/\/richeskarayib.com\/es\/miss-universo-martinica-2025-una-palanca-para-transformar-la-region\/","title":{"rendered":"Miss Universo Martinica 2025: una palanca para transformar la regi\u00f3n"},"content":{"rendered":"\t\t<div data-elementor-type=\"wp-post\" data-elementor-id=\"54701\" class=\"elementor elementor-54701 elementor-54639\" data-elementor-post-type=\"post\">\n\t\t\t\t\t\t<section class=\"elementor-section elementor-top-section elementor-element elementor-element-d24c489 elementor-section-boxed elementor-section-height-default elementor-section-height-default\" data-id=\"d24c489\" data-element_type=\"section\">\n\t\t\t\t\t\t<div class=\"elementor-container elementor-column-gap-default\">\n\t\t\t\t\t<div class=\"elementor-column elementor-col-100 elementor-top-column elementor-element elementor-element-35e3e69\" data-id=\"35e3e69\" data-element_type=\"column\">\n\t\t\t<div class=\"elementor-widget-wrap elementor-element-populated\">\n\t\t\t\t\t\t<div class=\"elementor-element elementor-element-ae5e3a5 elementor-widget elementor-widget-text-editor\" data-id=\"ae5e3a5\" data-element_type=\"widget\" data-widget_type=\"text-editor.default\">\n\t\t\t\t<div class=\"elementor-widget-container\">\n\t\t\t\t\t\t\t\t\t<p><span style=\"font-weight: 400;\">\u00bfY si un concurso de belleza pudiera convertirse en un acelerador para el futuro de toda una regi\u00f3n? \u00c9se es el reto al que se enfrenta   <\/span><a href=\"https:\/\/antilla-martinique.com\/miss-universe-martinique-bien-plus-quun-concours-un-projet-de-fierte-davenir-et-demancipation\/\" target=\"_blank\" rel=\"noopener nofollow\"><b>Miss Universo Martinica 2025<\/b><\/a><span style=\"font-weight: 400;\">Muy lejos de los t\u00f3picos habituales. Al acoger Miss Universo 2024 del 17 al 24 de junio, <a href=\"https:\/\/richeskarayib.com\/es\/martinica-rendez-vous-aux-jardins-2025-una-velada-de-arte-vinculos-y-memoria-viva\/\" target=\"_blank\" rel=\"noopener\">Martinica<\/a> no pretende simplemente brillar en la escena internacional: afirma una visi\u00f3n fuerte, que combina formaci\u00f3n, integraci\u00f3n profesional, diplomacia cultural y desarrollo econ\u00f3mico. <\/span><\/p>\n<p><span style=\"font-weight: 400;\">Detr\u00e1s de los focos, est\u00e1 tomando forma toda una estrategia, estructurada y dise\u00f1ada para transformar la imagen, el papel y las oportunidades que se ofrecen a las mujeres j\u00f3venes de Martinica.<\/span><\/p>\t\t\t\t\t\t\t\t<\/div>\n\t\t\t\t<\/div>\n\t\t\t\t\t<\/div>\n\t\t<\/div>\n\t\t\t\t\t<\/div>\n\t\t<\/section>\n\t\t\t\t<section class=\"elementor-section elementor-top-section elementor-element elementor-element-e8d332b elementor-section-boxed elementor-section-height-default elementor-section-height-default\" data-id=\"e8d332b\" data-element_type=\"section\">\n\t\t\t\t\t\t<div class=\"elementor-container elementor-column-gap-default\">\n\t\t\t\t\t<div class=\"elementor-column elementor-col-100 elementor-top-column elementor-element elementor-element-1c4c1b1\" data-id=\"1c4c1b1\" data-element_type=\"column\">\n\t\t\t<div class=\"elementor-widget-wrap elementor-element-populated\">\n\t\t\t\t\t\t<div class=\"elementor-element elementor-element-ff67a61 elementor-widget elementor-widget-heading\" data-id=\"ff67a61\" data-element_type=\"widget\" data-widget_type=\"heading.default\">\n\t\t\t\t<div class=\"elementor-widget-container\">\n\t\t\t\t\t<h2 class=\"elementor-heading-title elementor-size-default\">Una visita que implica a toda una isla<\/h2>\t\t\t\t<\/div>\n\t\t\t\t<\/div>\n\t\t\t\t<section class=\"elementor-section elementor-inner-section elementor-element elementor-element-3bb4cca elementor-section-boxed elementor-section-height-default elementor-section-height-default\" data-id=\"3bb4cca\" data-element_type=\"section\">\n\t\t\t\t\t\t<div class=\"elementor-container elementor-column-gap-default\">\n\t\t\t\t\t<div class=\"elementor-column elementor-col-100 elementor-inner-column elementor-element elementor-element-1eba920\" data-id=\"1eba920\" data-element_type=\"column\">\n\t\t\t<div class=\"elementor-widget-wrap elementor-element-populated\">\n\t\t\t\t\t\t<div class=\"elementor-element elementor-element-716acf2 elementor-widget elementor-widget-text-editor\" data-id=\"716acf2\" data-element_type=\"widget\" data-widget_type=\"text-editor.default\">\n\t\t\t\t<div class=\"elementor-widget-container\">\n\t\t\t\t\t\t\t\t\t<p><span style=\"font-weight: 400;\">Del 17 al 24 de junio de 2025, <a href=\"https:\/\/fr.euronews.com\/culture\/2024\/11\/18\/en-images-victoria-kjaer-theilvig-du-danemark-remporte-miss-univers-2024\" target=\"_blank\" rel=\"noopener nofollow\">Victoria Kj\u00e6r Theilvig<\/a>, Miss Universo 2024, realizar\u00e1 una visita oficial a Martinica en el marco del \u201cMartinique Prestige Tour\u201d. Junto a ella, miembros de la organizaci\u00f3n de Miss Universo visitar\u00e1n la regi\u00f3n. Este acontecimiento hist\u00f3rico para la isla se produce en un momento en que la    <\/span><a href=\"https:\/\/rci.fm\/martinique\/infos\/Culture\/Steeven-Jean-Yves-Zamor-nouveau-detenteur-de-la-Licence-Miss-Universe-Martinique\" target=\"_blank\" rel=\"noopener nofollow\"><b>Miss Universo Martinica 2025<\/b><\/a><span style=\"font-weight: 400;\"> acaba de ser reconocida oficialmente.<\/span><\/p>\n<p><span style=\"font-weight: 400;\">Este paso sella el reconocimiento internacional y posiciona a Martinica en el calendario mundial de la competici\u00f3n. Sobre todo, marca un fuerte compromiso con un proyecto educativo y territorial dise\u00f1ado para hacer de la competici\u00f3n una herramienta de cambio social. <\/span><\/p>\t\t\t\t\t\t\t\t<\/div>\n\t\t\t\t<\/div>\n\t\t\t\t<section class=\"elementor-section elementor-inner-section elementor-element elementor-element-8d3372e elementor-section-boxed elementor-section-height-default elementor-section-height-default\" data-id=\"8d3372e\" data-element_type=\"section\">\n\t\t\t\t\t\t<div class=\"elementor-container elementor-column-gap-default\">\n\t\t\t\t\t<div class=\"elementor-column elementor-col-50 elementor-inner-column elementor-element elementor-element-a95826c\" data-id=\"a95826c\" data-element_type=\"column\">\n\t\t\t<div class=\"elementor-widget-wrap elementor-element-populated\">\n\t\t\t\t\t\t<div class=\"elementor-element elementor-element-fcd1c3b elementor-widget elementor-widget-image\" data-id=\"fcd1c3b\" data-element_type=\"widget\" data-widget_type=\"image.default\">\n\t\t\t\t<div class=\"elementor-widget-container\">\n\t\t\t\t\t\t\t\t\t\t\t\t<figure class=\"wp-caption\">\n\t\t\t\t\t\t\t\t\t\t<img fetchpriority=\"high\" decoding=\"async\" width=\"800\" height=\"420\" src=\"https:\/\/richeskarayib.com\/wp-content\/uploads\/2025\/06\/Victoria-Kjaer-Theilvig-2-1024x538.jpg\" class=\"attachment-large size-large wp-image-54647\" alt=\"Miss Universe Martinique 2025\" srcset=\"https:\/\/richeskarayib.com\/wp-content\/uploads\/2025\/06\/Victoria-Kjaer-Theilvig-2-1024x538.jpg 1024w, https:\/\/richeskarayib.com\/wp-content\/uploads\/2025\/06\/Victoria-Kjaer-Theilvig-2-300x158.jpg 300w, https:\/\/richeskarayib.com\/wp-content\/uploads\/2025\/06\/Victoria-Kjaer-Theilvig-2-768x403.jpg 768w, https:\/\/richeskarayib.com\/wp-content\/uploads\/2025\/06\/Victoria-Kjaer-Theilvig-2.jpg 1200w\" sizes=\"(max-width: 800px) 100vw, 800px\" \/>\t\t\t\t\t\t\t\t\t\t\t<figcaption class=\"widget-image-caption wp-caption-text\">Victoria Kj\u00e6r Theilvig<\/figcaption>\n\t\t\t\t\t\t\t\t\t\t<\/figure>\n\t\t\t\t\t\t\t\t\t<\/div>\n\t\t\t\t<\/div>\n\t\t\t\t\t<\/div>\n\t\t<\/div>\n\t\t\t\t<div class=\"elementor-column elementor-col-50 elementor-inner-column elementor-element elementor-element-241d5c2\" data-id=\"241d5c2\" data-element_type=\"column\">\n\t\t\t<div class=\"elementor-widget-wrap elementor-element-populated\">\n\t\t\t\t\t\t<div class=\"elementor-element elementor-element-e7f3918 elementor-widget elementor-widget-image\" data-id=\"e7f3918\" data-element_type=\"widget\" data-widget_type=\"image.default\">\n\t\t\t\t<div class=\"elementor-widget-container\">\n\t\t\t\t\t\t\t\t\t\t\t\t<figure class=\"wp-caption\">\n\t\t\t\t\t\t\t\t\t\t<img decoding=\"async\" width=\"750\" height=\"500\" src=\"https:\/\/richeskarayib.com\/wp-content\/uploads\/2025\/06\/Victoria-Kjaer-Theilvig.webp\" class=\"attachment-large size-large wp-image-54651\" alt=\"Miss Universe Martinique 2025\" srcset=\"https:\/\/richeskarayib.com\/wp-content\/uploads\/2025\/06\/Victoria-Kjaer-Theilvig.webp 750w, https:\/\/richeskarayib.com\/wp-content\/uploads\/2025\/06\/Victoria-Kjaer-Theilvig-300x200.webp 300w\" sizes=\"(max-width: 750px) 100vw, 750px\" \/>\t\t\t\t\t\t\t\t\t\t\t<figcaption class=\"widget-image-caption wp-caption-text\">Victoria Kj\u00e6r Theilvig<\/figcaption>\n\t\t\t\t\t\t\t\t\t\t<\/figure>\n\t\t\t\t\t\t\t\t\t<\/div>\n\t\t\t\t<\/div>\n\t\t\t\t\t<\/div>\n\t\t<\/div>\n\t\t\t\t\t<\/div>\n\t\t<\/section>\n\t\t\t\t\t<\/div>\n\t\t<\/div>\n\t\t\t\t\t<\/div>\n\t\t<\/section>\n\t\t\t\t\t<\/div>\n\t\t<\/div>\n\t\t\t\t\t<\/div>\n\t\t<\/section>\n\t\t\t\t<section class=\"elementor-section elementor-top-section elementor-element elementor-element-34e72cf elementor-section-boxed elementor-section-height-default elementor-section-height-default\" data-id=\"34e72cf\" data-element_type=\"section\">\n\t\t\t\t\t\t<div class=\"elementor-container elementor-column-gap-default\">\n\t\t\t\t\t<div class=\"elementor-column elementor-col-100 elementor-top-column elementor-element elementor-element-6d7868a\" data-id=\"6d7868a\" data-element_type=\"column\">\n\t\t\t<div class=\"elementor-widget-wrap elementor-element-populated\">\n\t\t\t\t\t\t<div class=\"elementor-element elementor-element-4428903 elementor-widget elementor-widget-heading\" data-id=\"4428903\" data-element_type=\"widget\" data-widget_type=\"heading.default\">\n\t\t\t\t<div class=\"elementor-widget-container\">\n\t\t\t\t\t<h2 class=\"elementor-heading-title elementor-size-default\">Un proyecto estructurante que va mucho m\u00e1s all\u00e1 de los podios<\/h2>\t\t\t\t<\/div>\n\t\t\t\t<\/div>\n\t\t\t\t<div class=\"elementor-element elementor-element-25340a1 elementor-widget elementor-widget-text-editor\" data-id=\"25340a1\" data-element_type=\"widget\" data-widget_type=\"text-editor.default\">\n\t\t\t\t<div class=\"elementor-widget-container\">\n\t\t\t\t\t\t\t\t\t<p><span style=\"font-weight: 400;\">Tras el aparente prestigio del concurso subyace una estrategia. El proyecto   <\/span><b>Miss Universo Martinica 2025<\/b><span style=\"font-weight: 400;\">dirigida por <\/span><b>Steeven Jean-Yves Zamor<\/b><span style=\"font-weight: 400;\">se basa en una ambici\u00f3n clara: dar a las mujeres de Martinica las herramientas para convertirse en embajadoras competentes, visibles e independientes.<\/span><\/p>\n<p><span style=\"font-weight: 400;\">Ex modelo y empresario cultural, Steeven Jean-Yves Zamor ha participado en varios proyectos art\u00edsticos y de integraci\u00f3n social, sobre todo con j\u00f3venes de los barrios locales. Ha recibido varios premios locales por su implicaci\u00f3n en la comunidad, incluido el Premio Juventud y Compromiso concedido por el CTM en 2022. Su enfoque combina los m\u00e1s altos niveles profesionales, la capacidad de escuchar las necesidades locales y una visi\u00f3n estrat\u00e9gica a largo plazo.  <\/span><\/p>\t\t\t\t\t\t\t\t<\/div>\n\t\t\t\t<\/div>\n\t\t\t\t<div class=\"elementor-element elementor-element-1568d5b elementor-widget elementor-widget-text-editor\" data-id=\"1568d5b\" data-element_type=\"widget\" data-widget_type=\"text-editor.default\">\n\t\t\t\t<div class=\"elementor-widget-container\">\n\t\t\t\t\t\t\t\t\t<p><span style=\"font-weight: 400;\">Este proyecto es un plan de apoyo, divulgaci\u00f3n y desarrollo. A trav\u00e9s de un ecosistema completo: formaci\u00f3n, entrenamiento, promoci\u00f3n de la imagen, iniciativa empresarial, etc.   <\/span><b>Miss Universo Martinica 2025<\/b><span style=\"font-weight: 400;\"> se est\u00e1 convirtiendo en una palanca estructuradora para las carreras sostenibles de las mujeres.<\/span><\/p>\t\t\t\t\t\t\t\t<\/div>\n\t\t\t\t<\/div>\n\t\t\t\t<div class=\"elementor-element elementor-element-3562eeb elementor-widget elementor-widget-image\" data-id=\"3562eeb\" data-element_type=\"widget\" data-widget_type=\"image.default\">\n\t\t\t\t<div class=\"elementor-widget-container\">\n\t\t\t\t\t\t\t\t\t\t\t\t<figure class=\"wp-caption\">\n\t\t\t\t\t\t\t\t\t\t<img decoding=\"async\" width=\"629\" height=\"1024\" src=\"https:\/\/richeskarayib.com\/wp-content\/uploads\/2025\/06\/NEW-VISON-MISS-UNIVERS-LOW_page-0014-629x1024.jpg\" class=\"attachment-large size-large wp-image-54667\" alt=\"Miss Universe Martinique 2025\" srcset=\"https:\/\/richeskarayib.com\/wp-content\/uploads\/2025\/06\/NEW-VISON-MISS-UNIVERS-LOW_page-0014-629x1024.jpg 629w, https:\/\/richeskarayib.com\/wp-content\/uploads\/2025\/06\/NEW-VISON-MISS-UNIVERS-LOW_page-0014-184x300.jpg 184w, https:\/\/richeskarayib.com\/wp-content\/uploads\/2025\/06\/NEW-VISON-MISS-UNIVERS-LOW_page-0014-768x1250.jpg 768w, https:\/\/richeskarayib.com\/wp-content\/uploads\/2025\/06\/NEW-VISON-MISS-UNIVERS-LOW_page-0014-943x1536.jpg 943w, https:\/\/richeskarayib.com\/wp-content\/uploads\/2025\/06\/NEW-VISON-MISS-UNIVERS-LOW_page-0014.jpg 1078w\" sizes=\"(max-width: 629px) 100vw, 629px\" \/>\t\t\t\t\t\t\t\t\t\t\t<figcaption class=\"widget-image-caption wp-caption-text\">Steeven Jean-Yves Zamor<\/figcaption>\n\t\t\t\t\t\t\t\t\t\t<\/figure>\n\t\t\t\t\t\t\t\t\t<\/div>\n\t\t\t\t<\/div>\n\t\t\t\t\t<\/div>\n\t\t<\/div>\n\t\t\t\t\t<\/div>\n\t\t<\/section>\n\t\t\t\t<section class=\"elementor-section elementor-top-section elementor-element elementor-element-6ee5f12 elementor-section-boxed elementor-section-height-default elementor-section-height-default\" data-id=\"6ee5f12\" data-element_type=\"section\">\n\t\t\t\t\t\t<div class=\"elementor-container elementor-column-gap-default\">\n\t\t\t\t\t<div class=\"elementor-column elementor-col-100 elementor-top-column elementor-element elementor-element-a641372\" data-id=\"a641372\" data-element_type=\"column\">\n\t\t\t<div class=\"elementor-widget-wrap elementor-element-populated\">\n\t\t\t\t\t\t<div class=\"elementor-element elementor-element-f68a3e7 elementor-widget elementor-widget-heading\" data-id=\"f68a3e7\" data-element_type=\"widget\" data-widget_type=\"heading.default\">\n\t\t\t\t<div class=\"elementor-widget-container\">\n\t\t\t\t\t<h2 class=\"elementor-heading-title elementor-size-default\">La Academia de Secundaria: una escuela de excelencia\n<\/h2>\t\t\t\t<\/div>\n\t\t\t\t<\/div>\n\t\t\t\t<div class=\"elementor-element elementor-element-bb7745d elementor-widget elementor-widget-text-editor\" data-id=\"bb7745d\" data-element_type=\"widget\" data-widget_type=\"text-editor.default\">\n\t\t\t\t<div class=\"elementor-widget-container\">\n\t\t\t\t\t\t\t\t\t<p><span style=\"font-weight: 400;\">En el coraz\u00f3n de <\/span><b>Miss Universo Martinica 2025<\/b><span style=\"font-weight: 400;\"> est\u00e1 la <\/span><b>Academia de Alta Escuela<\/b><span style=\"font-weight: 400;\">una estructura de formaci\u00f3n intensiva, certificadora y profesionalizadora.<\/span><\/p>\t\t\t\t\t\t\t\t<\/div>\n\t\t\t\t<\/div>\n\t\t\t\t<div class=\"elementor-element elementor-element-8423857 elementor-widget elementor-widget-text-editor\" data-id=\"8423857\" data-element_type=\"widget\" data-widget_type=\"text-editor.default\">\n\t\t\t\t<div class=\"elementor-widget-container\">\n\t\t\t\t\t\t\t\t\t<p><span style=\"font-weight: 400;\">Los candidatos siguen un exigente programa que incluye :<\/span><\/p>\n<ul>\n<li style=\"font-weight: 400;\" aria-level=\"1\"><span style=\"font-weight: 400;\">\u2605 T\u00e9cnicas para <\/span><b>pasarela<\/b><span style=\"font-weight: 400;\">porte de la cabeza, expresi\u00f3n corporal,<\/span><\/li>\n<li style=\"font-weight: 400;\" aria-level=\"1\"><span style=\"font-weight: 400;\">\u2605 Hablar en p\u00fablico, oratoria p\u00fablica, formaci\u00f3n en medios de comunicaci\u00f3n,<\/span><\/li>\n<li style=\"font-weight: 400;\" aria-level=\"1\"><span style=\"font-weight: 400;\">\u2605 Nociones de diplomacia y representaci\u00f3n oficial,<\/span><\/li>\n<li style=\"font-weight: 400;\" aria-level=\"1\"><span style=\"font-weight: 400;\">\u2605 Entrenamiento deportivo regular para la resistencia y la postura,<\/span><\/li>\n<li style=\"font-weight: 400;\" aria-level=\"1\"><span style=\"font-weight: 400;\">\u2605 Gesti\u00f3n de la imagen en TV y redes sociales,<\/span><\/li>\n<li style=\"font-weight: 400;\" aria-level=\"1\"><span style=\"font-weight: 400;\">\u2605 Ense\u00f1anza de idiomas (franc\u00e9s, ingl\u00e9s, espa\u00f1ol),<\/span><\/li>\n<li style=\"font-weight: 400;\" aria-level=\"1\"><span style=\"font-weight: 400;\">\u2605 Cursos de cultura general, geopol\u00edtica caribe\u00f1a y turismo,<\/span><\/li>\n<li style=\"font-weight: 400;\" aria-level=\"1\"><span style=\"font-weight: 400;\">\u2605 Coaching de desarrollo personal y preparaci\u00f3n mental.<\/span><\/li>\n<\/ul>\t\t\t\t\t\t\t\t<\/div>\n\t\t\t\t<\/div>\n\t\t\t\t<div class=\"elementor-element elementor-element-cb8db3d elementor-widget elementor-widget-text-editor\" data-id=\"cb8db3d\" data-element_type=\"widget\" data-widget_type=\"text-editor.default\">\n\t\t\t\t<div class=\"elementor-widget-container\">\n\t\t\t\t\t\t\t\t\t<p><span style=\"font-weight: 400;\">Cada m\u00f3dulo est\u00e1 dirigido por profesionales reconocidos en su campo. El objetivo es construir una postura profesional y sostenible, adaptada a las exigencias internacionales y, al mismo tiempo, valorizar las especificidades culturales locales. <\/span><\/p>\t\t\t\t\t\t\t\t<\/div>\n\t\t\t\t<\/div>\n\t\t\t\t\t<\/div>\n\t\t<\/div>\n\t\t\t\t\t<\/div>\n\t\t<\/section>\n\t\t\t\t<section class=\"elementor-section elementor-top-section elementor-element elementor-element-3756bbb elementor-section-boxed elementor-section-height-default elementor-section-height-default\" data-id=\"3756bbb\" data-element_type=\"section\">\n\t\t\t\t\t\t<div class=\"elementor-container elementor-column-gap-default\">\n\t\t\t\t\t<div class=\"elementor-column elementor-col-100 elementor-top-column elementor-element elementor-element-df79712\" data-id=\"df79712\" data-element_type=\"column\">\n\t\t\t<div class=\"elementor-widget-wrap elementor-element-populated\">\n\t\t\t\t\t\t<div class=\"elementor-element elementor-element-782f801 elementor-widget elementor-widget-heading\" data-id=\"782f801\" data-element_type=\"widget\" data-widget_type=\"heading.default\">\n\t\t\t\t<div class=\"elementor-widget-container\">\n\t\t\t\t\t<h2 class=\"elementor-heading-title elementor-size-default\">Herramientas pr\u00e1cticas para la integraci\u00f3n<\/h2>\t\t\t\t<\/div>\n\t\t\t\t<\/div>\n\t\t\t\t<div class=\"elementor-element elementor-element-8492aa2 elementor-widget elementor-widget-text-editor\" data-id=\"8492aa2\" data-element_type=\"widget\" data-widget_type=\"text-editor.default\">\n\t\t\t\t<div class=\"elementor-widget-container\">\n\t\t\t\t\t\t\t\t\t<p><span style=\"font-weight: 400;\">Sobre la formaci\u00f3n, <\/span><b>Miss Universo Martinica 2025<\/b><span style=\"font-weight: 400;\"> est\u00e1 desarrollando varias palancas operativas:<\/span><\/p>\n<ul>\n<li style=\"font-weight: 400;\" aria-level=\"1\"><b>\u2605 El Bar de Belleza y Accesorios<\/b><span style=\"font-weight: 400;\">The Beauty Bar &amp; Accessories, una tienda pop-up con la gama de productos de cuidado de la piel de Miss Universo, ofrece a las candidatas la oportunidad de aprender sobre ventas, presentaci\u00f3n de productos y gesti\u00f3n de un punto de venta temporal.<\/span><\/li>\n<li style=\"font-weight: 400;\" aria-level=\"1\"><span style=\"font-weight: 400;\">\u2605 Oficial <\/span><b>sesiones fotogr\u00e1ficas oficiales<\/b><span style=\"font-weight: 400;\"> supervisadas por fot\u00f3grafos profesionales, la creaci\u00f3n de <\/span><b>v\u00eddeos de presentaci\u00f3n<\/b><span style=\"font-weight: 400;\">y <\/span><b>pruebas supervisadas por estilistas caribe\u00f1os<\/b><span style=\"font-weight: 400;\">y <\/span><b>coaching individual<\/b><span style=\"font-weight: 400;\"> mejoran la experiencia inmersiva y profesional de los participantes.<\/span><span style=\"font-weight: 400;\"><br><\/span><\/li>\n<li style=\"font-weight: 400;\" aria-level=\"1\"><span style=\"font-weight: 400;\">\u2605 En colaboraci\u00f3n con los medios de comunicaci\u00f3n locales y caribe\u00f1os, se est\u00e1 produciendo un <b>programa de televisi\u00f3n de siete m\u00f3dulos<\/b> que recorre las principales etapas del viaje (castings, entrenamiento, eventos, final). El documental \u201cCamino a Miss Universo\u201d cerrar\u00e1 la serie, dando testimonio de la transformaci\u00f3n de las candidatas. <\/span><\/li>\n<\/ul>\t\t\t\t\t\t\t\t<\/div>\n\t\t\t\t<\/div>\n\t\t\t\t<div class=\"elementor-element elementor-element-9c8b2b6 elementor-widget elementor-widget-text-editor\" data-id=\"9c8b2b6\" data-element_type=\"widget\" data-widget_type=\"text-editor.default\">\n\t\t\t\t<div class=\"elementor-widget-container\">\n\t\t\t\t\t\t\t\t\t<p><span style=\"font-weight: 400;\">Este sistema se basa en tres principios <\/span><b>transparencia, promoci\u00f3n y desarrollo de competencias<\/b><span style=\"font-weight: 400;\">. Pretende mostrar la evoluci\u00f3n real de los participantes, lejos de los clich\u00e9s del entretenimiento.<\/span><\/p>\t\t\t\t\t\t\t\t<\/div>\n\t\t\t\t<\/div>\n\t\t\t\t\t<\/div>\n\t\t<\/div>\n\t\t\t\t\t<\/div>\n\t\t<\/section>\n\t\t\t\t<section class=\"elementor-section elementor-top-section elementor-element elementor-element-69c261c elementor-section-boxed elementor-section-height-default elementor-section-height-default\" data-id=\"69c261c\" data-element_type=\"section\">\n\t\t\t\t\t\t<div class=\"elementor-container elementor-column-gap-default\">\n\t\t\t\t\t<div class=\"elementor-column elementor-col-100 elementor-top-column elementor-element elementor-element-b116ff4\" data-id=\"b116ff4\" data-element_type=\"column\">\n\t\t\t<div class=\"elementor-widget-wrap elementor-element-populated\">\n\t\t\t\t\t\t<div class=\"elementor-element elementor-element-c906a22 elementor-widget elementor-widget-heading\" data-id=\"c906a22\" data-element_type=\"widget\" data-widget_type=\"heading.default\">\n\t\t\t\t<div class=\"elementor-widget-container\">\n\t\t\t\t\t<h2 class=\"elementor-heading-title elementor-size-default\">Una mecenas comprometida : Sonia Rolland<\/h2>\t\t\t\t<\/div>\n\t\t\t\t<\/div>\n\t\t\t\t<div class=\"elementor-element elementor-element-993f63c elementor-widget elementor-widget-text-editor\" data-id=\"993f63c\" data-element_type=\"widget\" data-widget_type=\"text-editor.default\">\n\t\t\t\t<div class=\"elementor-widget-container\">\n\t\t\t\t\t\t\t\t\t<p><b>Sonia Rolland<\/b><span style=\"font-weight: 400;\">Miss Francia 2000 y finalista de Miss Universo, encarna a la perfecci\u00f3n los valores del programa. Actriz, directora y luchadora contra los estereotipos de g\u00e9nero, lleva m\u00e1s de veinte a\u00f1os defendiendo una visi\u00f3n responsable y educativa de la visibilidad femenina. <\/span><\/p><p><span style=\"font-weight: 400;\">Como parte de <\/span><b>Miss Universo Martinica 2025<\/b><span style=\"font-weight: 400;\">est\u00e1 actuando como mentora \u00fanica, compartiendo su experiencia sobre el reciclaje, la resiliencia, la gesti\u00f3n de la reputaci\u00f3n y la responsabilidad social de las embajadoras.<\/span><\/p>\t\t\t\t\t\t\t\t<\/div>\n\t\t\t\t<\/div>\n\t\t\t\t<section class=\"elementor-section elementor-inner-section elementor-element elementor-element-2a270e0 elementor-section-boxed elementor-section-height-default elementor-section-height-default\" data-id=\"2a270e0\" data-element_type=\"section\">\n\t\t\t\t\t\t<div class=\"elementor-container elementor-column-gap-default\">\n\t\t\t\t\t<div class=\"elementor-column elementor-col-33 elementor-inner-column elementor-element elementor-element-efeca98\" data-id=\"efeca98\" data-element_type=\"column\">\n\t\t\t<div class=\"elementor-widget-wrap elementor-element-populated\">\n\t\t\t\t\t\t<div class=\"elementor-element elementor-element-43b7048 elementor-widget elementor-widget-image\" data-id=\"43b7048\" data-element_type=\"widget\" data-widget_type=\"image.default\">\n\t\t\t\t<div class=\"elementor-widget-container\">\n\t\t\t\t\t\t\t\t\t\t\t\t<figure class=\"wp-caption\">\n\t\t\t\t\t\t\t\t\t\t<img loading=\"lazy\" decoding=\"async\" width=\"580\" height=\"859\" src=\"https:\/\/richeskarayib.com\/wp-content\/uploads\/2025\/06\/Sonia-ROLLAND-1.jpg\" class=\"attachment-large size-large wp-image-54655\" alt=\"Miss Universe Martinique 2025\" srcset=\"https:\/\/richeskarayib.com\/wp-content\/uploads\/2025\/06\/Sonia-ROLLAND-1.jpg 580w, https:\/\/richeskarayib.com\/wp-content\/uploads\/2025\/06\/Sonia-ROLLAND-1-203x300.jpg 203w\" sizes=\"(max-width: 580px) 100vw, 580px\" \/>\t\t\t\t\t\t\t\t\t\t\t<figcaption class=\"widget-image-caption wp-caption-text\">\"SONIA ROLLAND\" ELECTION MISS FRANCE 2000 \"PLEIN PIED\"  | 00075480<\/figcaption>\n\t\t\t\t\t\t\t\t\t\t<\/figure>\n\t\t\t\t\t\t\t\t\t<\/div>\n\t\t\t\t<\/div>\n\t\t\t\t\t<\/div>\n\t\t<\/div>\n\t\t\t\t<div class=\"elementor-column elementor-col-33 elementor-inner-column elementor-element elementor-element-2976e53\" data-id=\"2976e53\" data-element_type=\"column\">\n\t\t\t<div class=\"elementor-widget-wrap elementor-element-populated\">\n\t\t\t\t\t\t<div class=\"elementor-element elementor-element-ce0b4ac elementor-widget elementor-widget-image\" data-id=\"ce0b4ac\" data-element_type=\"widget\" data-widget_type=\"image.default\">\n\t\t\t\t<div class=\"elementor-widget-container\">\n\t\t\t\t\t\t\t\t\t\t\t\t<figure class=\"wp-caption\">\n\t\t\t\t\t\t\t\t\t\t<img loading=\"lazy\" decoding=\"async\" width=\"580\" height=\"846\" src=\"https:\/\/richeskarayib.com\/wp-content\/uploads\/2025\/06\/Sonia-ROLLAND-2.jpg\" class=\"attachment-large size-large wp-image-54659\" alt=\"Miss Universe Martinique 2025\" srcset=\"https:\/\/richeskarayib.com\/wp-content\/uploads\/2025\/06\/Sonia-ROLLAND-2.jpg 580w, https:\/\/richeskarayib.com\/wp-content\/uploads\/2025\/06\/Sonia-ROLLAND-2-206x300.jpg 206w\" sizes=\"(max-width: 580px) 100vw, 580px\" \/>\t\t\t\t\t\t\t\t\t\t\t<figcaption class=\"widget-image-caption wp-caption-text\">\"SONIA ROLLAND\" ELECTION MISS FRANCE 2000 \"PLAN AMERICAIN\"  | 00075480<\/figcaption>\n\t\t\t\t\t\t\t\t\t\t<\/figure>\n\t\t\t\t\t\t\t\t\t<\/div>\n\t\t\t\t<\/div>\n\t\t\t\t\t<\/div>\n\t\t<\/div>\n\t\t\t\t<div class=\"elementor-column elementor-col-33 elementor-inner-column elementor-element elementor-element-c16473e\" data-id=\"c16473e\" data-element_type=\"column\">\n\t\t\t<div class=\"elementor-widget-wrap elementor-element-populated\">\n\t\t\t\t\t\t<div class=\"elementor-element elementor-element-79b0cc0 elementor-widget elementor-widget-image\" data-id=\"79b0cc0\" data-element_type=\"widget\" data-widget_type=\"image.default\">\n\t\t\t\t<div class=\"elementor-widget-container\">\n\t\t\t\t\t\t\t\t\t\t\t\t<figure class=\"wp-caption\">\n\t\t\t\t\t\t\t\t\t\t<img loading=\"lazy\" decoding=\"async\" width=\"580\" height=\"869\" src=\"https:\/\/richeskarayib.com\/wp-content\/uploads\/2025\/06\/Sonia-ROLLAND.webp\" class=\"attachment-large size-large wp-image-54663\" alt=\"Miss Universe Martinique 2025\" srcset=\"https:\/\/richeskarayib.com\/wp-content\/uploads\/2025\/06\/Sonia-ROLLAND.webp 580w, https:\/\/richeskarayib.com\/wp-content\/uploads\/2025\/06\/Sonia-ROLLAND-200x300.webp 200w\" sizes=\"(max-width: 580px) 100vw, 580px\" \/>\t\t\t\t\t\t\t\t\t\t\t<figcaption class=\"widget-image-caption wp-caption-text\">Sonia ROLLAND<\/figcaption>\n\t\t\t\t\t\t\t\t\t\t<\/figure>\n\t\t\t\t\t\t\t\t\t<\/div>\n\t\t\t\t<\/div>\n\t\t\t\t\t<\/div>\n\t\t<\/div>\n\t\t\t\t\t<\/div>\n\t\t<\/section>\n\t\t\t\t\t<\/div>\n\t\t<\/div>\n\t\t\t\t\t<\/div>\n\t\t<\/section>\n\t\t\t\t<section class=\"elementor-section elementor-top-section elementor-element elementor-element-9f63a36 elementor-section-boxed elementor-section-height-default elementor-section-height-default\" data-id=\"9f63a36\" data-element_type=\"section\">\n\t\t\t\t\t\t<div class=\"elementor-container elementor-column-gap-default\">\n\t\t\t\t\t<div class=\"elementor-column elementor-col-100 elementor-top-column elementor-element elementor-element-9236c34\" data-id=\"9236c34\" data-element_type=\"column\">\n\t\t\t<div class=\"elementor-widget-wrap elementor-element-populated\">\n\t\t\t\t\t\t<div class=\"elementor-element elementor-element-943b253 elementor-widget elementor-widget-heading\" data-id=\"943b253\" data-element_type=\"widget\" data-widget_type=\"heading.default\">\n\t\t\t\t<div class=\"elementor-widget-container\">\n\t\t\t\t\t<h2 class=\"elementor-heading-title elementor-size-default\">Un jurado de alto nivel y una presidencia prestigiosa<\/h2>\t\t\t\t<\/div>\n\t\t\t\t<\/div>\n\t\t\t\t<div class=\"elementor-element elementor-element-643d96c elementor-widget elementor-widget-text-editor\" data-id=\"643d96c\" data-element_type=\"widget\" data-widget_type=\"text-editor.default\">\n\t\t\t\t<div class=\"elementor-widget-container\">\n\t\t\t\t\t\t\t\t\t<p><span style=\"font-weight: 400;\">El jurado de 2025 re\u00fane personalidades complementarias a la altura de las ambiciones de <\/span><b>Miss Universo Martinica 2025<\/b><span style=\"font-weight: 400;\"> :<\/span><\/p>\n<ul>\n<li style=\"font-weight: 400;\" aria-level=\"1\"><b>\u2605 Catherine Edouard<\/b><span style=\"font-weight: 400;\">Miss Universo Martinica 2024, empresaria en cosm\u00e9tica natural, implicada en acciones para la integraci\u00f3n de las j\u00f3venes.<\/span><\/li>\n<li style=\"font-weight: 400;\" aria-level=\"1\"><b>\u2605 Floriane Bascou<\/b><span style=\"font-weight: 400;\">Floriane Bascou, modelo, antigua Miss Martinica y estrella emergente de las pasarelas europeas, es un s\u00edmbolo de elegancia y coherencia.<\/span><\/li>\n<\/ul>\n<p><span style=\"font-weight: 400;\">Este panel ilustra los m\u00faltiples caminos del compromiso de las mujeres: econ\u00f3mico, art\u00edstico, social y diplom\u00e1tico.<\/span><\/p>\t\t\t\t\t\t\t\t<\/div>\n\t\t\t\t<\/div>\n\t\t\t\t<section class=\"elementor-section elementor-inner-section elementor-element elementor-element-4a21269 elementor-section-boxed elementor-section-height-default elementor-section-height-default\" data-id=\"4a21269\" data-element_type=\"section\">\n\t\t\t\t\t\t<div class=\"elementor-container elementor-column-gap-default\">\n\t\t\t\t\t<div class=\"elementor-column elementor-col-100 elementor-inner-column elementor-element elementor-element-91a0fce\" data-id=\"91a0fce\" data-element_type=\"column\">\n\t\t\t<div class=\"elementor-widget-wrap elementor-element-populated\">\n\t\t\t\t\t\t<div class=\"elementor-element elementor-element-895f60a elementor-widget elementor-widget-image\" data-id=\"895f60a\" data-element_type=\"widget\" data-widget_type=\"image.default\">\n\t\t\t\t<div class=\"elementor-widget-container\">\n\t\t\t\t\t\t\t\t\t\t\t\t\t\t\t<img loading=\"lazy\" decoding=\"async\" width=\"724\" height=\"1024\" src=\"https:\/\/richeskarayib.com\/wp-content\/uploads\/2025\/06\/NEW-VISON-MISS-UNIVERS-LOW_page-0016-724x1024.jpg\" class=\"attachment-large size-large wp-image-54699\" alt=\"Miss Universe Martinique 2025\" srcset=\"https:\/\/richeskarayib.com\/wp-content\/uploads\/2025\/06\/NEW-VISON-MISS-UNIVERS-LOW_page-0016-724x1024.jpg 724w, https:\/\/richeskarayib.com\/wp-content\/uploads\/2025\/06\/NEW-VISON-MISS-UNIVERS-LOW_page-0016-212x300.jpg 212w, https:\/\/richeskarayib.com\/wp-content\/uploads\/2025\/06\/NEW-VISON-MISS-UNIVERS-LOW_page-0016-768x1086.jpg 768w, https:\/\/richeskarayib.com\/wp-content\/uploads\/2025\/06\/NEW-VISON-MISS-UNIVERS-LOW_page-0016-1086x1536.jpg 1086w, https:\/\/richeskarayib.com\/wp-content\/uploads\/2025\/06\/NEW-VISON-MISS-UNIVERS-LOW_page-0016.jpg 1241w\" sizes=\"(max-width: 724px) 100vw, 724px\" \/>\t\t\t\t\t\t\t\t\t\t\t\t\t\t\t<\/div>\n\t\t\t\t<\/div>\n\t\t\t\t\t<\/div>\n\t\t<\/div>\n\t\t\t\t\t<\/div>\n\t\t<\/section>\n\t\t\t\t\t<\/div>\n\t\t<\/div>\n\t\t\t\t\t<\/div>\n\t\t<\/section>\n\t\t\t\t<section class=\"elementor-section elementor-top-section elementor-element elementor-element-6962cde elementor-section-boxed elementor-section-height-default elementor-section-height-default\" data-id=\"6962cde\" data-element_type=\"section\">\n\t\t\t\t\t\t<div class=\"elementor-container elementor-column-gap-default\">\n\t\t\t\t\t<div class=\"elementor-column elementor-col-100 elementor-top-column elementor-element elementor-element-d56b840\" data-id=\"d56b840\" data-element_type=\"column\">\n\t\t\t<div class=\"elementor-widget-wrap elementor-element-populated\">\n\t\t\t\t\t\t<div class=\"elementor-element elementor-element-4b7c71e elementor-widget elementor-widget-heading\" data-id=\"4b7c71e\" data-element_type=\"widget\" data-widget_type=\"heading.default\">\n\t\t\t\t<div class=\"elementor-widget-container\">\n\t\t\t\t\t<h2 class=\"elementor-heading-title elementor-size-default\">Impacto territorial de Miss Universo Martinica 2025<\/h2>\t\t\t\t<\/div>\n\t\t\t\t<\/div>\n\t\t\t\t<div class=\"elementor-element elementor-element-d917c28 elementor-widget elementor-widget-text-editor\" data-id=\"d917c28\" data-element_type=\"widget\" data-widget_type=\"text-editor.default\">\n\t\t\t\t<div class=\"elementor-widget-container\">\n\t\t\t\t\t\t\t\t\t<p><span style=\"font-weight: 400;\">El impacto de <\/span><b>Miss Universo Martinica 2025<\/b><span style=\"font-weight: 400;\">  va m\u00e1s all\u00e1 de la l\u00f3gica de la comunicaci\u00f3n. Se basa en cuatro temas clave: <\/span><\/p>\t\t\t\t\t\t\t\t<\/div>\n\t\t\t\t<\/div>\n\t\t\t\t<div class=\"elementor-element elementor-element-7c02a6c elementor-widget elementor-widget-text-editor\" data-id=\"7c02a6c\" data-element_type=\"widget\" data-widget_type=\"text-editor.default\">\n\t\t\t\t<div class=\"elementor-widget-container\">\n\t\t\t\t\t\t\t\t\t<h4><b>Una herramienta para la formaci\u00f3n y la integraci\u00f3n profesional<\/b><\/h4>\n<p><span style=\"font-weight: 400;\">El concurso forma parte de las pol\u00edticas locales para empoderar a las mujeres. Prepara a las participantes para carreras en comunicaciones, ventas y eventos, y desarrolla su empleabilidad m\u00e1s all\u00e1 de la propia competici\u00f3n. <\/span><\/p>\n<h4><b>Apalancamiento econ\u00f3mico<\/b><\/h4>\n<p><span style=\"font-weight: 400;\">La creaci\u00f3n de eventos, contenidos audiovisuales y productos cosm\u00e9ticos, as\u00ed como la movilizaci\u00f3n de expertos locales (estilismo, peluquer\u00eda, catering) est\u00e1n generando un negocio real y mensurable para los actores martiniquenses.<\/span><\/p>\n<h4><b>Un motor para la diplomacia cultural<\/b><\/h4>\n<p><span style=\"font-weight: 400;\">Martinica, v\u00eda <\/span><b>Miss Universo Martinica 2025<\/b><span style=\"font-weight: 400;\">se ha posicionado como un actor cultural caribe\u00f1o de pleno derecho. Esta suave diplomacia est\u00e1 ayudando a forjar asociaciones regionales y a elevar el perfil del patrimonio local en la escena internacional. <\/span><\/p>\n<h4><b>Aumentar la visibilidad internacional<\/b><\/h4>\n<p><span style=\"font-weight: 400;\">Al unirse al circuito mundial de Miss Universo, Martinica se beneficia de una cobertura medi\u00e1tica mundial y atrae nueva atenci\u00f3n, incluso en los sectores del turismo y la educaci\u00f3n.<\/span><\/p>\t\t\t\t\t\t\t\t<\/div>\n\t\t\t\t<\/div>\n\t\t\t\t<div class=\"elementor-element elementor-element-c3f47c3 elementor-widget elementor-widget-text-editor\" data-id=\"c3f47c3\" data-element_type=\"widget\" data-widget_type=\"text-editor.default\">\n\t\t\t\t<div class=\"elementor-widget-container\">\n\t\t\t\t\t\t\t\t\t<p><span style=\"font-weight: 400;\">Este proyecto cuenta con el apoyo de la <\/span><b>Colectividad Territorial de Martinica (CTM)<\/b><span style=\"font-weight: 400;\">el <\/span><b>el Comit\u00e9 de Turismo de Martinica (CMT)<\/b><span style=\"font-weight: 400;\">la <\/span><b>la C\u00e1mara de Comercio e Industria (CCI)<\/b><span style=\"font-weight: 400;\">socios privados, as\u00ed como cofinanciaci\u00f3n europea a trav\u00e9s del <\/span><b>FEDER<\/b><span style=\"font-weight: 400;\">.<\/span><\/p>\t\t\t\t\t\t\t\t<\/div>\n\t\t\t\t<\/div>\n\t\t\t\t\t<\/div>\n\t\t<\/div>\n\t\t\t\t\t<\/div>\n\t\t<\/section>\n\t\t\t\t<section class=\"elementor-section elementor-top-section elementor-element elementor-element-81f3b33 elementor-section-boxed elementor-section-height-default elementor-section-height-default\" data-id=\"81f3b33\" data-element_type=\"section\">\n\t\t\t\t\t\t<div class=\"elementor-container elementor-column-gap-default\">\n\t\t\t\t\t<div class=\"elementor-column elementor-col-100 elementor-top-column elementor-element elementor-element-f2b076f\" data-id=\"f2b076f\" data-element_type=\"column\">\n\t\t\t<div class=\"elementor-widget-wrap elementor-element-populated\">\n\t\t\t\t\t\t<div class=\"elementor-element elementor-element-0fd71b2 elementor-widget elementor-widget-text-editor\" data-id=\"0fd71b2\" data-element_type=\"widget\" data-widget_type=\"text-editor.default\">\n\t\t\t\t<div class=\"elementor-widget-container\">\n\t\t\t\t\t\t\t\t\t<p><b>Miss Universo Martinica 2025<\/b><span style=\"font-weight: 400;\">  es una estrategia educativa, econ\u00f3mica y cultural destinada a estructurar trayectorias profesionales s\u00f3lidas para las mujeres. Al acoger Miss Universo 2024 y formar a las j\u00f3venes en imagen, diplomacia y compromiso, Martinica afirma su determinaci\u00f3n de actuar, innovar e inspirar. <\/span><\/p>\n<p><span style=\"font-weight: 400;\">Esta iniciativa traza un rumbo claro: hacer de la belleza una palanca de competencia, representaci\u00f3n y transformaci\u00f3n.<\/span><\/p>\t\t\t\t\t\t\t\t<\/div>\n\t\t\t\t<\/div>\n\t\t\t\t\t<\/div>\n\t\t<\/div>\n\t\t\t\t\t<\/div>\n\t\t<\/section>\n\t\t\t\t<\/div>\n\t\t","protected":false},"excerpt":{"rendered":"<p>\u00bfY si un concurso de belleza pudiera convertirse en un acelerador para el futuro de toda una regi\u00f3n? \u00c9se es el reto al que se enfrenta Miss Universo Martinica 2025Muy lejos de los t\u00f3picos habituales. Al acoger Miss Universo 2024 del 17 al 24 de junio, Martinica no pretende simplemente brillar en la escena internacional: [&hellip;]<\/p>\n","protected":false},"author":662,"featured_media":54643,"comment_status":"open","ping_status":"open","sticky":false,"template":"","format":"standard","meta":{"_acf_changed":false,"footnotes":""},"categories":[1502,839],"tags":[816],"class_list":["post-54701","post","type-post","status-publish","format-standard","has-post-thumbnail","hentry","category-moda","category-noticias","tag-martinique-es"],"acf":[],"_links":{"self":[{"href":"https:\/\/richeskarayib.com\/es\/wp-json\/wp\/v2\/posts\/54701","targetHints":{"allow":["GET"]}}],"collection":[{"href":"https:\/\/richeskarayib.com\/es\/wp-json\/wp\/v2\/posts"}],"about":[{"href":"https:\/\/richeskarayib.com\/es\/wp-json\/wp\/v2\/types\/post"}],"author":[{"embeddable":true,"href":"https:\/\/richeskarayib.com\/es\/wp-json\/wp\/v2\/users\/662"}],"replies":[{"embeddable":true,"href":"https:\/\/richeskarayib.com\/es\/wp-json\/wp\/v2\/comments?post=54701"}],"version-history":[{"count":0,"href":"https:\/\/richeskarayib.com\/es\/wp-json\/wp\/v2\/posts\/54701\/revisions"}],"wp:featuredmedia":[{"embeddable":true,"href":"https:\/\/richeskarayib.com\/es\/wp-json\/wp\/v2\/media\/54643"}],"wp:attachment":[{"href":"https:\/\/richeskarayib.com\/es\/wp-json\/wp\/v2\/media?parent=54701"}],"wp:term":[{"taxonomy":"category","embeddable":true,"href":"https:\/\/richeskarayib.com\/es\/wp-json\/wp\/v2\/categories?post=54701"},{"taxonomy":"post_tag","embeddable":true,"href":"https:\/\/richeskarayib.com\/es\/wp-json\/wp\/v2\/tags?post=54701"}],"curies":[{"name":"wp","href":"https:\/\/api.w.org\/{rel}","templated":true}]}}