{"id":54760,"date":"2025-06-18T13:41:28","date_gmt":"2025-06-18T17:41:28","guid":{"rendered":"https:\/\/richeskarayib.com\/festival-de-la-gastronomia-de-san-martin-2025-cuando-la-isla-celebra-sus-sabores-con-pasion\/"},"modified":"2025-06-18T13:41:30","modified_gmt":"2025-06-18T17:41:30","slug":"festival-de-la-gastronomia-de-san-martin-2025-cuando-la-isla-celebra-sus-sabores-con-pasion","status":"publish","type":"post","link":"https:\/\/richeskarayib.com\/es\/festival-de-la-gastronomia-de-san-martin-2025-cuando-la-isla-celebra-sus-sabores-con-pasion\/","title":{"rendered":"Festival de la Gastronom\u00eda de San Mart\u00edn 2025: Cuando la isla celebra sus sabores con pasi\u00f3n."},"content":{"rendered":"\t\t<div data-elementor-type=\"wp-post\" data-elementor-id=\"54760\" class=\"elementor elementor-54760 elementor-54705\" data-elementor-post-type=\"post\">\n\t\t\t\t\t\t<section class=\"elementor-section elementor-top-section elementor-element elementor-element-d24c489 elementor-section-boxed elementor-section-height-default elementor-section-height-default\" data-id=\"d24c489\" data-element_type=\"section\">\n\t\t\t\t\t\t<div class=\"elementor-container elementor-column-gap-default\">\n\t\t\t\t\t<div class=\"elementor-column elementor-col-100 elementor-top-column elementor-element elementor-element-35e3e69\" data-id=\"35e3e69\" data-element_type=\"column\">\n\t\t\t<div class=\"elementor-widget-wrap elementor-element-populated\">\n\t\t\t\t\t\t<div class=\"elementor-element elementor-element-ae5e3a5 elementor-widget elementor-widget-text-editor\" data-id=\"ae5e3a5\" data-element_type=\"widget\" data-widget_type=\"text-editor.default\">\n\t\t\t\t<div class=\"elementor-widget-container\">\n\t\t\t\t\t\t\t\t\t<p><span style=\"font-weight: 400;\">\u00bfY si una isla pudiera contar su historia a trav\u00e9s de sus aromas, sus recetas y sus cocineros? El <a href=\"https:\/\/www.festival-st-martin.com\/\" target=\"_blank\" rel=\"noopener nofollow\">Festival de la Gastronom\u00eda de Saint-Martin 2025<\/a> es la prueba. Del 11 al 22 de noviembre, la parte francesa de la isla se transformar\u00e1 en un gran laboratorio del gusto, donde la tradici\u00f3n se une a la audacia, y donde el fruto de la pasi\u00f3n se convierte en la musa de todas las creaciones. Este acontecimiento anual hace algo m\u00e1s que tentar a las papilas gustativas: moviliza a una comunidad de artesanos, formadores, creadores y curiosos, todos unidos en torno a un arte culinario profundamente arraigado en la identidad de Saint-Martin.   <\/span><\/p>\t\t\t\t\t\t\t\t<\/div>\n\t\t\t\t<\/div>\n\t\t\t\t\t<\/div>\n\t\t<\/div>\n\t\t\t\t\t<\/div>\n\t\t<\/section>\n\t\t\t\t<section class=\"elementor-section elementor-top-section elementor-element elementor-element-e8d332b elementor-section-boxed elementor-section-height-default elementor-section-height-default\" data-id=\"e8d332b\" data-element_type=\"section\">\n\t\t\t\t\t\t<div class=\"elementor-container elementor-column-gap-default\">\n\t\t\t\t\t<div class=\"elementor-column elementor-col-100 elementor-top-column elementor-element elementor-element-1c4c1b1\" data-id=\"1c4c1b1\" data-element_type=\"column\">\n\t\t\t<div class=\"elementor-widget-wrap elementor-element-populated\">\n\t\t\t\t\t\t<div class=\"elementor-element elementor-element-ff67a61 elementor-widget elementor-widget-heading\" data-id=\"ff67a61\" data-element_type=\"widget\" data-widget_type=\"heading.default\">\n\t\t\t\t<div class=\"elementor-widget-container\">\n\t\t\t\t\t<h2 class=\"elementor-heading-title elementor-size-default\">Un evento culinario estructurante e inspirador<\/h2>\t\t\t\t<\/div>\n\t\t\t\t<\/div>\n\t\t\t\t<section class=\"elementor-section elementor-inner-section elementor-element elementor-element-3bb4cca elementor-section-boxed elementor-section-height-default elementor-section-height-default\" data-id=\"3bb4cca\" data-element_type=\"section\">\n\t\t\t\t\t\t<div class=\"elementor-container elementor-column-gap-default\">\n\t\t\t\t\t<div class=\"elementor-column elementor-col-100 elementor-inner-column elementor-element elementor-element-1eba920\" data-id=\"1eba920\" data-element_type=\"column\">\n\t\t\t<div class=\"elementor-widget-wrap elementor-element-populated\">\n\t\t\t\t\t\t<div class=\"elementor-element elementor-element-716acf2 elementor-widget elementor-widget-text-editor\" data-id=\"716acf2\" data-element_type=\"widget\" data-widget_type=\"text-editor.default\">\n\t\t\t\t<div class=\"elementor-widget-container\">\n\t\t\t\t\t\t\t\t\t<p><span style=\"font-weight: 400;\">Mucho m\u00e1s que un festival gastron\u00f3mico, el <a href=\"https:\/\/www.instagram.com\/stmartinfoodfestival\/\" target=\"_blank\" rel=\"noopener nofollow\">Festival de la Gastronom\u00eda de Saint-Martin 2025<\/a> es uno de los pilares del desarrollo cultural y econ\u00f3mico de la isla. A trav\u00e9s de un programa rico y unificador, muestra el talento local, acogiendo a cocineros de \u00c1frica, Europa, Estados Unidos y todo el <a href=\"https:\/\/richeskarayib.com\/es\/antigua-y-barbuda-nominada-como-mejor-destino-culinario-emergente-del-caribe-2025\/\" target=\"_blank\" rel=\"noopener\">Caribe<\/a>, al tiempo que forma a la pr\u00f3xima generaci\u00f3n de chefs y restauradores. Esta quinta edici\u00f3n promete una inmersi\u00f3n sensorial por derecho propio, bajo la bandera de la fruta de la pasi\u00f3n.  <\/span><\/p>\t\t\t\t\t\t\t\t<\/div>\n\t\t\t\t<\/div>\n\t\t\t\t\t<\/div>\n\t\t<\/div>\n\t\t\t\t\t<\/div>\n\t\t<\/section>\n\t\t\t\t<section class=\"elementor-section elementor-inner-section elementor-element elementor-element-96db0b6 elementor-section-boxed elementor-section-height-default elementor-section-height-default\" data-id=\"96db0b6\" data-element_type=\"section\">\n\t\t\t\t\t\t<div class=\"elementor-container elementor-column-gap-default\">\n\t\t\t\t\t<div class=\"elementor-column elementor-col-50 elementor-inner-column elementor-element elementor-element-51463d7\" data-id=\"51463d7\" data-element_type=\"column\">\n\t\t\t<div class=\"elementor-widget-wrap elementor-element-populated\">\n\t\t\t\t\t\t<div class=\"elementor-element elementor-element-4aae4f8 elementor-widget elementor-widget-image\" data-id=\"4aae4f8\" data-element_type=\"widget\" data-widget_type=\"image.default\">\n\t\t\t\t<div class=\"elementor-widget-container\">\n\t\t\t\t\t\t\t\t\t\t\t\t<figure class=\"wp-caption\">\n\t\t\t\t\t\t\t\t\t\t<img fetchpriority=\"high\" decoding=\"async\" width=\"800\" height=\"534\" src=\"https:\/\/richeskarayib.com\/wp-content\/uploads\/2025\/06\/Wine-Cheese-pairing-1024x683.webp\" class=\"attachment-large size-large wp-image-54754\" alt=\"Festival de la Gastronomie de Saint-Martin\" srcset=\"https:\/\/richeskarayib.com\/wp-content\/uploads\/2025\/06\/Wine-Cheese-pairing-1024x683.webp 1024w, https:\/\/richeskarayib.com\/wp-content\/uploads\/2025\/06\/Wine-Cheese-pairing-300x200.webp 300w, https:\/\/richeskarayib.com\/wp-content\/uploads\/2025\/06\/Wine-Cheese-pairing-768x512.webp 768w, https:\/\/richeskarayib.com\/wp-content\/uploads\/2025\/06\/Wine-Cheese-pairing-1536x1024.webp 1536w, https:\/\/richeskarayib.com\/wp-content\/uploads\/2025\/06\/Wine-Cheese-pairing-1320x880.webp 1320w, https:\/\/richeskarayib.com\/wp-content\/uploads\/2025\/06\/Wine-Cheese-pairing.webp 1920w\" sizes=\"(max-width: 800px) 100vw, 800px\" \/>\t\t\t\t\t\t\t\t\t\t\t<figcaption class=\"widget-image-caption wp-caption-text\">\u00a9Festival de la Gastronomie de Saint-Martin<\/figcaption>\n\t\t\t\t\t\t\t\t\t\t<\/figure>\n\t\t\t\t\t\t\t\t\t<\/div>\n\t\t\t\t<\/div>\n\t\t\t\t\t<\/div>\n\t\t<\/div>\n\t\t\t\t<div class=\"elementor-column elementor-col-50 elementor-inner-column elementor-element elementor-element-90b10e8\" data-id=\"90b10e8\" data-element_type=\"column\">\n\t\t\t<div class=\"elementor-widget-wrap elementor-element-populated\">\n\t\t\t\t\t\t<div class=\"elementor-element elementor-element-23b9ffa elementor-widget elementor-widget-image\" data-id=\"23b9ffa\" data-element_type=\"widget\" data-widget_type=\"image.default\">\n\t\t\t\t<div class=\"elementor-widget-container\">\n\t\t\t\t\t\t\t\t\t\t\t\t<figure class=\"wp-caption\">\n\t\t\t\t\t\t\t\t\t\t<img decoding=\"async\" width=\"800\" height=\"534\" src=\"https:\/\/richeskarayib.com\/wp-content\/uploads\/2025\/06\/Competition-des-food-trucks-1024x683.webp\" class=\"attachment-large size-large wp-image-54758\" alt=\"Festival de la Gastronomie de Saint-Martin\" srcset=\"https:\/\/richeskarayib.com\/wp-content\/uploads\/2025\/06\/Competition-des-food-trucks-1024x683.webp 1024w, https:\/\/richeskarayib.com\/wp-content\/uploads\/2025\/06\/Competition-des-food-trucks-300x200.webp 300w, https:\/\/richeskarayib.com\/wp-content\/uploads\/2025\/06\/Competition-des-food-trucks-768x512.webp 768w, https:\/\/richeskarayib.com\/wp-content\/uploads\/2025\/06\/Competition-des-food-trucks-1536x1024.webp 1536w, https:\/\/richeskarayib.com\/wp-content\/uploads\/2025\/06\/Competition-des-food-trucks-1320x880.webp 1320w, https:\/\/richeskarayib.com\/wp-content\/uploads\/2025\/06\/Competition-des-food-trucks.webp 1920w\" sizes=\"(max-width: 800px) 100vw, 800px\" \/>\t\t\t\t\t\t\t\t\t\t\t<figcaption class=\"widget-image-caption wp-caption-text\">\u00a9Festival de la Gastronomie de Saint-Martin<\/figcaption>\n\t\t\t\t\t\t\t\t\t\t<\/figure>\n\t\t\t\t\t\t\t\t\t<\/div>\n\t\t\t\t<\/div>\n\t\t\t\t\t<\/div>\n\t\t<\/div>\n\t\t\t\t\t<\/div>\n\t\t<\/section>\n\t\t\t\t\t<\/div>\n\t\t<\/div>\n\t\t\t\t\t<\/div>\n\t\t<\/section>\n\t\t\t\t<section class=\"elementor-section elementor-top-section elementor-element elementor-element-34e72cf elementor-section-boxed elementor-section-height-default elementor-section-height-default\" data-id=\"34e72cf\" data-element_type=\"section\">\n\t\t\t\t\t\t<div class=\"elementor-container elementor-column-gap-default\">\n\t\t\t\t\t<div class=\"elementor-column elementor-col-100 elementor-top-column elementor-element elementor-element-6d7868a\" data-id=\"6d7868a\" data-element_type=\"column\">\n\t\t\t<div class=\"elementor-widget-wrap elementor-element-populated\">\n\t\t\t\t\t\t<div class=\"elementor-element elementor-element-4428903 elementor-widget elementor-widget-heading\" data-id=\"4428903\" data-element_type=\"widget\" data-widget_type=\"heading.default\">\n\t\t\t\t<div class=\"elementor-widget-container\">\n\t\t\t\t\t<h2 class=\"elementor-heading-title elementor-size-default\">Un programa repleto y accesible para todos<\/h2>\t\t\t\t<\/div>\n\t\t\t\t<\/div>\n\t\t\t\t<div class=\"elementor-element elementor-element-25340a1 elementor-widget elementor-widget-text-editor\" data-id=\"25340a1\" data-element_type=\"widget\" data-widget_type=\"text-editor.default\">\n\t\t\t\t<div class=\"elementor-widget-container\">\n\t\t\t\t\t\t\t\t\t<p><span style=\"font-weight: 400;\"><a href=\"https:\/\/www.guadeloupe.franceantilles.fr\/actualite\/economie\/saint-martin-annonce-sa-5e-edition-du-festival-de-la-gastronomie-1039743.php\" target=\"_blank\" rel=\"noopener nofollow\">El Festival de la Gastronom\u00eda de Saint-Martin 2025<\/a> comienza el 9 de noviembre con \u201cEl sabor del amanecer\u201d, un desayuno junto al mar con ritmos caribe\u00f1os y zumo de fruta de la pasi\u00f3n. El lanzamiento oficial tendr\u00e1 lugar el 10 de noviembre en el bulevar de Grand Case, escaparate viviente de la riqueza culinaria local, amenizado con conciertos y espect\u00e1culos. <\/span><\/p>\t\t\t\t\t\t\t\t<\/div>\n\t\t\t\t<\/div>\n\t\t\t\t<div class=\"elementor-element elementor-element-1568d5b elementor-widget elementor-widget-text-editor\" data-id=\"1568d5b\" data-element_type=\"widget\" data-widget_type=\"text-editor.default\">\n\t\t\t\t<div class=\"elementor-widget-container\">\n\t\t\t\t\t\t\t\t\t<p><span style=\"font-weight: 400;\">Entre los aspectos m\u00e1s destacados del festival figuran:<\/span><\/p><ul><li style=\"list-style-type: none;\"><ul><li style=\"font-weight: 400;\" aria-level=\"1\"><span style=\"font-weight: 400;\">Men\u00fas de descubrimiento en restaurantes del 11 al 22 de noviembre.<\/span><\/li><li style=\"font-weight: 400;\" aria-level=\"1\"><span style=\"font-weight: 400;\">Maridaje de vinos y quesos el 12 de noviembre, a cargo de sumilleres apasionados.<\/span><\/li><li style=\"font-weight: 400;\" aria-level=\"1\"><span style=\"font-weight: 400;\">Cenas a 4 manos los d\u00edas 12 y 13 de noviembre, que reunir\u00e1n a chefs locales e invitados para crear platos originales.<\/span><\/li><li style=\"font-weight: 400;\" aria-level=\"1\"><span style=\"font-weight: 400;\">Concursos: chefs privados, camiones de comida, barbacoa, postres, estudiantes de secundaria, mix\u00f3logos y restauradores, todos ellos organizados por profesionales de renombre.<\/span><\/li><\/ul><\/li><\/ul>\t\t\t\t\t\t\t\t<\/div>\n\t\t\t\t<\/div>\n\t\t\t\t<section class=\"elementor-section elementor-inner-section elementor-element elementor-element-37b22e4 elementor-section-boxed elementor-section-height-default elementor-section-height-default\" data-id=\"37b22e4\" data-element_type=\"section\">\n\t\t\t\t\t\t<div class=\"elementor-container elementor-column-gap-default\">\n\t\t\t\t\t<div class=\"elementor-column elementor-col-33 elementor-inner-column elementor-element elementor-element-235cf0d\" data-id=\"235cf0d\" data-element_type=\"column\">\n\t\t\t<div class=\"elementor-widget-wrap elementor-element-populated\">\n\t\t\t\t\t\t<div class=\"elementor-element elementor-element-70f8e8f elementor-widget elementor-widget-image\" data-id=\"70f8e8f\" data-element_type=\"widget\" data-widget_type=\"image.default\">\n\t\t\t\t<div class=\"elementor-widget-container\">\n\t\t\t\t\t\t\t\t\t\t\t\t<figure class=\"wp-caption\">\n\t\t\t\t\t\t\t\t\t\t<img decoding=\"async\" width=\"800\" height=\"534\" src=\"https:\/\/richeskarayib.com\/wp-content\/uploads\/2025\/06\/Lancement-du-festival-1024x683.webp\" class=\"attachment-large size-large wp-image-54738\" alt=\"Festival de la Gastronomie de Saint-Martin\" srcset=\"https:\/\/richeskarayib.com\/wp-content\/uploads\/2025\/06\/Lancement-du-festival-1024x683.webp 1024w, https:\/\/richeskarayib.com\/wp-content\/uploads\/2025\/06\/Lancement-du-festival-300x200.webp 300w, https:\/\/richeskarayib.com\/wp-content\/uploads\/2025\/06\/Lancement-du-festival-768x512.webp 768w, https:\/\/richeskarayib.com\/wp-content\/uploads\/2025\/06\/Lancement-du-festival-1536x1024.webp 1536w, https:\/\/richeskarayib.com\/wp-content\/uploads\/2025\/06\/Lancement-du-festival-1320x880.webp 1320w, https:\/\/richeskarayib.com\/wp-content\/uploads\/2025\/06\/Lancement-du-festival.webp 1920w\" sizes=\"(max-width: 800px) 100vw, 800px\" \/>\t\t\t\t\t\t\t\t\t\t\t<figcaption class=\"widget-image-caption wp-caption-text\">\u00a9Festival de la Gastronomie de Saint-Martin<\/figcaption>\n\t\t\t\t\t\t\t\t\t\t<\/figure>\n\t\t\t\t\t\t\t\t\t<\/div>\n\t\t\t\t<\/div>\n\t\t\t\t\t<\/div>\n\t\t<\/div>\n\t\t\t\t<div class=\"elementor-column elementor-col-33 elementor-inner-column elementor-element elementor-element-01e3bfb\" data-id=\"01e3bfb\" data-element_type=\"column\">\n\t\t\t<div class=\"elementor-widget-wrap elementor-element-populated\">\n\t\t\t\t\t\t<div class=\"elementor-element elementor-element-ba3accf elementor-widget elementor-widget-image\" data-id=\"ba3accf\" data-element_type=\"widget\" data-widget_type=\"image.default\">\n\t\t\t\t<div class=\"elementor-widget-container\">\n\t\t\t\t\t\t\t\t\t\t\t\t<figure class=\"wp-caption\">\n\t\t\t\t\t\t\t\t\t\t<img loading=\"lazy\" decoding=\"async\" width=\"800\" height=\"534\" src=\"https:\/\/richeskarayib.com\/wp-content\/uploads\/2025\/06\/Food-Cocktails-pairing-1024x683.webp\" class=\"attachment-large size-large wp-image-54742\" alt=\"Festival de la Gastronomie de Saint-Martin\" srcset=\"https:\/\/richeskarayib.com\/wp-content\/uploads\/2025\/06\/Food-Cocktails-pairing-1024x683.webp 1024w, https:\/\/richeskarayib.com\/wp-content\/uploads\/2025\/06\/Food-Cocktails-pairing-300x200.webp 300w, https:\/\/richeskarayib.com\/wp-content\/uploads\/2025\/06\/Food-Cocktails-pairing-768x512.webp 768w, https:\/\/richeskarayib.com\/wp-content\/uploads\/2025\/06\/Food-Cocktails-pairing-1536x1024.webp 1536w, https:\/\/richeskarayib.com\/wp-content\/uploads\/2025\/06\/Food-Cocktails-pairing-1320x880.webp 1320w, https:\/\/richeskarayib.com\/wp-content\/uploads\/2025\/06\/Food-Cocktails-pairing.webp 1920w\" sizes=\"(max-width: 800px) 100vw, 800px\" \/>\t\t\t\t\t\t\t\t\t\t\t<figcaption class=\"widget-image-caption wp-caption-text\">\u00a9Festival de la Gastronomie de Saint-Martin<\/figcaption>\n\t\t\t\t\t\t\t\t\t\t<\/figure>\n\t\t\t\t\t\t\t\t\t<\/div>\n\t\t\t\t<\/div>\n\t\t\t\t\t<\/div>\n\t\t<\/div>\n\t\t\t\t<div class=\"elementor-column elementor-col-33 elementor-inner-column elementor-element elementor-element-0cf5906\" data-id=\"0cf5906\" data-element_type=\"column\">\n\t\t\t<div class=\"elementor-widget-wrap elementor-element-populated\">\n\t\t\t\t\t\t<div class=\"elementor-element elementor-element-43ef068 elementor-widget elementor-widget-image\" data-id=\"43ef068\" data-element_type=\"widget\" data-widget_type=\"image.default\">\n\t\t\t\t<div class=\"elementor-widget-container\">\n\t\t\t\t\t\t\t\t\t\t\t\t<figure class=\"wp-caption\">\n\t\t\t\t\t\t\t\t\t\t<img loading=\"lazy\" decoding=\"async\" width=\"800\" height=\"534\" src=\"https:\/\/richeskarayib.com\/wp-content\/uploads\/2025\/06\/Competition-des-restaurants-1024x683.webp\" class=\"attachment-large size-large wp-image-54746\" alt=\"Festival de la Gastronomie de Saint-Martin\" srcset=\"https:\/\/richeskarayib.com\/wp-content\/uploads\/2025\/06\/Competition-des-restaurants-1024x683.webp 1024w, https:\/\/richeskarayib.com\/wp-content\/uploads\/2025\/06\/Competition-des-restaurants-300x200.webp 300w, https:\/\/richeskarayib.com\/wp-content\/uploads\/2025\/06\/Competition-des-restaurants-768x512.webp 768w, https:\/\/richeskarayib.com\/wp-content\/uploads\/2025\/06\/Competition-des-restaurants-1536x1024.webp 1536w, https:\/\/richeskarayib.com\/wp-content\/uploads\/2025\/06\/Competition-des-restaurants-1320x880.webp 1320w, https:\/\/richeskarayib.com\/wp-content\/uploads\/2025\/06\/Competition-des-restaurants.webp 1920w\" sizes=\"(max-width: 800px) 100vw, 800px\" \/>\t\t\t\t\t\t\t\t\t\t\t<figcaption class=\"widget-image-caption wp-caption-text\">\u00a9Festival de la Gastronomie de Saint-Martin<\/figcaption>\n\t\t\t\t\t\t\t\t\t\t<\/figure>\n\t\t\t\t\t\t\t\t\t<\/div>\n\t\t\t\t<\/div>\n\t\t\t\t\t<\/div>\n\t\t<\/div>\n\t\t\t\t\t<\/div>\n\t\t<\/section>\n\t\t\t\t\t<\/div>\n\t\t<\/div>\n\t\t\t\t\t<\/div>\n\t\t<\/section>\n\t\t\t\t<section class=\"elementor-section elementor-top-section elementor-element elementor-element-3756bbb elementor-section-boxed elementor-section-height-default elementor-section-height-default\" data-id=\"3756bbb\" data-element_type=\"section\">\n\t\t\t\t\t\t<div class=\"elementor-container elementor-column-gap-default\">\n\t\t\t\t\t<div class=\"elementor-column elementor-col-100 elementor-top-column elementor-element elementor-element-df79712\" data-id=\"df79712\" data-element_type=\"column\">\n\t\t\t<div class=\"elementor-widget-wrap elementor-element-populated\">\n\t\t\t\t\t\t<div class=\"elementor-element elementor-element-782f801 elementor-widget elementor-widget-heading\" data-id=\"782f801\" data-element_type=\"widget\" data-widget_type=\"heading.default\">\n\t\t\t\t<div class=\"elementor-widget-container\">\n\t\t\t\t\t<h2 class=\"elementor-heading-title elementor-size-default\">Concursos gastron\u00f3micos: retos para el talento<\/h2>\t\t\t\t<\/div>\n\t\t\t\t<\/div>\n\t\t\t\t<div class=\"elementor-element elementor-element-8492aa2 elementor-widget elementor-widget-text-editor\" data-id=\"8492aa2\" data-element_type=\"widget\" data-widget_type=\"text-editor.default\">\n\t\t\t\t<div class=\"elementor-widget-container\">\n\t\t\t\t\t\t\t\t\t<p><span style=\"font-weight: 400;\">El Festival de la Gastronom\u00eda de Saint-Martin 2025 se centrar\u00e1 en la creatividad culinaria en todas sus formas. El c\u00e9lebre chef estadounidense Jason Santos presidir\u00e1 el concurso de food trucks el 15 de noviembre, mientras que el icono internacional de la barbacoa Kevin Bludso ser\u00e1 el juez estrella del concurso de barbacoa el 16 de noviembre. Estos eventos son algo m\u00e1s que competiciones: son aut\u00e9nticos trampolines para el talento de la isla, donde cada plato se convierte en un manifiesto de t\u00e9cnica, identidad y emoci\u00f3n.  <\/span><\/p><p><span style=\"font-weight: 400;\">El concurso de restauraci\u00f3n se celebrar\u00e1 al aire libre en el puerto deportivo de Fort Louis los d\u00edas 18 y 19 de noviembre para las semifinales, con una gran final p\u00fablica el d\u00eda 21. Es un espect\u00e1culo culinario abierto a todos, dise\u00f1ado para mostrar la profesi\u00f3n en todo su esplendor t\u00e9cnico. <\/span><\/p>\t\t\t\t\t\t\t\t<\/div>\n\t\t\t\t<\/div>\n\t\t\t\t<section class=\"elementor-section elementor-inner-section elementor-element elementor-element-26263c6 elementor-section-boxed elementor-section-height-default elementor-section-height-default\" data-id=\"26263c6\" data-element_type=\"section\">\n\t\t\t\t\t\t<div class=\"elementor-container elementor-column-gap-default\">\n\t\t\t\t\t<div class=\"elementor-column elementor-col-100 elementor-inner-column elementor-element elementor-element-c197142\" data-id=\"c197142\" data-element_type=\"column\">\n\t\t\t<div class=\"elementor-widget-wrap elementor-element-populated\">\n\t\t\t\t\t\t<div class=\"elementor-element elementor-element-162a59f elementor-widget elementor-widget-image\" data-id=\"162a59f\" data-element_type=\"widget\" data-widget_type=\"image.default\">\n\t\t\t\t<div class=\"elementor-widget-container\">\n\t\t\t\t\t\t\t\t\t\t\t\t\t\t\t<img loading=\"lazy\" decoding=\"async\" width=\"800\" height=\"534\" src=\"https:\/\/richeskarayib.com\/wp-content\/uploads\/2025\/06\/Competition-de-BBQ-1024x683.webp\" class=\"attachment-large size-large wp-image-54730\" alt=\"Festival de la Gastronomie de Saint-Martin\" srcset=\"https:\/\/richeskarayib.com\/wp-content\/uploads\/2025\/06\/Competition-de-BBQ-1024x683.webp 1024w, https:\/\/richeskarayib.com\/wp-content\/uploads\/2025\/06\/Competition-de-BBQ-300x200.webp 300w, https:\/\/richeskarayib.com\/wp-content\/uploads\/2025\/06\/Competition-de-BBQ-768x512.webp 768w, https:\/\/richeskarayib.com\/wp-content\/uploads\/2025\/06\/Competition-de-BBQ-1536x1024.webp 1536w, https:\/\/richeskarayib.com\/wp-content\/uploads\/2025\/06\/Competition-de-BBQ-1320x880.webp 1320w, https:\/\/richeskarayib.com\/wp-content\/uploads\/2025\/06\/Competition-de-BBQ.webp 1920w\" sizes=\"(max-width: 800px) 100vw, 800px\" \/>\t\t\t\t\t\t\t\t\t\t\t\t\t\t\t<\/div>\n\t\t\t\t<\/div>\n\t\t\t\t\t<\/div>\n\t\t<\/div>\n\t\t\t\t\t<\/div>\n\t\t<\/section>\n\t\t\t\t\t<\/div>\n\t\t<\/div>\n\t\t\t\t\t<\/div>\n\t\t<\/section>\n\t\t\t\t<section class=\"elementor-section elementor-top-section elementor-element elementor-element-5b928cf elementor-section-boxed elementor-section-height-default elementor-section-height-default\" data-id=\"5b928cf\" data-element_type=\"section\">\n\t\t\t\t\t\t<div class=\"elementor-container elementor-column-gap-default\">\n\t\t\t\t\t<div class=\"elementor-column elementor-col-100 elementor-top-column elementor-element elementor-element-587c274\" data-id=\"587c274\" data-element_type=\"column\">\n\t\t\t<div class=\"elementor-widget-wrap elementor-element-populated\">\n\t\t\t\t\t\t<div class=\"elementor-element elementor-element-2047da4 elementor-widget elementor-widget-heading\" data-id=\"2047da4\" data-element_type=\"widget\" data-widget_type=\"heading.default\">\n\t\t\t\t<div class=\"elementor-widget-container\">\n\t\t\t\t\t<h2 class=\"elementor-heading-title elementor-size-default\">Fruta de la pasi\u00f3n: en el coraz\u00f3n de la inspiraci\u00f3n<\/h2>\t\t\t\t<\/div>\n\t\t\t\t<\/div>\n\t\t\t\t<div class=\"elementor-element elementor-element-994871c elementor-widget elementor-widget-text-editor\" data-id=\"994871c\" data-element_type=\"widget\" data-widget_type=\"text-editor.default\">\n\t\t\t\t<div class=\"elementor-widget-container\">\n\t\t\t\t\t\t\t\t\t<p><span style=\"font-weight: 400;\">La fruta de la pasi\u00f3n es el ingrediente estrella del Festival de la Gastronom\u00eda de Saint-Martin 2025 de este a\u00f1o. Esta peque\u00f1a joya tropical, cultivada localmente, es objeto de mucha atenci\u00f3n: utilizada en zumo, coulis, mousse o escabeche, permite a los chefs expresar su saber hacer en composiciones atrevidas. <\/span><\/p><p><span style=\"font-weight: 400;\">Rica en vitamina C, fibra y antioxidantes, combina el placer del sabor con los beneficios nutricionales. Desde c\u00f3cteles a platos salados, sin olvidar los postres m\u00e1s refinados, se puede utilizar en todas las texturas y temperaturas. <\/span><\/p>\t\t\t\t\t\t\t\t<\/div>\n\t\t\t\t<\/div>\n\t\t\t\t<section class=\"elementor-section elementor-inner-section elementor-element elementor-element-d40aae9 elementor-section-boxed elementor-section-height-default elementor-section-height-default\" data-id=\"d40aae9\" data-element_type=\"section\">\n\t\t\t\t\t\t<div class=\"elementor-container elementor-column-gap-default\">\n\t\t\t\t\t<div class=\"elementor-column elementor-col-100 elementor-inner-column elementor-element elementor-element-6c77c54\" data-id=\"6c77c54\" data-element_type=\"column\">\n\t\t\t<div class=\"elementor-widget-wrap elementor-element-populated\">\n\t\t\t\t\t\t<div class=\"elementor-element elementor-element-db2800c elementor-widget elementor-widget-image\" data-id=\"db2800c\" data-element_type=\"widget\" data-widget_type=\"image.default\">\n\t\t\t\t<div class=\"elementor-widget-container\">\n\t\t\t\t\t\t\t\t\t\t\t\t\t\t\t<img loading=\"lazy\" decoding=\"async\" width=\"800\" height=\"651\" src=\"https:\/\/richeskarayib.com\/wp-content\/uploads\/2025\/06\/Dollarphotoclub_37968738-1024x833.jpg\" class=\"attachment-large size-large wp-image-54726\" alt=\"Festival de la Gastronomie de Saint-Martin\" srcset=\"https:\/\/richeskarayib.com\/wp-content\/uploads\/2025\/06\/Dollarphotoclub_37968738-1024x833.jpg 1024w, https:\/\/richeskarayib.com\/wp-content\/uploads\/2025\/06\/Dollarphotoclub_37968738-300x244.jpg 300w, https:\/\/richeskarayib.com\/wp-content\/uploads\/2025\/06\/Dollarphotoclub_37968738-768x624.jpg 768w, https:\/\/richeskarayib.com\/wp-content\/uploads\/2025\/06\/Dollarphotoclub_37968738-1536x1249.jpg 1536w, https:\/\/richeskarayib.com\/wp-content\/uploads\/2025\/06\/Dollarphotoclub_37968738-1320x1073.jpg 1320w, https:\/\/richeskarayib.com\/wp-content\/uploads\/2025\/06\/Dollarphotoclub_37968738.jpg 1920w\" sizes=\"(max-width: 800px) 100vw, 800px\" \/>\t\t\t\t\t\t\t\t\t\t\t\t\t\t\t<\/div>\n\t\t\t\t<\/div>\n\t\t\t\t\t<\/div>\n\t\t<\/div>\n\t\t\t\t\t<\/div>\n\t\t<\/section>\n\t\t\t\t\t<\/div>\n\t\t<\/div>\n\t\t\t\t\t<\/div>\n\t\t<\/section>\n\t\t\t\t<section class=\"elementor-section elementor-top-section elementor-element elementor-element-8c285e6 elementor-section-boxed elementor-section-height-default elementor-section-height-default\" data-id=\"8c285e6\" data-element_type=\"section\">\n\t\t\t\t\t\t<div class=\"elementor-container elementor-column-gap-default\">\n\t\t\t\t\t<div class=\"elementor-column elementor-col-100 elementor-top-column elementor-element elementor-element-a3c2f9d\" data-id=\"a3c2f9d\" data-element_type=\"column\">\n\t\t\t<div class=\"elementor-widget-wrap elementor-element-populated\">\n\t\t\t\t\t\t<div class=\"elementor-element elementor-element-93cd857 elementor-widget elementor-widget-heading\" data-id=\"93cd857\" data-element_type=\"widget\" data-widget_type=\"heading.default\">\n\t\t\t\t<div class=\"elementor-widget-container\">\n\t\t\t\t\t<h2 class=\"elementor-heading-title elementor-size-default\">Formaci\u00f3n, transmisi\u00f3n y juventud en el centro del proyecto<\/h2>\t\t\t\t<\/div>\n\t\t\t\t<\/div>\n\t\t\t\t<div class=\"elementor-element elementor-element-7205648 elementor-widget elementor-widget-text-editor\" data-id=\"7205648\" data-element_type=\"widget\" data-widget_type=\"text-editor.default\">\n\t\t\t\t<div class=\"elementor-widget-container\">\n\t\t\t\t\t\t\t\t\t<p><span style=\"font-weight: 400;\">La esencia misma del Festival de Gastronom\u00eda de Saint-Martin 2025 es la transmisi\u00f3n. Cada a\u00f1o, los chefs invitados y las instituciones locales unen sus fuerzas para fomentar las vocaciones. Habr\u00e1 presentaciones en las escuelas el 13 de noviembre, seguidas del concurso de bachillerato el 17 de noviembre. Esta din\u00e1mica educativa se refuerza con la velada ben\u00e9fica del 20 de noviembre, cuyos beneficios se donar\u00e1n al Lyc\u00e9e Professionnel Daniella Jeffry para apoyar la modernizaci\u00f3n de su equipamiento y proyectos educativos.   <\/span><\/p><p><span style=\"font-weight: 400;\">Los talleres de cocina, programados del 15 al 17 de noviembre, estar\u00e1n abiertos tanto a ni\u00f1os como a adultos, con diversos formatos: sesiones t\u00e9cnicas, talleres familiares y Sip &#8216;n Cook, donde la mixolog\u00eda se une a la gastronom\u00eda.<\/span><\/p>\t\t\t\t\t\t\t\t<\/div>\n\t\t\t\t<\/div>\n\t\t\t\t<section class=\"elementor-section elementor-inner-section elementor-element elementor-element-40f8bc3 elementor-section-boxed elementor-section-height-default elementor-section-height-default\" data-id=\"40f8bc3\" data-element_type=\"section\">\n\t\t\t\t\t\t<div class=\"elementor-container elementor-column-gap-default\">\n\t\t\t\t\t<div class=\"elementor-column elementor-col-100 elementor-inner-column elementor-element elementor-element-1283dc5\" data-id=\"1283dc5\" data-element_type=\"column\">\n\t\t\t<div class=\"elementor-widget-wrap elementor-element-populated\">\n\t\t\t\t\t\t<div class=\"elementor-element elementor-element-e6a5e32 elementor-widget elementor-widget-image\" data-id=\"e6a5e32\" data-element_type=\"widget\" data-widget_type=\"image.default\">\n\t\t\t\t<div class=\"elementor-widget-container\">\n\t\t\t\t\t\t\t\t\t\t\t\t<figure class=\"wp-caption\">\n\t\t\t\t\t\t\t\t\t\t<img loading=\"lazy\" decoding=\"async\" width=\"800\" height=\"534\" src=\"https:\/\/richeskarayib.com\/wp-content\/uploads\/2025\/06\/Competition-des-lyceens-1024x683.webp\" class=\"attachment-large size-large wp-image-54734\" alt=\"Festival de la Gastronomie de Saint-Martin\" srcset=\"https:\/\/richeskarayib.com\/wp-content\/uploads\/2025\/06\/Competition-des-lyceens-1024x683.webp 1024w, https:\/\/richeskarayib.com\/wp-content\/uploads\/2025\/06\/Competition-des-lyceens-300x200.webp 300w, https:\/\/richeskarayib.com\/wp-content\/uploads\/2025\/06\/Competition-des-lyceens-768x512.webp 768w, https:\/\/richeskarayib.com\/wp-content\/uploads\/2025\/06\/Competition-des-lyceens-1536x1024.webp 1536w, https:\/\/richeskarayib.com\/wp-content\/uploads\/2025\/06\/Competition-des-lyceens-1320x880.webp 1320w, https:\/\/richeskarayib.com\/wp-content\/uploads\/2025\/06\/Competition-des-lyceens.webp 1920w\" sizes=\"(max-width: 800px) 100vw, 800px\" \/>\t\t\t\t\t\t\t\t\t\t\t<figcaption class=\"widget-image-caption wp-caption-text\">\u00a9Festival de la Gastronomie de Saint-Martin<\/figcaption>\n\t\t\t\t\t\t\t\t\t\t<\/figure>\n\t\t\t\t\t\t\t\t\t<\/div>\n\t\t\t\t<\/div>\n\t\t\t\t\t<\/div>\n\t\t<\/div>\n\t\t\t\t\t<\/div>\n\t\t<\/section>\n\t\t\t\t\t<\/div>\n\t\t<\/div>\n\t\t\t\t\t<\/div>\n\t\t<\/section>\n\t\t\t\t<section class=\"elementor-section elementor-top-section elementor-element elementor-element-69c261c elementor-section-boxed elementor-section-height-default elementor-section-height-default\" data-id=\"69c261c\" data-element_type=\"section\">\n\t\t\t\t\t\t<div class=\"elementor-container elementor-column-gap-default\">\n\t\t\t\t\t<div class=\"elementor-column elementor-col-100 elementor-top-column elementor-element elementor-element-b116ff4\" data-id=\"b116ff4\" data-element_type=\"column\">\n\t\t\t<div class=\"elementor-widget-wrap elementor-element-populated\">\n\t\t\t\t\t\t<div class=\"elementor-element elementor-element-c906a22 elementor-widget elementor-widget-heading\" data-id=\"c906a22\" data-element_type=\"widget\" data-widget_type=\"heading.default\">\n\t\t\t\t<div class=\"elementor-widget-container\">\n\t\t\t\t\t<h2 class=\"elementor-heading-title elementor-size-default\">Un pueblo culinario y artistas para dar vida a Marigot<\/h2>\t\t\t\t<\/div>\n\t\t\t\t<\/div>\n\t\t\t\t<div class=\"elementor-element elementor-element-993f63c elementor-widget elementor-widget-text-editor\" data-id=\"993f63c\" data-element_type=\"widget\" data-widget_type=\"text-editor.default\">\n\t\t\t\t<div class=\"elementor-widget-container\">\n\t\t\t\t\t\t\t\t\t<p><span style=\"font-weight: 400;\">Los d\u00edas 14 y 15 de noviembre, el paseo mar\u00edtimo de Marigot acoger\u00e1 el Village de la Gastronomie, un escaparate al aire libre de la excelencia culinaria. Restaurantes, camiones de comida y puestos temporales servir\u00e1n sabrosos manjares de los mejores restaurantes de Saint-Martin. Artistas internacionales subir\u00e1n al escenario para electrizar el ambiente y hacer de estas dos veladas un aut\u00e9ntico festival sensorial.  <\/span><\/p>\t\t\t\t\t\t\t\t<\/div>\n\t\t\t\t<\/div>\n\t\t\t\t<section class=\"elementor-section elementor-inner-section elementor-element elementor-element-94aff81 elementor-section-boxed elementor-section-height-default elementor-section-height-default\" data-id=\"94aff81\" data-element_type=\"section\">\n\t\t\t\t\t\t<div class=\"elementor-container elementor-column-gap-default\">\n\t\t\t\t\t<div class=\"elementor-column elementor-col-100 elementor-inner-column elementor-element elementor-element-999e6f9\" data-id=\"999e6f9\" data-element_type=\"column\">\n\t\t\t<div class=\"elementor-widget-wrap elementor-element-populated\">\n\t\t\t\t\t\t<div class=\"elementor-element elementor-element-a730775 elementor-widget elementor-widget-image\" data-id=\"a730775\" data-element_type=\"widget\" data-widget_type=\"image.default\">\n\t\t\t\t<div class=\"elementor-widget-container\">\n\t\t\t\t\t\t\t\t\t\t\t\t<figure class=\"wp-caption\">\n\t\t\t\t\t\t\t\t\t\t<img loading=\"lazy\" decoding=\"async\" width=\"800\" height=\"534\" src=\"https:\/\/richeskarayib.com\/wp-content\/uploads\/2025\/06\/Village-de-la-Gastronomie-1024x683.webp\" class=\"attachment-large size-large wp-image-54718\" alt=\"Festival de la Gastronomie de Saint-Martin\" srcset=\"https:\/\/richeskarayib.com\/wp-content\/uploads\/2025\/06\/Village-de-la-Gastronomie-1024x683.webp 1024w, https:\/\/richeskarayib.com\/wp-content\/uploads\/2025\/06\/Village-de-la-Gastronomie-300x200.webp 300w, https:\/\/richeskarayib.com\/wp-content\/uploads\/2025\/06\/Village-de-la-Gastronomie-768x512.webp 768w, https:\/\/richeskarayib.com\/wp-content\/uploads\/2025\/06\/Village-de-la-Gastronomie-1536x1024.webp 1536w, https:\/\/richeskarayib.com\/wp-content\/uploads\/2025\/06\/Village-de-la-Gastronomie-1320x880.webp 1320w, https:\/\/richeskarayib.com\/wp-content\/uploads\/2025\/06\/Village-de-la-Gastronomie.webp 1920w\" sizes=\"(max-width: 800px) 100vw, 800px\" \/>\t\t\t\t\t\t\t\t\t\t\t<figcaption class=\"widget-image-caption wp-caption-text\">\u00a9Festival de la Gastronomie de Saint-Martin<\/figcaption>\n\t\t\t\t\t\t\t\t\t\t<\/figure>\n\t\t\t\t\t\t\t\t\t<\/div>\n\t\t\t\t<\/div>\n\t\t\t\t\t<\/div>\n\t\t<\/div>\n\t\t\t\t\t<\/div>\n\t\t<\/section>\n\t\t\t\t\t<\/div>\n\t\t<\/div>\n\t\t\t\t\t<\/div>\n\t\t<\/section>\n\t\t\t\t<section class=\"elementor-section elementor-top-section elementor-element elementor-element-9f63a36 elementor-section-boxed elementor-section-height-default elementor-section-height-default\" data-id=\"9f63a36\" data-element_type=\"section\">\n\t\t\t\t\t\t<div class=\"elementor-container elementor-column-gap-default\">\n\t\t\t\t\t<div class=\"elementor-column elementor-col-100 elementor-top-column elementor-element elementor-element-9236c34\" data-id=\"9236c34\" data-element_type=\"column\">\n\t\t\t<div class=\"elementor-widget-wrap elementor-element-populated\">\n\t\t\t\t\t\t<div class=\"elementor-element elementor-element-943b253 elementor-widget elementor-widget-heading\" data-id=\"943b253\" data-element_type=\"widget\" data-widget_type=\"heading.default\">\n\t\t\t\t<div class=\"elementor-widget-container\">\n\t\t\t\t\t<h2 class=\"elementor-heading-title elementor-size-default\">El arte de la cocteler\u00eda y los dulces en el punto de mira<\/h2>\t\t\t\t<\/div>\n\t\t\t\t<\/div>\n\t\t\t\t<div class=\"elementor-element elementor-element-643d96c elementor-widget elementor-widget-text-editor\" data-id=\"643d96c\" data-element_type=\"widget\" data-widget_type=\"text-editor.default\">\n\t\t\t\t<div class=\"elementor-widget-container\">\n\t\t\t\t\t\t\t\t\t<p><span style=\"font-weight: 400;\">El 21 de noviembre, el concurso de mixolog\u00eda del Festival de la Gastronom\u00eda de San Mart\u00edn 2025 mostrar\u00e1 a los mejores barmans y barmaids de la isla con creaciones innovadoras basadas en productos locales. C\u00f3cteles ahumados, infusionados, helados o flambeados: todo vale, siempre que sea lo bastante atrevido. <\/span><\/p><p><span style=\"font-weight: 400;\">Al mismo tiempo, los pasteleros de la isla competir\u00e1n por el t\u00edtulo del postre m\u00e1s exquisito de San Mart\u00edn. Se trata de un concurso dedicado a la delicadeza, la t\u00e9cnica y la presentaci\u00f3n de la fruta de la pasi\u00f3n en formatos in\u00e9ditos. <\/span><\/p>\t\t\t\t\t\t\t\t<\/div>\n\t\t\t\t<\/div>\n\t\t\t\t<section class=\"elementor-section elementor-inner-section elementor-element elementor-element-4bd1992 elementor-section-boxed elementor-section-height-default elementor-section-height-default\" data-id=\"4bd1992\" data-element_type=\"section\">\n\t\t\t\t\t\t<div class=\"elementor-container elementor-column-gap-default\">\n\t\t\t\t\t<div class=\"elementor-column elementor-col-100 elementor-inner-column elementor-element elementor-element-46348a5\" data-id=\"46348a5\" data-element_type=\"column\">\n\t\t\t<div class=\"elementor-widget-wrap elementor-element-populated\">\n\t\t\t\t\t\t<div class=\"elementor-element elementor-element-9fbc552 elementor-widget elementor-widget-image\" data-id=\"9fbc552\" data-element_type=\"widget\" data-widget_type=\"image.default\">\n\t\t\t\t<div class=\"elementor-widget-container\">\n\t\t\t\t\t\t\t\t\t\t\t\t<figure class=\"wp-caption\">\n\t\t\t\t\t\t\t\t\t\t<img loading=\"lazy\" decoding=\"async\" width=\"800\" height=\"534\" src=\"https:\/\/richeskarayib.com\/wp-content\/uploads\/2025\/06\/Competition-de-mixologie-1024x683.webp\" class=\"attachment-large size-large wp-image-54714\" alt=\"Festival de la Gastronomie de Saint-Martin\" srcset=\"https:\/\/richeskarayib.com\/wp-content\/uploads\/2025\/06\/Competition-de-mixologie-1024x683.webp 1024w, https:\/\/richeskarayib.com\/wp-content\/uploads\/2025\/06\/Competition-de-mixologie-300x200.webp 300w, https:\/\/richeskarayib.com\/wp-content\/uploads\/2025\/06\/Competition-de-mixologie-768x512.webp 768w, https:\/\/richeskarayib.com\/wp-content\/uploads\/2025\/06\/Competition-de-mixologie-1536x1024.webp 1536w, https:\/\/richeskarayib.com\/wp-content\/uploads\/2025\/06\/Competition-de-mixologie-1320x880.webp 1320w, https:\/\/richeskarayib.com\/wp-content\/uploads\/2025\/06\/Competition-de-mixologie.webp 1920w\" sizes=\"(max-width: 800px) 100vw, 800px\" \/>\t\t\t\t\t\t\t\t\t\t\t<figcaption class=\"widget-image-caption wp-caption-text\">\u00a9Festival de la Gastronomie de Saint-Martin<\/figcaption>\n\t\t\t\t\t\t\t\t\t\t<\/figure>\n\t\t\t\t\t\t\t\t\t<\/div>\n\t\t\t\t<\/div>\n\t\t\t\t\t<\/div>\n\t\t<\/div>\n\t\t\t\t\t<\/div>\n\t\t<\/section>\n\t\t\t\t\t<\/div>\n\t\t<\/div>\n\t\t\t\t\t<\/div>\n\t\t<\/section>\n\t\t\t\t<section class=\"elementor-section elementor-top-section elementor-element elementor-element-6962cde elementor-section-boxed elementor-section-height-default elementor-section-height-default\" data-id=\"6962cde\" data-element_type=\"section\">\n\t\t\t\t\t\t<div class=\"elementor-container elementor-column-gap-default\">\n\t\t\t\t\t<div class=\"elementor-column elementor-col-100 elementor-top-column elementor-element elementor-element-d56b840\" data-id=\"d56b840\" data-element_type=\"column\">\n\t\t\t<div class=\"elementor-widget-wrap elementor-element-populated\">\n\t\t\t\t\t\t<div class=\"elementor-element elementor-element-4b7c71e elementor-widget elementor-widget-heading\" data-id=\"4b7c71e\" data-element_type=\"widget\" data-widget_type=\"heading.default\">\n\t\t\t\t<div class=\"elementor-widget-container\">\n\t\t\t\t\t<h2 class=\"elementor-heading-title elementor-size-default\">Clausura: una sinfon\u00eda de sabores de todo el mundo<\/h2>\t\t\t\t<\/div>\n\t\t\t\t<\/div>\n\t\t\t\t<div class=\"elementor-element elementor-element-d917c28 elementor-widget elementor-widget-text-editor\" data-id=\"d917c28\" data-element_type=\"widget\" data-widget_type=\"text-editor.default\">\n\t\t\t\t<div class=\"elementor-widget-container\">\n\t\t\t\t\t\t\t\t\t<p><span style=\"font-weight: 400;\">La velada de clausura del Festival de Gastronom\u00eda de San Mart\u00edn 2025, el 22 de noviembre, reunir\u00e1 a todos los cocineros participantes en una cena final con sabor internacional. Se servir\u00e1n platos de \u00c1frica, el Caribe, Europa y Estados Unidos en un ambiente festivo en el que actuar\u00e1n artistas de Martinica. Una celebraci\u00f3n final digna de un evento que, una vez m\u00e1s, ha superado todas las expectativas.  <\/span><\/p>\t\t\t\t\t\t\t\t<\/div>\n\t\t\t\t<\/div>\n\t\t\t\t\t<\/div>\n\t\t<\/div>\n\t\t\t\t\t<\/div>\n\t\t<\/section>\n\t\t\t\t<section class=\"elementor-section elementor-top-section elementor-element elementor-element-81f3b33 elementor-section-boxed elementor-section-height-default elementor-section-height-default\" data-id=\"81f3b33\" data-element_type=\"section\">\n\t\t\t\t\t\t<div class=\"elementor-container elementor-column-gap-default\">\n\t\t\t\t\t<div class=\"elementor-column elementor-col-100 elementor-top-column elementor-element elementor-element-f2b076f\" data-id=\"f2b076f\" data-element_type=\"column\">\n\t\t\t<div class=\"elementor-widget-wrap elementor-element-populated\">\n\t\t\t\t\t\t<div class=\"elementor-element elementor-element-0fd71b2 elementor-widget elementor-widget-text-editor\" data-id=\"0fd71b2\" data-element_type=\"widget\" data-widget_type=\"text-editor.default\">\n\t\t\t\t<div class=\"elementor-widget-container\">\n\t\t\t\t\t\t\t\t\t<p><span style=\"font-weight: 400;\">Participar en el Festival de la Gastronom\u00eda de Saint-Martin 2025 significa apoyar una visi\u00f3n: la de un territorio que se apoya en su saber hacer, sus talentos y su juventud para brillar m\u00e1s all\u00e1 de sus fronteras. Durante diez d\u00edas, decenas de actos, experiencias y encuentros tejer\u00e1n un tejido com\u00fan: el de una isla gastron\u00f3mica, creativa y abierta al mundo. <\/span><\/p>\t\t\t\t\t\t\t\t<\/div>\n\t\t\t\t<\/div>\n\t\t\t\t\t<\/div>\n\t\t<\/div>\n\t\t\t\t\t<\/div>\n\t\t<\/section>\n\t\t\t\t<\/div>\n\t\t","protected":false},"excerpt":{"rendered":"<p>\u00bfY si una isla pudiera contar su historia a trav\u00e9s de sus aromas, sus recetas y sus cocineros? El Festival de la Gastronom\u00eda de Saint-Martin 2025 es la prueba. Del 11 al 22 de noviembre, la parte francesa de la isla se transformar\u00e1 en un gran laboratorio del gusto, donde la tradici\u00f3n se une a [&hellip;]<\/p>\n","protected":false},"author":662,"featured_media":54709,"comment_status":"open","ping_status":"open","sticky":false,"template":"","format":"standard","meta":{"_acf_changed":false,"footnotes":""},"categories":[1484,839],"tags":[1615],"class_list":["post-54760","post","type-post","status-publish","format-standard","has-post-thumbnail","hentry","category-arte-culinario","category-noticias","tag-saint-martin-es"],"acf":[],"_links":{"self":[{"href":"https:\/\/richeskarayib.com\/es\/wp-json\/wp\/v2\/posts\/54760","targetHints":{"allow":["GET"]}}],"collection":[{"href":"https:\/\/richeskarayib.com\/es\/wp-json\/wp\/v2\/posts"}],"about":[{"href":"https:\/\/richeskarayib.com\/es\/wp-json\/wp\/v2\/types\/post"}],"author":[{"embeddable":true,"href":"https:\/\/richeskarayib.com\/es\/wp-json\/wp\/v2\/users\/662"}],"replies":[{"embeddable":true,"href":"https:\/\/richeskarayib.com\/es\/wp-json\/wp\/v2\/comments?post=54760"}],"version-history":[{"count":0,"href":"https:\/\/richeskarayib.com\/es\/wp-json\/wp\/v2\/posts\/54760\/revisions"}],"wp:featuredmedia":[{"embeddable":true,"href":"https:\/\/richeskarayib.com\/es\/wp-json\/wp\/v2\/media\/54709"}],"wp:attachment":[{"href":"https:\/\/richeskarayib.com\/es\/wp-json\/wp\/v2\/media?parent=54760"}],"wp:term":[{"taxonomy":"category","embeddable":true,"href":"https:\/\/richeskarayib.com\/es\/wp-json\/wp\/v2\/categories?post=54760"},{"taxonomy":"post_tag","embeddable":true,"href":"https:\/\/richeskarayib.com\/es\/wp-json\/wp\/v2\/tags?post=54760"}],"curies":[{"name":"wp","href":"https:\/\/api.w.org\/{rel}","templated":true}]}}