{"id":55054,"date":"2025-06-20T09:47:43","date_gmt":"2025-06-20T13:47:43","guid":{"rendered":"https:\/\/richeskarayib.com\/guadalupe-fee-karaib-cuidados-capilares-arraigados-en-las-tradiciones-antillanas\/"},"modified":"2025-06-20T09:47:44","modified_gmt":"2025-06-20T13:47:44","slug":"guadalupe-fee-karaib-cuidados-capilares-arraigados-en-las-tradiciones-antillanas","status":"publish","type":"post","link":"https:\/\/richeskarayib.com\/es\/guadalupe-fee-karaib-cuidados-capilares-arraigados-en-las-tradiciones-antillanas\/","title":{"rendered":"Guadalupe &#8211; F\u00e9e Kara\u00efb: cuidados capilares arraigados en las tradiciones antillanas"},"content":{"rendered":"\t\t<div data-elementor-type=\"wp-post\" data-elementor-id=\"55054\" class=\"elementor elementor-55054 elementor-54987\" data-elementor-post-type=\"post\">\n\t\t\t\t\t\t<section class=\"elementor-section elementor-top-section elementor-element elementor-element-e8d332b elementor-section-boxed elementor-section-height-default elementor-section-height-default\" data-id=\"e8d332b\" data-element_type=\"section\">\n\t\t\t\t\t\t<div class=\"elementor-container elementor-column-gap-default\">\n\t\t\t\t\t<div class=\"elementor-column elementor-col-100 elementor-top-column elementor-element elementor-element-1c4c1b1\" data-id=\"1c4c1b1\" data-element_type=\"column\">\n\t\t\t<div class=\"elementor-widget-wrap elementor-element-populated\">\n\t\t\t\t\t\t<div class=\"elementor-element elementor-element-ff67a61 elementor-widget elementor-widget-heading\" data-id=\"ff67a61\" data-element_type=\"widget\" data-widget_type=\"heading.default\">\n\t\t\t\t<div class=\"elementor-widget-container\">\n\t\t\t\t\t<h2 class=\"elementor-heading-title elementor-size-default\">Tres hermanas, una convicci\u00f3n: hacer del cabello un v\u00ednculo cultural\n<\/h2>\t\t\t\t<\/div>\n\t\t\t\t<\/div>\n\t\t\t\t<section class=\"elementor-section elementor-inner-section elementor-element elementor-element-3bb4cca elementor-section-boxed elementor-section-height-default elementor-section-height-default\" data-id=\"3bb4cca\" data-element_type=\"section\">\n\t\t\t\t\t\t<div class=\"elementor-container elementor-column-gap-default\">\n\t\t\t\t\t<div class=\"elementor-column elementor-col-100 elementor-inner-column elementor-element elementor-element-1eba920\" data-id=\"1eba920\" data-element_type=\"column\">\n\t\t\t<div class=\"elementor-widget-wrap elementor-element-populated\">\n\t\t\t\t\t\t<div class=\"elementor-element elementor-element-716acf2 elementor-widget elementor-widget-text-editor\" data-id=\"716acf2\" data-element_type=\"widget\" data-widget_type=\"text-editor.default\">\n\t\t\t\t<div class=\"elementor-widget-container\">\n\t\t\t\t\t\t\t\t\t<p><span style=\"font-weight: 400;\"><a href=\"https:\/\/www.instagram.com\/feekaraib\/\" target=\"_blank\" rel=\"noopener nofollow\">F\u00e9e Kara\u00efb<\/a> naci\u00f3 del compromiso de tres hermanas unidas por el mismo deseo: devolver el honor a los remedios capilares derivados del saber <a href=\"https:\/\/richeskarayib.com\/es\/escapada-a-saba-la-perla-volcanica-de-las-antillas-menores\/\" target=\"_blank\" rel=\"noopener\">antillano<\/a>. Lejos de los est\u00e1ndares industriales, han optado por un enfoque artesanal y local que respeta todas las texturas. F\u00e9e Kara\u00efb no es s\u00f3lo una marca.    <\/span><\/p>\t\t\t\t\t\t\t\t<\/div>\n\t\t\t\t<\/div>\n\t\t\t\t<div class=\"elementor-element elementor-element-eadd757 elementor-widget elementor-widget-text-editor\" data-id=\"eadd757\" data-element_type=\"widget\" data-widget_type=\"text-editor.default\">\n\t\t\t\t<div class=\"elementor-widget-container\">\n\t\t\t\t\t\t\t\t\t<p><span style=\"font-weight: 400;\">Es la historia de una herencia transmitida por los mayores, adaptada a las necesidades actuales. Su proyecto responde a una doble exigencia: conciliar modernidad y tradici\u00f3n, con una verdadera preocupaci\u00f3n por la transparencia sobre el origen y la calidad de los ingredientes. Afirman que dar un nuevo significado a la belleza significa redescubrir los gestos sencillos transmitidos de generaci\u00f3n en generaci\u00f3n, que nos reconectan tanto con nosotros mismos como con la tierra.  <\/span><\/p>\t\t\t\t\t\t\t\t<\/div>\n\t\t\t\t<\/div>\n\t\t\t\t\t<\/div>\n\t\t<\/div>\n\t\t\t\t\t<\/div>\n\t\t<\/section>\n\t\t\t\t\t<\/div>\n\t\t<\/div>\n\t\t\t\t\t<\/div>\n\t\t<\/section>\n\t\t\t\t<section class=\"elementor-section elementor-top-section elementor-element elementor-element-34e72cf elementor-section-boxed elementor-section-height-default elementor-section-height-default\" data-id=\"34e72cf\" data-element_type=\"section\">\n\t\t\t\t\t\t<div class=\"elementor-container elementor-column-gap-default\">\n\t\t\t\t\t<div class=\"elementor-column elementor-col-100 elementor-top-column elementor-element elementor-element-6d7868a\" data-id=\"6d7868a\" data-element_type=\"column\">\n\t\t\t<div class=\"elementor-widget-wrap elementor-element-populated\">\n\t\t\t\t\t\t<div class=\"elementor-element elementor-element-4428903 elementor-widget elementor-widget-heading\" data-id=\"4428903\" data-element_type=\"widget\" data-widget_type=\"heading.default\">\n\t\t\t\t<div class=\"elementor-widget-container\">\n\t\t\t\t\t<h2 class=\"elementor-heading-title elementor-size-default\">F\u00e9e Kara\u00efb: aprovechar al m\u00e1ximo los recursos del Caribe<\/h2>\t\t\t\t<\/div>\n\t\t\t\t<\/div>\n\t\t\t\t<div class=\"elementor-element elementor-element-25340a1 elementor-widget elementor-widget-text-editor\" data-id=\"25340a1\" data-element_type=\"widget\" data-widget_type=\"text-editor.default\">\n\t\t\t\t<div class=\"elementor-widget-container\">\n\t\t\t\t\t\t\t\t\t<p><span style=\"font-weight: 400;\">Anclada en la regi\u00f3n, <a href=\"https:\/\/feekaraib.com\/en\" target=\"_blank\" rel=\"noopener nofollow\">F\u00e9e Kara\u00efb<\/a> se basa en ingredientes emblem\u00e1ticos de la agricultura antillana: caf\u00e9, mango, manteca de karit\u00e9, cera de abejas y aceite de oliva. Estas materias primas se seleccionan por sus propiedades naturales, pero tambi\u00e9n por su origen, con vistas a cortocircuitar y apoyar a los productores locales.   <\/span><\/p><p><span style=\"font-weight: 400;\">Cada producto para el cuidado del cabello encarna esta alianza entre eficacia, \u00e9tica y memoria colectiva. Al promover la econom\u00eda circular y la agricultura sostenible, F\u00e9e Kara\u00efb refuerza una cadena de valor realmente comprometida, que beneficia directamente a las mujeres agricultoras y artesanas de las islas. Los envases limitados y las cantidades producidas siguen siendo fieles a esta voluntad de autenticidad.  <\/span><\/p>\t\t\t\t\t\t\t\t<\/div>\n\t\t\t\t<\/div>\n\t\t\t\t<section class=\"elementor-section elementor-inner-section elementor-element elementor-element-f0ac4e4 elementor-section-boxed elementor-section-height-default elementor-section-height-default\" data-id=\"f0ac4e4\" data-element_type=\"section\">\n\t\t\t\t\t\t<div class=\"elementor-container elementor-column-gap-default\">\n\t\t\t\t\t<div class=\"elementor-column elementor-col-50 elementor-inner-column elementor-element elementor-element-e286633\" data-id=\"e286633\" data-element_type=\"column\">\n\t\t\t<div class=\"elementor-widget-wrap elementor-element-populated\">\n\t\t\t\t\t\t<div class=\"elementor-element elementor-element-7116bc8 elementor-widget elementor-widget-image\" data-id=\"7116bc8\" data-element_type=\"widget\" data-widget_type=\"image.default\">\n\t\t\t\t<div class=\"elementor-widget-container\">\n\t\t\t\t\t\t\t\t\t\t\t\t<figure class=\"wp-caption\">\n\t\t\t\t\t\t\t\t\t\t<img fetchpriority=\"high\" decoding=\"async\" width=\"683\" height=\"1024\" src=\"https:\/\/richeskarayib.com\/wp-content\/uploads\/2025\/06\/397f2da5-828e-49f0-8057-73045cfe82ac-683x1024.webp\" class=\"attachment-large size-large wp-image-55031\" alt=\"F\u00e9e Kara\u00efb\" srcset=\"https:\/\/richeskarayib.com\/wp-content\/uploads\/2025\/06\/397f2da5-828e-49f0-8057-73045cfe82ac-683x1024.webp 683w, https:\/\/richeskarayib.com\/wp-content\/uploads\/2025\/06\/397f2da5-828e-49f0-8057-73045cfe82ac-200x300.webp 200w, https:\/\/richeskarayib.com\/wp-content\/uploads\/2025\/06\/397f2da5-828e-49f0-8057-73045cfe82ac-768x1152.webp 768w, https:\/\/richeskarayib.com\/wp-content\/uploads\/2025\/06\/397f2da5-828e-49f0-8057-73045cfe82ac-1024x1536.webp 1024w, https:\/\/richeskarayib.com\/wp-content\/uploads\/2025\/06\/397f2da5-828e-49f0-8057-73045cfe82ac.webp 1280w\" sizes=\"(max-width: 683px) 100vw, 683px\" \/>\t\t\t\t\t\t\t\t\t\t\t<figcaption class=\"widget-image-caption wp-caption-text\">\u00a9F\u00e9e Kara\u00efb<\/figcaption>\n\t\t\t\t\t\t\t\t\t\t<\/figure>\n\t\t\t\t\t\t\t\t\t<\/div>\n\t\t\t\t<\/div>\n\t\t\t\t\t<\/div>\n\t\t<\/div>\n\t\t\t\t<div class=\"elementor-column elementor-col-50 elementor-inner-column elementor-element elementor-element-305b8a3\" data-id=\"305b8a3\" data-element_type=\"column\">\n\t\t\t<div class=\"elementor-widget-wrap elementor-element-populated\">\n\t\t\t\t\t\t<div class=\"elementor-element elementor-element-67c88c4 elementor-widget elementor-widget-image\" data-id=\"67c88c4\" data-element_type=\"widget\" data-widget_type=\"image.default\">\n\t\t\t\t<div class=\"elementor-widget-container\">\n\t\t\t\t\t\t\t\t\t\t\t\t<figure class=\"wp-caption\">\n\t\t\t\t\t\t\t\t\t\t<img decoding=\"async\" width=\"683\" height=\"1024\" src=\"https:\/\/richeskarayib.com\/wp-content\/uploads\/2025\/06\/Chantilly-de-Cafe.jpg\" class=\"attachment-large size-large wp-image-55035\" alt=\"F\u00e9e Kara\u00efb\" srcset=\"https:\/\/richeskarayib.com\/wp-content\/uploads\/2025\/06\/Chantilly-de-Cafe.jpg 683w, https:\/\/richeskarayib.com\/wp-content\/uploads\/2025\/06\/Chantilly-de-Cafe-200x300.jpg 200w\" sizes=\"(max-width: 683px) 100vw, 683px\" \/>\t\t\t\t\t\t\t\t\t\t\t<figcaption class=\"widget-image-caption wp-caption-text\">\u00a9F\u00e9e Kara\u00efb<\/figcaption>\n\t\t\t\t\t\t\t\t\t\t<\/figure>\n\t\t\t\t\t\t\t\t\t<\/div>\n\t\t\t\t<\/div>\n\t\t\t\t\t<\/div>\n\t\t<\/div>\n\t\t\t\t\t<\/div>\n\t\t<\/section>\n\t\t\t\t\t<\/div>\n\t\t<\/div>\n\t\t\t\t\t<\/div>\n\t\t<\/section>\n\t\t\t\t<section class=\"elementor-section elementor-top-section elementor-element elementor-element-3756bbb elementor-section-boxed elementor-section-height-default elementor-section-height-default\" data-id=\"3756bbb\" data-element_type=\"section\">\n\t\t\t\t\t\t<div class=\"elementor-container elementor-column-gap-default\">\n\t\t\t\t\t<div class=\"elementor-column elementor-col-100 elementor-top-column elementor-element elementor-element-df79712\" data-id=\"df79712\" data-element_type=\"column\">\n\t\t\t<div class=\"elementor-widget-wrap elementor-element-populated\">\n\t\t\t\t\t\t<div class=\"elementor-element elementor-element-782f801 elementor-widget elementor-widget-heading\" data-id=\"782f801\" data-element_type=\"widget\" data-widget_type=\"heading.default\">\n\t\t\t\t<div class=\"elementor-widget-container\">\n\t\t\t\t\t<h2 class=\"elementor-heading-title elementor-size-default\">Productos dise\u00f1ados para nutrir, estimular y proteger<\/h2>\t\t\t\t<\/div>\n\t\t\t\t<\/div>\n\t\t\t\t<div class=\"elementor-element elementor-element-8492aa2 elementor-widget elementor-widget-text-editor\" data-id=\"8492aa2\" data-element_type=\"widget\" data-widget_type=\"text-editor.default\">\n\t\t\t\t<div class=\"elementor-widget-container\">\n\t\t\t\t\t\t\t\t\t<h3><b>Mantequilla de mango y caf\u00e9: nutrici\u00f3n y crecimiento<\/b><\/h3><p><span style=\"font-weight: 400;\">Rica en vitaminas A, C y E, la Manteca de Mango y Caf\u00e9 hidrata intensamente, mientras que el aceite con infusi\u00f3n de caf\u00e9 favorece el crecimiento del cabello. Puede utilizarse como producto de cuidado diario, como ba\u00f1o de aceite o como desenredante natural. Su textura suave realza todo tipo de cabellos, desde los m\u00e1s lisos a los m\u00e1s texturizados. Tambi\u00e9n puede utilizarse para proteger las puntas abiertas, que a menudo se descuidan, ofreciendo una soluci\u00f3n natural y multifuncional a las rutinas complejas.   <\/span><\/p>\t\t\t\t\t\t\t\t<\/div>\n\t\t\t\t<\/div>\n\t\t\t\t<section class=\"elementor-section elementor-inner-section elementor-element elementor-element-5302c8a elementor-section-boxed elementor-section-height-default elementor-section-height-default\" data-id=\"5302c8a\" data-element_type=\"section\">\n\t\t\t\t\t\t<div class=\"elementor-container elementor-column-gap-default\">\n\t\t\t\t\t<div class=\"elementor-column elementor-col-100 elementor-inner-column elementor-element elementor-element-727152a\" data-id=\"727152a\" data-element_type=\"column\">\n\t\t\t<div class=\"elementor-widget-wrap elementor-element-populated\">\n\t\t\t\t\t\t<div class=\"elementor-element elementor-element-0cd85e7 elementor-widget elementor-widget-image\" data-id=\"0cd85e7\" data-element_type=\"widget\" data-widget_type=\"image.default\">\n\t\t\t\t<div class=\"elementor-widget-container\">\n\t\t\t\t\t\t\t\t\t\t\t\t<figure class=\"wp-caption\">\n\t\t\t\t\t\t\t\t\t\t<img decoding=\"async\" width=\"800\" height=\"800\" src=\"https:\/\/richeskarayib.com\/wp-content\/uploads\/2025\/06\/Beurre-de-Mangue-au-Cafe.png\" class=\"attachment-large size-large wp-image-54995\" alt=\"F\u00e9e Kara\u00efb\" srcset=\"https:\/\/richeskarayib.com\/wp-content\/uploads\/2025\/06\/Beurre-de-Mangue-au-Cafe.png 1080w, https:\/\/richeskarayib.com\/wp-content\/uploads\/2025\/06\/Beurre-de-Mangue-au-Cafe-300x300.png 300w\" sizes=\"(max-width: 800px) 100vw, 800px\" \/>\t\t\t\t\t\t\t\t\t\t\t<figcaption class=\"widget-image-caption wp-caption-text\">\u00a9F\u00e9e Kara\u00efb<\/figcaption>\n\t\t\t\t\t\t\t\t\t\t<\/figure>\n\t\t\t\t\t\t\t\t\t<\/div>\n\t\t\t\t<\/div>\n\t\t\t\t\t<\/div>\n\t\t<\/div>\n\t\t\t\t\t<\/div>\n\t\t<\/section>\n\t\t\t\t<div class=\"elementor-element elementor-element-8cd00be elementor-widget elementor-widget-text-editor\" data-id=\"8cd00be\" data-element_type=\"widget\" data-widget_type=\"text-editor.default\">\n\t\t\t\t<div class=\"elementor-widget-container\">\n\t\t\t\t\t\t\t\t\t<h3><b>Chantilly de Caf\u00e9: fuerza y brillo<\/b><\/h3><p><span style=\"font-weight: 400;\">Chantilly de Caf\u00e9 combina manteca de karit\u00e9 y aceite de caf\u00e9 para fortalecer la fibra capilar. Estimula el crecimiento al tiempo que aporta brillo y flexibilidad. Ideal como tratamiento sin aclarado o antes del champ\u00fa, revela la estructura natural de los rizos y preserva la hidrataci\u00f3n del cabello. Gracias a su rica f\u00f3rmula, tambi\u00e9n puede utilizarse como mascarilla antes de la coloraci\u00f3n, ayudando a fijar y proteger la pigmentaci\u00f3n.   <\/span><\/p>\t\t\t\t\t\t\t\t<\/div>\n\t\t\t\t<\/div>\n\t\t\t\t<section class=\"elementor-section elementor-inner-section elementor-element elementor-element-3820411 elementor-section-boxed elementor-section-height-default elementor-section-height-default\" data-id=\"3820411\" data-element_type=\"section\">\n\t\t\t\t\t\t<div class=\"elementor-container elementor-column-gap-default\">\n\t\t\t\t\t<div class=\"elementor-column elementor-col-100 elementor-inner-column elementor-element elementor-element-cb67dbd\" data-id=\"cb67dbd\" data-element_type=\"column\">\n\t\t\t<div class=\"elementor-widget-wrap elementor-element-populated\">\n\t\t\t\t\t\t<div class=\"elementor-element elementor-element-42f6716 elementor-widget elementor-widget-image\" data-id=\"42f6716\" data-element_type=\"widget\" data-widget_type=\"image.default\">\n\t\t\t\t<div class=\"elementor-widget-container\">\n\t\t\t\t\t\t\t\t\t\t\t\t<figure class=\"wp-caption\">\n\t\t\t\t\t\t\t\t\t\t<img loading=\"lazy\" decoding=\"async\" width=\"800\" height=\"800\" src=\"https:\/\/richeskarayib.com\/wp-content\/uploads\/2025\/06\/Chantilly-de-Cafe.png\" class=\"attachment-large size-large wp-image-54999\" alt=\"F\u00e9e Kara\u00efb\" srcset=\"https:\/\/richeskarayib.com\/wp-content\/uploads\/2025\/06\/Chantilly-de-Cafe.png 1080w, https:\/\/richeskarayib.com\/wp-content\/uploads\/2025\/06\/Chantilly-de-Cafe-300x300.png 300w\" sizes=\"(max-width: 800px) 100vw, 800px\" \/>\t\t\t\t\t\t\t\t\t\t\t<figcaption class=\"widget-image-caption wp-caption-text\">\u00a9F\u00e9e Kara\u00efb<\/figcaption>\n\t\t\t\t\t\t\t\t\t\t<\/figure>\n\t\t\t\t\t\t\t\t\t<\/div>\n\t\t\t\t<\/div>\n\t\t\t\t\t<\/div>\n\t\t<\/div>\n\t\t\t\t\t<\/div>\n\t\t<\/section>\n\t\t\t\t<div class=\"elementor-element elementor-element-afc2a93 elementor-widget elementor-widget-text-editor\" data-id=\"afc2a93\" data-element_type=\"widget\" data-widget_type=\"text-editor.default\">\n\t\t\t\t<div class=\"elementor-widget-container\">\n\t\t\t\t\t\t\t\t\t<h3><b>Elixir de Caf\u00e9 y Aceite de Caf\u00e9: un ritual de crecimiento multiuso<\/b><\/h3><p><span style=\"font-weight: 400;\">El Elixir de Caf\u00e9 y el Aceite de Caf\u00e9 son concentrados de principios activos naturales que combaten la ca\u00edda del cabello y favorecen su crecimiento sano. Los posos de caf\u00e9 estimulan la circulaci\u00f3n sangu\u00ednea, el aceite de oliva fortalece la fibra y la vitamina E protege el cuero cabelludo. Estos tratamientos pueden utilizarse como s\u00e9rum, ba\u00f1o de aceite, en los largos, la barba o incluso la piel. Son especialmente populares entre las personas que quieren limitar el uso de productos qu\u00edmicos agresivos, conservando su eficacia y versatilidad.   <\/span><\/p>\t\t\t\t\t\t\t\t<\/div>\n\t\t\t\t<\/div>\n\t\t\t\t<section class=\"elementor-section elementor-inner-section elementor-element elementor-element-0230d42 elementor-section-boxed elementor-section-height-default elementor-section-height-default\" data-id=\"0230d42\" data-element_type=\"section\">\n\t\t\t\t\t\t<div class=\"elementor-container elementor-column-gap-default\">\n\t\t\t\t\t<div class=\"elementor-column elementor-col-100 elementor-inner-column elementor-element elementor-element-ced37b4\" data-id=\"ced37b4\" data-element_type=\"column\">\n\t\t\t<div class=\"elementor-widget-wrap elementor-element-populated\">\n\t\t\t\t\t\t<div class=\"elementor-element elementor-element-52bd713 elementor-widget elementor-widget-image\" data-id=\"52bd713\" data-element_type=\"widget\" data-widget_type=\"image.default\">\n\t\t\t\t<div class=\"elementor-widget-container\">\n\t\t\t\t\t\t\t\t\t\t\t\t<figure class=\"wp-caption\">\n\t\t\t\t\t\t\t\t\t\t<img loading=\"lazy\" decoding=\"async\" width=\"682\" height=\"1024\" src=\"https:\/\/richeskarayib.com\/wp-content\/uploads\/2025\/06\/Elixir-de-Cafe-2-682x1024.jpg\" class=\"attachment-large size-large wp-image-55003\" alt=\"F\u00e9e Kara\u00efb\" srcset=\"https:\/\/richeskarayib.com\/wp-content\/uploads\/2025\/06\/Elixir-de-Cafe-2-682x1024.jpg 682w, https:\/\/richeskarayib.com\/wp-content\/uploads\/2025\/06\/Elixir-de-Cafe-2-200x300.jpg 200w, https:\/\/richeskarayib.com\/wp-content\/uploads\/2025\/06\/Elixir-de-Cafe-2-768x1152.jpg 768w, https:\/\/richeskarayib.com\/wp-content\/uploads\/2025\/06\/Elixir-de-Cafe-2.jpg 853w\" sizes=\"(max-width: 682px) 100vw, 682px\" \/>\t\t\t\t\t\t\t\t\t\t\t<figcaption class=\"widget-image-caption wp-caption-text\">\u00a9F\u00e9e Kara\u00efb<\/figcaption>\n\t\t\t\t\t\t\t\t\t\t<\/figure>\n\t\t\t\t\t\t\t\t\t<\/div>\n\t\t\t\t<\/div>\n\t\t\t\t\t<\/div>\n\t\t<\/div>\n\t\t\t\t\t<\/div>\n\t\t<\/section>\n\t\t\t\t<div class=\"elementor-element elementor-element-424c385 elementor-widget elementor-widget-text-editor\" data-id=\"424c385\" data-element_type=\"widget\" data-widget_type=\"text-editor.default\">\n\t\t\t\t<div class=\"elementor-widget-container\">\n\t\t\t\t\t\t\t\t\t<h3><b>Cepillo masajeador estimulante: una herramienta para activar la microcirculaci\u00f3n<\/b><\/h3><p><span style=\"font-weight: 400;\">El Cepillo Masajeador Estimulante est\u00e1 dise\u00f1ado para todo tipo de cabellos. Sus suaves espinillas de silicona activan la microcirculaci\u00f3n del cuero cabelludo, favoreciendo la absorci\u00f3n de los productos de cuidado y fortaleciendo las ra\u00edces. Tambi\u00e9n ayuda a eliminar las impurezas y a reequilibrar el cuero cabelludo. Usado con regularidad, mejora visiblemente la textura y densidad del cabello y favorece la salud del cuero cabelludo, sobre todo despu\u00e9s del estr\u00e9s capilar o de un periodo de tratamiento m\u00e9dico.   <\/span><\/p>\t\t\t\t\t\t\t\t<\/div>\n\t\t\t\t<\/div>\n\t\t\t\t<section class=\"elementor-section elementor-inner-section elementor-element elementor-element-87f1bf9 elementor-section-boxed elementor-section-height-default elementor-section-height-default\" data-id=\"87f1bf9\" data-element_type=\"section\">\n\t\t\t\t\t\t<div class=\"elementor-container elementor-column-gap-default\">\n\t\t\t\t\t<div class=\"elementor-column elementor-col-50 elementor-inner-column elementor-element elementor-element-ac3d74b\" data-id=\"ac3d74b\" data-element_type=\"column\">\n\t\t\t<div class=\"elementor-widget-wrap elementor-element-populated\">\n\t\t\t\t\t\t<div class=\"elementor-element elementor-element-3896255 elementor-widget elementor-widget-image\" data-id=\"3896255\" data-element_type=\"widget\" data-widget_type=\"image.default\">\n\t\t\t\t<div class=\"elementor-widget-container\">\n\t\t\t\t\t\t\t\t\t\t\t\t<figure class=\"wp-caption\">\n\t\t\t\t\t\t\t\t\t\t<img loading=\"lazy\" decoding=\"async\" width=\"800\" height=\"800\" src=\"https:\/\/richeskarayib.com\/wp-content\/uploads\/2025\/06\/Brosse-Massante-Stimulante-1024x1024.png\" class=\"attachment-large size-large wp-image-55007\" alt=\"F\u00e9e Kara\u00efb\" srcset=\"https:\/\/richeskarayib.com\/wp-content\/uploads\/2025\/06\/Brosse-Massante-Stimulante-1024x1024.png 1024w, https:\/\/richeskarayib.com\/wp-content\/uploads\/2025\/06\/Brosse-Massante-Stimulante-300x300.png 300w, https:\/\/richeskarayib.com\/wp-content\/uploads\/2025\/06\/Brosse-Massante-Stimulante-150x150.png 150w, https:\/\/richeskarayib.com\/wp-content\/uploads\/2025\/06\/Brosse-Massante-Stimulante-768x768.png 768w, https:\/\/richeskarayib.com\/wp-content\/uploads\/2025\/06\/Brosse-Massante-Stimulante.png 1080w\" sizes=\"(max-width: 800px) 100vw, 800px\" \/>\t\t\t\t\t\t\t\t\t\t\t<figcaption class=\"widget-image-caption wp-caption-text\">\u00a9F\u00e9e Kara\u00efb<\/figcaption>\n\t\t\t\t\t\t\t\t\t\t<\/figure>\n\t\t\t\t\t\t\t\t\t<\/div>\n\t\t\t\t<\/div>\n\t\t\t\t\t<\/div>\n\t\t<\/div>\n\t\t\t\t<div class=\"elementor-column elementor-col-50 elementor-inner-column elementor-element elementor-element-a405311\" data-id=\"a405311\" data-element_type=\"column\">\n\t\t\t<div class=\"elementor-widget-wrap elementor-element-populated\">\n\t\t\t\t\t\t<div class=\"elementor-element elementor-element-f0e9e19 elementor-widget elementor-widget-image\" data-id=\"f0e9e19\" data-element_type=\"widget\" data-widget_type=\"image.default\">\n\t\t\t\t<div class=\"elementor-widget-container\">\n\t\t\t\t\t\t\t\t\t\t\t\t<figure class=\"wp-caption\">\n\t\t\t\t\t\t\t\t\t\t<img loading=\"lazy\" decoding=\"async\" width=\"800\" height=\"800\" src=\"https:\/\/richeskarayib.com\/wp-content\/uploads\/2025\/06\/Brosse-Massante-Stimulante-2-1024x1024.png\" class=\"attachment-large size-large wp-image-55011\" alt=\"F\u00e9e Kara\u00efb\" srcset=\"https:\/\/richeskarayib.com\/wp-content\/uploads\/2025\/06\/Brosse-Massante-Stimulante-2-1024x1024.png 1024w, https:\/\/richeskarayib.com\/wp-content\/uploads\/2025\/06\/Brosse-Massante-Stimulante-2-300x300.png 300w, https:\/\/richeskarayib.com\/wp-content\/uploads\/2025\/06\/Brosse-Massante-Stimulante-2-150x150.png 150w, https:\/\/richeskarayib.com\/wp-content\/uploads\/2025\/06\/Brosse-Massante-Stimulante-2-768x768.png 768w, https:\/\/richeskarayib.com\/wp-content\/uploads\/2025\/06\/Brosse-Massante-Stimulante-2.png 1080w\" sizes=\"(max-width: 800px) 100vw, 800px\" \/>\t\t\t\t\t\t\t\t\t\t\t<figcaption class=\"widget-image-caption wp-caption-text\">\u00a9F\u00e9e Kara\u00efb<\/figcaption>\n\t\t\t\t\t\t\t\t\t\t<\/figure>\n\t\t\t\t\t\t\t\t\t<\/div>\n\t\t\t\t<\/div>\n\t\t\t\t\t<\/div>\n\t\t<\/div>\n\t\t\t\t\t<\/div>\n\t\t<\/section>\n\t\t\t\t<div class=\"elementor-element elementor-element-7247c24 elementor-widget elementor-widget-text-editor\" data-id=\"7247c24\" data-element_type=\"widget\" data-widget_type=\"text-editor.default\">\n\t\t\t\t<div class=\"elementor-widget-container\">\n\t\t\t\t\t\t\t\t\t<h3><b>Set de Crecimiento: fortalece y nutre en profundidad<\/b><\/h3><p><span style=\"font-weight: 400;\">Combinando el Aceite de Caf\u00e9 y el Cepillo Masajeador, este set ofrece un enfoque completo para estimular el crecimiento del cabello y fortalecerlo. Forma parte de una rutina sencilla y eficaz: aplicaci\u00f3n del aceite, masaje circular, tiempo de reposo y tratamiento adecuado. Es uno de los productos estrella de F\u00e9e Kara\u00efb, especialmente recomendado para las personas que atraviesan una transici\u00f3n capilar o se enfrentan a una p\u00e9rdida de densidad.  <\/span><\/p>\t\t\t\t\t\t\t\t<\/div>\n\t\t\t\t<\/div>\n\t\t\t\t<section class=\"elementor-section elementor-inner-section elementor-element elementor-element-e7a274a elementor-section-boxed elementor-section-height-default elementor-section-height-default\" data-id=\"e7a274a\" data-element_type=\"section\">\n\t\t\t\t\t\t<div class=\"elementor-container elementor-column-gap-default\">\n\t\t\t\t\t<div class=\"elementor-column elementor-col-50 elementor-inner-column elementor-element elementor-element-67f6c6a\" data-id=\"67f6c6a\" data-element_type=\"column\">\n\t\t\t<div class=\"elementor-widget-wrap elementor-element-populated\">\n\t\t\t\t\t\t<div class=\"elementor-element elementor-element-b4fac26 elementor-widget elementor-widget-image\" data-id=\"b4fac26\" data-element_type=\"widget\" data-widget_type=\"image.default\">\n\t\t\t\t<div class=\"elementor-widget-container\">\n\t\t\t\t\t\t\t\t\t\t\t\t<figure class=\"wp-caption\">\n\t\t\t\t\t\t\t\t\t\t<img loading=\"lazy\" decoding=\"async\" width=\"800\" height=\"800\" src=\"https:\/\/richeskarayib.com\/wp-content\/uploads\/2025\/06\/Coffret-Pousse-Fee-Karaib-1-1024x1024.png\" class=\"attachment-large size-large wp-image-55015\" alt=\"F\u00e9e Kara\u00efb\" srcset=\"https:\/\/richeskarayib.com\/wp-content\/uploads\/2025\/06\/Coffret-Pousse-Fee-Karaib-1-1024x1024.png 1024w, https:\/\/richeskarayib.com\/wp-content\/uploads\/2025\/06\/Coffret-Pousse-Fee-Karaib-1-300x300.png 300w, https:\/\/richeskarayib.com\/wp-content\/uploads\/2025\/06\/Coffret-Pousse-Fee-Karaib-1-150x150.png 150w, https:\/\/richeskarayib.com\/wp-content\/uploads\/2025\/06\/Coffret-Pousse-Fee-Karaib-1-768x768.png 768w, https:\/\/richeskarayib.com\/wp-content\/uploads\/2025\/06\/Coffret-Pousse-Fee-Karaib-1.png 1080w\" sizes=\"(max-width: 800px) 100vw, 800px\" \/>\t\t\t\t\t\t\t\t\t\t\t<figcaption class=\"widget-image-caption wp-caption-text\">\u00a9F\u00e9e Kara\u00efb<\/figcaption>\n\t\t\t\t\t\t\t\t\t\t<\/figure>\n\t\t\t\t\t\t\t\t\t<\/div>\n\t\t\t\t<\/div>\n\t\t\t\t\t<\/div>\n\t\t<\/div>\n\t\t\t\t<div class=\"elementor-column elementor-col-50 elementor-inner-column elementor-element elementor-element-4d759f3\" data-id=\"4d759f3\" data-element_type=\"column\">\n\t\t\t<div class=\"elementor-widget-wrap elementor-element-populated\">\n\t\t\t\t\t\t<div class=\"elementor-element elementor-element-e3c3b03 elementor-widget elementor-widget-image\" data-id=\"e3c3b03\" data-element_type=\"widget\" data-widget_type=\"image.default\">\n\t\t\t\t<div class=\"elementor-widget-container\">\n\t\t\t\t\t\t\t\t\t\t\t\t<figure class=\"wp-caption\">\n\t\t\t\t\t\t\t\t\t\t<img loading=\"lazy\" decoding=\"async\" width=\"800\" height=\"800\" src=\"https:\/\/richeskarayib.com\/wp-content\/uploads\/2025\/06\/Coffret-Pousse-Fee-Karaib-2-1024x1024.png\" class=\"attachment-large size-large wp-image-55019\" alt=\"F\u00e9e Kara\u00efb\" srcset=\"https:\/\/richeskarayib.com\/wp-content\/uploads\/2025\/06\/Coffret-Pousse-Fee-Karaib-2-1024x1024.png 1024w, https:\/\/richeskarayib.com\/wp-content\/uploads\/2025\/06\/Coffret-Pousse-Fee-Karaib-2-300x300.png 300w, https:\/\/richeskarayib.com\/wp-content\/uploads\/2025\/06\/Coffret-Pousse-Fee-Karaib-2-150x150.png 150w, https:\/\/richeskarayib.com\/wp-content\/uploads\/2025\/06\/Coffret-Pousse-Fee-Karaib-2-768x768.png 768w, https:\/\/richeskarayib.com\/wp-content\/uploads\/2025\/06\/Coffret-Pousse-Fee-Karaib-2.png 1080w\" sizes=\"(max-width: 800px) 100vw, 800px\" \/>\t\t\t\t\t\t\t\t\t\t\t<figcaption class=\"widget-image-caption wp-caption-text\">\u00a9F\u00e9e Kara\u00efb<\/figcaption>\n\t\t\t\t\t\t\t\t\t\t<\/figure>\n\t\t\t\t\t\t\t\t\t<\/div>\n\t\t\t\t<\/div>\n\t\t\t\t\t<\/div>\n\t\t<\/div>\n\t\t\t\t\t<\/div>\n\t\t<\/section>\n\t\t\t\t<div class=\"elementor-element elementor-element-af91a82 elementor-widget elementor-widget-text-editor\" data-id=\"af91a82\" data-element_type=\"widget\" data-widget_type=\"text-editor.default\">\n\t\t\t\t<div class=\"elementor-widget-container\">\n\t\t\t\t\t\t\t\t\t<h3><b>Set Detox y Relax: purificar el cuero cabelludo<\/b><\/h3><p><span style=\"font-weight: 400;\">El Set D\u00e9tox et Relax combina un champ\u00fa s\u00f3lido de caf\u00e9, un Cepillo Masajeador y una gu\u00eda pr\u00e1ctica. El champ\u00fa purifica el cuero cabelludo sin da\u00f1arlo, mientras que el cepillo estimula los fol\u00edculos pilosos. La gu\u00eda \u201cDespertar del cabello con cafe\u00edna\u201d ayuda a los usuarios a identificar sus necesidades capilares. Este ritual completo devuelve el brillo, el volumen y la salud al cabello, a la vez que proporciona un momento de relajaci\u00f3n. Est\u00e1 especialmente indicado para cueros cabelludos sensibles o expuestos a contaminantes urbanos, ya que combina el cuidado f\u00edsico y la educaci\u00f3n con una rutina respetuosa.    <\/span><\/p>\t\t\t\t\t\t\t\t<\/div>\n\t\t\t\t<\/div>\n\t\t\t\t<section class=\"elementor-section elementor-inner-section elementor-element elementor-element-bfec3ea elementor-section-boxed elementor-section-height-default elementor-section-height-default\" data-id=\"bfec3ea\" data-element_type=\"section\">\n\t\t\t\t\t\t<div class=\"elementor-container elementor-column-gap-default\">\n\t\t\t\t\t<div class=\"elementor-column elementor-col-100 elementor-inner-column elementor-element elementor-element-4bb9086\" data-id=\"4bb9086\" data-element_type=\"column\">\n\t\t\t<div class=\"elementor-widget-wrap elementor-element-populated\">\n\t\t\t\t\t\t<div class=\"elementor-element elementor-element-c85daeb elementor-widget elementor-widget-image\" data-id=\"c85daeb\" data-element_type=\"widget\" data-widget_type=\"image.default\">\n\t\t\t\t<div class=\"elementor-widget-container\">\n\t\t\t\t\t\t\t\t\t\t\t\t<figure class=\"wp-caption\">\n\t\t\t\t\t\t\t\t\t\t<img loading=\"lazy\" decoding=\"async\" width=\"768\" height=\"1024\" src=\"https:\/\/richeskarayib.com\/wp-content\/uploads\/2025\/06\/Coffret-Soin-Detox-et-Relax-768x1024.jpg\" class=\"attachment-large size-large wp-image-55023\" alt=\"F\u00e9e Kara\u00efb\" srcset=\"https:\/\/richeskarayib.com\/wp-content\/uploads\/2025\/06\/Coffret-Soin-Detox-et-Relax-768x1024.jpg 768w, https:\/\/richeskarayib.com\/wp-content\/uploads\/2025\/06\/Coffret-Soin-Detox-et-Relax-225x300.jpg 225w, https:\/\/richeskarayib.com\/wp-content\/uploads\/2025\/06\/Coffret-Soin-Detox-et-Relax-1152x1536.jpg 1152w, https:\/\/richeskarayib.com\/wp-content\/uploads\/2025\/06\/Coffret-Soin-Detox-et-Relax-1320x1760.jpg 1320w, https:\/\/richeskarayib.com\/wp-content\/uploads\/2025\/06\/Coffret-Soin-Detox-et-Relax.jpg 1440w\" sizes=\"(max-width: 768px) 100vw, 768px\" \/>\t\t\t\t\t\t\t\t\t\t\t<figcaption class=\"widget-image-caption wp-caption-text\">\u00a9F\u00e9e Kara\u00efb<\/figcaption>\n\t\t\t\t\t\t\t\t\t\t<\/figure>\n\t\t\t\t\t\t\t\t\t<\/div>\n\t\t\t\t<\/div>\n\t\t\t\t\t<\/div>\n\t\t<\/div>\n\t\t\t\t\t<\/div>\n\t\t<\/section>\n\t\t\t\t\t<\/div>\n\t\t<\/div>\n\t\t\t\t\t<\/div>\n\t\t<\/section>\n\t\t\t\t<section class=\"elementor-section elementor-top-section elementor-element elementor-element-5b928cf elementor-section-boxed elementor-section-height-default elementor-section-height-default\" data-id=\"5b928cf\" data-element_type=\"section\">\n\t\t\t\t\t\t<div class=\"elementor-container elementor-column-gap-default\">\n\t\t\t\t\t<div class=\"elementor-column elementor-col-100 elementor-top-column elementor-element elementor-element-587c274\" data-id=\"587c274\" data-element_type=\"column\">\n\t\t\t<div class=\"elementor-widget-wrap elementor-element-populated\">\n\t\t\t\t\t\t<div class=\"elementor-element elementor-element-2047da4 elementor-widget elementor-widget-heading\" data-id=\"2047da4\" data-element_type=\"widget\" data-widget_type=\"heading.default\">\n\t\t\t\t<div class=\"elementor-widget-container\">\n\t\t\t\t\t<h2 class=\"elementor-heading-title elementor-size-default\">El caf\u00e9 antillano, ingrediente central de la identidad<\/h2>\t\t\t\t<\/div>\n\t\t\t\t<\/div>\n\t\t\t\t<div class=\"elementor-element elementor-element-994871c elementor-widget elementor-widget-text-editor\" data-id=\"994871c\" data-element_type=\"widget\" data-widget_type=\"text-editor.default\">\n\t\t\t\t<div class=\"elementor-widget-container\">\n\t\t\t\t\t\t\t\t\t<p><span style=\"font-weight: 400;\"><a href=\"https:\/\/www.facebook.com\/profile.php?id=100083279405300\" target=\"_blank\" rel=\"noopener nofollow\">F\u00e9e Kara\u00efb<\/a> honra al caf\u00e9 no s\u00f3lo por sus virtudes cosm\u00e9ticas, sino tambi\u00e9n por su simbolismo. Utilizado en forma de posos de caf\u00e9 o de aceite en infusi\u00f3n, estimula la circulaci\u00f3n, refuerza la fibra, bloquea la DHT (la hormona responsable de la ca\u00edda del cabello) y proporciona una barrera antioxidante natural. Esta elecci\u00f3n de ingredientes refleja nuestras ra\u00edces locales y nuestro deseo de utilizar los recursos locales con respeto. Combinado con el respeto por el suelo, las pr\u00e1cticas agr\u00edcolas sostenibles y las cadenas de suministro cortas, el caf\u00e9 se convierte en un vector de significado, adem\u00e1s de eficacia cosm\u00e9tica.   <\/span><\/p>\t\t\t\t\t\t\t\t<\/div>\n\t\t\t\t<\/div>\n\t\t\t\t\t<\/div>\n\t\t<\/div>\n\t\t\t\t\t<\/div>\n\t\t<\/section>\n\t\t\t\t<section class=\"elementor-section elementor-top-section elementor-element elementor-element-7ca7ca1 elementor-section-boxed elementor-section-height-default elementor-section-height-default\" data-id=\"7ca7ca1\" data-element_type=\"section\">\n\t\t\t\t\t\t<div class=\"elementor-container elementor-column-gap-default\">\n\t\t\t\t\t<div class=\"elementor-column elementor-col-100 elementor-top-column elementor-element elementor-element-cbdd002\" data-id=\"cbdd002\" data-element_type=\"column\">\n\t\t\t<div class=\"elementor-widget-wrap elementor-element-populated\">\n\t\t\t\t\t\t<div class=\"elementor-element elementor-element-da17f8d elementor-widget elementor-widget-heading\" data-id=\"da17f8d\" data-element_type=\"widget\" data-widget_type=\"heading.default\">\n\t\t\t\t<div class=\"elementor-widget-container\">\n\t\t\t\t\t<h2 class=\"elementor-heading-title elementor-size-default\">V\u00e9g\u00e9 Kr\u00e9yol: un lugar para reunirse y echar ra\u00edces<\/h2>\t\t\t\t<\/div>\n\t\t\t\t<\/div>\n\t\t\t\t<div class=\"elementor-element elementor-element-209c746 elementor-widget elementor-widget-text-editor\" data-id=\"209c746\" data-element_type=\"widget\" data-widget_type=\"text-editor.default\">\n\t\t\t\t<div class=\"elementor-widget-container\">\n\t\t\t\t\t\t\t\t\t<h3><b>Una fuerte presencia de F\u00e9e Kara\u00efb<\/b><\/h3>\n<p><span style=\"font-weight: 400;\">F\u00e9e Kara\u00efb participa activamente en el evento <a href=\"https:\/\/www.vegekreyol.com\/events\/salon-vegekreyol-2025?utm_source=chatgpt.com\" target=\"_blank\" rel=\"noopener nofollow\">V\u00e9g\u00e9 Kr\u00e9yol<\/a>, que re\u00fane a personas que trabajan en los \u00e1mbitos de las plantas, el bienestar y el saber hacer antillano. El sal\u00f3n pone de relieve iniciativas basadas en la sostenibilidad, los v\u00ednculos locales y la innovaci\u00f3n en la artesan\u00eda. Para la marca, es una oportunidad de compartir su visi\u00f3n y probar directamente sus productos, al tiempo que crea una aut\u00e9ntica ocasi\u00f3n para transmitir su experiencia.  <\/span><\/p>\n<p><span style=\"font-weight: 400;\">F\u00e9e Kara\u00efb act\u00faa en varios frentes: empoderando econ\u00f3micamente a las mujeres, desarrollando a los agricultores, promoviendo pr\u00e1cticas ecorresponsables y educando a la gente sobre la salud capilar. Cada compra apoya a una red local, refuerza una cadena de producci\u00f3n corta y fomenta una forma diferente de consumir cosm\u00e9ticos. Las opiniones de los clientes suelen destacar el impacto positivo en su confianza personal, el redescubrimiento de su textura capilar natural y la calidad de la interacci\u00f3n humana con los fundadores.  <\/span><\/p>\t\t\t\t\t\t\t\t<\/div>\n\t\t\t\t<\/div>\n\t\t\t\t<div class=\"elementor-element elementor-element-c8a3091 elementor-widget elementor-widget-text-editor\" data-id=\"c8a3091\" data-element_type=\"widget\" data-widget_type=\"text-editor.default\">\n\t\t\t\t<div class=\"elementor-widget-container\">\n\t\t\t\t\t\t\t\t\t<h3><b><a href=\"https:\/\/www.instagram.com\/vegekreyol\/\" target=\"_blank\" rel=\"noopener nofollow\">V\u00e9g\u00e9 Kr\u00e9yol<\/a>: detalles del acto<\/b><\/h3><p><span style=\"font-weight: 400;\">\ud83d\udcc5 Domingo 6 de julio de 2025<\/span><span style=\"font-weight: 400;\"><br><\/span><span style=\"font-weight: 400;\"> \ud83d\udd58 De 9.30 a 17.00 h<\/span><span style=\"font-weight: 400;\"><br><\/span><span style=\"font-weight: 400;\"> \ud83d\udccd Jard\u00edn del Agua &#8211; Goyave<\/span><span style=\"font-weight: 400;\"><br><\/span><span style=\"font-weight: 400;\"> \ud83c\udf9f\ufe0f Entrada: 12 euros (Gratis para menores de 12 a\u00f1os)<\/span><span style=\"font-weight: 400;\"><br><\/span><span style=\"font-weight: 400;\"> \ud83c\udfaf Objetivo: promover la alimentaci\u00f3n vegetal, el bienestar caribe\u00f1o, el saber hacer local y la ecolog\u00eda en un ambiente familiar y amistoso.<\/span><\/p>\t\t\t\t\t\t\t\t<\/div>\n\t\t\t\t<\/div>\n\t\t\t\t<section class=\"elementor-section elementor-inner-section elementor-element elementor-element-c1a9695 elementor-section-boxed elementor-section-height-default elementor-section-height-default\" data-id=\"c1a9695\" data-element_type=\"section\">\n\t\t\t\t\t\t<div class=\"elementor-container elementor-column-gap-default\">\n\t\t\t\t\t<div class=\"elementor-column elementor-col-100 elementor-inner-column elementor-element elementor-element-c614ee1\" data-id=\"c614ee1\" data-element_type=\"column\">\n\t\t\t<div class=\"elementor-widget-wrap elementor-element-populated\">\n\t\t\t\t\t\t<div class=\"elementor-element elementor-element-a337c7c elementor-widget elementor-widget-image\" data-id=\"a337c7c\" data-element_type=\"widget\" data-widget_type=\"image.default\">\n\t\t\t\t<div class=\"elementor-widget-container\">\n\t\t\t\t\t\t\t\t\t\t\t\t\t\t\t<img loading=\"lazy\" decoding=\"async\" width=\"800\" height=\"452\" src=\"https:\/\/richeskarayib.com\/wp-content\/uploads\/2025\/06\/SALON-VEGE-KREYOL-2024-1024x578.webp\" class=\"attachment-large size-large wp-image-55027\" alt=\"F\u00e9e Kara\u00efb\" srcset=\"https:\/\/richeskarayib.com\/wp-content\/uploads\/2025\/06\/SALON-VEGE-KREYOL-2024-1024x578.webp 1024w, https:\/\/richeskarayib.com\/wp-content\/uploads\/2025\/06\/SALON-VEGE-KREYOL-2024-300x169.webp 300w, https:\/\/richeskarayib.com\/wp-content\/uploads\/2025\/06\/SALON-VEGE-KREYOL-2024-768x433.webp 768w, https:\/\/richeskarayib.com\/wp-content\/uploads\/2025\/06\/SALON-VEGE-KREYOL-2024-1320x744.webp 1320w, https:\/\/richeskarayib.com\/wp-content\/uploads\/2025\/06\/SALON-VEGE-KREYOL-2024.webp 1500w\" sizes=\"(max-width: 800px) 100vw, 800px\" \/>\t\t\t\t\t\t\t\t\t\t\t\t\t\t\t<\/div>\n\t\t\t\t<\/div>\n\t\t\t\t\t<\/div>\n\t\t<\/div>\n\t\t\t\t\t<\/div>\n\t\t<\/section>\n\t\t\t\t\t<\/div>\n\t\t<\/div>\n\t\t\t\t\t<\/div>\n\t\t<\/section>\n\t\t\t\t<section class=\"elementor-section elementor-top-section elementor-element elementor-element-8c285e6 elementor-section-boxed elementor-section-height-default elementor-section-height-default\" data-id=\"8c285e6\" data-element_type=\"section\">\n\t\t\t\t\t\t<div class=\"elementor-container elementor-column-gap-default\">\n\t\t\t\t\t<div class=\"elementor-column elementor-col-100 elementor-top-column elementor-element elementor-element-a3c2f9d\" data-id=\"a3c2f9d\" data-element_type=\"column\">\n\t\t\t<div class=\"elementor-widget-wrap elementor-element-populated\">\n\t\t\t\t\t\t<div class=\"elementor-element elementor-element-7205648 elementor-widget elementor-widget-text-editor\" data-id=\"7205648\" data-element_type=\"widget\" data-widget_type=\"text-editor.default\">\n\t\t\t\t<div class=\"elementor-widget-container\">\n\t\t\t\t\t\t\t\t\t<p><span style=\"font-weight: 400;\">F\u00e9e Kara\u00efb encarna un enfoque integral basado en la tradici\u00f3n, la artesan\u00eda y la innovaci\u00f3n. Sus productos para el cuidado del cabello van m\u00e1s all\u00e1 de la cosm\u00e9tica: cuentan una historia, apoyan un territorio y ayudan a las personas a recuperar su identidad capilar. Presente en el terreno, sobre todo en V\u00e9g\u00e9 Kr\u00e9yol, la marca est\u00e1 abriendo un camino \u00fanico en el coraz\u00f3n de las Antillas francesas. F\u00e9e Kara\u00efb no es s\u00f3lo un nombre: es una promesa cumplida.   <\/span><\/p>\t\t\t\t\t\t\t\t<\/div>\n\t\t\t\t<\/div>\n\t\t\t\t<section class=\"elementor-section elementor-inner-section elementor-element elementor-element-adafc7f elementor-section-boxed elementor-section-height-default elementor-section-height-default\" data-id=\"adafc7f\" data-element_type=\"section\">\n\t\t\t\t\t\t<div class=\"elementor-container elementor-column-gap-default\">\n\t\t\t\t\t<div class=\"elementor-column elementor-col-33 elementor-inner-column elementor-element elementor-element-acaa0c0\" data-id=\"acaa0c0\" data-element_type=\"column\">\n\t\t\t<div class=\"elementor-widget-wrap elementor-element-populated\">\n\t\t\t\t\t\t<div class=\"elementor-element elementor-element-3ff3294 elementor-widget elementor-widget-image\" data-id=\"3ff3294\" data-element_type=\"widget\" data-widget_type=\"image.default\">\n\t\t\t\t<div class=\"elementor-widget-container\">\n\t\t\t\t\t\t\t\t\t\t\t\t\t\t\t<img loading=\"lazy\" decoding=\"async\" width=\"800\" height=\"534\" src=\"https:\/\/richeskarayib.com\/wp-content\/uploads\/2025\/06\/8d2f4414-6aae-4c57-8873-4c1e65275cd8-1024x683.jpg\" class=\"attachment-large size-large wp-image-55043\" alt=\"F\u00e9e Kara\u00efb\" srcset=\"https:\/\/richeskarayib.com\/wp-content\/uploads\/2025\/06\/8d2f4414-6aae-4c57-8873-4c1e65275cd8-1024x683.jpg 1024w, https:\/\/richeskarayib.com\/wp-content\/uploads\/2025\/06\/8d2f4414-6aae-4c57-8873-4c1e65275cd8-300x200.jpg 300w, https:\/\/richeskarayib.com\/wp-content\/uploads\/2025\/06\/8d2f4414-6aae-4c57-8873-4c1e65275cd8-768x512.jpg 768w, https:\/\/richeskarayib.com\/wp-content\/uploads\/2025\/06\/8d2f4414-6aae-4c57-8873-4c1e65275cd8-1536x1024.jpg 1536w, https:\/\/richeskarayib.com\/wp-content\/uploads\/2025\/06\/8d2f4414-6aae-4c57-8873-4c1e65275cd8-1320x880.jpg 1320w, https:\/\/richeskarayib.com\/wp-content\/uploads\/2025\/06\/8d2f4414-6aae-4c57-8873-4c1e65275cd8.jpg 1920w\" sizes=\"(max-width: 800px) 100vw, 800px\" \/>\t\t\t\t\t\t\t\t\t\t\t\t\t\t\t<\/div>\n\t\t\t\t<\/div>\n\t\t\t\t\t<\/div>\n\t\t<\/div>\n\t\t\t\t<div class=\"elementor-column elementor-col-33 elementor-inner-column elementor-element elementor-element-784294c\" data-id=\"784294c\" data-element_type=\"column\">\n\t\t\t<div class=\"elementor-widget-wrap elementor-element-populated\">\n\t\t\t\t\t\t<div class=\"elementor-element elementor-element-aaf7024 elementor-widget elementor-widget-image\" data-id=\"aaf7024\" data-element_type=\"widget\" data-widget_type=\"image.default\">\n\t\t\t\t<div class=\"elementor-widget-container\">\n\t\t\t\t\t\t\t\t\t\t\t\t\t\t\t<img loading=\"lazy\" decoding=\"async\" width=\"800\" height=\"533\" src=\"https:\/\/richeskarayib.com\/wp-content\/uploads\/2025\/06\/C38260BE-7E1F-4253-85F4-855FA81833BA_L0_001-2024-03-08_14_32_53-1024x682.jpg\" class=\"attachment-large size-large wp-image-55047\" alt=\"F\u00e9e Kara\u00efb\" srcset=\"https:\/\/richeskarayib.com\/wp-content\/uploads\/2025\/06\/C38260BE-7E1F-4253-85F4-855FA81833BA_L0_001-2024-03-08_14_32_53-1024x682.jpg 1024w, https:\/\/richeskarayib.com\/wp-content\/uploads\/2025\/06\/C38260BE-7E1F-4253-85F4-855FA81833BA_L0_001-2024-03-08_14_32_53-300x200.jpg 300w, https:\/\/richeskarayib.com\/wp-content\/uploads\/2025\/06\/C38260BE-7E1F-4253-85F4-855FA81833BA_L0_001-2024-03-08_14_32_53-768x512.jpg 768w, https:\/\/richeskarayib.com\/wp-content\/uploads\/2025\/06\/C38260BE-7E1F-4253-85F4-855FA81833BA_L0_001-2024-03-08_14_32_53.jpg 1280w\" sizes=\"(max-width: 800px) 100vw, 800px\" \/>\t\t\t\t\t\t\t\t\t\t\t\t\t\t\t<\/div>\n\t\t\t\t<\/div>\n\t\t\t\t\t<\/div>\n\t\t<\/div>\n\t\t\t\t<div class=\"elementor-column elementor-col-33 elementor-inner-column elementor-element elementor-element-5c77d25\" data-id=\"5c77d25\" data-element_type=\"column\">\n\t\t\t<div class=\"elementor-widget-wrap elementor-element-populated\">\n\t\t\t\t\t\t<div class=\"elementor-element elementor-element-e67e11a elementor-widget elementor-widget-image\" data-id=\"e67e11a\" data-element_type=\"widget\" data-widget_type=\"image.default\">\n\t\t\t\t<div class=\"elementor-widget-container\">\n\t\t\t\t\t\t\t\t\t\t\t\t\t\t\t<img loading=\"lazy\" decoding=\"async\" width=\"480\" height=\"320\" src=\"https:\/\/richeskarayib.com\/wp-content\/uploads\/2025\/06\/219b980a-8339-4d95-a710-bc34099d7e10_1_480x480.webp\" class=\"attachment-large size-large wp-image-55051\" alt=\"F\u00e9e Kara\u00efb\" srcset=\"https:\/\/richeskarayib.com\/wp-content\/uploads\/2025\/06\/219b980a-8339-4d95-a710-bc34099d7e10_1_480x480.webp 480w, https:\/\/richeskarayib.com\/wp-content\/uploads\/2025\/06\/219b980a-8339-4d95-a710-bc34099d7e10_1_480x480-300x200.webp 300w\" sizes=\"(max-width: 480px) 100vw, 480px\" \/>\t\t\t\t\t\t\t\t\t\t\t\t\t\t\t<\/div>\n\t\t\t\t<\/div>\n\t\t\t\t\t<\/div>\n\t\t<\/div>\n\t\t\t\t\t<\/div>\n\t\t<\/section>\n\t\t\t\t\t<\/div>\n\t\t<\/div>\n\t\t\t\t\t<\/div>\n\t\t<\/section>\n\t\t\t\t<\/div>\n\t\t","protected":false},"excerpt":{"rendered":"<p>Tres hermanas, una convicci\u00f3n: hacer del cabello un v\u00ednculo cultural F\u00e9e Kara\u00efb naci\u00f3 del compromiso de tres hermanas unidas por el mismo deseo: devolver el honor a los remedios capilares derivados del saber antillano. Lejos de los est\u00e1ndares industriales, han optado por un enfoque artesanal y local que respeta todas las texturas. F\u00e9e Kara\u00efb no [&hellip;]<\/p>\n","protected":false},"author":662,"featured_media":54991,"comment_status":"open","ping_status":"open","sticky":false,"template":"","format":"standard","meta":{"_acf_changed":false,"footnotes":""},"categories":[839],"tags":[1642],"class_list":["post-55054","post","type-post","status-publish","format-standard","has-post-thumbnail","hentry","category-noticias","tag-guadalupe-es-2"],"acf":[],"_links":{"self":[{"href":"https:\/\/richeskarayib.com\/es\/wp-json\/wp\/v2\/posts\/55054","targetHints":{"allow":["GET"]}}],"collection":[{"href":"https:\/\/richeskarayib.com\/es\/wp-json\/wp\/v2\/posts"}],"about":[{"href":"https:\/\/richeskarayib.com\/es\/wp-json\/wp\/v2\/types\/post"}],"author":[{"embeddable":true,"href":"https:\/\/richeskarayib.com\/es\/wp-json\/wp\/v2\/users\/662"}],"replies":[{"embeddable":true,"href":"https:\/\/richeskarayib.com\/es\/wp-json\/wp\/v2\/comments?post=55054"}],"version-history":[{"count":0,"href":"https:\/\/richeskarayib.com\/es\/wp-json\/wp\/v2\/posts\/55054\/revisions"}],"wp:featuredmedia":[{"embeddable":true,"href":"https:\/\/richeskarayib.com\/es\/wp-json\/wp\/v2\/media\/54991"}],"wp:attachment":[{"href":"https:\/\/richeskarayib.com\/es\/wp-json\/wp\/v2\/media?parent=55054"}],"wp:term":[{"taxonomy":"category","embeddable":true,"href":"https:\/\/richeskarayib.com\/es\/wp-json\/wp\/v2\/categories?post=55054"},{"taxonomy":"post_tag","embeddable":true,"href":"https:\/\/richeskarayib.com\/es\/wp-json\/wp\/v2\/tags?post=55054"}],"curies":[{"name":"wp","href":"https:\/\/api.w.org\/{rel}","templated":true}]}}