{"id":55354,"date":"2025-06-24T11:42:04","date_gmt":"2025-06-24T15:42:04","guid":{"rendered":"https:\/\/richeskarayib.com\/jornadas-del-caribe-en-paris-una-primera-edicion-que-combina-cultura-negocios-y-sabores\/"},"modified":"2025-06-26T03:30:39","modified_gmt":"2025-06-26T07:30:39","slug":"jornadas-del-caribe-en-paris-una-primera-edicion-que-combina-cultura-negocios-y-sabores","status":"publish","type":"post","link":"https:\/\/richeskarayib.com\/es\/jornadas-del-caribe-en-paris-una-primera-edicion-que-combina-cultura-negocios-y-sabores\/","title":{"rendered":"Jornadas del Caribe en Par\u00eds: una primera edici\u00f3n que combina cultura, negocios y sabores."},"content":{"rendered":"\t\t<div data-elementor-type=\"wp-post\" data-elementor-id=\"55354\" class=\"elementor elementor-55354 elementor-55308\" data-elementor-post-type=\"post\">\n\t\t\t\t\t\t<section class=\"elementor-section elementor-top-section elementor-element elementor-element-34e72cf elementor-section-boxed elementor-section-height-default elementor-section-height-default\" data-id=\"34e72cf\" data-element_type=\"section\">\n\t\t\t\t\t\t<div class=\"elementor-container elementor-column-gap-default\">\n\t\t\t\t\t<div class=\"elementor-column elementor-col-100 elementor-top-column elementor-element elementor-element-6d7868a\" data-id=\"6d7868a\" data-element_type=\"column\">\n\t\t\t<div class=\"elementor-widget-wrap elementor-element-populated\">\n\t\t\t\t\t\t<div class=\"elementor-element elementor-element-4428903 elementor-widget elementor-widget-heading\" data-id=\"4428903\" data-element_type=\"widget\" data-widget_type=\"heading.default\">\n\t\t\t\t<div class=\"elementor-widget-container\">\n\t\t\t\t\t<h2 class=\"elementor-heading-title elementor-size-default\">Un escaparate caribe\u00f1o en la Maison de l'Am\u00e9rique Latine<\/h2>\t\t\t\t<\/div>\n\t\t\t\t<\/div>\n\t\t\t\t<div class=\"elementor-element elementor-element-25340a1 elementor-widget elementor-widget-text-editor\" data-id=\"25340a1\" data-element_type=\"widget\" data-widget_type=\"text-editor.default\">\n\t\t\t\t<div class=\"elementor-widget-container\">\n\t\t\t\t\t\t\t\t\t<p><a href=\"https:\/\/caribbeanchamber.eu\/who-we-are?utm_source=chatgpt.com\" target=\"_blank\" rel=\"noopener nofollow\">Journ\u00e9es des Cara\u00efbes<\/a>: la C\u00e1mara de Comercio del Caribe en Europa (CCCCE) inaugur\u00f3 con \u00e9xito este evento pionero del 2 al 6 de junio de 2025, en el prestigioso marco de la Maison de l&#8217;Am\u00e9rique Latine, en el distrito 7 de Par\u00eds. Combinando gastronom\u00eda, arte, diplomacia e intercambios econ\u00f3micos, esta primera edici\u00f3n francesa marc\u00f3 una nueva etapa en la estrategia de promoci\u00f3n del Gran <a href=\"https:\/\/richeskarayib.com\/es\/guadalupe-dominica-traditour-2025-el-caribe-al-unisono-sobre-las-olas-de-guadalupe\/\" target=\"_blank\" rel=\"noopener\">Caribe<\/a> en Europa. <\/p>\t\t\t\t\t\t\t\t<\/div>\n\t\t\t\t<\/div>\n\t\t\t\t<div class=\"elementor-element elementor-element-f97b89d elementor-widget elementor-widget-text-editor\" data-id=\"f97b89d\" data-element_type=\"widget\" data-widget_type=\"text-editor.default\">\n\t\t\t\t<div class=\"elementor-widget-container\">\n\t\t\t\t\t\t\t\t\t<p>Lanzada en Bruselas en 2022, la iniciativa<a href=\"https:\/\/magneticmediatv.com\/2025\/05\/caribbean-chamber-in-europe-presents-first-caribbean-days-in-paris\/?utm_source=chatgpt.com\" target=\"_blank\" rel=\"noopener nofollow\"> \u201cD\u00edas del Caribe<\/a>\u201d se ha trasladado ahora a la capital francesa, considerada un polo gastron\u00f3mico y cultural. Esta primera edici\u00f3n de las Jornadas del Caribe formaba parte de la 12\u00aa edici\u00f3n de las Semanas de Am\u00e9rica Latina y el Caribe (SALC 2025), coordinadas por el Ministerio franc\u00e9s de Europa y Asuntos Exteriores. <\/p>\t\t\t\t\t\t\t\t<\/div>\n\t\t\t\t<\/div>\n\t\t\t\t<section class=\"elementor-section elementor-inner-section elementor-element elementor-element-1003db9 elementor-section-boxed elementor-section-height-default elementor-section-height-default\" data-id=\"1003db9\" data-element_type=\"section\">\n\t\t\t\t\t\t<div class=\"elementor-container elementor-column-gap-default\">\n\t\t\t\t\t<div class=\"elementor-column elementor-col-100 elementor-inner-column elementor-element elementor-element-eb384c1\" data-id=\"eb384c1\" data-element_type=\"column\">\n\t\t\t<div class=\"elementor-widget-wrap elementor-element-populated\">\n\t\t\t\t\t\t<div class=\"elementor-element elementor-element-61c61ec elementor-widget elementor-widget-image\" data-id=\"61c61ec\" data-element_type=\"widget\" data-widget_type=\"image.default\">\n\t\t\t\t<div class=\"elementor-widget-container\">\n\t\t\t\t\t\t\t\t\t\t\t\t<figure class=\"wp-caption\">\n\t\t\t\t\t\t\t\t\t\t<img fetchpriority=\"high\" decoding=\"async\" width=\"800\" height=\"451\" src=\"https:\/\/richeskarayib.com\/wp-content\/uploads\/2025\/06\/thumbnail_MAL-SALC-Logo.png\" class=\"attachment-large size-large wp-image-55316\" alt=\"Journ\u00e9es des Cara\u00efbes\" srcset=\"https:\/\/richeskarayib.com\/wp-content\/uploads\/2025\/06\/thumbnail_MAL-SALC-Logo.png 854w, https:\/\/richeskarayib.com\/wp-content\/uploads\/2025\/06\/thumbnail_MAL-SALC-Logo-300x169.png 300w, https:\/\/richeskarayib.com\/wp-content\/uploads\/2025\/06\/thumbnail_MAL-SALC-Logo-768x433.png 768w\" sizes=\"(max-width: 800px) 100vw, 800px\" \/>\t\t\t\t\t\t\t\t\t\t\t<figcaption class=\"widget-image-caption wp-caption-text\">Journ\u00e9es des Cara\u00efbes<\/figcaption>\n\t\t\t\t\t\t\t\t\t\t<\/figure>\n\t\t\t\t\t\t\t\t\t<\/div>\n\t\t\t\t<\/div>\n\t\t\t\t\t<\/div>\n\t\t<\/div>\n\t\t\t\t\t<\/div>\n\t\t<\/section>\n\t\t\t\t\t<\/div>\n\t\t<\/div>\n\t\t\t\t\t<\/div>\n\t\t<\/section>\n\t\t\t\t<section class=\"elementor-section elementor-top-section elementor-element elementor-element-3756bbb elementor-section-boxed elementor-section-height-default elementor-section-height-default\" data-id=\"3756bbb\" data-element_type=\"section\">\n\t\t\t\t\t\t<div class=\"elementor-container elementor-column-gap-default\">\n\t\t\t\t\t<div class=\"elementor-column elementor-col-100 elementor-top-column elementor-element elementor-element-df79712\" data-id=\"df79712\" data-element_type=\"column\">\n\t\t\t<div class=\"elementor-widget-wrap elementor-element-populated\">\n\t\t\t\t\t\t<div class=\"elementor-element elementor-element-782f801 elementor-widget elementor-widget-heading\" data-id=\"782f801\" data-element_type=\"widget\" data-widget_type=\"heading.default\">\n\t\t\t\t<div class=\"elementor-widget-container\">\n\t\t\t\t\t<h2 class=\"elementor-heading-title elementor-size-default\">Un programa de excelencia culinaria y arte caribe\u00f1o<\/h2>\t\t\t\t<\/div>\n\t\t\t\t<\/div>\n\t\t\t\t<div class=\"elementor-element elementor-element-8492aa2 elementor-widget elementor-widget-text-editor\" data-id=\"8492aa2\" data-element_type=\"widget\" data-widget_type=\"text-editor.default\">\n\t\t\t\t<div class=\"elementor-widget-container\">\n\t\t\t\t\t\t\t\t\t<p>El coraz\u00f3n del evento fue una semana culinaria caribe\u00f1a, orquestada por chefs de Toques fran\u00e7aises de los territorios franceses de ultramar. Un men\u00fa gastron\u00f3mico especialmente dise\u00f1ado para la ocasi\u00f3n mostr\u00f3 los productos emblem\u00e1ticos de la regi\u00f3n, como el cacao, el ron, el caf\u00e9 y los licores de alta gama. <\/p>\t\t\t\t\t\t\t\t<\/div>\n\t\t\t\t<\/div>\n\t\t\t\t<div class=\"elementor-element elementor-element-a99aeb1 elementor-widget elementor-widget-image\" data-id=\"a99aeb1\" data-element_type=\"widget\" data-widget_type=\"image.default\">\n\t\t\t\t<div class=\"elementor-widget-container\">\n\t\t\t\t\t\t\t\t\t\t\t\t<figure class=\"wp-caption\">\n\t\t\t\t\t\t\t\t\t\t<img decoding=\"async\" width=\"800\" height=\"527\" src=\"https:\/\/richeskarayib.com\/wp-content\/uploads\/2025\/06\/Mathilde-DURIZOT-Jerome-BERTIN-Leila-ALBERT-et-Brigitte-Le-PELLETIER-des-Toques-francais-Outre-mer-1024x674.png\" class=\"attachment-large size-large wp-image-55320\" alt=\"Journ\u00e9es des Cara\u00efbes\" srcset=\"https:\/\/richeskarayib.com\/wp-content\/uploads\/2025\/06\/Mathilde-DURIZOT-Jerome-BERTIN-Leila-ALBERT-et-Brigitte-Le-PELLETIER-des-Toques-francais-Outre-mer-1024x674.png 1024w, https:\/\/richeskarayib.com\/wp-content\/uploads\/2025\/06\/Mathilde-DURIZOT-Jerome-BERTIN-Leila-ALBERT-et-Brigitte-Le-PELLETIER-des-Toques-francais-Outre-mer-300x198.png 300w, https:\/\/richeskarayib.com\/wp-content\/uploads\/2025\/06\/Mathilde-DURIZOT-Jerome-BERTIN-Leila-ALBERT-et-Brigitte-Le-PELLETIER-des-Toques-francais-Outre-mer-768x506.png 768w, https:\/\/richeskarayib.com\/wp-content\/uploads\/2025\/06\/Mathilde-DURIZOT-Jerome-BERTIN-Leila-ALBERT-et-Brigitte-Le-PELLETIER-des-Toques-francais-Outre-mer.png 1028w\" sizes=\"(max-width: 800px) 100vw, 800px\" \/>\t\t\t\t\t\t\t\t\t\t\t<figcaption class=\"widget-image-caption wp-caption-text\">Mathilde DURIZOT, J\u00e9r\u00f4me BERTIN, Le\u00efla ALBERT et Brigitte Le PELLETIER des Toques fran\u00e7ais Outre-mer<\/figcaption>\n\t\t\t\t\t\t\t\t\t\t<\/figure>\n\t\t\t\t\t\t\t\t\t<\/div>\n\t\t\t\t<\/div>\n\t\t\t\t<div class=\"elementor-element elementor-element-a96c412 elementor-widget elementor-widget-image\" data-id=\"a96c412\" data-element_type=\"widget\" data-widget_type=\"image.default\">\n\t\t\t\t<div class=\"elementor-widget-container\">\n\t\t\t\t\t\t\t\t\t\t\t\t<figure class=\"wp-caption\">\n\t\t\t\t\t\t\t\t\t\t<img decoding=\"async\" width=\"800\" height=\"452\" src=\"https:\/\/richeskarayib.com\/wp-content\/uploads\/2025\/06\/Caribbean-Days-Literature-expo-1024x578.jpg\" class=\"attachment-large size-large wp-image-55447\" alt=\"Journ\u00e9es des Cara\u00efbes\" srcset=\"https:\/\/richeskarayib.com\/wp-content\/uploads\/2025\/06\/Caribbean-Days-Literature-expo-1024x578.jpg 1024w, https:\/\/richeskarayib.com\/wp-content\/uploads\/2025\/06\/Caribbean-Days-Literature-expo-300x169.jpg 300w, https:\/\/richeskarayib.com\/wp-content\/uploads\/2025\/06\/Caribbean-Days-Literature-expo-768x433.jpg 768w, https:\/\/richeskarayib.com\/wp-content\/uploads\/2025\/06\/Caribbean-Days-Literature-expo-1536x866.jpg 1536w, https:\/\/richeskarayib.com\/wp-content\/uploads\/2025\/06\/Caribbean-Days-Literature-expo-1320x745.jpg 1320w, https:\/\/richeskarayib.com\/wp-content\/uploads\/2025\/06\/Caribbean-Days-Literature-expo.jpg 1920w\" sizes=\"(max-width: 800px) 100vw, 800px\" \/>\t\t\t\t\t\t\t\t\t\t\t<figcaption class=\"widget-image-caption wp-caption-text\">Caribbean Days' Literature expo<\/figcaption>\n\t\t\t\t\t\t\t\t\t\t<\/figure>\n\t\t\t\t\t\t\t\t\t<\/div>\n\t\t\t\t<\/div>\n\t\t\t\t<div class=\"elementor-element elementor-element-5ddc8a4 elementor-widget elementor-widget-text-editor\" data-id=\"5ddc8a4\" data-element_type=\"widget\" data-widget_type=\"text-editor.default\">\n\t\t\t\t<div class=\"elementor-widget-container\">\n\t\t\t\t\t\t\t\t\t<p>La experiencia sensorial se vio reforzada por una exposici\u00f3n de arte llamada <i>Pop-Caribe<\/i>, con obras de la artista dominicana Yermine Richardson, seleccionadas por la galer\u00eda \u201cLes \u00celes\u201d. Esta combinaci\u00f3n de sabor y creaci\u00f3n art\u00edstica hizo de las Journ\u00e9es des Cara\u00efbes una celebraci\u00f3n tangible del patrimonio cultural caribe\u00f1o. <\/p>\t\t\t\t\t\t\t\t<\/div>\n\t\t\t\t<\/div>\n\t\t\t\t<section class=\"elementor-section elementor-inner-section elementor-element elementor-element-83d7203 elementor-section-boxed elementor-section-height-default elementor-section-height-default\" data-id=\"83d7203\" data-element_type=\"section\">\n\t\t\t\t\t\t<div class=\"elementor-container elementor-column-gap-default\">\n\t\t\t\t\t<div class=\"elementor-column elementor-col-100 elementor-inner-column elementor-element elementor-element-49a5993\" data-id=\"49a5993\" data-element_type=\"column\">\n\t\t\t<div class=\"elementor-widget-wrap elementor-element-populated\">\n\t\t\t\t\t\t<div class=\"elementor-element elementor-element-da9288f elementor-widget elementor-widget-image\" data-id=\"da9288f\" data-element_type=\"widget\" data-widget_type=\"image.default\">\n\t\t\t\t<div class=\"elementor-widget-container\">\n\t\t\t\t\t\t\t\t\t\t\t\t<figure class=\"wp-caption\">\n\t\t\t\t\t\t\t\t\t\t<img loading=\"lazy\" decoding=\"async\" width=\"768\" height=\"1024\" src=\"https:\/\/richeskarayib.com\/wp-content\/uploads\/2025\/06\/Yermine-RICHARDSON-artiste-de-la-Rep.-Dominicaine-768x1024.jpg\" class=\"attachment-large size-large wp-image-55340\" alt=\"Journ\u00e9es des Cara\u00efbes\" srcset=\"https:\/\/richeskarayib.com\/wp-content\/uploads\/2025\/06\/Yermine-RICHARDSON-artiste-de-la-Rep.-Dominicaine-768x1024.jpg 768w, https:\/\/richeskarayib.com\/wp-content\/uploads\/2025\/06\/Yermine-RICHARDSON-artiste-de-la-Rep.-Dominicaine-225x300.jpg 225w, https:\/\/richeskarayib.com\/wp-content\/uploads\/2025\/06\/Yermine-RICHARDSON-artiste-de-la-Rep.-Dominicaine-1152x1536.jpg 1152w, https:\/\/richeskarayib.com\/wp-content\/uploads\/2025\/06\/Yermine-RICHARDSON-artiste-de-la-Rep.-Dominicaine-1320x1760.jpg 1320w, https:\/\/richeskarayib.com\/wp-content\/uploads\/2025\/06\/Yermine-RICHARDSON-artiste-de-la-Rep.-Dominicaine.jpg 1536w\" sizes=\"(max-width: 768px) 100vw, 768px\" \/>\t\t\t\t\t\t\t\t\t\t\t<figcaption class=\"widget-image-caption wp-caption-text\">Yermine RICHARDSON, artiste de la R\u00e9p. Dominicaine<\/figcaption>\n\t\t\t\t\t\t\t\t\t\t<\/figure>\n\t\t\t\t\t\t\t\t\t<\/div>\n\t\t\t\t<\/div>\n\t\t\t\t\t<\/div>\n\t\t<\/div>\n\t\t\t\t\t<\/div>\n\t\t<\/section>\n\t\t\t\t\t<\/div>\n\t\t<\/div>\n\t\t\t\t\t<\/div>\n\t\t<\/section>\n\t\t\t\t<section class=\"elementor-section elementor-top-section elementor-element elementor-element-5b928cf elementor-section-boxed elementor-section-height-default elementor-section-height-default\" data-id=\"5b928cf\" data-element_type=\"section\">\n\t\t\t\t\t\t<div class=\"elementor-container elementor-column-gap-default\">\n\t\t\t\t\t<div class=\"elementor-column elementor-col-100 elementor-top-column elementor-element elementor-element-587c274\" data-id=\"587c274\" data-element_type=\"column\">\n\t\t\t<div class=\"elementor-widget-wrap elementor-element-populated\">\n\t\t\t\t\t\t<div class=\"elementor-element elementor-element-2047da4 elementor-widget elementor-widget-heading\" data-id=\"2047da4\" data-element_type=\"widget\" data-widget_type=\"heading.default\">\n\t\t\t\t<div class=\"elementor-widget-container\">\n\t\t\t\t\t<h2 class=\"elementor-heading-title elementor-size-default\">Fuertes ambiciones econ\u00f3micas y geopol\u00edticas\n<\/h2>\t\t\t\t<\/div>\n\t\t\t\t<\/div>\n\t\t\t\t<div class=\"elementor-element elementor-element-994871c elementor-widget elementor-widget-text-editor\" data-id=\"994871c\" data-element_type=\"widget\" data-widget_type=\"text-editor.default\">\n\t\t\t\t<div class=\"elementor-widget-container\">\n\t\t\t\t\t\t\t\t\t<p>Adem\u00e1s de los actos culturales, la CCCE pretende desempe\u00f1ar un papel clave en la estructuraci\u00f3n de los intercambios econ\u00f3micos entre Europa y el Gran Caribe. Como se\u00f1ala Jo Spalburg, Secretario General de la C\u00e1mara: <\/p><p>\u201cNuestra exposici\u00f3n de arte caribe\u00f1o y nuestra muestra de arte culinario permitieron a los parisinos y visitantes descubrir el rico patrimonio cultural del Caribe, una excelente forma de apoyar nuestros esfuerzos por dar a conocer la regi\u00f3n en Europa.\u201d<\/p>\t\t\t\t\t\t\t\t<\/div>\n\t\t\t\t<\/div>\n\t\t\t\t<section class=\"elementor-section elementor-inner-section elementor-element elementor-element-9f1d863 elementor-section-boxed elementor-section-height-default elementor-section-height-default\" data-id=\"9f1d863\" data-element_type=\"section\">\n\t\t\t\t\t\t<div class=\"elementor-container elementor-column-gap-default\">\n\t\t\t\t\t<div class=\"elementor-column elementor-col-100 elementor-inner-column elementor-element elementor-element-acbbc6d\" data-id=\"acbbc6d\" data-element_type=\"column\">\n\t\t\t<div class=\"elementor-widget-wrap elementor-element-populated\">\n\t\t\t\t\t\t<div class=\"elementor-element elementor-element-5907bd5 elementor-widget elementor-widget-image\" data-id=\"5907bd5\" data-element_type=\"widget\" data-widget_type=\"image.default\">\n\t\t\t\t<div class=\"elementor-widget-container\">\n\t\t\t\t\t\t\t\t\t\t\t\t<figure class=\"wp-caption\">\n\t\t\t\t\t\t\t\t\t\t<img loading=\"lazy\" decoding=\"async\" width=\"768\" height=\"1024\" src=\"https:\/\/richeskarayib.com\/wp-content\/uploads\/2025\/06\/Jo-SPALBURG-CCCE-Derren-JOSEPH-HJT-Tax-Daniyel-JONES-Ambassadeur-dAngostura-768x1024.jpg\" class=\"attachment-large size-large wp-image-55324\" alt=\"Journ\u00e9es des Cara\u00efbes\" srcset=\"https:\/\/richeskarayib.com\/wp-content\/uploads\/2025\/06\/Jo-SPALBURG-CCCE-Derren-JOSEPH-HJT-Tax-Daniyel-JONES-Ambassadeur-dAngostura-768x1024.jpg 768w, https:\/\/richeskarayib.com\/wp-content\/uploads\/2025\/06\/Jo-SPALBURG-CCCE-Derren-JOSEPH-HJT-Tax-Daniyel-JONES-Ambassadeur-dAngostura-225x300.jpg 225w, https:\/\/richeskarayib.com\/wp-content\/uploads\/2025\/06\/Jo-SPALBURG-CCCE-Derren-JOSEPH-HJT-Tax-Daniyel-JONES-Ambassadeur-dAngostura-1152x1536.jpg 1152w, https:\/\/richeskarayib.com\/wp-content\/uploads\/2025\/06\/Jo-SPALBURG-CCCE-Derren-JOSEPH-HJT-Tax-Daniyel-JONES-Ambassadeur-dAngostura-1320x1760.jpg 1320w, https:\/\/richeskarayib.com\/wp-content\/uploads\/2025\/06\/Jo-SPALBURG-CCCE-Derren-JOSEPH-HJT-Tax-Daniyel-JONES-Ambassadeur-dAngostura.jpg 1536w\" sizes=\"(max-width: 768px) 100vw, 768px\" \/>\t\t\t\t\t\t\t\t\t\t\t<figcaption class=\"widget-image-caption wp-caption-text\">Jo SPALBURG - CCCE, Derren JOSEPH - HJT Tax, Daniyel JONES, Ambassadeur d'Angostura<\/figcaption>\n\t\t\t\t\t\t\t\t\t\t<\/figure>\n\t\t\t\t\t\t\t\t\t<\/div>\n\t\t\t\t<\/div>\n\t\t\t\t\t<\/div>\n\t\t<\/div>\n\t\t\t\t\t<\/div>\n\t\t<\/section>\n\t\t\t\t<div class=\"elementor-element elementor-element-649159b elementor-widget elementor-widget-text-editor\" data-id=\"649159b\" data-element_type=\"widget\" data-widget_type=\"text-editor.default\">\n\t\t\t\t<div class=\"elementor-widget-container\">\n\t\t\t\t\t\t\t\t\t<p><a href=\"https:\/\/semainesameriquelatinecaraibes.fr\/Semaine-Culinaire-des-Caraibes-2025?utm_source=chatgpt.com\" target=\"_blank\" rel=\"noopener nofollow\">Las Journ\u00e9es des Cara\u00efbes<\/a> reunieron a personalidades del mundo de la diplomacia, los negocios, las artes y el esp\u00edritu empresarial. Helena Compper, vicepresidenta del CCCE y fundadora de la Maison Lacure 1925, expres\u00f3 su deseo de hacer de este acontecimiento un acontecimiento permanente en el calendario parisino. <\/p>\t\t\t\t\t\t\t\t<\/div>\n\t\t\t\t<\/div>\n\t\t\t\t<section class=\"elementor-section elementor-inner-section elementor-element elementor-element-b7a2439 elementor-section-boxed elementor-section-height-default elementor-section-height-default\" data-id=\"b7a2439\" data-element_type=\"section\">\n\t\t\t\t\t\t<div class=\"elementor-container elementor-column-gap-default\">\n\t\t\t\t\t<div class=\"elementor-column elementor-col-33 elementor-inner-column elementor-element elementor-element-6166123\" data-id=\"6166123\" data-element_type=\"column\">\n\t\t\t<div class=\"elementor-widget-wrap elementor-element-populated\">\n\t\t\t\t\t\t<div class=\"elementor-element elementor-element-300e806 elementor-widget elementor-widget-image\" data-id=\"300e806\" data-element_type=\"widget\" data-widget_type=\"image.default\">\n\t\t\t\t<div class=\"elementor-widget-container\">\n\t\t\t\t\t\t\t\t\t\t\t\t<figure class=\"wp-caption\">\n\t\t\t\t\t\t\t\t\t\t<img loading=\"lazy\" decoding=\"async\" width=\"800\" height=\"534\" src=\"https:\/\/richeskarayib.com\/wp-content\/uploads\/2025\/06\/Helena-COMPPER-Maison-Lacure-1925-Shuck-ONE-et-Viktor-LAZLO-1024x683.jpg\" class=\"attachment-large size-large wp-image-55328\" alt=\"Journ\u00e9es des Cara\u00efbes\" srcset=\"https:\/\/richeskarayib.com\/wp-content\/uploads\/2025\/06\/Helena-COMPPER-Maison-Lacure-1925-Shuck-ONE-et-Viktor-LAZLO-1024x683.jpg 1024w, https:\/\/richeskarayib.com\/wp-content\/uploads\/2025\/06\/Helena-COMPPER-Maison-Lacure-1925-Shuck-ONE-et-Viktor-LAZLO-300x200.jpg 300w, https:\/\/richeskarayib.com\/wp-content\/uploads\/2025\/06\/Helena-COMPPER-Maison-Lacure-1925-Shuck-ONE-et-Viktor-LAZLO-768x512.jpg 768w, https:\/\/richeskarayib.com\/wp-content\/uploads\/2025\/06\/Helena-COMPPER-Maison-Lacure-1925-Shuck-ONE-et-Viktor-LAZLO-1536x1024.jpg 1536w, https:\/\/richeskarayib.com\/wp-content\/uploads\/2025\/06\/Helena-COMPPER-Maison-Lacure-1925-Shuck-ONE-et-Viktor-LAZLO-1320x880.jpg 1320w, https:\/\/richeskarayib.com\/wp-content\/uploads\/2025\/06\/Helena-COMPPER-Maison-Lacure-1925-Shuck-ONE-et-Viktor-LAZLO.jpg 1920w\" sizes=\"(max-width: 800px) 100vw, 800px\" \/>\t\t\t\t\t\t\t\t\t\t\t<figcaption class=\"widget-image-caption wp-caption-text\">Helena COMPPER - Maison Lacure 1925, Shuck ONE, et Viktor LAZLO<\/figcaption>\n\t\t\t\t\t\t\t\t\t\t<\/figure>\n\t\t\t\t\t\t\t\t\t<\/div>\n\t\t\t\t<\/div>\n\t\t\t\t\t<\/div>\n\t\t<\/div>\n\t\t\t\t<div class=\"elementor-column elementor-col-33 elementor-inner-column elementor-element elementor-element-14f2c2b\" data-id=\"14f2c2b\" data-element_type=\"column\">\n\t\t\t<div class=\"elementor-widget-wrap elementor-element-populated\">\n\t\t\t\t\t\t<div class=\"elementor-element elementor-element-ce809d3 elementor-widget elementor-widget-image\" data-id=\"ce809d3\" data-element_type=\"widget\" data-widget_type=\"image.default\">\n\t\t\t\t<div class=\"elementor-widget-container\">\n\t\t\t\t\t\t\t\t\t\t\t\t<figure class=\"wp-caption\">\n\t\t\t\t\t\t\t\t\t\t<img loading=\"lazy\" decoding=\"async\" width=\"800\" height=\"534\" src=\"https:\/\/richeskarayib.com\/wp-content\/uploads\/2025\/06\/Jo-SPALBURG-Anjeni-RAMTAHAL-et-S.E.-Hamza-ALKHOLI-Ambassadeur-de-la-Grenada-@UNESCO-1024x683.jpg\" class=\"attachment-large size-large wp-image-55332\" alt=\"Journ\u00e9es des Cara\u00efbes\" srcset=\"https:\/\/richeskarayib.com\/wp-content\/uploads\/2025\/06\/Jo-SPALBURG-Anjeni-RAMTAHAL-et-S.E.-Hamza-ALKHOLI-Ambassadeur-de-la-Grenada-@UNESCO-1024x683.jpg 1024w, https:\/\/richeskarayib.com\/wp-content\/uploads\/2025\/06\/Jo-SPALBURG-Anjeni-RAMTAHAL-et-S.E.-Hamza-ALKHOLI-Ambassadeur-de-la-Grenada-@UNESCO-300x200.jpg 300w, https:\/\/richeskarayib.com\/wp-content\/uploads\/2025\/06\/Jo-SPALBURG-Anjeni-RAMTAHAL-et-S.E.-Hamza-ALKHOLI-Ambassadeur-de-la-Grenada-@UNESCO-768x512.jpg 768w, https:\/\/richeskarayib.com\/wp-content\/uploads\/2025\/06\/Jo-SPALBURG-Anjeni-RAMTAHAL-et-S.E.-Hamza-ALKHOLI-Ambassadeur-de-la-Grenada-@UNESCO-1536x1024.jpg 1536w, https:\/\/richeskarayib.com\/wp-content\/uploads\/2025\/06\/Jo-SPALBURG-Anjeni-RAMTAHAL-et-S.E.-Hamza-ALKHOLI-Ambassadeur-de-la-Grenada-@UNESCO-1320x880.jpg 1320w, https:\/\/richeskarayib.com\/wp-content\/uploads\/2025\/06\/Jo-SPALBURG-Anjeni-RAMTAHAL-et-S.E.-Hamza-ALKHOLI-Ambassadeur-de-la-Grenada-@UNESCO.jpg 1920w\" sizes=\"(max-width: 800px) 100vw, 800px\" \/>\t\t\t\t\t\t\t\t\t\t\t<figcaption class=\"widget-image-caption wp-caption-text\">Jo SPALBURG, Anjeni RAMTAHAL et S.E. Hamza ALKHOLI, Ambassadeur de la Grenada @UNESCO<\/figcaption>\n\t\t\t\t\t\t\t\t\t\t<\/figure>\n\t\t\t\t\t\t\t\t\t<\/div>\n\t\t\t\t<\/div>\n\t\t\t\t\t<\/div>\n\t\t<\/div>\n\t\t\t\t<div class=\"elementor-column elementor-col-33 elementor-inner-column elementor-element elementor-element-416717b\" data-id=\"416717b\" data-element_type=\"column\">\n\t\t\t<div class=\"elementor-widget-wrap elementor-element-populated\">\n\t\t\t\t\t\t<div class=\"elementor-element elementor-element-7ffcb9c elementor-widget elementor-widget-image\" data-id=\"7ffcb9c\" data-element_type=\"widget\" data-widget_type=\"image.default\">\n\t\t\t\t<div class=\"elementor-widget-container\">\n\t\t\t\t\t\t\t\t\t\t\t\t<figure class=\"wp-caption\">\n\t\t\t\t\t\t\t\t\t\t<img loading=\"lazy\" decoding=\"async\" width=\"800\" height=\"527\" src=\"https:\/\/richeskarayib.com\/wp-content\/uploads\/2025\/06\/Jo-SPALBURG-S.E.-Luis-Alberto-POSADAS-Ambassadeur-dHonduras-et-Helena-COMPPER-1024x674.png\" class=\"attachment-large size-large wp-image-55336\" alt=\"Journ\u00e9es des Cara\u00efbes\" srcset=\"https:\/\/richeskarayib.com\/wp-content\/uploads\/2025\/06\/Jo-SPALBURG-S.E.-Luis-Alberto-POSADAS-Ambassadeur-dHonduras-et-Helena-COMPPER-1024x674.png 1024w, https:\/\/richeskarayib.com\/wp-content\/uploads\/2025\/06\/Jo-SPALBURG-S.E.-Luis-Alberto-POSADAS-Ambassadeur-dHonduras-et-Helena-COMPPER-300x198.png 300w, https:\/\/richeskarayib.com\/wp-content\/uploads\/2025\/06\/Jo-SPALBURG-S.E.-Luis-Alberto-POSADAS-Ambassadeur-dHonduras-et-Helena-COMPPER-768x506.png 768w, https:\/\/richeskarayib.com\/wp-content\/uploads\/2025\/06\/Jo-SPALBURG-S.E.-Luis-Alberto-POSADAS-Ambassadeur-dHonduras-et-Helena-COMPPER.png 1031w\" sizes=\"(max-width: 800px) 100vw, 800px\" \/>\t\t\t\t\t\t\t\t\t\t\t<figcaption class=\"widget-image-caption wp-caption-text\">Jo SPALBURG, S.E. Luis Alberto POSADAS, Ambassadeur d'Honduras, et Helena COMPPER<\/figcaption>\n\t\t\t\t\t\t\t\t\t\t<\/figure>\n\t\t\t\t\t\t\t\t\t<\/div>\n\t\t\t\t<\/div>\n\t\t\t\t\t<\/div>\n\t\t<\/div>\n\t\t\t\t\t<\/div>\n\t\t<\/section>\n\t\t\t\t<section class=\"elementor-section elementor-inner-section elementor-element elementor-element-c51c1e9 elementor-section-boxed elementor-section-height-default elementor-section-height-default\" data-id=\"c51c1e9\" data-element_type=\"section\">\n\t\t\t\t\t\t<div class=\"elementor-container elementor-column-gap-default\">\n\t\t\t\t\t\t<\/div>\n\t\t<\/section>\n\t\t\t\t\t<\/div>\n\t\t<\/div>\n\t\t\t\t\t<\/div>\n\t\t<\/section>\n\t\t\t\t<section class=\"elementor-section elementor-top-section elementor-element elementor-element-7ca7ca1 elementor-section-boxed elementor-section-height-default elementor-section-height-default\" data-id=\"7ca7ca1\" data-element_type=\"section\">\n\t\t\t\t\t\t<div class=\"elementor-container elementor-column-gap-default\">\n\t\t\t\t\t<div class=\"elementor-column elementor-col-100 elementor-top-column elementor-element elementor-element-cbdd002\" data-id=\"cbdd002\" data-element_type=\"column\">\n\t\t\t<div class=\"elementor-widget-wrap elementor-element-populated\">\n\t\t\t\t\t\t<div class=\"elementor-element elementor-element-da17f8d elementor-widget elementor-widget-heading\" data-id=\"da17f8d\" data-element_type=\"widget\" data-widget_type=\"heading.default\">\n\t\t\t\t<div class=\"elementor-widget-container\">\n\t\t\t\t\t<h2 class=\"elementor-heading-title elementor-size-default\">Una C\u00e1mara en red con el resto del Gran Caribe<\/h2>\t\t\t\t<\/div>\n\t\t\t\t<\/div>\n\t\t\t\t<section class=\"elementor-section elementor-inner-section elementor-element elementor-element-bc94849 elementor-section-boxed elementor-section-height-default elementor-section-height-default\" data-id=\"bc94849\" data-element_type=\"section\">\n\t\t\t\t\t\t<div class=\"elementor-container elementor-column-gap-default\">\n\t\t\t\t\t\t<\/div>\n\t\t<\/section>\n\t\t\t\t<div class=\"elementor-element elementor-element-209c746 elementor-widget elementor-widget-text-editor\" data-id=\"209c746\" data-element_type=\"widget\" data-widget_type=\"text-editor.default\">\n\t\t\t\t<div class=\"elementor-widget-container\">\n\t\t\t\t\t\t\t\t\t<p>El CCCE act\u00faa como enlace estrat\u00e9gico para las empresas francesas y europeas que quieren expandirse en el Gran Caribe. Su red cubre los pa\u00edses y territorios franc\u00f3fonos, angl\u00f3fonos, hispanohablantes y neerland\u00f3fonos de la regi\u00f3n, as\u00ed como Guayana y Centroam\u00e9rica. <\/p><p>La organizaci\u00f3n pone de relieve los talentos, las fuertes identidades culturales, las innovaciones sostenibles y los activos econ\u00f3micos del Caribe. A trav\u00e9s de iniciativas como las Journ\u00e9es des Cara\u00efbes, tambi\u00e9n promueve los principales centros de intercambio entre Am\u00e9rica, Europa y sus respectivas di\u00e1sporas. <\/p>\t\t\t\t\t\t\t\t<\/div>\n\t\t\t\t<\/div>\n\t\t\t\t<section class=\"elementor-section elementor-inner-section elementor-element elementor-element-61571e6 elementor-section-boxed elementor-section-height-default elementor-section-height-default\" data-id=\"61571e6\" data-element_type=\"section\">\n\t\t\t\t\t\t<div class=\"elementor-container elementor-column-gap-default\">\n\t\t\t\t\t\t<\/div>\n\t\t<\/section>\n\t\t\t\t<section class=\"elementor-section elementor-inner-section elementor-element elementor-element-b6262e0 elementor-section-boxed elementor-section-height-default elementor-section-height-default\" data-id=\"b6262e0\" data-element_type=\"section\">\n\t\t\t\t\t\t<div class=\"elementor-container elementor-column-gap-default\">\n\t\t\t\t\t\t<\/div>\n\t\t<\/section>\n\t\t\t\t<section class=\"elementor-section elementor-inner-section elementor-element elementor-element-86fc378 elementor-section-boxed elementor-section-height-default elementor-section-height-default\" data-id=\"86fc378\" data-element_type=\"section\">\n\t\t\t\t\t\t<div class=\"elementor-container elementor-column-gap-default\">\n\t\t\t\t\t<div class=\"elementor-column elementor-col-33 elementor-inner-column elementor-element elementor-element-9a460d7\" data-id=\"9a460d7\" data-element_type=\"column\">\n\t\t\t<div class=\"elementor-widget-wrap elementor-element-populated\">\n\t\t\t\t\t\t<div class=\"elementor-element elementor-element-6103059 elementor-widget elementor-widget-image\" data-id=\"6103059\" data-element_type=\"widget\" data-widget_type=\"image.default\">\n\t\t\t\t<div class=\"elementor-widget-container\">\n\t\t\t\t\t\t\t\t\t\t\t\t<figure class=\"wp-caption\">\n\t\t\t\t\t\t\t\t\t\t<img loading=\"lazy\" decoding=\"async\" width=\"800\" height=\"534\" src=\"https:\/\/richeskarayib.com\/wp-content\/uploads\/2025\/06\/S.E.-David-PUIG-Ambassadeur-de-la-Rep.-Dom-et-Anjeni-RAMTAHAL-des-Iles-1024x683.jpg\" class=\"attachment-large size-large wp-image-55344\" alt=\"Journ\u00e9es des Cara\u00efbes\" srcset=\"https:\/\/richeskarayib.com\/wp-content\/uploads\/2025\/06\/S.E.-David-PUIG-Ambassadeur-de-la-Rep.-Dom-et-Anjeni-RAMTAHAL-des-Iles-1024x683.jpg 1024w, https:\/\/richeskarayib.com\/wp-content\/uploads\/2025\/06\/S.E.-David-PUIG-Ambassadeur-de-la-Rep.-Dom-et-Anjeni-RAMTAHAL-des-Iles-300x200.jpg 300w, https:\/\/richeskarayib.com\/wp-content\/uploads\/2025\/06\/S.E.-David-PUIG-Ambassadeur-de-la-Rep.-Dom-et-Anjeni-RAMTAHAL-des-Iles-768x512.jpg 768w, https:\/\/richeskarayib.com\/wp-content\/uploads\/2025\/06\/S.E.-David-PUIG-Ambassadeur-de-la-Rep.-Dom-et-Anjeni-RAMTAHAL-des-Iles-1536x1024.jpg 1536w, https:\/\/richeskarayib.com\/wp-content\/uploads\/2025\/06\/S.E.-David-PUIG-Ambassadeur-de-la-Rep.-Dom-et-Anjeni-RAMTAHAL-des-Iles-1320x880.jpg 1320w, https:\/\/richeskarayib.com\/wp-content\/uploads\/2025\/06\/S.E.-David-PUIG-Ambassadeur-de-la-Rep.-Dom-et-Anjeni-RAMTAHAL-des-Iles.jpg 1920w\" sizes=\"(max-width: 800px) 100vw, 800px\" \/>\t\t\t\t\t\t\t\t\t\t\t<figcaption class=\"widget-image-caption wp-caption-text\">S.E. David PUIG, Ambassadeur de la R\u00e9p. Dom et Anjeni RAMTAHAL des Iles<\/figcaption>\n\t\t\t\t\t\t\t\t\t\t<\/figure>\n\t\t\t\t\t\t\t\t\t<\/div>\n\t\t\t\t<\/div>\n\t\t\t\t\t<\/div>\n\t\t<\/div>\n\t\t\t\t<div class=\"elementor-column elementor-col-33 elementor-inner-column elementor-element elementor-element-865de28\" data-id=\"865de28\" data-element_type=\"column\">\n\t\t\t<div class=\"elementor-widget-wrap elementor-element-populated\">\n\t\t\t\t\t\t<div class=\"elementor-element elementor-element-573e5b9 elementor-widget elementor-widget-image\" data-id=\"573e5b9\" data-element_type=\"widget\" data-widget_type=\"image.default\">\n\t\t\t\t<div class=\"elementor-widget-container\">\n\t\t\t\t\t\t\t\t\t\t\t\t<figure class=\"wp-caption\">\n\t\t\t\t\t\t\t\t\t\t<img loading=\"lazy\" decoding=\"async\" width=\"800\" height=\"544\" src=\"https:\/\/richeskarayib.com\/wp-content\/uploads\/2025\/06\/LAccueil-pour-la-Soiree-des-Ambassadeurs-avec-les-hotesses-Raphaella-et-Tabitha.png\" class=\"attachment-large size-large wp-image-55439\" alt=\"Journ\u00e9es des Cara\u00efbes\" srcset=\"https:\/\/richeskarayib.com\/wp-content\/uploads\/2025\/06\/LAccueil-pour-la-Soiree-des-Ambassadeurs-avec-les-hotesses-Raphaella-et-Tabitha.png 1025w, https:\/\/richeskarayib.com\/wp-content\/uploads\/2025\/06\/LAccueil-pour-la-Soiree-des-Ambassadeurs-avec-les-hotesses-Raphaella-et-Tabitha-300x204.png 300w, https:\/\/richeskarayib.com\/wp-content\/uploads\/2025\/06\/LAccueil-pour-la-Soiree-des-Ambassadeurs-avec-les-hotesses-Raphaella-et-Tabitha-768x522.png 768w\" sizes=\"(max-width: 800px) 100vw, 800px\" \/>\t\t\t\t\t\t\t\t\t\t\t<figcaption class=\"widget-image-caption wp-caption-text\">Journ\u00e9es des Cara\u00efbes<\/figcaption>\n\t\t\t\t\t\t\t\t\t\t<\/figure>\n\t\t\t\t\t\t\t\t\t<\/div>\n\t\t\t\t<\/div>\n\t\t\t\t\t<\/div>\n\t\t<\/div>\n\t\t\t\t<div class=\"elementor-column elementor-col-33 elementor-inner-column elementor-element elementor-element-9da263b\" data-id=\"9da263b\" data-element_type=\"column\">\n\t\t\t<div class=\"elementor-widget-wrap elementor-element-populated\">\n\t\t\t\t\t\t<div class=\"elementor-element elementor-element-124974c elementor-widget elementor-widget-image\" data-id=\"124974c\" data-element_type=\"widget\" data-widget_type=\"image.default\">\n\t\t\t\t<div class=\"elementor-widget-container\">\n\t\t\t\t\t\t\t\t\t\t\t\t<figure class=\"wp-caption\">\n\t\t\t\t\t\t\t\t\t\t<img loading=\"lazy\" decoding=\"async\" width=\"800\" height=\"533\" src=\"https:\/\/richeskarayib.com\/wp-content\/uploads\/2025\/06\/Monique-BOLMIN-Keynote-speaker-dEKWA-Consulting.jpg\" class=\"attachment-large size-large wp-image-55443\" alt=\"Journ\u00e9es des Cara\u00efbes\" srcset=\"https:\/\/richeskarayib.com\/wp-content\/uploads\/2025\/06\/Monique-BOLMIN-Keynote-speaker-dEKWA-Consulting.jpg 800w, https:\/\/richeskarayib.com\/wp-content\/uploads\/2025\/06\/Monique-BOLMIN-Keynote-speaker-dEKWA-Consulting-300x200.jpg 300w, https:\/\/richeskarayib.com\/wp-content\/uploads\/2025\/06\/Monique-BOLMIN-Keynote-speaker-dEKWA-Consulting-768x512.jpg 768w\" sizes=\"(max-width: 800px) 100vw, 800px\" \/>\t\t\t\t\t\t\t\t\t\t\t<figcaption class=\"widget-image-caption wp-caption-text\">Monique BOLMIN, Keynote speaker d'EKWA Consulting<\/figcaption>\n\t\t\t\t\t\t\t\t\t\t<\/figure>\n\t\t\t\t\t\t\t\t\t<\/div>\n\t\t\t\t<\/div>\n\t\t\t\t\t<\/div>\n\t\t<\/div>\n\t\t\t\t\t<\/div>\n\t\t<\/section>\n\t\t\t\t<section class=\"elementor-section elementor-inner-section elementor-element elementor-element-cca29fd elementor-section-boxed elementor-section-height-default elementor-section-height-default\" data-id=\"cca29fd\" data-element_type=\"section\">\n\t\t\t\t\t\t<div class=\"elementor-container elementor-column-gap-default\">\n\t\t\t\t\t\t<\/div>\n\t\t<\/section>\n\t\t\t\t\t<\/div>\n\t\t<\/div>\n\t\t\t\t\t<\/div>\n\t\t<\/section>\n\t\t\t\t<section class=\"elementor-section elementor-top-section elementor-element elementor-element-2bb9bde elementor-section-boxed elementor-section-height-default elementor-section-height-default\" data-id=\"2bb9bde\" data-element_type=\"section\">\n\t\t\t\t\t\t<div class=\"elementor-container elementor-column-gap-default\">\n\t\t\t\t\t<div class=\"elementor-column elementor-col-100 elementor-top-column elementor-element elementor-element-d47e98a\" data-id=\"d47e98a\" data-element_type=\"column\">\n\t\t\t<div class=\"elementor-widget-wrap elementor-element-populated\">\n\t\t\t\t\t\t<div class=\"elementor-element elementor-element-9806cc8 elementor-widget elementor-widget-heading\" data-id=\"9806cc8\" data-element_type=\"widget\" data-widget_type=\"heading.default\">\n\t\t\t\t<div class=\"elementor-widget-container\">\n\t\t\t\t\t<h2 class=\"elementor-heading-title elementor-size-default\">Colaboradores y socios para un estreno con \u00e9xito\n<\/h2>\t\t\t\t<\/div>\n\t\t\t\t<\/div>\n\t\t\t\t<div class=\"elementor-element elementor-element-7cdf356 elementor-widget elementor-widget-text-editor\" data-id=\"7cdf356\" data-element_type=\"widget\" data-widget_type=\"text-editor.default\">\n\t\t\t\t<div class=\"elementor-widget-container\">\n\t\t\t\t\t\t\t\t\t<p>Para esta primera edici\u00f3n en Francia, el CCCE ha podido contar con el apoyo de varios socios: la Galer\u00eda de Arte \u201cLes \u00celes\u201d, la Maison Angostura, la Maison Lacure 1925, la Corbeille des Confitures y la Agencia Tributaria HJT. Estas colaboraciones han hecho posibles las Journ\u00e9es des Cara\u00efbes, y son un buen augurio para el futuro de este acontecimiento internacional. <\/p>\t\t\t\t\t\t\t\t<\/div>\n\t\t\t\t<\/div>\n\t\t\t\t\t<\/div>\n\t\t<\/div>\n\t\t\t\t\t<\/div>\n\t\t<\/section>\n\t\t\t\t<\/div>\n\t\t","protected":false},"excerpt":{"rendered":"<p>Un escaparate caribe\u00f1o en la Maison de l&#8217;Am\u00e9rique Latine Journ\u00e9es des Cara\u00efbes: la C\u00e1mara de Comercio del Caribe en Europa (CCCCE) inaugur\u00f3 con \u00e9xito este evento pionero del 2 al 6 de junio de 2025, en el prestigioso marco de la Maison de l&#8217;Am\u00e9rique Latine, en el distrito 7 de Par\u00eds. Combinando gastronom\u00eda, arte, diplomacia [&hellip;]<\/p>\n","protected":false},"author":662,"featured_media":55434,"comment_status":"open","ping_status":"open","sticky":false,"template":"","format":"standard","meta":{"_acf_changed":false,"footnotes":""},"categories":[839],"tags":[1442,1593,1717,1547,1695,816,1481,1594,1705],"class_list":["post-55354","post","type-post","status-publish","format-standard","has-post-thumbnail","hentry","category-noticias","tag-anguilla-es","tag-barbade-es","tag-dominique-es","tag-guadalupe","tag-jamaica-es-2","tag-martinique-es","tag-republica-dominicana","tag-sainte-lucie-es","tag-trinidad-y-tobago-es-2"],"acf":[],"_links":{"self":[{"href":"https:\/\/richeskarayib.com\/es\/wp-json\/wp\/v2\/posts\/55354","targetHints":{"allow":["GET"]}}],"collection":[{"href":"https:\/\/richeskarayib.com\/es\/wp-json\/wp\/v2\/posts"}],"about":[{"href":"https:\/\/richeskarayib.com\/es\/wp-json\/wp\/v2\/types\/post"}],"author":[{"embeddable":true,"href":"https:\/\/richeskarayib.com\/es\/wp-json\/wp\/v2\/users\/662"}],"replies":[{"embeddable":true,"href":"https:\/\/richeskarayib.com\/es\/wp-json\/wp\/v2\/comments?post=55354"}],"version-history":[{"count":0,"href":"https:\/\/richeskarayib.com\/es\/wp-json\/wp\/v2\/posts\/55354\/revisions"}],"wp:featuredmedia":[{"embeddable":true,"href":"https:\/\/richeskarayib.com\/es\/wp-json\/wp\/v2\/media\/55434"}],"wp:attachment":[{"href":"https:\/\/richeskarayib.com\/es\/wp-json\/wp\/v2\/media?parent=55354"}],"wp:term":[{"taxonomy":"category","embeddable":true,"href":"https:\/\/richeskarayib.com\/es\/wp-json\/wp\/v2\/categories?post=55354"},{"taxonomy":"post_tag","embeddable":true,"href":"https:\/\/richeskarayib.com\/es\/wp-json\/wp\/v2\/tags?post=55354"}],"curies":[{"name":"wp","href":"https:\/\/api.w.org\/{rel}","templated":true}]}}