{"id":55428,"date":"2025-06-25T10:18:01","date_gmt":"2025-06-25T14:18:01","guid":{"rendered":"https:\/\/richeskarayib.com\/jamaica-festival-de-cine-de-black-river-2025-un-escaparate-caribeno-para-el-cine-mundial\/"},"modified":"2025-06-25T10:18:03","modified_gmt":"2025-06-25T14:18:03","slug":"jamaica-festival-de-cine-de-black-river-2025-un-escaparate-caribeno-para-el-cine-mundial","status":"publish","type":"post","link":"https:\/\/richeskarayib.com\/es\/jamaica-festival-de-cine-de-black-river-2025-un-escaparate-caribeno-para-el-cine-mundial\/","title":{"rendered":"Jamaica &#8211; Festival de Cine de Black River 2025: un escaparate caribe\u00f1o para el cine mundial."},"content":{"rendered":"\t\t<div data-elementor-type=\"wp-post\" data-elementor-id=\"55428\" class=\"elementor elementor-55428 elementor-55394\" data-elementor-post-type=\"post\">\n\t\t\t\t\t\t<section class=\"elementor-section elementor-top-section elementor-element elementor-element-34e72cf elementor-section-boxed elementor-section-height-default elementor-section-height-default\" data-id=\"34e72cf\" data-element_type=\"section\">\n\t\t\t\t\t\t<div class=\"elementor-container elementor-column-gap-default\">\n\t\t\t\t\t<div class=\"elementor-column elementor-col-100 elementor-top-column elementor-element elementor-element-6d7868a\" data-id=\"6d7868a\" data-element_type=\"column\">\n\t\t\t<div class=\"elementor-widget-wrap elementor-element-populated\">\n\t\t\t\t\t\t<div class=\"elementor-element elementor-element-25340a1 elementor-widget elementor-widget-text-editor\" data-id=\"25340a1\" data-element_type=\"widget\" data-widget_type=\"text-editor.default\">\n\t\t\t\t<div class=\"elementor-widget-container\">\n\t\t\t\t\t\t\t\t\t<p><a href=\"https:\/\/blackriverfilmfestival.com\/\" target=\"_blank\" rel=\"noopener nofollow\">El Festival de Cine de Black River<\/a> se ha convertido r\u00e1pidamente en un acontecimiento importante para los aficionados al cine de <a href=\"https:\/\/richeskarayib.com\/es\/jamaica-usain-bolt-la-nueva-cara-del-turismo-jamaicano\/\" target=\"_blank\" rel=\"noopener\">Jamaica<\/a> y de otros pa\u00edses. Nacido del deseo de revitalizar la escena cinematogr\u00e1fica local, el festival se estableci\u00f3 en la costa sur, en Black River, un lugar cargado de historia y cultura. \u00bfSu misi\u00f3n? Fomentar la aparici\u00f3n de nuevos talentos, promover la diversidad de las historias caribe\u00f1as y conectar a los creadores locales con los mercados mundiales.   <\/p>\t\t\t\t\t\t\t\t<\/div>\n\t\t\t\t<\/div>\n\t\t\t\t<div class=\"elementor-element elementor-element-f97b89d elementor-widget elementor-widget-text-editor\" data-id=\"f97b89d\" data-element_type=\"widget\" data-widget_type=\"text-editor.default\">\n\t\t\t\t<div class=\"elementor-widget-container\">\n\t\t\t\t\t\t\t\t\t<p>Desde su creaci\u00f3n, <a href=\"https:\/\/filmfreeway.com\/BlackRiverFilmFestival\" target=\"_blank\" rel=\"noopener nofollow\">el Festival de Cine Black River de Jamaica<\/a> se ha consolidado como catalizador de cambios positivos, fomentando la innovaci\u00f3n y el crecimiento de la industria cinematogr\u00e1fica. Desempe\u00f1a un papel esencial en la conservaci\u00f3n del patrimonio cultural de Jamaica, al tiempo que tiende puentes hacia el \u00e1mbito internacional. <\/p>\t\t\t\t\t\t\t\t<\/div>\n\t\t\t\t<\/div>\n\t\t\t\t\t<\/div>\n\t\t<\/div>\n\t\t\t\t\t<\/div>\n\t\t<\/section>\n\t\t\t\t<section class=\"elementor-section elementor-top-section elementor-element elementor-element-3756bbb elementor-section-boxed elementor-section-height-default elementor-section-height-default\" data-id=\"3756bbb\" data-element_type=\"section\">\n\t\t\t\t\t\t<div class=\"elementor-container elementor-column-gap-default\">\n\t\t\t\t\t<div class=\"elementor-column elementor-col-100 elementor-top-column elementor-element elementor-element-df79712\" data-id=\"df79712\" data-element_type=\"column\">\n\t\t\t<div class=\"elementor-widget-wrap elementor-element-populated\">\n\t\t\t\t\t\t<div class=\"elementor-element elementor-element-782f801 elementor-widget elementor-widget-heading\" data-id=\"782f801\" data-element_type=\"widget\" data-widget_type=\"heading.default\">\n\t\t\t\t<div class=\"elementor-widget-container\">\n\t\t\t\t\t<h2 class=\"elementor-heading-title elementor-size-default\">La edici\u00f3n de 2025: un punto de inflexi\u00f3n para el cine jamaicano<\/h2>\t\t\t\t<\/div>\n\t\t\t\t<\/div>\n\t\t\t\t<section class=\"elementor-section elementor-inner-section elementor-element elementor-element-d49b67d elementor-section-boxed elementor-section-height-default elementor-section-height-default\" data-id=\"d49b67d\" data-element_type=\"section\">\n\t\t\t\t\t\t<div class=\"elementor-container elementor-column-gap-default\">\n\t\t\t\t\t<div class=\"elementor-column elementor-col-100 elementor-inner-column elementor-element elementor-element-3452fb1\" data-id=\"3452fb1\" data-element_type=\"column\">\n\t\t\t<div class=\"elementor-widget-wrap elementor-element-populated\">\n\t\t\t\t\t\t<div class=\"elementor-element elementor-element-8492aa2 elementor-widget elementor-widget-text-editor\" data-id=\"8492aa2\" data-element_type=\"widget\" data-widget_type=\"text-editor.default\">\n\t\t\t\t<div class=\"elementor-widget-container\">\n\t\t\t\t\t\t\t\t\t<p>Para 2025, el Festival de Cine Black River de Jamaica pone el list\u00f3n a\u00fan m\u00e1s alto con un tema fuerte: &#8220;Coproducciones y Distribuci\u00f3n&#8221;. Esto refleja la creciente necesidad de colaboraci\u00f3n en la industria cinematogr\u00e1fica mundial. El objetivo es claro: conectar el Caribe con los mercados internacionales, ofrecer oportunidades de financiaci\u00f3n, distribuci\u00f3n y coproducci\u00f3n, y posicionar a Jamaica como un actor clave en la industria cinematogr\u00e1fica mundial.  <\/p>\t\t\t\t\t\t\t\t<\/div>\n\t\t\t\t<\/div>\n\t\t\t\t<div class=\"elementor-element elementor-element-111664e elementor-widget elementor-widget-image\" data-id=\"111664e\" data-element_type=\"widget\" data-widget_type=\"image.default\">\n\t\t\t\t<div class=\"elementor-widget-container\">\n\t\t\t\t\t\t\t\t\t\t\t\t<figure class=\"wp-caption\">\n\t\t\t\t\t\t\t\t\t\t<img fetchpriority=\"high\" decoding=\"async\" width=\"768\" height=\"768\" src=\"https:\/\/richeskarayib.com\/wp-content\/uploads\/2025\/06\/Black-River-Film-Festival-768x768.jpg.webp\" class=\"attachment-large size-large wp-image-55406\" alt=\"Black River Film Festival\" srcset=\"https:\/\/richeskarayib.com\/wp-content\/uploads\/2025\/06\/Black-River-Film-Festival-768x768.jpg.webp 768w, https:\/\/richeskarayib.com\/wp-content\/uploads\/2025\/06\/Black-River-Film-Festival-768x768.jpg-300x300.webp 300w, https:\/\/richeskarayib.com\/wp-content\/uploads\/2025\/06\/Black-River-Film-Festival-768x768.jpg-150x150.webp 150w\" sizes=\"(max-width: 768px) 100vw, 768px\" \/>\t\t\t\t\t\t\t\t\t\t\t<figcaption class=\"widget-image-caption wp-caption-text\">Black River Film Festival <\/figcaption>\n\t\t\t\t\t\t\t\t\t\t<\/figure>\n\t\t\t\t\t\t\t\t\t<\/div>\n\t\t\t\t<\/div>\n\t\t\t\t<div class=\"elementor-element elementor-element-51dcc09 elementor-widget elementor-widget-text-editor\" data-id=\"51dcc09\" data-element_type=\"widget\" data-widget_type=\"text-editor.default\">\n\t\t\t\t<div class=\"elementor-widget-container\">\n\t\t\t\t\t\t\t\t\t<p>El <a href=\"https:\/\/sflcn.com\/jamaica-black-river-film-festival-a-new-era-begins\/?utm_source=chatgpt.com\" target=\"_blank\" rel=\"noopener nofollow\">Festival de Cine de Black River<\/a> 2025 cuenta con el apoyo de importantes socios institucionales: la Oficina de Turismo de Jamaica, el Fondo CHASE, JAMPRO y la Comisi\u00f3n Cinematogr\u00e1fica de Jamaica. Este apoyo demuestra la confianza depositada en el evento y en su capacidad para generar beneficios econ\u00f3micos y culturales para la regi\u00f3n de Black River y para Jamaica en su conjunto. <\/p>\t\t\t\t\t\t\t\t<\/div>\n\t\t\t\t<\/div>\n\t\t\t\t\t<\/div>\n\t\t<\/div>\n\t\t\t\t\t<\/div>\n\t\t<\/section>\n\t\t\t\t<section class=\"elementor-section elementor-inner-section elementor-element elementor-element-aac643d elementor-section-boxed elementor-section-height-default elementor-section-height-default\" data-id=\"aac643d\" data-element_type=\"section\">\n\t\t\t\t\t\t<div class=\"elementor-container elementor-column-gap-default\">\n\t\t\t\t\t<div class=\"elementor-column elementor-col-100 elementor-inner-column elementor-element elementor-element-1ef08f8\" data-id=\"1ef08f8\" data-element_type=\"column\">\n\t\t\t<div class=\"elementor-widget-wrap elementor-element-populated\">\n\t\t\t\t\t\t<div class=\"elementor-element elementor-element-86dfe56 elementor-widget elementor-widget-image\" data-id=\"86dfe56\" data-element_type=\"widget\" data-widget_type=\"image.default\">\n\t\t\t\t<div class=\"elementor-widget-container\">\n\t\t\t\t\t\t\t\t\t\t\t\t<figure class=\"wp-caption\">\n\t\t\t\t\t\t\t\t\t\t<img decoding=\"async\" width=\"800\" height=\"1000\" src=\"https:\/\/richeskarayib.com\/wp-content\/uploads\/2025\/06\/513086287_122236973750221989_5569558094010702609_n-819x1024.jpg\" class=\"attachment-large size-large wp-image-55402\" alt=\"Black River Film Festival\" srcset=\"https:\/\/richeskarayib.com\/wp-content\/uploads\/2025\/06\/513086287_122236973750221989_5569558094010702609_n-819x1024.jpg 819w, https:\/\/richeskarayib.com\/wp-content\/uploads\/2025\/06\/513086287_122236973750221989_5569558094010702609_n-240x300.jpg 240w, https:\/\/richeskarayib.com\/wp-content\/uploads\/2025\/06\/513086287_122236973750221989_5569558094010702609_n-768x960.jpg 768w, https:\/\/richeskarayib.com\/wp-content\/uploads\/2025\/06\/513086287_122236973750221989_5569558094010702609_n.jpg 864w\" sizes=\"(max-width: 800px) 100vw, 800px\" \/>\t\t\t\t\t\t\t\t\t\t\t<figcaption class=\"widget-image-caption wp-caption-text\">Black River Film Festival <\/figcaption>\n\t\t\t\t\t\t\t\t\t\t<\/figure>\n\t\t\t\t\t\t\t\t\t<\/div>\n\t\t\t\t<\/div>\n\t\t\t\t\t<\/div>\n\t\t<\/div>\n\t\t\t\t\t<\/div>\n\t\t<\/section>\n\t\t\t\t\t<\/div>\n\t\t<\/div>\n\t\t\t\t\t<\/div>\n\t\t<\/section>\n\t\t\t\t<section class=\"elementor-section elementor-top-section elementor-element elementor-element-5b928cf elementor-section-boxed elementor-section-height-default elementor-section-height-default\" data-id=\"5b928cf\" data-element_type=\"section\">\n\t\t\t\t\t\t<div class=\"elementor-container elementor-column-gap-default\">\n\t\t\t\t\t<div class=\"elementor-column elementor-col-100 elementor-top-column elementor-element elementor-element-587c274\" data-id=\"587c274\" data-element_type=\"column\">\n\t\t\t<div class=\"elementor-widget-wrap elementor-element-populated\">\n\t\t\t\t\t\t<div class=\"elementor-element elementor-element-2047da4 elementor-widget elementor-widget-heading\" data-id=\"2047da4\" data-element_type=\"widget\" data-widget_type=\"heading.default\">\n\t\t\t\t<div class=\"elementor-widget-container\">\n\t\t\t\t\t<h2 class=\"elementor-heading-title elementor-size-default\">Un programa rico y comprometido<\/h2>\t\t\t\t<\/div>\n\t\t\t\t<\/div>\n\t\t\t\t<section class=\"elementor-section elementor-inner-section elementor-element elementor-element-1c6c714 elementor-section-boxed elementor-section-height-default elementor-section-height-default\" data-id=\"1c6c714\" data-element_type=\"section\">\n\t\t\t\t\t\t<div class=\"elementor-container elementor-column-gap-default\">\n\t\t\t\t\t<div class=\"elementor-column elementor-col-100 elementor-inner-column elementor-element elementor-element-395ba6a\" data-id=\"395ba6a\" data-element_type=\"column\">\n\t\t\t<div class=\"elementor-widget-wrap elementor-element-populated\">\n\t\t\t\t\t\t<div class=\"elementor-element elementor-element-994871c elementor-widget elementor-widget-text-editor\" data-id=\"994871c\" data-element_type=\"widget\" data-widget_type=\"text-editor.default\">\n\t\t\t\t<div class=\"elementor-widget-container\">\n\t\t\t\t\t\t\t\t\t<p>Este a\u00f1o, el Festival de Cine Black River de Jamaica se celebrar\u00e1 el viernes 27 y el s\u00e1bado 28 de junio de 2025 en Cloggy&#8217;s on the Beach, en Black River, Santa Isabel. Ser\u00e1n dos d\u00edas intensos de proyecciones de pel\u00edculas, clases magistrales, charlas, sesiones para establecer contactos, sin olvidar la comida y bebida locales y la m\u00fasica en directo.  <\/p>\t\t\t\t\t\t\t\t<\/div>\n\t\t\t\t<\/div>\n\t\t\t\t<div class=\"elementor-element elementor-element-82e4607 elementor-widget elementor-widget-text-editor\" data-id=\"82e4607\" data-element_type=\"widget\" data-widget_type=\"text-editor.default\">\n\t\t\t\t<div class=\"elementor-widget-container\">\n\t\t\t\t\t\t\t\t\t<h3>\ud83d\udcc5 Viernes 27 de junio de 2025<\/h3><ul><li aria-level=\"1\">\u2b50 Inauguraci\u00f3n oficial del festival<\/li><li aria-level=\"1\">\u2b50 Proyecciones de pel\u00edculas seleccionadas<\/li><li aria-level=\"1\">\u2b50 Clases magistrales dirigidas por expertos internacionales, como Samad Davis (Netflix) y C\u00e9dric Pierre-Louis (Canal+ Internacional)<\/li><li aria-level=\"1\">\u2b50 Talleres interactivos sobre coproducci\u00f3n y distribuci\u00f3n<\/li><li aria-level=\"1\">\u2b50 Velada musical con Mutabaruka como DJ residente<\/li><\/ul>\t\t\t\t\t\t\t\t<\/div>\n\t\t\t\t<\/div>\n\t\t\t\t<div class=\"elementor-element elementor-element-4c264e1 elementor-widget elementor-widget-text-editor\" data-id=\"4c264e1\" data-element_type=\"widget\" data-widget_type=\"text-editor.default\">\n\t\t\t\t<div class=\"elementor-widget-container\">\n\t\t\t\t\t\t\t\t\t<h3>\ud83d\udcc5 S\u00e1bado 28 de junio de 2025<\/h3><ul><li aria-level=\"1\">\u2b50M\u00e1s proyecciones y talleres<\/li><li aria-level=\"1\">\u2b50Reuniones profesionales y creaci\u00f3n de redes<\/li><li aria-level=\"1\">\u2b50Mesa redonda con figuras clave: Jackie Jackson (Comisaria de Cine), Angela White, Dolapo Erinkitola, Wendy Parkies (Sud\u00e1frica), Jetsetter Jackie (bloguera brit\u00e1nica), Evy Royal (c\u00f3mica jamaicana).<\/li><li aria-level=\"1\">\u2b50Actuaciones en directo de Duane Stephenson y Bugle<\/li><li aria-level=\"1\">\u2b50Ceremonia de entrega de premios<\/li><\/ul>\t\t\t\t\t\t\t\t<\/div>\n\t\t\t\t<\/div>\n\t\t\t\t\t<\/div>\n\t\t<\/div>\n\t\t\t\t\t<\/div>\n\t\t<\/section>\n\t\t\t\t<section class=\"elementor-section elementor-inner-section elementor-element elementor-element-fed98cc elementor-section-boxed elementor-section-height-default elementor-section-height-default\" data-id=\"fed98cc\" data-element_type=\"section\">\n\t\t\t\t\t\t<div class=\"elementor-container elementor-column-gap-default\">\n\t\t\t\t\t<div class=\"elementor-column elementor-col-25 elementor-inner-column elementor-element elementor-element-8572252\" data-id=\"8572252\" data-element_type=\"column\">\n\t\t\t<div class=\"elementor-widget-wrap elementor-element-populated\">\n\t\t\t\t\t\t<div class=\"elementor-element elementor-element-f4ec9ec elementor-widget elementor-widget-image\" data-id=\"f4ec9ec\" data-element_type=\"widget\" data-widget_type=\"image.default\">\n\t\t\t\t<div class=\"elementor-widget-container\">\n\t\t\t\t\t\t\t\t\t\t\t\t<figure class=\"wp-caption\">\n\t\t\t\t\t\t\t\t\t\t<img decoding=\"async\" width=\"800\" height=\"1000\" src=\"https:\/\/richeskarayib.com\/wp-content\/uploads\/2025\/06\/511516107_122236973798221989_4464326531030692995_n-819x1024.jpg\" class=\"attachment-large size-large wp-image-55410\" alt=\"Black River Film Festival\" srcset=\"https:\/\/richeskarayib.com\/wp-content\/uploads\/2025\/06\/511516107_122236973798221989_4464326531030692995_n-819x1024.jpg 819w, https:\/\/richeskarayib.com\/wp-content\/uploads\/2025\/06\/511516107_122236973798221989_4464326531030692995_n-240x300.jpg 240w, https:\/\/richeskarayib.com\/wp-content\/uploads\/2025\/06\/511516107_122236973798221989_4464326531030692995_n-768x960.jpg 768w, https:\/\/richeskarayib.com\/wp-content\/uploads\/2025\/06\/511516107_122236973798221989_4464326531030692995_n.jpg 864w\" sizes=\"(max-width: 800px) 100vw, 800px\" \/>\t\t\t\t\t\t\t\t\t\t\t<figcaption class=\"widget-image-caption wp-caption-text\">Black River Film Festival <\/figcaption>\n\t\t\t\t\t\t\t\t\t\t<\/figure>\n\t\t\t\t\t\t\t\t\t<\/div>\n\t\t\t\t<\/div>\n\t\t\t\t\t<\/div>\n\t\t<\/div>\n\t\t\t\t<div class=\"elementor-column elementor-col-25 elementor-inner-column elementor-element elementor-element-b6d3b31\" data-id=\"b6d3b31\" data-element_type=\"column\">\n\t\t\t<div class=\"elementor-widget-wrap elementor-element-populated\">\n\t\t\t\t\t\t<div class=\"elementor-element elementor-element-e559cc6 elementor-widget elementor-widget-image\" data-id=\"e559cc6\" data-element_type=\"widget\" data-widget_type=\"image.default\">\n\t\t\t\t<div class=\"elementor-widget-container\">\n\t\t\t\t\t\t\t\t\t\t\t\t\t\t\t<img loading=\"lazy\" decoding=\"async\" width=\"800\" height=\"1000\" src=\"https:\/\/richeskarayib.com\/wp-content\/uploads\/2025\/06\/512683700_122236973840221989_5257819823465317748_n-819x1024.jpg\" class=\"attachment-large size-large wp-image-55414\" alt=\"Black River Film Festival\" srcset=\"https:\/\/richeskarayib.com\/wp-content\/uploads\/2025\/06\/512683700_122236973840221989_5257819823465317748_n-819x1024.jpg 819w, https:\/\/richeskarayib.com\/wp-content\/uploads\/2025\/06\/512683700_122236973840221989_5257819823465317748_n-240x300.jpg 240w, https:\/\/richeskarayib.com\/wp-content\/uploads\/2025\/06\/512683700_122236973840221989_5257819823465317748_n-768x960.jpg 768w, https:\/\/richeskarayib.com\/wp-content\/uploads\/2025\/06\/512683700_122236973840221989_5257819823465317748_n.jpg 864w\" sizes=\"(max-width: 800px) 100vw, 800px\" \/>\t\t\t\t\t\t\t\t\t\t\t\t\t\t\t<\/div>\n\t\t\t\t<\/div>\n\t\t\t\t\t<\/div>\n\t\t<\/div>\n\t\t\t\t<div class=\"elementor-column elementor-col-25 elementor-inner-column elementor-element elementor-element-90a3ae9\" data-id=\"90a3ae9\" data-element_type=\"column\">\n\t\t\t<div class=\"elementor-widget-wrap elementor-element-populated\">\n\t\t\t\t\t\t<div class=\"elementor-element elementor-element-d133e10 elementor-widget elementor-widget-image\" data-id=\"d133e10\" data-element_type=\"widget\" data-widget_type=\"image.default\">\n\t\t\t\t<div class=\"elementor-widget-container\">\n\t\t\t\t\t\t\t\t\t\t\t\t\t\t\t<img loading=\"lazy\" decoding=\"async\" width=\"800\" height=\"1000\" src=\"https:\/\/richeskarayib.com\/wp-content\/uploads\/2025\/06\/512124430_122236973888221989_4712063773659545187_n-819x1024.jpg\" class=\"attachment-large size-large wp-image-55418\" alt=\"Black River Film Festival\" srcset=\"https:\/\/richeskarayib.com\/wp-content\/uploads\/2025\/06\/512124430_122236973888221989_4712063773659545187_n-819x1024.jpg 819w, https:\/\/richeskarayib.com\/wp-content\/uploads\/2025\/06\/512124430_122236973888221989_4712063773659545187_n-240x300.jpg 240w, https:\/\/richeskarayib.com\/wp-content\/uploads\/2025\/06\/512124430_122236973888221989_4712063773659545187_n-768x960.jpg 768w, https:\/\/richeskarayib.com\/wp-content\/uploads\/2025\/06\/512124430_122236973888221989_4712063773659545187_n.jpg 864w\" sizes=\"(max-width: 800px) 100vw, 800px\" \/>\t\t\t\t\t\t\t\t\t\t\t\t\t\t\t<\/div>\n\t\t\t\t<\/div>\n\t\t\t\t\t<\/div>\n\t\t<\/div>\n\t\t\t\t<div class=\"elementor-column elementor-col-25 elementor-inner-column elementor-element elementor-element-e5509b0\" data-id=\"e5509b0\" data-element_type=\"column\">\n\t\t\t<div class=\"elementor-widget-wrap elementor-element-populated\">\n\t\t\t\t\t\t<div class=\"elementor-element elementor-element-25c4ef1 elementor-widget elementor-widget-image\" data-id=\"25c4ef1\" data-element_type=\"widget\" data-widget_type=\"image.default\">\n\t\t\t\t<div class=\"elementor-widget-container\">\n\t\t\t\t\t\t\t\t\t\t\t\t\t\t\t<img loading=\"lazy\" decoding=\"async\" width=\"800\" height=\"1000\" src=\"https:\/\/richeskarayib.com\/wp-content\/uploads\/2025\/06\/510968282_122236973942221989_1773499356593463864_n-819x1024.jpg\" class=\"attachment-large size-large wp-image-55422\" alt=\"Black River Film Festival\" srcset=\"https:\/\/richeskarayib.com\/wp-content\/uploads\/2025\/06\/510968282_122236973942221989_1773499356593463864_n-819x1024.jpg 819w, https:\/\/richeskarayib.com\/wp-content\/uploads\/2025\/06\/510968282_122236973942221989_1773499356593463864_n-240x300.jpg 240w, https:\/\/richeskarayib.com\/wp-content\/uploads\/2025\/06\/510968282_122236973942221989_1773499356593463864_n-768x960.jpg 768w, https:\/\/richeskarayib.com\/wp-content\/uploads\/2025\/06\/510968282_122236973942221989_1773499356593463864_n.jpg 864w\" sizes=\"(max-width: 800px) 100vw, 800px\" \/>\t\t\t\t\t\t\t\t\t\t\t\t\t\t\t<\/div>\n\t\t\t\t<\/div>\n\t\t\t\t\t<\/div>\n\t\t<\/div>\n\t\t\t\t\t<\/div>\n\t\t<\/section>\n\t\t\t\t<section class=\"elementor-section elementor-inner-section elementor-element elementor-element-c51c1e9 elementor-section-boxed elementor-section-height-default elementor-section-height-default\" data-id=\"c51c1e9\" data-element_type=\"section\">\n\t\t\t\t\t\t<div class=\"elementor-container elementor-column-gap-default\">\n\t\t\t\t\t\t<\/div>\n\t\t<\/section>\n\t\t\t\t\t<\/div>\n\t\t<\/div>\n\t\t\t\t\t<\/div>\n\t\t<\/section>\n\t\t\t\t<section class=\"elementor-section elementor-top-section elementor-element elementor-element-7ca7ca1 elementor-section-boxed elementor-section-height-default elementor-section-height-default\" data-id=\"7ca7ca1\" data-element_type=\"section\">\n\t\t\t\t\t\t<div class=\"elementor-container elementor-column-gap-default\">\n\t\t\t\t\t<div class=\"elementor-column elementor-col-100 elementor-top-column elementor-element elementor-element-cbdd002\" data-id=\"cbdd002\" data-element_type=\"column\">\n\t\t\t<div class=\"elementor-widget-wrap elementor-element-populated\">\n\t\t\t\t\t\t<div class=\"elementor-element elementor-element-da17f8d elementor-widget elementor-widget-heading\" data-id=\"da17f8d\" data-element_type=\"widget\" data-widget_type=\"heading.default\">\n\t\t\t\t<div class=\"elementor-widget-container\">\n\t\t\t\t\t<h2 class=\"elementor-heading-title elementor-size-default\">Concursos, premios y oportunidades para dise\u00f1adores<\/h2>\t\t\t\t<\/div>\n\t\t\t\t<\/div>\n\t\t\t\t<section class=\"elementor-section elementor-inner-section elementor-element elementor-element-bc94849 elementor-section-boxed elementor-section-height-default elementor-section-height-default\" data-id=\"bc94849\" data-element_type=\"section\">\n\t\t\t\t\t\t<div class=\"elementor-container elementor-column-gap-default\">\n\t\t\t\t\t\t<\/div>\n\t\t<\/section>\n\t\t\t\t<section class=\"elementor-section elementor-inner-section elementor-element elementor-element-9e973f4 elementor-section-boxed elementor-section-height-default elementor-section-height-default\" data-id=\"9e973f4\" data-element_type=\"section\">\n\t\t\t\t\t\t<div class=\"elementor-container elementor-column-gap-default\">\n\t\t\t\t\t<div class=\"elementor-column elementor-col-100 elementor-inner-column elementor-element elementor-element-826b295\" data-id=\"826b295\" data-element_type=\"column\">\n\t\t\t<div class=\"elementor-widget-wrap elementor-element-populated\">\n\t\t\t\t\t\t<div class=\"elementor-element elementor-element-209c746 elementor-widget elementor-widget-text-editor\" data-id=\"209c746\" data-element_type=\"widget\" data-widget_type=\"text-editor.default\">\n\t\t\t\t<div class=\"elementor-widget-container\">\n\t\t\t\t\t\t\t\t\t<p>El Festival de Cine Black River 2025 de Jamaica recibi\u00f3 49 pel\u00edculas, de las que se seleccionaron 15 para competir en diversas categor\u00edas. Los trabajos se juzgan por su creatividad, narraci\u00f3n e impacto cultural. Los premios incluyen:  <\/p>\t\t\t\t\t\t\t\t<\/div>\n\t\t\t\t<\/div>\n\t\t\t\t<div class=\"elementor-element elementor-element-e40bddc elementor-widget elementor-widget-text-editor\" data-id=\"e40bddc\" data-element_type=\"widget\" data-widget_type=\"text-editor.default\">\n\t\t\t\t<div class=\"elementor-widget-container\">\n\t\t\t\t\t\t\t\t\t<ul><li aria-level=\"1\">\ud83c\udfc6 Mejor pel\u00edcula de animaci\u00f3n<\/li><li aria-level=\"1\">\ud83c\udfc6 Mejor fotograf\u00eda<\/li><li aria-level=\"1\">\ud83c\udfc6 Mejores efectos visuales<\/li><li aria-level=\"1\">\ud83c\udfc6 Los mejores efectos de sonido<\/li><li aria-level=\"1\">\ud83c\udfc6 Mejor productor<\/li><li aria-level=\"1\">\ud83c\udfc6 Mejor director<\/li><li aria-level=\"1\">\ud83c\udfc6 Mejor cortometraje narrativo<\/li><li aria-level=\"1\">\ud83c\udfc6Mejor Cortometraje Documental<\/li><\/ul>\t\t\t\t\t\t\t\t<\/div>\n\t\t\t\t<\/div>\n\t\t\t\t<div class=\"elementor-element elementor-element-9f9ab28 elementor-widget elementor-widget-text-editor\" data-id=\"9f9ab28\" data-element_type=\"widget\" data-widget_type=\"text-editor.default\">\n\t\t\t\t<div class=\"elementor-widget-container\">\n\t\t\t\t\t\t\t\t\t<p>Los ganadores pueden recibir premios en met\u00e1lico, trofeos u oportunidades de distribuci\u00f3n, elevando el perfil del talento jamaicano y caribe\u00f1o en la escena internacional.<\/p>\t\t\t\t\t\t\t\t<\/div>\n\t\t\t\t<\/div>\n\t\t\t\t\t<\/div>\n\t\t<\/div>\n\t\t\t\t\t<\/div>\n\t\t<\/section>\n\t\t\t\t<section class=\"elementor-section elementor-inner-section elementor-element elementor-element-61571e6 elementor-section-boxed elementor-section-height-default elementor-section-height-default\" data-id=\"61571e6\" data-element_type=\"section\">\n\t\t\t\t\t\t<div class=\"elementor-container elementor-column-gap-default\">\n\t\t\t\t\t\t<\/div>\n\t\t<\/section>\n\t\t\t\t<section class=\"elementor-section elementor-inner-section elementor-element elementor-element-b6262e0 elementor-section-boxed elementor-section-height-default elementor-section-height-default\" data-id=\"b6262e0\" data-element_type=\"section\">\n\t\t\t\t\t\t<div class=\"elementor-container elementor-column-gap-default\">\n\t\t\t\t\t\t<\/div>\n\t\t<\/section>\n\t\t\t\t<section class=\"elementor-section elementor-inner-section elementor-element elementor-element-cca29fd elementor-section-boxed elementor-section-height-default elementor-section-height-default\" data-id=\"cca29fd\" data-element_type=\"section\">\n\t\t\t\t\t\t<div class=\"elementor-container elementor-column-gap-default\">\n\t\t\t\t\t\t<\/div>\n\t\t<\/section>\n\t\t\t\t\t<\/div>\n\t\t<\/div>\n\t\t\t\t\t<\/div>\n\t\t<\/section>\n\t\t\t\t<section class=\"elementor-section elementor-top-section elementor-element elementor-element-2bb9bde elementor-section-boxed elementor-section-height-default elementor-section-height-default\" data-id=\"2bb9bde\" data-element_type=\"section\">\n\t\t\t\t\t\t<div class=\"elementor-container elementor-column-gap-default\">\n\t\t\t\t\t<div class=\"elementor-column elementor-col-100 elementor-top-column elementor-element elementor-element-d47e98a\" data-id=\"d47e98a\" data-element_type=\"column\">\n\t\t\t<div class=\"elementor-widget-wrap elementor-element-populated\">\n\t\t\t\t\t\t<div class=\"elementor-element elementor-element-9806cc8 elementor-widget elementor-widget-heading\" data-id=\"9806cc8\" data-element_type=\"widget\" data-widget_type=\"heading.default\">\n\t\t\t\t<div class=\"elementor-widget-container\">\n\t\t\t\t\t<h2 class=\"elementor-heading-title elementor-size-default\">Una din\u00e1mica integradora al servicio de la regi\u00f3n<\/h2>\t\t\t\t<\/div>\n\t\t\t\t<\/div>\n\t\t\t\t<div class=\"elementor-element elementor-element-7cdf356 elementor-widget elementor-widget-text-editor\" data-id=\"7cdf356\" data-element_type=\"widget\" data-widget_type=\"text-editor.default\">\n\t\t\t\t<div class=\"elementor-widget-container\">\n\t\t\t\t\t\t\t\t\t<p>El Festival de Cine de Black River, en Jamaica, no s\u00f3lo celebra el cine: act\u00faa como un verdadero motor del desarrollo local. Al traer un acontecimiento internacional a Black River, una localidad que suele estar alejada de los grandes circuitos tur\u00edsticos y medi\u00e1ticos, el festival contribuye a mejorar la zona a trav\u00e9s de la cultura. <\/p>\t\t\t\t\t\t\t\t<\/div>\n\t\t\t\t<\/div>\n\t\t\t\t<div class=\"elementor-element elementor-element-0474814 elementor-widget elementor-widget-text-editor\" data-id=\"0474814\" data-element_type=\"widget\" data-widget_type=\"text-editor.default\">\n\t\t\t\t<div class=\"elementor-widget-container\">\n\t\t\t\t\t\t\t\t\t<p>El Festival de Cine del R\u00edo Negro ofrece acceso directo a la formaci\u00f3n y la experiencia a j\u00f3venes creadores procedentes de entornos a veces aislados, a trav\u00e9s de talleres, conferencias y clases magistrales de alto nivel. Esta transferencia de competencias es un vector de emancipaci\u00f3n para toda una generaci\u00f3n de profesionales de la imagen. <\/p>\t\t\t\t\t\t\t\t<\/div>\n\t\t\t\t<\/div>\n\t\t\t\t<div class=\"elementor-element elementor-element-3c779c4 elementor-widget elementor-widget-text-editor\" data-id=\"3c779c4\" data-element_type=\"widget\" data-widget_type=\"text-editor.default\">\n\t\t\t\t<div class=\"elementor-widget-container\">\n\t\t\t\t\t\t\t\t\t<p>En t\u00e9rminos econ\u00f3micos, el festival estimula la actividad local atrayendo a visitantes y socios de todo el mundo. Alojamiento, restaurantes, transporte, artesan\u00eda: todo el ecosistema local se beneficia de esta afluencia de oportunidades. El apoyo del Fondo CHASE, que dedica el 15% de sus recursos a las artes, tambi\u00e9n garantiza que este impacto sea duradero.  <\/p>\t\t\t\t\t\t\t\t<\/div>\n\t\t\t\t<\/div>\n\t\t\t\t<section class=\"elementor-section elementor-inner-section elementor-element elementor-element-688adc6 elementor-section-boxed elementor-section-height-default elementor-section-height-default\" data-id=\"688adc6\" data-element_type=\"section\">\n\t\t\t\t\t\t<div class=\"elementor-container elementor-column-gap-default\">\n\t\t\t\t\t<div class=\"elementor-column elementor-col-100 elementor-inner-column elementor-element elementor-element-f9dd389\" data-id=\"f9dd389\" data-element_type=\"column\">\n\t\t\t<div class=\"elementor-widget-wrap elementor-element-populated\">\n\t\t\t\t\t\t<div class=\"elementor-element elementor-element-d9b9d0d elementor-widget elementor-widget-image\" data-id=\"d9b9d0d\" data-element_type=\"widget\" data-widget_type=\"image.default\">\n\t\t\t\t<div class=\"elementor-widget-container\">\n\t\t\t\t\t\t\t\t\t\t\t\t\t\t\t<img loading=\"lazy\" decoding=\"async\" width=\"800\" height=\"478\" src=\"https:\/\/richeskarayib.com\/wp-content\/uploads\/2025\/06\/Half20Jamaica_Rose20Villas20Half202-1024x612.webp\" class=\"attachment-large size-large wp-image-55426\" alt=\"Black River Film Festival\" srcset=\"https:\/\/richeskarayib.com\/wp-content\/uploads\/2025\/06\/Half20Jamaica_Rose20Villas20Half202-1024x612.webp 1024w, https:\/\/richeskarayib.com\/wp-content\/uploads\/2025\/06\/Half20Jamaica_Rose20Villas20Half202-300x179.webp 300w, https:\/\/richeskarayib.com\/wp-content\/uploads\/2025\/06\/Half20Jamaica_Rose20Villas20Half202-768x459.webp 768w, https:\/\/richeskarayib.com\/wp-content\/uploads\/2025\/06\/Half20Jamaica_Rose20Villas20Half202-1536x918.webp 1536w, https:\/\/richeskarayib.com\/wp-content\/uploads\/2025\/06\/Half20Jamaica_Rose20Villas20Half202-1320x789.webp 1320w, https:\/\/richeskarayib.com\/wp-content\/uploads\/2025\/06\/Half20Jamaica_Rose20Villas20Half202.webp 1920w\" sizes=\"(max-width: 800px) 100vw, 800px\" \/>\t\t\t\t\t\t\t\t\t\t\t\t\t\t\t<\/div>\n\t\t\t\t<\/div>\n\t\t\t\t\t<\/div>\n\t\t<\/div>\n\t\t\t\t\t<\/div>\n\t\t<\/section>\n\t\t\t\t\t<\/div>\n\t\t<\/div>\n\t\t\t\t\t<\/div>\n\t\t<\/section>\n\t\t\t\t<section class=\"elementor-section elementor-top-section elementor-element elementor-element-2fc67c8 elementor-section-boxed elementor-section-height-default elementor-section-height-default\" data-id=\"2fc67c8\" data-element_type=\"section\">\n\t\t\t\t\t\t<div class=\"elementor-container elementor-column-gap-default\">\n\t\t\t\t\t<div class=\"elementor-column elementor-col-100 elementor-top-column elementor-element elementor-element-f4b6dcd\" data-id=\"f4b6dcd\" data-element_type=\"column\">\n\t\t\t<div class=\"elementor-widget-wrap elementor-element-populated\">\n\t\t\t\t\t\t<div class=\"elementor-element elementor-element-2ef6e8b elementor-widget elementor-widget-text-editor\" data-id=\"2ef6e8b\" data-element_type=\"widget\" data-widget_type=\"text-editor.default\">\n\t\t\t\t<div class=\"elementor-widget-container\">\n\t\t\t\t\t\t\t\t\t<p>El Festival de Cine Black River 2025 de Jamaica es una cita ineludible para cualquier persona interesada en el cine, la cultura caribe\u00f1a y la innovaci\u00f3n art\u00edstica. Al reunir a talentos locales e internacionales, promover las coproducciones y la distribuci\u00f3n, y ofrecer un programa ambicioso y humano, est\u00e1 contribuyendo a posicionar a Jamaica como un actor importante en la escena cinematogr\u00e1fica mundial. <\/p><p>Tanto si eres un profesional del sector como un simple curioso, Black River es el lugar donde celebrar, compartir y difundir la riqueza de las historias caribe\u00f1as.<\/p>\t\t\t\t\t\t\t\t<\/div>\n\t\t\t\t<\/div>\n\t\t\t\t\t<\/div>\n\t\t<\/div>\n\t\t\t\t\t<\/div>\n\t\t<\/section>\n\t\t\t\t<\/div>\n\t\t","protected":false},"excerpt":{"rendered":"<p>El Festival de Cine de Black River se ha convertido r\u00e1pidamente en un acontecimiento importante para los aficionados al cine de Jamaica y de otros pa\u00edses. Nacido del deseo de revitalizar la escena cinematogr\u00e1fica local, el festival se estableci\u00f3 en la costa sur, en Black River, un lugar cargado de historia y cultura. \u00bfSu misi\u00f3n? [&hellip;]<\/p>\n","protected":false},"author":662,"featured_media":55398,"comment_status":"open","ping_status":"open","sticky":false,"template":"","format":"standard","meta":{"_acf_changed":false,"footnotes":""},"categories":[1505,1499,839],"tags":[1695],"class_list":["post-55428","post","type-post","status-publish","format-standard","has-post-thumbnail","hentry","category-cine-y-video","category-gestion-de-eventos","category-noticias","tag-jamaica-es-2"],"acf":[],"_links":{"self":[{"href":"https:\/\/richeskarayib.com\/es\/wp-json\/wp\/v2\/posts\/55428","targetHints":{"allow":["GET"]}}],"collection":[{"href":"https:\/\/richeskarayib.com\/es\/wp-json\/wp\/v2\/posts"}],"about":[{"href":"https:\/\/richeskarayib.com\/es\/wp-json\/wp\/v2\/types\/post"}],"author":[{"embeddable":true,"href":"https:\/\/richeskarayib.com\/es\/wp-json\/wp\/v2\/users\/662"}],"replies":[{"embeddable":true,"href":"https:\/\/richeskarayib.com\/es\/wp-json\/wp\/v2\/comments?post=55428"}],"version-history":[{"count":0,"href":"https:\/\/richeskarayib.com\/es\/wp-json\/wp\/v2\/posts\/55428\/revisions"}],"wp:featuredmedia":[{"embeddable":true,"href":"https:\/\/richeskarayib.com\/es\/wp-json\/wp\/v2\/media\/55398"}],"wp:attachment":[{"href":"https:\/\/richeskarayib.com\/es\/wp-json\/wp\/v2\/media?parent=55428"}],"wp:term":[{"taxonomy":"category","embeddable":true,"href":"https:\/\/richeskarayib.com\/es\/wp-json\/wp\/v2\/categories?post=55428"},{"taxonomy":"post_tag","embeddable":true,"href":"https:\/\/richeskarayib.com\/es\/wp-json\/wp\/v2\/tags?post=55428"}],"curies":[{"name":"wp","href":"https:\/\/api.w.org\/{rel}","templated":true}]}}