{"id":55551,"date":"2025-06-26T09:26:26","date_gmt":"2025-06-26T13:26:26","guid":{"rendered":"https:\/\/richeskarayib.com\/paris-noir-en-el-centro-pompidou-la-fondation-clement-y-gbh-artifices-de-una-influencia-artistica-en-los-territorios-franceses-de-ultramar\/"},"modified":"2025-06-26T09:26:27","modified_gmt":"2025-06-26T13:26:27","slug":"paris-noir-en-el-centro-pompidou-la-fondation-clement-y-gbh-artifices-de-una-influencia-artistica-en-los-territorios-franceses-de-ultramar","status":"publish","type":"post","link":"https:\/\/richeskarayib.com\/es\/paris-noir-en-el-centro-pompidou-la-fondation-clement-y-gbh-artifices-de-una-influencia-artistica-en-los-territorios-franceses-de-ultramar\/","title":{"rendered":"&#8220;Paris Noir&#8221; en el Centro Pompidou: la Fondation Cl\u00e9ment y GBH, art\u00edfices de una influencia art\u00edstica en los territorios franceses de ultramar."},"content":{"rendered":"\t\t<div data-elementor-type=\"wp-post\" data-elementor-id=\"55551\" class=\"elementor elementor-55551 elementor-55493\" data-elementor-post-type=\"post\">\n\t\t\t\t\t\t<section class=\"elementor-section elementor-top-section elementor-element elementor-element-34e72cf elementor-section-boxed elementor-section-height-default elementor-section-height-default\" data-id=\"34e72cf\" data-element_type=\"section\">\n\t\t\t\t\t\t<div class=\"elementor-container elementor-column-gap-default\">\n\t\t\t\t\t<div class=\"elementor-column elementor-col-100 elementor-top-column elementor-element elementor-element-6d7868a\" data-id=\"6d7868a\" data-element_type=\"column\">\n\t\t\t<div class=\"elementor-widget-wrap elementor-element-populated\">\n\t\t\t\t\t\t<div class=\"elementor-element elementor-element-25340a1 elementor-widget elementor-widget-text-editor\" data-id=\"25340a1\" data-element_type=\"widget\" data-widget_type=\"text-editor.default\">\n\t\t\t\t<div class=\"elementor-widget-container\">\n\t\t\t\t\t\t\t\t\t<p>Mientras el <a href=\"https:\/\/www.centrepompidou.fr\/fr\/\" target=\"_blank\" rel=\"noopener nofollow\">Centro Pompidou<\/a> se prepara para cerrar por reformas, la exposici\u00f3n &#8220;Par\u00eds Noir&#8221; se consolida como un acontecimiento destacado en la escena cultural francesa. Junto a ella, la <a href=\"https:\/\/richeskarayib.com\/es\/?p=51832\" target=\"_blank\" rel=\"noopener\">Fondation Cl\u00e9ment<\/a>, brazo cultural del grupo GBH (Groupe Bernard Hayot), est\u00e1 desempe\u00f1ando un papel decisivo en la promoci\u00f3n del arte caribe\u00f1o. <\/p>\t\t\t\t\t\t\t\t<\/div>\n\t\t\t\t<\/div>\n\t\t\t\t\t<\/div>\n\t\t<\/div>\n\t\t\t\t\t<\/div>\n\t\t<\/section>\n\t\t\t\t<section class=\"elementor-section elementor-top-section elementor-element elementor-element-3756bbb elementor-section-boxed elementor-section-height-default elementor-section-height-default\" data-id=\"3756bbb\" data-element_type=\"section\">\n\t\t\t\t\t\t<div class=\"elementor-container elementor-column-gap-default\">\n\t\t\t\t\t<div class=\"elementor-column elementor-col-100 elementor-top-column elementor-element elementor-element-df79712\" data-id=\"df79712\" data-element_type=\"column\">\n\t\t\t<div class=\"elementor-widget-wrap elementor-element-populated\">\n\t\t\t\t\t\t<div class=\"elementor-element elementor-element-782f801 elementor-widget elementor-widget-heading\" data-id=\"782f801\" data-element_type=\"widget\" data-widget_type=\"heading.default\">\n\t\t\t\t<div class=\"elementor-widget-container\">\n\t\t\t\t\t<h2 class=\"elementor-heading-title elementor-size-default\">Un homenaje \u00fanico a los artistas negros de Francia y de ultramar<\/h2>\t\t\t\t<\/div>\n\t\t\t\t<\/div>\n\t\t\t\t<section class=\"elementor-section elementor-inner-section elementor-element elementor-element-d49b67d elementor-section-boxed elementor-section-height-default elementor-section-height-default\" data-id=\"d49b67d\" data-element_type=\"section\">\n\t\t\t\t\t\t<div class=\"elementor-container elementor-column-gap-default\">\n\t\t\t\t\t<div class=\"elementor-column elementor-col-100 elementor-inner-column elementor-element elementor-element-3452fb1\" data-id=\"3452fb1\" data-element_type=\"column\">\n\t\t\t<div class=\"elementor-widget-wrap elementor-element-populated\">\n\t\t\t\t\t\t<div class=\"elementor-element elementor-element-8492aa2 elementor-widget elementor-widget-text-editor\" data-id=\"8492aa2\" data-element_type=\"widget\" data-widget_type=\"text-editor.default\">\n\t\t\t\t<div class=\"elementor-widget-container\">\n\t\t\t\t\t\t\t\t\t<p>Expuesta en el Centro Pompidou desde marzo, la exposici\u00f3n <a href=\"https:\/\/richeskarayib.com\/es\/paris-negro-una-inmersion-artistica-en-el-centro-pompidou\/\" target=\"_blank\" rel=\"noopener\">&#8220;Par\u00eds Noir<\/a> &#8221; recorre la influencia de los artistas negros en Francia entre 1950 y 2000. A trav\u00e9s de un recorrido ricamente documentado, ofrece una visibilidad poco frecuente a trayectorias art\u00edsticas marginadas durante demasiado tiempo. Y el p\u00fablico ha respondido: m\u00e1s de 200.000 visitantes han atravesado ya las puertas del museo.  <\/p><p>De los 150 artistas expuestos, 26 son de Ultramar, 17 de ellos de Martinica. Esta fuerte representaci\u00f3n subraya la riqueza de la expresi\u00f3n art\u00edstica caribe\u00f1a en el panorama art\u00edstico franc\u00e9s. Dado que el edificio hist\u00f3rico del Centro Pompidou cerrar\u00e1 por reformas hasta 2030, &#8220;Paris Noir&#8221; ser\u00e1 uno de los \u00faltimos grandes acontecimientos culturales del recinto antes de su transformaci\u00f3n.  <\/p>\t\t\t\t\t\t\t\t<\/div>\n\t\t\t\t<\/div>\n\t\t\t\t<div class=\"elementor-element elementor-element-03ca11a elementor-widget elementor-widget-image\" data-id=\"03ca11a\" data-element_type=\"widget\" data-widget_type=\"image.default\">\n\t\t\t\t<div class=\"elementor-widget-container\">\n\t\t\t\t\t\t\t\t\t\t\t\t\t\t\t<img fetchpriority=\"high\" decoding=\"async\" width=\"512\" height=\"640\" src=\"https:\/\/richeskarayib.com\/wp-content\/uploads\/2025\/06\/492519947_1074188884755493_2625232740133237844_n.jpg\" class=\"attachment-large size-large wp-image-55517\" alt=\"Paris Noir\" srcset=\"https:\/\/richeskarayib.com\/wp-content\/uploads\/2025\/06\/492519947_1074188884755493_2625232740133237844_n.jpg 512w, https:\/\/richeskarayib.com\/wp-content\/uploads\/2025\/06\/492519947_1074188884755493_2625232740133237844_n-240x300.jpg 240w\" sizes=\"(max-width: 512px) 100vw, 512px\" \/>\t\t\t\t\t\t\t\t\t\t\t\t\t\t\t<\/div>\n\t\t\t\t<\/div>\n\t\t\t\t\t<\/div>\n\t\t<\/div>\n\t\t\t\t\t<\/div>\n\t\t<\/section>\n\t\t\t\t\t<\/div>\n\t\t<\/div>\n\t\t\t\t\t<\/div>\n\t\t<\/section>\n\t\t\t\t<section class=\"elementor-section elementor-top-section elementor-element elementor-element-5b928cf elementor-section-boxed elementor-section-height-default elementor-section-height-default\" data-id=\"5b928cf\" data-element_type=\"section\">\n\t\t\t\t\t\t<div class=\"elementor-container elementor-column-gap-default\">\n\t\t\t\t\t<div class=\"elementor-column elementor-col-100 elementor-top-column elementor-element elementor-element-587c274\" data-id=\"587c274\" data-element_type=\"column\">\n\t\t\t<div class=\"elementor-widget-wrap elementor-element-populated\">\n\t\t\t\t\t\t<div class=\"elementor-element elementor-element-2047da4 elementor-widget elementor-widget-heading\" data-id=\"2047da4\" data-element_type=\"widget\" data-widget_type=\"heading.default\">\n\t\t\t\t<div class=\"elementor-widget-container\">\n\t\t\t\t\t<h2 class=\"elementor-heading-title elementor-size-default\">La Fundaci\u00f3n Cl\u00e9ment, mecenas y transmisora de memoria<\/h2>\t\t\t\t<\/div>\n\t\t\t\t<\/div>\n\t\t\t\t<section class=\"elementor-section elementor-inner-section elementor-element elementor-element-1c6c714 elementor-section-boxed elementor-section-height-default elementor-section-height-default\" data-id=\"1c6c714\" data-element_type=\"section\">\n\t\t\t\t\t\t<div class=\"elementor-container elementor-column-gap-default\">\n\t\t\t\t\t<div class=\"elementor-column elementor-col-100 elementor-inner-column elementor-element elementor-element-395ba6a\" data-id=\"395ba6a\" data-element_type=\"column\">\n\t\t\t<div class=\"elementor-widget-wrap elementor-element-populated\">\n\t\t\t\t\t\t<div class=\"elementor-element elementor-element-994871c elementor-widget elementor-widget-text-editor\" data-id=\"994871c\" data-element_type=\"widget\" data-widget_type=\"text-editor.default\">\n\t\t\t\t<div class=\"elementor-widget-container\">\n\t\t\t\t\t\t\t\t\t<p>En el centro de este proyecto, la <a href=\"https:\/\/www.fondation-clement.org\/\" target=\"_blank\" rel=\"noopener nofollow\">Fundaci\u00f3n Cl\u00e9ment<\/a>, fundaci\u00f3n corporativa del grupo GBH, afirma una vez m\u00e1s su compromiso con la cultura de ultramar. Participa en la exposici\u00f3n como patrocinadora y prestamista de obras de arte. Se expondr\u00e1n cinco importantes piezas de sus colecciones, firmadas por figuras tan emblem\u00e1ticas como Victor Anicet, Ernest Breleur, Henri Gu\u00e9don, Khokho (Joseph Ren\u00e9-Corail) y Herv\u00e9 T\u00e9l\u00e9maque.  <\/p>\t\t\t\t\t\t\t\t<\/div>\n\t\t\t\t<\/div>\n\t\t\t\t<div class=\"elementor-element elementor-element-a715d9f elementor-widget elementor-widget-text-editor\" data-id=\"a715d9f\" data-element_type=\"widget\" data-widget_type=\"text-editor.default\">\n\t\t\t\t<div class=\"elementor-widget-container\">\n\t\t\t\t\t\t\t\t\t<p>Para Bernard Hayot, Presidente de la Fondation Cl\u00e9ment, este apoyo es una prolongaci\u00f3n l\u00f3gica del compromiso que el Grupo mantiene desde hace tiempo: &#8220;El apoyo a la exposici\u00f3n Paris Noir es una prolongaci\u00f3n de nuestro compromiso concreto de promoci\u00f3n de los territorios de ultramar, arrojando luz sobre una historia art\u00edstica caribe\u00f1a que durante mucho tiempo ha permanecido en la sombra.<\/p>\t\t\t\t\t\t\t\t<\/div>\n\t\t\t\t<\/div>\n\t\t\t\t<div class=\"elementor-element elementor-element-2a052e8 elementor-widget elementor-widget-image\" data-id=\"2a052e8\" data-element_type=\"widget\" data-widget_type=\"image.default\">\n\t\t\t\t<div class=\"elementor-widget-container\">\n\t\t\t\t\t\t\t\t\t\t\t\t<figure class=\"wp-caption\">\n\t\t\t\t\t\t\t\t\t\t<img decoding=\"async\" width=\"800\" height=\"431\" src=\"https:\/\/richeskarayib.com\/wp-content\/uploads\/2025\/06\/Centre-Pompidou.png\" class=\"attachment-large size-large wp-image-55501\" alt=\"Paris Noir\" srcset=\"https:\/\/richeskarayib.com\/wp-content\/uploads\/2025\/06\/Centre-Pompidou.png 1011w, https:\/\/richeskarayib.com\/wp-content\/uploads\/2025\/06\/Centre-Pompidou-300x162.png 300w, https:\/\/richeskarayib.com\/wp-content\/uploads\/2025\/06\/Centre-Pompidou-768x414.png 768w\" sizes=\"(max-width: 800px) 100vw, 800px\" \/>\t\t\t\t\t\t\t\t\t\t\t<figcaption class=\"widget-image-caption wp-caption-text\">\u00a9Centre Pompidou<\/figcaption>\n\t\t\t\t\t\t\t\t\t\t<\/figure>\n\t\t\t\t\t\t\t\t\t<\/div>\n\t\t\t\t<\/div>\n\t\t\t\t\t<\/div>\n\t\t<\/div>\n\t\t\t\t\t<\/div>\n\t\t<\/section>\n\t\t\t\t<section class=\"elementor-section elementor-inner-section elementor-element elementor-element-c51c1e9 elementor-section-boxed elementor-section-height-default elementor-section-height-default\" data-id=\"c51c1e9\" data-element_type=\"section\">\n\t\t\t\t\t\t<div class=\"elementor-container elementor-column-gap-default\">\n\t\t\t\t\t\t<\/div>\n\t\t<\/section>\n\t\t\t\t\t<\/div>\n\t\t<\/div>\n\t\t\t\t\t<\/div>\n\t\t<\/section>\n\t\t\t\t<section class=\"elementor-section elementor-top-section elementor-element elementor-element-7ca7ca1 elementor-section-boxed elementor-section-height-default elementor-section-height-default\" data-id=\"7ca7ca1\" data-element_type=\"section\">\n\t\t\t\t\t\t<div class=\"elementor-container elementor-column-gap-default\">\n\t\t\t\t\t<div class=\"elementor-column elementor-col-100 elementor-top-column elementor-element elementor-element-cbdd002\" data-id=\"cbdd002\" data-element_type=\"column\">\n\t\t\t<div class=\"elementor-widget-wrap elementor-element-populated\">\n\t\t\t\t\t\t<div class=\"elementor-element elementor-element-da17f8d elementor-widget elementor-widget-heading\" data-id=\"da17f8d\" data-element_type=\"widget\" data-widget_type=\"heading.default\">\n\t\t\t\t<div class=\"elementor-widget-container\">\n\t\t\t\t\t<h2 class=\"elementor-heading-title elementor-size-default\">Casi veinte a\u00f1os de acci\u00f3n cultural en Martinica y m\u00e1s all\u00e1\n<\/h2>\t\t\t\t<\/div>\n\t\t\t\t<\/div>\n\t\t\t\t<section class=\"elementor-section elementor-inner-section elementor-element elementor-element-bc94849 elementor-section-boxed elementor-section-height-default elementor-section-height-default\" data-id=\"bc94849\" data-element_type=\"section\">\n\t\t\t\t\t\t<div class=\"elementor-container elementor-column-gap-default\">\n\t\t\t\t\t\t<\/div>\n\t\t<\/section>\n\t\t\t\t<section class=\"elementor-section elementor-inner-section elementor-element elementor-element-9e973f4 elementor-section-boxed elementor-section-height-default elementor-section-height-default\" data-id=\"9e973f4\" data-element_type=\"section\">\n\t\t\t\t\t\t<div class=\"elementor-container elementor-column-gap-default\">\n\t\t\t\t\t<div class=\"elementor-column elementor-col-100 elementor-inner-column elementor-element elementor-element-826b295\" data-id=\"826b295\" data-element_type=\"column\">\n\t\t\t<div class=\"elementor-widget-wrap elementor-element-populated\">\n\t\t\t\t\t\t<div class=\"elementor-element elementor-element-209c746 elementor-widget elementor-widget-text-editor\" data-id=\"209c746\" data-element_type=\"widget\" data-widget_type=\"text-editor.default\">\n\t\t\t\t<div class=\"elementor-widget-container\">\n\t\t\t\t\t\t\t\t\t<p>Fundada hace casi dos d\u00e9cadas, la Fondation Cl\u00e9ment es hoy uno de los principales agentes culturales del Caribe franc\u00f3fono. Situada en la Habitation Cl\u00e9ment de Martinica, ha acogido m\u00e1s de 140 exposiciones y apoyado a m\u00e1s de 200 artistas caribe\u00f1os. Cada a\u00f1o, casi 200.000 visitantes acuden a este lugar, que se ha convertido en la principal atracci\u00f3n tur\u00edstica de la isla y una de las m\u00e1s concurridas de la regi\u00f3n.  <\/p><p>A lo largo de los a\u00f1os, la Fundaci\u00f3n ha establecido s\u00f3lidas colaboraciones con importantes instituciones culturales francesas e internacionales, como el Centro Pompidou, la RMN Grand Palais y la Fundaci\u00f3n Dapper. Estas colaboraciones han permitido el acceso de obras y artistas de los territorios franceses de ultramar a prestigiosas sedes. <\/p>\t\t\t\t\t\t\t\t<\/div>\n\t\t\t\t<\/div>\n\t\t\t\t\t<\/div>\n\t\t<\/div>\n\t\t\t\t\t<\/div>\n\t\t<\/section>\n\t\t\t\t<section class=\"elementor-section elementor-inner-section elementor-element elementor-element-cb82bfc elementor-section-boxed elementor-section-height-default elementor-section-height-default\" data-id=\"cb82bfc\" data-element_type=\"section\">\n\t\t\t\t\t\t<div class=\"elementor-container elementor-column-gap-default\">\n\t\t\t\t\t<div class=\"elementor-column elementor-col-50 elementor-inner-column elementor-element elementor-element-73bd254\" data-id=\"73bd254\" data-element_type=\"column\">\n\t\t\t<div class=\"elementor-widget-wrap elementor-element-populated\">\n\t\t\t\t\t\t<div class=\"elementor-element elementor-element-de61ac5 elementor-widget elementor-widget-image\" data-id=\"de61ac5\" data-element_type=\"widget\" data-widget_type=\"image.default\">\n\t\t\t\t<div class=\"elementor-widget-container\">\n\t\t\t\t\t\t\t\t\t\t\t\t<figure class=\"wp-caption\">\n\t\t\t\t\t\t\t\t\t\t<img decoding=\"async\" width=\"800\" height=\"598\" src=\"https:\/\/richeskarayib.com\/wp-content\/uploads\/2025\/06\/Fondation-Clement-2.png\" class=\"attachment-large size-large wp-image-55505\" alt=\"Paris Noir\" srcset=\"https:\/\/richeskarayib.com\/wp-content\/uploads\/2025\/06\/Fondation-Clement-2.png 817w, https:\/\/richeskarayib.com\/wp-content\/uploads\/2025\/06\/Fondation-Clement-2-300x224.png 300w, https:\/\/richeskarayib.com\/wp-content\/uploads\/2025\/06\/Fondation-Clement-2-768x574.png 768w\" sizes=\"(max-width: 800px) 100vw, 800px\" \/>\t\t\t\t\t\t\t\t\t\t\t<figcaption class=\"widget-image-caption wp-caption-text\">\u00a9Fondation Cl\u00e9ment<\/figcaption>\n\t\t\t\t\t\t\t\t\t\t<\/figure>\n\t\t\t\t\t\t\t\t\t<\/div>\n\t\t\t\t<\/div>\n\t\t\t\t\t<\/div>\n\t\t<\/div>\n\t\t\t\t<div class=\"elementor-column elementor-col-50 elementor-inner-column elementor-element elementor-element-fa38382\" data-id=\"fa38382\" data-element_type=\"column\">\n\t\t\t<div class=\"elementor-widget-wrap elementor-element-populated\">\n\t\t\t\t\t\t<div class=\"elementor-element elementor-element-a10530c elementor-widget elementor-widget-image\" data-id=\"a10530c\" data-element_type=\"widget\" data-widget_type=\"image.default\">\n\t\t\t\t<div class=\"elementor-widget-container\">\n\t\t\t\t\t\t\t\t\t\t\t\t<figure class=\"wp-caption\">\n\t\t\t\t\t\t\t\t\t\t<img loading=\"lazy\" decoding=\"async\" width=\"800\" height=\"602\" src=\"https:\/\/richeskarayib.com\/wp-content\/uploads\/2025\/06\/Fondation-Clement-3.png\" class=\"attachment-large size-large wp-image-55509\" alt=\"Paris Noir\" srcset=\"https:\/\/richeskarayib.com\/wp-content\/uploads\/2025\/06\/Fondation-Clement-3.png 817w, https:\/\/richeskarayib.com\/wp-content\/uploads\/2025\/06\/Fondation-Clement-3-300x226.png 300w, https:\/\/richeskarayib.com\/wp-content\/uploads\/2025\/06\/Fondation-Clement-3-768x578.png 768w\" sizes=\"(max-width: 800px) 100vw, 800px\" \/>\t\t\t\t\t\t\t\t\t\t\t<figcaption class=\"widget-image-caption wp-caption-text\">\u00a9Fondation Cl\u00e9ment<\/figcaption>\n\t\t\t\t\t\t\t\t\t\t<\/figure>\n\t\t\t\t\t\t\t\t\t<\/div>\n\t\t\t\t<\/div>\n\t\t\t\t\t<\/div>\n\t\t<\/div>\n\t\t\t\t\t<\/div>\n\t\t<\/section>\n\t\t\t\t<section class=\"elementor-section elementor-inner-section elementor-element elementor-element-a59ce98 elementor-section-boxed elementor-section-height-default elementor-section-height-default\" data-id=\"a59ce98\" data-element_type=\"section\">\n\t\t\t\t\t\t<div class=\"elementor-container elementor-column-gap-default\">\n\t\t\t\t\t<div class=\"elementor-column elementor-col-100 elementor-inner-column elementor-element elementor-element-a1df2d3\" data-id=\"a1df2d3\" data-element_type=\"column\">\n\t\t\t<div class=\"elementor-widget-wrap elementor-element-populated\">\n\t\t\t\t\t\t<div class=\"elementor-element elementor-element-a56130e elementor-widget elementor-widget-image\" data-id=\"a56130e\" data-element_type=\"widget\" data-widget_type=\"image.default\">\n\t\t\t\t<div class=\"elementor-widget-container\">\n\t\t\t\t\t\t\t\t\t\t\t\t<figure class=\"wp-caption\">\n\t\t\t\t\t\t\t\t\t\t<img loading=\"lazy\" decoding=\"async\" width=\"800\" height=\"488\" src=\"https:\/\/richeskarayib.com\/wp-content\/uploads\/2025\/06\/Fondation-Clement.jpg\" class=\"attachment-large size-large wp-image-55513\" alt=\"Paris Noir\" srcset=\"https:\/\/richeskarayib.com\/wp-content\/uploads\/2025\/06\/Fondation-Clement.jpg 1024w, https:\/\/richeskarayib.com\/wp-content\/uploads\/2025\/06\/Fondation-Clement-300x183.jpg 300w, https:\/\/richeskarayib.com\/wp-content\/uploads\/2025\/06\/Fondation-Clement-768x468.jpg 768w\" sizes=\"(max-width: 800px) 100vw, 800px\" \/>\t\t\t\t\t\t\t\t\t\t\t<figcaption class=\"widget-image-caption wp-caption-text\">\u00a9Fondation Cl\u00e9ment<\/figcaption>\n\t\t\t\t\t\t\t\t\t\t<\/figure>\n\t\t\t\t\t\t\t\t\t<\/div>\n\t\t\t\t<\/div>\n\t\t\t\t\t<\/div>\n\t\t<\/div>\n\t\t\t\t\t<\/div>\n\t\t<\/section>\n\t\t\t\t<section class=\"elementor-section elementor-inner-section elementor-element elementor-element-61571e6 elementor-section-boxed elementor-section-height-default elementor-section-height-default\" data-id=\"61571e6\" data-element_type=\"section\">\n\t\t\t\t\t\t<div class=\"elementor-container elementor-column-gap-default\">\n\t\t\t\t\t\t<\/div>\n\t\t<\/section>\n\t\t\t\t<section class=\"elementor-section elementor-inner-section elementor-element elementor-element-b6262e0 elementor-section-boxed elementor-section-height-default elementor-section-height-default\" data-id=\"b6262e0\" data-element_type=\"section\">\n\t\t\t\t\t\t<div class=\"elementor-container elementor-column-gap-default\">\n\t\t\t\t\t\t<\/div>\n\t\t<\/section>\n\t\t\t\t<section class=\"elementor-section elementor-inner-section elementor-element elementor-element-cca29fd elementor-section-boxed elementor-section-height-default elementor-section-height-default\" data-id=\"cca29fd\" data-element_type=\"section\">\n\t\t\t\t\t\t<div class=\"elementor-container elementor-column-gap-default\">\n\t\t\t\t\t\t<\/div>\n\t\t<\/section>\n\t\t\t\t\t<\/div>\n\t\t<\/div>\n\t\t\t\t\t<\/div>\n\t\t<\/section>\n\t\t\t\t<section class=\"elementor-section elementor-top-section elementor-element elementor-element-2bb9bde elementor-section-boxed elementor-section-height-default elementor-section-height-default\" data-id=\"2bb9bde\" data-element_type=\"section\">\n\t\t\t\t\t\t<div class=\"elementor-container elementor-column-gap-default\">\n\t\t\t\t\t<div class=\"elementor-column elementor-col-100 elementor-top-column elementor-element elementor-element-d47e98a\" data-id=\"d47e98a\" data-element_type=\"column\">\n\t\t\t<div class=\"elementor-widget-wrap elementor-element-populated\">\n\t\t\t\t\t\t<div class=\"elementor-element elementor-element-9806cc8 elementor-widget elementor-widget-heading\" data-id=\"9806cc8\" data-element_type=\"widget\" data-widget_type=\"heading.default\">\n\t\t\t\t<div class=\"elementor-widget-container\">\n\t\t\t\t\t<h2 class=\"elementor-heading-title elementor-size-default\">Entre la creaci\u00f3n contempor\u00e1nea y el patrimonio\n<\/h2>\t\t\t\t<\/div>\n\t\t\t\t<\/div>\n\t\t\t\t<div class=\"elementor-element elementor-element-7cdf356 elementor-widget elementor-widget-text-editor\" data-id=\"7cdf356\" data-element_type=\"widget\" data-widget_type=\"text-editor.default\">\n\t\t\t\t<div class=\"elementor-widget-container\">\n\t\t\t\t\t\t\t\t\t<p>La <a href=\"https:\/\/www.instagram.com\/fondationclement\/\" target=\"_blank\" rel=\"noopener nofollow\">Fundaci\u00f3n Cl\u00e9ment<\/a> no se limita a las exposiciones. Tambi\u00e9n participa en la conservaci\u00f3n del patrimonio hist\u00f3rico y cultural del Caribe. En particular, est\u00e1 detr\u00e1s de la restauraci\u00f3n del Memorial de la cat\u00e1strofe de 1902 y gestiona desde 2019 el Museo Frank A. Perret de Saint-Pierre.  <\/p><p>Al mismo tiempo, apoya la conservaci\u00f3n de archivos privados, la publicaci\u00f3n de obras sobre arte e historia y la puesta en valor de viviendas hist\u00f3ricas que son testimonio de la arquitectura tradicional martinicana.<\/p>\t\t\t\t\t\t\t\t<\/div>\n\t\t\t\t<\/div>\n\t\t\t\t<section class=\"elementor-section elementor-inner-section elementor-element elementor-element-6ed7827 elementor-section-boxed elementor-section-height-default elementor-section-height-default\" data-id=\"6ed7827\" data-element_type=\"section\">\n\t\t\t\t\t\t<div class=\"elementor-container elementor-column-gap-default\">\n\t\t\t\t\t<div class=\"elementor-column elementor-col-100 elementor-inner-column elementor-element elementor-element-25fce06\" data-id=\"25fce06\" data-element_type=\"column\">\n\t\t\t<div class=\"elementor-widget-wrap elementor-element-populated\">\n\t\t\t\t\t\t<div class=\"elementor-element elementor-element-eda50bc elementor-widget elementor-widget-image\" data-id=\"eda50bc\" data-element_type=\"widget\" data-widget_type=\"image.default\">\n\t\t\t\t<div class=\"elementor-widget-container\">\n\t\t\t\t\t\t\t\t\t\t\t\t<figure class=\"wp-caption\">\n\t\t\t\t\t\t\t\t\t\t<img loading=\"lazy\" decoding=\"async\" width=\"800\" height=\"533\" src=\"https:\/\/richeskarayib.com\/wp-content\/uploads\/2025\/06\/Musee-Franck-A.-Perret.jpg\" class=\"attachment-large size-large wp-image-55521\" alt=\"Paris Noir\" srcset=\"https:\/\/richeskarayib.com\/wp-content\/uploads\/2025\/06\/Musee-Franck-A.-Perret.jpg 990w, https:\/\/richeskarayib.com\/wp-content\/uploads\/2025\/06\/Musee-Franck-A.-Perret-300x200.jpg 300w, https:\/\/richeskarayib.com\/wp-content\/uploads\/2025\/06\/Musee-Franck-A.-Perret-768x511.jpg 768w\" sizes=\"(max-width: 800px) 100vw, 800px\" \/>\t\t\t\t\t\t\t\t\t\t\t<figcaption class=\"widget-image-caption wp-caption-text\">Mus\u00e9e Franck A. Perret<\/figcaption>\n\t\t\t\t\t\t\t\t\t\t<\/figure>\n\t\t\t\t\t\t\t\t\t<\/div>\n\t\t\t\t<\/div>\n\t\t\t\t\t<\/div>\n\t\t<\/div>\n\t\t\t\t\t<\/div>\n\t\t<\/section>\n\t\t\t\t\t<\/div>\n\t\t<\/div>\n\t\t\t\t\t<\/div>\n\t\t<\/section>\n\t\t\t\t<section class=\"elementor-section elementor-top-section elementor-element elementor-element-0db9090 elementor-section-boxed elementor-section-height-default elementor-section-height-default\" data-id=\"0db9090\" data-element_type=\"section\">\n\t\t\t\t\t\t<div class=\"elementor-container elementor-column-gap-default\">\n\t\t\t\t\t<div class=\"elementor-column elementor-col-100 elementor-top-column elementor-element elementor-element-2296183\" data-id=\"2296183\" data-element_type=\"column\">\n\t\t\t<div class=\"elementor-widget-wrap elementor-element-populated\">\n\t\t\t\t\t\t<div class=\"elementor-element elementor-element-9576154 elementor-widget elementor-widget-heading\" data-id=\"9576154\" data-element_type=\"widget\" data-widget_type=\"heading.default\">\n\t\t\t\t<div class=\"elementor-widget-container\">\n\t\t\t\t\t<h2 class=\"elementor-heading-title elementor-size-default\">Una convicci\u00f3n compartida: la cultura como palanca de futuro<\/h2>\t\t\t\t<\/div>\n\t\t\t\t<\/div>\n\t\t\t\t<div class=\"elementor-element elementor-element-500981c elementor-widget elementor-widget-text-editor\" data-id=\"500981c\" data-element_type=\"widget\" data-widget_type=\"text-editor.default\">\n\t\t\t\t<div class=\"elementor-widget-container\">\n\t\t\t\t\t\t\t\t\t<p>Con su apoyo a &#8220;Paris Noir&#8221;, GBH, a trav\u00e9s de la Fundaci\u00f3n Cl\u00e9ment, confirma que la cultura es una palanca estrat\u00e9gica para la transmisi\u00f3n, la memoria y el desarrollo de los territorios. Este posicionamiento se inscribe en una visi\u00f3n a largo plazo, en la que el arte y el patrimonio se consideran elementos fundamentales de la identidad de ultramar. <\/p><p>La participaci\u00f3n del Centro Pompidou en este acontecimiento, que est\u00e1 experimentando una metamorfosis que culminar\u00e1 con su reapertura en 2030, simboliza esta ambici\u00f3n: hacer que el Caribe dialogue con Europa y \u00c1frica, en un marco muse\u00edstico de referencia.<\/p>\t\t\t\t\t\t\t\t<\/div>\n\t\t\t\t<\/div>\n\t\t\t\t\t<\/div>\n\t\t<\/div>\n\t\t\t\t\t<\/div>\n\t\t<\/section>\n\t\t\t\t<section class=\"elementor-section elementor-top-section elementor-element elementor-element-3ae0ce5 elementor-section-boxed elementor-section-height-default elementor-section-height-default\" data-id=\"3ae0ce5\" data-element_type=\"section\">\n\t\t\t\t\t\t<div class=\"elementor-container elementor-column-gap-default\">\n\t\t\t\t\t<div class=\"elementor-column elementor-col-100 elementor-top-column elementor-element elementor-element-5e22a48\" data-id=\"5e22a48\" data-element_type=\"column\">\n\t\t\t<div class=\"elementor-widget-wrap elementor-element-populated\">\n\t\t\t\t\t\t<div class=\"elementor-element elementor-element-38328da elementor-widget elementor-widget-heading\" data-id=\"38328da\" data-element_type=\"widget\" data-widget_type=\"heading.default\">\n\t\t\t\t<div class=\"elementor-widget-container\">\n\t\t\t\t\t<h2 class=\"elementor-heading-title elementor-size-default\">Extracto de la exposici\u00f3n \"Paris Noir\" \u00a9 Paris je t'aime<\/h2>\t\t\t\t<\/div>\n\t\t\t\t<\/div>\n\t\t\t\t<section class=\"elementor-section elementor-inner-section elementor-element elementor-element-93c8a47 elementor-section-boxed elementor-section-height-default elementor-section-height-default\" data-id=\"93c8a47\" data-element_type=\"section\">\n\t\t\t\t\t\t<div class=\"elementor-container elementor-column-gap-default\">\n\t\t\t\t\t<div class=\"elementor-column elementor-col-33 elementor-inner-column elementor-element elementor-element-519f9cb\" data-id=\"519f9cb\" data-element_type=\"column\">\n\t\t\t<div class=\"elementor-widget-wrap elementor-element-populated\">\n\t\t\t\t\t\t<div class=\"elementor-element elementor-element-293a2e7 elementor-widget elementor-widget-image\" data-id=\"293a2e7\" data-element_type=\"widget\" data-widget_type=\"image.default\">\n\t\t\t\t<div class=\"elementor-widget-container\">\n\t\t\t\t\t\t\t\t\t\t\t\t\t\t\t<img loading=\"lazy\" decoding=\"async\" width=\"800\" height=\"600\" src=\"https:\/\/richeskarayib.com\/wp-content\/uploads\/2025\/06\/Paris-je-taime-2-1024x768.jpg\" class=\"attachment-large size-large wp-image-55525\" alt=\"Paris Noir\" srcset=\"https:\/\/richeskarayib.com\/wp-content\/uploads\/2025\/06\/Paris-je-taime-2-1024x768.jpg 1024w, https:\/\/richeskarayib.com\/wp-content\/uploads\/2025\/06\/Paris-je-taime-2-300x225.jpg 300w, https:\/\/richeskarayib.com\/wp-content\/uploads\/2025\/06\/Paris-je-taime-2-768x576.jpg 768w, https:\/\/richeskarayib.com\/wp-content\/uploads\/2025\/06\/Paris-je-taime-2-1536x1152.jpg 1536w, https:\/\/richeskarayib.com\/wp-content\/uploads\/2025\/06\/Paris-je-taime-2-1320x990.jpg 1320w, https:\/\/richeskarayib.com\/wp-content\/uploads\/2025\/06\/Paris-je-taime-2.jpg 1920w\" sizes=\"(max-width: 800px) 100vw, 800px\" \/>\t\t\t\t\t\t\t\t\t\t\t\t\t\t\t<\/div>\n\t\t\t\t<\/div>\n\t\t\t\t\t<\/div>\n\t\t<\/div>\n\t\t\t\t<div class=\"elementor-column elementor-col-33 elementor-inner-column elementor-element elementor-element-4f3ce29\" data-id=\"4f3ce29\" data-element_type=\"column\">\n\t\t\t<div class=\"elementor-widget-wrap elementor-element-populated\">\n\t\t\t\t\t\t<div class=\"elementor-element elementor-element-e08900b elementor-widget elementor-widget-image\" data-id=\"e08900b\" data-element_type=\"widget\" data-widget_type=\"image.default\">\n\t\t\t\t<div class=\"elementor-widget-container\">\n\t\t\t\t\t\t\t\t\t\t\t\t\t\t\t<img loading=\"lazy\" decoding=\"async\" width=\"800\" height=\"600\" src=\"https:\/\/richeskarayib.com\/wp-content\/uploads\/2025\/06\/Paris-je-taime-3-1024x768.jpg\" class=\"attachment-large size-large wp-image-55529\" alt=\"Paris Noir\" srcset=\"https:\/\/richeskarayib.com\/wp-content\/uploads\/2025\/06\/Paris-je-taime-3-1024x768.jpg 1024w, https:\/\/richeskarayib.com\/wp-content\/uploads\/2025\/06\/Paris-je-taime-3-300x225.jpg 300w, https:\/\/richeskarayib.com\/wp-content\/uploads\/2025\/06\/Paris-je-taime-3-768x576.jpg 768w, https:\/\/richeskarayib.com\/wp-content\/uploads\/2025\/06\/Paris-je-taime-3-1536x1152.jpg 1536w, https:\/\/richeskarayib.com\/wp-content\/uploads\/2025\/06\/Paris-je-taime-3-1320x990.jpg 1320w, https:\/\/richeskarayib.com\/wp-content\/uploads\/2025\/06\/Paris-je-taime-3.jpg 1920w\" sizes=\"(max-width: 800px) 100vw, 800px\" \/>\t\t\t\t\t\t\t\t\t\t\t\t\t\t\t<\/div>\n\t\t\t\t<\/div>\n\t\t\t\t\t<\/div>\n\t\t<\/div>\n\t\t\t\t<div class=\"elementor-column elementor-col-33 elementor-inner-column elementor-element elementor-element-16e1ba1\" data-id=\"16e1ba1\" data-element_type=\"column\">\n\t\t\t<div class=\"elementor-widget-wrap elementor-element-populated\">\n\t\t\t\t\t\t<div class=\"elementor-element elementor-element-7764875 elementor-widget elementor-widget-image\" data-id=\"7764875\" data-element_type=\"widget\" data-widget_type=\"image.default\">\n\t\t\t\t<div class=\"elementor-widget-container\">\n\t\t\t\t\t\t\t\t\t\t\t\t\t\t\t<img loading=\"lazy\" decoding=\"async\" width=\"800\" height=\"600\" src=\"https:\/\/richeskarayib.com\/wp-content\/uploads\/2025\/06\/Paris-je-taime-4-1024x768.jpg\" class=\"attachment-large size-large wp-image-55533\" alt=\"Paris Noir\" srcset=\"https:\/\/richeskarayib.com\/wp-content\/uploads\/2025\/06\/Paris-je-taime-4-1024x768.jpg 1024w, https:\/\/richeskarayib.com\/wp-content\/uploads\/2025\/06\/Paris-je-taime-4-300x225.jpg 300w, https:\/\/richeskarayib.com\/wp-content\/uploads\/2025\/06\/Paris-je-taime-4-768x576.jpg 768w, https:\/\/richeskarayib.com\/wp-content\/uploads\/2025\/06\/Paris-je-taime-4-1536x1152.jpg 1536w, https:\/\/richeskarayib.com\/wp-content\/uploads\/2025\/06\/Paris-je-taime-4-1320x990.jpg 1320w, https:\/\/richeskarayib.com\/wp-content\/uploads\/2025\/06\/Paris-je-taime-4.jpg 1920w\" sizes=\"(max-width: 800px) 100vw, 800px\" \/>\t\t\t\t\t\t\t\t\t\t\t\t\t\t\t<\/div>\n\t\t\t\t<\/div>\n\t\t\t\t\t<\/div>\n\t\t<\/div>\n\t\t\t\t\t<\/div>\n\t\t<\/section>\n\t\t\t\t<section class=\"elementor-section elementor-inner-section elementor-element elementor-element-172c59d elementor-section-boxed elementor-section-height-default elementor-section-height-default\" data-id=\"172c59d\" data-element_type=\"section\">\n\t\t\t\t\t\t<div class=\"elementor-container elementor-column-gap-default\">\n\t\t\t\t\t<div class=\"elementor-column elementor-col-100 elementor-inner-column elementor-element elementor-element-a1772a9\" data-id=\"a1772a9\" data-element_type=\"column\">\n\t\t\t<div class=\"elementor-widget-wrap elementor-element-populated\">\n\t\t\t\t\t\t<div class=\"elementor-element elementor-element-2a01a3b elementor-widget elementor-widget-image\" data-id=\"2a01a3b\" data-element_type=\"widget\" data-widget_type=\"image.default\">\n\t\t\t\t<div class=\"elementor-widget-container\">\n\t\t\t\t\t\t\t\t\t\t\t\t\t\t\t<img loading=\"lazy\" decoding=\"async\" width=\"800\" height=\"600\" src=\"https:\/\/richeskarayib.com\/wp-content\/uploads\/2025\/06\/Paris-je-taime-6-1024x768.jpg\" class=\"attachment-large size-large wp-image-55537\" alt=\"Paris Noir\" srcset=\"https:\/\/richeskarayib.com\/wp-content\/uploads\/2025\/06\/Paris-je-taime-6-1024x768.jpg 1024w, https:\/\/richeskarayib.com\/wp-content\/uploads\/2025\/06\/Paris-je-taime-6-300x225.jpg 300w, https:\/\/richeskarayib.com\/wp-content\/uploads\/2025\/06\/Paris-je-taime-6-768x576.jpg 768w, https:\/\/richeskarayib.com\/wp-content\/uploads\/2025\/06\/Paris-je-taime-6-1536x1152.jpg 1536w, https:\/\/richeskarayib.com\/wp-content\/uploads\/2025\/06\/Paris-je-taime-6-1320x990.jpg 1320w, https:\/\/richeskarayib.com\/wp-content\/uploads\/2025\/06\/Paris-je-taime-6.jpg 1920w\" sizes=\"(max-width: 800px) 100vw, 800px\" \/>\t\t\t\t\t\t\t\t\t\t\t\t\t\t\t<\/div>\n\t\t\t\t<\/div>\n\t\t\t\t\t<\/div>\n\t\t<\/div>\n\t\t\t\t\t<\/div>\n\t\t<\/section>\n\t\t\t\t<section class=\"elementor-section elementor-inner-section elementor-element elementor-element-5d73e82 elementor-section-boxed elementor-section-height-default elementor-section-height-default\" data-id=\"5d73e82\" data-element_type=\"section\">\n\t\t\t\t\t\t<div class=\"elementor-container elementor-column-gap-default\">\n\t\t\t\t\t<div class=\"elementor-column elementor-col-33 elementor-inner-column elementor-element elementor-element-c5a5b26\" data-id=\"c5a5b26\" data-element_type=\"column\">\n\t\t\t<div class=\"elementor-widget-wrap elementor-element-populated\">\n\t\t\t\t\t\t<div class=\"elementor-element elementor-element-7b9cf83 elementor-widget elementor-widget-image\" data-id=\"7b9cf83\" data-element_type=\"widget\" data-widget_type=\"image.default\">\n\t\t\t\t<div class=\"elementor-widget-container\">\n\t\t\t\t\t\t\t\t\t\t\t\t\t\t\t<img loading=\"lazy\" decoding=\"async\" width=\"800\" height=\"600\" src=\"https:\/\/richeskarayib.com\/wp-content\/uploads\/2025\/06\/Paris-je-taime-7-1024x768.jpg\" class=\"attachment-large size-large wp-image-55541\" alt=\"Paris Noir\" srcset=\"https:\/\/richeskarayib.com\/wp-content\/uploads\/2025\/06\/Paris-je-taime-7-1024x768.jpg 1024w, https:\/\/richeskarayib.com\/wp-content\/uploads\/2025\/06\/Paris-je-taime-7-300x225.jpg 300w, https:\/\/richeskarayib.com\/wp-content\/uploads\/2025\/06\/Paris-je-taime-7-768x576.jpg 768w, https:\/\/richeskarayib.com\/wp-content\/uploads\/2025\/06\/Paris-je-taime-7-1536x1152.jpg 1536w, https:\/\/richeskarayib.com\/wp-content\/uploads\/2025\/06\/Paris-je-taime-7-1320x990.jpg 1320w, https:\/\/richeskarayib.com\/wp-content\/uploads\/2025\/06\/Paris-je-taime-7.jpg 1920w\" sizes=\"(max-width: 800px) 100vw, 800px\" \/>\t\t\t\t\t\t\t\t\t\t\t\t\t\t\t<\/div>\n\t\t\t\t<\/div>\n\t\t\t\t\t<\/div>\n\t\t<\/div>\n\t\t\t\t<div class=\"elementor-column elementor-col-33 elementor-inner-column elementor-element elementor-element-88d016b\" data-id=\"88d016b\" data-element_type=\"column\">\n\t\t\t<div class=\"elementor-widget-wrap elementor-element-populated\">\n\t\t\t\t\t\t<div class=\"elementor-element elementor-element-e023e25 elementor-widget elementor-widget-image\" data-id=\"e023e25\" data-element_type=\"widget\" data-widget_type=\"image.default\">\n\t\t\t\t<div class=\"elementor-widget-container\">\n\t\t\t\t\t\t\t\t\t\t\t\t\t\t\t<img loading=\"lazy\" decoding=\"async\" width=\"800\" height=\"600\" src=\"https:\/\/richeskarayib.com\/wp-content\/uploads\/2025\/06\/Paris-je-taime-1024x768.jpg\" class=\"attachment-large size-large wp-image-55545\" alt=\"Paris Noir\" srcset=\"https:\/\/richeskarayib.com\/wp-content\/uploads\/2025\/06\/Paris-je-taime-1024x768.jpg 1024w, https:\/\/richeskarayib.com\/wp-content\/uploads\/2025\/06\/Paris-je-taime-300x225.jpg 300w, https:\/\/richeskarayib.com\/wp-content\/uploads\/2025\/06\/Paris-je-taime-768x576.jpg 768w, https:\/\/richeskarayib.com\/wp-content\/uploads\/2025\/06\/Paris-je-taime-1536x1152.jpg 1536w, https:\/\/richeskarayib.com\/wp-content\/uploads\/2025\/06\/Paris-je-taime-1320x990.jpg 1320w, https:\/\/richeskarayib.com\/wp-content\/uploads\/2025\/06\/Paris-je-taime.jpg 1920w\" sizes=\"(max-width: 800px) 100vw, 800px\" \/>\t\t\t\t\t\t\t\t\t\t\t\t\t\t\t<\/div>\n\t\t\t\t<\/div>\n\t\t\t\t\t<\/div>\n\t\t<\/div>\n\t\t\t\t<div class=\"elementor-column elementor-col-33 elementor-inner-column elementor-element elementor-element-35cfa3f\" data-id=\"35cfa3f\" data-element_type=\"column\">\n\t\t\t<div class=\"elementor-widget-wrap elementor-element-populated\">\n\t\t\t\t\t\t<div class=\"elementor-element elementor-element-3fe8172 elementor-widget elementor-widget-image\" data-id=\"3fe8172\" data-element_type=\"widget\" data-widget_type=\"image.default\">\n\t\t\t\t<div class=\"elementor-widget-container\">\n\t\t\t\t\t\t\t\t\t\t\t\t\t\t\t<img loading=\"lazy\" decoding=\"async\" width=\"800\" height=\"600\" src=\"https:\/\/richeskarayib.com\/wp-content\/uploads\/2025\/06\/Paris-je-taime-5-1024x768.jpg\" class=\"attachment-large size-large wp-image-55549\" alt=\"Paris Noir\" srcset=\"https:\/\/richeskarayib.com\/wp-content\/uploads\/2025\/06\/Paris-je-taime-5-1024x768.jpg 1024w, https:\/\/richeskarayib.com\/wp-content\/uploads\/2025\/06\/Paris-je-taime-5-300x225.jpg 300w, https:\/\/richeskarayib.com\/wp-content\/uploads\/2025\/06\/Paris-je-taime-5-768x576.jpg 768w, https:\/\/richeskarayib.com\/wp-content\/uploads\/2025\/06\/Paris-je-taime-5-1536x1152.jpg 1536w, https:\/\/richeskarayib.com\/wp-content\/uploads\/2025\/06\/Paris-je-taime-5-1320x990.jpg 1320w, https:\/\/richeskarayib.com\/wp-content\/uploads\/2025\/06\/Paris-je-taime-5.jpg 1920w\" sizes=\"(max-width: 800px) 100vw, 800px\" \/>\t\t\t\t\t\t\t\t\t\t\t\t\t\t\t<\/div>\n\t\t\t\t<\/div>\n\t\t\t\t\t<\/div>\n\t\t<\/div>\n\t\t\t\t\t<\/div>\n\t\t<\/section>\n\t\t\t\t\t<\/div>\n\t\t<\/div>\n\t\t\t\t\t<\/div>\n\t\t<\/section>\n\t\t\t\t<section class=\"elementor-section elementor-top-section elementor-element elementor-element-2fc67c8 elementor-section-boxed elementor-section-height-default elementor-section-height-default\" data-id=\"2fc67c8\" data-element_type=\"section\">\n\t\t\t\t\t\t<div class=\"elementor-container elementor-column-gap-default\">\n\t\t\t\t\t<div class=\"elementor-column elementor-col-100 elementor-top-column elementor-element elementor-element-f4b6dcd\" data-id=\"f4b6dcd\" data-element_type=\"column\">\n\t\t\t<div class=\"elementor-widget-wrap elementor-element-populated\">\n\t\t\t\t\t\t<div class=\"elementor-element elementor-element-2ef6e8b elementor-widget elementor-widget-text-editor\" data-id=\"2ef6e8b\" data-element_type=\"widget\" data-widget_type=\"text-editor.default\">\n\t\t\t\t<div class=\"elementor-widget-container\">\n\t\t\t\t\t\t\t\t\t<p>&#8220;Paris Noir&#8221; es m\u00e1s que una exposici\u00f3n: es un poderoso gesto art\u00edstico y pol\u00edtico, en el que la voz de los artistas caribe\u00f1os encuentra eco internacional. Gracias al compromiso estructurador de la Fundaci\u00f3n Cl\u00e9ment y al apoyo del grupo GBH, esta visibilidad es ahora posible. Es un reconocimiento bienvenido de una historia art\u00edstica que con demasiada frecuencia ha permanecido en la sombra.  <\/p>\t\t\t\t\t\t\t\t<\/div>\n\t\t\t\t<\/div>\n\t\t\t\t\t<\/div>\n\t\t<\/div>\n\t\t\t\t\t<\/div>\n\t\t<\/section>\n\t\t\t\t<\/div>\n\t\t","protected":false},"excerpt":{"rendered":"<p>Mientras el Centro Pompidou se prepara para cerrar por reformas, la exposici\u00f3n &#8220;Par\u00eds Noir&#8221; se consolida como un acontecimiento destacado en la escena cultural francesa. Junto a ella, la Fondation Cl\u00e9ment, brazo cultural del grupo GBH (Groupe Bernard Hayot), est\u00e1 desempe\u00f1ando un papel decisivo en la promoci\u00f3n del arte caribe\u00f1o. Un homenaje \u00fanico a los [&hellip;]<\/p>\n","protected":false},"author":662,"featured_media":55497,"comment_status":"open","ping_status":"open","sticky":false,"template":"","format":"standard","meta":{"_acf_changed":false,"footnotes":""},"categories":[1491,839],"tags":[1442,1593,1717,1547,1695,816,1481,1594,1705],"class_list":["post-55551","post","type-post","status-publish","format-standard","has-post-thumbnail","hentry","category-instituciones-culturales","category-noticias","tag-anguilla-es","tag-barbade-es","tag-dominique-es","tag-guadalupe","tag-jamaica-es-2","tag-martinique-es","tag-republica-dominicana","tag-sainte-lucie-es","tag-trinidad-y-tobago-es-2"],"acf":[],"_links":{"self":[{"href":"https:\/\/richeskarayib.com\/es\/wp-json\/wp\/v2\/posts\/55551","targetHints":{"allow":["GET"]}}],"collection":[{"href":"https:\/\/richeskarayib.com\/es\/wp-json\/wp\/v2\/posts"}],"about":[{"href":"https:\/\/richeskarayib.com\/es\/wp-json\/wp\/v2\/types\/post"}],"author":[{"embeddable":true,"href":"https:\/\/richeskarayib.com\/es\/wp-json\/wp\/v2\/users\/662"}],"replies":[{"embeddable":true,"href":"https:\/\/richeskarayib.com\/es\/wp-json\/wp\/v2\/comments?post=55551"}],"version-history":[{"count":0,"href":"https:\/\/richeskarayib.com\/es\/wp-json\/wp\/v2\/posts\/55551\/revisions"}],"wp:featuredmedia":[{"embeddable":true,"href":"https:\/\/richeskarayib.com\/es\/wp-json\/wp\/v2\/media\/55497"}],"wp:attachment":[{"href":"https:\/\/richeskarayib.com\/es\/wp-json\/wp\/v2\/media?parent=55551"}],"wp:term":[{"taxonomy":"category","embeddable":true,"href":"https:\/\/richeskarayib.com\/es\/wp-json\/wp\/v2\/categories?post=55551"},{"taxonomy":"post_tag","embeddable":true,"href":"https:\/\/richeskarayib.com\/es\/wp-json\/wp\/v2\/tags?post=55551"}],"curies":[{"name":"wp","href":"https:\/\/api.w.org\/{rel}","templated":true}]}}