{"id":55858,"date":"2025-06-30T11:00:49","date_gmt":"2025-06-30T15:00:49","guid":{"rendered":"https:\/\/richeskarayib.com\/belice-miss-universo-belice-2025-isabella-zabaneh-una-embajadora-moderna-para-su-pais\/"},"modified":"2025-06-30T11:00:50","modified_gmt":"2025-06-30T15:00:50","slug":"belice-miss-universo-belice-2025-isabella-zabaneh-una-embajadora-moderna-para-su-pais","status":"publish","type":"post","link":"https:\/\/richeskarayib.com\/es\/belice-miss-universo-belice-2025-isabella-zabaneh-una-embajadora-moderna-para-su-pais\/","title":{"rendered":"Belice &#8211; Miss Universo Belice 2025: Isabella Zabaneh, una embajadora moderna para su pa\u00eds."},"content":{"rendered":"\t\t<div data-elementor-type=\"wp-post\" data-elementor-id=\"55858\" class=\"elementor elementor-55858 elementor-55748\" data-elementor-post-type=\"post\">\n\t\t\t\t\t\t<section class=\"elementor-section elementor-top-section elementor-element elementor-element-3756bbb elementor-section-boxed elementor-section-height-default elementor-section-height-default\" data-id=\"3756bbb\" data-element_type=\"section\">\n\t\t\t\t\t\t<div class=\"elementor-container elementor-column-gap-default\">\n\t\t\t\t\t<div class=\"elementor-column elementor-col-100 elementor-top-column elementor-element elementor-element-df79712\" data-id=\"df79712\" data-element_type=\"column\">\n\t\t\t<div class=\"elementor-widget-wrap elementor-element-populated\">\n\t\t\t\t\t\t<div class=\"elementor-element elementor-element-782f801 elementor-widget elementor-widget-heading\" data-id=\"782f801\" data-element_type=\"widget\" data-widget_type=\"heading.default\">\n\t\t\t\t<div class=\"elementor-widget-container\">\n\t\t\t\t\t<h2 class=\"elementor-heading-title elementor-size-default\">Una elecci\u00f3n que va m\u00e1s all\u00e1 de la competici\u00f3n<\/h2>\t\t\t\t<\/div>\n\t\t\t\t<\/div>\n\t\t\t\t<section class=\"elementor-section elementor-inner-section elementor-element elementor-element-d49b67d elementor-section-boxed elementor-section-height-default elementor-section-height-default\" data-id=\"d49b67d\" data-element_type=\"section\">\n\t\t\t\t\t\t<div class=\"elementor-container elementor-column-gap-default\">\n\t\t\t\t\t<div class=\"elementor-column elementor-col-100 elementor-inner-column elementor-element elementor-element-3452fb1\" data-id=\"3452fb1\" data-element_type=\"column\">\n\t\t\t<div class=\"elementor-widget-wrap elementor-element-populated\">\n\t\t\t\t\t\t<div class=\"elementor-element elementor-element-8492aa2 elementor-widget elementor-widget-text-editor\" data-id=\"8492aa2\" data-element_type=\"widget\" data-widget_type=\"text-editor.default\">\n\t\t\t\t<div class=\"elementor-widget-container\">\n\t\t\t\t\t\t\t\t\t<p><b><a href=\"https:\/\/www.instagram.com\/_bellaez\/\" target=\"_blank\" rel=\"noopener nofollow\">Miss Universo Belice 2025<\/a>.<\/b> M\u00e1s que un concurso de belleza, esta edici\u00f3n marca un hito importante para <a href=\"https:\/\/richeskarayib.com\/es\/garifunas-de-honduras-un-legado-del-mar\/\" target=\"_blank\" rel=\"noopener\">Belice<\/a>. Al coronar a Isabella Zabaneh, el pa\u00eds no s\u00f3lo ha elegido a una representante para la escena internacional: se ha reconocido en una joven con profundos valores, una trayectoria profesional singular y una ambici\u00f3n audaz. La noche de la coronaci\u00f3n, toda una naci\u00f3n la aclam\u00f3 como s\u00edmbolo de unidad, diversidad y orgullo.  <\/p>\t\t\t\t\t\t\t\t<\/div>\n\t\t\t\t<\/div>\n\t\t\t\t<div class=\"elementor-element elementor-element-2256220 elementor-widget elementor-widget-text-editor\" data-id=\"2256220\" data-element_type=\"widget\" data-widget_type=\"text-editor.default\">\n\t\t\t\t<div class=\"elementor-widget-container\">\n\t\t\t\t\t\t\t\t\t<p>El evento, retransmitido en directo y seguido por miles de telespectadores, puso de relieve el compromiso de Belice con la representaci\u00f3n aut\u00e9ntica de sus j\u00f3venes: cultas, elocuentes e implicadas en los asuntos de su tiempo. A trav\u00e9s de<a href=\"https:\/\/www.breakingbelizenews.com\/2025\/06\/29\/belize-crowns-isabella-zabaneh-as-miss-universe-belize-2025\/\" target=\"_blank\" rel=\"noopener nofollow\"> Miss Universo Belice 2025<\/a>, el pa\u00eds afirma su deseo de hacerse o\u00edr en la escena mundial, apoyado por figuras inspiradoras. <\/p>\t\t\t\t\t\t\t\t<\/div>\n\t\t\t\t<\/div>\n\t\t\t\t\t<\/div>\n\t\t<\/div>\n\t\t\t\t\t<\/div>\n\t\t<\/section>\n\t\t\t\t\t<\/div>\n\t\t<\/div>\n\t\t\t\t\t<\/div>\n\t\t<\/section>\n\t\t\t\t<section class=\"elementor-section elementor-top-section elementor-element elementor-element-5b928cf elementor-section-boxed elementor-section-height-default elementor-section-height-default\" data-id=\"5b928cf\" data-element_type=\"section\">\n\t\t\t\t\t\t<div class=\"elementor-container elementor-column-gap-default\">\n\t\t\t\t\t<div class=\"elementor-column elementor-col-100 elementor-top-column elementor-element elementor-element-587c274\" data-id=\"587c274\" data-element_type=\"column\">\n\t\t\t<div class=\"elementor-widget-wrap elementor-element-populated\">\n\t\t\t\t\t\t<div class=\"elementor-element elementor-element-2047da4 elementor-widget elementor-widget-heading\" data-id=\"2047da4\" data-element_type=\"widget\" data-widget_type=\"heading.default\">\n\t\t\t\t<div class=\"elementor-widget-container\">\n\t\t\t\t\t<h2 class=\"elementor-heading-title elementor-size-default\">Belice: una riqueza de recursos humanos y naturales en el coraz\u00f3n de su identidad \u00a9Travel Belize<\/h2>\t\t\t\t<\/div>\n\t\t\t\t<\/div>\n\t\t\t\t<section class=\"elementor-section elementor-inner-section elementor-element elementor-element-d9aa9a8 elementor-section-boxed elementor-section-height-default elementor-section-height-default\" data-id=\"d9aa9a8\" data-element_type=\"section\">\n\t\t\t\t\t\t<div class=\"elementor-container elementor-column-gap-default\">\n\t\t\t\t\t<div class=\"elementor-column elementor-col-25 elementor-inner-column elementor-element elementor-element-974b66f\" data-id=\"974b66f\" data-element_type=\"column\">\n\t\t\t<div class=\"elementor-widget-wrap elementor-element-populated\">\n\t\t\t\t\t\t<div class=\"elementor-element elementor-element-4a83333 elementor-widget elementor-widget-image\" data-id=\"4a83333\" data-element_type=\"widget\" data-widget_type=\"image.default\">\n\t\t\t\t<div class=\"elementor-widget-container\">\n\t\t\t\t\t\t\t\t\t\t\t\t\t\t\t<img fetchpriority=\"high\" decoding=\"async\" width=\"800\" height=\"1000\" src=\"https:\/\/richeskarayib.com\/wp-content\/uploads\/2025\/06\/Travel-Belize-001-819x1024.jpg\" class=\"attachment-large size-large wp-image-55756\" alt=\"Miss Universe Belize 2025\" srcset=\"https:\/\/richeskarayib.com\/wp-content\/uploads\/2025\/06\/Travel-Belize-001-819x1024.jpg 819w, https:\/\/richeskarayib.com\/wp-content\/uploads\/2025\/06\/Travel-Belize-001-240x300.jpg 240w, https:\/\/richeskarayib.com\/wp-content\/uploads\/2025\/06\/Travel-Belize-001-768x960.jpg 768w, https:\/\/richeskarayib.com\/wp-content\/uploads\/2025\/06\/Travel-Belize-001.jpg 1080w\" sizes=\"(max-width: 800px) 100vw, 800px\" \/>\t\t\t\t\t\t\t\t\t\t\t\t\t\t\t<\/div>\n\t\t\t\t<\/div>\n\t\t\t\t\t<\/div>\n\t\t<\/div>\n\t\t\t\t<div class=\"elementor-column elementor-col-25 elementor-inner-column elementor-element elementor-element-8f912f1\" data-id=\"8f912f1\" data-element_type=\"column\">\n\t\t\t<div class=\"elementor-widget-wrap elementor-element-populated\">\n\t\t\t\t\t\t<div class=\"elementor-element elementor-element-1b517a0 elementor-widget elementor-widget-image\" data-id=\"1b517a0\" data-element_type=\"widget\" data-widget_type=\"image.default\">\n\t\t\t\t<div class=\"elementor-widget-container\">\n\t\t\t\t\t\t\t\t\t\t\t\t\t\t\t<img decoding=\"async\" width=\"512\" height=\"640\" src=\"https:\/\/richeskarayib.com\/wp-content\/uploads\/2025\/06\/Travel-Belize-15.jpg\" class=\"attachment-large size-large wp-image-55760\" alt=\"Miss Universe Belize 2025\" srcset=\"https:\/\/richeskarayib.com\/wp-content\/uploads\/2025\/06\/Travel-Belize-15.jpg 512w, https:\/\/richeskarayib.com\/wp-content\/uploads\/2025\/06\/Travel-Belize-15-240x300.jpg 240w\" sizes=\"(max-width: 512px) 100vw, 512px\" \/>\t\t\t\t\t\t\t\t\t\t\t\t\t\t\t<\/div>\n\t\t\t\t<\/div>\n\t\t\t\t\t<\/div>\n\t\t<\/div>\n\t\t\t\t<div class=\"elementor-column elementor-col-25 elementor-inner-column elementor-element elementor-element-5b76446\" data-id=\"5b76446\" data-element_type=\"column\">\n\t\t\t<div class=\"elementor-widget-wrap elementor-element-populated\">\n\t\t\t\t\t\t<div class=\"elementor-element elementor-element-1bc8cce elementor-widget elementor-widget-image\" data-id=\"1bc8cce\" data-element_type=\"widget\" data-widget_type=\"image.default\">\n\t\t\t\t<div class=\"elementor-widget-container\">\n\t\t\t\t\t\t\t\t\t\t\t\t\t\t\t<img decoding=\"async\" width=\"800\" height=\"1000\" src=\"https:\/\/richeskarayib.com\/wp-content\/uploads\/2025\/06\/Travel-Belize-10-819x1024.jpg\" class=\"attachment-large size-large wp-image-55764\" alt=\"Miss Universe Belize 2025\" srcset=\"https:\/\/richeskarayib.com\/wp-content\/uploads\/2025\/06\/Travel-Belize-10-819x1024.jpg 819w, https:\/\/richeskarayib.com\/wp-content\/uploads\/2025\/06\/Travel-Belize-10-240x300.jpg 240w, https:\/\/richeskarayib.com\/wp-content\/uploads\/2025\/06\/Travel-Belize-10-768x960.jpg 768w, https:\/\/richeskarayib.com\/wp-content\/uploads\/2025\/06\/Travel-Belize-10.jpg 1080w\" sizes=\"(max-width: 800px) 100vw, 800px\" \/>\t\t\t\t\t\t\t\t\t\t\t\t\t\t\t<\/div>\n\t\t\t\t<\/div>\n\t\t\t\t\t<\/div>\n\t\t<\/div>\n\t\t\t\t<div class=\"elementor-column elementor-col-25 elementor-inner-column elementor-element elementor-element-c2a22a4\" data-id=\"c2a22a4\" data-element_type=\"column\">\n\t\t\t<div class=\"elementor-widget-wrap elementor-element-populated\">\n\t\t\t\t\t\t<div class=\"elementor-element elementor-element-3d2249d elementor-widget elementor-widget-image\" data-id=\"3d2249d\" data-element_type=\"widget\" data-widget_type=\"image.default\">\n\t\t\t\t<div class=\"elementor-widget-container\">\n\t\t\t\t\t\t\t\t\t\t\t\t\t\t\t<img loading=\"lazy\" decoding=\"async\" width=\"800\" height=\"1000\" src=\"https:\/\/richeskarayib.com\/wp-content\/uploads\/2025\/06\/Travel-Belize-7-819x1024.jpg\" class=\"attachment-large size-large wp-image-55768\" alt=\"Miss Universe Belize 2025\" srcset=\"https:\/\/richeskarayib.com\/wp-content\/uploads\/2025\/06\/Travel-Belize-7-819x1024.jpg 819w, https:\/\/richeskarayib.com\/wp-content\/uploads\/2025\/06\/Travel-Belize-7-240x300.jpg 240w, https:\/\/richeskarayib.com\/wp-content\/uploads\/2025\/06\/Travel-Belize-7-768x960.jpg 768w, https:\/\/richeskarayib.com\/wp-content\/uploads\/2025\/06\/Travel-Belize-7.jpg 1080w\" sizes=\"(max-width: 800px) 100vw, 800px\" \/>\t\t\t\t\t\t\t\t\t\t\t\t\t\t\t<\/div>\n\t\t\t\t<\/div>\n\t\t\t\t\t<\/div>\n\t\t<\/div>\n\t\t\t\t\t<\/div>\n\t\t<\/section>\n\t\t\t\t<section class=\"elementor-section elementor-inner-section elementor-element elementor-element-06686ed elementor-section-boxed elementor-section-height-default elementor-section-height-default\" data-id=\"06686ed\" data-element_type=\"section\">\n\t\t\t\t\t\t<div class=\"elementor-container elementor-column-gap-default\">\n\t\t\t\t\t<div class=\"elementor-column elementor-col-100 elementor-inner-column elementor-element elementor-element-9d40ab1\" data-id=\"9d40ab1\" data-element_type=\"column\">\n\t\t\t<div class=\"elementor-widget-wrap elementor-element-populated\">\n\t\t\t\t\t\t<div class=\"elementor-element elementor-element-994871c elementor-widget elementor-widget-text-editor\" data-id=\"994871c\" data-element_type=\"widget\" data-widget_type=\"text-editor.default\">\n\t\t\t\t<div class=\"elementor-widget-container\">\n\t\t\t\t\t\t\t\t\t<p>Pocos pa\u00edses pueden presumir de tal densidad de tesoros culturales y ecol\u00f3gicos. Enclavado entre M\u00e9xico, Guatemala y el mar Caribe, Belice es una tierra de muchas caras. Su arrecife de coral -el segundo mayor del mundo- atrae a buceadores de todo el planeta, mientras que sus bosques tropicales y yacimientos mayas milenarios son testigos de un patrimonio vivo.  <\/p>\t\t\t\t\t\t\t\t<\/div>\n\t\t\t\t<\/div>\n\t\t\t\t\t<\/div>\n\t\t<\/div>\n\t\t\t\t\t<\/div>\n\t\t<\/section>\n\t\t\t\t<section class=\"elementor-section elementor-inner-section elementor-element elementor-element-a2a64ee elementor-section-boxed elementor-section-height-default elementor-section-height-default\" data-id=\"a2a64ee\" data-element_type=\"section\">\n\t\t\t\t\t\t<div class=\"elementor-container elementor-column-gap-default\">\n\t\t\t\t\t<div class=\"elementor-column elementor-col-25 elementor-inner-column elementor-element elementor-element-7a9c222\" data-id=\"7a9c222\" data-element_type=\"column\">\n\t\t\t<div class=\"elementor-widget-wrap elementor-element-populated\">\n\t\t\t\t\t\t<div class=\"elementor-element elementor-element-8588a8b elementor-widget elementor-widget-image\" data-id=\"8588a8b\" data-element_type=\"widget\" data-widget_type=\"image.default\">\n\t\t\t\t<div class=\"elementor-widget-container\">\n\t\t\t\t\t\t\t\t\t\t\t\t\t\t\t<img loading=\"lazy\" decoding=\"async\" width=\"800\" height=\"1000\" src=\"https:\/\/richeskarayib.com\/wp-content\/uploads\/2025\/06\/Travel-Belize-3-819x1024.jpg\" class=\"attachment-large size-large wp-image-55772\" alt=\"Miss Universe Belize 2025\" srcset=\"https:\/\/richeskarayib.com\/wp-content\/uploads\/2025\/06\/Travel-Belize-3-819x1024.jpg 819w, https:\/\/richeskarayib.com\/wp-content\/uploads\/2025\/06\/Travel-Belize-3-240x300.jpg 240w, https:\/\/richeskarayib.com\/wp-content\/uploads\/2025\/06\/Travel-Belize-3-768x960.jpg 768w, https:\/\/richeskarayib.com\/wp-content\/uploads\/2025\/06\/Travel-Belize-3.jpg 1080w\" sizes=\"(max-width: 800px) 100vw, 800px\" \/>\t\t\t\t\t\t\t\t\t\t\t\t\t\t\t<\/div>\n\t\t\t\t<\/div>\n\t\t\t\t\t<\/div>\n\t\t<\/div>\n\t\t\t\t<div class=\"elementor-column elementor-col-25 elementor-inner-column elementor-element elementor-element-016898a\" data-id=\"016898a\" data-element_type=\"column\">\n\t\t\t<div class=\"elementor-widget-wrap elementor-element-populated\">\n\t\t\t\t\t\t<div class=\"elementor-element elementor-element-21be41b elementor-widget elementor-widget-image\" data-id=\"21be41b\" data-element_type=\"widget\" data-widget_type=\"image.default\">\n\t\t\t\t<div class=\"elementor-widget-container\">\n\t\t\t\t\t\t\t\t\t\t\t\t\t\t\t<img loading=\"lazy\" decoding=\"async\" width=\"800\" height=\"997\" src=\"https:\/\/richeskarayib.com\/wp-content\/uploads\/2025\/06\/Travel-Belize-4-822x1024.jpg\" class=\"attachment-large size-large wp-image-55776\" alt=\"Miss Universe Belize 2025\" srcset=\"https:\/\/richeskarayib.com\/wp-content\/uploads\/2025\/06\/Travel-Belize-4-822x1024.jpg 822w, https:\/\/richeskarayib.com\/wp-content\/uploads\/2025\/06\/Travel-Belize-4-241x300.jpg 241w, https:\/\/richeskarayib.com\/wp-content\/uploads\/2025\/06\/Travel-Belize-4-768x957.jpg 768w, https:\/\/richeskarayib.com\/wp-content\/uploads\/2025\/06\/Travel-Belize-4.jpg 1080w\" sizes=\"(max-width: 800px) 100vw, 800px\" \/>\t\t\t\t\t\t\t\t\t\t\t\t\t\t\t<\/div>\n\t\t\t\t<\/div>\n\t\t\t\t\t<\/div>\n\t\t<\/div>\n\t\t\t\t<div class=\"elementor-column elementor-col-25 elementor-inner-column elementor-element elementor-element-89b9e91\" data-id=\"89b9e91\" data-element_type=\"column\">\n\t\t\t<div class=\"elementor-widget-wrap elementor-element-populated\">\n\t\t\t\t\t\t<div class=\"elementor-element elementor-element-8c710a1 elementor-widget elementor-widget-image\" data-id=\"8c710a1\" data-element_type=\"widget\" data-widget_type=\"image.default\">\n\t\t\t\t<div class=\"elementor-widget-container\">\n\t\t\t\t\t\t\t\t\t\t\t\t\t\t\t<img loading=\"lazy\" decoding=\"async\" width=\"800\" height=\"997\" src=\"https:\/\/richeskarayib.com\/wp-content\/uploads\/2025\/06\/Travel-Belize-5-822x1024.jpg\" class=\"attachment-large size-large wp-image-55780\" alt=\"Miss Universe Belize 2025\" srcset=\"https:\/\/richeskarayib.com\/wp-content\/uploads\/2025\/06\/Travel-Belize-5-822x1024.jpg 822w, https:\/\/richeskarayib.com\/wp-content\/uploads\/2025\/06\/Travel-Belize-5-241x300.jpg 241w, https:\/\/richeskarayib.com\/wp-content\/uploads\/2025\/06\/Travel-Belize-5-768x957.jpg 768w, https:\/\/richeskarayib.com\/wp-content\/uploads\/2025\/06\/Travel-Belize-5.jpg 1080w\" sizes=\"(max-width: 800px) 100vw, 800px\" \/>\t\t\t\t\t\t\t\t\t\t\t\t\t\t\t<\/div>\n\t\t\t\t<\/div>\n\t\t\t\t\t<\/div>\n\t\t<\/div>\n\t\t\t\t<div class=\"elementor-column elementor-col-25 elementor-inner-column elementor-element elementor-element-708e901\" data-id=\"708e901\" data-element_type=\"column\">\n\t\t\t<div class=\"elementor-widget-wrap elementor-element-populated\">\n\t\t\t\t\t\t<div class=\"elementor-element elementor-element-f8839e4 elementor-widget elementor-widget-image\" data-id=\"f8839e4\" data-element_type=\"widget\" data-widget_type=\"image.default\">\n\t\t\t\t<div class=\"elementor-widget-container\">\n\t\t\t\t\t\t\t\t\t\t\t\t\t\t\t<img loading=\"lazy\" decoding=\"async\" width=\"800\" height=\"997\" src=\"https:\/\/richeskarayib.com\/wp-content\/uploads\/2025\/06\/Travel-Belize-6-822x1024.jpg\" class=\"attachment-large size-large wp-image-55784\" alt=\"Miss Universe Belize 2025\" srcset=\"https:\/\/richeskarayib.com\/wp-content\/uploads\/2025\/06\/Travel-Belize-6-822x1024.jpg 822w, https:\/\/richeskarayib.com\/wp-content\/uploads\/2025\/06\/Travel-Belize-6-241x300.jpg 241w, https:\/\/richeskarayib.com\/wp-content\/uploads\/2025\/06\/Travel-Belize-6-768x957.jpg 768w, https:\/\/richeskarayib.com\/wp-content\/uploads\/2025\/06\/Travel-Belize-6.jpg 1080w\" sizes=\"(max-width: 800px) 100vw, 800px\" \/>\t\t\t\t\t\t\t\t\t\t\t\t\t\t\t<\/div>\n\t\t\t\t<\/div>\n\t\t\t\t\t<\/div>\n\t\t<\/div>\n\t\t\t\t\t<\/div>\n\t\t<\/section>\n\t\t\t\t<section class=\"elementor-section elementor-inner-section elementor-element elementor-element-1c6c714 elementor-section-boxed elementor-section-height-default elementor-section-height-default\" data-id=\"1c6c714\" data-element_type=\"section\">\n\t\t\t\t\t\t<div class=\"elementor-container elementor-column-gap-default\">\n\t\t\t\t\t<div class=\"elementor-column elementor-col-100 elementor-inner-column elementor-element elementor-element-395ba6a\" data-id=\"395ba6a\" data-element_type=\"column\">\n\t\t\t<div class=\"elementor-widget-wrap elementor-element-populated\">\n\t\t\t\t\t\t<div class=\"elementor-element elementor-element-8998f4b elementor-widget elementor-widget-text-editor\" data-id=\"8998f4b\" data-element_type=\"widget\" data-widget_type=\"text-editor.default\">\n\t\t\t\t<div class=\"elementor-widget-container\">\n\t\t\t\t\t\t\t\t\t<p>Pero la verdadera riqueza de <a href=\"https:\/\/richeskarayib.com\/es\/cifras-clave-para-el-caribe-resiliencia-climatica-ecologia-y-sostenibilidad-con-riches-karayib\/\" target=\"_blank\" rel=\"noopener\">Belice<\/a> es su gente. El pa\u00eds es un mosaico de pueblos y culturas: criollos, mestizos, gar\u00edfunas, mayas, descendientes de inmigrantes indios, chinos y europeos. Esta diversidad se expresa en sus lenguas, rituales, gastronom\u00eda, m\u00fasica y vida comunitaria. A trav\u00e9s de figuras como Isabella Zabaneh, Miss Universo Belice 2025 se convierte en un reflejo de esta identidad compleja y profundamente arraigada.   <\/p>\t\t\t\t\t\t\t\t<\/div>\n\t\t\t\t<\/div>\n\t\t\t\t\t<\/div>\n\t\t<\/div>\n\t\t\t\t\t<\/div>\n\t\t<\/section>\n\t\t\t\t<section class=\"elementor-section elementor-inner-section elementor-element elementor-element-05f81f0 elementor-section-boxed elementor-section-height-default elementor-section-height-default\" data-id=\"05f81f0\" data-element_type=\"section\">\n\t\t\t\t\t\t<div class=\"elementor-container elementor-column-gap-default\">\n\t\t\t\t\t<div class=\"elementor-column elementor-col-25 elementor-inner-column elementor-element elementor-element-023ea29\" data-id=\"023ea29\" data-element_type=\"column\">\n\t\t\t<div class=\"elementor-widget-wrap elementor-element-populated\">\n\t\t\t\t\t\t<div class=\"elementor-element elementor-element-ab43dbc elementor-widget elementor-widget-image\" data-id=\"ab43dbc\" data-element_type=\"widget\" data-widget_type=\"image.default\">\n\t\t\t\t<div class=\"elementor-widget-container\">\n\t\t\t\t\t\t\t\t\t\t\t\t\t\t\t<img loading=\"lazy\" decoding=\"async\" width=\"800\" height=\"1000\" src=\"https:\/\/richeskarayib.com\/wp-content\/uploads\/2025\/06\/Travel-Belize-819x1024.jpeg\" class=\"attachment-large size-large wp-image-55788\" alt=\"Miss Universe Belize 2025\" srcset=\"https:\/\/richeskarayib.com\/wp-content\/uploads\/2025\/06\/Travel-Belize-819x1024.jpeg 819w, https:\/\/richeskarayib.com\/wp-content\/uploads\/2025\/06\/Travel-Belize-240x300.jpeg 240w, https:\/\/richeskarayib.com\/wp-content\/uploads\/2025\/06\/Travel-Belize-768x960.jpeg 768w, https:\/\/richeskarayib.com\/wp-content\/uploads\/2025\/06\/Travel-Belize.jpeg 1080w\" sizes=\"(max-width: 800px) 100vw, 800px\" \/>\t\t\t\t\t\t\t\t\t\t\t\t\t\t\t<\/div>\n\t\t\t\t<\/div>\n\t\t\t\t\t<\/div>\n\t\t<\/div>\n\t\t\t\t<div class=\"elementor-column elementor-col-25 elementor-inner-column elementor-element elementor-element-f795cdd\" data-id=\"f795cdd\" data-element_type=\"column\">\n\t\t\t<div class=\"elementor-widget-wrap elementor-element-populated\">\n\t\t\t\t\t\t<div class=\"elementor-element elementor-element-0c87ab5 elementor-widget elementor-widget-image\" data-id=\"0c87ab5\" data-element_type=\"widget\" data-widget_type=\"image.default\">\n\t\t\t\t<div class=\"elementor-widget-container\">\n\t\t\t\t\t\t\t\t\t\t\t\t\t\t\t<img loading=\"lazy\" decoding=\"async\" width=\"800\" height=\"1018\" src=\"https:\/\/richeskarayib.com\/wp-content\/uploads\/2025\/06\/Travel-Belize-9-805x1024.jpg\" class=\"attachment-large size-large wp-image-55792\" alt=\"Miss Universe Belize 2025\" srcset=\"https:\/\/richeskarayib.com\/wp-content\/uploads\/2025\/06\/Travel-Belize-9-805x1024.jpg 805w, https:\/\/richeskarayib.com\/wp-content\/uploads\/2025\/06\/Travel-Belize-9-236x300.jpg 236w, https:\/\/richeskarayib.com\/wp-content\/uploads\/2025\/06\/Travel-Belize-9-768x976.jpg 768w, https:\/\/richeskarayib.com\/wp-content\/uploads\/2025\/06\/Travel-Belize-9.jpg 1080w\" sizes=\"(max-width: 800px) 100vw, 800px\" \/>\t\t\t\t\t\t\t\t\t\t\t\t\t\t\t<\/div>\n\t\t\t\t<\/div>\n\t\t\t\t\t<\/div>\n\t\t<\/div>\n\t\t\t\t<div class=\"elementor-column elementor-col-25 elementor-inner-column elementor-element elementor-element-48b8119\" data-id=\"48b8119\" data-element_type=\"column\">\n\t\t\t<div class=\"elementor-widget-wrap elementor-element-populated\">\n\t\t\t\t\t\t<div class=\"elementor-element elementor-element-27a9ea6 elementor-widget elementor-widget-image\" data-id=\"27a9ea6\" data-element_type=\"widget\" data-widget_type=\"image.default\">\n\t\t\t\t<div class=\"elementor-widget-container\">\n\t\t\t\t\t\t\t\t\t\t\t\t\t\t\t<img loading=\"lazy\" decoding=\"async\" width=\"800\" height=\"1000\" src=\"https:\/\/richeskarayib.com\/wp-content\/uploads\/2025\/06\/Travel-Belize-8-819x1024.jpg\" class=\"attachment-large size-large wp-image-55800\" alt=\"Miss Universe Belize 2025\" srcset=\"https:\/\/richeskarayib.com\/wp-content\/uploads\/2025\/06\/Travel-Belize-8-819x1024.jpg 819w, https:\/\/richeskarayib.com\/wp-content\/uploads\/2025\/06\/Travel-Belize-8-240x300.jpg 240w, https:\/\/richeskarayib.com\/wp-content\/uploads\/2025\/06\/Travel-Belize-8-768x960.jpg 768w, https:\/\/richeskarayib.com\/wp-content\/uploads\/2025\/06\/Travel-Belize-8.jpg 1080w\" sizes=\"(max-width: 800px) 100vw, 800px\" \/>\t\t\t\t\t\t\t\t\t\t\t\t\t\t\t<\/div>\n\t\t\t\t<\/div>\n\t\t\t\t\t<\/div>\n\t\t<\/div>\n\t\t\t\t<div class=\"elementor-column elementor-col-25 elementor-inner-column elementor-element elementor-element-acd81c9\" data-id=\"acd81c9\" data-element_type=\"column\">\n\t\t\t<div class=\"elementor-widget-wrap elementor-element-populated\">\n\t\t\t\t\t\t<div class=\"elementor-element elementor-element-bb2d32b elementor-widget elementor-widget-image\" data-id=\"bb2d32b\" data-element_type=\"widget\" data-widget_type=\"image.default\">\n\t\t\t\t<div class=\"elementor-widget-container\">\n\t\t\t\t\t\t\t\t\t\t\t\t\t\t\t<img loading=\"lazy\" decoding=\"async\" width=\"800\" height=\"1000\" src=\"https:\/\/richeskarayib.com\/wp-content\/uploads\/2025\/06\/Travel-Belize-2-819x1024.jpeg\" class=\"attachment-large size-large wp-image-55804\" alt=\"Miss Universe Belize 2025\" srcset=\"https:\/\/richeskarayib.com\/wp-content\/uploads\/2025\/06\/Travel-Belize-2-819x1024.jpeg 819w, https:\/\/richeskarayib.com\/wp-content\/uploads\/2025\/06\/Travel-Belize-2-240x300.jpeg 240w, https:\/\/richeskarayib.com\/wp-content\/uploads\/2025\/06\/Travel-Belize-2-768x961.jpeg 768w, https:\/\/richeskarayib.com\/wp-content\/uploads\/2025\/06\/Travel-Belize-2.jpeg 1080w\" sizes=\"(max-width: 800px) 100vw, 800px\" \/>\t\t\t\t\t\t\t\t\t\t\t\t\t\t\t<\/div>\n\t\t\t\t<\/div>\n\t\t\t\t\t<\/div>\n\t\t<\/div>\n\t\t\t\t\t<\/div>\n\t\t<\/section>\n\t\t\t\t<section class=\"elementor-section elementor-inner-section elementor-element elementor-element-c51c1e9 elementor-section-boxed elementor-section-height-default elementor-section-height-default\" data-id=\"c51c1e9\" data-element_type=\"section\">\n\t\t\t\t\t\t<div class=\"elementor-container elementor-column-gap-default\">\n\t\t\t\t\t\t<\/div>\n\t\t<\/section>\n\t\t\t\t\t<\/div>\n\t\t<\/div>\n\t\t\t\t\t<\/div>\n\t\t<\/section>\n\t\t\t\t<section class=\"elementor-section elementor-top-section elementor-element elementor-element-7ca7ca1 elementor-section-boxed elementor-section-height-default elementor-section-height-default\" data-id=\"7ca7ca1\" data-element_type=\"section\">\n\t\t\t\t\t\t<div class=\"elementor-container elementor-column-gap-default\">\n\t\t\t\t\t<div class=\"elementor-column elementor-col-100 elementor-top-column elementor-element elementor-element-cbdd002\" data-id=\"cbdd002\" data-element_type=\"column\">\n\t\t\t<div class=\"elementor-widget-wrap elementor-element-populated\">\n\t\t\t\t\t\t<div class=\"elementor-element elementor-element-da17f8d elementor-widget elementor-widget-heading\" data-id=\"da17f8d\" data-element_type=\"widget\" data-widget_type=\"heading.default\">\n\t\t\t\t<div class=\"elementor-widget-container\">\n\t\t\t\t\t<h2 class=\"elementor-heading-title elementor-size-default\">Isabella Zabaneh: un viaje en la encrucijada de los mundos\n<\/h2>\t\t\t\t<\/div>\n\t\t\t\t<\/div>\n\t\t\t\t<section class=\"elementor-section elementor-inner-section elementor-element elementor-element-bc94849 elementor-section-boxed elementor-section-height-default elementor-section-height-default\" data-id=\"bc94849\" data-element_type=\"section\">\n\t\t\t\t\t\t<div class=\"elementor-container elementor-column-gap-default\">\n\t\t\t\t\t\t<\/div>\n\t\t<\/section>\n\t\t\t\t<section class=\"elementor-section elementor-inner-section elementor-element elementor-element-6fb2b87 elementor-section-boxed elementor-section-height-default elementor-section-height-default\" data-id=\"6fb2b87\" data-element_type=\"section\">\n\t\t\t\t\t\t<div class=\"elementor-container elementor-column-gap-default\">\n\t\t\t\t\t<div class=\"elementor-column elementor-col-100 elementor-inner-column elementor-element elementor-element-ce61c89\" data-id=\"ce61c89\" data-element_type=\"column\">\n\t\t\t<div class=\"elementor-widget-wrap elementor-element-populated\">\n\t\t\t\t\t\t<div class=\"elementor-element elementor-element-209c746 elementor-widget elementor-widget-text-editor\" data-id=\"209c746\" data-element_type=\"widget\" data-widget_type=\"text-editor.default\">\n\t\t\t\t<div class=\"elementor-widget-container\">\n\t\t\t\t\t\t\t\t\t<p>Isabella Zabaneh, de 21 a\u00f1os, no es una desconocida en su tierra natal. Estudiante de m\u00e1ster en comunicaci\u00f3n profesional y licenciada en relaciones internacionales, combina el rigor acad\u00e9mico con el compromiso pr\u00e1ctico. Nacida en Texas, pero profundamente apegada a sus or\u00edgenes belice\u00f1os, creci\u00f3 entre dos culturas, aprendiendo a una edad temprana a navegar entre realidades diferentes y a valorar el di\u00e1logo intercultural.  <\/p>\t\t\t\t\t\t\t\t<\/div>\n\t\t\t\t<\/div>\n\t\t\t\t\t<\/div>\n\t\t<\/div>\n\t\t\t\t\t<\/div>\n\t\t<\/section>\n\t\t\t\t<section class=\"elementor-section elementor-inner-section elementor-element elementor-element-9e973f4 elementor-section-boxed elementor-section-height-default elementor-section-height-default\" data-id=\"9e973f4\" data-element_type=\"section\">\n\t\t\t\t\t\t<div class=\"elementor-container elementor-column-gap-default\">\n\t\t\t\t\t<div class=\"elementor-column elementor-col-100 elementor-inner-column elementor-element elementor-element-826b295\" data-id=\"826b295\" data-element_type=\"column\">\n\t\t\t<div class=\"elementor-widget-wrap elementor-element-populated\">\n\t\t\t\t\t\t<div class=\"elementor-element elementor-element-8511833 elementor-widget elementor-widget-text-editor\" data-id=\"8511833\" data-element_type=\"widget\" data-widget_type=\"text-editor.default\">\n\t\t\t\t<div class=\"elementor-widget-container\">\n\t\t\t\t\t\t\t\t\t<p>Es esta doble formaci\u00f3n la que forja su agudo sentido de la representaci\u00f3n. Para ella, Miss Universo Belice 2025 es m\u00e1s que una corona: es una plataforma. Portavoz de su generaci\u00f3n, hace campa\u00f1a por la educaci\u00f3n, la capacitaci\u00f3n de las mujeres y la conservaci\u00f3n de los recursos naturales. Tambi\u00e9n participa en proyectos comunitarios, convencida de que la verdadera belleza reside en actuar y compartir.   <\/p>\t\t\t\t\t\t\t\t<\/div>\n\t\t\t\t<\/div>\n\t\t\t\t\t<\/div>\n\t\t<\/div>\n\t\t\t\t\t<\/div>\n\t\t<\/section>\n\t\t\t\t<section class=\"elementor-section elementor-inner-section elementor-element elementor-element-ba96757 elementor-section-boxed elementor-section-height-default elementor-section-height-default\" data-id=\"ba96757\" data-element_type=\"section\">\n\t\t\t\t\t\t<div class=\"elementor-container elementor-column-gap-default\">\n\t\t\t\t\t<div class=\"elementor-column elementor-col-100 elementor-inner-column elementor-element elementor-element-cf62bf6\" data-id=\"cf62bf6\" data-element_type=\"column\">\n\t\t\t<div class=\"elementor-widget-wrap elementor-element-populated\">\n\t\t\t\t\t\t<div class=\"elementor-element elementor-element-e717f8f elementor-widget elementor-widget-image\" data-id=\"e717f8f\" data-element_type=\"widget\" data-widget_type=\"image.default\">\n\t\t\t\t<div class=\"elementor-widget-container\">\n\t\t\t\t\t\t\t\t\t\t\t\t<figure class=\"wp-caption\">\n\t\t\t\t\t\t\t\t\t\t<img loading=\"lazy\" decoding=\"async\" width=\"800\" height=\"1000\" src=\"https:\/\/richeskarayib.com\/wp-content\/uploads\/2025\/06\/514344123_1282408643894670_7725672896157409916_n-819x1024.jpg\" class=\"attachment-large size-large wp-image-55808\" alt=\"Miss Universe Belize 2025\" srcset=\"https:\/\/richeskarayib.com\/wp-content\/uploads\/2025\/06\/514344123_1282408643894670_7725672896157409916_n-819x1024.jpg 819w, https:\/\/richeskarayib.com\/wp-content\/uploads\/2025\/06\/514344123_1282408643894670_7725672896157409916_n-240x300.jpg 240w, https:\/\/richeskarayib.com\/wp-content\/uploads\/2025\/06\/514344123_1282408643894670_7725672896157409916_n-768x960.jpg 768w, https:\/\/richeskarayib.com\/wp-content\/uploads\/2025\/06\/514344123_1282408643894670_7725672896157409916_n.jpg 1080w\" sizes=\"(max-width: 800px) 100vw, 800px\" \/>\t\t\t\t\t\t\t\t\t\t\t<figcaption class=\"widget-image-caption wp-caption-text\">Miss Universe Belize 2025<\/figcaption>\n\t\t\t\t\t\t\t\t\t\t<\/figure>\n\t\t\t\t\t\t\t\t\t<\/div>\n\t\t\t\t<\/div>\n\t\t\t\t\t<\/div>\n\t\t<\/div>\n\t\t\t\t\t<\/div>\n\t\t<\/section>\n\t\t\t\t<section class=\"elementor-section elementor-inner-section elementor-element elementor-element-61571e6 elementor-section-boxed elementor-section-height-default elementor-section-height-default\" data-id=\"61571e6\" data-element_type=\"section\">\n\t\t\t\t\t\t<div class=\"elementor-container elementor-column-gap-default\">\n\t\t\t\t\t\t<\/div>\n\t\t<\/section>\n\t\t\t\t<section class=\"elementor-section elementor-inner-section elementor-element elementor-element-b6262e0 elementor-section-boxed elementor-section-height-default elementor-section-height-default\" data-id=\"b6262e0\" data-element_type=\"section\">\n\t\t\t\t\t\t<div class=\"elementor-container elementor-column-gap-default\">\n\t\t\t\t\t\t<\/div>\n\t\t<\/section>\n\t\t\t\t<section class=\"elementor-section elementor-inner-section elementor-element elementor-element-cca29fd elementor-section-boxed elementor-section-height-default elementor-section-height-default\" data-id=\"cca29fd\" data-element_type=\"section\">\n\t\t\t\t\t\t<div class=\"elementor-container elementor-column-gap-default\">\n\t\t\t\t\t\t<\/div>\n\t\t<\/section>\n\t\t\t\t\t<\/div>\n\t\t<\/div>\n\t\t\t\t\t<\/div>\n\t\t<\/section>\n\t\t\t\t<section class=\"elementor-section elementor-top-section elementor-element elementor-element-2bb9bde elementor-section-boxed elementor-section-height-default elementor-section-height-default\" data-id=\"2bb9bde\" data-element_type=\"section\">\n\t\t\t\t\t\t<div class=\"elementor-container elementor-column-gap-default\">\n\t\t\t\t\t<div class=\"elementor-column elementor-col-100 elementor-top-column elementor-element elementor-element-d47e98a\" data-id=\"d47e98a\" data-element_type=\"column\">\n\t\t\t<div class=\"elementor-widget-wrap elementor-element-populated\">\n\t\t\t\t\t\t<div class=\"elementor-element elementor-element-9806cc8 elementor-widget elementor-widget-heading\" data-id=\"9806cc8\" data-element_type=\"widget\" data-widget_type=\"heading.default\">\n\t\t\t\t<div class=\"elementor-widget-container\">\n\t\t\t\t\t<h2 class=\"elementor-heading-title elementor-size-default\">Una velada de celebraci\u00f3n y transmisi\u00f3n\n<\/h2>\t\t\t\t<\/div>\n\t\t\t\t<\/div>\n\t\t\t\t<div class=\"elementor-element elementor-element-7cdf356 elementor-widget elementor-widget-text-editor\" data-id=\"7cdf356\" data-element_type=\"widget\" data-widget_type=\"text-editor.default\">\n\t\t\t\t<div class=\"elementor-widget-container\">\n\t\t\t\t\t\t\t\t\t<p>La ceremonia de Miss Universo Belice 2025 cont\u00f3 con cinco finalistas: Isabella Zabaneh, Monisha Hyde, Imani Jex, Libny Rodriguez y Hope Panton. Cada una de ellas ten\u00eda su propia historia, sus propias ra\u00edces, su propia energ\u00eda. A trav\u00e9s de los distintos actos -discursos, entrevistas, presentaciones culturales, desfiles de moda- estas j\u00f3venes demostraron que la elegancia va hoy de la mano de la conciencia social.  <\/p><p>El jurado eligi\u00f3 con entusiasmo a Isabella Zabaneh. Monisha Hyde fue nombrada primera finalista, Hope Panton segunda finalista y Miss Fotog\u00e9nica, mientras que Imani Jex recibi\u00f3 el t\u00edtulo de Miss Simpat\u00eda, lo que subraya los fuertes lazos forjados entre las participantes. <\/p>\t\t\t\t\t\t\t\t<\/div>\n\t\t\t\t<\/div>\n\t\t\t\t<section class=\"elementor-section elementor-inner-section elementor-element elementor-element-1fd8f8b elementor-section-boxed elementor-section-height-default elementor-section-height-default\" data-id=\"1fd8f8b\" data-element_type=\"section\">\n\t\t\t\t\t\t<div class=\"elementor-container elementor-column-gap-default\">\n\t\t\t\t\t<div class=\"elementor-column elementor-col-33 elementor-inner-column elementor-element elementor-element-e06df24\" data-id=\"e06df24\" data-element_type=\"column\">\n\t\t\t<div class=\"elementor-widget-wrap elementor-element-populated\">\n\t\t\t\t\t\t<div class=\"elementor-element elementor-element-f417fd2 elementor-widget elementor-widget-image\" data-id=\"f417fd2\" data-element_type=\"widget\" data-widget_type=\"image.default\">\n\t\t\t\t<div class=\"elementor-widget-container\">\n\t\t\t\t\t\t\t\t\t\t\t\t<figure class=\"wp-caption\">\n\t\t\t\t\t\t\t\t\t\t<img loading=\"lazy\" decoding=\"async\" width=\"600\" height=\"600\" src=\"https:\/\/richeskarayib.com\/wp-content\/uploads\/2025\/06\/Libny-Rodriguez-bikini.jpg\" class=\"attachment-large size-large wp-image-55828\" alt=\"Miss Universe Belize 2025\" srcset=\"https:\/\/richeskarayib.com\/wp-content\/uploads\/2025\/06\/Libny-Rodriguez-bikini.jpg 600w, https:\/\/richeskarayib.com\/wp-content\/uploads\/2025\/06\/Libny-Rodriguez-bikini-300x300.jpg 300w, https:\/\/richeskarayib.com\/wp-content\/uploads\/2025\/06\/Libny-Rodriguez-bikini-150x150.jpg 150w\" sizes=\"(max-width: 600px) 100vw, 600px\" \/>\t\t\t\t\t\t\t\t\t\t\t<figcaption class=\"widget-image-caption wp-caption-text\">Libny Rodriguez<\/figcaption>\n\t\t\t\t\t\t\t\t\t\t<\/figure>\n\t\t\t\t\t\t\t\t\t<\/div>\n\t\t\t\t<\/div>\n\t\t\t\t<div class=\"elementor-element elementor-element-930d29c elementor-widget elementor-widget-image\" data-id=\"930d29c\" data-element_type=\"widget\" data-widget_type=\"image.default\">\n\t\t\t\t<div class=\"elementor-widget-container\">\n\t\t\t\t\t\t\t\t\t\t\t\t<figure class=\"wp-caption\">\n\t\t\t\t\t\t\t\t\t\t<img loading=\"lazy\" decoding=\"async\" width=\"768\" height=\"1024\" src=\"https:\/\/richeskarayib.com\/wp-content\/uploads\/2025\/06\/Isabella-Zabaneh-bikini-1-768x1024.jpg\" class=\"attachment-large size-large wp-image-55816\" alt=\"Miss Universe Belize 2025\" srcset=\"https:\/\/richeskarayib.com\/wp-content\/uploads\/2025\/06\/Isabella-Zabaneh-bikini-1-768x1024.jpg 768w, https:\/\/richeskarayib.com\/wp-content\/uploads\/2025\/06\/Isabella-Zabaneh-bikini-1-225x300.jpg 225w, https:\/\/richeskarayib.com\/wp-content\/uploads\/2025\/06\/Isabella-Zabaneh-bikini-1-1152x1536.jpg 1152w, https:\/\/richeskarayib.com\/wp-content\/uploads\/2025\/06\/Isabella-Zabaneh-bikini-1-1320x1760.jpg 1320w, https:\/\/richeskarayib.com\/wp-content\/uploads\/2025\/06\/Isabella-Zabaneh-bikini-1.jpg 1440w\" sizes=\"(max-width: 768px) 100vw, 768px\" \/>\t\t\t\t\t\t\t\t\t\t\t<figcaption class=\"widget-image-caption wp-caption-text\">Isabella Zabaneh<\/figcaption>\n\t\t\t\t\t\t\t\t\t\t<\/figure>\n\t\t\t\t\t\t\t\t\t<\/div>\n\t\t\t\t<\/div>\n\t\t\t\t\t<\/div>\n\t\t<\/div>\n\t\t\t\t<div class=\"elementor-column elementor-col-33 elementor-inner-column elementor-element elementor-element-64b5674\" data-id=\"64b5674\" data-element_type=\"column\">\n\t\t\t<div class=\"elementor-widget-wrap elementor-element-populated\">\n\t\t\t\t\t\t<div class=\"elementor-element elementor-element-a20608a elementor-widget elementor-widget-image\" data-id=\"a20608a\" data-element_type=\"widget\" data-widget_type=\"image.default\">\n\t\t\t\t<div class=\"elementor-widget-container\">\n\t\t\t\t\t\t\t\t\t\t\t\t<figure class=\"wp-caption\">\n\t\t\t\t\t\t\t\t\t\t<img loading=\"lazy\" decoding=\"async\" width=\"768\" height=\"1024\" src=\"https:\/\/richeskarayib.com\/wp-content\/uploads\/2025\/06\/Hope-Panton-bikini-1-768x1024.jpg\" class=\"attachment-large size-large wp-image-55832\" alt=\"Miss Universe Belize 2025\" srcset=\"https:\/\/richeskarayib.com\/wp-content\/uploads\/2025\/06\/Hope-Panton-bikini-1-768x1023.jpg 768w, https:\/\/richeskarayib.com\/wp-content\/uploads\/2025\/06\/Hope-Panton-bikini-1-225x300.jpg 225w, https:\/\/richeskarayib.com\/wp-content\/uploads\/2025\/06\/Hope-Panton-bikini-1-1153x1536.jpg 1153w, https:\/\/richeskarayib.com\/wp-content\/uploads\/2025\/06\/Hope-Panton-bikini-1-1320x1759.jpg 1320w, https:\/\/richeskarayib.com\/wp-content\/uploads\/2025\/06\/Hope-Panton-bikini-1.jpg 1440w\" sizes=\"(max-width: 768px) 100vw, 768px\" \/>\t\t\t\t\t\t\t\t\t\t\t<figcaption class=\"widget-image-caption wp-caption-text\">Hope Panton<\/figcaption>\n\t\t\t\t\t\t\t\t\t\t<\/figure>\n\t\t\t\t\t\t\t\t\t<\/div>\n\t\t\t\t<\/div>\n\t\t\t\t<div class=\"elementor-element elementor-element-c3b0fa9 elementor-widget elementor-widget-image\" data-id=\"c3b0fa9\" data-element_type=\"widget\" data-widget_type=\"image.default\">\n\t\t\t\t<div class=\"elementor-widget-container\">\n\t\t\t\t\t\t\t\t\t\t\t\t<figure class=\"wp-caption\">\n\t\t\t\t\t\t\t\t\t\t<img loading=\"lazy\" decoding=\"async\" width=\"600\" height=\"600\" src=\"https:\/\/richeskarayib.com\/wp-content\/uploads\/2025\/06\/Monisha-Hyde-bikini.jpg\" class=\"attachment-large size-large wp-image-55820\" alt=\"Miss Universe Belize 2025\" srcset=\"https:\/\/richeskarayib.com\/wp-content\/uploads\/2025\/06\/Monisha-Hyde-bikini.jpg 600w, https:\/\/richeskarayib.com\/wp-content\/uploads\/2025\/06\/Monisha-Hyde-bikini-300x300.jpg 300w, https:\/\/richeskarayib.com\/wp-content\/uploads\/2025\/06\/Monisha-Hyde-bikini-150x150.jpg 150w\" sizes=\"(max-width: 600px) 100vw, 600px\" \/>\t\t\t\t\t\t\t\t\t\t\t<figcaption class=\"widget-image-caption wp-caption-text\">Monisha Hyde<\/figcaption>\n\t\t\t\t\t\t\t\t\t\t<\/figure>\n\t\t\t\t\t\t\t\t\t<\/div>\n\t\t\t\t<\/div>\n\t\t\t\t\t<\/div>\n\t\t<\/div>\n\t\t\t\t<div class=\"elementor-column elementor-col-33 elementor-inner-column elementor-element elementor-element-c759b34\" data-id=\"c759b34\" data-element_type=\"column\">\n\t\t\t<div class=\"elementor-widget-wrap elementor-element-populated\">\n\t\t\t\t\t\t<div class=\"elementor-element elementor-element-c4d2b20 elementor-widget elementor-widget-image\" data-id=\"c4d2b20\" data-element_type=\"widget\" data-widget_type=\"image.default\">\n\t\t\t\t<div class=\"elementor-widget-container\">\n\t\t\t\t\t\t\t\t\t\t\t\t<figure class=\"wp-caption\">\n\t\t\t\t\t\t\t\t\t\t<img loading=\"lazy\" decoding=\"async\" width=\"450\" height=\"600\" src=\"https:\/\/richeskarayib.com\/wp-content\/uploads\/2025\/06\/Imani-Jex-bikini.jpg\" class=\"attachment-large size-large wp-image-55824\" alt=\"Miss Universe Belize 2025\" srcset=\"https:\/\/richeskarayib.com\/wp-content\/uploads\/2025\/06\/Imani-Jex-bikini.jpg 450w, https:\/\/richeskarayib.com\/wp-content\/uploads\/2025\/06\/Imani-Jex-bikini-225x300.jpg 225w\" sizes=\"(max-width: 450px) 100vw, 450px\" \/>\t\t\t\t\t\t\t\t\t\t\t<figcaption class=\"widget-image-caption wp-caption-text\">Imani Jex<\/figcaption>\n\t\t\t\t\t\t\t\t\t\t<\/figure>\n\t\t\t\t\t\t\t\t\t<\/div>\n\t\t\t\t<\/div>\n\t\t\t\t\t<\/div>\n\t\t<\/div>\n\t\t\t\t\t<\/div>\n\t\t<\/section>\n\t\t\t\t<div class=\"elementor-element elementor-element-6dba1e6 elementor-widget elementor-widget-text-editor\" data-id=\"6dba1e6\" data-element_type=\"widget\" data-widget_type=\"text-editor.default\">\n\t\t\t\t<div class=\"elementor-widget-container\">\n\t\t\t\t\t\t\t\t\t<p>El paso de la corona a Halima Hoy, Miss Universo Belice 2024, fue un momento especial. Halima, que brill\u00f3 en la edici\u00f3n internacional de Ciudad de M\u00e9xico, pas\u00f3 emotivamente la antorcha, record\u00e1ndonos la importancia de la continuidad y el apoyo mutuo entre las reinas de la belleza. <\/p>\t\t\t\t\t\t\t\t<\/div>\n\t\t\t\t<\/div>\n\t\t\t\t<section class=\"elementor-section elementor-inner-section elementor-element elementor-element-22362f4 elementor-section-boxed elementor-section-height-default elementor-section-height-default\" data-id=\"22362f4\" data-element_type=\"section\">\n\t\t\t\t\t\t<div class=\"elementor-container elementor-column-gap-default\">\n\t\t\t\t\t<div class=\"elementor-column elementor-col-50 elementor-inner-column elementor-element elementor-element-b5e63e2\" data-id=\"b5e63e2\" data-element_type=\"column\">\n\t\t\t<div class=\"elementor-widget-wrap elementor-element-populated\">\n\t\t\t\t\t\t<div class=\"elementor-element elementor-element-7104d20 elementor-widget elementor-widget-image\" data-id=\"7104d20\" data-element_type=\"widget\" data-widget_type=\"image.default\">\n\t\t\t\t<div class=\"elementor-widget-container\">\n\t\t\t\t\t\t\t\t\t\t\t\t\t\t\t<img loading=\"lazy\" decoding=\"async\" width=\"768\" height=\"1024\" src=\"https:\/\/richeskarayib.com\/wp-content\/uploads\/2025\/06\/515114813_18526974193037983_6817109592027072718_n-768x1024.jpg\" class=\"attachment-large size-large wp-image-55836\" alt=\"Miss Universe Belize 2025\" srcset=\"https:\/\/richeskarayib.com\/wp-content\/uploads\/2025\/06\/515114813_18526974193037983_6817109592027072718_n-768x1024.jpg 768w, https:\/\/richeskarayib.com\/wp-content\/uploads\/2025\/06\/515114813_18526974193037983_6817109592027072718_n-225x300.jpg 225w, https:\/\/richeskarayib.com\/wp-content\/uploads\/2025\/06\/515114813_18526974193037983_6817109592027072718_n-1152x1536.jpg 1152w, https:\/\/richeskarayib.com\/wp-content\/uploads\/2025\/06\/515114813_18526974193037983_6817109592027072718_n-1320x1760.jpg 1320w, https:\/\/richeskarayib.com\/wp-content\/uploads\/2025\/06\/515114813_18526974193037983_6817109592027072718_n.jpg 1440w\" sizes=\"(max-width: 768px) 100vw, 768px\" \/>\t\t\t\t\t\t\t\t\t\t\t\t\t\t\t<\/div>\n\t\t\t\t<\/div>\n\t\t\t\t\t<\/div>\n\t\t<\/div>\n\t\t\t\t<div class=\"elementor-column elementor-col-50 elementor-inner-column elementor-element elementor-element-57265e9\" data-id=\"57265e9\" data-element_type=\"column\">\n\t\t\t<div class=\"elementor-widget-wrap elementor-element-populated\">\n\t\t\t\t\t\t<div class=\"elementor-element elementor-element-0fd0c01 elementor-widget elementor-widget-image\" data-id=\"0fd0c01\" data-element_type=\"widget\" data-widget_type=\"image.default\">\n\t\t\t\t<div class=\"elementor-widget-container\">\n\t\t\t\t\t\t\t\t\t\t\t\t\t\t\t<img loading=\"lazy\" decoding=\"async\" width=\"800\" height=\"1000\" src=\"https:\/\/richeskarayib.com\/wp-content\/uploads\/2025\/06\/Affiche-officiel-819x1024.jpg\" class=\"attachment-large size-large wp-image-55840\" alt=\"Miss Universe Belize 2025\" srcset=\"https:\/\/richeskarayib.com\/wp-content\/uploads\/2025\/06\/Affiche-officiel-819x1024.jpg 819w, https:\/\/richeskarayib.com\/wp-content\/uploads\/2025\/06\/Affiche-officiel-240x300.jpg 240w, https:\/\/richeskarayib.com\/wp-content\/uploads\/2025\/06\/Affiche-officiel-768x960.jpg 768w, https:\/\/richeskarayib.com\/wp-content\/uploads\/2025\/06\/Affiche-officiel-1229x1536.jpg 1229w, https:\/\/richeskarayib.com\/wp-content\/uploads\/2025\/06\/Affiche-officiel-1320x1650.jpg 1320w, https:\/\/richeskarayib.com\/wp-content\/uploads\/2025\/06\/Affiche-officiel.jpg 1536w\" sizes=\"(max-width: 800px) 100vw, 800px\" \/>\t\t\t\t\t\t\t\t\t\t\t\t\t\t\t<\/div>\n\t\t\t\t<\/div>\n\t\t\t\t\t<\/div>\n\t\t<\/div>\n\t\t\t\t\t<\/div>\n\t\t<\/section>\n\t\t\t\t\t<\/div>\n\t\t<\/div>\n\t\t\t\t\t<\/div>\n\t\t<\/section>\n\t\t\t\t<section class=\"elementor-section elementor-top-section elementor-element elementor-element-0db9090 elementor-section-boxed elementor-section-height-default elementor-section-height-default\" data-id=\"0db9090\" data-element_type=\"section\">\n\t\t\t\t\t\t<div class=\"elementor-container elementor-column-gap-default\">\n\t\t\t\t\t<div class=\"elementor-column elementor-col-100 elementor-top-column elementor-element elementor-element-2296183\" data-id=\"2296183\" data-element_type=\"column\">\n\t\t\t<div class=\"elementor-widget-wrap elementor-element-populated\">\n\t\t\t\t\t\t<div class=\"elementor-element elementor-element-9576154 elementor-widget elementor-widget-heading\" data-id=\"9576154\" data-element_type=\"widget\" data-widget_type=\"heading.default\">\n\t\t\t\t<div class=\"elementor-widget-container\">\n\t\t\t\t\t<h2 class=\"elementor-heading-title elementor-size-default\">Una plataforma de impacto y representaci\u00f3n\n<\/h2>\t\t\t\t<\/div>\n\t\t\t\t<\/div>\n\t\t\t\t<div class=\"elementor-element elementor-element-500981c elementor-widget elementor-widget-text-editor\" data-id=\"500981c\" data-element_type=\"widget\" data-widget_type=\"text-editor.default\">\n\t\t\t\t<div class=\"elementor-widget-container\">\n\t\t\t\t\t\t\t\t\t<p>M\u00e1s all\u00e1 de las apariencias, Miss Universo Belice 2025 se est\u00e1 estableciendo como una aut\u00e9ntica plataforma de expresi\u00f3n. Al dar visibilidad a voces j\u00f3venes y diversas, el concurso est\u00e1 contribuyendo a un cambio de paradigma: las reinas de la belleza ya no son juzgadas \u00fanicamente por su aspecto, sino por su capacidad para transmitir mensajes poderosos y encarnar causas. <\/p><p>Isabella Zabaneh lo ha comprendido y ha hecho de ello su misi\u00f3n. En sus primeros discursos, hizo hincapi\u00e9 en la importancia de que los j\u00f3venes reciban formaci\u00f3n, sean escuchados y participen. Su ambici\u00f3n es poner de relieve los retos a los que se enfrentan los j\u00f3venes belice\u00f1os, sobre todo en las zonas rurales, y forjar asociaciones con instituciones educativas y medioambientales.  <\/p>\t\t\t\t\t\t\t\t<\/div>\n\t\t\t\t<\/div>\n\t\t\t\t<div class=\"elementor-element elementor-element-38f6e2c elementor-widget elementor-widget-text-editor\" data-id=\"38f6e2c\" data-element_type=\"widget\" data-widget_type=\"text-editor.default\">\n\t\t\t\t<div class=\"elementor-widget-container\">\n\t\t\t\t\t\t\t\t\t<p><a href=\"https:\/\/www.facebook.com\/missuniversebelizeofficial\/\" target=\"_blank\" rel=\"noopener nofollow\">Miss Universo Belice 2025<\/a> se convierte as\u00ed en una palanca para la acci\u00f3n, un canal de esperanza para todos aquellos que, m\u00e1s all\u00e1 de los fastos, quieren creer en un futuro solidario y audaz.<\/p>\t\t\t\t\t\t\t\t<\/div>\n\t\t\t\t<\/div>\n\t\t\t\t<section class=\"elementor-section elementor-inner-section elementor-element elementor-element-fe92489 elementor-section-boxed elementor-section-height-default elementor-section-height-default\" data-id=\"fe92489\" data-element_type=\"section\">\n\t\t\t\t\t\t<div class=\"elementor-container elementor-column-gap-default\">\n\t\t\t\t\t<div class=\"elementor-column elementor-col-100 elementor-inner-column elementor-element elementor-element-79f598b\" data-id=\"79f598b\" data-element_type=\"column\">\n\t\t\t<div class=\"elementor-widget-wrap elementor-element-populated\">\n\t\t\t\t\t\t<div class=\"elementor-element elementor-element-22ff1ca elementor-widget elementor-widget-image\" data-id=\"22ff1ca\" data-element_type=\"widget\" data-widget_type=\"image.default\">\n\t\t\t\t<div class=\"elementor-widget-container\">\n\t\t\t\t\t\t\t\t\t\t\t\t\t\t\t<img loading=\"lazy\" decoding=\"async\" width=\"800\" height=\"600\" src=\"https:\/\/richeskarayib.com\/wp-content\/uploads\/2025\/06\/Miss-Universe-Belize-Official-5-1024x768.jpg\" class=\"attachment-large size-large wp-image-55844\" alt=\"Miss Universe Belize 2025\" srcset=\"https:\/\/richeskarayib.com\/wp-content\/uploads\/2025\/06\/Miss-Universe-Belize-Official-5-1024x768.jpg 1024w, https:\/\/richeskarayib.com\/wp-content\/uploads\/2025\/06\/Miss-Universe-Belize-Official-5-300x225.jpg 300w, https:\/\/richeskarayib.com\/wp-content\/uploads\/2025\/06\/Miss-Universe-Belize-Official-5-768x576.jpg 768w, https:\/\/richeskarayib.com\/wp-content\/uploads\/2025\/06\/Miss-Universe-Belize-Official-5-1536x1152.jpg 1536w, https:\/\/richeskarayib.com\/wp-content\/uploads\/2025\/06\/Miss-Universe-Belize-Official-5-1320x990.jpg 1320w, https:\/\/richeskarayib.com\/wp-content\/uploads\/2025\/06\/Miss-Universe-Belize-Official-5.jpg 2048w\" sizes=\"(max-width: 800px) 100vw, 800px\" \/>\t\t\t\t\t\t\t\t\t\t\t\t\t\t\t<\/div>\n\t\t\t\t<\/div>\n\t\t\t\t\t<\/div>\n\t\t<\/div>\n\t\t\t\t\t<\/div>\n\t\t<\/section>\n\t\t\t\t\t<\/div>\n\t\t<\/div>\n\t\t\t\t\t<\/div>\n\t\t<\/section>\n\t\t\t\t<section class=\"elementor-section elementor-top-section elementor-element elementor-element-2fc67c8 elementor-section-boxed elementor-section-height-default elementor-section-height-default\" data-id=\"2fc67c8\" data-element_type=\"section\">\n\t\t\t\t\t\t<div class=\"elementor-container elementor-column-gap-default\">\n\t\t\t\t\t<div class=\"elementor-column elementor-col-100 elementor-top-column elementor-element elementor-element-f4b6dcd\" data-id=\"f4b6dcd\" data-element_type=\"column\">\n\t\t\t<div class=\"elementor-widget-wrap elementor-element-populated\">\n\t\t\t\t\t\t<div class=\"elementor-element elementor-element-85c8d39 elementor-widget elementor-widget-heading\" data-id=\"85c8d39\" data-element_type=\"widget\" data-widget_type=\"heading.default\">\n\t\t\t\t<div class=\"elementor-widget-container\">\n\t\t\t\t\t<h2 class=\"elementor-heading-title elementor-size-default\">Un embajador que lleve bien alto los colores del pa\u00eds<\/h2>\t\t\t\t<\/div>\n\t\t\t\t<\/div>\n\t\t\t\t<div class=\"elementor-element elementor-element-2ef6e8b elementor-widget elementor-widget-text-editor\" data-id=\"2ef6e8b\" data-element_type=\"widget\" data-widget_type=\"text-editor.default\">\n\t\t\t\t<div class=\"elementor-widget-container\">\n\t\t\t\t\t\t\t\t\t<p>Dentro de unos meses, Isabella Zabaneh representar\u00e1 a Belice en el certamen Miss Universo Internacional de Tailandia. Un gran reto, pero tambi\u00e9n una fant\u00e1stica oportunidad para promocionar los activos del pa\u00eds. Porque a trav\u00e9s de ella se est\u00e1 exportando todo un pa\u00eds: sus tradiciones, sus lenguas, su m\u00fasica, sus paisajes, su esp\u00edritu de resiliencia.  <\/p><p>Miss Universo Belice 2025 es algo m\u00e1s que un concurso local: es una herramienta estrat\u00e9gica de divulgaci\u00f3n. La exposici\u00f3n medi\u00e1tica que rodea a la ganadora atrae la atenci\u00f3n sobre Belice, estimula el turismo, refuerza la diplomacia cultural e inspira vocaciones. <\/p>\t\t\t\t\t\t\t\t<\/div>\n\t\t\t\t<\/div>\n\t\t\t\t<div class=\"elementor-element elementor-element-0d9eef0 elementor-widget elementor-widget-text-editor\" data-id=\"0d9eef0\" data-element_type=\"widget\" data-widget_type=\"text-editor.default\">\n\t\t\t\t<div class=\"elementor-widget-container\">\n\t\t\t\t\t\t\t\t\t<p>El gobierno, las empresas y las organizaciones de la sociedad civil consideran que se trata de una oportunidad \u00fanica para posicionar al pa\u00eds como modelo de diversidad pac\u00edfica, liderazgo femenino y compromiso \u00e9tico.<\/p>\t\t\t\t\t\t\t\t<\/div>\n\t\t\t\t<\/div>\n\t\t\t\t<div class=\"elementor-element elementor-element-a171b65 elementor-widget elementor-widget-image\" data-id=\"a171b65\" data-element_type=\"widget\" data-widget_type=\"image.default\">\n\t\t\t\t<div class=\"elementor-widget-container\">\n\t\t\t\t\t\t\t\t\t\t\t\t\t\t\t<img loading=\"lazy\" decoding=\"async\" width=\"526\" height=\"701\" src=\"https:\/\/richeskarayib.com\/wp-content\/uploads\/2025\/06\/Miss-Universe-Belize-Official-12.jpg\" class=\"attachment-large size-large wp-image-55848\" alt=\"Miss Universe Belize 2025\" srcset=\"https:\/\/richeskarayib.com\/wp-content\/uploads\/2025\/06\/Miss-Universe-Belize-Official-12.jpg 526w, https:\/\/richeskarayib.com\/wp-content\/uploads\/2025\/06\/Miss-Universe-Belize-Official-12-225x300.jpg 225w\" sizes=\"(max-width: 526px) 100vw, 526px\" \/>\t\t\t\t\t\t\t\t\t\t\t\t\t\t\t<\/div>\n\t\t\t\t<\/div>\n\t\t\t\t\t<\/div>\n\t\t<\/div>\n\t\t\t\t\t<\/div>\n\t\t<\/section>\n\t\t\t\t<section class=\"elementor-section elementor-top-section elementor-element elementor-element-afedb2b elementor-section-boxed elementor-section-height-default elementor-section-height-default\" data-id=\"afedb2b\" data-element_type=\"section\">\n\t\t\t\t\t\t<div class=\"elementor-container elementor-column-gap-default\">\n\t\t\t\t\t<div class=\"elementor-column elementor-col-100 elementor-top-column elementor-element elementor-element-8cac70c\" data-id=\"8cac70c\" data-element_type=\"column\">\n\t\t\t<div class=\"elementor-widget-wrap elementor-element-populated\">\n\t\t\t\t\t\t<div class=\"elementor-element elementor-element-7db8360 elementor-widget elementor-widget-heading\" data-id=\"7db8360\" data-element_type=\"widget\" data-widget_type=\"heading.default\">\n\t\t\t\t<div class=\"elementor-widget-container\">\n\t\t\t\t\t<h2 class=\"elementor-heading-title elementor-size-default\">Una generaci\u00f3n dispuesta a implicarse<\/h2>\t\t\t\t<\/div>\n\t\t\t\t<\/div>\n\t\t\t\t<div class=\"elementor-element elementor-element-d923f97 elementor-widget elementor-widget-text-editor\" data-id=\"d923f97\" data-element_type=\"widget\" data-widget_type=\"text-editor.default\">\n\t\t\t\t<div class=\"elementor-widget-container\">\n\t\t\t\t\t\t\t\t\t<p>El entusiasmo que rodea a Miss Universo Belice 2025 revela una sociedad cambiante. Los j\u00f3venes del pa\u00eds, conectados, diversos y ambiciosos, quieren opinar e influir en las decisiones. Reclaman un lugar en los debates que les conciernen: medio ambiente, educaci\u00f3n, igualdad, cultura y empleo.  <\/p><p>De este modo, el concurso se convierte en una revelaci\u00f3n de las aspiraciones colectivas. La personalidad y la trayectoria profesional de Isabella lo ilustran. Ella demuestra que es posible estar arraigada en las propias ra\u00edces y a la vez tener una mentalidad internacional, que es posible combinar elegancia e impacto.  <\/p>\t\t\t\t\t\t\t\t<\/div>\n\t\t\t\t<\/div>\n\t\t\t\t<section class=\"elementor-section elementor-inner-section elementor-element elementor-element-b757b0d elementor-section-boxed elementor-section-height-default elementor-section-height-default\" data-id=\"b757b0d\" data-element_type=\"section\">\n\t\t\t\t\t\t<div class=\"elementor-container elementor-column-gap-default\">\n\t\t\t\t\t<div class=\"elementor-column elementor-col-100 elementor-inner-column elementor-element elementor-element-b7e3e0f\" data-id=\"b7e3e0f\" data-element_type=\"column\">\n\t\t\t<div class=\"elementor-widget-wrap elementor-element-populated\">\n\t\t\t\t\t\t<div class=\"elementor-element elementor-element-2d0cbdf elementor-widget elementor-widget-image\" data-id=\"2d0cbdf\" data-element_type=\"widget\" data-widget_type=\"image.default\">\n\t\t\t\t<div class=\"elementor-widget-container\">\n\t\t\t\t\t\t\t\t\t\t\t\t\t\t\t<img loading=\"lazy\" decoding=\"async\" width=\"768\" height=\"1024\" src=\"https:\/\/richeskarayib.com\/wp-content\/uploads\/2025\/06\/Miss-Universe-Belize-Official-13-768x1024.jpg\" class=\"attachment-large size-large wp-image-55852\" alt=\"Miss Universe Belize 2025\" srcset=\"https:\/\/richeskarayib.com\/wp-content\/uploads\/2025\/06\/Miss-Universe-Belize-Official-13-768x1024.jpg 768w, https:\/\/richeskarayib.com\/wp-content\/uploads\/2025\/06\/Miss-Universe-Belize-Official-13-225x300.jpg 225w, https:\/\/richeskarayib.com\/wp-content\/uploads\/2025\/06\/Miss-Universe-Belize-Official-13-1152x1536.jpg 1152w, https:\/\/richeskarayib.com\/wp-content\/uploads\/2025\/06\/Miss-Universe-Belize-Official-13-1320x1760.jpg 1320w, https:\/\/richeskarayib.com\/wp-content\/uploads\/2025\/06\/Miss-Universe-Belize-Official-13.jpg 1440w\" sizes=\"(max-width: 768px) 100vw, 768px\" \/>\t\t\t\t\t\t\t\t\t\t\t\t\t\t\t<\/div>\n\t\t\t\t<\/div>\n\t\t\t\t\t<\/div>\n\t\t<\/div>\n\t\t\t\t\t<\/div>\n\t\t<\/section>\n\t\t\t\t\t<\/div>\n\t\t<\/div>\n\t\t\t\t\t<\/div>\n\t\t<\/section>\n\t\t\t\t<section class=\"elementor-section elementor-top-section elementor-element elementor-element-3cbf97a elementor-section-boxed elementor-section-height-default elementor-section-height-default\" data-id=\"3cbf97a\" data-element_type=\"section\">\n\t\t\t\t\t\t<div class=\"elementor-container elementor-column-gap-default\">\n\t\t\t\t\t<div class=\"elementor-column elementor-col-100 elementor-top-column elementor-element elementor-element-d294910\" data-id=\"d294910\" data-element_type=\"column\">\n\t\t\t<div class=\"elementor-widget-wrap elementor-element-populated\">\n\t\t\t\t\t\t<div class=\"elementor-element elementor-element-a68573b elementor-widget elementor-widget-heading\" data-id=\"a68573b\" data-element_type=\"widget\" data-widget_type=\"heading.default\">\n\t\t\t\t<div class=\"elementor-widget-container\">\n\t\t\t\t\t<h2 class=\"elementor-heading-title elementor-size-default\">Unas elecciones que abren un nuevo cap\u00edtulo<\/h2>\t\t\t\t<\/div>\n\t\t\t\t<\/div>\n\t\t\t\t<div class=\"elementor-element elementor-element-f981fc2 elementor-widget elementor-widget-text-editor\" data-id=\"f981fc2\" data-element_type=\"widget\" data-widget_type=\"text-editor.default\">\n\t\t\t\t<div class=\"elementor-widget-container\">\n\t\t\t\t\t\t\t\t\t<p>Miss Universo Belice 2025 pasar\u00e1 a la historia como un acontecimiento fundamental. No s\u00f3lo hizo brillar los focos sobre una joven excepcional, sino que tambi\u00e9n elev\u00f3 el perfil de un concurso que durante mucho tiempo se hab\u00eda reducido a meras apariencias. Con Isabella Zabaneh, Belice tiene una embajadora que combina inteligencia, humanidad e influencia.  <\/p><p>A trav\u00e9s de ella, toda una generaci\u00f3n se siente representada, animada y preparada para escribir las pr\u00f3ximas p\u00e1ginas de la historia nacional. La corona ya no es s\u00f3lo un s\u00edmbolo de belleza: se ha convertido en la diadema de una visi\u00f3n, la de un Belice audaz, abierto y resueltamente volcado hacia el futuro. <\/p>\t\t\t\t\t\t\t\t<\/div>\n\t\t\t\t<\/div>\n\t\t\t\t<div class=\"elementor-element elementor-element-60acf52 elementor-widget elementor-widget-image\" data-id=\"60acf52\" data-element_type=\"widget\" data-widget_type=\"image.default\">\n\t\t\t\t<div class=\"elementor-widget-container\">\n\t\t\t\t\t\t\t\t\t\t\t\t\t\t\t<img loading=\"lazy\" decoding=\"async\" width=\"578\" height=\"1024\" src=\"https:\/\/richeskarayib.com\/wp-content\/uploads\/2025\/06\/504723510_17924596677095385_6928446804530646006_n-578x1024.jpg\" class=\"attachment-large size-large wp-image-55856\" alt=\"Miss Universe Belize 2025\" srcset=\"https:\/\/richeskarayib.com\/wp-content\/uploads\/2025\/06\/504723510_17924596677095385_6928446804530646006_n-578x1024.jpg 578w, https:\/\/richeskarayib.com\/wp-content\/uploads\/2025\/06\/504723510_17924596677095385_6928446804530646006_n-169x300.jpg 169w, https:\/\/richeskarayib.com\/wp-content\/uploads\/2025\/06\/504723510_17924596677095385_6928446804530646006_n-768x1361.jpg 768w, https:\/\/richeskarayib.com\/wp-content\/uploads\/2025\/06\/504723510_17924596677095385_6928446804530646006_n-867x1536.jpg 867w, https:\/\/richeskarayib.com\/wp-content\/uploads\/2025\/06\/504723510_17924596677095385_6928446804530646006_n.jpg 950w\" sizes=\"(max-width: 578px) 100vw, 578px\" \/>\t\t\t\t\t\t\t\t\t\t\t\t\t\t\t<\/div>\n\t\t\t\t<\/div>\n\t\t\t\t\t<\/div>\n\t\t<\/div>\n\t\t\t\t\t<\/div>\n\t\t<\/section>\n\t\t\t\t<\/div>\n\t\t","protected":false},"excerpt":{"rendered":"<p>Una elecci\u00f3n que va m\u00e1s all\u00e1 de la competici\u00f3n Miss Universo Belice 2025. M\u00e1s que un concurso de belleza, esta edici\u00f3n marca un hito importante para Belice. Al coronar a Isabella Zabaneh, el pa\u00eds no s\u00f3lo ha elegido a una representante para la escena internacional: se ha reconocido en una joven con profundos valores, una [&hellip;]<\/p>\n","protected":false},"author":662,"featured_media":55752,"comment_status":"open","ping_status":"open","sticky":false,"template":"","format":"standard","meta":{"_acf_changed":false,"footnotes":""},"categories":[796,1502],"tags":[1564],"class_list":["post-55858","post","type-post","status-publish","format-standard","has-post-thumbnail","hentry","category-fashion","category-moda","tag-belice"],"acf":[],"_links":{"self":[{"href":"https:\/\/richeskarayib.com\/es\/wp-json\/wp\/v2\/posts\/55858","targetHints":{"allow":["GET"]}}],"collection":[{"href":"https:\/\/richeskarayib.com\/es\/wp-json\/wp\/v2\/posts"}],"about":[{"href":"https:\/\/richeskarayib.com\/es\/wp-json\/wp\/v2\/types\/post"}],"author":[{"embeddable":true,"href":"https:\/\/richeskarayib.com\/es\/wp-json\/wp\/v2\/users\/662"}],"replies":[{"embeddable":true,"href":"https:\/\/richeskarayib.com\/es\/wp-json\/wp\/v2\/comments?post=55858"}],"version-history":[{"count":0,"href":"https:\/\/richeskarayib.com\/es\/wp-json\/wp\/v2\/posts\/55858\/revisions"}],"wp:featuredmedia":[{"embeddable":true,"href":"https:\/\/richeskarayib.com\/es\/wp-json\/wp\/v2\/media\/55752"}],"wp:attachment":[{"href":"https:\/\/richeskarayib.com\/es\/wp-json\/wp\/v2\/media?parent=55858"}],"wp:term":[{"taxonomy":"category","embeddable":true,"href":"https:\/\/richeskarayib.com\/es\/wp-json\/wp\/v2\/categories?post=55858"},{"taxonomy":"post_tag","embeddable":true,"href":"https:\/\/richeskarayib.com\/es\/wp-json\/wp\/v2\/tags?post=55858"}],"curies":[{"name":"wp","href":"https:\/\/api.w.org\/{rel}","templated":true}]}}