{"id":56103,"date":"2025-07-02T07:17:49","date_gmt":"2025-07-02T11:17:49","guid":{"rendered":"https:\/\/richeskarayib.com\/guadalupe-puerto-de-jarry-guadalupe-tres-porticos-xl-para-una-gran-transicion-logistica-y-territorial\/"},"modified":"2025-07-02T07:17:50","modified_gmt":"2025-07-02T11:17:50","slug":"guadalupe-puerto-de-jarry-guadalupe-tres-porticos-xl-para-una-gran-transicion-logistica-y-territorial","status":"publish","type":"post","link":"https:\/\/richeskarayib.com\/es\/guadalupe-puerto-de-jarry-guadalupe-tres-porticos-xl-para-una-gran-transicion-logistica-y-territorial\/","title":{"rendered":"Guadalupe &#8211; Puerto de Jarry Guadalupe: tres p\u00f3rticos XL para una gran transici\u00f3n log\u00edstica y territorial."},"content":{"rendered":"\t\t<div data-elementor-type=\"wp-post\" data-elementor-id=\"56103\" class=\"elementor elementor-56103 elementor-56065\" data-elementor-post-type=\"post\">\n\t\t\t\t\t\t<section class=\"elementor-section elementor-top-section elementor-element elementor-element-34e72cf elementor-section-boxed elementor-section-height-default elementor-section-height-default\" data-id=\"34e72cf\" data-element_type=\"section\">\n\t\t\t\t\t\t<div class=\"elementor-container elementor-column-gap-default\">\n\t\t\t\t\t<div class=\"elementor-column elementor-col-100 elementor-top-column elementor-element elementor-element-6d7868a\" data-id=\"6d7868a\" data-element_type=\"column\">\n\t\t\t<div class=\"elementor-widget-wrap elementor-element-populated\">\n\t\t\t\t\t\t<div class=\"elementor-element elementor-element-25340a1 elementor-widget elementor-widget-text-editor\" data-id=\"25340a1\" data-element_type=\"widget\" data-widget_type=\"text-editor.default\">\n\t\t\t\t<div class=\"elementor-widget-container\">\n\t\t\t\t\t\t\t\t\t<p><a href=\"https:\/\/la1ere.franceinfo.fr\/guadeloupe\/trois-nouveaux-portiques-xl-pour-le-grand-port-maritime-de-guadeloupe-un-bond-vers-la-performance-et-la-decarbonation-1600575.html\" target=\"_blank\" rel=\"noopener nofollow\"><strong>El<\/strong> <b>puerto de Jarry Guadalupe<\/b><\/a> ha dado un gran paso estrat\u00e9gico con la llegada de tres gr\u00faas p\u00f3rtico XL de nueva generaci\u00f3n. Entregado el 30 de junio de 2025 a bordo del buque CY Interocean II, este equipamiento simboliza mucho m\u00e1s que un simple salto tecnol\u00f3gico: marca la entrada concreta del territorio en una l\u00f3gica de rendimiento, soberan\u00eda log\u00edstica y transici\u00f3n energ\u00e9tica, en un momento en que los flujos mar\u00edtimos mundiales son cada vez m\u00e1s complejos, tensos y geopol\u00edticamente sensibles. <\/p>\t\t\t\t\t\t\t\t<\/div>\n\t\t\t\t<\/div>\n\t\t\t\t\t<\/div>\n\t\t<\/div>\n\t\t\t\t\t<\/div>\n\t\t<\/section>\n\t\t\t\t<section class=\"elementor-section elementor-top-section elementor-element elementor-element-3756bbb elementor-section-boxed elementor-section-height-default elementor-section-height-default\" data-id=\"3756bbb\" data-element_type=\"section\">\n\t\t\t\t\t\t<div class=\"elementor-container elementor-column-gap-default\">\n\t\t\t\t\t<div class=\"elementor-column elementor-col-100 elementor-top-column elementor-element elementor-element-df79712\" data-id=\"df79712\" data-element_type=\"column\">\n\t\t\t<div class=\"elementor-widget-wrap elementor-element-populated\">\n\t\t\t\t\t\t<div class=\"elementor-element elementor-element-782f801 elementor-widget elementor-widget-heading\" data-id=\"782f801\" data-element_type=\"widget\" data-widget_type=\"heading.default\">\n\t\t\t\t<div class=\"elementor-widget-container\">\n\t\t\t\t\t<h2 class=\"elementor-heading-title elementor-size-default\">Una maniobra espectacular y altamente estrat\u00e9gica\n<\/h2>\t\t\t\t<\/div>\n\t\t\t\t<\/div>\n\t\t\t\t<section class=\"elementor-section elementor-inner-section elementor-element elementor-element-756e7fb elementor-section-boxed elementor-section-height-default elementor-section-height-default\" data-id=\"756e7fb\" data-element_type=\"section\">\n\t\t\t\t\t\t<div class=\"elementor-container elementor-column-gap-default\">\n\t\t\t\t\t<div class=\"elementor-column elementor-col-100 elementor-inner-column elementor-element elementor-element-dd1326d\" data-id=\"dd1326d\" data-element_type=\"column\">\n\t\t\t<div class=\"elementor-widget-wrap elementor-element-populated\">\n\t\t\t\t\t\t<div class=\"elementor-element elementor-element-81e63b5 elementor-widget elementor-widget-text-editor\" data-id=\"81e63b5\" data-element_type=\"widget\" data-widget_type=\"text-editor.default\">\n\t\t\t\t<div class=\"elementor-widget-container\">\n\t\t\t\t\t\t\t\t\t<p>El convoy parti\u00f3 de Cobh (Irlanda) el 15 de junio. Quince d\u00edas despu\u00e9s, una silueta maciza e impresionante apareci\u00f3 en el horizonte del Gran Puerto Mar\u00edtimo, atrayendo la atenci\u00f3n de profesionales y ciudadanos por igual. En la cubierta del CY Interocean II, tres gr\u00faas p\u00f3rtico Liebherr azules, soldadas al casco, listas para ser descargadas en una operaci\u00f3n log\u00edstica de alta precisi\u00f3n.    <\/p><p>Esta maniobra, planificada sin interrumpir el flujo de mercanc\u00edas, demuestra una maestr\u00eda t\u00e9cnica poco frecuente en <a href=\"https:\/\/richeskarayib.com\/es\/?p=46474\" target=\"_blank\" rel=\"noopener\">las Antillas francesas<\/a>. Para los agentes portuarios, esta operaci\u00f3n marca una etapa decisiva en la transformaci\u00f3n del <a href=\"https:\/\/rci.fm\/guadeloupe\/infos\/Economie\/VIDEO-Trois-nouveaux-portiques-XXL-sont-arrives-au-Grand-Port-Maritime-de-la\" target=\"_blank\" rel=\"noopener nofollow\"><b>puerto de Jarry Guadalupe<\/b><\/a>considerado el pulm\u00f3n econ\u00f3mico del archipi\u00e9lago. <\/p>\t\t\t\t\t\t\t\t<\/div>\n\t\t\t\t<\/div>\n\t\t\t\t\t<\/div>\n\t\t<\/div>\n\t\t\t\t\t<\/div>\n\t\t<\/section>\n\t\t\t\t<section class=\"elementor-section elementor-inner-section elementor-element elementor-element-1af21eb elementor-section-boxed elementor-section-height-default elementor-section-height-default\" data-id=\"1af21eb\" data-element_type=\"section\">\n\t\t\t\t\t\t<div class=\"elementor-container elementor-column-gap-default\">\n\t\t\t\t\t<div class=\"elementor-column elementor-col-100 elementor-inner-column elementor-element elementor-element-cff0c12\" data-id=\"cff0c12\" data-element_type=\"column\">\n\t\t\t<div class=\"elementor-widget-wrap elementor-element-populated\">\n\t\t\t\t\t\t<div class=\"elementor-element elementor-element-d821a1b elementor-widget elementor-widget-image\" data-id=\"d821a1b\" data-element_type=\"widget\" data-widget_type=\"image.default\">\n\t\t\t\t<div class=\"elementor-widget-container\">\n\t\t\t\t\t\t\t\t\t\t\t\t<figure class=\"wp-caption\">\n\t\t\t\t\t\t\t\t\t\t<img fetchpriority=\"high\" decoding=\"async\" width=\"800\" height=\"1000\" src=\"https:\/\/richeskarayib.com\/wp-content\/uploads\/2025\/07\/Guadeloupe-Port-Caraibes-819x1024.jpg\" class=\"attachment-large size-large wp-image-56073\" alt=\"Port de Jarry Guadeloupe\" srcset=\"https:\/\/richeskarayib.com\/wp-content\/uploads\/2025\/07\/Guadeloupe-Port-Caraibes-819x1024.jpg 819w, https:\/\/richeskarayib.com\/wp-content\/uploads\/2025\/07\/Guadeloupe-Port-Caraibes-240x300.jpg 240w, https:\/\/richeskarayib.com\/wp-content\/uploads\/2025\/07\/Guadeloupe-Port-Caraibes-768x960.jpg 768w, https:\/\/richeskarayib.com\/wp-content\/uploads\/2025\/07\/Guadeloupe-Port-Caraibes.jpg 1080w\" sizes=\"(max-width: 800px) 100vw, 800px\" \/>\t\t\t\t\t\t\t\t\t\t\t<figcaption class=\"widget-image-caption wp-caption-text\">Port de Jarry Guadeloupe\n<\/figcaption>\n\t\t\t\t\t\t\t\t\t\t<\/figure>\n\t\t\t\t\t\t\t\t\t<\/div>\n\t\t\t\t<\/div>\n\t\t\t\t\t<\/div>\n\t\t<\/div>\n\t\t\t\t\t<\/div>\n\t\t<\/section>\n\t\t\t\t\t<\/div>\n\t\t<\/div>\n\t\t\t\t\t<\/div>\n\t\t<\/section>\n\t\t\t\t<section class=\"elementor-section elementor-top-section elementor-element elementor-element-5b928cf elementor-section-boxed elementor-section-height-default elementor-section-height-default\" data-id=\"5b928cf\" data-element_type=\"section\">\n\t\t\t\t\t\t<div class=\"elementor-container elementor-column-gap-default\">\n\t\t\t\t\t<div class=\"elementor-column elementor-col-100 elementor-top-column elementor-element elementor-element-587c274\" data-id=\"587c274\" data-element_type=\"column\">\n\t\t\t<div class=\"elementor-widget-wrap elementor-element-populated\">\n\t\t\t\t\t\t<div class=\"elementor-element elementor-element-2047da4 elementor-widget elementor-widget-heading\" data-id=\"2047da4\" data-element_type=\"widget\" data-widget_type=\"heading.default\">\n\t\t\t\t<div class=\"elementor-widget-container\">\n\t\t\t\t\t<h2 class=\"elementor-heading-title elementor-size-default\">Mejora de nuestra gama t\u00e9cnica para responder a los retos del tr\u00e1fico mar\u00edtimo<\/h2>\t\t\t\t<\/div>\n\t\t\t\t<\/div>\n\t\t\t\t<section class=\"elementor-section elementor-inner-section elementor-element elementor-element-1c6c714 elementor-section-boxed elementor-section-height-default elementor-section-height-default\" data-id=\"1c6c714\" data-element_type=\"section\">\n\t\t\t\t\t\t<div class=\"elementor-container elementor-column-gap-default\">\n\t\t\t\t\t<div class=\"elementor-column elementor-col-100 elementor-inner-column elementor-element elementor-element-395ba6a\" data-id=\"395ba6a\" data-element_type=\"column\">\n\t\t\t<div class=\"elementor-widget-wrap elementor-element-populated\">\n\t\t\t\t\t\t<div class=\"elementor-element elementor-element-994871c elementor-widget elementor-widget-text-editor\" data-id=\"994871c\" data-element_type=\"widget\" data-widget_type=\"text-editor.default\">\n\t\t\t\t<div class=\"elementor-widget-container\">\n\t\t\t\t\t\t\t\t\t<p>Fabricadas por el grupo alem\u00e1n Liebherr, estas gr\u00faas p\u00f3rtico tienen un alcance de 30 metros y pueden elevar hasta 75 toneladas en modo twin-lift, es decir, dos contenedores pesados simult\u00e1neamente. Este nivel de prestaciones responde a una necesidad: la evoluci\u00f3n constante del tr\u00e1fico mar\u00edtimo, con buques cada vez m\u00e1s largos, altos y pesados, y a menudo m\u00e1s respetuosos con las normas medioambientales. Para el <a href=\"https:\/\/www.karibinfo.com\/news\/guadeloupe-trois-nouveaux-portiques-pour-le-grand-port-maritime\/\" target=\"_blank\" rel=\"noopener nofollow\"><b>puerto de Jarry Guadalupe<\/b><\/a>Para el puerto de Jarry Guadalupe, este paso al nivel superior significa que puede absorber el aumento de tonelaje previsto, reduciendo al mismo tiempo los tiempos de manipulaci\u00f3n de los buques.    <\/p><p>Se optimizar\u00e1n las tarifas de manipulaci\u00f3n, se reducir\u00e1n los plazos log\u00edsticos y se mejorar\u00e1 la capacidad operativa. Se trata de un verdadero punto de inflexi\u00f3n, que los operadores de mercanc\u00edas y los transportistas llevan varios a\u00f1os esperando, as\u00ed como las empresas que dependen de la fluidez de los suministros. <\/p>\t\t\t\t\t\t\t\t<\/div>\n\t\t\t\t<\/div>\n\t\t\t\t\t<\/div>\n\t\t<\/div>\n\t\t\t\t\t<\/div>\n\t\t<\/section>\n\t\t\t\t<section class=\"elementor-section elementor-inner-section elementor-element elementor-element-5936e11 elementor-section-boxed elementor-section-height-default elementor-section-height-default\" data-id=\"5936e11\" data-element_type=\"section\">\n\t\t\t\t\t\t<div class=\"elementor-container elementor-column-gap-default\">\n\t\t\t\t\t<div class=\"elementor-column elementor-col-50 elementor-inner-column elementor-element elementor-element-a9de538\" data-id=\"a9de538\" data-element_type=\"column\">\n\t\t\t<div class=\"elementor-widget-wrap elementor-element-populated\">\n\t\t\t\t\t\t<div class=\"elementor-element elementor-element-7077cbe elementor-widget elementor-widget-image\" data-id=\"7077cbe\" data-element_type=\"widget\" data-widget_type=\"image.default\">\n\t\t\t\t<div class=\"elementor-widget-container\">\n\t\t\t\t\t\t\t\t\t\t\t\t<figure class=\"wp-caption\">\n\t\t\t\t\t\t\t\t\t\t<img decoding=\"async\" width=\"800\" height=\"583\" src=\"https:\/\/richeskarayib.com\/wp-content\/uploads\/2025\/07\/France-Antilles.jpg\" class=\"attachment-large size-large wp-image-56081\" alt=\"Port de Jarry Guadeloupe\" srcset=\"https:\/\/richeskarayib.com\/wp-content\/uploads\/2025\/07\/France-Antilles.jpg 1000w, https:\/\/richeskarayib.com\/wp-content\/uploads\/2025\/07\/France-Antilles-300x219.jpg 300w, https:\/\/richeskarayib.com\/wp-content\/uploads\/2025\/07\/France-Antilles-768x560.jpg 768w\" sizes=\"(max-width: 800px) 100vw, 800px\" \/>\t\t\t\t\t\t\t\t\t\t\t<figcaption class=\"widget-image-caption wp-caption-text\">\u00a9France-Antilles<\/figcaption>\n\t\t\t\t\t\t\t\t\t\t<\/figure>\n\t\t\t\t\t\t\t\t\t<\/div>\n\t\t\t\t<\/div>\n\t\t\t\t\t<\/div>\n\t\t<\/div>\n\t\t\t\t<div class=\"elementor-column elementor-col-50 elementor-inner-column elementor-element elementor-element-1f23004\" data-id=\"1f23004\" data-element_type=\"column\">\n\t\t\t<div class=\"elementor-widget-wrap elementor-element-populated\">\n\t\t\t\t\t\t<div class=\"elementor-element elementor-element-4212c11 elementor-widget elementor-widget-image\" data-id=\"4212c11\" data-element_type=\"widget\" data-widget_type=\"image.default\">\n\t\t\t\t<div class=\"elementor-widget-container\">\n\t\t\t\t\t\t\t\t\t\t\t\t<figure class=\"wp-caption\">\n\t\t\t\t\t\t\t\t\t\t<img decoding=\"async\" width=\"800\" height=\"567\" src=\"https:\/\/richeskarayib.com\/wp-content\/uploads\/2025\/07\/France-Antilles-2.jpg\" class=\"attachment-large size-large wp-image-56077\" alt=\"Port de Jarry Guadeloupe\" srcset=\"https:\/\/richeskarayib.com\/wp-content\/uploads\/2025\/07\/France-Antilles-2.jpg 1000w, https:\/\/richeskarayib.com\/wp-content\/uploads\/2025\/07\/France-Antilles-2-300x213.jpg 300w, https:\/\/richeskarayib.com\/wp-content\/uploads\/2025\/07\/France-Antilles-2-768x545.jpg 768w\" sizes=\"(max-width: 800px) 100vw, 800px\" \/>\t\t\t\t\t\t\t\t\t\t\t<figcaption class=\"widget-image-caption wp-caption-text\">\u00a9<\/figcaption>\n\t\t\t\t\t\t\t\t\t\t<\/figure>\n\t\t\t\t\t\t\t\t\t<\/div>\n\t\t\t\t<\/div>\n\t\t\t\t\t<\/div>\n\t\t<\/div>\n\t\t\t\t\t<\/div>\n\t\t<\/section>\n\t\t\t\t<section class=\"elementor-section elementor-inner-section elementor-element elementor-element-c51c1e9 elementor-section-boxed elementor-section-height-default elementor-section-height-default\" data-id=\"c51c1e9\" data-element_type=\"section\">\n\t\t\t\t\t\t<div class=\"elementor-container elementor-column-gap-default\">\n\t\t\t\t\t\t<\/div>\n\t\t<\/section>\n\t\t\t\t\t<\/div>\n\t\t<\/div>\n\t\t\t\t\t<\/div>\n\t\t<\/section>\n\t\t\t\t<section class=\"elementor-section elementor-top-section elementor-element elementor-element-7ca7ca1 elementor-section-boxed elementor-section-height-default elementor-section-height-default\" data-id=\"7ca7ca1\" data-element_type=\"section\">\n\t\t\t\t\t\t<div class=\"elementor-container elementor-column-gap-default\">\n\t\t\t\t\t<div class=\"elementor-column elementor-col-100 elementor-top-column elementor-element elementor-element-cbdd002\" data-id=\"cbdd002\" data-element_type=\"column\">\n\t\t\t<div class=\"elementor-widget-wrap elementor-element-populated\">\n\t\t\t\t\t\t<div class=\"elementor-element elementor-element-da17f8d elementor-widget elementor-widget-heading\" data-id=\"da17f8d\" data-element_type=\"widget\" data-widget_type=\"heading.default\">\n\t\t\t\t<div class=\"elementor-widget-container\">\n\t\t\t\t\t<h2 class=\"elementor-heading-title elementor-size-default\">Un impacto mensurable en la econom\u00eda local y en la organizaci\u00f3n log\u00edstica<\/h2>\t\t\t\t<\/div>\n\t\t\t\t<\/div>\n\t\t\t\t<section class=\"elementor-section elementor-inner-section elementor-element elementor-element-bc94849 elementor-section-boxed elementor-section-height-default elementor-section-height-default\" data-id=\"bc94849\" data-element_type=\"section\">\n\t\t\t\t\t\t<div class=\"elementor-container elementor-column-gap-default\">\n\t\t\t\t\t\t<\/div>\n\t\t<\/section>\n\t\t\t\t<section class=\"elementor-section elementor-inner-section elementor-element elementor-element-9e973f4 elementor-section-boxed elementor-section-height-default elementor-section-height-default\" data-id=\"9e973f4\" data-element_type=\"section\">\n\t\t\t\t\t\t<div class=\"elementor-container elementor-column-gap-default\">\n\t\t\t\t\t<div class=\"elementor-column elementor-col-100 elementor-inner-column elementor-element elementor-element-826b295\" data-id=\"826b295\" data-element_type=\"column\">\n\t\t\t<div class=\"elementor-widget-wrap elementor-element-populated\">\n\t\t\t\t\t\t<div class=\"elementor-element elementor-element-209c746 elementor-widget elementor-widget-text-editor\" data-id=\"209c746\" data-element_type=\"widget\" data-widget_type=\"text-editor.default\">\n\t\t\t\t<div class=\"elementor-widget-container\">\n\t\t\t\t\t\t\t\t\t<p>Esta adquisici\u00f3n representa una inversi\u00f3n de <b>40 millones de euros<\/b>, cofinanciados por la Regi\u00f3n <a href=\"https:\/\/richeskarayib.com\/es\/quebec-guadalupe-air-transat-abre-una-nueva-ruta-quebec-guadalupe-un-cambio-decisivo-para-el-turismo\/\" target=\"_blank\" rel=\"noopener\">de<\/a> Guadalupe mediante <b>fondos FEDER por valor de 7,2 millones de euros<\/b>. Es uno de los proyectos log\u00edsticos m\u00e1s importantes de la d\u00e9cada. El <b>puerto de Jarry Guadalupe<\/b>, que ya genera 2.300 empleos directos y el 7,7% de la riqueza local, ve reforzadas sus infraestructuras para apoyar a las industrias locales. Este proyecto no trata s\u00f3lo de muelles o gr\u00faas: se trata de una reconfiguraci\u00f3n global de los flujos, el almacenamiento, los tiempos de tr\u00e1nsito, la cadena de fr\u00edo y la seguridad aduanera.     <\/p><p>Tambi\u00e9n significa mejorar las competencias de nuestros equipos, con formaci\u00f3n t\u00e9cnica para los agentes de manipulaci\u00f3n, oportunidades de empleo para los j\u00f3venes en log\u00edstica y oportunidades para los subcontratistas locales. Detr\u00e1s de las cifras, hay cientos de trayectorias profesionales que pueden activarse o consolidarse. <\/p>\t\t\t\t\t\t\t\t<\/div>\n\t\t\t\t<\/div>\n\t\t\t\t\t<\/div>\n\t\t<\/div>\n\t\t\t\t\t<\/div>\n\t\t<\/section>\n\t\t\t\t<section class=\"elementor-section elementor-inner-section elementor-element elementor-element-93d0173 elementor-section-boxed elementor-section-height-default elementor-section-height-default\" data-id=\"93d0173\" data-element_type=\"section\">\n\t\t\t\t\t\t<div class=\"elementor-container elementor-column-gap-default\">\n\t\t\t\t\t<div class=\"elementor-column elementor-col-50 elementor-inner-column elementor-element elementor-element-f1050ed\" data-id=\"f1050ed\" data-element_type=\"column\">\n\t\t\t<div class=\"elementor-widget-wrap elementor-element-populated\">\n\t\t\t\t\t\t<div class=\"elementor-element elementor-element-e7a4189 elementor-widget elementor-widget-image\" data-id=\"e7a4189\" data-element_type=\"widget\" data-widget_type=\"image.default\">\n\t\t\t\t<div class=\"elementor-widget-container\">\n\t\t\t\t\t\t\t\t\t\t\t\t\t\t\t<img loading=\"lazy\" decoding=\"async\" width=\"800\" height=\"534\" src=\"https:\/\/richeskarayib.com\/wp-content\/uploads\/2025\/07\/wmremove-transformed-1.jpeg\" class=\"attachment-large size-large wp-image-56093\" alt=\"Port de Jarry Guadeloupe\" srcset=\"https:\/\/richeskarayib.com\/wp-content\/uploads\/2025\/07\/wmremove-transformed-1.jpeg 1024w, https:\/\/richeskarayib.com\/wp-content\/uploads\/2025\/07\/wmremove-transformed-1-300x200.jpeg 300w, https:\/\/richeskarayib.com\/wp-content\/uploads\/2025\/07\/wmremove-transformed-1-768x512.jpeg 768w\" sizes=\"(max-width: 800px) 100vw, 800px\" \/>\t\t\t\t\t\t\t\t\t\t\t\t\t\t\t<\/div>\n\t\t\t\t<\/div>\n\t\t\t\t\t<\/div>\n\t\t<\/div>\n\t\t\t\t<div class=\"elementor-column elementor-col-50 elementor-inner-column elementor-element elementor-element-eda398d\" data-id=\"eda398d\" data-element_type=\"column\">\n\t\t\t<div class=\"elementor-widget-wrap elementor-element-populated\">\n\t\t\t\t\t\t<div class=\"elementor-element elementor-element-ee3a79f elementor-widget elementor-widget-image\" data-id=\"ee3a79f\" data-element_type=\"widget\" data-widget_type=\"image.default\">\n\t\t\t\t<div class=\"elementor-widget-container\">\n\t\t\t\t\t\t\t\t\t\t\t\t\t\t\t<img loading=\"lazy\" decoding=\"async\" width=\"800\" height=\"553\" src=\"https:\/\/richeskarayib.com\/wp-content\/uploads\/2025\/07\/wmremove-transformed.jpeg\" class=\"attachment-large size-large wp-image-56101\" alt=\"Port de Jarry Guadeloupe\" srcset=\"https:\/\/richeskarayib.com\/wp-content\/uploads\/2025\/07\/wmremove-transformed.jpeg 1024w, https:\/\/richeskarayib.com\/wp-content\/uploads\/2025\/07\/wmremove-transformed-300x207.jpeg 300w, https:\/\/richeskarayib.com\/wp-content\/uploads\/2025\/07\/wmremove-transformed-768x531.jpeg 768w\" sizes=\"(max-width: 800px) 100vw, 800px\" \/>\t\t\t\t\t\t\t\t\t\t\t\t\t\t\t<\/div>\n\t\t\t\t<\/div>\n\t\t\t\t\t<\/div>\n\t\t<\/div>\n\t\t\t\t\t<\/div>\n\t\t<\/section>\n\t\t\t\t<section class=\"elementor-section elementor-inner-section elementor-element elementor-element-61571e6 elementor-section-boxed elementor-section-height-default elementor-section-height-default\" data-id=\"61571e6\" data-element_type=\"section\">\n\t\t\t\t\t\t<div class=\"elementor-container elementor-column-gap-default\">\n\t\t\t\t\t\t<\/div>\n\t\t<\/section>\n\t\t\t\t<section class=\"elementor-section elementor-inner-section elementor-element elementor-element-b6262e0 elementor-section-boxed elementor-section-height-default elementor-section-height-default\" data-id=\"b6262e0\" data-element_type=\"section\">\n\t\t\t\t\t\t<div class=\"elementor-container elementor-column-gap-default\">\n\t\t\t\t\t\t<\/div>\n\t\t<\/section>\n\t\t\t\t<section class=\"elementor-section elementor-inner-section elementor-element elementor-element-cca29fd elementor-section-boxed elementor-section-height-default elementor-section-height-default\" data-id=\"cca29fd\" data-element_type=\"section\">\n\t\t\t\t\t\t<div class=\"elementor-container elementor-column-gap-default\">\n\t\t\t\t\t\t<\/div>\n\t\t<\/section>\n\t\t\t\t\t<\/div>\n\t\t<\/div>\n\t\t\t\t\t<\/div>\n\t\t<\/section>\n\t\t\t\t<section class=\"elementor-section elementor-top-section elementor-element elementor-element-2bb9bde elementor-section-boxed elementor-section-height-default elementor-section-height-default\" data-id=\"2bb9bde\" data-element_type=\"section\">\n\t\t\t\t\t\t<div class=\"elementor-container elementor-column-gap-default\">\n\t\t\t\t\t<div class=\"elementor-column elementor-col-100 elementor-top-column elementor-element elementor-element-d47e98a\" data-id=\"d47e98a\" data-element_type=\"column\">\n\t\t\t<div class=\"elementor-widget-wrap elementor-element-populated\">\n\t\t\t\t\t\t<div class=\"elementor-element elementor-element-9806cc8 elementor-widget elementor-widget-heading\" data-id=\"9806cc8\" data-element_type=\"widget\" data-widget_type=\"heading.default\">\n\t\t\t\t<div class=\"elementor-widget-container\">\n\t\t\t\t\t<h2 class=\"elementor-heading-title elementor-size-default\">Soberan\u00eda alimentaria y resiliencia econ\u00f3mica: una cuesti\u00f3n vital\n<\/h2>\t\t\t\t<\/div>\n\t\t\t\t<\/div>\n\t\t\t\t<div class=\"elementor-element elementor-element-7cdf356 elementor-widget elementor-widget-text-editor\" data-id=\"7cdf356\" data-element_type=\"widget\" data-widget_type=\"text-editor.default\">\n\t\t\t\t<div class=\"elementor-widget-container\">\n\t\t\t\t\t\t\t\t\t<p>El <b>puerto de Jarry<\/b> Guadalupe manipula casi <b>el 99% de las mercanc\u00edas<\/b> consumidas en la regi\u00f3n. Esto incluye alimentos, materiales de construcci\u00f3n, medicamentos, combustible y bienes de equipo. En otras palabras, incluso una interrupci\u00f3n temporal de la actividad portuaria tendr\u00eda un impacto directo en la vida cotidiana de los guadalupe\u00f1os.  <\/p><p>  Aumentar la capacidad, facilitar las escalas y mejorar la fiabilidad de las infraestructuras significa garantizar una verdadera <b>soberan\u00eda log\u00edstica<\/b> ante riesgos clim\u00e1ticos, crisis sanitarias o tensiones geopol\u00edticas. Esta es la raz\u00f3n de ser del actual programa de modernizaci\u00f3n: proteger la regi\u00f3n mediante la robustez de sus infraestructuras, y evitar una dependencia excesiva de plataformas log\u00edsticas exteriores. <\/p>\t\t\t\t\t\t\t\t<\/div>\n\t\t\t\t<\/div>\n\t\t\t\t<div class=\"elementor-element elementor-element-c459aea elementor-widget elementor-widget-image\" data-id=\"c459aea\" data-element_type=\"widget\" data-widget_type=\"image.default\">\n\t\t\t\t<div class=\"elementor-widget-container\">\n\t\t\t\t\t\t\t\t\t\t\t\t\t\t\t<img loading=\"lazy\" decoding=\"async\" width=\"800\" height=\"534\" src=\"https:\/\/richeskarayib.com\/wp-content\/uploads\/2025\/07\/DeWatermark.ai_1751454420733.jpeg\" class=\"attachment-large size-large wp-image-56097\" alt=\"Port de Jarry Guadeloupe\" srcset=\"https:\/\/richeskarayib.com\/wp-content\/uploads\/2025\/07\/DeWatermark.ai_1751454420733.jpeg 1024w, https:\/\/richeskarayib.com\/wp-content\/uploads\/2025\/07\/DeWatermark.ai_1751454420733-300x200.jpeg 300w, https:\/\/richeskarayib.com\/wp-content\/uploads\/2025\/07\/DeWatermark.ai_1751454420733-768x512.jpeg 768w\" sizes=\"(max-width: 800px) 100vw, 800px\" \/>\t\t\t\t\t\t\t\t\t\t\t\t\t\t\t<\/div>\n\t\t\t\t<\/div>\n\t\t\t\t\t<\/div>\n\t\t<\/div>\n\t\t\t\t\t<\/div>\n\t\t<\/section>\n\t\t\t\t<section class=\"elementor-section elementor-top-section elementor-element elementor-element-0db9090 elementor-section-boxed elementor-section-height-default elementor-section-height-default\" data-id=\"0db9090\" data-element_type=\"section\">\n\t\t\t\t\t\t<div class=\"elementor-container elementor-column-gap-default\">\n\t\t\t\t\t<div class=\"elementor-column elementor-col-100 elementor-top-column elementor-element elementor-element-2296183\" data-id=\"2296183\" data-element_type=\"column\">\n\t\t\t<div class=\"elementor-widget-wrap elementor-element-populated\">\n\t\t\t\t\t\t<div class=\"elementor-element elementor-element-9576154 elementor-widget elementor-widget-heading\" data-id=\"9576154\" data-element_type=\"widget\" data-widget_type=\"heading.default\">\n\t\t\t\t<div class=\"elementor-widget-container\">\n\t\t\t\t\t<h2 class=\"elementor-heading-title elementor-size-default\">Una transici\u00f3n ecol\u00f3gica basada en la acci\u00f3n, no en la ret\u00f3rica<\/h2>\t\t\t\t<\/div>\n\t\t\t\t<\/div>\n\t\t\t\t<div class=\"elementor-element elementor-element-500981c elementor-widget elementor-widget-text-editor\" data-id=\"500981c\" data-element_type=\"widget\" data-widget_type=\"text-editor.default\">\n\t\t\t\t<div class=\"elementor-widget-container\">\n\t\t\t\t\t\t\t\t\t<p>Las tres gr\u00faas p\u00f3rtico entregadas a finales de junio tambi\u00e9n forman parte de una iniciativa para <b>descarbonizar gradualmente<\/b> el transporte mar\u00edtimo. Dise\u00f1adas para acoger a la nueva generaci\u00f3n de buques, que emiten menos CO\u2082, contribuyen a alinear el <b>Puerto de Jarry Guadalupe<\/b> con la <b>Estrategia Portuaria Nacional 2021-2050<\/b> y el <b>Programa Energ\u00e9tico Plurianual<\/b>. El objetivo es claro: abandonar el carb\u00f3n de aqu\u00ed a 2026, favorecer la llegada de combustibles alternativos (biomasa, biocombustibles) para EDF, e integrar soluciones de conexi\u00f3n el\u00e9ctrica en tierra.    <\/p><p>Adem\u00e1s de las gr\u00faas p\u00f3rtico, se est\u00e1n reorganizando los silos de graneles, las zonas de almacenamiento y los flujos de energ\u00eda para avanzar hacia un modelo portuario sostenible. En un contexto mundial de transici\u00f3n, Guadalupe est\u00e1 decidida a no quedarse atr\u00e1s. <\/p>\t\t\t\t\t\t\t\t<\/div>\n\t\t\t\t<\/div>\n\t\t\t\t<section class=\"elementor-section elementor-inner-section elementor-element elementor-element-fd9402f elementor-section-boxed elementor-section-height-default elementor-section-height-default\" data-id=\"fd9402f\" data-element_type=\"section\">\n\t\t\t\t\t\t<div class=\"elementor-container elementor-column-gap-default\">\n\t\t\t\t\t<div class=\"elementor-column elementor-col-100 elementor-inner-column elementor-element elementor-element-0a0a6ce\" data-id=\"0a0a6ce\" data-element_type=\"column\">\n\t\t\t<div class=\"elementor-widget-wrap elementor-element-populated\">\n\t\t\t\t\t\t<div class=\"elementor-element elementor-element-4105b38 elementor-widget elementor-widget-image\" data-id=\"4105b38\" data-element_type=\"widget\" data-widget_type=\"image.default\">\n\t\t\t\t<div class=\"elementor-widget-container\">\n\t\t\t\t\t\t\t\t\t\t\t\t<figure class=\"wp-caption\">\n\t\t\t\t\t\t\t\t\t\t<img loading=\"lazy\" decoding=\"async\" width=\"800\" height=\"1000\" src=\"https:\/\/richeskarayib.com\/wp-content\/uploads\/2025\/07\/Guadeloupe-Port-Caraibes-1-819x1024.jpg\" class=\"attachment-large size-large wp-image-56085\" alt=\"Port de Jarry Guadeloupe\" srcset=\"https:\/\/richeskarayib.com\/wp-content\/uploads\/2025\/07\/Guadeloupe-Port-Caraibes-1-819x1024.jpg 819w, https:\/\/richeskarayib.com\/wp-content\/uploads\/2025\/07\/Guadeloupe-Port-Caraibes-1-240x300.jpg 240w, https:\/\/richeskarayib.com\/wp-content\/uploads\/2025\/07\/Guadeloupe-Port-Caraibes-1-768x960.jpg 768w, https:\/\/richeskarayib.com\/wp-content\/uploads\/2025\/07\/Guadeloupe-Port-Caraibes-1.jpg 1080w\" sizes=\"(max-width: 800px) 100vw, 800px\" \/>\t\t\t\t\t\t\t\t\t\t\t<figcaption class=\"widget-image-caption wp-caption-text\">Guadeloupe Port Cara\u00efbes<\/figcaption>\n\t\t\t\t\t\t\t\t\t\t<\/figure>\n\t\t\t\t\t\t\t\t\t<\/div>\n\t\t\t\t<\/div>\n\t\t\t\t\t<\/div>\n\t\t<\/div>\n\t\t\t\t\t<\/div>\n\t\t<\/section>\n\t\t\t\t\t<\/div>\n\t\t<\/div>\n\t\t\t\t\t<\/div>\n\t\t<\/section>\n\t\t\t\t<section class=\"elementor-section elementor-top-section elementor-element elementor-element-e86f9e2 elementor-section-boxed elementor-section-height-default elementor-section-height-default\" data-id=\"e86f9e2\" data-element_type=\"section\">\n\t\t\t\t\t\t<div class=\"elementor-container elementor-column-gap-default\">\n\t\t\t\t\t<div class=\"elementor-column elementor-col-100 elementor-top-column elementor-element elementor-element-5b4af83\" data-id=\"5b4af83\" data-element_type=\"column\">\n\t\t\t<div class=\"elementor-widget-wrap elementor-element-populated\">\n\t\t\t\t\t\t<div class=\"elementor-element elementor-element-264097d elementor-widget elementor-widget-heading\" data-id=\"264097d\" data-element_type=\"widget\" data-widget_type=\"heading.default\">\n\t\t\t\t<div class=\"elementor-widget-container\">\n\t\t\t\t\t<h2 class=\"elementor-heading-title elementor-size-default\">Poner rumbo al Caribe: ambiciones regionales y un centro de transbordo\n<\/h2>\t\t\t\t<\/div>\n\t\t\t\t<\/div>\n\t\t\t\t<div class=\"elementor-element elementor-element-dd00c60 elementor-widget elementor-widget-text-editor\" data-id=\"dd00c60\" data-element_type=\"widget\" data-widget_type=\"text-editor.default\">\n\t\t\t\t<div class=\"elementor-widget-container\">\n\t\t\t\t\t\t\t\t\t<p>La modernizaci\u00f3n del <b>puerto de Jarry Guadalupe<\/b> no es s\u00f3lo una respuesta a una emergencia local. Tambi\u00e9n forma parte de una estrategia de reposicionamiento regional. Con esta nueva capacidad, el puerto de Jarry Guadalupe pretende <b>volver a ser un actor importante del transbordo<\/b> en el <a href=\"https:\/\/richeskarayib.com\/es\/santa-lucia-nigeria-cooperacion-africa-caribe-la-visita-del-presidente-tinubu-a-santa-lucia-marca-un-punto-de-inflexion-en-la-geopolitica-sur-sur\/\" target=\"_blank\" rel=\"noopener\">Caribe<\/a>, captando parte del tr\u00e1fico entre el Norte y el Sur, entre Am\u00e9rica Latina, las Antillas Menores y Estados Unidos. Seg\u00fan proyecciones internas, el tr\u00e1fico de contenedores crecer\u00e1 <b> un 9% de aqu\u00ed a 2028<\/b>.     <\/p><p>Pero para alcanzar estos objetivos, no basta con tener instalaciones. Tambi\u00e9n tenemos que ofrecer puertos de escala r\u00e1pidos, fiables y competitivos. Las tres gr\u00faas p\u00f3rtico XL, al reducir significativamente los tiempos de escala, podr\u00edan ser una palanca decisiva para ganarse la confianza de los principales armadores y operadores log\u00edsticos de la zona.  <\/p>\t\t\t\t\t\t\t\t<\/div>\n\t\t\t\t<\/div>\n\t\t\t\t<section class=\"elementor-section elementor-inner-section elementor-element elementor-element-afdf4fa elementor-section-boxed elementor-section-height-default elementor-section-height-default\" data-id=\"afdf4fa\" data-element_type=\"section\">\n\t\t\t\t\t\t<div class=\"elementor-container elementor-column-gap-default\">\n\t\t\t\t\t<div class=\"elementor-column elementor-col-100 elementor-inner-column elementor-element elementor-element-586c26e\" data-id=\"586c26e\" data-element_type=\"column\">\n\t\t\t<div class=\"elementor-widget-wrap elementor-element-populated\">\n\t\t\t\t\t\t<div class=\"elementor-element elementor-element-5fe6870 elementor-widget elementor-widget-image\" data-id=\"5fe6870\" data-element_type=\"widget\" data-widget_type=\"image.default\">\n\t\t\t\t<div class=\"elementor-widget-container\">\n\t\t\t\t\t\t\t\t\t\t\t\t<figure class=\"wp-caption\">\n\t\t\t\t\t\t\t\t\t\t<img loading=\"lazy\" decoding=\"async\" width=\"800\" height=\"549\" src=\"https:\/\/richeskarayib.com\/wp-content\/uploads\/2025\/07\/5-1024x703.jpg\" class=\"attachment-large size-large wp-image-56089\" alt=\"Port de Jarry Guadeloupe\" srcset=\"https:\/\/richeskarayib.com\/wp-content\/uploads\/2025\/07\/5-1024x703.jpg 1024w, https:\/\/richeskarayib.com\/wp-content\/uploads\/2025\/07\/5-300x206.jpg 300w, https:\/\/richeskarayib.com\/wp-content\/uploads\/2025\/07\/5-768x528.jpg 768w, https:\/\/richeskarayib.com\/wp-content\/uploads\/2025\/07\/5-1536x1055.jpg 1536w, https:\/\/richeskarayib.com\/wp-content\/uploads\/2025\/07\/5-1320x907.jpg 1320w, https:\/\/richeskarayib.com\/wp-content\/uploads\/2025\/07\/5.jpg 1920w\" sizes=\"(max-width: 800px) 100vw, 800px\" \/>\t\t\t\t\t\t\t\t\t\t\t<figcaption class=\"widget-image-caption wp-caption-text\">Port de Jarry Guadeloupe<\/figcaption>\n\t\t\t\t\t\t\t\t\t\t<\/figure>\n\t\t\t\t\t\t\t\t\t<\/div>\n\t\t\t\t<\/div>\n\t\t\t\t\t<\/div>\n\t\t<\/div>\n\t\t\t\t\t<\/div>\n\t\t<\/section>\n\t\t\t\t\t<\/div>\n\t\t<\/div>\n\t\t\t\t\t<\/div>\n\t\t<\/section>\n\t\t\t\t<section class=\"elementor-section elementor-top-section elementor-element elementor-element-fe84fbf elementor-section-boxed elementor-section-height-default elementor-section-height-default\" data-id=\"fe84fbf\" data-element_type=\"section\">\n\t\t\t\t\t\t<div class=\"elementor-container elementor-column-gap-default\">\n\t\t\t\t\t<div class=\"elementor-column elementor-col-100 elementor-top-column elementor-element elementor-element-3239e27\" data-id=\"3239e27\" data-element_type=\"column\">\n\t\t\t<div class=\"elementor-widget-wrap elementor-element-populated\">\n\t\t\t\t\t\t<div class=\"elementor-element elementor-element-3bf3931 elementor-widget elementor-widget-heading\" data-id=\"3bf3931\" data-element_type=\"widget\" data-widget_type=\"heading.default\">\n\t\t\t\t<div class=\"elementor-widget-container\">\n\t\t\t\t\t<h2 class=\"elementor-heading-title elementor-size-default\">Un cambio log\u00edstico para afrontar los retos del ma\u00f1ana<\/h2>\t\t\t\t<\/div>\n\t\t\t\t<\/div>\n\t\t\t\t<div class=\"elementor-element elementor-element-53576f8 elementor-widget elementor-widget-text-editor\" data-id=\"53576f8\" data-element_type=\"widget\" data-widget_type=\"text-editor.default\">\n\t\t\t\t<div class=\"elementor-widget-container\">\n\t\t\t\t\t\t\t\t\t<p>Este proyecto de modernizaci\u00f3n no es una simple remodelaci\u00f3n de las infraestructuras ni un mero anuncio. Refleja un compromiso pol\u00edtico, econ\u00f3mico y medioambiental para adecuar el puerto de Jarry Guadalupe al siglo XXI. Es una elecci\u00f3n estrat\u00e9gica con un fuerte impacto local: para las familias, que ver\u00e1n asegurado su abastecimiento; para los j\u00f3venes, que tendr\u00e1n acceso a nuevas profesiones t\u00e9cnicas; para las empresas, que podr\u00e1n contar con una cadena log\u00edstica eficaz.    <\/p><p>Tambi\u00e9n es un mensaje para el Caribe: Guadalupe est\u00e1 invirtiendo, innovando y pretende desempe\u00f1ar plenamente su papel en la econom\u00eda mar\u00edtima regional, no s\u00f3lo como receptor de contenedores, sino como actor log\u00edstico por derecho propio.<\/p>\t\t\t\t\t\t\t\t<\/div>\n\t\t\t\t<\/div>\n\t\t\t\t\t<\/div>\n\t\t<\/div>\n\t\t\t\t\t<\/div>\n\t\t<\/section>\n\t\t\t\t<\/div>\n\t\t","protected":false},"excerpt":{"rendered":"<p>El puerto de Jarry Guadalupe ha dado un gran paso estrat\u00e9gico con la llegada de tres gr\u00faas p\u00f3rtico XL de nueva generaci\u00f3n. Entregado el 30 de junio de 2025 a bordo del buque CY Interocean II, este equipamiento simboliza mucho m\u00e1s que un simple salto tecnol\u00f3gico: marca la entrada concreta del territorio en una l\u00f3gica [&hellip;]<\/p>\n","protected":false},"author":662,"featured_media":56069,"comment_status":"open","ping_status":"open","sticky":false,"template":"","format":"standard","meta":{"_acf_changed":false,"footnotes":""},"categories":[1724],"tags":[1547],"class_list":["post-56103","post","type-post","status-publish","format-standard","has-post-thumbnail","hentry","category-maritimo","tag-guadalupe"],"acf":[],"_links":{"self":[{"href":"https:\/\/richeskarayib.com\/es\/wp-json\/wp\/v2\/posts\/56103","targetHints":{"allow":["GET"]}}],"collection":[{"href":"https:\/\/richeskarayib.com\/es\/wp-json\/wp\/v2\/posts"}],"about":[{"href":"https:\/\/richeskarayib.com\/es\/wp-json\/wp\/v2\/types\/post"}],"author":[{"embeddable":true,"href":"https:\/\/richeskarayib.com\/es\/wp-json\/wp\/v2\/users\/662"}],"replies":[{"embeddable":true,"href":"https:\/\/richeskarayib.com\/es\/wp-json\/wp\/v2\/comments?post=56103"}],"version-history":[{"count":0,"href":"https:\/\/richeskarayib.com\/es\/wp-json\/wp\/v2\/posts\/56103\/revisions"}],"wp:featuredmedia":[{"embeddable":true,"href":"https:\/\/richeskarayib.com\/es\/wp-json\/wp\/v2\/media\/56069"}],"wp:attachment":[{"href":"https:\/\/richeskarayib.com\/es\/wp-json\/wp\/v2\/media?parent=56103"}],"wp:term":[{"taxonomy":"category","embeddable":true,"href":"https:\/\/richeskarayib.com\/es\/wp-json\/wp\/v2\/categories?post=56103"},{"taxonomy":"post_tag","embeddable":true,"href":"https:\/\/richeskarayib.com\/es\/wp-json\/wp\/v2\/tags?post=56103"}],"curies":[{"name":"wp","href":"https:\/\/api.w.org\/{rel}","templated":true}]}}