{"id":56353,"date":"2025-07-04T09:35:31","date_gmt":"2025-07-04T13:35:31","guid":{"rendered":"https:\/\/richeskarayib.com\/cifras-clave-de-la-economia-y-la-innovacion-en-el-caribe-servicios-pyme-y-cambio-digital\/"},"modified":"2025-07-04T10:29:46","modified_gmt":"2025-07-04T14:29:46","slug":"cifras-clave-de-la-economia-y-la-innovacion-en-el-caribe-servicios-pyme-y-cambio-digital","status":"publish","type":"post","link":"https:\/\/richeskarayib.com\/es\/cifras-clave-de-la-economia-y-la-innovacion-en-el-caribe-servicios-pyme-y-cambio-digital\/","title":{"rendered":"Cifras clave de la Econom\u00eda y la Innovaci\u00f3n en el Caribe: Servicios, PYME y Cambio Digital."},"content":{"rendered":"\t\t<div data-elementor-type=\"wp-post\" data-elementor-id=\"56353\" class=\"elementor elementor-56353 elementor-56327\" data-elementor-post-type=\"post\">\n\t\t\t\t\t\t<section class=\"elementor-section elementor-top-section elementor-element elementor-element-34e72cf elementor-section-boxed elementor-section-height-default elementor-section-height-default\" data-id=\"34e72cf\" data-element_type=\"section\">\n\t\t\t\t\t\t<div class=\"elementor-container elementor-column-gap-default\">\n\t\t\t\t\t<div class=\"elementor-column elementor-col-100 elementor-top-column elementor-element elementor-element-6d7868a\" data-id=\"6d7868a\" data-element_type=\"column\">\n\t\t\t<div class=\"elementor-widget-wrap elementor-element-populated\">\n\t\t\t\t\t\t<div class=\"elementor-element elementor-element-25340a1 elementor-widget elementor-widget-text-editor\" data-id=\"25340a1\" data-element_type=\"widget\" data-widget_type=\"text-editor.default\">\n\t\t\t\t<div class=\"elementor-widget-container\">\n\t\t\t\t\t\t\t\t\t<p><span style=\"font-weight: 400;\"><a href=\"https:\/\/journals.openedition.org\/etudescaribeennes\/12683\" target=\"_blank\" rel=\"noopener nofollow\">La econom\u00eda caribe\u00f1a<\/a> no es s\u00f3lo playas y turismo. Se basa en un denso tejido de <a href=\"https:\/\/richeskarayib.com\/es\/iedom-una-palanca-para-unas-economias-de-ultramar-mas-atractivas-y-sostenibles\/\" target=\"_blank\" rel=\"noopener\">PYME<\/a>, un auge de la tecnolog\u00eda digital, estrategias de sostenibilidad y la progresiva internacionalizaci\u00f3n de los servicios. Aunque la regi\u00f3n sigue enfrent\u00e1ndose a retos estructurales, las recientes se\u00f1ales econ\u00f3micas apuntan a una din\u00e1mica de transformaci\u00f3n de gran alcance, impulsada por las pol\u00edticas p\u00fablicas y la iniciativa privada.    <\/span><\/p><p><span style=\"font-weight: 400;\">He aqu\u00ed algunas cifras que te ayudar\u00e1n a comprender mejor los cambios econ\u00f3micos que se est\u00e1n produciendo en <a href=\"https:\/\/richeskarayib.com\/es\/santa-lucia-nigeria-cooperacion-africa-caribe-la-visita-del-presidente-tinubu-a-santa-lucia-marca-un-punto-de-inflexion-en-la-geopolitica-sur-sur\/\" target=\"_blank\" rel=\"noopener\">el Caribe<\/a>.<\/span><\/p>\t\t\t\t\t\t\t\t<\/div>\n\t\t\t\t<\/div>\n\t\t\t\t\t<\/div>\n\t\t<\/div>\n\t\t\t\t\t<\/div>\n\t\t<\/section>\n\t\t\t\t<section class=\"elementor-section elementor-top-section elementor-element elementor-element-5b928cf elementor-section-boxed elementor-section-height-default elementor-section-height-default\" data-id=\"5b928cf\" data-element_type=\"section\">\n\t\t\t\t\t\t<div class=\"elementor-container elementor-column-gap-default\">\n\t\t\t\t\t<div class=\"elementor-column elementor-col-100 elementor-top-column elementor-element elementor-element-587c274\" data-id=\"587c274\" data-element_type=\"column\">\n\t\t\t<div class=\"elementor-widget-wrap elementor-element-populated\">\n\t\t\t\t\t\t<div class=\"elementor-element elementor-element-2047da4 elementor-widget elementor-widget-heading\" data-id=\"2047da4\" data-element_type=\"widget\" data-widget_type=\"heading.default\">\n\t\t\t\t<div class=\"elementor-widget-container\">\n\t\t\t\t\t<h2 class=\"elementor-heading-title elementor-size-default\">Barbados: el 80% del PIB est\u00e1 vinculado a los servicios, motores de la transformaci\u00f3n digital<\/h2>\t\t\t\t<\/div>\n\t\t\t\t<\/div>\n\t\t\t\t<section class=\"elementor-section elementor-inner-section elementor-element elementor-element-1c6c714 elementor-section-boxed elementor-section-height-default elementor-section-height-default\" data-id=\"1c6c714\" data-element_type=\"section\">\n\t\t\t\t\t\t<div class=\"elementor-container elementor-column-gap-default\">\n\t\t\t\t\t<div class=\"elementor-column elementor-col-100 elementor-inner-column elementor-element elementor-element-395ba6a\" data-id=\"395ba6a\" data-element_type=\"column\">\n\t\t\t<div class=\"elementor-widget-wrap elementor-element-populated\">\n\t\t\t\t\t\t<div class=\"elementor-element elementor-element-994871c elementor-widget elementor-widget-text-editor\" data-id=\"994871c\" data-element_type=\"widget\" data-widget_type=\"text-editor.default\">\n\t\t\t\t<div class=\"elementor-widget-container\">\n\t\t\t\t\t\t\t\t\t<p><span style=\"font-weight: 400;\">Seg\u00fan el Informe sobre la Econom\u00eda Digital de la UNCTAD, alrededor del 80% del producto interior bruto (PIB) de Barbados procede del sector terciario, que incluye las TIC, las finanzas, el turismo y los servicios empresariales. Esta cifra subraya el papel estructurador de la tecnolog\u00eda y los servicios digitales en una econom\u00eda en transici\u00f3n, donde la gobernanza electr\u00f3nica, el teletrabajo internacional y las plataformas digitales desempe\u00f1an un papel cada vez m\u00e1s importante en las estrategias nacionales. <\/span><\/p>\t\t\t\t\t\t\t\t<\/div>\n\t\t\t\t<\/div>\n\t\t\t\t\t<\/div>\n\t\t<\/div>\n\t\t\t\t\t<\/div>\n\t\t<\/section>\n\t\t\t\t<section class=\"elementor-section elementor-inner-section elementor-element elementor-element-e298322 elementor-section-boxed elementor-section-height-default elementor-section-height-default\" data-id=\"e298322\" data-element_type=\"section\">\n\t\t\t\t\t\t<div class=\"elementor-container elementor-column-gap-default\">\n\t\t\t\t\t<div class=\"elementor-column elementor-col-50 elementor-inner-column elementor-element elementor-element-37dbd37\" data-id=\"37dbd37\" data-element_type=\"column\">\n\t\t\t<div class=\"elementor-widget-wrap elementor-element-populated\">\n\t\t\t\t\t\t<div class=\"elementor-element elementor-element-6ab4640 elementor-widget elementor-widget-image\" data-id=\"6ab4640\" data-element_type=\"widget\" data-widget_type=\"image.default\">\n\t\t\t\t<div class=\"elementor-widget-container\">\n\t\t\t\t\t\t\t\t\t\t\t\t\t\t\t<img fetchpriority=\"high\" decoding=\"async\" width=\"800\" height=\"531\" src=\"https:\/\/richeskarayib.com\/wp-content\/uploads\/2025\/07\/wmremove-transformed-1-1.jpeg\" class=\"attachment-large size-large wp-image-56331\" alt=\"\u00e9conomie\" srcset=\"https:\/\/richeskarayib.com\/wp-content\/uploads\/2025\/07\/wmremove-transformed-1-1.jpeg 1024w, https:\/\/richeskarayib.com\/wp-content\/uploads\/2025\/07\/wmremove-transformed-1-1-300x199.jpeg 300w, https:\/\/richeskarayib.com\/wp-content\/uploads\/2025\/07\/wmremove-transformed-1-1-768x510.jpeg 768w\" sizes=\"(max-width: 800px) 100vw, 800px\" \/>\t\t\t\t\t\t\t\t\t\t\t\t\t\t\t<\/div>\n\t\t\t\t<\/div>\n\t\t\t\t\t<\/div>\n\t\t<\/div>\n\t\t\t\t<div class=\"elementor-column elementor-col-50 elementor-inner-column elementor-element elementor-element-d6fb35f\" data-id=\"d6fb35f\" data-element_type=\"column\">\n\t\t\t<div class=\"elementor-widget-wrap elementor-element-populated\">\n\t\t\t\t\t\t<div class=\"elementor-element elementor-element-bd5a25b elementor-widget elementor-widget-image\" data-id=\"bd5a25b\" data-element_type=\"widget\" data-widget_type=\"image.default\">\n\t\t\t\t<div class=\"elementor-widget-container\">\n\t\t\t\t\t\t\t\t\t\t\t\t\t\t\t<img decoding=\"async\" width=\"800\" height=\"533\" src=\"https:\/\/richeskarayib.com\/wp-content\/uploads\/2025\/07\/wmremove-transformed-2.jpeg\" class=\"attachment-large size-large wp-image-56335\" alt=\"\u00e9conomie\" srcset=\"https:\/\/richeskarayib.com\/wp-content\/uploads\/2025\/07\/wmremove-transformed-2.jpeg 1024w, https:\/\/richeskarayib.com\/wp-content\/uploads\/2025\/07\/wmremove-transformed-2-300x200.jpeg 300w, https:\/\/richeskarayib.com\/wp-content\/uploads\/2025\/07\/wmremove-transformed-2-768x512.jpeg 768w\" sizes=\"(max-width: 800px) 100vw, 800px\" \/>\t\t\t\t\t\t\t\t\t\t\t\t\t\t\t<\/div>\n\t\t\t\t<\/div>\n\t\t\t\t\t<\/div>\n\t\t<\/div>\n\t\t\t\t\t<\/div>\n\t\t<\/section>\n\t\t\t\t<section class=\"elementor-section elementor-inner-section elementor-element elementor-element-c51c1e9 elementor-section-boxed elementor-section-height-default elementor-section-height-default\" data-id=\"c51c1e9\" data-element_type=\"section\">\n\t\t\t\t\t\t<div class=\"elementor-container elementor-column-gap-default\">\n\t\t\t\t\t\t<\/div>\n\t\t<\/section>\n\t\t\t\t\t<\/div>\n\t\t<\/div>\n\t\t\t\t\t<\/div>\n\t\t<\/section>\n\t\t\t\t<section class=\"elementor-section elementor-top-section elementor-element elementor-element-7ca7ca1 elementor-section-boxed elementor-section-height-default elementor-section-height-default\" data-id=\"7ca7ca1\" data-element_type=\"section\">\n\t\t\t\t\t\t<div class=\"elementor-container elementor-column-gap-default\">\n\t\t\t\t\t<div class=\"elementor-column elementor-col-100 elementor-top-column elementor-element elementor-element-cbdd002\" data-id=\"cbdd002\" data-element_type=\"column\">\n\t\t\t<div class=\"elementor-widget-wrap elementor-element-populated\">\n\t\t\t\t\t\t<div class=\"elementor-element elementor-element-da17f8d elementor-widget elementor-widget-heading\" data-id=\"da17f8d\" data-element_type=\"widget\" data-widget_type=\"heading.default\">\n\t\t\t\t<div class=\"elementor-widget-container\">\n\t\t\t\t\t<h2 class=\"elementor-heading-title elementor-size-default\">Antigua y Barbuda: pionera mundial en litigios comerciales digitales<\/h2>\t\t\t\t<\/div>\n\t\t\t\t<\/div>\n\t\t\t\t<section class=\"elementor-section elementor-inner-section elementor-element elementor-element-bc94849 elementor-section-boxed elementor-section-height-default elementor-section-height-default\" data-id=\"bc94849\" data-element_type=\"section\">\n\t\t\t\t\t\t<div class=\"elementor-container elementor-column-gap-default\">\n\t\t\t\t\t\t<\/div>\n\t\t<\/section>\n\t\t\t\t<section class=\"elementor-section elementor-inner-section elementor-element elementor-element-9e973f4 elementor-section-boxed elementor-section-height-default elementor-section-height-default\" data-id=\"9e973f4\" data-element_type=\"section\">\n\t\t\t\t\t\t<div class=\"elementor-container elementor-column-gap-default\">\n\t\t\t\t\t<div class=\"elementor-column elementor-col-100 elementor-inner-column elementor-element elementor-element-826b295\" data-id=\"826b295\" data-element_type=\"column\">\n\t\t\t<div class=\"elementor-widget-wrap elementor-element-populated\">\n\t\t\t\t\t\t<div class=\"elementor-element elementor-element-209c746 elementor-widget elementor-widget-text-editor\" data-id=\"209c746\" data-element_type=\"widget\" data-widget_type=\"text-editor.default\">\n\t\t\t\t<div class=\"elementor-widget-container\">\n\t\t\t\t\t\t\t\t\t<p><span style=\"font-weight: 400;\">En 2003, <a href=\"https:\/\/richeskarayib.com\/es\/san-vicente-y-las-granadinas-7a-sesion-de-la-asamblea-de-la-oeco-hacia-una-integracion-economica-mas-estrecha\/\" target=\"_blank\" rel=\"noopener\">Antigua y Barbuda<\/a> fue el primer Estado que present\u00f3 una denuncia ante la Organizaci\u00f3n Mundial del Comercio (OMC) contra Estados Unidos (caso DS285), impugnando las restricciones estadounidenses a los servicios de juegos en l\u00ednea. Este caso marc\u00f3 un punto de inflexi\u00f3n en la regulaci\u00f3n mundial del comercio digital. Ilustra la capacidad de un peque\u00f1o Estado caribe\u00f1o para imponerse legalmente en la escena internacional, en nombre de la libre prestaci\u00f3n de servicios.  <\/span><\/p>\t\t\t\t\t\t\t\t<\/div>\n\t\t\t\t<\/div>\n\t\t\t\t\t<\/div>\n\t\t<\/div>\n\t\t\t\t\t<\/div>\n\t\t<\/section>\n\t\t\t\t<section class=\"elementor-section elementor-inner-section elementor-element elementor-element-61571e6 elementor-section-boxed elementor-section-height-default elementor-section-height-default\" data-id=\"61571e6\" data-element_type=\"section\">\n\t\t\t\t\t\t<div class=\"elementor-container elementor-column-gap-default\">\n\t\t\t\t\t\t<\/div>\n\t\t<\/section>\n\t\t\t\t<section class=\"elementor-section elementor-inner-section elementor-element elementor-element-b6262e0 elementor-section-boxed elementor-section-height-default elementor-section-height-default\" data-id=\"b6262e0\" data-element_type=\"section\">\n\t\t\t\t\t\t<div class=\"elementor-container elementor-column-gap-default\">\n\t\t\t\t\t\t<\/div>\n\t\t<\/section>\n\t\t\t\t<section class=\"elementor-section elementor-inner-section elementor-element elementor-element-cca29fd elementor-section-boxed elementor-section-height-default elementor-section-height-default\" data-id=\"cca29fd\" data-element_type=\"section\">\n\t\t\t\t\t\t<div class=\"elementor-container elementor-column-gap-default\">\n\t\t\t\t\t\t<\/div>\n\t\t<\/section>\n\t\t\t\t\t<\/div>\n\t\t<\/div>\n\t\t\t\t\t<\/div>\n\t\t<\/section>\n\t\t\t\t<section class=\"elementor-section elementor-top-section elementor-element elementor-element-2bb9bde elementor-section-boxed elementor-section-height-default elementor-section-height-default\" data-id=\"2bb9bde\" data-element_type=\"section\">\n\t\t\t\t\t\t<div class=\"elementor-container elementor-column-gap-default\">\n\t\t\t\t\t<div class=\"elementor-column elementor-col-100 elementor-top-column elementor-element elementor-element-d47e98a\" data-id=\"d47e98a\" data-element_type=\"column\">\n\t\t\t<div class=\"elementor-widget-wrap elementor-element-populated\">\n\t\t\t\t\t\t<div class=\"elementor-element elementor-element-9806cc8 elementor-widget elementor-widget-heading\" data-id=\"9806cc8\" data-element_type=\"widget\" data-widget_type=\"heading.default\">\n\t\t\t\t<div class=\"elementor-widget-container\">\n\t\t\t\t\t<h2 class=\"elementor-heading-title elementor-size-default\">Entre el 70 y el 85% de las empresas caribe\u00f1as son PYME<\/h2>\t\t\t\t<\/div>\n\t\t\t\t<\/div>\n\t\t\t\t<div class=\"elementor-element elementor-element-7cdf356 elementor-widget elementor-widget-text-editor\" data-id=\"7cdf356\" data-element_type=\"widget\" data-widget_type=\"text-editor.default\">\n\t\t\t\t<div class=\"elementor-widget-container\">\n\t\t\t\t\t\t\t\t\t<p><span style=\"font-weight: 400;\">Seg\u00fan el Banco de Desarrollo del Caribe (Informe sobre el Desarrollo de las MIPYME), las microempresas y las peque\u00f1as y medianas empresas (MIPYME) representan entre el 70% y el 85% del tejido empresarial del Caribe. Aportan alrededor del 60-70% del PIB regional. Activas en la agricultura, el comercio, los servicios y la artesan\u00eda, estas estructuras constituyen la base de la econom\u00eda local, pero siguen estando infrafinanciadas y son vulnerables a los choques externos.  <\/span><\/p>\t\t\t\t\t\t\t\t<\/div>\n\t\t\t\t<\/div>\n\t\t\t\t<section class=\"elementor-section elementor-inner-section elementor-element elementor-element-a12b9ed elementor-section-boxed elementor-section-height-default elementor-section-height-default\" data-id=\"a12b9ed\" data-element_type=\"section\">\n\t\t\t\t\t\t<div class=\"elementor-container elementor-column-gap-default\">\n\t\t\t\t\t<div class=\"elementor-column elementor-col-100 elementor-inner-column elementor-element elementor-element-107ad79\" data-id=\"107ad79\" data-element_type=\"column\">\n\t\t\t<div class=\"elementor-widget-wrap elementor-element-populated\">\n\t\t\t\t\t\t<div class=\"elementor-element elementor-element-bfcf201 elementor-widget elementor-widget-image\" data-id=\"bfcf201\" data-element_type=\"widget\" data-widget_type=\"image.default\">\n\t\t\t\t<div class=\"elementor-widget-container\">\n\t\t\t\t\t\t\t\t\t\t\t\t\t\t\t<img decoding=\"async\" width=\"683\" height=\"1024\" src=\"https:\/\/richeskarayib.com\/wp-content\/uploads\/2025\/07\/edf360b4-4565-43cd-ae59-dda736ccb4c5-683x1024.png\" class=\"attachment-large size-large wp-image-56339\" alt=\"\u00e9conomie\" srcset=\"https:\/\/richeskarayib.com\/wp-content\/uploads\/2025\/07\/edf360b4-4565-43cd-ae59-dda736ccb4c5-683x1024.png 683w, https:\/\/richeskarayib.com\/wp-content\/uploads\/2025\/07\/edf360b4-4565-43cd-ae59-dda736ccb4c5-200x300.png 200w, https:\/\/richeskarayib.com\/wp-content\/uploads\/2025\/07\/edf360b4-4565-43cd-ae59-dda736ccb4c5-768x1152.png 768w, https:\/\/richeskarayib.com\/wp-content\/uploads\/2025\/07\/edf360b4-4565-43cd-ae59-dda736ccb4c5.png 1024w\" sizes=\"(max-width: 683px) 100vw, 683px\" \/>\t\t\t\t\t\t\t\t\t\t\t\t\t\t\t<\/div>\n\t\t\t\t<\/div>\n\t\t\t\t\t<\/div>\n\t\t<\/div>\n\t\t\t\t\t<\/div>\n\t\t<\/section>\n\t\t\t\t\t<\/div>\n\t\t<\/div>\n\t\t\t\t\t<\/div>\n\t\t<\/section>\n\t\t\t\t<section class=\"elementor-section elementor-top-section elementor-element elementor-element-0db9090 elementor-section-boxed elementor-section-height-default elementor-section-height-default\" data-id=\"0db9090\" data-element_type=\"section\">\n\t\t\t\t\t\t<div class=\"elementor-container elementor-column-gap-default\">\n\t\t\t\t\t<div class=\"elementor-column elementor-col-100 elementor-top-column elementor-element elementor-element-2296183\" data-id=\"2296183\" data-element_type=\"column\">\n\t\t\t<div class=\"elementor-widget-wrap elementor-element-populated\">\n\t\t\t\t\t\t<div class=\"elementor-element elementor-element-9576154 elementor-widget elementor-widget-heading\" data-id=\"9576154\" data-element_type=\"widget\" data-widget_type=\"heading.default\">\n\t\t\t\t<div class=\"elementor-widget-container\">\n\t\t\t\t\t<h2 class=\"elementor-heading-title elementor-size-default\">Jamaica: 11,0% de desempleo juvenil a finales de 2024 - mejora constante a pesar de las disparidades\n<\/h2>\t\t\t\t<\/div>\n\t\t\t\t<\/div>\n\t\t\t\t<div class=\"elementor-element elementor-element-500981c elementor-widget elementor-widget-text-editor\" data-id=\"500981c\" data-element_type=\"widget\" data-widget_type=\"text-editor.default\">\n\t\t\t\t<div class=\"elementor-widget-container\">\n\t\t\t\t\t\t\t\t\t<p><span style=\"font-weight: 400;\">Seg\u00fan los datos publicados por <\/span><b>Encuesta de Poblaci\u00f3n Activa de STATIN Jamaica<\/b><span style=\"font-weight: 400;\"> (octubre de 2024), la tasa de desempleo de los j\u00f3venes de 15 a 24 a\u00f1os era del <\/span><b>11,0 %<\/b><span style=\"font-weight: 400;\">significativamente inferior al <\/span><b>14,8% registrado en abril de 2024<\/b><span style=\"font-weight: 400;\"> y del <\/span><b>12,2% de abril de 2023<\/b><span style=\"font-weight: 400;\">. Esta tendencia confirma que el mercado laboral para las generaciones m\u00e1s j\u00f3venes se est\u00e1 reforzando, a pesar de un clima econ\u00f3mico mundial que sigue siendo incierto.<\/span><\/p>\t\t\t\t\t\t\t\t<\/div>\n\t\t\t\t<\/div>\n\t\t\t\t<div class=\"elementor-element elementor-element-4e162ff elementor-widget elementor-widget-text-editor\" data-id=\"4e162ff\" data-element_type=\"widget\" data-widget_type=\"text-editor.default\">\n\t\t\t\t<div class=\"elementor-widget-container\">\n\t\t\t\t\t\t\t\t\t<p><span style=\"font-weight: 400;\">Esta mejora se produce en un contexto de descenso m\u00e1s general del desempleo nacional, del <\/span><b>4,2 % \u00e0 3,5 %<\/b><span style=\"font-weight: 400;\">  en el mismo periodo. Se vio impulsado, en particular, por el crecimiento continuado de la   <\/span><b>digital<\/b><span style=\"font-weight: 400;\">y <\/span><b>BPO (externalizaci\u00f3n de procesos empresariales)<\/b><span style=\"font-weight: 400;\">y <\/span><b>turismo<\/b><span style=\"font-weight: 400;\"> y las <\/span><b>industrias culturales y creativas<\/b><span style=\"font-weight: 400;\">que contratan a m\u00e1s j\u00f3venes licenciados y perfiles cualificados en los centros urbanos.<\/span><\/p>\t\t\t\t\t\t\t\t<\/div>\n\t\t\t\t<\/div>\n\t\t\t\t<div class=\"elementor-element elementor-element-9e0f0ad elementor-widget elementor-widget-image\" data-id=\"9e0f0ad\" data-element_type=\"widget\" data-widget_type=\"image.default\">\n\t\t\t\t<div class=\"elementor-widget-container\">\n\t\t\t\t\t\t\t\t\t\t\t\t\t\t\t<img loading=\"lazy\" decoding=\"async\" width=\"800\" height=\"534\" src=\"https:\/\/richeskarayib.com\/wp-content\/uploads\/2025\/07\/5effd21d-844d-4dbc-bae6-a08fd7cd6ce0-1024x683.png\" class=\"attachment-large size-large wp-image-56343\" alt=\"\u00e9conomie\" srcset=\"https:\/\/richeskarayib.com\/wp-content\/uploads\/2025\/07\/5effd21d-844d-4dbc-bae6-a08fd7cd6ce0-1024x683.png 1024w, https:\/\/richeskarayib.com\/wp-content\/uploads\/2025\/07\/5effd21d-844d-4dbc-bae6-a08fd7cd6ce0-300x200.png 300w, https:\/\/richeskarayib.com\/wp-content\/uploads\/2025\/07\/5effd21d-844d-4dbc-bae6-a08fd7cd6ce0-768x512.png 768w, https:\/\/richeskarayib.com\/wp-content\/uploads\/2025\/07\/5effd21d-844d-4dbc-bae6-a08fd7cd6ce0-1320x880.png 1320w, https:\/\/richeskarayib.com\/wp-content\/uploads\/2025\/07\/5effd21d-844d-4dbc-bae6-a08fd7cd6ce0.png 1536w\" sizes=\"(max-width: 800px) 100vw, 800px\" \/>\t\t\t\t\t\t\t\t\t\t\t\t\t\t\t<\/div>\n\t\t\t\t<\/div>\n\t\t\t\t\t<\/div>\n\t\t<\/div>\n\t\t\t\t\t<\/div>\n\t\t<\/section>\n\t\t\t\t<section class=\"elementor-section elementor-top-section elementor-element elementor-element-e86f9e2 elementor-section-boxed elementor-section-height-default elementor-section-height-default\" data-id=\"e86f9e2\" data-element_type=\"section\">\n\t\t\t\t\t\t<div class=\"elementor-container elementor-column-gap-default\">\n\t\t\t\t\t<div class=\"elementor-column elementor-col-100 elementor-top-column elementor-element elementor-element-5b4af83\" data-id=\"5b4af83\" data-element_type=\"column\">\n\t\t\t<div class=\"elementor-widget-wrap elementor-element-populated\">\n\t\t\t\t\t\t<div class=\"elementor-element elementor-element-264097d elementor-widget elementor-widget-heading\" data-id=\"264097d\" data-element_type=\"widget\" data-widget_type=\"heading.default\">\n\t\t\t\t<div class=\"elementor-widget-container\">\n\t\t\t\t\t<h2 class=\"elementor-heading-title elementor-size-default\">+6,1% de crecimiento del turismo en 2024, manteniendo el impulso post-pand\u00e9mico  <\/h2>\t\t\t\t<\/div>\n\t\t\t\t<\/div>\n\t\t\t\t<div class=\"elementor-element elementor-element-dd00c60 elementor-widget elementor-widget-text-editor\" data-id=\"dd00c60\" data-element_type=\"widget\" data-widget_type=\"text-editor.default\">\n\t\t\t\t<div class=\"elementor-widget-container\">\n\t\t\t\t\t\t\t\t\t<p><span style=\"font-weight: 400;\">Seg\u00fan la Organizaci\u00f3n de Turismo del Caribe (CTO, 2025), las llegadas internacionales al Caribe aumentaron un 6,1% en 2024, alcanzando los 34,2 millones de visitantes, un 6,9% por encima del nivel de 2019. Este crecimiento confirma la solidez de la recuperaci\u00f3n iniciada en 2023 (+14,3%) y va acompa\u00f1ado de una diversificaci\u00f3n de los mercados emisores, con un notable aumento de los viajeros procedentes de Sudam\u00e9rica (+17,8%) y un crecimiento continuado de los cruceros (+10,3%).   <\/span><\/p><p><span style=\"font-weight: 400;\">El crecimiento sostenido del sector est\u00e1 estimulando la inversi\u00f3n en eficiencia energ\u00e9tica, la digitalizaci\u00f3n de los servicios tur\u00edsticos y la formaci\u00f3n en profesiones sostenibles, posicionando al turismo como una palanca clave para las econom\u00edas insulares.<\/span><\/p>\t\t\t\t\t\t\t\t<\/div>\n\t\t\t\t<\/div>\n\t\t\t\t<section class=\"elementor-section elementor-inner-section elementor-element elementor-element-36cf99f elementor-section-boxed elementor-section-height-default elementor-section-height-default\" data-id=\"36cf99f\" data-element_type=\"section\">\n\t\t\t\t\t\t<div class=\"elementor-container elementor-column-gap-default\">\n\t\t\t\t\t<div class=\"elementor-column elementor-col-100 elementor-inner-column elementor-element elementor-element-75ec79d\" data-id=\"75ec79d\" data-element_type=\"column\">\n\t\t\t<div class=\"elementor-widget-wrap elementor-element-populated\">\n\t\t\t\t\t\t<div class=\"elementor-element elementor-element-da9fad8 elementor-widget elementor-widget-image\" data-id=\"da9fad8\" data-element_type=\"widget\" data-widget_type=\"image.default\">\n\t\t\t\t<div class=\"elementor-widget-container\">\n\t\t\t\t\t\t\t\t\t\t\t\t\t\t\t<img loading=\"lazy\" decoding=\"async\" width=\"800\" height=\"600\" src=\"https:\/\/richeskarayib.com\/wp-content\/uploads\/2025\/07\/DeWatermark.ai_1751634049678-1024x768.jpeg\" class=\"attachment-large size-large wp-image-56347\" alt=\"\u00e9conomie\" srcset=\"https:\/\/richeskarayib.com\/wp-content\/uploads\/2025\/07\/DeWatermark.ai_1751634049678-1024x768.jpeg 1024w, https:\/\/richeskarayib.com\/wp-content\/uploads\/2025\/07\/DeWatermark.ai_1751634049678-300x225.jpeg 300w, https:\/\/richeskarayib.com\/wp-content\/uploads\/2025\/07\/DeWatermark.ai_1751634049678-768x576.jpeg 768w, https:\/\/richeskarayib.com\/wp-content\/uploads\/2025\/07\/DeWatermark.ai_1751634049678.jpeg 1280w\" sizes=\"(max-width: 800px) 100vw, 800px\" \/>\t\t\t\t\t\t\t\t\t\t\t\t\t\t\t<\/div>\n\t\t\t\t<\/div>\n\t\t\t\t\t<\/div>\n\t\t<\/div>\n\t\t\t\t\t<\/div>\n\t\t<\/section>\n\t\t\t\t\t<\/div>\n\t\t<\/div>\n\t\t\t\t\t<\/div>\n\t\t<\/section>\n\t\t\t\t<section class=\"elementor-section elementor-top-section elementor-element elementor-element-40c4c5a elementor-section-boxed elementor-section-height-default elementor-section-height-default\" data-id=\"40c4c5a\" data-element_type=\"section\">\n\t\t\t\t\t\t<div class=\"elementor-container elementor-column-gap-default\">\n\t\t\t\t\t<div class=\"elementor-column elementor-col-100 elementor-top-column elementor-element elementor-element-b4e3121\" data-id=\"b4e3121\" data-element_type=\"column\">\n\t\t\t<div class=\"elementor-widget-wrap elementor-element-populated\">\n\t\t\t\t\t\t<div class=\"elementor-element elementor-element-8d065cf elementor-widget elementor-widget-heading\" data-id=\"8d065cf\" data-element_type=\"widget\" data-widget_type=\"heading.default\">\n\t\t\t\t<div class=\"elementor-widget-container\">\n\t\t\t\t\t<h2 class=\"elementor-heading-title elementor-size-default\">Una econom\u00eda caribe\u00f1a en profundo cambio<\/h2>\t\t\t\t<\/div>\n\t\t\t\t<\/div>\n\t\t\t\t<div class=\"elementor-element elementor-element-33ef521 elementor-widget elementor-widget-text-editor\" data-id=\"33ef521\" data-element_type=\"widget\" data-widget_type=\"text-editor.default\">\n\t\t\t\t<div class=\"elementor-widget-container\">\n\t\t\t\t\t\t\t\t\t<p><span style=\"font-weight: 400;\">Estas cifras revelan un cambio gradual en el Caribe hacia una <a href=\"https:\/\/unite-caribbean.com\/secteurs\/developpement-economique-et-social-durable\/\" target=\"_blank\" rel=\"noopener nofollow\">econom\u00eda de<\/a> servicios m\u00e1s integrada, resistente y orientada internacionalmente. Aunque siguen existiendo muchos retos -acceso a la financiaci\u00f3n, vulnerabilidad clim\u00e1tica, dependencia de las importaciones-, los datos disponibles muestran una determinaci\u00f3n regional para acelerar la transformaci\u00f3n digital, apoyar a las PYME y hacer del turismo un vector de innovaci\u00f3n sostenible. El Caribe econ\u00f3mico del ma\u00f1ana ya se est\u00e1 inventando en la encrucijada del saber hacer local y las ambiciones globales.  <\/span><\/p>\t\t\t\t\t\t\t\t<\/div>\n\t\t\t\t<\/div>\n\t\t\t\t\t<\/div>\n\t\t<\/div>\n\t\t\t\t\t<\/div>\n\t\t<\/section>\n\t\t\t\t<\/div>\n\t\t","protected":false},"excerpt":{"rendered":"<p>La econom\u00eda caribe\u00f1a no es s\u00f3lo playas y turismo. Se basa en un denso tejido de PYME, un auge de la tecnolog\u00eda digital, estrategias de sostenibilidad y la progresiva internacionalizaci\u00f3n de los servicios. Aunque la regi\u00f3n sigue enfrent\u00e1ndose a retos estructurales, las recientes se\u00f1ales econ\u00f3micas apuntan a una din\u00e1mica de transformaci\u00f3n de gran alcance, impulsada [&hellip;]<\/p>\n","protected":false},"author":662,"featured_media":56361,"comment_status":"open","ping_status":"open","sticky":false,"template":"","format":"standard","meta":{"_acf_changed":false,"footnotes":""},"categories":[839],"tags":[1442,1593,1717,1547,1695,816,1481,1594,1705],"class_list":["post-56353","post","type-post","status-publish","format-standard","has-post-thumbnail","hentry","category-noticias","tag-anguilla-es","tag-barbade-es","tag-dominique-es","tag-guadalupe","tag-jamaica-es-2","tag-martinique-es","tag-republica-dominicana","tag-sainte-lucie-es","tag-trinidad-y-tobago-es-2"],"acf":[],"_links":{"self":[{"href":"https:\/\/richeskarayib.com\/es\/wp-json\/wp\/v2\/posts\/56353","targetHints":{"allow":["GET"]}}],"collection":[{"href":"https:\/\/richeskarayib.com\/es\/wp-json\/wp\/v2\/posts"}],"about":[{"href":"https:\/\/richeskarayib.com\/es\/wp-json\/wp\/v2\/types\/post"}],"author":[{"embeddable":true,"href":"https:\/\/richeskarayib.com\/es\/wp-json\/wp\/v2\/users\/662"}],"replies":[{"embeddable":true,"href":"https:\/\/richeskarayib.com\/es\/wp-json\/wp\/v2\/comments?post=56353"}],"version-history":[{"count":0,"href":"https:\/\/richeskarayib.com\/es\/wp-json\/wp\/v2\/posts\/56353\/revisions"}],"wp:featuredmedia":[{"embeddable":true,"href":"https:\/\/richeskarayib.com\/es\/wp-json\/wp\/v2\/media\/56361"}],"wp:attachment":[{"href":"https:\/\/richeskarayib.com\/es\/wp-json\/wp\/v2\/media?parent=56353"}],"wp:term":[{"taxonomy":"category","embeddable":true,"href":"https:\/\/richeskarayib.com\/es\/wp-json\/wp\/v2\/categories?post=56353"},{"taxonomy":"post_tag","embeddable":true,"href":"https:\/\/richeskarayib.com\/es\/wp-json\/wp\/v2\/tags?post=56353"}],"curies":[{"name":"wp","href":"https:\/\/api.w.org\/{rel}","templated":true}]}}