{"id":56553,"date":"2025-07-08T04:26:49","date_gmt":"2025-07-08T08:26:49","guid":{"rendered":"https:\/\/richeskarayib.com\/jamaica-la-49a-cumbre-de-la-caricom-en-montego-bay-una-encrucijada-estrategica-para-el-caribe\/"},"modified":"2025-07-08T04:26:51","modified_gmt":"2025-07-08T08:26:51","slug":"jamaica-la-49a-cumbre-de-la-caricom-en-montego-bay-una-encrucijada-estrategica-para-el-caribe","status":"publish","type":"post","link":"https:\/\/richeskarayib.com\/es\/jamaica-la-49a-cumbre-de-la-caricom-en-montego-bay-una-encrucijada-estrategica-para-el-caribe\/","title":{"rendered":"Jamaica &#8211; La 49\u00aa Cumbre de la CARICOM en Montego Bay: una encrucijada estrat\u00e9gica para el Caribe"},"content":{"rendered":"\t\t<div data-elementor-type=\"wp-post\" data-elementor-id=\"56553\" class=\"elementor elementor-56553 elementor-56467\" data-elementor-post-type=\"post\">\n\t\t\t\t\t\t<section class=\"elementor-section elementor-top-section elementor-element elementor-element-3756bbb elementor-section-boxed elementor-section-height-default elementor-section-height-default\" data-id=\"3756bbb\" data-element_type=\"section\">\n\t\t\t\t\t\t<div class=\"elementor-container elementor-column-gap-default\">\n\t\t\t\t\t<div class=\"elementor-column elementor-col-100 elementor-top-column elementor-element elementor-element-df79712\" data-id=\"df79712\" data-element_type=\"column\">\n\t\t\t<div class=\"elementor-widget-wrap elementor-element-populated\">\n\t\t\t\t\t\t<section class=\"elementor-section elementor-inner-section elementor-element elementor-element-756e7fb elementor-section-boxed elementor-section-height-default elementor-section-height-default\" data-id=\"756e7fb\" data-element_type=\"section\">\n\t\t\t\t\t\t<div class=\"elementor-container elementor-column-gap-default\">\n\t\t\t\t\t<div class=\"elementor-column elementor-col-100 elementor-inner-column elementor-element elementor-element-dd1326d\" data-id=\"dd1326d\" data-element_type=\"column\">\n\t\t\t<div class=\"elementor-widget-wrap elementor-element-populated\">\n\t\t\t\t\t\t<div class=\"elementor-element elementor-element-81e63b5 elementor-widget elementor-widget-text-editor\" data-id=\"81e63b5\" data-element_type=\"widget\" data-widget_type=\"text-editor.default\">\n\t\t\t\t<div class=\"elementor-widget-container\">\n\t\t\t\t\t\t\t\t\t<p>Del 6 al 8 de julio de 2025, <a href=\"https:\/\/richeskarayib.com\/es\/jamaica-montego-bay-capital-de-los-sabores-el-mobay-jerk-and-food-festival-2025-entre-la-memoria-y-la-innovacion\/\" target=\"_blank\" rel=\"noopener\">Montego<\/a> Bay bullir\u00e1 con la <a href=\"https:\/\/caricom.org\/49th-caricom-heads-of-government-meeting-to-be-held-in-montego-bay-jamaica\/\" target=\"_blank\" rel=\"noopener nofollow\">49\u00aa Cumbre de la CARICOM<\/a>, en la que los Jefes de Estado y de Gobierno de los pa\u00edses miembros se reunir\u00e1n para debatir los principales retos a los que se enfrenta la regi\u00f3n. La Cumbre, presidida por Andrew Holness, Primer Ministro de Jamaica, se celebra en un ambiente a la vez solemne e impregnado de un sentido de urgencia, ya que cada delegaci\u00f3n ha acudido con grandes expectativas en materia de seguridad alimentaria, resistencia econ\u00f3mica, la crisis de Hait\u00ed y, sobre todo, la revisi\u00f3n de la log\u00edstica regional.   <\/p><p>Los pasillos del Centro de Convenciones de Montego Bay bullen de conversaciones estrat\u00e9gicas, mientras las sesiones plenarias se alternan con talleres tem\u00e1ticos, dando a cada territorio la oportunidad de hacer o\u00edr su voz.<\/p>\t\t\t\t\t\t\t\t<\/div>\n\t\t\t\t<\/div>\n\t\t\t\t\t<\/div>\n\t\t<\/div>\n\t\t\t\t\t<\/div>\n\t\t<\/section>\n\t\t\t\t\t<\/div>\n\t\t<\/div>\n\t\t\t\t\t<\/div>\n\t\t<\/section>\n\t\t\t\t<section class=\"elementor-section elementor-top-section elementor-element elementor-element-5b928cf elementor-section-boxed elementor-section-height-default elementor-section-height-default\" data-id=\"5b928cf\" data-element_type=\"section\">\n\t\t\t\t\t\t<div class=\"elementor-container elementor-column-gap-default\">\n\t\t\t\t\t<div class=\"elementor-column elementor-col-100 elementor-top-column elementor-element elementor-element-587c274\" data-id=\"587c274\" data-element_type=\"column\">\n\t\t\t<div class=\"elementor-widget-wrap elementor-element-populated\">\n\t\t\t\t\t\t<div class=\"elementor-element elementor-element-2047da4 elementor-widget elementor-widget-heading\" data-id=\"2047da4\" data-element_type=\"widget\" data-widget_type=\"heading.default\">\n\t\t\t\t<div class=\"elementor-widget-container\">\n\t\t\t\t\t<h2 class=\"elementor-heading-title elementor-size-default\">Un contexto regional exigente\n<\/h2>\t\t\t\t<\/div>\n\t\t\t\t<\/div>\n\t\t\t\t<section class=\"elementor-section elementor-inner-section elementor-element elementor-element-2b2df22 elementor-section-boxed elementor-section-height-default elementor-section-height-default\" data-id=\"2b2df22\" data-element_type=\"section\">\n\t\t\t\t\t\t<div class=\"elementor-container elementor-column-gap-default\">\n\t\t\t\t\t<div class=\"elementor-column elementor-col-100 elementor-inner-column elementor-element elementor-element-7a63a34\" data-id=\"7a63a34\" data-element_type=\"column\">\n\t\t\t<div class=\"elementor-widget-wrap elementor-element-populated\">\n\t\t\t\t\t\t<div class=\"elementor-element elementor-element-994871c elementor-widget elementor-widget-text-editor\" data-id=\"994871c\" data-element_type=\"widget\" data-widget_type=\"text-editor.default\">\n\t\t\t\t<div class=\"elementor-widget-container\">\n\t\t\t\t\t\t\t\t\t<p>Desde la apertura de la <a href=\"https:\/\/www.jamaicaobserver.com\/2025\/07\/07\/mottley-urges-caricom-embrace-regional-ferry-travel-cargo-planes-tackle-logistics-woes\/\" target=\"_blank\" rel=\"noopener nofollow\">49\u00aa Cumbre de la CARICOM<\/a>, se marc\u00f3 la pauta: el Caribe atraviesa un periodo crucial. Los sucesivos discursos de los representantes de Barbados, Trinidad y Tobago, Santa Luc\u00eda y Dominica pusieron de relieve la realidad de los trastornos log\u00edsticos, la dependencia del costoso transporte a\u00e9reo y la fragilidad de las cadenas de suministro. Los debates fueron animados, y cada jefe de delegaci\u00f3n insisti\u00f3 en la necesidad de soluciones concretas e inmediatas. Los intercambios entre bastidores atestiguan la determinaci\u00f3n compartida de hacer de esta cumbre un momento decisivo para la regi\u00f3n.   <\/p>\t\t\t\t\t\t\t\t<\/div>\n\t\t\t\t<\/div>\n\t\t\t\t\t<\/div>\n\t\t<\/div>\n\t\t\t\t\t<\/div>\n\t\t<\/section>\n\t\t\t\t<section class=\"elementor-section elementor-inner-section elementor-element elementor-element-f10de09 elementor-section-boxed elementor-section-height-default elementor-section-height-default\" data-id=\"f10de09\" data-element_type=\"section\">\n\t\t\t\t\t\t<div class=\"elementor-container elementor-column-gap-default\">\n\t\t\t\t\t<div class=\"elementor-column elementor-col-100 elementor-inner-column elementor-element elementor-element-49303be\" data-id=\"49303be\" data-element_type=\"column\">\n\t\t\t<div class=\"elementor-widget-wrap elementor-element-populated\">\n\t\t\t\t\t\t<div class=\"elementor-element elementor-element-08993d5 elementor-widget elementor-widget-image\" data-id=\"08993d5\" data-element_type=\"widget\" data-widget_type=\"image.default\">\n\t\t\t\t<div class=\"elementor-widget-container\">\n\t\t\t\t\t\t\t\t\t\t\t\t<figure class=\"wp-caption\">\n\t\t\t\t\t\t\t\t\t\t<img fetchpriority=\"high\" decoding=\"async\" width=\"800\" height=\"283\" src=\"https:\/\/richeskarayib.com\/wp-content\/uploads\/2025\/07\/Slogna-49-eme-edition-1024x362.jpg\" class=\"attachment-large size-large wp-image-56475\" alt=\"49e Sommet de la Caricom\" srcset=\"https:\/\/richeskarayib.com\/wp-content\/uploads\/2025\/07\/Slogna-49-eme-edition-1024x362.jpg 1024w, https:\/\/richeskarayib.com\/wp-content\/uploads\/2025\/07\/Slogna-49-eme-edition-300x106.jpg 300w, https:\/\/richeskarayib.com\/wp-content\/uploads\/2025\/07\/Slogna-49-eme-edition-768x272.jpg 768w, https:\/\/richeskarayib.com\/wp-content\/uploads\/2025\/07\/Slogna-49-eme-edition-1536x543.jpg 1536w, https:\/\/richeskarayib.com\/wp-content\/uploads\/2025\/07\/Slogna-49-eme-edition-1320x467.jpg 1320w, https:\/\/richeskarayib.com\/wp-content\/uploads\/2025\/07\/Slogna-49-eme-edition.jpg 1920w\" sizes=\"(max-width: 800px) 100vw, 800px\" \/>\t\t\t\t\t\t\t\t\t\t\t<figcaption class=\"widget-image-caption wp-caption-text\">\u00a9CARICOM<\/figcaption>\n\t\t\t\t\t\t\t\t\t\t<\/figure>\n\t\t\t\t\t\t\t\t\t<\/div>\n\t\t\t\t<\/div>\n\t\t\t\t\t<\/div>\n\t\t<\/div>\n\t\t\t\t\t<\/div>\n\t\t<\/section>\n\t\t\t\t<section class=\"elementor-section elementor-inner-section elementor-element elementor-element-c51c1e9 elementor-section-boxed elementor-section-height-default elementor-section-height-default\" data-id=\"c51c1e9\" data-element_type=\"section\">\n\t\t\t\t\t\t<div class=\"elementor-container elementor-column-gap-default\">\n\t\t\t\t\t\t<\/div>\n\t\t<\/section>\n\t\t\t\t\t<\/div>\n\t\t<\/div>\n\t\t\t\t\t<\/div>\n\t\t<\/section>\n\t\t\t\t<section class=\"elementor-section elementor-top-section elementor-element elementor-element-63274e9 elementor-section-boxed elementor-section-height-default elementor-section-height-default\" data-id=\"63274e9\" data-element_type=\"section\">\n\t\t\t\t\t\t<div class=\"elementor-container elementor-column-gap-default\">\n\t\t\t\t\t<div class=\"elementor-column elementor-col-100 elementor-top-column elementor-element elementor-element-50500d6\" data-id=\"50500d6\" data-element_type=\"column\">\n\t\t\t<div class=\"elementor-widget-wrap elementor-element-populated\">\n\t\t\t\t\t\t<div class=\"elementor-element elementor-element-02d81f4 elementor-widget elementor-widget-heading\" data-id=\"02d81f4\" data-element_type=\"widget\" data-widget_type=\"heading.default\">\n\t\t\t\t<div class=\"elementor-widget-container\">\n\t\t\t\t\t<h2 class=\"elementor-heading-title elementor-size-default\">Las prioridades de la presidencia jamaicana<\/h2>\t\t\t\t<\/div>\n\t\t\t\t<\/div>\n\t\t\t\t<section class=\"elementor-section elementor-inner-section elementor-element elementor-element-f7b7508 elementor-section-boxed elementor-section-height-default elementor-section-height-default\" data-id=\"f7b7508\" data-element_type=\"section\">\n\t\t\t\t\t\t<div class=\"elementor-container elementor-column-gap-default\">\n\t\t\t\t\t<div class=\"elementor-column elementor-col-100 elementor-inner-column elementor-element elementor-element-606693d\" data-id=\"606693d\" data-element_type=\"column\">\n\t\t\t<div class=\"elementor-widget-wrap elementor-element-populated\">\n\t\t\t\t\t\t<div class=\"elementor-element elementor-element-a485770 elementor-widget elementor-widget-text-editor\" data-id=\"a485770\" data-element_type=\"widget\" data-widget_type=\"text-editor.default\">\n\t\t\t\t<div class=\"elementor-widget-container\">\n\t\t\t\t\t\t\t\t\t<p>En su discurso inaugural, Andrew Holness reiter\u00f3 la importancia de reforzar la cooperaci\u00f3n y diversificar el comercio, al tiempo que subray\u00f3 la necesidad de dar respuestas r\u00e1pidas a los problemas de seguridad y clim\u00e1ticos. Su llamamiento a la acci\u00f3n colectiva no qued\u00f3 desatendido: las mesas redondas de la <a href=\"https:\/\/jamaica-gleaner.com\/article\/lead-stories\/20250707\/mia-mottley-pushes-regional-sea-air-cargo-revolution-caricom-summit#:~:text=Mia%20Mottley%20pushes%20for%20regional%20sea%2C%20air%20cargo\" target=\"_blank\" rel=\"noopener nofollow\">49\u00aa Cumbre de la CARICOM<\/a> abordaron la cuesti\u00f3n de la paz regional, la puesta en com\u00fan de recursos y el papel de los j\u00f3venes en la construcci\u00f3n de una prosperidad compartida. <\/p>\t\t\t\t\t\t\t\t<\/div>\n\t\t\t\t<\/div>\n\t\t\t\t\t<\/div>\n\t\t<\/div>\n\t\t\t\t\t<\/div>\n\t\t<\/section>\n\t\t\t\t<section class=\"elementor-section elementor-inner-section elementor-element elementor-element-5d6c5cd elementor-section-boxed elementor-section-height-default elementor-section-height-default\" data-id=\"5d6c5cd\" data-element_type=\"section\">\n\t\t\t\t\t\t<div class=\"elementor-container elementor-column-gap-default\">\n\t\t\t\t\t<div class=\"elementor-column elementor-col-50 elementor-inner-column elementor-element elementor-element-96f3556\" data-id=\"96f3556\" data-element_type=\"column\">\n\t\t\t<div class=\"elementor-widget-wrap elementor-element-populated\">\n\t\t\t\t\t\t<div class=\"elementor-element elementor-element-5223f83 elementor-widget elementor-widget-image\" data-id=\"5223f83\" data-element_type=\"widget\" data-widget_type=\"image.default\">\n\t\t\t\t<div class=\"elementor-widget-container\">\n\t\t\t\t\t\t\t\t\t\t\t\t<figure class=\"wp-caption\">\n\t\t\t\t\t\t\t\t\t\t<img decoding=\"async\" width=\"800\" height=\"533\" src=\"https:\/\/richeskarayib.com\/wp-content\/uploads\/2025\/07\/Dr-le-Tres-Hon.-Andrew-Holness-president-de-la-CARICOM.-\u00a9CARICOM.jpg\" class=\"attachment-large size-large wp-image-56479\" alt=\"49e Sommet de la Caricom\" srcset=\"https:\/\/richeskarayib.com\/wp-content\/uploads\/2025\/07\/Dr-le-Tres-Hon.-Andrew-Holness-president-de-la-CARICOM.-\u00a9CARICOM.jpg 810w, https:\/\/richeskarayib.com\/wp-content\/uploads\/2025\/07\/Dr-le-Tres-Hon.-Andrew-Holness-president-de-la-CARICOM.-\u00a9CARICOM-300x200.jpg 300w, https:\/\/richeskarayib.com\/wp-content\/uploads\/2025\/07\/Dr-le-Tres-Hon.-Andrew-Holness-president-de-la-CARICOM.-\u00a9CARICOM-768x512.jpg 768w\" sizes=\"(max-width: 800px) 100vw, 800px\" \/>\t\t\t\t\t\t\t\t\t\t\t<figcaption class=\"widget-image-caption wp-caption-text\">Andrew Holness, pr\u00e9sident de la CARICOM. \u00a9CARICOM<\/figcaption>\n\t\t\t\t\t\t\t\t\t\t<\/figure>\n\t\t\t\t\t\t\t\t\t<\/div>\n\t\t\t\t<\/div>\n\t\t\t\t\t<\/div>\n\t\t<\/div>\n\t\t\t\t<div class=\"elementor-column elementor-col-50 elementor-inner-column elementor-element elementor-element-db15465\" data-id=\"db15465\" data-element_type=\"column\">\n\t\t\t<div class=\"elementor-widget-wrap elementor-element-populated\">\n\t\t\t\t\t\t<div class=\"elementor-element elementor-element-ddc0a3e elementor-widget elementor-widget-image\" data-id=\"ddc0a3e\" data-element_type=\"widget\" data-widget_type=\"image.default\">\n\t\t\t\t<div class=\"elementor-widget-container\">\n\t\t\t\t\t\t\t\t\t\t\t\t<figure class=\"wp-caption\">\n\t\t\t\t\t\t\t\t\t\t<img decoding=\"async\" width=\"800\" height=\"534\" src=\"https:\/\/richeskarayib.com\/wp-content\/uploads\/2025\/07\/54638541764_f68a648783_o-1024x683.jpg\" class=\"attachment-large size-large wp-image-56483\" alt=\"49e Sommet de la Caricom\" srcset=\"https:\/\/richeskarayib.com\/wp-content\/uploads\/2025\/07\/54638541764_f68a648783_o-1024x683.jpg 1024w, https:\/\/richeskarayib.com\/wp-content\/uploads\/2025\/07\/54638541764_f68a648783_o-300x200.jpg 300w, https:\/\/richeskarayib.com\/wp-content\/uploads\/2025\/07\/54638541764_f68a648783_o-768x512.jpg 768w, https:\/\/richeskarayib.com\/wp-content\/uploads\/2025\/07\/54638541764_f68a648783_o-1536x1024.jpg 1536w, https:\/\/richeskarayib.com\/wp-content\/uploads\/2025\/07\/54638541764_f68a648783_o-1320x880.jpg 1320w, https:\/\/richeskarayib.com\/wp-content\/uploads\/2025\/07\/54638541764_f68a648783_o.jpg 1920w\" sizes=\"(max-width: 800px) 100vw, 800px\" \/>\t\t\t\t\t\t\t\t\t\t\t<figcaption class=\"widget-image-caption wp-caption-text\">\u00a9Andrew Holness, pr\u00e9sident de la CARICOM. \u00a9CARICOM<\/figcaption>\n\t\t\t\t\t\t\t\t\t\t<\/figure>\n\t\t\t\t\t\t\t\t\t<\/div>\n\t\t\t\t<\/div>\n\t\t\t\t\t<\/div>\n\t\t<\/div>\n\t\t\t\t\t<\/div>\n\t\t<\/section>\n\t\t\t\t<section class=\"elementor-section elementor-inner-section elementor-element elementor-element-9db0422 elementor-section-boxed elementor-section-height-default elementor-section-height-default\" data-id=\"9db0422\" data-element_type=\"section\">\n\t\t\t\t\t\t<div class=\"elementor-container elementor-column-gap-default\">\n\t\t\t\t\t\t<\/div>\n\t\t<\/section>\n\t\t\t\t\t<\/div>\n\t\t<\/div>\n\t\t\t\t\t<\/div>\n\t\t<\/section>\n\t\t\t\t<section class=\"elementor-section elementor-top-section elementor-element elementor-element-7ca7ca1 elementor-section-boxed elementor-section-height-default elementor-section-height-default\" data-id=\"7ca7ca1\" data-element_type=\"section\">\n\t\t\t\t\t\t<div class=\"elementor-container elementor-column-gap-default\">\n\t\t\t\t\t<div class=\"elementor-column elementor-col-100 elementor-top-column elementor-element elementor-element-cbdd002\" data-id=\"cbdd002\" data-element_type=\"column\">\n\t\t\t<div class=\"elementor-widget-wrap elementor-element-populated\">\n\t\t\t\t\t\t<div class=\"elementor-element elementor-element-da17f8d elementor-widget elementor-widget-heading\" data-id=\"da17f8d\" data-element_type=\"widget\" data-widget_type=\"heading.default\">\n\t\t\t\t<div class=\"elementor-widget-container\">\n\t\t\t\t\t<h2 class=\"elementor-heading-title elementor-size-default\">Mia Mottley: un alegato a favor de la transformaci\u00f3n log\u00edstica<\/h2>\t\t\t\t<\/div>\n\t\t\t\t<\/div>\n\t\t\t\t<section class=\"elementor-section elementor-inner-section elementor-element elementor-element-bc94849 elementor-section-boxed elementor-section-height-default elementor-section-height-default\" data-id=\"bc94849\" data-element_type=\"section\">\n\t\t\t\t\t\t<div class=\"elementor-container elementor-column-gap-default\">\n\t\t\t\t\t\t<\/div>\n\t\t<\/section>\n\t\t\t\t<section class=\"elementor-section elementor-inner-section elementor-element elementor-element-9e973f4 elementor-section-boxed elementor-section-height-default elementor-section-height-default\" data-id=\"9e973f4\" data-element_type=\"section\">\n\t\t\t\t\t\t<div class=\"elementor-container elementor-column-gap-default\">\n\t\t\t\t\t<div class=\"elementor-column elementor-col-100 elementor-inner-column elementor-element elementor-element-826b295\" data-id=\"826b295\" data-element_type=\"column\">\n\t\t\t<div class=\"elementor-widget-wrap elementor-element-populated\">\n\t\t\t\t\t\t<div class=\"elementor-element elementor-element-209c746 elementor-widget elementor-widget-text-editor\" data-id=\"209c746\" data-element_type=\"widget\" data-widget_type=\"text-editor.default\">\n\t\t\t\t<div class=\"elementor-widget-container\">\n\t\t\t\t\t\t\t\t\t<p>El discurso de Mia Mottley, Primera Ministra de Barbados, fue uno de los momentos m\u00e1s destacados de la <a href=\"https:\/\/en.mercopress.com\/2025\/07\/07\/caricom-summit-underway-in-montego-bay\" target=\"_blank\" rel=\"noopener nofollow\">49\u00aa Cumbre de la CARICOM<\/a>. Con una elocuencia aplaudida por todos los participantes, traz\u00f3 un l\u00facido panorama de las deficiencias log\u00edsticas que frenan el desarrollo caribe\u00f1o. Su voz, firme y aplomada, reson\u00f3 en el auditorio cuando habl\u00f3 de la necesidad de una &#8220;revoluci\u00f3n regional del transporte de mercanc\u00edas&#8221;, subrayando la urgente necesidad de democratizar el transporte y devolver al mar su papel hist\u00f3rico de v\u00ednculo entre las islas.  <\/p>\t\t\t\t\t\t\t\t<\/div>\n\t\t\t\t<\/div>\n\t\t\t\t<div class=\"elementor-element elementor-element-98859de elementor-widget elementor-widget-image\" data-id=\"98859de\" data-element_type=\"widget\" data-widget_type=\"image.default\">\n\t\t\t\t<div class=\"elementor-widget-container\">\n\t\t\t\t\t\t\t\t\t\t\t\t<figure class=\"wp-caption\">\n\t\t\t\t\t\t\t\t\t\t<img loading=\"lazy\" decoding=\"async\" width=\"800\" height=\"534\" src=\"https:\/\/richeskarayib.com\/wp-content\/uploads\/2025\/07\/54637464797_9f15efc84d_o-1024x683.jpg\" class=\"attachment-large size-large wp-image-56487\" alt=\"49e Sommet de la Caricom\" srcset=\"https:\/\/richeskarayib.com\/wp-content\/uploads\/2025\/07\/54637464797_9f15efc84d_o-1024x683.jpg 1024w, https:\/\/richeskarayib.com\/wp-content\/uploads\/2025\/07\/54637464797_9f15efc84d_o-300x200.jpg 300w, https:\/\/richeskarayib.com\/wp-content\/uploads\/2025\/07\/54637464797_9f15efc84d_o-768x512.jpg 768w, https:\/\/richeskarayib.com\/wp-content\/uploads\/2025\/07\/54637464797_9f15efc84d_o-1536x1024.jpg 1536w, https:\/\/richeskarayib.com\/wp-content\/uploads\/2025\/07\/54637464797_9f15efc84d_o-1320x880.jpg 1320w, https:\/\/richeskarayib.com\/wp-content\/uploads\/2025\/07\/54637464797_9f15efc84d_o.jpg 1920w\" sizes=\"(max-width: 800px) 100vw, 800px\" \/>\t\t\t\t\t\t\t\t\t\t\t<figcaption class=\"widget-image-caption wp-caption-text\">Mia Mottley<\/figcaption>\n\t\t\t\t\t\t\t\t\t\t<\/figure>\n\t\t\t\t\t\t\t\t\t<\/div>\n\t\t\t\t<\/div>\n\t\t\t\t<div class=\"elementor-element elementor-element-2669891 elementor-widget elementor-widget-text-editor\" data-id=\"2669891\" data-element_type=\"widget\" data-widget_type=\"text-editor.default\">\n\t\t\t\t<div class=\"elementor-widget-container\">\n\t\t\t\t\t\t\t\t\t<h3><b>Propuestas concretas para el transporte regional de mercanc\u00edas<\/b><\/h3><p><a href=\"https:\/\/richeskarayib.com\/es\/barbados-mia-mottley-el-aura-de-una-mujer-excepcional\/\" target=\"_blank\" rel=\"noopener\">Mia Mottley<\/a> no se detuvo en encantamientos. Anunci\u00f3 que dos Estados miembros <a href=\"https:\/\/richeskarayib.com\/es\/martinica-y-caricom-descubrirse-mutuamente-para-construir-juntos-un-caribe-mas-fuerte\/\" target=\"_blank\" rel=\"noopener\">de la CARICOM<\/a> se encuentran en una fase avanzada de las negociaciones para adquirir aviones de carga, una iniciativa que, en su opini\u00f3n, har\u00e1 m\u00e1s fluido el comercio y garantizar\u00e1 el suministro de bienes esenciales. Tambi\u00e9n mencion\u00f3 la esperada presentaci\u00f3n de un proyecto de transbordador regional dirigido por el sector privado, que podr\u00eda revolucionar la conectividad entre las islas. Estos anuncios, realizados en el seno de la 49\u00aa Cumbre de la CARICOM, fueron recibidos con un atronador aplauso, se\u00f1al de que la cuesti\u00f3n log\u00edstica est\u00e1 en el centro de nuestras preocupaciones colectivas.   <\/p>\t\t\t\t\t\t\t\t<\/div>\n\t\t\t\t<\/div>\n\t\t\t\t<div class=\"elementor-element elementor-element-567d4d7 elementor-widget elementor-widget-image\" data-id=\"567d4d7\" data-element_type=\"widget\" data-widget_type=\"image.default\">\n\t\t\t\t<div class=\"elementor-widget-container\">\n\t\t\t\t\t\t\t\t\t\t\t\t<figure class=\"wp-caption\">\n\t\t\t\t\t\t\t\t\t\t<img loading=\"lazy\" decoding=\"async\" width=\"800\" height=\"534\" src=\"https:\/\/richeskarayib.com\/wp-content\/uploads\/2025\/07\/54637464802_c0e537421e_o-1024x683.jpg\" class=\"attachment-large size-large wp-image-56499\" alt=\"49e Sommet de la Caricom\" srcset=\"https:\/\/richeskarayib.com\/wp-content\/uploads\/2025\/07\/54637464802_c0e537421e_o-1024x683.jpg 1024w, https:\/\/richeskarayib.com\/wp-content\/uploads\/2025\/07\/54637464802_c0e537421e_o-300x200.jpg 300w, https:\/\/richeskarayib.com\/wp-content\/uploads\/2025\/07\/54637464802_c0e537421e_o-768x512.jpg 768w, https:\/\/richeskarayib.com\/wp-content\/uploads\/2025\/07\/54637464802_c0e537421e_o-1536x1024.jpg 1536w, https:\/\/richeskarayib.com\/wp-content\/uploads\/2025\/07\/54637464802_c0e537421e_o-1320x880.jpg 1320w, https:\/\/richeskarayib.com\/wp-content\/uploads\/2025\/07\/54637464802_c0e537421e_o.jpg 1920w\" sizes=\"(max-width: 800px) 100vw, 800px\" \/>\t\t\t\t\t\t\t\t\t\t\t<figcaption class=\"widget-image-caption wp-caption-text\">Mia Mottley. \u00a9CARICOM<\/figcaption>\n\t\t\t\t\t\t\t\t\t\t<\/figure>\n\t\t\t\t\t\t\t\t\t<\/div>\n\t\t\t\t<\/div>\n\t\t\t\t<div class=\"elementor-element elementor-element-688aa2e elementor-widget elementor-widget-text-editor\" data-id=\"688aa2e\" data-element_type=\"widget\" data-widget_type=\"text-editor.default\">\n\t\t\t\t<div class=\"elementor-widget-container\">\n\t\t\t\t\t\t\t\t\t<h3><b>La voluntad pol\u00edtica en el centro del cambio<\/b><\/h3><p>Mia Mottley aprovech\u00f3 su tribuna para se\u00f1alar que el \u00e9xito de estos proyectos depende sobre todo de la voluntad pol\u00edtica de los dirigentes. Habl\u00f3 conmovida de los recuerdos del Arce Federal y la Palma Federal, s\u00edmbolos de una \u00e9poca en la que el mar un\u00eda a los pueblos del Caribe. Su alegato, transmitido en varias sesiones de la 49\u00aa Cumbre de la CARICOM, encontr\u00f3 un eco especial entre las delegaciones, que reconocieron la necesidad de superar la inercia institucional para construir un sistema log\u00edstico regional moderno y resistente.  <\/p>\t\t\t\t\t\t\t\t<\/div>\n\t\t\t\t<\/div>\n\t\t\t\t\t<\/div>\n\t\t<\/div>\n\t\t\t\t\t<\/div>\n\t\t<\/section>\n\t\t\t\t<section class=\"elementor-section elementor-inner-section elementor-element elementor-element-61571e6 elementor-section-boxed elementor-section-height-default elementor-section-height-default\" data-id=\"61571e6\" data-element_type=\"section\">\n\t\t\t\t\t\t<div class=\"elementor-container elementor-column-gap-default\">\n\t\t\t\t\t\t<\/div>\n\t\t<\/section>\n\t\t\t\t<section class=\"elementor-section elementor-inner-section elementor-element elementor-element-b6262e0 elementor-section-boxed elementor-section-height-default elementor-section-height-default\" data-id=\"b6262e0\" data-element_type=\"section\">\n\t\t\t\t\t\t<div class=\"elementor-container elementor-column-gap-default\">\n\t\t\t\t\t\t<\/div>\n\t\t<\/section>\n\t\t\t\t<section class=\"elementor-section elementor-inner-section elementor-element elementor-element-4726376 elementor-section-boxed elementor-section-height-default elementor-section-height-default\" data-id=\"4726376\" data-element_type=\"section\">\n\t\t\t\t\t\t<div class=\"elementor-container elementor-column-gap-default\">\n\t\t\t\t\t<div class=\"elementor-column elementor-col-50 elementor-inner-column elementor-element elementor-element-9a816d1\" data-id=\"9a816d1\" data-element_type=\"column\">\n\t\t\t<div class=\"elementor-widget-wrap elementor-element-populated\">\n\t\t\t\t\t\t<div class=\"elementor-element elementor-element-ad000d8 elementor-widget elementor-widget-image\" data-id=\"ad000d8\" data-element_type=\"widget\" data-widget_type=\"image.default\">\n\t\t\t\t<div class=\"elementor-widget-container\">\n\t\t\t\t\t\t\t\t\t\t\t\t<figure class=\"wp-caption\">\n\t\t\t\t\t\t\t\t\t\t<img loading=\"lazy\" decoding=\"async\" width=\"800\" height=\"534\" src=\"https:\/\/richeskarayib.com\/wp-content\/uploads\/2025\/07\/54638567678_38545145c8_o-1024x683.jpg\" class=\"attachment-large size-large wp-image-56491\" alt=\"49e Sommet de la Caricom\" srcset=\"https:\/\/richeskarayib.com\/wp-content\/uploads\/2025\/07\/54638567678_38545145c8_o-1024x683.jpg 1024w, https:\/\/richeskarayib.com\/wp-content\/uploads\/2025\/07\/54638567678_38545145c8_o-300x200.jpg 300w, https:\/\/richeskarayib.com\/wp-content\/uploads\/2025\/07\/54638567678_38545145c8_o-768x512.jpg 768w, https:\/\/richeskarayib.com\/wp-content\/uploads\/2025\/07\/54638567678_38545145c8_o-1536x1024.jpg 1536w, https:\/\/richeskarayib.com\/wp-content\/uploads\/2025\/07\/54638567678_38545145c8_o-1320x880.jpg 1320w, https:\/\/richeskarayib.com\/wp-content\/uploads\/2025\/07\/54638567678_38545145c8_o.jpg 1920w\" sizes=\"(max-width: 800px) 100vw, 800px\" \/>\t\t\t\t\t\t\t\t\t\t\t<figcaption class=\"widget-image-caption wp-caption-text\">Mia Mottley. \u00a9CARICOM<\/figcaption>\n\t\t\t\t\t\t\t\t\t\t<\/figure>\n\t\t\t\t\t\t\t\t\t<\/div>\n\t\t\t\t<\/div>\n\t\t\t\t\t<\/div>\n\t\t<\/div>\n\t\t\t\t<div class=\"elementor-column elementor-col-50 elementor-inner-column elementor-element elementor-element-d19e5da\" data-id=\"d19e5da\" data-element_type=\"column\">\n\t\t\t<div class=\"elementor-widget-wrap elementor-element-populated\">\n\t\t\t\t\t\t<div class=\"elementor-element elementor-element-7623e73 elementor-widget elementor-widget-image\" data-id=\"7623e73\" data-element_type=\"widget\" data-widget_type=\"image.default\">\n\t\t\t\t<div class=\"elementor-widget-container\">\n\t\t\t\t\t\t\t\t\t\t\t\t<figure class=\"wp-caption\">\n\t\t\t\t\t\t\t\t\t\t<img loading=\"lazy\" decoding=\"async\" width=\"800\" height=\"566\" src=\"https:\/\/richeskarayib.com\/wp-content\/uploads\/2025\/07\/54637465492_0f854c0765_o-1024x725.jpg\" class=\"attachment-large size-large wp-image-56495\" alt=\"49e Sommet de la Caricom\" srcset=\"https:\/\/richeskarayib.com\/wp-content\/uploads\/2025\/07\/54637465492_0f854c0765_o-1024x725.jpg 1024w, https:\/\/richeskarayib.com\/wp-content\/uploads\/2025\/07\/54637465492_0f854c0765_o-300x213.jpg 300w, https:\/\/richeskarayib.com\/wp-content\/uploads\/2025\/07\/54637465492_0f854c0765_o-768x544.jpg 768w, https:\/\/richeskarayib.com\/wp-content\/uploads\/2025\/07\/54637465492_0f854c0765_o-1536x1088.jpg 1536w, https:\/\/richeskarayib.com\/wp-content\/uploads\/2025\/07\/54637465492_0f854c0765_o-1320x935.jpg 1320w, https:\/\/richeskarayib.com\/wp-content\/uploads\/2025\/07\/54637465492_0f854c0765_o.jpg 1920w\" sizes=\"(max-width: 800px) 100vw, 800px\" \/>\t\t\t\t\t\t\t\t\t\t\t<figcaption class=\"widget-image-caption wp-caption-text\">Mia Mottley. \u00a9CARICOM<\/figcaption>\n\t\t\t\t\t\t\t\t\t\t<\/figure>\n\t\t\t\t\t\t\t\t\t<\/div>\n\t\t\t\t<\/div>\n\t\t\t\t\t<\/div>\n\t\t<\/div>\n\t\t\t\t\t<\/div>\n\t\t<\/section>\n\t\t\t\t<section class=\"elementor-section elementor-inner-section elementor-element elementor-element-cca29fd elementor-section-boxed elementor-section-height-default elementor-section-height-default\" data-id=\"cca29fd\" data-element_type=\"section\">\n\t\t\t\t\t\t<div class=\"elementor-container elementor-column-gap-default\">\n\t\t\t\t\t\t<\/div>\n\t\t<\/section>\n\t\t\t\t\t<\/div>\n\t\t<\/div>\n\t\t\t\t\t<\/div>\n\t\t<\/section>\n\t\t\t\t<section class=\"elementor-section elementor-top-section elementor-element elementor-element-0db9090 elementor-section-boxed elementor-section-height-default elementor-section-height-default\" data-id=\"0db9090\" data-element_type=\"section\">\n\t\t\t\t\t\t<div class=\"elementor-container elementor-column-gap-default\">\n\t\t\t\t\t<div class=\"elementor-column elementor-col-100 elementor-top-column elementor-element elementor-element-2296183\" data-id=\"2296183\" data-element_type=\"column\">\n\t\t\t<div class=\"elementor-widget-wrap elementor-element-populated\">\n\t\t\t\t\t\t<div class=\"elementor-element elementor-element-9576154 elementor-widget elementor-widget-heading\" data-id=\"9576154\" data-element_type=\"widget\" data-widget_type=\"heading.default\">\n\t\t\t\t<div class=\"elementor-widget-container\">\n\t\t\t\t\t<h2 class=\"elementor-heading-title elementor-size-default\">Las contribuciones concretas de la 49\u00aa Cumbre de la CARICOM para los territorios miembros<\/h2>\t\t\t\t<\/div>\n\t\t\t\t<\/div>\n\t\t\t\t<div class=\"elementor-element elementor-element-500981c elementor-widget elementor-widget-text-editor\" data-id=\"500981c\" data-element_type=\"widget\" data-widget_type=\"text-editor.default\">\n\t\t\t\t<div class=\"elementor-widget-container\">\n\t\t\t\t\t\t\t\t\t<h3><b>Seguridad alimentaria y fluidez del comercio<\/b><\/h3><p>Uno de los temas principales de los debates de la 49\u00aa Cumbre de la CARICOM fue la seguridad alimentaria. Los participantes subrayaron que el establecimiento de nuevos enlaces mar\u00edtimos y a\u00e9reos, como los mencionados por Mia Mottley, contribuir\u00e1 a garantizar un abastecimiento regular de productos agr\u00edcolas y bienes de primera necesidad. Los intercambios de buenas pr\u00e1cticas entre los ministros de Agricultura y Econom\u00eda atestiguan la voluntad com\u00fan de optimizar los circuitos log\u00edsticos y reforzar la soberan\u00eda alimentaria de cada regi\u00f3n.  <\/p>\t\t\t\t\t\t\t\t<\/div>\n\t\t\t\t<\/div>\n\t\t\t\t<div class=\"elementor-element elementor-element-d72b807 elementor-widget elementor-widget-text-editor\" data-id=\"d72b807\" data-element_type=\"widget\" data-widget_type=\"text-editor.default\">\n\t\t\t\t<div class=\"elementor-widget-container\">\n\t\t\t\t\t\t\t\t\t<h3><b>Reforzar la integraci\u00f3n econ\u00f3mica y la resistencia<\/b><\/h3><p>Los debates sobre la integraci\u00f3n econ\u00f3mica han puesto de relieve la importancia de aunar recursos y diversificar los socios comerciales. Los anuncios de inversi\u00f3n p\u00fablica y privada en el transporte regional de mercanc\u00edas realizados en la 49\u00aa Cumbre de la CARICOM allanan el camino hacia una cooperaci\u00f3n reforzada, que permitir\u00e1 a los territorios miembros resistir mejor los choques externos, ya sean econ\u00f3micos, sanitarios o clim\u00e1ticos. Los participantes coinciden en que esta edici\u00f3n es un hito crucial en el camino hacia la prosperidad compartida.  <\/p>\t\t\t\t\t\t\t\t<\/div>\n\t\t\t\t<\/div>\n\t\t\t\t<div class=\"elementor-element elementor-element-1704210 elementor-widget elementor-widget-text-editor\" data-id=\"1704210\" data-element_type=\"widget\" data-widget_type=\"text-editor.default\">\n\t\t\t\t<div class=\"elementor-widget-container\">\n\t\t\t\t\t\t\t\t\t<h3><b>Perspectivas para la juventud y la innovaci\u00f3n<\/b><\/h3><p>A lo largo de los talleres, la juventud caribe\u00f1a y la innovaci\u00f3n tecnol\u00f3gica ocuparon un lugar central. Las iniciativas presentadas, ya sean programas de formaci\u00f3n, movilidad estudiantil o apoyo al esp\u00edritu empresarial, ilustran la voluntad de los dirigentes de preparar a la pr\u00f3xima generaci\u00f3n y dar a los j\u00f3venes los medios para integrarse en la din\u00e1mica regional. Estas perspectivas, que se debatieron en profundidad en la 49\u00aa Cumbre de la CARICOM, permiten vislumbrar nuevas oportunidades para los j\u00f3venes.  <\/p>\t\t\t\t\t\t\t\t<\/div>\n\t\t\t\t<\/div>\n\t\t\t\t<section class=\"elementor-section elementor-inner-section elementor-element elementor-element-2151e88 elementor-section-boxed elementor-section-height-default elementor-section-height-default\" data-id=\"2151e88\" data-element_type=\"section\">\n\t\t\t\t\t\t<div class=\"elementor-container elementor-column-gap-default\">\n\t\t\t\t\t<div class=\"elementor-column elementor-col-100 elementor-inner-column elementor-element elementor-element-49db0fc\" data-id=\"49db0fc\" data-element_type=\"column\">\n\t\t\t<div class=\"elementor-widget-wrap elementor-element-populated\">\n\t\t\t\t\t\t<div class=\"elementor-element elementor-element-458a0b7 elementor-widget elementor-widget-image\" data-id=\"458a0b7\" data-element_type=\"widget\" data-widget_type=\"image.default\">\n\t\t\t\t<div class=\"elementor-widget-container\">\n\t\t\t\t\t\t\t\t\t\t\t\t<figure class=\"wp-caption\">\n\t\t\t\t\t\t\t\t\t\t<img loading=\"lazy\" decoding=\"async\" width=\"800\" height=\"564\" src=\"https:\/\/richeskarayib.com\/wp-content\/uploads\/2025\/07\/Heads-of-Government-and-Heads-of-Delegations.-\u00a9CARICOM-1024x722.jpg\" class=\"attachment-large size-large wp-image-56503\" alt=\"49e Sommet de la Caricom\" srcset=\"https:\/\/richeskarayib.com\/wp-content\/uploads\/2025\/07\/Heads-of-Government-and-Heads-of-Delegations.-\u00a9CARICOM-1024x722.jpg 1024w, https:\/\/richeskarayib.com\/wp-content\/uploads\/2025\/07\/Heads-of-Government-and-Heads-of-Delegations.-\u00a9CARICOM-300x212.jpg 300w, https:\/\/richeskarayib.com\/wp-content\/uploads\/2025\/07\/Heads-of-Government-and-Heads-of-Delegations.-\u00a9CARICOM-768x542.jpg 768w, https:\/\/richeskarayib.com\/wp-content\/uploads\/2025\/07\/Heads-of-Government-and-Heads-of-Delegations.-\u00a9CARICOM-1536x1083.jpg 1536w, https:\/\/richeskarayib.com\/wp-content\/uploads\/2025\/07\/Heads-of-Government-and-Heads-of-Delegations.-\u00a9CARICOM-1320x931.jpg 1320w, https:\/\/richeskarayib.com\/wp-content\/uploads\/2025\/07\/Heads-of-Government-and-Heads-of-Delegations.-\u00a9CARICOM.jpg 1920w\" sizes=\"(max-width: 800px) 100vw, 800px\" \/>\t\t\t\t\t\t\t\t\t\t\t<figcaption class=\"widget-image-caption wp-caption-text\">Mia Mottley. \u00a9CARICOM<\/figcaption>\n\t\t\t\t\t\t\t\t\t\t<\/figure>\n\t\t\t\t\t\t\t\t\t<\/div>\n\t\t\t\t<\/div>\n\t\t\t\t\t<\/div>\n\t\t<\/div>\n\t\t\t\t\t<\/div>\n\t\t<\/section>\n\t\t\t\t\t<\/div>\n\t\t<\/div>\n\t\t\t\t\t<\/div>\n\t\t<\/section>\n\t\t\t\t<section class=\"elementor-section elementor-top-section elementor-element elementor-element-7b2ef92 elementor-section-boxed elementor-section-height-default elementor-section-height-default\" data-id=\"7b2ef92\" data-element_type=\"section\">\n\t\t\t\t\t\t<div class=\"elementor-container elementor-column-gap-default\">\n\t\t\t\t\t<div class=\"elementor-column elementor-col-100 elementor-top-column elementor-element elementor-element-e8712b4\" data-id=\"e8712b4\" data-element_type=\"column\">\n\t\t\t<div class=\"elementor-widget-wrap elementor-element-populated\">\n\t\t\t\t\t\t<div class=\"elementor-element elementor-element-37e0414 elementor-widget elementor-widget-heading\" data-id=\"37e0414\" data-element_type=\"widget\" data-widget_type=\"heading.default\">\n\t\t\t\t<div class=\"elementor-widget-container\">\n\t\t\t\t\t<h2 class=\"elementor-heading-title elementor-size-default\">La 49\u00aa Cumbre de la CARICOM, catalizadora de una nueva era regional<\/h2>\t\t\t\t<\/div>\n\t\t\t\t<\/div>\n\t\t\t\t<div class=\"elementor-element elementor-element-fa5cc24 elementor-widget elementor-widget-text-editor\" data-id=\"fa5cc24\" data-element_type=\"widget\" data-widget_type=\"text-editor.default\">\n\t\t\t\t<div class=\"elementor-widget-container\">\n\t\t\t\t\t\t\t\t\t<p>En Montego Bay, la 49\u00aa Cumbre del CARICOM prosigue en un ambiente estudioso y decidido. Dirigida por personalidades como Mia Mottley y Andrew Holness, la regi\u00f3n est\u00e1 dando un paso decisivo hacia la modernizaci\u00f3n de sus infraestructuras y la profundizaci\u00f3n de su integraci\u00f3n. Los debates, ricos y a veces apasionados, reflejan la determinaci\u00f3n colectiva de convertir los retos en oportunidades y construir un futuro sostenible para todos los pueblos del Caribe.  <\/p>\t\t\t\t\t\t\t\t<\/div>\n\t\t\t\t<\/div>\n\t\t\t\t\t<\/div>\n\t\t<\/div>\n\t\t\t\t\t<\/div>\n\t\t<\/section>\n\t\t\t\t<section class=\"elementor-section elementor-top-section elementor-element elementor-element-7e651c4 elementor-section-boxed elementor-section-height-default elementor-section-height-default\" data-id=\"7e651c4\" data-element_type=\"section\">\n\t\t\t\t\t\t<div class=\"elementor-container elementor-column-gap-default\">\n\t\t\t\t\t<div class=\"elementor-column elementor-col-100 elementor-top-column elementor-element elementor-element-fc8f8ff\" data-id=\"fc8f8ff\" data-element_type=\"column\">\n\t\t\t<div class=\"elementor-widget-wrap elementor-element-populated\">\n\t\t\t\t\t\t<div class=\"elementor-element elementor-element-5eedaaa elementor-widget elementor-widget-heading\" data-id=\"5eedaaa\" data-element_type=\"widget\" data-widget_type=\"heading.default\">\n\t\t\t\t<div class=\"elementor-widget-container\">\n\t\t\t\t\t<h2 class=\"elementor-heading-title elementor-size-default\">\ud83d\udcf8 Galer\u00eda de fotos: revive los mejores momentos de la ceremonia de apertura \u00a9CARICOM<\/h2>\t\t\t\t<\/div>\n\t\t\t\t<\/div>\n\t\t\t\t<section class=\"elementor-section elementor-inner-section elementor-element elementor-element-71ec83a elementor-section-boxed elementor-section-height-default elementor-section-height-default\" data-id=\"71ec83a\" data-element_type=\"section\">\n\t\t\t\t\t\t<div class=\"elementor-container elementor-column-gap-default\">\n\t\t\t\t\t<div class=\"elementor-column elementor-col-25 elementor-inner-column elementor-element elementor-element-bb82717\" data-id=\"bb82717\" data-element_type=\"column\">\n\t\t\t<div class=\"elementor-widget-wrap elementor-element-populated\">\n\t\t\t\t\t\t<div class=\"elementor-element elementor-element-f4b6fac elementor-widget elementor-widget-image\" data-id=\"f4b6fac\" data-element_type=\"widget\" data-widget_type=\"image.default\">\n\t\t\t\t<div class=\"elementor-widget-container\">\n\t\t\t\t\t\t\t\t\t\t\t\t\t\t\t<img loading=\"lazy\" decoding=\"async\" width=\"800\" height=\"534\" src=\"https:\/\/richeskarayib.com\/wp-content\/uploads\/2025\/07\/54638567578_8b1fcf5575_o-1024x683.jpg\" class=\"attachment-large size-large wp-image-56519\" alt=\"49e Sommet de la Caricom\" srcset=\"https:\/\/richeskarayib.com\/wp-content\/uploads\/2025\/07\/54638567578_8b1fcf5575_o-1024x683.jpg 1024w, https:\/\/richeskarayib.com\/wp-content\/uploads\/2025\/07\/54638567578_8b1fcf5575_o-300x200.jpg 300w, https:\/\/richeskarayib.com\/wp-content\/uploads\/2025\/07\/54638567578_8b1fcf5575_o-768x512.jpg 768w, https:\/\/richeskarayib.com\/wp-content\/uploads\/2025\/07\/54638567578_8b1fcf5575_o-1536x1024.jpg 1536w, https:\/\/richeskarayib.com\/wp-content\/uploads\/2025\/07\/54638567578_8b1fcf5575_o-1320x880.jpg 1320w, https:\/\/richeskarayib.com\/wp-content\/uploads\/2025\/07\/54638567578_8b1fcf5575_o.jpg 1920w\" sizes=\"(max-width: 800px) 100vw, 800px\" \/>\t\t\t\t\t\t\t\t\t\t\t\t\t\t\t<\/div>\n\t\t\t\t<\/div>\n\t\t\t\t\t<\/div>\n\t\t<\/div>\n\t\t\t\t<div class=\"elementor-column elementor-col-25 elementor-inner-column elementor-element elementor-element-d844bfd\" data-id=\"d844bfd\" data-element_type=\"column\">\n\t\t\t<div class=\"elementor-widget-wrap elementor-element-populated\">\n\t\t\t\t\t\t<div class=\"elementor-element elementor-element-9c3c7f0 elementor-widget elementor-widget-image\" data-id=\"9c3c7f0\" data-element_type=\"widget\" data-widget_type=\"image.default\">\n\t\t\t\t<div class=\"elementor-widget-container\">\n\t\t\t\t\t\t\t\t\t\t\t\t\t\t\t<img loading=\"lazy\" decoding=\"async\" width=\"800\" height=\"534\" src=\"https:\/\/richeskarayib.com\/wp-content\/uploads\/2025\/07\/54638541729_c46691ca2e_o-1024x683.jpg\" class=\"attachment-large size-large wp-image-56511\" alt=\"49e Sommet de la Caricom\" srcset=\"https:\/\/richeskarayib.com\/wp-content\/uploads\/2025\/07\/54638541729_c46691ca2e_o-1024x683.jpg 1024w, https:\/\/richeskarayib.com\/wp-content\/uploads\/2025\/07\/54638541729_c46691ca2e_o-300x200.jpg 300w, https:\/\/richeskarayib.com\/wp-content\/uploads\/2025\/07\/54638541729_c46691ca2e_o-768x512.jpg 768w, https:\/\/richeskarayib.com\/wp-content\/uploads\/2025\/07\/54638541729_c46691ca2e_o-1536x1024.jpg 1536w, https:\/\/richeskarayib.com\/wp-content\/uploads\/2025\/07\/54638541729_c46691ca2e_o-1320x880.jpg 1320w, https:\/\/richeskarayib.com\/wp-content\/uploads\/2025\/07\/54638541729_c46691ca2e_o.jpg 1920w\" sizes=\"(max-width: 800px) 100vw, 800px\" \/>\t\t\t\t\t\t\t\t\t\t\t\t\t\t\t<\/div>\n\t\t\t\t<\/div>\n\t\t\t\t\t<\/div>\n\t\t<\/div>\n\t\t\t\t<div class=\"elementor-column elementor-col-25 elementor-inner-column elementor-element elementor-element-cad9933\" data-id=\"cad9933\" data-element_type=\"column\">\n\t\t\t<div class=\"elementor-widget-wrap elementor-element-populated\">\n\t\t\t\t\t\t<div class=\"elementor-element elementor-element-732b53e elementor-widget elementor-widget-image\" data-id=\"732b53e\" data-element_type=\"widget\" data-widget_type=\"image.default\">\n\t\t\t\t<div class=\"elementor-widget-container\">\n\t\t\t\t\t\t\t\t\t\t\t\t\t\t\t<img loading=\"lazy\" decoding=\"async\" width=\"800\" height=\"534\" src=\"https:\/\/richeskarayib.com\/wp-content\/uploads\/2025\/07\/54638567218_2c78262582_o-1024x683.jpg\" class=\"attachment-large size-large wp-image-56515\" alt=\"49e Sommet de la Caricom\" srcset=\"https:\/\/richeskarayib.com\/wp-content\/uploads\/2025\/07\/54638567218_2c78262582_o-1024x683.jpg 1024w, https:\/\/richeskarayib.com\/wp-content\/uploads\/2025\/07\/54638567218_2c78262582_o-300x200.jpg 300w, https:\/\/richeskarayib.com\/wp-content\/uploads\/2025\/07\/54638567218_2c78262582_o-768x512.jpg 768w, https:\/\/richeskarayib.com\/wp-content\/uploads\/2025\/07\/54638567218_2c78262582_o-1536x1024.jpg 1536w, https:\/\/richeskarayib.com\/wp-content\/uploads\/2025\/07\/54638567218_2c78262582_o-1320x880.jpg 1320w, https:\/\/richeskarayib.com\/wp-content\/uploads\/2025\/07\/54638567218_2c78262582_o.jpg 1920w\" sizes=\"(max-width: 800px) 100vw, 800px\" \/>\t\t\t\t\t\t\t\t\t\t\t\t\t\t\t<\/div>\n\t\t\t\t<\/div>\n\t\t\t\t\t<\/div>\n\t\t<\/div>\n\t\t\t\t<div class=\"elementor-column elementor-col-25 elementor-inner-column elementor-element elementor-element-380989d\" data-id=\"380989d\" data-element_type=\"column\">\n\t\t\t<div class=\"elementor-widget-wrap elementor-element-populated\">\n\t\t\t\t\t\t<div class=\"elementor-element elementor-element-cdddd39 elementor-widget elementor-widget-image\" data-id=\"cdddd39\" data-element_type=\"widget\" data-widget_type=\"image.default\">\n\t\t\t\t<div class=\"elementor-widget-container\">\n\t\t\t\t\t\t\t\t\t\t\t\t\t\t\t<img loading=\"lazy\" decoding=\"async\" width=\"800\" height=\"534\" src=\"https:\/\/richeskarayib.com\/wp-content\/uploads\/2025\/07\/54637464807_462ecb1876_o-1024x683.jpg\" class=\"attachment-large size-large wp-image-56507\" alt=\"49e Sommet de la Caricom\" srcset=\"https:\/\/richeskarayib.com\/wp-content\/uploads\/2025\/07\/54637464807_462ecb1876_o-1024x683.jpg 1024w, https:\/\/richeskarayib.com\/wp-content\/uploads\/2025\/07\/54637464807_462ecb1876_o-300x200.jpg 300w, https:\/\/richeskarayib.com\/wp-content\/uploads\/2025\/07\/54637464807_462ecb1876_o-768x512.jpg 768w, https:\/\/richeskarayib.com\/wp-content\/uploads\/2025\/07\/54637464807_462ecb1876_o-1536x1024.jpg 1536w, https:\/\/richeskarayib.com\/wp-content\/uploads\/2025\/07\/54637464807_462ecb1876_o-1320x880.jpg 1320w, https:\/\/richeskarayib.com\/wp-content\/uploads\/2025\/07\/54637464807_462ecb1876_o.jpg 1920w\" sizes=\"(max-width: 800px) 100vw, 800px\" \/>\t\t\t\t\t\t\t\t\t\t\t\t\t\t\t<\/div>\n\t\t\t\t<\/div>\n\t\t\t\t\t<\/div>\n\t\t<\/div>\n\t\t\t\t\t<\/div>\n\t\t<\/section>\n\t\t\t\t<section class=\"elementor-section elementor-inner-section elementor-element elementor-element-5a6b60c elementor-section-boxed elementor-section-height-default elementor-section-height-default\" data-id=\"5a6b60c\" data-element_type=\"section\">\n\t\t\t\t\t\t<div class=\"elementor-container elementor-column-gap-default\">\n\t\t\t\t\t<div class=\"elementor-column elementor-col-25 elementor-inner-column elementor-element elementor-element-5501446\" data-id=\"5501446\" data-element_type=\"column\">\n\t\t\t<div class=\"elementor-widget-wrap elementor-element-populated\">\n\t\t\t\t\t\t<div class=\"elementor-element elementor-element-9a7de82 elementor-widget elementor-widget-image\" data-id=\"9a7de82\" data-element_type=\"widget\" data-widget_type=\"image.default\">\n\t\t\t\t<div class=\"elementor-widget-container\">\n\t\t\t\t\t\t\t\t\t\t\t\t\t\t\t<img loading=\"lazy\" decoding=\"async\" width=\"800\" height=\"534\" src=\"https:\/\/richeskarayib.com\/wp-content\/uploads\/2025\/07\/54638324306_a41eefea7b_o-1024x683.jpg\" class=\"attachment-large size-large wp-image-56523\" alt=\"49e Sommet de la Caricom\" srcset=\"https:\/\/richeskarayib.com\/wp-content\/uploads\/2025\/07\/54638324306_a41eefea7b_o-1024x683.jpg 1024w, https:\/\/richeskarayib.com\/wp-content\/uploads\/2025\/07\/54638324306_a41eefea7b_o-300x200.jpg 300w, https:\/\/richeskarayib.com\/wp-content\/uploads\/2025\/07\/54638324306_a41eefea7b_o-768x512.jpg 768w, https:\/\/richeskarayib.com\/wp-content\/uploads\/2025\/07\/54638324306_a41eefea7b_o-1536x1024.jpg 1536w, https:\/\/richeskarayib.com\/wp-content\/uploads\/2025\/07\/54638324306_a41eefea7b_o-1320x880.jpg 1320w, https:\/\/richeskarayib.com\/wp-content\/uploads\/2025\/07\/54638324306_a41eefea7b_o.jpg 1920w\" sizes=\"(max-width: 800px) 100vw, 800px\" \/>\t\t\t\t\t\t\t\t\t\t\t\t\t\t\t<\/div>\n\t\t\t\t<\/div>\n\t\t\t\t\t<\/div>\n\t\t<\/div>\n\t\t\t\t<div class=\"elementor-column elementor-col-25 elementor-inner-column elementor-element elementor-element-031d4ea\" data-id=\"031d4ea\" data-element_type=\"column\">\n\t\t\t<div class=\"elementor-widget-wrap elementor-element-populated\">\n\t\t\t\t\t\t<div class=\"elementor-element elementor-element-57ff730 elementor-widget elementor-widget-image\" data-id=\"57ff730\" data-element_type=\"widget\" data-widget_type=\"image.default\">\n\t\t\t\t<div class=\"elementor-widget-container\">\n\t\t\t\t\t\t\t\t\t\t\t\t\t\t\t<img loading=\"lazy\" decoding=\"async\" width=\"800\" height=\"534\" src=\"https:\/\/richeskarayib.com\/wp-content\/uploads\/2025\/07\/54638567743_809a0f0cdb_o-1024x683.jpg\" class=\"attachment-large size-large wp-image-56527\" alt=\"49e Sommet de la Caricom\" srcset=\"https:\/\/richeskarayib.com\/wp-content\/uploads\/2025\/07\/54638567743_809a0f0cdb_o-1024x683.jpg 1024w, https:\/\/richeskarayib.com\/wp-content\/uploads\/2025\/07\/54638567743_809a0f0cdb_o-300x200.jpg 300w, https:\/\/richeskarayib.com\/wp-content\/uploads\/2025\/07\/54638567743_809a0f0cdb_o-768x512.jpg 768w, https:\/\/richeskarayib.com\/wp-content\/uploads\/2025\/07\/54638567743_809a0f0cdb_o-1536x1024.jpg 1536w, https:\/\/richeskarayib.com\/wp-content\/uploads\/2025\/07\/54638567743_809a0f0cdb_o-1320x880.jpg 1320w, https:\/\/richeskarayib.com\/wp-content\/uploads\/2025\/07\/54638567743_809a0f0cdb_o.jpg 1920w\" sizes=\"(max-width: 800px) 100vw, 800px\" \/>\t\t\t\t\t\t\t\t\t\t\t\t\t\t\t<\/div>\n\t\t\t\t<\/div>\n\t\t\t\t\t<\/div>\n\t\t<\/div>\n\t\t\t\t<div class=\"elementor-column elementor-col-25 elementor-inner-column elementor-element elementor-element-4559f83\" data-id=\"4559f83\" data-element_type=\"column\">\n\t\t\t<div class=\"elementor-widget-wrap elementor-element-populated\">\n\t\t\t\t\t\t<div class=\"elementor-element elementor-element-6dd97d8 elementor-widget elementor-widget-image\" data-id=\"6dd97d8\" data-element_type=\"widget\" data-widget_type=\"image.default\">\n\t\t\t\t<div class=\"elementor-widget-container\">\n\t\t\t\t\t\t\t\t\t\t\t\t\t\t\t<img loading=\"lazy\" decoding=\"async\" width=\"800\" height=\"534\" src=\"https:\/\/richeskarayib.com\/wp-content\/uploads\/2025\/07\/54638323706_ec452b8873_o-1024x683.jpg\" class=\"attachment-large size-large wp-image-56531\" alt=\"49e Sommet de la Caricom\" srcset=\"https:\/\/richeskarayib.com\/wp-content\/uploads\/2025\/07\/54638323706_ec452b8873_o-1024x683.jpg 1024w, https:\/\/richeskarayib.com\/wp-content\/uploads\/2025\/07\/54638323706_ec452b8873_o-300x200.jpg 300w, https:\/\/richeskarayib.com\/wp-content\/uploads\/2025\/07\/54638323706_ec452b8873_o-768x512.jpg 768w, https:\/\/richeskarayib.com\/wp-content\/uploads\/2025\/07\/54638323706_ec452b8873_o-1536x1024.jpg 1536w, https:\/\/richeskarayib.com\/wp-content\/uploads\/2025\/07\/54638323706_ec452b8873_o-1320x880.jpg 1320w, https:\/\/richeskarayib.com\/wp-content\/uploads\/2025\/07\/54638323706_ec452b8873_o.jpg 1920w\" sizes=\"(max-width: 800px) 100vw, 800px\" \/>\t\t\t\t\t\t\t\t\t\t\t\t\t\t\t<\/div>\n\t\t\t\t<\/div>\n\t\t\t\t\t<\/div>\n\t\t<\/div>\n\t\t\t\t<div class=\"elementor-column elementor-col-25 elementor-inner-column elementor-element elementor-element-2d1df78\" data-id=\"2d1df78\" data-element_type=\"column\">\n\t\t\t<div class=\"elementor-widget-wrap elementor-element-populated\">\n\t\t\t\t\t\t<div class=\"elementor-element elementor-element-02f9189 elementor-widget elementor-widget-image\" data-id=\"02f9189\" data-element_type=\"widget\" data-widget_type=\"image.default\">\n\t\t\t\t<div class=\"elementor-widget-container\">\n\t\t\t\t\t\t\t\t\t\t\t\t\t\t\t<img loading=\"lazy\" decoding=\"async\" width=\"800\" height=\"534\" src=\"https:\/\/richeskarayib.com\/wp-content\/uploads\/2025\/07\/54638635410_38c8915bfd_o-1024x683.jpg\" class=\"attachment-large size-large wp-image-56535\" alt=\"49e Sommet de la Caricom\" srcset=\"https:\/\/richeskarayib.com\/wp-content\/uploads\/2025\/07\/54638635410_38c8915bfd_o-1024x683.jpg 1024w, https:\/\/richeskarayib.com\/wp-content\/uploads\/2025\/07\/54638635410_38c8915bfd_o-300x200.jpg 300w, https:\/\/richeskarayib.com\/wp-content\/uploads\/2025\/07\/54638635410_38c8915bfd_o-768x512.jpg 768w, https:\/\/richeskarayib.com\/wp-content\/uploads\/2025\/07\/54638635410_38c8915bfd_o-1536x1024.jpg 1536w, https:\/\/richeskarayib.com\/wp-content\/uploads\/2025\/07\/54638635410_38c8915bfd_o-1320x880.jpg 1320w, https:\/\/richeskarayib.com\/wp-content\/uploads\/2025\/07\/54638635410_38c8915bfd_o.jpg 1920w\" sizes=\"(max-width: 800px) 100vw, 800px\" \/>\t\t\t\t\t\t\t\t\t\t\t\t\t\t\t<\/div>\n\t\t\t\t<\/div>\n\t\t\t\t\t<\/div>\n\t\t<\/div>\n\t\t\t\t\t<\/div>\n\t\t<\/section>\n\t\t\t\t<section class=\"elementor-section elementor-inner-section elementor-element elementor-element-1d247b7 elementor-section-boxed elementor-section-height-default elementor-section-height-default\" data-id=\"1d247b7\" data-element_type=\"section\">\n\t\t\t\t\t\t<div class=\"elementor-container elementor-column-gap-default\">\n\t\t\t\t\t<div class=\"elementor-column elementor-col-33 elementor-inner-column elementor-element elementor-element-58401ba\" data-id=\"58401ba\" data-element_type=\"column\">\n\t\t\t<div class=\"elementor-widget-wrap elementor-element-populated\">\n\t\t\t\t\t\t<div class=\"elementor-element elementor-element-6e17d4c elementor-widget elementor-widget-image\" data-id=\"6e17d4c\" data-element_type=\"widget\" data-widget_type=\"image.default\">\n\t\t\t\t<div class=\"elementor-widget-container\">\n\t\t\t\t\t\t\t\t\t\t\t\t\t\t\t<img loading=\"lazy\" decoding=\"async\" width=\"800\" height=\"534\" src=\"https:\/\/richeskarayib.com\/wp-content\/uploads\/2025\/07\/54638541679_1b57b00f17_o-1024x683.jpg\" class=\"attachment-large size-large wp-image-56539\" alt=\"49e Sommet de la Caricom\" srcset=\"https:\/\/richeskarayib.com\/wp-content\/uploads\/2025\/07\/54638541679_1b57b00f17_o-1024x683.jpg 1024w, https:\/\/richeskarayib.com\/wp-content\/uploads\/2025\/07\/54638541679_1b57b00f17_o-300x200.jpg 300w, https:\/\/richeskarayib.com\/wp-content\/uploads\/2025\/07\/54638541679_1b57b00f17_o-768x512.jpg 768w, https:\/\/richeskarayib.com\/wp-content\/uploads\/2025\/07\/54638541679_1b57b00f17_o-1536x1024.jpg 1536w, https:\/\/richeskarayib.com\/wp-content\/uploads\/2025\/07\/54638541679_1b57b00f17_o-1320x880.jpg 1320w, https:\/\/richeskarayib.com\/wp-content\/uploads\/2025\/07\/54638541679_1b57b00f17_o.jpg 1920w\" sizes=\"(max-width: 800px) 100vw, 800px\" \/>\t\t\t\t\t\t\t\t\t\t\t\t\t\t\t<\/div>\n\t\t\t\t<\/div>\n\t\t\t\t\t<\/div>\n\t\t<\/div>\n\t\t\t\t<div class=\"elementor-column elementor-col-33 elementor-inner-column elementor-element elementor-element-3c8a0c1\" data-id=\"3c8a0c1\" data-element_type=\"column\">\n\t\t\t<div class=\"elementor-widget-wrap elementor-element-populated\">\n\t\t\t\t\t\t<div class=\"elementor-element elementor-element-ab1cb45 elementor-widget elementor-widget-image\" data-id=\"ab1cb45\" data-element_type=\"widget\" data-widget_type=\"image.default\">\n\t\t\t\t<div class=\"elementor-widget-container\">\n\t\t\t\t\t\t\t\t\t\t\t\t\t\t\t<img loading=\"lazy\" decoding=\"async\" width=\"800\" height=\"534\" src=\"https:\/\/richeskarayib.com\/wp-content\/uploads\/2025\/07\/54638634655_1e5b8e4b27_o-1024x683.jpg\" class=\"attachment-large size-large wp-image-56551\" alt=\"49e Sommet de la Caricom\" srcset=\"https:\/\/richeskarayib.com\/wp-content\/uploads\/2025\/07\/54638634655_1e5b8e4b27_o-1024x683.jpg 1024w, https:\/\/richeskarayib.com\/wp-content\/uploads\/2025\/07\/54638634655_1e5b8e4b27_o-300x200.jpg 300w, https:\/\/richeskarayib.com\/wp-content\/uploads\/2025\/07\/54638634655_1e5b8e4b27_o-768x512.jpg 768w, https:\/\/richeskarayib.com\/wp-content\/uploads\/2025\/07\/54638634655_1e5b8e4b27_o-1536x1024.jpg 1536w, https:\/\/richeskarayib.com\/wp-content\/uploads\/2025\/07\/54638634655_1e5b8e4b27_o-1320x880.jpg 1320w, https:\/\/richeskarayib.com\/wp-content\/uploads\/2025\/07\/54638634655_1e5b8e4b27_o.jpg 1920w\" sizes=\"(max-width: 800px) 100vw, 800px\" \/>\t\t\t\t\t\t\t\t\t\t\t\t\t\t\t<\/div>\n\t\t\t\t<\/div>\n\t\t\t\t\t<\/div>\n\t\t<\/div>\n\t\t\t\t<div class=\"elementor-column elementor-col-33 elementor-inner-column elementor-element elementor-element-91da965\" data-id=\"91da965\" data-element_type=\"column\">\n\t\t\t<div class=\"elementor-widget-wrap elementor-element-populated\">\n\t\t\t\t\t\t<div class=\"elementor-element elementor-element-e88e97f elementor-widget elementor-widget-image\" data-id=\"e88e97f\" data-element_type=\"widget\" data-widget_type=\"image.default\">\n\t\t\t\t<div class=\"elementor-widget-container\">\n\t\t\t\t\t\t\t\t\t\t\t\t\t\t\t<img loading=\"lazy\" decoding=\"async\" width=\"800\" height=\"627\" src=\"https:\/\/richeskarayib.com\/wp-content\/uploads\/2025\/07\/54637465272_9b5757c524_o-1024x803.jpg\" class=\"attachment-large size-large wp-image-56543\" alt=\"49e Sommet de la Caricom\" srcset=\"https:\/\/richeskarayib.com\/wp-content\/uploads\/2025\/07\/54637465272_9b5757c524_o-1024x803.jpg 1024w, https:\/\/richeskarayib.com\/wp-content\/uploads\/2025\/07\/54637465272_9b5757c524_o-300x235.jpg 300w, https:\/\/richeskarayib.com\/wp-content\/uploads\/2025\/07\/54637465272_9b5757c524_o-768x602.jpg 768w, https:\/\/richeskarayib.com\/wp-content\/uploads\/2025\/07\/54637465272_9b5757c524_o-1536x1204.jpg 1536w, https:\/\/richeskarayib.com\/wp-content\/uploads\/2025\/07\/54637465272_9b5757c524_o-1320x1035.jpg 1320w, https:\/\/richeskarayib.com\/wp-content\/uploads\/2025\/07\/54637465272_9b5757c524_o.jpg 1920w\" sizes=\"(max-width: 800px) 100vw, 800px\" \/>\t\t\t\t\t\t\t\t\t\t\t\t\t\t\t<\/div>\n\t\t\t\t<\/div>\n\t\t\t\t\t<\/div>\n\t\t<\/div>\n\t\t\t\t\t<\/div>\n\t\t<\/section>\n\t\t\t\t\t<\/div>\n\t\t<\/div>\n\t\t\t\t\t<\/div>\n\t\t<\/section>\n\t\t\t\t<\/div>\n\t\t","protected":false},"excerpt":{"rendered":"<p>Del 6 al 8 de julio de 2025, Montego Bay bullir\u00e1 con la 49\u00aa Cumbre de la CARICOM, en la que los Jefes de Estado y de Gobierno de los pa\u00edses miembros se reunir\u00e1n para debatir los principales retos a los que se enfrenta la regi\u00f3n. La Cumbre, presidida por Andrew Holness, Primer Ministro de [&hellip;]<\/p>\n","protected":false},"author":662,"featured_media":56471,"comment_status":"open","ping_status":"open","sticky":false,"template":"","format":"standard","meta":{"_acf_changed":false,"footnotes":""},"categories":[1791,839],"tags":[1442,1803,1674,1564,1717,1645,1668,1606,810,1770,1693,816,1699,1682,1746,1678,1669],"class_list":["post-56553","post","type-post","status-publish","format-standard","has-post-thumbnail","hentry","category-cooperacion","category-noticias","tag-anguilla-es","tag-antigua-y-barbuda-es","tag-bahamas-es","tag-belice","tag-dominique-es","tag-granada-es","tag-guyana-es-2","tag-haiti-fr-2","tag-haiti-es-2","tag-islas-virgenes-britanicas-es","tag-jamaique-2","tag-martinique-es","tag-montserrat-es","tag-san-cristobal-y-nieves","tag-san-vicente-y-las-granadinas-es","tag-santa-lucia-es-3","tag-surinam"],"acf":[],"_links":{"self":[{"href":"https:\/\/richeskarayib.com\/es\/wp-json\/wp\/v2\/posts\/56553","targetHints":{"allow":["GET"]}}],"collection":[{"href":"https:\/\/richeskarayib.com\/es\/wp-json\/wp\/v2\/posts"}],"about":[{"href":"https:\/\/richeskarayib.com\/es\/wp-json\/wp\/v2\/types\/post"}],"author":[{"embeddable":true,"href":"https:\/\/richeskarayib.com\/es\/wp-json\/wp\/v2\/users\/662"}],"replies":[{"embeddable":true,"href":"https:\/\/richeskarayib.com\/es\/wp-json\/wp\/v2\/comments?post=56553"}],"version-history":[{"count":0,"href":"https:\/\/richeskarayib.com\/es\/wp-json\/wp\/v2\/posts\/56553\/revisions"}],"wp:featuredmedia":[{"embeddable":true,"href":"https:\/\/richeskarayib.com\/es\/wp-json\/wp\/v2\/media\/56471"}],"wp:attachment":[{"href":"https:\/\/richeskarayib.com\/es\/wp-json\/wp\/v2\/media?parent=56553"}],"wp:term":[{"taxonomy":"category","embeddable":true,"href":"https:\/\/richeskarayib.com\/es\/wp-json\/wp\/v2\/categories?post=56553"},{"taxonomy":"post_tag","embeddable":true,"href":"https:\/\/richeskarayib.com\/es\/wp-json\/wp\/v2\/tags?post=56553"}],"curies":[{"name":"wp","href":"https:\/\/api.w.org\/{rel}","templated":true}]}}