{"id":56634,"date":"2025-07-09T04:49:14","date_gmt":"2025-07-09T08:49:14","guid":{"rendered":"https:\/\/richeskarayib.com\/curupira-el-espiritu-de-la-selva-amazonica-se-convierte-en-la-voz-simbolica-de-la-cop30\/"},"modified":"2025-07-09T04:49:15","modified_gmt":"2025-07-09T08:49:15","slug":"curupira-el-espiritu-de-la-selva-amazonica-se-convierte-en-la-voz-simbolica-de-la-cop30","status":"publish","type":"post","link":"https:\/\/richeskarayib.com\/es\/curupira-el-espiritu-de-la-selva-amazonica-se-convierte-en-la-voz-simbolica-de-la-cop30\/","title":{"rendered":"Curupira, el esp\u00edritu de la selva amaz\u00f3nica, se convierte en la voz simb\u00f3lica de la COP30"},"content":{"rendered":"\t\t<div data-elementor-type=\"wp-post\" data-elementor-id=\"56634\" class=\"elementor elementor-56634 elementor-56600\" data-elementor-post-type=\"post\">\n\t\t\t\t\t\t<section class=\"elementor-section elementor-top-section elementor-element elementor-element-3756bbb elementor-section-boxed elementor-section-height-default elementor-section-height-default\" data-id=\"3756bbb\" data-element_type=\"section\">\n\t\t\t\t\t\t<div class=\"elementor-container elementor-column-gap-default\">\n\t\t\t\t\t<div class=\"elementor-column elementor-col-100 elementor-top-column elementor-element elementor-element-df79712\" data-id=\"df79712\" data-element_type=\"column\">\n\t\t\t<div class=\"elementor-widget-wrap elementor-element-populated\">\n\t\t\t\t\t\t<section class=\"elementor-section elementor-inner-section elementor-element elementor-element-756e7fb elementor-section-boxed elementor-section-height-default elementor-section-height-default\" data-id=\"756e7fb\" data-element_type=\"section\">\n\t\t\t\t\t\t<div class=\"elementor-container elementor-column-gap-default\">\n\t\t\t\t\t<div class=\"elementor-column elementor-col-100 elementor-inner-column elementor-element elementor-element-dd1326d\" data-id=\"dd1326d\" data-element_type=\"column\">\n\t\t\t<div class=\"elementor-widget-wrap elementor-element-populated\">\n\t\t\t\t\t\t<div class=\"elementor-element elementor-element-81e63b5 elementor-widget elementor-widget-text-editor\" data-id=\"81e63b5\" data-element_type=\"widget\" data-widget_type=\"text-editor.default\">\n\t\t\t\t<div class=\"elementor-widget-container\">\n\t\t\t\t\t\t\t\t\t<p><b>COP30<\/b>: este nombre hace referencia a la 30\u1d49 Conferencia de las Partes de la Convenci\u00f3n Marco de las Naciones Unidas sobre el Cambio Clim\u00e1tico, que se celebrar\u00e1 del 10 al 21 de noviembre de 2025 en <b>Bel\u00e9m<\/b>, <a href=\"https:\/\/richeskarayib.com\/es\/cumbre-brasil-caribe-2025-hacia-una-cooperacion-mas-estrecha\/\" target=\"_blank\" rel=\"noopener\">Brasil<\/a>. Organizada por primera vez en el coraz\u00f3n de la Amazonia, esta conferencia internacional reunir\u00e1 a m\u00e1s de 190 delegaciones nacionales, jefes de Estado, ONG, cient\u00edficos y representantes de la sociedad civil para negociar medidas urgentes para hacer frente al empeoramiento de los trastornos clim\u00e1ticos. <\/p>\t\t\t\t\t\t\t\t<\/div>\n\t\t\t\t<\/div>\n\t\t\t\t<div class=\"elementor-element elementor-element-60c2b12 elementor-widget elementor-widget-text-editor\" data-id=\"60c2b12\" data-element_type=\"widget\" data-widget_type=\"text-editor.default\">\n\t\t\t\t<div class=\"elementor-widget-container\">\n\t\t\t\t\t\t\t\t\t<p>Esta elecci\u00f3n geogr\u00e1fica marca un punto de inflexi\u00f3n: la mayor selva tropical del mundo se convierte tanto en el tel\u00f3n de fondo como en el centro de los debates. Ante los niveles r\u00e9cord de deforestaci\u00f3n, la p\u00e9rdida de biodiversidad y la creciente presi\u00f3n de las industrias extractivas, la COP30 pretende redefinir las prioridades en la lucha contra el cambio clim\u00e1tico situando la protecci\u00f3n de los ecosistemas en el centro de los compromisos internacionales. <\/p>\t\t\t\t\t\t\t\t<\/div>\n\t\t\t\t<\/div>\n\t\t\t\t\t<\/div>\n\t\t<\/div>\n\t\t\t\t\t<\/div>\n\t\t<\/section>\n\t\t\t\t<section class=\"elementor-section elementor-inner-section elementor-element elementor-element-035165e elementor-section-boxed elementor-section-height-default elementor-section-height-default\" data-id=\"035165e\" data-element_type=\"section\">\n\t\t\t\t\t\t<div class=\"elementor-container elementor-column-gap-default\">\n\t\t\t\t\t<div class=\"elementor-column elementor-col-100 elementor-inner-column elementor-element elementor-element-e427c4c\" data-id=\"e427c4c\" data-element_type=\"column\">\n\t\t\t<div class=\"elementor-widget-wrap elementor-element-populated\">\n\t\t\t\t\t\t<div class=\"elementor-element elementor-element-ad754b4 elementor-widget elementor-widget-image\" data-id=\"ad754b4\" data-element_type=\"widget\" data-widget_type=\"image.default\">\n\t\t\t\t<div class=\"elementor-widget-container\">\n\t\t\t\t\t\t\t\t\t\t\t\t<figure class=\"wp-caption\">\n\t\t\t\t\t\t\t\t\t\t<img fetchpriority=\"high\" decoding=\"async\" width=\"800\" height=\"382\" src=\"https:\/\/richeskarayib.com\/wp-content\/uploads\/2025\/07\/Reproduction-du-gouvernement-federal-1024x489.jpg\" class=\"attachment-large size-large wp-image-56608\" alt=\"COP30\" srcset=\"https:\/\/richeskarayib.com\/wp-content\/uploads\/2025\/07\/Reproduction-du-gouvernement-federal-1024x489.jpg 1024w, https:\/\/richeskarayib.com\/wp-content\/uploads\/2025\/07\/Reproduction-du-gouvernement-federal-300x143.jpg 300w, https:\/\/richeskarayib.com\/wp-content\/uploads\/2025\/07\/Reproduction-du-gouvernement-federal-768x367.jpg 768w, https:\/\/richeskarayib.com\/wp-content\/uploads\/2025\/07\/Reproduction-du-gouvernement-federal-1536x733.jpg 1536w, https:\/\/richeskarayib.com\/wp-content\/uploads\/2025\/07\/Reproduction-du-gouvernement-federal-1320x630.jpg 1320w, https:\/\/richeskarayib.com\/wp-content\/uploads\/2025\/07\/Reproduction-du-gouvernement-federal.jpg 1600w\" sizes=\"(max-width: 800px) 100vw, 800px\" \/>\t\t\t\t\t\t\t\t\t\t\t<figcaption class=\"widget-image-caption wp-caption-text\">\u00a9Reproduction du gouvernement f\u00e9d\u00e9ral<\/figcaption>\n\t\t\t\t\t\t\t\t\t\t<\/figure>\n\t\t\t\t\t\t\t\t\t<\/div>\n\t\t\t\t<\/div>\n\t\t\t\t\t<\/div>\n\t\t<\/div>\n\t\t\t\t\t<\/div>\n\t\t<\/section>\n\t\t\t\t\t<\/div>\n\t\t<\/div>\n\t\t\t\t\t<\/div>\n\t\t<\/section>\n\t\t\t\t<section class=\"elementor-section elementor-top-section elementor-element elementor-element-5b928cf elementor-section-boxed elementor-section-height-default elementor-section-height-default\" data-id=\"5b928cf\" data-element_type=\"section\">\n\t\t\t\t\t\t<div class=\"elementor-container elementor-column-gap-default\">\n\t\t\t\t\t<div class=\"elementor-column elementor-col-100 elementor-top-column elementor-element elementor-element-587c274\" data-id=\"587c274\" data-element_type=\"column\">\n\t\t\t<div class=\"elementor-widget-wrap elementor-element-populated\">\n\t\t\t\t\t\t<div class=\"elementor-element elementor-element-2047da4 elementor-widget elementor-widget-heading\" data-id=\"2047da4\" data-element_type=\"widget\" data-widget_type=\"heading.default\">\n\t\t\t\t<div class=\"elementor-widget-container\">\n\t\t\t\t\t<h2 class=\"elementor-heading-title elementor-size-default\">Curupira: un esp\u00edritu antiguo para los retos del futuro  <\/h2>\t\t\t\t<\/div>\n\t\t\t\t<\/div>\n\t\t\t\t<section class=\"elementor-section elementor-inner-section elementor-element elementor-element-2b2df22 elementor-section-boxed elementor-section-height-default elementor-section-height-default\" data-id=\"2b2df22\" data-element_type=\"section\">\n\t\t\t\t\t\t<div class=\"elementor-container elementor-column-gap-default\">\n\t\t\t\t\t<div class=\"elementor-column elementor-col-100 elementor-inner-column elementor-element elementor-element-7a63a34\" data-id=\"7a63a34\" data-element_type=\"column\">\n\t\t\t<div class=\"elementor-widget-wrap elementor-element-populated\">\n\t\t\t\t\t\t<div class=\"elementor-element elementor-element-994871c elementor-widget elementor-widget-text-editor\" data-id=\"994871c\" data-element_type=\"widget\" data-widget_type=\"text-editor.default\">\n\t\t\t\t<div class=\"elementor-widget-container\">\n\t\t\t\t\t\t\t\t\t<p>Para encarnar esta edici\u00f3n decisiva, Brasil ha elegido una figura de las leyendas ind\u00edgenas: <a href=\"https:\/\/la1ere.franceinfo.fr\/guyane\/curupira-personnage-mythique-de-l-amazonie-bresilienne-mascotte-officielle-de-la-cop30-1602099.html\" target=\"_blank\" rel=\"noopener nofollow\"><b>Curupira<\/b><\/a>la m\u00edtica guardiana de la selva amaz\u00f3nica. Lejos de ser un s\u00edmbolo consensuado, esta figura encarna una forma de resistencia. En la tradici\u00f3n tup\u00ed-guaran\u00ed, se le representa como un hombre peque\u00f1o, pelirrojo y con los pies hacia arriba, capaz de ahuyentar a los intrusos y defender ferozmente su territorio.  <\/p>\t\t\t\t\t\t\t\t<\/div>\n\t\t\t\t<\/div>\n\t\t\t\t<div class=\"elementor-element elementor-element-ad5f1d4 elementor-widget elementor-widget-text-editor\" data-id=\"ad5f1d4\" data-element_type=\"widget\" data-widget_type=\"text-editor.default\">\n\t\t\t\t<div class=\"elementor-widget-container\">\n\t\t\t\t\t\t\t\t\t<p>Su nombre, formado por las palabras &#8220;curumin&#8221; (ni\u00f1o) y &#8220;pira&#8221; (cuerpo), evoca tanto la infancia como la vitalidad. Curupira no es s\u00f3lo un personaje folcl\u00f3rico: est\u00e1 profundamente arraigado en la memoria colectiva de los pueblos de la selva, y su influencia se extiende m\u00e1s all\u00e1 de las fronteras de Brasil. <\/p>\t\t\t\t\t\t\t\t<\/div>\n\t\t\t\t<\/div>\n\t\t\t\t<div class=\"elementor-element elementor-element-53991a4 elementor-widget elementor-widget-text-editor\" data-id=\"53991a4\" data-element_type=\"widget\" data-widget_type=\"text-editor.default\">\n\t\t\t\t<div class=\"elementor-widget-container\">\n\t\t\t\t\t\t\t\t\t<p>En <a href=\"https:\/\/richeskarayib.com\/es\/guayana-francesa-la-abolicion-de-la-esclavitud-en-la-guayana-francesa-un-recuerdo-vivo-una-lucha-actual-10-de-junio-de-1848\/\" target=\"_blank\" rel=\"noopener\">la Guayana Francesa<\/a>, se conoce como <b>Makilili<\/b>. En Colombia, se convierte en <b>Madre Monte<\/b>. En Ecuador, se conoce como <b>Sachamama<\/b>, la madre de los \u00e1rboles. En la Amazonia peruana, se la conoce como <b>Chullachaqui<\/b>. En Surinam y Guyana, se le llama <b>Winti-boskopu<\/b> o <b>Watramama<\/b>. Todos estos avatares cumplen la misma misi\u00f3n: proteger la selva de los depredadores.     <\/p>\t\t\t\t\t\t\t\t<\/div>\n\t\t\t\t<\/div>\n\t\t\t\t\t<\/div>\n\t\t<\/div>\n\t\t\t\t\t<\/div>\n\t\t<\/section>\n\t\t\t\t<section class=\"elementor-section elementor-inner-section elementor-element elementor-element-c51c1e9 elementor-section-boxed elementor-section-height-default elementor-section-height-default\" data-id=\"c51c1e9\" data-element_type=\"section\">\n\t\t\t\t\t\t<div class=\"elementor-container elementor-column-gap-default\">\n\t\t\t\t\t\t<\/div>\n\t\t<\/section>\n\t\t\t\t\t<\/div>\n\t\t<\/div>\n\t\t\t\t\t<\/div>\n\t\t<\/section>\n\t\t\t\t<section class=\"elementor-section elementor-top-section elementor-element elementor-element-63274e9 elementor-section-boxed elementor-section-height-default elementor-section-height-default\" data-id=\"63274e9\" data-element_type=\"section\">\n\t\t\t\t\t\t<div class=\"elementor-container elementor-column-gap-default\">\n\t\t\t\t\t<div class=\"elementor-column elementor-col-100 elementor-top-column elementor-element elementor-element-50500d6\" data-id=\"50500d6\" data-element_type=\"column\">\n\t\t\t<div class=\"elementor-widget-wrap elementor-element-populated\">\n\t\t\t\t\t\t<div class=\"elementor-element elementor-element-02d81f4 elementor-widget elementor-widget-heading\" data-id=\"02d81f4\" data-element_type=\"widget\" data-widget_type=\"heading.default\">\n\t\t\t\t<div class=\"elementor-widget-container\">\n\t\t\t\t\t<h2 class=\"elementor-heading-title elementor-size-default\">Un territorio compartido, una emergencia com\u00fan<\/h2>\t\t\t\t<\/div>\n\t\t\t\t<\/div>\n\t\t\t\t<section class=\"elementor-section elementor-inner-section elementor-element elementor-element-f7b7508 elementor-section-boxed elementor-section-height-default elementor-section-height-default\" data-id=\"f7b7508\" data-element_type=\"section\">\n\t\t\t\t\t\t<div class=\"elementor-container elementor-column-gap-default\">\n\t\t\t\t\t<div class=\"elementor-column elementor-col-100 elementor-inner-column elementor-element elementor-element-606693d\" data-id=\"606693d\" data-element_type=\"column\">\n\t\t\t<div class=\"elementor-widget-wrap elementor-element-populated\">\n\t\t\t\t\t\t<div class=\"elementor-element elementor-element-a485770 elementor-widget elementor-widget-text-editor\" data-id=\"a485770\" data-element_type=\"widget\" data-widget_type=\"text-editor.default\">\n\t\t\t\t<div class=\"elementor-widget-container\">\n\t\t\t\t\t\t\t\t\t<p>La Amazonia ocupa m\u00e1s de cinco millones de kil\u00f3metros cuadrados y atraviesa nueve pa\u00edses: <b>Brasil<\/b>, <b>Colombia<\/b>, <b>Per\u00fa<\/b>, <b>Bolivia<\/b>, <b>Ecuador<\/b>, <b>Venezuela<\/b>, <b>Surinam<\/b>, <b>Guayana<\/b> y <b>Guayana Francesa<\/b>. Este vasto territorio alberga a unos 34 millones de personas, entre ellas cientos de pueblos ind\u00edgenas, que a menudo se encuentran en primera l\u00ednea cuando se trata de los efectos de las pol\u00edticas extractivistas y la crisis clim\u00e1tica. <\/p><p>Al elegir <b>a Curupira<\/b> como mascota oficial, <b>la COP30<\/b> est\u00e1 enviando una se\u00f1al clara: el reconocimiento de los conocimientos ancestrales y las luchas locales, y la plena participaci\u00f3n de las poblaciones amaz\u00f3nicas en los debates globales.<\/p>\t\t\t\t\t\t\t\t<\/div>\n\t\t\t\t<\/div>\n\t\t\t\t\t<\/div>\n\t\t<\/div>\n\t\t\t\t\t<\/div>\n\t\t<\/section>\n\t\t\t\t<section class=\"elementor-section elementor-inner-section elementor-element elementor-element-0d75d94 elementor-section-boxed elementor-section-height-default elementor-section-height-default\" data-id=\"0d75d94\" data-element_type=\"section\">\n\t\t\t\t\t\t<div class=\"elementor-container elementor-column-gap-default\">\n\t\t\t\t\t<div class=\"elementor-column elementor-col-33 elementor-inner-column elementor-element elementor-element-dd242f9\" data-id=\"dd242f9\" data-element_type=\"column\">\n\t\t\t<div class=\"elementor-widget-wrap elementor-element-populated\">\n\t\t\t\t\t\t<div class=\"elementor-element elementor-element-dabea29 elementor-widget elementor-widget-image\" data-id=\"dabea29\" data-element_type=\"widget\" data-widget_type=\"image.default\">\n\t\t\t\t<div class=\"elementor-widget-container\">\n\t\t\t\t\t\t\t\t\t\t\t\t<figure class=\"wp-caption\">\n\t\t\t\t\t\t\t\t\t\t<img decoding=\"async\" width=\"800\" height=\"534\" src=\"https:\/\/richeskarayib.com\/wp-content\/uploads\/2025\/07\/amazonie-paysage-1024x683-1.jpg\" class=\"attachment-large size-large wp-image-56612\" alt=\"COP30\" srcset=\"https:\/\/richeskarayib.com\/wp-content\/uploads\/2025\/07\/amazonie-paysage-1024x683-1.jpg 1024w, https:\/\/richeskarayib.com\/wp-content\/uploads\/2025\/07\/amazonie-paysage-1024x683-1-300x200.jpg 300w, https:\/\/richeskarayib.com\/wp-content\/uploads\/2025\/07\/amazonie-paysage-1024x683-1-768x512.jpg 768w\" sizes=\"(max-width: 800px) 100vw, 800px\" \/>\t\t\t\t\t\t\t\t\t\t\t<figcaption class=\"widget-image-caption wp-caption-text\">\u00a9grandsespaces<\/figcaption>\n\t\t\t\t\t\t\t\t\t\t<\/figure>\n\t\t\t\t\t\t\t\t\t<\/div>\n\t\t\t\t<\/div>\n\t\t\t\t\t<\/div>\n\t\t<\/div>\n\t\t\t\t<div class=\"elementor-column elementor-col-33 elementor-inner-column elementor-element elementor-element-49fae3b\" data-id=\"49fae3b\" data-element_type=\"column\">\n\t\t\t<div class=\"elementor-widget-wrap elementor-element-populated\">\n\t\t\t\t\t\t<div class=\"elementor-element elementor-element-2b1327a elementor-widget elementor-widget-image\" data-id=\"2b1327a\" data-element_type=\"widget\" data-widget_type=\"image.default\">\n\t\t\t\t<div class=\"elementor-widget-container\">\n\t\t\t\t\t\t\t\t\t\t\t\t<figure class=\"wp-caption\">\n\t\t\t\t\t\t\t\t\t\t<img decoding=\"async\" width=\"800\" height=\"533\" src=\"https:\/\/richeskarayib.com\/wp-content\/uploads\/2025\/07\/caiman-amazonie.jpg\" class=\"attachment-large size-large wp-image-56616\" alt=\"COP30\" srcset=\"https:\/\/richeskarayib.com\/wp-content\/uploads\/2025\/07\/caiman-amazonie.jpg 1000w, https:\/\/richeskarayib.com\/wp-content\/uploads\/2025\/07\/caiman-amazonie-300x200.jpg 300w, https:\/\/richeskarayib.com\/wp-content\/uploads\/2025\/07\/caiman-amazonie-768x511.jpg 768w\" sizes=\"(max-width: 800px) 100vw, 800px\" \/>\t\t\t\t\t\t\t\t\t\t\t<figcaption class=\"widget-image-caption wp-caption-text\">\u00a9grandsespaces<\/figcaption>\n\t\t\t\t\t\t\t\t\t\t<\/figure>\n\t\t\t\t\t\t\t\t\t<\/div>\n\t\t\t\t<\/div>\n\t\t\t\t\t<\/div>\n\t\t<\/div>\n\t\t\t\t<div class=\"elementor-column elementor-col-33 elementor-inner-column elementor-element elementor-element-3e082d7\" data-id=\"3e082d7\" data-element_type=\"column\">\n\t\t\t<div class=\"elementor-widget-wrap elementor-element-populated\">\n\t\t\t\t\t\t<div class=\"elementor-element elementor-element-0b19930 elementor-widget elementor-widget-image\" data-id=\"0b19930\" data-element_type=\"widget\" data-widget_type=\"image.default\">\n\t\t\t\t<div class=\"elementor-widget-container\">\n\t\t\t\t\t\t\t\t\t\t\t\t\t\t\t<img loading=\"lazy\" decoding=\"async\" width=\"800\" height=\"532\" src=\"https:\/\/richeskarayib.com\/wp-content\/uploads\/2025\/07\/foret-tropicale-amazonie.jpg\" class=\"attachment-large size-large wp-image-56620\" alt=\"COP30\" srcset=\"https:\/\/richeskarayib.com\/wp-content\/uploads\/2025\/07\/foret-tropicale-amazonie.jpg 1000w, https:\/\/richeskarayib.com\/wp-content\/uploads\/2025\/07\/foret-tropicale-amazonie-300x200.jpg 300w, https:\/\/richeskarayib.com\/wp-content\/uploads\/2025\/07\/foret-tropicale-amazonie-768x511.jpg 768w\" sizes=\"(max-width: 800px) 100vw, 800px\" \/>\t\t\t\t\t\t\t\t\t\t\t\t\t\t\t<\/div>\n\t\t\t\t<\/div>\n\t\t\t\t\t<\/div>\n\t\t<\/div>\n\t\t\t\t\t<\/div>\n\t\t<\/section>\n\t\t\t\t<section class=\"elementor-section elementor-inner-section elementor-element elementor-element-8b12b3a elementor-section-boxed elementor-section-height-default elementor-section-height-default\" data-id=\"8b12b3a\" data-element_type=\"section\">\n\t\t\t\t\t\t<div class=\"elementor-container elementor-column-gap-default\">\n\t\t\t\t\t<div class=\"elementor-column elementor-col-33 elementor-inner-column elementor-element elementor-element-7ef94b3\" data-id=\"7ef94b3\" data-element_type=\"column\">\n\t\t\t<div class=\"elementor-widget-wrap elementor-element-populated\">\n\t\t\t\t\t\t<div class=\"elementor-element elementor-element-0903cb5 elementor-widget elementor-widget-image\" data-id=\"0903cb5\" data-element_type=\"widget\" data-widget_type=\"image.default\">\n\t\t\t\t<div class=\"elementor-widget-container\">\n\t\t\t\t\t\t\t\t\t\t\t\t<figure class=\"wp-caption\">\n\t\t\t\t\t\t\t\t\t\t<img loading=\"lazy\" decoding=\"async\" width=\"800\" height=\"534\" src=\"https:\/\/richeskarayib.com\/wp-content\/uploads\/2025\/07\/paresseux-amazonie.jpg\" class=\"attachment-large size-large wp-image-56624\" alt=\"COP30\" srcset=\"https:\/\/richeskarayib.com\/wp-content\/uploads\/2025\/07\/paresseux-amazonie.jpg 1000w, https:\/\/richeskarayib.com\/wp-content\/uploads\/2025\/07\/paresseux-amazonie-300x200.jpg 300w, https:\/\/richeskarayib.com\/wp-content\/uploads\/2025\/07\/paresseux-amazonie-768x512.jpg 768w\" sizes=\"(max-width: 800px) 100vw, 800px\" \/>\t\t\t\t\t\t\t\t\t\t\t<figcaption class=\"widget-image-caption wp-caption-text\">\u00a9grandsespaces<\/figcaption>\n\t\t\t\t\t\t\t\t\t\t<\/figure>\n\t\t\t\t\t\t\t\t\t<\/div>\n\t\t\t\t<\/div>\n\t\t\t\t\t<\/div>\n\t\t<\/div>\n\t\t\t\t<div class=\"elementor-column elementor-col-33 elementor-inner-column elementor-element elementor-element-e413075\" data-id=\"e413075\" data-element_type=\"column\">\n\t\t\t<div class=\"elementor-widget-wrap elementor-element-populated\">\n\t\t\t\t\t\t<div class=\"elementor-element elementor-element-883d8d4 elementor-widget elementor-widget-image\" data-id=\"883d8d4\" data-element_type=\"widget\" data-widget_type=\"image.default\">\n\t\t\t\t<div class=\"elementor-widget-container\">\n\t\t\t\t\t\t\t\t\t\t\t\t<figure class=\"wp-caption\">\n\t\t\t\t\t\t\t\t\t\t<img loading=\"lazy\" decoding=\"async\" width=\"800\" height=\"533\" src=\"https:\/\/richeskarayib.com\/wp-content\/uploads\/2025\/07\/singe-ecureuil-amazonie.jpg\" class=\"attachment-large size-large wp-image-56628\" alt=\"COP30\" srcset=\"https:\/\/richeskarayib.com\/wp-content\/uploads\/2025\/07\/singe-ecureuil-amazonie.jpg 1000w, https:\/\/richeskarayib.com\/wp-content\/uploads\/2025\/07\/singe-ecureuil-amazonie-300x200.jpg 300w, https:\/\/richeskarayib.com\/wp-content\/uploads\/2025\/07\/singe-ecureuil-amazonie-768x511.jpg 768w\" sizes=\"(max-width: 800px) 100vw, 800px\" \/>\t\t\t\t\t\t\t\t\t\t\t<figcaption class=\"widget-image-caption wp-caption-text\">\u00a9grandsespaces<\/figcaption>\n\t\t\t\t\t\t\t\t\t\t<\/figure>\n\t\t\t\t\t\t\t\t\t<\/div>\n\t\t\t\t<\/div>\n\t\t\t\t\t<\/div>\n\t\t<\/div>\n\t\t\t\t<div class=\"elementor-column elementor-col-33 elementor-inner-column elementor-element elementor-element-0afe3f8\" data-id=\"0afe3f8\" data-element_type=\"column\">\n\t\t\t<div class=\"elementor-widget-wrap elementor-element-populated\">\n\t\t\t\t\t\t<div class=\"elementor-element elementor-element-e840c61 elementor-widget elementor-widget-image\" data-id=\"e840c61\" data-element_type=\"widget\" data-widget_type=\"image.default\">\n\t\t\t\t<div class=\"elementor-widget-container\">\n\t\t\t\t\t\t\t\t\t\t\t\t<figure class=\"wp-caption\">\n\t\t\t\t\t\t\t\t\t\t<img loading=\"lazy\" decoding=\"async\" width=\"800\" height=\"534\" src=\"https:\/\/richeskarayib.com\/wp-content\/uploads\/2025\/07\/indiens-amazonie-1024x683-1.jpg\" class=\"attachment-large size-large wp-image-56632\" alt=\"COP30\" srcset=\"https:\/\/richeskarayib.com\/wp-content\/uploads\/2025\/07\/indiens-amazonie-1024x683-1.jpg 1024w, https:\/\/richeskarayib.com\/wp-content\/uploads\/2025\/07\/indiens-amazonie-1024x683-1-300x200.jpg 300w, https:\/\/richeskarayib.com\/wp-content\/uploads\/2025\/07\/indiens-amazonie-1024x683-1-768x512.jpg 768w\" sizes=\"(max-width: 800px) 100vw, 800px\" \/>\t\t\t\t\t\t\t\t\t\t\t<figcaption class=\"widget-image-caption wp-caption-text\">\u00a9grandsespaces<\/figcaption>\n\t\t\t\t\t\t\t\t\t\t<\/figure>\n\t\t\t\t\t\t\t\t\t<\/div>\n\t\t\t\t<\/div>\n\t\t\t\t\t<\/div>\n\t\t<\/div>\n\t\t\t\t\t<\/div>\n\t\t<\/section>\n\t\t\t\t<section class=\"elementor-section elementor-inner-section elementor-element elementor-element-9db0422 elementor-section-boxed elementor-section-height-default elementor-section-height-default\" data-id=\"9db0422\" data-element_type=\"section\">\n\t\t\t\t\t\t<div class=\"elementor-container elementor-column-gap-default\">\n\t\t\t\t\t\t<\/div>\n\t\t<\/section>\n\t\t\t\t\t<\/div>\n\t\t<\/div>\n\t\t\t\t\t<\/div>\n\t\t<\/section>\n\t\t\t\t<section class=\"elementor-section elementor-top-section elementor-element elementor-element-7ca7ca1 elementor-section-boxed elementor-section-height-default elementor-section-height-default\" data-id=\"7ca7ca1\" data-element_type=\"section\">\n\t\t\t\t\t\t<div class=\"elementor-container elementor-column-gap-default\">\n\t\t\t\t\t<div class=\"elementor-column elementor-col-100 elementor-top-column elementor-element elementor-element-cbdd002\" data-id=\"cbdd002\" data-element_type=\"column\">\n\t\t\t<div class=\"elementor-widget-wrap elementor-element-populated\">\n\t\t\t\t\t\t<div class=\"elementor-element elementor-element-da17f8d elementor-widget elementor-widget-heading\" data-id=\"da17f8d\" data-element_type=\"widget\" data-widget_type=\"heading.default\">\n\t\t\t\t<div class=\"elementor-widget-container\">\n\t\t\t\t\t<h2 class=\"elementor-heading-title elementor-size-default\">COP30: objetivos, tensiones y expectativas<\/h2>\t\t\t\t<\/div>\n\t\t\t\t<\/div>\n\t\t\t\t<section class=\"elementor-section elementor-inner-section elementor-element elementor-element-bc94849 elementor-section-boxed elementor-section-height-default elementor-section-height-default\" data-id=\"bc94849\" data-element_type=\"section\">\n\t\t\t\t\t\t<div class=\"elementor-container elementor-column-gap-default\">\n\t\t\t\t\t\t<\/div>\n\t\t<\/section>\n\t\t\t\t<section class=\"elementor-section elementor-inner-section elementor-element elementor-element-9e973f4 elementor-section-boxed elementor-section-height-default elementor-section-height-default\" data-id=\"9e973f4\" data-element_type=\"section\">\n\t\t\t\t\t\t<div class=\"elementor-container elementor-column-gap-default\">\n\t\t\t\t\t<div class=\"elementor-column elementor-col-100 elementor-inner-column elementor-element elementor-element-826b295\" data-id=\"826b295\" data-element_type=\"column\">\n\t\t\t<div class=\"elementor-widget-wrap elementor-element-populated\">\n\t\t\t\t\t\t<div class=\"elementor-element elementor-element-209c746 elementor-widget elementor-widget-text-editor\" data-id=\"209c746\" data-element_type=\"widget\" data-widget_type=\"text-editor.default\">\n\t\t\t\t<div class=\"elementor-widget-container\">\n\t\t\t\t\t\t\t\t\t<p><b>La COP30<\/b> promete ser un momento estrat\u00e9gico en la gobernanza internacional del clima. En Bel\u00e9m se abordar\u00e1n una serie de cuestiones cruciales: <\/p><ul><li aria-level=\"1\">\u2714\ufe0f Llevar a cabo una <b>transici\u00f3n energ\u00e9tica justa<\/b>, prestando apoyo pr\u00e1ctico a las poblaciones m\u00e1s vulnerables.<\/li><li aria-level=\"1\">\u2714\ufe0f La creaci\u00f3n de un <b>fondo mundial para preservar los bosques tropicales<\/b>, con el apoyo anunciado de China.<\/li><li aria-level=\"1\">\u2714\ufe0f El objetivo es <b>movilizar 1,3 billones de d\u00f3lares anuales de aqu\u00ed a 2035<\/b> para financiar la adaptaci\u00f3n al cambio clim\u00e1tico.<\/li><li aria-level=\"1\">\u2714\ufe0f Negociaciones delicadas en torno a la <b>reducci\u00f3n de los combustibles f\u00f3siles<\/b> en un pa\u00eds como Brasil, gran productor de petr\u00f3leo.<\/li><\/ul>\t\t\t\t\t\t\t\t<\/div>\n\t\t\t\t<\/div>\n\t\t\t\t<div class=\"elementor-element elementor-element-f6468b9 elementor-widget elementor-widget-text-editor\" data-id=\"f6468b9\" data-element_type=\"widget\" data-widget_type=\"text-editor.default\">\n\t\t\t\t<div class=\"elementor-widget-container\">\n\t\t\t\t\t\t\t\t\t<p>A estos retos se suma la fuerte presi\u00f3n p\u00fablica. La sociedad civil brasile\u00f1a, los investigadores y las organizaciones ind\u00edgenas esperan decisiones ambiciosas. En este contexto, <b>Curupira<\/b> no es s\u00f3lo un s\u00edmbolo: se ha convertido en la voz de una Amazonia que reclama su lugar en la mesa de negociaciones.  <\/p>\t\t\t\t\t\t\t\t<\/div>\n\t\t\t\t<\/div>\n\t\t\t\t\t<\/div>\n\t\t<\/div>\n\t\t\t\t\t<\/div>\n\t\t<\/section>\n\t\t\t\t<section class=\"elementor-section elementor-inner-section elementor-element elementor-element-61571e6 elementor-section-boxed elementor-section-height-default elementor-section-height-default\" data-id=\"61571e6\" data-element_type=\"section\">\n\t\t\t\t\t\t<div class=\"elementor-container elementor-column-gap-default\">\n\t\t\t\t\t\t<\/div>\n\t\t<\/section>\n\t\t\t\t<section class=\"elementor-section elementor-inner-section elementor-element elementor-element-b6262e0 elementor-section-boxed elementor-section-height-default elementor-section-height-default\" data-id=\"b6262e0\" data-element_type=\"section\">\n\t\t\t\t\t\t<div class=\"elementor-container elementor-column-gap-default\">\n\t\t\t\t\t\t<\/div>\n\t\t<\/section>\n\t\t\t\t<section class=\"elementor-section elementor-inner-section elementor-element elementor-element-cca29fd elementor-section-boxed elementor-section-height-default elementor-section-height-default\" data-id=\"cca29fd\" data-element_type=\"section\">\n\t\t\t\t\t\t<div class=\"elementor-container elementor-column-gap-default\">\n\t\t\t\t\t\t<\/div>\n\t\t<\/section>\n\t\t\t\t\t<\/div>\n\t\t<\/div>\n\t\t\t\t\t<\/div>\n\t\t<\/section>\n\t\t\t\t<section class=\"elementor-section elementor-top-section elementor-element elementor-element-0db9090 elementor-section-boxed elementor-section-height-default elementor-section-height-default\" data-id=\"0db9090\" data-element_type=\"section\">\n\t\t\t\t\t\t<div class=\"elementor-container elementor-column-gap-default\">\n\t\t\t\t\t<div class=\"elementor-column elementor-col-100 elementor-top-column elementor-element elementor-element-2296183\" data-id=\"2296183\" data-element_type=\"column\">\n\t\t\t<div class=\"elementor-widget-wrap elementor-element-populated\">\n\t\t\t\t\t\t<div class=\"elementor-element elementor-element-9576154 elementor-widget elementor-widget-heading\" data-id=\"9576154\" data-element_type=\"widget\" data-widget_type=\"heading.default\">\n\t\t\t\t<div class=\"elementor-widget-container\">\n\t\t\t\t\t<h2 class=\"elementor-heading-title elementor-size-default\">\u00bfY en el Caribe?<\/h2>\t\t\t\t<\/div>\n\t\t\t\t<\/div>\n\t\t\t\t<div class=\"elementor-element elementor-element-500981c elementor-widget elementor-widget-text-editor\" data-id=\"500981c\" data-element_type=\"widget\" data-widget_type=\"text-editor.default\">\n\t\t\t\t<div class=\"elementor-widget-container\">\n\t\t\t\t\t\t\t\t\t<p>Los territorios caribe\u00f1os participan plenamente en <b>la COP30<\/b>, como miembros del Convenio Marco y representantes de los Peque\u00f1os Estados Insulares en Desarrollo. Entre ellos se encuentran <b>Barbados<\/b>, <b>Trinidad y Tobago<\/b>, <b>Hait\u00ed<\/b>, <b>Santa Luc\u00eda<\/b>, <b>Jamaica<\/b>, <b>Cuba<\/b>, <b>Antigua y Barbuda<\/b>, <b>Dominica<\/b>, <b>San Crist\u00f3bal y Nieves<\/b>, <b>Granada<\/b> y <b>San Vicente y las Granadinas<\/b>. <\/p><p>\u00bfPor qu\u00e9 es esencial su presencia? Porque estos pa\u00edses, aunque emiten muy pocos gases de efecto invernadero, est\u00e1n sufriendo todo el impacto del cambio clim\u00e1tico: ciclones cada vez m\u00e1s violentos, aumento del nivel del mar, estr\u00e9s h\u00eddrico, erosi\u00f3n costera y colapso de la biodiversidad marina. <\/p>\t\t\t\t\t\t\t\t<\/div>\n\t\t\t\t<\/div>\n\t\t\t\t<div class=\"elementor-element elementor-element-7ca4ca9 elementor-widget elementor-widget-text-editor\" data-id=\"7ca4ca9\" data-element_type=\"widget\" data-widget_type=\"text-editor.default\">\n\t\t\t\t<div class=\"elementor-widget-container\">\n\t\t\t\t\t\t\t\t\t<p>Para el Caribe, <b>la COP30<\/b> es una oportunidad para defender mecanismos de financiaci\u00f3n espec\u00edficos adaptados a su vulnerabilidad, pero tambi\u00e9n para promover sus iniciativas locales, a menudo innovadoras, en los \u00e1mbitos de la resiliencia, la agricultura sostenible y la gesti\u00f3n de riesgos.<\/p>\t\t\t\t\t\t\t\t<\/div>\n\t\t\t\t<\/div>\n\t\t\t\t\t<\/div>\n\t\t<\/div>\n\t\t\t\t\t<\/div>\n\t\t<\/section>\n\t\t\t\t<section class=\"elementor-section elementor-top-section elementor-element elementor-element-7b2ef92 elementor-section-boxed elementor-section-height-default elementor-section-height-default\" data-id=\"7b2ef92\" data-element_type=\"section\">\n\t\t\t\t\t\t<div class=\"elementor-container elementor-column-gap-default\">\n\t\t\t\t\t<div class=\"elementor-column elementor-col-100 elementor-top-column elementor-element elementor-element-e8712b4\" data-id=\"e8712b4\" data-element_type=\"column\">\n\t\t\t<div class=\"elementor-widget-wrap elementor-element-populated\">\n\t\t\t\t\t\t<div class=\"elementor-element elementor-element-37e0414 elementor-widget elementor-widget-heading\" data-id=\"37e0414\" data-element_type=\"widget\" data-widget_type=\"heading.default\">\n\t\t\t\t<div class=\"elementor-widget-container\">\n\t\t\t\t\t<h2 class=\"elementor-heading-title elementor-size-default\">Un esquema educativo y simb\u00f3lico en torno a Curupira\n<\/h2>\t\t\t\t<\/div>\n\t\t\t\t<\/div>\n\t\t\t\t<div class=\"elementor-element elementor-element-fa5cc24 elementor-widget elementor-widget-text-editor\" data-id=\"fa5cc24\" data-element_type=\"widget\" data-widget_type=\"text-editor.default\">\n\t\t\t\t<div class=\"elementor-widget-container\">\n\t\t\t\t\t\t\t\t\t<p>No todas las conferencias sobre el clima han tenido una mascota, pero <b>Curupira<\/b> marca un avance. En <b>la COP28<\/b>, una tortuga marina simboliz\u00f3 la fragilidad de los ecosistemas marinos. Pero hasta ahora, ninguna figura hab\u00eda encarnado una fuerza protectora arraigada en la creencia popular.  <\/p><p>El plan es que <b>Curupira<\/b> se convierta en objetos educativos y simb\u00f3licos: carteles, juegos educativos, actos escolares y talleres en las &#8220;aldeas ciudadanas&#8221; junto a la conferencia oficial. El objetivo es sensibilizar a un p\u00fablico m\u00e1s amplio, especialmente a los j\u00f3venes, sobre los problemas clim\u00e1ticos globales, utilizando una figura del imaginario colectivo. <\/p>\t\t\t\t\t\t\t\t<\/div>\n\t\t\t\t<\/div>\n\t\t\t\t<section class=\"elementor-section elementor-inner-section elementor-element elementor-element-bf2434a elementor-section-boxed elementor-section-height-default elementor-section-height-default\" data-id=\"bf2434a\" data-element_type=\"section\">\n\t\t\t\t\t\t<div class=\"elementor-container elementor-column-gap-default\">\n\t\t\t\t\t<div class=\"elementor-column elementor-col-100 elementor-inner-column elementor-element elementor-element-8990fb8\" data-id=\"8990fb8\" data-element_type=\"column\">\n\t\t\t<div class=\"elementor-widget-wrap elementor-element-populated\">\n\t\t\t\t\t\t<div class=\"elementor-element elementor-element-77a8a83 elementor-widget elementor-widget-image\" data-id=\"77a8a83\" data-element_type=\"widget\" data-widget_type=\"image.default\">\n\t\t\t\t<div class=\"elementor-widget-container\">\n\t\t\t\t\t\t\t\t\t\t\t\t\t\t\t<img loading=\"lazy\" decoding=\"async\" width=\"575\" height=\"570\" src=\"https:\/\/richeskarayib.com\/wp-content\/uploads\/2025\/07\/Cover-pic.png\" class=\"attachment-large size-large wp-image-56604\" alt=\"COP30\" srcset=\"https:\/\/richeskarayib.com\/wp-content\/uploads\/2025\/07\/Cover-pic.png 575w, https:\/\/richeskarayib.com\/wp-content\/uploads\/2025\/07\/Cover-pic-300x297.png 300w, https:\/\/richeskarayib.com\/wp-content\/uploads\/2025\/07\/Cover-pic-150x150.png 150w\" sizes=\"(max-width: 575px) 100vw, 575px\" \/>\t\t\t\t\t\t\t\t\t\t\t\t\t\t\t<\/div>\n\t\t\t\t<\/div>\n\t\t\t\t\t<\/div>\n\t\t<\/div>\n\t\t\t\t\t<\/div>\n\t\t<\/section>\n\t\t\t\t\t<\/div>\n\t\t<\/div>\n\t\t\t\t\t<\/div>\n\t\t<\/section>\n\t\t\t\t<section class=\"elementor-section elementor-top-section elementor-element elementor-element-e011a0f elementor-section-boxed elementor-section-height-default elementor-section-height-default\" data-id=\"e011a0f\" data-element_type=\"section\">\n\t\t\t\t\t\t<div class=\"elementor-container elementor-column-gap-default\">\n\t\t\t\t\t<div class=\"elementor-column elementor-col-100 elementor-top-column elementor-element elementor-element-91c6ea5\" data-id=\"91c6ea5\" data-element_type=\"column\">\n\t\t\t<div class=\"elementor-widget-wrap elementor-element-populated\">\n\t\t\t\t\t\t<div class=\"elementor-element elementor-element-3193622 elementor-widget elementor-widget-heading\" data-id=\"3193622\" data-element_type=\"widget\" data-widget_type=\"heading.default\">\n\t\t\t\t<div class=\"elementor-widget-container\">\n\t\t\t\t\t<h2 class=\"elementor-heading-title elementor-size-default\">Curupira, la alerta roja del Amazonas al mundo<\/h2>\t\t\t\t<\/div>\n\t\t\t\t<\/div>\n\t\t\t\t<div class=\"elementor-element elementor-element-d6b77ee elementor-widget elementor-widget-text-editor\" data-id=\"d6b77ee\" data-element_type=\"widget\" data-widget_type=\"text-editor.default\">\n\t\t\t\t<div class=\"elementor-widget-container\">\n\t\t\t\t\t\t\t\t\t<p>A trav\u00e9s de <b>Curupira<\/b>, <b>la COP30<\/b> nos est\u00e1 recordando que las respuestas a las crisis ecol\u00f3gicas no vendr\u00e1n s\u00f3lo de laboratorios o ministerios. Tambi\u00e9n implicar\u00e1n escuchar a la poblaci\u00f3n local, reconocer los conocimientos locales y redefinir nuestra relaci\u00f3n con los seres vivos. <\/p><p>Al situar sus debates en la Amazonia, <b>la COP30<\/b> abre un nuevo cap\u00edtulo. Para el Caribe y para los pa\u00edses amaz\u00f3nicos, se trata de transformar una voz marginada durante mucho tiempo en una palanca para la toma de decisiones a escala mundial. Y quiz\u00e1 mirando a Curupira a los ojos, los dirigentes comprendan que la selva no pide caridad. Exige respeto.   <\/p>\t\t\t\t\t\t\t\t<\/div>\n\t\t\t\t<\/div>\n\t\t\t\t\t<\/div>\n\t\t<\/div>\n\t\t\t\t\t<\/div>\n\t\t<\/section>\n\t\t\t\t<\/div>\n\t\t","protected":false},"excerpt":{"rendered":"<p>COP30: este nombre hace referencia a la 30\u1d49 Conferencia de las Partes de la Convenci\u00f3n Marco de las Naciones Unidas sobre el Cambio Clim\u00e1tico, que se celebrar\u00e1 del 10 al 21 de noviembre de 2025 en Bel\u00e9m, Brasil. Organizada por primera vez en el coraz\u00f3n de la Amazonia, esta conferencia internacional reunir\u00e1 a m\u00e1s de [&hellip;]<\/p>\n","protected":false},"author":662,"featured_media":56604,"comment_status":"open","ping_status":"open","sticky":false,"template":"","format":"standard","meta":{"_acf_changed":false,"footnotes":""},"categories":[1469,839],"tags":[1806,825,1671,1668,1669,1579],"class_list":["post-56634","post","type-post","status-publish","format-standard","has-post-thumbnail","hentry","category-historia-patrimonio","category-noticias","tag-brasil","tag-colombia","tag-guayana-francesa-es-2","tag-guyana-es-2","tag-surinam","tag-venezuela-es-2"],"acf":[],"_links":{"self":[{"href":"https:\/\/richeskarayib.com\/es\/wp-json\/wp\/v2\/posts\/56634","targetHints":{"allow":["GET"]}}],"collection":[{"href":"https:\/\/richeskarayib.com\/es\/wp-json\/wp\/v2\/posts"}],"about":[{"href":"https:\/\/richeskarayib.com\/es\/wp-json\/wp\/v2\/types\/post"}],"author":[{"embeddable":true,"href":"https:\/\/richeskarayib.com\/es\/wp-json\/wp\/v2\/users\/662"}],"replies":[{"embeddable":true,"href":"https:\/\/richeskarayib.com\/es\/wp-json\/wp\/v2\/comments?post=56634"}],"version-history":[{"count":0,"href":"https:\/\/richeskarayib.com\/es\/wp-json\/wp\/v2\/posts\/56634\/revisions"}],"wp:featuredmedia":[{"embeddable":true,"href":"https:\/\/richeskarayib.com\/es\/wp-json\/wp\/v2\/media\/56604"}],"wp:attachment":[{"href":"https:\/\/richeskarayib.com\/es\/wp-json\/wp\/v2\/media?parent=56634"}],"wp:term":[{"taxonomy":"category","embeddable":true,"href":"https:\/\/richeskarayib.com\/es\/wp-json\/wp\/v2\/categories?post=56634"},{"taxonomy":"post_tag","embeddable":true,"href":"https:\/\/richeskarayib.com\/es\/wp-json\/wp\/v2\/tags?post=56634"}],"curies":[{"name":"wp","href":"https:\/\/api.w.org\/{rel}","templated":true}]}}