{"id":56752,"date":"2025-07-10T06:35:31","date_gmt":"2025-07-10T10:35:31","guid":{"rendered":"https:\/\/richeskarayib.com\/jamaica-afreximbank-una-alianza-estrategica-para-transformar-las-relaciones-africa-caribe\/"},"modified":"2025-07-10T06:44:22","modified_gmt":"2025-07-10T10:44:22","slug":"jamaica-afreximbank-una-alianza-estrategica-para-transformar-las-relaciones-africa-caribe","status":"publish","type":"post","link":"https:\/\/richeskarayib.com\/es\/jamaica-afreximbank-una-alianza-estrategica-para-transformar-las-relaciones-africa-caribe\/","title":{"rendered":"Jamaica-Afreximbank: una alianza estrat\u00e9gica para transformar las relaciones \u00c1frica-Caribe"},"content":{"rendered":"\t\t<div data-elementor-type=\"wp-post\" data-elementor-id=\"56752\" class=\"elementor elementor-56752 elementor-56738\" data-elementor-post-type=\"post\">\n\t\t\t\t\t\t<section class=\"elementor-section elementor-top-section elementor-element elementor-element-3756bbb elementor-section-boxed elementor-section-height-default elementor-section-height-default\" data-id=\"3756bbb\" data-element_type=\"section\">\n\t\t\t\t\t\t<div class=\"elementor-container elementor-column-gap-default\">\n\t\t\t\t\t<div class=\"elementor-column elementor-col-100 elementor-top-column elementor-element elementor-element-df79712\" data-id=\"df79712\" data-element_type=\"column\">\n\t\t\t<div class=\"elementor-widget-wrap elementor-element-populated\">\n\t\t\t\t\t\t<section class=\"elementor-section elementor-inner-section elementor-element elementor-element-756e7fb elementor-section-boxed elementor-section-height-default elementor-section-height-default\" data-id=\"756e7fb\" data-element_type=\"section\">\n\t\t\t\t\t\t<div class=\"elementor-container elementor-column-gap-default\">\n\t\t\t\t\t<div class=\"elementor-column elementor-col-100 elementor-inner-column elementor-element elementor-element-dd1326d\" data-id=\"dd1326d\" data-element_type=\"column\">\n\t\t\t<div class=\"elementor-widget-wrap elementor-element-populated\">\n\t\t\t\t\t\t<div class=\"elementor-element elementor-element-81e63b5 elementor-widget elementor-widget-text-editor\" data-id=\"81e63b5\" data-element_type=\"widget\" data-widget_type=\"text-editor.default\">\n\t\t\t\t<div class=\"elementor-widget-container\">\n\t\t\t\t\t\t\t\t\t<p><a href=\"https:\/\/richeskarayib.com\/es\/jamaica-montego-bay-capital-de-los-sabores-el-mobay-jerk-and-food-festival-2025-entre-la-memoria-y-la-innovacion\/\" target=\"_blank\" rel=\"noopener\">Jamaica<\/a> se ha incorporado oficialmente a <a href=\"https:\/\/villagevoicenews.com\/2025\/07\/09\/jamaica-becomes-13th-caricom-nation-to-join-afreximbanks-us3-billion-regional-initiative\/\" target=\"_blank\" rel=\"noopener nofollow\">Afreximbank<\/a>, un acontecimiento calificado de hist\u00f3rico en la 49\u00aa reuni\u00f3n de Jefes de Gobierno <a href=\"https:\/\/richeskarayib.com\/es\/jamaica-la-49a-cumbre-de-la-caricom-en-montego-bay-una-encrucijada-estrategica-para-el-caribe\/\" target=\"_blank\" rel=\"noopener\">de CARICOM<\/a>, celebrada en Montego Bay. Este acercamiento entre la principal potencia angl\u00f3fona del Caribe y el mayor banco panafricano de exportaci\u00f3n allana el camino hacia una nueva arquitectura econ\u00f3mica regional. Tambi\u00e9n es la se\u00f1al de una ambici\u00f3n compartida: construir relaciones Sur-Sur concretas, estructurantes y sostenibles.  <\/p>\t\t\t\t\t\t\t\t<\/div>\n\t\t\t\t<\/div>\n\t\t\t\t\t<\/div>\n\t\t<\/div>\n\t\t\t\t\t<\/div>\n\t\t<\/section>\n\t\t\t\t\t<\/div>\n\t\t<\/div>\n\t\t\t\t\t<\/div>\n\t\t<\/section>\n\t\t\t\t<section class=\"elementor-section elementor-top-section elementor-element elementor-element-63274e9 elementor-section-boxed elementor-section-height-default elementor-section-height-default\" data-id=\"63274e9\" data-element_type=\"section\">\n\t\t\t\t\t\t<div class=\"elementor-container elementor-column-gap-default\">\n\t\t\t\t\t<div class=\"elementor-column elementor-col-100 elementor-top-column elementor-element elementor-element-50500d6\" data-id=\"50500d6\" data-element_type=\"column\">\n\t\t\t<div class=\"elementor-widget-wrap elementor-element-populated\">\n\t\t\t\t\t\t<div class=\"elementor-element elementor-element-02d81f4 elementor-widget elementor-widget-heading\" data-id=\"02d81f4\" data-element_type=\"widget\" data-widget_type=\"heading.default\">\n\t\t\t\t<div class=\"elementor-widget-container\">\n\t\t\t\t\t<h2 class=\"elementor-heading-title elementor-size-default\">Afreximbank: el motor financiero de la integraci\u00f3n de \u00c1frica y el Caribe<\/h2>\t\t\t\t<\/div>\n\t\t\t\t<\/div>\n\t\t\t\t<section class=\"elementor-section elementor-inner-section elementor-element elementor-element-f7b7508 elementor-section-boxed elementor-section-height-default elementor-section-height-default\" data-id=\"f7b7508\" data-element_type=\"section\">\n\t\t\t\t\t\t<div class=\"elementor-container elementor-column-gap-default\">\n\t\t\t\t\t<div class=\"elementor-column elementor-col-100 elementor-inner-column elementor-element elementor-element-606693d\" data-id=\"606693d\" data-element_type=\"column\">\n\t\t\t<div class=\"elementor-widget-wrap elementor-element-populated\">\n\t\t\t\t\t\t<div class=\"elementor-element elementor-element-a485770 elementor-widget elementor-widget-text-editor\" data-id=\"a485770\" data-element_type=\"widget\" data-widget_type=\"text-editor.default\">\n\t\t\t\t<div class=\"elementor-widget-container\">\n\t\t\t\t\t\t\t\t\t<h3><b>Una instituci\u00f3n al servicio del comercio interafricano&#8230; y ahora caribe\u00f1o<\/b><\/h3>\n<p>Fundado en 1993,<a href=\"https:\/\/www.afreximbank.com\/fr\/\" target=\"_blank\" rel=\"noopener nofollow\">Afreximbank<\/a> (Banco Africano de Exportaci\u00f3n e Importaci\u00f3n) es una instituci\u00f3n financiera multilateral panafricana con sede en El Cairo (Egipto). Su principal objetivo es promover, desarrollar y financiar el comercio entre los pa\u00edses africanos, as\u00ed como entre \u00c1frica y otras regiones del Sur. Proporciona l\u00edneas de cr\u00e9dito, garant\u00edas, financiaci\u00f3n estructurada y asistencia t\u00e9cnica.  <\/p>\n<p>Con unos activos de m\u00e1s de 40.000 millones de USD en 2024, la instituci\u00f3n ha ampliado sus actividades al Caribe desde 2022 a trav\u00e9s del programa \u00c1frica Global. Este programa pretende reconectar las econom\u00edas africana y caribe\u00f1a, hist\u00f3ricamente vinculadas pero institucionalmente fragmentadas. <\/p>\t\t\t\t\t\t\t\t<\/div>\n\t\t\t\t<\/div>\n\t\t\t\t\t<\/div>\n\t\t<\/div>\n\t\t\t\t\t<\/div>\n\t\t<\/section>\n\t\t\t\t<section class=\"elementor-section elementor-inner-section elementor-element elementor-element-9db0422 elementor-section-boxed elementor-section-height-default elementor-section-height-default\" data-id=\"9db0422\" data-element_type=\"section\">\n\t\t\t\t\t\t<div class=\"elementor-container elementor-column-gap-default\">\n\t\t\t\t\t\t<\/div>\n\t\t<\/section>\n\t\t\t\t\t<\/div>\n\t\t<\/div>\n\t\t\t\t\t<\/div>\n\t\t<\/section>\n\t\t\t\t<section class=\"elementor-section elementor-top-section elementor-element elementor-element-7ca7ca1 elementor-section-boxed elementor-section-height-default elementor-section-height-default\" data-id=\"7ca7ca1\" data-element_type=\"section\">\n\t\t\t\t\t\t<div class=\"elementor-container elementor-column-gap-default\">\n\t\t\t\t\t<div class=\"elementor-column elementor-col-100 elementor-top-column elementor-element elementor-element-cbdd002\" data-id=\"cbdd002\" data-element_type=\"column\">\n\t\t\t<div class=\"elementor-widget-wrap elementor-element-populated\">\n\t\t\t\t\t\t<div class=\"elementor-element elementor-element-da17f8d elementor-widget elementor-widget-heading\" data-id=\"da17f8d\" data-element_type=\"widget\" data-widget_type=\"heading.default\">\n\t\t\t\t<div class=\"elementor-widget-container\">\n\t\t\t\t\t<h2 class=\"elementor-heading-title elementor-size-default\">Un importante compromiso pol\u00edtico y econ\u00f3mico<\/h2>\t\t\t\t<\/div>\n\t\t\t\t<\/div>\n\t\t\t\t<section class=\"elementor-section elementor-inner-section elementor-element elementor-element-bc94849 elementor-section-boxed elementor-section-height-default elementor-section-height-default\" data-id=\"bc94849\" data-element_type=\"section\">\n\t\t\t\t\t\t<div class=\"elementor-container elementor-column-gap-default\">\n\t\t\t\t\t\t<\/div>\n\t\t<\/section>\n\t\t\t\t<div class=\"elementor-element elementor-element-209c746 elementor-widget elementor-widget-text-editor\" data-id=\"209c746\" data-element_type=\"widget\" data-widget_type=\"text-editor.default\">\n\t\t\t\t<div class=\"elementor-widget-container\">\n\t\t\t\t\t\t\t\t\t<h3><b>Una se\u00f1al fuerte desde Montego Bay<\/b><\/h3>\n<p>A la firma del memorando de entendimiento asistieron personalidades clave: el primer ministro jamaicano, Andrew Holness, la ministra de Asuntos Exteriores, Kamina Johnson Smith, y el presidente de Afreximbank, el profesor Benedict Oramah. Se celebr\u00f3 el 8 de julio de 2025 en el Hotel Half Moon, al margen de la cumbre de la CARICOM. <\/p>\n<p>Jamaica se convierte as\u00ed en el 13\u00ba Estado miembro de la CARICOM que formaliza esta adhesi\u00f3n, lo que confirma el deseo regional de aunar recursos financieros y capacidad de negociaci\u00f3n internacional.<\/p>\t\t\t\t\t\t\t\t<\/div>\n\t\t\t\t<\/div>\n\t\t\t\t<section class=\"elementor-section elementor-inner-section elementor-element elementor-element-743d9e1 elementor-section-boxed elementor-section-height-default elementor-section-height-default\" data-id=\"743d9e1\" data-element_type=\"section\">\n\t\t\t\t\t\t<div class=\"elementor-container elementor-column-gap-default\">\n\t\t\t\t\t<div class=\"elementor-column elementor-col-100 elementor-inner-column elementor-element elementor-element-02c73cd\" data-id=\"02c73cd\" data-element_type=\"column\">\n\t\t\t<div class=\"elementor-widget-wrap elementor-element-populated\">\n\t\t\t\t\t\t<div class=\"elementor-element elementor-element-7428b8d elementor-widget elementor-widget-image\" data-id=\"7428b8d\" data-element_type=\"widget\" data-widget_type=\"image.default\">\n\t\t\t\t<div class=\"elementor-widget-container\">\n\t\t\t\t\t\t\t\t\t\t\t\t<figure class=\"wp-caption\">\n\t\t\t\t\t\t\t\t\t\t<img fetchpriority=\"high\" decoding=\"async\" width=\"800\" height=\"565\" src=\"https:\/\/richeskarayib.com\/wp-content\/uploads\/2025\/07\/Afreximbank-1024x723.jpg\" class=\"attachment-large size-large wp-image-56746\" alt=\"Afreximbank\" srcset=\"https:\/\/richeskarayib.com\/wp-content\/uploads\/2025\/07\/Afreximbank-1024x723.jpg 1024w, https:\/\/richeskarayib.com\/wp-content\/uploads\/2025\/07\/Afreximbank-300x212.jpg 300w, https:\/\/richeskarayib.com\/wp-content\/uploads\/2025\/07\/Afreximbank-768x542.jpg 768w, https:\/\/richeskarayib.com\/wp-content\/uploads\/2025\/07\/Afreximbank-1536x1085.jpg 1536w, https:\/\/richeskarayib.com\/wp-content\/uploads\/2025\/07\/Afreximbank-1320x932.jpg 1320w, https:\/\/richeskarayib.com\/wp-content\/uploads\/2025\/07\/Afreximbank.jpg 1920w\" sizes=\"(max-width: 800px) 100vw, 800px\" \/>\t\t\t\t\t\t\t\t\t\t\t<figcaption class=\"widget-image-caption wp-caption-text\">Afreximbank<\/figcaption>\n\t\t\t\t\t\t\t\t\t\t<\/figure>\n\t\t\t\t\t\t\t\t\t<\/div>\n\t\t\t\t<\/div>\n\t\t\t\t\t<\/div>\n\t\t<\/div>\n\t\t\t\t\t<\/div>\n\t\t<\/section>\n\t\t\t\t<section class=\"elementor-section elementor-inner-section elementor-element elementor-element-61571e6 elementor-section-boxed elementor-section-height-default elementor-section-height-default\" data-id=\"61571e6\" data-element_type=\"section\">\n\t\t\t\t\t\t<div class=\"elementor-container elementor-column-gap-default\">\n\t\t\t\t\t\t<\/div>\n\t\t<\/section>\n\t\t\t\t<section class=\"elementor-section elementor-inner-section elementor-element elementor-element-b6262e0 elementor-section-boxed elementor-section-height-default elementor-section-height-default\" data-id=\"b6262e0\" data-element_type=\"section\">\n\t\t\t\t\t\t<div class=\"elementor-container elementor-column-gap-default\">\n\t\t\t\t\t\t<\/div>\n\t\t<\/section>\n\t\t\t\t<section class=\"elementor-section elementor-inner-section elementor-element elementor-element-cca29fd elementor-section-boxed elementor-section-height-default elementor-section-height-default\" data-id=\"cca29fd\" data-element_type=\"section\">\n\t\t\t\t\t\t<div class=\"elementor-container elementor-column-gap-default\">\n\t\t\t\t\t\t<\/div>\n\t\t<\/section>\n\t\t\t\t\t<\/div>\n\t\t<\/div>\n\t\t\t\t\t<\/div>\n\t\t<\/section>\n\t\t\t\t<section class=\"elementor-section elementor-top-section elementor-element elementor-element-0db9090 elementor-section-boxed elementor-section-height-default elementor-section-height-default\" data-id=\"0db9090\" data-element_type=\"section\">\n\t\t\t\t\t\t<div class=\"elementor-container elementor-column-gap-default\">\n\t\t\t\t\t<div class=\"elementor-column elementor-col-100 elementor-top-column elementor-element elementor-element-2296183\" data-id=\"2296183\" data-element_type=\"column\">\n\t\t\t<div class=\"elementor-widget-wrap elementor-element-populated\">\n\t\t\t\t\t\t<div class=\"elementor-element elementor-element-9576154 elementor-widget elementor-widget-heading\" data-id=\"9576154\" data-element_type=\"widget\" data-widget_type=\"heading.default\">\n\t\t\t\t<div class=\"elementor-widget-container\">\n\t\t\t\t\t<h2 class=\"elementor-heading-title elementor-size-default\">1.500 millones de euros para Jamaica<\/h2>\t\t\t\t<\/div>\n\t\t\t\t<\/div>\n\t\t\t\t<div class=\"elementor-element elementor-element-500981c elementor-widget elementor-widget-text-editor\" data-id=\"500981c\" data-element_type=\"widget\" data-widget_type=\"text-editor.default\">\n\t\t\t\t<div class=\"elementor-widget-container\">\n\t\t\t\t\t\t\t\t\t<h3><b>Ayudas masivas en el marco de un plan regional de 3.000 millones de euros<\/b><\/h3><p>Como resultado de esta integraci\u00f3n, Jamaica se beneficia ahora de 1.500 millones de d\u00f3lares de financiaci\u00f3n espec\u00edfica, como parte de un programa global de 3.000 millones de d\u00f3lares para todos los pa\u00edses de la CARICOM. Esta financiaci\u00f3n est\u00e1 destinada a apoyar : <\/p><ul><li aria-level=\"1\">\u2705 proyectos de infraestructuras (puertos, energ\u00eda, telecomunicaciones),<\/li><li aria-level=\"1\">\u2705 desarrollo de las PYME y del sector productivo,<\/li><li aria-level=\"1\">\u2705 diversificaci\u00f3n industrial,<\/li><li aria-level=\"1\">\u2705 proyectos verdes y digitales.<\/li><\/ul><p>El Primer Ministro Holness acogi\u00f3 con satisfacci\u00f3n el paquete como una oportunidad para la transformaci\u00f3n estructural, especialmente en los \u00e1mbitos de la agricultura, el turismo, la log\u00edstica y la innovaci\u00f3n.<\/p>\t\t\t\t\t\t\t\t<\/div>\n\t\t\t\t<\/div>\n\t\t\t\t\t<\/div>\n\t\t<\/div>\n\t\t\t\t\t<\/div>\n\t\t<\/section>\n\t\t\t\t<section class=\"elementor-section elementor-top-section elementor-element elementor-element-7b2ef92 elementor-section-boxed elementor-section-height-default elementor-section-height-default\" data-id=\"7b2ef92\" data-element_type=\"section\">\n\t\t\t\t\t\t<div class=\"elementor-container elementor-column-gap-default\">\n\t\t\t\t\t<div class=\"elementor-column elementor-col-100 elementor-top-column elementor-element elementor-element-e8712b4\" data-id=\"e8712b4\" data-element_type=\"column\">\n\t\t\t<div class=\"elementor-widget-wrap elementor-element-populated\">\n\t\t\t\t\t\t<div class=\"elementor-element elementor-element-37e0414 elementor-widget elementor-widget-heading\" data-id=\"37e0414\" data-element_type=\"widget\" data-widget_type=\"heading.default\">\n\t\t\t\t<div class=\"elementor-widget-container\">\n\t\t\t\t\t<h2 class=\"elementor-heading-title elementor-size-default\">Conectividad e infraestructuras: nuevos horizontes para el comercio<\/h2>\t\t\t\t<\/div>\n\t\t\t\t<\/div>\n\t\t\t\t<div class=\"elementor-element elementor-element-fa5cc24 elementor-widget elementor-widget-text-editor\" data-id=\"fa5cc24\" data-element_type=\"widget\" data-widget_type=\"text-editor.default\">\n\t\t\t\t<div class=\"elementor-widget-container\">\n\t\t\t\t\t\t\t\t\t<h3><b>Una plataforma com\u00fan con \u00c1frica<\/b><\/h3>\n<p>La adhesi\u00f3n de Jamaica da acceso a una serie de instrumentos de estructuraci\u00f3n, como el Centro de Comercio Africano que se est\u00e1 creando actualmente en Barbados. Este centro servir\u00e1 de nudo log\u00edstico y diplom\u00e1tico entre \u00c1frica y el Caribe, facilitando el comercio, la organizaci\u00f3n de actos econ\u00f3micos y la circulaci\u00f3n de talentos. <\/p>\t\t\t\t\t\t\t\t<\/div>\n\t\t\t\t<\/div>\n\t\t\t\t<div class=\"elementor-element elementor-element-b958baa elementor-widget elementor-widget-text-editor\" data-id=\"b958baa\" data-element_type=\"widget\" data-widget_type=\"text-editor.default\">\n\t\t\t\t<div class=\"elementor-widget-container\">\n\t\t\t\t\t\t\t\t\t<h3><b>Un sistema de pagos unificado panafricano<\/b><\/h3>\n<p>Jamaica tambi\u00e9n podr\u00e1 adherirse al PAPSS (Sistema Panafricano de Pagos y Liquidaci\u00f3n), creado por Afreximbank para realizar transacciones en moneda local entre socios africanos y caribe\u00f1os. Este sistema permite eludir las monedas intermedias, reducir los costes bancarios y facilitar las relaciones comerciales intra-Sur. <\/p>\t\t\t\t\t\t\t\t<\/div>\n\t\t\t\t<\/div>\n\t\t\t\t\t<\/div>\n\t\t<\/div>\n\t\t\t\t\t<\/div>\n\t\t<\/section>\n\t\t\t\t<section class=\"elementor-section elementor-top-section elementor-element elementor-element-e011a0f elementor-section-boxed elementor-section-height-default elementor-section-height-default\" data-id=\"e011a0f\" data-element_type=\"section\">\n\t\t\t\t\t\t<div class=\"elementor-container elementor-column-gap-default\">\n\t\t\t\t\t<div class=\"elementor-column elementor-col-100 elementor-top-column elementor-element elementor-element-91c6ea5\" data-id=\"91c6ea5\" data-element_type=\"column\">\n\t\t\t<div class=\"elementor-widget-wrap elementor-element-populated\">\n\t\t\t\t\t\t<div class=\"elementor-element elementor-element-3193622 elementor-widget elementor-widget-heading\" data-id=\"3193622\" data-element_type=\"widget\" data-widget_type=\"heading.default\">\n\t\t\t\t<div class=\"elementor-widget-container\">\n\t\t\t\t\t<h2 class=\"elementor-heading-title elementor-size-default\">Una estrategia de innovaci\u00f3n dise\u00f1ada para los j\u00f3venes<\/h2>\t\t\t\t<\/div>\n\t\t\t\t<\/div>\n\t\t\t\t<div class=\"elementor-element elementor-element-d6b77ee elementor-widget elementor-widget-text-editor\" data-id=\"d6b77ee\" data-element_type=\"widget\" data-widget_type=\"text-editor.default\">\n\t\t\t\t<div class=\"elementor-widget-container\">\n\t\t\t\t\t\t\t\t\t<h3><b>La inteligencia artificial como palanca com\u00fan<\/b><\/h3>\n<p>Por iniciativa del Foro \u00c1frica-Caribe (ACTIF) y la Universidad de las Indias Occidentales (UWI), se est\u00e1n desarrollando centros conjuntos de formaci\u00f3n en inteligencia artificial. Encabezado por el ex primer ministro P.J. Patterson, este programa pretende formar a una nueva generaci\u00f3n de investigadores, desarrolladores y empresarios. <\/p>\n<p>El objetivo es situar a los pa\u00edses del Sur como productores de tecnolog\u00eda, no s\u00f3lo como consumidores.<\/p>\t\t\t\t\t\t\t\t<\/div>\n\t\t\t\t<\/div>\n\t\t\t\t<div class=\"elementor-element elementor-element-2cac2a6 elementor-widget elementor-widget-text-editor\" data-id=\"2cac2a6\" data-element_type=\"widget\" data-widget_type=\"text-editor.default\">\n\t\t\t\t<div class=\"elementor-widget-container\">\n\t\t\t\t\t\t\t\t\t<h3><b>Programas espec\u00edficos para j\u00f3venes empresarios<\/b><\/h3>\n<p>El acuerdo entre Jamaica y Afreximbank tambi\u00e9n prev\u00e9 la creaci\u00f3n de centros tecnol\u00f3gicos para apoyar a los j\u00f3venes empresarios. Se pondr\u00e1n fondos de hasta 250.000 d\u00f3lares a disposici\u00f3n de las empresas locales de nueva creaci\u00f3n a trav\u00e9s de concursos, subvenciones a la innovaci\u00f3n o programas de aceleraci\u00f3n ejecutados en asociaci\u00f3n con universidades e incubadoras del Caribe. <\/p>\t\t\t\t\t\t\t\t<\/div>\n\t\t\t\t<\/div>\n\t\t\t\t\t<\/div>\n\t\t<\/div>\n\t\t\t\t\t<\/div>\n\t\t<\/section>\n\t\t\t\t<section class=\"elementor-section elementor-top-section elementor-element elementor-element-5baf18a elementor-section-boxed elementor-section-height-default elementor-section-height-default\" data-id=\"5baf18a\" data-element_type=\"section\">\n\t\t\t\t\t\t<div class=\"elementor-container elementor-column-gap-default\">\n\t\t\t\t\t<div class=\"elementor-column elementor-col-100 elementor-top-column elementor-element elementor-element-85dba19\" data-id=\"85dba19\" data-element_type=\"column\">\n\t\t\t<div class=\"elementor-widget-wrap elementor-element-populated\">\n\t\t\t\t\t\t<div class=\"elementor-element elementor-element-fc6274c elementor-widget elementor-widget-heading\" data-id=\"fc6274c\" data-element_type=\"widget\" data-widget_type=\"heading.default\">\n\t\t\t\t<div class=\"elementor-widget-container\">\n\t\t\t\t\t<h2 class=\"elementor-heading-title elementor-size-default\">Cooperaci\u00f3n Sur-Sur con m\u00faltiples beneficios<\/h2>\t\t\t\t<\/div>\n\t\t\t\t<\/div>\n\t\t\t\t<div class=\"elementor-element elementor-element-a4e1167 elementor-widget elementor-widget-text-editor\" data-id=\"a4e1167\" data-element_type=\"widget\" data-widget_type=\"text-editor.default\">\n\t\t\t\t<div class=\"elementor-widget-container\">\n\t\t\t\t\t\t\t\t\t<h3><b>Hacia 1.800 millones de d\u00f3lares en comercio \u00c1frica-Caribe<\/b><\/h3>\n<p>Seg\u00fan las estimaciones del Centro de Comercio Internacional (CCI), el comercio entre \u00c1frica y el Caribe podr\u00eda alcanzar los 1.800 millones de d\u00f3lares en 2028. Al unirse a Afreximbank, Jamaica se est\u00e1 posicionando como un actor clave en esta din\u00e1mica, capaz de exportar sus productos estrella (ron, caf\u00e9, productos agroprocesados, servicios culturales) a mercados con gran demanda. <\/p>\t\t\t\t\t\t\t\t<\/div>\n\t\t\t\t<\/div>\n\t\t\t\t<div class=\"elementor-element elementor-element-0892bf8 elementor-widget elementor-widget-text-editor\" data-id=\"0892bf8\" data-element_type=\"widget\" data-widget_type=\"text-editor.default\">\n\t\t\t\t<div class=\"elementor-widget-container\">\n\t\t\t\t\t\t\t\t\t<h3><b>Un puente geopol\u00edtico entre continentes<\/b><\/h3>\n<p>M\u00e1s all\u00e1 del comercio, la integraci\u00f3n en Afreximbank confiere a Jamaica un papel geoestrat\u00e9gico. Se est\u00e1 convirtiendo en una puerta de entrada a Am\u00e9rica para los inversores africanos, y en un centro de tr\u00e1nsito para los flujos financieros, comerciales y digitales. <\/p>\t\t\t\t\t\t\t\t<\/div>\n\t\t\t\t<\/div>\n\t\t\t\t<section class=\"elementor-section elementor-inner-section elementor-element elementor-element-43ab8bf elementor-section-boxed elementor-section-height-default elementor-section-height-default\" data-id=\"43ab8bf\" data-element_type=\"section\">\n\t\t\t\t\t\t<div class=\"elementor-container elementor-column-gap-default\">\n\t\t\t\t\t<div class=\"elementor-column elementor-col-100 elementor-inner-column elementor-element elementor-element-57825f1\" data-id=\"57825f1\" data-element_type=\"column\">\n\t\t\t<div class=\"elementor-widget-wrap elementor-element-populated\">\n\t\t\t\t\t\t<div class=\"elementor-element elementor-element-d0d18a0 elementor-widget elementor-widget-image\" data-id=\"d0d18a0\" data-element_type=\"widget\" data-widget_type=\"image.default\">\n\t\t\t\t<div class=\"elementor-widget-container\">\n\t\t\t\t\t\t\t\t\t\t\t\t<figure class=\"wp-caption\">\n\t\t\t\t\t\t\t\t\t\t<img decoding=\"async\" width=\"800\" height=\"534\" src=\"https:\/\/richeskarayib.com\/wp-content\/uploads\/2025\/07\/Afreximbank2-1024x683.jpg\" class=\"attachment-large size-large wp-image-56750\" alt=\"\" srcset=\"https:\/\/richeskarayib.com\/wp-content\/uploads\/2025\/07\/Afreximbank2-1024x683.jpg 1024w, https:\/\/richeskarayib.com\/wp-content\/uploads\/2025\/07\/Afreximbank2-300x200.jpg 300w, https:\/\/richeskarayib.com\/wp-content\/uploads\/2025\/07\/Afreximbank2-768x512.jpg 768w, https:\/\/richeskarayib.com\/wp-content\/uploads\/2025\/07\/Afreximbank2-1536x1025.jpg 1536w, https:\/\/richeskarayib.com\/wp-content\/uploads\/2025\/07\/Afreximbank2-1320x881.jpg 1320w, https:\/\/richeskarayib.com\/wp-content\/uploads\/2025\/07\/Afreximbank2.jpg 1920w\" sizes=\"(max-width: 800px) 100vw, 800px\" \/>\t\t\t\t\t\t\t\t\t\t\t<figcaption class=\"widget-image-caption wp-caption-text\">\u00a9Afreximbank<\/figcaption>\n\t\t\t\t\t\t\t\t\t\t<\/figure>\n\t\t\t\t\t\t\t\t\t<\/div>\n\t\t\t\t<\/div>\n\t\t\t\t\t<\/div>\n\t\t<\/div>\n\t\t\t\t\t<\/div>\n\t\t<\/section>\n\t\t\t\t\t<\/div>\n\t\t<\/div>\n\t\t\t\t\t<\/div>\n\t\t<\/section>\n\t\t\t\t<section class=\"elementor-section elementor-top-section elementor-element elementor-element-770d1fb elementor-section-boxed elementor-section-height-default elementor-section-height-default\" data-id=\"770d1fb\" data-element_type=\"section\">\n\t\t\t\t\t\t<div class=\"elementor-container elementor-column-gap-default\">\n\t\t\t\t\t<div class=\"elementor-column elementor-col-100 elementor-top-column elementor-element elementor-element-0c36756\" data-id=\"0c36756\" data-element_type=\"column\">\n\t\t\t<div class=\"elementor-widget-wrap elementor-element-populated\">\n\t\t\t\t\t\t<div class=\"elementor-element elementor-element-ccaffd7 elementor-widget elementor-widget-heading\" data-id=\"ccaffd7\" data-element_type=\"widget\" data-widget_type=\"heading.default\">\n\t\t\t\t<div class=\"elementor-widget-container\">\n\t\t\t\t\t<h2 class=\"elementor-heading-title elementor-size-default\">Una decisi\u00f3n hist\u00f3rica para el futuro de la regi\u00f3n<\/h2>\t\t\t\t<\/div>\n\t\t\t\t<\/div>\n\t\t\t\t<div class=\"elementor-element elementor-element-04c6a22 elementor-widget elementor-widget-text-editor\" data-id=\"04c6a22\" data-element_type=\"widget\" data-widget_type=\"text-editor.default\">\n\t\t\t\t<div class=\"elementor-widget-container\">\n\t\t\t\t\t\t\t\t\t<p>Al unirse a Afreximbank, Jamaica no est\u00e1 firmando simplemente un acuerdo t\u00e9cnico. Est\u00e1 afirmando su deseo de desempe\u00f1ar un papel destacado en la reconstrucci\u00f3n de las relaciones entre \u00c1frica y el Caribe sobre una base de igualdad, soberan\u00eda y sostenibilidad. Esta adhesi\u00f3n allana el camino para proyectos concretos, una mayor resistencia econ\u00f3mica y una mayor autonom\u00eda financiera.  <\/p>\n<p>Se trata de un paso estrat\u00e9gico en la construcci\u00f3n de un espacio de cooperaci\u00f3n Sur-Sur fuerte, en el que las soluciones provengan de las personas implicadas y con el que Jamaica pretende contar a partir de ahora.<\/p>\t\t\t\t\t\t\t\t<\/div>\n\t\t\t\t<\/div>\n\t\t\t\t\t<\/div>\n\t\t<\/div>\n\t\t\t\t\t<\/div>\n\t\t<\/section>\n\t\t\t\t<\/div>\n\t\t","protected":false},"excerpt":{"rendered":"<p>Jamaica se ha incorporado oficialmente a Afreximbank, un acontecimiento calificado de hist\u00f3rico en la 49\u00aa reuni\u00f3n de Jefes de Gobierno de CARICOM, celebrada en Montego Bay. Este acercamiento entre la principal potencia angl\u00f3fona del Caribe y el mayor banco panafricano de exportaci\u00f3n allana el camino hacia una nueva arquitectura econ\u00f3mica regional. Tambi\u00e9n es la se\u00f1al [&hellip;]<\/p>\n","protected":false},"author":662,"featured_media":56742,"comment_status":"open","ping_status":"open","sticky":false,"template":"","format":"standard","meta":{"_acf_changed":false,"footnotes":""},"categories":[1791,839],"tags":[1442,1593,1717,1547,1695,816,1481,1594,1705],"class_list":["post-56752","post","type-post","status-publish","format-standard","has-post-thumbnail","hentry","category-cooperacion","category-noticias","tag-anguilla-es","tag-barbade-es","tag-dominique-es","tag-guadalupe","tag-jamaica-es-2","tag-martinique-es","tag-republica-dominicana","tag-sainte-lucie-es","tag-trinidad-y-tobago-es-2"],"acf":[],"_links":{"self":[{"href":"https:\/\/richeskarayib.com\/es\/wp-json\/wp\/v2\/posts\/56752","targetHints":{"allow":["GET"]}}],"collection":[{"href":"https:\/\/richeskarayib.com\/es\/wp-json\/wp\/v2\/posts"}],"about":[{"href":"https:\/\/richeskarayib.com\/es\/wp-json\/wp\/v2\/types\/post"}],"author":[{"embeddable":true,"href":"https:\/\/richeskarayib.com\/es\/wp-json\/wp\/v2\/users\/662"}],"replies":[{"embeddable":true,"href":"https:\/\/richeskarayib.com\/es\/wp-json\/wp\/v2\/comments?post=56752"}],"version-history":[{"count":0,"href":"https:\/\/richeskarayib.com\/es\/wp-json\/wp\/v2\/posts\/56752\/revisions"}],"wp:featuredmedia":[{"embeddable":true,"href":"https:\/\/richeskarayib.com\/es\/wp-json\/wp\/v2\/media\/56742"}],"wp:attachment":[{"href":"https:\/\/richeskarayib.com\/es\/wp-json\/wp\/v2\/media?parent=56752"}],"wp:term":[{"taxonomy":"category","embeddable":true,"href":"https:\/\/richeskarayib.com\/es\/wp-json\/wp\/v2\/categories?post=56752"},{"taxonomy":"post_tag","embeddable":true,"href":"https:\/\/richeskarayib.com\/es\/wp-json\/wp\/v2\/tags?post=56752"}],"curies":[{"name":"wp","href":"https:\/\/api.w.org\/{rel}","templated":true}]}}