{"id":56801,"date":"2025-07-10T11:59:22","date_gmt":"2025-07-10T15:59:22","guid":{"rendered":"https:\/\/richeskarayib.com\/bahamas-52-anos-de-soberania-juntos-nos-levantamos\/"},"modified":"2025-07-10T11:59:24","modified_gmt":"2025-07-10T15:59:24","slug":"bahamas-52-anos-de-soberania-juntos-nos-levantamos","status":"publish","type":"post","link":"https:\/\/richeskarayib.com\/es\/bahamas-52-anos-de-soberania-juntos-nos-levantamos\/","title":{"rendered":"Bahamas, 52 a\u00f1os de soberan\u00eda: &#8220;Juntos nos levantamos"},"content":{"rendered":"\t\t<div data-elementor-type=\"wp-post\" data-elementor-id=\"56801\" class=\"elementor elementor-56801 elementor-56755\" data-elementor-post-type=\"post\">\n\t\t\t\t\t\t<section class=\"elementor-section elementor-top-section elementor-element elementor-element-3756bbb elementor-section-boxed elementor-section-height-default elementor-section-height-default\" data-id=\"3756bbb\" data-element_type=\"section\">\n\t\t\t\t\t\t<div class=\"elementor-container elementor-column-gap-default\">\n\t\t\t\t\t<div class=\"elementor-column elementor-col-100 elementor-top-column elementor-element elementor-element-df79712\" data-id=\"df79712\" data-element_type=\"column\">\n\t\t\t<div class=\"elementor-widget-wrap elementor-element-populated\">\n\t\t\t\t\t\t<section class=\"elementor-section elementor-inner-section elementor-element elementor-element-756e7fb elementor-section-boxed elementor-section-height-default elementor-section-height-default\" data-id=\"756e7fb\" data-element_type=\"section\">\n\t\t\t\t\t\t<div class=\"elementor-container elementor-column-gap-default\">\n\t\t\t\t\t<div class=\"elementor-column elementor-col-100 elementor-inner-column elementor-element elementor-element-dd1326d\" data-id=\"dd1326d\" data-element_type=\"column\">\n\t\t\t<div class=\"elementor-widget-wrap elementor-element-populated\">\n\t\t\t\t\t\t<div class=\"elementor-element elementor-element-81e63b5 elementor-widget elementor-widget-text-editor\" data-id=\"81e63b5\" data-element_type=\"widget\" data-widget_type=\"text-editor.default\">\n\t\t\t\t<div class=\"elementor-widget-container\">\n\t\t\t\t\t\t\t\t\t<p>El 10 de julio de 1973, <a href=\"https:\/\/celebrate-bahamas.com\/\" target=\"_blank\" rel=\"noopener nofollow\">Bahamas<\/a> se convirti\u00f3 oficialmente en un Estado independiente, poniendo fin a m\u00e1s de tres siglos de dominio colonial brit\u00e1nico. Cincuenta y dos a\u00f1os despu\u00e9s, el archipi\u00e9lago caribe\u00f1o conmemora este acto fundacional bajo el lema: <b>&#8220;Juntos nos levantamos&#8221;,<\/b> en un esp\u00edritu de unidad y orgullo colectivo. M\u00e1s all\u00e1 de las festividades, este aniversario revive una rica memoria hist\u00f3rica de resistencia, cambio social y proyecciones hacia el futuro.  <\/p>\t\t\t\t\t\t\t\t<\/div>\n\t\t\t\t<\/div>\n\t\t\t\t\t<\/div>\n\t\t<\/div>\n\t\t\t\t\t<\/div>\n\t\t<\/section>\n\t\t\t\t\t<\/div>\n\t\t<\/div>\n\t\t\t\t\t<\/div>\n\t\t<\/section>\n\t\t\t\t<section class=\"elementor-section elementor-top-section elementor-element elementor-element-63274e9 elementor-section-boxed elementor-section-height-default elementor-section-height-default\" data-id=\"63274e9\" data-element_type=\"section\">\n\t\t\t\t\t\t<div class=\"elementor-container elementor-column-gap-default\">\n\t\t\t\t\t<div class=\"elementor-column elementor-col-100 elementor-top-column elementor-element elementor-element-50500d6\" data-id=\"50500d6\" data-element_type=\"column\">\n\t\t\t<div class=\"elementor-widget-wrap elementor-element-populated\">\n\t\t\t\t\t\t<div class=\"elementor-element elementor-element-02d81f4 elementor-widget elementor-widget-heading\" data-id=\"02d81f4\" data-element_type=\"widget\" data-widget_type=\"heading.default\">\n\t\t\t\t<div class=\"elementor-widget-container\">\n\t\t\t\t\t<h2 class=\"elementor-heading-title elementor-size-default\">De los lucayos a la colonizaci\u00f3n brit\u00e1nica: una historia de rupturas\n<\/h2>\t\t\t\t<\/div>\n\t\t\t\t<\/div>\n\t\t\t\t<section class=\"elementor-section elementor-inner-section elementor-element elementor-element-f7b7508 elementor-section-boxed elementor-section-height-default elementor-section-height-default\" data-id=\"f7b7508\" data-element_type=\"section\">\n\t\t\t\t\t\t<div class=\"elementor-container elementor-column-gap-default\">\n\t\t\t\t\t<div class=\"elementor-column elementor-col-100 elementor-inner-column elementor-element elementor-element-606693d\" data-id=\"606693d\" data-element_type=\"column\">\n\t\t\t<div class=\"elementor-widget-wrap elementor-element-populated\">\n\t\t\t\t\t\t<div class=\"elementor-element elementor-element-a485770 elementor-widget elementor-widget-text-editor\" data-id=\"a485770\" data-element_type=\"widget\" data-widget_type=\"text-editor.default\">\n\t\t\t\t<div class=\"elementor-widget-container\">\n\t\t\t\t\t\t\t\t\t<p>Mucho antes de la llegada de los europeos, las <a href=\"https:\/\/www.tourismtoday.com\/events\/bahamas-independence-day-holiday#:~:text=This%20holiday%20commemorates%20the%20day,separating%20from%20the%20United%20Kingdom.\" target=\"_blank\" rel=\"noopener nofollow\">Bahamas<\/a> estaban habitadas por los lucayanos, un pueblo pac\u00edfico de origen arawak que llevaba all\u00ed asentado casi mil a\u00f1os. En 1492, Crist\u00f3bal Col\u00f3n desembarc\u00f3 en la isla, a la que rebautiz\u00f3 con el nombre de San Salvador. Este contacto marc\u00f3 el inicio de una cat\u00e1strofe demogr\u00e1fica: en menos de 25 a\u00f1os, los 40.000 lucayanos desaparecieron, v\u00edctimas de las enfermedades, la esclavitud y las deportaciones orquestadas por los espa\u00f1oles.    <\/p>\n<p>Durante m\u00e1s de un siglo, el archipi\u00e9lago permaneci\u00f3 pr\u00e1cticamente deshabitado, hasta la llegada en 1648 de los &#8220;Aventureros de Eleuthera&#8221;, puritanos ingleses que hu\u00edan de la persecuci\u00f3n religiosa. Este n\u00facleo form\u00f3 el primer asentamiento brit\u00e1nico permanente, que marc\u00f3 el inicio de una larga era colonial marcada por una fr\u00e1gil administraci\u00f3n que a menudo se ve\u00eda desafiada por convulsiones externas. <\/p>\t\t\t\t\t\t\t\t<\/div>\n\t\t\t\t<\/div>\n\t\t\t\t\t<\/div>\n\t\t<\/div>\n\t\t\t\t\t<\/div>\n\t\t<\/section>\n\t\t\t\t<section class=\"elementor-section elementor-inner-section elementor-element elementor-element-a1738a1 elementor-section-boxed elementor-section-height-default elementor-section-height-default\" data-id=\"a1738a1\" data-element_type=\"section\">\n\t\t\t\t\t\t<div class=\"elementor-container elementor-column-gap-default\">\n\t\t\t\t\t<div class=\"elementor-column elementor-col-50 elementor-inner-column elementor-element elementor-element-8abdbf8\" data-id=\"8abdbf8\" data-element_type=\"column\">\n\t\t\t<div class=\"elementor-widget-wrap elementor-element-populated\">\n\t\t\t\t\t\t<div class=\"elementor-element elementor-element-3282f9d elementor-widget elementor-widget-image\" data-id=\"3282f9d\" data-element_type=\"widget\" data-widget_type=\"image.default\">\n\t\t\t\t<div class=\"elementor-widget-container\">\n\t\t\t\t\t\t\t\t\t\t\t\t<figure class=\"wp-caption\">\n\t\t\t\t\t\t\t\t\t\t<img fetchpriority=\"high\" decoding=\"async\" width=\"800\" height=\"1000\" src=\"https:\/\/richeskarayib.com\/wp-content\/uploads\/2025\/07\/Erwan-Dehaene-819x1024.png\" class=\"attachment-large size-large wp-image-56763\" alt=\"Bahamas\" srcset=\"https:\/\/richeskarayib.com\/wp-content\/uploads\/2025\/07\/Erwan-Dehaene-819x1024.png 819w, https:\/\/richeskarayib.com\/wp-content\/uploads\/2025\/07\/Erwan-Dehaene-240x300.png 240w, https:\/\/richeskarayib.com\/wp-content\/uploads\/2025\/07\/Erwan-Dehaene-768x960.png 768w, https:\/\/richeskarayib.com\/wp-content\/uploads\/2025\/07\/Erwan-Dehaene.png 1080w\" sizes=\"(max-width: 800px) 100vw, 800px\" \/>\t\t\t\t\t\t\t\t\t\t\t<figcaption class=\"widget-image-caption wp-caption-text\">Lucayens<\/figcaption>\n\t\t\t\t\t\t\t\t\t\t<\/figure>\n\t\t\t\t\t\t\t\t\t<\/div>\n\t\t\t\t<\/div>\n\t\t\t\t\t<\/div>\n\t\t<\/div>\n\t\t\t\t<div class=\"elementor-column elementor-col-50 elementor-inner-column elementor-element elementor-element-a4f0f13\" data-id=\"a4f0f13\" data-element_type=\"column\">\n\t\t\t<div class=\"elementor-widget-wrap elementor-element-populated\">\n\t\t\t\t\t\t<div class=\"elementor-element elementor-element-1809c25 elementor-widget elementor-widget-image\" data-id=\"1809c25\" data-element_type=\"widget\" data-widget_type=\"image.default\">\n\t\t\t\t<div class=\"elementor-widget-container\">\n\t\t\t\t\t\t\t\t\t\t\t\t<figure class=\"wp-caption\">\n\t\t\t\t\t\t\t\t\t\t<img decoding=\"async\" width=\"800\" height=\"1000\" src=\"https:\/\/richeskarayib.com\/wp-content\/uploads\/2025\/07\/Erwan-Dehaene-1-819x1024.png\" class=\"attachment-large size-large wp-image-56767\" alt=\"Bahamas\" srcset=\"https:\/\/richeskarayib.com\/wp-content\/uploads\/2025\/07\/Erwan-Dehaene-1-819x1024.png 819w, https:\/\/richeskarayib.com\/wp-content\/uploads\/2025\/07\/Erwan-Dehaene-1-240x300.png 240w, https:\/\/richeskarayib.com\/wp-content\/uploads\/2025\/07\/Erwan-Dehaene-1-768x960.png 768w, https:\/\/richeskarayib.com\/wp-content\/uploads\/2025\/07\/Erwan-Dehaene-1.png 1080w\" sizes=\"(max-width: 800px) 100vw, 800px\" \/>\t\t\t\t\t\t\t\t\t\t\t<figcaption class=\"widget-image-caption wp-caption-text\">Lucayens \u00a9Erwan Dehaene<\/figcaption>\n\t\t\t\t\t\t\t\t\t\t<\/figure>\n\t\t\t\t\t\t\t\t\t<\/div>\n\t\t\t\t<\/div>\n\t\t\t\t\t<\/div>\n\t\t<\/div>\n\t\t\t\t\t<\/div>\n\t\t<\/section>\n\t\t\t\t<section class=\"elementor-section elementor-inner-section elementor-element elementor-element-9db0422 elementor-section-boxed elementor-section-height-default elementor-section-height-default\" data-id=\"9db0422\" data-element_type=\"section\">\n\t\t\t\t\t\t<div class=\"elementor-container elementor-column-gap-default\">\n\t\t\t\t\t\t<\/div>\n\t\t<\/section>\n\t\t\t\t\t<\/div>\n\t\t<\/div>\n\t\t\t\t\t<\/div>\n\t\t<\/section>\n\t\t\t\t<section class=\"elementor-section elementor-top-section elementor-element elementor-element-7ca7ca1 elementor-section-boxed elementor-section-height-default elementor-section-height-default\" data-id=\"7ca7ca1\" data-element_type=\"section\">\n\t\t\t\t\t\t<div class=\"elementor-container elementor-column-gap-default\">\n\t\t\t\t\t<div class=\"elementor-column elementor-col-100 elementor-top-column elementor-element elementor-element-cbdd002\" data-id=\"cbdd002\" data-element_type=\"column\">\n\t\t\t<div class=\"elementor-widget-wrap elementor-element-populated\">\n\t\t\t\t\t\t<div class=\"elementor-element elementor-element-da17f8d elementor-widget elementor-widget-heading\" data-id=\"da17f8d\" data-element_type=\"widget\" data-widget_type=\"heading.default\">\n\t\t\t\t<div class=\"elementor-widget-container\">\n\t\t\t\t\t<h2 class=\"elementor-heading-title elementor-size-default\">De la pirater\u00eda a la esclavitud: entre la rebeli\u00f3n y la dominaci\u00f3n<\/h2>\t\t\t\t<\/div>\n\t\t\t\t<\/div>\n\t\t\t\t<section class=\"elementor-section elementor-inner-section elementor-element elementor-element-bc94849 elementor-section-boxed elementor-section-height-default elementor-section-height-default\" data-id=\"bc94849\" data-element_type=\"section\">\n\t\t\t\t\t\t<div class=\"elementor-container elementor-column-gap-default\">\n\t\t\t\t\t\t<\/div>\n\t\t<\/section>\n\t\t\t\t<div class=\"elementor-element elementor-element-209c746 elementor-widget elementor-widget-text-editor\" data-id=\"209c746\" data-element_type=\"widget\" data-widget_type=\"text-editor.default\">\n\t\t\t\t<div class=\"elementor-widget-container\">\n\t\t\t\t\t\t\t\t\t<p>A finales del siglo XVIII, <a href=\"https:\/\/richeskarayib.com\/es\/las-bahamas-en-2025-una-escapada-inolvidable-al-caribe\/\" target=\"_blank\" rel=\"noopener\">las Bahamas<\/a> se convirtieron en el escenario de un periodo espectacular: la edad de oro de la pirater\u00eda. Nassau se convirti\u00f3 en la capital no oficial de una &#8220;Rep\u00fablica de Piratas&#8221;, en la que campaban a sus anchas figuras como Barbanegra, Charles Vane y Calico Jack. Ante la creciente anarqu\u00eda, en 1718 Londres envi\u00f3 al gobernador Woodes Rogers, que restableci\u00f3 el orden ofreciendo un perd\u00f3n real a los piratas arrepentidos.  <\/p>\n<p>Pero otra lacra molde\u00f3 profundamente la sociedad bahame\u00f1a: la esclavitud. Tras la Guerra de Independencia estadounidense, muchos leales brit\u00e1nicos se establecieron aqu\u00ed con sus esclavos africanos, introduciendo plantaciones de algod\u00f3n. La esclavitud se aboli\u00f3 en dos etapas: primero el comercio de esclavos en 1807, y luego la propia esclavitud en 1834, fecha fundacional que a\u00fan se celebra como &#8220;D\u00eda de la Emancipaci\u00f3n&#8221;. La cultura, la lengua y las tradiciones del pa\u00eds est\u00e1n marcadas para siempre por la huella africana.   <\/p>\t\t\t\t\t\t\t\t<\/div>\n\t\t\t\t<\/div>\n\t\t\t\t<section class=\"elementor-section elementor-inner-section elementor-element elementor-element-61571e6 elementor-section-boxed elementor-section-height-default elementor-section-height-default\" data-id=\"61571e6\" data-element_type=\"section\">\n\t\t\t\t\t\t<div class=\"elementor-container elementor-column-gap-default\">\n\t\t\t\t\t\t<\/div>\n\t\t<\/section>\n\t\t\t\t<section class=\"elementor-section elementor-inner-section elementor-element elementor-element-b6262e0 elementor-section-boxed elementor-section-height-default elementor-section-height-default\" data-id=\"b6262e0\" data-element_type=\"section\">\n\t\t\t\t\t\t<div class=\"elementor-container elementor-column-gap-default\">\n\t\t\t\t\t\t<\/div>\n\t\t<\/section>\n\t\t\t\t<section class=\"elementor-section elementor-inner-section elementor-element elementor-element-cca29fd elementor-section-boxed elementor-section-height-default elementor-section-height-default\" data-id=\"cca29fd\" data-element_type=\"section\">\n\t\t\t\t\t\t<div class=\"elementor-container elementor-column-gap-default\">\n\t\t\t\t\t\t<\/div>\n\t\t<\/section>\n\t\t\t\t\t<\/div>\n\t\t<\/div>\n\t\t\t\t\t<\/div>\n\t\t<\/section>\n\t\t\t\t<section class=\"elementor-section elementor-top-section elementor-element elementor-element-0db9090 elementor-section-boxed elementor-section-height-default elementor-section-height-default\" data-id=\"0db9090\" data-element_type=\"section\">\n\t\t\t\t\t\t<div class=\"elementor-container elementor-column-gap-default\">\n\t\t\t\t\t<div class=\"elementor-column elementor-col-100 elementor-top-column elementor-element elementor-element-2296183\" data-id=\"2296183\" data-element_type=\"column\">\n\t\t\t<div class=\"elementor-widget-wrap elementor-element-populated\">\n\t\t\t\t\t\t<div class=\"elementor-element elementor-element-9576154 elementor-widget elementor-widget-heading\" data-id=\"9576154\" data-element_type=\"widget\" data-widget_type=\"heading.default\">\n\t\t\t\t<div class=\"elementor-widget-container\">\n\t\t\t\t\t<h2 class=\"elementor-heading-title elementor-size-default\">El despertar pol\u00edtico y la marcha hacia la independencia\n<\/h2>\t\t\t\t<\/div>\n\t\t\t\t<\/div>\n\t\t\t\t<div class=\"elementor-element elementor-element-500981c elementor-widget elementor-widget-text-editor\" data-id=\"500981c\" data-element_type=\"widget\" data-widget_type=\"text-editor.default\">\n\t\t\t\t<div class=\"elementor-widget-container\">\n\t\t\t\t\t\t\t\t\t<p>En el siglo XX, el movimiento emancipador dio un giro pol\u00edtico decisivo. En 1953, tres personalidades fundaron el Partido Liberal Progresista (PLP), el primer partido nacional que representaba a la mayor\u00eda negra. Entre ellos hab\u00eda un joven abogado de indiscutible carisma, <b>Sir Lynden Pindling<\/b>, que se convertir\u00eda en el arquitecto de la independencia. En 1967, gracias a una coalici\u00f3n decisiva, se convirti\u00f3 en el primer Primer Ministro negro de Bahamas. Este cambio hist\u00f3rico -denominado &#8220;gobierno de la mayor\u00eda&#8221;- marc\u00f3 el fin de la dominaci\u00f3n pol\u00edtica blanca y el surgimiento de una conciencia nacional.    <\/p>\t\t\t\t\t\t\t\t<\/div>\n\t\t\t\t<\/div>\n\t\t\t\t<section class=\"elementor-section elementor-inner-section elementor-element elementor-element-fc696d1 elementor-section-boxed elementor-section-height-default elementor-section-height-default\" data-id=\"fc696d1\" data-element_type=\"section\">\n\t\t\t\t\t\t<div class=\"elementor-container elementor-column-gap-default\">\n\t\t\t\t\t<div class=\"elementor-column elementor-col-100 elementor-inner-column elementor-element elementor-element-5a36ffe\" data-id=\"5a36ffe\" data-element_type=\"column\">\n\t\t\t<div class=\"elementor-widget-wrap elementor-element-populated\">\n\t\t\t\t\t\t<div class=\"elementor-element elementor-element-e207d40 elementor-widget elementor-widget-image\" data-id=\"e207d40\" data-element_type=\"widget\" data-widget_type=\"image.default\">\n\t\t\t\t<div class=\"elementor-widget-container\">\n\t\t\t\t\t\t\t\t\t\t\t\t<figure class=\"wp-caption\">\n\t\t\t\t\t\t\t\t\t\t<img decoding=\"async\" width=\"800\" height=\"1000\" src=\"https:\/\/richeskarayib.com\/wp-content\/uploads\/2025\/07\/Sir-Lynden-Pindling-Foundation-819x1024.png\" class=\"attachment-large size-large wp-image-56771\" alt=\"Bahamas\" srcset=\"https:\/\/richeskarayib.com\/wp-content\/uploads\/2025\/07\/Sir-Lynden-Pindling-Foundation-819x1024.png 819w, https:\/\/richeskarayib.com\/wp-content\/uploads\/2025\/07\/Sir-Lynden-Pindling-Foundation-240x300.png 240w, https:\/\/richeskarayib.com\/wp-content\/uploads\/2025\/07\/Sir-Lynden-Pindling-Foundation-768x960.png 768w, https:\/\/richeskarayib.com\/wp-content\/uploads\/2025\/07\/Sir-Lynden-Pindling-Foundation.png 1080w\" sizes=\"(max-width: 800px) 100vw, 800px\" \/>\t\t\t\t\t\t\t\t\t\t\t<figcaption class=\"widget-image-caption wp-caption-text\">Sir Lynden Pindling. Sir Lynden Pindling Foundation<\/figcaption>\n\t\t\t\t\t\t\t\t\t\t<\/figure>\n\t\t\t\t\t\t\t\t\t<\/div>\n\t\t\t\t<\/div>\n\t\t\t\t\t<\/div>\n\t\t<\/div>\n\t\t\t\t\t<\/div>\n\t\t<\/section>\n\t\t\t\t<div class=\"elementor-element elementor-element-158d89a elementor-widget elementor-widget-text-editor\" data-id=\"158d89a\" data-element_type=\"widget\" data-widget_type=\"text-editor.default\">\n\t\t\t\t<div class=\"elementor-widget-container\">\n\t\t\t\t\t\t\t\t\t<p>En 1969, una nueva constituci\u00f3n consagr\u00f3 la autonom\u00eda interna, mientras se iniciaban las negociaciones con Londres en un clima de respeto mutuo. El 20 de junio de 1973, el Parlamento brit\u00e1nico aprob\u00f3 la Orden de Independencia de Bahamas. El 10 de julio, en presencia del pr\u00edncipe Carlos, se arri\u00f3 la Union Jack y se iz\u00f3 una nueva bandera negra, dorada y turquesa ante 50.000 personas en Nassau. El lema nacional, <b>&#8220;Adelante, Arriba, Adelante, Juntos&#8221;,<\/b> encarna el esp\u00edritu de elevaci\u00f3n colectiva que a\u00fan hoy impulsa las celebraciones.   <\/p>\t\t\t\t\t\t\t\t<\/div>\n\t\t\t\t<\/div>\n\t\t\t\t<section class=\"elementor-section elementor-inner-section elementor-element elementor-element-68e27c4 elementor-section-boxed elementor-section-height-default elementor-section-height-default\" data-id=\"68e27c4\" data-element_type=\"section\">\n\t\t\t\t\t\t<div class=\"elementor-container elementor-column-gap-default\">\n\t\t\t\t\t<div class=\"elementor-column elementor-col-100 elementor-inner-column elementor-element elementor-element-a0d5c7b\" data-id=\"a0d5c7b\" data-element_type=\"column\">\n\t\t\t<div class=\"elementor-widget-wrap elementor-element-populated\">\n\t\t\t\t\t\t<div class=\"elementor-element elementor-element-ab926c0 elementor-widget elementor-widget-image\" data-id=\"ab926c0\" data-element_type=\"widget\" data-widget_type=\"image.default\">\n\t\t\t\t<div class=\"elementor-widget-container\">\n\t\t\t\t\t\t\t\t\t\t\t\t\t\t\t<img loading=\"lazy\" decoding=\"async\" width=\"800\" height=\"534\" src=\"https:\/\/richeskarayib.com\/wp-content\/uploads\/2025\/07\/drapeau-des-bahamas-1024x683.jpg\" class=\"attachment-large size-large wp-image-56775\" alt=\"Bahamas\" srcset=\"https:\/\/richeskarayib.com\/wp-content\/uploads\/2025\/07\/drapeau-des-bahamas-1024x683.jpg 1024w, https:\/\/richeskarayib.com\/wp-content\/uploads\/2025\/07\/drapeau-des-bahamas-300x200.jpg 300w, https:\/\/richeskarayib.com\/wp-content\/uploads\/2025\/07\/drapeau-des-bahamas-768x512.jpg 768w, https:\/\/richeskarayib.com\/wp-content\/uploads\/2025\/07\/drapeau-des-bahamas-1536x1024.jpg 1536w, https:\/\/richeskarayib.com\/wp-content\/uploads\/2025\/07\/drapeau-des-bahamas-1320x880.jpg 1320w, https:\/\/richeskarayib.com\/wp-content\/uploads\/2025\/07\/drapeau-des-bahamas.jpg 1920w\" sizes=\"(max-width: 800px) 100vw, 800px\" \/>\t\t\t\t\t\t\t\t\t\t\t\t\t\t\t<\/div>\n\t\t\t\t<\/div>\n\t\t\t\t\t<\/div>\n\t\t<\/div>\n\t\t\t\t\t<\/div>\n\t\t<\/section>\n\t\t\t\t\t<\/div>\n\t\t<\/div>\n\t\t\t\t\t<\/div>\n\t\t<\/section>\n\t\t\t\t<section class=\"elementor-section elementor-top-section elementor-element elementor-element-7b2ef92 elementor-section-boxed elementor-section-height-default elementor-section-height-default\" data-id=\"7b2ef92\" data-element_type=\"section\">\n\t\t\t\t\t\t<div class=\"elementor-container elementor-column-gap-default\">\n\t\t\t\t\t<div class=\"elementor-column elementor-col-100 elementor-top-column elementor-element elementor-element-e8712b4\" data-id=\"e8712b4\" data-element_type=\"column\">\n\t\t\t<div class=\"elementor-widget-wrap elementor-element-populated\">\n\t\t\t\t\t\t<div class=\"elementor-element elementor-element-37e0414 elementor-widget elementor-widget-heading\" data-id=\"37e0414\" data-element_type=\"widget\" data-widget_type=\"heading.default\">\n\t\t\t\t<div class=\"elementor-widget-container\">\n\t\t\t\t\t<h2 class=\"elementor-heading-title elementor-size-default\">Una cultura viva, un patrimonio que defender<\/h2>\t\t\t\t<\/div>\n\t\t\t\t<\/div>\n\t\t\t\t<div class=\"elementor-element elementor-element-fa5cc24 elementor-widget elementor-widget-text-editor\" data-id=\"fa5cc24\" data-element_type=\"widget\" data-widget_type=\"text-editor.default\">\n\t\t\t\t<div class=\"elementor-widget-container\">\n\t\t\t\t\t\t\t\t\t<p>La identidad bahame\u00f1a se basa en un sutil equilibrio entre tradici\u00f3n y modernidad. El <b>Junkanoo<\/b>, un festival callejero basado en los rituales africanos de los esclavos, se ha convertido en la expresi\u00f3n cultural emblem\u00e1tica del pa\u00eds. Cada 26 de diciembre y 1 de enero, miles de bahame\u00f1os desfilan con espectaculares trajes hechos a mano, al ritmo de tambores, campanas e instrumentos de metal. Este patrimonio vivo, incluido en la lista de la UNESCO desde 2023, encarna la resistencia y la creatividad de un pueblo forjado en la adversidad.   <\/p>\t\t\t\t\t\t\t\t<\/div>\n\t\t\t\t<\/div>\n\t\t\t\t<section class=\"elementor-section elementor-inner-section elementor-element elementor-element-cc32d71 elementor-section-boxed elementor-section-height-default elementor-section-height-default\" data-id=\"cc32d71\" data-element_type=\"section\">\n\t\t\t\t\t\t<div class=\"elementor-container elementor-column-gap-default\">\n\t\t\t\t\t<div class=\"elementor-column elementor-col-100 elementor-inner-column elementor-element elementor-element-b407d8c\" data-id=\"b407d8c\" data-element_type=\"column\">\n\t\t\t<div class=\"elementor-widget-wrap elementor-element-populated\">\n\t\t\t\t\t\t<div class=\"elementor-element elementor-element-d84d313 elementor-widget elementor-widget-image\" data-id=\"d84d313\" data-element_type=\"widget\" data-widget_type=\"image.default\">\n\t\t\t\t<div class=\"elementor-widget-container\">\n\t\t\t\t\t\t\t\t\t\t\t\t<figure class=\"wp-caption\">\n\t\t\t\t\t\t\t\t\t\t<img loading=\"lazy\" decoding=\"async\" width=\"500\" height=\"483\" src=\"https:\/\/richeskarayib.com\/wp-content\/uploads\/2025\/07\/UNESCO.jpg\" class=\"attachment-large size-large wp-image-56779\" alt=\"Bahamas\" srcset=\"https:\/\/richeskarayib.com\/wp-content\/uploads\/2025\/07\/UNESCO.jpg 500w, https:\/\/richeskarayib.com\/wp-content\/uploads\/2025\/07\/UNESCO-300x290.jpg 300w\" sizes=\"(max-width: 500px) 100vw, 500px\" \/>\t\t\t\t\t\t\t\t\t\t\t<figcaption class=\"widget-image-caption wp-caption-text\">Junkanoo. <\/figcaption>\n\t\t\t\t\t\t\t\t\t\t<\/figure>\n\t\t\t\t\t\t\t\t\t<\/div>\n\t\t\t\t<\/div>\n\t\t\t\t\t<\/div>\n\t\t<\/div>\n\t\t\t\t\t<\/div>\n\t\t<\/section>\n\t\t\t\t<div class=\"elementor-element elementor-element-b958baa elementor-widget elementor-widget-text-editor\" data-id=\"b958baa\" data-element_type=\"widget\" data-widget_type=\"text-editor.default\">\n\t\t\t\t<div class=\"elementor-widget-container\">\n\t\t\t\t\t\t\t\t\t<p>La riqueza natural de las Bahamas es a la vez un activo estrat\u00e9gico y un reto ecol\u00f3gico. Con m\u00e1s de 700 islas y 2.400 islotes repartidos en 260.000 km\u00b2 de mar, el archipi\u00e9lago alberga el tercer arrecife de coral m\u00e1s grande del mundo, una biodiversidad excepcional y m\u00e1s de 20 parques nacionales. Pero este fr\u00e1gil esplendor est\u00e1 amenazado por el cambio clim\u00e1tico, sobre todo por la subida del nivel del mar, que pone en peligro las infraestructuras y los ecosistemas.  <\/p>\t\t\t\t\t\t\t\t<\/div>\n\t\t\t\t<\/div>\n\t\t\t\t<section class=\"elementor-section elementor-inner-section elementor-element elementor-element-95936c3 elementor-section-boxed elementor-section-height-default elementor-section-height-default\" data-id=\"95936c3\" data-element_type=\"section\">\n\t\t\t\t\t\t<div class=\"elementor-container elementor-column-gap-default\">\n\t\t\t\t\t<div class=\"elementor-column elementor-col-50 elementor-inner-column elementor-element elementor-element-0491e27\" data-id=\"0491e27\" data-element_type=\"column\">\n\t\t\t<div class=\"elementor-widget-wrap elementor-element-populated\">\n\t\t\t\t\t\t<div class=\"elementor-element elementor-element-d68a920 elementor-widget elementor-widget-image\" data-id=\"d68a920\" data-element_type=\"widget\" data-widget_type=\"image.default\">\n\t\t\t\t<div class=\"elementor-widget-container\">\n\t\t\t\t\t\t\t\t\t\t\t\t<figure class=\"wp-caption\">\n\t\t\t\t\t\t\t\t\t\t<img loading=\"lazy\" decoding=\"async\" width=\"800\" height=\"541\" src=\"https:\/\/richeskarayib.com\/wp-content\/uploads\/2025\/07\/\u00a9The-Islands-of-the-Bahamas-1-1024x692.png\" class=\"attachment-large size-large wp-image-56787\" alt=\"Bahamas\" srcset=\"https:\/\/richeskarayib.com\/wp-content\/uploads\/2025\/07\/\u00a9The-Islands-of-the-Bahamas-1-1024x692.png 1024w, https:\/\/richeskarayib.com\/wp-content\/uploads\/2025\/07\/\u00a9The-Islands-of-the-Bahamas-1-300x203.png 300w, https:\/\/richeskarayib.com\/wp-content\/uploads\/2025\/07\/\u00a9The-Islands-of-the-Bahamas-1-768x519.png 768w, https:\/\/richeskarayib.com\/wp-content\/uploads\/2025\/07\/\u00a9The-Islands-of-the-Bahamas-1-1320x892.png 1320w, https:\/\/richeskarayib.com\/wp-content\/uploads\/2025\/07\/\u00a9The-Islands-of-the-Bahamas-1.png 1348w\" sizes=\"(max-width: 800px) 100vw, 800px\" \/>\t\t\t\t\t\t\t\t\t\t\t<figcaption class=\"widget-image-caption wp-caption-text\">\u00a9The Islands of the Bahamas 1<\/figcaption>\n\t\t\t\t\t\t\t\t\t\t<\/figure>\n\t\t\t\t\t\t\t\t\t<\/div>\n\t\t\t\t<\/div>\n\t\t\t\t\t<\/div>\n\t\t<\/div>\n\t\t\t\t<div class=\"elementor-column elementor-col-50 elementor-inner-column elementor-element elementor-element-8557eab\" data-id=\"8557eab\" data-element_type=\"column\">\n\t\t\t<div class=\"elementor-widget-wrap elementor-element-populated\">\n\t\t\t\t\t\t<div class=\"elementor-element elementor-element-77e1767 elementor-widget elementor-widget-image\" data-id=\"77e1767\" data-element_type=\"widget\" data-widget_type=\"image.default\">\n\t\t\t\t<div class=\"elementor-widget-container\">\n\t\t\t\t\t\t\t\t\t\t\t\t<figure class=\"wp-caption\">\n\t\t\t\t\t\t\t\t\t\t<img loading=\"lazy\" decoding=\"async\" width=\"800\" height=\"498\" src=\"https:\/\/richeskarayib.com\/wp-content\/uploads\/2025\/07\/\u00a9The-Islands-of-the-Bahamas-2-1024x638.png\" class=\"attachment-large size-large wp-image-56791\" alt=\"Bahamas\" srcset=\"https:\/\/richeskarayib.com\/wp-content\/uploads\/2025\/07\/\u00a9The-Islands-of-the-Bahamas-2-1024x638.png 1024w, https:\/\/richeskarayib.com\/wp-content\/uploads\/2025\/07\/\u00a9The-Islands-of-the-Bahamas-2-300x187.png 300w, https:\/\/richeskarayib.com\/wp-content\/uploads\/2025\/07\/\u00a9The-Islands-of-the-Bahamas-2-768x479.png 768w, https:\/\/richeskarayib.com\/wp-content\/uploads\/2025\/07\/\u00a9The-Islands-of-the-Bahamas-2-1320x823.png 1320w, https:\/\/richeskarayib.com\/wp-content\/uploads\/2025\/07\/\u00a9The-Islands-of-the-Bahamas-2.png 1351w\" sizes=\"(max-width: 800px) 100vw, 800px\" \/>\t\t\t\t\t\t\t\t\t\t\t<figcaption class=\"widget-image-caption wp-caption-text\">\u00a9The Islands of the Bahamas 2<\/figcaption>\n\t\t\t\t\t\t\t\t\t\t<\/figure>\n\t\t\t\t\t\t\t\t\t<\/div>\n\t\t\t\t<\/div>\n\t\t\t\t\t<\/div>\n\t\t<\/div>\n\t\t\t\t\t<\/div>\n\t\t<\/section>\n\t\t\t\t<section class=\"elementor-section elementor-inner-section elementor-element elementor-element-f2c5e45 elementor-section-boxed elementor-section-height-default elementor-section-height-default\" data-id=\"f2c5e45\" data-element_type=\"section\">\n\t\t\t\t\t\t<div class=\"elementor-container elementor-column-gap-default\">\n\t\t\t\t\t<div class=\"elementor-column elementor-col-100 elementor-inner-column elementor-element elementor-element-a2e5dd1\" data-id=\"a2e5dd1\" data-element_type=\"column\">\n\t\t\t<div class=\"elementor-widget-wrap elementor-element-populated\">\n\t\t\t\t\t\t<div class=\"elementor-element elementor-element-c042e3c elementor-widget elementor-widget-image\" data-id=\"c042e3c\" data-element_type=\"widget\" data-widget_type=\"image.default\">\n\t\t\t\t<div class=\"elementor-widget-container\">\n\t\t\t\t\t\t\t\t\t\t\t\t<figure class=\"wp-caption\">\n\t\t\t\t\t\t\t\t\t\t<img loading=\"lazy\" decoding=\"async\" width=\"800\" height=\"527\" src=\"https:\/\/richeskarayib.com\/wp-content\/uploads\/2025\/07\/\u00a9The-Islands-of-the-Bahamas-4-1024x674.png\" class=\"attachment-large size-large wp-image-56783\" alt=\"Bahamas\" srcset=\"https:\/\/richeskarayib.com\/wp-content\/uploads\/2025\/07\/\u00a9The-Islands-of-the-Bahamas-4-1024x674.png 1024w, https:\/\/richeskarayib.com\/wp-content\/uploads\/2025\/07\/\u00a9The-Islands-of-the-Bahamas-4-300x198.png 300w, https:\/\/richeskarayib.com\/wp-content\/uploads\/2025\/07\/\u00a9The-Islands-of-the-Bahamas-4-768x506.png 768w, https:\/\/richeskarayib.com\/wp-content\/uploads\/2025\/07\/\u00a9The-Islands-of-the-Bahamas-4-1320x869.png 1320w, https:\/\/richeskarayib.com\/wp-content\/uploads\/2025\/07\/\u00a9The-Islands-of-the-Bahamas-4.png 1347w\" sizes=\"(max-width: 800px) 100vw, 800px\" \/>\t\t\t\t\t\t\t\t\t\t\t<figcaption class=\"widget-image-caption wp-caption-text\">\u00a9The Islands of the Bahamas<\/figcaption>\n\t\t\t\t\t\t\t\t\t\t<\/figure>\n\t\t\t\t\t\t\t\t\t<\/div>\n\t\t\t\t<\/div>\n\t\t\t\t\t<\/div>\n\t\t<\/div>\n\t\t\t\t\t<\/div>\n\t\t<\/section>\n\t\t\t\t<section class=\"elementor-section elementor-inner-section elementor-element elementor-element-919b3b5 elementor-section-boxed elementor-section-height-default elementor-section-height-default\" data-id=\"919b3b5\" data-element_type=\"section\">\n\t\t\t\t\t\t<div class=\"elementor-container elementor-column-gap-default\">\n\t\t\t\t\t<div class=\"elementor-column elementor-col-50 elementor-inner-column elementor-element elementor-element-06d19cb\" data-id=\"06d19cb\" data-element_type=\"column\">\n\t\t\t<div class=\"elementor-widget-wrap elementor-element-populated\">\n\t\t\t\t\t\t<div class=\"elementor-element elementor-element-c79e9b3 elementor-widget elementor-widget-image\" data-id=\"c79e9b3\" data-element_type=\"widget\" data-widget_type=\"image.default\">\n\t\t\t\t<div class=\"elementor-widget-container\">\n\t\t\t\t\t\t\t\t\t\t\t\t<figure class=\"wp-caption\">\n\t\t\t\t\t\t\t\t\t\t<img loading=\"lazy\" decoding=\"async\" width=\"800\" height=\"499\" src=\"https:\/\/richeskarayib.com\/wp-content\/uploads\/2025\/07\/\u00a9The-Islands-of-the-Bahamas-3-1024x639.png\" class=\"attachment-large size-large wp-image-56795\" alt=\"Bahamas\" srcset=\"https:\/\/richeskarayib.com\/wp-content\/uploads\/2025\/07\/\u00a9The-Islands-of-the-Bahamas-3-1024x639.png 1024w, https:\/\/richeskarayib.com\/wp-content\/uploads\/2025\/07\/\u00a9The-Islands-of-the-Bahamas-3-300x187.png 300w, https:\/\/richeskarayib.com\/wp-content\/uploads\/2025\/07\/\u00a9The-Islands-of-the-Bahamas-3-768x480.png 768w, https:\/\/richeskarayib.com\/wp-content\/uploads\/2025\/07\/\u00a9The-Islands-of-the-Bahamas-3-1320x824.png 1320w, https:\/\/richeskarayib.com\/wp-content\/uploads\/2025\/07\/\u00a9The-Islands-of-the-Bahamas-3.png 1347w\" sizes=\"(max-width: 800px) 100vw, 800px\" \/>\t\t\t\t\t\t\t\t\t\t\t<figcaption class=\"widget-image-caption wp-caption-text\">\u00a9The Islands of the Bahamas 3<\/figcaption>\n\t\t\t\t\t\t\t\t\t\t<\/figure>\n\t\t\t\t\t\t\t\t\t<\/div>\n\t\t\t\t<\/div>\n\t\t\t\t\t<\/div>\n\t\t<\/div>\n\t\t\t\t<div class=\"elementor-column elementor-col-50 elementor-inner-column elementor-element elementor-element-5f2256a\" data-id=\"5f2256a\" data-element_type=\"column\">\n\t\t\t<div class=\"elementor-widget-wrap elementor-element-populated\">\n\t\t\t\t\t\t<div class=\"elementor-element elementor-element-3fdffc9 elementor-widget elementor-widget-image\" data-id=\"3fdffc9\" data-element_type=\"widget\" data-widget_type=\"image.default\">\n\t\t\t\t<div class=\"elementor-widget-container\">\n\t\t\t\t\t\t\t\t\t\t\t\t<figure class=\"wp-caption\">\n\t\t\t\t\t\t\t\t\t\t<img loading=\"lazy\" decoding=\"async\" width=\"800\" height=\"502\" src=\"https:\/\/richeskarayib.com\/wp-content\/uploads\/2025\/07\/\u00a9The-Islands-of-the-Bahamas-1024x643.png\" class=\"attachment-large size-large wp-image-56799\" alt=\"Bahamas\" srcset=\"https:\/\/richeskarayib.com\/wp-content\/uploads\/2025\/07\/\u00a9The-Islands-of-the-Bahamas-1024x643.png 1024w, https:\/\/richeskarayib.com\/wp-content\/uploads\/2025\/07\/\u00a9The-Islands-of-the-Bahamas-300x188.png 300w, https:\/\/richeskarayib.com\/wp-content\/uploads\/2025\/07\/\u00a9The-Islands-of-the-Bahamas-768x482.png 768w, https:\/\/richeskarayib.com\/wp-content\/uploads\/2025\/07\/\u00a9The-Islands-of-the-Bahamas-1320x828.png 1320w, https:\/\/richeskarayib.com\/wp-content\/uploads\/2025\/07\/\u00a9The-Islands-of-the-Bahamas.png 1348w\" sizes=\"(max-width: 800px) 100vw, 800px\" \/>\t\t\t\t\t\t\t\t\t\t\t<figcaption class=\"widget-image-caption wp-caption-text\">\u00a9The Islands of the Bahamas<\/figcaption>\n\t\t\t\t\t\t\t\t\t\t<\/figure>\n\t\t\t\t\t\t\t\t\t<\/div>\n\t\t\t\t<\/div>\n\t\t\t\t\t<\/div>\n\t\t<\/div>\n\t\t\t\t\t<\/div>\n\t\t<\/section>\n\t\t\t\t\t<\/div>\n\t\t<\/div>\n\t\t\t\t\t<\/div>\n\t\t<\/section>\n\t\t\t\t<section class=\"elementor-section elementor-top-section elementor-element elementor-element-e011a0f elementor-section-boxed elementor-section-height-default elementor-section-height-default\" data-id=\"e011a0f\" data-element_type=\"section\">\n\t\t\t\t\t\t<div class=\"elementor-container elementor-column-gap-default\">\n\t\t\t\t\t<div class=\"elementor-column elementor-col-100 elementor-top-column elementor-element elementor-element-91c6ea5\" data-id=\"91c6ea5\" data-element_type=\"column\">\n\t\t\t<div class=\"elementor-widget-wrap elementor-element-populated\">\n\t\t\t\t\t\t<div class=\"elementor-element elementor-element-3193622 elementor-widget elementor-widget-heading\" data-id=\"3193622\" data-element_type=\"widget\" data-widget_type=\"heading.default\">\n\t\t\t\t<div class=\"elementor-widget-container\">\n\t\t\t\t\t<h2 class=\"elementor-heading-title elementor-size-default\">Econom\u00eda, democracia y retos contempor\u00e1neos<\/h2>\t\t\t\t<\/div>\n\t\t\t\t<\/div>\n\t\t\t\t<div class=\"elementor-element elementor-element-d6b77ee elementor-widget elementor-widget-text-editor\" data-id=\"d6b77ee\" data-element_type=\"widget\" data-widget_type=\"text-editor.default\">\n\t\t\t\t<div class=\"elementor-widget-container\">\n\t\t\t\t\t\t\t\t\t<p>Desde su independencia, <a href=\"https:\/\/www.bahamas.gov.bs\/\" target=\"_blank\" rel=\"noopener nofollow\">Bahamas<\/a> se ha consolidado como una de las econom\u00edas m\u00e1s estables del Caribe. El <b>turismo<\/b>, que representa m\u00e1s del 50% del PIB, sigue siendo el principal motor. En 2024, el archipi\u00e9lago bati\u00f3 un r\u00e9cord con 11,2 millones de visitantes. El <b>sector financiero extraterritorial<\/b>, aunque debilitado por la normativa internacional, sigue teniendo una importancia estrat\u00e9gica (en torno al 15% del PIB). Con vistas a la innovaci\u00f3n, en 2020 las autoridades lanzaron el <b>D\u00f3lar de Arena<\/b>, la primera moneda digital nacional del mundo, y ahora se centran en las energ\u00edas renovables y las tecnolog\u00edas digitales.    <\/p>\t\t\t\t\t\t\t\t<\/div>\n\t\t\t\t<\/div>\n\t\t\t\t<div class=\"elementor-element elementor-element-2cac2a6 elementor-widget elementor-widget-text-editor\" data-id=\"2cac2a6\" data-element_type=\"widget\" data-widget_type=\"text-editor.default\">\n\t\t\t\t<div class=\"elementor-widget-container\">\n\t\t\t\t\t\t\t\t\t<p>Pol\u00edticamente, la democracia parlamentaria ha funcionado sin interrupci\u00f3n desde 1973, con alternancias regulares entre los dos partidos mayoritarios: el PLP y el FNM. El actual Primer Ministro, <b>Philip Davis<\/b>, encarna esta continuidad democr\u00e1tica. Sin embargo, el debate sobre la transformaci\u00f3n del pa\u00eds en una rep\u00fablica, reavivado tras el ejemplo de Barbados, est\u00e1 agitando ciertos c\u00edrculos pol\u00edticos.  <\/p>\t\t\t\t\t\t\t\t<\/div>\n\t\t\t\t<\/div>\n\t\t\t\t\t<\/div>\n\t\t<\/div>\n\t\t\t\t\t<\/div>\n\t\t<\/section>\n\t\t\t\t<section class=\"elementor-section elementor-top-section elementor-element elementor-element-5baf18a elementor-section-boxed elementor-section-height-default elementor-section-height-default\" data-id=\"5baf18a\" data-element_type=\"section\">\n\t\t\t\t\t\t<div class=\"elementor-container elementor-column-gap-default\">\n\t\t\t\t\t<div class=\"elementor-column elementor-col-100 elementor-top-column elementor-element elementor-element-85dba19\" data-id=\"85dba19\" data-element_type=\"column\">\n\t\t\t<div class=\"elementor-widget-wrap elementor-element-populated\">\n\t\t\t\t\t\t<div class=\"elementor-element elementor-element-fc6274c elementor-widget elementor-widget-heading\" data-id=\"fc6274c\" data-element_type=\"widget\" data-widget_type=\"heading.default\">\n\t\t\t\t<div class=\"elementor-widget-container\">\n\t\t\t\t\t<h2 class=\"elementor-heading-title elementor-size-default\">2025: una fiesta entre memoria y proyecci\u00f3n<\/h2>\t\t\t\t<\/div>\n\t\t\t\t<\/div>\n\t\t\t\t<div class=\"elementor-element elementor-element-a4e1167 elementor-widget elementor-widget-text-editor\" data-id=\"a4e1167\" data-element_type=\"widget\" data-widget_type=\"text-editor.default\">\n\t\t\t\t<div class=\"elementor-widget-container\">\n\t\t\t\t\t\t\t\t\t<p>El 52\u1d49 aniversario de la independencia se acompa\u00f1a este a\u00f1o de ceremonias oficiales y festivas en todo el pa\u00eds. En Nassau, el <b>Retiro Beat<\/b>, celebrado el 4 de julio en la plaza Rawson, inaugur\u00f3 las festividades con desfiles militares, bandas de m\u00fasica y discursos solemnes. El 7 de julio, un D\u00eda de la Unidad Nacional moviliz\u00f3 a las comunidades en torno a proyectos c\u00edvicos y acciones solidarias.  <\/p>\n<p>El momento culminante es la <b>ceremonia del 10 de julio<\/b>, con el izado de la bandera en el Tesoro P\u00fablico, una recepci\u00f3n oficial en la Casa de Gobierno y fuegos artificiales en las islas principales. Tambi\u00e9n se organizan fiestas populares en Eleuthera, Staniel Cay y Gran Bahama, con conciertos, cocina local, competiciones deportivas y bailes tradicionales. <\/p>\t\t\t\t\t\t\t\t<\/div>\n\t\t\t\t<\/div>\n\t\t\t\t\t<\/div>\n\t\t<\/div>\n\t\t\t\t\t<\/div>\n\t\t<\/section>\n\t\t\t\t<section class=\"elementor-section elementor-top-section elementor-element elementor-element-770d1fb elementor-section-boxed elementor-section-height-default elementor-section-height-default\" data-id=\"770d1fb\" data-element_type=\"section\">\n\t\t\t\t\t\t<div class=\"elementor-container elementor-column-gap-default\">\n\t\t\t\t\t<div class=\"elementor-column elementor-col-100 elementor-top-column elementor-element elementor-element-0c36756\" data-id=\"0c36756\" data-element_type=\"column\">\n\t\t\t<div class=\"elementor-widget-wrap elementor-element-populated\">\n\t\t\t\t\t\t<div class=\"elementor-element elementor-element-ccaffd7 elementor-widget elementor-widget-heading\" data-id=\"ccaffd7\" data-element_type=\"widget\" data-widget_type=\"heading.default\">\n\t\t\t\t<div class=\"elementor-widget-container\">\n\t\t\t\t\t<h2 class=\"elementor-heading-title elementor-size-default\">Una naci\u00f3n en pie, de cara a su futuro<\/h2>\t\t\t\t<\/div>\n\t\t\t\t<\/div>\n\t\t\t\t<div class=\"elementor-element elementor-element-04c6a22 elementor-widget elementor-widget-text-editor\" data-id=\"04c6a22\" data-element_type=\"widget\" data-widget_type=\"text-editor.default\">\n\t\t\t\t<div class=\"elementor-widget-container\">\n\t\t\t\t\t\t\t\t\t<p>En 52 a\u00f1os, <a href=\"https:\/\/richeskarayib.com\/es\/dia-mundial-del-medio-ambiente-vencer-la-contaminacion-por-plasticos-un-reto-urgente-para-el-caribe\/\" target=\"_blank\" rel=\"noopener\">Bahamas<\/a> ha logrado construir una democracia estable, una econom\u00eda abierta y una fuerte identidad cultural. Aunque los retos son muchos: clima, diversificaci\u00f3n, soberan\u00eda tecnol\u00f3gica, la unidad nacional sigue siendo la base de un futuro prometedor. Por ello, el lema &#8220;Juntos nos levantamos&#8221; va m\u00e1s all\u00e1 de lo ceremonial: encarna un pacto intergeneracional, un impulso com\u00fan para afrontar los retos del siglo XXI.  <\/p>\t\t\t\t\t\t\t\t<\/div>\n\t\t\t\t<\/div>\n\t\t\t\t\t<\/div>\n\t\t<\/div>\n\t\t\t\t\t<\/div>\n\t\t<\/section>\n\t\t\t\t<\/div>\n\t\t","protected":false},"excerpt":{"rendered":"<p>El 10 de julio de 1973, Bahamas se convirti\u00f3 oficialmente en un Estado independiente, poniendo fin a m\u00e1s de tres siglos de dominio colonial brit\u00e1nico. Cincuenta y dos a\u00f1os despu\u00e9s, el archipi\u00e9lago caribe\u00f1o conmemora este acto fundacional bajo el lema: &#8220;Juntos nos levantamos&#8221;, en un esp\u00edritu de unidad y orgullo colectivo. M\u00e1s all\u00e1 de las [&hellip;]<\/p>\n","protected":false},"author":662,"featured_media":56759,"comment_status":"open","ping_status":"open","sticky":false,"template":"","format":"standard","meta":{"_acf_changed":false,"footnotes":""},"categories":[1469],"tags":[1674],"class_list":["post-56801","post","type-post","status-publish","format-standard","has-post-thumbnail","hentry","category-historia-patrimonio","tag-bahamas-es"],"acf":[],"_links":{"self":[{"href":"https:\/\/richeskarayib.com\/es\/wp-json\/wp\/v2\/posts\/56801","targetHints":{"allow":["GET"]}}],"collection":[{"href":"https:\/\/richeskarayib.com\/es\/wp-json\/wp\/v2\/posts"}],"about":[{"href":"https:\/\/richeskarayib.com\/es\/wp-json\/wp\/v2\/types\/post"}],"author":[{"embeddable":true,"href":"https:\/\/richeskarayib.com\/es\/wp-json\/wp\/v2\/users\/662"}],"replies":[{"embeddable":true,"href":"https:\/\/richeskarayib.com\/es\/wp-json\/wp\/v2\/comments?post=56801"}],"version-history":[{"count":0,"href":"https:\/\/richeskarayib.com\/es\/wp-json\/wp\/v2\/posts\/56801\/revisions"}],"wp:featuredmedia":[{"embeddable":true,"href":"https:\/\/richeskarayib.com\/es\/wp-json\/wp\/v2\/media\/56759"}],"wp:attachment":[{"href":"https:\/\/richeskarayib.com\/es\/wp-json\/wp\/v2\/media?parent=56801"}],"wp:term":[{"taxonomy":"category","embeddable":true,"href":"https:\/\/richeskarayib.com\/es\/wp-json\/wp\/v2\/categories?post=56801"},{"taxonomy":"post_tag","embeddable":true,"href":"https:\/\/richeskarayib.com\/es\/wp-json\/wp\/v2\/tags?post=56801"}],"curies":[{"name":"wp","href":"https:\/\/api.w.org\/{rel}","templated":true}]}}