{"id":57075,"date":"2025-07-15T05:05:30","date_gmt":"2025-07-15T09:05:30","guid":{"rendered":"https:\/\/richeskarayib.com\/saint-martin-preservar-los-ecosistemas-marinos-ante-la-emergencia-climatica\/"},"modified":"2025-07-15T05:05:31","modified_gmt":"2025-07-15T09:05:31","slug":"saint-martin-preservar-los-ecosistemas-marinos-ante-la-emergencia-climatica","status":"publish","type":"post","link":"https:\/\/richeskarayib.com\/es\/saint-martin-preservar-los-ecosistemas-marinos-ante-la-emergencia-climatica\/","title":{"rendered":"Saint-Martin: preservar los ecosistemas marinos ante la emergencia clim\u00e1tica"},"content":{"rendered":"\t\t<div data-elementor-type=\"wp-post\" data-elementor-id=\"57075\" class=\"elementor elementor-57075 elementor-57026\" data-elementor-post-type=\"post\">\n\t\t\t\t\t\t<section class=\"elementor-section elementor-top-section elementor-element elementor-element-3756bbb elementor-section-boxed elementor-section-height-default elementor-section-height-default\" data-id=\"3756bbb\" data-element_type=\"section\">\n\t\t\t\t\t\t<div class=\"elementor-container elementor-column-gap-default\">\n\t\t\t\t\t<div class=\"elementor-column elementor-col-100 elementor-top-column elementor-element elementor-element-df79712\" data-id=\"df79712\" data-element_type=\"column\">\n\t\t\t<div class=\"elementor-widget-wrap elementor-element-populated\">\n\t\t\t\t\t\t<section class=\"elementor-section elementor-inner-section elementor-element elementor-element-756e7fb elementor-section-boxed elementor-section-height-default elementor-section-height-default\" data-id=\"756e7fb\" data-element_type=\"section\">\n\t\t\t\t\t\t<div class=\"elementor-container elementor-column-gap-default\">\n\t\t\t\t\t<div class=\"elementor-column elementor-col-100 elementor-inner-column elementor-element elementor-element-dd1326d\" data-id=\"dd1326d\" data-element_type=\"column\">\n\t\t\t<div class=\"elementor-widget-wrap elementor-element-populated\">\n\t\t\t\t\t\t<div class=\"elementor-element elementor-element-81e63b5 elementor-widget elementor-widget-text-editor\" data-id=\"81e63b5\" data-element_type=\"widget\" data-widget_type=\"text-editor.default\">\n\t\t\t\t<div class=\"elementor-widget-container\">\n\t\t\t\t\t\t\t\t\t<p>En el norte de las Antillas Menores, la isla de <a href=\"http:\/\/Saint-Martin\" target=\"_blank\" rel=\"noopener nofollow\">San Mart\u00edn<\/a> alberga unos ecosistemas marinos extraordinariamente ricos. Arrecifes de coral, praderas marinas, manglares, tortugas y mam\u00edferos marinos cohabitan en un entorno tan fr\u00e1gil como esencial para el territorio. <\/p>\t\t\t\t\t\t\t\t<\/div>\n\t\t\t\t<\/div>\n\t\t\t\t\t<\/div>\n\t\t<\/div>\n\t\t\t\t\t<\/div>\n\t\t<\/section>\n\t\t\t\t\t<\/div>\n\t\t<\/div>\n\t\t\t\t\t<\/div>\n\t\t<\/section>\n\t\t\t\t<section class=\"elementor-section elementor-top-section elementor-element elementor-element-63274e9 elementor-section-boxed elementor-section-height-default elementor-section-height-default\" data-id=\"63274e9\" data-element_type=\"section\">\n\t\t\t\t\t\t<div class=\"elementor-container elementor-column-gap-default\">\n\t\t\t\t\t<div class=\"elementor-column elementor-col-100 elementor-top-column elementor-element elementor-element-50500d6\" data-id=\"50500d6\" data-element_type=\"column\">\n\t\t\t<div class=\"elementor-widget-wrap elementor-element-populated\">\n\t\t\t\t\t\t<div class=\"elementor-element elementor-element-02d81f4 elementor-widget elementor-widget-heading\" data-id=\"02d81f4\" data-element_type=\"widget\" data-widget_type=\"heading.default\">\n\t\t\t\t<div class=\"elementor-widget-container\">\n\t\t\t\t\t<h2 class=\"elementor-heading-title elementor-size-default\">Biodiversidad excepcional bajo presi\u00f3n<\/h2>\t\t\t\t<\/div>\n\t\t\t\t<\/div>\n\t\t\t\t<div class=\"elementor-element elementor-element-a485770 elementor-widget elementor-widget-text-editor\" data-id=\"a485770\" data-element_type=\"widget\" data-widget_type=\"text-editor.default\">\n\t\t\t\t<div class=\"elementor-widget-container\">\n\t\t\t\t\t\t\t\t\t<p>Los ecosistemas marinos de <a href=\"https:\/\/reservenaturelle-saint-martin.com\/fr\/themes\/favoriser-la-conservation-des-recifs-coralliens-et-des-especes-associees\" target=\"_blank\" rel=\"noopener nofollow\">San Mart\u00edn<\/a> forman un patrimonio natural de rara complejidad. La isla, dividida entre Francia y los Pa\u00edses Bajos, alberga una gran variedad de h\u00e1bitats costeros y submarinos: arrecifes perif\u00e9ricos y de barrera, praderas marinas y manglares. S\u00f3lo los arrecifes cubren casi 19,4 km\u00b2 alrededor de la isla, principalmente alrededor de Baie Orientale, Coralita, le Galion y Grandes Cayes.  <\/p>\n<p>La Reserva Natural cuenta con m\u00e1s de 1.040 especies marinas, entre ellas una treintena de corales y m\u00e1s de 500 moluscos. Hay una impresionante diversidad de peces de arrecife, tortugas marinas, estrellas de mar, erizos de mar, an\u00e9monas y mam\u00edferos marinos, incluidos delfines, cachalotes y ballenas jorobadas. <\/p>\t\t\t\t\t\t\t\t<\/div>\n\t\t\t\t<\/div>\n\t\t\t\t<div class=\"elementor-element elementor-element-75f61f9 elementor-widget elementor-widget-text-editor\" data-id=\"75f61f9\" data-element_type=\"widget\" data-widget_type=\"text-editor.default\">\n\t\t\t\t<div class=\"elementor-widget-container\">\n\t\t\t\t\t\t\t\t\t<p>Estos ecosistemas marinos de <a href=\"https:\/\/richeskarayib.com\/es\/festival-de-la-gastronomia-de-san-martin-2025-cuando-la-isla-celebra-sus-sabores-con-pasion\/\" target=\"_blank\" rel=\"noopener\">San Mart\u00edn<\/a> sirven de refugio, vivero y zona de alimentaci\u00f3n a especies emblem\u00e1ticas como la tortuga verde, la tortuga carey y la tortuga la\u00fad. De marzo a noviembre, varias playas de la isla se convierten en lugares cruciales para la puesta de huevos de estos reptiles protegidos. <\/p>\t\t\t\t\t\t\t\t<\/div>\n\t\t\t\t<\/div>\n\t\t\t\t<section class=\"elementor-section elementor-inner-section elementor-element elementor-element-6fe95cd elementor-section-boxed elementor-section-height-default elementor-section-height-default\" data-id=\"6fe95cd\" data-element_type=\"section\">\n\t\t\t\t\t\t<div class=\"elementor-container elementor-column-gap-default\">\n\t\t\t\t\t<div class=\"elementor-column elementor-col-100 elementor-inner-column elementor-element elementor-element-d09a1bc\" data-id=\"d09a1bc\" data-element_type=\"column\">\n\t\t\t<div class=\"elementor-widget-wrap elementor-element-populated\">\n\t\t\t\t\t\t<div class=\"elementor-element elementor-element-9739cd3 elementor-widget elementor-widget-image\" data-id=\"9739cd3\" data-element_type=\"widget\" data-widget_type=\"image.default\">\n\t\t\t\t<div class=\"elementor-widget-container\">\n\t\t\t\t\t\t\t\t\t\t\t\t\t\t\t<img fetchpriority=\"high\" decoding=\"async\" width=\"800\" height=\"569\" src=\"https:\/\/richeskarayib.com\/wp-content\/uploads\/2025\/07\/copy-2031-1024x728.png\" class=\"attachment-large size-large wp-image-57039\" alt=\"\u00e9cosyst\u00e8mes marins\" srcset=\"https:\/\/richeskarayib.com\/wp-content\/uploads\/2025\/07\/copy-2031-1024x728.png 1024w, https:\/\/richeskarayib.com\/wp-content\/uploads\/2025\/07\/copy-2031-300x213.png 300w, https:\/\/richeskarayib.com\/wp-content\/uploads\/2025\/07\/copy-2031-768x546.png 768w, https:\/\/richeskarayib.com\/wp-content\/uploads\/2025\/07\/copy-2031-1320x939.png 1320w, https:\/\/richeskarayib.com\/wp-content\/uploads\/2025\/07\/copy-2031.png 1424w\" sizes=\"(max-width: 800px) 100vw, 800px\" \/>\t\t\t\t\t\t\t\t\t\t\t\t\t\t\t<\/div>\n\t\t\t\t<\/div>\n\t\t\t\t\t<\/div>\n\t\t<\/div>\n\t\t\t\t\t<\/div>\n\t\t<\/section>\n\t\t\t\t<section class=\"elementor-section elementor-inner-section elementor-element elementor-element-9db0422 elementor-section-boxed elementor-section-height-default elementor-section-height-default\" data-id=\"9db0422\" data-element_type=\"section\">\n\t\t\t\t\t\t<div class=\"elementor-container elementor-column-gap-default\">\n\t\t\t\t\t\t<\/div>\n\t\t<\/section>\n\t\t\t\t\t<\/div>\n\t\t<\/div>\n\t\t\t\t\t<\/div>\n\t\t<\/section>\n\t\t\t\t<section class=\"elementor-section elementor-top-section elementor-element elementor-element-7ca7ca1 elementor-section-boxed elementor-section-height-default elementor-section-height-default\" data-id=\"7ca7ca1\" data-element_type=\"section\">\n\t\t\t\t\t\t<div class=\"elementor-container elementor-column-gap-default\">\n\t\t\t\t\t<div class=\"elementor-column elementor-col-100 elementor-top-column elementor-element elementor-element-cbdd002\" data-id=\"cbdd002\" data-element_type=\"column\">\n\t\t\t<div class=\"elementor-widget-wrap elementor-element-populated\">\n\t\t\t\t\t\t<div class=\"elementor-element elementor-element-da17f8d elementor-widget elementor-widget-heading\" data-id=\"da17f8d\" data-element_type=\"widget\" data-widget_type=\"heading.default\">\n\t\t\t\t<div class=\"elementor-widget-container\">\n\t\t\t\t\t<h2 class=\"elementor-heading-title elementor-size-default\">Arrecifes, praderas de algas, manglares: funciones ecol\u00f3gicas esenciales<\/h2>\t\t\t\t<\/div>\n\t\t\t\t<\/div>\n\t\t\t\t<section class=\"elementor-section elementor-inner-section elementor-element elementor-element-bc94849 elementor-section-boxed elementor-section-height-default elementor-section-height-default\" data-id=\"bc94849\" data-element_type=\"section\">\n\t\t\t\t\t\t<div class=\"elementor-container elementor-column-gap-default\">\n\t\t\t\t\t\t<\/div>\n\t\t<\/section>\n\t\t\t\t<div class=\"elementor-element elementor-element-209c746 elementor-widget elementor-widget-text-editor\" data-id=\"209c746\" data-element_type=\"widget\" data-widget_type=\"text-editor.default\">\n\t\t\t\t<div class=\"elementor-widget-container\">\n\t\t\t\t\t\t\t\t\t<p>Los arrecifes de coral protegen las costas de la erosi\u00f3n y reducen el impacto de las tormentas. Albergan una biodiversidad que garantiza el equilibrio de las cadenas alimentarias marinas. Las praderas marinas, que cubren m\u00e1s de 60 km\u00b2 alrededor de la isla, y los manglares (24,2 hect\u00e1reas) complementan estas funciones actuando como filtros biol\u00f3gicos, secuestrando carbono y asegurando la continuidad ecol\u00f3gica entre la tierra y el mar.  <\/p>\n<p>Estos ecosistemas marinos de San Mart\u00edn act\u00faan como un escudo natural contra el cambio clim\u00e1tico, desempe\u00f1ando un papel central en la regulaci\u00f3n del clima, la seguridad alimentaria local y la conservaci\u00f3n de especies amenazadas.<\/p>\t\t\t\t\t\t\t\t<\/div>\n\t\t\t\t<\/div>\n\t\t\t\t<section class=\"elementor-section elementor-inner-section elementor-element elementor-element-3bf9f4d elementor-section-boxed elementor-section-height-default elementor-section-height-default\" data-id=\"3bf9f4d\" data-element_type=\"section\">\n\t\t\t\t\t\t<div class=\"elementor-container elementor-column-gap-default\">\n\t\t\t\t\t<div class=\"elementor-column elementor-col-50 elementor-inner-column elementor-element elementor-element-af1592b\" data-id=\"af1592b\" data-element_type=\"column\">\n\t\t\t<div class=\"elementor-widget-wrap elementor-element-populated\">\n\t\t\t\t\t\t<div class=\"elementor-element elementor-element-0eba667 elementor-widget elementor-widget-image\" data-id=\"0eba667\" data-element_type=\"widget\" data-widget_type=\"image.default\">\n\t\t\t\t<div class=\"elementor-widget-container\">\n\t\t\t\t\t\t\t\t\t\t\t\t<figure class=\"wp-caption\">\n\t\t\t\t\t\t\t\t\t\t<img decoding=\"async\" width=\"684\" height=\"1024\" src=\"https:\/\/richeskarayib.com\/wp-content\/uploads\/2025\/07\/st-martin.org-1-684x1024.jpg\" class=\"attachment-large size-large wp-image-57043\" alt=\"\u00e9cosyst\u00e8mes marins\" srcset=\"https:\/\/richeskarayib.com\/wp-content\/uploads\/2025\/07\/st-martin.org-1-684x1024.jpg 684w, https:\/\/richeskarayib.com\/wp-content\/uploads\/2025\/07\/st-martin.org-1-200x300.jpg 200w, https:\/\/richeskarayib.com\/wp-content\/uploads\/2025\/07\/st-martin.org-1.jpg 721w\" sizes=\"(max-width: 684px) 100vw, 684px\" \/>\t\t\t\t\t\t\t\t\t\t\t<figcaption class=\"widget-image-caption wp-caption-text\">\u00a9st-martin.org<\/figcaption>\n\t\t\t\t\t\t\t\t\t\t<\/figure>\n\t\t\t\t\t\t\t\t\t<\/div>\n\t\t\t\t<\/div>\n\t\t\t\t\t<\/div>\n\t\t<\/div>\n\t\t\t\t<div class=\"elementor-column elementor-col-50 elementor-inner-column elementor-element elementor-element-2e9a6c0\" data-id=\"2e9a6c0\" data-element_type=\"column\">\n\t\t\t<div class=\"elementor-widget-wrap elementor-element-populated\">\n\t\t\t\t\t\t<div class=\"elementor-element elementor-element-6bdaf0d elementor-widget elementor-widget-image\" data-id=\"6bdaf0d\" data-element_type=\"widget\" data-widget_type=\"image.default\">\n\t\t\t\t<div class=\"elementor-widget-container\">\n\t\t\t\t\t\t\t\t\t\t\t\t<figure class=\"wp-caption\">\n\t\t\t\t\t\t\t\t\t\t<img decoding=\"async\" width=\"800\" height=\"449\" src=\"https:\/\/richeskarayib.com\/wp-content\/uploads\/2025\/07\/st-martin.org-mangrove-1024x575.jpg\" class=\"attachment-large size-large wp-image-57047\" alt=\"\u00e9cosyst\u00e8mes marins\" srcset=\"https:\/\/richeskarayib.com\/wp-content\/uploads\/2025\/07\/st-martin.org-mangrove-1024x575.jpg 1024w, https:\/\/richeskarayib.com\/wp-content\/uploads\/2025\/07\/st-martin.org-mangrove-300x168.jpg 300w, https:\/\/richeskarayib.com\/wp-content\/uploads\/2025\/07\/st-martin.org-mangrove-768x431.jpg 768w, https:\/\/richeskarayib.com\/wp-content\/uploads\/2025\/07\/st-martin.org-mangrove-1536x862.jpg 1536w, https:\/\/richeskarayib.com\/wp-content\/uploads\/2025\/07\/st-martin.org-mangrove-1320x741.jpg 1320w, https:\/\/richeskarayib.com\/wp-content\/uploads\/2025\/07\/st-martin.org-mangrove.jpg 1920w\" sizes=\"(max-width: 800px) 100vw, 800px\" \/>\t\t\t\t\t\t\t\t\t\t\t<figcaption class=\"widget-image-caption wp-caption-text\">\u00a9st-martin.org<\/figcaption>\n\t\t\t\t\t\t\t\t\t\t<\/figure>\n\t\t\t\t\t\t\t\t\t<\/div>\n\t\t\t\t<\/div>\n\t\t\t\t<div class=\"elementor-element elementor-element-48b11f7 elementor-widget elementor-widget-image\" data-id=\"48b11f7\" data-element_type=\"widget\" data-widget_type=\"image.default\">\n\t\t\t\t<div class=\"elementor-widget-container\">\n\t\t\t\t\t\t\t\t\t\t\t\t<figure class=\"wp-caption\">\n\t\t\t\t\t\t\t\t\t\t<img loading=\"lazy\" decoding=\"async\" width=\"800\" height=\"539\" src=\"https:\/\/richeskarayib.com\/wp-content\/uploads\/2025\/07\/st-martin.org-mangrove-2-1024x690.jpg\" class=\"attachment-large size-large wp-image-57056\" alt=\"\u00e9cosyst\u00e8mes marins\" srcset=\"https:\/\/richeskarayib.com\/wp-content\/uploads\/2025\/07\/st-martin.org-mangrove-2-1024x690.jpg 1024w, https:\/\/richeskarayib.com\/wp-content\/uploads\/2025\/07\/st-martin.org-mangrove-2-300x202.jpg 300w, https:\/\/richeskarayib.com\/wp-content\/uploads\/2025\/07\/st-martin.org-mangrove-2-768x518.jpg 768w, https:\/\/richeskarayib.com\/wp-content\/uploads\/2025\/07\/st-martin.org-mangrove-2.jpg 1320w\" sizes=\"(max-width: 800px) 100vw, 800px\" \/>\t\t\t\t\t\t\t\t\t\t\t<figcaption class=\"widget-image-caption wp-caption-text\">\u00a9st-martin.org<\/figcaption>\n\t\t\t\t\t\t\t\t\t\t<\/figure>\n\t\t\t\t\t\t\t\t\t<\/div>\n\t\t\t\t<\/div>\n\t\t\t\t\t<\/div>\n\t\t<\/div>\n\t\t\t\t\t<\/div>\n\t\t<\/section>\n\t\t\t\t<section class=\"elementor-section elementor-inner-section elementor-element elementor-element-61571e6 elementor-section-boxed elementor-section-height-default elementor-section-height-default\" data-id=\"61571e6\" data-element_type=\"section\">\n\t\t\t\t\t\t<div class=\"elementor-container elementor-column-gap-default\">\n\t\t\t\t\t\t<\/div>\n\t\t<\/section>\n\t\t\t\t<section class=\"elementor-section elementor-inner-section elementor-element elementor-element-b6262e0 elementor-section-boxed elementor-section-height-default elementor-section-height-default\" data-id=\"b6262e0\" data-element_type=\"section\">\n\t\t\t\t\t\t<div class=\"elementor-container elementor-column-gap-default\">\n\t\t\t\t\t\t<\/div>\n\t\t<\/section>\n\t\t\t\t<section class=\"elementor-section elementor-inner-section elementor-element elementor-element-cca29fd elementor-section-boxed elementor-section-height-default elementor-section-height-default\" data-id=\"cca29fd\" data-element_type=\"section\">\n\t\t\t\t\t\t<div class=\"elementor-container elementor-column-gap-default\">\n\t\t\t\t\t\t<\/div>\n\t\t<\/section>\n\t\t\t\t\t<\/div>\n\t\t<\/div>\n\t\t\t\t\t<\/div>\n\t\t<\/section>\n\t\t\t\t<section class=\"elementor-section elementor-top-section elementor-element elementor-element-0db9090 elementor-section-boxed elementor-section-height-default elementor-section-height-default\" data-id=\"0db9090\" data-element_type=\"section\">\n\t\t\t\t\t\t<div class=\"elementor-container elementor-column-gap-default\">\n\t\t\t\t\t<div class=\"elementor-column elementor-col-100 elementor-top-column elementor-element elementor-element-2296183\" data-id=\"2296183\" data-element_type=\"column\">\n\t\t\t<div class=\"elementor-widget-wrap elementor-element-populated\">\n\t\t\t\t\t\t<div class=\"elementor-element elementor-element-9576154 elementor-widget elementor-widget-heading\" data-id=\"9576154\" data-element_type=\"widget\" data-widget_type=\"heading.default\">\n\t\t\t\t<div class=\"elementor-widget-container\">\n\t\t\t\t\t<h2 class=\"elementor-heading-title elementor-size-default\">Una importante palanca econ\u00f3mica<\/h2>\t\t\t\t<\/div>\n\t\t\t\t<\/div>\n\t\t\t\t<div class=\"elementor-element elementor-element-500981c elementor-widget elementor-widget-text-editor\" data-id=\"500981c\" data-element_type=\"widget\" data-widget_type=\"text-editor.default\">\n\t\t\t\t<div class=\"elementor-widget-container\">\n\t\t\t\t\t\t\t\t\t<p>Los ecosistemas marinos de <a href=\"https:\/\/biodiversite-outre-mer.fr\/territoires\/saint-martin\" target=\"_blank\" rel=\"noopener nofollow\">San<\/a> Mart\u00edn generan un valor econ\u00f3mico estimado de 26 millones de euros al a\u00f1o. S\u00f3lo la protecci\u00f3n del litoral representa 6 millones de euros de ahorro potencial, mientras que las actividades n\u00e1uticas y de buceo aportan 20 millones de euros a la econom\u00eda local. <\/p>\n<p>Casi 2.600 puestos de trabajo y m\u00e1s de 400 empresas dependen directa o indirectamente de estos entornos naturales. El turismo &#8220;azul&#8221; -buceo, snorkel, excursiones marinas- atrae hasta el 80% de los visitantes. Con una visibilidad submarina de hasta 30 metros, las aguas de San Mart\u00edn est\u00e1n entre las mejores del Caribe para el descubrimiento ecol\u00f3gico.  <\/p>\t\t\t\t\t\t\t\t<\/div>\n\t\t\t\t<\/div>\n\t\t\t\t<div class=\"elementor-element elementor-element-3584383 elementor-widget elementor-widget-text-editor\" data-id=\"3584383\" data-element_type=\"widget\" data-widget_type=\"text-editor.default\">\n\t\t\t\t<div class=\"elementor-widget-container\">\n\t\t\t\t\t\t\t\t\t<p>Proyectos innovadores como el parque de esculturas submarinas &#8220;Under SXM&#8221;, en Little Bay, crean arrecifes artificiales al tiempo que diversifican la oferta tur\u00edstica y descongestionan los lugares naturales m\u00e1s sensibles. Este tipo de iniciativas aprovechan al m\u00e1ximo los ecosistemas marinos de San Mart\u00edn, protegi\u00e9ndolos al mismo tiempo. <\/p>\t\t\t\t\t\t\t\t<\/div>\n\t\t\t\t<\/div>\n\t\t\t\t<div class=\"elementor-element elementor-element-9a28c2c elementor-widget elementor-widget-image\" data-id=\"9a28c2c\" data-element_type=\"widget\" data-widget_type=\"image.default\">\n\t\t\t\t<div class=\"elementor-widget-container\">\n\t\t\t\t\t\t\t\t\t\t\t\t<figure class=\"wp-caption\">\n\t\t\t\t\t\t\t\t\t\t<img loading=\"lazy\" decoding=\"async\" width=\"800\" height=\"600\" src=\"https:\/\/richeskarayib.com\/wp-content\/uploads\/2025\/07\/st-martin.org_.jpg\" class=\"attachment-large size-large wp-image-57051\" alt=\"\u00e9cosyst\u00e8mes marins\" srcset=\"https:\/\/richeskarayib.com\/wp-content\/uploads\/2025\/07\/st-martin.org_.jpg 926w, https:\/\/richeskarayib.com\/wp-content\/uploads\/2025\/07\/st-martin.org_-300x225.jpg 300w, https:\/\/richeskarayib.com\/wp-content\/uploads\/2025\/07\/st-martin.org_-768x576.jpg 768w\" sizes=\"(max-width: 800px) 100vw, 800px\" \/>\t\t\t\t\t\t\t\t\t\t\t<figcaption class=\"widget-image-caption wp-caption-text\">\u00a9st-martin.org<\/figcaption>\n\t\t\t\t\t\t\t\t\t\t<\/figure>\n\t\t\t\t\t\t\t\t\t<\/div>\n\t\t\t\t<\/div>\n\t\t\t\t\t<\/div>\n\t\t<\/div>\n\t\t\t\t\t<\/div>\n\t\t<\/section>\n\t\t\t\t<section class=\"elementor-section elementor-top-section elementor-element elementor-element-7b2ef92 elementor-section-boxed elementor-section-height-default elementor-section-height-default\" data-id=\"7b2ef92\" data-element_type=\"section\">\n\t\t\t\t\t\t<div class=\"elementor-container elementor-column-gap-default\">\n\t\t\t\t\t<div class=\"elementor-column elementor-col-100 elementor-top-column elementor-element elementor-element-e8712b4\" data-id=\"e8712b4\" data-element_type=\"column\">\n\t\t\t<div class=\"elementor-widget-wrap elementor-element-populated\">\n\t\t\t\t\t\t<div class=\"elementor-element elementor-element-37e0414 elementor-widget elementor-widget-heading\" data-id=\"37e0414\" data-element_type=\"widget\" data-widget_type=\"heading.default\">\n\t\t\t\t<div class=\"elementor-widget-container\">\n\t\t\t\t\t<h2 class=\"elementor-heading-title elementor-size-default\">Un deterioro preocupante<\/h2>\t\t\t\t<\/div>\n\t\t\t\t<\/div>\n\t\t\t\t<div class=\"elementor-element elementor-element-fa5cc24 elementor-widget elementor-widget-text-editor\" data-id=\"fa5cc24\" data-element_type=\"widget\" data-widget_type=\"text-editor.default\">\n\t\t\t\t<div class=\"elementor-widget-container\">\n\t\t\t\t\t\t\t\t\t<p>Pero este tesoro ecol\u00f3gico est\u00e1 en peligro. Seg\u00fan el Ifrecor, s\u00f3lo el 20% de los arrecifes de coral de San Mart\u00edn est\u00e1n en &#8220;buen&#8221; estado. Ninguno se considera en &#8220;excelente&#8221; estado. El resto muestra signos de degradaci\u00f3n avanzada, directamente relacionada con la urbanizaci\u00f3n, el desarrollo portuario y la contaminaci\u00f3n por aguas residuales no tratadas.   <\/p>\n<p>Los sedimentos procedentes de la escorrent\u00eda urbana o agr\u00edcola asfixian a los corales. Los productos qu\u00edmicos fomentan las algas invasoras en detrimento de las especies que las construyen. La sobreexplotaci\u00f3n de los recursos marinos aumenta la presi\u00f3n sobre los ya fr\u00e1giles ecosistemas marinos de San Mart\u00edn.  <\/p>\t\t\t\t\t\t\t\t<\/div>\n\t\t\t\t<\/div>\n\t\t\t\t<div class=\"elementor-element elementor-element-d481577 elementor-widget elementor-widget-text-editor\" data-id=\"d481577\" data-element_type=\"widget\" data-widget_type=\"text-editor.default\">\n\t\t\t\t<div class=\"elementor-widget-container\">\n\t\t\t\t\t\t\t\t\t<p>La decoloraci\u00f3n del coral en 2023, causada por temperaturas del agua superiores a 30\u00b0C, afect\u00f3 a toda la reserva natural. A pesar de ello, algunos corales mostraron una alentadora capacidad de recuperaci\u00f3n. Sin embargo, esta din\u00e1mica positiva sigue siendo fr\u00e1gil.  <\/p>\t\t\t\t\t\t\t\t<\/div>\n\t\t\t\t<\/div>\n\t\t\t\t\t<\/div>\n\t\t<\/div>\n\t\t\t\t\t<\/div>\n\t\t<\/section>\n\t\t\t\t<section class=\"elementor-section elementor-top-section elementor-element elementor-element-e011a0f elementor-section-boxed elementor-section-height-default elementor-section-height-default\" data-id=\"e011a0f\" data-element_type=\"section\">\n\t\t\t\t\t\t<div class=\"elementor-container elementor-column-gap-default\">\n\t\t\t\t\t<div class=\"elementor-column elementor-col-100 elementor-top-column elementor-element elementor-element-91c6ea5\" data-id=\"91c6ea5\" data-element_type=\"column\">\n\t\t\t<div class=\"elementor-widget-wrap elementor-element-populated\">\n\t\t\t\t\t\t<div class=\"elementor-element elementor-element-3193622 elementor-widget elementor-widget-heading\" data-id=\"3193622\" data-element_type=\"widget\" data-widget_type=\"heading.default\">\n\t\t\t\t<div class=\"elementor-widget-container\">\n\t\t\t\t\t<h2 class=\"elementor-heading-title elementor-size-default\">Reservas naturales y estrategias de protecci\u00f3n<\/h2>\t\t\t\t<\/div>\n\t\t\t\t<\/div>\n\t\t\t\t<div class=\"elementor-element elementor-element-d6b77ee elementor-widget elementor-widget-text-editor\" data-id=\"d6b77ee\" data-element_type=\"widget\" data-widget_type=\"text-editor.default\">\n\t\t\t\t<div class=\"elementor-widget-container\">\n\t\t\t\t\t\t\t\t\t<p>Creada en 1998, la <a href=\"https:\/\/reserves-naturelles.org\/reserves\/saint-martin\/\" target=\"_blank\" rel=\"noopener nofollow\">Reserva Natural Nacional de San Mart\u00edn<\/a> abarca m\u00e1s de 3.000 hect\u00e1reas, 2.796 de las cuales son marinas. Es la principal herramienta de conservaci\u00f3n, ya que protege arrecifes, manglares, praderas marinas, estanques y bosques costeros. S\u00f3lo esta zona protegida alberga casi 2.000 especies divididas en 44 grupos taxon\u00f3micos.  <\/p>\n<p>Un plan de gesti\u00f3n quinquenal establece las acciones que hay que emprender para preservar los ecosistemas marinos de San Mart\u00edn: restauraci\u00f3n del h\u00e1bitat, control de los usos, sensibilizaci\u00f3n de los usuarios, seguimiento cient\u00edfico y cooperaci\u00f3n regional.<\/p>\t\t\t\t\t\t\t\t<\/div>\n\t\t\t\t<\/div>\n\t\t\t\t<div class=\"elementor-element elementor-element-e010fca elementor-widget elementor-widget-text-editor\" data-id=\"e010fca\" data-element_type=\"widget\" data-widget_type=\"text-editor.default\">\n\t\t\t\t<div class=\"elementor-widget-container\">\n\t\t\t\t\t\t\t\t\t<p>Los mam\u00edferos marinos se benefician del santuario Agoa, que abarca toda la zona econ\u00f3mica exclusiva de las Antillas francesas, mientras que las tortugas son objeto de planes de acci\u00f3n coordinados con redes de ecovoluntarios que vigilan los lugares de anidamiento.<\/p>\t\t\t\t\t\t\t\t<\/div>\n\t\t\t\t<\/div>\n\t\t\t\t<section class=\"elementor-section elementor-inner-section elementor-element elementor-element-9ca61fd elementor-section-boxed elementor-section-height-default elementor-section-height-default\" data-id=\"9ca61fd\" data-element_type=\"section\">\n\t\t\t\t\t\t<div class=\"elementor-container elementor-column-gap-default\">\n\t\t\t\t\t<div class=\"elementor-column elementor-col-50 elementor-inner-column elementor-element elementor-element-33c066f\" data-id=\"33c066f\" data-element_type=\"column\">\n\t\t\t<div class=\"elementor-widget-wrap elementor-element-populated\">\n\t\t\t\t\t\t<div class=\"elementor-element elementor-element-b74f963 elementor-widget elementor-widget-image\" data-id=\"b74f963\" data-element_type=\"widget\" data-widget_type=\"image.default\">\n\t\t\t\t<div class=\"elementor-widget-container\">\n\t\t\t\t\t\t\t\t\t\t\t\t<figure class=\"wp-caption\">\n\t\t\t\t\t\t\t\t\t\t<img loading=\"lazy\" decoding=\"async\" width=\"800\" height=\"533\" src=\"https:\/\/richeskarayib.com\/wp-content\/uploads\/2025\/07\/Reserve-Naturelle-Nationale-de-Saint-Martin-1.jpg\" class=\"attachment-large size-large wp-image-57061\" alt=\"\u00e9cosyst\u00e8mes marins\" srcset=\"https:\/\/richeskarayib.com\/wp-content\/uploads\/2025\/07\/Reserve-Naturelle-Nationale-de-Saint-Martin-1.jpg 800w, https:\/\/richeskarayib.com\/wp-content\/uploads\/2025\/07\/Reserve-Naturelle-Nationale-de-Saint-Martin-1-300x200.jpg 300w, https:\/\/richeskarayib.com\/wp-content\/uploads\/2025\/07\/Reserve-Naturelle-Nationale-de-Saint-Martin-1-768x512.jpg 768w\" sizes=\"(max-width: 800px) 100vw, 800px\" \/>\t\t\t\t\t\t\t\t\t\t\t<figcaption class=\"widget-image-caption wp-caption-text\">\u00a9R\u00e9serve Naturelle Nationale de Saint-Martin<\/figcaption>\n\t\t\t\t\t\t\t\t\t\t<\/figure>\n\t\t\t\t\t\t\t\t\t<\/div>\n\t\t\t\t<\/div>\n\t\t\t\t\t<\/div>\n\t\t<\/div>\n\t\t\t\t<div class=\"elementor-column elementor-col-50 elementor-inner-column elementor-element elementor-element-cb51780\" data-id=\"cb51780\" data-element_type=\"column\">\n\t\t\t<div class=\"elementor-widget-wrap elementor-element-populated\">\n\t\t\t\t\t\t<div class=\"elementor-element elementor-element-7717910 elementor-widget elementor-widget-image\" data-id=\"7717910\" data-element_type=\"widget\" data-widget_type=\"image.default\">\n\t\t\t\t<div class=\"elementor-widget-container\">\n\t\t\t\t\t\t\t\t\t\t\t\t<figure class=\"wp-caption\">\n\t\t\t\t\t\t\t\t\t\t<img loading=\"lazy\" decoding=\"async\" width=\"800\" height=\"533\" src=\"https:\/\/richeskarayib.com\/wp-content\/uploads\/2025\/07\/Reserve-Naturelle-Nationale-de-Saint-Martin-2.jpg\" class=\"attachment-large size-large wp-image-57065\" alt=\"\u00e9cosyst\u00e8mes marins\" srcset=\"https:\/\/richeskarayib.com\/wp-content\/uploads\/2025\/07\/Reserve-Naturelle-Nationale-de-Saint-Martin-2.jpg 800w, https:\/\/richeskarayib.com\/wp-content\/uploads\/2025\/07\/Reserve-Naturelle-Nationale-de-Saint-Martin-2-300x200.jpg 300w, https:\/\/richeskarayib.com\/wp-content\/uploads\/2025\/07\/Reserve-Naturelle-Nationale-de-Saint-Martin-2-768x512.jpg 768w\" sizes=\"(max-width: 800px) 100vw, 800px\" \/>\t\t\t\t\t\t\t\t\t\t\t<figcaption class=\"widget-image-caption wp-caption-text\">\u00a9R\u00e9serve Naturelle Nationale de Saint-Martin<\/figcaption>\n\t\t\t\t\t\t\t\t\t\t<\/figure>\n\t\t\t\t\t\t\t\t\t<\/div>\n\t\t\t\t<\/div>\n\t\t\t\t\t<\/div>\n\t\t<\/div>\n\t\t\t\t\t<\/div>\n\t\t<\/section>\n\t\t\t\t<section class=\"elementor-section elementor-inner-section elementor-element elementor-element-1982b7d elementor-section-boxed elementor-section-height-default elementor-section-height-default\" data-id=\"1982b7d\" data-element_type=\"section\">\n\t\t\t\t\t\t<div class=\"elementor-container elementor-column-gap-default\">\n\t\t\t\t\t<div class=\"elementor-column elementor-col-50 elementor-inner-column elementor-element elementor-element-e06c46d\" data-id=\"e06c46d\" data-element_type=\"column\">\n\t\t\t<div class=\"elementor-widget-wrap elementor-element-populated\">\n\t\t\t\t\t\t<div class=\"elementor-element elementor-element-9bb9f4e elementor-widget elementor-widget-image\" data-id=\"9bb9f4e\" data-element_type=\"widget\" data-widget_type=\"image.default\">\n\t\t\t\t<div class=\"elementor-widget-container\">\n\t\t\t\t\t\t\t\t\t\t\t\t<figure class=\"wp-caption\">\n\t\t\t\t\t\t\t\t\t\t<img loading=\"lazy\" decoding=\"async\" width=\"800\" height=\"533\" src=\"https:\/\/richeskarayib.com\/wp-content\/uploads\/2025\/07\/Reserve-Naturelle-Nationale-de-Saint-Martin.jpg\" class=\"attachment-large size-large wp-image-57069\" alt=\"\u00e9cosyst\u00e8mes marins\" srcset=\"https:\/\/richeskarayib.com\/wp-content\/uploads\/2025\/07\/Reserve-Naturelle-Nationale-de-Saint-Martin.jpg 800w, https:\/\/richeskarayib.com\/wp-content\/uploads\/2025\/07\/Reserve-Naturelle-Nationale-de-Saint-Martin-300x200.jpg 300w, https:\/\/richeskarayib.com\/wp-content\/uploads\/2025\/07\/Reserve-Naturelle-Nationale-de-Saint-Martin-768x512.jpg 768w\" sizes=\"(max-width: 800px) 100vw, 800px\" \/>\t\t\t\t\t\t\t\t\t\t\t<figcaption class=\"widget-image-caption wp-caption-text\">\u00a9R\u00e9serve Naturelle Nationale de Saint-Martin<\/figcaption>\n\t\t\t\t\t\t\t\t\t\t<\/figure>\n\t\t\t\t\t\t\t\t\t<\/div>\n\t\t\t\t<\/div>\n\t\t\t\t\t<\/div>\n\t\t<\/div>\n\t\t\t\t<div class=\"elementor-column elementor-col-50 elementor-inner-column elementor-element elementor-element-aa687c9\" data-id=\"aa687c9\" data-element_type=\"column\">\n\t\t\t<div class=\"elementor-widget-wrap elementor-element-populated\">\n\t\t\t\t\t\t<div class=\"elementor-element elementor-element-e44b45a elementor-widget elementor-widget-image\" data-id=\"e44b45a\" data-element_type=\"widget\" data-widget_type=\"image.default\">\n\t\t\t\t<div class=\"elementor-widget-container\">\n\t\t\t\t\t\t\t\t\t\t\t\t<figure class=\"wp-caption\">\n\t\t\t\t\t\t\t\t\t\t<img loading=\"lazy\" decoding=\"async\" width=\"800\" height=\"533\" src=\"https:\/\/richeskarayib.com\/wp-content\/uploads\/2025\/07\/Reserve-Naturelle-Nationale-de-Saint-Martin3.jpg\" class=\"attachment-large size-large wp-image-57073\" alt=\"\u00e9cosyst\u00e8mes marins\" srcset=\"https:\/\/richeskarayib.com\/wp-content\/uploads\/2025\/07\/Reserve-Naturelle-Nationale-de-Saint-Martin3.jpg 800w, https:\/\/richeskarayib.com\/wp-content\/uploads\/2025\/07\/Reserve-Naturelle-Nationale-de-Saint-Martin3-300x200.jpg 300w, https:\/\/richeskarayib.com\/wp-content\/uploads\/2025\/07\/Reserve-Naturelle-Nationale-de-Saint-Martin3-768x512.jpg 768w\" sizes=\"(max-width: 800px) 100vw, 800px\" \/>\t\t\t\t\t\t\t\t\t\t\t<figcaption class=\"widget-image-caption wp-caption-text\">\u00a9R\u00e9serve Naturelle Nationale de Saint-Martin<\/figcaption>\n\t\t\t\t\t\t\t\t\t\t<\/figure>\n\t\t\t\t\t\t\t\t\t<\/div>\n\t\t\t\t<\/div>\n\t\t\t\t\t<\/div>\n\t\t<\/div>\n\t\t\t\t\t<\/div>\n\t\t<\/section>\n\t\t\t\t\t<\/div>\n\t\t<\/div>\n\t\t\t\t\t<\/div>\n\t\t<\/section>\n\t\t\t\t<section class=\"elementor-section elementor-top-section elementor-element elementor-element-4869fa3 elementor-section-boxed elementor-section-height-default elementor-section-height-default\" data-id=\"4869fa3\" data-element_type=\"section\">\n\t\t\t\t\t\t<div class=\"elementor-container elementor-column-gap-default\">\n\t\t\t\t\t<div class=\"elementor-column elementor-col-100 elementor-top-column elementor-element elementor-element-84b8c3a\" data-id=\"84b8c3a\" data-element_type=\"column\">\n\t\t\t<div class=\"elementor-widget-wrap elementor-element-populated\">\n\t\t\t\t\t\t<div class=\"elementor-element elementor-element-1d84c39 elementor-widget elementor-widget-heading\" data-id=\"1d84c39\" data-element_type=\"widget\" data-widget_type=\"heading.default\">\n\t\t\t\t<div class=\"elementor-widget-container\">\n\t\t\t\t\t<h2 class=\"elementor-heading-title elementor-size-default\">Turismo sostenible y restauraci\u00f3n ecol\u00f3gica<\/h2>\t\t\t\t<\/div>\n\t\t\t\t<\/div>\n\t\t\t\t<div class=\"elementor-element elementor-element-8bd7592 elementor-widget elementor-widget-text-editor\" data-id=\"8bd7592\" data-element_type=\"widget\" data-widget_type=\"text-editor.default\">\n\t\t\t\t<div class=\"elementor-widget-container\">\n\t\t\t\t\t\t\t\t\t<p>La Reserva Natural est\u00e1 desarrollando una estrategia de fondeo ecol\u00f3gico, con boyas de amarre y herramientas digitales para limitar el fondeo destructivo. Tambi\u00e9n se forma a los centros de buceo en pr\u00e1cticas ecorresponsables, ayudando a proteger los ecosistemas marinos de San Mart\u00edn al tiempo que se mantiene una industria tur\u00edstica de alta calidad. <\/p>\n<p>Los programas de restauraci\u00f3n de arrecifes incluyen la creaci\u00f3n de viveros de coral y trasplantes selectivos. La investigaci\u00f3n sobre la resistencia t\u00e9rmica de los corales est\u00e1 abriendo nuevas perspectivas para reforzar la resistencia de los ecosistemas marinos de San Mart\u00edn frente al cambio clim\u00e1tico. <\/p>\t\t\t\t\t\t\t\t<\/div>\n\t\t\t\t<\/div>\n\t\t\t\t\t<\/div>\n\t\t<\/div>\n\t\t\t\t\t<\/div>\n\t\t<\/section>\n\t\t\t\t<section class=\"elementor-section elementor-top-section elementor-element elementor-element-785e02e elementor-section-boxed elementor-section-height-default elementor-section-height-default\" data-id=\"785e02e\" data-element_type=\"section\">\n\t\t\t\t\t\t<div class=\"elementor-container elementor-column-gap-default\">\n\t\t\t\t\t<div class=\"elementor-column elementor-col-100 elementor-top-column elementor-element elementor-element-861678f\" data-id=\"861678f\" data-element_type=\"column\">\n\t\t\t<div class=\"elementor-widget-wrap elementor-element-populated\">\n\t\t\t\t\t\t<div class=\"elementor-element elementor-element-89105ba elementor-widget elementor-widget-heading\" data-id=\"89105ba\" data-element_type=\"widget\" data-widget_type=\"heading.default\">\n\t\t\t\t<div class=\"elementor-widget-container\">\n\t\t\t\t\t<h2 class=\"elementor-heading-title elementor-size-default\">Hacia una econom\u00eda azul sostenible<\/h2>\t\t\t\t<\/div>\n\t\t\t\t<\/div>\n\t\t\t\t<div class=\"elementor-element elementor-element-7778ba6 elementor-widget elementor-widget-text-editor\" data-id=\"7778ba6\" data-element_type=\"widget\" data-widget_type=\"text-editor.default\">\n\t\t\t\t<div class=\"elementor-widget-container\">\n\t\t\t\t\t\t\t\t\t<p>El futuro de <a href=\"https:\/\/richeskarayib.com\/es\/san-martin-air-caraibes-relanzara-el-servicio-paris-orly-san-martin-juliana-a-partir-de-diciembre-de-2025\/\" target=\"_blank\" rel=\"noopener\">San<\/a> Mart\u00edn pasa por el desarrollo equilibrado de su econom\u00eda azul, aprovechando al m\u00e1ximo servicios ecosist\u00e9micos como la protecci\u00f3n de la costa, la captura de carbono y el atractivo tur\u00edstico. Los sistemas de pago por servicios medioambientales podr\u00edan proporcionar nuevas fuentes de financiaci\u00f3n para la conservaci\u00f3n. <\/p>\n<p>La participaci\u00f3n de San Mart\u00edn en redes regionales como el proyecto CAMAC tambi\u00e9n permite compartir conocimientos y buenas pr\u00e1cticas, reforzando as\u00ed la protecci\u00f3n de los ecosistemas marinos de San Mart\u00edn a escala caribe\u00f1a.<\/p>\t\t\t\t\t\t\t\t<\/div>\n\t\t\t\t<\/div>\n\t\t\t\t\t<\/div>\n\t\t<\/div>\n\t\t\t\t\t<\/div>\n\t\t<\/section>\n\t\t\t\t<\/div>\n\t\t","protected":false},"excerpt":{"rendered":"<p>En el norte de las Antillas Menores, la isla de San Mart\u00edn alberga unos ecosistemas marinos extraordinariamente ricos. Arrecifes de coral, praderas marinas, manglares, tortugas y mam\u00edferos marinos cohabitan en un entorno tan fr\u00e1gil como esencial para el territorio. Biodiversidad excepcional bajo presi\u00f3n Los ecosistemas marinos de San Mart\u00edn forman un patrimonio natural de rara [&hellip;]<\/p>\n","protected":false},"author":662,"featured_media":57031,"comment_status":"open","ping_status":"open","sticky":false,"template":"","format":"standard","meta":{"_acf_changed":false,"footnotes":""},"categories":[1734],"tags":[1615],"class_list":["post-57075","post","type-post","status-publish","format-standard","has-post-thumbnail","hentry","category-turismo","tag-saint-martin-es"],"acf":[],"_links":{"self":[{"href":"https:\/\/richeskarayib.com\/es\/wp-json\/wp\/v2\/posts\/57075","targetHints":{"allow":["GET"]}}],"collection":[{"href":"https:\/\/richeskarayib.com\/es\/wp-json\/wp\/v2\/posts"}],"about":[{"href":"https:\/\/richeskarayib.com\/es\/wp-json\/wp\/v2\/types\/post"}],"author":[{"embeddable":true,"href":"https:\/\/richeskarayib.com\/es\/wp-json\/wp\/v2\/users\/662"}],"replies":[{"embeddable":true,"href":"https:\/\/richeskarayib.com\/es\/wp-json\/wp\/v2\/comments?post=57075"}],"version-history":[{"count":0,"href":"https:\/\/richeskarayib.com\/es\/wp-json\/wp\/v2\/posts\/57075\/revisions"}],"wp:featuredmedia":[{"embeddable":true,"href":"https:\/\/richeskarayib.com\/es\/wp-json\/wp\/v2\/media\/57031"}],"wp:attachment":[{"href":"https:\/\/richeskarayib.com\/es\/wp-json\/wp\/v2\/media?parent=57075"}],"wp:term":[{"taxonomy":"category","embeddable":true,"href":"https:\/\/richeskarayib.com\/es\/wp-json\/wp\/v2\/categories?post=57075"},{"taxonomy":"post_tag","embeddable":true,"href":"https:\/\/richeskarayib.com\/es\/wp-json\/wp\/v2\/tags?post=57075"}],"curies":[{"name":"wp","href":"https:\/\/api.w.org\/{rel}","templated":true}]}}