{"id":57114,"date":"2025-07-15T12:34:51","date_gmt":"2025-07-15T16:34:51","guid":{"rendered":"https:\/\/richeskarayib.com\/thomas-alexandre-dumas-el-general-negro-de-haiti-en-el-corazon-de-la-revolucion-francesa-foto-domaine-public\/"},"modified":"2025-07-15T12:34:53","modified_gmt":"2025-07-15T16:34:53","slug":"thomas-alexandre-dumas-el-general-negro-de-haiti-en-el-corazon-de-la-revolucion-francesa-foto-domaine-public","status":"publish","type":"post","link":"https:\/\/richeskarayib.com\/es\/thomas-alexandre-dumas-el-general-negro-de-haiti-en-el-corazon-de-la-revolucion-francesa-foto-domaine-public\/","title":{"rendered":"Thomas Alexandre Dumas: el general negro de Hait\u00ed en el coraz\u00f3n de la Revoluci\u00f3n Francesa. Foto \u00a9 Domaine public"},"content":{"rendered":"\t\t<div data-elementor-type=\"wp-post\" data-elementor-id=\"57114\" class=\"elementor elementor-57114 elementor-57092\" data-elementor-post-type=\"post\">\n\t\t\t\t\t\t<section class=\"elementor-section elementor-top-section elementor-element elementor-element-3756bbb elementor-section-boxed elementor-section-height-default elementor-section-height-default\" data-id=\"3756bbb\" data-element_type=\"section\">\n\t\t\t\t\t\t<div class=\"elementor-container elementor-column-gap-default\">\n\t\t\t\t\t<div class=\"elementor-column elementor-col-100 elementor-top-column elementor-element elementor-element-df79712\" data-id=\"df79712\" data-element_type=\"column\">\n\t\t\t<div class=\"elementor-widget-wrap elementor-element-populated\">\n\t\t\t\t\t\t<section class=\"elementor-section elementor-inner-section elementor-element elementor-element-756e7fb elementor-section-boxed elementor-section-height-default elementor-section-height-default\" data-id=\"756e7fb\" data-element_type=\"section\">\n\t\t\t\t\t\t<div class=\"elementor-container elementor-column-gap-default\">\n\t\t\t\t\t<div class=\"elementor-column elementor-col-100 elementor-inner-column elementor-element elementor-element-dd1326d\" data-id=\"dd1326d\" data-element_type=\"column\">\n\t\t\t<div class=\"elementor-widget-wrap elementor-element-populated\">\n\t\t\t\t\t\t<div class=\"elementor-element elementor-element-81e63b5 elementor-widget elementor-widget-text-editor\" data-id=\"81e63b5\" data-element_type=\"widget\" data-widget_type=\"text-editor.default\">\n\t\t\t\t<div class=\"elementor-widget-container\">\n\t\t\t\t\t\t\t\t\t<p><a href=\"https:\/\/essentiels.bnf.fr\/fr\/image\/2824bd51-cbb4-49bc-9587-0f4dc767be2f-thomas-alexandre-davy-la-pailleterie-general-dumas\" target=\"_blank\" rel=\"noopener nofollow\">Thomas Alexandre D<\/a> umas es sin duda una de las grandes figuras olvidadas de la historia franco-haitiana. Nacido esclavo en 1762 en J\u00e9r\u00e9mie, en la colonia de Saint-Domingue (actual Hait\u00ed), se convirti\u00f3 en el primer general negro del ej\u00e9rcito franc\u00e9s y en el padre del famoso escritor Alexandre Dumas. Su carrera, excepcional en todos los aspectos, encarna tanto los ideales revolucionarios franceses como la contribuci\u00f3n fundamental de Hait\u00ed a la historia universal.  <\/p>\t\t\t\t\t\t\t\t<\/div>\n\t\t\t\t<\/div>\n\t\t\t\t\t<\/div>\n\t\t<\/div>\n\t\t\t\t\t<\/div>\n\t\t<\/section>\n\t\t\t\t\t<\/div>\n\t\t<\/div>\n\t\t\t\t\t<\/div>\n\t\t<\/section>\n\t\t\t\t<section class=\"elementor-section elementor-top-section elementor-element elementor-element-63274e9 elementor-section-boxed elementor-section-height-default elementor-section-height-default\" data-id=\"63274e9\" data-element_type=\"section\">\n\t\t\t\t\t\t<div class=\"elementor-container elementor-column-gap-default\">\n\t\t\t\t\t<div class=\"elementor-column elementor-col-100 elementor-top-column elementor-element elementor-element-50500d6\" data-id=\"50500d6\" data-element_type=\"column\">\n\t\t\t<div class=\"elementor-widget-wrap elementor-element-populated\">\n\t\t\t\t\t\t<div class=\"elementor-element elementor-element-02d81f4 elementor-widget elementor-widget-heading\" data-id=\"02d81f4\" data-element_type=\"widget\" data-widget_type=\"heading.default\">\n\t\t\t\t<div class=\"elementor-widget-container\">\n\t\t\t\t\t<h2 class=\"elementor-heading-title elementor-size-default\">De Santo Domingo a Francia: los or\u00edgenes de un destino extraordinario<\/h2>\t\t\t\t<\/div>\n\t\t\t\t<\/div>\n\t\t\t\t<div class=\"elementor-element elementor-element-a485770 elementor-widget elementor-widget-text-editor\" data-id=\"a485770\" data-element_type=\"widget\" data-widget_type=\"text-editor.default\">\n\t\t\t\t<div class=\"elementor-widget-container\">\n\t\t\t\t\t\t\t\t\t<p>Nacido en una sociedad esclavista profundamente desigual, <a href=\"https:\/\/www.ouest-france.fr\/culture\/livres\/lire-magazine\/pourquoi-le-pere-dalexandre-dumas-est-fondateur-dans-luvre-de-lauteur-des-trois-mousquetaires-e8f1e196-98fb-11ee-97d2-9b86ef7e3954\" target=\"_blank\" rel=\"noopener nofollow\">Thomas Alexandre Dumas<\/a> naci\u00f3 el 25 de marzo de 1762. Su padre, un arist\u00f3crata arruinado, y su madre, una esclava de ascendencia africana, le transmitieron, a su pesar, el peso de una sociedad colonial jer\u00e1rquica y violenta. A los 13 a\u00f1os, abandon\u00f3 <a href=\"https:\/\/richeskarayib.com\/es\/haiti-cote-des-arcadins-belleza-natural-cultura-vibrante-y-evasion-total\/\" target=\"_blank\" rel=\"noopener\">Saint-Domingue<\/a> con su padre, que le hizo pasar por esclavo para eludir la legislaci\u00f3n francesa que prohib\u00eda la esclavitud en la Francia continental.  <\/p>\n<p>Tras llegar a Francia en 1776, fue liberado y recibi\u00f3 una educaci\u00f3n aristocr\u00e1tica. Se inici\u00f3 en la esgrima y la equitaci\u00f3n y frecuent\u00f3 los c\u00edrculos de la alta sociedad. Esta transici\u00f3n de la esclavitud a la libertad marc\u00f3 un giro decisivo en la carrera de Thomas Alexandre Dumas, aunque la relaci\u00f3n con su padre se deterior\u00f3 pronto.  <\/p>\t\t\t\t\t\t\t\t<\/div>\n\t\t\t\t<\/div>\n\t\t\t\t<section class=\"elementor-section elementor-inner-section elementor-element elementor-element-9db0422 elementor-section-boxed elementor-section-height-default elementor-section-height-default\" data-id=\"9db0422\" data-element_type=\"section\">\n\t\t\t\t\t\t<div class=\"elementor-container elementor-column-gap-default\">\n\t\t\t\t\t\t<\/div>\n\t\t<\/section>\n\t\t\t\t\t<\/div>\n\t\t<\/div>\n\t\t\t\t\t<\/div>\n\t\t<\/section>\n\t\t\t\t<section class=\"elementor-section elementor-top-section elementor-element elementor-element-7ca7ca1 elementor-section-boxed elementor-section-height-default elementor-section-height-default\" data-id=\"7ca7ca1\" data-element_type=\"section\">\n\t\t\t\t\t\t<div class=\"elementor-container elementor-column-gap-default\">\n\t\t\t\t\t<div class=\"elementor-column elementor-col-100 elementor-top-column elementor-element elementor-element-cbdd002\" data-id=\"cbdd002\" data-element_type=\"column\">\n\t\t\t<div class=\"elementor-widget-wrap elementor-element-populated\">\n\t\t\t\t\t\t<div class=\"elementor-element elementor-element-da17f8d elementor-widget elementor-widget-heading\" data-id=\"da17f8d\" data-element_type=\"widget\" data-widget_type=\"heading.default\">\n\t\t\t\t<div class=\"elementor-widget-container\">\n\t\t\t\t\t<h2 class=\"elementor-heading-title elementor-size-default\">Un compromiso revolucionario y una elecci\u00f3n de nombre significativa\n<\/h2>\t\t\t\t<\/div>\n\t\t\t\t<\/div>\n\t\t\t\t<section class=\"elementor-section elementor-inner-section elementor-element elementor-element-bc94849 elementor-section-boxed elementor-section-height-default elementor-section-height-default\" data-id=\"bc94849\" data-element_type=\"section\">\n\t\t\t\t\t\t<div class=\"elementor-container elementor-column-gap-default\">\n\t\t\t\t\t\t<\/div>\n\t\t<\/section>\n\t\t\t\t<div class=\"elementor-element elementor-element-209c746 elementor-widget elementor-widget-text-editor\" data-id=\"209c746\" data-element_type=\"widget\" data-widget_type=\"text-editor.default\">\n\t\t\t\t<div class=\"elementor-widget-container\">\n\t\t\t\t\t\t\t\t\t<p>En 1786, a la edad de 24 a\u00f1os, se alist\u00f3 en el ej\u00e9rcito como soldado raso, utilizando el apellido de su madre, Dumas, que su padre le hab\u00eda prohibido usar. No fue una elecci\u00f3n insignificante: afirmaba su identidad negra y haitiana en una \u00e9poca en que la sociedad francesa segu\u00eda fuertemente marcada por el racismo colonial. La Revoluci\u00f3n Francesa ofreci\u00f3 a Thomas Alexandre Dumas un escenario en el que sus habilidades y su valent\u00eda pudieron por fin expresarse plenamente.  <\/p>\n<p>A partir de 1792, se distingui\u00f3 por espectaculares haza\u00f1as de armas, incluida la captura de doce enemigos sin ayuda de nadie. Se alist\u00f3 en la L\u00e9gion franche des Am\u00e9ricains et du Midi -tambi\u00e9n conocida como L\u00e9gion noire- y ascendi\u00f3 a la velocidad del rayo. En 1793, con s\u00f3lo 31 a\u00f1os, se convirti\u00f3 en general de divisi\u00f3n, al mando de 53.000 hombres al frente del Ej\u00e9rcito de los Alpes. Un ascenso sin precedentes para un negro en un ej\u00e9rcito occidental.   <\/p>\t\t\t\t\t\t\t\t<\/div>\n\t\t\t\t<\/div>\n\t\t\t\t<section class=\"elementor-section elementor-inner-section elementor-element elementor-element-2e55c49 elementor-section-boxed elementor-section-height-default elementor-section-height-default\" data-id=\"2e55c49\" data-element_type=\"section\">\n\t\t\t\t\t\t<div class=\"elementor-container elementor-column-gap-default\">\n\t\t\t\t\t<div class=\"elementor-column elementor-col-100 elementor-inner-column elementor-element elementor-element-7ee5c11\" data-id=\"7ee5c11\" data-element_type=\"column\">\n\t\t\t<div class=\"elementor-widget-wrap elementor-element-populated\">\n\t\t\t\t\t\t<div class=\"elementor-element elementor-element-7363486 elementor-widget elementor-widget-image\" data-id=\"7363486\" data-element_type=\"widget\" data-widget_type=\"image.default\">\n\t\t\t\t<div class=\"elementor-widget-container\">\n\t\t\t\t\t\t\t\t\t\t\t\t<figure class=\"wp-caption\">\n\t\t\t\t\t\t\t\t\t\t<img fetchpriority=\"high\" decoding=\"async\" width=\"630\" height=\"354\" src=\"https:\/\/richeskarayib.com\/wp-content\/uploads\/2025\/07\/Le-general-Dumas-defend-seul-le-pont-de-Klausen-Chiusa-contre-les-soldats-autrichiens.-Composition-de-Louis-Bombled-dans-le-supplement-illustre-du-Petit-Journal-26-mai-1912.-WIKIPEDIA.avif\" class=\"attachment-large size-large wp-image-57100\" alt=\"Thomas-Alexandre Dumas\" srcset=\"https:\/\/richeskarayib.com\/wp-content\/uploads\/2025\/07\/Le-general-Dumas-defend-seul-le-pont-de-Klausen-Chiusa-contre-les-soldats-autrichiens.-Composition-de-Louis-Bombled-dans-le-supplement-illustre-du-Petit-Journal-26-mai-1912.-WIKIPEDIA.avif 630w, https:\/\/richeskarayib.com\/wp-content\/uploads\/2025\/07\/Le-general-Dumas-defend-seul-le-pont-de-Klausen-Chiusa-contre-les-soldats-autrichiens.-Composition-de-Louis-Bombled-dans-le-supplement-illustre-du-Petit-Journal-26-mai-1912.-WIKIPEDIA-300x169.avif 300w\" sizes=\"(max-width: 630px) 100vw, 630px\" \/>\t\t\t\t\t\t\t\t\t\t\t<figcaption class=\"widget-image-caption wp-caption-text\">Le g\u00e9n\u00e9ral Dumas d\u00e9fend seul le pont de Klausen (Chiusa) contre les soldats autrichiens. Composition de Louis Bombled dans le suppl\u00e9ment illustr\u00e9 du Petit Journal, 26 mai 1912. WIKIPEDIA<\/figcaption>\n\t\t\t\t\t\t\t\t\t\t<\/figure>\n\t\t\t\t\t\t\t\t\t<\/div>\n\t\t\t\t<\/div>\n\t\t\t\t\t<\/div>\n\t\t<\/div>\n\t\t\t\t\t<\/div>\n\t\t<\/section>\n\t\t\t\t<section class=\"elementor-section elementor-inner-section elementor-element elementor-element-61571e6 elementor-section-boxed elementor-section-height-default elementor-section-height-default\" data-id=\"61571e6\" data-element_type=\"section\">\n\t\t\t\t\t\t<div class=\"elementor-container elementor-column-gap-default\">\n\t\t\t\t\t\t<\/div>\n\t\t<\/section>\n\t\t\t\t<section class=\"elementor-section elementor-inner-section elementor-element elementor-element-b6262e0 elementor-section-boxed elementor-section-height-default elementor-section-height-default\" data-id=\"b6262e0\" data-element_type=\"section\">\n\t\t\t\t\t\t<div class=\"elementor-container elementor-column-gap-default\">\n\t\t\t\t\t\t<\/div>\n\t\t<\/section>\n\t\t\t\t<section class=\"elementor-section elementor-inner-section elementor-element elementor-element-cca29fd elementor-section-boxed elementor-section-height-default elementor-section-height-default\" data-id=\"cca29fd\" data-element_type=\"section\">\n\t\t\t\t\t\t<div class=\"elementor-container elementor-column-gap-default\">\n\t\t\t\t\t\t<\/div>\n\t\t<\/section>\n\t\t\t\t\t<\/div>\n\t\t<\/div>\n\t\t\t\t\t<\/div>\n\t\t<\/section>\n\t\t\t\t<section class=\"elementor-section elementor-top-section elementor-element elementor-element-0db9090 elementor-section-boxed elementor-section-height-default elementor-section-height-default\" data-id=\"0db9090\" data-element_type=\"section\">\n\t\t\t\t\t\t<div class=\"elementor-container elementor-column-gap-default\">\n\t\t\t\t\t<div class=\"elementor-column elementor-col-100 elementor-top-column elementor-element elementor-element-2296183\" data-id=\"2296183\" data-element_type=\"column\">\n\t\t\t<div class=\"elementor-widget-wrap elementor-element-populated\">\n\t\t\t\t\t\t<div class=\"elementor-element elementor-element-9576154 elementor-widget elementor-widget-heading\" data-id=\"9576154\" data-element_type=\"widget\" data-widget_type=\"heading.default\">\n\t\t\t\t<div class=\"elementor-widget-container\">\n\t\t\t\t\t<h2 class=\"elementor-heading-title elementor-size-default\">El \"Diablo Negro\" se enfrenta a los enemigos de la Rep\u00fablica<\/h2>\t\t\t\t<\/div>\n\t\t\t\t<\/div>\n\t\t\t\t<div class=\"elementor-element elementor-element-500981c elementor-widget elementor-widget-text-editor\" data-id=\"500981c\" data-element_type=\"widget\" data-widget_type=\"text-editor.default\">\n\t\t\t\t<div class=\"elementor-widget-container\">\n\t\t\t\t\t\t\t\t\t<p>Durante la campa\u00f1a de los Alpes, <a href=\"https:\/\/france3-regions.franceinfo.fr\/hauts-de-france\/aisne\/l-histoire-du-dimanche-de-saint-domingue-a-villers-cotterets-le-general-dumas-pere-du-celebre-ecrivain-et-heros-meconnu-2374303.html\" target=\"_blank\" rel=\"noopener nofollow\">Thomas Alexandre Dumas<\/a> se distingui\u00f3 por tomar el paso de Petit-Saint-Bernard, una posici\u00f3n estrat\u00e9gica en poder de los austriacos. Su audaz ataque en condiciones extremas le granje\u00f3 el respeto de sus hombres y el temor de sus enemigos. Los austriacos le apodaron el &#8220;Diablo Negro&#8221; (Schwarzer Teufel). Napole\u00f3n Bonaparte, entonces general en jefe, lo compar\u00f3 con el h\u00e9roe romano Horacio Cocles, un elogio poco frecuente.   <\/p>\n<p>Sin embargo, este reconocimiento no impidi\u00f3 que crecieran las tensiones entre ambos hombres. Thomas Alexandre Dumas se mantuvo fiel a los ideales republicanos y se neg\u00f3 a aceptar los abusos cometidos en Egipto, donde se opuso frontalmente a los m\u00e9todos de Bonaparte. Esta oposici\u00f3n, unida a la popularidad del General Negro entre las tropas y los propios egipcios, aviv\u00f3 los celos de Napole\u00f3n.  <\/p>\t\t\t\t\t\t\t\t<\/div>\n\t\t\t\t<\/div>\n\t\t\t\t<section class=\"elementor-section elementor-inner-section elementor-element elementor-element-f7cefd5 elementor-section-boxed elementor-section-height-default elementor-section-height-default\" data-id=\"f7cefd5\" data-element_type=\"section\">\n\t\t\t\t\t\t<div class=\"elementor-container elementor-column-gap-default\">\n\t\t\t\t\t<div class=\"elementor-column elementor-col-100 elementor-inner-column elementor-element elementor-element-3068adb\" data-id=\"3068adb\" data-element_type=\"column\">\n\t\t\t<div class=\"elementor-widget-wrap elementor-element-populated\">\n\t\t\t\t\t\t<div class=\"elementor-element elementor-element-f05b260 elementor-widget elementor-widget-image\" data-id=\"f05b260\" data-element_type=\"widget\" data-widget_type=\"image.default\">\n\t\t\t\t<div class=\"elementor-widget-container\">\n\t\t\t\t\t\t\t\t\t\t\t\t<figure class=\"wp-caption\">\n\t\t\t\t\t\t\t\t\t\t<img decoding=\"async\" width=\"800\" height=\"400\" src=\"https:\/\/richeskarayib.com\/wp-content\/uploads\/2025\/07\/\u00a9BnF-1024x512.jpg\" class=\"attachment-large size-large wp-image-57104\" alt=\"Thomas Alexandre Dumas\" srcset=\"https:\/\/richeskarayib.com\/wp-content\/uploads\/2025\/07\/\u00a9BnF-1024x512.jpg 1024w, https:\/\/richeskarayib.com\/wp-content\/uploads\/2025\/07\/\u00a9BnF-300x150.jpg 300w, https:\/\/richeskarayib.com\/wp-content\/uploads\/2025\/07\/\u00a9BnF-768x384.jpg 768w, https:\/\/richeskarayib.com\/wp-content\/uploads\/2025\/07\/\u00a9BnF-1536x768.jpg 1536w, https:\/\/richeskarayib.com\/wp-content\/uploads\/2025\/07\/\u00a9BnF-1320x660.jpg 1320w, https:\/\/richeskarayib.com\/wp-content\/uploads\/2025\/07\/\u00a9BnF.jpg 1920w\" sizes=\"(max-width: 800px) 100vw, 800px\" \/>\t\t\t\t\t\t\t\t\t\t\t<figcaption class=\"widget-image-caption wp-caption-text\">\u00a9BnF<\/figcaption>\n\t\t\t\t\t\t\t\t\t\t<\/figure>\n\t\t\t\t\t\t\t\t\t<\/div>\n\t\t\t\t<\/div>\n\t\t\t\t\t<\/div>\n\t\t<\/div>\n\t\t\t\t\t<\/div>\n\t\t<\/section>\n\t\t\t\t\t<\/div>\n\t\t<\/div>\n\t\t\t\t\t<\/div>\n\t\t<\/section>\n\t\t\t\t<section class=\"elementor-section elementor-top-section elementor-element elementor-element-7b2ef92 elementor-section-boxed elementor-section-height-default elementor-section-height-default\" data-id=\"7b2ef92\" data-element_type=\"section\">\n\t\t\t\t\t\t<div class=\"elementor-container elementor-column-gap-default\">\n\t\t\t\t\t<div class=\"elementor-column elementor-col-100 elementor-top-column elementor-element elementor-element-e8712b4\" data-id=\"e8712b4\" data-element_type=\"column\">\n\t\t\t<div class=\"elementor-widget-wrap elementor-element-populated\">\n\t\t\t\t\t\t<div class=\"elementor-element elementor-element-37e0414 elementor-widget elementor-widget-heading\" data-id=\"37e0414\" data-element_type=\"widget\" data-widget_type=\"heading.default\">\n\t\t\t\t<div class=\"elementor-widget-container\">\n\t\t\t\t\t<h2 class=\"elementor-heading-title elementor-size-default\">Cautiverio, desgracia y aniquilaci\u00f3n<\/h2>\t\t\t\t<\/div>\n\t\t\t\t<\/div>\n\t\t\t\t<div class=\"elementor-element elementor-element-fa5cc24 elementor-widget elementor-widget-text-editor\" data-id=\"fa5cc24\" data-element_type=\"widget\" data-widget_type=\"text-editor.default\">\n\t\t\t\t<div class=\"elementor-widget-container\">\n\t\t\t\t\t\t\t\t\t<p>En 1799, agotado y enfermo, <a href=\"https:\/\/memoire-esclavage.org\/biographies\/thomas-alexandre-dumas\" target=\"_blank\" rel=\"noopener nofollow\">Thomas Alexandre Dumas<\/a> abandon\u00f3 Egipto. Su barco encall\u00f3 en Italia, donde fue capturado y encarcelado durante dos a\u00f1os en condiciones inhumanas. Fue torturado, envenenado y privado de toda comunicaci\u00f3n con su familia. Este periodo marc\u00f3 el inicio de un lento declive.   <\/p>\n<p>A su regreso a Francia en 1801, se estableci\u00f3 el Imperio Napole\u00f3nico. El Consulado, y luego el Imperio, excluyeron gradualmente a los oficiales negros. En 1802 se restableci\u00f3 la esclavitud en las colonias. Bonaparte se neg\u00f3 a recibir a Dumas y le priv\u00f3 de todo mando. A pesar de sus reiteradas peticiones, Thomas Alexandre Dumas no recibi\u00f3 ni pensi\u00f3n ni reconocimiento alguno. Muri\u00f3 en Villers-Cotter\u00eats en 1806, arruinado, a la edad de 44 a\u00f1os.     <\/p>\t\t\t\t\t\t\t\t<\/div>\n\t\t\t\t<\/div>\n\t\t\t\t\t<\/div>\n\t\t<\/div>\n\t\t\t\t\t<\/div>\n\t\t<\/section>\n\t\t\t\t<section class=\"elementor-section elementor-top-section elementor-element elementor-element-e011a0f elementor-section-boxed elementor-section-height-default elementor-section-height-default\" data-id=\"e011a0f\" data-element_type=\"section\">\n\t\t\t\t\t\t<div class=\"elementor-container elementor-column-gap-default\">\n\t\t\t\t\t<div class=\"elementor-column elementor-col-100 elementor-top-column elementor-element elementor-element-91c6ea5\" data-id=\"91c6ea5\" data-element_type=\"column\">\n\t\t\t<div class=\"elementor-widget-wrap elementor-element-populated\">\n\t\t\t\t\t\t<div class=\"elementor-element elementor-element-3193622 elementor-widget elementor-widget-heading\" data-id=\"3193622\" data-element_type=\"widget\" data-widget_type=\"heading.default\">\n\t\t\t\t<div class=\"elementor-widget-container\">\n\t\t\t\t\t<h2 class=\"elementor-heading-title elementor-size-default\">Transmitir recuerdos a trav\u00e9s de la escritura<\/h2>\t\t\t\t<\/div>\n\t\t\t\t<\/div>\n\t\t\t\t<div class=\"elementor-element elementor-element-d6b77ee elementor-widget elementor-widget-text-editor\" data-id=\"d6b77ee\" data-element_type=\"widget\" data-widget_type=\"text-editor.default\">\n\t\t\t\t<div class=\"elementor-widget-container\">\n\t\t\t\t\t\t\t\t\t<p>Su hijo, Alexandre Dumas padre, que s\u00f3lo ten\u00eda cuatro a\u00f1os cuando muri\u00f3 su padre, creci\u00f3 recordando los relatos heroicos que le transmiti\u00f3 su madre. Este legado moral y simb\u00f3lico alimentar\u00eda una obra literaria que llegar\u00eda a ser universal. Las figuras del Conde de Montecristo, D&#8217;Artagnan y los Mosqueteros se hacen eco del valor y las injusticias sufridas por Thomas Alexandre Dumas.  <\/p>\n<p>A trav\u00e9s de las novelas de su hijo, la memoria de este general haitiano y h\u00e9roe de la Revoluci\u00f3n se transmite a las generaciones futuras. La influencia de esta historia familiar en la literatura del siglo XIX es considerable, al igual que su significado simb\u00f3lico para la di\u00e1spora negra franc\u00f3fona. <\/p>\t\t\t\t\t\t\t\t<\/div>\n\t\t\t\t<\/div>\n\t\t\t\t<section class=\"elementor-section elementor-inner-section elementor-element elementor-element-389a7a7 elementor-section-boxed elementor-section-height-default elementor-section-height-default\" data-id=\"389a7a7\" data-element_type=\"section\">\n\t\t\t\t\t\t<div class=\"elementor-container elementor-column-gap-default\">\n\t\t\t\t\t<div class=\"elementor-column elementor-col-100 elementor-inner-column elementor-element elementor-element-ff3ba97\" data-id=\"ff3ba97\" data-element_type=\"column\">\n\t\t\t<div class=\"elementor-widget-wrap elementor-element-populated\">\n\t\t\t\t\t\t<div class=\"elementor-element elementor-element-8c571dc elementor-widget elementor-widget-image\" data-id=\"8c571dc\" data-element_type=\"widget\" data-widget_type=\"image.default\">\n\t\t\t\t<div class=\"elementor-widget-container\">\n\t\t\t\t\t\t\t\t\t\t\t\t<figure class=\"wp-caption\">\n\t\t\t\t\t\t\t\t\t\t<img decoding=\"async\" width=\"685\" height=\"1024\" src=\"https:\/\/richeskarayib.com\/wp-content\/uploads\/2025\/07\/Thomas-Alexandre-Dumas-1762-1806-\u00a9-LArmarium-Bibliotheque-numerique-Hauts-de-France-685x1024.jpg\" class=\"attachment-large size-large wp-image-57108\" alt=\"Thomas Alexandre Dumas\" srcset=\"https:\/\/richeskarayib.com\/wp-content\/uploads\/2025\/07\/Thomas-Alexandre-Dumas-1762-1806-\u00a9-LArmarium-Bibliotheque-numerique-Hauts-de-France-685x1024.jpg 685w, https:\/\/richeskarayib.com\/wp-content\/uploads\/2025\/07\/Thomas-Alexandre-Dumas-1762-1806-\u00a9-LArmarium-Bibliotheque-numerique-Hauts-de-France-201x300.jpg 201w, https:\/\/richeskarayib.com\/wp-content\/uploads\/2025\/07\/Thomas-Alexandre-Dumas-1762-1806-\u00a9-LArmarium-Bibliotheque-numerique-Hauts-de-France-768x1148.jpg 768w, https:\/\/richeskarayib.com\/wp-content\/uploads\/2025\/07\/Thomas-Alexandre-Dumas-1762-1806-\u00a9-LArmarium-Bibliotheque-numerique-Hauts-de-France-1028x1536.jpg 1028w, https:\/\/richeskarayib.com\/wp-content\/uploads\/2025\/07\/Thomas-Alexandre-Dumas-1762-1806-\u00a9-LArmarium-Bibliotheque-numerique-Hauts-de-France.jpg 1285w\" sizes=\"(max-width: 685px) 100vw, 685px\" \/>\t\t\t\t\t\t\t\t\t\t\t<figcaption class=\"widget-image-caption wp-caption-text\">Thomas Alexandre Dumas (1762-1806) \u00a9 L'Armarium - Biblioth\u00e8que num\u00e9rique Hauts-de-France<\/figcaption>\n\t\t\t\t\t\t\t\t\t\t<\/figure>\n\t\t\t\t\t\t\t\t\t<\/div>\n\t\t\t\t<\/div>\n\t\t\t\t\t<\/div>\n\t\t<\/div>\n\t\t\t\t\t<\/div>\n\t\t<\/section>\n\t\t\t\t\t<\/div>\n\t\t<\/div>\n\t\t\t\t\t<\/div>\n\t\t<\/section>\n\t\t\t\t<section class=\"elementor-section elementor-top-section elementor-element elementor-element-4869fa3 elementor-section-boxed elementor-section-height-default elementor-section-height-default\" data-id=\"4869fa3\" data-element_type=\"section\">\n\t\t\t\t\t\t<div class=\"elementor-container elementor-column-gap-default\">\n\t\t\t\t\t<div class=\"elementor-column elementor-col-100 elementor-top-column elementor-element elementor-element-84b8c3a\" data-id=\"84b8c3a\" data-element_type=\"column\">\n\t\t\t<div class=\"elementor-widget-wrap elementor-element-populated\">\n\t\t\t\t\t\t<div class=\"elementor-element elementor-element-1d84c39 elementor-widget elementor-widget-heading\" data-id=\"1d84c39\" data-element_type=\"widget\" data-widget_type=\"heading.default\">\n\t\t\t\t<div class=\"elementor-widget-container\">\n\t\t\t\t\t<h2 class=\"elementor-heading-title elementor-size-default\">Un patrimonio compartido por Hait\u00ed y Francia<\/h2>\t\t\t\t<\/div>\n\t\t\t\t<\/div>\n\t\t\t\t<div class=\"elementor-element elementor-element-8bd7592 elementor-widget elementor-widget-text-editor\" data-id=\"8bd7592\" data-element_type=\"widget\" data-widget_type=\"text-editor.default\">\n\t\t\t\t<div class=\"elementor-widget-container\">\n\t\t\t\t\t\t\t\t\t<p>La vida de Thomas Alexandre Dumas ilustra la gran aportaci\u00f3n de Hait\u00ed a la historia de Francia. H\u00e9roe militar, modelo de integridad y hombre de principios republicanos, encarn\u00f3 los ideales de libertad, igualdad y fraternidad en una \u00e9poca en la que pocos negros pod\u00edan estar a la altura de tales responsabilidades. <\/p>\n<p>Su memoria resurge lentamente. Una estatua en su honor, erigida en Par\u00eds en 1912, fue destruida por los nazis en 1942. En 2008, se instal\u00f3 en el mismo lugar la obra &#8220;Fers&#8221;, que representa cadenas rotas. En 2021, el Ayuntamiento de Par\u00eds vot\u00f3 la reinstalaci\u00f3n de una estatua del General. El entierro de Alexandre Dumas p\u00e8re en el Pante\u00f3n en 2002 tambi\u00e9n sirvi\u00f3 para reavivar el homenaje a su padre.    <\/p>\t\t\t\t\t\t\t\t<\/div>\n\t\t\t\t<\/div>\n\t\t\t\t<section class=\"elementor-section elementor-inner-section elementor-element elementor-element-96c4c56 elementor-section-boxed elementor-section-height-default elementor-section-height-default\" data-id=\"96c4c56\" data-element_type=\"section\">\n\t\t\t\t\t\t<div class=\"elementor-container elementor-column-gap-default\">\n\t\t\t\t\t<div class=\"elementor-column elementor-col-100 elementor-inner-column elementor-element elementor-element-38c54a9\" data-id=\"38c54a9\" data-element_type=\"column\">\n\t\t\t<div class=\"elementor-widget-wrap elementor-element-populated\">\n\t\t\t\t\t\t<div class=\"elementor-element elementor-element-4fb1577 elementor-widget elementor-widget-image\" data-id=\"4fb1577\" data-element_type=\"widget\" data-widget_type=\"image.default\">\n\t\t\t\t<div class=\"elementor-widget-container\">\n\t\t\t\t\t\t\t\t\t\t\t\t<figure class=\"wp-caption\">\n\t\t\t\t\t\t\t\t\t\t<img loading=\"lazy\" decoding=\"async\" width=\"764\" height=\"1024\" src=\"https:\/\/richeskarayib.com\/wp-content\/uploads\/2025\/07\/Portrait-de-lecrivain-Alexandre-Dumas1802-1870-\u00a9-gallica.bnf_.fr-Bibliotheque-nationale-de-France-764x1024.jpeg\" class=\"attachment-large size-large wp-image-57112\" alt=\"Thomas Alexandre Dumas\" srcset=\"https:\/\/richeskarayib.com\/wp-content\/uploads\/2025\/07\/Portrait-de-lecrivain-Alexandre-Dumas1802-1870-\u00a9-gallica.bnf_.fr-Bibliotheque-nationale-de-France-764x1024.jpeg 764w, https:\/\/richeskarayib.com\/wp-content\/uploads\/2025\/07\/Portrait-de-lecrivain-Alexandre-Dumas1802-1870-\u00a9-gallica.bnf_.fr-Bibliotheque-nationale-de-France-224x300.jpeg 224w, https:\/\/richeskarayib.com\/wp-content\/uploads\/2025\/07\/Portrait-de-lecrivain-Alexandre-Dumas1802-1870-\u00a9-gallica.bnf_.fr-Bibliotheque-nationale-de-France-768x1030.jpeg 768w, https:\/\/richeskarayib.com\/wp-content\/uploads\/2025\/07\/Portrait-de-lecrivain-Alexandre-Dumas1802-1870-\u00a9-gallica.bnf_.fr-Bibliotheque-nationale-de-France.jpeg 1024w\" sizes=\"(max-width: 764px) 100vw, 764px\" \/>\t\t\t\t\t\t\t\t\t\t\t<figcaption class=\"widget-image-caption wp-caption-text\">Portrait de l'\u00e9crivain Alexandre Dumas(1802-1870) \u00a9 gallica.bnf.fr Biblioth\u00e8que nationale de France<\/figcaption>\n\t\t\t\t\t\t\t\t\t\t<\/figure>\n\t\t\t\t\t\t\t\t\t<\/div>\n\t\t\t\t<\/div>\n\t\t\t\t\t<\/div>\n\t\t<\/div>\n\t\t\t\t\t<\/div>\n\t\t<\/section>\n\t\t\t\t\t<\/div>\n\t\t<\/div>\n\t\t\t\t\t<\/div>\n\t\t<\/section>\n\t\t\t\t<section class=\"elementor-section elementor-top-section elementor-element elementor-element-785e02e elementor-section-boxed elementor-section-height-default elementor-section-height-default\" data-id=\"785e02e\" data-element_type=\"section\">\n\t\t\t\t\t\t<div class=\"elementor-container elementor-column-gap-default\">\n\t\t\t\t\t<div class=\"elementor-column elementor-col-100 elementor-top-column elementor-element elementor-element-861678f\" data-id=\"861678f\" data-element_type=\"column\">\n\t\t\t<div class=\"elementor-widget-wrap elementor-element-populated\">\n\t\t\t\t\t\t<div class=\"elementor-element elementor-element-89105ba elementor-widget elementor-widget-heading\" data-id=\"89105ba\" data-element_type=\"widget\" data-widget_type=\"heading.default\">\n\t\t\t\t<div class=\"elementor-widget-container\">\n\t\t\t\t\t<h2 class=\"elementor-heading-title elementor-size-default\">Una memoria por reconstruir<\/h2>\t\t\t\t<\/div>\n\t\t\t\t<\/div>\n\t\t\t\t<div class=\"elementor-element elementor-element-7778ba6 elementor-widget elementor-widget-text-editor\" data-id=\"7778ba6\" data-element_type=\"widget\" data-widget_type=\"text-editor.default\">\n\t\t\t\t<div class=\"elementor-widget-container\">\n\t\t\t\t\t\t\t\t\t<p>Reconocer a Thomas Alexandre Dumas es recordar que la historia de Francia no puede leerse sin la historia de sus antiguas colonias. Tambi\u00e9n significa afirmar que las figuras de Hait\u00ed y el Caribe han contribuido profundamente al patrimonio cultural y pol\u00edtico de Francia. En un momento en que los debates sobre la memoria colonial recorren las sociedades contempor\u00e1neas, su rehabilitaci\u00f3n simboliza un paso hacia una historia compartida y apaciguada.  <\/p>\t\t\t\t\t\t\t\t<\/div>\n\t\t\t\t<\/div>\n\t\t\t\t\t<\/div>\n\t\t<\/div>\n\t\t\t\t\t<\/div>\n\t\t<\/section>\n\t\t\t\t<section class=\"elementor-section elementor-top-section elementor-element elementor-element-e47b80c elementor-section-boxed elementor-section-height-default elementor-section-height-default\" data-id=\"e47b80c\" data-element_type=\"section\">\n\t\t\t\t\t\t<div class=\"elementor-container elementor-column-gap-default\">\n\t\t\t\t\t<div class=\"elementor-column elementor-col-100 elementor-top-column elementor-element elementor-element-f479655\" data-id=\"f479655\" data-element_type=\"column\">\n\t\t\t<div class=\"elementor-widget-wrap elementor-element-populated\">\n\t\t\t\t\t\t<div class=\"elementor-element elementor-element-a7f201f elementor-widget elementor-widget-text-editor\" data-id=\"a7f201f\" data-element_type=\"widget\" data-widget_type=\"text-editor.default\">\n\t\t\t\t<div class=\"elementor-widget-container\">\n\t\t\t\t\t\t\t\t\t<p>H\u00e9roe de la Revoluci\u00f3n y v\u00edctima del Imperio, Thomas Alexandre Dumas es la encarnaci\u00f3n de una \u00e9poca de contradicciones y esperanzas. A trav\u00e9s de su vida, Francia y Hait\u00ed encuentran un punto de uni\u00f3n memorial, hist\u00f3rico y simb\u00f3lico. El redescubrimiento de esta gran figura hist\u00f3rica debe ir acompa\u00f1ado de un esfuerzo de transmisi\u00f3n y reconocimiento de su legado, para que el nombre de este general negro, nacido esclavo en Hait\u00ed, recupere el lugar que le corresponde en el relato nacional y universal.  <\/p>\t\t\t\t\t\t\t\t<\/div>\n\t\t\t\t<\/div>\n\t\t\t\t\t<\/div>\n\t\t<\/div>\n\t\t\t\t\t<\/div>\n\t\t<\/section>\n\t\t\t\t<\/div>\n\t\t","protected":false},"excerpt":{"rendered":"<p>Thomas Alexandre D umas es sin duda una de las grandes figuras olvidadas de la historia franco-haitiana. Nacido esclavo en 1762 en J\u00e9r\u00e9mie, en la colonia de Saint-Domingue (actual Hait\u00ed), se convirti\u00f3 en el primer general negro del ej\u00e9rcito franc\u00e9s y en el padre del famoso escritor Alexandre Dumas. Su carrera, excepcional en todos los [&hellip;]<\/p>\n","protected":false},"author":662,"featured_media":57126,"comment_status":"open","ping_status":"open","sticky":false,"template":"","format":"standard","meta":{"_acf_changed":false,"footnotes":""},"categories":[1469],"tags":[810],"class_list":["post-57114","post","type-post","status-publish","format-standard","has-post-thumbnail","hentry","category-historia-patrimonio","tag-haiti-es-2"],"acf":[],"_links":{"self":[{"href":"https:\/\/richeskarayib.com\/es\/wp-json\/wp\/v2\/posts\/57114","targetHints":{"allow":["GET"]}}],"collection":[{"href":"https:\/\/richeskarayib.com\/es\/wp-json\/wp\/v2\/posts"}],"about":[{"href":"https:\/\/richeskarayib.com\/es\/wp-json\/wp\/v2\/types\/post"}],"author":[{"embeddable":true,"href":"https:\/\/richeskarayib.com\/es\/wp-json\/wp\/v2\/users\/662"}],"replies":[{"embeddable":true,"href":"https:\/\/richeskarayib.com\/es\/wp-json\/wp\/v2\/comments?post=57114"}],"version-history":[{"count":0,"href":"https:\/\/richeskarayib.com\/es\/wp-json\/wp\/v2\/posts\/57114\/revisions"}],"wp:featuredmedia":[{"embeddable":true,"href":"https:\/\/richeskarayib.com\/es\/wp-json\/wp\/v2\/media\/57126"}],"wp:attachment":[{"href":"https:\/\/richeskarayib.com\/es\/wp-json\/wp\/v2\/media?parent=57114"}],"wp:term":[{"taxonomy":"category","embeddable":true,"href":"https:\/\/richeskarayib.com\/es\/wp-json\/wp\/v2\/categories?post=57114"},{"taxonomy":"post_tag","embeddable":true,"href":"https:\/\/richeskarayib.com\/es\/wp-json\/wp\/v2\/tags?post=57114"}],"curies":[{"name":"wp","href":"https:\/\/api.w.org\/{rel}","templated":true}]}}