{"id":57702,"date":"2025-07-27T05:12:47","date_gmt":"2025-07-27T09:12:47","guid":{"rendered":"https:\/\/richeskarayib.com\/condiciones-de-vida-en-el-caribe-esperanza-inseguridad-y-un-fragil-equilibrio\/"},"modified":"2025-07-27T05:12:49","modified_gmt":"2025-07-27T09:12:49","slug":"condiciones-de-vida-en-el-caribe-esperanza-inseguridad-y-un-fragil-equilibrio","status":"publish","type":"post","link":"https:\/\/richeskarayib.com\/es\/condiciones-de-vida-en-el-caribe-esperanza-inseguridad-y-un-fragil-equilibrio\/","title":{"rendered":"Condiciones de vida en el Caribe: esperanza, inseguridad y un fr\u00e1gil equilibrio"},"content":{"rendered":"\t\t<div data-elementor-type=\"wp-post\" data-elementor-id=\"57702\" class=\"elementor elementor-57702 elementor-57676\" data-elementor-post-type=\"post\">\n\t\t\t\t\t\t<section class=\"elementor-section elementor-top-section elementor-element elementor-element-7ca7ca1 elementor-section-boxed elementor-section-height-default elementor-section-height-default\" data-id=\"7ca7ca1\" data-element_type=\"section\">\n\t\t\t\t\t\t<div class=\"elementor-container elementor-column-gap-default\">\n\t\t\t\t\t<div class=\"elementor-column elementor-col-100 elementor-top-column elementor-element elementor-element-cbdd002\" data-id=\"cbdd002\" data-element_type=\"column\">\n\t\t\t<div class=\"elementor-widget-wrap elementor-element-populated\">\n\t\t\t\t\t\t<section class=\"elementor-section elementor-inner-section elementor-element elementor-element-bc94849 elementor-section-boxed elementor-section-height-default elementor-section-height-default\" data-id=\"bc94849\" data-element_type=\"section\">\n\t\t\t\t\t\t<div class=\"elementor-container elementor-column-gap-default\">\n\t\t\t\t\t\t<\/div>\n\t\t<\/section>\n\t\t\t\t<section class=\"elementor-section elementor-inner-section elementor-element elementor-element-61571e6 elementor-section-boxed elementor-section-height-default elementor-section-height-default\" data-id=\"61571e6\" data-element_type=\"section\">\n\t\t\t\t\t\t<div class=\"elementor-container elementor-column-gap-default\">\n\t\t\t\t\t\t<\/div>\n\t\t<\/section>\n\t\t\t\t<section class=\"elementor-section elementor-inner-section elementor-element elementor-element-b6262e0 elementor-section-boxed elementor-section-height-default elementor-section-height-default\" data-id=\"b6262e0\" data-element_type=\"section\">\n\t\t\t\t\t\t<div class=\"elementor-container elementor-column-gap-default\">\n\t\t\t\t\t\t<\/div>\n\t\t<\/section>\n\t\t\t\t<section class=\"elementor-section elementor-inner-section elementor-element elementor-element-cca29fd elementor-section-boxed elementor-section-height-default elementor-section-height-default\" data-id=\"cca29fd\" data-element_type=\"section\">\n\t\t\t\t\t\t<div class=\"elementor-container elementor-column-gap-default\">\n\t\t\t\t\t\t<\/div>\n\t\t<\/section>\n\t\t\t\t\t<\/div>\n\t\t<\/div>\n\t\t\t\t\t<\/div>\n\t\t<\/section>\n\t\t\t\t<section class=\"elementor-section elementor-top-section elementor-element elementor-element-0db9090 elementor-section-boxed elementor-section-height-default elementor-section-height-default\" data-id=\"0db9090\" data-element_type=\"section\">\n\t\t\t\t\t\t<div class=\"elementor-container elementor-column-gap-default\">\n\t\t\t\t\t<div class=\"elementor-column elementor-col-100 elementor-top-column elementor-element elementor-element-2296183\" data-id=\"2296183\" data-element_type=\"column\">\n\t\t\t<div class=\"elementor-widget-wrap elementor-element-populated\">\n\t\t\t\t\t\t<div class=\"elementor-element elementor-element-500981c elementor-widget elementor-widget-text-editor\" data-id=\"500981c\" data-element_type=\"widget\" data-widget_type=\"text-editor.default\">\n\t\t\t\t<div class=\"elementor-widget-container\">\n\t\t\t\t\t\t\t\t\t<p><span style=\"font-weight: 400;\">Las <a href=\"https:\/\/antilla-martinique.com\/une-qualite-de-vie-optimale-dans-les-caraibes\/\" target=\"_blank\" rel=\"noopener nofollow\">condiciones de vida en el Caribe<\/a> est\u00e1n cambiando como resultado de profundas transformaciones urbanas, demogr\u00e1ficas y sociales. En 2025, una serie de indicadores clave dibujan un panorama contrastado de la regi\u00f3n, con notables avances en salud p\u00fablica y persistentes vulnerabilidades estructurales. En <a href=\"https:\/\/richeskarayib.com\/es\/\" target=\"_blank\" rel=\"noopener\">Rich\u00e8sKarayib<\/a> hemos seleccionado seis cifras recientes, procedentes de organismos internacionales como la ONU, la OIT y la FAO, para poner de relieve las complejas realidades de las poblaciones caribe\u00f1as.  <\/span><\/p>\t\t\t\t\t\t\t\t<\/div>\n\t\t\t\t<\/div>\n\t\t\t\t\t<\/div>\n\t\t<\/div>\n\t\t\t\t\t<\/div>\n\t\t<\/section>\n\t\t\t\t<section class=\"elementor-section elementor-top-section elementor-element elementor-element-7b2ef92 elementor-section-boxed elementor-section-height-default elementor-section-height-default\" data-id=\"7b2ef92\" data-element_type=\"section\">\n\t\t\t\t\t\t<div class=\"elementor-container elementor-column-gap-default\">\n\t\t\t\t\t<div class=\"elementor-column elementor-col-100 elementor-top-column elementor-element elementor-element-e8712b4\" data-id=\"e8712b4\" data-element_type=\"column\">\n\t\t\t<div class=\"elementor-widget-wrap elementor-element-populated\">\n\t\t\t\t\t\t<div class=\"elementor-element elementor-element-37e0414 elementor-widget elementor-widget-heading\" data-id=\"37e0414\" data-element_type=\"widget\" data-widget_type=\"heading.default\">\n\t\t\t\t<div class=\"elementor-widget-container\">\n\t\t\t\t\t<h2 class=\"elementor-heading-title elementor-size-default\">76,3% - Creciente urbanizaci\u00f3n de la regi\u00f3n<\/h2>\t\t\t\t<\/div>\n\t\t\t\t<\/div>\n\t\t\t\t<div class=\"elementor-element elementor-element-fa5cc24 elementor-widget elementor-widget-text-editor\" data-id=\"fa5cc24\" data-element_type=\"widget\" data-widget_type=\"text-editor.default\">\n\t\t\t\t<div class=\"elementor-widget-container\">\n\t\t\t\t\t\t\t\t\t<p><span style=\"font-weight: 400;\">En 2025, <\/span><b>76,3 %<\/b><span style=\"font-weight: 400;\">  de la poblaci\u00f3n caribe\u00f1a vive en zonas urbanas. Esta tasa, ligeramente inferior a la media latinoamericana (82,5%), refleja la creciente concentraci\u00f3n de personas en ciudades y zonas periurbanas. Esta din\u00e1mica est\u00e1 cambiando las condiciones de vida en el Caribe, con importantes problemas de acceso a la vivienda, el agua, el transporte y la seguridad. La r\u00e1pida urbanizaci\u00f3n suele estar mal controlada en muchas zonas, lo que provoca crecientes desigualdades entre los centros urbanos y las zonas rurales.   <\/span><\/p>\t\t\t\t\t\t\t\t<\/div>\n\t\t\t\t<\/div>\n\t\t\t\t<section class=\"elementor-section elementor-inner-section elementor-element elementor-element-c9212d1 elementor-section-boxed elementor-section-height-default elementor-section-height-default\" data-id=\"c9212d1\" data-element_type=\"section\">\n\t\t\t\t\t\t<div class=\"elementor-container elementor-column-gap-default\">\n\t\t\t\t\t<div class=\"elementor-column elementor-col-100 elementor-inner-column elementor-element elementor-element-597ece3\" data-id=\"597ece3\" data-element_type=\"column\">\n\t\t\t<div class=\"elementor-widget-wrap elementor-element-populated\">\n\t\t\t\t\t\t<div class=\"elementor-element elementor-element-5d62f17 elementor-widget elementor-widget-image\" data-id=\"5d62f17\" data-element_type=\"widget\" data-widget_type=\"image.default\">\n\t\t\t\t<div class=\"elementor-widget-container\">\n\t\t\t\t\t\t\t\t\t\t\t\t<figure class=\"wp-caption\">\n\t\t\t\t\t\t\t\t\t\t<img fetchpriority=\"high\" decoding=\"async\" width=\"800\" height=\"451\" src=\"https:\/\/richeskarayib.com\/wp-content\/uploads\/2025\/07\/\u00a9journals.openedition-1024x577.jpg\" class=\"attachment-large size-large wp-image-57680\" alt=\"conditions de vie dans la Cara\u00efbe\" srcset=\"https:\/\/richeskarayib.com\/wp-content\/uploads\/2025\/07\/\u00a9journals.openedition-1024x577.jpg 1024w, https:\/\/richeskarayib.com\/wp-content\/uploads\/2025\/07\/\u00a9journals.openedition-300x169.jpg 300w, https:\/\/richeskarayib.com\/wp-content\/uploads\/2025\/07\/\u00a9journals.openedition-768x432.jpg 768w, https:\/\/richeskarayib.com\/wp-content\/uploads\/2025\/07\/\u00a9journals.openedition-1536x865.jpg 1536w, https:\/\/richeskarayib.com\/wp-content\/uploads\/2025\/07\/\u00a9journals.openedition-1320x743.jpg 1320w, https:\/\/richeskarayib.com\/wp-content\/uploads\/2025\/07\/\u00a9journals.openedition.jpg 1920w\" sizes=\"(max-width: 800px) 100vw, 800px\" \/>\t\t\t\t\t\t\t\t\t\t\t<figcaption class=\"widget-image-caption wp-caption-text\">\u00a9journals.openedition<\/figcaption>\n\t\t\t\t\t\t\t\t\t\t<\/figure>\n\t\t\t\t\t\t\t\t\t<\/div>\n\t\t\t\t<\/div>\n\t\t\t\t\t<\/div>\n\t\t<\/div>\n\t\t\t\t\t<\/div>\n\t\t<\/section>\n\t\t\t\t\t<\/div>\n\t\t<\/div>\n\t\t\t\t\t<\/div>\n\t\t<\/section>\n\t\t\t\t<section class=\"elementor-section elementor-top-section elementor-element elementor-element-e011a0f elementor-section-boxed elementor-section-height-default elementor-section-height-default\" data-id=\"e011a0f\" data-element_type=\"section\">\n\t\t\t\t\t\t<div class=\"elementor-container elementor-column-gap-default\">\n\t\t\t\t\t<div class=\"elementor-column elementor-col-100 elementor-top-column elementor-element elementor-element-91c6ea5\" data-id=\"91c6ea5\" data-element_type=\"column\">\n\t\t\t<div class=\"elementor-widget-wrap elementor-element-populated\">\n\t\t\t\t\t\t<div class=\"elementor-element elementor-element-3193622 elementor-widget elementor-widget-heading\" data-id=\"3193622\" data-element_type=\"widget\" data-widget_type=\"heading.default\">\n\t\t\t\t<div class=\"elementor-widget-container\">\n\t\t\t\t\t<h2 class=\"elementor-heading-title elementor-size-default\">6,1% - Tasa de paro global en 2024<\/h2>\t\t\t\t<\/div>\n\t\t\t\t<\/div>\n\t\t\t\t<div class=\"elementor-element elementor-element-d6b77ee elementor-widget elementor-widget-text-editor\" data-id=\"d6b77ee\" data-element_type=\"widget\" data-widget_type=\"text-editor.default\">\n\t\t\t\t<div class=\"elementor-widget-container\">\n\t\t\t\t\t\t\t\t\t<p><span style=\"font-weight: 400;\">Seg\u00fan la OIT, la tasa de desempleo prevista para Am\u00e9rica Latina y el Caribe en 2024 es de <\/span><b>6,1 %<\/b><span style=\"font-weight: 400;\">Esta cifra es inferior al 6,5% de 2023. Aunque esta mejora refleja una cierta recuperaci\u00f3n econ\u00f3mica, sigue siendo fr\u00e1gil y oculta grandes disparidades locales. En las peque\u00f1as econom\u00edas insulares, el mercado laboral sigue siendo estrecho, muy estacional y muy dependiente del turismo. Esto plantea cuestiones directas sobre <a href=\"https:\/\/journals.openedition.org\/etudescaribeennes\/16908?lang=fr\" target=\"_blank\" rel=\"noopener nofollow\">las condiciones de vida en el Caribe<\/a>, donde una gran proporci\u00f3n de la poblaci\u00f3n activa sigue estando subempleada o confinada en empleos precarios.   <\/span><\/p>\t\t\t\t\t\t\t\t<\/div>\n\t\t\t\t<\/div>\n\t\t\t\t<section class=\"elementor-section elementor-inner-section elementor-element elementor-element-bb4bb69 elementor-section-boxed elementor-section-height-default elementor-section-height-default\" data-id=\"bb4bb69\" data-element_type=\"section\">\n\t\t\t\t\t\t<div class=\"elementor-container elementor-column-gap-default\">\n\t\t\t\t\t<div class=\"elementor-column elementor-col-100 elementor-inner-column elementor-element elementor-element-e5a0adb\" data-id=\"e5a0adb\" data-element_type=\"column\">\n\t\t\t<div class=\"elementor-widget-wrap elementor-element-populated\">\n\t\t\t\t\t\t<div class=\"elementor-element elementor-element-6e7ea06 elementor-widget elementor-widget-image\" data-id=\"6e7ea06\" data-element_type=\"widget\" data-widget_type=\"image.default\">\n\t\t\t\t<div class=\"elementor-widget-container\">\n\t\t\t\t\t\t\t\t\t\t\t\t\t\t\t<img decoding=\"async\" width=\"683\" height=\"1024\" src=\"https:\/\/richeskarayib.com\/wp-content\/uploads\/2025\/07\/8e89efbd-7433-4cb4-8d82-6e213d157efd-683x1024.png\" class=\"attachment-large size-large wp-image-57684\" alt=\"conditions de vie dans la Cara\u00efbe\" srcset=\"https:\/\/richeskarayib.com\/wp-content\/uploads\/2025\/07\/8e89efbd-7433-4cb4-8d82-6e213d157efd-683x1024.png 683w, https:\/\/richeskarayib.com\/wp-content\/uploads\/2025\/07\/8e89efbd-7433-4cb4-8d82-6e213d157efd-200x300.png 200w, https:\/\/richeskarayib.com\/wp-content\/uploads\/2025\/07\/8e89efbd-7433-4cb4-8d82-6e213d157efd-768x1152.png 768w, https:\/\/richeskarayib.com\/wp-content\/uploads\/2025\/07\/8e89efbd-7433-4cb4-8d82-6e213d157efd.png 1024w\" sizes=\"(max-width: 683px) 100vw, 683px\" \/>\t\t\t\t\t\t\t\t\t\t\t\t\t\t\t<\/div>\n\t\t\t\t<\/div>\n\t\t\t\t\t<\/div>\n\t\t<\/div>\n\t\t\t\t\t<\/div>\n\t\t<\/section>\n\t\t\t\t\t<\/div>\n\t\t<\/div>\n\t\t\t\t\t<\/div>\n\t\t<\/section>\n\t\t\t\t<section class=\"elementor-section elementor-top-section elementor-element elementor-element-b53fa1e elementor-section-boxed elementor-section-height-default elementor-section-height-default\" data-id=\"b53fa1e\" data-element_type=\"section\">\n\t\t\t\t\t\t<div class=\"elementor-container elementor-column-gap-default\">\n\t\t\t\t\t<div class=\"elementor-column elementor-col-100 elementor-top-column elementor-element elementor-element-5786564\" data-id=\"5786564\" data-element_type=\"column\">\n\t\t\t<div class=\"elementor-widget-wrap elementor-element-populated\">\n\t\t\t\t\t\t<div class=\"elementor-element elementor-element-b23fa77 elementor-widget elementor-widget-heading\" data-id=\"b23fa77\" data-element_type=\"widget\" data-widget_type=\"heading.default\">\n\t\t\t\t<div class=\"elementor-widget-container\">\n\t\t\t\t\t<h2 class=\"elementor-heading-title elementor-size-default\">58,8% - Inseguridad alimentaria en el Caribe (2023-2025)<\/h2>\t\t\t\t<\/div>\n\t\t\t\t<\/div>\n\t\t\t\t<div class=\"elementor-element elementor-element-3fc4940 elementor-widget elementor-widget-text-editor\" data-id=\"3fc4940\" data-element_type=\"widget\" data-widget_type=\"text-editor.default\">\n\t\t\t\t<div class=\"elementor-widget-container\">\n\t\t\t\t\t\t\t\t\t<p><span style=\"font-weight: 400;\">Entre 2023 y 2025, <\/span><b>58,8 %<\/b><span style=\"font-weight: 400;\">  de la poblaci\u00f3n del Caribe se enfrenta a una inseguridad alimentaria moderada o grave, es decir, casi 26,3 millones de personas. Esta alarmante cifra, basada en los \u00faltimos informes de la FAO y la   <\/span><i><span style=\"font-weight: 400;\">Informe global sobre las crisis alimentarias<\/span><\/i><span style=\"font-weight: 400;\">pone de manifiesto la vulnerabilidad estructural de los sistemas alimentarios insulares. En Hait\u00ed, casi la mitad de la poblaci\u00f3n est\u00e1 en crisis alimentaria o peor. Esto tiene un profundo efecto en las condiciones de vida en el Caribe, especialmente para los hogares rurales, las familias monoparentales y los ni\u00f1os.  <\/span><\/p>\t\t\t\t\t\t\t\t<\/div>\n\t\t\t\t<\/div>\n\t\t\t\t<section class=\"elementor-section elementor-inner-section elementor-element elementor-element-24ab393 elementor-section-boxed elementor-section-height-default elementor-section-height-default\" data-id=\"24ab393\" data-element_type=\"section\">\n\t\t\t\t\t\t<div class=\"elementor-container elementor-column-gap-default\">\n\t\t\t\t\t<div class=\"elementor-column elementor-col-100 elementor-inner-column elementor-element elementor-element-01a73f2\" data-id=\"01a73f2\" data-element_type=\"column\">\n\t\t\t<div class=\"elementor-widget-wrap elementor-element-populated\">\n\t\t\t\t\t\t<div class=\"elementor-element elementor-element-913cbd6 elementor-widget elementor-widget-image\" data-id=\"913cbd6\" data-element_type=\"widget\" data-widget_type=\"image.default\">\n\t\t\t\t<div class=\"elementor-widget-container\">\n\t\t\t\t\t\t\t\t\t\t\t\t\t\t\t<img decoding=\"async\" width=\"800\" height=\"534\" src=\"https:\/\/richeskarayib.com\/wp-content\/uploads\/2025\/07\/DeWatermark.ai_1751454420733-1.jpeg\" class=\"attachment-large size-large wp-image-57688\" alt=\"conditions de vie dans la Cara\u00efbe\" srcset=\"https:\/\/richeskarayib.com\/wp-content\/uploads\/2025\/07\/DeWatermark.ai_1751454420733-1.jpeg 1024w, https:\/\/richeskarayib.com\/wp-content\/uploads\/2025\/07\/DeWatermark.ai_1751454420733-1-300x200.jpeg 300w, https:\/\/richeskarayib.com\/wp-content\/uploads\/2025\/07\/DeWatermark.ai_1751454420733-1-768x512.jpeg 768w\" sizes=\"(max-width: 800px) 100vw, 800px\" \/>\t\t\t\t\t\t\t\t\t\t\t\t\t\t\t<\/div>\n\t\t\t\t<\/div>\n\t\t\t\t\t<\/div>\n\t\t<\/div>\n\t\t\t\t\t<\/div>\n\t\t<\/section>\n\t\t\t\t\t<\/div>\n\t\t<\/div>\n\t\t\t\t\t<\/div>\n\t\t<\/section>\n\t\t\t\t<section class=\"elementor-section elementor-top-section elementor-element elementor-element-5214e28 elementor-section-boxed elementor-section-height-default elementor-section-height-default\" data-id=\"5214e28\" data-element_type=\"section\">\n\t\t\t\t\t\t<div class=\"elementor-container elementor-column-gap-default\">\n\t\t\t\t\t<div class=\"elementor-column elementor-col-100 elementor-top-column elementor-element elementor-element-dade06d\" data-id=\"dade06d\" data-element_type=\"column\">\n\t\t\t<div class=\"elementor-widget-wrap elementor-element-populated\">\n\t\t\t\t\t\t<div class=\"elementor-element elementor-element-d1b711d elementor-widget elementor-widget-heading\" data-id=\"d1b711d\" data-element_type=\"widget\" data-widget_type=\"heading.default\">\n\t\t\t\t<div class=\"elementor-widget-container\">\n\t\t\t\t\t<h2 class=\"elementor-heading-title elementor-size-default\">32,4 a\u00f1os - Edad media; 1,95 hijos\/mujer; 44,6 millones de habitantes\n<\/h2>\t\t\t\t<\/div>\n\t\t\t\t<\/div>\n\t\t\t\t<div class=\"elementor-element elementor-element-a454b32 elementor-widget elementor-widget-text-editor\" data-id=\"a454b32\" data-element_type=\"widget\" data-widget_type=\"text-editor.default\">\n\t\t\t\t<div class=\"elementor-widget-container\">\n\t\t\t\t\t\t\t\t\t<p><span style=\"font-weight: 400;\">La poblaci\u00f3n caribe\u00f1a tiene una <\/span><b>edad media de 32,4 a\u00f1os<\/b><span style=\"font-weight: 400;\">con una tasa de fecundidad de <\/span><b>1,95 hijos por mujer<\/b><span style=\"font-weight: 400;\">. Estas cifras indican una estabilizaci\u00f3n de la poblaci\u00f3n tras varias d\u00e9cadas de r\u00e1pido crecimiento. Con alrededor de   <\/span><b>44,6 millones de habitantes<\/b><span style=\"font-weight: 400;\">  En 2025, el Caribe experimentar\u00e1 un envejecimiento progresivo de su poblaci\u00f3n, aunque los j\u00f3venes seguir\u00e1n predominando en algunas regiones como Hait\u00ed, la Rep\u00fablica Dominicana y la Guayana Francesa. Estos cambios demogr\u00e1ficos tienen un impacto directo en las pol\u00edticas p\u00fablicas e influyen en las condiciones de vida en el Caribe, sobre todo en materia de sanidad, educaci\u00f3n y jubilaci\u00f3n. <\/span><\/p>\t\t\t\t\t\t\t\t<\/div>\n\t\t\t\t<\/div>\n\t\t\t\t<section class=\"elementor-section elementor-inner-section elementor-element elementor-element-58382da elementor-section-boxed elementor-section-height-default elementor-section-height-default\" data-id=\"58382da\" data-element_type=\"section\">\n\t\t\t\t\t\t<div class=\"elementor-container elementor-column-gap-default\">\n\t\t\t\t\t<div class=\"elementor-column elementor-col-100 elementor-inner-column elementor-element elementor-element-961966f\" data-id=\"961966f\" data-element_type=\"column\">\n\t\t\t<div class=\"elementor-widget-wrap elementor-element-populated\">\n\t\t\t\t\t\t<div class=\"elementor-element elementor-element-c98cc00 elementor-widget elementor-widget-image\" data-id=\"c98cc00\" data-element_type=\"widget\" data-widget_type=\"image.default\">\n\t\t\t\t<div class=\"elementor-widget-container\">\n\t\t\t\t\t\t\t\t\t\t\t\t\t\t\t<img loading=\"lazy\" decoding=\"async\" width=\"683\" height=\"1024\" src=\"https:\/\/richeskarayib.com\/wp-content\/uploads\/2025\/07\/94cca031-dd19-43b6-ac5f-0a7a87dbb0ba-683x1024.png\" class=\"attachment-large size-large wp-image-57692\" alt=\"conditions de vie dans la Cara\u00efbe\" srcset=\"https:\/\/richeskarayib.com\/wp-content\/uploads\/2025\/07\/94cca031-dd19-43b6-ac5f-0a7a87dbb0ba-683x1024.png 683w, https:\/\/richeskarayib.com\/wp-content\/uploads\/2025\/07\/94cca031-dd19-43b6-ac5f-0a7a87dbb0ba-200x300.png 200w, https:\/\/richeskarayib.com\/wp-content\/uploads\/2025\/07\/94cca031-dd19-43b6-ac5f-0a7a87dbb0ba-768x1152.png 768w, https:\/\/richeskarayib.com\/wp-content\/uploads\/2025\/07\/94cca031-dd19-43b6-ac5f-0a7a87dbb0ba.png 1024w\" sizes=\"(max-width: 683px) 100vw, 683px\" \/>\t\t\t\t\t\t\t\t\t\t\t\t\t\t\t<\/div>\n\t\t\t\t<\/div>\n\t\t\t\t\t<\/div>\n\t\t<\/div>\n\t\t\t\t\t<\/div>\n\t\t<\/section>\n\t\t\t\t\t<\/div>\n\t\t<\/div>\n\t\t\t\t\t<\/div>\n\t\t<\/section>\n\t\t\t\t<section class=\"elementor-section elementor-top-section elementor-element elementor-element-6f34adc elementor-section-boxed elementor-section-height-default elementor-section-height-default\" data-id=\"6f34adc\" data-element_type=\"section\">\n\t\t\t\t\t\t<div class=\"elementor-container elementor-column-gap-default\">\n\t\t\t\t\t<div class=\"elementor-column elementor-col-100 elementor-top-column elementor-element elementor-element-787608c\" data-id=\"787608c\" data-element_type=\"column\">\n\t\t\t<div class=\"elementor-widget-wrap elementor-element-populated\">\n\t\t\t\t\t\t<div class=\"elementor-element elementor-element-d1b2db8 elementor-widget elementor-widget-heading\" data-id=\"d1b2db8\" data-element_type=\"widget\" data-widget_type=\"heading.default\">\n\t\t\t\t<div class=\"elementor-widget-container\">\n\t\t\t\t\t<h2 class=\"elementor-heading-title elementor-size-default\">47,2% - Tasa de empleo informal<\/h2>\t\t\t\t<\/div>\n\t\t\t\t<\/div>\n\t\t\t\t<div class=\"elementor-element elementor-element-c5c79cd elementor-widget elementor-widget-text-editor\" data-id=\"c5c79cd\" data-element_type=\"widget\" data-widget_type=\"text-editor.default\">\n\t\t\t\t<div class=\"elementor-widget-container\">\n\t\t\t\t\t\t\t\t\t<p><span style=\"font-weight: 400;\">Casi <\/span><b>47,2 %<\/b><span style=\"font-weight: 400;\">  de los empleos de la regi\u00f3n se consideran informales, seg\u00fan las \u00faltimas cifras de la OIT. Aunque esta tasa es ligeramente inferior a la media latinoamericana (57%), sigue siendo motivo de preocupaci\u00f3n. La econom\u00eda informal engloba a millones de trabajadores sin contrato, sin cobertura social y sin ingresos estables. Refleja tanto la resistencia de las poblaciones como la fragilidad de las estructuras econ\u00f3micas. En las islas, la informalidad est\u00e1 especialmente extendida en los sectores del turismo, la pesca y el comercio ambulante. Contribuye a acentuar las desigualdades en las condiciones de vida en el Caribe.     <\/span><\/p>\t\t\t\t\t\t\t\t<\/div>\n\t\t\t\t<\/div>\n\t\t\t\t\t<\/div>\n\t\t<\/div>\n\t\t\t\t\t<\/div>\n\t\t<\/section>\n\t\t\t\t<section class=\"elementor-section elementor-top-section elementor-element elementor-element-6dfb5cc elementor-section-boxed elementor-section-height-default elementor-section-height-default\" data-id=\"6dfb5cc\" data-element_type=\"section\">\n\t\t\t\t\t\t<div class=\"elementor-container elementor-column-gap-default\">\n\t\t\t\t\t<div class=\"elementor-column elementor-col-100 elementor-top-column elementor-element elementor-element-e47175d\" data-id=\"e47175d\" data-element_type=\"column\">\n\t\t\t<div class=\"elementor-widget-wrap elementor-element-populated\">\n\t\t\t\t\t\t<div class=\"elementor-element elementor-element-04cf9b1 elementor-widget elementor-widget-heading\" data-id=\"04cf9b1\" data-element_type=\"widget\" data-widget_type=\"heading.default\">\n\t\t\t\t<div class=\"elementor-widget-container\">\n\t\t\t\t\t<h2 class=\"elementor-heading-title elementor-size-default\">74,1 a\u00f1os - Esperanza de vida media en 2025<\/h2>\t\t\t\t<\/div>\n\t\t\t\t<\/div>\n\t\t\t\t<div class=\"elementor-element elementor-element-848d3cc elementor-widget elementor-widget-text-editor\" data-id=\"848d3cc\" data-element_type=\"widget\" data-widget_type=\"text-editor.default\">\n\t\t\t\t<div class=\"elementor-widget-container\">\n\t\t\t\t\t\t\t\t\t<p><span style=\"font-weight: 400;\">Buenas noticias: la esperanza de vida en el <a href=\"https:\/\/richeskarayib.com\/es\/?p=57161\" target=\"_blank\" rel=\"noopener\">Caribe<\/a> ha alcanzado los <\/span><b>74,1 a\u00f1os<\/b><span style=\"font-weight: 400;\">  en 2025, frente a los 69,6 a\u00f1os de 1990. Este aumento de 4,5 a\u00f1os en tres d\u00e9cadas se debe a la mejora de los servicios sanitarios, la reducci\u00f3n de la mortalidad infantil y el mejor acceso al agua potable. Pero sigue habiendo grandes disparidades: las mujeres viven por t\u00e9rmino medio    <\/span><b>76,6 a\u00f1os<\/b><span style=\"font-weight: 400;\">frente a <\/span><b>71,7 a\u00f1os<\/b><span style=\"font-weight: 400;\">  para los hombres. Esta diferencia est\u00e1 relacionada, entre otras cosas, con la prevalencia de las enfermedades cardiovasculares y el acceso diferencial a la atenci\u00f3n sanitaria. Este progreso relativo muestra tambi\u00e9n hasta qu\u00e9 punto la salud p\u00fablica es un pilar central de las condiciones de vida en el Caribe.  <\/span><\/p>\t\t\t\t\t\t\t\t<\/div>\n\t\t\t\t<\/div>\n\t\t\t\t<section class=\"elementor-section elementor-inner-section elementor-element elementor-element-0812147 elementor-section-boxed elementor-section-height-default elementor-section-height-default\" data-id=\"0812147\" data-element_type=\"section\">\n\t\t\t\t\t\t<div class=\"elementor-container elementor-column-gap-default\">\n\t\t\t\t\t<div class=\"elementor-column elementor-col-100 elementor-inner-column elementor-element elementor-element-5759209\" data-id=\"5759209\" data-element_type=\"column\">\n\t\t\t<div class=\"elementor-widget-wrap elementor-element-populated\">\n\t\t\t\t\t\t<div class=\"elementor-element elementor-element-7d06d24 elementor-widget elementor-widget-image\" data-id=\"7d06d24\" data-element_type=\"widget\" data-widget_type=\"image.default\">\n\t\t\t\t<div class=\"elementor-widget-container\">\n\t\t\t\t\t\t\t\t\t\t\t\t\t\t\t<img loading=\"lazy\" decoding=\"async\" width=\"683\" height=\"1024\" src=\"https:\/\/richeskarayib.com\/wp-content\/uploads\/2025\/07\/ce8c26c5-ea04-4a80-9dc3-4d4fd940bdd1-683x1024.png\" class=\"attachment-large size-large wp-image-57696\" alt=\"conditions de vie dans la Cara\u00efbe\" srcset=\"https:\/\/richeskarayib.com\/wp-content\/uploads\/2025\/07\/ce8c26c5-ea04-4a80-9dc3-4d4fd940bdd1-683x1024.png 683w, https:\/\/richeskarayib.com\/wp-content\/uploads\/2025\/07\/ce8c26c5-ea04-4a80-9dc3-4d4fd940bdd1-200x300.png 200w, https:\/\/richeskarayib.com\/wp-content\/uploads\/2025\/07\/ce8c26c5-ea04-4a80-9dc3-4d4fd940bdd1-768x1152.png 768w, https:\/\/richeskarayib.com\/wp-content\/uploads\/2025\/07\/ce8c26c5-ea04-4a80-9dc3-4d4fd940bdd1.png 1024w\" sizes=\"(max-width: 683px) 100vw, 683px\" \/>\t\t\t\t\t\t\t\t\t\t\t\t\t\t\t<\/div>\n\t\t\t\t<\/div>\n\t\t\t\t\t<\/div>\n\t\t<\/div>\n\t\t\t\t\t<\/div>\n\t\t<\/section>\n\t\t\t\t\t<\/div>\n\t\t<\/div>\n\t\t\t\t\t<\/div>\n\t\t<\/section>\n\t\t\t\t<section class=\"elementor-section elementor-top-section elementor-element elementor-element-39217c3 elementor-section-boxed elementor-section-height-default elementor-section-height-default\" data-id=\"39217c3\" data-element_type=\"section\">\n\t\t\t\t\t\t<div class=\"elementor-container elementor-column-gap-default\">\n\t\t\t\t\t<div class=\"elementor-column elementor-col-100 elementor-top-column elementor-element elementor-element-7c2279c\" data-id=\"7c2279c\" data-element_type=\"column\">\n\t\t\t<div class=\"elementor-widget-wrap elementor-element-populated\">\n\t\t\t\t\t\t<div class=\"elementor-element elementor-element-6da4685 elementor-widget elementor-widget-heading\" data-id=\"6da4685\" data-element_type=\"widget\" data-widget_type=\"heading.default\">\n\t\t\t\t<div class=\"elementor-widget-container\">\n\t\t\t\t\t<h2 class=\"elementor-heading-title elementor-size-default\">Un Caribe plural entre emergencias sociales y progreso medido\n<\/h2>\t\t\t\t<\/div>\n\t\t\t\t<\/div>\n\t\t\t\t<div class=\"elementor-element elementor-element-5872a29 elementor-widget elementor-widget-text-editor\" data-id=\"5872a29\" data-element_type=\"widget\" data-widget_type=\"text-editor.default\">\n\t\t\t\t<div class=\"elementor-widget-container\">\n\t\t\t\t\t\t\t\t\t<p><span style=\"font-weight: 400;\">Las condiciones de vida en el Caribe en 2025 reflejan una doble realidad. Por un lado, avances significativos en t\u00e9rminos de longevidad, educaci\u00f3n y estabilizaci\u00f3n demogr\u00e1fica; por otro, vulnerabilidades persistentes vinculadas a la inseguridad alimentaria, la informalidad econ\u00f3mica y la concentraci\u00f3n urbana. Estas cifras deben informar las pol\u00edticas p\u00fablicas y los proyectos de cooperaci\u00f3n regional. Porque detr\u00e1s de cada porcentaje se esconden vidas reales, familias y trayectorias humanas. Y es sobre la base de estos indicadores precisos como podemos construir un Caribe m\u00e1s justo y resiliente.    <\/span><\/p>\t\t\t\t\t\t\t\t<\/div>\n\t\t\t\t<\/div>\n\t\t\t\t\t<\/div>\n\t\t<\/div>\n\t\t\t\t\t<\/div>\n\t\t<\/section>\n\t\t\t\t<\/div>\n\t\t","protected":false},"excerpt":{"rendered":"<p>Las condiciones de vida en el Caribe est\u00e1n cambiando como resultado de profundas transformaciones urbanas, demogr\u00e1ficas y sociales. En 2025, una serie de indicadores clave dibujan un panorama contrastado de la regi\u00f3n, con notables avances en salud p\u00fablica y persistentes vulnerabilidades estructurales. En Rich\u00e8sKarayib hemos seleccionado seis cifras recientes, procedentes de organismos internacionales como la [&hellip;]<\/p>\n","protected":false},"author":662,"featured_media":57712,"comment_status":"open","ping_status":"open","sticky":false,"template":"","format":"standard","meta":{"_acf_changed":false,"footnotes":""},"categories":[839],"tags":[228,1717,1594,1705],"class_list":["post-57702","post","type-post","status-publish","format-standard","has-post-thumbnail","hentry","category-noticias","tag-dominique","tag-dominique-es","tag-sainte-lucie-es","tag-trinidad-y-tobago-es-2"],"acf":[],"_links":{"self":[{"href":"https:\/\/richeskarayib.com\/es\/wp-json\/wp\/v2\/posts\/57702","targetHints":{"allow":["GET"]}}],"collection":[{"href":"https:\/\/richeskarayib.com\/es\/wp-json\/wp\/v2\/posts"}],"about":[{"href":"https:\/\/richeskarayib.com\/es\/wp-json\/wp\/v2\/types\/post"}],"author":[{"embeddable":true,"href":"https:\/\/richeskarayib.com\/es\/wp-json\/wp\/v2\/users\/662"}],"replies":[{"embeddable":true,"href":"https:\/\/richeskarayib.com\/es\/wp-json\/wp\/v2\/comments?post=57702"}],"version-history":[{"count":0,"href":"https:\/\/richeskarayib.com\/es\/wp-json\/wp\/v2\/posts\/57702\/revisions"}],"wp:featuredmedia":[{"embeddable":true,"href":"https:\/\/richeskarayib.com\/es\/wp-json\/wp\/v2\/media\/57712"}],"wp:attachment":[{"href":"https:\/\/richeskarayib.com\/es\/wp-json\/wp\/v2\/media?parent=57702"}],"wp:term":[{"taxonomy":"category","embeddable":true,"href":"https:\/\/richeskarayib.com\/es\/wp-json\/wp\/v2\/categories?post=57702"},{"taxonomy":"post_tag","embeddable":true,"href":"https:\/\/richeskarayib.com\/es\/wp-json\/wp\/v2\/tags?post=57702"}],"curies":[{"name":"wp","href":"https:\/\/api.w.org\/{rel}","templated":true}]}}