{"id":57869,"date":"2025-07-30T02:00:46","date_gmt":"2025-07-30T06:00:46","guid":{"rendered":"https:\/\/richeskarayib.com\/patrick-lamon-el-yawl-en-la-sangre-la-llamada-del-mar\/"},"modified":"2025-09-27T22:19:07","modified_gmt":"2025-09-28T02:19:07","slug":"patrick-lamon-el-yawl-en-la-sangre-la-llamada-del-mar","status":"publish","type":"post","link":"https:\/\/richeskarayib.com\/es\/patrick-lamon-el-yawl-en-la-sangre-la-llamada-del-mar\/","title":{"rendered":"Patrick Lamon: El yawl en la sangre, la llamada del mar"},"content":{"rendered":"\t\t<div data-elementor-type=\"wp-post\" data-elementor-id=\"57869\" class=\"elementor elementor-57869 elementor-57835\" data-elementor-post-type=\"post\">\n\t\t\t\t\t\t<section class=\"elementor-section elementor-top-section elementor-element elementor-element-7ca7ca1 elementor-section-boxed elementor-section-height-default elementor-section-height-default\" data-id=\"7ca7ca1\" data-element_type=\"section\">\n\t\t\t\t\t\t<div class=\"elementor-container elementor-column-gap-default\">\n\t\t\t\t\t<div class=\"elementor-column elementor-col-100 elementor-top-column elementor-element elementor-element-cbdd002\" data-id=\"cbdd002\" data-element_type=\"column\">\n\t\t\t<div class=\"elementor-widget-wrap elementor-element-populated\">\n\t\t\t\t\t\t<section class=\"elementor-section elementor-inner-section elementor-element elementor-element-bc94849 elementor-section-boxed elementor-section-height-default elementor-section-height-default\" data-id=\"bc94849\" data-element_type=\"section\">\n\t\t\t\t\t\t<div class=\"elementor-container elementor-column-gap-default\">\n\t\t\t\t\t\t<\/div>\n\t\t<\/section>\n\t\t\t\t<section class=\"elementor-section elementor-inner-section elementor-element elementor-element-61571e6 elementor-section-boxed elementor-section-height-default elementor-section-height-default\" data-id=\"61571e6\" data-element_type=\"section\">\n\t\t\t\t\t\t<div class=\"elementor-container elementor-column-gap-default\">\n\t\t\t\t\t\t<\/div>\n\t\t<\/section>\n\t\t\t\t<section class=\"elementor-section elementor-inner-section elementor-element elementor-element-b6262e0 elementor-section-boxed elementor-section-height-default elementor-section-height-default\" data-id=\"b6262e0\" data-element_type=\"section\">\n\t\t\t\t\t\t<div class=\"elementor-container elementor-column-gap-default\">\n\t\t\t\t\t\t<\/div>\n\t\t<\/section>\n\t\t\t\t<section class=\"elementor-section elementor-inner-section elementor-element elementor-element-cca29fd elementor-section-boxed elementor-section-height-default elementor-section-height-default\" data-id=\"cca29fd\" data-element_type=\"section\">\n\t\t\t\t\t\t<div class=\"elementor-container elementor-column-gap-default\">\n\t\t\t\t\t\t<\/div>\n\t\t<\/section>\n\t\t\t\t\t<\/div>\n\t\t<\/div>\n\t\t\t\t\t<\/div>\n\t\t<\/section>\n\t\t\t\t<section class=\"elementor-section elementor-top-section elementor-element elementor-element-0db9090 elementor-section-boxed elementor-section-height-default elementor-section-height-default\" data-id=\"0db9090\" data-element_type=\"section\">\n\t\t\t\t\t\t<div class=\"elementor-container elementor-column-gap-default\">\n\t\t\t\t\t<div class=\"elementor-column elementor-col-100 elementor-top-column elementor-element elementor-element-2296183\" data-id=\"2296183\" data-element_type=\"column\">\n\t\t\t<div class=\"elementor-widget-wrap elementor-element-populated\">\n\t\t\t\t\t\t<div class=\"elementor-element elementor-element-500981c elementor-widget elementor-widget-text-editor\" data-id=\"500981c\" data-element_type=\"widget\" data-widget_type=\"text-editor.default\">\n\t\t\t\t<div class=\"elementor-widget-container\">\n\t\t\t\t\t\t\t\t\t<p><span style=\"font-weight: 400;\">Hay voces que atraviesan generaciones, llevadas por el viento, el mar y la memoria. <a href=\"https:\/\/tourdesyolesofficiel.com\/\" target=\"_blank\" rel=\"noopener nofollow\">Patrick Lamon,<\/a> presidente de la asociaci\u00f3n Yole Net 2000 de Le Marin, es una de ellas. No aprendi\u00f3 el yole, naci\u00f3 en \u00e9l. Igual que se hereda un nombre, una lengua, una narrativa colectiva. Su historia no empieza sobre las olas, sino en una fila de marineros donde cada gesto, cada vela izada, habla de un pasado arraigado en la madera y la sal.    <\/span><\/p>\t\t\t\t\t\t\t\t<\/div>\n\t\t\t\t<\/div>\n\t\t\t\t\t<\/div>\n\t\t<\/div>\n\t\t\t\t\t<\/div>\n\t\t<\/section>\n\t\t\t\t<section class=\"elementor-section elementor-top-section elementor-element elementor-element-e011a0f elementor-section-boxed elementor-section-height-default elementor-section-height-default\" data-id=\"e011a0f\" data-element_type=\"section\">\n\t\t\t\t\t\t<div class=\"elementor-container elementor-column-gap-default\">\n\t\t\t\t\t<div class=\"elementor-column elementor-col-100 elementor-top-column elementor-element elementor-element-91c6ea5\" data-id=\"91c6ea5\" data-element_type=\"column\">\n\t\t\t<div class=\"elementor-widget-wrap elementor-element-populated\">\n\t\t\t\t\t\t<div class=\"elementor-element elementor-element-3193622 elementor-widget elementor-widget-heading\" data-id=\"3193622\" data-element_type=\"widget\" data-widget_type=\"heading.default\">\n\t\t\t\t<div class=\"elementor-widget-container\">\n\t\t\t\t\t<h2 class=\"elementor-heading-title elementor-size-default\">Un nombre lejano, entre el \u00e1rbol del caucho y el boliche<\/h2>\t\t\t\t<\/div>\n\t\t\t\t<\/div>\n\t\t\t\t<div class=\"elementor-element elementor-element-d6b77ee elementor-widget elementor-widget-text-editor\" data-id=\"d6b77ee\" data-element_type=\"widget\" data-widget_type=\"text-editor.default\">\n\t\t\t\t<div class=\"elementor-widget-container\">\n\t\t\t\t\t\t\t\t\t<p><span style=\"font-weight: 400;\">Para la familia Lamon, el mar es tanto una tradici\u00f3n como una forma de vida. El abuelo sol\u00eda hacerse a la mar en una gomera, tallada en el tronco de un \u00e1rbol. El padre, Didier Lamon, hizo historia al convertirse en el primer ganador del Tour oficial de la Martinica en 1985. En cuanto a Patrick Lamon, observa en silencio, como un ni\u00f1o atento, antes de subir a bordo una vez terminada la pesca.   <\/span><span style=\"font-weight: 400;\"><br><\/span><span style=\"font-weight: 400;\">  &#8220;Cog\u00edamos el esquife y zarp\u00e1bamos. As\u00ed era&#8221;.<\/span><\/p>\t\t\t\t\t\t\t\t<\/div>\n\t\t\t\t<\/div>\n\t\t\t\t<div class=\"elementor-element elementor-element-f0b01a2 elementor-widget elementor-widget-text-editor\" data-id=\"f0b01a2\" data-element_type=\"widget\" data-widget_type=\"text-editor.default\">\n\t\t\t\t<div class=\"elementor-widget-container\">\n\t\t\t\t\t\t\t\t\t<p><span style=\"font-weight: 400;\">El <a href=\"https:\/\/tourdesyoles.com\/\" target=\"_blank\" rel=\"noopener nofollow\">yawl<\/a> no naci\u00f3 para competir, sino para sobrevivir. Es el resultado de una adaptaci\u00f3n: cuando el gom\u00f3n se volvi\u00f3 demasiado inestable, los marineros se replantearon su forma. Esta transformaci\u00f3n dio lugar al yawl de Martinica, una embarcaci\u00f3n h\u00edbrida, a la vez redondeada y plana, dise\u00f1ada para enfrentarse al mar con agilidad y finura.  <\/span><\/p>\t\t\t\t\t\t\t\t<\/div>\n\t\t\t\t<\/div>\n\t\t\t\t<div class=\"elementor-element elementor-element-067dd77 elementor-widget elementor-widget-image\" data-id=\"067dd77\" data-element_type=\"widget\" data-widget_type=\"image.default\">\n\t\t\t\t<div class=\"elementor-widget-container\">\n\t\t\t\t\t\t\t\t\t\t\t\t<figure class=\"wp-caption\">\n\t\t\t\t\t\t\t\t\t\t<img fetchpriority=\"high\" decoding=\"async\" width=\"576\" height=\"1024\" src=\"https:\/\/richeskarayib.com\/wp-content\/uploads\/2025\/07\/WhatsApp-Image-2025-07-30-a-05.40.11_f588e528-576x1024.jpg\" class=\"attachment-large size-large wp-image-57843\" alt=\"Patrick Lamon\" srcset=\"https:\/\/richeskarayib.com\/wp-content\/uploads\/2025\/07\/WhatsApp-Image-2025-07-30-a-05.40.11_f588e528-576x1024.jpg 576w, https:\/\/richeskarayib.com\/wp-content\/uploads\/2025\/07\/WhatsApp-Image-2025-07-30-a-05.40.11_f588e528-169x300.jpg 169w, https:\/\/richeskarayib.com\/wp-content\/uploads\/2025\/07\/WhatsApp-Image-2025-07-30-a-05.40.11_f588e528-768x1365.jpg 768w, https:\/\/richeskarayib.com\/wp-content\/uploads\/2025\/07\/WhatsApp-Image-2025-07-30-a-05.40.11_f588e528-864x1536.jpg 864w, https:\/\/richeskarayib.com\/wp-content\/uploads\/2025\/07\/WhatsApp-Image-2025-07-30-a-05.40.11_f588e528.jpg 900w\" sizes=\"(max-width: 576px) 100vw, 576px\" \/>\t\t\t\t\t\t\t\t\t\t\t<figcaption class=\"widget-image-caption wp-caption-text\">Patrick Lamon<\/figcaption>\n\t\t\t\t\t\t\t\t\t\t<\/figure>\n\t\t\t\t\t\t\t\t\t<\/div>\n\t\t\t\t<\/div>\n\t\t\t\t\t<\/div>\n\t\t<\/div>\n\t\t\t\t\t<\/div>\n\t\t<\/section>\n\t\t\t\t<section class=\"elementor-section elementor-top-section elementor-element elementor-element-b53fa1e elementor-section-boxed elementor-section-height-default elementor-section-height-default\" data-id=\"b53fa1e\" data-element_type=\"section\">\n\t\t\t\t\t\t<div class=\"elementor-container elementor-column-gap-default\">\n\t\t\t\t\t<div class=\"elementor-column elementor-col-100 elementor-top-column elementor-element elementor-element-5786564\" data-id=\"5786564\" data-element_type=\"column\">\n\t\t\t<div class=\"elementor-widget-wrap elementor-element-populated\">\n\t\t\t\t\t\t<div class=\"elementor-element elementor-element-b23fa77 elementor-widget elementor-widget-heading\" data-id=\"b23fa77\" data-element_type=\"widget\" data-widget_type=\"heading.default\">\n\t\t\t\t<div class=\"elementor-widget-container\">\n\t\t\t\t\t<h2 class=\"elementor-heading-title elementor-size-default\">Los recuerdos est\u00e1n anclados en el casco\n<\/h2>\t\t\t\t<\/div>\n\t\t\t\t<\/div>\n\t\t\t\t<div class=\"elementor-element elementor-element-3fc4940 elementor-widget elementor-widget-text-editor\" data-id=\"3fc4940\" data-element_type=\"widget\" data-widget_type=\"text-editor.default\">\n\t\t\t\t<div class=\"elementor-widget-container\">\n\t\t\t\t\t\t\t\t\t<p><span style=\"font-weight: 400;\">Patrick Lamon habla de la evoluci\u00f3n del yawl como v\u00ednculo entre el pasado y el futuro. Recuerda las velas hechas con sacos de harina, los gumboats equipados con dos velas y las primeras regatas improvisadas. <\/span><span style=\"font-weight: 400;\"><br><\/span><span style=\"font-weight: 400;\">  &#8220;Hab\u00eda siete yawls con los b\u00e9k\u00e9s, incluso antes de 1985.<\/span><span style=\"font-weight: 400;\"><br><\/span><span style=\"font-weight: 400;\">  Luego llegaron los materiales compuestos, las velas de carbono y las t\u00e9cnicas de competici\u00f3n. Pero lo que m\u00e1s recuerda es el ingenio de los marineros y su capacidad para convertir esta embarcaci\u00f3n tradicional en un emblema de nuestro patrimonio. En 2022,<a href=\"https:\/\/richeskarayib.com\/es\/informe-especial-parte-4-2020-2023-los-tesoros-culturales-del-caribe-patrimonio-inmaterial-reconocido-por-la-unesco\/\" target=\"_blank\" rel=\"noopener\">la UNESCO<\/a> reconoci\u00f3 el yawl de Martinica como parte del patrimonio cultural inmaterial de la humanidad.  <\/span><\/p>\t\t\t\t\t\t\t\t<\/div>\n\t\t\t\t<\/div>\n\t\t\t\t<div class=\"elementor-element elementor-element-a647786 elementor-widget elementor-widget-image\" data-id=\"a647786\" data-element_type=\"widget\" data-widget_type=\"image.default\">\n\t\t\t\t<div class=\"elementor-widget-container\">\n\t\t\t\t\t\t\t\t\t\t\t\t\t\t\t<img decoding=\"async\" width=\"800\" height=\"450\" src=\"https:\/\/richeskarayib.com\/wp-content\/uploads\/2025\/07\/WhatsApp-Image-2025-07-30-a-05.42.23_2f543380-1024x576.jpg\" class=\"attachment-large size-large wp-image-57847\" alt=\"Patrick Lamon\" srcset=\"https:\/\/richeskarayib.com\/wp-content\/uploads\/2025\/07\/WhatsApp-Image-2025-07-30-a-05.42.23_2f543380-1024x576.jpg 1024w, https:\/\/richeskarayib.com\/wp-content\/uploads\/2025\/07\/WhatsApp-Image-2025-07-30-a-05.42.23_2f543380-300x169.jpg 300w, https:\/\/richeskarayib.com\/wp-content\/uploads\/2025\/07\/WhatsApp-Image-2025-07-30-a-05.42.23_2f543380-768x432.jpg 768w, https:\/\/richeskarayib.com\/wp-content\/uploads\/2025\/07\/WhatsApp-Image-2025-07-30-a-05.42.23_2f543380-1536x864.jpg 1536w, https:\/\/richeskarayib.com\/wp-content\/uploads\/2025\/07\/WhatsApp-Image-2025-07-30-a-05.42.23_2f543380-1320x743.jpg 1320w, https:\/\/richeskarayib.com\/wp-content\/uploads\/2025\/07\/WhatsApp-Image-2025-07-30-a-05.42.23_2f543380.jpg 1600w\" sizes=\"(max-width: 800px) 100vw, 800px\" \/>\t\t\t\t\t\t\t\t\t\t\t\t\t\t\t<\/div>\n\t\t\t\t<\/div>\n\t\t\t\t\t<\/div>\n\t\t<\/div>\n\t\t\t\t\t<\/div>\n\t\t<\/section>\n\t\t\t\t<section class=\"elementor-section elementor-top-section elementor-element elementor-element-5214e28 elementor-section-boxed elementor-section-height-default elementor-section-height-default\" data-id=\"5214e28\" data-element_type=\"section\">\n\t\t\t\t\t\t<div class=\"elementor-container elementor-column-gap-default\">\n\t\t\t\t\t<div class=\"elementor-column elementor-col-100 elementor-top-column elementor-element elementor-element-dade06d\" data-id=\"dade06d\" data-element_type=\"column\">\n\t\t\t<div class=\"elementor-widget-wrap elementor-element-populated\">\n\t\t\t\t\t\t<div class=\"elementor-element elementor-element-d1b711d elementor-widget elementor-widget-heading\" data-id=\"d1b711d\" data-element_type=\"widget\" data-widget_type=\"heading.default\">\n\t\t\t\t<div class=\"elementor-widget-container\">\n\t\t\t\t\t<h2 class=\"elementor-heading-title elementor-size-default\">Presidir, s\u00ed. Pero sobre todo transmitir \n<\/h2>\t\t\t\t<\/div>\n\t\t\t\t<\/div>\n\t\t\t\t<div class=\"elementor-element elementor-element-a454b32 elementor-widget elementor-widget-text-editor\" data-id=\"a454b32\" data-element_type=\"widget\" data-widget_type=\"text-editor.default\">\n\t\t\t\t<div class=\"elementor-widget-container\">\n\t\t\t\t\t\t\t\t\t<p><span style=\"font-weight: 400;\">Llegar a ser Presidente de Yole Net 2000 nunca fue un objetivo personal.  <\/span><span style=\"font-weight: 400;\">&#8220;No es por el t\u00edtulo. Es porque nac\u00ed en \u00e9l. Tengo los conocimientos&#8221;.  <\/span><span style=\"font-weight: 400;\">Lo que le mueve es transmitir su pasi\u00f3n. A los j\u00f3venes, a los curiosos, a los adultos en busca del mar y del sentido. La iniciaci\u00f3n comienza a veces a los 6 a\u00f1os en las escuelas, pero la asociaci\u00f3n prefiere acoger a los j\u00f3venes a partir de los 15 o 16 a\u00f1os, cuando son m\u00e1s maduros para comprender. Leer el mar, comprender el viento, elegir una vela: todo ello forma parte de una ciencia aplicada.   <\/span><span style=\"font-weight: 400;\"><br><\/span><span style=\"font-weight: 400;\">  &#8220;Hoy les ense\u00f1amos la rosa de los vientos. Antes era diferente.<\/span><\/p>\t\t\t\t\t\t\t\t<\/div>\n\t\t\t\t<\/div>\n\t\t\t\t<div class=\"elementor-element elementor-element-bbfa634 elementor-widget elementor-widget-image\" data-id=\"bbfa634\" data-element_type=\"widget\" data-widget_type=\"image.default\">\n\t\t\t\t<div class=\"elementor-widget-container\">\n\t\t\t\t\t\t\t\t\t\t\t\t\t\t\t<img decoding=\"async\" width=\"800\" height=\"450\" src=\"https:\/\/richeskarayib.com\/wp-content\/uploads\/2025\/07\/WhatsApp-Image-2025-07-30-a-05.42.11_0783fc9b-1024x576.jpg\" class=\"attachment-large size-large wp-image-57851\" alt=\"Patrick Lamon\" srcset=\"https:\/\/richeskarayib.com\/wp-content\/uploads\/2025\/07\/WhatsApp-Image-2025-07-30-a-05.42.11_0783fc9b-1024x576.jpg 1024w, https:\/\/richeskarayib.com\/wp-content\/uploads\/2025\/07\/WhatsApp-Image-2025-07-30-a-05.42.11_0783fc9b-300x169.jpg 300w, https:\/\/richeskarayib.com\/wp-content\/uploads\/2025\/07\/WhatsApp-Image-2025-07-30-a-05.42.11_0783fc9b-768x432.jpg 768w, https:\/\/richeskarayib.com\/wp-content\/uploads\/2025\/07\/WhatsApp-Image-2025-07-30-a-05.42.11_0783fc9b-1536x864.jpg 1536w, https:\/\/richeskarayib.com\/wp-content\/uploads\/2025\/07\/WhatsApp-Image-2025-07-30-a-05.42.11_0783fc9b-1320x743.jpg 1320w, https:\/\/richeskarayib.com\/wp-content\/uploads\/2025\/07\/WhatsApp-Image-2025-07-30-a-05.42.11_0783fc9b.jpg 1600w\" sizes=\"(max-width: 800px) 100vw, 800px\" \/>\t\t\t\t\t\t\t\t\t\t\t\t\t\t\t<\/div>\n\t\t\t\t<\/div>\n\t\t\t\t\t<\/div>\n\t\t<\/div>\n\t\t\t\t\t<\/div>\n\t\t<\/section>\n\t\t\t\t<section class=\"elementor-section elementor-top-section elementor-element elementor-element-6f34adc elementor-section-boxed elementor-section-height-default elementor-section-height-default\" data-id=\"6f34adc\" data-element_type=\"section\">\n\t\t\t\t\t\t<div class=\"elementor-container elementor-column-gap-default\">\n\t\t\t\t\t<div class=\"elementor-column elementor-col-100 elementor-top-column elementor-element elementor-element-787608c\" data-id=\"787608c\" data-element_type=\"column\">\n\t\t\t<div class=\"elementor-widget-wrap elementor-element-populated\">\n\t\t\t\t\t\t<div class=\"elementor-element elementor-element-d1b2db8 elementor-widget elementor-widget-heading\" data-id=\"d1b2db8\" data-element_type=\"widget\" data-widget_type=\"heading.default\">\n\t\t\t\t<div class=\"elementor-widget-container\">\n\t\t\t\t\t<h2 class=\"elementor-heading-title elementor-size-default\">Un barco como escuela de vida<\/h2>\t\t\t\t<\/div>\n\t\t\t\t<\/div>\n\t\t\t\t<div class=\"elementor-element elementor-element-c5c79cd elementor-widget elementor-widget-text-editor\" data-id=\"c5c79cd\" data-element_type=\"widget\" data-widget_type=\"text-editor.default\">\n\t\t\t\t<div class=\"elementor-widget-container\">\n\t\t\t\t\t\t\t\t\t<p><span style=\"font-weight: 400;\">Para Patrick Lamon, el yawl es mucho m\u00e1s que un deporte. Es una escuela de disciplina, solidaridad y responsabilidad. <\/span><span style=\"font-weight: 400;\"><br><\/span><span style=\"font-weight: 400;\">  &#8220;Es como un negocio. Si un solo navegante no juega, estamos fuera del agua y a la deriva.<\/span><span style=\"font-weight: 400;\"><br><\/span><span style=\"font-weight: 400;\">  Aqu\u00ed, el individuo desaparece en favor del colectivo. Tienes que escuchar al mar, seguir las \u00f3rdenes del timonel y ser uno con el equipo. El aprendizaje est\u00e1 abierto a todos. El \u00fanico requisito es no tener miedo.   <\/span><\/p>\t\t\t\t\t\t\t\t<\/div>\n\t\t\t\t<\/div>\n\t\t\t\t<div class=\"elementor-element elementor-element-fcae1ac elementor-widget elementor-widget-image\" data-id=\"fcae1ac\" data-element_type=\"widget\" data-widget_type=\"image.default\">\n\t\t\t\t<div class=\"elementor-widget-container\">\n\t\t\t\t\t\t\t\t\t\t\t\t\t\t\t<img loading=\"lazy\" decoding=\"async\" width=\"800\" height=\"450\" src=\"https:\/\/richeskarayib.com\/wp-content\/uploads\/2025\/07\/WhatsApp-Image-2025-07-30-a-05.41.56_2a27d6d9-1024x576.jpg\" class=\"attachment-large size-large wp-image-57855\" alt=\"\" srcset=\"https:\/\/richeskarayib.com\/wp-content\/uploads\/2025\/07\/WhatsApp-Image-2025-07-30-a-05.41.56_2a27d6d9-1024x576.jpg 1024w, https:\/\/richeskarayib.com\/wp-content\/uploads\/2025\/07\/WhatsApp-Image-2025-07-30-a-05.41.56_2a27d6d9-300x169.jpg 300w, https:\/\/richeskarayib.com\/wp-content\/uploads\/2025\/07\/WhatsApp-Image-2025-07-30-a-05.41.56_2a27d6d9-768x432.jpg 768w, https:\/\/richeskarayib.com\/wp-content\/uploads\/2025\/07\/WhatsApp-Image-2025-07-30-a-05.41.56_2a27d6d9-1536x864.jpg 1536w, https:\/\/richeskarayib.com\/wp-content\/uploads\/2025\/07\/WhatsApp-Image-2025-07-30-a-05.41.56_2a27d6d9-1320x743.jpg 1320w, https:\/\/richeskarayib.com\/wp-content\/uploads\/2025\/07\/WhatsApp-Image-2025-07-30-a-05.41.56_2a27d6d9.jpg 1600w\" sizes=\"(max-width: 800px) 100vw, 800px\" \/>\t\t\t\t\t\t\t\t\t\t\t\t\t\t\t<\/div>\n\t\t\t\t<\/div>\n\t\t\t\t\t<\/div>\n\t\t<\/div>\n\t\t\t\t\t<\/div>\n\t\t<\/section>\n\t\t\t\t<section class=\"elementor-section elementor-top-section elementor-element elementor-element-6e4ca9f elementor-section-boxed elementor-section-height-default elementor-section-height-default\" data-id=\"6e4ca9f\" data-element_type=\"section\">\n\t\t\t\t\t\t<div class=\"elementor-container elementor-column-gap-default\">\n\t\t\t\t\t<div class=\"elementor-column elementor-col-100 elementor-top-column elementor-element elementor-element-f36aad0\" data-id=\"f36aad0\" data-element_type=\"column\">\n\t\t\t<div class=\"elementor-widget-wrap elementor-element-populated\">\n\t\t\t\t\t\t<div class=\"elementor-element elementor-element-f87c3ec elementor-widget elementor-widget-heading\" data-id=\"f87c3ec\" data-element_type=\"widget\" data-widget_type=\"heading.default\">\n\t\t\t\t<div class=\"elementor-widget-container\">\n\t\t\t\t\t<h2 class=\"elementor-heading-title elementor-size-default\">Una pasi\u00f3n por el voluntariado, un futuro por construir<\/h2>\t\t\t\t<\/div>\n\t\t\t\t<\/div>\n\t\t\t\t<div class=\"elementor-element elementor-element-e8b01dc elementor-widget elementor-widget-text-editor\" data-id=\"e8b01dc\" data-element_type=\"widget\" data-widget_type=\"text-editor.default\">\n\t\t\t\t<div class=\"elementor-widget-container\">\n\t\t\t\t\t\t\t\t\t<p><span style=\"font-weight: 400;\">La vela es una pasi\u00f3n. Todo se basa en el trabajo voluntario. Las recompensas son escasas, a veces simb\u00f3licas: un viaje, un homenaje, un reconocimiento discreto.  <\/span><span style=\"font-weight: 400;\"><br><\/span><span style=\"font-weight: 400;\">  Pero Patrick Lamon sue\u00f1a a lo grande. Quiere que el yawling se convierta en una verdadera profesi\u00f3n. <\/span><span style=\"font-weight: 400;\"><br><\/span><span style=\"font-weight: 400;\">Patrick Lamon imagina un futuro en el que instructores acreditados formen a las nuevas generaciones dentro de un marco estructurado, reconocido y remunerado.<\/span><span style=\"font-weight: 400;\"><br><\/span><span style=\"font-weight: 400;\">  &#8220;Me gustar\u00eda que alg\u00fan d\u00eda se ense\u00f1ara, se reconociera oficialmente y se pagara por ello.<\/span><span style=\"font-weight: 400;\"><br><\/span><span style=\"font-weight: 400;\">  Piensa en la formaci\u00f3n biling\u00fce, en la acogida de turistas y en la apertura al mercado internacional. Tambi\u00e9n est\u00e1 pensando en los empresarios: <\/span><span style=\"font-weight: 400;\"><br><\/span><span style=\"font-weight: 400;\">  &#8220;Mira un esquife. Coordinaci\u00f3n, estrategia, reacci\u00f3n r\u00e1pida: es un modelo.<\/span><\/p>\t\t\t\t\t\t\t\t<\/div>\n\t\t\t\t<\/div>\n\t\t\t\t\t<\/div>\n\t\t<\/div>\n\t\t\t\t\t<\/div>\n\t\t<\/section>\n\t\t\t\t<section class=\"elementor-section elementor-top-section elementor-element elementor-element-b48fdf2 elementor-section-boxed elementor-section-height-default elementor-section-height-default\" data-id=\"b48fdf2\" data-element_type=\"section\">\n\t\t\t\t\t\t<div class=\"elementor-container elementor-column-gap-default\">\n\t\t\t\t\t<div class=\"elementor-column elementor-col-100 elementor-top-column elementor-element elementor-element-d77c715\" data-id=\"d77c715\" data-element_type=\"column\">\n\t\t\t<div class=\"elementor-widget-wrap elementor-element-populated\">\n\t\t\t\t\t\t<div class=\"elementor-element elementor-element-9114ffe elementor-widget elementor-widget-heading\" data-id=\"9114ffe\" data-element_type=\"widget\" data-widget_type=\"heading.default\">\n\t\t\t\t<div class=\"elementor-widget-container\">\n\t\t\t\t\t<h2 class=\"elementor-heading-title elementor-size-default\">Un sue\u00f1o caribe\u00f1o, m\u00e1s all\u00e1 de las fronteras<\/h2>\t\t\t\t<\/div>\n\t\t\t\t<\/div>\n\t\t\t\t<div class=\"elementor-element elementor-element-d722e92 elementor-widget elementor-widget-text-editor\" data-id=\"d722e92\" data-element_type=\"widget\" data-widget_type=\"text-editor.default\">\n\t\t\t\t<div class=\"elementor-widget-container\">\n\t\t\t\t\t\t\t\t\t<p><span style=\"font-weight: 400;\">El yate ya ha surcado las aguas de Guadalupe, Trinidad y San Crist\u00f3bal.<\/span><span style=\"font-weight: 400;\"><br><\/span><span style=\"font-weight: 400;\">  &#8220;En Trinidad, llevamos siete barcos. En Guadalupe, navegamos.<\/span><span style=\"font-weight: 400;\"><br><\/span><span style=\"font-weight: 400;\">  Su sue\u00f1o: ver a los yawls tejer puentes entre las islas, uniendo a los pueblos del Caribe en torno a este barco que habla un idioma universal. Una forma de unir habilidades y recuerdos, al ritmo de vientos compartidos. <\/span><\/p>\t\t\t\t\t\t\t\t<\/div>\n\t\t\t\t<\/div>\n\t\t\t\t<section class=\"elementor-section elementor-inner-section elementor-element elementor-element-d3b30cc elementor-section-boxed elementor-section-height-default elementor-section-height-default\" data-id=\"d3b30cc\" data-element_type=\"section\">\n\t\t\t\t\t\t<div class=\"elementor-container elementor-column-gap-default\">\n\t\t\t\t\t<div class=\"elementor-column elementor-col-50 elementor-inner-column elementor-element elementor-element-9837203\" data-id=\"9837203\" data-element_type=\"column\">\n\t\t\t<div class=\"elementor-widget-wrap elementor-element-populated\">\n\t\t\t\t\t\t<div class=\"elementor-element elementor-element-bf6bec5 elementor-widget elementor-widget-image\" data-id=\"bf6bec5\" data-element_type=\"widget\" data-widget_type=\"image.default\">\n\t\t\t\t<div class=\"elementor-widget-container\">\n\t\t\t\t\t\t\t\t\t\t\t\t\t\t\t<img loading=\"lazy\" decoding=\"async\" width=\"576\" height=\"1024\" src=\"https:\/\/richeskarayib.com\/wp-content\/uploads\/2025\/07\/WhatsApp-Image-2025-07-30-a-05.41.39_5030ac5d-576x1024.jpg\" class=\"attachment-large size-large wp-image-57859\" alt=\"Patrick Lamon\" srcset=\"https:\/\/richeskarayib.com\/wp-content\/uploads\/2025\/07\/WhatsApp-Image-2025-07-30-a-05.41.39_5030ac5d-576x1024.jpg 576w, https:\/\/richeskarayib.com\/wp-content\/uploads\/2025\/07\/WhatsApp-Image-2025-07-30-a-05.41.39_5030ac5d-169x300.jpg 169w, https:\/\/richeskarayib.com\/wp-content\/uploads\/2025\/07\/WhatsApp-Image-2025-07-30-a-05.41.39_5030ac5d-768x1365.jpg 768w, https:\/\/richeskarayib.com\/wp-content\/uploads\/2025\/07\/WhatsApp-Image-2025-07-30-a-05.41.39_5030ac5d-864x1536.jpg 864w, https:\/\/richeskarayib.com\/wp-content\/uploads\/2025\/07\/WhatsApp-Image-2025-07-30-a-05.41.39_5030ac5d.jpg 900w\" sizes=\"(max-width: 576px) 100vw, 576px\" \/>\t\t\t\t\t\t\t\t\t\t\t\t\t\t\t<\/div>\n\t\t\t\t<\/div>\n\t\t\t\t\t<\/div>\n\t\t<\/div>\n\t\t\t\t<div class=\"elementor-column elementor-col-50 elementor-inner-column elementor-element elementor-element-6c4c7a4\" data-id=\"6c4c7a4\" data-element_type=\"column\">\n\t\t\t<div class=\"elementor-widget-wrap elementor-element-populated\">\n\t\t\t\t\t\t<div class=\"elementor-element elementor-element-af0ec55 elementor-widget elementor-widget-image\" data-id=\"af0ec55\" data-element_type=\"widget\" data-widget_type=\"image.default\">\n\t\t\t\t<div class=\"elementor-widget-container\">\n\t\t\t\t\t\t\t\t\t\t\t\t\t\t\t<img loading=\"lazy\" decoding=\"async\" width=\"800\" height=\"484\" src=\"https:\/\/richeskarayib.com\/wp-content\/uploads\/2025\/07\/WhatsApp-Image-2025-07-30-a-05.41.07_48296829-1024x620.jpg\" class=\"attachment-large size-large wp-image-57863\" alt=\"Patrick Lamon\" srcset=\"https:\/\/richeskarayib.com\/wp-content\/uploads\/2025\/07\/WhatsApp-Image-2025-07-30-a-05.41.07_48296829-1024x620.jpg 1024w, https:\/\/richeskarayib.com\/wp-content\/uploads\/2025\/07\/WhatsApp-Image-2025-07-30-a-05.41.07_48296829-300x182.jpg 300w, https:\/\/richeskarayib.com\/wp-content\/uploads\/2025\/07\/WhatsApp-Image-2025-07-30-a-05.41.07_48296829-768x465.jpg 768w, https:\/\/richeskarayib.com\/wp-content\/uploads\/2025\/07\/WhatsApp-Image-2025-07-30-a-05.41.07_48296829-1536x930.jpg 1536w, https:\/\/richeskarayib.com\/wp-content\/uploads\/2025\/07\/WhatsApp-Image-2025-07-30-a-05.41.07_48296829-1320x799.jpg 1320w, https:\/\/richeskarayib.com\/wp-content\/uploads\/2025\/07\/WhatsApp-Image-2025-07-30-a-05.41.07_48296829.jpg 1600w\" sizes=\"(max-width: 800px) 100vw, 800px\" \/>\t\t\t\t\t\t\t\t\t\t\t\t\t\t\t<\/div>\n\t\t\t\t<\/div>\n\t\t\t\t<div class=\"elementor-element elementor-element-a6eb667 elementor-widget elementor-widget-image\" data-id=\"a6eb667\" data-element_type=\"widget\" data-widget_type=\"image.default\">\n\t\t\t\t<div class=\"elementor-widget-container\">\n\t\t\t\t\t\t\t\t\t\t\t\t\t\t\t<img loading=\"lazy\" decoding=\"async\" width=\"800\" height=\"450\" src=\"https:\/\/richeskarayib.com\/wp-content\/uploads\/2025\/07\/WhatsApp-Image-2025-07-30-a-05.41.16_a86486d9-1024x576.jpg\" class=\"attachment-large size-large wp-image-57867\" alt=\"Patrick Lamon\" srcset=\"https:\/\/richeskarayib.com\/wp-content\/uploads\/2025\/07\/WhatsApp-Image-2025-07-30-a-05.41.16_a86486d9-1024x576.jpg 1024w, https:\/\/richeskarayib.com\/wp-content\/uploads\/2025\/07\/WhatsApp-Image-2025-07-30-a-05.41.16_a86486d9-300x169.jpg 300w, https:\/\/richeskarayib.com\/wp-content\/uploads\/2025\/07\/WhatsApp-Image-2025-07-30-a-05.41.16_a86486d9-768x432.jpg 768w, https:\/\/richeskarayib.com\/wp-content\/uploads\/2025\/07\/WhatsApp-Image-2025-07-30-a-05.41.16_a86486d9-1536x864.jpg 1536w, https:\/\/richeskarayib.com\/wp-content\/uploads\/2025\/07\/WhatsApp-Image-2025-07-30-a-05.41.16_a86486d9-1320x743.jpg 1320w, https:\/\/richeskarayib.com\/wp-content\/uploads\/2025\/07\/WhatsApp-Image-2025-07-30-a-05.41.16_a86486d9.jpg 1600w\" sizes=\"(max-width: 800px) 100vw, 800px\" \/>\t\t\t\t\t\t\t\t\t\t\t\t\t\t\t<\/div>\n\t\t\t\t<\/div>\n\t\t\t\t\t<\/div>\n\t\t<\/div>\n\t\t\t\t\t<\/div>\n\t\t<\/section>\n\t\t\t\t\t<\/div>\n\t\t<\/div>\n\t\t\t\t\t<\/div>\n\t\t<\/section>\n\t\t\t\t<section class=\"elementor-section elementor-top-section elementor-element elementor-element-65a9ad9 elementor-section-boxed elementor-section-height-default elementor-section-height-default\" data-id=\"65a9ad9\" data-element_type=\"section\">\n\t\t\t\t\t\t<div class=\"elementor-container elementor-column-gap-default\">\n\t\t\t\t\t<div class=\"elementor-column elementor-col-100 elementor-top-column elementor-element elementor-element-f14af7d\" data-id=\"f14af7d\" data-element_type=\"column\">\n\t\t\t<div class=\"elementor-widget-wrap elementor-element-populated\">\n\t\t\t\t\t\t<div class=\"elementor-element elementor-element-11a2090 elementor-widget elementor-widget-heading\" data-id=\"11a2090\" data-element_type=\"widget\" data-widget_type=\"heading.default\">\n\t\t\t\t<div class=\"elementor-widget-container\">\n\t\t\t\t\t<h2 class=\"elementor-heading-title elementor-size-default\">El yawl es todo esto... y m\u00e1s<\/h2>\t\t\t\t<\/div>\n\t\t\t\t<\/div>\n\t\t\t\t<div class=\"elementor-element elementor-element-b7db1ca elementor-widget elementor-widget-text-editor\" data-id=\"b7db1ca\" data-element_type=\"widget\" data-widget_type=\"text-editor.default\">\n\t\t\t\t<div class=\"elementor-widget-container\">\n\t\t\t\t\t\t\t\t\t<p><span style=\"font-weight: 400;\">Un deporte, por supuesto. Pero tambi\u00e9n una escuela de vida, una herramienta de transmisi\u00f3n, un espejo de la sociedad. Un arte de navegar, literal y figuradamente. Cuando las nubes se acumulan, el viento se levanta y el mar se agita, Patrick Lamon mantiene el rumbo. Elige la vela adecuada, el equipo adecuado. Y se aferra. Igual que t\u00fa te aferras a lo que amas.      <\/span><\/p>\t\t\t\t\t\t\t\t<\/div>\n\t\t\t\t<\/div>\n\t\t\t\t\t<\/div>\n\t\t<\/div>\n\t\t\t\t\t<\/div>\n\t\t<\/section>\n\t\t\t\t<section class=\"elementor-section elementor-top-section elementor-element elementor-element-b9efcb1 elementor-section-boxed elementor-section-height-default elementor-section-height-default\" data-id=\"b9efcb1\" data-element_type=\"section\">\n\t\t\t\t\t\t<div class=\"elementor-container elementor-column-gap-default\">\n\t\t\t\t\t<div class=\"elementor-column elementor-col-100 elementor-top-column elementor-element elementor-element-775687c\" data-id=\"775687c\" data-element_type=\"column\">\n\t\t\t<div class=\"elementor-widget-wrap elementor-element-populated\">\n\t\t\t\t\t\t<div class=\"elementor-element elementor-element-fd48eac elementor-widget elementor-widget-heading\" data-id=\"fd48eac\" data-element_type=\"widget\" data-widget_type=\"heading.default\">\n\t\t\t\t<div class=\"elementor-widget-container\">\n\t\t\t\t\t<h2 class=\"elementor-heading-title elementor-size-default\">Ver la entrevista exclusiva en v\u00eddeo<\/h2>\t\t\t\t<\/div>\n\t\t\t\t<\/div>\n\t\t\t\t<div class=\"elementor-element elementor-element-5a25c0b elementor-widget elementor-widget-video\" data-id=\"5a25c0b\" data-element_type=\"widget\" data-settings=\"{&quot;youtube_url&quot;:&quot;https:\\\/\\\/youtu.be\\\/x9HTs2KxkKY&quot;,&quot;video_type&quot;:&quot;youtube&quot;,&quot;controls&quot;:&quot;yes&quot;}\" data-widget_type=\"video.default\">\n\t\t\t\t<div class=\"elementor-widget-container\">\n\t\t\t\t\t\t\t<div class=\"elementor-wrapper elementor-open-inline\">\n\t\t\t<div class=\"elementor-video\"><\/div>\t\t<\/div>\n\t\t\t\t\t\t<\/div>\n\t\t\t\t<\/div>\n\t\t\t\t\t<\/div>\n\t\t<\/div>\n\t\t\t\t\t<\/div>\n\t\t<\/section>\n\t\t\t\t<\/div>\n\t\t","protected":false},"excerpt":{"rendered":"<p>Hay voces que atraviesan generaciones, llevadas por el viento, el mar y la memoria. Patrick Lamon, presidente de la asociaci\u00f3n Yole Net 2000 de Le Marin, es una de ellas. No aprendi\u00f3 el yole, naci\u00f3 en \u00e9l. Igual que se hereda un nombre, una lengua, una narrativa colectiva. Su historia no empieza sobre las olas, [&hellip;]<\/p>\n","protected":false},"author":662,"featured_media":57839,"comment_status":"open","ping_status":"open","sticky":false,"template":"","format":"standard","meta":{"_acf_changed":false,"footnotes":""},"categories":[1724],"tags":[816],"class_list":["post-57869","post","type-post","status-publish","format-standard","has-post-thumbnail","hentry","category-maritimo","tag-martinique-es"],"acf":[],"_links":{"self":[{"href":"https:\/\/richeskarayib.com\/es\/wp-json\/wp\/v2\/posts\/57869","targetHints":{"allow":["GET"]}}],"collection":[{"href":"https:\/\/richeskarayib.com\/es\/wp-json\/wp\/v2\/posts"}],"about":[{"href":"https:\/\/richeskarayib.com\/es\/wp-json\/wp\/v2\/types\/post"}],"author":[{"embeddable":true,"href":"https:\/\/richeskarayib.com\/es\/wp-json\/wp\/v2\/users\/662"}],"replies":[{"embeddable":true,"href":"https:\/\/richeskarayib.com\/es\/wp-json\/wp\/v2\/comments?post=57869"}],"version-history":[{"count":0,"href":"https:\/\/richeskarayib.com\/es\/wp-json\/wp\/v2\/posts\/57869\/revisions"}],"wp:featuredmedia":[{"embeddable":true,"href":"https:\/\/richeskarayib.com\/es\/wp-json\/wp\/v2\/media\/57839"}],"wp:attachment":[{"href":"https:\/\/richeskarayib.com\/es\/wp-json\/wp\/v2\/media?parent=57869"}],"wp:term":[{"taxonomy":"category","embeddable":true,"href":"https:\/\/richeskarayib.com\/es\/wp-json\/wp\/v2\/categories?post=57869"},{"taxonomy":"post_tag","embeddable":true,"href":"https:\/\/richeskarayib.com\/es\/wp-json\/wp\/v2\/tags?post=57869"}],"curies":[{"name":"wp","href":"https:\/\/api.w.org\/{rel}","templated":true}]}}