{"id":58010,"date":"2025-08-06T09:34:37","date_gmt":"2025-08-06T13:34:37","guid":{"rendered":"https:\/\/richeskarayib.com\/santa-lucia-reforma-del-pasaporte-de-10-anos-un-cambio-para-los-ciudadanos\/"},"modified":"2025-08-06T09:34:38","modified_gmt":"2025-08-06T13:34:38","slug":"santa-lucia-reforma-del-pasaporte-de-10-anos-un-cambio-para-los-ciudadanos","status":"publish","type":"post","link":"https:\/\/richeskarayib.com\/es\/santa-lucia-reforma-del-pasaporte-de-10-anos-un-cambio-para-los-ciudadanos\/","title":{"rendered":"Santa Luc\u00eda &#8211; Reforma del pasaporte de 10 a\u00f1os: un cambio para los ciudadanos"},"content":{"rendered":"\t\t<div data-elementor-type=\"wp-post\" data-elementor-id=\"58010\" class=\"elementor elementor-58010 elementor-57992\" data-elementor-post-type=\"post\">\n\t\t\t\t\t\t<section class=\"elementor-section elementor-top-section elementor-element elementor-element-7ca7ca1 elementor-section-boxed elementor-section-height-default elementor-section-height-default\" data-id=\"7ca7ca1\" data-element_type=\"section\">\n\t\t\t\t\t\t<div class=\"elementor-container elementor-column-gap-default\">\n\t\t\t\t\t<div class=\"elementor-column elementor-col-100 elementor-top-column elementor-element elementor-element-cbdd002\" data-id=\"cbdd002\" data-element_type=\"column\">\n\t\t\t<div class=\"elementor-widget-wrap elementor-element-populated\">\n\t\t\t\t\t\t<section class=\"elementor-section elementor-inner-section elementor-element elementor-element-bc94849 elementor-section-boxed elementor-section-height-default elementor-section-height-default\" data-id=\"bc94849\" data-element_type=\"section\">\n\t\t\t\t\t\t<div class=\"elementor-container elementor-column-gap-default\">\n\t\t\t\t\t\t<\/div>\n\t\t<\/section>\n\t\t\t\t<section class=\"elementor-section elementor-inner-section elementor-element elementor-element-61571e6 elementor-section-boxed elementor-section-height-default elementor-section-height-default\" data-id=\"61571e6\" data-element_type=\"section\">\n\t\t\t\t\t\t<div class=\"elementor-container elementor-column-gap-default\">\n\t\t\t\t\t\t<\/div>\n\t\t<\/section>\n\t\t\t\t<section class=\"elementor-section elementor-inner-section elementor-element elementor-element-b6262e0 elementor-section-boxed elementor-section-height-default elementor-section-height-default\" data-id=\"b6262e0\" data-element_type=\"section\">\n\t\t\t\t\t\t<div class=\"elementor-container elementor-column-gap-default\">\n\t\t\t\t\t\t<\/div>\n\t\t<\/section>\n\t\t\t\t<section class=\"elementor-section elementor-inner-section elementor-element elementor-element-cca29fd elementor-section-boxed elementor-section-height-default elementor-section-height-default\" data-id=\"cca29fd\" data-element_type=\"section\">\n\t\t\t\t\t\t<div class=\"elementor-container elementor-column-gap-default\">\n\t\t\t\t\t\t<\/div>\n\t\t<\/section>\n\t\t\t\t\t<\/div>\n\t\t<\/div>\n\t\t\t\t\t<\/div>\n\t\t<\/section>\n\t\t\t\t<section class=\"elementor-section elementor-top-section elementor-element elementor-element-0db9090 elementor-section-boxed elementor-section-height-default elementor-section-height-default\" data-id=\"0db9090\" data-element_type=\"section\">\n\t\t\t\t\t\t<div class=\"elementor-container elementor-column-gap-default\">\n\t\t\t\t\t<div class=\"elementor-column elementor-col-100 elementor-top-column elementor-element elementor-element-2296183\" data-id=\"2296183\" data-element_type=\"column\">\n\t\t\t<div class=\"elementor-widget-wrap elementor-element-populated\">\n\t\t\t\t\t\t<div class=\"elementor-element elementor-element-500981c elementor-widget elementor-widget-text-editor\" data-id=\"500981c\" data-element_type=\"widget\" data-widget_type=\"text-editor.default\">\n\t\t\t\t<div class=\"elementor-widget-container\">\n\t\t\t\t\t\t\t\t\t<p><span style=\"font-weight: 400;\">Desde el 5 de agosto de 2025, <a href=\"https:\/\/richeskarayib.com\/es\/el-carnaval-de-santa-lucia-un-motor-economico-y-cultural-regional\/\" target=\"_blank\" rel=\"noopener\">Santa Luc\u00eda<\/a> ha dado un paso decisivo hacia la modernizaci\u00f3n de sus servicios p\u00fablicos con la introducci\u00f3n oficial de la <a href=\"https:\/\/premium-citizen.com\/st-lucia-extends-passport-validity-for-adults\/\" target=\"_blank\" rel=\"noopener nofollow\">reforma del pasaporte<\/a> de 10 a\u00f1os. Esta reforma, anunciada por el Primer Ministro Philip J. Pierre en el marco del discurso sobre el presupuesto 2025\/2026, sustituye a los documentos que antes ten\u00edan una validez de cinco a\u00f1os, sin que ello suponga un aumento de precio para los usuarios. <\/span><\/p>\t\t\t\t\t\t\t\t<\/div>\n\t\t\t\t<\/div>\n\t\t\t\t\t<\/div>\n\t\t<\/div>\n\t\t\t\t\t<\/div>\n\t\t<\/section>\n\t\t\t\t<section class=\"elementor-section elementor-top-section elementor-element elementor-element-e011a0f elementor-section-boxed elementor-section-height-default elementor-section-height-default\" data-id=\"e011a0f\" data-element_type=\"section\">\n\t\t\t\t\t\t<div class=\"elementor-container elementor-column-gap-default\">\n\t\t\t\t\t<div class=\"elementor-column elementor-col-100 elementor-top-column elementor-element elementor-element-91c6ea5\" data-id=\"91c6ea5\" data-element_type=\"column\">\n\t\t\t<div class=\"elementor-widget-wrap elementor-element-populated\">\n\t\t\t\t\t\t<div class=\"elementor-element elementor-element-3193622 elementor-widget elementor-widget-heading\" data-id=\"3193622\" data-element_type=\"widget\" data-widget_type=\"heading.default\">\n\t\t\t\t<div class=\"elementor-widget-container\">\n\t\t\t\t\t<h2 class=\"elementor-heading-title elementor-size-default\">Validez ampliada, costes constantes<\/h2>\t\t\t\t<\/div>\n\t\t\t\t<\/div>\n\t\t\t\t<div class=\"elementor-element elementor-element-d6b77ee elementor-widget elementor-widget-text-editor\" data-id=\"d6b77ee\" data-element_type=\"widget\" data-widget_type=\"text-editor.default\">\n\t\t\t\t<div class=\"elementor-widget-container\">\n\t\t\t\t\t\t\t\t\t<p><span style=\"font-weight: 400;\">A partir de ahora, todos los pasaportes expedidos a partir de esta fecha tendr\u00e1n una validez de diez a\u00f1os, frente a los cinco a\u00f1os anteriores. Este cambio se aplica a todos los ciudadanos mayores de 18 a\u00f1os, vivan en Santa Luc\u00eda o en el extranjero. <\/span><\/p><p><span style=\"font-weight: 400;\">Uno de los aspectos m\u00e1s destacables de esta reforma del pasaporte es que se han mantenido \u00edntegramente las tasas actuales. Los solicitantes pagan la misma cantidad que por el antiguo formato, pero se benefician de un periodo de validez duplicado. Por tanto, el coste anual de la validez se reduce a la mitad, lo que representa una ganancia tangible tanto para las personas como para las familias.  <\/span><\/p>\t\t\t\t\t\t\t\t<\/div>\n\t\t\t\t<\/div>\n\t\t\t\t<div class=\"elementor-element elementor-element-e8b1ddc elementor-widget elementor-widget-image\" data-id=\"e8b1ddc\" data-element_type=\"widget\" data-widget_type=\"image.default\">\n\t\t\t\t<div class=\"elementor-widget-container\">\n\t\t\t\t\t\t\t\t\t\t\t\t\t\t\t<img fetchpriority=\"high\" decoding=\"async\" width=\"602\" height=\"860\" src=\"https:\/\/richeskarayib.com\/wp-content\/uploads\/2025\/08\/passeport-index.png\" class=\"attachment-large size-large wp-image-58000\" alt=\"r\u00e9forme du passeport\" srcset=\"https:\/\/richeskarayib.com\/wp-content\/uploads\/2025\/08\/passeport-index.png 602w, https:\/\/richeskarayib.com\/wp-content\/uploads\/2025\/08\/passeport-index-210x300.png 210w\" sizes=\"(max-width: 602px) 100vw, 602px\" \/>\t\t\t\t\t\t\t\t\t\t\t\t\t\t\t<\/div>\n\t\t\t\t<\/div>\n\t\t\t\t\t<\/div>\n\t\t<\/div>\n\t\t\t\t\t<\/div>\n\t\t<\/section>\n\t\t\t\t<section class=\"elementor-section elementor-top-section elementor-element elementor-element-b53fa1e elementor-section-boxed elementor-section-height-default elementor-section-height-default\" data-id=\"b53fa1e\" data-element_type=\"section\">\n\t\t\t\t\t\t<div class=\"elementor-container elementor-column-gap-default\">\n\t\t\t\t\t<div class=\"elementor-column elementor-col-100 elementor-top-column elementor-element elementor-element-5786564\" data-id=\"5786564\" data-element_type=\"column\">\n\t\t\t<div class=\"elementor-widget-wrap elementor-element-populated\">\n\t\t\t\t\t\t<div class=\"elementor-element elementor-element-b23fa77 elementor-widget elementor-widget-heading\" data-id=\"b23fa77\" data-element_type=\"widget\" data-widget_type=\"heading.default\">\n\t\t\t\t<div class=\"elementor-widget-container\">\n\t\t\t\t\t<h2 class=\"elementor-heading-title elementor-size-default\">Una medida dise\u00f1ada para simplificar la vida cotidiana<\/h2>\t\t\t\t<\/div>\n\t\t\t\t<\/div>\n\t\t\t\t<div class=\"elementor-element elementor-element-3fc4940 elementor-widget elementor-widget-text-editor\" data-id=\"3fc4940\" data-element_type=\"widget\" data-widget_type=\"text-editor.default\">\n\t\t\t\t<div class=\"elementor-widget-container\">\n\t\t\t\t\t\t\t\t\t<p><span style=\"font-weight: 400;\">El objetivo del gobierno no se limita a cambiar la duraci\u00f3n del periodo de validez: esta reforma forma parte de un esfuerzo general por simplificar los procedimientos administrativos. Al no tener que renovar el pasaporte m\u00e1s que una vez cada diez a\u00f1os, los ciudadanos ahorrar\u00e1n un tiempo precioso y evitar\u00e1n tener que hacer repetidos viajes o tr\u00e1mites. <\/span><\/p><p><span style=\"font-weight: 400;\">Para muchas familias, esta reforma del pasaporte es un soplo de aire fresco. Al reducir el n\u00famero de renovaciones, tambi\u00e9n reduce los costes indirectos: transporte a las oficinas de inmigraci\u00f3n, fotos de identidad, d\u00edas de baja laboral, etc. Por tanto, forma parte de una pol\u00edtica m\u00e1s amplia de apoyo al poder adquisitivo.  <\/span><\/p>\t\t\t\t\t\t\t\t<\/div>\n\t\t\t\t<\/div>\n\t\t\t\t<div class=\"elementor-element elementor-element-0f7afdd elementor-widget elementor-widget-image\" data-id=\"0f7afdd\" data-element_type=\"widget\" data-widget_type=\"image.default\">\n\t\t\t\t<div class=\"elementor-widget-container\">\n\t\t\t\t\t\t\t\t\t\t\t\t<figure class=\"wp-caption\">\n\t\t\t\t\t\t\t\t\t\t<img decoding=\"async\" width=\"800\" height=\"797\" src=\"https:\/\/richeskarayib.com\/wp-content\/uploads\/2025\/08\/Philip-J.-Pierre-2.jpg\" class=\"attachment-large size-large wp-image-58008\" alt=\"r\u00e9forme du passeport\" srcset=\"https:\/\/richeskarayib.com\/wp-content\/uploads\/2025\/08\/Philip-J.-Pierre-2.jpg 1024w, https:\/\/richeskarayib.com\/wp-content\/uploads\/2025\/08\/Philip-J.-Pierre-2-300x300.jpg 300w, https:\/\/richeskarayib.com\/wp-content\/uploads\/2025\/08\/Philip-J.-Pierre-2-150x150.jpg 150w, https:\/\/richeskarayib.com\/wp-content\/uploads\/2025\/08\/Philip-J.-Pierre-2-768x765.jpg 768w\" sizes=\"(max-width: 800px) 100vw, 800px\" \/>\t\t\t\t\t\t\t\t\t\t\t<figcaption class=\"widget-image-caption wp-caption-text\">Philip J. Pierre<\/figcaption>\n\t\t\t\t\t\t\t\t\t\t<\/figure>\n\t\t\t\t\t\t\t\t\t<\/div>\n\t\t\t\t<\/div>\n\t\t\t\t\t<\/div>\n\t\t<\/div>\n\t\t\t\t\t<\/div>\n\t\t<\/section>\n\t\t\t\t<section class=\"elementor-section elementor-top-section elementor-element elementor-element-5214e28 elementor-section-boxed elementor-section-height-default elementor-section-height-default\" data-id=\"5214e28\" data-element_type=\"section\">\n\t\t\t\t\t\t<div class=\"elementor-container elementor-column-gap-default\">\n\t\t\t\t\t<div class=\"elementor-column elementor-col-100 elementor-top-column elementor-element elementor-element-dade06d\" data-id=\"dade06d\" data-element_type=\"column\">\n\t\t\t<div class=\"elementor-widget-wrap elementor-element-populated\">\n\t\t\t\t\t\t<div class=\"elementor-element elementor-element-d1b711d elementor-widget elementor-widget-heading\" data-id=\"d1b711d\" data-element_type=\"widget\" data-widget_type=\"heading.default\">\n\t\t\t\t<div class=\"elementor-widget-container\">\n\t\t\t\t\t<h2 class=\"elementor-heading-title elementor-size-default\">Una transici\u00f3n gradual, sin obligaci\u00f3n inmediata<\/h2>\t\t\t\t<\/div>\n\t\t\t\t<\/div>\n\t\t\t\t<div class=\"elementor-element elementor-element-a454b32 elementor-widget elementor-widget-text-editor\" data-id=\"a454b32\" data-element_type=\"widget\" data-widget_type=\"text-editor.default\">\n\t\t\t\t<div class=\"elementor-widget-container\">\n\t\t\t\t\t\t\t\t\t<p><span style=\"font-weight: 400;\">Los titulares de un pasaporte a\u00fan v\u00e1lido no est\u00e1n obligados a renovarlo anticipadamente. Pueden seguir utilizando su documento hasta su fecha de caducidad natural. Cuando lo renueven, recibir\u00e1n autom\u00e1ticamente un pasaporte de Santa Luc\u00eda v\u00e1lido durante 10 a\u00f1os, sin tr\u00e1mites especiales ni costes adicionales.  <\/span><\/p><p><span style=\"font-weight: 400;\">Esta elecci\u00f3n de una transici\u00f3n gradual evita la sobrecarga administrativa, al tiempo que garantiza que todos los ciudadanos acabar\u00e1n benefici\u00e1ndose de las ventajas de la reforma de los pasaportes.<\/span><\/p>\t\t\t\t\t\t\t\t<\/div>\n\t\t\t\t<\/div>\n\t\t\t\t<div class=\"elementor-element elementor-element-b560e49 elementor-widget elementor-widget-image\" data-id=\"b560e49\" data-element_type=\"widget\" data-widget_type=\"image.default\">\n\t\t\t\t<div class=\"elementor-widget-container\">\n\t\t\t\t\t\t\t\t\t\t\t\t<figure class=\"wp-caption\">\n\t\t\t\t\t\t\t\t\t\t<img decoding=\"async\" width=\"800\" height=\"534\" src=\"https:\/\/richeskarayib.com\/wp-content\/uploads\/2025\/08\/1000_F_428983963_jz2yO8T2gxH1hYvbZy4nI2Pb19xmIqUs.jpg\" class=\"attachment-large size-large wp-image-58004\" alt=\"r\u00e9forme du passeport\" srcset=\"https:\/\/richeskarayib.com\/wp-content\/uploads\/2025\/08\/1000_F_428983963_jz2yO8T2gxH1hYvbZy4nI2Pb19xmIqUs.jpg 1000w, https:\/\/richeskarayib.com\/wp-content\/uploads\/2025\/08\/1000_F_428983963_jz2yO8T2gxH1hYvbZy4nI2Pb19xmIqUs-300x200.jpg 300w, https:\/\/richeskarayib.com\/wp-content\/uploads\/2025\/08\/1000_F_428983963_jz2yO8T2gxH1hYvbZy4nI2Pb19xmIqUs-768x512.jpg 768w\" sizes=\"(max-width: 800px) 100vw, 800px\" \/>\t\t\t\t\t\t\t\t\t\t\t<figcaption class=\"widget-image-caption wp-caption-text\">\u00a9Adobe Stock<\/figcaption>\n\t\t\t\t\t\t\t\t\t\t<\/figure>\n\t\t\t\t\t\t\t\t\t<\/div>\n\t\t\t\t<\/div>\n\t\t\t\t\t<\/div>\n\t\t<\/div>\n\t\t\t\t\t<\/div>\n\t\t<\/section>\n\t\t\t\t<section class=\"elementor-section elementor-top-section elementor-element elementor-element-6f34adc elementor-section-boxed elementor-section-height-default elementor-section-height-default\" data-id=\"6f34adc\" data-element_type=\"section\">\n\t\t\t\t\t\t<div class=\"elementor-container elementor-column-gap-default\">\n\t\t\t\t\t<div class=\"elementor-column elementor-col-100 elementor-top-column elementor-element elementor-element-787608c\" data-id=\"787608c\" data-element_type=\"column\">\n\t\t\t<div class=\"elementor-widget-wrap elementor-element-populated\">\n\t\t\t\t\t\t<div class=\"elementor-element elementor-element-d1b2db8 elementor-widget elementor-widget-heading\" data-id=\"d1b2db8\" data-element_type=\"widget\" data-widget_type=\"heading.default\">\n\t\t\t\t<div class=\"elementor-widget-container\">\n\t\t\t\t\t<h2 class=\"elementor-heading-title elementor-size-default\">Una mayor ventaja para los inversores<\/h2>\t\t\t\t<\/div>\n\t\t\t\t<\/div>\n\t\t\t\t<div class=\"elementor-element elementor-element-c5c79cd elementor-widget elementor-widget-text-editor\" data-id=\"c5c79cd\" data-element_type=\"widget\" data-widget_type=\"text-editor.default\">\n\t\t\t\t<div class=\"elementor-widget-container\">\n\t\t\t\t\t\t\t\t\t<p><span style=\"font-weight: 400;\">Los beneficiarios del programa de Ciudadan\u00eda por Inversi\u00f3n de Santa Luc\u00eda tambi\u00e9n se benefician de esta novedad. Ahora se les expide el pasaporte en el marco habitual, lo que hace que su estatus sea m\u00e1s claro y duradero. <\/span><\/p><p><span style=\"font-weight: 400;\">Este documento, que da acceso sin visado a m\u00e1s de 140 pa\u00edses (incluidos el espacio Schengen, el Reino Unido y Singapur), tiene ahora a\u00fan m\u00e1s valor internacional. Para los inversores internacionales, esta estabilidad documental representa una ventaja estrat\u00e9gica en la gesti\u00f3n de sus proyectos a largo plazo. <\/span><\/p>\t\t\t\t\t\t\t\t<\/div>\n\t\t\t\t<\/div>\n\t\t\t\t\t<\/div>\n\t\t<\/div>\n\t\t\t\t\t<\/div>\n\t\t<\/section>\n\t\t\t\t<section class=\"elementor-section elementor-top-section elementor-element elementor-element-6e4ca9f elementor-section-boxed elementor-section-height-default elementor-section-height-default\" data-id=\"6e4ca9f\" data-element_type=\"section\">\n\t\t\t\t\t\t<div class=\"elementor-container elementor-column-gap-default\">\n\t\t\t\t\t<div class=\"elementor-column elementor-col-100 elementor-top-column elementor-element elementor-element-f36aad0\" data-id=\"f36aad0\" data-element_type=\"column\">\n\t\t\t<div class=\"elementor-widget-wrap elementor-element-populated\">\n\t\t\t\t\t\t<div class=\"elementor-element elementor-element-f87c3ec elementor-widget elementor-widget-heading\" data-id=\"f87c3ec\" data-element_type=\"widget\" data-widget_type=\"heading.default\">\n\t\t\t\t<div class=\"elementor-widget-container\">\n\t\t\t\t\t<h2 class=\"elementor-heading-title elementor-size-default\">Un enfoque acorde con la modernizaci\u00f3n de la administraci\u00f3n<\/h2>\t\t\t\t<\/div>\n\t\t\t\t<\/div>\n\t\t\t\t<div class=\"elementor-element elementor-element-e8b01dc elementor-widget elementor-widget-text-editor\" data-id=\"e8b01dc\" data-element_type=\"widget\" data-widget_type=\"text-editor.default\">\n\t\t\t\t<div class=\"elementor-widget-container\">\n\t\t\t\t\t\t\t\t\t<p><span style=\"font-weight: 400;\">Adem\u00e1s del impacto sobre los usuarios, esta reforma tambi\u00e9n permitir\u00e1 asignar mejor los recursos p\u00fablicos. Al reducir el n\u00famero de renovaciones a tramitar, aligerar\u00e1 la carga de trabajo del Departamento de Inmigraci\u00f3n, que podr\u00e1 concentrar sus esfuerzos en otras prioridades, como la seguridad fronteriza y el desarrollo de nuevos servicios digitales. <\/span><\/p><p><span style=\"font-weight: 400;\">En t\u00e9rminos regionales, la <a href=\"https:\/\/globalcitizenconsultants.com\/saint-lucia-passport-10-years\/\" target=\"_blank\" rel=\"noopener nofollow\">reforma de los pasaportes<\/a> sit\u00faa al pa\u00eds como uno de los Estados caribe\u00f1os m\u00e1s comprometidos con la transformaci\u00f3n administrativa. Tambi\u00e9n podr\u00eda servir de ejemplo para otras naciones que deseen combinar modernizaci\u00f3n, contenci\u00f3n presupuestaria y satisfacci\u00f3n ciudadana. <\/span><\/p>\t\t\t\t\t\t\t\t<\/div>\n\t\t\t\t<\/div>\n\t\t\t\t\t<\/div>\n\t\t<\/div>\n\t\t\t\t\t<\/div>\n\t\t<\/section>\n\t\t\t\t<section class=\"elementor-section elementor-top-section elementor-element elementor-element-b48fdf2 elementor-section-boxed elementor-section-height-default elementor-section-height-default\" data-id=\"b48fdf2\" data-element_type=\"section\">\n\t\t\t\t\t\t<div class=\"elementor-container elementor-column-gap-default\">\n\t\t\t\t\t<div class=\"elementor-column elementor-col-100 elementor-top-column elementor-element elementor-element-d77c715\" data-id=\"d77c715\" data-element_type=\"column\">\n\t\t\t<div class=\"elementor-widget-wrap elementor-element-populated\">\n\t\t\t\t\t\t<div class=\"elementor-element elementor-element-9114ffe elementor-widget elementor-widget-heading\" data-id=\"9114ffe\" data-element_type=\"widget\" data-widget_type=\"heading.default\">\n\t\t\t\t<div class=\"elementor-widget-container\">\n\t\t\t\t\t<h2 class=\"elementor-heading-title elementor-size-default\">Una pol\u00edtica sobria, pragm\u00e1tica y con visi\u00f3n de futuro<\/h2>\t\t\t\t<\/div>\n\t\t\t\t<\/div>\n\t\t\t\t<div class=\"elementor-element elementor-element-d722e92 elementor-widget elementor-widget-text-editor\" data-id=\"d722e92\" data-element_type=\"widget\" data-widget_type=\"text-editor.default\">\n\t\t\t\t<div class=\"elementor-widget-container\">\n\t\t\t\t\t\t\t\t\t<p><span style=\"font-weight: 400;\">La reforma de los pasaportes encarna una visi\u00f3n decididamente moderna del servicio p\u00fablico. Demuestra que es posible introducir mejoras tangibles en la vida de los ciudadanos sin aumentar las cargas financieras. <\/span><\/p><p><span style=\"font-weight: 400;\">Con esta reforma del pasaporte, el pa\u00eds reafirma su compromiso de situar al usuario en el centro de la acci\u00f3n p\u00fablica, al tiempo que consolida su reputaci\u00f3n en la escena internacional como destino fiable, estable e innovador.<\/span><\/p>\t\t\t\t\t\t\t\t<\/div>\n\t\t\t\t<\/div>\n\t\t\t\t\t<\/div>\n\t\t<\/div>\n\t\t\t\t\t<\/div>\n\t\t<\/section>\n\t\t\t\t<\/div>\n\t\t","protected":false},"excerpt":{"rendered":"<p>Desde el 5 de agosto de 2025, Santa Luc\u00eda ha dado un paso decisivo hacia la modernizaci\u00f3n de sus servicios p\u00fablicos con la introducci\u00f3n oficial de la reforma del pasaporte de 10 a\u00f1os. Esta reforma, anunciada por el Primer Ministro Philip J. Pierre en el marco del discurso sobre el presupuesto 2025\/2026, sustituye a los [&hellip;]<\/p>\n","protected":false},"author":662,"featured_media":57996,"comment_status":"open","ping_status":"open","sticky":false,"template":"","format":"standard","meta":{"_acf_changed":false,"footnotes":""},"categories":[839],"tags":[1594],"class_list":["post-58010","post","type-post","status-publish","format-standard","has-post-thumbnail","hentry","category-noticias","tag-sainte-lucie-es"],"acf":[],"_links":{"self":[{"href":"https:\/\/richeskarayib.com\/es\/wp-json\/wp\/v2\/posts\/58010","targetHints":{"allow":["GET"]}}],"collection":[{"href":"https:\/\/richeskarayib.com\/es\/wp-json\/wp\/v2\/posts"}],"about":[{"href":"https:\/\/richeskarayib.com\/es\/wp-json\/wp\/v2\/types\/post"}],"author":[{"embeddable":true,"href":"https:\/\/richeskarayib.com\/es\/wp-json\/wp\/v2\/users\/662"}],"replies":[{"embeddable":true,"href":"https:\/\/richeskarayib.com\/es\/wp-json\/wp\/v2\/comments?post=58010"}],"version-history":[{"count":0,"href":"https:\/\/richeskarayib.com\/es\/wp-json\/wp\/v2\/posts\/58010\/revisions"}],"wp:featuredmedia":[{"embeddable":true,"href":"https:\/\/richeskarayib.com\/es\/wp-json\/wp\/v2\/media\/57996"}],"wp:attachment":[{"href":"https:\/\/richeskarayib.com\/es\/wp-json\/wp\/v2\/media?parent=58010"}],"wp:term":[{"taxonomy":"category","embeddable":true,"href":"https:\/\/richeskarayib.com\/es\/wp-json\/wp\/v2\/categories?post=58010"},{"taxonomy":"post_tag","embeddable":true,"href":"https:\/\/richeskarayib.com\/es\/wp-json\/wp\/v2\/tags?post=58010"}],"curies":[{"name":"wp","href":"https:\/\/api.w.org\/{rel}","templated":true}]}}