{"id":58822,"date":"2025-08-24T12:23:17","date_gmt":"2025-08-24T16:23:17","guid":{"rendered":"https:\/\/richeskarayib.com\/carifesta-xv-pensar-la-civilizacion-caribena\/"},"modified":"2025-08-25T06:08:58","modified_gmt":"2025-08-25T10:08:58","slug":"carifesta-xv-pensar-la-civilizacion-caribena","status":"publish","type":"post","link":"https:\/\/richeskarayib.com\/es\/carifesta-xv-pensar-la-civilizacion-caribena\/","title":{"rendered":"[CARIFESTA XV] &#8211; Pensar la civilizaci\u00f3n caribe\u00f1a"},"content":{"rendered":"\t\t<div data-elementor-type=\"wp-post\" data-elementor-id=\"58822\" class=\"elementor elementor-58822 elementor-58766\" data-elementor-post-type=\"post\">\n\t\t\t\t\t\t<section class=\"elementor-section elementor-top-section elementor-element elementor-element-7ca7ca1 elementor-section-boxed elementor-section-height-default elementor-section-height-default\" data-id=\"7ca7ca1\" data-element_type=\"section\">\n\t\t\t\t\t\t<div class=\"elementor-container elementor-column-gap-default\">\n\t\t\t\t\t<div class=\"elementor-column elementor-col-100 elementor-top-column elementor-element elementor-element-cbdd002\" data-id=\"cbdd002\" data-element_type=\"column\">\n\t\t\t<div class=\"elementor-widget-wrap elementor-element-populated\">\n\t\t\t\t\t\t<section class=\"elementor-section elementor-inner-section elementor-element elementor-element-bc94849 elementor-section-boxed elementor-section-height-default elementor-section-height-default\" data-id=\"bc94849\" data-element_type=\"section\">\n\t\t\t\t\t\t<div class=\"elementor-container elementor-column-gap-default\">\n\t\t\t\t\t\t<\/div>\n\t\t<\/section>\n\t\t\t\t<section class=\"elementor-section elementor-inner-section elementor-element elementor-element-61571e6 elementor-section-boxed elementor-section-height-default elementor-section-height-default\" data-id=\"61571e6\" data-element_type=\"section\">\n\t\t\t\t\t\t<div class=\"elementor-container elementor-column-gap-default\">\n\t\t\t\t\t\t<\/div>\n\t\t<\/section>\n\t\t\t\t<section class=\"elementor-section elementor-inner-section elementor-element elementor-element-b6262e0 elementor-section-boxed elementor-section-height-default elementor-section-height-default\" data-id=\"b6262e0\" data-element_type=\"section\">\n\t\t\t\t\t\t<div class=\"elementor-container elementor-column-gap-default\">\n\t\t\t\t\t\t<\/div>\n\t\t<\/section>\n\t\t\t\t<section class=\"elementor-section elementor-inner-section elementor-element elementor-element-cca29fd elementor-section-boxed elementor-section-height-default elementor-section-height-default\" data-id=\"cca29fd\" data-element_type=\"section\">\n\t\t\t\t\t\t<div class=\"elementor-container elementor-column-gap-default\">\n\t\t\t\t\t\t<\/div>\n\t\t<\/section>\n\t\t\t\t\t<\/div>\n\t\t<\/div>\n\t\t\t\t\t<\/div>\n\t\t<\/section>\n\t\t\t\t<section class=\"elementor-section elementor-top-section elementor-element elementor-element-b53fa1e elementor-section-boxed elementor-section-height-default elementor-section-height-default\" data-id=\"b53fa1e\" data-element_type=\"section\">\n\t\t\t\t\t\t<div class=\"elementor-container elementor-column-gap-default\">\n\t\t\t\t\t<div class=\"elementor-column elementor-col-100 elementor-top-column elementor-element elementor-element-5786564\" data-id=\"5786564\" data-element_type=\"column\">\n\t\t\t<div class=\"elementor-widget-wrap elementor-element-populated\">\n\t\t\t\t\t\t<div class=\"elementor-element elementor-element-3fc4940 elementor-widget elementor-widget-text-editor\" data-id=\"3fc4940\" data-element_type=\"widget\" data-widget_type=\"text-editor.default\">\n\t\t\t\t<div class=\"elementor-widget-container\">\n\t\t\t\t\t\t\t\t\t<p><strong>Lugar:<\/strong> Golden Square Freedom Park, Bridgetown<br><strong>Fecha:<\/strong> 23 de agosto de 2025, D\u00eda Internacional del Recuerdo de la Trata de Esclavos<br><strong>Evento :<\/strong> Lanzamiento de &#8220;Grandes Conversaciones&#8221; en <a href=\"https:\/\/www.carifesta.net\/\" target=\"_blank\" rel=\"noopener nofollow\">CARIFESTA XV<\/a><br><strong>Tema del panel:<\/strong> &#8220;La idea de la civilizaci\u00f3n caribe\u00f1a&#8221;.<br><strong>Moderadora:<\/strong> Dra. Carla Barnett, Secretaria General de <a href=\"https:\/\/caricom.org\/\" target=\"_blank\" rel=\"noopener nofollow\">CARICOM<\/a> <\/p>\t\t\t\t\t\t\t\t<\/div>\n\t\t\t\t<\/div>\n\t\t\t\t\t<\/div>\n\t\t<\/div>\n\t\t\t\t\t<\/div>\n\t\t<\/section>\n\t\t\t\t<section class=\"elementor-section elementor-top-section elementor-element elementor-element-51a27bd elementor-section-boxed elementor-section-height-default elementor-section-height-default\" data-id=\"51a27bd\" data-element_type=\"section\">\n\t\t\t\t\t\t<div class=\"elementor-container elementor-column-gap-default\">\n\t\t\t\t\t<div class=\"elementor-column elementor-col-100 elementor-top-column elementor-element elementor-element-b5ad517\" data-id=\"b5ad517\" data-element_type=\"column\">\n\t\t\t<div class=\"elementor-widget-wrap elementor-element-populated\">\n\t\t\t\t\t\t<div class=\"elementor-element elementor-element-6b269d1 elementor-widget elementor-widget-heading\" data-id=\"6b269d1\" data-element_type=\"widget\" data-widget_type=\"heading.default\">\n\t\t\t\t<div class=\"elementor-widget-container\">\n\t\t\t\t\t<h2 class=\"elementor-heading-title elementor-size-default\">Un momento de conciencia colectiva<\/h2>\t\t\t\t<\/div>\n\t\t\t\t<\/div>\n\t\t\t\t<div class=\"elementor-element elementor-element-5e0d570 elementor-widget elementor-widget-text-editor\" data-id=\"5e0d570\" data-element_type=\"widget\" data-widget_type=\"text-editor.default\">\n\t\t\t\t<div class=\"elementor-widget-container\">\n\t\t\t\t\t\t\t\t\t<p>Fue bajo los \u00e1rboles del Parque de la Libertad de Golden Square, el lugar simb\u00f3lico de las luchas de los trabajadores barbadenses, donde se inaugur\u00f3 el primer gran panel de debate de CARIFESTA XV. Titulada <em>&#8220;La idea de la civilizaci\u00f3n caribe\u00f1a&#8221;<\/em>, esta conversaci\u00f3n inaugural reuni\u00f3 a cuatro destacadas voces del Caribe para abordar una cuesti\u00f3n clave: <strong>\u00bfPodemos pensar en el Caribe como una civilizaci\u00f3n por derecho propio?<\/strong> <\/p>\n<p>Este panel inaugural sent\u00f3 las bases de lo que podr\u00eda ser una arquitectura caribe\u00f1a de la innovaci\u00f3n, basada en un fundamento memorial, cultural y pol\u00edtico compartido. <span style=\"font-weight: 400;\">Con esto en mente, <\/span><a href=\"https:\/\/richeskarayib.com\/es\/barbados-carifesta-xv-raices-caribenas-y-excelencia-cultural-global\/\" target=\"_blank\" rel=\"noopener\">CARIFESTA XV<\/a><span style=\"font-weight: 400;\"> se est\u00e1 convirtiendo en un espacio de reflexi\u00f3n colectiva, en el que confluyen la memoria y el futuro.<\/span><\/p>\t\t\t\t\t\t\t\t<\/div>\n\t\t\t\t<\/div>\n\t\t\t\t<div class=\"elementor-element elementor-element-81dd34b elementor-widget elementor-widget-image\" data-id=\"81dd34b\" data-element_type=\"widget\" data-widget_type=\"image.default\">\n\t\t\t\t<div class=\"elementor-widget-container\">\n\t\t\t\t\t\t\t\t\t\t\t\t\t\t\t<img fetchpriority=\"high\" decoding=\"async\" width=\"800\" height=\"370\" src=\"https:\/\/richeskarayib.com\/wp-content\/uploads\/2025\/08\/WhatsApp-Image-2025-08-23-a-18.48.35_6404a243-1024x473.jpg\" class=\"attachment-large size-large wp-image-58774\" alt=\"CARIFESTA XV\" srcset=\"https:\/\/richeskarayib.com\/wp-content\/uploads\/2025\/08\/WhatsApp-Image-2025-08-23-a-18.48.35_6404a243-1024x473.jpg 1024w, https:\/\/richeskarayib.com\/wp-content\/uploads\/2025\/08\/WhatsApp-Image-2025-08-23-a-18.48.35_6404a243-300x139.jpg 300w, https:\/\/richeskarayib.com\/wp-content\/uploads\/2025\/08\/WhatsApp-Image-2025-08-23-a-18.48.35_6404a243-768x355.jpg 768w, https:\/\/richeskarayib.com\/wp-content\/uploads\/2025\/08\/WhatsApp-Image-2025-08-23-a-18.48.35_6404a243-1536x709.jpg 1536w, https:\/\/richeskarayib.com\/wp-content\/uploads\/2025\/08\/WhatsApp-Image-2025-08-23-a-18.48.35_6404a243-1320x610.jpg 1320w, https:\/\/richeskarayib.com\/wp-content\/uploads\/2025\/08\/WhatsApp-Image-2025-08-23-a-18.48.35_6404a243.jpg 1600w\" sizes=\"(max-width: 800px) 100vw, 800px\" \/>\t\t\t\t\t\t\t\t\t\t\t\t\t\t\t<\/div>\n\t\t\t\t<\/div>\n\t\t\t\t<div class=\"elementor-element elementor-element-90a6ac4 elementor-widget elementor-widget-image\" data-id=\"90a6ac4\" data-element_type=\"widget\" data-widget_type=\"image.default\">\n\t\t\t\t<div class=\"elementor-widget-container\">\n\t\t\t\t\t\t\t\t\t\t\t\t\t\t\t<img decoding=\"async\" width=\"800\" height=\"370\" src=\"https:\/\/richeskarayib.com\/wp-content\/uploads\/2025\/08\/WhatsApp-Image-2025-08-23-a-18.50.50_c953b88e-1024x473.jpg\" class=\"attachment-large size-large wp-image-58778\" alt=\"CARIFESTA XV\" srcset=\"https:\/\/richeskarayib.com\/wp-content\/uploads\/2025\/08\/WhatsApp-Image-2025-08-23-a-18.50.50_c953b88e-1024x473.jpg 1024w, https:\/\/richeskarayib.com\/wp-content\/uploads\/2025\/08\/WhatsApp-Image-2025-08-23-a-18.50.50_c953b88e-300x139.jpg 300w, https:\/\/richeskarayib.com\/wp-content\/uploads\/2025\/08\/WhatsApp-Image-2025-08-23-a-18.50.50_c953b88e-768x355.jpg 768w, https:\/\/richeskarayib.com\/wp-content\/uploads\/2025\/08\/WhatsApp-Image-2025-08-23-a-18.50.50_c953b88e-1536x709.jpg 1536w, https:\/\/richeskarayib.com\/wp-content\/uploads\/2025\/08\/WhatsApp-Image-2025-08-23-a-18.50.50_c953b88e-1320x610.jpg 1320w, https:\/\/richeskarayib.com\/wp-content\/uploads\/2025\/08\/WhatsApp-Image-2025-08-23-a-18.50.50_c953b88e.jpg 1600w\" sizes=\"(max-width: 800px) 100vw, 800px\" \/>\t\t\t\t\t\t\t\t\t\t\t\t\t\t\t<\/div>\n\t\t\t\t<\/div>\n\t\t\t\t<div class=\"elementor-element elementor-element-6cc43b2 elementor-widget elementor-widget-image\" data-id=\"6cc43b2\" data-element_type=\"widget\" data-widget_type=\"image.default\">\n\t\t\t\t<div class=\"elementor-widget-container\">\n\t\t\t\t\t\t\t\t\t\t\t\t\t\t\t<img decoding=\"async\" width=\"800\" height=\"370\" src=\"https:\/\/richeskarayib.com\/wp-content\/uploads\/2025\/08\/WhatsApp-Image-2025-08-23-a-19.04.32_30ef366d-1024x473.jpg\" class=\"attachment-large size-large wp-image-58806\" alt=\"CARIFESTA XV\" srcset=\"https:\/\/richeskarayib.com\/wp-content\/uploads\/2025\/08\/WhatsApp-Image-2025-08-23-a-19.04.32_30ef366d-1024x473.jpg 1024w, https:\/\/richeskarayib.com\/wp-content\/uploads\/2025\/08\/WhatsApp-Image-2025-08-23-a-19.04.32_30ef366d-300x139.jpg 300w, https:\/\/richeskarayib.com\/wp-content\/uploads\/2025\/08\/WhatsApp-Image-2025-08-23-a-19.04.32_30ef366d-768x355.jpg 768w, https:\/\/richeskarayib.com\/wp-content\/uploads\/2025\/08\/WhatsApp-Image-2025-08-23-a-19.04.32_30ef366d-1536x709.jpg 1536w, https:\/\/richeskarayib.com\/wp-content\/uploads\/2025\/08\/WhatsApp-Image-2025-08-23-a-19.04.32_30ef366d-1320x610.jpg 1320w, https:\/\/richeskarayib.com\/wp-content\/uploads\/2025\/08\/WhatsApp-Image-2025-08-23-a-19.04.32_30ef366d.jpg 1600w\" sizes=\"(max-width: 800px) 100vw, 800px\" \/>\t\t\t\t\t\t\t\t\t\t\t\t\t\t\t<\/div>\n\t\t\t\t<\/div>\n\t\t\t\t\t<\/div>\n\t\t<\/div>\n\t\t\t\t\t<\/div>\n\t\t<\/section>\n\t\t\t\t<section class=\"elementor-section elementor-top-section elementor-element elementor-element-5214e28 elementor-section-boxed elementor-section-height-default elementor-section-height-default\" data-id=\"5214e28\" data-element_type=\"section\">\n\t\t\t\t\t\t<div class=\"elementor-container elementor-column-gap-default\">\n\t\t\t\t\t<div class=\"elementor-column elementor-col-100 elementor-top-column elementor-element elementor-element-dade06d\" data-id=\"dade06d\" data-element_type=\"column\">\n\t\t\t<div class=\"elementor-widget-wrap elementor-element-populated\">\n\t\t\t\t\t\t<div class=\"elementor-element elementor-element-d1b711d elementor-widget elementor-widget-heading\" data-id=\"d1b711d\" data-element_type=\"widget\" data-widget_type=\"heading.default\">\n\t\t\t\t<div class=\"elementor-widget-container\">\n\t\t\t\t\t<h2 class=\"elementor-heading-title elementor-size-default\">Palabras fuertes, trayectorias cruzadas<\/h2>\t\t\t\t<\/div>\n\t\t\t\t<\/div>\n\t\t\t\t<div class=\"elementor-element elementor-element-bd05277 elementor-widget elementor-widget-image\" data-id=\"bd05277\" data-element_type=\"widget\" data-widget_type=\"image.default\">\n\t\t\t\t<div class=\"elementor-widget-container\">\n\t\t\t\t\t\t\t\t\t\t\t\t\t\t\t<img loading=\"lazy\" decoding=\"async\" width=\"473\" height=\"1024\" src=\"https:\/\/richeskarayib.com\/wp-content\/uploads\/2025\/08\/WhatsApp-Image-2025-08-23-a-18.52.26_19c144b7-473x1024.jpg\" class=\"attachment-large size-large wp-image-58782\" alt=\"CARIFESTA XV\" srcset=\"https:\/\/richeskarayib.com\/wp-content\/uploads\/2025\/08\/WhatsApp-Image-2025-08-23-a-18.52.26_19c144b7-473x1024.jpg 473w, https:\/\/richeskarayib.com\/wp-content\/uploads\/2025\/08\/WhatsApp-Image-2025-08-23-a-18.52.26_19c144b7-139x300.jpg 139w, https:\/\/richeskarayib.com\/wp-content\/uploads\/2025\/08\/WhatsApp-Image-2025-08-23-a-18.52.26_19c144b7-709x1536.jpg 709w, https:\/\/richeskarayib.com\/wp-content\/uploads\/2025\/08\/WhatsApp-Image-2025-08-23-a-18.52.26_19c144b7.jpg 739w\" sizes=\"(max-width: 473px) 100vw, 473px\" \/>\t\t\t\t\t\t\t\t\t\t\t\t\t\t\t<\/div>\n\t\t\t\t<\/div>\n\t\t\t\t<div class=\"elementor-element elementor-element-a454b32 elementor-widget elementor-widget-text-editor\" data-id=\"a454b32\" data-element_type=\"widget\" data-widget_type=\"text-editor.default\">\n\t\t\t\t<div class=\"elementor-widget-container\">\n\t\t\t\t\t\t\t\t\t<p><strong>Dr. Ralph Gonsalves <\/strong>Primer Ministro de San Vicente y las Granadinas, abri\u00f3 el debate con una definici\u00f3n de la civilizaci\u00f3n como un estado de equilibrio entre las dimensiones visible (infraestructuras, sistemas) e invisible (valores, comportamiento, resistencia). Para \u00e9l, el Caribe no necesita un imperio para ser una civilizaci\u00f3n: <em>&#8220;Hay un genio residente en nuestro pueblo, formado por racionalidades ocultas y recursos infraexplotados&#8221;.<\/em> <\/p>\t\t\t\t\t\t\t\t<\/div>\n\t\t\t\t<\/div>\n\t\t\t\t<div class=\"elementor-element elementor-element-1265c80 elementor-widget elementor-widget-image\" data-id=\"1265c80\" data-element_type=\"widget\" data-widget_type=\"image.default\">\n\t\t\t\t<div class=\"elementor-widget-container\">\n\t\t\t\t\t\t\t\t\t\t\t\t\t\t\t<img loading=\"lazy\" decoding=\"async\" width=\"473\" height=\"1024\" src=\"https:\/\/richeskarayib.com\/wp-content\/uploads\/2025\/08\/WhatsApp-Image-2025-08-23-a-18.52.26_d983cfa5-473x1024.jpg\" class=\"attachment-large size-large wp-image-58786\" alt=\"CARIFESTA XV\" srcset=\"https:\/\/richeskarayib.com\/wp-content\/uploads\/2025\/08\/WhatsApp-Image-2025-08-23-a-18.52.26_d983cfa5-473x1024.jpg 473w, https:\/\/richeskarayib.com\/wp-content\/uploads\/2025\/08\/WhatsApp-Image-2025-08-23-a-18.52.26_d983cfa5-139x300.jpg 139w, https:\/\/richeskarayib.com\/wp-content\/uploads\/2025\/08\/WhatsApp-Image-2025-08-23-a-18.52.26_d983cfa5-709x1536.jpg 709w, https:\/\/richeskarayib.com\/wp-content\/uploads\/2025\/08\/WhatsApp-Image-2025-08-23-a-18.52.26_d983cfa5.jpg 739w\" sizes=\"(max-width: 473px) 100vw, 473px\" \/>\t\t\t\t\t\t\t\t\t\t\t\t\t\t\t<\/div>\n\t\t\t\t<\/div>\n\t\t\t\t<div class=\"elementor-element elementor-element-59eda87 elementor-widget elementor-widget-text-editor\" data-id=\"59eda87\" data-element_type=\"widget\" data-widget_type=\"text-editor.default\">\n\t\t\t\t<div class=\"elementor-widget-container\">\n\t\t\t\t\t\t\t\t\t<p><strong>Sir Hilary Beckles<\/strong>, Vicerrector de la Universidad de las Indias Occidentales, ofreci\u00f3 un impactante fresco hist\u00f3rico en el que Barbados se erigi\u00f3 en un territorio fundamental para la memoria de la esclavitud y la lucha por la libertad. Record\u00f3 que <em>Barbados fue el primer territorio en desarrollar el modelo de esclavitud de bienes muebles<\/em>, que posteriormente se export\u00f3 a todo el hemisferio. <\/p>\t\t\t\t\t\t\t\t<\/div>\n\t\t\t\t<\/div>\n\t\t\t\t<div class=\"elementor-element elementor-element-03b25af elementor-widget elementor-widget-text-editor\" data-id=\"03b25af\" data-element_type=\"widget\" data-widget_type=\"text-editor.default\">\n\t\t\t\t<div class=\"elementor-widget-container\">\n\t\t\t\t\t\t\t\t\t<h3>\u27a1\ufe0f <strong>\u00bfQu\u00e9 es la esclavitud mobiliaria?<\/strong><\/h3>\n<p><br>Derivado de la palabra inglesa <em>chattel<\/em>, este sistema consideraba a los esclavos como <strong>propiedad del mismo modo que un caballo o una casa<\/strong>. Seg\u00fan el <em>C\u00f3digo de Esclavos de Barbados de 1661<\/em>, <em>&#8220;todos los africanos que lleguen a la isla ser\u00e1n considerados bienes muebles e inmuebles&#8221;.<\/em> Este r\u00e9gimen legal hizo de la esclavitud una condici\u00f3n <strong>hereditaria, racial y transmisible<\/strong>, en la que los ni\u00f1os nac\u00edan autom\u00e1ticamente en la esclavitud, utilizada como moneda, hipoteca o herencia. Fue este modelo, iniciado en Barbados, el que m\u00e1s tarde sirvi\u00f3 de referencia para otras colonias brit\u00e1nicas, sobre todo Jamaica y Carolina del Sur.   <\/p>\t\t\t\t\t\t\t\t<\/div>\n\t\t\t\t<\/div>\n\t\t\t\t<div class=\"elementor-element elementor-element-5a5cc34 elementor-widget elementor-widget-image\" data-id=\"5a5cc34\" data-element_type=\"widget\" data-widget_type=\"image.default\">\n\t\t\t\t<div class=\"elementor-widget-container\">\n\t\t\t\t\t\t\t\t\t\t\t\t\t\t\t<img loading=\"lazy\" decoding=\"async\" width=\"473\" height=\"1024\" src=\"https:\/\/richeskarayib.com\/wp-content\/uploads\/2025\/08\/WhatsApp-Image-2025-08-23-a-18.52.27_f2c236b4-473x1024.jpg\" class=\"attachment-large size-large wp-image-58790\" alt=\"CARIFESTA XV\" srcset=\"https:\/\/richeskarayib.com\/wp-content\/uploads\/2025\/08\/WhatsApp-Image-2025-08-23-a-18.52.27_f2c236b4-473x1024.jpg 473w, https:\/\/richeskarayib.com\/wp-content\/uploads\/2025\/08\/WhatsApp-Image-2025-08-23-a-18.52.27_f2c236b4-139x300.jpg 139w, https:\/\/richeskarayib.com\/wp-content\/uploads\/2025\/08\/WhatsApp-Image-2025-08-23-a-18.52.27_f2c236b4-709x1536.jpg 709w, https:\/\/richeskarayib.com\/wp-content\/uploads\/2025\/08\/WhatsApp-Image-2025-08-23-a-18.52.27_f2c236b4.jpg 739w\" sizes=\"(max-width: 473px) 100vw, 473px\" \/>\t\t\t\t\t\t\t\t\t\t\t\t\t\t\t<\/div>\n\t\t\t\t<\/div>\n\t\t\t\t<div class=\"elementor-element elementor-element-86ce1c7 elementor-widget elementor-widget-text-editor\" data-id=\"86ce1c7\" data-element_type=\"widget\" data-widget_type=\"text-editor.default\">\n\t\t\t\t<div class=\"elementor-widget-container\">\n\t\t\t\t\t\t\t\t\t<p><strong>Dra. June Soomer <\/strong>diplom\u00e1tica e historiadora de Santa Luc\u00eda, bas\u00f3 el debate en la movilidad caribe\u00f1a y en las aportaciones de las mujeres y las di\u00e1sporas. Pidi\u00f3 una verdadera descolonizaci\u00f3n de las mentes, recordando que <em>&#8220;no podemos construir una civilizaci\u00f3n caribe\u00f1a jerarquizando a sus pueblos&#8221;.<\/em> <\/p>\t\t\t\t\t\t\t\t<\/div>\n\t\t\t\t<\/div>\n\t\t\t\t<div class=\"elementor-element elementor-element-4daf33f elementor-widget elementor-widget-image\" data-id=\"4daf33f\" data-element_type=\"widget\" data-widget_type=\"image.default\">\n\t\t\t\t<div class=\"elementor-widget-container\">\n\t\t\t\t\t\t\t\t\t\t\t\t\t\t\t<img loading=\"lazy\" decoding=\"async\" width=\"515\" height=\"1024\" src=\"https:\/\/richeskarayib.com\/wp-content\/uploads\/2025\/08\/WhatsApp-Image-2025-08-23-a-19.02.01_ae51070d-515x1024.jpg\" class=\"attachment-large size-large wp-image-58802\" alt=\"CARIFESTA XV\" srcset=\"https:\/\/richeskarayib.com\/wp-content\/uploads\/2025\/08\/WhatsApp-Image-2025-08-23-a-19.02.01_ae51070d-515x1024.jpg 515w, https:\/\/richeskarayib.com\/wp-content\/uploads\/2025\/08\/WhatsApp-Image-2025-08-23-a-19.02.01_ae51070d-151x300.jpg 151w, https:\/\/richeskarayib.com\/wp-content\/uploads\/2025\/08\/WhatsApp-Image-2025-08-23-a-19.02.01_ae51070d-768x1526.jpg 768w, https:\/\/richeskarayib.com\/wp-content\/uploads\/2025\/08\/WhatsApp-Image-2025-08-23-a-19.02.01_ae51070d-773x1536.jpg 773w, https:\/\/richeskarayib.com\/wp-content\/uploads\/2025\/08\/WhatsApp-Image-2025-08-23-a-19.02.01_ae51070d.jpg 805w\" sizes=\"(max-width: 515px) 100vw, 515px\" \/>\t\t\t\t\t\t\t\t\t\t\t\t\t\t\t<\/div>\n\t\t\t\t<\/div>\n\t\t\t\t<div class=\"elementor-element elementor-element-bf0a17a elementor-widget elementor-widget-text-editor\" data-id=\"bf0a17a\" data-element_type=\"widget\" data-widget_type=\"text-editor.default\">\n\t\t\t\t<div class=\"elementor-widget-container\">\n\t\t\t\t\t\t\t\t\t<p>Por \u00faltimo, <strong>Mia Amor Mottley<\/strong>, Primera Ministra de Barbados, pronunci\u00f3 un discurso magistral sobre los retos de la educaci\u00f3n, la tecnolog\u00eda y la gobernanza en el Caribe. Advirti\u00f3: <em>&#8220;La nueva colonizaci\u00f3n no llegar\u00e1 por mar, entrar\u00e1 en nuestras mentes a trav\u00e9s de plataformas digitales que no controlamos&#8221;.<\/em> Hizo un llamamiento a la construcci\u00f3n de un espacio pol\u00edtico y educativo com\u00fan para resistir a la estandarizaci\u00f3n digital. <\/p>\t\t\t\t\t\t\t\t<\/div>\n\t\t\t\t<\/div>\n\t\t\t\t<div class=\"elementor-element elementor-element-ba1d4b6 elementor-widget elementor-widget-text-editor\" data-id=\"ba1d4b6\" data-element_type=\"widget\" data-widget_type=\"text-editor.default\">\n\t\t\t\t<div class=\"elementor-widget-container\">\n\t\t\t\t\t\t\t\t\t<p>Ilustr\u00f3 su punto de vista con un ejemplo concreto: el <em data-start=\"181\" data-end=\"210\">C\u00f3digo de Esclavos de Barbados de 1661<\/em>. Al interrogar a varias plataformas de inteligencia artificial, como Microsoft Copilot, Perplexity y otros motores en l\u00ednea, descubri\u00f3 que ninguna pod\u00eda proporcionar una respuesta, lo que revelaba la incapacidad de acceder a esta parte crucial de la historia caribe\u00f1a. Para Mia Mottley, este borrado digital de la memoria caribe\u00f1a revela un gran peligro: si nuestras historias desaparecen de los archivos accesibles a las nuevas generaciones, entonces la colonizaci\u00f3n de las mentes ya est\u00e1 en marcha. <span style=\"font-weight: 400;\">Con este tel\u00f3n de fondo <\/span>, CARIFESTA XV<span style=\"font-weight: 400;\"> adquiere todo su significado como plataforma para devolver la voz a las memorias olvidadas.<\/span>  <\/p>\t\t\t\t\t\t\t\t<\/div>\n\t\t\t\t<\/div>\n\t\t\t\t\t<\/div>\n\t\t<\/div>\n\t\t\t\t\t<\/div>\n\t\t<\/section>\n\t\t\t\t<section class=\"elementor-section elementor-top-section elementor-element elementor-element-6f34adc elementor-section-boxed elementor-section-height-default elementor-section-height-default\" data-id=\"6f34adc\" data-element_type=\"section\">\n\t\t\t\t\t\t<div class=\"elementor-container elementor-column-gap-default\">\n\t\t\t\t\t<div class=\"elementor-column elementor-col-100 elementor-top-column elementor-element elementor-element-787608c\" data-id=\"787608c\" data-element_type=\"column\">\n\t\t\t<div class=\"elementor-widget-wrap elementor-element-populated\">\n\t\t\t\t\t\t<div class=\"elementor-element elementor-element-d1b2db8 elementor-widget elementor-widget-heading\" data-id=\"d1b2db8\" data-element_type=\"widget\" data-widget_type=\"heading.default\">\n\t\t\t\t<div class=\"elementor-widget-container\">\n\t\t\t\t\t<h2 class=\"elementor-heading-title elementor-size-default\">Una visi\u00f3n compartida del futuro<\/h2>\t\t\t\t<\/div>\n\t\t\t\t<\/div>\n\t\t\t\t<div class=\"elementor-element elementor-element-c5c79cd elementor-widget elementor-widget-text-editor\" data-id=\"c5c79cd\" data-element_type=\"widget\" data-widget_type=\"text-editor.default\">\n\t\t\t\t<div class=\"elementor-widget-container\">\n\t\t\t\t\t\t\t\t\t<p>El panel concluy\u00f3 con una visi\u00f3n compartida: el Caribe ya es una civilizaci\u00f3n. No por imitaci\u00f3n, sino por <strong>mestizaje, lucha y solidaridad<\/strong>. Una civilizaci\u00f3n en construcci\u00f3n, en la interfaz de los mundos africano, europeo, amerindio, indio y asi\u00e1tico.  <\/p>\n<p>En una secuencia final, se invit\u00f3 a cada ponente a compartir una reflexi\u00f3n final.<\/p>\n<p><strong>Ralph Gonsalves<\/strong> subray\u00f3 que toda civilizaci\u00f3n sostenible requiere una base material s\u00f3lida y una estructura institucional para la cooperaci\u00f3n. Abog\u00f3 por un &#8220;individualismo social&#8221; basado en la solidaridad y por el mar como nueva frontera civilizatoria. <\/p>\n<p><strong>June Soomer<\/strong> reiter\u00f3 la importancia de ver el Caribe como un colectivo, y no como un conjunto de islas aisladas. En su opini\u00f3n, el <em>Caribe s\u00f3lo podr\u00e1 conectar con \u00c1frica a largo plazo si primero consolida su unidad interna<\/em>. <\/p>\t\t\t\t\t\t\t\t<\/div>\n\t\t\t\t<\/div>\n\t\t\t\t<div class=\"elementor-element elementor-element-946995f elementor-widget elementor-widget-text-editor\" data-id=\"946995f\" data-element_type=\"widget\" data-widget_type=\"text-editor.default\">\n\t\t\t\t<div class=\"elementor-widget-container\">\n\t\t\t\t\t\t\t\t\t<p><strong>Hilary Beckles<\/strong> concluy\u00f3 con una poderosa cr\u00edtica del C\u00f3digo de Esclavos de 1661 y una exigencia: <em>&#8220;Nosotros, los descendientes de esta ley, decimos no. Defendemos la<\/em> humanidad y la igualdad de derechos&#8221;. <em> Defendemos la humanidad y la igualdad de derechos<\/em>&#8220;.<\/p>\n<p><strong>Mia Mottley<\/strong> cerr\u00f3 la marcha con un llamamiento a la &#8220;escala&#8221;: una civilizaci\u00f3n s\u00f3lo puede sobrevivir si llega a las masas. Pidi\u00f3 que se movilizara a <strong>artistas, j\u00f3venes y creadores<\/strong> como vectores de influencia y transformaci\u00f3n. &#8221; <em>En una \u00e9poca de narrowcasting, tenemos que cambiar la forma de llegar a la mente de la gente&#8221;,<\/em> afirm\u00f3. <\/p>\t\t\t\t\t\t\t\t<\/div>\n\t\t\t\t<\/div>\n\t\t\t\t<div class=\"elementor-element elementor-element-992a83a elementor-widget elementor-widget-image\" data-id=\"992a83a\" data-element_type=\"widget\" data-widget_type=\"image.default\">\n\t\t\t\t<div class=\"elementor-widget-container\">\n\t\t\t\t\t\t\t\t\t\t\t\t\t\t\t<img loading=\"lazy\" decoding=\"async\" width=\"520\" height=\"1024\" src=\"https:\/\/richeskarayib.com\/wp-content\/uploads\/2025\/08\/WhatsApp-Image-2025-08-23-a-19.01.03_67d06488-520x1024.jpg\" class=\"attachment-large size-large wp-image-58798\" alt=\"CARIFESTA XV\" srcset=\"https:\/\/richeskarayib.com\/wp-content\/uploads\/2025\/08\/WhatsApp-Image-2025-08-23-a-19.01.03_67d06488-520x1024.jpg 520w, https:\/\/richeskarayib.com\/wp-content\/uploads\/2025\/08\/WhatsApp-Image-2025-08-23-a-19.01.03_67d06488-152x300.jpg 152w, https:\/\/richeskarayib.com\/wp-content\/uploads\/2025\/08\/WhatsApp-Image-2025-08-23-a-19.01.03_67d06488-768x1513.jpg 768w, https:\/\/richeskarayib.com\/wp-content\/uploads\/2025\/08\/WhatsApp-Image-2025-08-23-a-19.01.03_67d06488-780x1536.jpg 780w, https:\/\/richeskarayib.com\/wp-content\/uploads\/2025\/08\/WhatsApp-Image-2025-08-23-a-19.01.03_67d06488.jpg 812w\" sizes=\"(max-width: 520px) 100vw, 520px\" \/>\t\t\t\t\t\t\t\t\t\t\t\t\t\t\t<\/div>\n\t\t\t\t<\/div>\n\t\t\t\t<div class=\"elementor-element elementor-element-c5383a6 elementor-widget elementor-widget-text-editor\" data-id=\"c5383a6\" data-element_type=\"widget\" data-widget_type=\"text-editor.default\">\n\t\t\t\t<div class=\"elementor-widget-container\">\n\t\t\t\t\t\t\t\t\t<p>Este panel inaugural de <span style=\"font-weight: 400;\">CARIFESTA <\/span>XV nos record\u00f3 una verdad esencial: el Caribe no es s\u00f3lo un archipi\u00e9lago de resistencias pasadas, sino una civilizaci\u00f3n en marcha. Una civilizaci\u00f3n que se est\u00e1 inventando colectivamente, entre la memoria, el coraje pol\u00edtico y la audacia creativa. A nosotros, los pueblos del Caribe, nos corresponde seguir escribiendo esta historia, juntos y a nuestra manera.    <span style=\"font-weight: 400;\">Momentos como CARIFESTA XV dejan claro que el arte, la memoria y el pensamiento cr\u00edtico son los pilares de una verdadera civilizaci\u00f3n caribe\u00f1a.  <\/span><\/p>\t\t\t\t\t\t\t\t<\/div>\n\t\t\t\t<\/div>\n\t\t\t\t<div class=\"elementor-element elementor-element-f28d2eb elementor-widget elementor-widget-text-editor\" data-id=\"f28d2eb\" data-element_type=\"widget\" data-widget_type=\"text-editor.default\">\n\t\t\t\t<div class=\"elementor-widget-container\">\n\t\t\t\t\t\t\t\t\t<p><span style=\"font-weight: 400;\">  En la mente de los organizadores, CARIFESTA XV no es s\u00f3lo un festival, sino un paso decisivo hacia una conciencia colectiva renovada. Al consagrar estos debates en la historia, CARIFESTA XV se posiciona como un hito importante en la construcci\u00f3n de la identidad y la cultura caribe\u00f1as. <\/span><\/p>\t\t\t\t\t\t\t\t<\/div>\n\t\t\t\t<\/div>\n\t\t\t\t<div class=\"elementor-element elementor-element-d7d78ff elementor-widget elementor-widget-image\" data-id=\"d7d78ff\" data-element_type=\"widget\" data-widget_type=\"image.default\">\n\t\t\t\t<div class=\"elementor-widget-container\">\n\t\t\t\t\t\t\t\t\t\t\t\t\t\t\t<img loading=\"lazy\" decoding=\"async\" width=\"800\" height=\"370\" src=\"https:\/\/richeskarayib.com\/wp-content\/uploads\/2025\/08\/WhatsApp-Image-2025-08-23-a-19.05.51_cce4f647-1024x473.jpg\" class=\"attachment-large size-large wp-image-58810\" alt=\"CARIFESTA XV\" srcset=\"https:\/\/richeskarayib.com\/wp-content\/uploads\/2025\/08\/WhatsApp-Image-2025-08-23-a-19.05.51_cce4f647-1024x473.jpg 1024w, https:\/\/richeskarayib.com\/wp-content\/uploads\/2025\/08\/WhatsApp-Image-2025-08-23-a-19.05.51_cce4f647-300x139.jpg 300w, https:\/\/richeskarayib.com\/wp-content\/uploads\/2025\/08\/WhatsApp-Image-2025-08-23-a-19.05.51_cce4f647-768x355.jpg 768w, https:\/\/richeskarayib.com\/wp-content\/uploads\/2025\/08\/WhatsApp-Image-2025-08-23-a-19.05.51_cce4f647-1536x709.jpg 1536w, https:\/\/richeskarayib.com\/wp-content\/uploads\/2025\/08\/WhatsApp-Image-2025-08-23-a-19.05.51_cce4f647-1320x610.jpg 1320w, https:\/\/richeskarayib.com\/wp-content\/uploads\/2025\/08\/WhatsApp-Image-2025-08-23-a-19.05.51_cce4f647.jpg 1600w\" sizes=\"(max-width: 800px) 100vw, 800px\" \/>\t\t\t\t\t\t\t\t\t\t\t\t\t\t\t<\/div>\n\t\t\t\t<\/div>\n\t\t\t\t<div class=\"elementor-element elementor-element-095432d elementor-widget elementor-widget-image\" data-id=\"095432d\" data-element_type=\"widget\" data-widget_type=\"image.default\">\n\t\t\t\t<div class=\"elementor-widget-container\">\n\t\t\t\t\t\t\t\t\t\t\t\t\t\t\t<img loading=\"lazy\" decoding=\"async\" width=\"800\" height=\"370\" src=\"https:\/\/richeskarayib.com\/wp-content\/uploads\/2025\/08\/WhatsApp-Image-2025-08-23-a-19.05.51_40b24b58-1024x473.jpg\" class=\"attachment-large size-large wp-image-58814\" alt=\"CARIFESTA XV\" srcset=\"https:\/\/richeskarayib.com\/wp-content\/uploads\/2025\/08\/WhatsApp-Image-2025-08-23-a-19.05.51_40b24b58-1024x473.jpg 1024w, https:\/\/richeskarayib.com\/wp-content\/uploads\/2025\/08\/WhatsApp-Image-2025-08-23-a-19.05.51_40b24b58-300x139.jpg 300w, https:\/\/richeskarayib.com\/wp-content\/uploads\/2025\/08\/WhatsApp-Image-2025-08-23-a-19.05.51_40b24b58-768x355.jpg 768w, https:\/\/richeskarayib.com\/wp-content\/uploads\/2025\/08\/WhatsApp-Image-2025-08-23-a-19.05.51_40b24b58-1536x709.jpg 1536w, https:\/\/richeskarayib.com\/wp-content\/uploads\/2025\/08\/WhatsApp-Image-2025-08-23-a-19.05.51_40b24b58-1320x610.jpg 1320w, https:\/\/richeskarayib.com\/wp-content\/uploads\/2025\/08\/WhatsApp-Image-2025-08-23-a-19.05.51_40b24b58.jpg 1600w\" sizes=\"(max-width: 800px) 100vw, 800px\" \/>\t\t\t\t\t\t\t\t\t\t\t\t\t\t\t<\/div>\n\t\t\t\t<\/div>\n\t\t\t\t<div class=\"elementor-element elementor-element-a0f0c04 elementor-widget elementor-widget-image\" data-id=\"a0f0c04\" data-element_type=\"widget\" data-widget_type=\"image.default\">\n\t\t\t\t<div class=\"elementor-widget-container\">\n\t\t\t\t\t\t\t\t\t\t\t\t\t\t\t<img loading=\"lazy\" decoding=\"async\" width=\"800\" height=\"370\" src=\"https:\/\/richeskarayib.com\/wp-content\/uploads\/2025\/08\/WhatsApp-Image-2025-08-23-a-19.05.51_91502bd7-1024x473.jpg\" class=\"attachment-large size-large wp-image-58818\" alt=\"CARIFESTA XV\" srcset=\"https:\/\/richeskarayib.com\/wp-content\/uploads\/2025\/08\/WhatsApp-Image-2025-08-23-a-19.05.51_91502bd7-1024x473.jpg 1024w, https:\/\/richeskarayib.com\/wp-content\/uploads\/2025\/08\/WhatsApp-Image-2025-08-23-a-19.05.51_91502bd7-300x139.jpg 300w, https:\/\/richeskarayib.com\/wp-content\/uploads\/2025\/08\/WhatsApp-Image-2025-08-23-a-19.05.51_91502bd7-768x355.jpg 768w, https:\/\/richeskarayib.com\/wp-content\/uploads\/2025\/08\/WhatsApp-Image-2025-08-23-a-19.05.51_91502bd7-1536x709.jpg 1536w, https:\/\/richeskarayib.com\/wp-content\/uploads\/2025\/08\/WhatsApp-Image-2025-08-23-a-19.05.51_91502bd7-1320x610.jpg 1320w, https:\/\/richeskarayib.com\/wp-content\/uploads\/2025\/08\/WhatsApp-Image-2025-08-23-a-19.05.51_91502bd7.jpg 1600w\" sizes=\"(max-width: 800px) 100vw, 800px\" \/>\t\t\t\t\t\t\t\t\t\t\t\t\t\t\t<\/div>\n\t\t\t\t<\/div>\n\t\t\t\t\t<\/div>\n\t\t<\/div>\n\t\t\t\t\t<\/div>\n\t\t<\/section>\n\t\t\t\t<\/div>\n\t\t","protected":false},"excerpt":{"rendered":"<p>Lugar: Golden Square Freedom Park, BridgetownFecha: 23 de agosto de 2025, D\u00eda Internacional del Recuerdo de la Trata de EsclavosEvento : Lanzamiento de &#8220;Grandes Conversaciones&#8221; en CARIFESTA XVTema del panel: &#8220;La idea de la civilizaci\u00f3n caribe\u00f1a&#8221;.Moderadora: Dra. Carla Barnett, Secretaria General de CARICOM Un momento de conciencia colectiva Fue bajo los \u00e1rboles del Parque de [&hellip;]<\/p>\n","protected":false},"author":47,"featured_media":58770,"comment_status":"open","ping_status":"open","sticky":false,"template":"","format":"standard","meta":{"_acf_changed":false,"footnotes":""},"categories":[1815,1469],"tags":[828],"class_list":["post-58822","post","type-post","status-publish","format-standard","has-post-thumbnail","hentry","category-carifesta-es","category-historia-patrimonio","tag-barbados-es-2"],"acf":[],"_links":{"self":[{"href":"https:\/\/richeskarayib.com\/es\/wp-json\/wp\/v2\/posts\/58822","targetHints":{"allow":["GET"]}}],"collection":[{"href":"https:\/\/richeskarayib.com\/es\/wp-json\/wp\/v2\/posts"}],"about":[{"href":"https:\/\/richeskarayib.com\/es\/wp-json\/wp\/v2\/types\/post"}],"author":[{"embeddable":true,"href":"https:\/\/richeskarayib.com\/es\/wp-json\/wp\/v2\/users\/47"}],"replies":[{"embeddable":true,"href":"https:\/\/richeskarayib.com\/es\/wp-json\/wp\/v2\/comments?post=58822"}],"version-history":[{"count":0,"href":"https:\/\/richeskarayib.com\/es\/wp-json\/wp\/v2\/posts\/58822\/revisions"}],"wp:featuredmedia":[{"embeddable":true,"href":"https:\/\/richeskarayib.com\/es\/wp-json\/wp\/v2\/media\/58770"}],"wp:attachment":[{"href":"https:\/\/richeskarayib.com\/es\/wp-json\/wp\/v2\/media?parent=58822"}],"wp:term":[{"taxonomy":"category","embeddable":true,"href":"https:\/\/richeskarayib.com\/es\/wp-json\/wp\/v2\/categories?post=58822"},{"taxonomy":"post_tag","embeddable":true,"href":"https:\/\/richeskarayib.com\/es\/wp-json\/wp\/v2\/tags?post=58822"}],"curies":[{"name":"wp","href":"https:\/\/api.w.org\/{rel}","templated":true}]}}