{"id":58951,"date":"2025-08-27T13:04:04","date_gmt":"2025-08-27T17:04:04","guid":{"rendered":"https:\/\/richeskarayib.com\/guayana-francesa-felix-eboue-un-hijo-del-caribe-que-hizo-historia-el-26-de-agosto-de-1940\/"},"modified":"2025-08-27T13:04:06","modified_gmt":"2025-08-27T17:04:06","slug":"guayana-francesa-felix-eboue-un-hijo-del-caribe-que-hizo-historia-el-26-de-agosto-de-1940","status":"publish","type":"post","link":"https:\/\/richeskarayib.com\/es\/guayana-francesa-felix-eboue-un-hijo-del-caribe-que-hizo-historia-el-26-de-agosto-de-1940\/","title":{"rendered":"Guayana Francesa &#8211; F\u00e9lix \u00c9bou\u00e9, un hijo del Caribe que hizo historia el 26 de agosto de 1940"},"content":{"rendered":"\t\t<div data-elementor-type=\"wp-post\" data-elementor-id=\"58951\" class=\"elementor elementor-58951 elementor-58913\" data-elementor-post-type=\"post\">\n\t\t\t\t\t\t<section class=\"elementor-section elementor-top-section elementor-element elementor-element-7ca7ca1 elementor-section-boxed elementor-section-height-default elementor-section-height-default\" data-id=\"7ca7ca1\" data-element_type=\"section\">\n\t\t\t\t\t\t<div class=\"elementor-container elementor-column-gap-default\">\n\t\t\t\t\t<div class=\"elementor-column elementor-col-100 elementor-top-column elementor-element elementor-element-cbdd002\" data-id=\"cbdd002\" data-element_type=\"column\">\n\t\t\t<div class=\"elementor-widget-wrap elementor-element-populated\">\n\t\t\t\t\t\t<section class=\"elementor-section elementor-inner-section elementor-element elementor-element-bc94849 elementor-section-boxed elementor-section-height-default elementor-section-height-default\" data-id=\"bc94849\" data-element_type=\"section\">\n\t\t\t\t\t\t<div class=\"elementor-container elementor-column-gap-default\">\n\t\t\t\t\t\t<\/div>\n\t\t<\/section>\n\t\t\t\t<section class=\"elementor-section elementor-inner-section elementor-element elementor-element-61571e6 elementor-section-boxed elementor-section-height-default elementor-section-height-default\" data-id=\"61571e6\" data-element_type=\"section\">\n\t\t\t\t\t\t<div class=\"elementor-container elementor-column-gap-default\">\n\t\t\t\t\t\t<\/div>\n\t\t<\/section>\n\t\t\t\t<section class=\"elementor-section elementor-inner-section elementor-element elementor-element-b6262e0 elementor-section-boxed elementor-section-height-default elementor-section-height-default\" data-id=\"b6262e0\" data-element_type=\"section\">\n\t\t\t\t\t\t<div class=\"elementor-container elementor-column-gap-default\">\n\t\t\t\t\t\t<\/div>\n\t\t<\/section>\n\t\t\t\t<section class=\"elementor-section elementor-inner-section elementor-element elementor-element-cca29fd elementor-section-boxed elementor-section-height-default elementor-section-height-default\" data-id=\"cca29fd\" data-element_type=\"section\">\n\t\t\t\t\t\t<div class=\"elementor-container elementor-column-gap-default\">\n\t\t\t\t\t\t<\/div>\n\t\t<\/section>\n\t\t\t\t\t<\/div>\n\t\t<\/div>\n\t\t\t\t\t<\/div>\n\t\t<\/section>\n\t\t\t\t<section class=\"elementor-section elementor-top-section elementor-element elementor-element-51a27bd elementor-section-boxed elementor-section-height-default elementor-section-height-default\" data-id=\"51a27bd\" data-element_type=\"section\">\n\t\t\t\t\t\t<div class=\"elementor-container elementor-column-gap-default\">\n\t\t\t\t\t<div class=\"elementor-column elementor-col-100 elementor-top-column elementor-element elementor-element-b5ad517\" data-id=\"b5ad517\" data-element_type=\"column\">\n\t\t\t<div class=\"elementor-widget-wrap elementor-element-populated\">\n\t\t\t\t\t\t<div class=\"elementor-element elementor-element-6b269d1 elementor-widget elementor-widget-heading\" data-id=\"6b269d1\" data-element_type=\"widget\" data-widget_type=\"heading.default\">\n\t\t\t\t<div class=\"elementor-widget-container\">\n\t\t\t\t\t<h2 class=\"elementor-heading-title elementor-size-default\">Un destino nacido en la Guayana Francesa<\/h2>\t\t\t\t<\/div>\n\t\t\t\t<\/div>\n\t\t\t\t<div class=\"elementor-element elementor-element-5e0d570 elementor-widget elementor-widget-text-editor\" data-id=\"5e0d570\" data-element_type=\"widget\" data-widget_type=\"text-editor.default\">\n\t\t\t\t<div class=\"elementor-widget-container\">\n\t\t\t\t\t\t\t\t\t<p><span style=\"font-weight: 400;\">Le <\/span><b>26 de diciembre de 1884<\/b><span style=\"font-weight: 400;\">En Cayena, <a href=\"https:\/\/richeskarayib.com\/es\/zoo-de-guayana-un-santuario-de-la-biodiversidad-en-el-corazon-de-la-amazonia-francesa\/\" target=\"_blank\" rel=\"noopener\">Guayana Francesa<\/a>, <a href=\"https:\/\/memoire-esclavage.org\/biographies\/felix-eboue\" target=\"_blank\" rel=\"noopener nofollow\">F\u00e9lix \u00c9bou\u00e9<\/a> naci\u00f3 en el seno de una familia de &#8220;nuevos libres&#8221;, descendientes de esclavos liberados. Nada pod\u00eda predecir que, un siglo despu\u00e9s, su nombre resonar\u00eda en todo el mundo como el de un hombre que influy\u00f3 en el curso de la Segunda Guerra Mundial. Estudiante brillante y becario, abandon\u00f3 el Caribe para estudiar en Francia. Tras licenciarse en la \u00c9cole Coloniale en 1908, eligi\u00f3 una carrera administrativa en el \u00c1frica Ecuatorial Francesa, donde demostr\u00f3 ser un gran conocedor de la sociedad local.   <\/span><\/p><p><span style=\"font-weight: 400;\">Esta carrera ejemplar ya ha dado a \u00c9bou\u00e9 una doble identidad: <\/span><b>un hombre caribe\u00f1o<\/b><span style=\"font-weight: 400;\"> por sus or\u00edgenes <\/span><b>un actor en \u00c1frica<\/b><span style=\"font-weight: 400;\"> por sus responsabilidades coloniales.<\/span><\/p>\t\t\t\t\t\t\t\t<\/div>\n\t\t\t\t<\/div>\n\t\t\t\t\t<\/div>\n\t\t<\/div>\n\t\t\t\t\t<\/div>\n\t\t<\/section>\n\t\t\t\t<section class=\"elementor-section elementor-top-section elementor-element elementor-element-5214e28 elementor-section-boxed elementor-section-height-default elementor-section-height-default\" data-id=\"5214e28\" data-element_type=\"section\">\n\t\t\t\t\t\t<div class=\"elementor-container elementor-column-gap-default\">\n\t\t\t\t\t<div class=\"elementor-column elementor-col-100 elementor-top-column elementor-element elementor-element-dade06d\" data-id=\"dade06d\" data-element_type=\"column\">\n\t\t\t<div class=\"elementor-widget-wrap elementor-element-populated\">\n\t\t\t\t\t\t<div class=\"elementor-element elementor-element-d1b711d elementor-widget elementor-widget-heading\" data-id=\"d1b711d\" data-element_type=\"widget\" data-widget_type=\"heading.default\">\n\t\t\t\t<div class=\"elementor-widget-container\">\n\t\t\t\t\t<h2 class=\"elementor-heading-title elementor-size-default\">26 de agosto de 1940: una elecci\u00f3n decisiva<\/h2>\t\t\t\t<\/div>\n\t\t\t\t<\/div>\n\t\t\t\t<div class=\"elementor-element elementor-element-a454b32 elementor-widget elementor-widget-text-editor\" data-id=\"a454b32\" data-element_type=\"widget\" data-widget_type=\"text-editor.default\">\n\t\t\t\t<div class=\"elementor-widget-container\">\n\t\t\t\t\t\t\t\t\t<p><span style=\"font-weight: 400;\">Tras el armisticio firmado por Francia en junio de 1940, el imperio colonial se convirti\u00f3 en una cuesti\u00f3n crucial. Mientras el gobierno de Vichy intentaba mantener su dominio, el general De Gaulle ped\u00eda desde Londres que continuara la lucha. Gobernador de Chad desde 1938, F\u00e9lix \u00c9bou\u00e9 se enfrent\u00f3 a un dilema.  <\/span><\/p>\t\t\t\t\t\t\t\t<\/div>\n\t\t\t\t<\/div>\n\t\t\t\t<div class=\"elementor-element elementor-element-5b0a6be elementor-widget elementor-widget-text-editor\" data-id=\"5b0a6be\" data-element_type=\"widget\" data-widget_type=\"text-editor.default\">\n\t\t\t\t<div class=\"elementor-widget-container\">\n\t\t\t\t\t\t\t\t\t<p><span style=\"font-weight: 400;\">Le <\/span><b>26 de agosto de 1940<\/b><span style=\"font-weight: 400;\">tom\u00f3 una decisi\u00f3n hist\u00f3rica: <\/span><b>Chad se uni\u00f3 a la Francia Libre<\/b><span style=\"font-weight: 400;\">. Este valiente gesto es el primer grito de guerra  <\/span><b>principales africanos<\/b><span style=\"font-weight: 400;\">  a favor de de Gaulle, unas semanas despu\u00e9s de la de las Nuevas H\u00e9bridas. Con esta iniciativa, un caribe\u00f1o dio al l\u00edder de la Francia Libre una base territorial y simb\u00f3lica esencial. Desde Fort-Lamy (actual Yamena), el \u00c1frica Ecuatorial Francesa se convirti\u00f3 en la base geogr\u00e1fica de la resistencia exterior, la base de retaguardia de las futuras campa\u00f1as dirigidas por Leclerc y las Fuerzas Francesas Libres.  <\/span><\/p>\t\t\t\t\t\t\t\t<\/div>\n\t\t\t\t<\/div>\n\t\t\t\t<div class=\"elementor-element elementor-element-402a367 elementor-widget elementor-widget-text-editor\" data-id=\"402a367\" data-element_type=\"widget\" data-widget_type=\"text-editor.default\">\n\t\t\t\t<div class=\"elementor-widget-container\">\n\t\t\t\t\t\t\t\t\t<p><span style=\"font-weight: 400;\">En los d\u00edas siguientes, otros territorios se unieron al movimiento: Camer\u00fan el 27 de agosto, Congo el 28 de agosto, y luego Oubangui-Chari el 29 de agosto (seg\u00fan algunas fuentes el 30 de agosto). \u00c1frica Ecuatorial estaba en marcha, y \u00c9bou\u00e9 fue su primer art\u00edfice. <\/span><\/p>\t\t\t\t\t\t\t\t<\/div>\n\t\t\t\t<\/div>\n\t\t\t\t<section class=\"elementor-section elementor-inner-section elementor-element elementor-element-62c3aec elementor-section-boxed elementor-section-height-default elementor-section-height-default\" data-id=\"62c3aec\" data-element_type=\"section\">\n\t\t\t\t\t\t<div class=\"elementor-container elementor-column-gap-default\">\n\t\t\t\t\t<div class=\"elementor-column elementor-col-50 elementor-inner-column elementor-element elementor-element-fcc9605\" data-id=\"fcc9605\" data-element_type=\"column\">\n\t\t\t<div class=\"elementor-widget-wrap elementor-element-populated\">\n\t\t\t\t\t\t<div class=\"elementor-element elementor-element-7228c21 elementor-widget elementor-widget-image\" data-id=\"7228c21\" data-element_type=\"widget\" data-widget_type=\"image.default\">\n\t\t\t\t<div class=\"elementor-widget-container\">\n\t\t\t\t\t\t\t\t\t\t\t\t<figure class=\"wp-caption\">\n\t\t\t\t\t\t\t\t\t\t<img fetchpriority=\"high\" decoding=\"async\" width=\"800\" height=\"450\" src=\"https:\/\/richeskarayib.com\/wp-content\/uploads\/2025\/08\/Felix-Eboue-et-le-general-de-Gaulle-a-Barazzaville-en-1944-\u2022-\u00a9AFP.webp\" class=\"attachment-large size-large wp-image-58933\" alt=\"F\u00e9lix \u00c9bou\u00e9\" srcset=\"https:\/\/richeskarayib.com\/wp-content\/uploads\/2025\/08\/Felix-Eboue-et-le-general-de-Gaulle-a-Barazzaville-en-1944-\u2022-\u00a9AFP.webp 800w, https:\/\/richeskarayib.com\/wp-content\/uploads\/2025\/08\/Felix-Eboue-et-le-general-de-Gaulle-a-Barazzaville-en-1944-\u2022-\u00a9AFP-300x169.webp 300w, https:\/\/richeskarayib.com\/wp-content\/uploads\/2025\/08\/Felix-Eboue-et-le-general-de-Gaulle-a-Barazzaville-en-1944-\u2022-\u00a9AFP-768x432.webp 768w\" sizes=\"(max-width: 800px) 100vw, 800px\" \/>\t\t\t\t\t\t\t\t\t\t\t<figcaption class=\"widget-image-caption wp-caption-text\">F\u00e9lix Ebou\u00e9 et le g\u00e9n\u00e9ral de Gaulle \u00e0 Barazzaville en 1944 \u2022 \u00a9AFP<\/figcaption>\n\t\t\t\t\t\t\t\t\t\t<\/figure>\n\t\t\t\t\t\t\t\t\t<\/div>\n\t\t\t\t<\/div>\n\t\t\t\t\t<\/div>\n\t\t<\/div>\n\t\t\t\t<div class=\"elementor-column elementor-col-50 elementor-inner-column elementor-element elementor-element-bf40e27\" data-id=\"bf40e27\" data-element_type=\"column\">\n\t\t\t<div class=\"elementor-widget-wrap elementor-element-populated\">\n\t\t\t\t\t\t<div class=\"elementor-element elementor-element-410c4d2 elementor-widget elementor-widget-image\" data-id=\"410c4d2\" data-element_type=\"widget\" data-widget_type=\"image.default\">\n\t\t\t\t<div class=\"elementor-widget-container\">\n\t\t\t\t\t\t\t\t\t\t\t\t<figure class=\"wp-caption\">\n\t\t\t\t\t\t\t\t\t\t<img decoding=\"async\" width=\"800\" height=\"479\" src=\"https:\/\/richeskarayib.com\/wp-content\/uploads\/2025\/08\/Le-gouverneur-Felix-Eboue-recoit-le-general-de-Gaulle-au-Tchad-en-octobre-1940-\u00a9United-States-Library-of-Congress-Wikimedia-Commons.jpg\" class=\"attachment-large size-large wp-image-58937\" alt=\"F\u00e9lix \u00c9bou\u00e9\" srcset=\"https:\/\/richeskarayib.com\/wp-content\/uploads\/2025\/08\/Le-gouverneur-Felix-Eboue-recoit-le-general-de-Gaulle-au-Tchad-en-octobre-1940-\u00a9United-States-Library-of-Congress-Wikimedia-Commons.jpg 900w, https:\/\/richeskarayib.com\/wp-content\/uploads\/2025\/08\/Le-gouverneur-Felix-Eboue-recoit-le-general-de-Gaulle-au-Tchad-en-octobre-1940-\u00a9United-States-Library-of-Congress-Wikimedia-Commons-300x180.jpg 300w, https:\/\/richeskarayib.com\/wp-content\/uploads\/2025\/08\/Le-gouverneur-Felix-Eboue-recoit-le-general-de-Gaulle-au-Tchad-en-octobre-1940-\u00a9United-States-Library-of-Congress-Wikimedia-Commons-768x460.jpg 768w\" sizes=\"(max-width: 800px) 100vw, 800px\" \/>\t\t\t\t\t\t\t\t\t\t\t<figcaption class=\"widget-image-caption wp-caption-text\">Le gouverneur F\u00e9lix \u00c9bou\u00e9 re\u00e7oit le g\u00e9n\u00e9ral de Gaulle au Tchad en octobre 1940 \u00a9United States Library of Congress Wikimedia Commons<\/figcaption>\n\t\t\t\t\t\t\t\t\t\t<\/figure>\n\t\t\t\t\t\t\t\t\t<\/div>\n\t\t\t\t<\/div>\n\t\t\t\t\t<\/div>\n\t\t<\/div>\n\t\t\t\t\t<\/div>\n\t\t<\/section>\n\t\t\t\t\t<\/div>\n\t\t<\/div>\n\t\t\t\t\t<\/div>\n\t\t<\/section>\n\t\t\t\t<section class=\"elementor-section elementor-top-section elementor-element elementor-element-6f34adc elementor-section-boxed elementor-section-height-default elementor-section-height-default\" data-id=\"6f34adc\" data-element_type=\"section\">\n\t\t\t\t\t\t<div class=\"elementor-container elementor-column-gap-default\">\n\t\t\t\t\t<div class=\"elementor-column elementor-col-100 elementor-top-column elementor-element elementor-element-787608c\" data-id=\"787608c\" data-element_type=\"column\">\n\t\t\t<div class=\"elementor-widget-wrap elementor-element-populated\">\n\t\t\t\t\t\t<div class=\"elementor-element elementor-element-d1b2db8 elementor-widget elementor-widget-heading\" data-id=\"d1b2db8\" data-element_type=\"widget\" data-widget_type=\"heading.default\">\n\t\t\t\t<div class=\"elementor-widget-container\">\n\t\t\t\t\t<h2 class=\"elementor-heading-title elementor-size-default\">Repercusiones directas para el Caribe<\/h2>\t\t\t\t<\/div>\n\t\t\t\t<\/div>\n\t\t\t\t<div class=\"elementor-element elementor-element-c5c79cd elementor-widget elementor-widget-text-editor\" data-id=\"c5c79cd\" data-element_type=\"widget\" data-widget_type=\"text-editor.default\">\n\t\t\t\t<div class=\"elementor-widget-container\">\n\t\t\t\t\t\t\t\t\t<p><span style=\"font-weight: 400;\">Si el acto tiene lugar en \u00c1frica, tiene una inmediata <\/span><b>resonancia inmediata en el Caribe<\/b><span style=\"font-weight: 400;\">.<\/span><\/p><ul><li style=\"font-weight: 400;\" aria-level=\"1\"><b>\u2705 Un s\u00edmbolo de emancipaci\u00f3n<\/b><span style=\"font-weight: 400;\"> Para las Antillas Francesas y la Guayana Francesa, el gesto de \u00c9bou\u00e9 demuestra que un hombre de las sociedades criollas puede erigirse en figura central de la geopol\u00edtica mundial.<\/span><\/li><li style=\"font-weight: 400;\" aria-level=\"1\"><b>Un soplo de aire fresco para los territorios caribe\u00f1os<\/b><span style=\"font-weight: 400;\"> En Guadalupe y Martinica, que entonces estaban bajo el dominio de Vichy, las referencias a \u00c9bou\u00e9 alimentaron las esperanzas de unirse a la Francia Libre.<\/span><\/li><li style=\"font-weight: 400;\" aria-level=\"1\"><b>\u2705 Es un motivo de orgullo para la Guayana Fran<\/b> cesa: su tierra natal ve a uno de sus hijos ocupar su lugar en la historia mundial. Tambi\u00e9n es una se\u00f1al para todo el Caribe: la lucha contra el nazismo no es s\u00f3lo un asunto europeo, tambi\u00e9n implica a los pueblos de ultramar.   <\/li><\/ul>\t\t\t\t\t\t\t\t<\/div>\n\t\t\t\t<\/div>\n\t\t\t\t<section class=\"elementor-section elementor-inner-section elementor-element elementor-element-c5d6891 elementor-section-boxed elementor-section-height-default elementor-section-height-default\" data-id=\"c5d6891\" data-element_type=\"section\">\n\t\t\t\t\t\t<div class=\"elementor-container elementor-column-gap-default\">\n\t\t\t\t\t<div class=\"elementor-column elementor-col-100 elementor-inner-column elementor-element elementor-element-985b19b\" data-id=\"985b19b\" data-element_type=\"column\">\n\t\t\t<div class=\"elementor-widget-wrap elementor-element-populated\">\n\t\t\t\t\t\t<div class=\"elementor-element elementor-element-27ca9ff elementor-widget elementor-widget-image\" data-id=\"27ca9ff\" data-element_type=\"widget\" data-widget_type=\"image.default\">\n\t\t\t\t<div class=\"elementor-widget-container\">\n\t\t\t\t\t\t\t\t\t\t\t\t<figure class=\"wp-caption\">\n\t\t\t\t\t\t\t\t\t\t<img decoding=\"async\" width=\"800\" height=\"450\" src=\"https:\/\/richeskarayib.com\/wp-content\/uploads\/2025\/08\/Felix-Eboue-en-Guadeloupe-\u2022-\u00a9Fondation-du-general-de-Gaulle.webp\" class=\"attachment-large size-large wp-image-58941\" alt=\"F\u00e9lix \u00c9bou\u00e9\" srcset=\"https:\/\/richeskarayib.com\/wp-content\/uploads\/2025\/08\/Felix-Eboue-en-Guadeloupe-\u2022-\u00a9Fondation-du-general-de-Gaulle.webp 800w, https:\/\/richeskarayib.com\/wp-content\/uploads\/2025\/08\/Felix-Eboue-en-Guadeloupe-\u2022-\u00a9Fondation-du-general-de-Gaulle-300x169.webp 300w, https:\/\/richeskarayib.com\/wp-content\/uploads\/2025\/08\/Felix-Eboue-en-Guadeloupe-\u2022-\u00a9Fondation-du-general-de-Gaulle-768x432.webp 768w\" sizes=\"(max-width: 800px) 100vw, 800px\" \/>\t\t\t\t\t\t\t\t\t\t\t<figcaption class=\"widget-image-caption wp-caption-text\">F\u00e9lix Ebou\u00e9 en Guadeloupe  \u00a9Fondation du g\u00e9n\u00e9ral de Gaulle<\/figcaption>\n\t\t\t\t\t\t\t\t\t\t<\/figure>\n\t\t\t\t\t\t\t\t\t<\/div>\n\t\t\t\t<\/div>\n\t\t\t\t\t<\/div>\n\t\t<\/div>\n\t\t\t\t\t<\/div>\n\t\t<\/section>\n\t\t\t\t\t<\/div>\n\t\t<\/div>\n\t\t\t\t\t<\/div>\n\t\t<\/section>\n\t\t\t\t<section class=\"elementor-section elementor-top-section elementor-element elementor-element-9db25a6 elementor-section-boxed elementor-section-height-default elementor-section-height-default\" data-id=\"9db25a6\" data-element_type=\"section\">\n\t\t\t\t\t\t<div class=\"elementor-container elementor-column-gap-default\">\n\t\t\t\t\t<div class=\"elementor-column elementor-col-100 elementor-top-column elementor-element elementor-element-290b0a8\" data-id=\"290b0a8\" data-element_type=\"column\">\n\t\t\t<div class=\"elementor-widget-wrap elementor-element-populated\">\n\t\t\t\t\t\t<div class=\"elementor-element elementor-element-0d9e457 elementor-widget elementor-widget-heading\" data-id=\"0d9e457\" data-element_type=\"widget\" data-widget_type=\"heading.default\">\n\t\t\t\t<div class=\"elementor-widget-container\">\n\t\t\t\t\t<h2 class=\"elementor-heading-title elementor-size-default\">El hombre de los puentes : Caribe y \u00c1frica<\/h2>\t\t\t\t<\/div>\n\t\t\t\t<\/div>\n\t\t\t\t<div class=\"elementor-element elementor-element-c3da9fc elementor-widget elementor-widget-text-editor\" data-id=\"c3da9fc\" data-element_type=\"widget\" data-widget_type=\"text-editor.default\">\n\t\t\t\t<div class=\"elementor-widget-container\">\n\t\t\t\t\t\t\t\t\t<p><span style=\"font-weight: 400;\"><a href=\"https:\/\/la1ere.franceinfo.fr\/recit-administrateur-colonial-resistant-d-outre-mer-franc-macon-qui-etait-vraiment-felix-eboue-1543393.html\" target=\"_blank\" rel=\"noopener nofollow\">F\u00e9lix \u00c9bou\u00e9<\/a> nunca ha dejado de encarnar un fuerte v\u00ednculo entre las dos orillas del Atl\u00e1ntico. Sus escritos y decisiones pol\u00edticas marcaron una ruptura con la administraci\u00f3n colonial tradicional. En su &#8221;    <\/span><b>Nueva pol\u00edtica ind\u00edgena para el \u00c1frica Ecuatorial Francesa<\/b><span style=\"font-weight: 400;\"> &#8220;Publicada en noviembre de 1941, esta nueva pol\u00edtica valoraba las tradiciones africanas, reconoc\u00eda el papel de los jefes tradicionales y allanaba el camino para una forma de gobierno m\u00e1s respetuosa con los pueblos colonizados.<\/span><\/p>\t\t\t\t\t\t\t\t<\/div>\n\t\t\t\t<\/div>\n\t\t\t\t<div class=\"elementor-element elementor-element-e19d012 elementor-widget elementor-widget-image\" data-id=\"e19d012\" data-element_type=\"widget\" data-widget_type=\"image.default\">\n\t\t\t\t<div class=\"elementor-widget-container\">\n\t\t\t\t\t\t\t\t\t\t\t\t<figure class=\"wp-caption\">\n\t\t\t\t\t\t\t\t\t\t<img loading=\"lazy\" decoding=\"async\" width=\"350\" height=\"469\" src=\"https:\/\/richeskarayib.com\/wp-content\/uploads\/2025\/08\/\u00a9lordre-de-la-liberation.jpg\" class=\"attachment-large size-large wp-image-58945\" alt=\"F\u00e9lix \u00c9bou\u00e9\" srcset=\"https:\/\/richeskarayib.com\/wp-content\/uploads\/2025\/08\/\u00a9lordre-de-la-liberation.jpg 350w, https:\/\/richeskarayib.com\/wp-content\/uploads\/2025\/08\/\u00a9lordre-de-la-liberation-224x300.jpg 224w\" sizes=\"(max-width: 350px) 100vw, 350px\" \/>\t\t\t\t\t\t\t\t\t\t\t<figcaption class=\"widget-image-caption wp-caption-text\">\u00a9l'ordre de la lib\u00e9ration<\/figcaption>\n\t\t\t\t\t\t\t\t\t\t<\/figure>\n\t\t\t\t\t\t\t\t\t<\/div>\n\t\t\t\t<\/div>\n\t\t\t\t<div class=\"elementor-element elementor-element-f478087 elementor-widget elementor-widget-text-editor\" data-id=\"f478087\" data-element_type=\"widget\" data-widget_type=\"text-editor.default\">\n\t\t\t\t<div class=\"elementor-widget-container\">\n\t\t\t\t\t\t\t\t\t<p><span style=\"font-weight: 400;\">Esta visi\u00f3n es tanto m\u00e1s notable cuanto que est\u00e1 arraigada en su identidad caribe\u00f1a: procedente de un territorio marcado por la esclavitud y la identidad criolla, \u00c9bou\u00e9 tiene una conciencia particular de las luchas por la dignidad. A trav\u00e9s de \u00e9l, el Caribe se proyecta en el destino de \u00c1frica, en una l\u00f3gica de continuidad hist\u00f3rica y cultural. <\/span><\/p>\t\t\t\t\t\t\t\t<\/div>\n\t\t\t\t<\/div>\n\t\t\t\t<section class=\"elementor-section elementor-inner-section elementor-element elementor-element-c1e56d8 elementor-section-boxed elementor-section-height-default elementor-section-height-default\" data-id=\"c1e56d8\" data-element_type=\"section\">\n\t\t\t\t\t\t<div class=\"elementor-container elementor-column-gap-default\">\n\t\t\t\t\t<div class=\"elementor-column elementor-col-100 elementor-inner-column elementor-element elementor-element-a9b8003\" data-id=\"a9b8003\" data-element_type=\"column\">\n\t\t\t<div class=\"elementor-widget-wrap elementor-element-populated\">\n\t\t\t\t\t\t<div class=\"elementor-element elementor-element-6725286 elementor-widget elementor-widget-image\" data-id=\"6725286\" data-element_type=\"widget\" data-widget_type=\"image.default\">\n\t\t\t\t<div class=\"elementor-widget-container\">\n\t\t\t\t\t\t\t\t\t\t\t\t<figure class=\"wp-caption\">\n\t\t\t\t\t\t\t\t\t\t<img loading=\"lazy\" decoding=\"async\" width=\"450\" height=\"800\" src=\"https:\/\/richeskarayib.com\/wp-content\/uploads\/2025\/08\/Le-general-de-Gaulle-et-Felix-Eboue-\u2022-\u00a9Fondation-de-la-France-libre.webp\" class=\"attachment-large size-large wp-image-58949\" alt=\"F\u00e9lix \u00c9bou\u00e9\" srcset=\"https:\/\/richeskarayib.com\/wp-content\/uploads\/2025\/08\/Le-general-de-Gaulle-et-Felix-Eboue-\u2022-\u00a9Fondation-de-la-France-libre.webp 450w, https:\/\/richeskarayib.com\/wp-content\/uploads\/2025\/08\/Le-general-de-Gaulle-et-Felix-Eboue-\u2022-\u00a9Fondation-de-la-France-libre-169x300.webp 169w\" sizes=\"(max-width: 450px) 100vw, 450px\" \/>\t\t\t\t\t\t\t\t\t\t\t<figcaption class=\"widget-image-caption wp-caption-text\">Le g\u00e9n\u00e9ral de Gaulle et F\u00e9lix Ebou\u00e9 \u00a9Fondation de la France libre<\/figcaption>\n\t\t\t\t\t\t\t\t\t\t<\/figure>\n\t\t\t\t\t\t\t\t\t<\/div>\n\t\t\t\t<\/div>\n\t\t\t\t\t<\/div>\n\t\t<\/div>\n\t\t\t\t\t<\/div>\n\t\t<\/section>\n\t\t\t\t\t<\/div>\n\t\t<\/div>\n\t\t\t\t\t<\/div>\n\t\t<\/section>\n\t\t\t\t<section class=\"elementor-section elementor-top-section elementor-element elementor-element-42f0530 elementor-section-boxed elementor-section-height-default elementor-section-height-default\" data-id=\"42f0530\" data-element_type=\"section\">\n\t\t\t\t\t\t<div class=\"elementor-container elementor-column-gap-default\">\n\t\t\t\t\t<div class=\"elementor-column elementor-col-100 elementor-top-column elementor-element elementor-element-11640c4\" data-id=\"11640c4\" data-element_type=\"column\">\n\t\t\t<div class=\"elementor-widget-wrap elementor-element-populated\">\n\t\t\t\t\t\t<div class=\"elementor-element elementor-element-cb0171b elementor-widget elementor-widget-heading\" data-id=\"cb0171b\" data-element_type=\"widget\" data-widget_type=\"heading.default\">\n\t\t\t\t<div class=\"elementor-widget-container\">\n\t\t\t\t\t<h2 class=\"elementor-heading-title elementor-size-default\">Reconocimiento mundial<\/h2>\t\t\t\t<\/div>\n\t\t\t\t<\/div>\n\t\t\t\t<div class=\"elementor-element elementor-element-bc206ec elementor-widget elementor-widget-text-editor\" data-id=\"bc206ec\" data-element_type=\"widget\" data-widget_type=\"text-editor.default\">\n\t\t\t\t<div class=\"elementor-widget-container\">\n\t\t\t\t\t\t\t\t\t<p><span style=\"font-weight: 400;\">Fallecido en El Cairo el <\/span><b>17 de mayo de 1944<\/b><span style=\"font-weight: 400;\"><a href=\"https:\/\/www.ordredelaliberation.fr\/fr\/compagnons\/felix-eboue\" target=\"_blank\" rel=\"noopener nofollow\">F\u00e9lix \u00c9bou\u00e9<\/a> no vio la victoria. Cinco a\u00f1os m\u00e1s tarde, el 20 de mayo de 1949, se uni\u00f3 al   <\/span><b>Pante\u00f3n de Par\u00eds<\/b><span style=\"font-weight: 400;\">convirti\u00e9ndose en la primera persona negra en ser enterrada all\u00ed. Su nombre se asocia ahora a aeropuertos, institutos, plazas y calles de Francia, el Caribe y \u00c1frica. El aeropuerto internacional de Cayena lleva su nombre desde 2012, al igual que el instituto F\u00e9lix-\u00c9bou\u00e9 de Yamena, herencia directa de su labor en Chad.  <\/span><\/p><p><span style=\"font-weight: 400;\">Estos homenajes reflejan el significado universal de su gesto del 26 de agosto de 1940. Para el Caribe, es una prueba deslumbrante de que la regi\u00f3n ha dado al mundo figuras capaces de transformar el curso de la historia. <\/span><\/p>\t\t\t\t\t\t\t\t<\/div>\n\t\t\t\t<\/div>\n\t\t\t\t<section class=\"elementor-section elementor-inner-section elementor-element elementor-element-e96cb75 elementor-section-boxed elementor-section-height-default elementor-section-height-default\" data-id=\"e96cb75\" data-element_type=\"section\">\n\t\t\t\t\t\t<div class=\"elementor-container elementor-column-gap-default\">\n\t\t\t\t\t<div class=\"elementor-column elementor-col-50 elementor-inner-column elementor-element elementor-element-a4ff3c1\" data-id=\"a4ff3c1\" data-element_type=\"column\">\n\t\t\t<div class=\"elementor-widget-wrap elementor-element-populated\">\n\t\t\t\t\t\t<div class=\"elementor-element elementor-element-3629622 elementor-widget elementor-widget-image\" data-id=\"3629622\" data-element_type=\"widget\" data-widget_type=\"image.default\">\n\t\t\t\t<div class=\"elementor-widget-container\">\n\t\t\t\t\t\t\t\t\t\t\t\t<figure class=\"wp-caption\">\n\t\t\t\t\t\t\t\t\t\t<img loading=\"lazy\" decoding=\"async\" width=\"800\" height=\"534\" src=\"https:\/\/richeskarayib.com\/wp-content\/uploads\/2025\/08\/\u00a9Aeroport-Cayenne-Felix-Eboue-CCIG-officiel-1024x683.jpg\" class=\"attachment-large size-large wp-image-58921\" alt=\"F\u00e9lix \u00c9bou\u00e9\" srcset=\"https:\/\/richeskarayib.com\/wp-content\/uploads\/2025\/08\/\u00a9Aeroport-Cayenne-Felix-Eboue-CCIG-officiel-1024x683.jpg 1024w, https:\/\/richeskarayib.com\/wp-content\/uploads\/2025\/08\/\u00a9Aeroport-Cayenne-Felix-Eboue-CCIG-officiel-300x200.jpg 300w, https:\/\/richeskarayib.com\/wp-content\/uploads\/2025\/08\/\u00a9Aeroport-Cayenne-Felix-Eboue-CCIG-officiel-768x512.jpg 768w, https:\/\/richeskarayib.com\/wp-content\/uploads\/2025\/08\/\u00a9Aeroport-Cayenne-Felix-Eboue-CCIG-officiel.jpg 1200w\" sizes=\"(max-width: 800px) 100vw, 800px\" \/>\t\t\t\t\t\t\t\t\t\t\t<figcaption class=\"widget-image-caption wp-caption-text\">\u00a9A\u00e9roport Cayenne F\u00e9lix Ebou\u00e9 CCIG officiel<\/figcaption>\n\t\t\t\t\t\t\t\t\t\t<\/figure>\n\t\t\t\t\t\t\t\t\t<\/div>\n\t\t\t\t<\/div>\n\t\t\t\t\t<\/div>\n\t\t<\/div>\n\t\t\t\t<div class=\"elementor-column elementor-col-50 elementor-inner-column elementor-element elementor-element-4e7e82c\" data-id=\"4e7e82c\" data-element_type=\"column\">\n\t\t\t<div class=\"elementor-widget-wrap elementor-element-populated\">\n\t\t\t\t\t\t<div class=\"elementor-element elementor-element-e6a98cf elementor-widget elementor-widget-image\" data-id=\"e6a98cf\" data-element_type=\"widget\" data-widget_type=\"image.default\">\n\t\t\t\t<div class=\"elementor-widget-container\">\n\t\t\t\t\t\t\t\t\t\t\t\t<figure class=\"wp-caption\">\n\t\t\t\t\t\t\t\t\t\t<img loading=\"lazy\" decoding=\"async\" width=\"800\" height=\"534\" src=\"https:\/\/richeskarayib.com\/wp-content\/uploads\/2025\/08\/\u00a9Aeroport-Cayenne-Felix-Eboue-CCIG-officiel-1.jpg\" class=\"attachment-large size-large wp-image-58925\" alt=\"F\u00e9lix \u00c9bou\u00e9\" srcset=\"https:\/\/richeskarayib.com\/wp-content\/uploads\/2025\/08\/\u00a9Aeroport-Cayenne-Felix-Eboue-CCIG-officiel-1.jpg 1024w, https:\/\/richeskarayib.com\/wp-content\/uploads\/2025\/08\/\u00a9Aeroport-Cayenne-Felix-Eboue-CCIG-officiel-1-300x200.jpg 300w, https:\/\/richeskarayib.com\/wp-content\/uploads\/2025\/08\/\u00a9Aeroport-Cayenne-Felix-Eboue-CCIG-officiel-1-768x512.jpg 768w\" sizes=\"(max-width: 800px) 100vw, 800px\" \/>\t\t\t\t\t\t\t\t\t\t\t<figcaption class=\"widget-image-caption wp-caption-text\">\u00a9A\u00e9roport Cayenne F\u00e9lix Ebou\u00e9 CCIG officiel 1<\/figcaption>\n\t\t\t\t\t\t\t\t\t\t<\/figure>\n\t\t\t\t\t\t\t\t\t<\/div>\n\t\t\t\t<\/div>\n\t\t\t\t\t<\/div>\n\t\t<\/div>\n\t\t\t\t\t<\/div>\n\t\t<\/section>\n\t\t\t\t\t<\/div>\n\t\t<\/div>\n\t\t\t\t\t<\/div>\n\t\t<\/section>\n\t\t\t\t<section class=\"elementor-section elementor-top-section elementor-element elementor-element-4575648 elementor-section-boxed elementor-section-height-default elementor-section-height-default\" data-id=\"4575648\" data-element_type=\"section\">\n\t\t\t\t\t\t<div class=\"elementor-container elementor-column-gap-default\">\n\t\t\t\t\t<div class=\"elementor-column elementor-col-100 elementor-top-column elementor-element elementor-element-66675d3\" data-id=\"66675d3\" data-element_type=\"column\">\n\t\t\t<div class=\"elementor-widget-wrap elementor-element-populated\">\n\t\t\t\t\t\t<div class=\"elementor-element elementor-element-797dd2b elementor-widget elementor-widget-heading\" data-id=\"797dd2b\" data-element_type=\"widget\" data-widget_type=\"heading.default\">\n\t\t\t\t<div class=\"elementor-widget-container\">\n\t\t\t\t\t<h2 class=\"elementor-heading-title elementor-size-default\">Un legado para el Caribe de hoy<\/h2>\t\t\t\t<\/div>\n\t\t\t\t<\/div>\n\t\t\t\t<div class=\"elementor-element elementor-element-78fe86c elementor-widget elementor-widget-text-editor\" data-id=\"78fe86c\" data-element_type=\"widget\" data-widget_type=\"text-editor.default\">\n\t\t\t\t<div class=\"elementor-widget-container\">\n\t\t\t\t\t\t\t\t\t<p><span style=\"font-weight: 400;\">El 26 de agosto sigue siendo una fecha clave, no s\u00f3lo en la historia de la Francia Libre, sino tambi\u00e9n en la del <a href=\"https:\/\/richeskarayib.com\/es\/spirit-of-barbados-un-embajador-volante-para-barbados-y-el-caribe\/\" target=\"_blank\" rel=\"noopener\">Caribe<\/a>.<\/span><\/p><ul><li style=\"font-weight: 400;\" aria-level=\"1\"><span style=\"font-weight: 400;\">\u2705 Nos recuerda que el <\/span><b>Caribe no est\u00e1 al margen<\/b><span style=\"font-weight: 400;\">sino que contribuy\u00f3 decisivamente a la liberaci\u00f3n mundial.<\/span><\/li><li style=\"font-weight: 400;\" aria-level=\"1\"><span style=\"font-weight: 400;\">\u2705 Ella encarna la <\/span><b>fuerza de las di\u00e1sporas<\/b><span style=\"font-weight: 400;\">capaces de influir en los acontecimientos mundiales.<\/span><\/li><li style=\"font-weight: 400;\" aria-level=\"1\"><span style=\"font-weight: 400;\">\u2705 Sigue alimentando la reflexi\u00f3n sobre el lugar de las sociedades caribe\u00f1as en los grandes relatos hist\u00f3ricos.<\/span><\/li><\/ul>\t\t\t\t\t\t\t\t<\/div>\n\t\t\t\t<\/div>\n\t\t\t\t<section class=\"elementor-section elementor-inner-section elementor-element elementor-element-29b0f0f elementor-section-boxed elementor-section-height-default elementor-section-height-default\" data-id=\"29b0f0f\" data-element_type=\"section\">\n\t\t\t\t\t\t<div class=\"elementor-container elementor-column-gap-default\">\n\t\t\t\t\t<div class=\"elementor-column elementor-col-100 elementor-inner-column elementor-element elementor-element-bdab110\" data-id=\"bdab110\" data-element_type=\"column\">\n\t\t\t<div class=\"elementor-widget-wrap elementor-element-populated\">\n\t\t\t\t\t\t<div class=\"elementor-element elementor-element-5a12abb elementor-widget elementor-widget-image\" data-id=\"5a12abb\" data-element_type=\"widget\" data-widget_type=\"image.default\">\n\t\t\t\t<div class=\"elementor-widget-container\">\n\t\t\t\t\t\t\t\t\t\t\t\t<figure class=\"wp-caption\">\n\t\t\t\t\t\t\t\t\t\t<img loading=\"lazy\" decoding=\"async\" width=\"800\" height=\"450\" src=\"https:\/\/richeskarayib.com\/wp-content\/uploads\/2025\/08\/Statue-de-Felix-Eboue-place-des-palmistes-a-Cayenne-\u2022-\u00a9OLIVIER-GOUJON-ROBERT-HARDING-PREMIUM.webp\" class=\"attachment-large size-large wp-image-58929\" alt=\"F\u00e9lix \u00c9bou\u00e9\" srcset=\"https:\/\/richeskarayib.com\/wp-content\/uploads\/2025\/08\/Statue-de-Felix-Eboue-place-des-palmistes-a-Cayenne-\u2022-\u00a9OLIVIER-GOUJON-ROBERT-HARDING-PREMIUM.webp 800w, https:\/\/richeskarayib.com\/wp-content\/uploads\/2025\/08\/Statue-de-Felix-Eboue-place-des-palmistes-a-Cayenne-\u2022-\u00a9OLIVIER-GOUJON-ROBERT-HARDING-PREMIUM-300x169.webp 300w, https:\/\/richeskarayib.com\/wp-content\/uploads\/2025\/08\/Statue-de-Felix-Eboue-place-des-palmistes-a-Cayenne-\u2022-\u00a9OLIVIER-GOUJON-ROBERT-HARDING-PREMIUM-768x432.webp 768w\" sizes=\"(max-width: 800px) 100vw, 800px\" \/>\t\t\t\t\t\t\t\t\t\t\t<figcaption class=\"widget-image-caption wp-caption-text\">Statue de F\u00e9lix Ebou\u00e9, place des palmistes \u00e0 Cayenne \u2022 \u00a9OLIVIER GOUJON ROBERT HARDING PREMIUM<\/figcaption>\n\t\t\t\t\t\t\t\t\t\t<\/figure>\n\t\t\t\t\t\t\t\t\t<\/div>\n\t\t\t\t<\/div>\n\t\t\t\t\t<\/div>\n\t\t<\/div>\n\t\t\t\t\t<\/div>\n\t\t<\/section>\n\t\t\t\t\t<\/div>\n\t\t<\/div>\n\t\t\t\t\t<\/div>\n\t\t<\/section>\n\t\t\t\t<section class=\"elementor-section elementor-top-section elementor-element elementor-element-3515158 elementor-section-boxed elementor-section-height-default elementor-section-height-default\" data-id=\"3515158\" data-element_type=\"section\">\n\t\t\t\t\t\t<div class=\"elementor-container elementor-column-gap-default\">\n\t\t\t\t\t<div class=\"elementor-column elementor-col-100 elementor-top-column elementor-element elementor-element-77d3139\" data-id=\"77d3139\" data-element_type=\"column\">\n\t\t\t<div class=\"elementor-widget-wrap elementor-element-populated\">\n\t\t\t\t\t\t<div class=\"elementor-element elementor-element-7f3c422 elementor-widget elementor-widget-text-editor\" data-id=\"7f3c422\" data-element_type=\"widget\" data-widget_type=\"text-editor.default\">\n\t\t\t\t<div class=\"elementor-widget-container\">\n\t\t\t\t\t\t\t\t\t<p><span style=\"font-weight: 400;\">Le <\/span><b>26 de agosto de 1940<\/b><span style=\"font-weight: 400;\">Gracias a la decisi\u00f3n de F\u00e9lix \u00c9bou\u00e9, el Caribe ocup\u00f3 su lugar en la escena mundial. Al movilizar al Chad en favor de la Francia Libre, un guyan\u00e9s ayud\u00f3 al general De Gaulle a sentar las bases de la Resistencia. Aquel d\u00eda, el Caribe dej\u00f3 de ser un espectador: se convirti\u00f3 en    <\/span><b>un actor en la historia del mundo<\/b><span style=\"font-weight: 400;\">.<\/span><\/p><p><span style=\"font-weight: 400;\">F\u00e9lix \u00c9bou\u00e9 sigue siendo un s\u00edmbolo de valent\u00eda, dignidad y compromiso. Su legado es un recordatorio para el Caribe contempor\u00e1neo de que sus voces, nacidas de una historia \u00fanica, a\u00fan pueden influir en el destino del mundo. <\/span><\/p>\t\t\t\t\t\t\t\t<\/div>\n\t\t\t\t<\/div>\n\t\t\t\t\t<\/div>\n\t\t<\/div>\n\t\t\t\t\t<\/div>\n\t\t<\/section>\n\t\t\t\t<\/div>\n\t\t","protected":false},"excerpt":{"rendered":"<p>Un destino nacido en la Guayana Francesa Le 26 de diciembre de 1884En Cayena, Guayana Francesa, F\u00e9lix \u00c9bou\u00e9 naci\u00f3 en el seno de una familia de &#8220;nuevos libres&#8221;, descendientes de esclavos liberados. Nada pod\u00eda predecir que, un siglo despu\u00e9s, su nombre resonar\u00eda en todo el mundo como el de un hombre que influy\u00f3 en el [&hellip;]<\/p>\n","protected":false},"author":662,"featured_media":58910,"comment_status":"open","ping_status":"open","sticky":false,"template":"","format":"standard","meta":{"_acf_changed":false,"footnotes":""},"categories":[1469],"tags":[1549],"class_list":["post-58951","post","type-post","status-publish","format-standard","has-post-thumbnail","hentry","category-historia-patrimonio","tag-guayana-francesa"],"acf":[],"_links":{"self":[{"href":"https:\/\/richeskarayib.com\/es\/wp-json\/wp\/v2\/posts\/58951","targetHints":{"allow":["GET"]}}],"collection":[{"href":"https:\/\/richeskarayib.com\/es\/wp-json\/wp\/v2\/posts"}],"about":[{"href":"https:\/\/richeskarayib.com\/es\/wp-json\/wp\/v2\/types\/post"}],"author":[{"embeddable":true,"href":"https:\/\/richeskarayib.com\/es\/wp-json\/wp\/v2\/users\/662"}],"replies":[{"embeddable":true,"href":"https:\/\/richeskarayib.com\/es\/wp-json\/wp\/v2\/comments?post=58951"}],"version-history":[{"count":0,"href":"https:\/\/richeskarayib.com\/es\/wp-json\/wp\/v2\/posts\/58951\/revisions"}],"wp:featuredmedia":[{"embeddable":true,"href":"https:\/\/richeskarayib.com\/es\/wp-json\/wp\/v2\/media\/58910"}],"wp:attachment":[{"href":"https:\/\/richeskarayib.com\/es\/wp-json\/wp\/v2\/media?parent=58951"}],"wp:term":[{"taxonomy":"category","embeddable":true,"href":"https:\/\/richeskarayib.com\/es\/wp-json\/wp\/v2\/categories?post=58951"},{"taxonomy":"post_tag","embeddable":true,"href":"https:\/\/richeskarayib.com\/es\/wp-json\/wp\/v2\/tags?post=58951"}],"curies":[{"name":"wp","href":"https:\/\/api.w.org\/{rel}","templated":true}]}}