{"id":59043,"date":"2025-08-29T02:45:34","date_gmt":"2025-08-29T06:45:34","guid":{"rendered":"https:\/\/richeskarayib.com\/santa-lucia-fondo-de-subvenciones-a-la-economia-creativa-350-000-ce-para-impulsar-la-economia-creativa\/"},"modified":"2025-08-29T02:45:35","modified_gmt":"2025-08-29T06:45:35","slug":"santa-lucia-fondo-de-subvenciones-a-la-economia-creativa-350-000-ce-para-impulsar-la-economia-creativa","status":"publish","type":"post","link":"https:\/\/richeskarayib.com\/es\/santa-lucia-fondo-de-subvenciones-a-la-economia-creativa-350-000-ce-para-impulsar-la-economia-creativa\/","title":{"rendered":"Santa Luc\u00eda &#8211; Fondo de Subvenciones a la Econom\u00eda Creativa: 350.000 CE para impulsar la econom\u00eda creativa"},"content":{"rendered":"\t\t<div data-elementor-type=\"wp-post\" data-elementor-id=\"59043\" class=\"elementor elementor-59043 elementor-59025\" data-elementor-post-type=\"post\">\n\t\t\t\t\t\t<section class=\"elementor-section elementor-top-section elementor-element elementor-element-7ca7ca1 elementor-section-boxed elementor-section-height-default elementor-section-height-default\" data-id=\"7ca7ca1\" data-element_type=\"section\">\n\t\t\t\t\t\t<div class=\"elementor-container elementor-column-gap-default\">\n\t\t\t\t\t<div class=\"elementor-column elementor-col-100 elementor-top-column elementor-element elementor-element-cbdd002\" data-id=\"cbdd002\" data-element_type=\"column\">\n\t\t\t<div class=\"elementor-widget-wrap elementor-element-populated\">\n\t\t\t\t\t\t<section class=\"elementor-section elementor-inner-section elementor-element elementor-element-bc94849 elementor-section-boxed elementor-section-height-default elementor-section-height-default\" data-id=\"bc94849\" data-element_type=\"section\">\n\t\t\t\t\t\t<div class=\"elementor-container elementor-column-gap-default\">\n\t\t\t\t\t\t<\/div>\n\t\t<\/section>\n\t\t\t\t<section class=\"elementor-section elementor-inner-section elementor-element elementor-element-61571e6 elementor-section-boxed elementor-section-height-default elementor-section-height-default\" data-id=\"61571e6\" data-element_type=\"section\">\n\t\t\t\t\t\t<div class=\"elementor-container elementor-column-gap-default\">\n\t\t\t\t\t\t<\/div>\n\t\t<\/section>\n\t\t\t\t<section class=\"elementor-section elementor-inner-section elementor-element elementor-element-b6262e0 elementor-section-boxed elementor-section-height-default elementor-section-height-default\" data-id=\"b6262e0\" data-element_type=\"section\">\n\t\t\t\t\t\t<div class=\"elementor-container elementor-column-gap-default\">\n\t\t\t\t\t\t<\/div>\n\t\t<\/section>\n\t\t\t\t<section class=\"elementor-section elementor-inner-section elementor-element elementor-element-cca29fd elementor-section-boxed elementor-section-height-default elementor-section-height-default\" data-id=\"cca29fd\" data-element_type=\"section\">\n\t\t\t\t\t\t<div class=\"elementor-container elementor-column-gap-default\">\n\t\t\t\t\t\t<\/div>\n\t\t<\/section>\n\t\t\t\t\t<\/div>\n\t\t<\/div>\n\t\t\t\t\t<\/div>\n\t\t<\/section>\n\t\t\t\t<section class=\"elementor-section elementor-top-section elementor-element elementor-element-51a27bd elementor-section-boxed elementor-section-height-default elementor-section-height-default\" data-id=\"51a27bd\" data-element_type=\"section\">\n\t\t\t\t\t\t<div class=\"elementor-container elementor-column-gap-default\">\n\t\t\t\t\t<div class=\"elementor-column elementor-col-100 elementor-top-column elementor-element elementor-element-b5ad517\" data-id=\"b5ad517\" data-element_type=\"column\">\n\t\t\t<div class=\"elementor-widget-wrap elementor-element-populated\">\n\t\t\t\t\t\t<div class=\"elementor-element elementor-element-6b269d1 elementor-widget elementor-widget-heading\" data-id=\"6b269d1\" data-element_type=\"widget\" data-widget_type=\"heading.default\">\n\t\t\t\t<div class=\"elementor-widget-container\">\n\t\t\t\t\t<h2 class=\"elementor-heading-title elementor-size-default\">Un anuncio importante para la cultura y la econom\u00eda<\/h2>\t\t\t\t<\/div>\n\t\t\t\t<\/div>\n\t\t\t\t<div class=\"elementor-element elementor-element-5e0d570 elementor-widget elementor-widget-text-editor\" data-id=\"5e0d570\" data-element_type=\"widget\" data-widget_type=\"text-editor.default\">\n\t\t\t\t<div class=\"elementor-widget-container\">\n\t\t\t\t\t\t\t\t\t<p><span style=\"font-weight: 400;\"><a href=\"https:\/\/richeskarayib.com\/es\/santa-lucia-reforma-del-pasaporte-de-10-anos-un-cambio-para-los-ciudadanos\/\" target=\"_blank\" rel=\"noopener\">Santa Luc\u00eda<\/a> est\u00e1 dando un paso decisivo hacia el desarrollo de su potencial cultural y empresarial. El 25 de agosto de 2025, en Castries, el Primer Ministro, Philip J. Pierre, anunci\u00f3 la creaci\u00f3n del <a href=\"https:\/\/www.saintlucianewsonline.net\/component\/k2\/item\/1378-government-launches-creative-economy-grant-fund-to-support-young-talent\" target=\"_blank\" rel=\"noopener nofollow\">Fondo de Subvenciones a la Econom\u00eda Creativa<\/a>, dotado con un presupuesto de 1,5 millones de euros.   <\/span><b>350.000 CE<\/b><span style=\"font-weight: 400;\">. Esta iniciativa pionera pretende reforzar la capacidad de los artistas, empresarios creativos y profesionales de la cultura d\u00e1ndoles acceso directo a financiaci\u00f3n para desarrollar sus proyectos, conquistar nuevos mercados y consolidar su papel en la econom\u00eda nacional.  <\/span><\/p><p><span style=\"font-weight: 400;\">Con este fondo, la cultura ya no se considerar\u00e1 \u00fanicamente un s\u00edmbolo de identidad, sino tambi\u00e9n un motor de crecimiento, empleo e inclusi\u00f3n social.<\/span><\/p>\t\t\t\t\t\t\t\t<\/div>\n\t\t\t\t<\/div>\n\t\t\t\t\t<\/div>\n\t\t<\/div>\n\t\t\t\t\t<\/div>\n\t\t<\/section>\n\t\t\t\t<section class=\"elementor-section elementor-top-section elementor-element elementor-element-5214e28 elementor-section-boxed elementor-section-height-default elementor-section-height-default\" data-id=\"5214e28\" data-element_type=\"section\">\n\t\t\t\t\t\t<div class=\"elementor-container elementor-column-gap-default\">\n\t\t\t\t\t<div class=\"elementor-column elementor-col-100 elementor-top-column elementor-element elementor-element-dade06d\" data-id=\"dade06d\" data-element_type=\"column\">\n\t\t\t<div class=\"elementor-widget-wrap elementor-element-populated\">\n\t\t\t\t\t\t<div class=\"elementor-element elementor-element-d1b711d elementor-widget elementor-widget-heading\" data-id=\"d1b711d\" data-element_type=\"widget\" data-widget_type=\"heading.default\">\n\t\t\t\t<div class=\"elementor-widget-container\">\n\t\t\t\t\t<h2 class=\"elementor-heading-title elementor-size-default\">Apoyo pr\u00e1ctico a los empresarios<\/h2>\t\t\t\t<\/div>\n\t\t\t\t<\/div>\n\t\t\t\t<div class=\"elementor-element elementor-element-a454b32 elementor-widget elementor-widget-text-editor\" data-id=\"a454b32\" data-element_type=\"widget\" data-widget_type=\"text-editor.default\">\n\t\t\t\t<div class=\"elementor-widget-container\">\n\t\t\t\t\t\t\t\t\t<p><span style=\"font-weight: 400;\"><a href=\"https:\/\/www.facebook.com\/opmsaintlucia\/posts\/prime-minister-pierre-announces-the-establishment-of-the-new-creative-economy-gr\/1169820435173461\/\" target=\"_blank\" rel=\"noopener nofollow\">El Fondo de Subvenciones a la Econom\u00eda Creativa<\/a> se dise\u00f1\u00f3 en respuesta a una antigua falta de recursos para los agentes culturales. M\u00fasicos, dise\u00f1adores, artistas visuales, escritores y compa\u00f1\u00edas de teatro han sufrido a menudo una falta de financiaci\u00f3n que obstaculizaba sus ambiciones. <\/span><\/p>\t\t\t\t\t\t\t\t<\/div>\n\t\t\t\t<\/div>\n\t\t\t\t<div class=\"elementor-element elementor-element-710c0f5 elementor-widget elementor-widget-text-editor\" data-id=\"710c0f5\" data-element_type=\"widget\" data-widget_type=\"text-editor.default\">\n\t\t\t\t<div class=\"elementor-widget-container\">\n\t\t\t\t\t\t\t\t\t<p><span style=\"font-weight: 400;\">Este nuevo mecanismo les proporciona ahora un marco claro:<\/span><\/p><ul><li style=\"font-weight: 400;\" aria-level=\"1\"><span style=\"font-weight: 400;\">\u2705 <\/span>Microayudas<span style=\"font-weight: 400;\"> de hasta 5.000 d\u00f3lares del Caribe Oriental para financiar formaci\u00f3n, marketing y lanzamiento de productos;<\/span><\/li><li style=\"font-weight: 400;\" aria-level=\"1\">\u2705 Subvenciones a la producci\u00f3n de entre 5.001 y 10.000 ecus para la compra de materiales, equipos, promoci\u00f3n y desarrollo de capacidades.<\/li><\/ul>\t\t\t\t\t\t\t\t<\/div>\n\t\t\t\t<\/div>\n\t\t\t\t<div class=\"elementor-element elementor-element-88c6809 elementor-widget elementor-widget-text-editor\" data-id=\"88c6809\" data-element_type=\"widget\" data-widget_type=\"text-editor.default\">\n\t\t\t\t<div class=\"elementor-widget-container\">\n\t\t\t\t\t\t\t\t\t<p><span style=\"font-weight: 400;\">Al integrar estas dos categor\u00edas, el <\/span>Fondo de Subvenciones a la Econom\u00eda Creativa<span style=\"font-weight: 400;\">  cubre tanto las necesidades inmediatas de formaci\u00f3n como la inversi\u00f3n estructural en producci\u00f3n. Es un enfoque pragm\u00e1tico que pretende dar a los creadores los medios para pasar de la idea a la realizaci\u00f3n. <\/span><\/p>\t\t\t\t\t\t\t\t<\/div>\n\t\t\t\t<\/div>\n\t\t\t\t<section class=\"elementor-section elementor-inner-section elementor-element elementor-element-210c6a3 elementor-section-boxed elementor-section-height-default elementor-section-height-default\" data-id=\"210c6a3\" data-element_type=\"section\">\n\t\t\t\t\t\t<div class=\"elementor-container elementor-column-gap-default\">\n\t\t\t\t\t<div class=\"elementor-column elementor-col-100 elementor-inner-column elementor-element elementor-element-959384a\" data-id=\"959384a\" data-element_type=\"column\">\n\t\t\t<div class=\"elementor-widget-wrap elementor-element-populated\">\n\t\t\t\t\t\t<div class=\"elementor-element elementor-element-cc564a7 elementor-widget elementor-widget-image\" data-id=\"cc564a7\" data-element_type=\"widget\" data-widget_type=\"image.default\">\n\t\t\t\t<div class=\"elementor-widget-container\">\n\t\t\t\t\t\t\t\t\t\t\t\t\t\t\t<img fetchpriority=\"high\" decoding=\"async\" width=\"800\" height=\"800\" src=\"https:\/\/richeskarayib.com\/wp-content\/uploads\/2025\/08\/539362452_1170959778392860_5718017109558088555_n-1024x1024.jpg\" class=\"attachment-large size-large wp-image-59037\" alt=\"Creative Economy Grant Fund\" srcset=\"https:\/\/richeskarayib.com\/wp-content\/uploads\/2025\/08\/539362452_1170959778392860_5718017109558088555_n-1024x1024.jpg 1024w, https:\/\/richeskarayib.com\/wp-content\/uploads\/2025\/08\/539362452_1170959778392860_5718017109558088555_n-300x300.jpg 300w, https:\/\/richeskarayib.com\/wp-content\/uploads\/2025\/08\/539362452_1170959778392860_5718017109558088555_n-150x150.jpg 150w, https:\/\/richeskarayib.com\/wp-content\/uploads\/2025\/08\/539362452_1170959778392860_5718017109558088555_n-768x768.jpg 768w, https:\/\/richeskarayib.com\/wp-content\/uploads\/2025\/08\/539362452_1170959778392860_5718017109558088555_n-1536x1536.jpg 1536w, https:\/\/richeskarayib.com\/wp-content\/uploads\/2025\/08\/539362452_1170959778392860_5718017109558088555_n-1320x1320.jpg 1320w, https:\/\/richeskarayib.com\/wp-content\/uploads\/2025\/08\/539362452_1170959778392860_5718017109558088555_n.jpg 1920w\" sizes=\"(max-width: 800px) 100vw, 800px\" \/>\t\t\t\t\t\t\t\t\t\t\t\t\t\t\t<\/div>\n\t\t\t\t<\/div>\n\t\t\t\t\t<\/div>\n\t\t<\/div>\n\t\t\t\t\t<\/div>\n\t\t<\/section>\n\t\t\t\t\t<\/div>\n\t\t<\/div>\n\t\t\t\t\t<\/div>\n\t\t<\/section>\n\t\t\t\t<section class=\"elementor-section elementor-top-section elementor-element elementor-element-6f34adc elementor-section-boxed elementor-section-height-default elementor-section-height-default\" data-id=\"6f34adc\" data-element_type=\"section\">\n\t\t\t\t\t\t<div class=\"elementor-container elementor-column-gap-default\">\n\t\t\t\t\t<div class=\"elementor-column elementor-col-100 elementor-top-column elementor-element elementor-element-787608c\" data-id=\"787608c\" data-element_type=\"column\">\n\t\t\t<div class=\"elementor-widget-wrap elementor-element-populated\">\n\t\t\t\t\t\t<div class=\"elementor-element elementor-element-d1b2db8 elementor-widget elementor-widget-heading\" data-id=\"d1b2db8\" data-element_type=\"widget\" data-widget_type=\"heading.default\">\n\t\t\t\t<div class=\"elementor-widget-container\">\n\t\t\t\t\t<h2 class=\"elementor-heading-title elementor-size-default\">Objetivos claros<\/h2>\t\t\t\t<\/div>\n\t\t\t\t<\/div>\n\t\t\t\t<div class=\"elementor-element elementor-element-c5c79cd elementor-widget elementor-widget-text-editor\" data-id=\"c5c79cd\" data-element_type=\"widget\" data-widget_type=\"text-editor.default\">\n\t\t\t\t<div class=\"elementor-widget-container\">\n\t\t\t\t\t\t\t\t\t<p><span style=\"font-weight: 400;\">El gobierno de <a href=\"https:\/\/richeskarayib.com\/es\/santa-lucia-nigeria-cooperacion-africa-caribe-la-visita-del-presidente-tinubu-a-santa-lucia-marca-un-punto-de-inflexion-en-la-geopolitica-sur-sur\/\" target=\"_blank\" rel=\"noopener\">Santa Luc\u00eda<\/a> ha definido varias prioridades para orientar el Fondo de Subvenciones a la Econom\u00eda Creativa:<\/span><\/p><ol><li style=\"font-weight: 400;\" aria-level=\"1\"><span style=\"font-weight: 400;\">Fomentar <\/span>la calidad y la innovaci\u00f3n<span style=\"font-weight: 400;\"> en la producci\u00f3n art\u00edstica.<\/span><\/li><li style=\"font-weight: 400;\" aria-level=\"1\"><span style=\"font-weight: 400;\">Reforzar la <\/span>capacidad empresarial<span style=\"font-weight: 400;\"> de los agentes creativos.<\/span><\/li><li style=\"font-weight: 400;\" aria-level=\"1\"><span style=\"font-weight: 400;\">Fomentar <\/span>la colaboraci\u00f3n y la tutor\u00eda<span style=\"font-weight: 400;\"> para estimular las redes locales.<\/span><\/li><li style=\"font-weight: 400;\" aria-level=\"1\"><span style=\"font-weight: 400;\">Promover <\/span>la inclusi\u00f3n real<span style=\"font-weight: 400;\">, en particular apoyando a los subsectores infrarrepresentados.<\/span><\/li><li style=\"font-weight: 400;\" aria-level=\"1\">Desarrollar audiencias y mercados para ampliar el impacto econ\u00f3mico y social.<\/li><\/ol>\t\t\t\t\t\t\t\t<\/div>\n\t\t\t\t<\/div>\n\t\t\t\t<div class=\"elementor-element elementor-element-61e5e8d elementor-widget elementor-widget-text-editor\" data-id=\"61e5e8d\" data-element_type=\"widget\" data-widget_type=\"text-editor.default\">\n\t\t\t\t<div class=\"elementor-widget-container\">\n\t\t\t\t\t\t\t\t\t<p><span style=\"font-weight: 400;\">En otras palabras, este fondo no es una subvenci\u00f3n puntual: es una palanca estrat\u00e9gica dise\u00f1ada para reforzar el papel de la creatividad en la construcci\u00f3n nacional.<\/span><\/p>\t\t\t\t\t\t\t\t<\/div>\n\t\t\t\t<\/div>\n\t\t\t\t\t<\/div>\n\t\t<\/div>\n\t\t\t\t\t<\/div>\n\t\t<\/section>\n\t\t\t\t<section class=\"elementor-section elementor-top-section elementor-element elementor-element-42f0530 elementor-section-boxed elementor-section-height-default elementor-section-height-default\" data-id=\"42f0530\" data-element_type=\"section\">\n\t\t\t\t\t\t<div class=\"elementor-container elementor-column-gap-default\">\n\t\t\t\t\t<div class=\"elementor-column elementor-col-100 elementor-top-column elementor-element elementor-element-11640c4\" data-id=\"11640c4\" data-element_type=\"column\">\n\t\t\t<div class=\"elementor-widget-wrap elementor-element-populated\">\n\t\t\t\t\t\t<div class=\"elementor-element elementor-element-cb0171b elementor-widget elementor-widget-heading\" data-id=\"cb0171b\" data-element_type=\"widget\" data-widget_type=\"heading.default\">\n\t\t\t\t<div class=\"elementor-widget-container\">\n\t\t\t\t\t<h2 class=\"elementor-heading-title elementor-size-default\">Un enfoque inclusivo y accesible<\/h2>\t\t\t\t<\/div>\n\t\t\t\t<\/div>\n\t\t\t\t<div class=\"elementor-element elementor-element-bc206ec elementor-widget elementor-widget-text-editor\" data-id=\"bc206ec\" data-element_type=\"widget\" data-widget_type=\"text-editor.default\">\n\t\t\t\t<div class=\"elementor-widget-container\">\n\t\t\t\t\t\t\t\t\t<p><span style=\"font-weight: 400;\">Una de las caracter\u00edsticas clave del <a href=\"https:\/\/stluciatimes.com\/172578\/2025\/08\/artists-creatives-to-benefit-from-350k-government-fund\/\" target=\"_blank\" rel=\"noopener nofollow\">Fondo de Subvenciones a la Econom\u00eda Creativa<\/a> es su car\u00e1cter abierto. Los solicitantes deben tener 16 a\u00f1os o m\u00e1s, y pueden ser particulares, microempresas o grupos culturales. Este enfoque inclusivo refleja el deseo de democratizar el acceso a la financiaci\u00f3n p\u00fablica.  <\/span><\/p><p><span style=\"font-weight: 400;\">El proceso tambi\u00e9n es sencillo y transparente: los solicitantes deben enviar su solicitud por correo electr\u00f3nico a <\/span><i><span style=\"font-weight: 400;\"><span \n                data-original-string='7e7\/jMOYgA5f82kVfPIRXA==66dFmsdJKBH4cQ3pWTYLTjc41lXJp9Eq1bqmEjNufaXnZo='\n                class='apbct-email-encoder'\n                title='Este contacto ha sido codificado por Anti-Spam by CleanTalk. Haz clic para decodificar. Para finalizar la decodificaci\u00f3n, aseg\u00farate de que JavaScript est\u00e1 activado en tu navegador.'>st<span class=\"apbct-blur\">**************<\/span>@<span class=\"apbct-blur\">***<\/span>il.com<\/span><\/span><\/i><span style=\"font-weight: 400;\">  entre septiembre y el 30 de octubre de 2025. Esta facilidad de acceso contrasta con la burocracia que a menudo se achaca a otros programas regionales. <\/span><\/p>\t\t\t\t\t\t\t\t<\/div>\n\t\t\t\t<\/div>\n\t\t\t\t<section class=\"elementor-section elementor-inner-section elementor-element elementor-element-02d9650 elementor-section-boxed elementor-section-height-default elementor-section-height-default\" data-id=\"02d9650\" data-element_type=\"section\">\n\t\t\t\t\t\t<div class=\"elementor-container elementor-column-gap-default\">\n\t\t\t\t\t<div class=\"elementor-column elementor-col-100 elementor-inner-column elementor-element elementor-element-4e866cc\" data-id=\"4e866cc\" data-element_type=\"column\">\n\t\t\t<div class=\"elementor-widget-wrap elementor-element-populated\">\n\t\t\t\t\t\t<div class=\"elementor-element elementor-element-c76f6a4 elementor-widget elementor-widget-image\" data-id=\"c76f6a4\" data-element_type=\"widget\" data-widget_type=\"image.default\">\n\t\t\t\t<div class=\"elementor-widget-container\">\n\t\t\t\t\t\t\t\t\t\t\t\t<figure class=\"wp-caption\">\n\t\t\t\t\t\t\t\t\t\t<img decoding=\"async\" width=\"800\" height=\"800\" src=\"https:\/\/richeskarayib.com\/wp-content\/uploads\/2025\/08\/\u00a9saintlucianewsonline.jpg\" class=\"attachment-large size-large wp-image-59041\" alt=\"Creative Economy Grant Fund\" srcset=\"https:\/\/richeskarayib.com\/wp-content\/uploads\/2025\/08\/\u00a9saintlucianewsonline.jpg 850w, https:\/\/richeskarayib.com\/wp-content\/uploads\/2025\/08\/\u00a9saintlucianewsonline-300x300.jpg 300w, https:\/\/richeskarayib.com\/wp-content\/uploads\/2025\/08\/\u00a9saintlucianewsonline-150x150.jpg 150w, https:\/\/richeskarayib.com\/wp-content\/uploads\/2025\/08\/\u00a9saintlucianewsonline-768x768.jpg 768w\" sizes=\"(max-width: 800px) 100vw, 800px\" \/>\t\t\t\t\t\t\t\t\t\t\t<figcaption class=\"widget-image-caption wp-caption-text\">\u00a9saintlucianewsonline<\/figcaption>\n\t\t\t\t\t\t\t\t\t\t<\/figure>\n\t\t\t\t\t\t\t\t\t<\/div>\n\t\t\t\t<\/div>\n\t\t\t\t\t<\/div>\n\t\t<\/div>\n\t\t\t\t\t<\/div>\n\t\t<\/section>\n\t\t\t\t\t<\/div>\n\t\t<\/div>\n\t\t\t\t\t<\/div>\n\t\t<\/section>\n\t\t\t\t<section class=\"elementor-section elementor-top-section elementor-element elementor-element-4575648 elementor-section-boxed elementor-section-height-default elementor-section-height-default\" data-id=\"4575648\" data-element_type=\"section\">\n\t\t\t\t\t\t<div class=\"elementor-container elementor-column-gap-default\">\n\t\t\t\t\t<div class=\"elementor-column elementor-col-100 elementor-top-column elementor-element elementor-element-66675d3\" data-id=\"66675d3\" data-element_type=\"column\">\n\t\t\t<div class=\"elementor-widget-wrap elementor-element-populated\">\n\t\t\t\t\t\t<div class=\"elementor-element elementor-element-797dd2b elementor-widget elementor-widget-heading\" data-id=\"797dd2b\" data-element_type=\"widget\" data-widget_type=\"heading.default\">\n\t\t\t\t<div class=\"elementor-widget-container\">\n\t\t\t\t\t<h2 class=\"elementor-heading-title elementor-size-default\">Una filosof\u00eda de gobierno asertiva<\/h2>\t\t\t\t<\/div>\n\t\t\t\t<\/div>\n\t\t\t\t<div class=\"elementor-element elementor-element-78fe86c elementor-widget elementor-widget-text-editor\" data-id=\"78fe86c\" data-element_type=\"widget\" data-widget_type=\"text-editor.default\">\n\t\t\t\t<div class=\"elementor-widget-container\">\n\t\t\t\t\t\t\t\t\t<p><span style=\"font-weight: 400;\">Para el Primer Ministro Philip J. Pierre, el Fondo de Subvenciones a la Econom\u00eda Creativa ilustra una filosof\u00eda coherente: ampliar las oportunidades mediante la empresa y la innovaci\u00f3n. En su discurso, record\u00f3 al p\u00fablico que la econom\u00eda no es s\u00f3lo cuesti\u00f3n de n\u00fameros, sino que debe ofrecer oportunidades concretas a todos los ciudadanos. <\/span><\/p>\t\t\t\t\t\t\t\t<\/div>\n\t\t\t\t<\/div>\n\t\t\t\t<div class=\"elementor-element elementor-element-b523c2c elementor-widget elementor-widget-text-editor\" data-id=\"b523c2c\" data-element_type=\"widget\" data-widget_type=\"text-editor.default\">\n\t\t\t\t<div class=\"elementor-widget-container\">\n\t\t\t\t\t\t\t\t\t<p><span style=\"font-weight: 400;\">Por su parte, el ministro Ernest Hilaire hizo hincapi\u00e9 en el impacto directo sobre los creadores. Seg\u00fan \u00e9l, Santa Luc\u00eda rebosa talento en m\u00fasica, teatro, artes visuales y dise\u00f1o. Pero con demasiada frecuencia este talento se queda en la fase potencial, por falta de recursos. El Fondo de Subvenciones a la Econom\u00eda Creativa pretende transformar este potencial en producci\u00f3n, y estas ideas en ingresos.   <\/span><\/p>\t\t\t\t\t\t\t\t<\/div>\n\t\t\t\t<\/div>\n\t\t\t\t<section class=\"elementor-section elementor-inner-section elementor-element elementor-element-4ef816a elementor-section-boxed elementor-section-height-default elementor-section-height-default\" data-id=\"4ef816a\" data-element_type=\"section\">\n\t\t\t\t\t\t<div class=\"elementor-container elementor-column-gap-default\">\n\t\t\t\t\t<div class=\"elementor-column elementor-col-100 elementor-inner-column elementor-element elementor-element-89a8715\" data-id=\"89a8715\" data-element_type=\"column\">\n\t\t\t<div class=\"elementor-widget-wrap elementor-element-populated\">\n\t\t\t\t\t\t<div class=\"elementor-element elementor-element-8a4623c elementor-widget elementor-widget-video\" data-id=\"8a4623c\" data-element_type=\"widget\" data-settings=\"{&quot;video_type&quot;:&quot;hosted&quot;,&quot;controls&quot;:&quot;yes&quot;}\" data-widget_type=\"video.default\">\n\t\t\t\t<div class=\"elementor-widget-container\">\n\t\t\t\t\t\t\t<div class=\"e-hosted-video elementor-wrapper elementor-open-inline\">\n\t\t\t\t\t<video class=\"elementor-video\" src=\"https:\/\/richeskarayib.com\/wp-content\/uploads\/2025\/08\/Creative-Industries-.mp4\" controls=\"\" preload=\"metadata\" controlsList=\"nodownload\"><\/video>\n\t\t\t\t<\/div>\n\t\t\t\t\t\t<\/div>\n\t\t\t\t<\/div>\n\t\t\t\t\t<\/div>\n\t\t<\/div>\n\t\t\t\t\t<\/div>\n\t\t<\/section>\n\t\t\t\t\t<\/div>\n\t\t<\/div>\n\t\t\t\t\t<\/div>\n\t\t<\/section>\n\t\t\t\t<section class=\"elementor-section elementor-top-section elementor-element elementor-element-e2a8f98 elementor-section-boxed elementor-section-height-default elementor-section-height-default\" data-id=\"e2a8f98\" data-element_type=\"section\">\n\t\t\t\t\t\t<div class=\"elementor-container elementor-column-gap-default\">\n\t\t\t\t\t<div class=\"elementor-column elementor-col-100 elementor-top-column elementor-element elementor-element-361d762\" data-id=\"361d762\" data-element_type=\"column\">\n\t\t\t<div class=\"elementor-widget-wrap elementor-element-populated\">\n\t\t\t\t\t\t<div class=\"elementor-element elementor-element-8e50c6b elementor-widget elementor-widget-heading\" data-id=\"8e50c6b\" data-element_type=\"widget\" data-widget_type=\"heading.default\">\n\t\t\t\t<div class=\"elementor-widget-container\">\n\t\t\t\t\t<h2 class=\"elementor-heading-title elementor-size-default\">Un contexto regional favorable<\/h2>\t\t\t\t<\/div>\n\t\t\t\t<\/div>\n\t\t\t\t<div class=\"elementor-element elementor-element-5d8085c elementor-widget elementor-widget-text-editor\" data-id=\"5d8085c\" data-element_type=\"widget\" data-widget_type=\"text-editor.default\">\n\t\t\t\t<div class=\"elementor-widget-container\">\n\t\t\t\t\t\t\t\t\t<p><span style=\"font-weight: 400;\">El anuncio del Fondo de Subvenciones a la Econom\u00eda Creativa forma parte de una iniciativa caribe\u00f1a m\u00e1s amplia. Varios territorios, como Barbados y Jamaica, ya han creado fondos de apoyo similares para reforzar sus industrias culturales y creativas. Estos sectores se consideran ahora motores de la diversificaci\u00f3n econ\u00f3mica, capaces de generar empleo, atraer inversiones y reforzar la identidad cultural de la regi\u00f3n.  <\/span><\/p>\t\t\t\t\t\t\t\t<\/div>\n\t\t\t\t<\/div>\n\t\t\t\t<div class=\"elementor-element elementor-element-31b3580 elementor-widget elementor-widget-text-editor\" data-id=\"31b3580\" data-element_type=\"widget\" data-widget_type=\"text-editor.default\">\n\t\t\t\t<div class=\"elementor-widget-container\">\n\t\t\t\t\t\t\t\t\t<p><span style=\"font-weight: 400;\">Al dotarse de una herramienta de este tipo, Santa Luc\u00eda se suma a una estrategia regional de promoci\u00f3n de la cultura como recurso econ\u00f3mico. La isla afirma su determinaci\u00f3n de no permanecer al margen de este movimiento, sino de desempe\u00f1ar un papel activo en la consolidaci\u00f3n de la econom\u00eda creativa caribe\u00f1a. <\/span><\/p>\t\t\t\t\t\t\t\t<\/div>\n\t\t\t\t<\/div>\n\t\t\t\t\t<\/div>\n\t\t<\/div>\n\t\t\t\t\t<\/div>\n\t\t<\/section>\n\t\t\t\t<section class=\"elementor-section elementor-top-section elementor-element elementor-element-6735e3b elementor-section-boxed elementor-section-height-default elementor-section-height-default\" data-id=\"6735e3b\" data-element_type=\"section\">\n\t\t\t\t\t\t<div class=\"elementor-container elementor-column-gap-default\">\n\t\t\t\t\t<div class=\"elementor-column elementor-col-100 elementor-top-column elementor-element elementor-element-a097fe4\" data-id=\"a097fe4\" data-element_type=\"column\">\n\t\t\t<div class=\"elementor-widget-wrap elementor-element-populated\">\n\t\t\t\t\t\t<div class=\"elementor-element elementor-element-3e3de7f elementor-widget elementor-widget-heading\" data-id=\"3e3de7f\" data-element_type=\"widget\" data-widget_type=\"heading.default\">\n\t\t\t\t<div class=\"elementor-widget-container\">\n\t\t\t\t\t<h2 class=\"elementor-heading-title elementor-size-default\">Beneficios previstos para Santa Luc\u00eda<\/h2>\t\t\t\t<\/div>\n\t\t\t\t<\/div>\n\t\t\t\t<div class=\"elementor-element elementor-element-be4a044 elementor-widget elementor-widget-text-editor\" data-id=\"be4a044\" data-element_type=\"widget\" data-widget_type=\"text-editor.default\">\n\t\t\t\t<div class=\"elementor-widget-container\">\n\t\t\t\t\t\t\t\t\t<p><span style=\"font-weight: 400;\">Los beneficios del Fondo de Subvenciones a la Econom\u00eda Creativa deber\u00edan ser m\u00faltiples:<\/span><\/p><ul><li style=\"font-weight: 400;\" aria-level=\"1\"><b>Econom\u00eda<\/b><span style=\"font-weight: 400;\"> Creaci\u00f3n de empleo, est\u00edmulo a las peque\u00f1as empresas y aumento de los ingresos de los artistas.<\/span><\/li><li style=\"font-weight: 400;\" aria-level=\"1\"><b>\u2705 Cultural<\/b><span style=\"font-weight: 400;\"> Mejora de la calidad de las producciones locales, mayor proyecci\u00f3n internacional del talento de Santa Luc\u00eda.<\/span><\/li><li style=\"font-weight: 400;\" aria-level=\"1\">\u2705 <b>Social<\/b>: inclusi\u00f3n de j\u00f3venes creadores y sectores marginados, reforzando el sentimiento de identidad nacional.<\/li><\/ul>\t\t\t\t\t\t\t\t<\/div>\n\t\t\t\t<\/div>\n\t\t\t\t<div class=\"elementor-element elementor-element-79ddc24 elementor-widget elementor-widget-text-editor\" data-id=\"79ddc24\" data-element_type=\"widget\" data-widget_type=\"text-editor.default\">\n\t\t\t\t<div class=\"elementor-widget-container\">\n\t\t\t\t\t\t\t\t\t<p><span style=\"font-weight: 400;\">A medio plazo, este fondo podr\u00eda ayudar a posicionar a Santa Luc\u00eda como centro cultural regional, capaz de atraer festivales, exposiciones y proyectos de colaboraci\u00f3n en todo el Caribe.<\/span><\/p>\t\t\t\t\t\t\t\t<\/div>\n\t\t\t\t<\/div>\n\t\t\t\t\t<\/div>\n\t\t<\/div>\n\t\t\t\t\t<\/div>\n\t\t<\/section>\n\t\t\t\t<section class=\"elementor-section elementor-top-section elementor-element elementor-element-c971598 elementor-section-boxed elementor-section-height-default elementor-section-height-default\" data-id=\"c971598\" data-element_type=\"section\">\n\t\t\t\t\t\t<div class=\"elementor-container elementor-column-gap-default\">\n\t\t\t\t\t<div class=\"elementor-column elementor-col-100 elementor-top-column elementor-element elementor-element-761b32e\" data-id=\"761b32e\" data-element_type=\"column\">\n\t\t\t<div class=\"elementor-widget-wrap elementor-element-populated\">\n\t\t\t\t\t\t<div class=\"elementor-element elementor-element-8ec6b67 elementor-widget elementor-widget-text-editor\" data-id=\"8ec6b67\" data-element_type=\"widget\" data-widget_type=\"text-editor.default\">\n\t\t\t\t<div class=\"elementor-widget-container\">\n\t\t\t\t\t\t\t\t\t<p><span style=\"font-weight: 400;\">El Fondo de Subvenciones a la Econom\u00eda Creativa, dotado con 350.000 ecus, es mucho m\u00e1s que una partida presupuestaria: encarna una visi\u00f3n nacional que sit\u00faa la cultura y la creatividad en el centro del crecimiento de Santa Luc\u00eda. Al apoyar directamente a artistas, empresarios y colectivos culturales, el gobierno ofrece formas concretas de transformar el potencial creativo en oportunidades econ\u00f3micas sostenibles. <\/span><\/p><p><span style=\"font-weight: 400;\">M\u00e1s all\u00e1 de su impacto local, esta iniciativa forma parte de una din\u00e1mica regional en la que el Caribe conf\u00eda cada vez m\u00e1s en sus industrias culturales como palancas de desarrollo. Si el Fondo de Subvenciones a la Econom\u00eda Creativa consigue estimular la producci\u00f3n, ampliar los mercados y ayudar a que surjan nuevas figuras art\u00edsticas, Santa Luc\u00eda podr\u00eda posicionarse como un aut\u00e9ntico modelo para las peque\u00f1as naciones insulares. <\/span><\/p>\t\t\t\t\t\t\t\t<\/div>\n\t\t\t\t<\/div>\n\t\t\t\t\t<\/div>\n\t\t<\/div>\n\t\t\t\t\t<\/div>\n\t\t<\/section>\n\t\t\t\t<\/div>\n\t\t","protected":false},"excerpt":{"rendered":"<p>Un anuncio importante para la cultura y la econom\u00eda Santa Luc\u00eda est\u00e1 dando un paso decisivo hacia el desarrollo de su potencial cultural y empresarial. El 25 de agosto de 2025, en Castries, el Primer Ministro, Philip J. Pierre, anunci\u00f3 la creaci\u00f3n del Fondo de Subvenciones a la Econom\u00eda Creativa, dotado con un presupuesto de [&hellip;]<\/p>\n","protected":false},"author":662,"featured_media":59029,"comment_status":"open","ping_status":"open","sticky":false,"template":"","format":"standard","meta":{"_acf_changed":false,"footnotes":""},"categories":[839],"tags":[1594],"class_list":["post-59043","post","type-post","status-publish","format-standard","has-post-thumbnail","hentry","category-noticias","tag-sainte-lucie-es"],"acf":[],"_links":{"self":[{"href":"https:\/\/richeskarayib.com\/es\/wp-json\/wp\/v2\/posts\/59043","targetHints":{"allow":["GET"]}}],"collection":[{"href":"https:\/\/richeskarayib.com\/es\/wp-json\/wp\/v2\/posts"}],"about":[{"href":"https:\/\/richeskarayib.com\/es\/wp-json\/wp\/v2\/types\/post"}],"author":[{"embeddable":true,"href":"https:\/\/richeskarayib.com\/es\/wp-json\/wp\/v2\/users\/662"}],"replies":[{"embeddable":true,"href":"https:\/\/richeskarayib.com\/es\/wp-json\/wp\/v2\/comments?post=59043"}],"version-history":[{"count":0,"href":"https:\/\/richeskarayib.com\/es\/wp-json\/wp\/v2\/posts\/59043\/revisions"}],"wp:featuredmedia":[{"embeddable":true,"href":"https:\/\/richeskarayib.com\/es\/wp-json\/wp\/v2\/media\/59029"}],"wp:attachment":[{"href":"https:\/\/richeskarayib.com\/es\/wp-json\/wp\/v2\/media?parent=59043"}],"wp:term":[{"taxonomy":"category","embeddable":true,"href":"https:\/\/richeskarayib.com\/es\/wp-json\/wp\/v2\/categories?post=59043"},{"taxonomy":"post_tag","embeddable":true,"href":"https:\/\/richeskarayib.com\/es\/wp-json\/wp\/v2\/tags?post=59043"}],"curies":[{"name":"wp","href":"https:\/\/api.w.org\/{rel}","templated":true}]}}