{"id":60369,"date":"2025-09-01T06:45:28","date_gmt":"2025-09-01T10:45:28","guid":{"rendered":"https:\/\/richeskarayib.com\/carifesta-xv-opal-palmer-adisa-escribir-el-caribe-entre-memoria-lengua-y-patrimonio\/"},"modified":"2025-09-03T23:34:19","modified_gmt":"2025-09-04T03:34:19","slug":"carifesta-xv-opal-palmer-adisa-escribir-el-caribe-entre-memoria-lengua-y-patrimonio","status":"publish","type":"post","link":"https:\/\/richeskarayib.com\/es\/carifesta-xv-opal-palmer-adisa-escribir-el-caribe-entre-memoria-lengua-y-patrimonio\/","title":{"rendered":"[CARIFESTA XV] &#8211; Opal Palmer Adisa: escribir el Caribe entre memoria, lengua y patrimonio"},"content":{"rendered":"\t\t<div data-elementor-type=\"wp-post\" data-elementor-id=\"60369\" class=\"elementor elementor-60369 elementor-60333\" data-elementor-post-type=\"post\">\n\t\t\t\t\t\t<section class=\"elementor-section elementor-top-section elementor-element elementor-element-7ca7ca1 elementor-section-boxed elementor-section-height-default elementor-section-height-default\" data-id=\"7ca7ca1\" data-element_type=\"section\">\n\t\t\t\t\t\t<div class=\"elementor-container elementor-column-gap-default\">\n\t\t\t\t\t<div class=\"elementor-column elementor-col-100 elementor-top-column elementor-element elementor-element-cbdd002\" data-id=\"cbdd002\" data-element_type=\"column\">\n\t\t\t<div class=\"elementor-widget-wrap elementor-element-populated\">\n\t\t\t\t\t\t<section class=\"elementor-section elementor-inner-section elementor-element elementor-element-bc94849 elementor-section-boxed elementor-section-height-default elementor-section-height-default\" data-id=\"bc94849\" data-element_type=\"section\">\n\t\t\t\t\t\t<div class=\"elementor-container elementor-column-gap-default\">\n\t\t\t\t\t\t<\/div>\n\t\t<\/section>\n\t\t\t\t<section class=\"elementor-section elementor-inner-section elementor-element elementor-element-61571e6 elementor-section-boxed elementor-section-height-default elementor-section-height-default\" data-id=\"61571e6\" data-element_type=\"section\">\n\t\t\t\t\t\t<div class=\"elementor-container elementor-column-gap-default\">\n\t\t\t\t\t\t<\/div>\n\t\t<\/section>\n\t\t\t\t<section class=\"elementor-section elementor-inner-section elementor-element elementor-element-b6262e0 elementor-section-boxed elementor-section-height-default elementor-section-height-default\" data-id=\"b6262e0\" data-element_type=\"section\">\n\t\t\t\t\t\t<div class=\"elementor-container elementor-column-gap-default\">\n\t\t\t\t\t\t<\/div>\n\t\t<\/section>\n\t\t\t\t<section class=\"elementor-section elementor-inner-section elementor-element elementor-element-cca29fd elementor-section-boxed elementor-section-height-default elementor-section-height-default\" data-id=\"cca29fd\" data-element_type=\"section\">\n\t\t\t\t\t\t<div class=\"elementor-container elementor-column-gap-default\">\n\t\t\t\t\t\t<\/div>\n\t\t<\/section>\n\t\t\t\t\t<\/div>\n\t\t<\/div>\n\t\t\t\t\t<\/div>\n\t\t<\/section>\n\t\t\t\t<section class=\"elementor-section elementor-top-section elementor-element elementor-element-51a27bd elementor-section-boxed elementor-section-height-default elementor-section-height-default\" data-id=\"51a27bd\" data-element_type=\"section\">\n\t\t\t\t\t\t<div class=\"elementor-container elementor-column-gap-default\">\n\t\t\t\t\t<div class=\"elementor-column elementor-col-100 elementor-top-column elementor-element elementor-element-b5ad517\" data-id=\"b5ad517\" data-element_type=\"column\">\n\t\t\t<div class=\"elementor-widget-wrap elementor-element-populated\">\n\t\t\t\t\t\t<div class=\"elementor-element elementor-element-6b269d1 elementor-widget elementor-widget-heading\" data-id=\"6b269d1\" data-element_type=\"widget\" data-widget_type=\"heading.default\">\n\t\t\t\t<div class=\"elementor-widget-container\">\n\t\t\t\t\t<h2 class=\"elementor-heading-title elementor-size-default\">Un autor jamaicano imprescindible\n<\/h2>\t\t\t\t<\/div>\n\t\t\t\t<\/div>\n\t\t\t\t<div class=\"elementor-element elementor-element-81dd34b elementor-widget elementor-widget-image\" data-id=\"81dd34b\" data-element_type=\"widget\" data-widget_type=\"image.default\">\n\t\t\t\t<div class=\"elementor-widget-container\">\n\t\t\t\t\t\t\t\t\t\t\t\t\t\t\t<img fetchpriority=\"high\" decoding=\"async\" width=\"800\" height=\"800\" src=\"https:\/\/richeskarayib.com\/wp-content\/uploads\/2025\/09\/Untitled-design-7-1024x1024.png\" class=\"attachment-large size-large wp-image-60341\" alt=\"Opal Palmer Adisa\" srcset=\"https:\/\/richeskarayib.com\/wp-content\/uploads\/2025\/09\/Untitled-design-7-1024x1024.png 1024w, https:\/\/richeskarayib.com\/wp-content\/uploads\/2025\/09\/Untitled-design-7-300x300.png 300w, https:\/\/richeskarayib.com\/wp-content\/uploads\/2025\/09\/Untitled-design-7-150x150.png 150w, https:\/\/richeskarayib.com\/wp-content\/uploads\/2025\/09\/Untitled-design-7-768x768.png 768w, https:\/\/richeskarayib.com\/wp-content\/uploads\/2025\/09\/Untitled-design-7-1536x1536.png 1536w, https:\/\/richeskarayib.com\/wp-content\/uploads\/2025\/09\/Untitled-design-7-1320x1320.png 1320w, https:\/\/richeskarayib.com\/wp-content\/uploads\/2025\/09\/Untitled-design-7.png 1920w\" sizes=\"(max-width: 800px) 100vw, 800px\" \/>\t\t\t\t\t\t\t\t\t\t\t\t\t\t\t<\/div>\n\t\t\t\t<\/div>\n\t\t\t\t<div class=\"elementor-element elementor-element-5e0d570 elementor-widget elementor-widget-text-editor\" data-id=\"5e0d570\" data-element_type=\"widget\" data-widget_type=\"text-editor.default\">\n\t\t\t\t<div class=\"elementor-widget-container\">\n\t\t\t\t\t\t\t\t\t<p><a href=\"https:\/\/opalpalmeradisa.com\/\" target=\"_blank\" rel=\"noopener nofollow\"><b>Opal Palmer Adisa<\/b><\/a><span style=\"font-weight: 400;\">  es reconocida como una figura importante de la literatura caribe\u00f1a. Natural de <a href=\"https:\/\/richeskarayib.com\/es\/jamaica-la-historia-de-kingston-de-la-hundida-port-royal-a-la-resistente-capital-de-jamaica\/\" target=\"_blank\" rel=\"noopener\">Kingston<\/a>, ha llevado una carrera transnacional, movi\u00e9ndose entre Jamaica, Estados Unidos y toda la regi\u00f3n. Profesora y escritora, Opal Palmer Adisa ense\u00f1\u00f3 durante m\u00e1s de veinte a\u00f1os en California y ayud\u00f3 a fundar el    <\/span><b>Programa de Escritura Creativa del California College of the Arts<\/b><span style=\"font-weight: 400;\">. Tras regresar al Caribe, dirigi\u00f3 el<\/span><b>Instituto de Estudios de G\u00e9nero y Desarrollo<\/b><span style=\"font-weight: 400;\"> de la Universidad de las Indias Occidentales, y ha publicado m\u00e1s de veinticinco libros.<\/span><\/p><p><span style=\"font-weight: 400;\">T\u00edtulos como <\/span><i><span style=\"font-weight: 400;\">Comienza con l\u00e1grimas<\/span><\/i><span style=\"font-weight: 400;\">, <\/span><i><span style=\"font-weight: 400;\">Pintar para alejar los remordimientos<\/span><\/i><span style=\"font-weight: 400;\"> o <\/span><i><span style=\"font-weight: 400;\">Mujer de 4 cabezas<\/span><\/i><span style=\"font-weight: 400;\">Estas obras se leen como puntos de referencia en la exploraci\u00f3n de la identidad, el g\u00e9nero y el patrimonio hist\u00f3rico. A trav\u00e9s de su revista   <\/span><b>Entrevistando al Caribe<\/b><span style=\"font-weight: 400;\">Tambi\u00e9n ha creado un espacio para que escritores, artistas e intelectuales de la regi\u00f3n den su opini\u00f3n.<\/span><\/p>\t\t\t\t\t\t\t\t<\/div>\n\t\t\t\t<\/div>\n\t\t\t\t\t<\/div>\n\t\t<\/div>\n\t\t\t\t\t<\/div>\n\t\t<\/section>\n\t\t\t\t<section class=\"elementor-section elementor-top-section elementor-element elementor-element-5214e28 elementor-section-boxed elementor-section-height-default elementor-section-height-default\" data-id=\"5214e28\" data-element_type=\"section\">\n\t\t\t\t\t\t<div class=\"elementor-container elementor-column-gap-default\">\n\t\t\t\t\t<div class=\"elementor-column elementor-col-100 elementor-top-column elementor-element elementor-element-dade06d\" data-id=\"dade06d\" data-element_type=\"column\">\n\t\t\t<div class=\"elementor-widget-wrap elementor-element-populated\">\n\t\t\t\t\t\t<div class=\"elementor-element elementor-element-d1b711d elementor-widget elementor-widget-heading\" data-id=\"d1b711d\" data-element_type=\"widget\" data-widget_type=\"heading.default\">\n\t\t\t\t<div class=\"elementor-widget-container\">\n\t\t\t\t\t<h2 class=\"elementor-heading-title elementor-size-default\">Un taller de escritura basado en los sentidos y la memoria\n<\/h2>\t\t\t\t<\/div>\n\t\t\t\t<\/div>\n\t\t\t\t<div class=\"elementor-element elementor-element-4a2dcc1 elementor-widget elementor-widget-image\" data-id=\"4a2dcc1\" data-element_type=\"widget\" data-widget_type=\"image.default\">\n\t\t\t\t<div class=\"elementor-widget-container\">\n\t\t\t\t\t\t\t\t\t\t\t\t\t\t\t<img decoding=\"async\" width=\"800\" height=\"370\" src=\"https:\/\/richeskarayib.com\/wp-content\/uploads\/2025\/09\/WhatsApp-Image-2025-09-01-a-05.47.38_0940beba-1024x473.jpg\" class=\"attachment-large size-large wp-image-60345\" alt=\"Opal Palmer Adisa\" srcset=\"https:\/\/richeskarayib.com\/wp-content\/uploads\/2025\/09\/WhatsApp-Image-2025-09-01-a-05.47.38_0940beba-1024x473.jpg 1024w, https:\/\/richeskarayib.com\/wp-content\/uploads\/2025\/09\/WhatsApp-Image-2025-09-01-a-05.47.38_0940beba-300x139.jpg 300w, https:\/\/richeskarayib.com\/wp-content\/uploads\/2025\/09\/WhatsApp-Image-2025-09-01-a-05.47.38_0940beba-768x355.jpg 768w, https:\/\/richeskarayib.com\/wp-content\/uploads\/2025\/09\/WhatsApp-Image-2025-09-01-a-05.47.38_0940beba-1536x709.jpg 1536w, https:\/\/richeskarayib.com\/wp-content\/uploads\/2025\/09\/WhatsApp-Image-2025-09-01-a-05.47.38_0940beba-1320x610.jpg 1320w, https:\/\/richeskarayib.com\/wp-content\/uploads\/2025\/09\/WhatsApp-Image-2025-09-01-a-05.47.38_0940beba.jpg 1600w\" sizes=\"(max-width: 800px) 100vw, 800px\" \/>\t\t\t\t\t\t\t\t\t\t\t\t\t\t\t<\/div>\n\t\t\t\t<\/div>\n\t\t\t\t<div class=\"elementor-element elementor-element-a454b32 elementor-widget elementor-widget-text-editor\" data-id=\"a454b32\" data-element_type=\"widget\" data-widget_type=\"text-editor.default\">\n\t\t\t\t<div class=\"elementor-widget-container\">\n\t\t\t\t\t\t\t\t\t<p><span style=\"font-weight: 400;\">Durante <\/span><a href=\"https:\/\/www.carifesta.net\/\" target=\"_blank\" rel=\"noopener nofollow\"><b>CARIFESTA XV<\/b><\/a><span style=\"font-weight: 400;\"> en Barbados, <\/span><b>Opal Palmer Adisa<\/b><span style=\"font-weight: 400;\"> dirigi\u00f3 un taller como parte del programa literario <\/span><b>&#8220;Conversaci\u00f3n con los Poetas Laureados&#8221;.<\/b><span style=\"font-weight: 400;\">. Este espacio no era simplemente un momento de teor\u00eda, sino una aplicaci\u00f3n inmediata. Ella propuso   <\/span><b>incitar<\/b><span style=\"font-weight: 400;\"> para que los participantes escriban, he aqu\u00ed algunos ejemplos:<\/span><\/p><p><span style=\"font-weight: 400;\">&#8211; escribir &#8220;el sabor del hogar&#8221;, en cinco l\u00edneas, a trav\u00e9s de olores, texturas y colores ;<\/span><span style=\"font-weight: 400;\"><br><\/span><span style=\"font-weight: 400;\">&#8211; escuchar al mar como narrador que cuenta migraciones, sufrimientos y curaciones;<\/span><span style=\"font-weight: 400;\"><br><\/span><span style=\"font-weight: 400;\"><br><\/span><b>Este enfoque profundamente sensorial pretend\u00eda recordarnos que la escritura no es una abstracci\u00f3n: se nutre de lo que vemos, olemos, saboreamos y o\u00edmos a diario.<\/b><\/p>\t\t\t\t\t\t\t\t<\/div>\n\t\t\t\t<\/div>\n\t\t\t\t<div class=\"elementor-element elementor-element-afe5dfd elementor-widget elementor-widget-image\" data-id=\"afe5dfd\" data-element_type=\"widget\" data-widget_type=\"image.default\">\n\t\t\t\t<div class=\"elementor-widget-container\">\n\t\t\t\t\t\t\t\t\t\t\t\t\t\t\t<img decoding=\"async\" width=\"800\" height=\"370\" src=\"https:\/\/richeskarayib.com\/wp-content\/uploads\/2025\/09\/WhatsApp-Image-2025-08-29-a-01.37.40_56522e29-1024x473.jpg\" class=\"attachment-large size-large wp-image-60349\" alt=\"Opal Palmer Adisa\" srcset=\"https:\/\/richeskarayib.com\/wp-content\/uploads\/2025\/09\/WhatsApp-Image-2025-08-29-a-01.37.40_56522e29-1024x473.jpg 1024w, https:\/\/richeskarayib.com\/wp-content\/uploads\/2025\/09\/WhatsApp-Image-2025-08-29-a-01.37.40_56522e29-300x139.jpg 300w, https:\/\/richeskarayib.com\/wp-content\/uploads\/2025\/09\/WhatsApp-Image-2025-08-29-a-01.37.40_56522e29-768x355.jpg 768w, https:\/\/richeskarayib.com\/wp-content\/uploads\/2025\/09\/WhatsApp-Image-2025-08-29-a-01.37.40_56522e29-1536x709.jpg 1536w, https:\/\/richeskarayib.com\/wp-content\/uploads\/2025\/09\/WhatsApp-Image-2025-08-29-a-01.37.40_56522e29-1320x610.jpg 1320w, https:\/\/richeskarayib.com\/wp-content\/uploads\/2025\/09\/WhatsApp-Image-2025-08-29-a-01.37.40_56522e29.jpg 1600w\" sizes=\"(max-width: 800px) 100vw, 800px\" \/>\t\t\t\t\t\t\t\t\t\t\t\t\t\t\t<\/div>\n\t\t\t\t<\/div>\n\t\t\t\t\t<\/div>\n\t\t<\/div>\n\t\t\t\t\t<\/div>\n\t\t<\/section>\n\t\t\t\t<section class=\"elementor-section elementor-top-section elementor-element elementor-element-6f34adc elementor-section-boxed elementor-section-height-default elementor-section-height-default\" data-id=\"6f34adc\" data-element_type=\"section\">\n\t\t\t\t\t\t<div class=\"elementor-container elementor-column-gap-default\">\n\t\t\t\t\t<div class=\"elementor-column elementor-col-100 elementor-top-column elementor-element elementor-element-787608c\" data-id=\"787608c\" data-element_type=\"column\">\n\t\t\t<div class=\"elementor-widget-wrap elementor-element-populated\">\n\t\t\t\t\t\t<div class=\"elementor-element elementor-element-d1b2db8 elementor-widget elementor-widget-heading\" data-id=\"d1b2db8\" data-element_type=\"widget\" data-widget_type=\"heading.default\">\n\t\t\t\t<div class=\"elementor-widget-container\">\n\t\t\t\t\t<h2 class=\"elementor-heading-title elementor-size-default\">Los antepasados y el mar como gu\u00edas<\/h2>\t\t\t\t<\/div>\n\t\t\t\t<\/div>\n\t\t\t\t<div class=\"elementor-element elementor-element-c5c79cd elementor-widget elementor-widget-text-editor\" data-id=\"c5c79cd\" data-element_type=\"widget\" data-widget_type=\"text-editor.default\">\n\t\t\t\t<div class=\"elementor-widget-container\">\n\t\t\t\t\t\t\t\t\t<p><span style=\"font-weight: 400;\">El taller adquiri\u00f3 una dimensi\u00f3n casi ritual cuando <\/span><b>Opal Palmer Adisa<\/b><span style=\"font-weight: 400;\">  invit\u00f3 a todos a invocar los nombres de sus antepasados. Destac\u00f3 que la herencia matrilineal y patrilineal es una fuente de conocimientos e historias que a menudo se olvidan. Desde su punto de vista, escribir es una forma de renovar este hilo, interrumpido por la historia colonial.  <\/span><\/p>\t\t\t\t\t\t\t\t<\/div>\n\t\t\t\t<\/div>\n\t\t\t\t<div class=\"elementor-element elementor-element-bc14bce elementor-widget elementor-widget-image\" data-id=\"bc14bce\" data-element_type=\"widget\" data-widget_type=\"image.default\">\n\t\t\t\t<div class=\"elementor-widget-container\">\n\t\t\t\t\t\t\t\t\t\t\t\t\t\t\t<img loading=\"lazy\" decoding=\"async\" width=\"800\" height=\"370\" src=\"https:\/\/richeskarayib.com\/wp-content\/uploads\/2025\/09\/WhatsApp-Image-2025-08-29-a-01.37.40_53f89939-1024x473.jpg\" class=\"attachment-large size-large wp-image-60353\" alt=\"Opal Palmer Adisa\" srcset=\"https:\/\/richeskarayib.com\/wp-content\/uploads\/2025\/09\/WhatsApp-Image-2025-08-29-a-01.37.40_53f89939-1024x473.jpg 1024w, https:\/\/richeskarayib.com\/wp-content\/uploads\/2025\/09\/WhatsApp-Image-2025-08-29-a-01.37.40_53f89939-300x139.jpg 300w, https:\/\/richeskarayib.com\/wp-content\/uploads\/2025\/09\/WhatsApp-Image-2025-08-29-a-01.37.40_53f89939-768x355.jpg 768w, https:\/\/richeskarayib.com\/wp-content\/uploads\/2025\/09\/WhatsApp-Image-2025-08-29-a-01.37.40_53f89939-1536x709.jpg 1536w, https:\/\/richeskarayib.com\/wp-content\/uploads\/2025\/09\/WhatsApp-Image-2025-08-29-a-01.37.40_53f89939-1320x610.jpg 1320w, https:\/\/richeskarayib.com\/wp-content\/uploads\/2025\/09\/WhatsApp-Image-2025-08-29-a-01.37.40_53f89939.jpg 1600w\" sizes=\"(max-width: 800px) 100vw, 800px\" \/>\t\t\t\t\t\t\t\t\t\t\t\t\t\t\t<\/div>\n\t\t\t\t<\/div>\n\t\t\t\t<div class=\"elementor-element elementor-element-946995f elementor-widget elementor-widget-text-editor\" data-id=\"946995f\" data-element_type=\"widget\" data-widget_type=\"text-editor.default\">\n\t\t\t\t<div class=\"elementor-widget-container\">\n\t\t\t\t\t\t\t\t\t<p><span style=\"font-weight: 400;\">El mar era el otro foco principal de su trabajo. Pidi\u00f3 a los participantes que se proyectaran en \u00e9l, que sintieran el agua en la piel, la arena bajo los pies, las olas en el cuerpo. Para ella, el oc\u00e9ano es un libro abierto, un dep\u00f3sito de los dramas del pasado, pero tambi\u00e9n un espacio de curaci\u00f3n. Habl\u00f3 del     <\/span><b>Parque Escult\u00f3rico Submarino de Molinere<\/b><span style=\"font-weight: 400;\"> en Granada, subrayando la importancia de inscribir rituales conmemorativos vinculados al mar en la cultura caribe\u00f1a contempor\u00e1nea.<\/span><\/p>\t\t\t\t\t\t\t\t<\/div>\n\t\t\t\t<\/div>\n\t\t\t\t\t<\/div>\n\t\t<\/div>\n\t\t\t\t\t<\/div>\n\t\t<\/section>\n\t\t\t\t<section class=\"elementor-section elementor-top-section elementor-element elementor-element-cff8361 elementor-section-boxed elementor-section-height-default elementor-section-height-default\" data-id=\"cff8361\" data-element_type=\"section\">\n\t\t\t\t\t\t<div class=\"elementor-container elementor-column-gap-default\">\n\t\t\t\t\t<div class=\"elementor-column elementor-col-100 elementor-top-column elementor-element elementor-element-af61468\" data-id=\"af61468\" data-element_type=\"column\">\n\t\t\t<div class=\"elementor-widget-wrap elementor-element-populated\">\n\t\t\t\t\t\t<div class=\"elementor-element elementor-element-5af2607 elementor-widget elementor-widget-heading\" data-id=\"5af2607\" data-element_type=\"widget\" data-widget_type=\"heading.default\">\n\t\t\t\t<div class=\"elementor-widget-container\">\n\t\t\t\t\t<h2 class=\"elementor-heading-title elementor-size-default\">Diversidad cultural y lengua criolla<\/h2>\t\t\t\t<\/div>\n\t\t\t\t<\/div>\n\t\t\t\t<div class=\"elementor-element elementor-element-4bd1457 elementor-widget elementor-widget-text-editor\" data-id=\"4bd1457\" data-element_type=\"widget\" data-widget_type=\"text-editor.default\">\n\t\t\t\t<div class=\"elementor-widget-container\">\n\t\t\t\t\t\t\t\t\t<p><span style=\"font-weight: 400;\">La autora record\u00f3 que el Caribe naci\u00f3 del encuentro de m\u00faltiples herencias: los ta\u00efnos con la mandioca y el bami, los africanos con sus lenguas y ritmos, los indios y chinos con el arroz, las especias y el curry. En su opini\u00f3n, esta diversidad es una baza inmensa, pero todav\u00eda demasiado poco integrada en las representaciones colectivas. <\/span><\/p><p><b>Opal Palmer Adisa<\/b><span style=\"font-weight: 400;\">  subraya la importancia de escribir en lenguas criollas. Sostiene que estos modismos no son meros dialectos, sino cosmolog\u00edas enteras que transmiten una visi\u00f3n del mundo. Utilizarlas en la literatura significa resistirse al borrado cultural y rehabilitar el conocimiento.  <\/span><\/p>\t\t\t\t\t\t\t\t<\/div>\n\t\t\t\t<\/div>\n\t\t\t\t<div class=\"elementor-element elementor-element-dcedb36 elementor-widget elementor-widget-image\" data-id=\"dcedb36\" data-element_type=\"widget\" data-widget_type=\"image.default\">\n\t\t\t\t<div class=\"elementor-widget-container\">\n\t\t\t\t\t\t\t\t\t\t\t\t\t\t\t<img loading=\"lazy\" decoding=\"async\" width=\"800\" height=\"370\" src=\"https:\/\/richeskarayib.com\/wp-content\/uploads\/2025\/09\/WhatsApp-Image-2025-08-29-a-01.37.41_aeef6377-1024x473.jpg\" class=\"attachment-large size-large wp-image-60357\" alt=\"Opal Palmer Adisa\" srcset=\"https:\/\/richeskarayib.com\/wp-content\/uploads\/2025\/09\/WhatsApp-Image-2025-08-29-a-01.37.41_aeef6377-1024x473.jpg 1024w, https:\/\/richeskarayib.com\/wp-content\/uploads\/2025\/09\/WhatsApp-Image-2025-08-29-a-01.37.41_aeef6377-300x139.jpg 300w, https:\/\/richeskarayib.com\/wp-content\/uploads\/2025\/09\/WhatsApp-Image-2025-08-29-a-01.37.41_aeef6377-768x355.jpg 768w, https:\/\/richeskarayib.com\/wp-content\/uploads\/2025\/09\/WhatsApp-Image-2025-08-29-a-01.37.41_aeef6377-1536x709.jpg 1536w, https:\/\/richeskarayib.com\/wp-content\/uploads\/2025\/09\/WhatsApp-Image-2025-08-29-a-01.37.41_aeef6377-1320x610.jpg 1320w, https:\/\/richeskarayib.com\/wp-content\/uploads\/2025\/09\/WhatsApp-Image-2025-08-29-a-01.37.41_aeef6377.jpg 1600w\" sizes=\"(max-width: 800px) 100vw, 800px\" \/>\t\t\t\t\t\t\t\t\t\t\t\t\t\t\t<\/div>\n\t\t\t\t<\/div>\n\t\t\t\t\t<\/div>\n\t\t<\/div>\n\t\t\t\t\t<\/div>\n\t\t<\/section>\n\t\t\t\t<section class=\"elementor-section elementor-top-section elementor-element elementor-element-c08de8e elementor-section-boxed elementor-section-height-default elementor-section-height-default\" data-id=\"c08de8e\" data-element_type=\"section\">\n\t\t\t\t\t\t<div class=\"elementor-container elementor-column-gap-default\">\n\t\t\t\t\t<div class=\"elementor-column elementor-col-100 elementor-top-column elementor-element elementor-element-feefa06\" data-id=\"feefa06\" data-element_type=\"column\">\n\t\t\t<div class=\"elementor-widget-wrap elementor-element-populated\">\n\t\t\t\t\t\t<div class=\"elementor-element elementor-element-10e7c45 elementor-widget elementor-widget-heading\" data-id=\"10e7c45\" data-element_type=\"widget\" data-widget_type=\"heading.default\">\n\t\t\t\t<div class=\"elementor-widget-container\">\n\t\t\t\t\t<h2 class=\"elementor-heading-title elementor-size-default\">Una emergencia educativa\n<\/h2>\t\t\t\t<\/div>\n\t\t\t\t<\/div>\n\t\t\t\t<div class=\"elementor-element elementor-element-e1a1e9b elementor-widget elementor-widget-text-editor\" data-id=\"e1a1e9b\" data-element_type=\"widget\" data-widget_type=\"text-editor.default\">\n\t\t\t\t<div class=\"elementor-widget-container\">\n\t\t\t\t\t\t\t\t\t<p><span style=\"font-weight: 400;\">Para la escritora, este proceso debe empezar en la escuela. Lamenta que muchos ni\u00f1os jamaicanos no conozcan los nombres de los p\u00e1jaros, \u00e1rboles o plantas locales, sino que utilicen referencias importadas. Aboga por talleres de escritura a partir de la escuela primaria, para que los ni\u00f1os aprendan a expresar su entorno y desarrollen un sentimiento de orgullo por su identidad.  <\/span><\/p>\t\t\t\t\t\t\t\t<\/div>\n\t\t\t\t<\/div>\n\t\t\t\t<div class=\"elementor-element elementor-element-dd98832 elementor-widget elementor-widget-heading\" data-id=\"dd98832\" data-element_type=\"widget\" data-widget_type=\"heading.default\">\n\t\t\t\t<div class=\"elementor-widget-container\">\n\t\t\t\t\t<h2 class=\"elementor-heading-title elementor-size-default\">Hacia la unidad del Caribe\n\n<\/h2>\t\t\t\t<\/div>\n\t\t\t\t<\/div>\n\t\t\t\t<div class=\"elementor-element elementor-element-2310c79 elementor-widget elementor-widget-text-editor\" data-id=\"2310c79\" data-element_type=\"widget\" data-widget_type=\"text-editor.default\">\n\t\t\t\t<div class=\"elementor-widget-container\">\n\t\t\t\t\t\t\t\t\t<p><span style=\"font-weight: 400;\">Citando a <a href=\"https:\/\/richeskarayib.com\/es\/barbados-mia-mottley-el-aura-de-una-mujer-excepcional\/\" target=\"_blank\" rel=\"noopener\">Mia Mottley<\/a>, Primera Ministra de Barbados, <\/span><b>Opal Palmer Adisa<\/b><span style=\"font-weight: 400;\">  insisti\u00f3 en la necesidad de superar las fronteras nacionales para desarrollar una identidad com\u00fan. &#8221;  <\/span><i><span style=\"font-weight: 400;\">Tenemos que ser caribe\u00f1os<\/span><\/i><span style=\"font-weight: 400;\"> &#8220;, repite, como una invitaci\u00f3n a escribir una historia compartida, libre de estereotipos.<\/span><\/p><p><span style=\"font-weight: 400;\">  En lugar de limitarse a representar una isla, un pa\u00eds o un territorio, reclama un horizonte colectivo, en el que el Caribe cuente su propia historia como entidad viva, plural y unida.<\/span><\/p>\t\t\t\t\t\t\t\t<\/div>\n\t\t\t\t<\/div>\n\t\t\t\t<div class=\"elementor-element elementor-element-f50f2d6 elementor-widget elementor-widget-image\" data-id=\"f50f2d6\" data-element_type=\"widget\" data-widget_type=\"image.default\">\n\t\t\t\t<div class=\"elementor-widget-container\">\n\t\t\t\t\t\t\t\t\t\t\t\t\t\t\t<img loading=\"lazy\" decoding=\"async\" width=\"800\" height=\"370\" src=\"https:\/\/richeskarayib.com\/wp-content\/uploads\/2025\/09\/WhatsApp-Image-2025-08-29-a-10.49.30_c09a1eb7-1024x473.jpg\" class=\"attachment-large size-large wp-image-60361\" alt=\"Opal Palmer Adisa\" srcset=\"https:\/\/richeskarayib.com\/wp-content\/uploads\/2025\/09\/WhatsApp-Image-2025-08-29-a-10.49.30_c09a1eb7-1024x473.jpg 1024w, https:\/\/richeskarayib.com\/wp-content\/uploads\/2025\/09\/WhatsApp-Image-2025-08-29-a-10.49.30_c09a1eb7-300x139.jpg 300w, https:\/\/richeskarayib.com\/wp-content\/uploads\/2025\/09\/WhatsApp-Image-2025-08-29-a-10.49.30_c09a1eb7-768x355.jpg 768w, https:\/\/richeskarayib.com\/wp-content\/uploads\/2025\/09\/WhatsApp-Image-2025-08-29-a-10.49.30_c09a1eb7-1536x709.jpg 1536w, https:\/\/richeskarayib.com\/wp-content\/uploads\/2025\/09\/WhatsApp-Image-2025-08-29-a-10.49.30_c09a1eb7-1320x610.jpg 1320w, https:\/\/richeskarayib.com\/wp-content\/uploads\/2025\/09\/WhatsApp-Image-2025-08-29-a-10.49.30_c09a1eb7.jpg 1600w\" sizes=\"(max-width: 800px) 100vw, 800px\" \/>\t\t\t\t\t\t\t\t\t\t\t\t\t\t\t<\/div>\n\t\t\t\t<\/div>\n\t\t\t\t<div class=\"elementor-element elementor-element-8dedebc elementor-widget elementor-widget-text-editor\" data-id=\"8dedebc\" data-element_type=\"widget\" data-widget_type=\"text-editor.default\">\n\t\t\t\t<div class=\"elementor-widget-container\">\n\t\t\t\t\t\t\t\t\t<p><span style=\"font-weight: 400;\">La intervenci\u00f3n de <\/span><b>Opal Palmer Adisa<\/b><span style=\"font-weight: 400;\"> \u00e0 <\/span><b>CARIFESTA XV<\/b><span style=\"font-weight: 400;\">  demostr\u00f3 que escribir sobre el Caribe significa evocar el sabor de la comida, el sonido de las olas, la voz de los antepasados, la diversidad de culturas y la fuerza de las lenguas locales. Su taller fue un recordatorio de que la literatura puede ser un acto de resistencia, una forma de sanar y de conectar generaciones y territorios. <\/span><\/p>\t\t\t\t\t\t\t\t<\/div>\n\t\t\t\t<\/div>\n\t\t\t\t\t<\/div>\n\t\t<\/div>\n\t\t\t\t\t<\/div>\n\t\t<\/section>\n\t\t\t\t<\/div>\n\t\t","protected":false},"excerpt":{"rendered":"<p>Un autor jamaicano imprescindible Opal Palmer Adisa es reconocida como una figura importante de la literatura caribe\u00f1a. Natural de Kingston, ha llevado una carrera transnacional, movi\u00e9ndose entre Jamaica, Estados Unidos y toda la regi\u00f3n. Profesora y escritora, Opal Palmer Adisa ense\u00f1\u00f3 durante m\u00e1s de veinte a\u00f1os en California y ayud\u00f3 a fundar el Programa de [&hellip;]<\/p>\n","protected":false},"author":47,"featured_media":60366,"comment_status":"open","ping_status":"open","sticky":false,"template":"","format":"standard","meta":{"_acf_changed":false,"footnotes":""},"categories":[1815,1358],"tags":[1593,1695],"class_list":["post-60369","post","type-post","status-publish","format-standard","has-post-thumbnail","hentry","category-carifesta-es","category-literatura","tag-barbade-es","tag-jamaica-es-2"],"acf":[],"_links":{"self":[{"href":"https:\/\/richeskarayib.com\/es\/wp-json\/wp\/v2\/posts\/60369","targetHints":{"allow":["GET"]}}],"collection":[{"href":"https:\/\/richeskarayib.com\/es\/wp-json\/wp\/v2\/posts"}],"about":[{"href":"https:\/\/richeskarayib.com\/es\/wp-json\/wp\/v2\/types\/post"}],"author":[{"embeddable":true,"href":"https:\/\/richeskarayib.com\/es\/wp-json\/wp\/v2\/users\/47"}],"replies":[{"embeddable":true,"href":"https:\/\/richeskarayib.com\/es\/wp-json\/wp\/v2\/comments?post=60369"}],"version-history":[{"count":0,"href":"https:\/\/richeskarayib.com\/es\/wp-json\/wp\/v2\/posts\/60369\/revisions"}],"wp:featuredmedia":[{"embeddable":true,"href":"https:\/\/richeskarayib.com\/es\/wp-json\/wp\/v2\/media\/60366"}],"wp:attachment":[{"href":"https:\/\/richeskarayib.com\/es\/wp-json\/wp\/v2\/media?parent=60369"}],"wp:term":[{"taxonomy":"category","embeddable":true,"href":"https:\/\/richeskarayib.com\/es\/wp-json\/wp\/v2\/categories?post=60369"},{"taxonomy":"post_tag","embeddable":true,"href":"https:\/\/richeskarayib.com\/es\/wp-json\/wp\/v2\/tags?post=60369"}],"curies":[{"name":"wp","href":"https:\/\/api.w.org\/{rel}","templated":true}]}}