{"id":60758,"date":"2025-09-09T12:04:46","date_gmt":"2025-09-09T16:04:46","guid":{"rendered":"https:\/\/richeskarayib.com\/cumbre-caricom-africa-2025-un-paso-decisivo-hacia-la-justicia-reparadora-y-la-unidad-transcontinental\/"},"modified":"2025-09-09T12:04:47","modified_gmt":"2025-09-09T16:04:47","slug":"cumbre-caricom-africa-2025-un-paso-decisivo-hacia-la-justicia-reparadora-y-la-unidad-transcontinental","status":"publish","type":"post","link":"https:\/\/richeskarayib.com\/es\/cumbre-caricom-africa-2025-un-paso-decisivo-hacia-la-justicia-reparadora-y-la-unidad-transcontinental\/","title":{"rendered":"Cumbre CARICOM-\u00c1frica 2025: un paso decisivo hacia la justicia reparadora y la unidad transcontinental"},"content":{"rendered":"\t\t<div data-elementor-type=\"wp-post\" data-elementor-id=\"60758\" class=\"elementor elementor-60758 elementor-60716\" data-elementor-post-type=\"post\">\n\t\t\t\t\t\t<section class=\"elementor-section elementor-top-section elementor-element elementor-element-7ca7ca1 elementor-section-boxed elementor-section-height-default elementor-section-height-default\" data-id=\"7ca7ca1\" data-element_type=\"section\">\n\t\t\t\t\t\t<div class=\"elementor-container elementor-column-gap-default\">\n\t\t\t\t\t<div class=\"elementor-column elementor-col-100 elementor-top-column elementor-element elementor-element-cbdd002\" data-id=\"cbdd002\" data-element_type=\"column\">\n\t\t\t<div class=\"elementor-widget-wrap elementor-element-populated\">\n\t\t\t\t\t\t<section class=\"elementor-section elementor-inner-section elementor-element elementor-element-bc94849 elementor-section-boxed elementor-section-height-default elementor-section-height-default\" data-id=\"bc94849\" data-element_type=\"section\">\n\t\t\t\t\t\t<div class=\"elementor-container elementor-column-gap-default\">\n\t\t\t\t\t\t<\/div>\n\t\t<\/section>\n\t\t\t\t<section class=\"elementor-section elementor-inner-section elementor-element elementor-element-61571e6 elementor-section-boxed elementor-section-height-default elementor-section-height-default\" data-id=\"61571e6\" data-element_type=\"section\">\n\t\t\t\t\t\t<div class=\"elementor-container elementor-column-gap-default\">\n\t\t\t\t\t\t<\/div>\n\t\t<\/section>\n\t\t\t\t<section class=\"elementor-section elementor-inner-section elementor-element elementor-element-b6262e0 elementor-section-boxed elementor-section-height-default elementor-section-height-default\" data-id=\"b6262e0\" data-element_type=\"section\">\n\t\t\t\t\t\t<div class=\"elementor-container elementor-column-gap-default\">\n\t\t\t\t\t\t<\/div>\n\t\t<\/section>\n\t\t\t\t<section class=\"elementor-section elementor-inner-section elementor-element elementor-element-cca29fd elementor-section-boxed elementor-section-height-default elementor-section-height-default\" data-id=\"cca29fd\" data-element_type=\"section\">\n\t\t\t\t\t\t<div class=\"elementor-container elementor-column-gap-default\">\n\t\t\t\t\t\t<\/div>\n\t\t<\/section>\n\t\t\t\t\t<\/div>\n\t\t<\/div>\n\t\t\t\t\t<\/div>\n\t\t<\/section>\n\t\t\t\t<section class=\"elementor-section elementor-top-section elementor-element elementor-element-1e70931 elementor-section-boxed elementor-section-height-default elementor-section-height-default\" data-id=\"1e70931\" data-element_type=\"section\">\n\t\t\t\t\t\t<div class=\"elementor-container elementor-column-gap-default\">\n\t\t\t\t\t<div class=\"elementor-column elementor-col-100 elementor-top-column elementor-element elementor-element-7596649\" data-id=\"7596649\" data-element_type=\"column\">\n\t\t\t<div class=\"elementor-widget-wrap elementor-element-populated\">\n\t\t\t\t\t\t<div class=\"elementor-element elementor-element-09c038c elementor-widget elementor-widget-heading\" data-id=\"09c038c\" data-element_type=\"widget\" data-widget_type=\"heading.default\">\n\t\t\t\t<div class=\"elementor-widget-container\">\n\t\t\t\t\t<h2 class=\"elementor-heading-title elementor-size-default\">Una reuni\u00f3n hist\u00f3rica en Addis Abeba<\/h2>\t\t\t\t<\/div>\n\t\t\t\t<\/div>\n\t\t\t\t<div class=\"elementor-element elementor-element-685a662 elementor-widget elementor-widget-text-editor\" data-id=\"685a662\" data-element_type=\"widget\" data-widget_type=\"text-editor.default\">\n\t\t\t\t<div class=\"elementor-widget-container\">\n\t\t\t\t\t\t\t\t\t<p><span style=\"font-weight: 400;\">En <\/span><a href=\"https:\/\/caricom.org\/second-caricom-africa-summit-marks-milestone-in-bridging-historical-divide-caricom-sg\/\" target=\"_blank\" rel=\"noopener nofollow\"><b>Cumbre CARICOM-\u00c1frica 2025<\/b><\/a><span style=\"font-weight: 400;\">  se celebr\u00f3 el 7 de septiembre en la sede de la Uni\u00f3n Africana en Addis Abeba, marcando una nueva fase en el acercamiento entre el Caribe y el continente africano. Calificada de &#8220;vuelta a lo esencial&#8221; por la Secretaria General de la CARICOM, la Dra. Carla Barnett, la reuni\u00f3n simboliz\u00f3 el deseo compartido de superar las divisiones heredadas de la historia y reforzar los lazos fraternales. <\/span><\/p><p><span style=\"font-weight: 400;\">Adem\u00e1s de las declaraciones, esta segunda cumbre produjo compromisos concretos, que van desde el desarrollo sanitario a la cooperaci\u00f3n econ\u00f3mica, pasando por la exigencia de una justicia reparadora.<\/span><\/p>\t\t\t\t\t\t\t\t<\/div>\n\t\t\t\t<\/div>\n\t\t\t\t\t<\/div>\n\t\t<\/div>\n\t\t\t\t\t<\/div>\n\t\t<\/section>\n\t\t\t\t<section class=\"elementor-section elementor-top-section elementor-element elementor-element-6f34adc elementor-section-boxed elementor-section-height-default elementor-section-height-default\" data-id=\"6f34adc\" data-element_type=\"section\">\n\t\t\t\t\t\t<div class=\"elementor-container elementor-column-gap-default\">\n\t\t\t\t\t<div class=\"elementor-column elementor-col-100 elementor-top-column elementor-element elementor-element-787608c\" data-id=\"787608c\" data-element_type=\"column\">\n\t\t\t<div class=\"elementor-widget-wrap elementor-element-populated\">\n\t\t\t\t\t\t<div class=\"elementor-element elementor-element-d1b2db8 elementor-widget elementor-widget-heading\" data-id=\"d1b2db8\" data-element_type=\"widget\" data-widget_type=\"heading.default\">\n\t\t\t\t<div class=\"elementor-widget-container\">\n\t\t\t\t\t<h2 class=\"elementor-heading-title elementor-size-default\">Patrimonio compartido y memoria com\u00fan<\/h2>\t\t\t\t<\/div>\n\t\t\t\t<\/div>\n\t\t\t\t<div class=\"elementor-element elementor-element-c5c79cd elementor-widget elementor-widget-text-editor\" data-id=\"c5c79cd\" data-element_type=\"widget\" data-widget_type=\"text-editor.default\">\n\t\t\t\t<div class=\"elementor-widget-container\">\n\t\t\t\t\t\t\t\t\t<p><span style=\"font-weight: 400;\">En su discurso de apertura, el Dr. Barnett record\u00f3 la importancia de esta reuni\u00f3n: &#8220;Nuestros pueblos han estado separados durante siglos por el oc\u00e9ano, el sistema colonial y un orden econ\u00f3mico mundial injusto. Sin embargo, seguimos unidos por un esp\u00edritu indestructible y un patrimonio com\u00fan.<\/span><\/p><p><span style=\"font-weight: 400;\">En <\/span><a href=\"https:\/\/au.int\/en\/pressreleases\/20250908\/2nd-africa-caricom-summit-building-bridges-caribbean-africa?fbclid=IwY2xjawMtGVhleHRuA2FlbQIxMABicmlkETFkc3laTzl5OEpTMWFnQlNWAR6Dop3CWnCiN_wtwTeLOvRqZR2BE1WVrYHZ3idcug1-ecIEV4kcyJ2U0ogcdg_aem_G600UoSABGCv4sjfkgkhTg\" target=\"_blank\" rel=\"noopener nofollow\"><b>Cumbre CARICOM-\u00c1frica 2025<\/b><\/a><span style=\"font-weight: 400;\">  forma parte de esta memoria colectiva, marcada por las deportaciones, la esclavitud y la lucha por la emancipaci\u00f3n. Los l\u00edderes caribe\u00f1os y africanos subrayaron que la di\u00e1spora africana en las Am\u00e9ricas y el Caribe es una fuerza que ahora debe unirse para defender sus intereses y preparar un futuro com\u00fan. <\/span><\/p>\t\t\t\t\t\t\t\t<\/div>\n\t\t\t\t<\/div>\n\t\t\t\t<section class=\"elementor-section elementor-inner-section elementor-element elementor-element-4666252 elementor-section-boxed elementor-section-height-default elementor-section-height-default\" data-id=\"4666252\" data-element_type=\"section\">\n\t\t\t\t\t\t<div class=\"elementor-container elementor-column-gap-default\">\n\t\t\t\t\t<div class=\"elementor-column elementor-col-100 elementor-inner-column elementor-element elementor-element-c0e04e2\" data-id=\"c0e04e2\" data-element_type=\"column\">\n\t\t\t<div class=\"elementor-widget-wrap elementor-element-populated\">\n\t\t\t\t\t\t<div class=\"elementor-element elementor-element-8629841 elementor-widget elementor-widget-image\" data-id=\"8629841\" data-element_type=\"widget\" data-widget_type=\"image.default\">\n\t\t\t\t<div class=\"elementor-widget-container\">\n\t\t\t\t\t\t\t\t\t\t\t\t<figure class=\"wp-caption\">\n\t\t\t\t\t\t\t\t\t\t<img fetchpriority=\"high\" decoding=\"async\" width=\"800\" height=\"450\" src=\"https:\/\/richeskarayib.com\/wp-content\/uploads\/2025\/09\/\u00a9CARICOM-Dr-Carla-Barnett-1024x576.jpg\" class=\"attachment-large size-large wp-image-60724\" alt=\"Sommet CARICOM-Afrique 2025\" srcset=\"https:\/\/richeskarayib.com\/wp-content\/uploads\/2025\/09\/\u00a9CARICOM-Dr-Carla-Barnett-1024x576.jpg 1024w, https:\/\/richeskarayib.com\/wp-content\/uploads\/2025\/09\/\u00a9CARICOM-Dr-Carla-Barnett-300x169.jpg 300w, https:\/\/richeskarayib.com\/wp-content\/uploads\/2025\/09\/\u00a9CARICOM-Dr-Carla-Barnett-768x432.jpg 768w, https:\/\/richeskarayib.com\/wp-content\/uploads\/2025\/09\/\u00a9CARICOM-Dr-Carla-Barnett-1536x864.jpg 1536w, https:\/\/richeskarayib.com\/wp-content\/uploads\/2025\/09\/\u00a9CARICOM-Dr-Carla-Barnett-1320x743.jpg 1320w, https:\/\/richeskarayib.com\/wp-content\/uploads\/2025\/09\/\u00a9CARICOM-Dr-Carla-Barnett.jpg 1920w\" sizes=\"(max-width: 800px) 100vw, 800px\" \/>\t\t\t\t\t\t\t\t\t\t\t<figcaption class=\"widget-image-caption wp-caption-text\">\u00a9CARICOM<\/figcaption>\n\t\t\t\t\t\t\t\t\t\t<\/figure>\n\t\t\t\t\t\t\t\t\t<\/div>\n\t\t\t\t<\/div>\n\t\t\t\t\t<\/div>\n\t\t<\/div>\n\t\t\t\t\t<\/div>\n\t\t<\/section>\n\t\t\t\t\t<\/div>\n\t\t<\/div>\n\t\t\t\t\t<\/div>\n\t\t<\/section>\n\t\t\t\t<section class=\"elementor-section elementor-top-section elementor-element elementor-element-6df3229 elementor-section-boxed elementor-section-height-default elementor-section-height-default\" data-id=\"6df3229\" data-element_type=\"section\">\n\t\t\t\t\t\t<div class=\"elementor-container elementor-column-gap-default\">\n\t\t\t\t\t<div class=\"elementor-column elementor-col-100 elementor-top-column elementor-element elementor-element-098e8ca\" data-id=\"098e8ca\" data-element_type=\"column\">\n\t\t\t<div class=\"elementor-widget-wrap elementor-element-populated\">\n\t\t\t\t\t\t<div class=\"elementor-element elementor-element-4de16c5 elementor-widget elementor-widget-heading\" data-id=\"4de16c5\" data-element_type=\"widget\" data-widget_type=\"heading.default\">\n\t\t\t\t<div class=\"elementor-widget-container\">\n\t\t\t\t\t<h2 class=\"elementor-heading-title elementor-size-default\">Progresos concretos desde 2021<\/h2>\t\t\t\t<\/div>\n\t\t\t\t<\/div>\n\t\t\t\t<div class=\"elementor-element elementor-element-7e03fa7 elementor-widget elementor-widget-text-editor\" data-id=\"7e03fa7\" data-element_type=\"widget\" data-widget_type=\"text-editor.default\">\n\t\t\t\t<div class=\"elementor-widget-container\">\n\t\t\t\t\t\t\t\t\t<p><span style=\"font-weight: 400;\">Esta segunda reuni\u00f3n es la continuaci\u00f3n de la primera cumbre de 2021, que se celebr\u00f3 virtualmente. Desde entonces, se han puesto en marcha varias iniciativas. El Memorando de Entendimiento entre la CARICOM y la Uni\u00f3n Africana ha establecido un s\u00f3lido marco institucional. El lanzamiento de la     <\/span><b>La Asociaci\u00f3n para el Desarrollo Sanitario de \u00c1frica y el Caribe (HeDPAC)<\/b><span style=\"font-weight: 400;\"> ilustra esta din\u00e1mica, con un plan de acci\u00f3n centrado en la creaci\u00f3n de capacidad m\u00e9dica.<\/span><\/p><p><span style=\"font-weight: 400;\">En <\/span><b>Cumbre CARICOM-\u00c1frica 2025<\/b><span style=\"font-weight: 400;\">  tambi\u00e9n destac\u00f3 la creciente cooperaci\u00f3n con Afreximbank, cuya sede en el Caribe se ha establecido en Barbados. La organizaci\u00f3n del Foro Afrocaribe\u00f1o de Comercio e Inversi\u00f3n (ACTIF)   <\/span><\/p>\t\t\t\t\t\t\t\t<\/div>\n\t\t\t\t<\/div>\n\t\t\t\t<section class=\"elementor-section elementor-inner-section elementor-element elementor-element-db24b61 elementor-section-boxed elementor-section-height-default elementor-section-height-default\" data-id=\"db24b61\" data-element_type=\"section\">\n\t\t\t\t\t\t<div class=\"elementor-container elementor-column-gap-default\">\n\t\t\t\t\t<div class=\"elementor-column elementor-col-50 elementor-inner-column elementor-element elementor-element-abf35c8\" data-id=\"abf35c8\" data-element_type=\"column\">\n\t\t\t<div class=\"elementor-widget-wrap elementor-element-populated\">\n\t\t\t\t\t\t<div class=\"elementor-element elementor-element-ac9eb86 elementor-widget elementor-widget-image\" data-id=\"ac9eb86\" data-element_type=\"widget\" data-widget_type=\"image.default\">\n\t\t\t\t<div class=\"elementor-widget-container\">\n\t\t\t\t\t\t\t\t\t\t\t\t<figure class=\"wp-caption\">\n\t\t\t\t\t\t\t\t\t\t<img decoding=\"async\" width=\"800\" height=\"450\" src=\"https:\/\/richeskarayib.com\/wp-content\/uploads\/2025\/09\/\u00a9CARICOM-5-1024x576.jpg\" class=\"attachment-large size-large wp-image-60728\" alt=\"Sommet CARICOM-Afrique 2025\" srcset=\"https:\/\/richeskarayib.com\/wp-content\/uploads\/2025\/09\/\u00a9CARICOM-5-1024x576.jpg 1024w, https:\/\/richeskarayib.com\/wp-content\/uploads\/2025\/09\/\u00a9CARICOM-5-300x169.jpg 300w, https:\/\/richeskarayib.com\/wp-content\/uploads\/2025\/09\/\u00a9CARICOM-5-768x432.jpg 768w, https:\/\/richeskarayib.com\/wp-content\/uploads\/2025\/09\/\u00a9CARICOM-5-1536x864.jpg 1536w, https:\/\/richeskarayib.com\/wp-content\/uploads\/2025\/09\/\u00a9CARICOM-5-1320x743.jpg 1320w, https:\/\/richeskarayib.com\/wp-content\/uploads\/2025\/09\/\u00a9CARICOM-5.jpg 1920w\" sizes=\"(max-width: 800px) 100vw, 800px\" \/>\t\t\t\t\t\t\t\t\t\t\t<figcaption class=\"widget-image-caption wp-caption-text\">\u00a9CARICOM<\/figcaption>\n\t\t\t\t\t\t\t\t\t\t<\/figure>\n\t\t\t\t\t\t\t\t\t<\/div>\n\t\t\t\t<\/div>\n\t\t\t\t\t<\/div>\n\t\t<\/div>\n\t\t\t\t<div class=\"elementor-column elementor-col-50 elementor-inner-column elementor-element elementor-element-ef41817\" data-id=\"ef41817\" data-element_type=\"column\">\n\t\t\t<div class=\"elementor-widget-wrap elementor-element-populated\">\n\t\t\t\t\t\t<div class=\"elementor-element elementor-element-3f2be52 elementor-widget elementor-widget-image\" data-id=\"3f2be52\" data-element_type=\"widget\" data-widget_type=\"image.default\">\n\t\t\t\t<div class=\"elementor-widget-container\">\n\t\t\t\t\t\t\t\t\t\t\t\t<figure class=\"wp-caption\">\n\t\t\t\t\t\t\t\t\t\t<img decoding=\"async\" width=\"800\" height=\"534\" src=\"https:\/\/richeskarayib.com\/wp-content\/uploads\/2025\/09\/\u00a9CARICOM-7-1024x683.jpg\" class=\"attachment-large size-large wp-image-60732\" alt=\"Sommet CARICOM-Afrique 2025\" srcset=\"https:\/\/richeskarayib.com\/wp-content\/uploads\/2025\/09\/\u00a9CARICOM-7-1024x683.jpg 1024w, https:\/\/richeskarayib.com\/wp-content\/uploads\/2025\/09\/\u00a9CARICOM-7-300x200.jpg 300w, https:\/\/richeskarayib.com\/wp-content\/uploads\/2025\/09\/\u00a9CARICOM-7-768x512.jpg 768w, https:\/\/richeskarayib.com\/wp-content\/uploads\/2025\/09\/\u00a9CARICOM-7-1536x1024.jpg 1536w, https:\/\/richeskarayib.com\/wp-content\/uploads\/2025\/09\/\u00a9CARICOM-7-1320x880.jpg 1320w, https:\/\/richeskarayib.com\/wp-content\/uploads\/2025\/09\/\u00a9CARICOM-7.jpg 1920w\" sizes=\"(max-width: 800px) 100vw, 800px\" \/>\t\t\t\t\t\t\t\t\t\t\t<figcaption class=\"widget-image-caption wp-caption-text\">\u00a9CARICOM<\/figcaption>\n\t\t\t\t\t\t\t\t\t\t<\/figure>\n\t\t\t\t\t\t\t\t\t<\/div>\n\t\t\t\t<\/div>\n\t\t\t\t\t<\/div>\n\t\t<\/div>\n\t\t\t\t\t<\/div>\n\t\t<\/section>\n\t\t\t\t\t<\/div>\n\t\t<\/div>\n\t\t\t\t\t<\/div>\n\t\t<\/section>\n\t\t\t\t<section class=\"elementor-section elementor-top-section elementor-element elementor-element-379904c elementor-section-boxed elementor-section-height-default elementor-section-height-default\" data-id=\"379904c\" data-element_type=\"section\">\n\t\t\t\t\t\t<div class=\"elementor-container elementor-column-gap-default\">\n\t\t\t\t\t<div class=\"elementor-column elementor-col-100 elementor-top-column elementor-element elementor-element-0f26e48\" data-id=\"0f26e48\" data-element_type=\"column\">\n\t\t\t<div class=\"elementor-widget-wrap elementor-element-populated\">\n\t\t\t\t\t\t<div class=\"elementor-element elementor-element-85d6057 elementor-widget elementor-widget-heading\" data-id=\"85d6057\" data-element_type=\"widget\" data-widget_type=\"heading.default\">\n\t\t\t\t<div class=\"elementor-widget-container\">\n\t\t\t\t\t<h2 class=\"elementor-heading-title elementor-size-default\">Una ambici\u00f3n centrada en la justicia reparadora<\/h2>\t\t\t\t<\/div>\n\t\t\t\t<\/div>\n\t\t\t\t<div class=\"elementor-element elementor-element-859c001 elementor-widget elementor-widget-text-editor\" data-id=\"859c001\" data-element_type=\"widget\" data-widget_type=\"text-editor.default\">\n\t\t\t\t<div class=\"elementor-widget-container\">\n\t\t\t\t\t\t\t\t\t<p><span style=\"font-weight: 400;\">Uno de los temas principales de la <\/span><a href=\"https:\/\/www.stvincenttimes.com\/draft-communique-2nd-africa-caricom-summit-in-ethiopia\/\" target=\"_blank\" rel=\"noopener nofollow\"><b>Cumbre CARICOM-\u00c1frica 2025<\/b><\/a><span style=\"font-weight: 400;\">  fue la cuesti\u00f3n de las reparaciones. El tema elegido &#8211; &#8220;Una asociaci\u00f3n transcontinental en busca de la justicia reparadora para los africanos y afrodescendientes&#8221;- reforz\u00f3 la legitimidad de esta lucha. <\/span><\/p><p><span style=\"font-weight: 400;\">Los participantes recordaron que la esclavitud y la colonizaci\u00f3n marcaron profundamente las sociedades de ambas regiones. Para el Dr. Barnett, el reto consiste ahora en &#8220;transformar estas heridas en una fuerza de defensa colectiva&#8221;, y se destac\u00f3 que la Comisi\u00f3n de Reparaciones de la CARICOM, activa desde hace m\u00e1s de una d\u00e9cada, es la punta de lanza de esta movilizaci\u00f3n.  <\/span><\/p>\t\t\t\t\t\t\t\t<\/div>\n\t\t\t\t<\/div>\n\t\t\t\t\t<\/div>\n\t\t<\/div>\n\t\t\t\t\t<\/div>\n\t\t<\/section>\n\t\t\t\t<section class=\"elementor-section elementor-top-section elementor-element elementor-element-21812d9 elementor-section-boxed elementor-section-height-default elementor-section-height-default\" data-id=\"21812d9\" data-element_type=\"section\">\n\t\t\t\t\t\t<div class=\"elementor-container elementor-column-gap-default\">\n\t\t\t\t\t<div class=\"elementor-column elementor-col-100 elementor-top-column elementor-element elementor-element-0d2df72\" data-id=\"0d2df72\" data-element_type=\"column\">\n\t\t\t<div class=\"elementor-widget-wrap elementor-element-populated\">\n\t\t\t\t\t\t<section class=\"elementor-section elementor-inner-section elementor-element elementor-element-bc2f98a elementor-section-boxed elementor-section-height-default elementor-section-height-default\" data-id=\"bc2f98a\" data-element_type=\"section\">\n\t\t\t\t\t\t<div class=\"elementor-container elementor-column-gap-default\">\n\t\t\t\t\t<div class=\"elementor-column elementor-col-50 elementor-inner-column elementor-element elementor-element-246b7da\" data-id=\"246b7da\" data-element_type=\"column\">\n\t\t\t<div class=\"elementor-widget-wrap elementor-element-populated\">\n\t\t\t\t\t\t<div class=\"elementor-element elementor-element-ba4e9c4 elementor-widget elementor-widget-image\" data-id=\"ba4e9c4\" data-element_type=\"widget\" data-widget_type=\"image.default\">\n\t\t\t\t<div class=\"elementor-widget-container\">\n\t\t\t\t\t\t\t\t\t\t\t\t<figure class=\"wp-caption\">\n\t\t\t\t\t\t\t\t\t\t<img loading=\"lazy\" decoding=\"async\" width=\"800\" height=\"534\" src=\"https:\/\/richeskarayib.com\/wp-content\/uploads\/2025\/09\/\u00a9CARICOM-2-1024x683.jpg\" class=\"attachment-large size-large wp-image-60736\" alt=\"Sommet CARICOM-Afrique 2025\" srcset=\"https:\/\/richeskarayib.com\/wp-content\/uploads\/2025\/09\/\u00a9CARICOM-2-1024x683.jpg 1024w, https:\/\/richeskarayib.com\/wp-content\/uploads\/2025\/09\/\u00a9CARICOM-2-300x200.jpg 300w, https:\/\/richeskarayib.com\/wp-content\/uploads\/2025\/09\/\u00a9CARICOM-2-768x512.jpg 768w, https:\/\/richeskarayib.com\/wp-content\/uploads\/2025\/09\/\u00a9CARICOM-2-1536x1024.jpg 1536w, https:\/\/richeskarayib.com\/wp-content\/uploads\/2025\/09\/\u00a9CARICOM-2-1320x880.jpg 1320w, https:\/\/richeskarayib.com\/wp-content\/uploads\/2025\/09\/\u00a9CARICOM-2.jpg 1920w\" sizes=\"(max-width: 800px) 100vw, 800px\" \/>\t\t\t\t\t\t\t\t\t\t\t<figcaption class=\"widget-image-caption wp-caption-text\">\u00a9CARICOM<\/figcaption>\n\t\t\t\t\t\t\t\t\t\t<\/figure>\n\t\t\t\t\t\t\t\t\t<\/div>\n\t\t\t\t<\/div>\n\t\t\t\t\t<\/div>\n\t\t<\/div>\n\t\t\t\t<div class=\"elementor-column elementor-col-50 elementor-inner-column elementor-element elementor-element-4bf033a\" data-id=\"4bf033a\" data-element_type=\"column\">\n\t\t\t<div class=\"elementor-widget-wrap elementor-element-populated\">\n\t\t\t\t\t\t<div class=\"elementor-element elementor-element-114cb1c elementor-widget elementor-widget-image\" data-id=\"114cb1c\" data-element_type=\"widget\" data-widget_type=\"image.default\">\n\t\t\t\t<div class=\"elementor-widget-container\">\n\t\t\t\t\t\t\t\t\t\t\t\t<figure class=\"wp-caption\">\n\t\t\t\t\t\t\t\t\t\t<img loading=\"lazy\" decoding=\"async\" width=\"800\" height=\"534\" src=\"https:\/\/richeskarayib.com\/wp-content\/uploads\/2025\/09\/\u00a9CARICOM-3-1024x683.jpg\" class=\"attachment-large size-large wp-image-60740\" alt=\"Sommet CARICOM-Afrique 2025\" srcset=\"https:\/\/richeskarayib.com\/wp-content\/uploads\/2025\/09\/\u00a9CARICOM-3-1024x683.jpg 1024w, https:\/\/richeskarayib.com\/wp-content\/uploads\/2025\/09\/\u00a9CARICOM-3-300x200.jpg 300w, https:\/\/richeskarayib.com\/wp-content\/uploads\/2025\/09\/\u00a9CARICOM-3-768x512.jpg 768w, https:\/\/richeskarayib.com\/wp-content\/uploads\/2025\/09\/\u00a9CARICOM-3-1536x1024.jpg 1536w, https:\/\/richeskarayib.com\/wp-content\/uploads\/2025\/09\/\u00a9CARICOM-3-1320x880.jpg 1320w, https:\/\/richeskarayib.com\/wp-content\/uploads\/2025\/09\/\u00a9CARICOM-3.jpg 1920w\" sizes=\"(max-width: 800px) 100vw, 800px\" \/>\t\t\t\t\t\t\t\t\t\t\t<figcaption class=\"widget-image-caption wp-caption-text\">\u00a9CARICOM<\/figcaption>\n\t\t\t\t\t\t\t\t\t\t<\/figure>\n\t\t\t\t\t\t\t\t\t<\/div>\n\t\t\t\t<\/div>\n\t\t\t\t\t<\/div>\n\t\t<\/div>\n\t\t\t\t\t<\/div>\n\t\t<\/section>\n\t\t\t\t<div class=\"elementor-element elementor-element-718146b elementor-widget elementor-widget-heading\" data-id=\"718146b\" data-element_type=\"widget\" data-widget_type=\"heading.default\">\n\t\t\t\t<div class=\"elementor-widget-container\">\n\t\t\t\t\t<h2 class=\"elementor-heading-title elementor-size-default\">Cuestiones econ\u00f3micas y clim\u00e1ticas<\/h2>\t\t\t\t<\/div>\n\t\t\t\t<\/div>\n\t\t\t\t<div class=\"elementor-element elementor-element-a5b045b elementor-widget elementor-widget-text-editor\" data-id=\"a5b045b\" data-element_type=\"widget\" data-widget_type=\"text-editor.default\">\n\t\t\t\t<div class=\"elementor-widget-container\">\n\t\t\t\t\t\t\t\t\t<p><span style=\"font-weight: 400;\">En <\/span><b>Cumbre CARICOM-\u00c1frica 2025<\/b><span style=\"font-weight: 400;\">  tambi\u00e9n subrayaron la necesidad de reformar la arquitectura financiera mundial, como continuaci\u00f3n de la Iniciativa de Bridgetown. Los dirigentes denunciaron las desigualdades persistentes de un sistema que pesa mucho sobre los pa\u00edses del Sur. <\/span><\/p><p><span style=\"font-weight: 400;\">Otra cuesti\u00f3n clave es el cambio clim\u00e1tico. Aunque s\u00f3lo son responsables del 6% de las emisiones mundiales, los Estados africanos y caribe\u00f1os est\u00e1n soportando de lleno sus efectos. Por ello, los debates se centraron en las respuestas coordinadas para proteger a las poblaciones m\u00e1s vulnerables.  <\/span><\/p>\t\t\t\t\t\t\t\t<\/div>\n\t\t\t\t<\/div>\n\t\t\t\t<section class=\"elementor-section elementor-inner-section elementor-element elementor-element-5b613aa elementor-section-boxed elementor-section-height-default elementor-section-height-default\" data-id=\"5b613aa\" data-element_type=\"section\">\n\t\t\t\t\t\t<div class=\"elementor-container elementor-column-gap-default\">\n\t\t\t\t\t<div class=\"elementor-column elementor-col-50 elementor-inner-column elementor-element elementor-element-338c51a\" data-id=\"338c51a\" data-element_type=\"column\">\n\t\t\t<div class=\"elementor-widget-wrap elementor-element-populated\">\n\t\t\t\t\t\t<div class=\"elementor-element elementor-element-6a453a0 elementor-widget elementor-widget-image\" data-id=\"6a453a0\" data-element_type=\"widget\" data-widget_type=\"image.default\">\n\t\t\t\t<div class=\"elementor-widget-container\">\n\t\t\t\t\t\t\t\t\t\t\t\t<figure class=\"wp-caption\">\n\t\t\t\t\t\t\t\t\t\t<img loading=\"lazy\" decoding=\"async\" width=\"800\" height=\"534\" src=\"https:\/\/richeskarayib.com\/wp-content\/uploads\/2025\/09\/\u00a9CARICOM-8-1024x683.jpg\" class=\"attachment-large size-large wp-image-60744\" alt=\"Sommet CARICOM-Afrique 2025\" srcset=\"https:\/\/richeskarayib.com\/wp-content\/uploads\/2025\/09\/\u00a9CARICOM-8-1024x683.jpg 1024w, https:\/\/richeskarayib.com\/wp-content\/uploads\/2025\/09\/\u00a9CARICOM-8-300x200.jpg 300w, https:\/\/richeskarayib.com\/wp-content\/uploads\/2025\/09\/\u00a9CARICOM-8-768x512.jpg 768w, https:\/\/richeskarayib.com\/wp-content\/uploads\/2025\/09\/\u00a9CARICOM-8-1536x1024.jpg 1536w, https:\/\/richeskarayib.com\/wp-content\/uploads\/2025\/09\/\u00a9CARICOM-8-1320x880.jpg 1320w, https:\/\/richeskarayib.com\/wp-content\/uploads\/2025\/09\/\u00a9CARICOM-8.jpg 1920w\" sizes=\"(max-width: 800px) 100vw, 800px\" \/>\t\t\t\t\t\t\t\t\t\t\t<figcaption class=\"widget-image-caption wp-caption-text\">\u00a9CARICOM<\/figcaption>\n\t\t\t\t\t\t\t\t\t\t<\/figure>\n\t\t\t\t\t\t\t\t\t<\/div>\n\t\t\t\t<\/div>\n\t\t\t\t\t<\/div>\n\t\t<\/div>\n\t\t\t\t<div class=\"elementor-column elementor-col-50 elementor-inner-column elementor-element elementor-element-f974ef4\" data-id=\"f974ef4\" data-element_type=\"column\">\n\t\t\t<div class=\"elementor-widget-wrap elementor-element-populated\">\n\t\t\t\t\t\t<div class=\"elementor-element elementor-element-f53974c elementor-widget elementor-widget-image\" data-id=\"f53974c\" data-element_type=\"widget\" data-widget_type=\"image.default\">\n\t\t\t\t<div class=\"elementor-widget-container\">\n\t\t\t\t\t\t\t\t\t\t\t\t<figure class=\"wp-caption\">\n\t\t\t\t\t\t\t\t\t\t<img loading=\"lazy\" decoding=\"async\" width=\"800\" height=\"534\" src=\"https:\/\/richeskarayib.com\/wp-content\/uploads\/2025\/09\/\u00a9CARICOM-1024x683.jpg\" class=\"attachment-large size-large wp-image-60748\" alt=\"Sommet CARICOM-Afrique 2025\" srcset=\"https:\/\/richeskarayib.com\/wp-content\/uploads\/2025\/09\/\u00a9CARICOM-1024x683.jpg 1024w, https:\/\/richeskarayib.com\/wp-content\/uploads\/2025\/09\/\u00a9CARICOM-300x200.jpg 300w, https:\/\/richeskarayib.com\/wp-content\/uploads\/2025\/09\/\u00a9CARICOM-768x512.jpg 768w, https:\/\/richeskarayib.com\/wp-content\/uploads\/2025\/09\/\u00a9CARICOM-1536x1024.jpg 1536w, https:\/\/richeskarayib.com\/wp-content\/uploads\/2025\/09\/\u00a9CARICOM-1320x880.jpg 1320w, https:\/\/richeskarayib.com\/wp-content\/uploads\/2025\/09\/\u00a9CARICOM.jpg 1920w\" sizes=\"(max-width: 800px) 100vw, 800px\" \/>\t\t\t\t\t\t\t\t\t\t\t<figcaption class=\"widget-image-caption wp-caption-text\">\u00a9CARICOM<\/figcaption>\n\t\t\t\t\t\t\t\t\t\t<\/figure>\n\t\t\t\t\t\t\t\t\t<\/div>\n\t\t\t\t<\/div>\n\t\t\t\t\t<\/div>\n\t\t<\/div>\n\t\t\t\t\t<\/div>\n\t\t<\/section>\n\t\t\t\t\t<\/div>\n\t\t<\/div>\n\t\t\t\t\t<\/div>\n\t\t<\/section>\n\t\t\t\t<section class=\"elementor-section elementor-top-section elementor-element elementor-element-383b273 elementor-section-boxed elementor-section-height-default elementor-section-height-default\" data-id=\"383b273\" data-element_type=\"section\">\n\t\t\t\t\t\t<div class=\"elementor-container elementor-column-gap-default\">\n\t\t\t\t\t<div class=\"elementor-column elementor-col-100 elementor-top-column elementor-element elementor-element-98878ff\" data-id=\"98878ff\" data-element_type=\"column\">\n\t\t\t<div class=\"elementor-widget-wrap elementor-element-populated\">\n\t\t\t\t\t\t<div class=\"elementor-element elementor-element-4919ffd elementor-widget elementor-widget-heading\" data-id=\"4919ffd\" data-element_type=\"widget\" data-widget_type=\"heading.default\">\n\t\t\t\t<div class=\"elementor-widget-container\">\n\t\t\t\t\t<h2 class=\"elementor-heading-title elementor-size-default\">Hacia una voz unificada en la escena internacional<\/h2>\t\t\t\t<\/div>\n\t\t\t\t<\/div>\n\t\t\t\t<div class=\"elementor-element elementor-element-09e10fe elementor-widget elementor-widget-text-editor\" data-id=\"09e10fe\" data-element_type=\"widget\" data-widget_type=\"text-editor.default\">\n\t\t\t\t<div class=\"elementor-widget-container\">\n\t\t\t\t\t\t\t\t\t<p><span style=\"font-weight: 400;\">Tambi\u00e9n se debati\u00f3 la conectividad a\u00e9rea. Se est\u00e1 preparando un acuerdo multilateral sobre servicios a\u00e9reos, mientras que las iniciativas bilaterales, como la empresa conjunta entre Antigua y Barbuda y Nigeria para relanzar LIAT 2020, pretenden impulsar los intercambios humanos y comerciales. <\/span><\/p>\t\t\t\t\t\t\t\t<\/div>\n\t\t\t\t<\/div>\n\t\t\t\t<div class=\"elementor-element elementor-element-3868c55 elementor-widget elementor-widget-text-editor\" data-id=\"3868c55\" data-element_type=\"widget\" data-widget_type=\"text-editor.default\">\n\t\t\t\t<div class=\"elementor-widget-container\">\n\t\t\t\t\t\t\t\t\t<p><span style=\"font-weight: 400;\">Los jefes de Estado y de gobierno presentes subrayaron la importancia de una voz com\u00fan. Juntos, \u00c1frica y el Caribe representan una quinta parte de la poblaci\u00f3n mundial. Visita    <\/span><b>Cumbre CARICOM-\u00c1frica 2025<\/b><span style=\"font-weight: 400;\"> pidi\u00f3 una estrategia coordinada para influir en los debates internacionales, desde las reformas del Consejo de Seguridad de las Naciones Unidas hasta la gobernanza econ\u00f3mica mundial y las negociaciones sobre el clima.<\/span><\/p><p><span style=\"font-weight: 400;\">Este deseo de unidad se sustenta en una fuerte herencia panafricana, inspirada en figuras hist\u00f3ricas como Marcus Garvey, Patrice Lumumba y Kwame Nkrumah.<\/span><\/p>\t\t\t\t\t\t\t\t<\/div>\n\t\t\t\t<\/div>\n\t\t\t\t<section class=\"elementor-section elementor-inner-section elementor-element elementor-element-db3af30 elementor-section-boxed elementor-section-height-default elementor-section-height-default\" data-id=\"db3af30\" data-element_type=\"section\">\n\t\t\t\t\t\t<div class=\"elementor-container elementor-column-gap-default\">\n\t\t\t\t\t<div class=\"elementor-column elementor-col-50 elementor-inner-column elementor-element elementor-element-67782b5\" data-id=\"67782b5\" data-element_type=\"column\">\n\t\t\t<div class=\"elementor-widget-wrap elementor-element-populated\">\n\t\t\t\t\t\t<div class=\"elementor-element elementor-element-133c795 elementor-widget elementor-widget-image\" data-id=\"133c795\" data-element_type=\"widget\" data-widget_type=\"image.default\">\n\t\t\t\t<div class=\"elementor-widget-container\">\n\t\t\t\t\t\t\t\t\t\t\t\t<figure class=\"wp-caption\">\n\t\t\t\t\t\t\t\t\t\t<img loading=\"lazy\" decoding=\"async\" width=\"800\" height=\"534\" src=\"https:\/\/richeskarayib.com\/wp-content\/uploads\/2025\/09\/\u00a9CARICOM-1-1024x683.jpg\" class=\"attachment-large size-large wp-image-60752\" alt=\"Sommet CARICOM-Afrique 2025\" srcset=\"https:\/\/richeskarayib.com\/wp-content\/uploads\/2025\/09\/\u00a9CARICOM-1-1024x683.jpg 1024w, https:\/\/richeskarayib.com\/wp-content\/uploads\/2025\/09\/\u00a9CARICOM-1-300x200.jpg 300w, https:\/\/richeskarayib.com\/wp-content\/uploads\/2025\/09\/\u00a9CARICOM-1-768x512.jpg 768w, https:\/\/richeskarayib.com\/wp-content\/uploads\/2025\/09\/\u00a9CARICOM-1-1536x1024.jpg 1536w, https:\/\/richeskarayib.com\/wp-content\/uploads\/2025\/09\/\u00a9CARICOM-1-1320x880.jpg 1320w, https:\/\/richeskarayib.com\/wp-content\/uploads\/2025\/09\/\u00a9CARICOM-1.jpg 1920w\" sizes=\"(max-width: 800px) 100vw, 800px\" \/>\t\t\t\t\t\t\t\t\t\t\t<figcaption class=\"widget-image-caption wp-caption-text\">\u00a9CARICOM<\/figcaption>\n\t\t\t\t\t\t\t\t\t\t<\/figure>\n\t\t\t\t\t\t\t\t\t<\/div>\n\t\t\t\t<\/div>\n\t\t\t\t\t<\/div>\n\t\t<\/div>\n\t\t\t\t<div class=\"elementor-column elementor-col-50 elementor-inner-column elementor-element elementor-element-306afa8\" data-id=\"306afa8\" data-element_type=\"column\">\n\t\t\t<div class=\"elementor-widget-wrap elementor-element-populated\">\n\t\t\t\t\t\t<div class=\"elementor-element elementor-element-4730fcc elementor-widget elementor-widget-image\" data-id=\"4730fcc\" data-element_type=\"widget\" data-widget_type=\"image.default\">\n\t\t\t\t<div class=\"elementor-widget-container\">\n\t\t\t\t\t\t\t\t\t\t\t\t<figure class=\"wp-caption\">\n\t\t\t\t\t\t\t\t\t\t<img loading=\"lazy\" decoding=\"async\" width=\"800\" height=\"640\" src=\"https:\/\/richeskarayib.com\/wp-content\/uploads\/2025\/09\/\u00a9CARICOM-4-1024x819.jpg\" class=\"attachment-large size-large wp-image-60756\" alt=\"Sommet CARICOM-Afrique 2025\" srcset=\"https:\/\/richeskarayib.com\/wp-content\/uploads\/2025\/09\/\u00a9CARICOM-4-1024x819.jpg 1024w, https:\/\/richeskarayib.com\/wp-content\/uploads\/2025\/09\/\u00a9CARICOM-4-300x240.jpg 300w, https:\/\/richeskarayib.com\/wp-content\/uploads\/2025\/09\/\u00a9CARICOM-4-768x614.jpg 768w, https:\/\/richeskarayib.com\/wp-content\/uploads\/2025\/09\/\u00a9CARICOM-4-1536x1229.jpg 1536w, https:\/\/richeskarayib.com\/wp-content\/uploads\/2025\/09\/\u00a9CARICOM-4-1320x1056.jpg 1320w, https:\/\/richeskarayib.com\/wp-content\/uploads\/2025\/09\/\u00a9CARICOM-4.jpg 1920w\" sizes=\"(max-width: 800px) 100vw, 800px\" \/>\t\t\t\t\t\t\t\t\t\t\t<figcaption class=\"widget-image-caption wp-caption-text\">\u00a9CARICOM<\/figcaption>\n\t\t\t\t\t\t\t\t\t\t<\/figure>\n\t\t\t\t\t\t\t\t\t<\/div>\n\t\t\t\t<\/div>\n\t\t\t\t\t<\/div>\n\t\t<\/div>\n\t\t\t\t\t<\/div>\n\t\t<\/section>\n\t\t\t\t\t<\/div>\n\t\t<\/div>\n\t\t\t\t\t<\/div>\n\t\t<\/section>\n\t\t\t\t<section class=\"elementor-section elementor-top-section elementor-element elementor-element-5a7397d elementor-section-boxed elementor-section-height-default elementor-section-height-default\" data-id=\"5a7397d\" data-element_type=\"section\">\n\t\t\t\t\t\t<div class=\"elementor-container elementor-column-gap-default\">\n\t\t\t\t\t<div class=\"elementor-column elementor-col-100 elementor-top-column elementor-element elementor-element-8b33b4b\" data-id=\"8b33b4b\" data-element_type=\"column\">\n\t\t\t<div class=\"elementor-widget-wrap elementor-element-populated\">\n\t\t\t\t\t\t<div class=\"elementor-element elementor-element-89dac4b elementor-widget elementor-widget-heading\" data-id=\"89dac4b\" data-element_type=\"widget\" data-widget_type=\"heading.default\">\n\t\t\t\t<div class=\"elementor-widget-container\">\n\t\t\t\t\t<h2 class=\"elementor-heading-title elementor-size-default\">Un momento fundacional para el futuro<\/h2>\t\t\t\t<\/div>\n\t\t\t\t<\/div>\n\t\t\t\t<div class=\"elementor-element elementor-element-4fc7069 elementor-widget elementor-widget-text-editor\" data-id=\"4fc7069\" data-element_type=\"widget\" data-widget_type=\"text-editor.default\">\n\t\t\t\t<div class=\"elementor-widget-container\">\n\t\t\t\t\t\t\t\t\t<p><span style=\"font-weight: 400;\">Para concluir, los dirigentes subrayaron el car\u00e1cter fundador de la <\/span><b>Cumbre CARICOM-\u00c1frica 2025<\/b><span style=\"font-weight: 400;\">. Para Terrance Drew, Primer Ministro de San Crist\u00f3bal y Nieves y Presidente entrante de <a href=\"https:\/\/richeskarayib.com\/es\/jamaica-la-49a-cumbre-de-la-caricom-en-montego-bay-una-encrucijada-estrategica-para-el-caribe\/\" target=\"_blank\" rel=\"noopener\">CARICOM<\/a>, \u00e9ste es un &#8220;momento de reencuentro, memoria y afirmaci\u00f3n&#8221;, en el que el arrepentimiento ya no es suficiente y las reparaciones se convierten en una exigencia leg\u00edtima.<\/span><\/p><p><span style=\"font-weight: 400;\">A trav\u00e9s de la <b>Cumbre CARICOM-\u00c1frica 2025<\/b>, las dos regiones pretenden transformar las injusticias del pasado en palancas de solidaridad y cooperaci\u00f3n. Su objetivo com\u00fan: construir un futuro basado en la dignidad, la justicia y la prosperidad compartida. <\/span><\/p>\t\t\t\t\t\t\t\t<\/div>\n\t\t\t\t<\/div>\n\t\t\t\t\t<\/div>\n\t\t<\/div>\n\t\t\t\t\t<\/div>\n\t\t<\/section>\n\t\t\t\t<\/div>\n\t\t","protected":false},"excerpt":{"rendered":"<p>Una reuni\u00f3n hist\u00f3rica en Addis Abeba En Cumbre CARICOM-\u00c1frica 2025 se celebr\u00f3 el 7 de septiembre en la sede de la Uni\u00f3n Africana en Addis Abeba, marcando una nueva fase en el acercamiento entre el Caribe y el continente africano. Calificada de &#8220;vuelta a lo esencial&#8221; por la Secretaria General de la CARICOM, la Dra. [&hellip;]<\/p>\n","protected":false},"author":662,"featured_media":60720,"comment_status":"open","ping_status":"open","sticky":false,"template":"","format":"standard","meta":{"_acf_changed":false,"footnotes":""},"categories":[1791,839],"tags":[1442,1593,1717,1547,1695,816,1481,1594,1705],"class_list":["post-60758","post","type-post","status-publish","format-standard","has-post-thumbnail","hentry","category-cooperacion","category-noticias","tag-anguilla-es","tag-barbade-es","tag-dominique-es","tag-guadalupe","tag-jamaica-es-2","tag-martinique-es","tag-republica-dominicana","tag-sainte-lucie-es","tag-trinidad-y-tobago-es-2"],"acf":[],"_links":{"self":[{"href":"https:\/\/richeskarayib.com\/es\/wp-json\/wp\/v2\/posts\/60758","targetHints":{"allow":["GET"]}}],"collection":[{"href":"https:\/\/richeskarayib.com\/es\/wp-json\/wp\/v2\/posts"}],"about":[{"href":"https:\/\/richeskarayib.com\/es\/wp-json\/wp\/v2\/types\/post"}],"author":[{"embeddable":true,"href":"https:\/\/richeskarayib.com\/es\/wp-json\/wp\/v2\/users\/662"}],"replies":[{"embeddable":true,"href":"https:\/\/richeskarayib.com\/es\/wp-json\/wp\/v2\/comments?post=60758"}],"version-history":[{"count":0,"href":"https:\/\/richeskarayib.com\/es\/wp-json\/wp\/v2\/posts\/60758\/revisions"}],"wp:featuredmedia":[{"embeddable":true,"href":"https:\/\/richeskarayib.com\/es\/wp-json\/wp\/v2\/media\/60720"}],"wp:attachment":[{"href":"https:\/\/richeskarayib.com\/es\/wp-json\/wp\/v2\/media?parent=60758"}],"wp:term":[{"taxonomy":"category","embeddable":true,"href":"https:\/\/richeskarayib.com\/es\/wp-json\/wp\/v2\/categories?post=60758"},{"taxonomy":"post_tag","embeddable":true,"href":"https:\/\/richeskarayib.com\/es\/wp-json\/wp\/v2\/tags?post=60758"}],"curies":[{"name":"wp","href":"https:\/\/api.w.org\/{rel}","templated":true}]}}