{"id":61340,"date":"2025-09-17T14:30:38","date_gmt":"2025-09-17T18:30:38","guid":{"rendered":"https:\/\/richeskarayib.com\/martinica-jornadas-europeas-del-patrimonio-2025-dos-dias-para-celebrar-la-arquitectura-y-la-memoria-colectiva\/"},"modified":"2025-09-17T14:30:39","modified_gmt":"2025-09-17T18:30:39","slug":"martinica-jornadas-europeas-del-patrimonio-2025-dos-dias-para-celebrar-la-arquitectura-y-la-memoria-colectiva","status":"publish","type":"post","link":"https:\/\/richeskarayib.com\/es\/martinica-jornadas-europeas-del-patrimonio-2025-dos-dias-para-celebrar-la-arquitectura-y-la-memoria-colectiva\/","title":{"rendered":"Martinica &#8211; Jornadas Europeas del Patrimonio 2025: dos d\u00edas para celebrar la arquitectura y la memoria colectiva"},"content":{"rendered":"\t\t<div data-elementor-type=\"wp-post\" data-elementor-id=\"61340\" class=\"elementor elementor-61340 elementor-61310\" data-elementor-post-type=\"post\">\n\t\t\t\t\t\t<section class=\"elementor-section elementor-top-section elementor-element elementor-element-7ca7ca1 elementor-section-boxed elementor-section-height-default elementor-section-height-default\" data-id=\"7ca7ca1\" data-element_type=\"section\">\n\t\t\t\t\t\t<div class=\"elementor-container elementor-column-gap-default\">\n\t\t\t\t\t<div class=\"elementor-column elementor-col-100 elementor-top-column elementor-element elementor-element-cbdd002\" data-id=\"cbdd002\" data-element_type=\"column\">\n\t\t\t<div class=\"elementor-widget-wrap elementor-element-populated\">\n\t\t\t\t\t\t<section class=\"elementor-section elementor-inner-section elementor-element elementor-element-bc94849 elementor-section-boxed elementor-section-height-default elementor-section-height-default\" data-id=\"bc94849\" data-element_type=\"section\">\n\t\t\t\t\t\t<div class=\"elementor-container elementor-column-gap-default\">\n\t\t\t\t\t\t<\/div>\n\t\t<\/section>\n\t\t\t\t<section class=\"elementor-section elementor-inner-section elementor-element elementor-element-61571e6 elementor-section-boxed elementor-section-height-default elementor-section-height-default\" data-id=\"61571e6\" data-element_type=\"section\">\n\t\t\t\t\t\t<div class=\"elementor-container elementor-column-gap-default\">\n\t\t\t\t\t\t<\/div>\n\t\t<\/section>\n\t\t\t\t<section class=\"elementor-section elementor-inner-section elementor-element elementor-element-b6262e0 elementor-section-boxed elementor-section-height-default elementor-section-height-default\" data-id=\"b6262e0\" data-element_type=\"section\">\n\t\t\t\t\t\t<div class=\"elementor-container elementor-column-gap-default\">\n\t\t\t\t\t\t<\/div>\n\t\t<\/section>\n\t\t\t\t<section class=\"elementor-section elementor-inner-section elementor-element elementor-element-cca29fd elementor-section-boxed elementor-section-height-default elementor-section-height-default\" data-id=\"cca29fd\" data-element_type=\"section\">\n\t\t\t\t\t\t<div class=\"elementor-container elementor-column-gap-default\">\n\t\t\t\t\t\t<\/div>\n\t\t<\/section>\n\t\t\t\t\t<\/div>\n\t\t<\/div>\n\t\t\t\t\t<\/div>\n\t\t<\/section>\n\t\t\t\t<section class=\"elementor-section elementor-top-section elementor-element elementor-element-6f34adc elementor-section-boxed elementor-section-height-default elementor-section-height-default\" data-id=\"6f34adc\" data-element_type=\"section\">\n\t\t\t\t\t\t<div class=\"elementor-container elementor-column-gap-default\">\n\t\t\t\t\t<div class=\"elementor-column elementor-col-100 elementor-top-column elementor-element elementor-element-787608c\" data-id=\"787608c\" data-element_type=\"column\">\n\t\t\t<div class=\"elementor-widget-wrap elementor-element-populated\">\n\t\t\t\t\t\t<div class=\"elementor-element elementor-element-c5c79cd elementor-widget elementor-widget-text-editor\" data-id=\"c5c79cd\" data-element_type=\"widget\" data-widget_type=\"text-editor.default\">\n\t\t\t\t<div class=\"elementor-widget-container\">\n\t\t\t\t\t\t\t\t\t<p><span style=\"font-weight: 400;\"><a href=\"https:\/\/journeesdupatrimoine.culture.gouv.fr\/\" target=\"_blank\" rel=\"noopener nofollow\">Las Jornadas Europeas del Patrimonio 2025<\/a> se celebrar\u00e1n los d\u00edas <\/span><b>20 y 21 de septiembre<\/b><span style=\"font-weight: 400;\">. Este acontecimiento, que se ha convertido en una cita ineludible en Europa y en Francia, se celebra en la isla con un tema central:  <\/span><b>arquitectura<\/b><span style=\"font-weight: 400;\">.<\/span><\/p><p><span style=\"font-weight: 400;\">Esta 42\u1d49 edici\u00f3n, en la que se abrir\u00e1n al p\u00fablico m\u00e1s de treinta lugares repartidos por el Norte, el Centro y el Sur, ofrece visitas guiadas, exposiciones, conferencias, espect\u00e1culos y talleres educativos. Ilustra la diversidad y riqueza del variado patrimonio de Martinica, donde conviven casas criollas, destiler\u00edas hist\u00f3ricas, monumentos coloniales y edificios modernos. <\/span><\/p>\t\t\t\t\t\t\t\t<\/div>\n\t\t\t\t<\/div>\n\t\t\t\t\t<\/div>\n\t\t<\/div>\n\t\t\t\t\t<\/div>\n\t\t<\/section>\n\t\t\t\t<section class=\"elementor-section elementor-top-section elementor-element elementor-element-6df3229 elementor-section-boxed elementor-section-height-default elementor-section-height-default\" data-id=\"6df3229\" data-element_type=\"section\">\n\t\t\t\t\t\t<div class=\"elementor-container elementor-column-gap-default\">\n\t\t\t\t\t<div class=\"elementor-column elementor-col-100 elementor-top-column elementor-element elementor-element-098e8ca\" data-id=\"098e8ca\" data-element_type=\"column\">\n\t\t\t<div class=\"elementor-widget-wrap elementor-element-populated\">\n\t\t\t\t\t\t<div class=\"elementor-element elementor-element-4de16c5 elementor-widget elementor-widget-heading\" data-id=\"4de16c5\" data-element_type=\"widget\" data-widget_type=\"heading.default\">\n\t\t\t\t<div class=\"elementor-widget-container\">\n\t\t\t\t\t<h2 class=\"elementor-heading-title elementor-size-default\">La arquitectura, espejo de Martinica<\/h2>\t\t\t\t<\/div>\n\t\t\t\t<\/div>\n\t\t\t\t<div class=\"elementor-element elementor-element-7e03fa7 elementor-widget elementor-widget-text-editor\" data-id=\"7e03fa7\" data-element_type=\"widget\" data-widget_type=\"text-editor.default\">\n\t\t\t\t<div class=\"elementor-widget-container\">\n\t\t\t\t\t\t\t\t\t<p><span style=\"font-weight: 400;\">El tema de este a\u00f1o, <\/span><b>&#8220;patrimonio arquitect\u00f3nico<\/b><span style=\"font-weight: 400;\">En <a href=\"https:\/\/richeskarayib.com\/es\/carifesta-xv-martinica-una-pequena-delegacion-con-un-gran-mensaje\/\" target=\"_blank\" rel=\"noopener\">Martinica<\/a>, la arquitectura adquiere una dimensi\u00f3n \u00fanica. Aqu\u00ed, la arquitectura cuenta la historia de un pueblo mestizo: modestas casas de madera, edificios modernistas, patios llenos de flores, empinadas escaleras, pero tambi\u00e9n grandes edificios industriales o religiosos. <\/span><\/p><p><span style=\"font-weight: 400;\">Para <\/span><b>Johan-Hilel Hamel<\/b><span style=\"font-weight: 400;\">Director de Asuntos Culturales, &#8220;la arquitectura de Martinica encarna la pluralidad y la criollizaci\u00f3n&#8221;. Refleja el cambio social y las dificultades econ\u00f3micas, pero tambi\u00e9n el orgullo colectivo. Es esta complejidad la que    <\/span><b>Jornadas Europeas del Patrimonio 2025 <\/b><span style=\"font-weight: 400;\">quieren destacar.<\/span><\/p>\t\t\t\t\t\t\t\t<\/div>\n\t\t\t\t<\/div>\n\t\t\t\t\t<\/div>\n\t\t<\/div>\n\t\t\t\t\t<\/div>\n\t\t<\/section>\n\t\t\t\t<section class=\"elementor-section elementor-top-section elementor-element elementor-element-383b273 elementor-section-boxed elementor-section-height-default elementor-section-height-default\" data-id=\"383b273\" data-element_type=\"section\">\n\t\t\t\t\t\t<div class=\"elementor-container elementor-column-gap-default\">\n\t\t\t\t\t<div class=\"elementor-column elementor-col-100 elementor-top-column elementor-element elementor-element-98878ff\" data-id=\"98878ff\" data-element_type=\"column\">\n\t\t\t<div class=\"elementor-widget-wrap elementor-element-populated\">\n\t\t\t\t\t\t<div class=\"elementor-element elementor-element-4919ffd elementor-widget elementor-widget-heading\" data-id=\"4919ffd\" data-element_type=\"widget\" data-widget_type=\"heading.default\">\n\t\t\t\t<div class=\"elementor-widget-container\">\n\t\t\t\t\t<h2 class=\"elementor-heading-title elementor-size-default\">Lo m\u00e1s destacado en el Norte<\/h2>\t\t\t\t<\/div>\n\t\t\t\t<\/div>\n\t\t\t\t<div class=\"elementor-element elementor-element-09e10fe elementor-widget elementor-widget-text-editor\" data-id=\"09e10fe\" data-element_type=\"widget\" data-widget_type=\"text-editor.default\">\n\t\t\t\t<div class=\"elementor-widget-container\">\n\t\t\t\t\t\t\t\t\t<p><span style=\"font-weight: 400;\">La parte norte de la isla ofrece nada menos que <\/span><b>17 manifestaciones<\/b><span style=\"font-weight: 400;\">Entre ellos, patrimonio mar\u00edtimo, religioso, industrial y cient\u00edfico.<\/span><\/p><ul><li style=\"font-weight: 400;\" aria-level=\"1\"><span style=\"font-weight: 400;\">\ud83d\udcc5 \u00c0 <\/span><b>La Trinit\u00e9<\/b><span style=\"font-weight: 400;\">el <\/span><b>faro de la Caravelle<\/b><span style=\"font-weight: 400;\"> est\u00e1 abierto a los visitantes para una exploraci\u00f3n \u00edntima en peque\u00f1os grupos.<\/span><\/li><li style=\"font-weight: 400;\" aria-level=\"1\"><span style=\"font-weight: 400;\">\ud83d\udcc5 \u00c0 <\/span><b>Saint-Pierre<\/b><span style=\"font-weight: 400;\">un aut\u00e9ntico museo al aire libre, se han programado una serie de actos: visitas en profundidad a la ciudad, una obra de teatro titulada <\/span><b>&#8220;Juste Seul Cyparis<\/b><span style=\"font-weight: 400;\">un juego de escapismo en la antigua c\u00e1rcel y un rally patrimonial para grandes y peque\u00f1os.<\/span><\/li><li style=\"font-weight: 400;\" aria-level=\"1\"><span style=\"font-weight: 400;\">\ud83d\udcc5 El <\/span><b>Centro de Descubrimiento de las Ciencias de la Tierra<\/b><span style=\"font-weight: 400;\"> tambi\u00e9n mostrar\u00e1 un innovador edificio a prueba de terremotos.<\/span><\/li><\/ul>\t\t\t\t\t\t\t\t<\/div>\n\t\t\t\t<\/div>\n\t\t\t\t<div class=\"elementor-element elementor-element-79ef138 elementor-widget elementor-widget-text-editor\" data-id=\"79ef138\" data-element_type=\"widget\" data-widget_type=\"text-editor.default\">\n\t\t\t\t<div class=\"elementor-widget-container\">\n\t\t\t\t\t\t\t\t\t<ul><li style=\"font-weight: 400;\" aria-level=\"1\"><span style=\"font-weight: 400;\">\ud83d\udcc5 Le <\/span><b>Morne-Rouge<\/b><span style=\"font-weight: 400;\"> rendir\u00e1 homenaje al<\/span><b>Observatorio Vulcanol\u00f3gico y Sismol\u00f3gico<\/b><span style=\"font-weight: 400;\">clave para la vigilancia de la Monta\u00f1a Pelada.<\/span><\/li><li style=\"font-weight: 400;\" aria-level=\"1\"><span style=\"font-weight: 400;\">\ud83d\udcc5 \u00c0 <\/span><b>Grand&#8217;Rivi\u00e8re<\/b><span style=\"font-weight: 400;\">una visita a los <\/span><b>puentes met\u00e1licos construidos en 1964<\/b><span style=\"font-weight: 400;\"> servir\u00e1 para recordar el ingenio de los ingenieros de Martinica.<\/span><\/li><li style=\"font-weight: 400;\" aria-level=\"1\"><b>\ud83d\udcc5 Le Carbet<\/b><span style=\"font-weight: 400;\"> organiza una <\/span><b>excursi\u00f3n nocturna<\/b><span style=\"font-weight: 400;\">mientras que <\/span><b>Le Pr\u00eacheur<\/b><span style=\"font-weight: 400;\"> ofrece el <\/span><b>Paseo por el Tiempo Profundo<\/b><span style=\"font-weight: 400;\">que recorre 4.600 millones de a\u00f1os de la historia de la Tierra.<\/span><\/li><li style=\"font-weight: 400;\" aria-level=\"1\"><span style=\"font-weight: 400;\">\ud83d\udcc5 Las destiler\u00edas emblem\u00e1ticas tambi\u00e9n abren sus puertas: <\/span><b>Neisson<\/b><span style=\"font-weight: 400;\"> en Carbet <\/span><b>Hardy<\/b><span style=\"font-weight: 400;\"> en Tartane, y la<\/span><b>Habitaci\u00f3n Saint-James<\/b><span style=\"font-weight: 400;\"> en Sainte-Marie.<\/span><\/li><li style=\"font-weight: 400;\" aria-level=\"1\"><span style=\"font-weight: 400;\">\ud83d\udcc5 Por \u00faltimo, en <\/span><b>Basse-Pointe<\/b><span style=\"font-weight: 400;\">, l&#8217;<\/span><b>Habitation La Salle<\/b><span style=\"font-weight: 400;\">una antigua refiner\u00eda de az\u00facar del siglo XVI, ofrece la oportunidad de volver a los or\u00edgenes de la econom\u00eda azucarera.<\/span><p> <\/p><\/li><\/ul><p><span style=\"font-weight: 400;\">Estas iniciativas son un recordatorio de que las Jornadas Europeas del Patrimonio 2025 son tambi\u00e9n una oportunidad para mostrar lugares a los que raramente se puede acceder.<\/span><\/p>\t\t\t\t\t\t\t\t<\/div>\n\t\t\t\t<\/div>\n\t\t\t\t<section class=\"elementor-section elementor-inner-section elementor-element elementor-element-8f10ae6 elementor-section-boxed elementor-section-height-default elementor-section-height-default\" data-id=\"8f10ae6\" data-element_type=\"section\">\n\t\t\t\t\t\t<div class=\"elementor-container elementor-column-gap-default\">\n\t\t\t\t\t<div class=\"elementor-column elementor-col-33 elementor-inner-column elementor-element elementor-element-184adca\" data-id=\"184adca\" data-element_type=\"column\">\n\t\t\t<div class=\"elementor-widget-wrap elementor-element-populated\">\n\t\t\t\t\t\t<div class=\"elementor-element elementor-element-ef0d25b elementor-widget elementor-widget-image\" data-id=\"ef0d25b\" data-element_type=\"widget\" data-widget_type=\"image.default\">\n\t\t\t\t<div class=\"elementor-widget-container\">\n\t\t\t\t\t\t\t\t\t\t\t\t\t\t\t<img fetchpriority=\"high\" decoding=\"async\" width=\"724\" height=\"1024\" src=\"https:\/\/richeskarayib.com\/wp-content\/uploads\/2025\/09\/DP-JEP-2025-V31509-12H30_page-0011-724x1024.jpg\" class=\"attachment-large size-large wp-image-61318\" alt=\"Journ\u00e9es europ\u00e9ennes du patrimoine 2025\" srcset=\"https:\/\/richeskarayib.com\/wp-content\/uploads\/2025\/09\/DP-JEP-2025-V31509-12H30_page-0011-724x1024.jpg 724w, https:\/\/richeskarayib.com\/wp-content\/uploads\/2025\/09\/DP-JEP-2025-V31509-12H30_page-0011-212x300.jpg 212w, https:\/\/richeskarayib.com\/wp-content\/uploads\/2025\/09\/DP-JEP-2025-V31509-12H30_page-0011-768x1086.jpg 768w, https:\/\/richeskarayib.com\/wp-content\/uploads\/2025\/09\/DP-JEP-2025-V31509-12H30_page-0011-1086x1536.jpg 1086w, https:\/\/richeskarayib.com\/wp-content\/uploads\/2025\/09\/DP-JEP-2025-V31509-12H30_page-0011-1320x1866.jpg 1320w, https:\/\/richeskarayib.com\/wp-content\/uploads\/2025\/09\/DP-JEP-2025-V31509-12H30_page-0011.jpg 1358w\" sizes=\"(max-width: 724px) 100vw, 724px\" \/>\t\t\t\t\t\t\t\t\t\t\t\t\t\t\t<\/div>\n\t\t\t\t<\/div>\n\t\t\t\t\t<\/div>\n\t\t<\/div>\n\t\t\t\t<div class=\"elementor-column elementor-col-33 elementor-inner-column elementor-element elementor-element-6dc0355\" data-id=\"6dc0355\" data-element_type=\"column\">\n\t\t\t<div class=\"elementor-widget-wrap elementor-element-populated\">\n\t\t\t\t\t\t<div class=\"elementor-element elementor-element-900ebe9 elementor-widget elementor-widget-image\" data-id=\"900ebe9\" data-element_type=\"widget\" data-widget_type=\"image.default\">\n\t\t\t\t<div class=\"elementor-widget-container\">\n\t\t\t\t\t\t\t\t\t\t\t\t\t\t\t<img decoding=\"async\" width=\"724\" height=\"1024\" src=\"https:\/\/richeskarayib.com\/wp-content\/uploads\/2025\/09\/DP-JEP-2025-V31509-12H30_page-0012-724x1024.jpg\" class=\"attachment-large size-large wp-image-61322\" alt=\"Journ\u00e9es europ\u00e9ennes du patrimoine 2025\" srcset=\"https:\/\/richeskarayib.com\/wp-content\/uploads\/2025\/09\/DP-JEP-2025-V31509-12H30_page-0012-724x1024.jpg 724w, https:\/\/richeskarayib.com\/wp-content\/uploads\/2025\/09\/DP-JEP-2025-V31509-12H30_page-0012-212x300.jpg 212w, https:\/\/richeskarayib.com\/wp-content\/uploads\/2025\/09\/DP-JEP-2025-V31509-12H30_page-0012-768x1086.jpg 768w, https:\/\/richeskarayib.com\/wp-content\/uploads\/2025\/09\/DP-JEP-2025-V31509-12H30_page-0012-1086x1536.jpg 1086w, https:\/\/richeskarayib.com\/wp-content\/uploads\/2025\/09\/DP-JEP-2025-V31509-12H30_page-0012-1320x1866.jpg 1320w, https:\/\/richeskarayib.com\/wp-content\/uploads\/2025\/09\/DP-JEP-2025-V31509-12H30_page-0012.jpg 1358w\" sizes=\"(max-width: 724px) 100vw, 724px\" \/>\t\t\t\t\t\t\t\t\t\t\t\t\t\t\t<\/div>\n\t\t\t\t<\/div>\n\t\t\t\t\t<\/div>\n\t\t<\/div>\n\t\t\t\t<div class=\"elementor-column elementor-col-33 elementor-inner-column elementor-element elementor-element-a3876f6\" data-id=\"a3876f6\" data-element_type=\"column\">\n\t\t\t<div class=\"elementor-widget-wrap elementor-element-populated\">\n\t\t\t\t\t\t<div class=\"elementor-element elementor-element-a192d39 elementor-widget elementor-widget-image\" data-id=\"a192d39\" data-element_type=\"widget\" data-widget_type=\"image.default\">\n\t\t\t\t<div class=\"elementor-widget-container\">\n\t\t\t\t\t\t\t\t\t\t\t\t\t\t\t<img decoding=\"async\" width=\"724\" height=\"1024\" src=\"https:\/\/richeskarayib.com\/wp-content\/uploads\/2025\/09\/DP-JEP-2025-V31509-12H30_page-0013-724x1024.jpg\" class=\"attachment-large size-large wp-image-61326\" alt=\"Journ\u00e9es europ\u00e9ennes du patrimoine 2025\" srcset=\"https:\/\/richeskarayib.com\/wp-content\/uploads\/2025\/09\/DP-JEP-2025-V31509-12H30_page-0013-724x1024.jpg 724w, https:\/\/richeskarayib.com\/wp-content\/uploads\/2025\/09\/DP-JEP-2025-V31509-12H30_page-0013-212x300.jpg 212w, https:\/\/richeskarayib.com\/wp-content\/uploads\/2025\/09\/DP-JEP-2025-V31509-12H30_page-0013-768x1086.jpg 768w, https:\/\/richeskarayib.com\/wp-content\/uploads\/2025\/09\/DP-JEP-2025-V31509-12H30_page-0013-1086x1536.jpg 1086w, https:\/\/richeskarayib.com\/wp-content\/uploads\/2025\/09\/DP-JEP-2025-V31509-12H30_page-0013-1320x1866.jpg 1320w, https:\/\/richeskarayib.com\/wp-content\/uploads\/2025\/09\/DP-JEP-2025-V31509-12H30_page-0013.jpg 1358w\" sizes=\"(max-width: 724px) 100vw, 724px\" \/>\t\t\t\t\t\t\t\t\t\t\t\t\t\t\t<\/div>\n\t\t\t\t<\/div>\n\t\t\t\t\t<\/div>\n\t\t<\/div>\n\t\t\t\t\t<\/div>\n\t\t<\/section>\n\t\t\t\t\t<\/div>\n\t\t<\/div>\n\t\t\t\t\t<\/div>\n\t\t<\/section>\n\t\t\t\t<section class=\"elementor-section elementor-top-section elementor-element elementor-element-5a7397d elementor-section-boxed elementor-section-height-default elementor-section-height-default\" data-id=\"5a7397d\" data-element_type=\"section\">\n\t\t\t\t\t\t<div class=\"elementor-container elementor-column-gap-default\">\n\t\t\t\t\t<div class=\"elementor-column elementor-col-100 elementor-top-column elementor-element elementor-element-8b33b4b\" data-id=\"8b33b4b\" data-element_type=\"column\">\n\t\t\t<div class=\"elementor-widget-wrap elementor-element-populated\">\n\t\t\t\t\t\t<div class=\"elementor-element elementor-element-89dac4b elementor-widget elementor-widget-heading\" data-id=\"89dac4b\" data-element_type=\"widget\" data-widget_type=\"heading.default\">\n\t\t\t\t<div class=\"elementor-widget-container\">\n\t\t\t\t\t<h2 class=\"elementor-heading-title elementor-size-default\">Descubrimientos en el Centro<\/h2>\t\t\t\t<\/div>\n\t\t\t\t<\/div>\n\t\t\t\t<div class=\"elementor-element elementor-element-4fc7069 elementor-widget elementor-widget-text-editor\" data-id=\"4fc7069\" data-element_type=\"widget\" data-widget_type=\"text-editor.default\">\n\t\t\t\t<div class=\"elementor-widget-container\">\n\t\t\t\t\t\t\t\t\t<p><span style=\"font-weight: 400;\">El centro de la isla ofrecer\u00e1 <\/span><b>11 actos<\/b><span style=\"font-weight: 400;\"> en torno a Fort-de-France, Schoelcher y Saint-Joseph.<\/span><\/p><ul><li style=\"font-weight: 400;\" aria-level=\"1\"><span style=\"font-weight: 400;\">\ud83d\udcc5 \u00c0 <\/span><b>Fort-de-France<\/b><span style=\"font-weight: 400;\">el <\/span><b>Museo de Arqueolog\u00eda y Prehistoria<\/b><span style=\"font-weight: 400;\"> presentar\u00e1 una conferencia sobre las funciones y los materiales de la arquitectura. <\/span> <\/li><li style=\"font-weight: 400;\" aria-level=\"1\"><span style=\"font-weight: 400;\">\ud83d\udcc5 La <\/span><b>Biblioteca Sch\u0153lcher<\/b><span style=\"font-weight: 400;\"> acoger\u00e1 la exposici\u00f3n <\/span><b>&#8220;exposici\u00f3n &#8220;Bibliotech<\/b><span style=\"font-weight: 400;\"> y una conferencia sobre el patrimonio en la era digital. <\/span> <\/li><li style=\"font-weight: 400;\" aria-level=\"1\"><span style=\"font-weight: 400;\">\ud83d\udcc5 La <\/span><b>Prefectura de Martinica<\/b><span style=\"font-weight: 400;\">inspirada en el Petit Trianon, tambi\u00e9n abrir\u00e1 sus puertas, al igual que el <\/span><b>Fuerte Tartenson<\/b><span style=\"font-weight: 400;\">. <\/span> <\/li><li style=\"font-weight: 400;\" aria-level=\"1\"><span style=\"font-weight: 400;\">\ud83d\udcc5 Por \u00faltimo, la <\/span><b>Casa Roja, Casa de las Artes<\/b><span style=\"font-weight: 400;\">ofrecer\u00e1 una iniciaci\u00f3n original que combina danza y patrimonio.<\/span><\/li><li style=\"font-weight: 400;\" aria-level=\"1\"><span style=\"font-weight: 400;\">\ud83d\udcc5 \u00c0 <\/span><b>Schoelcher<\/b><span style=\"font-weight: 400;\">los visitantes pueden participar en un <\/span><b>un taller de modelado basado en petroglifos amerindios<\/b><span style=\"font-weight: 400;\">a <\/span><b>concurso cultural<\/b><span style=\"font-weight: 400;\"> y <\/span><b>una jornada de puertas abiertas con Watabwi<\/b><span style=\"font-weight: 400;\">una combinaci\u00f3n de arte contempor\u00e1neo y gastronom\u00eda.<\/span><span style=\"font-weight: 400;\"><br><\/span><\/li><li style=\"font-weight: 400;\" aria-level=\"1\"><span style=\"font-weight: 400;\">\ud83d\udcc5 En <b>Saint-Joseph<\/b>, la <b>Gran Logia de<\/b> Francia desvelar\u00e1 sus secretos arquitect\u00f3nicos e hist\u00f3ricos.<\/span><\/li><\/ul>\t\t\t\t\t\t\t\t<\/div>\n\t\t\t\t<\/div>\n\t\t\t\t<div class=\"elementor-element elementor-element-06e03ec elementor-widget elementor-widget-text-editor\" data-id=\"06e03ec\" data-element_type=\"widget\" data-widget_type=\"text-editor.default\">\n\t\t\t\t<div class=\"elementor-widget-container\">\n\t\t\t\t\t\t\t\t\t<p><span style=\"font-weight: 400;\">\u00c9stas son s\u00f3lo algunas de las oportunidades que demuestran lo mucho que la <\/span><b>Jornadas Europeas del Patrimonio 2025 <\/b><span style=\"font-weight: 400;\">tambi\u00e9n aportan elementos de reflexi\u00f3n sobre el futuro de las pr\u00e1cticas culturales.<\/span><\/p>\t\t\t\t\t\t\t\t<\/div>\n\t\t\t\t<\/div>\n\t\t\t\t<section class=\"elementor-section elementor-inner-section elementor-element elementor-element-123e509 elementor-section-boxed elementor-section-height-default elementor-section-height-default\" data-id=\"123e509\" data-element_type=\"section\">\n\t\t\t\t\t\t<div class=\"elementor-container elementor-column-gap-default\">\n\t\t\t\t\t<div class=\"elementor-column elementor-col-50 elementor-inner-column elementor-element elementor-element-04c9c73\" data-id=\"04c9c73\" data-element_type=\"column\">\n\t\t\t<div class=\"elementor-widget-wrap elementor-element-populated\">\n\t\t\t\t\t\t<div class=\"elementor-element elementor-element-ad49f77 elementor-widget elementor-widget-image\" data-id=\"ad49f77\" data-element_type=\"widget\" data-widget_type=\"image.default\">\n\t\t\t\t<div class=\"elementor-widget-container\">\n\t\t\t\t\t\t\t\t\t\t\t\t\t\t\t<img loading=\"lazy\" decoding=\"async\" width=\"724\" height=\"1024\" src=\"https:\/\/richeskarayib.com\/wp-content\/uploads\/2025\/09\/DP-JEP-2025-V31509-12H30_page-0014-724x1024.jpg\" class=\"attachment-large size-large wp-image-61330\" alt=\"Journ\u00e9es europ\u00e9ennes du patrimoine 2025\" srcset=\"https:\/\/richeskarayib.com\/wp-content\/uploads\/2025\/09\/DP-JEP-2025-V31509-12H30_page-0014-724x1024.jpg 724w, https:\/\/richeskarayib.com\/wp-content\/uploads\/2025\/09\/DP-JEP-2025-V31509-12H30_page-0014-212x300.jpg 212w, https:\/\/richeskarayib.com\/wp-content\/uploads\/2025\/09\/DP-JEP-2025-V31509-12H30_page-0014-768x1086.jpg 768w, https:\/\/richeskarayib.com\/wp-content\/uploads\/2025\/09\/DP-JEP-2025-V31509-12H30_page-0014-1086x1536.jpg 1086w, https:\/\/richeskarayib.com\/wp-content\/uploads\/2025\/09\/DP-JEP-2025-V31509-12H30_page-0014-1320x1866.jpg 1320w, https:\/\/richeskarayib.com\/wp-content\/uploads\/2025\/09\/DP-JEP-2025-V31509-12H30_page-0014.jpg 1358w\" sizes=\"(max-width: 724px) 100vw, 724px\" \/>\t\t\t\t\t\t\t\t\t\t\t\t\t\t\t<\/div>\n\t\t\t\t<\/div>\n\t\t\t\t\t<\/div>\n\t\t<\/div>\n\t\t\t\t<div class=\"elementor-column elementor-col-50 elementor-inner-column elementor-element elementor-element-6d70f8e\" data-id=\"6d70f8e\" data-element_type=\"column\">\n\t\t\t<div class=\"elementor-widget-wrap elementor-element-populated\">\n\t\t\t\t\t\t<div class=\"elementor-element elementor-element-10764b2 elementor-widget elementor-widget-image\" data-id=\"10764b2\" data-element_type=\"widget\" data-widget_type=\"image.default\">\n\t\t\t\t<div class=\"elementor-widget-container\">\n\t\t\t\t\t\t\t\t\t\t\t\t\t\t\t<img loading=\"lazy\" decoding=\"async\" width=\"724\" height=\"1024\" src=\"https:\/\/richeskarayib.com\/wp-content\/uploads\/2025\/09\/DP-JEP-2025-V31509-12H30_page-0015-724x1024.jpg\" class=\"attachment-large size-large wp-image-61334\" alt=\"Journ\u00e9es europ\u00e9ennes du patrimoine 2025\" srcset=\"https:\/\/richeskarayib.com\/wp-content\/uploads\/2025\/09\/DP-JEP-2025-V31509-12H30_page-0015-724x1024.jpg 724w, https:\/\/richeskarayib.com\/wp-content\/uploads\/2025\/09\/DP-JEP-2025-V31509-12H30_page-0015-212x300.jpg 212w, https:\/\/richeskarayib.com\/wp-content\/uploads\/2025\/09\/DP-JEP-2025-V31509-12H30_page-0015-768x1086.jpg 768w, https:\/\/richeskarayib.com\/wp-content\/uploads\/2025\/09\/DP-JEP-2025-V31509-12H30_page-0015-1086x1536.jpg 1086w, https:\/\/richeskarayib.com\/wp-content\/uploads\/2025\/09\/DP-JEP-2025-V31509-12H30_page-0015-1320x1866.jpg 1320w, https:\/\/richeskarayib.com\/wp-content\/uploads\/2025\/09\/DP-JEP-2025-V31509-12H30_page-0015.jpg 1358w\" sizes=\"(max-width: 724px) 100vw, 724px\" \/>\t\t\t\t\t\t\t\t\t\t\t\t\t\t\t<\/div>\n\t\t\t\t<\/div>\n\t\t\t\t\t<\/div>\n\t\t<\/div>\n\t\t\t\t\t<\/div>\n\t\t<\/section>\n\t\t\t\t\t<\/div>\n\t\t<\/div>\n\t\t\t\t\t<\/div>\n\t\t<\/section>\n\t\t\t\t<section class=\"elementor-section elementor-top-section elementor-element elementor-element-7f97911 elementor-section-boxed elementor-section-height-default elementor-section-height-default\" data-id=\"7f97911\" data-element_type=\"section\">\n\t\t\t\t\t\t<div class=\"elementor-container elementor-column-gap-default\">\n\t\t\t\t\t<div class=\"elementor-column elementor-col-100 elementor-top-column elementor-element elementor-element-e5ed698\" data-id=\"e5ed698\" data-element_type=\"column\">\n\t\t\t<div class=\"elementor-widget-wrap elementor-element-populated\">\n\t\t\t\t\t\t<div class=\"elementor-element elementor-element-822fbe3 elementor-widget elementor-widget-heading\" data-id=\"822fbe3\" data-element_type=\"widget\" data-widget_type=\"heading.default\">\n\t\t\t\t<div class=\"elementor-widget-container\">\n\t\t\t\t\t<h2 class=\"elementor-heading-title elementor-size-default\">Un Sur entre patrimonio y modernidad<\/h2>\t\t\t\t<\/div>\n\t\t\t\t<\/div>\n\t\t\t\t<div class=\"elementor-element elementor-element-e9cbf91 elementor-widget elementor-widget-text-editor\" data-id=\"e9cbf91\" data-element_type=\"widget\" data-widget_type=\"text-editor.default\">\n\t\t\t\t<div class=\"elementor-widget-container\">\n\t\t\t\t\t\t\t\t\t<p><span style=\"font-weight: 400;\">El Sur no se queda atr\u00e1s, con <\/span><b>6 eventos<\/b><span style=\"font-weight: 400;\"> eventos.<\/span><\/p><ul><li style=\"font-weight: 400;\" aria-level=\"1\"><span style=\"font-weight: 400;\">\ud83d\udcc5Au <\/span><b>Mar\u00edn<\/b><span style=\"font-weight: 400;\">el p\u00fablico puede experimentar el <\/span><b>Paseo por el Tiempo Profundo<\/b><span style=\"font-weight: 400;\"> y descubrir la<\/span><b>vivienda de Grand-Fonds<\/b><span style=\"font-weight: 400;\">un antiguo ingenio azucarero. El puerto de la ciudad cobrar\u00e1 vida con dos acontecimientos mar\u00edtimos: el   <\/span><b>Pagaye d&#8217;Or<\/b><span style=\"font-weight: 400;\">una regata tradicional de yawl, y la <\/span><b>Copa Yole Femenina<\/b><span style=\"font-weight: 400;\">una competici\u00f3n femenina totalmente nueva.<\/span><\/li><li style=\"font-weight: 400;\" aria-level=\"1\"><span style=\"font-weight: 400;\">\ud83d\udcc5 \u00c0 <\/span><b>Sainte-Anne<\/b><span style=\"font-weight: 400;\">un <\/span><b>jornada de puertas abiertas<\/b><span style=\"font-weight: 400;\"> permitir\u00e1 a los visitantes acceder al taller de un artista, para un intercambio directo de ideas sobre la creaci\u00f3n y el patrimonio.<\/span><\/li><li style=\"font-weight: 400;\" aria-level=\"1\">\ud83d\udcc5 En <b>Trois-\u00celets<\/b>, una visita guiada trazar\u00e1 la evoluci\u00f3n del patrimonio arquitect\u00f3nico de la ciudad, entre la herencia antigua y el urbanismo contempor\u00e1neo.<\/li><\/ul>\t\t\t\t\t\t\t\t<\/div>\n\t\t\t\t<\/div>\n\t\t\t\t<div class=\"elementor-element elementor-element-5e4731e elementor-widget elementor-widget-text-editor\" data-id=\"5e4731e\" data-element_type=\"widget\" data-widget_type=\"text-editor.default\">\n\t\t\t\t<div class=\"elementor-widget-container\">\n\t\t\t\t\t\t\t\t\t<p><span style=\"font-weight: 400;\">Estos acontecimientos confirman la determinaci\u00f3n de las <\/span><b>Jornadas Europeas del Patrimonio 2025 <\/b><span style=\"font-weight: 400;\">de acercar a los ciudadanos a su historia, poniendo de relieve al mismo tiempo las pr\u00e1cticas modernas.<\/span><\/p>\t\t\t\t\t\t\t\t<\/div>\n\t\t\t\t<\/div>\n\t\t\t\t<div class=\"elementor-element elementor-element-a256020 elementor-widget elementor-widget-image\" data-id=\"a256020\" data-element_type=\"widget\" data-widget_type=\"image.default\">\n\t\t\t\t<div class=\"elementor-widget-container\">\n\t\t\t\t\t\t\t\t\t\t\t\t\t\t\t<img loading=\"lazy\" decoding=\"async\" width=\"724\" height=\"1024\" src=\"https:\/\/richeskarayib.com\/wp-content\/uploads\/2025\/09\/DP-JEP-2025-V31509-12H30_page-0016-724x1024.jpg\" class=\"attachment-large size-large wp-image-61338\" alt=\"\" srcset=\"https:\/\/richeskarayib.com\/wp-content\/uploads\/2025\/09\/DP-JEP-2025-V31509-12H30_page-0016-724x1024.jpg 724w, https:\/\/richeskarayib.com\/wp-content\/uploads\/2025\/09\/DP-JEP-2025-V31509-12H30_page-0016-212x300.jpg 212w, https:\/\/richeskarayib.com\/wp-content\/uploads\/2025\/09\/DP-JEP-2025-V31509-12H30_page-0016-768x1086.jpg 768w, https:\/\/richeskarayib.com\/wp-content\/uploads\/2025\/09\/DP-JEP-2025-V31509-12H30_page-0016-1086x1536.jpg 1086w, https:\/\/richeskarayib.com\/wp-content\/uploads\/2025\/09\/DP-JEP-2025-V31509-12H30_page-0016-1320x1866.jpg 1320w, https:\/\/richeskarayib.com\/wp-content\/uploads\/2025\/09\/DP-JEP-2025-V31509-12H30_page-0016.jpg 1358w\" sizes=\"(max-width: 724px) 100vw, 724px\" \/>\t\t\t\t\t\t\t\t\t\t\t\t\t\t\t<\/div>\n\t\t\t\t<\/div>\n\t\t\t\t\t<\/div>\n\t\t<\/div>\n\t\t\t\t\t<\/div>\n\t\t<\/section>\n\t\t\t\t<section class=\"elementor-section elementor-top-section elementor-element elementor-element-75e979c elementor-section-boxed elementor-section-height-default elementor-section-height-default\" data-id=\"75e979c\" data-element_type=\"section\">\n\t\t\t\t\t\t<div class=\"elementor-container elementor-column-gap-default\">\n\t\t\t\t\t<div class=\"elementor-column elementor-col-100 elementor-top-column elementor-element elementor-element-23aee1d\" data-id=\"23aee1d\" data-element_type=\"column\">\n\t\t\t<div class=\"elementor-widget-wrap elementor-element-populated\">\n\t\t\t\t\t\t<div class=\"elementor-element elementor-element-bd00a9d elementor-widget elementor-widget-heading\" data-id=\"bd00a9d\" data-element_type=\"widget\" data-widget_type=\"heading.default\">\n\t\t\t\t<div class=\"elementor-widget-container\">\n\t\t\t\t\t<h2 class=\"elementor-heading-title elementor-size-default\">Un patrimonio enriquecido por la edici\u00f3n y la transmisi\u00f3n<\/h2>\t\t\t\t<\/div>\n\t\t\t\t<\/div>\n\t\t\t\t<div class=\"elementor-element elementor-element-67f1bff elementor-widget elementor-widget-text-editor\" data-id=\"67f1bff\" data-element_type=\"widget\" data-widget_type=\"text-editor.default\">\n\t\t\t\t<div class=\"elementor-widget-container\">\n\t\t\t\t\t\t\t\t\t<p><span style=\"font-weight: 400;\">Adem\u00e1s de las visitas guiadas, las <\/span><b>Ediciones Herv\u00e9 Chopin<\/b><span style=\"font-weight: 400;\"> reeditan el libro <\/span><i><span style=\"font-weight: 400;\">Monumentos hist\u00f3ricos de Martinica<\/span><\/i><span style=\"font-weight: 400;\">con nuevas notas y fotograf\u00edas in\u00e9ditas. Este libro, producido con la   <\/span><b>DAC Martinica<\/b><span style=\"font-weight: 400;\"> y la <\/span><b>Fundaci\u00f3n Cl\u00e9ment<\/b><span style=\"font-weight: 400;\">Este sitio web enumera todos los lugares catalogados y registrados como monumentos hist\u00f3ricos.<\/span><\/p><p><span style=\"font-weight: 400;\">La operaci\u00f3n <\/span><b>&#8220;Levanta los ojos<\/b><span style=\"font-weight: 400;\">El 19 de septiembre, la exposici\u00f3n &#8220;Yole Martiniquaise&#8221; para escolares ofrecer\u00e1 exposiciones, pel\u00edculas y talleres educativos, con especial atenci\u00f3n al yole y a los barrios obreros. Una vez m\u00e1s   <\/span><b>Jornadas Europeas del Patrimonio 2025 <\/b><span style=\"font-weight: 400;\"> demostrar su papel en la transmisi\u00f3n del patrimonio a las generaciones futuras.<\/span><\/p>\t\t\t\t\t\t\t\t<\/div>\n\t\t\t\t<\/div>\n\t\t\t\t\t<\/div>\n\t\t<\/div>\n\t\t\t\t\t<\/div>\n\t\t<\/section>\n\t\t\t\t<section class=\"elementor-section elementor-top-section elementor-element elementor-element-f219a61 elementor-section-boxed elementor-section-height-default elementor-section-height-default\" data-id=\"f219a61\" data-element_type=\"section\">\n\t\t\t\t\t\t<div class=\"elementor-container elementor-column-gap-default\">\n\t\t\t\t\t<div class=\"elementor-column elementor-col-100 elementor-top-column elementor-element elementor-element-72ec9c6\" data-id=\"72ec9c6\" data-element_type=\"column\">\n\t\t\t<div class=\"elementor-widget-wrap elementor-element-populated\">\n\t\t\t\t\t\t<div class=\"elementor-element elementor-element-36c1f55 elementor-widget elementor-widget-heading\" data-id=\"36c1f55\" data-element_type=\"widget\" data-widget_type=\"heading.default\">\n\t\t\t\t<div class=\"elementor-widget-container\">\n\t\t\t\t\t<h2 class=\"elementor-heading-title elementor-size-default\">Instituciones abiertas al p\u00fablico\n<\/h2>\t\t\t\t<\/div>\n\t\t\t\t<\/div>\n\t\t\t\t<div class=\"elementor-element elementor-element-fe84f74 elementor-widget elementor-widget-text-editor\" data-id=\"fe84f74\" data-element_type=\"widget\" data-widget_type=\"text-editor.default\">\n\t\t\t\t<div class=\"elementor-widget-container\">\n\t\t\t\t\t\t\t\t\t<p><span style=\"font-weight: 400;\">Varios lugares emblem\u00e1ticos estar\u00e1n abiertos al p\u00fablico:<\/span><\/p><ul><li style=\"font-weight: 400;\" aria-level=\"1\"><span style=\"font-weight: 400;\">\u2705 la <\/span><b>Prefectura de Martinica<\/b><span style=\"font-weight: 400;\">,<\/span><\/li><li style=\"font-weight: 400;\" aria-level=\"1\"><span style=\"font-weight: 400;\">\u2705 la <\/span><b>Biblioteca Sch\u0153lcher<\/b><span style=\"font-weight: 400;\">,<\/span><\/li><li style=\"font-weight: 400;\" aria-level=\"1\">\u2705 el <b>DAC Martinique<\/b> con sus exposiciones &#8220;Temwanyaj&#8221; y las de H\u00e9l\u00e8ne Raffestin,<\/li><\/ul><p><span style=\"font-weight: 400;\">  ofrecer\u00e1 una muestra representativa del patrimonio cl\u00e1sico y la creaci\u00f3n contempor\u00e1nea.<\/span><span style=\"font-weight: 400;\"><br><\/span><\/p>\t\t\t\t\t\t\t\t<\/div>\n\t\t\t\t<\/div>\n\t\t\t\t\t<\/div>\n\t\t<\/div>\n\t\t\t\t\t<\/div>\n\t\t<\/section>\n\t\t\t\t<section class=\"elementor-section elementor-top-section elementor-element elementor-element-5ab816f elementor-section-boxed elementor-section-height-default elementor-section-height-default\" data-id=\"5ab816f\" data-element_type=\"section\">\n\t\t\t\t\t\t<div class=\"elementor-container elementor-column-gap-default\">\n\t\t\t\t\t<div class=\"elementor-column elementor-col-100 elementor-top-column elementor-element elementor-element-9277607\" data-id=\"9277607\" data-element_type=\"column\">\n\t\t\t<div class=\"elementor-widget-wrap elementor-element-populated\">\n\t\t\t\t\t\t<div class=\"elementor-element elementor-element-59f5112 elementor-widget elementor-widget-heading\" data-id=\"59f5112\" data-element_type=\"widget\" data-widget_type=\"heading.default\">\n\t\t\t\t<div class=\"elementor-widget-container\">\n\t\t\t\t\t<h2 class=\"elementor-heading-title elementor-size-default\">La misi\u00f3n St\u00e9phane Bern y la restauraci\u00f3n de la Fuente de Gueydon<\/h2>\t\t\t\t<\/div>\n\t\t\t\t<\/div>\n\t\t\t\t<div class=\"elementor-element elementor-element-b9f756e elementor-widget elementor-widget-text-editor\" data-id=\"b9f756e\" data-element_type=\"widget\" data-widget_type=\"text-editor.default\">\n\t\t\t\t<div class=\"elementor-widget-container\">\n\t\t\t\t\t\t\t\t\t<p><span style=\"font-weight: 400;\">La p\u00e1gina <\/span><b>Fuente de Gueydon<\/b><span style=\"font-weight: 400;\"> de Fort-de-France ha sido seleccionada como proyecto emblem\u00e1tico para 2025 por la <\/span><b>Misi\u00f3n Patrimonio<\/b><span style=\"font-weight: 400;\">. Construido en 1856, simboliz\u00f3 la llegada del agua potable a la capital. Actualmente en mal estado, se restaurar\u00e1 con un coste de 1,5 millones de euros.   <\/span><b>2,7 millones de euros<\/b><span style=\"font-weight: 400;\">. El proyecto incluye el riego, la iluminaci\u00f3n, el ajardinamiento y la creaci\u00f3n de una plaza de f\u00e1cil uso.<\/span><\/p><p><span style=\"font-weight: 400;\">Este proyecto, que forma parte de las <\/span><b>Jornadas Europeas del Patrimonio 2025<\/b><span style=\"font-weight: 400;\">ilustra la voluntad de combinar memoria y regeneraci\u00f3n urbana.<\/span><\/p>\t\t\t\t\t\t\t\t<\/div>\n\t\t\t\t<\/div>\n\t\t\t\t\t<\/div>\n\t\t<\/div>\n\t\t\t\t\t<\/div>\n\t\t<\/section>\n\t\t\t\t<section class=\"elementor-section elementor-top-section elementor-element elementor-element-ca207ca elementor-section-boxed elementor-section-height-default elementor-section-height-default\" data-id=\"ca207ca\" data-element_type=\"section\">\n\t\t\t\t\t\t<div class=\"elementor-container elementor-column-gap-default\">\n\t\t\t\t\t<div class=\"elementor-column elementor-col-100 elementor-top-column elementor-element elementor-element-16a5427\" data-id=\"16a5427\" data-element_type=\"column\">\n\t\t\t<div class=\"elementor-widget-wrap elementor-element-populated\">\n\t\t\t\t\t\t<div class=\"elementor-element elementor-element-8fc416a elementor-widget elementor-widget-heading\" data-id=\"8fc416a\" data-element_type=\"widget\" data-widget_type=\"heading.default\">\n\t\t\t\t<div class=\"elementor-widget-container\">\n\t\t\t\t\t<h2 class=\"elementor-heading-title elementor-size-default\">Cifras clave del patrimonio de Martinica\n<\/h2>\t\t\t\t<\/div>\n\t\t\t\t<\/div>\n\t\t\t\t<div class=\"elementor-element elementor-element-b1e8d85 elementor-widget elementor-widget-text-editor\" data-id=\"b1e8d85\" data-element_type=\"widget\" data-widget_type=\"text-editor.default\">\n\t\t\t\t<div class=\"elementor-widget-container\">\n\t\t\t\t\t\t\t\t\t<ul><li style=\"font-weight: 400;\" aria-level=\"1\"><b>\u2705125 edificios protegidos<\/b><span style=\"font-weight: 400;\">23 de los cuales est\u00e1n clasificados como monumentos hist\u00f3ricos.<\/span><\/li><li style=\"font-weight: 400;\" aria-level=\"1\"><b>\u2705 109 objetos muebles protegidos<\/b><span style=\"font-weight: 400;\">incluido el barco de tres m\u00e1stiles <\/span><i><span style=\"font-weight: 400;\">Le Toumelin<\/span><\/i><span style=\"font-weight: 400;\">el \u00fanico barco protegido de las Indias Occidentales.<\/span><\/li><li style=\"font-weight: 400;\" aria-level=\"1\"><b>\u2705 1 Ciudad de Arte e Historia<\/b><span style=\"font-weight: 400;\"> San Pedro.<\/span><\/li><li style=\"font-weight: 400;\" aria-level=\"1\"><b>\u2705 7 jardines notables<\/b><span style=\"font-weight: 400;\">, <\/span><b>5 Casas de los Ilustres<\/b><span style=\"font-weight: 400;\">, <\/span><b>25 edificios contempor\u00e1neos excepcionales<\/b><span style=\"font-weight: 400;\">.<\/span><\/li><li style=\"font-weight: 400;\" aria-level=\"1\"><b>\u2705 15 edificios<\/b><span style=\"font-weight: 400;\"> seleccionados por el programa &#8220;Patrimonio en peligro&#8221;.<\/span><\/li><\/ul><p><span style=\"font-weight: 400;\">Estos datos sit\u00faan las <\/span><b>Jornadas Europeas del Patrimonio 2025<\/b><span style=\"font-weight: 400;\"> en una perspectiva m\u00e1s amplia, en la que la arquitectura se revela como un vector esencial de memoria e identidad.<\/span><\/p>\t\t\t\t\t\t\t\t<\/div>\n\t\t\t\t<\/div>\n\t\t\t\t\t<\/div>\n\t\t<\/div>\n\t\t\t\t\t<\/div>\n\t\t<\/section>\n\t\t\t\t<section class=\"elementor-section elementor-top-section elementor-element elementor-element-d227092 elementor-section-boxed elementor-section-height-default elementor-section-height-default\" data-id=\"d227092\" data-element_type=\"section\">\n\t\t\t\t\t\t<div class=\"elementor-container elementor-column-gap-default\">\n\t\t\t\t\t<div class=\"elementor-column elementor-col-100 elementor-top-column elementor-element elementor-element-e4f0b1a\" data-id=\"e4f0b1a\" data-element_type=\"column\">\n\t\t\t<div class=\"elementor-widget-wrap elementor-element-populated\">\n\t\t\t\t\t\t<div class=\"elementor-element elementor-element-6ce6e8b elementor-widget elementor-widget-heading\" data-id=\"6ce6e8b\" data-element_type=\"widget\" data-widget_type=\"heading.default\">\n\t\t\t\t<div class=\"elementor-widget-container\">\n\t\t\t\t\t<h2 class=\"elementor-heading-title elementor-size-default\">Socios y compromiso colectivo\n<\/h2>\t\t\t\t<\/div>\n\t\t\t\t<\/div>\n\t\t\t\t<div class=\"elementor-element elementor-element-c9afaa8 elementor-widget elementor-widget-text-editor\" data-id=\"c9afaa8\" data-element_type=\"widget\" data-widget_type=\"text-editor.default\">\n\t\t\t\t<div class=\"elementor-widget-container\">\n\t\t\t\t\t\t\t\t\t<p><span style=\"font-weight: 400;\">Esta edici\u00f3n cuenta con el apoyo del <\/span><b>Ministerio de Cultura<\/b><span style=\"font-weight: 400;\">el sitio <\/span><b>DAC Martinica<\/b><span style=\"font-weight: 400;\">el sitio <\/span><b>Fundaci\u00f3n Cl\u00e9ment<\/b><span style=\"font-weight: 400;\">Fundaci\u00f3n <\/span><b>Fundaci\u00f3n del Patrimonio<\/b><span style=\"font-weight: 400;\">la <\/span><b>Fran\u00e7aise des Jeux<\/b><span style=\"font-weight: 400;\"> a trav\u00e9s del Loto du Patrimoine, as\u00ed como numerosas asociaciones y autoridades locales.<\/span><\/p>\t\t\t\t\t\t\t\t<\/div>\n\t\t\t\t<\/div>\n\t\t\t\t\t<\/div>\n\t\t<\/div>\n\t\t\t\t\t<\/div>\n\t\t<\/section>\n\t\t\t\t<section class=\"elementor-section elementor-top-section elementor-element elementor-element-2729133 elementor-section-boxed elementor-section-height-default elementor-section-height-default\" data-id=\"2729133\" data-element_type=\"section\">\n\t\t\t\t\t\t<div class=\"elementor-container elementor-column-gap-default\">\n\t\t\t\t\t<div class=\"elementor-column elementor-col-100 elementor-top-column elementor-element elementor-element-a1826a4\" data-id=\"a1826a4\" data-element_type=\"column\">\n\t\t\t<div class=\"elementor-widget-wrap elementor-element-populated\">\n\t\t\t\t\t\t<div class=\"elementor-element elementor-element-98e6e13 elementor-widget elementor-widget-text-editor\" data-id=\"98e6e13\" data-element_type=\"widget\" data-widget_type=\"text-editor.default\">\n\t\t\t\t<div class=\"elementor-widget-container\">\n\t\t\t\t\t\t\t\t\t<p><span style=\"font-weight: 400;\">Visita <\/span><b>Las Jornadas Europeas del Patrimonio 2025 <\/b><span style=\"font-weight: 400;\"> son mucho m\u00e1s que una serie de visitas: son una invitaci\u00f3n a comprender la evoluci\u00f3n de la regi\u00f3n a trav\u00e9s de su arquitectura, a reforzar los v\u00ednculos entre generaciones y a afirmar la identidad plural de la isla.<\/span><\/p><p><span style=\"font-weight: 400;\">En <\/span><b>34 actos en el Norte, el Centro y el Sur<\/b><span style=\"font-weight: 400;\">la reedici\u00f3n de una obra de referencia, iniciativas para los j\u00f3venes y un gran proyecto de restauraci\u00f3n, Martinica demuestra que su patrimonio es a la vez herencia, memoria y futuro.<\/span><\/p>\t\t\t\t\t\t\t\t<\/div>\n\t\t\t\t<\/div>\n\t\t\t\t\t<\/div>\n\t\t<\/div>\n\t\t\t\t\t<\/div>\n\t\t<\/section>\n\t\t\t\t<\/div>\n\t\t","protected":false},"excerpt":{"rendered":"<p>Las Jornadas Europeas del Patrimonio 2025 se celebrar\u00e1n los d\u00edas 20 y 21 de septiembre. Este acontecimiento, que se ha convertido en una cita ineludible en Europa y en Francia, se celebra en la isla con un tema central: arquitectura. Esta 42\u1d49 edici\u00f3n, en la que se abrir\u00e1n al p\u00fablico m\u00e1s de treinta lugares repartidos [&hellip;]<\/p>\n","protected":false},"author":662,"featured_media":61314,"comment_status":"open","ping_status":"open","sticky":false,"template":"","format":"standard","meta":{"_acf_changed":false,"footnotes":""},"categories":[1469],"tags":[816],"class_list":["post-61340","post","type-post","status-publish","format-standard","has-post-thumbnail","hentry","category-historia-patrimonio","tag-martinique-es"],"acf":[],"_links":{"self":[{"href":"https:\/\/richeskarayib.com\/es\/wp-json\/wp\/v2\/posts\/61340","targetHints":{"allow":["GET"]}}],"collection":[{"href":"https:\/\/richeskarayib.com\/es\/wp-json\/wp\/v2\/posts"}],"about":[{"href":"https:\/\/richeskarayib.com\/es\/wp-json\/wp\/v2\/types\/post"}],"author":[{"embeddable":true,"href":"https:\/\/richeskarayib.com\/es\/wp-json\/wp\/v2\/users\/662"}],"replies":[{"embeddable":true,"href":"https:\/\/richeskarayib.com\/es\/wp-json\/wp\/v2\/comments?post=61340"}],"version-history":[{"count":0,"href":"https:\/\/richeskarayib.com\/es\/wp-json\/wp\/v2\/posts\/61340\/revisions"}],"wp:featuredmedia":[{"embeddable":true,"href":"https:\/\/richeskarayib.com\/es\/wp-json\/wp\/v2\/media\/61314"}],"wp:attachment":[{"href":"https:\/\/richeskarayib.com\/es\/wp-json\/wp\/v2\/media?parent=61340"}],"wp:term":[{"taxonomy":"category","embeddable":true,"href":"https:\/\/richeskarayib.com\/es\/wp-json\/wp\/v2\/categories?post=61340"},{"taxonomy":"post_tag","embeddable":true,"href":"https:\/\/richeskarayib.com\/es\/wp-json\/wp\/v2\/tags?post=61340"}],"curies":[{"name":"wp","href":"https:\/\/api.w.org\/{rel}","templated":true}]}}