{"id":61486,"date":"2025-09-19T11:38:50","date_gmt":"2025-09-19T15:38:50","guid":{"rendered":"https:\/\/richeskarayib.com\/presentacion-del-programa-de-la-42%e1%b5%89-edicion-de-las-jornadas-europeas-del-patrimonio-en-martinica\/"},"modified":"2025-09-19T11:38:50","modified_gmt":"2025-09-19T15:38:50","slug":"presentacion-del-programa-de-la-42%e1%b5%89-edicion-de-las-jornadas-europeas-del-patrimonio-en-martinica","status":"publish","type":"post","link":"https:\/\/richeskarayib.com\/es\/presentacion-del-programa-de-la-42%e1%b5%89-edicion-de-las-jornadas-europeas-del-patrimonio-en-martinica\/","title":{"rendered":"Presentaci\u00f3n del programa de la 42\u1d49 edici\u00f3n de las &#8220;Jornadas Europeas del Patrimonio&#8221; en Martinica"},"content":{"rendered":"\t\t<div data-elementor-type=\"wp-post\" data-elementor-id=\"61486\" class=\"elementor elementor-61486 elementor-61432\" data-elementor-post-type=\"post\">\n\t\t\t\t\t\t<section class=\"elementor-section elementor-top-section elementor-element elementor-element-7ca7ca1 elementor-section-boxed elementor-section-height-default elementor-section-height-default\" data-id=\"7ca7ca1\" data-element_type=\"section\">\n\t\t\t\t\t\t<div class=\"elementor-container elementor-column-gap-default\">\n\t\t\t\t\t<div class=\"elementor-column elementor-col-100 elementor-top-column elementor-element elementor-element-cbdd002\" data-id=\"cbdd002\" data-element_type=\"column\">\n\t\t\t<div class=\"elementor-widget-wrap elementor-element-populated\">\n\t\t\t\t\t\t<section class=\"elementor-section elementor-inner-section elementor-element elementor-element-bc94849 elementor-section-boxed elementor-section-height-default elementor-section-height-default\" data-id=\"bc94849\" data-element_type=\"section\">\n\t\t\t\t\t\t<div class=\"elementor-container elementor-column-gap-default\">\n\t\t\t\t\t\t<\/div>\n\t\t<\/section>\n\t\t\t\t<section class=\"elementor-section elementor-inner-section elementor-element elementor-element-61571e6 elementor-section-boxed elementor-section-height-default elementor-section-height-default\" data-id=\"61571e6\" data-element_type=\"section\">\n\t\t\t\t\t\t<div class=\"elementor-container elementor-column-gap-default\">\n\t\t\t\t\t\t<\/div>\n\t\t<\/section>\n\t\t\t\t<section class=\"elementor-section elementor-inner-section elementor-element elementor-element-b6262e0 elementor-section-boxed elementor-section-height-default elementor-section-height-default\" data-id=\"b6262e0\" data-element_type=\"section\">\n\t\t\t\t\t\t<div class=\"elementor-container elementor-column-gap-default\">\n\t\t\t\t\t\t<\/div>\n\t\t<\/section>\n\t\t\t\t<section class=\"elementor-section elementor-inner-section elementor-element elementor-element-cca29fd elementor-section-boxed elementor-section-height-default elementor-section-height-default\" data-id=\"cca29fd\" data-element_type=\"section\">\n\t\t\t\t\t\t<div class=\"elementor-container elementor-column-gap-default\">\n\t\t\t\t\t\t<\/div>\n\t\t<\/section>\n\t\t\t\t\t<\/div>\n\t\t<\/div>\n\t\t\t\t\t<\/div>\n\t\t<\/section>\n\t\t\t\t<section class=\"elementor-section elementor-top-section elementor-element elementor-element-6df3229 elementor-section-boxed elementor-section-height-default elementor-section-height-default\" data-id=\"6df3229\" data-element_type=\"section\">\n\t\t\t\t\t\t<div class=\"elementor-container elementor-column-gap-default\">\n\t\t\t\t\t<div class=\"elementor-column elementor-col-100 elementor-top-column elementor-element elementor-element-098e8ca\" data-id=\"098e8ca\" data-element_type=\"column\">\n\t\t\t<div class=\"elementor-widget-wrap elementor-element-populated\">\n\t\t\t\t\t\t<div class=\"elementor-element elementor-element-7e03fa7 elementor-widget elementor-widget-text-editor\" data-id=\"7e03fa7\" data-element_type=\"widget\" data-widget_type=\"text-editor.default\">\n\t\t\t\t<div class=\"elementor-widget-container\">\n\t\t\t\t\t\t\t\t\t<p><span style=\"font-weight: 400;\">La conferencia de prensa celebrada en los jardines de la <a href=\"https:\/\/www.culture.gouv.fr\/regions\/dac-martinique\" target=\"_blank\" rel=\"noopener nofollow\">Direcci\u00f3n de Asuntos Culturales<\/a> (DAC) marc\u00f3 la presentaci\u00f3n del programa de la 42\u1d49 edici\u00f3n de las &#8220;Jornadas Europeas del Patrimonio en <a href=\"https:\/\/richeskarayib.com\/es\/martinica-jornadas-europeas-del-patrimonio-2025-dos-dias-para-celebrar-la-arquitectura-y-la-memoria-colectiva\/\" target=\"_blank\" rel=\"noopener\">Martinica<\/a> &#8220;, este a\u00f1o bajo el lema <\/span><b>&#8220;El Patrimonio Arquitect\u00f3nico<\/b><span style=\"font-weight: 400;\">. <\/span> <\/p>\t\t\t\t\t\t\t\t<\/div>\n\t\t\t\t<\/div>\n\t\t\t\t<div class=\"elementor-element elementor-element-0a6c423 elementor-widget elementor-widget-text-editor\" data-id=\"0a6c423\" data-element_type=\"widget\" data-widget_type=\"text-editor.default\">\n\t\t\t\t<div class=\"elementor-widget-container\">\n\t\t\t\t\t\t\t\t\t<p><span style=\"font-weight: 400;\">La reuni\u00f3n, celebrada el jueves 18 de septiembre de 2025 a las 17.00 horas, congreg\u00f3 a los artistas, socios e instituciones, en presencia de Nathalie Mons, rectora de la Academia de Martinica, y del <\/span><span style=\"font-weight: 400;\">estudio de arquitectura ABITE, que dise\u00f1\u00f3 el recorrido de la exposici\u00f3n. Se presentaron tres exposiciones: las obras fotogr\u00e1ficas de Jean-Louis Saiz y Nicolas Dern\u00e9, y la instalaci\u00f3n de H\u00e9l\u00e8ne Raffestin.<\/span><\/p>\t\t\t\t\t\t\t\t<\/div>\n\t\t\t\t<\/div>\n\t\t\t\t<div class=\"elementor-element elementor-element-ba63df4 elementor-widget elementor-widget-text-editor\" data-id=\"ba63df4\" data-element_type=\"widget\" data-widget_type=\"text-editor.default\">\n\t\t\t\t<div class=\"elementor-widget-container\">\n\t\t\t\t\t\t\t\t\t<p><span style=\"font-weight: 400;\">Nada m\u00e1s inaugurarse la conferencia, el equipo organizador anunci\u00f3 <\/span><b>139 actos<\/b><span style=\"font-weight: 400;\">  inscritos en el programa del fin de semana, cifra actualizada &#8220;tras la moderaci\u00f3n&#8221;. El d\u00eda de   <\/span><b>El viernes <\/b><span style=\"font-weight: 400;\">(v\u00edspera del Fin de Semana del Patrimonio) est\u00e1 dedicado a <\/span><b>escolares<\/b><span style=\"font-weight: 400;\">La exposici\u00f3n estar\u00e1 abierta al p\u00fablico, a reserva de las posibles perturbaciones relacionadas con la huelga, con un servicio especial de acogida y mediaci\u00f3n para las clases y los profesores. L&#8217;<\/span><b>Agenda Abierta<\/b><span style=\"font-weight: 400;\"> sirve de punto de encuentro para todas las propuestas de la zona, facilitando la puesta en contacto de las escuelas y los sitios culturales en el marco de las Jornadas Europeas del Patrimonio en Martinica.<\/span><\/p>\t\t\t\t\t\t\t\t<\/div>\n\t\t\t\t<\/div>\n\t\t\t\t\t<\/div>\n\t\t<\/div>\n\t\t\t\t\t<\/div>\n\t\t<\/section>\n\t\t\t\t<section class=\"elementor-section elementor-top-section elementor-element elementor-element-383b273 elementor-section-boxed elementor-section-height-default elementor-section-height-default\" data-id=\"383b273\" data-element_type=\"section\">\n\t\t\t\t\t\t<div class=\"elementor-container elementor-column-gap-default\">\n\t\t\t\t\t<div class=\"elementor-column elementor-col-100 elementor-top-column elementor-element elementor-element-98878ff\" data-id=\"98878ff\" data-element_type=\"column\">\n\t\t\t<div class=\"elementor-widget-wrap elementor-element-populated\">\n\t\t\t\t\t\t<div class=\"elementor-element elementor-element-4919ffd elementor-widget elementor-widget-heading\" data-id=\"4919ffd\" data-element_type=\"widget\" data-widget_type=\"heading.default\">\n\t\t\t\t<div class=\"elementor-widget-container\">\n\t\t\t\t\t<h2 class=\"elementor-heading-title elementor-size-default\">Tres perspectivas sobre el mismo patrimonio<\/h2>\t\t\t\t<\/div>\n\t\t\t\t<\/div>\n\t\t\t\t<div class=\"elementor-element elementor-element-09e10fe elementor-widget elementor-widget-text-editor\" data-id=\"09e10fe\" data-element_type=\"widget\" data-widget_type=\"text-editor.default\">\n\t\t\t\t<div class=\"elementor-widget-container\">\n\t\t\t\t\t\t\t\t\t<h3><b>Jean-Louis Saiz: la &#8220;est\u00e9tica del encuentro<\/b><\/h3><p><span style=\"font-weight: 400;\">Fot\u00f3grafo y autor, <\/span><a href=\"https:\/\/www.facebook.com\/p\/Jean-louis-Saiz-100060685967292\/?locale=fr_FR\" target=\"_blank\" rel=\"noopener nofollow\"><b>Jean-Louis Saiz<\/b><\/a><span style=\"font-weight: 400;\">  afirma trabajar &#8220;sobre la realidad&#8221; y sobre &#8220;la autenticidad de la imagen&#8221;. Su planteamiento puede resumirse en una f\u00f3rmula:   <\/span><b>&#8220;la est\u00e9tica del encuentro<\/b><span style=\"font-weight: 400;\">. No hace retratos de estudio ni encargos period\u00edsticos: &#8220;He fotografiado a grandes actores, directores y bailarines, pero siempre a partir de un encuentro \u00fanico&#8221;, confiesa. \u00bfSu terreno elegido? Los barrios populares de Martinica, estudiados &#8220;como una b\u00fasqueda del fin del mundo&#8221;, donde la fotograf\u00eda se convierte en &#8220;un espejo de la vida&#8221;.    <\/span><\/p>\t\t\t\t\t\t\t\t<\/div>\n\t\t\t\t<\/div>\n\t\t\t\t<div class=\"elementor-element elementor-element-e390f73 elementor-widget elementor-widget-text-editor\" data-id=\"e390f73\" data-element_type=\"widget\" data-widget_type=\"text-editor.default\">\n\t\t\t\t<div class=\"elementor-widget-container\">\n\t\t\t\t\t\t\t\t\t<p><span style=\"font-weight: 400;\">Nacido &#8220;en un barrio de chabolas en Francia&#8221;, Saiz expresa su apego a la gente, su rechazo a los supuestos racistas y su deseo de hacer de las im\u00e1genes un v\u00ednculo humano que revele, en el momento de la captura, lo que est\u00e1 en juego &#8220;entre dos seres&#8221;. Su participaci\u00f3n en las Jornadas Europeas del Patrimonio en Martinica ilustra esta voluntad de poner de relieve rostros y lugares demasiado a menudo ignorados. <\/span><\/p>\t\t\t\t\t\t\t\t<\/div>\n\t\t\t\t<\/div>\n\t\t\t\t<section class=\"elementor-section elementor-inner-section elementor-element elementor-element-913d043 elementor-section-boxed elementor-section-height-default elementor-section-height-default\" data-id=\"913d043\" data-element_type=\"section\">\n\t\t\t\t\t\t<div class=\"elementor-container elementor-column-gap-default\">\n\t\t\t\t\t<div class=\"elementor-column elementor-col-100 elementor-inner-column elementor-element elementor-element-e526646\" data-id=\"e526646\" data-element_type=\"column\">\n\t\t\t<div class=\"elementor-widget-wrap elementor-element-populated\">\n\t\t\t\t\t\t<div class=\"elementor-element elementor-element-40da5bc elementor-widget elementor-widget-image\" data-id=\"40da5bc\" data-element_type=\"widget\" data-widget_type=\"image.default\">\n\t\t\t\t<div class=\"elementor-widget-container\">\n\t\t\t\t\t\t\t\t\t\t\t\t\t\t\t<img fetchpriority=\"high\" decoding=\"async\" width=\"800\" height=\"370\" src=\"https:\/\/richeskarayib.com\/wp-content\/uploads\/2025\/09\/Photographe-1-Jean-Louis-Saiz-1024x473.jpg\" class=\"attachment-large size-large wp-image-61440\" alt=\"Journ\u00e9es europ\u00e9ennes du patrimoine\" srcset=\"https:\/\/richeskarayib.com\/wp-content\/uploads\/2025\/09\/Photographe-1-Jean-Louis-Saiz-1024x473.jpg 1024w, https:\/\/richeskarayib.com\/wp-content\/uploads\/2025\/09\/Photographe-1-Jean-Louis-Saiz-300x139.jpg 300w, https:\/\/richeskarayib.com\/wp-content\/uploads\/2025\/09\/Photographe-1-Jean-Louis-Saiz-768x355.jpg 768w, https:\/\/richeskarayib.com\/wp-content\/uploads\/2025\/09\/Photographe-1-Jean-Louis-Saiz.jpg 1280w\" sizes=\"(max-width: 800px) 100vw, 800px\" \/>\t\t\t\t\t\t\t\t\t\t\t\t\t\t\t<\/div>\n\t\t\t\t<\/div>\n\t\t\t\t\t<\/div>\n\t\t<\/div>\n\t\t\t\t\t<\/div>\n\t\t<\/section>\n\t\t\t\t<div class=\"elementor-element elementor-element-c3cd836 elementor-widget elementor-widget-text-editor\" data-id=\"c3cd836\" data-element_type=\"widget\" data-widget_type=\"text-editor.default\">\n\t\t\t\t<div class=\"elementor-widget-container\">\n\t\t\t\t\t\t\t\t\t<h3><b>H\u00e9l\u00e8ne Raffestin: revelar las singularidades de los edificios<\/b><\/h3><p><span style=\"font-weight: 400;\">Dise\u00f1adora creativa y visual, <\/span><a href=\"https:\/\/www.ewag.fr\/articles\/helene-raffestin-plasticienne-designer-et-feministe-engagee\/\" target=\"_blank\" rel=\"noopener nofollow\"><b>H\u00e9l\u00e8ne Raffestin<\/b><\/a><span style=\"font-weight: 400;\">  presenta una instalaci\u00f3n basada en varias colecciones que revisitan nuestro patrimonio arquitect\u00f3nico: baldosas de cemento de la biblioteca Sch\u0153lcher, balcones de hierro forjado del edificio Saint-Esprit, motivos y estructuras de casas hist\u00f3ricas (hasta las rejillas de ventilaci\u00f3n). &#8220;Ten\u00eda la impresi\u00f3n de que esta belleza estaba ahogada en un conjunto. Mi trabajo consiste en extraer estas singularidades y mostrarlas bajo una luz contempor\u00e1nea&#8221;, explica.   <\/span><\/p>\t\t\t\t\t\t\t\t<\/div>\n\t\t\t\t<\/div>\n\t\t\t\t<div class=\"elementor-element elementor-element-04a0dc1 elementor-widget elementor-widget-text-editor\" data-id=\"04a0dc1\" data-element_type=\"widget\" data-widget_type=\"text-editor.default\">\n\t\t\t\t<div class=\"elementor-widget-container\">\n\t\t\t\t\t\t\t\t\t<p><span style=\"font-weight: 400;\">Con su choque de materiales, colores y detalles, su propuesta no es s\u00f3lo est\u00e9tica: nos invita a mirar de otra manera lo que nos rodea. Su planteamiento se inscribe naturalmente en el esp\u00edritu de las Jornadas Europeas del Patrimonio en Martinica, donde la valorizaci\u00f3n de los edificios se convierte en veh\u00edculo de transmisi\u00f3n y orgullo colectivo. <\/span><\/p>\t\t\t\t\t\t\t\t<\/div>\n\t\t\t\t<\/div>\n\t\t\t\t<section class=\"elementor-section elementor-inner-section elementor-element elementor-element-57dd3bb elementor-section-boxed elementor-section-height-default elementor-section-height-default\" data-id=\"57dd3bb\" data-element_type=\"section\">\n\t\t\t\t\t\t<div class=\"elementor-container elementor-column-gap-default\">\n\t\t\t\t\t<div class=\"elementor-column elementor-col-100 elementor-inner-column elementor-element elementor-element-55fa69b\" data-id=\"55fa69b\" data-element_type=\"column\">\n\t\t\t<div class=\"elementor-widget-wrap elementor-element-populated\">\n\t\t\t\t\t\t<div class=\"elementor-element elementor-element-52c700a elementor-widget elementor-widget-image\" data-id=\"52c700a\" data-element_type=\"widget\" data-widget_type=\"image.default\">\n\t\t\t\t<div class=\"elementor-widget-container\">\n\t\t\t\t\t\t\t\t\t\t\t\t\t\t\t<img decoding=\"async\" width=\"800\" height=\"370\" src=\"https:\/\/richeskarayib.com\/wp-content\/uploads\/2025\/09\/Helene-Raffestin-1024x473.jpg\" class=\"attachment-large size-large wp-image-61444\" alt=\"Journ\u00e9es europ\u00e9ennes du patrimoine\" srcset=\"https:\/\/richeskarayib.com\/wp-content\/uploads\/2025\/09\/Helene-Raffestin-1024x473.jpg 1024w, https:\/\/richeskarayib.com\/wp-content\/uploads\/2025\/09\/Helene-Raffestin-300x139.jpg 300w, https:\/\/richeskarayib.com\/wp-content\/uploads\/2025\/09\/Helene-Raffestin-768x355.jpg 768w, https:\/\/richeskarayib.com\/wp-content\/uploads\/2025\/09\/Helene-Raffestin.jpg 1280w\" sizes=\"(max-width: 800px) 100vw, 800px\" \/>\t\t\t\t\t\t\t\t\t\t\t\t\t\t\t<\/div>\n\t\t\t\t<\/div>\n\t\t\t\t\t<\/div>\n\t\t<\/div>\n\t\t\t\t\t<\/div>\n\t\t<\/section>\n\t\t\t\t<div class=\"elementor-element elementor-element-351cdcd elementor-widget elementor-widget-text-editor\" data-id=\"351cdcd\" data-element_type=\"widget\" data-widget_type=\"text-editor.default\">\n\t\t\t\t<div class=\"elementor-widget-container\">\n\t\t\t\t\t\t\t\t\t<h3><b>Nicolas Dern\u00e9: contar la historia del barrio desde dentro<\/b><\/h3><p><span style=\"font-weight: 400;\">Fot\u00f3grafo desde hace m\u00e1s de quince a\u00f1os en Martinica, <\/span><a href=\"https:\/\/nicolasderne.com\/\" target=\"_blank\" rel=\"noopener nofollow\"><b>Nicolas Dern\u00e9<\/b><\/a><span style=\"font-weight: 400;\">  afirma tener &#8220;la energ\u00eda del momento&#8221; y el deseo de contar historias. Sus im\u00e1genes -sobre todo las del libro   <\/span><i><span style=\"font-weight: 400;\">Un paseo por los barrios cubiertos por la pol\u00edtica urbana<\/span><\/i><span style=\"font-weight: 400;\"> &#8211; ofrece una <\/span><b>mirada al interior<\/b><span style=\"font-weight: 400;\">  sobre lugares que con demasiada frecuencia se ven desde arriba. Para las Jornadas del Patrimonio, subraya que los edificios son algo m\u00e1s que fachadas: &#8220;Hay vida dentro de ellos&#8221;, dice, abogando por una &#8220;nueva forma de mirarlos&#8221;.   <\/span><span style=\"font-weight: 400;\">reapropiaci\u00f3n colectiva. <\/span> <\/p>\t\t\t\t\t\t\t\t<\/div>\n\t\t\t\t<\/div>\n\t\t\t\t<div class=\"elementor-element elementor-element-f3b3bb6 elementor-widget elementor-widget-text-editor\" data-id=\"f3b3bb6\" data-element_type=\"widget\" data-widget_type=\"text-editor.default\">\n\t\t\t\t<div class=\"elementor-widget-container\">\n\t\t\t\t\t\t\t\t\t<p><span style=\"font-weight: 400;\">Su mensaje es un recordatorio de que, aunque a veces tenemos el reflejo de mirar hacia fuera, &#8220;el mundo a menudo mira hacia dentro&#8221;, hasta el punto de que se subestima la riqueza de la regi\u00f3n <\/span><b>subestimada<\/b><span style=\"font-weight: 400;\">. En el marco de las Jornadas Europeas del Patrimonio en Martinica, su obra ofrece una narraci\u00f3n encarnada, centrada en los habitantes&#8230;<\/span><\/p>\t\t\t\t\t\t\t\t<\/div>\n\t\t\t\t<\/div>\n\t\t\t\t<section class=\"elementor-section elementor-inner-section elementor-element elementor-element-fd1f65a elementor-section-boxed elementor-section-height-default elementor-section-height-default\" data-id=\"fd1f65a\" data-element_type=\"section\">\n\t\t\t\t\t\t<div class=\"elementor-container elementor-column-gap-default\">\n\t\t\t\t\t<div class=\"elementor-column elementor-col-100 elementor-inner-column elementor-element elementor-element-6ba9506\" data-id=\"6ba9506\" data-element_type=\"column\">\n\t\t\t<div class=\"elementor-widget-wrap elementor-element-populated\">\n\t\t\t\t\t\t<div class=\"elementor-element elementor-element-bb4cb25 elementor-widget elementor-widget-image\" data-id=\"bb4cb25\" data-element_type=\"widget\" data-widget_type=\"image.default\">\n\t\t\t\t<div class=\"elementor-widget-container\">\n\t\t\t\t\t\t\t\t\t\t\t\t\t\t\t<img decoding=\"async\" width=\"800\" height=\"370\" src=\"https:\/\/richeskarayib.com\/wp-content\/uploads\/2025\/09\/Photographe-2-Nicolas-Derne-1024x473.jpg\" class=\"attachment-large size-large wp-image-61448\" alt=\"Journ\u00e9es europ\u00e9ennes du patrimoine\" srcset=\"https:\/\/richeskarayib.com\/wp-content\/uploads\/2025\/09\/Photographe-2-Nicolas-Derne-1024x473.jpg 1024w, https:\/\/richeskarayib.com\/wp-content\/uploads\/2025\/09\/Photographe-2-Nicolas-Derne-300x139.jpg 300w, https:\/\/richeskarayib.com\/wp-content\/uploads\/2025\/09\/Photographe-2-Nicolas-Derne-768x355.jpg 768w, https:\/\/richeskarayib.com\/wp-content\/uploads\/2025\/09\/Photographe-2-Nicolas-Derne.jpg 1280w\" sizes=\"(max-width: 800px) 100vw, 800px\" \/>\t\t\t\t\t\t\t\t\t\t\t\t\t\t\t<\/div>\n\t\t\t\t<\/div>\n\t\t\t\t\t<\/div>\n\t\t<\/div>\n\t\t\t\t\t<\/div>\n\t\t<\/section>\n\t\t\t\t\t<\/div>\n\t\t<\/div>\n\t\t\t\t\t<\/div>\n\t\t<\/section>\n\t\t\t\t<section class=\"elementor-section elementor-top-section elementor-element elementor-element-5a7397d elementor-section-boxed elementor-section-height-default elementor-section-height-default\" data-id=\"5a7397d\" data-element_type=\"section\">\n\t\t\t\t\t\t<div class=\"elementor-container elementor-column-gap-default\">\n\t\t\t\t\t<div class=\"elementor-column elementor-col-100 elementor-top-column elementor-element elementor-element-8b33b4b\" data-id=\"8b33b4b\" data-element_type=\"column\">\n\t\t\t<div class=\"elementor-widget-wrap elementor-element-populated\">\n\t\t\t\t\t\t<div class=\"elementor-element elementor-element-89dac4b elementor-widget elementor-widget-heading\" data-id=\"89dac4b\" data-element_type=\"widget\" data-widget_type=\"heading.default\">\n\t\t\t\t<div class=\"elementor-widget-container\">\n\t\t\t\t\t<h2 class=\"elementor-heading-title elementor-size-default\">\"Un patrimonio, un presente, un futuro\": el marco institucional<\/h2>\t\t\t\t<\/div>\n\t\t\t\t<\/div>\n\t\t\t\t<div class=\"elementor-element elementor-element-4fc7069 elementor-widget elementor-widget-text-editor\" data-id=\"4fc7069\" data-element_type=\"widget\" data-widget_type=\"text-editor.default\">\n\t\t\t\t<div class=\"elementor-widget-container\">\n\t\t\t\t\t\t\t\t\t<p><span style=\"font-weight: 400;\">Nombrado el <\/span><b>3 de febrero de 2025<\/b><span style=\"font-weight: 400;\">, <\/span><a href=\"https:\/\/www.karibinfo.com\/news\/martinique-le-nouveau-directeur-des-affaires-culturelles-sappelle-johan-hilel-hamel\/\" target=\"_blank\" rel=\"noopener nofollow\"><b>Johan-Hilel Hamel<\/b><\/a><span style=\"font-weight: 400;\">Director de Asuntos Culturales de Martinica, prepara el terreno: el patrimonio es un legado compartido, que abarca el pasado, el presente y el futuro. Adem\u00e1s del patrimonio construido y mueble, se\u00f1ala la fragilidad del patrimonio inmaterial -tradiciones culinarias, musicales y f\u00edsicas- y la importancia de una &#8220;pol\u00edtica de patrimonio cultural&#8221;.   <\/span><b>pol\u00edtica p\u00fablica<\/b><span style=\"font-weight: 400;\"> protecci\u00f3n y transmisi\u00f3n. <\/span> <\/p>\t\t\t\t\t\t\t\t<\/div>\n\t\t\t\t<\/div>\n\t\t\t\t<div class=\"elementor-element elementor-element-411b126 elementor-widget elementor-widget-text-editor\" data-id=\"411b126\" data-element_type=\"widget\" data-widget_type=\"text-editor.default\">\n\t\t\t\t<div class=\"elementor-widget-container\">\n\t\t\t\t\t\t\t\t\t<p><span style=\"font-weight: 400;\">Destaca el gran impulso de las Jornadas en Martinica, su <\/span><b>r\u00e9cord de asistencia<\/b><span style=\"font-weight: 400;\">Tambi\u00e9n ha adoptado una visi\u00f3n amplia del patrimonio, que incluye el patrimonio de los barrios obreros, el patrimonio militar y el saber hacer, junto a los &#8220;grandes yacimientos&#8221;. Desde esta perspectiva   <\/span><span style=\"font-weight: 400;\">Las Jornadas Europeas del Patrimonio en Martinica contribuyen a reconciliar los recuerdos y a reunir a los ciudadanos en torno a una historia plural.<\/span><\/p>\t\t\t\t\t\t\t\t<\/div>\n\t\t\t\t<\/div>\n\t\t\t\t<section class=\"elementor-section elementor-inner-section elementor-element elementor-element-a13c5a8 elementor-section-boxed elementor-section-height-default elementor-section-height-default\" data-id=\"a13c5a8\" data-element_type=\"section\">\n\t\t\t\t\t\t<div class=\"elementor-container elementor-column-gap-default\">\n\t\t\t\t\t<div class=\"elementor-column elementor-col-100 elementor-inner-column elementor-element elementor-element-8d59a93\" data-id=\"8d59a93\" data-element_type=\"column\">\n\t\t\t<div class=\"elementor-widget-wrap elementor-element-populated\">\n\t\t\t\t\t\t<div class=\"elementor-element elementor-element-896e734 elementor-widget elementor-widget-image\" data-id=\"896e734\" data-element_type=\"widget\" data-widget_type=\"image.default\">\n\t\t\t\t<div class=\"elementor-widget-container\">\n\t\t\t\t\t\t\t\t\t\t\t\t\t\t\t<img loading=\"lazy\" decoding=\"async\" width=\"800\" height=\"420\" src=\"https:\/\/richeskarayib.com\/wp-content\/uploads\/2025\/09\/Johan-Hilel-Hamel-1024x538.jpg\" class=\"attachment-large size-large wp-image-61452\" alt=\"Journ\u00e9es europ\u00e9ennes du patrimoine\" srcset=\"https:\/\/richeskarayib.com\/wp-content\/uploads\/2025\/09\/Johan-Hilel-Hamel-1024x538.jpg 1024w, https:\/\/richeskarayib.com\/wp-content\/uploads\/2025\/09\/Johan-Hilel-Hamel-300x158.jpg 300w, https:\/\/richeskarayib.com\/wp-content\/uploads\/2025\/09\/Johan-Hilel-Hamel-768x403.jpg 768w, https:\/\/richeskarayib.com\/wp-content\/uploads\/2025\/09\/Johan-Hilel-Hamel.jpg 1280w\" sizes=\"(max-width: 800px) 100vw, 800px\" \/>\t\t\t\t\t\t\t\t\t\t\t\t\t\t\t<\/div>\n\t\t\t\t<\/div>\n\t\t\t\t\t<\/div>\n\t\t<\/div>\n\t\t\t\t\t<\/div>\n\t\t<\/section>\n\t\t\t\t\t<\/div>\n\t\t<\/div>\n\t\t\t\t\t<\/div>\n\t\t<\/section>\n\t\t\t\t<section class=\"elementor-section elementor-top-section elementor-element elementor-element-7f97911 elementor-section-boxed elementor-section-height-default elementor-section-height-default\" data-id=\"7f97911\" data-element_type=\"section\">\n\t\t\t\t\t\t<div class=\"elementor-container elementor-column-gap-default\">\n\t\t\t\t\t<div class=\"elementor-column elementor-col-100 elementor-top-column elementor-element elementor-element-e5ed698\" data-id=\"e5ed698\" data-element_type=\"column\">\n\t\t\t<div class=\"elementor-widget-wrap elementor-element-populated\">\n\t\t\t\t\t\t<div class=\"elementor-element elementor-element-822fbe3 elementor-widget elementor-widget-heading\" data-id=\"822fbe3\" data-element_type=\"widget\" data-widget_type=\"heading.default\">\n\t\t\t\t<div class=\"elementor-widget-container\">\n\t\t\t\t\t<h2 class=\"elementor-heading-title elementor-size-default\">Aspectos destacados del programa: lugares, actividades de divulgaci\u00f3n, p\u00fablico joven<\/h2>\t\t\t\t<\/div>\n\t\t\t\t<\/div>\n\t\t\t\t<div class=\"elementor-element elementor-element-e9cbf91 elementor-widget elementor-widget-text-editor\" data-id=\"e9cbf91\" data-element_type=\"widget\" data-widget_type=\"text-editor.default\">\n\t\t\t\t<div class=\"elementor-widget-container\">\n\t\t\t\t\t\t\t\t\t<p><span style=\"font-weight: 400;\">La conferencia detall\u00f3 una <\/span><b>rica historia<\/b><span style=\"font-weight: 400;\"> en toda la isla, incluyendo algunos puntos destacados:<\/span><\/p><ul><li style=\"font-weight: 400;\" aria-level=\"1\"><b>\u2705 Patrimonio militar<\/b><span style=\"font-weight: 400;\">  Apertura excepcional del Fuerte Saint-Louis (visita guiada, conferencias del INRAP y de la Asociaci\u00f3n de Arque\u00f3logos de las Peque\u00f1as Antillas, talleres y encuentros con marineros), presencia de la SNSM y de otras fuerzas. La fragata de vigilancia Germinal estar\u00e1 abierta a los visitantes s\u00f3lo los s\u00e1bados (acceso por la capitan\u00eda del puerto, en el lado de la terminal de cruceros). <\/span><\/li><li style=\"font-weight: 400;\" aria-level=\"1\"><b>\u2705 Hogares y saber hacer<\/b>: actos, demostraciones (escultura en metal, percusi\u00f3n, ceremonias, encuentros con artesanos y artistas), con especial atenci\u00f3n a la etiqueta &#8220;Empresa del Patrimonio Vivo&#8221; como recordatorio de la transmisi\u00f3n de los oficios.<\/li><\/ul>\t\t\t\t\t\t\t\t<\/div>\n\t\t\t\t<\/div>\n\t\t\t\t<div class=\"elementor-element elementor-element-c29fdc3 elementor-widget elementor-widget-text-editor\" data-id=\"c29fdc3\" data-element_type=\"widget\" data-widget_type=\"text-editor.default\">\n\t\t\t\t<div class=\"elementor-widget-container\">\n\t\t\t\t\t\t\t\t\t<ul><li style=\"font-weight: 400;\" aria-level=\"1\"><b>\u2705 Saint-Pierre<\/b><span style=\"font-weight: 400;\"> Saint-Pierre: m\u00edtines, un juego de evasi\u00f3n inmersivo en la antigua c\u00e1rcel (en torno a Cyparis), visitas guiadas que combinan la lectura de los edificios y un enfoque hist\u00f3rico, b\u00fasquedas del tesoro digitales mediante la aplicaci\u00f3n Geogaming.<\/span><\/li><li style=\"font-weight: 400;\" aria-level=\"1\"><b>\u2705 Fort-de-France<\/b><span style=\"font-weight: 400;\"> Fort-de-France: talleres de lectura de fachadas y de arquitectura (para las clases escolares, un recorrido por el modernismo foyalino), paseos urbanos y una atenci\u00f3n especial a los edificios emblem\u00e1ticos (que a veces incluye un homenaje a los edificios en v\u00edas de demolici\u00f3n).<\/span><\/li><li style=\"font-weight: 400;\" aria-level=\"1\"><b>\u2705 Arqueolog\u00eda<\/b>: reuniones y talleres sobre t\u00e9cnicas arqueol\u00f3gicas, conferencias dedicadas (Anse B\u00e9lair\/B\u00e9let, Saint-Jacques, etc.), para que los visitantes conozcan de primera mano el m\u00e9todo y la investigaci\u00f3n del patrimonio.<\/li><\/ul>\t\t\t\t\t\t\t\t<\/div>\n\t\t\t\t<\/div>\n\t\t\t\t<div class=\"elementor-element elementor-element-a5bf5d3 elementor-widget elementor-widget-text-editor\" data-id=\"a5bf5d3\" data-element_type=\"widget\" data-widget_type=\"text-editor.default\">\n\t\t\t\t<div class=\"elementor-widget-container\">\n\t\t\t\t\t\t\t\t\t<p><span style=\"font-weight: 400;\">Este a\u00f1o se hace hincapi\u00e9 en la divulgaci\u00f3n y la educaci\u00f3n, especialmente para los j\u00f3venes: el viernes se dedica a los escolares, d\u00e1ndoles la oportunidad de explorar los yacimientos desde dentro, aprender conceptos arquitect\u00f3nicos (vocabulario, gram\u00e1tica de la fachada) y recontextualizar la arquitectura primitiva (Ajoupa, Carbet, etc.) en el contexto de la larga historia de la regi\u00f3n. Un tema clave de las Jornadas Europeas del Patrimonio en Martinica. <\/span><\/p>\t\t\t\t\t\t\t\t<\/div>\n\t\t\t\t<\/div>\n\t\t\t\t\t<\/div>\n\t\t<\/div>\n\t\t\t\t\t<\/div>\n\t\t<\/section>\n\t\t\t\t<section class=\"elementor-section elementor-top-section elementor-element elementor-element-75e979c elementor-section-boxed elementor-section-height-default elementor-section-height-default\" data-id=\"75e979c\" data-element_type=\"section\">\n\t\t\t\t\t\t<div class=\"elementor-container elementor-column-gap-default\">\n\t\t\t\t\t<div class=\"elementor-column elementor-col-100 elementor-top-column elementor-element elementor-element-23aee1d\" data-id=\"23aee1d\" data-element_type=\"column\">\n\t\t\t<div class=\"elementor-widget-wrap elementor-element-populated\">\n\t\t\t\t\t\t<div class=\"elementor-element elementor-element-bd00a9d elementor-widget elementor-widget-heading\" data-id=\"bd00a9d\" data-element_type=\"widget\" data-widget_type=\"heading.default\">\n\t\t\t\t<div class=\"elementor-widget-container\">\n\t\t\t\t\t<h2 class=\"elementor-heading-title elementor-size-default\">M\u00e1s all\u00e1 del fin de semana: memoria y transmisi\u00f3n en escena<\/h2>\t\t\t\t<\/div>\n\t\t\t\t<\/div>\n\t\t\t\t<div class=\"elementor-element elementor-element-67f1bff elementor-widget elementor-widget-text-editor\" data-id=\"67f1bff\" data-element_type=\"widget\" data-widget_type=\"text-editor.default\">\n\t\t\t\t<div class=\"elementor-widget-container\">\n\t\t\t\t\t\t\t\t\t<p><span style=\"font-weight: 400;\">En el marco de la promoci\u00f3n del patrimonio de la regi\u00f3n, la conferencia brind\u00f3 a los socios culturales la oportunidad de participar en un espect\u00e1culo multidisciplinar organizado por France-Antilles con motivo de su 60 aniversario. Concebido como un viaje en el tiempo -desde las primeras conexiones a\u00e9reas hasta el auge del zouk, pasando por personajes y fechas clave-, el espect\u00e1culo se dirige a todos, especialmente a los j\u00f3venes, para reavivar la memoria colectiva a trav\u00e9s de la m\u00fasica, la danza y el teatro. La puesta en escena promete una elevaci\u00f3n emocional, alternando homenajes y celebraciones, para contar la historia de lo que ha llegado a ser Martinica. Esta ampliaci\u00f3n ilustra la voluntad de las Jornadas Europeas del Patrimonio de Martinica de vincular patrimonio y creaci\u00f3n contempor\u00e1nea.   <\/span><\/p>\t\t\t\t\t\t\t\t<\/div>\n\t\t\t\t<\/div>\n\t\t\t\t<section class=\"elementor-section elementor-inner-section elementor-element elementor-element-8ed6073 elementor-section-boxed elementor-section-height-default elementor-section-height-default\" data-id=\"8ed6073\" data-element_type=\"section\">\n\t\t\t\t\t\t<div class=\"elementor-container elementor-column-gap-default\">\n\t\t\t\t\t<div class=\"elementor-column elementor-col-50 elementor-inner-column elementor-element elementor-element-9bed6c7\" data-id=\"9bed6c7\" data-element_type=\"column\">\n\t\t\t<div class=\"elementor-widget-wrap elementor-element-populated\">\n\t\t\t\t\t\t<div class=\"elementor-element elementor-element-9a6a70f elementor-widget elementor-widget-image\" data-id=\"9a6a70f\" data-element_type=\"widget\" data-widget_type=\"image.default\">\n\t\t\t\t<div class=\"elementor-widget-container\">\n\t\t\t\t\t\t\t\t\t\t\t\t\t\t\t<img loading=\"lazy\" decoding=\"async\" width=\"800\" height=\"370\" src=\"https:\/\/richeskarayib.com\/wp-content\/uploads\/2025\/09\/WhatsApp-Image-2025-09-19-a-05.43.13_9065549b-1024x473.jpg\" class=\"attachment-large size-large wp-image-61468\" alt=\"Journ\u00e9es europ\u00e9ennes du patrimoine\" srcset=\"https:\/\/richeskarayib.com\/wp-content\/uploads\/2025\/09\/WhatsApp-Image-2025-09-19-a-05.43.13_9065549b-1024x473.jpg 1024w, https:\/\/richeskarayib.com\/wp-content\/uploads\/2025\/09\/WhatsApp-Image-2025-09-19-a-05.43.13_9065549b-300x139.jpg 300w, https:\/\/richeskarayib.com\/wp-content\/uploads\/2025\/09\/WhatsApp-Image-2025-09-19-a-05.43.13_9065549b-768x355.jpg 768w, https:\/\/richeskarayib.com\/wp-content\/uploads\/2025\/09\/WhatsApp-Image-2025-09-19-a-05.43.13_9065549b.jpg 1280w\" sizes=\"(max-width: 800px) 100vw, 800px\" \/>\t\t\t\t\t\t\t\t\t\t\t\t\t\t\t<\/div>\n\t\t\t\t<\/div>\n\t\t\t\t\t<\/div>\n\t\t<\/div>\n\t\t\t\t<div class=\"elementor-column elementor-col-50 elementor-inner-column elementor-element elementor-element-3db47a5\" data-id=\"3db47a5\" data-element_type=\"column\">\n\t\t\t<div class=\"elementor-widget-wrap elementor-element-populated\">\n\t\t\t\t\t\t<div class=\"elementor-element elementor-element-f40e004 elementor-widget elementor-widget-image\" data-id=\"f40e004\" data-element_type=\"widget\" data-widget_type=\"image.default\">\n\t\t\t\t<div class=\"elementor-widget-container\">\n\t\t\t\t\t\t\t\t\t\t\t\t\t\t\t<img loading=\"lazy\" decoding=\"async\" width=\"800\" height=\"370\" src=\"https:\/\/richeskarayib.com\/wp-content\/uploads\/2025\/09\/WhatsApp-Image-2025-09-19-a-05.43.11_f97839f4-1024x473.jpg\" class=\"attachment-large size-large wp-image-61472\" alt=\"Journ\u00e9es europ\u00e9ennes du patrimoine\" srcset=\"https:\/\/richeskarayib.com\/wp-content\/uploads\/2025\/09\/WhatsApp-Image-2025-09-19-a-05.43.11_f97839f4-1024x473.jpg 1024w, https:\/\/richeskarayib.com\/wp-content\/uploads\/2025\/09\/WhatsApp-Image-2025-09-19-a-05.43.11_f97839f4-300x139.jpg 300w, https:\/\/richeskarayib.com\/wp-content\/uploads\/2025\/09\/WhatsApp-Image-2025-09-19-a-05.43.11_f97839f4-768x355.jpg 768w, https:\/\/richeskarayib.com\/wp-content\/uploads\/2025\/09\/WhatsApp-Image-2025-09-19-a-05.43.11_f97839f4.jpg 1280w\" sizes=\"(max-width: 800px) 100vw, 800px\" \/>\t\t\t\t\t\t\t\t\t\t\t\t\t\t\t<\/div>\n\t\t\t\t<\/div>\n\t\t\t\t\t<\/div>\n\t\t<\/div>\n\t\t\t\t\t<\/div>\n\t\t<\/section>\n\t\t\t\t<section class=\"elementor-section elementor-inner-section elementor-element elementor-element-2d8cf29 elementor-section-boxed elementor-section-height-default elementor-section-height-default\" data-id=\"2d8cf29\" data-element_type=\"section\">\n\t\t\t\t\t\t<div class=\"elementor-container elementor-column-gap-default\">\n\t\t\t\t\t<div class=\"elementor-column elementor-col-100 elementor-inner-column elementor-element elementor-element-e693cfd\" data-id=\"e693cfd\" data-element_type=\"column\">\n\t\t\t<div class=\"elementor-widget-wrap elementor-element-populated\">\n\t\t\t\t\t\t<div class=\"elementor-element elementor-element-efcbc9e elementor-widget elementor-widget-image\" data-id=\"efcbc9e\" data-element_type=\"widget\" data-widget_type=\"image.default\">\n\t\t\t\t<div class=\"elementor-widget-container\">\n\t\t\t\t\t\t\t\t\t\t\t\t\t\t\t<img loading=\"lazy\" decoding=\"async\" width=\"800\" height=\"370\" src=\"https:\/\/richeskarayib.com\/wp-content\/uploads\/2025\/09\/WhatsApp-Image-2025-09-19-a-05.43.12_dd3633b9-1024x473.jpg\" class=\"attachment-large size-large wp-image-61476\" alt=\"Journ\u00e9es europ\u00e9ennes du patrimoine\" srcset=\"https:\/\/richeskarayib.com\/wp-content\/uploads\/2025\/09\/WhatsApp-Image-2025-09-19-a-05.43.12_dd3633b9-1024x473.jpg 1024w, https:\/\/richeskarayib.com\/wp-content\/uploads\/2025\/09\/WhatsApp-Image-2025-09-19-a-05.43.12_dd3633b9-300x139.jpg 300w, https:\/\/richeskarayib.com\/wp-content\/uploads\/2025\/09\/WhatsApp-Image-2025-09-19-a-05.43.12_dd3633b9-768x355.jpg 768w, https:\/\/richeskarayib.com\/wp-content\/uploads\/2025\/09\/WhatsApp-Image-2025-09-19-a-05.43.12_dd3633b9.jpg 1280w\" sizes=\"(max-width: 800px) 100vw, 800px\" \/>\t\t\t\t\t\t\t\t\t\t\t\t\t\t\t<\/div>\n\t\t\t\t<\/div>\n\t\t\t\t\t<\/div>\n\t\t<\/div>\n\t\t\t\t\t<\/div>\n\t\t<\/section>\n\t\t\t\t<section class=\"elementor-section elementor-inner-section elementor-element elementor-element-f3c77f9 elementor-section-boxed elementor-section-height-default elementor-section-height-default\" data-id=\"f3c77f9\" data-element_type=\"section\">\n\t\t\t\t\t\t<div class=\"elementor-container elementor-column-gap-default\">\n\t\t\t\t\t<div class=\"elementor-column elementor-col-50 elementor-inner-column elementor-element elementor-element-27d1b20\" data-id=\"27d1b20\" data-element_type=\"column\">\n\t\t\t<div class=\"elementor-widget-wrap elementor-element-populated\">\n\t\t\t\t\t\t<div class=\"elementor-element elementor-element-9a88c09 elementor-widget elementor-widget-image\" data-id=\"9a88c09\" data-element_type=\"widget\" data-widget_type=\"image.default\">\n\t\t\t\t<div class=\"elementor-widget-container\">\n\t\t\t\t\t\t\t\t\t\t\t\t\t\t\t<img loading=\"lazy\" decoding=\"async\" width=\"800\" height=\"370\" src=\"https:\/\/richeskarayib.com\/wp-content\/uploads\/2025\/09\/WhatsApp-Image-2025-09-19-a-05.43.11_c9ce5bc6-1024x473.jpg\" class=\"attachment-large size-large wp-image-61480\" alt=\"Journ\u00e9es europ\u00e9ennes du patrimoine\" srcset=\"https:\/\/richeskarayib.com\/wp-content\/uploads\/2025\/09\/WhatsApp-Image-2025-09-19-a-05.43.11_c9ce5bc6-1024x473.jpg 1024w, https:\/\/richeskarayib.com\/wp-content\/uploads\/2025\/09\/WhatsApp-Image-2025-09-19-a-05.43.11_c9ce5bc6-300x139.jpg 300w, https:\/\/richeskarayib.com\/wp-content\/uploads\/2025\/09\/WhatsApp-Image-2025-09-19-a-05.43.11_c9ce5bc6-768x355.jpg 768w, https:\/\/richeskarayib.com\/wp-content\/uploads\/2025\/09\/WhatsApp-Image-2025-09-19-a-05.43.11_c9ce5bc6.jpg 1280w\" sizes=\"(max-width: 800px) 100vw, 800px\" \/>\t\t\t\t\t\t\t\t\t\t\t\t\t\t\t<\/div>\n\t\t\t\t<\/div>\n\t\t\t\t\t<\/div>\n\t\t<\/div>\n\t\t\t\t<div class=\"elementor-column elementor-col-50 elementor-inner-column elementor-element elementor-element-26874b3\" data-id=\"26874b3\" data-element_type=\"column\">\n\t\t\t<div class=\"elementor-widget-wrap elementor-element-populated\">\n\t\t\t\t\t\t<div class=\"elementor-element elementor-element-50d955d elementor-widget elementor-widget-image\" data-id=\"50d955d\" data-element_type=\"widget\" data-widget_type=\"image.default\">\n\t\t\t\t<div class=\"elementor-widget-container\">\n\t\t\t\t\t\t\t\t\t\t\t\t\t\t\t<img loading=\"lazy\" decoding=\"async\" width=\"800\" height=\"370\" src=\"https:\/\/richeskarayib.com\/wp-content\/uploads\/2025\/09\/WhatsApp-Image-2025-09-19-a-05.43.14_eb238bab-1024x473.jpg\" class=\"attachment-large size-large wp-image-61484\" alt=\"Journ\u00e9es europ\u00e9ennes du patrimoine\" srcset=\"https:\/\/richeskarayib.com\/wp-content\/uploads\/2025\/09\/WhatsApp-Image-2025-09-19-a-05.43.14_eb238bab-1024x473.jpg 1024w, https:\/\/richeskarayib.com\/wp-content\/uploads\/2025\/09\/WhatsApp-Image-2025-09-19-a-05.43.14_eb238bab-300x139.jpg 300w, https:\/\/richeskarayib.com\/wp-content\/uploads\/2025\/09\/WhatsApp-Image-2025-09-19-a-05.43.14_eb238bab-768x355.jpg 768w, https:\/\/richeskarayib.com\/wp-content\/uploads\/2025\/09\/WhatsApp-Image-2025-09-19-a-05.43.14_eb238bab.jpg 1280w\" sizes=\"(max-width: 800px) 100vw, 800px\" \/>\t\t\t\t\t\t\t\t\t\t\t\t\t\t\t<\/div>\n\t\t\t\t<\/div>\n\t\t\t\t\t<\/div>\n\t\t<\/div>\n\t\t\t\t\t<\/div>\n\t\t<\/section>\n\t\t\t\t\t<\/div>\n\t\t<\/div>\n\t\t\t\t\t<\/div>\n\t\t<\/section>\n\t\t\t\t<section class=\"elementor-section elementor-top-section elementor-element elementor-element-f219a61 elementor-section-boxed elementor-section-height-default elementor-section-height-default\" data-id=\"f219a61\" data-element_type=\"section\">\n\t\t\t\t\t\t<div class=\"elementor-container elementor-column-gap-default\">\n\t\t\t\t\t<div class=\"elementor-column elementor-col-100 elementor-top-column elementor-element elementor-element-72ec9c6\" data-id=\"72ec9c6\" data-element_type=\"column\">\n\t\t\t<div class=\"elementor-widget-wrap elementor-element-populated\">\n\t\t\t\t\t\t<div class=\"elementor-element elementor-element-36c1f55 elementor-widget elementor-widget-heading\" data-id=\"36c1f55\" data-element_type=\"widget\" data-widget_type=\"heading.default\">\n\t\t\t\t<div class=\"elementor-widget-container\">\n\t\t\t\t\t<h2 class=\"elementor-heading-title elementor-size-default\">Un momento para compartir<\/h2>\t\t\t\t<\/div>\n\t\t\t\t<\/div>\n\t\t\t\t<div class=\"elementor-element elementor-element-fe84f74 elementor-widget elementor-widget-text-editor\" data-id=\"fe84f74\" data-element_type=\"widget\" data-widget_type=\"text-editor.default\">\n\t\t\t\t<div class=\"elementor-widget-container\">\n\t\t\t\t\t\t\t\t\t<p><span style=\"font-weight: 400;\">La presentaci\u00f3n termin\u00f3 con un &#8220;pot de contact&#8221; en el exterior: un momento de encuentros informales en el que artistas, mediadores, socios y visitantes ampliaron los intercambios. En el vest\u00edbulo y los jardines del DAC, las tres exposiciones -Saiz, Dern\u00e9 y Raffestin- permanecer\u00e1n expuestas para que el p\u00fablico pueda volver, tomarse su tiempo y, sobre todo, mirarlas de otra manera. Un gesto totalmente acorde con el esp\u00edritu de las Jornadas Europeas del Patrimonio en Martinica.  <\/span><\/p>\t\t\t\t\t\t\t\t<\/div>\n\t\t\t\t<\/div>\n\t\t\t\t<section class=\"elementor-section elementor-inner-section elementor-element elementor-element-500960e elementor-section-boxed elementor-section-height-default elementor-section-height-default\" data-id=\"500960e\" data-element_type=\"section\">\n\t\t\t\t\t\t<div class=\"elementor-container elementor-column-gap-default\">\n\t\t\t\t\t<div class=\"elementor-column elementor-col-100 elementor-inner-column elementor-element elementor-element-b488c0b\" data-id=\"b488c0b\" data-element_type=\"column\">\n\t\t\t<div class=\"elementor-widget-wrap elementor-element-populated\">\n\t\t\t\t\t\t<div class=\"elementor-element elementor-element-c02b81c elementor-widget elementor-widget-image\" data-id=\"c02b81c\" data-element_type=\"widget\" data-widget_type=\"image.default\">\n\t\t\t\t<div class=\"elementor-widget-container\">\n\t\t\t\t\t\t\t\t\t\t\t\t\t\t\t<img loading=\"lazy\" decoding=\"async\" width=\"800\" height=\"370\" src=\"https:\/\/richeskarayib.com\/wp-content\/uploads\/2025\/09\/WhatsApp-Image-2025-09-19-a-05.49.42_845b080b-1024x473.jpg\" class=\"attachment-large size-large wp-image-61456\" alt=\"Journ\u00e9es europ\u00e9ennes du patrimoine\" srcset=\"https:\/\/richeskarayib.com\/wp-content\/uploads\/2025\/09\/WhatsApp-Image-2025-09-19-a-05.49.42_845b080b-1024x473.jpg 1024w, https:\/\/richeskarayib.com\/wp-content\/uploads\/2025\/09\/WhatsApp-Image-2025-09-19-a-05.49.42_845b080b-300x139.jpg 300w, https:\/\/richeskarayib.com\/wp-content\/uploads\/2025\/09\/WhatsApp-Image-2025-09-19-a-05.49.42_845b080b-768x355.jpg 768w, https:\/\/richeskarayib.com\/wp-content\/uploads\/2025\/09\/WhatsApp-Image-2025-09-19-a-05.49.42_845b080b.jpg 1280w\" sizes=\"(max-width: 800px) 100vw, 800px\" \/>\t\t\t\t\t\t\t\t\t\t\t\t\t\t\t<\/div>\n\t\t\t\t<\/div>\n\t\t\t\t\t<\/div>\n\t\t<\/div>\n\t\t\t\t\t<\/div>\n\t\t<\/section>\n\t\t\t\t\t<\/div>\n\t\t<\/div>\n\t\t\t\t\t<\/div>\n\t\t<\/section>\n\t\t\t\t<section class=\"elementor-section elementor-top-section elementor-element elementor-element-e2b9af9 elementor-section-boxed elementor-section-height-default elementor-section-height-default\" data-id=\"e2b9af9\" data-element_type=\"section\">\n\t\t\t\t\t\t<div class=\"elementor-container elementor-column-gap-default\">\n\t\t\t\t\t<div class=\"elementor-column elementor-col-100 elementor-top-column elementor-element elementor-element-d55ae1e\" data-id=\"d55ae1e\" data-element_type=\"column\">\n\t\t\t<div class=\"elementor-widget-wrap elementor-element-populated\">\n\t\t\t\t\t\t<div class=\"elementor-element elementor-element-b79ff3c elementor-widget elementor-widget-image\" data-id=\"b79ff3c\" data-element_type=\"widget\" data-widget_type=\"image.default\">\n\t\t\t\t<div class=\"elementor-widget-container\">\n\t\t\t\t\t\t\t\t\t\t\t\t\t\t\t<img loading=\"lazy\" decoding=\"async\" width=\"800\" height=\"370\" src=\"https:\/\/richeskarayib.com\/wp-content\/uploads\/2025\/09\/WhatsApp-Image-2025-09-19-a-05.49.58_cb05961e-1024x473.jpg\" class=\"attachment-large size-large wp-image-61460\" alt=\"Journ\u00e9es europ\u00e9ennes du patrimoine\" srcset=\"https:\/\/richeskarayib.com\/wp-content\/uploads\/2025\/09\/WhatsApp-Image-2025-09-19-a-05.49.58_cb05961e-1024x473.jpg 1024w, https:\/\/richeskarayib.com\/wp-content\/uploads\/2025\/09\/WhatsApp-Image-2025-09-19-a-05.49.58_cb05961e-300x139.jpg 300w, https:\/\/richeskarayib.com\/wp-content\/uploads\/2025\/09\/WhatsApp-Image-2025-09-19-a-05.49.58_cb05961e-768x355.jpg 768w, https:\/\/richeskarayib.com\/wp-content\/uploads\/2025\/09\/WhatsApp-Image-2025-09-19-a-05.49.58_cb05961e.jpg 1280w\" sizes=\"(max-width: 800px) 100vw, 800px\" \/>\t\t\t\t\t\t\t\t\t\t\t\t\t\t\t<\/div>\n\t\t\t\t<\/div>\n\t\t\t\t<div class=\"elementor-element elementor-element-6c7bdeb elementor-widget elementor-widget-image\" data-id=\"6c7bdeb\" data-element_type=\"widget\" data-widget_type=\"image.default\">\n\t\t\t\t<div class=\"elementor-widget-container\">\n\t\t\t\t\t\t\t\t\t\t\t\t\t\t\t<img loading=\"lazy\" decoding=\"async\" width=\"800\" height=\"370\" src=\"https:\/\/richeskarayib.com\/wp-content\/uploads\/2025\/09\/WhatsApp-Image-2025-09-19-a-05.49.42_d5bbfa8f-1024x473.jpg\" class=\"attachment-large size-large wp-image-61464\" alt=\"Journ\u00e9es europ\u00e9ennes du patrimoine\" srcset=\"https:\/\/richeskarayib.com\/wp-content\/uploads\/2025\/09\/WhatsApp-Image-2025-09-19-a-05.49.42_d5bbfa8f-1024x473.jpg 1024w, https:\/\/richeskarayib.com\/wp-content\/uploads\/2025\/09\/WhatsApp-Image-2025-09-19-a-05.49.42_d5bbfa8f-300x139.jpg 300w, https:\/\/richeskarayib.com\/wp-content\/uploads\/2025\/09\/WhatsApp-Image-2025-09-19-a-05.49.42_d5bbfa8f-768x355.jpg 768w, https:\/\/richeskarayib.com\/wp-content\/uploads\/2025\/09\/WhatsApp-Image-2025-09-19-a-05.49.42_d5bbfa8f.jpg 1280w\" sizes=\"(max-width: 800px) 100vw, 800px\" \/>\t\t\t\t\t\t\t\t\t\t\t\t\t\t\t<\/div>\n\t\t\t\t<\/div>\n\t\t\t\t<div class=\"elementor-element elementor-element-6553f0a elementor-widget elementor-widget-heading\" data-id=\"6553f0a\" data-element_type=\"widget\" data-widget_type=\"heading.default\">\n\t\t\t\t<div class=\"elementor-widget-container\">\n\t\t\t\t\t<h2 class=\"elementor-heading-title elementor-size-default\">Mirar de otro modo: una invitaci\u00f3n<\/h2>\t\t\t\t<\/div>\n\t\t\t\t<\/div>\n\t\t\t\t<div class=\"elementor-element elementor-element-eb7790b elementor-widget elementor-widget-text-editor\" data-id=\"eb7790b\" data-element_type=\"widget\" data-widget_type=\"text-editor.default\">\n\t\t\t\t<div class=\"elementor-widget-container\">\n\t\t\t\t\t\t\t\t\t<p><span style=\"font-weight: 400;\">Al reunir la perspectiva de tres artistas y una clara visi\u00f3n institucional, la edici\u00f3n 42\u1d49 de las Jornadas Europeas del Patrimonio en Martinica asume un reto: hacer del patrimonio arquitect\u00f3nico una palanca de orgullo y transmisi\u00f3n. Las im\u00e1genes de Jean-Louis Saiz, la escritura visual de H\u00e9l\u00e8ne Raffestin y las narraciones fotogr\u00e1ficas de Nicolas Dern\u00e9 componen un tr\u00edptico sensible: lo humano, el detalle, el interior. Apoyado por la DAC, el programa -139 actos anunciados en la conferencia- es una forma pr\u00e1ctica de reconciliar las memorias de toda la regi\u00f3n: a trav\u00e9s del encuentro, la mediaci\u00f3n, la experiencia y el cuidado de los materiales y gestos que constituyen el alma del pa\u00eds.  <\/span><\/p>\t\t\t\t\t\t\t\t<\/div>\n\t\t\t\t<\/div>\n\t\t\t\t\t<\/div>\n\t\t<\/div>\n\t\t\t\t\t<\/div>\n\t\t<\/section>\n\t\t\t\t<\/div>\n\t\t","protected":false},"excerpt":{"rendered":"<p>La conferencia de prensa celebrada en los jardines de la Direcci\u00f3n de Asuntos Culturales (DAC) marc\u00f3 la presentaci\u00f3n del programa de la 42\u1d49 edici\u00f3n de las &#8220;Jornadas Europeas del Patrimonio en Martinica &#8220;, este a\u00f1o bajo el lema &#8220;El Patrimonio Arquitect\u00f3nico. La reuni\u00f3n, celebrada el jueves 18 de septiembre de 2025 a las 17.00 horas, [&hellip;]<\/p>\n","protected":false},"author":662,"featured_media":61436,"comment_status":"open","ping_status":"open","sticky":false,"template":"","format":"standard","meta":{"_acf_changed":false,"footnotes":""},"categories":[1499,1820],"tags":[816],"class_list":["post-61486","post","type-post","status-publish","format-standard","has-post-thumbnail","hentry","category-gestion-de-eventos","category-jep-fr","tag-martinique-es"],"acf":[],"_links":{"self":[{"href":"https:\/\/richeskarayib.com\/es\/wp-json\/wp\/v2\/posts\/61486","targetHints":{"allow":["GET"]}}],"collection":[{"href":"https:\/\/richeskarayib.com\/es\/wp-json\/wp\/v2\/posts"}],"about":[{"href":"https:\/\/richeskarayib.com\/es\/wp-json\/wp\/v2\/types\/post"}],"author":[{"embeddable":true,"href":"https:\/\/richeskarayib.com\/es\/wp-json\/wp\/v2\/users\/662"}],"replies":[{"embeddable":true,"href":"https:\/\/richeskarayib.com\/es\/wp-json\/wp\/v2\/comments?post=61486"}],"version-history":[{"count":0,"href":"https:\/\/richeskarayib.com\/es\/wp-json\/wp\/v2\/posts\/61486\/revisions"}],"wp:featuredmedia":[{"embeddable":true,"href":"https:\/\/richeskarayib.com\/es\/wp-json\/wp\/v2\/media\/61436"}],"wp:attachment":[{"href":"https:\/\/richeskarayib.com\/es\/wp-json\/wp\/v2\/media?parent=61486"}],"wp:term":[{"taxonomy":"category","embeddable":true,"href":"https:\/\/richeskarayib.com\/es\/wp-json\/wp\/v2\/categories?post=61486"},{"taxonomy":"post_tag","embeddable":true,"href":"https:\/\/richeskarayib.com\/es\/wp-json\/wp\/v2\/tags?post=61486"}],"curies":[{"name":"wp","href":"https:\/\/api.w.org\/{rel}","templated":true}]}}