{"id":61800,"date":"2025-09-23T02:05:59","date_gmt":"2025-09-23T06:05:59","guid":{"rendered":"https:\/\/richeskarayib.com\/jep-2025-martinique-la-prefectura-una-joya-arquitectonica-entre-historia-poder-y-transmision\/"},"modified":"2025-09-23T02:29:52","modified_gmt":"2025-09-23T06:29:52","slug":"jep-2025-martinique-la-prefectura-una-joya-arquitectonica-entre-historia-poder-y-transmision","status":"publish","type":"post","link":"https:\/\/richeskarayib.com\/es\/jep-2025-martinique-la-prefectura-una-joya-arquitectonica-entre-historia-poder-y-transmision\/","title":{"rendered":"[JEP 2025] -Martinique: La Prefectura, una joya arquitect\u00f3nica entre historia, poder y transmisi\u00f3n"},"content":{"rendered":"\t\t<div data-elementor-type=\"wp-post\" data-elementor-id=\"61800\" class=\"elementor elementor-61800 elementor-61517\" data-elementor-post-type=\"post\">\n\t\t\t\t\t\t<section class=\"elementor-section elementor-top-section elementor-element elementor-element-7ca7ca1 elementor-section-boxed elementor-section-height-default elementor-section-height-default\" data-id=\"7ca7ca1\" data-element_type=\"section\">\n\t\t\t\t\t\t<div class=\"elementor-container elementor-column-gap-default\">\n\t\t\t\t\t<div class=\"elementor-column elementor-col-100 elementor-top-column elementor-element elementor-element-cbdd002\" data-id=\"cbdd002\" data-element_type=\"column\">\n\t\t\t<div class=\"elementor-widget-wrap elementor-element-populated\">\n\t\t\t\t\t\t<section class=\"elementor-section elementor-inner-section elementor-element elementor-element-bc94849 elementor-section-boxed elementor-section-height-default elementor-section-height-default\" data-id=\"bc94849\" data-element_type=\"section\">\n\t\t\t\t\t\t<div class=\"elementor-container elementor-column-gap-default\">\n\t\t\t\t\t\t<\/div>\n\t\t<\/section>\n\t\t\t\t<section class=\"elementor-section elementor-inner-section elementor-element elementor-element-61571e6 elementor-section-boxed elementor-section-height-default elementor-section-height-default\" data-id=\"61571e6\" data-element_type=\"section\">\n\t\t\t\t\t\t<div class=\"elementor-container elementor-column-gap-default\">\n\t\t\t\t\t\t<\/div>\n\t\t<\/section>\n\t\t\t\t<section class=\"elementor-section elementor-inner-section elementor-element elementor-element-b6262e0 elementor-section-boxed elementor-section-height-default elementor-section-height-default\" data-id=\"b6262e0\" data-element_type=\"section\">\n\t\t\t\t\t\t<div class=\"elementor-container elementor-column-gap-default\">\n\t\t\t\t\t\t<\/div>\n\t\t<\/section>\n\t\t\t\t<section class=\"elementor-section elementor-inner-section elementor-element elementor-element-cca29fd elementor-section-boxed elementor-section-height-default elementor-section-height-default\" data-id=\"cca29fd\" data-element_type=\"section\">\n\t\t\t\t\t\t<div class=\"elementor-container elementor-column-gap-default\">\n\t\t\t\t\t\t<\/div>\n\t\t<\/section>\n\t\t\t\t\t<\/div>\n\t\t<\/div>\n\t\t\t\t\t<\/div>\n\t\t<\/section>\n\t\t\t\t<section class=\"elementor-section elementor-top-section elementor-element elementor-element-6df3229 elementor-section-boxed elementor-section-height-default elementor-section-height-default\" data-id=\"6df3229\" data-element_type=\"section\">\n\t\t\t\t\t\t<div class=\"elementor-container elementor-column-gap-default\">\n\t\t\t\t\t<div class=\"elementor-column elementor-col-100 elementor-top-column elementor-element elementor-element-098e8ca\" data-id=\"098e8ca\" data-element_type=\"column\">\n\t\t\t<div class=\"elementor-widget-wrap elementor-element-populated\">\n\t\t\t\t\t\t<div class=\"elementor-element elementor-element-4919ffd elementor-widget elementor-widget-heading\" data-id=\"4919ffd\" data-element_type=\"widget\" data-widget_type=\"heading.default\">\n\t\t\t\t<div class=\"elementor-widget-container\">\n\t\t\t\t\t<h2 class=\"elementor-heading-title elementor-size-default\">Una visita sin igual para los j\u00f3venes en Sciences Po<\/h2>\t\t\t\t<\/div>\n\t\t\t\t<\/div>\n\t\t\t\t<div class=\"elementor-element elementor-element-7e03fa7 elementor-widget elementor-widget-text-editor\" data-id=\"7e03fa7\" data-element_type=\"widget\" data-widget_type=\"text-editor.default\">\n\t\t\t\t<div class=\"elementor-widget-container\">\n\t\t\t\t\t\t\t\t\t<p>El 20 de septiembre de 2025, con motivo de las <strong>Jornadas<a href=\"https:\/\/journeesdupatrimoine.culture.gouv.fr\/\" target=\"_blank\" rel=\"noopener nofollow\">Europeas del Patrimonio<\/a> (JEP 2025<\/strong>), que este a\u00f1o se centraron en el tema <strong>&#8220;Patrimonio Itinerario, Patrimonio Arquitect\u00f3nico&#8221;<\/strong>, se abrieron las puertas de la <strong>Prefectura de Martinica<\/strong> a un grupo de estudiantes de Ciencias Pol\u00edticas.<\/p>\n<p>Guiados por <strong>Florence Declaveillere<\/strong>, <strong>Arquitecta de Edificios de Francia<\/strong> y <strong>Jefa de la Unidad de Arquitectura y Patrimonio \/ Conservaci\u00f3n de Monumentos Hist\u00f3ricos de la DAC de Martinica<\/strong>, estos j\u00f3venes exploraron mucho m\u00e1s que un edificio administrativo. Se sumergieron en la historia de un edificio excepcional, en la encrucijada de la identidad local, el poder real y el arte de construir en un entorno tropical durante el PEC 2025. <\/p>\t\t\t\t\t\t\t\t<\/div>\n\t\t\t\t<\/div>\n\t\t\t\t<div class=\"elementor-element elementor-element-1d29433 elementor-widget elementor-widget-image\" data-id=\"1d29433\" data-element_type=\"widget\" data-widget_type=\"image.default\">\n\t\t\t\t<div class=\"elementor-widget-container\">\n\t\t\t\t\t\t\t\t\t\t\t\t\t\t\t<img fetchpriority=\"high\" decoding=\"async\" width=\"800\" height=\"370\" src=\"https:\/\/richeskarayib.com\/wp-content\/uploads\/2025\/09\/WhatsApp-Image-2025-09-22-a-22.56.33_53abc293-1024x473.jpg\" class=\"attachment-large size-large wp-image-61541\" alt=\"JEP 2025\" srcset=\"https:\/\/richeskarayib.com\/wp-content\/uploads\/2025\/09\/WhatsApp-Image-2025-09-22-a-22.56.33_53abc293-1024x473.jpg 1024w, https:\/\/richeskarayib.com\/wp-content\/uploads\/2025\/09\/WhatsApp-Image-2025-09-22-a-22.56.33_53abc293-300x139.jpg 300w, https:\/\/richeskarayib.com\/wp-content\/uploads\/2025\/09\/WhatsApp-Image-2025-09-22-a-22.56.33_53abc293-768x355.jpg 768w, https:\/\/richeskarayib.com\/wp-content\/uploads\/2025\/09\/WhatsApp-Image-2025-09-22-a-22.56.33_53abc293-1536x709.jpg 1536w, https:\/\/richeskarayib.com\/wp-content\/uploads\/2025\/09\/WhatsApp-Image-2025-09-22-a-22.56.33_53abc293-1320x610.jpg 1320w, https:\/\/richeskarayib.com\/wp-content\/uploads\/2025\/09\/WhatsApp-Image-2025-09-22-a-22.56.33_53abc293.jpg 1600w\" sizes=\"(max-width: 800px) 100vw, 800px\" \/>\t\t\t\t\t\t\t\t\t\t\t\t\t\t\t<\/div>\n\t\t\t\t<\/div>\n\t\t\t\t\t<\/div>\n\t\t<\/div>\n\t\t\t\t\t<\/div>\n\t\t<\/section>\n\t\t\t\t<section class=\"elementor-section elementor-top-section elementor-element elementor-element-383b273 elementor-section-boxed elementor-section-height-default elementor-section-height-default\" data-id=\"383b273\" data-element_type=\"section\">\n\t\t\t\t\t\t<div class=\"elementor-container elementor-column-gap-default\">\n\t\t\t\t\t<div class=\"elementor-column elementor-col-100 elementor-top-column elementor-element elementor-element-98878ff\" data-id=\"98878ff\" data-element_type=\"column\">\n\t\t\t<div class=\"elementor-widget-wrap elementor-element-populated\">\n\t\t\t\t\t\t<div class=\"elementor-element elementor-element-636270f elementor-widget elementor-widget-heading\" data-id=\"636270f\" data-element_type=\"widget\" data-widget_type=\"heading.default\">\n\t\t\t\t<div class=\"elementor-widget-container\">\n\t\t\t\t\t<h2 class=\"elementor-heading-title elementor-size-default\">Compartir el Estado: un intercambio privilegiado con el Prefecto<\/h2>\t\t\t\t<\/div>\n\t\t\t\t<\/div>\n\t\t\t\t<div class=\"elementor-element elementor-element-09e10fe elementor-widget elementor-widget-text-editor\" data-id=\"09e10fe\" data-element_type=\"widget\" data-widget_type=\"text-editor.default\">\n\t\t\t\t<div class=\"elementor-widget-container\">\n\t\t\t\t\t\t\t\t\t<p data-start=\"1125\" data-end=\"1417\">Uno de los momentos culminantes de la visita fue un <strong data-start=\"1171\" data-end=\"1208\">recorrido por la prefectura y el despacho del Prefecto<\/strong>, seguido de un <strong data-start=\"1222\" data-end=\"1291\">debate en una de las salas de reuniones de la prefectura<\/strong>. Un lugar habitualmente reservado a las decisiones oficiales, abierto aqu\u00ed a la curiosidad y las preguntas de j\u00f3venes comprometidos. <\/p>\t\t\t\t\t\t\t\t<\/div>\n\t\t\t\t<\/div>\n\t\t\t\t<div class=\"elementor-element elementor-element-39e19e4 elementor-widget elementor-widget-image\" data-id=\"39e19e4\" data-element_type=\"widget\" data-widget_type=\"image.default\">\n\t\t\t\t<div class=\"elementor-widget-container\">\n\t\t\t\t\t\t\t\t\t\t\t\t\t\t\t<img decoding=\"async\" width=\"800\" height=\"370\" src=\"https:\/\/richeskarayib.com\/wp-content\/uploads\/2025\/09\/WhatsApp-Image-2025-09-22-a-23.01.12_4c9f12a7-1024x473.jpg\" class=\"attachment-large size-large wp-image-61566\" alt=\"JEP 2025\" srcset=\"https:\/\/richeskarayib.com\/wp-content\/uploads\/2025\/09\/WhatsApp-Image-2025-09-22-a-23.01.12_4c9f12a7-1024x473.jpg 1024w, https:\/\/richeskarayib.com\/wp-content\/uploads\/2025\/09\/WhatsApp-Image-2025-09-22-a-23.01.12_4c9f12a7-300x139.jpg 300w, https:\/\/richeskarayib.com\/wp-content\/uploads\/2025\/09\/WhatsApp-Image-2025-09-22-a-23.01.12_4c9f12a7-768x355.jpg 768w, https:\/\/richeskarayib.com\/wp-content\/uploads\/2025\/09\/WhatsApp-Image-2025-09-22-a-23.01.12_4c9f12a7-1536x709.jpg 1536w, https:\/\/richeskarayib.com\/wp-content\/uploads\/2025\/09\/WhatsApp-Image-2025-09-22-a-23.01.12_4c9f12a7-1320x610.jpg 1320w, https:\/\/richeskarayib.com\/wp-content\/uploads\/2025\/09\/WhatsApp-Image-2025-09-22-a-23.01.12_4c9f12a7.jpg 1600w\" sizes=\"(max-width: 800px) 100vw, 800px\" \/>\t\t\t\t\t\t\t\t\t\t\t\t\t\t\t<\/div>\n\t\t\t\t<\/div>\n\t\t\t\t<div class=\"elementor-element elementor-element-43b4d2d elementor-widget elementor-widget-text-editor\" data-id=\"43b4d2d\" data-element_type=\"widget\" data-widget_type=\"text-editor.default\">\n\t\t\t\t<div class=\"elementor-widget-container\">\n\t\t\t\t\t\t\t\t\t<p data-start=\"1419\" data-end=\"1710\">Los alumnos pudieron formular sus preguntas sobre el papel del representante del Estado, los retos de la gobernanza local y las profesiones de la administraci\u00f3n p\u00fablica. Fue un debate c\u00e1lido e inspirador, puntuado por una foto de grupo, que dio un rostro humano a la instituci\u00f3n. <\/p>\n<p data-start=\"1712\" data-end=\"1859\"><strong>Antes de este intercambio institucional, los alumnos hab\u00edan explorado la prefectura y descubierto las claves de su arquitectura gracias a las explicaciones de Florence Declaveillere, en el marco del <a href=\"https:\/\/richeskarayib.com\/es\/martinica-jornadas-europeas-del-patrimonio-2025-dos-dias-para-celebrar-la-arquitectura-y-la-memoria-colectiva\/\" target=\"_blank\" rel=\"noopener\">PEC 2025<\/a>.<\/strong><\/p>\t\t\t\t\t\t\t\t<\/div>\n\t\t\t\t<\/div>\n\t\t\t\t<div class=\"elementor-element elementor-element-be513ef elementor-widget elementor-widget-image\" data-id=\"be513ef\" data-element_type=\"widget\" data-widget_type=\"image.default\">\n\t\t\t\t<div class=\"elementor-widget-container\">\n\t\t\t\t\t\t\t\t\t\t\t\t\t\t\t<img decoding=\"async\" width=\"800\" height=\"370\" src=\"https:\/\/richeskarayib.com\/wp-content\/uploads\/2025\/09\/WhatsApp-Image-2025-09-22-a-23.00.50_03446edf-1024x473.jpg\" class=\"attachment-large size-large wp-image-61570\" alt=\"JEP 2025\" srcset=\"https:\/\/richeskarayib.com\/wp-content\/uploads\/2025\/09\/WhatsApp-Image-2025-09-22-a-23.00.50_03446edf-1024x473.jpg 1024w, https:\/\/richeskarayib.com\/wp-content\/uploads\/2025\/09\/WhatsApp-Image-2025-09-22-a-23.00.50_03446edf-300x139.jpg 300w, https:\/\/richeskarayib.com\/wp-content\/uploads\/2025\/09\/WhatsApp-Image-2025-09-22-a-23.00.50_03446edf-768x355.jpg 768w, https:\/\/richeskarayib.com\/wp-content\/uploads\/2025\/09\/WhatsApp-Image-2025-09-22-a-23.00.50_03446edf-1536x709.jpg 1536w, https:\/\/richeskarayib.com\/wp-content\/uploads\/2025\/09\/WhatsApp-Image-2025-09-22-a-23.00.50_03446edf-1320x610.jpg 1320w, https:\/\/richeskarayib.com\/wp-content\/uploads\/2025\/09\/WhatsApp-Image-2025-09-22-a-23.00.50_03446edf.jpg 1600w\" sizes=\"(max-width: 800px) 100vw, 800px\" \/>\t\t\t\t\t\t\t\t\t\t\t\t\t\t\t<\/div>\n\t\t\t\t<\/div>\n\t\t\t\t\t<\/div>\n\t\t<\/div>\n\t\t\t\t\t<\/div>\n\t\t<\/section>\n\t\t\t\t<section class=\"elementor-section elementor-top-section elementor-element elementor-element-a6d4222 elementor-section-boxed elementor-section-height-default elementor-section-height-default\" data-id=\"a6d4222\" data-element_type=\"section\">\n\t\t\t\t\t\t<div class=\"elementor-container elementor-column-gap-default\">\n\t\t\t\t\t<div class=\"elementor-column elementor-col-100 elementor-top-column elementor-element elementor-element-ea27f09\" data-id=\"ea27f09\" data-element_type=\"column\">\n\t\t\t<div class=\"elementor-widget-wrap elementor-element-populated\">\n\t\t\t\t\t\t<div class=\"elementor-element elementor-element-122430b elementor-widget elementor-widget-heading\" data-id=\"122430b\" data-element_type=\"widget\" data-widget_type=\"heading.default\">\n\t\t\t\t<div class=\"elementor-widget-container\">\n\t\t\t\t\t<h2 class=\"elementor-heading-title elementor-size-default\">Un monumento a la historia de Martinica<\/h2>\t\t\t\t<\/div>\n\t\t\t\t<\/div>\n\t\t\t\t<div class=\"elementor-element elementor-element-8f49c6e elementor-widget elementor-widget-text-editor\" data-id=\"8f49c6e\" data-element_type=\"widget\" data-widget_type=\"text-editor.default\">\n\t\t\t\t<div class=\"elementor-widget-container\">\n\t\t\t\t\t\t\t\t\t<p>Construido entre <strong>1923 y 1928<\/strong> por el arquitecto <a href=\"https:\/\/agorha.inha.fr\/ark:\/54721\/613447a2-1e1e-4e67-b6d2-673bf11d3ea7\" target=\"_blank\" rel=\"noopener nofollow\"><strong>Jules Germain Olivier<\/strong><\/a>El edificio principal de la prefectura sustituy\u00f3 a un anterior complejo colonial de madera del siglo XVIII.<\/p>\n<p>En <strong>1946<\/strong>, tras la departamentalizaci\u00f3n de Martinica, se convirti\u00f3 en la sede de la prefectura. Este &#8220;palacio&#8221; se organiza en torno a una avenida de honor y edificios administrativos contiguos, concebidos para afirmar la presencia del Estado en Martinica. <\/p>\t\t\t\t\t\t\t\t<\/div>\n\t\t\t\t<\/div>\n\t\t\t\t<section class=\"elementor-section elementor-inner-section elementor-element elementor-element-16d68f1 elementor-section-boxed elementor-section-height-default elementor-section-height-default\" data-id=\"16d68f1\" data-element_type=\"section\">\n\t\t\t\t\t\t<div class=\"elementor-container elementor-column-gap-default\">\n\t\t\t\t\t<div class=\"elementor-column elementor-col-100 elementor-inner-column elementor-element elementor-element-074a953\" data-id=\"074a953\" data-element_type=\"column\">\n\t\t\t<div class=\"elementor-widget-wrap elementor-element-populated\">\n\t\t\t\t\t\t<div class=\"elementor-element elementor-element-7f881ed elementor-widget elementor-widget-image\" data-id=\"7f881ed\" data-element_type=\"widget\" data-widget_type=\"image.default\">\n\t\t\t\t<div class=\"elementor-widget-container\">\n\t\t\t\t\t\t\t\t\t\t\t\t\t\t\t<img loading=\"lazy\" decoding=\"async\" width=\"800\" height=\"370\" src=\"https:\/\/richeskarayib.com\/wp-content\/uploads\/2025\/09\/WhatsApp-Image-2025-09-22-a-22.54.29_3e0549ac-1024x473.jpg\" class=\"attachment-large size-large wp-image-61549\" alt=\"JEP 2025\" srcset=\"https:\/\/richeskarayib.com\/wp-content\/uploads\/2025\/09\/WhatsApp-Image-2025-09-22-a-22.54.29_3e0549ac-1024x473.jpg 1024w, https:\/\/richeskarayib.com\/wp-content\/uploads\/2025\/09\/WhatsApp-Image-2025-09-22-a-22.54.29_3e0549ac-300x139.jpg 300w, https:\/\/richeskarayib.com\/wp-content\/uploads\/2025\/09\/WhatsApp-Image-2025-09-22-a-22.54.29_3e0549ac-768x355.jpg 768w, https:\/\/richeskarayib.com\/wp-content\/uploads\/2025\/09\/WhatsApp-Image-2025-09-22-a-22.54.29_3e0549ac-1536x709.jpg 1536w, https:\/\/richeskarayib.com\/wp-content\/uploads\/2025\/09\/WhatsApp-Image-2025-09-22-a-22.54.29_3e0549ac-1320x610.jpg 1320w, https:\/\/richeskarayib.com\/wp-content\/uploads\/2025\/09\/WhatsApp-Image-2025-09-22-a-22.54.29_3e0549ac.jpg 1600w\" sizes=\"(max-width: 800px) 100vw, 800px\" \/>\t\t\t\t\t\t\t\t\t\t\t\t\t\t\t<\/div>\n\t\t\t\t<\/div>\n\t\t\t\t<div class=\"elementor-element elementor-element-fc013bc elementor-widget elementor-widget-image\" data-id=\"fc013bc\" data-element_type=\"widget\" data-widget_type=\"image.default\">\n\t\t\t\t<div class=\"elementor-widget-container\">\n\t\t\t\t\t\t\t\t\t\t\t\t\t\t\t<img loading=\"lazy\" decoding=\"async\" width=\"800\" height=\"370\" src=\"https:\/\/richeskarayib.com\/wp-content\/uploads\/2025\/09\/WhatsApp-Image-2025-09-22-a-22.55.42_ead5012e-1024x473.jpg\" class=\"attachment-large size-large wp-image-61537\" alt=\"JEP 2025\" srcset=\"https:\/\/richeskarayib.com\/wp-content\/uploads\/2025\/09\/WhatsApp-Image-2025-09-22-a-22.55.42_ead5012e-1024x473.jpg 1024w, https:\/\/richeskarayib.com\/wp-content\/uploads\/2025\/09\/WhatsApp-Image-2025-09-22-a-22.55.42_ead5012e-300x139.jpg 300w, https:\/\/richeskarayib.com\/wp-content\/uploads\/2025\/09\/WhatsApp-Image-2025-09-22-a-22.55.42_ead5012e-768x355.jpg 768w, https:\/\/richeskarayib.com\/wp-content\/uploads\/2025\/09\/WhatsApp-Image-2025-09-22-a-22.55.42_ead5012e-1536x709.jpg 1536w, https:\/\/richeskarayib.com\/wp-content\/uploads\/2025\/09\/WhatsApp-Image-2025-09-22-a-22.55.42_ead5012e-1320x610.jpg 1320w, https:\/\/richeskarayib.com\/wp-content\/uploads\/2025\/09\/WhatsApp-Image-2025-09-22-a-22.55.42_ead5012e.jpg 1600w\" sizes=\"(max-width: 800px) 100vw, 800px\" \/>\t\t\t\t\t\t\t\t\t\t\t\t\t\t\t<\/div>\n\t\t\t\t<\/div>\n\t\t\t\t\t<\/div>\n\t\t<\/div>\n\t\t\t\t\t<\/div>\n\t\t<\/section>\n\t\t\t\t\t<\/div>\n\t\t<\/div>\n\t\t\t\t\t<\/div>\n\t\t<\/section>\n\t\t\t\t<section class=\"elementor-section elementor-top-section elementor-element elementor-element-e1fea79 elementor-section-boxed elementor-section-height-default elementor-section-height-default\" data-id=\"e1fea79\" data-element_type=\"section\">\n\t\t\t\t\t\t<div class=\"elementor-container elementor-column-gap-default\">\n\t\t\t\t\t<div class=\"elementor-column elementor-col-100 elementor-top-column elementor-element elementor-element-6d0be76\" data-id=\"6d0be76\" data-element_type=\"column\">\n\t\t\t<div class=\"elementor-widget-wrap elementor-element-populated\">\n\t\t\t\t\t\t<div class=\"elementor-element elementor-element-a310b25 elementor-widget elementor-widget-heading\" data-id=\"a310b25\" data-element_type=\"widget\" data-widget_type=\"heading.default\">\n\t\t\t\t<div class=\"elementor-widget-container\">\n\t\t\t\t\t<h2 class=\"elementor-heading-title elementor-size-default\">Arquitectura tropical y majestuosa<\/h2>\t\t\t\t<\/div>\n\t\t\t\t<\/div>\n\t\t\t\t<div class=\"elementor-element elementor-element-bbb62ae elementor-widget elementor-widget-text-editor\" data-id=\"bbb62ae\" data-element_type=\"widget\" data-widget_type=\"text-editor.default\">\n\t\t\t\t<div class=\"elementor-widget-container\">\n\t\t\t\t\t\t\t\t\t<p>Inspirado en el <strong>Petit Trianon<\/strong> y en la<strong>arquitectura de estilo haussmaniano<\/strong>, el edificio adopta un estilo <strong>neocl\u00e1sico tropicalizado<\/strong>. Con su fachada sim\u00e9trica, \u00f3rdenes arquitect\u00f3nicos superpuestos (d\u00f3rico y j\u00f3nico), amplia escalera principal y tejados a cuatro aguas, todo est\u00e1 dise\u00f1ado para combinar <strong>est\u00e9tica, funcionalidad y adaptaci\u00f3n al clima<\/strong>. <\/p>\n<p>Las <strong>grandes contraventanas de madera<\/strong>, las <strong>galer\u00edas cubiertas<\/strong> y la <strong>ventilaci\u00f3n natural<\/strong> garantizan la comodidad sin adornos modernos. Las puertas <strong>Art Dec\u00f3 de hierro forjado<\/strong> y las decoraciones de estuco a\u00f1aden valor patrimonial al edificio.  Es precisamente este tipo de ingenier\u00eda patrimonial lo que destacan los <strong data-start=\"3012\" data-end=\"3024\">PEC 2025<\/strong>, al recordar la riqueza de la arquitectura adaptada a los climas tropicales.<\/p>\t\t\t\t\t\t\t\t<\/div>\n\t\t\t\t<\/div>\n\t\t\t\t<div class=\"elementor-element elementor-element-4b18559 elementor-widget elementor-widget-image\" data-id=\"4b18559\" data-element_type=\"widget\" data-widget_type=\"image.default\">\n\t\t\t\t<div class=\"elementor-widget-container\">\n\t\t\t\t\t\t\t\t\t\t\t\t\t\t\t<img loading=\"lazy\" decoding=\"async\" width=\"800\" height=\"370\" src=\"https:\/\/richeskarayib.com\/wp-content\/uploads\/2025\/09\/WhatsApp-Image-2025-09-22-a-23.01.31_d20467a2-1024x473.jpg\" class=\"attachment-large size-large wp-image-61562\" alt=\"JEP 2025\" srcset=\"https:\/\/richeskarayib.com\/wp-content\/uploads\/2025\/09\/WhatsApp-Image-2025-09-22-a-23.01.31_d20467a2-1024x473.jpg 1024w, https:\/\/richeskarayib.com\/wp-content\/uploads\/2025\/09\/WhatsApp-Image-2025-09-22-a-23.01.31_d20467a2-300x139.jpg 300w, https:\/\/richeskarayib.com\/wp-content\/uploads\/2025\/09\/WhatsApp-Image-2025-09-22-a-23.01.31_d20467a2-768x355.jpg 768w, https:\/\/richeskarayib.com\/wp-content\/uploads\/2025\/09\/WhatsApp-Image-2025-09-22-a-23.01.31_d20467a2-1536x709.jpg 1536w, https:\/\/richeskarayib.com\/wp-content\/uploads\/2025\/09\/WhatsApp-Image-2025-09-22-a-23.01.31_d20467a2-1320x610.jpg 1320w, https:\/\/richeskarayib.com\/wp-content\/uploads\/2025\/09\/WhatsApp-Image-2025-09-22-a-23.01.31_d20467a2.jpg 1600w\" sizes=\"(max-width: 800px) 100vw, 800px\" \/>\t\t\t\t\t\t\t\t\t\t\t\t\t\t\t<\/div>\n\t\t\t\t<\/div>\n\t\t\t\t\t<\/div>\n\t\t<\/div>\n\t\t\t\t\t<\/div>\n\t\t<\/section>\n\t\t\t\t<section class=\"elementor-section elementor-top-section elementor-element elementor-element-ee72354 elementor-section-boxed elementor-section-height-default elementor-section-height-default\" data-id=\"ee72354\" data-element_type=\"section\">\n\t\t\t\t\t\t<div class=\"elementor-container elementor-column-gap-default\">\n\t\t\t\t\t<div class=\"elementor-column elementor-col-100 elementor-top-column elementor-element elementor-element-c59d6fe\" data-id=\"c59d6fe\" data-element_type=\"column\">\n\t\t\t<div class=\"elementor-widget-wrap elementor-element-populated\">\n\t\t\t\t\t\t<div class=\"elementor-element elementor-element-ddc6a1e elementor-widget elementor-widget-heading\" data-id=\"ddc6a1e\" data-element_type=\"widget\" data-widget_type=\"heading.default\">\n\t\t\t\t<div class=\"elementor-widget-container\">\n\t\t\t\t\t<h2 class=\"elementor-heading-title elementor-size-default\">Un s\u00edmbolo del Estado, pero tambi\u00e9n del pueblo<\/h2>\t\t\t\t<\/div>\n\t\t\t\t<\/div>\n\t\t\t\t<div class=\"elementor-element elementor-element-e57451f elementor-widget elementor-widget-text-editor\" data-id=\"e57451f\" data-element_type=\"widget\" data-widget_type=\"text-editor.default\">\n\t\t\t\t<div class=\"elementor-widget-container\">\n\t\t\t\t\t\t\t\t\t<p>Lugar de poder, la prefectura tambi\u00e9n ha sido testigo de grandes acontecimientos de la historia local: la erupci\u00f3n de <strong>la Monta\u00f1a Pelada<\/strong>, las <strong>exposiciones agr\u00edcolas de los a\u00f1os veinte<\/strong> y las celebraciones <strong>del tricentenario de la adhesi\u00f3n de la isla a Francia en 1935<\/strong>.<\/p>\n<p>En <strong>1990<\/strong>, el edificio fue catalogado oficialmente <strong>como Monumento Hist\u00f3rico<\/strong>. Se convirti\u00f3 entonces en un objeto de recuerdo, <strong>tanto institucional como cultural<\/strong>.  Los <strong data-start=\"3576\" data-end=\"3588\">PEC 2025<\/strong> son tambi\u00e9n un recordatorio de este papel de la transmisi\u00f3n: comprender la historia de un lugar para captar mejor su valor colectivo.<\/p>\t\t\t\t\t\t\t\t<\/div>\n\t\t\t\t<\/div>\n\t\t\t\t<div class=\"elementor-element elementor-element-e340432 elementor-widget elementor-widget-image\" data-id=\"e340432\" data-element_type=\"widget\" data-widget_type=\"image.default\">\n\t\t\t\t<div class=\"elementor-widget-container\">\n\t\t\t\t\t\t\t\t\t\t\t\t\t\t\t<img loading=\"lazy\" decoding=\"async\" width=\"800\" height=\"370\" src=\"https:\/\/richeskarayib.com\/wp-content\/uploads\/2025\/09\/WhatsApp-Image-2025-09-22-a-22.53.34_1bcff4cd-1024x473.jpg\" class=\"attachment-large size-large wp-image-61574\" alt=\"JEP 2025\" srcset=\"https:\/\/richeskarayib.com\/wp-content\/uploads\/2025\/09\/WhatsApp-Image-2025-09-22-a-22.53.34_1bcff4cd-1024x473.jpg 1024w, https:\/\/richeskarayib.com\/wp-content\/uploads\/2025\/09\/WhatsApp-Image-2025-09-22-a-22.53.34_1bcff4cd-300x139.jpg 300w, https:\/\/richeskarayib.com\/wp-content\/uploads\/2025\/09\/WhatsApp-Image-2025-09-22-a-22.53.34_1bcff4cd-768x355.jpg 768w, https:\/\/richeskarayib.com\/wp-content\/uploads\/2025\/09\/WhatsApp-Image-2025-09-22-a-22.53.34_1bcff4cd-1536x709.jpg 1536w, https:\/\/richeskarayib.com\/wp-content\/uploads\/2025\/09\/WhatsApp-Image-2025-09-22-a-22.53.34_1bcff4cd-1320x610.jpg 1320w, https:\/\/richeskarayib.com\/wp-content\/uploads\/2025\/09\/WhatsApp-Image-2025-09-22-a-22.53.34_1bcff4cd.jpg 1600w\" sizes=\"(max-width: 800px) 100vw, 800px\" \/>\t\t\t\t\t\t\t\t\t\t\t\t\t\t\t<\/div>\n\t\t\t\t<\/div>\n\t\t\t\t\t<\/div>\n\t\t<\/div>\n\t\t\t\t\t<\/div>\n\t\t<\/section>\n\t\t\t\t<section class=\"elementor-section elementor-top-section elementor-element elementor-element-82cd8f9 elementor-section-boxed elementor-section-height-default elementor-section-height-default\" data-id=\"82cd8f9\" data-element_type=\"section\">\n\t\t\t\t\t\t<div class=\"elementor-container elementor-column-gap-default\">\n\t\t\t\t\t<div class=\"elementor-column elementor-col-100 elementor-top-column elementor-element elementor-element-0bfdc38\" data-id=\"0bfdc38\" data-element_type=\"column\">\n\t\t\t<div class=\"elementor-widget-wrap elementor-element-populated\">\n\t\t\t\t\t\t<div class=\"elementor-element elementor-element-7d292fe elementor-widget elementor-widget-heading\" data-id=\"7d292fe\" data-element_type=\"widget\" data-widget_type=\"heading.default\">\n\t\t\t\t<div class=\"elementor-widget-container\">\n\t\t\t\t\t<h2 class=\"elementor-heading-title elementor-size-default\">Problemas tropicales, soluciones patrimoniales<\/h2>\t\t\t\t<\/div>\n\t\t\t\t<\/div>\n\t\t\t\t<div class=\"elementor-element elementor-element-8e337bf elementor-widget elementor-widget-text-editor\" data-id=\"8e337bf\" data-element_type=\"widget\" data-widget_type=\"text-editor.default\">\n\t\t\t\t<div class=\"elementor-widget-container\">\n\t\t\t\t\t\t\t\t\t<p>Como cualquier edificio antiguo en un entorno tropical, la prefectura tiene que hacer frente a <strong>las termitas<\/strong>, los <strong>ciclones<\/strong>, <strong>los terremotos<\/strong> y la erosi\u00f3n del tiempo. Se han llevado a cabo varias renovaciones, sobre todo en <strong>1996<\/strong>, <strong>2013<\/strong> y tras el incendio de la <strong>sala F\u00e9lix \u00c9bou\u00e9<\/strong>. <\/p>\n<p>Pero no basta con conservar. Tambi\u00e9n hay que <strong>adaptarlo<\/strong>: hacerlo accesible, hacerlo seguro, modernizarlo respetando el alma del lugar. Eso es lo que Florence Declaveillere transmite a los estudiantes: la conservaci\u00f3n del patrimonio no consiste en congelar las cosas en su sitio, sino en darles <strong>vida,<\/strong> un principio que est\u00e1 en el coraz\u00f3n del PEC 2025.  <\/p>\t\t\t\t\t\t\t\t<\/div>\n\t\t\t\t<\/div>\n\t\t\t\t<div class=\"elementor-element elementor-element-30c50f4 elementor-widget elementor-widget-image\" data-id=\"30c50f4\" data-element_type=\"widget\" data-widget_type=\"image.default\">\n\t\t\t\t<div class=\"elementor-widget-container\">\n\t\t\t\t\t\t\t\t\t\t\t\t\t\t\t<img loading=\"lazy\" decoding=\"async\" width=\"800\" height=\"370\" src=\"https:\/\/richeskarayib.com\/wp-content\/uploads\/2025\/09\/WhatsApp-Image-2025-09-22-a-22.57.28_6b5d621c-1024x473.jpg\" class=\"attachment-large size-large wp-image-61545\" alt=\"JEP 2025\" srcset=\"https:\/\/richeskarayib.com\/wp-content\/uploads\/2025\/09\/WhatsApp-Image-2025-09-22-a-22.57.28_6b5d621c-1024x473.jpg 1024w, https:\/\/richeskarayib.com\/wp-content\/uploads\/2025\/09\/WhatsApp-Image-2025-09-22-a-22.57.28_6b5d621c-300x139.jpg 300w, https:\/\/richeskarayib.com\/wp-content\/uploads\/2025\/09\/WhatsApp-Image-2025-09-22-a-22.57.28_6b5d621c-768x355.jpg 768w, https:\/\/richeskarayib.com\/wp-content\/uploads\/2025\/09\/WhatsApp-Image-2025-09-22-a-22.57.28_6b5d621c-1536x709.jpg 1536w, https:\/\/richeskarayib.com\/wp-content\/uploads\/2025\/09\/WhatsApp-Image-2025-09-22-a-22.57.28_6b5d621c-1320x610.jpg 1320w, https:\/\/richeskarayib.com\/wp-content\/uploads\/2025\/09\/WhatsApp-Image-2025-09-22-a-22.57.28_6b5d621c.jpg 1600w\" sizes=\"(max-width: 800px) 100vw, 800px\" \/>\t\t\t\t\t\t\t\t\t\t\t\t\t\t\t<\/div>\n\t\t\t\t<\/div>\n\t\t\t\t<div class=\"elementor-element elementor-element-eadd8b6 elementor-widget elementor-widget-image\" data-id=\"eadd8b6\" data-element_type=\"widget\" data-widget_type=\"image.default\">\n\t\t\t\t<div class=\"elementor-widget-container\">\n\t\t\t\t\t\t\t\t\t\t\t\t\t\t\t<img loading=\"lazy\" decoding=\"async\" width=\"800\" height=\"370\" src=\"https:\/\/richeskarayib.com\/wp-content\/uploads\/2025\/09\/WhatsApp-Image-2025-09-22-a-22.54.04_a49c5ac9-1024x473.jpg\" class=\"attachment-large size-large wp-image-61529\" alt=\"JEP 2025\" srcset=\"https:\/\/richeskarayib.com\/wp-content\/uploads\/2025\/09\/WhatsApp-Image-2025-09-22-a-22.54.04_a49c5ac9-1024x473.jpg 1024w, https:\/\/richeskarayib.com\/wp-content\/uploads\/2025\/09\/WhatsApp-Image-2025-09-22-a-22.54.04_a49c5ac9-300x139.jpg 300w, https:\/\/richeskarayib.com\/wp-content\/uploads\/2025\/09\/WhatsApp-Image-2025-09-22-a-22.54.04_a49c5ac9-768x355.jpg 768w, https:\/\/richeskarayib.com\/wp-content\/uploads\/2025\/09\/WhatsApp-Image-2025-09-22-a-22.54.04_a49c5ac9-1536x709.jpg 1536w, https:\/\/richeskarayib.com\/wp-content\/uploads\/2025\/09\/WhatsApp-Image-2025-09-22-a-22.54.04_a49c5ac9-1320x610.jpg 1320w, https:\/\/richeskarayib.com\/wp-content\/uploads\/2025\/09\/WhatsApp-Image-2025-09-22-a-22.54.04_a49c5ac9.jpg 1600w\" sizes=\"(max-width: 800px) 100vw, 800px\" \/>\t\t\t\t\t\t\t\t\t\t\t\t\t\t\t<\/div>\n\t\t\t\t<\/div>\n\t\t\t\t\t<\/div>\n\t\t<\/div>\n\t\t\t\t\t<\/div>\n\t\t<\/section>\n\t\t\t\t<section class=\"elementor-section elementor-top-section elementor-element elementor-element-5a7397d elementor-section-boxed elementor-section-height-default elementor-section-height-default\" data-id=\"5a7397d\" data-element_type=\"section\">\n\t\t\t\t\t\t<div class=\"elementor-container elementor-column-gap-default\">\n\t\t\t\t\t<div class=\"elementor-column elementor-col-100 elementor-top-column elementor-element elementor-element-8b33b4b\" data-id=\"8b33b4b\" data-element_type=\"column\">\n\t\t\t<div class=\"elementor-widget-wrap elementor-element-populated\">\n\t\t\t\t\t\t<div class=\"elementor-element elementor-element-89dac4b elementor-widget elementor-widget-heading\" data-id=\"89dac4b\" data-element_type=\"widget\" data-widget_type=\"heading.default\">\n\t\t\t\t<div class=\"elementor-widget-container\">\n\t\t\t\t\t<h2 class=\"elementor-heading-title elementor-size-default\">Un patrimonio para hoy y ma\u00f1ana<\/h2>\t\t\t\t<\/div>\n\t\t\t\t<\/div>\n\t\t\t\t<div class=\"elementor-element elementor-element-4fc7069 elementor-widget elementor-widget-text-editor\" data-id=\"4fc7069\" data-element_type=\"widget\" data-widget_type=\"text-editor.default\">\n\t\t\t\t<div class=\"elementor-widget-container\">\n\t\t\t\t\t\t\t\t\t<p>Esta mirada entre bastidores a un lugar de poder permiti\u00f3 a los estudiantes descubrir un patrimonio <strong>funcional y simb\u00f3lico<\/strong>, donde cada detalle arquitect\u00f3nico cuenta un trozo de historia.<\/p>\n<p>La prefectura de Martinica no est\u00e1 anclada en el pasado: sigue <strong>transmiti\u00e9ndose, adapt\u00e1ndose e inspir\u00e1ndose<\/strong>. Una lecci\u00f3n viva de patrimonio, acorde con las ambiciones de las Jornadas del Patrimonio 2025 (JEP 2025). <\/p>\t\t\t\t\t\t\t\t<\/div>\n\t\t\t\t<\/div>\n\t\t\t\t<section class=\"elementor-section elementor-inner-section elementor-element elementor-element-a13c5a8 elementor-section-boxed elementor-section-height-default elementor-section-height-default\" data-id=\"a13c5a8\" data-element_type=\"section\">\n\t\t\t\t\t\t<div class=\"elementor-container elementor-column-gap-default\">\n\t\t\t\t\t<div class=\"elementor-column elementor-col-100 elementor-inner-column elementor-element elementor-element-8d59a93\" data-id=\"8d59a93\" data-element_type=\"column\">\n\t\t\t<div class=\"elementor-widget-wrap elementor-element-populated\">\n\t\t\t\t\t\t<div class=\"elementor-element elementor-element-1b46a9f elementor-widget elementor-widget-image\" data-id=\"1b46a9f\" data-element_type=\"widget\" data-widget_type=\"image.default\">\n\t\t\t\t<div class=\"elementor-widget-container\">\n\t\t\t\t\t\t\t\t\t\t\t\t\t\t\t<img loading=\"lazy\" decoding=\"async\" width=\"800\" height=\"370\" src=\"https:\/\/richeskarayib.com\/wp-content\/uploads\/2025\/09\/WhatsApp-Image-2025-09-22-a-23.22.58_c9b4013d-1024x473.jpg\" class=\"attachment-large size-large wp-image-61578\" alt=\"JEP 2025\" srcset=\"https:\/\/richeskarayib.com\/wp-content\/uploads\/2025\/09\/WhatsApp-Image-2025-09-22-a-23.22.58_c9b4013d-1024x473.jpg 1024w, https:\/\/richeskarayib.com\/wp-content\/uploads\/2025\/09\/WhatsApp-Image-2025-09-22-a-23.22.58_c9b4013d-300x139.jpg 300w, https:\/\/richeskarayib.com\/wp-content\/uploads\/2025\/09\/WhatsApp-Image-2025-09-22-a-23.22.58_c9b4013d-768x355.jpg 768w, https:\/\/richeskarayib.com\/wp-content\/uploads\/2025\/09\/WhatsApp-Image-2025-09-22-a-23.22.58_c9b4013d-1536x709.jpg 1536w, https:\/\/richeskarayib.com\/wp-content\/uploads\/2025\/09\/WhatsApp-Image-2025-09-22-a-23.22.58_c9b4013d-1320x610.jpg 1320w, https:\/\/richeskarayib.com\/wp-content\/uploads\/2025\/09\/WhatsApp-Image-2025-09-22-a-23.22.58_c9b4013d.jpg 1600w\" sizes=\"(max-width: 800px) 100vw, 800px\" \/>\t\t\t\t\t\t\t\t\t\t\t\t\t\t\t<\/div>\n\t\t\t\t<\/div>\n\t\t\t\t\t<\/div>\n\t\t<\/div>\n\t\t\t\t\t<\/div>\n\t\t<\/section>\n\t\t\t\t\t<\/div>\n\t\t<\/div>\n\t\t\t\t\t<\/div>\n\t\t<\/section>\n\t\t\t\t<\/div>\n\t\t","protected":false},"excerpt":{"rendered":"<p>Una visita sin igual para los j\u00f3venes en Sciences Po El 20 de septiembre de 2025, con motivo de las JornadasEuropeas del Patrimonio (JEP 2025), que este a\u00f1o se centraron en el tema &#8220;Patrimonio Itinerario, Patrimonio Arquitect\u00f3nico&#8221;, se abrieron las puertas de la Prefectura de Martinica a un grupo de estudiantes de Ciencias Pol\u00edticas. Guiados [&hellip;]<\/p>\n","protected":false},"author":47,"featured_media":61549,"comment_status":"open","ping_status":"open","sticky":false,"template":"","format":"standard","meta":{"_acf_changed":false,"footnotes":""},"categories":[1469,1822],"tags":[816],"class_list":["post-61800","post","type-post","status-publish","format-standard","has-post-thumbnail","hentry","category-historia-patrimonio","category-jep-es","tag-martinique-es"],"acf":[],"_links":{"self":[{"href":"https:\/\/richeskarayib.com\/es\/wp-json\/wp\/v2\/posts\/61800","targetHints":{"allow":["GET"]}}],"collection":[{"href":"https:\/\/richeskarayib.com\/es\/wp-json\/wp\/v2\/posts"}],"about":[{"href":"https:\/\/richeskarayib.com\/es\/wp-json\/wp\/v2\/types\/post"}],"author":[{"embeddable":true,"href":"https:\/\/richeskarayib.com\/es\/wp-json\/wp\/v2\/users\/47"}],"replies":[{"embeddable":true,"href":"https:\/\/richeskarayib.com\/es\/wp-json\/wp\/v2\/comments?post=61800"}],"version-history":[{"count":0,"href":"https:\/\/richeskarayib.com\/es\/wp-json\/wp\/v2\/posts\/61800\/revisions"}],"wp:featuredmedia":[{"embeddable":true,"href":"https:\/\/richeskarayib.com\/es\/wp-json\/wp\/v2\/media\/61549"}],"wp:attachment":[{"href":"https:\/\/richeskarayib.com\/es\/wp-json\/wp\/v2\/media?parent=61800"}],"wp:term":[{"taxonomy":"category","embeddable":true,"href":"https:\/\/richeskarayib.com\/es\/wp-json\/wp\/v2\/categories?post=61800"},{"taxonomy":"post_tag","embeddable":true,"href":"https:\/\/richeskarayib.com\/es\/wp-json\/wp\/v2\/tags?post=61800"}],"curies":[{"name":"wp","href":"https:\/\/api.w.org\/{rel}","templated":true}]}}