{"id":61825,"date":"2025-09-23T07:30:27","date_gmt":"2025-09-23T11:30:27","guid":{"rendered":"https:\/\/richeskarayib.com\/jep-2025-martinica-el-patrimonio-en-movimiento-en-la-era-digital-en-la-biblioteca-schoelcher\/"},"modified":"2025-09-25T11:20:37","modified_gmt":"2025-09-25T15:20:37","slug":"jep-2025-martinica-el-patrimonio-en-movimiento-en-la-era-digital-en-la-biblioteca-schoelcher","status":"publish","type":"post","link":"https:\/\/richeskarayib.com\/es\/jep-2025-martinica-el-patrimonio-en-movimiento-en-la-era-digital-en-la-biblioteca-schoelcher\/","title":{"rendered":"[JEP 2025] &#8211; Martinica: &#8220;El patrimonio en movimiento en la era digital&#8221; en la Biblioteca Schoelcher"},"content":{"rendered":"\t\t<div data-elementor-type=\"wp-post\" data-elementor-id=\"61825\" class=\"elementor elementor-61825 elementor-61803\" data-elementor-post-type=\"post\">\n\t\t\t\t\t\t<section class=\"elementor-section elementor-top-section elementor-element elementor-element-7ca7ca1 elementor-section-boxed elementor-section-height-default elementor-section-height-default\" data-id=\"7ca7ca1\" data-element_type=\"section\">\n\t\t\t\t\t\t<div class=\"elementor-container elementor-column-gap-default\">\n\t\t\t\t\t<div class=\"elementor-column elementor-col-100 elementor-top-column elementor-element elementor-element-cbdd002\" data-id=\"cbdd002\" data-element_type=\"column\">\n\t\t\t<div class=\"elementor-widget-wrap elementor-element-populated\">\n\t\t\t\t\t\t<section class=\"elementor-section elementor-inner-section elementor-element elementor-element-bc94849 elementor-section-boxed elementor-section-height-default elementor-section-height-default\" data-id=\"bc94849\" data-element_type=\"section\">\n\t\t\t\t\t\t<div class=\"elementor-container elementor-column-gap-default\">\n\t\t\t\t\t\t<\/div>\n\t\t<\/section>\n\t\t\t\t<section class=\"elementor-section elementor-inner-section elementor-element elementor-element-61571e6 elementor-section-boxed elementor-section-height-default elementor-section-height-default\" data-id=\"61571e6\" data-element_type=\"section\">\n\t\t\t\t\t\t<div class=\"elementor-container elementor-column-gap-default\">\n\t\t\t\t\t\t<\/div>\n\t\t<\/section>\n\t\t\t\t<section class=\"elementor-section elementor-inner-section elementor-element elementor-element-b6262e0 elementor-section-boxed elementor-section-height-default elementor-section-height-default\" data-id=\"b6262e0\" data-element_type=\"section\">\n\t\t\t\t\t\t<div class=\"elementor-container elementor-column-gap-default\">\n\t\t\t\t\t\t<\/div>\n\t\t<\/section>\n\t\t\t\t<section class=\"elementor-section elementor-inner-section elementor-element elementor-element-cca29fd elementor-section-boxed elementor-section-height-default elementor-section-height-default\" data-id=\"cca29fd\" data-element_type=\"section\">\n\t\t\t\t\t\t<div class=\"elementor-container elementor-column-gap-default\">\n\t\t\t\t\t\t<\/div>\n\t\t<\/section>\n\t\t\t\t\t<\/div>\n\t\t<\/div>\n\t\t\t\t\t<\/div>\n\t\t<\/section>\n\t\t\t\t<section class=\"elementor-section elementor-top-section elementor-element elementor-element-6df3229 elementor-section-boxed elementor-section-height-default elementor-section-height-default\" data-id=\"6df3229\" data-element_type=\"section\">\n\t\t\t\t\t\t<div class=\"elementor-container elementor-column-gap-default\">\n\t\t\t\t\t<div class=\"elementor-column elementor-col-100 elementor-top-column elementor-element elementor-element-098e8ca\" data-id=\"098e8ca\" data-element_type=\"column\">\n\t\t\t<div class=\"elementor-widget-wrap elementor-element-populated\">\n\t\t\t\t\t\t<div class=\"elementor-element elementor-element-4919ffd elementor-widget elementor-widget-heading\" data-id=\"4919ffd\" data-element_type=\"widget\" data-widget_type=\"heading.default\">\n\t\t\t\t<div class=\"elementor-widget-container\">\n\t\t\t\t\t<h2 class=\"elementor-heading-title elementor-size-default\">Un acto emblem\u00e1tico de las Jornadas Europeas del Patrimonio<\/h2>\t\t\t\t<\/div>\n\t\t\t\t<\/div>\n\t\t\t\t<div class=\"elementor-element elementor-element-7e03fa7 elementor-widget elementor-widget-text-editor\" data-id=\"7e03fa7\" data-element_type=\"widget\" data-widget_type=\"text-editor.default\">\n\t\t\t\t<div class=\"elementor-widget-container\">\n\t\t\t\t\t\t\t\t\t<p><span style=\"font-weight: 400;\">El viernes 19 de septiembre de 2025, la Biblioteca Schoelcher de Fort-de-France acogi\u00f3 una conferencia titulada <\/span><span style=\"font-weight: 400;\">&#8220;El patrimonio en movimiento en la era digital&#8221;.<\/span><span style=\"font-weight: 400;\">. Parte de la  <\/span><a href=\"https:\/\/journeesdupatrimoine.culture.gouv.fr\/\" target=\"_blank\" rel=\"noopener nofollow\"><b>PEC 2025<\/b><\/a><span style=\"font-weight: 400;\"> dedicado al patrimonio arquitect\u00f3nico, el encuentro se celebr\u00f3 como prolongaci\u00f3n de la exposici\u00f3n <\/span><b>Bibliotech<\/b><span style=\"font-weight: 400;\">presentada del 6 al 27 de septiembre por <\/span><a href=\"https:\/\/lecorpsmonstrueux.com\/\" target=\"_blank\" rel=\"noopener nofollow\"><b>Georges-Emmanuel Arnaud<\/b><\/a><span style=\"font-weight: 400;\">creador de im\u00e1genes fijas y en movimiento.<\/span><\/p><p><span style=\"font-weight: 400;\">Monumento protegido desde 1973, la Biblioteca Schoelcher no s\u00f3lo ha proporcionado un marco simb\u00f3lico. Se convirti\u00f3 en un espacio de di\u00e1logo entre el pasado y el futuro, entre el patrimonio hist\u00f3rico y las innovaciones digitales. El acto, gratuito y abierto a todos, atrajo a un p\u00fablico variado de estudiantes, investigadores, entusiastas de la cultura y representantes institucionales.   En  <\/span><b>PEC 2025<\/b><span style=\"font-weight: 400;\"> brind\u00f3 la oportunidad de combinar un lugar emblem\u00e1tico con un pensamiento orientado al futuro.<\/span><\/p>\t\t\t\t\t\t\t\t<\/div>\n\t\t\t\t<\/div>\n\t\t\t\t\t<\/div>\n\t\t<\/div>\n\t\t\t\t\t<\/div>\n\t\t<\/section>\n\t\t\t\t<section class=\"elementor-section elementor-top-section elementor-element elementor-element-383b273 elementor-section-boxed elementor-section-height-default elementor-section-height-default\" data-id=\"383b273\" data-element_type=\"section\">\n\t\t\t\t\t\t<div class=\"elementor-container elementor-column-gap-default\">\n\t\t\t\t\t<div class=\"elementor-column elementor-col-100 elementor-top-column elementor-element elementor-element-98878ff\" data-id=\"98878ff\" data-element_type=\"column\">\n\t\t\t<div class=\"elementor-widget-wrap elementor-element-populated\">\n\t\t\t\t\t\t<div class=\"elementor-element elementor-element-636270f elementor-widget elementor-widget-heading\" data-id=\"636270f\" data-element_type=\"widget\" data-widget_type=\"heading.default\">\n\t\t\t\t<div class=\"elementor-widget-container\">\n\t\t\t\t\t<h2 class=\"elementor-heading-title elementor-size-default\">Un enfoque \u00fanico de las im\u00e1genes y el patrimonio<\/h2>\t\t\t\t<\/div>\n\t\t\t\t<\/div>\n\t\t\t\t<div class=\"elementor-element elementor-element-09e10fe elementor-widget elementor-widget-text-editor\" data-id=\"09e10fe\" data-element_type=\"widget\" data-widget_type=\"text-editor.default\">\n\t\t\t\t<div class=\"elementor-widget-container\">\n\t\t\t\t\t\t\t\t\t<p><span style=\"font-weight: 400;\">Natural de Le Vauclin, Georges-Emmanuel Arnaud est\u00e1 orgulloso de sus m\u00faltiples identidades. Formado como fot\u00f3grafo, ha trabajado en el mundo de la moda durante m\u00e1s de quince a\u00f1os, para Dior, Chanel y Armani. Firma sus im\u00e1genes con el seud\u00f3nimo    <\/span><b>&#8220;Da\u00f1o<\/b><span style=\"font-weight: 400;\">un anagrama de su nombre, antes de regresar a Martinica para dedicarse a un enfoque m\u00e1s personal.<\/span><\/p><p><span style=\"font-weight: 400;\">Se define a s\u00ed mismo como <\/span><b>&#8220;t\u00e9cnico-artista<\/b><span style=\"font-weight: 400;\">y a\u00f1ade: <\/span><span style=\"font-weight: 400;\">&#8220;Intento dar una idea y utilizo todas las t\u00e9cnicas que domino para conseguirla&#8221;.<\/span><\/p>\t\t\t\t\t\t\t\t<\/div>\n\t\t\t\t<\/div>\n\t\t\t\t<div class=\"elementor-element elementor-element-3264eae elementor-widget elementor-widget-text-editor\" data-id=\"3264eae\" data-element_type=\"widget\" data-widget_type=\"text-editor.default\">\n\t\t\t\t<div class=\"elementor-widget-container\">\n\t\t\t\t\t\t\t\t\t<p><span style=\"font-weight: 400;\">Explorando a su vez la fotograf\u00eda, el v\u00eddeo, el retoque y la escultura en bronce, se ha centrado en el tema del <\/span><b>cuerpo monstruoso<\/b><span style=\"font-weight: 400;\">Su obra explora las diferencias, la discapacidad y la fragilidad humana. Como homenaje a su hija K\u00e9nia, fund\u00f3 la asociaci\u00f3n   <\/span><b>Estudio Caria<\/b><span style=\"font-weight: 400;\">un laboratorio de experimentaci\u00f3n art\u00edstica y digital. Estos experimentos, ahora compartidos por   <\/span><b>JEP 2025<\/b><span style=\"font-weight: 400;\">dan a su obra una resonancia especial.<\/span><\/p>\t\t\t\t\t\t\t\t<\/div>\n\t\t\t\t<\/div>\n\t\t\t\t<section class=\"elementor-section elementor-inner-section elementor-element elementor-element-cdcd0d2 elementor-section-boxed elementor-section-height-default elementor-section-height-default\" data-id=\"cdcd0d2\" data-element_type=\"section\">\n\t\t\t\t\t\t<div class=\"elementor-container elementor-column-gap-default\">\n\t\t\t\t\t<div class=\"elementor-column elementor-col-100 elementor-inner-column elementor-element elementor-element-56bafcf\" data-id=\"56bafcf\" data-element_type=\"column\">\n\t\t\t<div class=\"elementor-widget-wrap elementor-element-populated\">\n\t\t\t\t\t\t<div class=\"elementor-element elementor-element-ac84a35 elementor-widget elementor-widget-image\" data-id=\"ac84a35\" data-element_type=\"widget\" data-widget_type=\"image.default\">\n\t\t\t\t<div class=\"elementor-widget-container\">\n\t\t\t\t\t\t\t\t\t\t\t\t\t\t\t<img fetchpriority=\"high\" decoding=\"async\" width=\"800\" height=\"370\" src=\"https:\/\/richeskarayib.com\/wp-content\/uploads\/2025\/09\/WhatsApp-Image-2025-09-23-a-07.34.09_07478644-1024x473.jpg\" class=\"attachment-large size-large wp-image-61811\" alt=\"JEP 2025\" srcset=\"https:\/\/richeskarayib.com\/wp-content\/uploads\/2025\/09\/WhatsApp-Image-2025-09-23-a-07.34.09_07478644-1024x473.jpg 1024w, https:\/\/richeskarayib.com\/wp-content\/uploads\/2025\/09\/WhatsApp-Image-2025-09-23-a-07.34.09_07478644-300x139.jpg 300w, https:\/\/richeskarayib.com\/wp-content\/uploads\/2025\/09\/WhatsApp-Image-2025-09-23-a-07.34.09_07478644-768x355.jpg 768w, https:\/\/richeskarayib.com\/wp-content\/uploads\/2025\/09\/WhatsApp-Image-2025-09-23-a-07.34.09_07478644-1536x709.jpg 1536w, https:\/\/richeskarayib.com\/wp-content\/uploads\/2025\/09\/WhatsApp-Image-2025-09-23-a-07.34.09_07478644-1320x610.jpg 1320w, https:\/\/richeskarayib.com\/wp-content\/uploads\/2025\/09\/WhatsApp-Image-2025-09-23-a-07.34.09_07478644.jpg 1600w\" sizes=\"(max-width: 800px) 100vw, 800px\" \/>\t\t\t\t\t\t\t\t\t\t\t\t\t\t\t<\/div>\n\t\t\t\t<\/div>\n\t\t\t\t\t<\/div>\n\t\t<\/div>\n\t\t\t\t\t<\/div>\n\t\t<\/section>\n\t\t\t\t\t<\/div>\n\t\t<\/div>\n\t\t\t\t\t<\/div>\n\t\t<\/section>\n\t\t\t\t<section class=\"elementor-section elementor-top-section elementor-element elementor-element-a6d4222 elementor-section-boxed elementor-section-height-default elementor-section-height-default\" data-id=\"a6d4222\" data-element_type=\"section\">\n\t\t\t\t\t\t<div class=\"elementor-container elementor-column-gap-default\">\n\t\t\t\t\t<div class=\"elementor-column elementor-col-100 elementor-top-column elementor-element elementor-element-ea27f09\" data-id=\"ea27f09\" data-element_type=\"column\">\n\t\t\t<div class=\"elementor-widget-wrap elementor-element-populated\">\n\t\t\t\t\t\t<div class=\"elementor-element elementor-element-122430b elementor-widget elementor-widget-heading\" data-id=\"122430b\" data-element_type=\"widget\" data-widget_type=\"heading.default\">\n\t\t\t\t<div class=\"elementor-widget-container\">\n\t\t\t\t\t<h2 class=\"elementor-heading-title elementor-size-default\">La tecnolog\u00eda digital como palanca de transmisi\u00f3n<\/h2>\t\t\t\t<\/div>\n\t\t\t\t<\/div>\n\t\t\t\t<div class=\"elementor-element elementor-element-8f49c6e elementor-widget elementor-widget-text-editor\" data-id=\"8f49c6e\" data-element_type=\"widget\" data-widget_type=\"text-editor.default\">\n\t\t\t\t<div class=\"elementor-widget-container\">\n\t\t\t\t\t\t\t\t\t<p><span style=\"font-weight: 400;\">Desde hace veinte a\u00f1os, Georges-Emmanuel Arnaud trabaja en la promoci\u00f3n del patrimonio a trav\u00e9s de la tecnolog\u00eda digital. A trav\u00e9s de su asociaci\u00f3n   <\/span><b>Anisotrop\u00eda<\/b><span style=\"font-weight: 400;\">ha iniciado una serie de proyectos innovadores:<\/span><\/p><ul><li style=\"font-weight: 400;\" aria-level=\"1\"><b>&#8211; S\u00e9quence \u00c9ph\u00e9m\u00e8re<\/b><span style=\"font-weight: 400;\"> Captura de movimiento de gestos tradicionales (b\u00e8l\u00e8, ladja, pr\u00e1cticas agr\u00edcolas, gestos culinarios) para crear un archivo vivo que pueda compararse con otras culturas caribe\u00f1as y africanas.<\/span><\/li><li style=\"font-weight: 400;\" aria-level=\"1\"><b>&#8211; Arqueolog\u00eda del Caribe<\/b><span style=\"font-weight: 400;\"> Arqueolog\u00eda del Caribe: una plataforma digital donde se pueden ver objetos arqueol\u00f3gicos en 3D, acompa\u00f1ados de notas multiling\u00fces y podcasts.<\/span><\/li><li style=\"font-weight: 400;\" aria-level=\"1\">&#8211; <b> N\u00e9cropole<\/b>: un proyecto para digitalizar los cementerios de Le Vauclin, relacionando tumbas, archivos familiares y fotograf\u00edas antiguas para construir una memoria geneal\u00f3gica compartida.<\/li><\/ul>\t\t\t\t\t\t\t\t<\/div>\n\t\t\t\t<\/div>\n\t\t\t\t<div class=\"elementor-element elementor-element-03dd4d1 elementor-widget elementor-widget-text-editor\" data-id=\"03dd4d1\" data-element_type=\"widget\" data-widget_type=\"text-editor.default\">\n\t\t\t\t<div class=\"elementor-widget-container\">\n\t\t\t\t\t\t\t\t\t<p><span style=\"font-weight: 400;\">Estas iniciativas son posibles gracias al apoyo de la <\/span><b>Direcci\u00f3n de Asuntos Culturales<\/b><span style=\"font-weight: 400;\">que ha financiado el equipo de captura de movimientos.<\/span><\/p><p><span style=\"font-weight: 400;\">Para Georges-Emmanuel Arnaud, el reto est\u00e1 claro:<\/span><span style=\"font-weight: 400;\"><br><\/span><span style=\"font-weight: 400;\"> &#8220;La tecnolog\u00eda digital est\u00e1 aqu\u00ed para ayudarnos a proyectarnos en el mundo del ma\u00f1ana.<\/span><\/p><p><span style=\"font-weight: 400;\">Tambi\u00e9n en este caso, el <\/span><b>PEC 2025<\/b><span style=\"font-weight: 400;\"> constituyen un escenario ideal para demostrar c\u00f3mo la innovaci\u00f3n y la memoria pueden trabajar juntas.<\/span><\/p>\t\t\t\t\t\t\t\t<\/div>\n\t\t\t\t<\/div>\n\t\t\t\t\t<\/div>\n\t\t<\/div>\n\t\t\t\t\t<\/div>\n\t\t<\/section>\n\t\t\t\t<section class=\"elementor-section elementor-top-section elementor-element elementor-element-e1fea79 elementor-section-boxed elementor-section-height-default elementor-section-height-default\" data-id=\"e1fea79\" data-element_type=\"section\">\n\t\t\t\t\t\t<div class=\"elementor-container elementor-column-gap-default\">\n\t\t\t\t\t<div class=\"elementor-column elementor-col-100 elementor-top-column elementor-element elementor-element-6d0be76\" data-id=\"6d0be76\" data-element_type=\"column\">\n\t\t\t<div class=\"elementor-widget-wrap elementor-element-populated\">\n\t\t\t\t\t\t<div class=\"elementor-element elementor-element-a310b25 elementor-widget elementor-widget-heading\" data-id=\"a310b25\" data-element_type=\"widget\" data-widget_type=\"heading.default\">\n\t\t\t\t<div class=\"elementor-widget-container\">\n\t\t\t\t\t<h2 class=\"elementor-heading-title elementor-size-default\">Una conferencia en la encrucijada del patrimonio y la innovaci\u00f3n<\/h2>\t\t\t\t<\/div>\n\t\t\t\t<\/div>\n\t\t\t\t<div class=\"elementor-element elementor-element-bbb62ae elementor-widget elementor-widget-text-editor\" data-id=\"bbb62ae\" data-element_type=\"widget\" data-widget_type=\"text-editor.default\">\n\t\t\t\t<div class=\"elementor-widget-container\">\n\t\t\t\t\t\t\t\t\t<p><span style=\"font-weight: 400;\">Durante casi dos horas, el ponente mezcl\u00f3 relatos personales, demostraciones t\u00e9cnicas y reflexiones filos\u00f3ficas. Im\u00e1genes y secuencias ilustraron lo que dijo, mostrando c\u00f3mo un gesto, una voz, una escultura o un yacimiento pueden convertirse en un archivo gracias a las tecnolog\u00edas digitales. <\/span><\/p><p><span style=\"font-weight: 400;\">El eslogan &#8220;El patrimonio en movimiento en la era digital&#8221; cobr\u00f3 todo su sentido cuando se mencionaron la digitalizaci\u00f3n de las rocas grabadas de Montravail, el an\u00e1lisis de los gestos en la cocina, la prevenci\u00f3n de riesgos laborales mediante la captura del movimiento y la reconstrucci\u00f3n en 3D de la propia Biblioteca Schoelcher. El artista record\u00f3 que tecnolog\u00edas similares hab\u00edan permitido restaurar   <\/span><b>Notre-Dame de Par\u00eds<\/b><span style=\"font-weight: 400;\"> despu\u00e9s del incendio.<\/span><\/p>\t\t\t\t\t\t\t\t<\/div>\n\t\t\t\t<\/div>\n\t\t\t\t<div class=\"elementor-element elementor-element-82ac54c elementor-widget elementor-widget-text-editor\" data-id=\"82ac54c\" data-element_type=\"widget\" data-widget_type=\"text-editor.default\">\n\t\t\t\t<div class=\"elementor-widget-container\">\n\t\t\t\t\t\t\t\t\t<p><span style=\"font-weight: 400;\">Tambi\u00e9n mencion\u00f3 su colaboraci\u00f3n con <\/span><b>John Dauer<\/b><span style=\"font-weight: 400;\">el director asociado a <\/span><b>GTA<\/b><span style=\"font-weight: 400;\">que vino a Martinica a una residencia para experimentar con el uso de la tecnolog\u00eda digital en un contexto patrimonial. Una prueba de que las competencias locales pueden resonar con la experiencia internacional. Estos ejemplos concretos, compartidos en el marco de la    <\/span><b>PEC 2025<\/b><span style=\"font-weight: 400;\">muestran el poder de la fertilizaci\u00f3n cruzada entre culturas y disciplinas.<\/span><\/p>\t\t\t\t\t\t\t\t<\/div>\n\t\t\t\t<\/div>\n\t\t\t\t<section class=\"elementor-section elementor-inner-section elementor-element elementor-element-c468332 elementor-section-boxed elementor-section-height-default elementor-section-height-default\" data-id=\"c468332\" data-element_type=\"section\">\n\t\t\t\t\t\t<div class=\"elementor-container elementor-column-gap-default\">\n\t\t\t\t\t<div class=\"elementor-column elementor-col-100 elementor-inner-column elementor-element elementor-element-dd81cad\" data-id=\"dd81cad\" data-element_type=\"column\">\n\t\t\t<div class=\"elementor-widget-wrap elementor-element-populated\">\n\t\t\t\t\t\t<div class=\"elementor-element elementor-element-7f00928 elementor-widget elementor-widget-image\" data-id=\"7f00928\" data-element_type=\"widget\" data-widget_type=\"image.default\">\n\t\t\t\t<div class=\"elementor-widget-container\">\n\t\t\t\t\t\t\t\t\t\t\t\t\t\t\t<img decoding=\"async\" width=\"800\" height=\"370\" src=\"https:\/\/richeskarayib.com\/wp-content\/uploads\/2025\/09\/WhatsApp-Image-2025-09-23-a-07.34.08_25098341-1024x473.jpg\" class=\"attachment-large size-large wp-image-61815\" alt=\"JEP 2025\" srcset=\"https:\/\/richeskarayib.com\/wp-content\/uploads\/2025\/09\/WhatsApp-Image-2025-09-23-a-07.34.08_25098341-1024x473.jpg 1024w, https:\/\/richeskarayib.com\/wp-content\/uploads\/2025\/09\/WhatsApp-Image-2025-09-23-a-07.34.08_25098341-300x139.jpg 300w, https:\/\/richeskarayib.com\/wp-content\/uploads\/2025\/09\/WhatsApp-Image-2025-09-23-a-07.34.08_25098341-768x355.jpg 768w, https:\/\/richeskarayib.com\/wp-content\/uploads\/2025\/09\/WhatsApp-Image-2025-09-23-a-07.34.08_25098341-1536x709.jpg 1536w, https:\/\/richeskarayib.com\/wp-content\/uploads\/2025\/09\/WhatsApp-Image-2025-09-23-a-07.34.08_25098341-1320x610.jpg 1320w, https:\/\/richeskarayib.com\/wp-content\/uploads\/2025\/09\/WhatsApp-Image-2025-09-23-a-07.34.08_25098341.jpg 1600w\" sizes=\"(max-width: 800px) 100vw, 800px\" \/>\t\t\t\t\t\t\t\t\t\t\t\t\t\t\t<\/div>\n\t\t\t\t<\/div>\n\t\t\t\t\t<\/div>\n\t\t<\/div>\n\t\t\t\t\t<\/div>\n\t\t<\/section>\n\t\t\t\t\t<\/div>\n\t\t<\/div>\n\t\t\t\t\t<\/div>\n\t\t<\/section>\n\t\t\t\t<section class=\"elementor-section elementor-top-section elementor-element elementor-element-ee72354 elementor-section-boxed elementor-section-height-default elementor-section-height-default\" data-id=\"ee72354\" data-element_type=\"section\">\n\t\t\t\t\t\t<div class=\"elementor-container elementor-column-gap-default\">\n\t\t\t\t\t<div class=\"elementor-column elementor-col-100 elementor-top-column elementor-element elementor-element-c59d6fe\" data-id=\"c59d6fe\" data-element_type=\"column\">\n\t\t\t<div class=\"elementor-widget-wrap elementor-element-populated\">\n\t\t\t\t\t\t<div class=\"elementor-element elementor-element-ddc6a1e elementor-widget elementor-widget-heading\" data-id=\"ddc6a1e\" data-element_type=\"widget\" data-widget_type=\"heading.default\">\n\t\t\t\t<div class=\"elementor-widget-container\">\n\t\t\t\t\t<h2 class=\"elementor-heading-title elementor-size-default\">Un espacio de di\u00e1logo con el p\u00fablico<\/h2>\t\t\t\t<\/div>\n\t\t\t\t<\/div>\n\t\t\t\t<div class=\"elementor-element elementor-element-e57451f elementor-widget elementor-widget-text-editor\" data-id=\"e57451f\" data-element_type=\"widget\" data-widget_type=\"text-editor.default\">\n\t\t\t\t<div class=\"elementor-widget-container\">\n\t\t\t\t\t\t\t\t\t<p><span style=\"font-weight: 400;\">La conferencia fue algo m\u00e1s que un mon\u00f3logo. Hubo mucha participaci\u00f3n del p\u00fablico, con preguntas sobre la conservaci\u00f3n de los yacimientos, el uso de los archivos personales y el futuro de los rituales funerarios. Estos debates pusieron de relieve la    <\/span><b>Necr\u00f3polis<\/b><span style=\"font-weight: 400;\">que vincula la memoria individual y colectiva mediante la digitalizaci\u00f3n de los cementerios.<\/span><\/p><p><span style=\"font-weight: 400;\">El debate tambi\u00e9n se centr\u00f3 en la definici\u00f3n de patrimonio: \u00bfdebe limitarse a monumentos y objetos, o incluir gestos, sonidos y voces? La respuesta de Georges-Emmanuel Arnaud fue inequ\u00edvoca: el patrimonio est\u00e1 vivo, en perpetuo movimiento, y debe comprenderse antes de poder reproducirse. Esta reflexi\u00f3n dio a la conferencia una intensidad que permanecer\u00e1 como una de las aportaciones esenciales del    <\/span><b>JEP 2025<\/b><span style=\"font-weight: 400;\"> en Martinica.<\/span><\/p>\t\t\t\t\t\t\t\t<\/div>\n\t\t\t\t<\/div>\n\t\t\t\t<section class=\"elementor-section elementor-inner-section elementor-element elementor-element-94f77df elementor-section-boxed elementor-section-height-default elementor-section-height-default\" data-id=\"94f77df\" data-element_type=\"section\">\n\t\t\t\t\t\t<div class=\"elementor-container elementor-column-gap-default\">\n\t\t\t\t\t<div class=\"elementor-column elementor-col-100 elementor-inner-column elementor-element elementor-element-316ab94\" data-id=\"316ab94\" data-element_type=\"column\">\n\t\t\t<div class=\"elementor-widget-wrap elementor-element-populated\">\n\t\t\t\t\t\t<div class=\"elementor-element elementor-element-92e9141 elementor-widget elementor-widget-image\" data-id=\"92e9141\" data-element_type=\"widget\" data-widget_type=\"image.default\">\n\t\t\t\t<div class=\"elementor-widget-container\">\n\t\t\t\t\t\t\t\t\t\t\t\t\t\t\t<img decoding=\"async\" width=\"565\" height=\"1024\" src=\"https:\/\/richeskarayib.com\/wp-content\/uploads\/2025\/09\/WhatsApp-Image-2025-09-23-a-07.34.09_0db91f3c-565x1024.jpg\" class=\"attachment-large size-large wp-image-61823\" alt=\"JEP 2025\" srcset=\"https:\/\/richeskarayib.com\/wp-content\/uploads\/2025\/09\/WhatsApp-Image-2025-09-23-a-07.34.09_0db91f3c-565x1024.jpg 565w, https:\/\/richeskarayib.com\/wp-content\/uploads\/2025\/09\/WhatsApp-Image-2025-09-23-a-07.34.09_0db91f3c-165x300.jpg 165w, https:\/\/richeskarayib.com\/wp-content\/uploads\/2025\/09\/WhatsApp-Image-2025-09-23-a-07.34.09_0db91f3c.jpg 739w\" sizes=\"(max-width: 565px) 100vw, 565px\" \/>\t\t\t\t\t\t\t\t\t\t\t\t\t\t\t<\/div>\n\t\t\t\t<\/div>\n\t\t\t\t\t<\/div>\n\t\t<\/div>\n\t\t\t\t\t<\/div>\n\t\t<\/section>\n\t\t\t\t\t<\/div>\n\t\t<\/div>\n\t\t\t\t\t<\/div>\n\t\t<\/section>\n\t\t\t\t<section class=\"elementor-section elementor-top-section elementor-element elementor-element-82cd8f9 elementor-section-boxed elementor-section-height-default elementor-section-height-default\" data-id=\"82cd8f9\" data-element_type=\"section\">\n\t\t\t\t\t\t<div class=\"elementor-container elementor-column-gap-default\">\n\t\t\t\t\t<div class=\"elementor-column elementor-col-100 elementor-top-column elementor-element elementor-element-0bfdc38\" data-id=\"0bfdc38\" data-element_type=\"column\">\n\t\t\t<div class=\"elementor-widget-wrap elementor-element-populated\">\n\t\t\t\t\t\t<div class=\"elementor-element elementor-element-7d292fe elementor-widget elementor-widget-heading\" data-id=\"7d292fe\" data-element_type=\"widget\" data-widget_type=\"heading.default\">\n\t\t\t\t<div class=\"elementor-widget-container\">\n\t\t\t\t\t<h2 class=\"elementor-heading-title elementor-size-default\">El PEC 2025 como catalizador institucional y c\u00edvico<\/h2>\t\t\t\t<\/div>\n\t\t\t\t<\/div>\n\t\t\t\t<div class=\"elementor-element elementor-element-8e337bf elementor-widget elementor-widget-text-editor\" data-id=\"8e337bf\" data-element_type=\"widget\" data-widget_type=\"text-editor.default\">\n\t\t\t\t<div class=\"elementor-widget-container\">\n\t\t\t\t\t\t\t\t\t<p><span style=\"font-weight: 400;\">La celebraci\u00f3n de esta conferencia como parte del <\/span><b>PEC 2025<\/b><span style=\"font-weight: 400;\">  destac\u00f3 la cooperaci\u00f3n entre instituciones, asociaciones y ciudadanos. La  <\/span><b>Departamento de Asuntos Culturales<\/b><span style=\"font-weight: 400;\">la <\/span><b>Colectividad Territorial de Martinica<\/b><span style=\"font-weight: 400;\">y los equipos de la Biblioteca Schoelcher, as\u00ed como otros socios como Anisotropie, Armada, 150m\u00e8tres d&#8217;altitude, Zeesmind y Seize m\u00e8tres carr\u00e9s.<\/span><\/p><p><span style=\"font-weight: 400;\">Georges-Emmanuel Arnaud destac\u00f3 el valor de esta din\u00e1mica colectiva: <\/span><span style=\"font-weight: 400;\">&#8220;Son privadas, p\u00fablicas, humanas, humanas y m\u00e1s humanas&#8221;.<\/span><\/p>\t\t\t\t\t\t\t\t<\/div>\n\t\t\t\t<\/div>\n\t\t\t\t<div class=\"elementor-element elementor-element-af411ed elementor-widget elementor-widget-text-editor\" data-id=\"af411ed\" data-element_type=\"widget\" data-widget_type=\"text-editor.default\">\n\t\t\t\t<div class=\"elementor-widget-container\">\n\t\t\t\t\t\t\t\t\t<p><span style=\"font-weight: 400;\">Tambi\u00e9n critic\u00f3 la falta de apoyo a largo plazo de determinados organismos, al tiempo que insisti\u00f3 en la responsabilidad de los ciudadanos: <\/span><span style=\"font-weight: 400;\">&#8220;El futuro de nuestra regi\u00f3n y el futuro de nuestro patrimonio dependen de nosotros&#8221;.<\/span><\/p><p><span style=\"font-weight: 400;\">Visita <\/span><b>PEC 2025<\/b><span style=\"font-weight: 400;\"> son, por tanto, una ocasi\u00f3n ideal para poner de relieve este di\u00e1logo institucional y c\u00edvico, esencial para revalorizar nuestro patrimonio.<\/span><\/p>\t\t\t\t\t\t\t\t<\/div>\n\t\t\t\t<\/div>\n\t\t\t\t\t<\/div>\n\t\t<\/div>\n\t\t\t\t\t<\/div>\n\t\t<\/section>\n\t\t\t\t<section class=\"elementor-section elementor-top-section elementor-element elementor-element-5a7397d elementor-section-boxed elementor-section-height-default elementor-section-height-default\" data-id=\"5a7397d\" data-element_type=\"section\">\n\t\t\t\t\t\t<div class=\"elementor-container elementor-column-gap-default\">\n\t\t\t\t\t<div class=\"elementor-column elementor-col-100 elementor-top-column elementor-element elementor-element-8b33b4b\" data-id=\"8b33b4b\" data-element_type=\"column\">\n\t\t\t<div class=\"elementor-widget-wrap elementor-element-populated\">\n\t\t\t\t\t\t<div class=\"elementor-element elementor-element-89dac4b elementor-widget elementor-widget-heading\" data-id=\"89dac4b\" data-element_type=\"widget\" data-widget_type=\"heading.default\">\n\t\t\t\t<div class=\"elementor-widget-container\">\n\t\t\t\t\t<h2 class=\"elementor-heading-title elementor-size-default\">Un mensaje fuerte para los j\u00f3venes<\/h2>\t\t\t\t<\/div>\n\t\t\t\t<\/div>\n\t\t\t\t<div class=\"elementor-element elementor-element-4fc7069 elementor-widget elementor-widget-text-editor\" data-id=\"4fc7069\" data-element_type=\"widget\" data-widget_type=\"text-editor.default\">\n\t\t\t\t<div class=\"elementor-widget-container\">\n\t\t\t\t\t\t\t\t\t<p><span style=\"font-weight: 400;\">Mirando m\u00e1s all\u00e1 de la tecnolog\u00eda, Georges-Emmanuel Arnaud ten\u00eda un mensaje directo para la generaci\u00f3n m\u00e1s joven:<\/span><span style=\"font-weight: 400;\"><br><\/span><span style=\"font-weight: 400;\"> &#8220;Ten\u00e9is que tener una conexi\u00f3n a Internet. Tienes que conectarte a YouTube y aprender (&#8230;) Aprender es nuestro \u00fanico deber como seres humanos.<\/span><\/p><p><span style=\"font-weight: 400;\">Convencido de que el acceso al conocimiento es universal, invita a todos a aprovechar los recursos gratuitos, desarrollar sus capacidades y contribuir a la transmisi\u00f3n del conocimiento. \u00c9l mismo se pone a disposici\u00f3n para apoyar a quienes deseen progresar. <\/span><\/p>\t\t\t\t\t\t\t\t<\/div>\n\t\t\t\t<\/div>\n\t\t\t\t<div class=\"elementor-element elementor-element-54556bc elementor-widget elementor-widget-text-editor\" data-id=\"54556bc\" data-element_type=\"widget\" data-widget_type=\"text-editor.default\">\n\t\t\t\t<div class=\"elementor-widget-container\">\n\t\t\t\t\t\t\t\t\t<p><span style=\"font-weight: 400;\">Y concluye con una frase impactante <\/span><span style=\"font-weight: 400;\">&#8220;Hay que centrarse en las personas y no en los recursos&#8221;.<\/span><\/p><p><span style=\"font-weight: 400;\">Estas palabras, compartidas durante el PEC 2025, suenan como una llamada al compromiso y a la autonom\u00eda.<\/span><\/p>\t\t\t\t\t\t\t\t<\/div>\n\t\t\t\t<\/div>\n\t\t\t\t<section class=\"elementor-section elementor-inner-section elementor-element elementor-element-30f4cd8 elementor-section-boxed elementor-section-height-default elementor-section-height-default\" data-id=\"30f4cd8\" data-element_type=\"section\">\n\t\t\t\t\t\t<div class=\"elementor-container elementor-column-gap-default\">\n\t\t\t\t\t<div class=\"elementor-column elementor-col-100 elementor-inner-column elementor-element elementor-element-af9b3d9\" data-id=\"af9b3d9\" data-element_type=\"column\">\n\t\t\t<div class=\"elementor-widget-wrap elementor-element-populated\">\n\t\t\t\t\t\t<div class=\"elementor-element elementor-element-374457a elementor-widget elementor-widget-image\" data-id=\"374457a\" data-element_type=\"widget\" data-widget_type=\"image.default\">\n\t\t\t\t<div class=\"elementor-widget-container\">\n\t\t\t\t\t\t\t\t\t\t\t\t\t\t\t<img loading=\"lazy\" decoding=\"async\" width=\"800\" height=\"370\" src=\"https:\/\/richeskarayib.com\/wp-content\/uploads\/2025\/09\/WhatsApp-Image-2025-09-23-a-07.34.09_149b3416-1024x473.jpg\" class=\"attachment-large size-large wp-image-61819\" alt=\"JEP 2025\" srcset=\"https:\/\/richeskarayib.com\/wp-content\/uploads\/2025\/09\/WhatsApp-Image-2025-09-23-a-07.34.09_149b3416-1024x473.jpg 1024w, https:\/\/richeskarayib.com\/wp-content\/uploads\/2025\/09\/WhatsApp-Image-2025-09-23-a-07.34.09_149b3416-300x139.jpg 300w, https:\/\/richeskarayib.com\/wp-content\/uploads\/2025\/09\/WhatsApp-Image-2025-09-23-a-07.34.09_149b3416-768x355.jpg 768w, https:\/\/richeskarayib.com\/wp-content\/uploads\/2025\/09\/WhatsApp-Image-2025-09-23-a-07.34.09_149b3416-1536x709.jpg 1536w, https:\/\/richeskarayib.com\/wp-content\/uploads\/2025\/09\/WhatsApp-Image-2025-09-23-a-07.34.09_149b3416-1320x610.jpg 1320w, https:\/\/richeskarayib.com\/wp-content\/uploads\/2025\/09\/WhatsApp-Image-2025-09-23-a-07.34.09_149b3416.jpg 1600w\" sizes=\"(max-width: 800px) 100vw, 800px\" \/>\t\t\t\t\t\t\t\t\t\t\t\t\t\t\t<\/div>\n\t\t\t\t<\/div>\n\t\t\t\t\t<\/div>\n\t\t<\/div>\n\t\t\t\t\t<\/div>\n\t\t<\/section>\n\t\t\t\t\t<\/div>\n\t\t<\/div>\n\t\t\t\t\t<\/div>\n\t\t<\/section>\n\t\t\t\t<section class=\"elementor-section elementor-top-section elementor-element elementor-element-fce12d6 elementor-section-boxed elementor-section-height-default elementor-section-height-default\" data-id=\"fce12d6\" data-element_type=\"section\">\n\t\t\t\t\t\t<div class=\"elementor-container elementor-column-gap-default\">\n\t\t\t\t\t<div class=\"elementor-column elementor-col-100 elementor-top-column elementor-element elementor-element-e594ca0\" data-id=\"e594ca0\" data-element_type=\"column\">\n\t\t\t<div class=\"elementor-widget-wrap elementor-element-populated\">\n\t\t\t\t\t\t<div class=\"elementor-element elementor-element-9e1aff0 elementor-widget elementor-widget-heading\" data-id=\"9e1aff0\" data-element_type=\"widget\" data-widget_type=\"heading.default\">\n\t\t\t\t<div class=\"elementor-widget-container\">\n\t\t\t\t\t<h2 class=\"elementor-heading-title elementor-size-default\">Un patrimonio en movimiento, de Martinica al mundo<\/h2>\t\t\t\t<\/div>\n\t\t\t\t<\/div>\n\t\t\t\t<div class=\"elementor-element elementor-element-dfb56d4 elementor-widget elementor-widget-text-editor\" data-id=\"dfb56d4\" data-element_type=\"widget\" data-widget_type=\"text-editor.default\">\n\t\t\t\t<div class=\"elementor-widget-container\">\n\t\t\t\t\t\t\t\t\t<p><span style=\"font-weight: 400;\">La conferencia &#8220;El patrimonio en movimiento en la era digital&#8221; no se limit\u00f3 a Martinica. Abri\u00f3 perspectivas caribe\u00f1as e internacionales. <\/span><\/p><p><span style=\"font-weight: 400;\">A trav\u00e9s de sus proyectos, Georges-Emmanuel Arnaud vincula Martinica con las dem\u00e1s islas del Caribe y con \u00c1frica. La captura de danzas y pr\u00e1cticas agr\u00edcolas permite establecer comparaciones interculturales, establecer v\u00ednculos entre continentes y situar el patrimonio local en un contexto global. <\/span><\/p>\t\t\t\t\t\t\t\t<\/div>\n\t\t\t\t<\/div>\n\t\t\t\t<div class=\"elementor-element elementor-element-b764c7e elementor-widget elementor-widget-text-editor\" data-id=\"b764c7e\" data-element_type=\"widget\" data-widget_type=\"text-editor.default\">\n\t\t\t\t<div class=\"elementor-widget-container\">\n\t\t\t\t\t\t\t\t\t<p><span style=\"font-weight: 400;\">En t\u00e9rminos m\u00e1s generales, esta reflexi\u00f3n refleja cuestiones globales: \u00bfc\u00f3mo podemos preservar legados amenazados por el cambio clim\u00e1tico, la erosi\u00f3n o el olvido? \u00bfC\u00f3mo podemos transmitir conocimientos intangibles en un mundo cada vez m\u00e1s digital? <\/span><\/p><p><span style=\"font-weight: 400;\">A trav\u00e9s de esta conferencia, parte del <\/span><b>PEC 2025<\/b><span style=\"font-weight: 400;\">Martinica ha demostrado que puede ser un laboratorio de soluciones.<\/span><\/p>\t\t\t\t\t\t\t\t<\/div>\n\t\t\t\t<\/div>\n\t\t\t\t\t<\/div>\n\t\t<\/div>\n\t\t\t\t\t<\/div>\n\t\t<\/section>\n\t\t\t\t<section class=\"elementor-section elementor-top-section elementor-element elementor-element-1760e15 elementor-section-boxed elementor-section-height-default elementor-section-height-default\" data-id=\"1760e15\" data-element_type=\"section\">\n\t\t\t\t\t\t<div class=\"elementor-container elementor-column-gap-default\">\n\t\t\t\t\t<div class=\"elementor-column elementor-col-100 elementor-top-column elementor-element elementor-element-588aaa8\" data-id=\"588aaa8\" data-element_type=\"column\">\n\t\t\t<div class=\"elementor-widget-wrap elementor-element-populated\">\n\t\t\t\t\t\t<div class=\"elementor-element elementor-element-d3794b3 elementor-widget elementor-widget-heading\" data-id=\"d3794b3\" data-element_type=\"widget\" data-widget_type=\"heading.default\">\n\t\t\t\t<div class=\"elementor-widget-container\">\n\t\t\t\t\t<h2 class=\"elementor-heading-title elementor-size-default\">Un momento destacado del PEC 2025 en Martinica<\/h2>\t\t\t\t<\/div>\n\t\t\t\t<\/div>\n\t\t\t\t<div class=\"elementor-element elementor-element-ad54de4 elementor-widget elementor-widget-text-editor\" data-id=\"ad54de4\" data-element_type=\"widget\" data-widget_type=\"text-editor.default\">\n\t\t\t\t<div class=\"elementor-widget-container\">\n\t\t\t\t\t\t\t\t\t<p><span style=\"font-weight: 400;\">Combinando <\/span><b>memoria, innovaci\u00f3n y compromiso c\u00edvico<\/b><span style=\"font-weight: 400;\">la conferencia &#8220;El patrimonio en movimiento en la era digital&#8221; fue uno de los momentos culminantes del <\/span><a href=\"https:\/\/richeskarayib.com\/es\/jep-2025-martinique-la-prefectura-una-joya-arquitectonica-entre-historia-poder-y-transmision\/\" target=\"_blank\" rel=\"noopener\"><b>PEC 2025<\/b><\/a><span style=\"font-weight: 400;\">.<\/span><\/p><p><span style=\"font-weight: 400;\">Se\u00f1al\u00f3 que el patrimonio no debe ser est\u00e1tico, sino que debe reconocerse como un recurso vivo y en constante evoluci\u00f3n. La tecnolog\u00eda digital permite no s\u00f3lo conservarlo, sino tambi\u00e9n abrirlo a nuevos horizontes, desde el Caribe hasta el resto del mundo.\u00b2 <\/span><\/p>\t\t\t\t\t\t\t\t<\/div>\n\t\t\t\t<\/div>\n\t\t\t\t<div class=\"elementor-element elementor-element-d06cfa4 elementor-widget elementor-widget-text-editor\" data-id=\"d06cfa4\" data-element_type=\"widget\" data-widget_type=\"text-editor.default\">\n\t\t\t\t<div class=\"elementor-widget-container\">\n\t\t\t\t\t\t\t\t\t<p><span style=\"font-weight: 400;\">En t\u00e9rminos m\u00e1s generales, esta reflexi\u00f3n refleja cuestiones globales: \u00bfc\u00f3mo podemos preservar legados amenazados por el cambio clim\u00e1tico, la erosi\u00f3n o el olvido? \u00bfC\u00f3mo podemos transmitir conocimientos intangibles en un mundo cada vez m\u00e1s digital? <\/span><\/p><p><span style=\"font-weight: 400;\">A trav\u00e9s de esta conferencia, parte del <\/span><a href=\"https:\/\/richeskarayib.com\/es\/presentacion-del-programa-de-la-42%e1%b5%89-edicion-de-las-jornadas-europeas-del-patrimonio-en-martinica\/\" target=\"_blank\" rel=\"noopener\"><b>PEC 2025<\/b><\/a><span style=\"font-weight: 400;\">Martinica ha demostrado que puede ser un laboratorio de soluciones.<\/span><\/p>\t\t\t\t\t\t\t\t<\/div>\n\t\t\t\t<\/div>\n\t\t\t\t\t<\/div>\n\t\t<\/div>\n\t\t\t\t\t<\/div>\n\t\t<\/section>\n\t\t\t\t<\/div>\n\t\t","protected":false},"excerpt":{"rendered":"<p>Un acto emblem\u00e1tico de las Jornadas Europeas del Patrimonio El viernes 19 de septiembre de 2025, la Biblioteca Schoelcher de Fort-de-France acogi\u00f3 una conferencia titulada &#8220;El patrimonio en movimiento en la era digital&#8221;.. Parte de la PEC 2025 dedicado al patrimonio arquitect\u00f3nico, el encuentro se celebr\u00f3 como prolongaci\u00f3n de la exposici\u00f3n Bibliotechpresentada del 6 al [&hellip;]<\/p>\n","protected":false},"author":662,"featured_media":61807,"comment_status":"open","ping_status":"open","sticky":false,"template":"","format":"standard","meta":{"_acf_changed":false,"footnotes":""},"categories":[1469,1822],"tags":[816],"class_list":["post-61825","post","type-post","status-publish","format-standard","has-post-thumbnail","hentry","category-historia-patrimonio","category-jep-es","tag-martinique-es"],"acf":[],"_links":{"self":[{"href":"https:\/\/richeskarayib.com\/es\/wp-json\/wp\/v2\/posts\/61825","targetHints":{"allow":["GET"]}}],"collection":[{"href":"https:\/\/richeskarayib.com\/es\/wp-json\/wp\/v2\/posts"}],"about":[{"href":"https:\/\/richeskarayib.com\/es\/wp-json\/wp\/v2\/types\/post"}],"author":[{"embeddable":true,"href":"https:\/\/richeskarayib.com\/es\/wp-json\/wp\/v2\/users\/662"}],"replies":[{"embeddable":true,"href":"https:\/\/richeskarayib.com\/es\/wp-json\/wp\/v2\/comments?post=61825"}],"version-history":[{"count":0,"href":"https:\/\/richeskarayib.com\/es\/wp-json\/wp\/v2\/posts\/61825\/revisions"}],"wp:featuredmedia":[{"embeddable":true,"href":"https:\/\/richeskarayib.com\/es\/wp-json\/wp\/v2\/media\/61807"}],"wp:attachment":[{"href":"https:\/\/richeskarayib.com\/es\/wp-json\/wp\/v2\/media?parent=61825"}],"wp:term":[{"taxonomy":"category","embeddable":true,"href":"https:\/\/richeskarayib.com\/es\/wp-json\/wp\/v2\/categories?post=61825"},{"taxonomy":"post_tag","embeddable":true,"href":"https:\/\/richeskarayib.com\/es\/wp-json\/wp\/v2\/tags?post=61825"}],"curies":[{"name":"wp","href":"https:\/\/api.w.org\/{rel}","templated":true}]}}