{"id":61926,"date":"2025-09-25T10:06:58","date_gmt":"2025-09-25T14:06:58","guid":{"rendered":"https:\/\/richeskarayib.com\/festival-culinario-y-artistico-de-las-bahamas-2025-cinco-dias-de-arte-y-gastronomia-en-las-bahamas\/"},"modified":"2025-09-25T10:06:59","modified_gmt":"2025-09-25T14:06:59","slug":"festival-culinario-y-artistico-de-las-bahamas-2025-cinco-dias-de-arte-y-gastronomia-en-las-bahamas","status":"publish","type":"post","link":"https:\/\/richeskarayib.com\/es\/festival-culinario-y-artistico-de-las-bahamas-2025-cinco-dias-de-arte-y-gastronomia-en-las-bahamas\/","title":{"rendered":"Festival Culinario y Art\u00edstico de las Bahamas 2025: cinco d\u00edas de arte y gastronom\u00eda en las Bahamas"},"content":{"rendered":"\t\t<div data-elementor-type=\"wp-post\" data-elementor-id=\"61926\" class=\"elementor elementor-61926 elementor-61872\" data-elementor-post-type=\"post\">\n\t\t\t\t\t\t<section class=\"elementor-section elementor-top-section elementor-element elementor-element-7ca7ca1 elementor-section-boxed elementor-section-height-default elementor-section-height-default\" data-id=\"7ca7ca1\" data-element_type=\"section\">\n\t\t\t\t\t\t<div class=\"elementor-container elementor-column-gap-default\">\n\t\t\t\t\t<div class=\"elementor-column elementor-col-100 elementor-top-column elementor-element elementor-element-cbdd002\" data-id=\"cbdd002\" data-element_type=\"column\">\n\t\t\t<div class=\"elementor-widget-wrap elementor-element-populated\">\n\t\t\t\t\t\t<section class=\"elementor-section elementor-inner-section elementor-element elementor-element-bc94849 elementor-section-boxed elementor-section-height-default elementor-section-height-default\" data-id=\"bc94849\" data-element_type=\"section\">\n\t\t\t\t\t\t<div class=\"elementor-container elementor-column-gap-default\">\n\t\t\t\t\t\t<\/div>\n\t\t<\/section>\n\t\t\t\t<section class=\"elementor-section elementor-inner-section elementor-element elementor-element-61571e6 elementor-section-boxed elementor-section-height-default elementor-section-height-default\" data-id=\"61571e6\" data-element_type=\"section\">\n\t\t\t\t\t\t<div class=\"elementor-container elementor-column-gap-default\">\n\t\t\t\t\t\t<\/div>\n\t\t<\/section>\n\t\t\t\t<section class=\"elementor-section elementor-inner-section elementor-element elementor-element-b6262e0 elementor-section-boxed elementor-section-height-default elementor-section-height-default\" data-id=\"b6262e0\" data-element_type=\"section\">\n\t\t\t\t\t\t<div class=\"elementor-container elementor-column-gap-default\">\n\t\t\t\t\t\t<\/div>\n\t\t<\/section>\n\t\t\t\t<section class=\"elementor-section elementor-inner-section elementor-element elementor-element-cca29fd elementor-section-boxed elementor-section-height-default elementor-section-height-default\" data-id=\"cca29fd\" data-element_type=\"section\">\n\t\t\t\t\t\t<div class=\"elementor-container elementor-column-gap-default\">\n\t\t\t\t\t\t<\/div>\n\t\t<\/section>\n\t\t\t\t\t<\/div>\n\t\t<\/div>\n\t\t\t\t\t<\/div>\n\t\t<\/section>\n\t\t\t\t<section class=\"elementor-section elementor-top-section elementor-element elementor-element-1e70931 elementor-section-boxed elementor-section-height-default elementor-section-height-default\" data-id=\"1e70931\" data-element_type=\"section\">\n\t\t\t\t\t\t<div class=\"elementor-container elementor-column-gap-default\">\n\t\t\t\t\t<div class=\"elementor-column elementor-col-100 elementor-top-column elementor-element elementor-element-7596649\" data-id=\"7596649\" data-element_type=\"column\">\n\t\t\t<div class=\"elementor-widget-wrap elementor-element-populated\">\n\t\t\t\t\t\t<div class=\"elementor-element elementor-element-685a662 elementor-widget elementor-widget-text-editor\" data-id=\"685a662\" data-element_type=\"widget\" data-widget_type=\"text-editor.default\">\n\t\t\t\t<div class=\"elementor-widget-container\">\n\t\t\t\t\t\t\t\t\t<p><span style=\"font-weight: 400;\">Del 22 al 26 de octubre de 2025, Nassau ser\u00e1 el epicentro cultural de la regi\u00f3n con el <a href=\"https:\/\/festival.bahamar.com\/festival-events\/\" target=\"_blank\" rel=\"noopener nofollow\">Festival Culinario y Art\u00edstico de las Bahamas<\/a>. Organizado por el complejo Baha Mar, el Festival Culinario y de las Artes de las Bahamas combina la alta cocina, la creatividad art\u00edstica y el patrimonio caribe\u00f1o. Chefs estrella, m\u00fasicos, artesanos y m\u00e1s de 120 artistas de 21 pa\u00edses se dar\u00e1n cita en una edici\u00f3n 2025 que confirma la creciente importancia del Caribe en la escena internacional.  <\/span><\/p>\t\t\t\t\t\t\t\t<\/div>\n\t\t\t\t<\/div>\n\t\t\t\t\t<\/div>\n\t\t<\/div>\n\t\t\t\t\t<\/div>\n\t\t<\/section>\n\t\t\t\t<section class=\"elementor-section elementor-top-section elementor-element elementor-element-6f34adc elementor-section-boxed elementor-section-height-default elementor-section-height-default\" data-id=\"6f34adc\" data-element_type=\"section\">\n\t\t\t\t\t\t<div class=\"elementor-container elementor-column-gap-default\">\n\t\t\t\t\t<div class=\"elementor-column elementor-col-100 elementor-top-column elementor-element elementor-element-787608c\" data-id=\"787608c\" data-element_type=\"column\">\n\t\t\t<div class=\"elementor-widget-wrap elementor-element-populated\">\n\t\t\t\t\t\t<div class=\"elementor-element elementor-element-d1b2db8 elementor-widget elementor-widget-heading\" data-id=\"d1b2db8\" data-element_type=\"widget\" data-widget_type=\"heading.default\">\n\t\t\t\t<div class=\"elementor-widget-container\">\n\t\t\t\t\t<h2 class=\"elementor-heading-title elementor-size-default\">FUZE: El arte caribe\u00f1o en el punto de mira<\/h2>\t\t\t\t<\/div>\n\t\t\t\t<\/div>\n\t\t\t\t<div class=\"elementor-element elementor-element-c5c79cd elementor-widget elementor-widget-text-editor\" data-id=\"c5c79cd\" data-element_type=\"widget\" data-widget_type=\"text-editor.default\">\n\t\t\t\t<div class=\"elementor-widget-container\">\n\t\t\t\t\t\t\t\t\t<h3><b>M\u00e1s de 120 artistas y 21 pa\u00edses representados<\/b><\/h3><p><span style=\"font-weight: 400;\">En el coraz\u00f3n del festival culinario y art\u00edstico de las Bahamas, la <\/span><a href=\"https:\/\/www.instagram.com\/fuzeartfair\/\" target=\"_blank\" rel=\"noopener nofollow\"><b>Feria de Arte Caribe\u00f1o FUZE<\/b><\/a><span style=\"font-weight: 400;\">  presenta su tercera edici\u00f3n. Con el apoyo de Scotiabank, re\u00fane a pintores, escultores, fot\u00f3grafos y artistas de toda la regi\u00f3n. Nombres consagrados como Malene Barnett, Lavar Munroe y Janine Antoni se codear\u00e1n con j\u00f3venes talentos, confirmando a Nassau como centro creativo.  <\/span><\/p>\t\t\t\t\t\t\t\t<\/div>\n\t\t\t\t<\/div>\n\t\t\t\t<div class=\"elementor-element elementor-element-7f7073a elementor-widget elementor-widget-text-editor\" data-id=\"7f7073a\" data-element_type=\"widget\" data-widget_type=\"text-editor.default\">\n\t\t\t\t<div class=\"elementor-widget-container\">\n\t\t\t\t\t\t\t\t\t<h3><b>Talleres y transmisi\u00f3n<\/b><\/h3><p><span style=\"font-weight: 400;\">FUZE no se limita a las exposiciones. Talleres sobre   <\/span><b>Manualidad con paja<\/b><span style=\"font-weight: 400;\">o pintura interactiva (<\/span><b>Sip N Paint<\/b><span style=\"font-weight: 400;\">) ofrecen un di\u00e1logo entre artistas y p\u00fablico. Esta apertura a la transmisi\u00f3n est\u00e1 en el coraz\u00f3n de la misi\u00f3n del festival: hacer ver, pero tambi\u00e9n hacer comprender. En este contexto,    <\/span>El Festival Culinario y Art\u00edstico de las Bahamas<span style=\"font-weight: 400;\"> desempe\u00f1a una funci\u00f3n educativa, tendiendo puentes entre generaciones de artistas y entusiastas de todo el mundo.<\/span><\/p>\t\t\t\t\t\t\t\t<\/div>\n\t\t\t\t<\/div>\n\t\t\t\t<section class=\"elementor-section elementor-inner-section elementor-element elementor-element-2306ca0 elementor-section-boxed elementor-section-height-default elementor-section-height-default\" data-id=\"2306ca0\" data-element_type=\"section\">\n\t\t\t\t\t\t<div class=\"elementor-container elementor-column-gap-default\">\n\t\t\t\t\t<div class=\"elementor-column elementor-col-50 elementor-inner-column elementor-element elementor-element-f0709f8\" data-id=\"f0709f8\" data-element_type=\"column\">\n\t\t\t<div class=\"elementor-widget-wrap elementor-element-populated\">\n\t\t\t\t\t\t<div class=\"elementor-element elementor-element-10b0ed4 elementor-widget elementor-widget-image\" data-id=\"10b0ed4\" data-element_type=\"widget\" data-widget_type=\"image.default\">\n\t\t\t\t<div class=\"elementor-widget-container\">\n\t\t\t\t\t\t\t\t\t\t\t\t<figure class=\"wp-caption\">\n\t\t\t\t\t\t\t\t\t\t<img fetchpriority=\"high\" decoding=\"async\" width=\"800\" height=\"400\" src=\"https:\/\/richeskarayib.com\/wp-content\/uploads\/2025\/09\/\u00a9The-Bahamas-Culinary-Arts-Festival-05.webp\" class=\"attachment-large size-large wp-image-61880\" alt=\"Bahamas culinary and arts festival\" srcset=\"https:\/\/richeskarayib.com\/wp-content\/uploads\/2025\/09\/\u00a9The-Bahamas-Culinary-Arts-Festival-05.webp 800w, https:\/\/richeskarayib.com\/wp-content\/uploads\/2025\/09\/\u00a9The-Bahamas-Culinary-Arts-Festival-05-300x150.webp 300w, https:\/\/richeskarayib.com\/wp-content\/uploads\/2025\/09\/\u00a9The-Bahamas-Culinary-Arts-Festival-05-768x384.webp 768w\" sizes=\"(max-width: 800px) 100vw, 800px\" \/>\t\t\t\t\t\t\t\t\t\t\t<figcaption class=\"widget-image-caption wp-caption-text\">\u00a9The Bahamas Culinary &amp; Arts Festival<\/figcaption>\n\t\t\t\t\t\t\t\t\t\t<\/figure>\n\t\t\t\t\t\t\t\t\t<\/div>\n\t\t\t\t<\/div>\n\t\t\t\t\t<\/div>\n\t\t<\/div>\n\t\t\t\t<div class=\"elementor-column elementor-col-50 elementor-inner-column elementor-element elementor-element-09d06d9\" data-id=\"09d06d9\" data-element_type=\"column\">\n\t\t\t<div class=\"elementor-widget-wrap elementor-element-populated\">\n\t\t\t\t\t\t<div class=\"elementor-element elementor-element-857c9e5 elementor-widget elementor-widget-image\" data-id=\"857c9e5\" data-element_type=\"widget\" data-widget_type=\"image.default\">\n\t\t\t\t<div class=\"elementor-widget-container\">\n\t\t\t\t\t\t\t\t\t\t\t\t<figure class=\"wp-caption\">\n\t\t\t\t\t\t\t\t\t\t<img decoding=\"async\" width=\"800\" height=\"400\" src=\"https:\/\/richeskarayib.com\/wp-content\/uploads\/2025\/09\/\u00a9The-Bahamas-Culinary-Arts-Festival-5.webp\" class=\"attachment-large size-large wp-image-61884\" alt=\"Bahamas culinary and arts festival\" srcset=\"https:\/\/richeskarayib.com\/wp-content\/uploads\/2025\/09\/\u00a9The-Bahamas-Culinary-Arts-Festival-5.webp 800w, https:\/\/richeskarayib.com\/wp-content\/uploads\/2025\/09\/\u00a9The-Bahamas-Culinary-Arts-Festival-5-300x150.webp 300w, https:\/\/richeskarayib.com\/wp-content\/uploads\/2025\/09\/\u00a9The-Bahamas-Culinary-Arts-Festival-5-768x384.webp 768w\" sizes=\"(max-width: 800px) 100vw, 800px\" \/>\t\t\t\t\t\t\t\t\t\t\t<figcaption class=\"widget-image-caption wp-caption-text\">\u00a9The Bahamas Culinary &amp; Arts Festival<\/figcaption>\n\t\t\t\t\t\t\t\t\t\t<\/figure>\n\t\t\t\t\t\t\t\t\t<\/div>\n\t\t\t\t<\/div>\n\t\t\t\t\t<\/div>\n\t\t<\/div>\n\t\t\t\t\t<\/div>\n\t\t<\/section>\n\t\t\t\t<section class=\"elementor-section elementor-inner-section elementor-element elementor-element-a0439d2 elementor-section-boxed elementor-section-height-default elementor-section-height-default\" data-id=\"a0439d2\" data-element_type=\"section\">\n\t\t\t\t\t\t<div class=\"elementor-container elementor-column-gap-default\">\n\t\t\t\t\t<div class=\"elementor-column elementor-col-100 elementor-inner-column elementor-element elementor-element-1c6788f\" data-id=\"1c6788f\" data-element_type=\"column\">\n\t\t\t<div class=\"elementor-widget-wrap elementor-element-populated\">\n\t\t\t\t\t\t<div class=\"elementor-element elementor-element-fc3e94d elementor-widget elementor-widget-image\" data-id=\"fc3e94d\" data-element_type=\"widget\" data-widget_type=\"image.default\">\n\t\t\t\t<div class=\"elementor-widget-container\">\n\t\t\t\t\t\t\t\t\t\t\t\t<figure class=\"wp-caption\">\n\t\t\t\t\t\t\t\t\t\t<img decoding=\"async\" width=\"800\" height=\"400\" src=\"https:\/\/richeskarayib.com\/wp-content\/uploads\/2025\/09\/The-Bahamas-Culinary-Arts-Festival.webp\" class=\"attachment-large size-large wp-image-61888\" alt=\"Bahamas culinary and arts festival\" srcset=\"https:\/\/richeskarayib.com\/wp-content\/uploads\/2025\/09\/The-Bahamas-Culinary-Arts-Festival.webp 800w, https:\/\/richeskarayib.com\/wp-content\/uploads\/2025\/09\/The-Bahamas-Culinary-Arts-Festival-300x150.webp 300w, https:\/\/richeskarayib.com\/wp-content\/uploads\/2025\/09\/The-Bahamas-Culinary-Arts-Festival-768x384.webp 768w\" sizes=\"(max-width: 800px) 100vw, 800px\" \/>\t\t\t\t\t\t\t\t\t\t\t<figcaption class=\"widget-image-caption wp-caption-text\">\u00a9The Bahamas Culinary &amp; Arts Festival<\/figcaption>\n\t\t\t\t\t\t\t\t\t\t<\/figure>\n\t\t\t\t\t\t\t\t\t<\/div>\n\t\t\t\t<\/div>\n\t\t\t\t\t<\/div>\n\t\t<\/div>\n\t\t\t\t\t<\/div>\n\t\t<\/section>\n\t\t\t\t\t<\/div>\n\t\t<\/div>\n\t\t\t\t\t<\/div>\n\t\t<\/section>\n\t\t\t\t<section class=\"elementor-section elementor-top-section elementor-element elementor-element-6df3229 elementor-section-boxed elementor-section-height-default elementor-section-height-default\" data-id=\"6df3229\" data-element_type=\"section\">\n\t\t\t\t\t\t<div class=\"elementor-container elementor-column-gap-default\">\n\t\t\t\t\t<div class=\"elementor-column elementor-col-100 elementor-top-column elementor-element elementor-element-098e8ca\" data-id=\"098e8ca\" data-element_type=\"column\">\n\t\t\t<div class=\"elementor-widget-wrap elementor-element-populated\">\n\t\t\t\t\t\t<div class=\"elementor-element elementor-element-4de16c5 elementor-widget elementor-widget-heading\" data-id=\"4de16c5\" data-element_type=\"widget\" data-widget_type=\"heading.default\">\n\t\t\t\t<div class=\"elementor-widget-container\">\n\t\t\t\t\t<h2 class=\"elementor-heading-title elementor-size-default\">Un prestigioso programa culinario<\/h2>\t\t\t\t<\/div>\n\t\t\t\t<\/div>\n\t\t\t\t<section class=\"elementor-section elementor-inner-section elementor-element elementor-element-8309357 elementor-section-boxed elementor-section-height-default elementor-section-height-default\" data-id=\"8309357\" data-element_type=\"section\">\n\t\t\t\t\t\t<div class=\"elementor-container elementor-column-gap-default\">\n\t\t\t\t\t\t<\/div>\n\t\t<\/section>\n\t\t\t\t<div class=\"elementor-element elementor-element-7e03fa7 elementor-widget elementor-widget-text-editor\" data-id=\"7e03fa7\" data-element_type=\"widget\" data-widget_type=\"text-editor.default\">\n\t\t\t\t<div class=\"elementor-widget-container\">\n\t\t\t\t\t\t\t\t\t<h3><b>Clases magistrales<\/b><\/h3><p><span style=\"font-weight: 400;\">En colaboraci\u00f3n con <\/span><span style=\"font-weight: 400;\">Bon App\u00e9tit<\/span><span style=\"font-weight: 400;\">el festival culinario y art\u00edstico de las Bahamas ofrece una <\/span><b>MasterClass de Cocina<\/b><span style=\"font-weight: 400;\">  en peque\u00f1os grupos. Amanda Freitag introducir\u00e1 a los participantes en el Beef Wellington, Geoffrey Zakarian revisitar\u00e1 la ensalada Ni\u00e7oise, Carla Hall dirigir\u00e1 una sesi\u00f3n sobre la cocina sure\u00f1a americana, mientras que Maneet Chauhan mostrar\u00e1 la comida callejera india. Estos cursos van mucho m\u00e1s all\u00e1 de las simples demostraciones: ofrecen a los participantes la oportunidad de entablar un di\u00e1logo con destacadas personalidades culinarias y comprender la filosof\u00eda que hay detr\u00e1s de cada creaci\u00f3n.  <\/span><\/p>\t\t\t\t\t\t\t\t<\/div>\n\t\t\t\t<\/div>\n\t\t\t\t<section class=\"elementor-section elementor-inner-section elementor-element elementor-element-1e9fc85 elementor-section-boxed elementor-section-height-default elementor-section-height-default\" data-id=\"1e9fc85\" data-element_type=\"section\">\n\t\t\t\t\t\t<div class=\"elementor-container elementor-column-gap-default\">\n\t\t\t\t\t<div class=\"elementor-column elementor-col-33 elementor-inner-column elementor-element elementor-element-15c6ef0\" data-id=\"15c6ef0\" data-element_type=\"column\">\n\t\t\t<div class=\"elementor-widget-wrap elementor-element-populated\">\n\t\t\t\t\t\t<div class=\"elementor-element elementor-element-92566ec elementor-widget elementor-widget-image\" data-id=\"92566ec\" data-element_type=\"widget\" data-widget_type=\"image.default\">\n\t\t\t\t<div class=\"elementor-widget-container\">\n\t\t\t\t\t\t\t\t\t\t\t\t<figure class=\"wp-caption\">\n\t\t\t\t\t\t\t\t\t\t<img loading=\"lazy\" decoding=\"async\" width=\"800\" height=\"400\" src=\"https:\/\/richeskarayib.com\/wp-content\/uploads\/2025\/09\/\u00a9The-Bahamas-Culinary-Arts-Festival-06.webp\" class=\"attachment-large size-large wp-image-61892\" alt=\"Bahamas culinary and arts festival\" srcset=\"https:\/\/richeskarayib.com\/wp-content\/uploads\/2025\/09\/\u00a9The-Bahamas-Culinary-Arts-Festival-06.webp 800w, https:\/\/richeskarayib.com\/wp-content\/uploads\/2025\/09\/\u00a9The-Bahamas-Culinary-Arts-Festival-06-300x150.webp 300w, https:\/\/richeskarayib.com\/wp-content\/uploads\/2025\/09\/\u00a9The-Bahamas-Culinary-Arts-Festival-06-768x384.webp 768w\" sizes=\"(max-width: 800px) 100vw, 800px\" \/>\t\t\t\t\t\t\t\t\t\t\t<figcaption class=\"widget-image-caption wp-caption-text\">\u00a9The Bahamas Culinary &amp; Arts Festival<\/figcaption>\n\t\t\t\t\t\t\t\t\t\t<\/figure>\n\t\t\t\t\t\t\t\t\t<\/div>\n\t\t\t\t<\/div>\n\t\t\t\t\t<\/div>\n\t\t<\/div>\n\t\t\t\t<div class=\"elementor-column elementor-col-33 elementor-inner-column elementor-element elementor-element-258ad73\" data-id=\"258ad73\" data-element_type=\"column\">\n\t\t\t<div class=\"elementor-widget-wrap elementor-element-populated\">\n\t\t\t\t\t\t<div class=\"elementor-element elementor-element-ca76daf elementor-widget elementor-widget-image\" data-id=\"ca76daf\" data-element_type=\"widget\" data-widget_type=\"image.default\">\n\t\t\t\t<div class=\"elementor-widget-container\">\n\t\t\t\t\t\t\t\t\t\t\t\t<figure class=\"wp-caption\">\n\t\t\t\t\t\t\t\t\t\t<img loading=\"lazy\" decoding=\"async\" width=\"800\" height=\"400\" src=\"https:\/\/richeskarayib.com\/wp-content\/uploads\/2025\/09\/\u00a9The-Bahamas-Culinary-Arts-Festival-03.webp\" class=\"attachment-large size-large wp-image-61896\" alt=\"Bahamas culinary and arts festival\" srcset=\"https:\/\/richeskarayib.com\/wp-content\/uploads\/2025\/09\/\u00a9The-Bahamas-Culinary-Arts-Festival-03.webp 800w, https:\/\/richeskarayib.com\/wp-content\/uploads\/2025\/09\/\u00a9The-Bahamas-Culinary-Arts-Festival-03-300x150.webp 300w, https:\/\/richeskarayib.com\/wp-content\/uploads\/2025\/09\/\u00a9The-Bahamas-Culinary-Arts-Festival-03-768x384.webp 768w\" sizes=\"(max-width: 800px) 100vw, 800px\" \/>\t\t\t\t\t\t\t\t\t\t\t<figcaption class=\"widget-image-caption wp-caption-text\">\u00a9The Bahamas Culinary &amp; Arts Festival<\/figcaption>\n\t\t\t\t\t\t\t\t\t\t<\/figure>\n\t\t\t\t\t\t\t\t\t<\/div>\n\t\t\t\t<\/div>\n\t\t\t\t\t<\/div>\n\t\t<\/div>\n\t\t\t\t<div class=\"elementor-column elementor-col-33 elementor-inner-column elementor-element elementor-element-d523717\" data-id=\"d523717\" data-element_type=\"column\">\n\t\t\t<div class=\"elementor-widget-wrap elementor-element-populated\">\n\t\t\t\t\t\t<div class=\"elementor-element elementor-element-08b79c8 elementor-widget elementor-widget-image\" data-id=\"08b79c8\" data-element_type=\"widget\" data-widget_type=\"image.default\">\n\t\t\t\t<div class=\"elementor-widget-container\">\n\t\t\t\t\t\t\t\t\t\t\t\t<figure class=\"wp-caption\">\n\t\t\t\t\t\t\t\t\t\t<img loading=\"lazy\" decoding=\"async\" width=\"800\" height=\"400\" src=\"https:\/\/richeskarayib.com\/wp-content\/uploads\/2025\/09\/\u00a9The-Bahamas-Culinary-Arts-Festival-3.webp\" class=\"attachment-large size-large wp-image-61900\" alt=\"Bahamas culinary and arts festival\" srcset=\"https:\/\/richeskarayib.com\/wp-content\/uploads\/2025\/09\/\u00a9The-Bahamas-Culinary-Arts-Festival-3.webp 800w, https:\/\/richeskarayib.com\/wp-content\/uploads\/2025\/09\/\u00a9The-Bahamas-Culinary-Arts-Festival-3-300x150.webp 300w, https:\/\/richeskarayib.com\/wp-content\/uploads\/2025\/09\/\u00a9The-Bahamas-Culinary-Arts-Festival-3-768x384.webp 768w\" sizes=\"(max-width: 800px) 100vw, 800px\" \/>\t\t\t\t\t\t\t\t\t\t\t<figcaption class=\"widget-image-caption wp-caption-text\">\u00a9The Bahamas Culinary &amp; Arts Festival<\/figcaption>\n\t\t\t\t\t\t\t\t\t\t<\/figure>\n\t\t\t\t\t\t\t\t\t<\/div>\n\t\t\t\t<\/div>\n\t\t\t\t\t<\/div>\n\t\t<\/div>\n\t\t\t\t\t<\/div>\n\t\t<\/section>\n\t\t\t\t<div class=\"elementor-element elementor-element-f456bcf elementor-widget elementor-widget-text-editor\" data-id=\"f456bcf\" data-element_type=\"widget\" data-widget_type=\"text-editor.default\">\n\t\t\t\t<div class=\"elementor-widget-container\">\n\t\t\t\t\t\t\t\t\t<h3><b>Cenas de empresa<\/b><\/h3><p><span style=\"font-weight: 400;\">Cada noche <\/span><b>chefs internacionales y caribe\u00f1os<\/b><span style=\"font-weight: 400;\">  orquestar comidas excepcionales. Daniel Boulud abrir\u00e1 el baile con su   <\/span><b>Cena de la Trufa<\/b><span style=\"font-weight: 400;\"> en Rosewood. Marcus Samuelsson, Scott Conant, Simeon Hall Jr, Dario Cecchini y Geoffrey Zakarian ofrecer\u00e1n nuevas creaciones en los restaurantes insignia del complejo: Carna, Katsuya, Leola, Marcus Up Top y Caf\u00e9 Boulud. Estos hitos culinarios contribuir\u00e1n a reforzar la reputaci\u00f3n de las Bahamas como destino culinario l\u00edder y dar\u00e1n <\/span>al Festival Culinario y de las Artes de las Bahamas<span style=\"font-weight: 400;\"> una dimensi\u00f3n internacional.<\/span><\/p>\t\t\t\t\t\t\t\t<\/div>\n\t\t\t\t<\/div>\n\t\t\t\t<div class=\"elementor-element elementor-element-fa3cc82 elementor-widget elementor-widget-text-editor\" data-id=\"fa3cc82\" data-element_type=\"widget\" data-widget_type=\"text-editor.default\">\n\t\t\t\t<div class=\"elementor-widget-container\">\n\t\t\t\t\t\t\t\t\t<h3><b>Experiencias originales<\/b><\/h3><ul><li style=\"font-weight: 400;\" aria-level=\"1\">&#8211; Brunch Mexicano Tacos y Tequila (s\u00e1bado)<\/li><li style=\"font-weight: 400;\" aria-level=\"1\">&#8211; Cocos y C\u00f3cteles con Samuelsson y Conant (s\u00e1bado)<\/li><li style=\"font-weight: 400;\" aria-level=\"1\">&#8211; Barbacoa del Chef Simeon en Sunset Beach (domingo)<\/li><li style=\"font-weight: 400;\" aria-level=\"1\">&#8211; Sabor a M\u00e9xico como colof\u00f3n del festival<\/li><\/ul><p><span style=\"font-weight: 400;\">Estas experiencias ilustran la diversidad de los formatos que se ofrecen, desde el brunch informal a la cena refinada, al tiempo que ponen de relieve la inventiva de los chefs y la riqueza de las influencias caribe\u00f1as.<\/span><\/p>\t\t\t\t\t\t\t\t<\/div>\n\t\t\t\t<\/div>\n\t\t\t\t<section class=\"elementor-section elementor-inner-section elementor-element elementor-element-97162f9 elementor-section-boxed elementor-section-height-default elementor-section-height-default\" data-id=\"97162f9\" data-element_type=\"section\">\n\t\t\t\t\t\t<div class=\"elementor-container elementor-column-gap-default\">\n\t\t\t\t\t\t<\/div>\n\t\t<\/section>\n\t\t\t\t<section class=\"elementor-section elementor-inner-section elementor-element elementor-element-863f908 elementor-section-boxed elementor-section-height-default elementor-section-height-default\" data-id=\"863f908\" data-element_type=\"section\">\n\t\t\t\t\t\t<div class=\"elementor-container elementor-column-gap-default\">\n\t\t\t\t\t\t<\/div>\n\t\t<\/section>\n\t\t\t\t<section class=\"elementor-section elementor-inner-section elementor-element elementor-element-c85b7dc elementor-section-boxed elementor-section-height-default elementor-section-height-default\" data-id=\"c85b7dc\" data-element_type=\"section\">\n\t\t\t\t\t\t<div class=\"elementor-container elementor-column-gap-default\">\n\t\t\t\t\t\t<\/div>\n\t\t<\/section>\n\t\t\t\t<section class=\"elementor-section elementor-inner-section elementor-element elementor-element-79e2a45 elementor-section-boxed elementor-section-height-default elementor-section-height-default\" data-id=\"79e2a45\" data-element_type=\"section\">\n\t\t\t\t\t\t<div class=\"elementor-container elementor-column-gap-default\">\n\t\t\t\t\t\t<\/div>\n\t\t<\/section>\n\t\t\t\t<section class=\"elementor-section elementor-inner-section elementor-element elementor-element-2acf85e elementor-section-boxed elementor-section-height-default elementor-section-height-default\" data-id=\"2acf85e\" data-element_type=\"section\">\n\t\t\t\t\t\t<div class=\"elementor-container elementor-column-gap-default\">\n\t\t\t\t\t<div class=\"elementor-column elementor-col-33 elementor-inner-column elementor-element elementor-element-4159f99\" data-id=\"4159f99\" data-element_type=\"column\">\n\t\t\t<div class=\"elementor-widget-wrap elementor-element-populated\">\n\t\t\t\t\t\t<div class=\"elementor-element elementor-element-0b2662c elementor-widget elementor-widget-image\" data-id=\"0b2662c\" data-element_type=\"widget\" data-widget_type=\"image.default\">\n\t\t\t\t<div class=\"elementor-widget-container\">\n\t\t\t\t\t\t\t\t\t\t\t\t<figure class=\"wp-caption\">\n\t\t\t\t\t\t\t\t\t\t<img loading=\"lazy\" decoding=\"async\" width=\"800\" height=\"400\" src=\"https:\/\/richeskarayib.com\/wp-content\/uploads\/2025\/09\/\u00a9The-Bahamas-Culinary-Arts-Festival-04.webp\" class=\"attachment-large size-large wp-image-61904\" alt=\"Bahamas culinary and arts festival\" srcset=\"https:\/\/richeskarayib.com\/wp-content\/uploads\/2025\/09\/\u00a9The-Bahamas-Culinary-Arts-Festival-04.webp 800w, https:\/\/richeskarayib.com\/wp-content\/uploads\/2025\/09\/\u00a9The-Bahamas-Culinary-Arts-Festival-04-300x150.webp 300w, https:\/\/richeskarayib.com\/wp-content\/uploads\/2025\/09\/\u00a9The-Bahamas-Culinary-Arts-Festival-04-768x384.webp 768w\" sizes=\"(max-width: 800px) 100vw, 800px\" \/>\t\t\t\t\t\t\t\t\t\t\t<figcaption class=\"widget-image-caption wp-caption-text\">\u00a9The Bahamas Culinary &amp; Arts Festival<\/figcaption>\n\t\t\t\t\t\t\t\t\t\t<\/figure>\n\t\t\t\t\t\t\t\t\t<\/div>\n\t\t\t\t<\/div>\n\t\t\t\t\t<\/div>\n\t\t<\/div>\n\t\t\t\t<div class=\"elementor-column elementor-col-33 elementor-inner-column elementor-element elementor-element-d5a7dd3\" data-id=\"d5a7dd3\" data-element_type=\"column\">\n\t\t\t<div class=\"elementor-widget-wrap elementor-element-populated\">\n\t\t\t\t\t\t<div class=\"elementor-element elementor-element-3ade81c elementor-widget elementor-widget-image\" data-id=\"3ade81c\" data-element_type=\"widget\" data-widget_type=\"image.default\">\n\t\t\t\t<div class=\"elementor-widget-container\">\n\t\t\t\t\t\t\t\t\t\t\t\t<figure class=\"wp-caption\">\n\t\t\t\t\t\t\t\t\t\t<img loading=\"lazy\" decoding=\"async\" width=\"800\" height=\"400\" src=\"https:\/\/richeskarayib.com\/wp-content\/uploads\/2025\/09\/\u00a9The-Bahamas-Culinary-Arts-Festival.webp\" class=\"attachment-large size-large wp-image-61908\" alt=\"Bahamas culinary and arts festival\" srcset=\"https:\/\/richeskarayib.com\/wp-content\/uploads\/2025\/09\/\u00a9The-Bahamas-Culinary-Arts-Festival.webp 800w, https:\/\/richeskarayib.com\/wp-content\/uploads\/2025\/09\/\u00a9The-Bahamas-Culinary-Arts-Festival-300x150.webp 300w, https:\/\/richeskarayib.com\/wp-content\/uploads\/2025\/09\/\u00a9The-Bahamas-Culinary-Arts-Festival-768x384.webp 768w\" sizes=\"(max-width: 800px) 100vw, 800px\" \/>\t\t\t\t\t\t\t\t\t\t\t<figcaption class=\"widget-image-caption wp-caption-text\">\u00a9The Bahamas Culinary &amp; Arts Festival<\/figcaption>\n\t\t\t\t\t\t\t\t\t\t<\/figure>\n\t\t\t\t\t\t\t\t\t<\/div>\n\t\t\t\t<\/div>\n\t\t\t\t\t<\/div>\n\t\t<\/div>\n\t\t\t\t<div class=\"elementor-column elementor-col-33 elementor-inner-column elementor-element elementor-element-fcf3582\" data-id=\"fcf3582\" data-element_type=\"column\">\n\t\t\t<div class=\"elementor-widget-wrap elementor-element-populated\">\n\t\t\t\t\t\t<div class=\"elementor-element elementor-element-feec827 elementor-widget elementor-widget-image\" data-id=\"feec827\" data-element_type=\"widget\" data-widget_type=\"image.default\">\n\t\t\t\t<div class=\"elementor-widget-container\">\n\t\t\t\t\t\t\t\t\t\t\t\t<figure class=\"wp-caption\">\n\t\t\t\t\t\t\t\t\t\t<img loading=\"lazy\" decoding=\"async\" width=\"800\" height=\"400\" src=\"https:\/\/richeskarayib.com\/wp-content\/uploads\/2025\/09\/Chef-Daniel.-\u00a9The-Bahamas-Culinary-Arts-Festival.webp\" class=\"attachment-large size-large wp-image-61912\" alt=\"Bahamas culinary and arts festival\" srcset=\"https:\/\/richeskarayib.com\/wp-content\/uploads\/2025\/09\/Chef-Daniel.-\u00a9The-Bahamas-Culinary-Arts-Festival.webp 800w, https:\/\/richeskarayib.com\/wp-content\/uploads\/2025\/09\/Chef-Daniel.-\u00a9The-Bahamas-Culinary-Arts-Festival-300x150.webp 300w, https:\/\/richeskarayib.com\/wp-content\/uploads\/2025\/09\/Chef-Daniel.-\u00a9The-Bahamas-Culinary-Arts-Festival-768x384.webp 768w\" sizes=\"(max-width: 800px) 100vw, 800px\" \/>\t\t\t\t\t\t\t\t\t\t\t<figcaption class=\"widget-image-caption wp-caption-text\">\u00a9The Bahamas Culinary &amp; Arts Festival<\/figcaption>\n\t\t\t\t\t\t\t\t\t\t<\/figure>\n\t\t\t\t\t\t\t\t\t<\/div>\n\t\t\t\t<\/div>\n\t\t\t\t\t<\/div>\n\t\t<\/div>\n\t\t\t\t\t<\/div>\n\t\t<\/section>\n\t\t\t\t<section class=\"elementor-section elementor-inner-section elementor-element elementor-element-86c7a65 elementor-section-boxed elementor-section-height-default elementor-section-height-default\" data-id=\"86c7a65\" data-element_type=\"section\">\n\t\t\t\t\t\t<div class=\"elementor-container elementor-column-gap-default\">\n\t\t\t\t\t\t<\/div>\n\t\t<\/section>\n\t\t\t\t\t<\/div>\n\t\t<\/div>\n\t\t\t\t\t<\/div>\n\t\t<\/section>\n\t\t\t\t<section class=\"elementor-section elementor-top-section elementor-element elementor-element-379904c elementor-section-boxed elementor-section-height-default elementor-section-height-default\" data-id=\"379904c\" data-element_type=\"section\">\n\t\t\t\t\t\t<div class=\"elementor-container elementor-column-gap-default\">\n\t\t\t\t\t<div class=\"elementor-column elementor-col-100 elementor-top-column elementor-element elementor-element-0f26e48\" data-id=\"0f26e48\" data-element_type=\"column\">\n\t\t\t<div class=\"elementor-widget-wrap elementor-element-populated\">\n\t\t\t\t\t\t<section class=\"elementor-section elementor-inner-section elementor-element elementor-element-06e24fc elementor-section-boxed elementor-section-height-default elementor-section-height-default\" data-id=\"06e24fc\" data-element_type=\"section\">\n\t\t\t\t\t\t<div class=\"elementor-container elementor-column-gap-default\">\n\t\t\t\t\t\t<\/div>\n\t\t<\/section>\n\t\t\t\t<div class=\"elementor-element elementor-element-85d6057 elementor-widget elementor-widget-heading\" data-id=\"85d6057\" data-element_type=\"widget\" data-widget_type=\"heading.default\">\n\t\t\t\t<div class=\"elementor-widget-container\">\n\t\t\t\t\t<h2 class=\"elementor-heading-title elementor-size-default\">Lo m\u00e1s destacado d\u00eda a d\u00eda<\/h2>\t\t\t\t<\/div>\n\t\t\t\t<\/div>\n\t\t\t\t<div class=\"elementor-element elementor-element-859c001 elementor-widget elementor-widget-text-editor\" data-id=\"859c001\" data-element_type=\"widget\" data-widget_type=\"text-editor.default\">\n\t\t\t\t<div class=\"elementor-widget-container\">\n\t\t\t\t\t\t\t\t\t<h3><b>Mi\u00e9rcoles 22 de octubre<\/b><\/h3><ul><li style=\"font-weight: 400;\" aria-level=\"1\">&#8211; <span style=\"font-weight: 400;\"><strong> Inauguraci\u00f3n<\/strong> <\/span>de la Feria de Arte Caribe\u00f1o FUZE<\/li><li style=\"font-weight: 400;\" aria-level=\"1\">&#8211; Cena con trufas de Daniel Boulud<\/li><\/ul><h3><b>Jueves 23 de octubre<\/b><\/h3><ul><li style=\"font-weight: 400;\" aria-level=\"1\">&#8211; T\u00e9 de <b> la tarde <\/b>en la Biblioteca<\/li><li style=\"font-weight: 400;\" aria-level=\"1\">&#8211; Taller de artesan\u00eda con paja<\/li><li style=\"font-weight: 400;\" aria-level=\"1\">&#8211; Hora Feliz con The Essence Band en el Club de Jazz de Jon Batiste<\/li><\/ul>\t\t\t\t\t\t\t\t<\/div>\n\t\t\t\t<\/div>\n\t\t\t\t<div class=\"elementor-element elementor-element-414741a elementor-widget elementor-widget-text-editor\" data-id=\"414741a\" data-element_type=\"widget\" data-widget_type=\"text-editor.default\">\n\t\t\t\t<div class=\"elementor-widget-container\">\n\t\t\t\t\t\t\t\t\t<h3><b>Viernes 24 de octubre<\/b><\/h3><ul><li style=\"font-weight: 400;\" aria-level=\"1\">&#8211; <b> Clase magistral <\/b>Amanda Freitag<\/li><li style=\"font-weight: 400;\" aria-level=\"1\">&#8211; Taller de vertido acr\u00edlico<\/li><li style=\"font-weight: 400;\" aria-level=\"1\">&#8211; Taller de tostadas y totes<\/li><li style=\"font-weight: 400;\" aria-level=\"1\">&#8211; Fiesta de bienvenida<span style=\"font-weight: 400;\"> con concierto de <\/span>Lenny Kravitz<\/li><\/ul><h3><b>S\u00e1bado 25 de octubre<\/b><\/h3><ul><li style=\"font-weight: 400;\" aria-level=\"1\">&#8211; Exposici\u00f3n <b> diaria <\/b><span style=\"font-weight: 400;\"> (de 12 a 18 h)<\/span><\/li><li style=\"font-weight: 400;\" aria-level=\"1\">&#8211; Flamencos y colas de gallo<\/li><li style=\"font-weight: 400;\" aria-level=\"1\">&#8211; Clase magistral de Geoffrey Zakarian<\/li><li style=\"font-weight: 400;\" aria-level=\"1\">&#8211; Sip N Paint<span style=\"font-weight: 400;\"> con John Paul Saddleton<\/span><\/li><li style=\"font-weight: 400;\" aria-level=\"1\">&#8211; Brunch Mexicano Tacos y Tequila<\/li><li style=\"font-weight: 400;\" aria-level=\"1\">&#8211; Mesa del Chef con Dario Cecchini<\/li><li style=\"font-weight: 400;\" aria-level=\"1\">&#8211; Cenas de autor (Katsuya, Caf\u00e9 Boulud, Marcus Up Top, Leola)<\/li><\/ul>\t\t\t\t\t\t\t\t<\/div>\n\t\t\t\t<\/div>\n\t\t\t\t<div class=\"elementor-element elementor-element-2ae8afc elementor-widget elementor-widget-text-editor\" data-id=\"2ae8afc\" data-element_type=\"widget\" data-widget_type=\"text-editor.default\">\n\t\t\t\t<div class=\"elementor-widget-container\">\n\t\t\t\t\t\t\t\t\t<h3><b>Domingo 26 de octubre<\/b><\/h3><ul><li style=\"font-weight: 400;\" aria-level=\"1\">&#8211; <b> Sip<\/b> N Paint<span style=\"font-weight: 400;\"> con June Collie<\/span><\/li><li style=\"font-weight: 400;\" aria-level=\"1\">&#8211; El arte del brunch<span style=\"font-weight: 400;\"> con Carla Hall, Amanda Freitag y Maneet Chauhan<\/span><\/li><li style=\"font-weight: 400;\" aria-level=\"1\">&#8211; Degustando la Toscana<span style=\"font-weight: 400;\"> con Scott Conant<\/span><\/li><li style=\"font-weight: 400;\" aria-level=\"1\">&#8211; Taller de Dibujo de Figuras<\/li><li style=\"font-weight: 400;\" aria-level=\"1\">&#8211; Sushi y Sake<span style=\"font-weight: 400;\"> con Rolando Ordo\u00f1ez<\/span><\/li><li style=\"font-weight: 400;\" aria-level=\"1\">&#8211; Clase magistral Maneet Chauhan<\/li><li style=\"font-weight: 400;\" aria-level=\"1\">&#8211; Barbacoa Sunset Beach del Chef Simeon<\/li><li style=\"font-weight: 400;\" aria-level=\"1\">&#8211; Sabor a M\u00e9xico<\/li><\/ul>\t\t\t\t\t\t\t\t<\/div>\n\t\t\t\t<\/div>\n\t\t\t\t<section class=\"elementor-section elementor-inner-section elementor-element elementor-element-73ffa1e elementor-section-boxed elementor-section-height-default elementor-section-height-default\" data-id=\"73ffa1e\" data-element_type=\"section\">\n\t\t\t\t\t\t<div class=\"elementor-container elementor-column-gap-default\">\n\t\t\t\t\t\t<\/div>\n\t\t<\/section>\n\t\t\t\t\t<\/div>\n\t\t<\/div>\n\t\t\t\t\t<\/div>\n\t\t<\/section>\n\t\t\t\t<section class=\"elementor-section elementor-top-section elementor-element elementor-element-383b273 elementor-section-boxed elementor-section-height-default elementor-section-height-default\" data-id=\"383b273\" data-element_type=\"section\">\n\t\t\t\t\t\t<div class=\"elementor-container elementor-column-gap-default\">\n\t\t\t\t\t<div class=\"elementor-column elementor-col-100 elementor-top-column elementor-element elementor-element-98878ff\" data-id=\"98878ff\" data-element_type=\"column\">\n\t\t\t<div class=\"elementor-widget-wrap elementor-element-populated\">\n\t\t\t\t\t\t<div class=\"elementor-element elementor-element-4919ffd elementor-widget elementor-widget-heading\" data-id=\"4919ffd\" data-element_type=\"widget\" data-widget_type=\"heading.default\">\n\t\t\t\t<div class=\"elementor-widget-container\">\n\t\t\t\t\t<h2 class=\"elementor-heading-title elementor-size-default\">Pases para todos<\/h2>\t\t\t\t<\/div>\n\t\t\t\t<\/div>\n\t\t\t\t<div class=\"elementor-element elementor-element-09e10fe elementor-widget elementor-widget-text-editor\" data-id=\"09e10fe\" data-element_type=\"widget\" data-widget_type=\"text-editor.default\">\n\t\t\t\t<div class=\"elementor-widget-container\">\n\t\t\t\t\t\t\t\t\t<p><span style=\"font-weight: 400;\">El <\/span><b>Pase de fin de semana<\/b><span style=\"font-weight: 400;\">  incluye el acceso a la Expo, FUZE, la Fiesta de Bienvenida y una cena de firma. Tambi\u00e9n hay disponibles entradas a la carta para talleres y cenas espec\u00edficos. La oferta se completa con paquetes que incluyen alojamiento en los tres hoteles del complejo Baha Mar: el Grand Hyatt, el SLS y el Rosewood. Gracias a este paquete     <\/span>El Festival Culinario y Art\u00edstico de las Bahamas<span style=\"font-weight: 400;\"> es accesible tanto para los curiosos como para los entusiastas que deseen sumergirse de lleno en la experiencia.<\/span><\/p>\t\t\t\t\t\t\t\t<\/div>\n\t\t\t\t<\/div>\n\t\t\t\t<section class=\"elementor-section elementor-inner-section elementor-element elementor-element-1677bc9 elementor-section-boxed elementor-section-height-default elementor-section-height-default\" data-id=\"1677bc9\" data-element_type=\"section\">\n\t\t\t\t\t\t<div class=\"elementor-container elementor-column-gap-default\">\n\t\t\t\t\t<div class=\"elementor-column elementor-col-33 elementor-inner-column elementor-element elementor-element-d3dfb06\" data-id=\"d3dfb06\" data-element_type=\"column\">\n\t\t\t<div class=\"elementor-widget-wrap elementor-element-populated\">\n\t\t\t\t\t\t<div class=\"elementor-element elementor-element-be9b60f elementor-widget elementor-widget-image\" data-id=\"be9b60f\" data-element_type=\"widget\" data-widget_type=\"image.default\">\n\t\t\t\t<div class=\"elementor-widget-container\">\n\t\t\t\t\t\t\t\t\t\t\t\t<figure class=\"wp-caption\">\n\t\t\t\t\t\t\t\t\t\t<img loading=\"lazy\" decoding=\"async\" width=\"800\" height=\"400\" src=\"https:\/\/richeskarayib.com\/wp-content\/uploads\/2025\/09\/\u00a9The-Bahamas-Culinary-Arts-Festival-8.webp\" class=\"attachment-large size-large wp-image-61916\" alt=\"Bahamas culinary and arts festival\" srcset=\"https:\/\/richeskarayib.com\/wp-content\/uploads\/2025\/09\/\u00a9The-Bahamas-Culinary-Arts-Festival-8.webp 800w, https:\/\/richeskarayib.com\/wp-content\/uploads\/2025\/09\/\u00a9The-Bahamas-Culinary-Arts-Festival-8-300x150.webp 300w, https:\/\/richeskarayib.com\/wp-content\/uploads\/2025\/09\/\u00a9The-Bahamas-Culinary-Arts-Festival-8-768x384.webp 768w\" sizes=\"(max-width: 800px) 100vw, 800px\" \/>\t\t\t\t\t\t\t\t\t\t\t<figcaption class=\"widget-image-caption wp-caption-text\">\u00a9The Bahamas Culinary &amp; Arts Festival<\/figcaption>\n\t\t\t\t\t\t\t\t\t\t<\/figure>\n\t\t\t\t\t\t\t\t\t<\/div>\n\t\t\t\t<\/div>\n\t\t\t\t\t<\/div>\n\t\t<\/div>\n\t\t\t\t<div class=\"elementor-column elementor-col-33 elementor-inner-column elementor-element elementor-element-cba0af4\" data-id=\"cba0af4\" data-element_type=\"column\">\n\t\t\t<div class=\"elementor-widget-wrap elementor-element-populated\">\n\t\t\t\t\t\t<div class=\"elementor-element elementor-element-42f5226 elementor-widget elementor-widget-image\" data-id=\"42f5226\" data-element_type=\"widget\" data-widget_type=\"image.default\">\n\t\t\t\t<div class=\"elementor-widget-container\">\n\t\t\t\t\t\t\t\t\t\t\t\t<figure class=\"wp-caption\">\n\t\t\t\t\t\t\t\t\t\t<img loading=\"lazy\" decoding=\"async\" width=\"800\" height=\"400\" src=\"https:\/\/richeskarayib.com\/wp-content\/uploads\/2025\/09\/\u00a9The-Bahamas-Culinary-Arts-Festival-02.webp\" class=\"attachment-large size-large wp-image-61920\" alt=\"Bahamas culinary and arts festival\" srcset=\"https:\/\/richeskarayib.com\/wp-content\/uploads\/2025\/09\/\u00a9The-Bahamas-Culinary-Arts-Festival-02.webp 800w, https:\/\/richeskarayib.com\/wp-content\/uploads\/2025\/09\/\u00a9The-Bahamas-Culinary-Arts-Festival-02-300x150.webp 300w, https:\/\/richeskarayib.com\/wp-content\/uploads\/2025\/09\/\u00a9The-Bahamas-Culinary-Arts-Festival-02-768x384.webp 768w\" sizes=\"(max-width: 800px) 100vw, 800px\" \/>\t\t\t\t\t\t\t\t\t\t\t<figcaption class=\"widget-image-caption wp-caption-text\">\u00a9The Bahamas Culinary &amp; Arts Festival<\/figcaption>\n\t\t\t\t\t\t\t\t\t\t<\/figure>\n\t\t\t\t\t\t\t\t\t<\/div>\n\t\t\t\t<\/div>\n\t\t\t\t\t<\/div>\n\t\t<\/div>\n\t\t\t\t<div class=\"elementor-column elementor-col-33 elementor-inner-column elementor-element elementor-element-706055f\" data-id=\"706055f\" data-element_type=\"column\">\n\t\t\t<div class=\"elementor-widget-wrap elementor-element-populated\">\n\t\t\t\t\t\t<div class=\"elementor-element elementor-element-eb80ddb elementor-widget elementor-widget-image\" data-id=\"eb80ddb\" data-element_type=\"widget\" data-widget_type=\"image.default\">\n\t\t\t\t<div class=\"elementor-widget-container\">\n\t\t\t\t\t\t\t\t\t\t\t\t<figure class=\"wp-caption\">\n\t\t\t\t\t\t\t\t\t\t<img loading=\"lazy\" decoding=\"async\" width=\"800\" height=\"400\" src=\"https:\/\/richeskarayib.com\/wp-content\/uploads\/2025\/09\/\u00a9The-Bahamas-Culinary-Arts-Festival-2.webp\" class=\"attachment-large size-large wp-image-61924\" alt=\"\u00a9The Bahamas Culinary &amp; Arts Festival\" srcset=\"https:\/\/richeskarayib.com\/wp-content\/uploads\/2025\/09\/\u00a9The-Bahamas-Culinary-Arts-Festival-2.webp 800w, https:\/\/richeskarayib.com\/wp-content\/uploads\/2025\/09\/\u00a9The-Bahamas-Culinary-Arts-Festival-2-300x150.webp 300w, https:\/\/richeskarayib.com\/wp-content\/uploads\/2025\/09\/\u00a9The-Bahamas-Culinary-Arts-Festival-2-768x384.webp 768w\" sizes=\"(max-width: 800px) 100vw, 800px\" \/>\t\t\t\t\t\t\t\t\t\t\t<figcaption class=\"widget-image-caption wp-caption-text\">\u00a9The Bahamas Culinary &amp; Arts Festival<\/figcaption>\n\t\t\t\t\t\t\t\t\t\t<\/figure>\n\t\t\t\t\t\t\t\t\t<\/div>\n\t\t\t\t<\/div>\n\t\t\t\t\t<\/div>\n\t\t<\/div>\n\t\t\t\t\t<\/div>\n\t\t<\/section>\n\t\t\t\t\t<\/div>\n\t\t<\/div>\n\t\t\t\t\t<\/div>\n\t\t<\/section>\n\t\t\t\t<section class=\"elementor-section elementor-top-section elementor-element elementor-element-5a7397d elementor-section-boxed elementor-section-height-default elementor-section-height-default\" data-id=\"5a7397d\" data-element_type=\"section\">\n\t\t\t\t\t\t<div class=\"elementor-container elementor-column-gap-default\">\n\t\t\t\t\t<div class=\"elementor-column elementor-col-100 elementor-top-column elementor-element elementor-element-8b33b4b\" data-id=\"8b33b4b\" data-element_type=\"column\">\n\t\t\t<div class=\"elementor-widget-wrap elementor-element-populated\">\n\t\t\t\t\t\t<div class=\"elementor-element elementor-element-89dac4b elementor-widget elementor-widget-heading\" data-id=\"89dac4b\" data-element_type=\"widget\" data-widget_type=\"heading.default\">\n\t\t\t\t<div class=\"elementor-widget-container\">\n\t\t\t\t\t<h2 class=\"elementor-heading-title elementor-size-default\">Una palanca econ\u00f3mica y cultural<\/h2>\t\t\t\t<\/div>\n\t\t\t\t<\/div>\n\t\t\t\t<div class=\"elementor-element elementor-element-4fc7069 elementor-widget elementor-widget-text-editor\" data-id=\"4fc7069\" data-element_type=\"widget\" data-widget_type=\"text-editor.default\">\n\t\t\t\t<div class=\"elementor-widget-container\">\n\t\t\t\t\t\t\t\t\t<p><span style=\"font-weight: 400;\">M\u00e1s que un evento, <\/span>el Festival Culinario y Art\u00edstico de las Bahamas<span style=\"font-weight: 400;\">  act\u00faa como palanca estrat\u00e9gica para el turismo y la econom\u00eda creativa del Caribe. Llama la atenci\u00f3n sobre <a href=\"https:\/\/richeskarayib.com\/es\/bahamas-52-anos-de-soberania-juntos-nos-levantamos\/\" target=\"_blank\" rel=\"noopener\">Bahamas<\/a>, potencia el atractivo de la regi\u00f3n como destino tur\u00edstico y crea una aut\u00e9ntica escena art\u00edstica caribe\u00f1a. A trav\u00e9s de la gastronom\u00eda, el arte y la m\u00fasica, Nassau se afirma como un lugar donde se encuentran el pasado, el presente y el futuro.  <\/span><\/p><p><span style=\"font-weight: 400;\">Este equilibrio de excelencia culinaria, florecimiento art\u00edstico y exhibici\u00f3n de las tradiciones bahame\u00f1as sit\u00faa el evento en el centro de los temas contempor\u00e1neos del Caribe. Dando nueva visibilidad al talento local y regional,   <\/span>El Festival Culinario y Art\u00edstico de las<span style=\"font-weight: 400;\"> Bahamas ilustra la capacidad de este pa\u00eds para combinar hospitalidad e innovaci\u00f3n cultural.<\/span><\/p>\t\t\t\t\t\t\t\t<\/div>\n\t\t\t\t<\/div>\n\t\t\t\t\t<\/div>\n\t\t<\/div>\n\t\t\t\t\t<\/div>\n\t\t<\/section>\n\t\t\t\t<section class=\"elementor-section elementor-top-section elementor-element elementor-element-cfbe51a elementor-section-boxed elementor-section-height-default elementor-section-height-default\" data-id=\"cfbe51a\" data-element_type=\"section\">\n\t\t\t\t\t\t<div class=\"elementor-container elementor-column-gap-default\">\n\t\t\t\t\t\t<\/div>\n\t\t<\/section>\n\t\t\t\t<\/div>\n\t\t","protected":false},"excerpt":{"rendered":"<p>Del 22 al 26 de octubre de 2025, Nassau ser\u00e1 el epicentro cultural de la regi\u00f3n con el Festival Culinario y Art\u00edstico de las Bahamas. Organizado por el complejo Baha Mar, el Festival Culinario y de las Artes de las Bahamas combina la alta cocina, la creatividad art\u00edstica y el patrimonio caribe\u00f1o. Chefs estrella, m\u00fasicos, [&hellip;]<\/p>\n","protected":false},"author":662,"featured_media":61876,"comment_status":"open","ping_status":"open","sticky":false,"template":"","format":"standard","meta":{"_acf_changed":false,"footnotes":""},"categories":[1484,1499],"tags":[1674],"class_list":["post-61926","post","type-post","status-publish","format-standard","has-post-thumbnail","hentry","category-arte-culinario","category-gestion-de-eventos","tag-bahamas-es"],"acf":[],"_links":{"self":[{"href":"https:\/\/richeskarayib.com\/es\/wp-json\/wp\/v2\/posts\/61926","targetHints":{"allow":["GET"]}}],"collection":[{"href":"https:\/\/richeskarayib.com\/es\/wp-json\/wp\/v2\/posts"}],"about":[{"href":"https:\/\/richeskarayib.com\/es\/wp-json\/wp\/v2\/types\/post"}],"author":[{"embeddable":true,"href":"https:\/\/richeskarayib.com\/es\/wp-json\/wp\/v2\/users\/662"}],"replies":[{"embeddable":true,"href":"https:\/\/richeskarayib.com\/es\/wp-json\/wp\/v2\/comments?post=61926"}],"version-history":[{"count":0,"href":"https:\/\/richeskarayib.com\/es\/wp-json\/wp\/v2\/posts\/61926\/revisions"}],"wp:featuredmedia":[{"embeddable":true,"href":"https:\/\/richeskarayib.com\/es\/wp-json\/wp\/v2\/media\/61876"}],"wp:attachment":[{"href":"https:\/\/richeskarayib.com\/es\/wp-json\/wp\/v2\/media?parent=61926"}],"wp:term":[{"taxonomy":"category","embeddable":true,"href":"https:\/\/richeskarayib.com\/es\/wp-json\/wp\/v2\/categories?post=61926"},{"taxonomy":"post_tag","embeddable":true,"href":"https:\/\/richeskarayib.com\/es\/wp-json\/wp\/v2\/tags?post=61926"}],"curies":[{"name":"wp","href":"https:\/\/api.w.org\/{rel}","templated":true}]}}