{"id":62457,"date":"2025-10-02T14:06:38","date_gmt":"2025-10-02T18:06:38","guid":{"rendered":"https:\/\/richeskarayib.com\/jep-2025-martinica-en-medio-de-la-calle-patrimonio-modernista\/"},"modified":"2025-10-02T15:19:48","modified_gmt":"2025-10-02T19:19:48","slug":"jep-2025-martinica-en-medio-de-la-calle-patrimonio-modernista","status":"publish","type":"post","link":"https:\/\/richeskarayib.com\/es\/jep-2025-martinica-en-medio-de-la-calle-patrimonio-modernista\/","title":{"rendered":"[JEP 2025] &#8211; Martinica: Un paseo arquitect\u00f3nico modernista por las calles de Fort-de-France por Abit\u00e9"},"content":{"rendered":"\t\t<div data-elementor-type=\"wp-post\" data-elementor-id=\"62457\" class=\"elementor elementor-62457 elementor-62332\" data-elementor-post-type=\"post\">\n\t\t\t\t\t\t<section class=\"elementor-section elementor-top-section elementor-element elementor-element-7ca7ca1 elementor-section-boxed elementor-section-height-default elementor-section-height-default\" data-id=\"7ca7ca1\" data-element_type=\"section\">\n\t\t\t\t\t\t<div class=\"elementor-container elementor-column-gap-default\">\n\t\t\t\t\t<div class=\"elementor-column elementor-col-100 elementor-top-column elementor-element elementor-element-cbdd002\" data-id=\"cbdd002\" data-element_type=\"column\">\n\t\t\t<div class=\"elementor-widget-wrap elementor-element-populated\">\n\t\t\t\t\t\t<section class=\"elementor-section elementor-inner-section elementor-element elementor-element-bc94849 elementor-section-boxed elementor-section-height-default elementor-section-height-default\" data-id=\"bc94849\" data-element_type=\"section\">\n\t\t\t\t\t\t<div class=\"elementor-container elementor-column-gap-default\">\n\t\t\t\t\t\t<\/div>\n\t\t<\/section>\n\t\t\t\t<section class=\"elementor-section elementor-inner-section elementor-element elementor-element-61571e6 elementor-section-boxed elementor-section-height-default elementor-section-height-default\" data-id=\"61571e6\" data-element_type=\"section\">\n\t\t\t\t\t\t<div class=\"elementor-container elementor-column-gap-default\">\n\t\t\t\t\t\t<\/div>\n\t\t<\/section>\n\t\t\t\t<section class=\"elementor-section elementor-inner-section elementor-element elementor-element-b6262e0 elementor-section-boxed elementor-section-height-default elementor-section-height-default\" data-id=\"b6262e0\" data-element_type=\"section\">\n\t\t\t\t\t\t<div class=\"elementor-container elementor-column-gap-default\">\n\t\t\t\t\t\t<\/div>\n\t\t<\/section>\n\t\t\t\t<section class=\"elementor-section elementor-inner-section elementor-element elementor-element-cca29fd elementor-section-boxed elementor-section-height-default elementor-section-height-default\" data-id=\"cca29fd\" data-element_type=\"section\">\n\t\t\t\t\t\t<div class=\"elementor-container elementor-column-gap-default\">\n\t\t\t\t\t\t<\/div>\n\t\t<\/section>\n\t\t\t\t\t<\/div>\n\t\t<\/div>\n\t\t\t\t\t<\/div>\n\t\t<\/section>\n\t\t\t\t<section class=\"elementor-section elementor-top-section elementor-element elementor-element-383b273 elementor-section-boxed elementor-section-height-default elementor-section-height-default\" data-id=\"383b273\" data-element_type=\"section\">\n\t\t\t\t\t\t<div class=\"elementor-container elementor-column-gap-default\">\n\t\t\t\t\t<div class=\"elementor-column elementor-col-100 elementor-top-column elementor-element elementor-element-98878ff\" data-id=\"98878ff\" data-element_type=\"column\">\n\t\t\t<div class=\"elementor-widget-wrap elementor-element-populated\">\n\t\t\t\t\t\t<div class=\"elementor-element elementor-element-636270f elementor-widget elementor-widget-heading\" data-id=\"636270f\" data-element_type=\"widget\" data-widget_type=\"heading.default\">\n\t\t\t\t<div class=\"elementor-widget-container\">\n\t\t\t\t\t<h2 class=\"elementor-heading-title elementor-size-default\">Una visita guiada para redescubrir Fort-de-France<\/h2>\t\t\t\t<\/div>\n\t\t\t\t<\/div>\n\t\t\t\t<div class=\"elementor-element elementor-element-09e10fe elementor-widget elementor-widget-text-editor\" data-id=\"09e10fe\" data-element_type=\"widget\" data-widget_type=\"text-editor.default\">\n\t\t\t\t<div class=\"elementor-widget-container\">\n\t\t\t\t\t\t\t\t\t<p><span style=\"font-weight: 400;\">El s\u00e1bado 20 de septiembre de 2025, en el marco de las <\/span><a href=\"https:\/\/journeesdupatrimoine.culture.gouv.fr\/\" target=\"_blank\" rel=\"noopener nofollow\">\n  <b>Jornadas Europeas del Patrimonio<\/b>\n<\/a><span style=\"font-weight: 400;\">la asociaci\u00f3n <\/span><b>Abit\u0113<\/b><span style=\"font-weight: 400;\"> gui\u00f3 a los visitantes al coraz\u00f3n de Fort-de-France para una visita guiada por el <\/span><a href=\"https:\/\/richeskarayib.com\/es\/?p=62210\" target=\"_blank\" rel=\"noopener\">\n  <b>modernista de la ciudad<\/b>\n<\/a><span style=\"font-weight: 400;\">. Durante m\u00e1s de dos horas, los participantes deambularon por las calles de la capital de Martinica, descubriendo edificios emblem\u00e1ticos del movimiento moderno, entre innovaciones arquitect\u00f3nicas, relatos hist\u00f3ricos y preguntas sobre el futuro de este patrimonio.<\/span><\/p>\t\t\t\t\t\t\t\t<\/div>\n\t\t\t\t<\/div>\n\t\t\t\t<section class=\"elementor-section elementor-inner-section elementor-element elementor-element-65859f2 elementor-section-boxed elementor-section-height-default elementor-section-height-default\" data-id=\"65859f2\" data-element_type=\"section\">\n\t\t\t\t\t\t<div class=\"elementor-container elementor-column-gap-default\">\n\t\t\t\t\t<div class=\"elementor-column elementor-col-50 elementor-inner-column elementor-element elementor-element-7dfc813\" data-id=\"7dfc813\" data-element_type=\"column\">\n\t\t\t<div class=\"elementor-widget-wrap elementor-element-populated\">\n\t\t\t\t\t\t<div class=\"elementor-element elementor-element-531a685 elementor-widget elementor-widget-image\" data-id=\"531a685\" data-element_type=\"widget\" data-widget_type=\"image.default\">\n\t\t\t\t<div class=\"elementor-widget-container\">\n\t\t\t\t\t\t\t\t\t\t\t\t\t\t\t<img fetchpriority=\"high\" decoding=\"async\" width=\"800\" height=\"370\" src=\"https:\/\/richeskarayib.com\/wp-content\/uploads\/2025\/10\/intro-1024x473.jpeg\" class=\"attachment-large size-large wp-image-62392\" alt=\"Journ\u00e9es Europ\u00e9ennes du Patrimoine\" srcset=\"https:\/\/richeskarayib.com\/wp-content\/uploads\/2025\/10\/intro-1024x473.jpeg 1024w, https:\/\/richeskarayib.com\/wp-content\/uploads\/2025\/10\/intro-300x139.jpeg 300w, https:\/\/richeskarayib.com\/wp-content\/uploads\/2025\/10\/intro-768x355.jpeg 768w, https:\/\/richeskarayib.com\/wp-content\/uploads\/2025\/10\/intro-1536x709.jpeg 1536w, https:\/\/richeskarayib.com\/wp-content\/uploads\/2025\/10\/intro-1320x610.jpeg 1320w, https:\/\/richeskarayib.com\/wp-content\/uploads\/2025\/10\/intro.jpeg 1600w\" sizes=\"(max-width: 800px) 100vw, 800px\" \/>\t\t\t\t\t\t\t\t\t\t\t\t\t\t\t<\/div>\n\t\t\t\t<\/div>\n\t\t\t\t\t<\/div>\n\t\t<\/div>\n\t\t\t\t<div class=\"elementor-column elementor-col-50 elementor-inner-column elementor-element elementor-element-f484ada\" data-id=\"f484ada\" data-element_type=\"column\">\n\t\t\t<div class=\"elementor-widget-wrap elementor-element-populated\">\n\t\t\t\t\t\t<div class=\"elementor-element elementor-element-1549d54 elementor-widget elementor-widget-image\" data-id=\"1549d54\" data-element_type=\"widget\" data-widget_type=\"image.default\">\n\t\t\t\t<div class=\"elementor-widget-container\">\n\t\t\t\t\t\t\t\t\t\t\t\t\t\t\t<img decoding=\"async\" width=\"800\" height=\"370\" src=\"https:\/\/richeskarayib.com\/wp-content\/uploads\/2025\/10\/intro-2-1024x473.jpeg\" class=\"attachment-large size-large wp-image-62396\" alt=\"Journ\u00e9es Europ\u00e9ennes du Patrimoine\" srcset=\"https:\/\/richeskarayib.com\/wp-content\/uploads\/2025\/10\/intro-2-1024x473.jpeg 1024w, https:\/\/richeskarayib.com\/wp-content\/uploads\/2025\/10\/intro-2-300x139.jpeg 300w, https:\/\/richeskarayib.com\/wp-content\/uploads\/2025\/10\/intro-2-768x355.jpeg 768w, https:\/\/richeskarayib.com\/wp-content\/uploads\/2025\/10\/intro-2-1536x709.jpeg 1536w, https:\/\/richeskarayib.com\/wp-content\/uploads\/2025\/10\/intro-2-1320x610.jpeg 1320w, https:\/\/richeskarayib.com\/wp-content\/uploads\/2025\/10\/intro-2.jpeg 1600w\" sizes=\"(max-width: 800px) 100vw, 800px\" \/>\t\t\t\t\t\t\t\t\t\t\t\t\t\t\t<\/div>\n\t\t\t\t<\/div>\n\t\t\t\t\t<\/div>\n\t\t<\/div>\n\t\t\t\t\t<\/div>\n\t\t<\/section>\n\t\t\t\t\t<\/div>\n\t\t<\/div>\n\t\t\t\t\t<\/div>\n\t\t<\/section>\n\t\t\t\t<section class=\"elementor-section elementor-top-section elementor-element elementor-element-a6d4222 elementor-section-boxed elementor-section-height-default elementor-section-height-default\" data-id=\"a6d4222\" data-element_type=\"section\">\n\t\t\t\t\t\t<div class=\"elementor-container elementor-column-gap-default\">\n\t\t\t\t\t<div class=\"elementor-column elementor-col-100 elementor-top-column elementor-element elementor-element-ea27f09\" data-id=\"ea27f09\" data-element_type=\"column\">\n\t\t\t<div class=\"elementor-widget-wrap elementor-element-populated\">\n\t\t\t\t\t\t<div class=\"elementor-element elementor-element-122430b elementor-widget elementor-widget-heading\" data-id=\"122430b\" data-element_type=\"widget\" data-widget_type=\"heading.default\">\n\t\t\t\t<div class=\"elementor-widget-container\">\n\t\t\t\t\t<h2 class=\"elementor-heading-title elementor-size-default\">El edificio de las Antillas, de Louis Caillat<\/h2>\t\t\t\t<\/div>\n\t\t\t\t<\/div>\n\t\t\t\t<div class=\"elementor-element elementor-element-8f49c6e elementor-widget elementor-widget-text-editor\" data-id=\"8f49c6e\" data-element_type=\"widget\" data-widget_type=\"text-editor.default\">\n\t\t\t\t<div class=\"elementor-widget-container\">\n\t\t\t\t\t\t\t\t\t<p><span style=\"font-weight: 400;\">La ruta durante las Jornadas Europeas del Patrimonio comienza frente al<\/span><b>Immeuble Antilles<\/b><span style=\"font-weight: 400;\">en el 42-44 de la calle Garnier-Pag\u00e8s. Construido en <\/span><b>1955<\/b><span style=\"font-weight: 400;\"> por el arquitecto <\/span><b>Louis Caillat<\/b><span style=\"font-weight: 400;\"> para el <\/span><b>grupo Monplaisir<\/b><span style=\"font-weight: 400;\">Este complejo de siete plantas fue uno de los primeros edificios residenciales modernos de Martinica.<\/span><\/p>\t\t\t\t\t\t\t\t<\/div>\n\t\t\t\t<\/div>\n\t\t\t\t<div class=\"elementor-element elementor-element-71518c1 elementor-widget elementor-widget-text-editor\" data-id=\"71518c1\" data-element_type=\"widget\" data-widget_type=\"text-editor.default\">\n\t\t\t\t<div class=\"elementor-widget-container\">\n\t\t\t\t\t\t\t\t\t<p><span style=\"font-weight: 400;\">Dise\u00f1ado seg\u00fan los experimentos de <\/span><b>Le Corbusier<\/b><span style=\"font-weight: 400;\">Combina comercios, oficinas y viviendas. Sus dos ascensores, raros en la \u00e9poca, sus pasarelas ventiladas, sus &#8220;verandas&#8221; de entrada y sus parasoles son testimonio de la adaptaci\u00f3n de los principios modernistas al clima tropical. Orientado para captar los vientos alisios, el edificio ofrece ventilaci\u00f3n natural para los pisos y vistas enmarcadas sobre el puerto y la catedral. Un punto culminante de estas Jornadas Europeas del Patrimonio<\/span> <span style=\"font-weight: 400;\">en el coraz\u00f3n de Fort-de-France.<\/span><\/p>\t\t\t\t\t\t\t\t<\/div>\n\t\t\t\t<\/div>\n\t\t\t\t<section class=\"elementor-section elementor-inner-section elementor-element elementor-element-2122e00 elementor-section-boxed elementor-section-height-default elementor-section-height-default\" data-id=\"2122e00\" data-element_type=\"section\">\n\t\t\t\t\t\t<div class=\"elementor-container elementor-column-gap-default\">\n\t\t\t\t\t<div class=\"elementor-column elementor-col-33 elementor-inner-column elementor-element elementor-element-0e2cd01\" data-id=\"0e2cd01\" data-element_type=\"column\">\n\t\t\t<div class=\"elementor-widget-wrap elementor-element-populated\">\n\t\t\t\t\t\t<div class=\"elementor-element elementor-element-9218048 elementor-widget elementor-widget-image\" data-id=\"9218048\" data-element_type=\"widget\" data-widget_type=\"image.default\">\n\t\t\t\t<div class=\"elementor-widget-container\">\n\t\t\t\t\t\t\t\t\t\t\t\t\t\t\t<img decoding=\"async\" width=\"800\" height=\"370\" src=\"https:\/\/richeskarayib.com\/wp-content\/uploads\/2025\/10\/p7-1024x473.jpeg\" class=\"attachment-large size-large wp-image-62439\" alt=\"Journ\u00e9es Europ\u00e9ennes du Patrimoine\" srcset=\"https:\/\/richeskarayib.com\/wp-content\/uploads\/2025\/10\/p7-1024x473.jpeg 1024w, https:\/\/richeskarayib.com\/wp-content\/uploads\/2025\/10\/p7-300x139.jpeg 300w, https:\/\/richeskarayib.com\/wp-content\/uploads\/2025\/10\/p7-768x355.jpeg 768w, https:\/\/richeskarayib.com\/wp-content\/uploads\/2025\/10\/p7-1536x709.jpeg 1536w, https:\/\/richeskarayib.com\/wp-content\/uploads\/2025\/10\/p7-1320x610.jpeg 1320w, https:\/\/richeskarayib.com\/wp-content\/uploads\/2025\/10\/p7.jpeg 1600w\" sizes=\"(max-width: 800px) 100vw, 800px\" \/>\t\t\t\t\t\t\t\t\t\t\t\t\t\t\t<\/div>\n\t\t\t\t<\/div>\n\t\t\t\t\t<\/div>\n\t\t<\/div>\n\t\t\t\t<div class=\"elementor-column elementor-col-33 elementor-inner-column elementor-element elementor-element-0f772d5\" data-id=\"0f772d5\" data-element_type=\"column\">\n\t\t\t<div class=\"elementor-widget-wrap elementor-element-populated\">\n\t\t\t\t\t\t<div class=\"elementor-element elementor-element-f119093 elementor-widget elementor-widget-image\" data-id=\"f119093\" data-element_type=\"widget\" data-widget_type=\"image.default\">\n\t\t\t\t<div class=\"elementor-widget-container\">\n\t\t\t\t\t\t\t\t\t\t\t\t\t\t\t<img loading=\"lazy\" decoding=\"async\" width=\"800\" height=\"370\" src=\"https:\/\/richeskarayib.com\/wp-content\/uploads\/2025\/10\/p4-1024x473.jpeg\" class=\"attachment-large size-large wp-image-62443\" alt=\"Journ\u00e9es Europ\u00e9ennes du Patrimoine\" srcset=\"https:\/\/richeskarayib.com\/wp-content\/uploads\/2025\/10\/p4-1024x473.jpeg 1024w, https:\/\/richeskarayib.com\/wp-content\/uploads\/2025\/10\/p4-300x139.jpeg 300w, https:\/\/richeskarayib.com\/wp-content\/uploads\/2025\/10\/p4-768x355.jpeg 768w, https:\/\/richeskarayib.com\/wp-content\/uploads\/2025\/10\/p4-1536x709.jpeg 1536w, https:\/\/richeskarayib.com\/wp-content\/uploads\/2025\/10\/p4-1320x610.jpeg 1320w, https:\/\/richeskarayib.com\/wp-content\/uploads\/2025\/10\/p4.jpeg 1600w\" sizes=\"(max-width: 800px) 100vw, 800px\" \/>\t\t\t\t\t\t\t\t\t\t\t\t\t\t\t<\/div>\n\t\t\t\t<\/div>\n\t\t\t\t\t<\/div>\n\t\t<\/div>\n\t\t\t\t<div class=\"elementor-column elementor-col-33 elementor-inner-column elementor-element elementor-element-11ff195\" data-id=\"11ff195\" data-element_type=\"column\">\n\t\t\t<div class=\"elementor-widget-wrap elementor-element-populated\">\n\t\t\t\t\t\t<div class=\"elementor-element elementor-element-abdf252 elementor-widget elementor-widget-image\" data-id=\"abdf252\" data-element_type=\"widget\" data-widget_type=\"image.default\">\n\t\t\t\t<div class=\"elementor-widget-container\">\n\t\t\t\t\t\t\t\t\t\t\t\t\t\t\t<img loading=\"lazy\" decoding=\"async\" width=\"800\" height=\"370\" src=\"https:\/\/richeskarayib.com\/wp-content\/uploads\/2025\/10\/p3-1024x473.jpeg\" class=\"attachment-large size-large wp-image-62447\" alt=\"Journ\u00e9es Europ\u00e9ennes du Patrimoine\" srcset=\"https:\/\/richeskarayib.com\/wp-content\/uploads\/2025\/10\/p3-1024x473.jpeg 1024w, https:\/\/richeskarayib.com\/wp-content\/uploads\/2025\/10\/p3-300x139.jpeg 300w, https:\/\/richeskarayib.com\/wp-content\/uploads\/2025\/10\/p3-768x355.jpeg 768w, https:\/\/richeskarayib.com\/wp-content\/uploads\/2025\/10\/p3-1536x709.jpeg 1536w, https:\/\/richeskarayib.com\/wp-content\/uploads\/2025\/10\/p3-1320x610.jpeg 1320w, https:\/\/richeskarayib.com\/wp-content\/uploads\/2025\/10\/p3.jpeg 1600w\" sizes=\"(max-width: 800px) 100vw, 800px\" \/>\t\t\t\t\t\t\t\t\t\t\t\t\t\t\t<\/div>\n\t\t\t\t<\/div>\n\t\t\t\t\t<\/div>\n\t\t<\/div>\n\t\t\t\t\t<\/div>\n\t\t<\/section>\n\t\t\t\t\t<\/div>\n\t\t<\/div>\n\t\t\t\t\t<\/div>\n\t\t<\/section>\n\t\t\t\t<section class=\"elementor-section elementor-top-section elementor-element elementor-element-e1fea79 elementor-section-boxed elementor-section-height-default elementor-section-height-default\" data-id=\"e1fea79\" data-element_type=\"section\">\n\t\t\t\t\t\t<div class=\"elementor-container elementor-column-gap-default\">\n\t\t\t\t\t<div class=\"elementor-column elementor-col-100 elementor-top-column elementor-element elementor-element-6d0be76\" data-id=\"6d0be76\" data-element_type=\"column\">\n\t\t\t<div class=\"elementor-widget-wrap elementor-element-populated\">\n\t\t\t\t\t\t<div class=\"elementor-element elementor-element-a310b25 elementor-widget elementor-widget-heading\" data-id=\"a310b25\" data-element_type=\"widget\" data-widget_type=\"heading.default\">\n\t\t\t\t<div class=\"elementor-widget-container\">\n\t\t\t\t\t<h2 class=\"elementor-heading-title elementor-size-default\">Del BDAF al edificio Merlande: los primeros proyectos atrevidos modernos<\/h2>\t\t\t\t<\/div>\n\t\t\t\t<\/div>\n\t\t\t\t<div class=\"elementor-element elementor-element-bbb62ae elementor-widget elementor-widget-text-editor\" data-id=\"bbb62ae\" data-element_type=\"widget\" data-widget_type=\"text-editor.default\">\n\t\t\t\t<div class=\"elementor-widget-container\">\n\t\t\t\t\t\t\t\t\t<p><span style=\"font-weight: 400;\">A medida que avanzas por la ciudad, tu visita<\/span> <span style=\"font-weight: 400;\">se detiene ante la antigua sede del <\/span><b>Banco de Desarrollo de las Antillas Francesas (BDAF)<\/b><span style=\"font-weight: 400;\">. Construida en 1931 (Banque de la Martinique, m\u00e1s tarde BDAF), se cita a menudo como un ejemplo temprano del modernismo en Fort-de-France, aunque sus fachadas han sufrido varias alteraciones. <\/span> <\/p>\t\t\t\t\t\t\t\t<\/div>\n\t\t\t\t<\/div>\n\t\t\t\t<section class=\"elementor-section elementor-inner-section elementor-element elementor-element-b56e9d2 elementor-section-boxed elementor-section-height-default elementor-section-height-default\" data-id=\"b56e9d2\" data-element_type=\"section\">\n\t\t\t\t\t\t<div class=\"elementor-container elementor-column-gap-default\">\n\t\t\t\t\t<div class=\"elementor-column elementor-col-50 elementor-inner-column elementor-element elementor-element-0735f09\" data-id=\"0735f09\" data-element_type=\"column\">\n\t\t\t<div class=\"elementor-widget-wrap elementor-element-populated\">\n\t\t\t\t\t\t<div class=\"elementor-element elementor-element-18c3286 elementor-widget elementor-widget-image\" data-id=\"18c3286\" data-element_type=\"widget\" data-widget_type=\"image.default\">\n\t\t\t\t<div class=\"elementor-widget-container\">\n\t\t\t\t\t\t\t\t\t\t\t\t\t\t\t<img loading=\"lazy\" decoding=\"async\" width=\"800\" height=\"370\" src=\"https:\/\/richeskarayib.com\/wp-content\/uploads\/2025\/10\/Bdaf-banque-1024x473.jpeg\" class=\"attachment-large size-large wp-image-62336\" alt=\"Journ\u00e9es Europ\u00e9ennes du Patrimoine\" srcset=\"https:\/\/richeskarayib.com\/wp-content\/uploads\/2025\/10\/Bdaf-banque-1024x473.jpeg 1024w, https:\/\/richeskarayib.com\/wp-content\/uploads\/2025\/10\/Bdaf-banque-300x139.jpeg 300w, https:\/\/richeskarayib.com\/wp-content\/uploads\/2025\/10\/Bdaf-banque-768x355.jpeg 768w, https:\/\/richeskarayib.com\/wp-content\/uploads\/2025\/10\/Bdaf-banque-1536x709.jpeg 1536w, https:\/\/richeskarayib.com\/wp-content\/uploads\/2025\/10\/Bdaf-banque-1320x610.jpeg 1320w, https:\/\/richeskarayib.com\/wp-content\/uploads\/2025\/10\/Bdaf-banque.jpeg 1600w\" sizes=\"(max-width: 800px) 100vw, 800px\" \/>\t\t\t\t\t\t\t\t\t\t\t\t\t\t\t<\/div>\n\t\t\t\t<\/div>\n\t\t\t\t\t<\/div>\n\t\t<\/div>\n\t\t\t\t<div class=\"elementor-column elementor-col-50 elementor-inner-column elementor-element elementor-element-bb33712\" data-id=\"bb33712\" data-element_type=\"column\">\n\t\t\t<div class=\"elementor-widget-wrap elementor-element-populated\">\n\t\t\t\t\t\t<div class=\"elementor-element elementor-element-f6a8dd6 elementor-widget elementor-widget-image\" data-id=\"f6a8dd6\" data-element_type=\"widget\" data-widget_type=\"image.default\">\n\t\t\t\t<div class=\"elementor-widget-container\">\n\t\t\t\t\t\t\t\t\t\t\t\t\t\t\t<img loading=\"lazy\" decoding=\"async\" width=\"800\" height=\"370\" src=\"https:\/\/richeskarayib.com\/wp-content\/uploads\/2025\/10\/Bdaf-banque-2-1024x473.jpeg\" class=\"attachment-large size-large wp-image-62340\" alt=\"Journ\u00e9es Europ\u00e9ennes du Patrimoine\" srcset=\"https:\/\/richeskarayib.com\/wp-content\/uploads\/2025\/10\/Bdaf-banque-2-1024x473.jpeg 1024w, https:\/\/richeskarayib.com\/wp-content\/uploads\/2025\/10\/Bdaf-banque-2-300x139.jpeg 300w, https:\/\/richeskarayib.com\/wp-content\/uploads\/2025\/10\/Bdaf-banque-2-768x355.jpeg 768w, https:\/\/richeskarayib.com\/wp-content\/uploads\/2025\/10\/Bdaf-banque-2-1536x709.jpeg 1536w, https:\/\/richeskarayib.com\/wp-content\/uploads\/2025\/10\/Bdaf-banque-2-1320x610.jpeg 1320w, https:\/\/richeskarayib.com\/wp-content\/uploads\/2025\/10\/Bdaf-banque-2.jpeg 1600w\" sizes=\"(max-width: 800px) 100vw, 800px\" \/>\t\t\t\t\t\t\t\t\t\t\t\t\t\t\t<\/div>\n\t\t\t\t<\/div>\n\t\t\t\t\t<\/div>\n\t\t<\/div>\n\t\t\t\t\t<\/div>\n\t\t<\/section>\n\t\t\t\t<div class=\"elementor-element elementor-element-0b4395b elementor-widget elementor-widget-text-editor\" data-id=\"0b4395b\" data-element_type=\"widget\" data-widget_type=\"text-editor.default\">\n\t\t\t\t<div class=\"elementor-widget-container\">\n\t\t\t\t\t\t\t\t\t<p><span style=\"font-weight: 400;\">M\u00e1s adelante, el<\/span><b>Edificio Merlande<\/b><span style=\"font-weight: 400;\"> marca un punto de inflexi\u00f3n comercial. Construido para albergar los grandes almacenes <\/span><b>Au Printemps<\/b><span style=\"font-weight: 400;\">que m\u00e1s tarde se convertir\u00edan en <\/span><b>Galer\u00edas Lafayette<\/b><span style=\"font-weight: 400;\">encarna la aparici\u00f3n de una modernidad urbana centrada en el consumismo. Su azotea, concebida como un espacio utilizable, ilustra la innovaci\u00f3n del modernismo: transformar el tejado en una &#8220;quinta fachada&#8221;. Con este esp\u00edritu, las Jornadas Europeas del Patrimonio nos recordaron la importancia de preservar la memoria comercial de la ciudad.<\/span><\/p>\t\t\t\t\t\t\t\t<\/div>\n\t\t\t\t<\/div>\n\t\t\t\t<section class=\"elementor-section elementor-inner-section elementor-element elementor-element-32eac09 elementor-section-boxed elementor-section-height-default elementor-section-height-default\" data-id=\"32eac09\" data-element_type=\"section\">\n\t\t\t\t\t\t<div class=\"elementor-container elementor-column-gap-default\">\n\t\t\t\t\t<div class=\"elementor-column elementor-col-50 elementor-inner-column elementor-element elementor-element-b7da5e5\" data-id=\"b7da5e5\" data-element_type=\"column\">\n\t\t\t<div class=\"elementor-widget-wrap elementor-element-populated\">\n\t\t\t\t\t\t<div class=\"elementor-element elementor-element-11caf94 elementor-widget elementor-widget-image\" data-id=\"11caf94\" data-element_type=\"widget\" data-widget_type=\"image.default\">\n\t\t\t\t<div class=\"elementor-widget-container\">\n\t\t\t\t\t\t\t\t\t\t\t\t\t\t\t<img loading=\"lazy\" decoding=\"async\" width=\"800\" height=\"370\" src=\"https:\/\/richeskarayib.com\/wp-content\/uploads\/2025\/10\/Centre-commercial-gallerie-lafayette-2-1024x473.jpeg\" class=\"attachment-large size-large wp-image-62348\" alt=\"Journ\u00e9es Europ\u00e9ennes du Patrimoine\" srcset=\"https:\/\/richeskarayib.com\/wp-content\/uploads\/2025\/10\/Centre-commercial-gallerie-lafayette-2-1024x473.jpeg 1024w, https:\/\/richeskarayib.com\/wp-content\/uploads\/2025\/10\/Centre-commercial-gallerie-lafayette-2-300x139.jpeg 300w, https:\/\/richeskarayib.com\/wp-content\/uploads\/2025\/10\/Centre-commercial-gallerie-lafayette-2-768x355.jpeg 768w, https:\/\/richeskarayib.com\/wp-content\/uploads\/2025\/10\/Centre-commercial-gallerie-lafayette-2-1536x709.jpeg 1536w, https:\/\/richeskarayib.com\/wp-content\/uploads\/2025\/10\/Centre-commercial-gallerie-lafayette-2-1320x610.jpeg 1320w, https:\/\/richeskarayib.com\/wp-content\/uploads\/2025\/10\/Centre-commercial-gallerie-lafayette-2.jpeg 1600w\" sizes=\"(max-width: 800px) 100vw, 800px\" \/>\t\t\t\t\t\t\t\t\t\t\t\t\t\t\t<\/div>\n\t\t\t\t<\/div>\n\t\t\t\t\t<\/div>\n\t\t<\/div>\n\t\t\t\t<div class=\"elementor-column elementor-col-50 elementor-inner-column elementor-element elementor-element-415b148\" data-id=\"415b148\" data-element_type=\"column\">\n\t\t\t<div class=\"elementor-widget-wrap elementor-element-populated\">\n\t\t\t\t\t\t<div class=\"elementor-element elementor-element-f1a6f36 elementor-widget elementor-widget-image\" data-id=\"f1a6f36\" data-element_type=\"widget\" data-widget_type=\"image.default\">\n\t\t\t\t<div class=\"elementor-widget-container\">\n\t\t\t\t\t\t\t\t\t\t\t\t\t\t\t<img loading=\"lazy\" decoding=\"async\" width=\"800\" height=\"370\" src=\"https:\/\/richeskarayib.com\/wp-content\/uploads\/2025\/10\/Centre-commercial-gallerie-lafayette-1024x473.jpeg\" class=\"attachment-large size-large wp-image-62344\" alt=\"Journ\u00e9es Europ\u00e9ennes du Patrimoine\" srcset=\"https:\/\/richeskarayib.com\/wp-content\/uploads\/2025\/10\/Centre-commercial-gallerie-lafayette-1024x473.jpeg 1024w, https:\/\/richeskarayib.com\/wp-content\/uploads\/2025\/10\/Centre-commercial-gallerie-lafayette-300x139.jpeg 300w, https:\/\/richeskarayib.com\/wp-content\/uploads\/2025\/10\/Centre-commercial-gallerie-lafayette-768x355.jpeg 768w, https:\/\/richeskarayib.com\/wp-content\/uploads\/2025\/10\/Centre-commercial-gallerie-lafayette-1536x709.jpeg 1536w, https:\/\/richeskarayib.com\/wp-content\/uploads\/2025\/10\/Centre-commercial-gallerie-lafayette-1320x610.jpeg 1320w, https:\/\/richeskarayib.com\/wp-content\/uploads\/2025\/10\/Centre-commercial-gallerie-lafayette.jpeg 1600w\" sizes=\"(max-width: 800px) 100vw, 800px\" \/>\t\t\t\t\t\t\t\t\t\t\t\t\t\t\t<\/div>\n\t\t\t\t<\/div>\n\t\t\t\t\t<\/div>\n\t\t<\/div>\n\t\t\t\t\t<\/div>\n\t\t<\/section>\n\t\t\t\t\t<\/div>\n\t\t<\/div>\n\t\t\t\t\t<\/div>\n\t\t<\/section>\n\t\t\t\t<section class=\"elementor-section elementor-top-section elementor-element elementor-element-ee72354 elementor-section-boxed elementor-section-height-default elementor-section-height-default\" data-id=\"ee72354\" data-element_type=\"section\">\n\t\t\t\t\t\t<div class=\"elementor-container elementor-column-gap-default\">\n\t\t\t\t\t<div class=\"elementor-column elementor-col-100 elementor-top-column elementor-element elementor-element-c59d6fe\" data-id=\"c59d6fe\" data-element_type=\"column\">\n\t\t\t<div class=\"elementor-widget-wrap elementor-element-populated\">\n\t\t\t\t\t\t<div class=\"elementor-element elementor-element-ddc6a1e elementor-widget elementor-widget-heading\" data-id=\"ddc6a1e\" data-element_type=\"widget\" data-widget_type=\"heading.default\">\n\t\t\t\t<div class=\"elementor-widget-container\">\n\t\t\t\t\t<h2 class=\"elementor-heading-title elementor-size-default\">Plein Ciel y fachadas ventiladas<\/h2>\t\t\t\t<\/div>\n\t\t\t\t<\/div>\n\t\t\t\t<div class=\"elementor-element elementor-element-e57451f elementor-widget elementor-widget-text-editor\" data-id=\"e57451f\" data-element_type=\"widget\" data-widget_type=\"text-editor.default\">\n\t\t\t\t<div class=\"elementor-widget-container\">\n\t\t\t\t\t\t\t\t\t<p><span style=\"font-weight: 400;\">L&#8217;<\/span><b>Immeuble Plein Ciel<\/b><span style=\"font-weight: 400;\">en la calle Victor-Sch\u0153lcher es un edificio diferente, con tiendas en la planta baja, un aparcamiento integrado y oficinas y alojamiento en los pisos superiores. Su <\/span><b>brise-soleil<\/b><span style=\"font-weight: 400;\"> protegen la fachada oeste, mientras que el lado que da a la Savane est\u00e1 m\u00e1s cerrado. Da\u00f1ado en el terremoto de 2007, el edificio se reforz\u00f3 con una estructura met\u00e1lica, cambiando su aspecto inicial.<\/span><\/p>\t\t\t\t\t\t\t\t<\/div>\n\t\t\t\t<\/div>\n\t\t\t\t<section class=\"elementor-section elementor-inner-section elementor-element elementor-element-adca97c elementor-section-boxed elementor-section-height-default elementor-section-height-default\" data-id=\"adca97c\" data-element_type=\"section\">\n\t\t\t\t\t\t<div class=\"elementor-container elementor-column-gap-default\">\n\t\t\t\t\t<div class=\"elementor-column elementor-col-100 elementor-inner-column elementor-element elementor-element-7be9471\" data-id=\"7be9471\" data-element_type=\"column\">\n\t\t\t<div class=\"elementor-widget-wrap elementor-element-populated\">\n\t\t\t\t\t\t<div class=\"elementor-element elementor-element-1c6a1d0 elementor-widget elementor-widget-image\" data-id=\"1c6a1d0\" data-element_type=\"widget\" data-widget_type=\"image.default\">\n\t\t\t\t<div class=\"elementor-widget-container\">\n\t\t\t\t\t\t\t\t\t\t\t\t\t\t\t<img loading=\"lazy\" decoding=\"async\" width=\"800\" height=\"370\" src=\"https:\/\/richeskarayib.com\/wp-content\/uploads\/2025\/10\/Immeuble-plein-ciel-1024x473.jpeg\" class=\"attachment-large size-large wp-image-62352\" alt=\"Journ\u00e9es Europ\u00e9ennes du Patrimoine\" srcset=\"https:\/\/richeskarayib.com\/wp-content\/uploads\/2025\/10\/Immeuble-plein-ciel-1024x473.jpeg 1024w, https:\/\/richeskarayib.com\/wp-content\/uploads\/2025\/10\/Immeuble-plein-ciel-300x139.jpeg 300w, https:\/\/richeskarayib.com\/wp-content\/uploads\/2025\/10\/Immeuble-plein-ciel-768x355.jpeg 768w, https:\/\/richeskarayib.com\/wp-content\/uploads\/2025\/10\/Immeuble-plein-ciel-1536x709.jpeg 1536w, https:\/\/richeskarayib.com\/wp-content\/uploads\/2025\/10\/Immeuble-plein-ciel-1320x610.jpeg 1320w, https:\/\/richeskarayib.com\/wp-content\/uploads\/2025\/10\/Immeuble-plein-ciel.jpeg 1600w\" sizes=\"(max-width: 800px) 100vw, 800px\" \/>\t\t\t\t\t\t\t\t\t\t\t\t\t\t\t<\/div>\n\t\t\t\t<\/div>\n\t\t\t\t\t<\/div>\n\t\t<\/div>\n\t\t\t\t\t<\/div>\n\t\t<\/section>\n\t\t\t\t<div class=\"elementor-element elementor-element-8bcd38b elementor-widget elementor-widget-text-editor\" data-id=\"8bcd38b\" data-element_type=\"widget\" data-widget_type=\"text-editor.default\">\n\t\t\t\t<div class=\"elementor-widget-container\">\n\t\t\t\t\t\t\t\t\t<p><span style=\"font-weight: 400;\">Cerca de all\u00ed, otro edificio llama la atenci\u00f3n. Conocido como <\/span><b>Zapatos Mansour<\/b><span style=\"font-weight: 400;\">su fachada est\u00e1 salpicada de relieves de hormig\u00f3n que tambi\u00e9n sirven de <\/span><b>ventilaci\u00f3n natural<\/b><span style=\"font-weight: 400;\">. Las iniciales &#8220;LC&#8221; corresponden al promotor que financi\u00f3 el edificio, no a un arquitecto. Las contraventanas y carpinter\u00edas de madera originales recuerdan la preocupaci\u00f3n por adaptar el modernismo a los recursos locales, un mensaje que las Jornadas Europeas del Patrimonio han querido destacar.<\/span><\/p>\t\t\t\t\t\t\t\t<\/div>\n\t\t\t\t<\/div>\n\t\t\t\t<section class=\"elementor-section elementor-inner-section elementor-element elementor-element-d1d2b1b elementor-section-boxed elementor-section-height-default elementor-section-height-default\" data-id=\"d1d2b1b\" data-element_type=\"section\">\n\t\t\t\t\t\t<div class=\"elementor-container elementor-column-gap-default\">\n\t\t\t\t\t<div class=\"elementor-column elementor-col-50 elementor-inner-column elementor-element elementor-element-56120a9\" data-id=\"56120a9\" data-element_type=\"column\">\n\t\t\t<div class=\"elementor-widget-wrap elementor-element-populated\">\n\t\t\t\t\t\t<div class=\"elementor-element elementor-element-ca4ad53 elementor-widget elementor-widget-image\" data-id=\"ca4ad53\" data-element_type=\"widget\" data-widget_type=\"image.default\">\n\t\t\t\t<div class=\"elementor-widget-container\">\n\t\t\t\t\t\t\t\t\t\t\t\t\t\t\t<img loading=\"lazy\" decoding=\"async\" width=\"800\" height=\"370\" src=\"https:\/\/richeskarayib.com\/wp-content\/uploads\/2025\/10\/Mm-rue-bat-avec-nom-pres-de-mansour-chaussure-1024x473.jpeg\" class=\"attachment-large size-large wp-image-62356\" alt=\"Journ\u00e9es Europ\u00e9ennes du Patrimoine\" srcset=\"https:\/\/richeskarayib.com\/wp-content\/uploads\/2025\/10\/Mm-rue-bat-avec-nom-pres-de-mansour-chaussure-1024x473.jpeg 1024w, https:\/\/richeskarayib.com\/wp-content\/uploads\/2025\/10\/Mm-rue-bat-avec-nom-pres-de-mansour-chaussure-300x139.jpeg 300w, https:\/\/richeskarayib.com\/wp-content\/uploads\/2025\/10\/Mm-rue-bat-avec-nom-pres-de-mansour-chaussure-768x355.jpeg 768w, https:\/\/richeskarayib.com\/wp-content\/uploads\/2025\/10\/Mm-rue-bat-avec-nom-pres-de-mansour-chaussure-1536x709.jpeg 1536w, https:\/\/richeskarayib.com\/wp-content\/uploads\/2025\/10\/Mm-rue-bat-avec-nom-pres-de-mansour-chaussure-1320x610.jpeg 1320w, https:\/\/richeskarayib.com\/wp-content\/uploads\/2025\/10\/Mm-rue-bat-avec-nom-pres-de-mansour-chaussure.jpeg 1600w\" sizes=\"(max-width: 800px) 100vw, 800px\" \/>\t\t\t\t\t\t\t\t\t\t\t\t\t\t\t<\/div>\n\t\t\t\t<\/div>\n\t\t\t\t\t<\/div>\n\t\t<\/div>\n\t\t\t\t<div class=\"elementor-column elementor-col-50 elementor-inner-column elementor-element elementor-element-0835552\" data-id=\"0835552\" data-element_type=\"column\">\n\t\t\t<div class=\"elementor-widget-wrap elementor-element-populated\">\n\t\t\t\t\t\t<div class=\"elementor-element elementor-element-6868240 elementor-widget elementor-widget-image\" data-id=\"6868240\" data-element_type=\"widget\" data-widget_type=\"image.default\">\n\t\t\t\t<div class=\"elementor-widget-container\">\n\t\t\t\t\t\t\t\t\t\t\t\t\t\t\t<img loading=\"lazy\" decoding=\"async\" width=\"800\" height=\"370\" src=\"https:\/\/richeskarayib.com\/wp-content\/uploads\/2025\/10\/Mm-rue-bat-avec-nom-pres-de-mansour-chaussure-1-1024x473.jpeg\" class=\"attachment-large size-large wp-image-62360\" alt=\"Journ\u00e9es Europ\u00e9ennes du Patrimoine\" srcset=\"https:\/\/richeskarayib.com\/wp-content\/uploads\/2025\/10\/Mm-rue-bat-avec-nom-pres-de-mansour-chaussure-1-1024x473.jpeg 1024w, https:\/\/richeskarayib.com\/wp-content\/uploads\/2025\/10\/Mm-rue-bat-avec-nom-pres-de-mansour-chaussure-1-300x139.jpeg 300w, https:\/\/richeskarayib.com\/wp-content\/uploads\/2025\/10\/Mm-rue-bat-avec-nom-pres-de-mansour-chaussure-1-768x355.jpeg 768w, https:\/\/richeskarayib.com\/wp-content\/uploads\/2025\/10\/Mm-rue-bat-avec-nom-pres-de-mansour-chaussure-1-1536x709.jpeg 1536w, https:\/\/richeskarayib.com\/wp-content\/uploads\/2025\/10\/Mm-rue-bat-avec-nom-pres-de-mansour-chaussure-1-1320x610.jpeg 1320w, https:\/\/richeskarayib.com\/wp-content\/uploads\/2025\/10\/Mm-rue-bat-avec-nom-pres-de-mansour-chaussure-1.jpeg 1600w\" sizes=\"(max-width: 800px) 100vw, 800px\" \/>\t\t\t\t\t\t\t\t\t\t\t\t\t\t\t<\/div>\n\t\t\t\t<\/div>\n\t\t\t\t\t<\/div>\n\t\t<\/div>\n\t\t\t\t\t<\/div>\n\t\t<\/section>\n\t\t\t\t\t<\/div>\n\t\t<\/div>\n\t\t\t\t\t<\/div>\n\t\t<\/section>\n\t\t\t\t<section class=\"elementor-section elementor-top-section elementor-element elementor-element-82cd8f9 elementor-section-boxed elementor-section-height-default elementor-section-height-default\" data-id=\"82cd8f9\" data-element_type=\"section\">\n\t\t\t\t\t\t<div class=\"elementor-container elementor-column-gap-default\">\n\t\t\t\t\t<div class=\"elementor-column elementor-col-100 elementor-top-column elementor-element elementor-element-0bfdc38\" data-id=\"0bfdc38\" data-element_type=\"column\">\n\t\t\t<div class=\"elementor-widget-wrap elementor-element-populated\">\n\t\t\t\t\t\t<div class=\"elementor-element elementor-element-7d292fe elementor-widget elementor-widget-heading\" data-id=\"7d292fe\" data-element_type=\"widget\" data-widget_type=\"heading.default\">\n\t\t\t\t<div class=\"elementor-widget-container\">\n\t\t\t\t\t<h2 class=\"elementor-heading-title elementor-size-default\">un raro ejemplo de arquitectura Brutalista<\/h2>\t\t\t\t<\/div>\n\t\t\t\t<\/div>\n\t\t\t\t<div class=\"elementor-element elementor-element-8e337bf elementor-widget elementor-widget-text-editor\" data-id=\"8e337bf\" data-element_type=\"widget\" data-widget_type=\"text-editor.default\">\n\t\t\t\t<div class=\"elementor-widget-container\">\n\t\t\t\t\t\t\t\t\t<p><span style=\"font-weight: 400;\">En la calle Victor-Sch\u0153lcher, el recorrido se detiene ante la <\/span><b>Casa de los Combatientes<\/b><span style=\"font-weight: 400;\">. Construido entre 1970 y 1980, este edificio ilustra la tendencia brutalista <\/span><b>tendencia brutalista<\/b><span style=\"font-weight: 400;\">con su hormig\u00f3n bruto y sus formas macizas. Poco representado en Martinica, este estilo sigue siendo un precioso testimonio de una \u00e9poca arquitect\u00f3nica internacional. El hecho de que se ponga de relieve durante las Jornadas Europeas del Patrimonio subraya hasta qu\u00e9 punto este discreto patrimonio merece ser reconocido.<\/span><\/p>\t\t\t\t\t\t\t\t<\/div>\n\t\t\t\t<\/div>\n\t\t\t\t<section class=\"elementor-section elementor-inner-section elementor-element elementor-element-dd8f2de elementor-section-boxed elementor-section-height-default elementor-section-height-default\" data-id=\"dd8f2de\" data-element_type=\"section\">\n\t\t\t\t\t\t<div class=\"elementor-container elementor-column-gap-default\">\n\t\t\t\t\t<div class=\"elementor-column elementor-col-100 elementor-inner-column elementor-element elementor-element-04298b8\" data-id=\"04298b8\" data-element_type=\"column\">\n\t\t\t<div class=\"elementor-widget-wrap elementor-element-populated\">\n\t\t\t\t\t\t<div class=\"elementor-element elementor-element-3ab8488 elementor-widget elementor-widget-image\" data-id=\"3ab8488\" data-element_type=\"widget\" data-widget_type=\"image.default\">\n\t\t\t\t<div class=\"elementor-widget-container\">\n\t\t\t\t\t\t\t\t\t\t\t\t\t\t\t<img loading=\"lazy\" decoding=\"async\" width=\"800\" height=\"370\" src=\"https:\/\/richeskarayib.com\/wp-content\/uploads\/2025\/10\/La-parenthese-sur-larchitecture-brutaliste-1024x473.jpeg\" class=\"attachment-large size-large wp-image-62403\" alt=\"Journ\u00e9es Europ\u00e9ennes du Patrimoine\" srcset=\"https:\/\/richeskarayib.com\/wp-content\/uploads\/2025\/10\/La-parenthese-sur-larchitecture-brutaliste-1024x473.jpeg 1024w, https:\/\/richeskarayib.com\/wp-content\/uploads\/2025\/10\/La-parenthese-sur-larchitecture-brutaliste-300x139.jpeg 300w, https:\/\/richeskarayib.com\/wp-content\/uploads\/2025\/10\/La-parenthese-sur-larchitecture-brutaliste-768x355.jpeg 768w, https:\/\/richeskarayib.com\/wp-content\/uploads\/2025\/10\/La-parenthese-sur-larchitecture-brutaliste-1536x709.jpeg 1536w, https:\/\/richeskarayib.com\/wp-content\/uploads\/2025\/10\/La-parenthese-sur-larchitecture-brutaliste-1320x610.jpeg 1320w, https:\/\/richeskarayib.com\/wp-content\/uploads\/2025\/10\/La-parenthese-sur-larchitecture-brutaliste.jpeg 1600w\" sizes=\"(max-width: 800px) 100vw, 800px\" \/>\t\t\t\t\t\t\t\t\t\t\t\t\t\t\t<\/div>\n\t\t\t\t<\/div>\n\t\t\t\t\t<\/div>\n\t\t<\/div>\n\t\t\t\t\t<\/div>\n\t\t<\/section>\n\t\t\t\t\t<\/div>\n\t\t<\/div>\n\t\t\t\t\t<\/div>\n\t\t<\/section>\n\t\t\t\t<section class=\"elementor-section elementor-top-section elementor-element elementor-element-f2d455e elementor-section-boxed elementor-section-height-default elementor-section-height-default\" data-id=\"f2d455e\" data-element_type=\"section\">\n\t\t\t\t\t\t<div class=\"elementor-container elementor-column-gap-default\">\n\t\t\t\t\t<div class=\"elementor-column elementor-col-100 elementor-top-column elementor-element elementor-element-51f0844\" data-id=\"51f0844\" data-element_type=\"column\">\n\t\t\t<div class=\"elementor-widget-wrap elementor-element-populated\">\n\t\t\t\t\t\t<div class=\"elementor-element elementor-element-26bc170 elementor-widget elementor-widget-heading\" data-id=\"26bc170\" data-element_type=\"widget\" data-widget_type=\"heading.default\">\n\t\t\t\t<div class=\"elementor-widget-container\">\n\t\t\t\t\t<h2 class=\"elementor-heading-title elementor-size-default\">La Iglesia de Cristo Rey en Bel\u00e9n: fe y modernidad<\/h2>\t\t\t\t<\/div>\n\t\t\t\t<\/div>\n\t\t\t\t<div class=\"elementor-element elementor-element-ac5271b elementor-widget elementor-widget-text-editor\" data-id=\"ac5271b\" data-element_type=\"widget\" data-widget_type=\"text-editor.default\">\n\t\t\t\t<div class=\"elementor-widget-container\">\n\t\t\t\t\t\t\t\t\t<p><span style=\"font-weight: 400;\">L&#8217;<\/span><b>Iglesia de Cristo Rey en Bel\u00e9n<\/b><span style=\"font-weight: 400;\">construida en la d\u00e9cada de 1960 por el arquitecto <\/span><b>Maurice de Lavigne Sainte-Suzanne<\/b><span style=\"font-weight: 400;\">constituye un hito importante. Inspirada en la obra de<\/span><b>Oscar Niemeyer<\/b><span style=\"font-weight: 400;\"> y marcada por las reformas del Concilio Vaticano II, refleja el esp\u00edritu de apertura lit\u00fargica en un estilo arquitect\u00f3nico tropical, con brise-soleils y un juego de luces de colores.<\/span><\/p>\t\t\t\t\t\t\t\t<\/div>\n\t\t\t\t<\/div>\n\t\t\t\t<section class=\"elementor-section elementor-inner-section elementor-element elementor-element-65924c8 elementor-section-boxed elementor-section-height-default elementor-section-height-default\" data-id=\"65924c8\" data-element_type=\"section\">\n\t\t\t\t\t\t<div class=\"elementor-container elementor-column-gap-default\">\n\t\t\t\t\t<div class=\"elementor-column elementor-col-100 elementor-inner-column elementor-element elementor-element-5aa86cd\" data-id=\"5aa86cd\" data-element_type=\"column\">\n\t\t\t<div class=\"elementor-widget-wrap elementor-element-populated\">\n\t\t\t\t\t\t<div class=\"elementor-element elementor-element-14c9c6b elementor-widget elementor-widget-image\" data-id=\"14c9c6b\" data-element_type=\"widget\" data-widget_type=\"image.default\">\n\t\t\t\t<div class=\"elementor-widget-container\">\n\t\t\t\t\t\t\t\t\t\t\t\t\t\t\t<img loading=\"lazy\" decoding=\"async\" width=\"800\" height=\"370\" src=\"https:\/\/richeskarayib.com\/wp-content\/uploads\/2025\/10\/L-eglise-1024x473.jpeg\" class=\"attachment-large size-large wp-image-62364\" alt=\"Journ\u00e9es Europ\u00e9ennes du Patrimoine\" srcset=\"https:\/\/richeskarayib.com\/wp-content\/uploads\/2025\/10\/L-eglise-1024x473.jpeg 1024w, https:\/\/richeskarayib.com\/wp-content\/uploads\/2025\/10\/L-eglise-300x139.jpeg 300w, https:\/\/richeskarayib.com\/wp-content\/uploads\/2025\/10\/L-eglise-768x355.jpeg 768w, https:\/\/richeskarayib.com\/wp-content\/uploads\/2025\/10\/L-eglise-1536x709.jpeg 1536w, https:\/\/richeskarayib.com\/wp-content\/uploads\/2025\/10\/L-eglise-1320x610.jpeg 1320w, https:\/\/richeskarayib.com\/wp-content\/uploads\/2025\/10\/L-eglise.jpeg 1600w\" sizes=\"(max-width: 800px) 100vw, 800px\" \/>\t\t\t\t\t\t\t\t\t\t\t\t\t\t\t<\/div>\n\t\t\t\t<\/div>\n\t\t\t\t\t<\/div>\n\t\t<\/div>\n\t\t\t\t\t<\/div>\n\t\t<\/section>\n\t\t\t\t<div class=\"elementor-element elementor-element-6c084fa elementor-widget elementor-widget-text-editor\" data-id=\"6c084fa\" data-element_type=\"widget\" data-widget_type=\"text-editor.default\">\n\t\t\t\t<div class=\"elementor-widget-container\">\n\t\t\t\t\t\t\t\t\t<p><span style=\"font-weight: 400;\">Aunque las reformas recientes, como las miniferias y los cierres a\u00f1adidos en los a\u00f1os 90, han alterado su pureza original, la iglesia sigue siendo una joya del modernismo religioso de Martinica. La presentaci\u00f3n de la iglesia durante las Jornadas Europeas del Patrimonio suscit\u00f3 un gran inter\u00e9s entre los visitantes. <\/span><\/p>\t\t\t\t\t\t\t\t<\/div>\n\t\t\t\t<\/div>\n\t\t\t\t<div class=\"elementor-element elementor-element-8774b04 elementor-widget elementor-widget-text-editor\" data-id=\"8774b04\" data-element_type=\"widget\" data-widget_type=\"text-editor.default\">\n\t\t\t\t<div class=\"elementor-widget-container\">\n\t\t\t\t\t\t\t\t\t<p>Justo al lado, la Mutualit\u00e9 tambi\u00e9n llama la atenci\u00f3n. Este edificio, marcado por las influencias del art d\u00e9co y el modernismo, es un ejemplo de edificio social emblem\u00e1tico de los a\u00f1os 50, concebido para encarnar la solidaridad y el progreso. <\/p>\t\t\t\t\t\t\t\t<\/div>\n\t\t\t\t<\/div>\n\t\t\t\t<section class=\"elementor-section elementor-inner-section elementor-element elementor-element-8c5d5c8 elementor-section-boxed elementor-section-height-default elementor-section-height-default\" data-id=\"8c5d5c8\" data-element_type=\"section\">\n\t\t\t\t\t\t<div class=\"elementor-container elementor-column-gap-default\">\n\t\t\t\t\t<div class=\"elementor-column elementor-col-100 elementor-inner-column elementor-element elementor-element-7b744e9\" data-id=\"7b744e9\" data-element_type=\"column\">\n\t\t\t<div class=\"elementor-widget-wrap elementor-element-populated\">\n\t\t\t\t\t\t<div class=\"elementor-element elementor-element-58d5cf5 elementor-widget elementor-widget-image\" data-id=\"58d5cf5\" data-element_type=\"widget\" data-widget_type=\"image.default\">\n\t\t\t\t<div class=\"elementor-widget-container\">\n\t\t\t\t\t\t\t\t\t\t\t\t\t\t\t<img loading=\"lazy\" decoding=\"async\" width=\"800\" height=\"370\" src=\"https:\/\/richeskarayib.com\/wp-content\/uploads\/2025\/10\/La-mutualite-1024x473.jpeg\" class=\"attachment-large size-large wp-image-62407\" alt=\"Journ\u00e9es Europ\u00e9ennes du Patrimoine\" srcset=\"https:\/\/richeskarayib.com\/wp-content\/uploads\/2025\/10\/La-mutualite-1024x473.jpeg 1024w, https:\/\/richeskarayib.com\/wp-content\/uploads\/2025\/10\/La-mutualite-300x139.jpeg 300w, https:\/\/richeskarayib.com\/wp-content\/uploads\/2025\/10\/La-mutualite-768x355.jpeg 768w, https:\/\/richeskarayib.com\/wp-content\/uploads\/2025\/10\/La-mutualite-1536x709.jpeg 1536w, https:\/\/richeskarayib.com\/wp-content\/uploads\/2025\/10\/La-mutualite-1320x610.jpeg 1320w, https:\/\/richeskarayib.com\/wp-content\/uploads\/2025\/10\/La-mutualite.jpeg 1600w\" sizes=\"(max-width: 800px) 100vw, 800px\" \/>\t\t\t\t\t\t\t\t\t\t\t\t\t\t\t<\/div>\n\t\t\t\t<\/div>\n\t\t\t\t\t<\/div>\n\t\t<\/div>\n\t\t\t\t\t<\/div>\n\t\t<\/section>\n\t\t\t\t\t<\/div>\n\t\t<\/div>\n\t\t\t\t\t<\/div>\n\t\t<\/section>\n\t\t\t\t<section class=\"elementor-section elementor-top-section elementor-element elementor-element-ae5eb8f elementor-section-boxed elementor-section-height-default elementor-section-height-default\" data-id=\"ae5eb8f\" data-element_type=\"section\">\n\t\t\t\t\t\t<div class=\"elementor-container elementor-column-gap-default\">\n\t\t\t\t\t<div class=\"elementor-column elementor-col-100 elementor-top-column elementor-element elementor-element-4378212\" data-id=\"4378212\" data-element_type=\"column\">\n\t\t\t<div class=\"elementor-widget-wrap elementor-element-populated\">\n\t\t\t\t\t\t<div class=\"elementor-element elementor-element-3ec22da elementor-widget elementor-widget-heading\" data-id=\"3ec22da\" data-element_type=\"widget\" data-widget_type=\"heading.default\">\n\t\t\t\t<div class=\"elementor-widget-container\">\n\t\t\t\t\t<h2 class=\"elementor-heading-title elementor-size-default\">La Rotonde y el H\u00f4tel Imp\u00e9ratrice: dos s\u00edmbolos frente a frente<\/h2>\t\t\t\t<\/div>\n\t\t\t\t<\/div>\n\t\t\t\t<div class=\"elementor-element elementor-element-8f490be elementor-widget elementor-widget-text-editor\" data-id=\"8f490be\" data-element_type=\"widget\" data-widget_type=\"text-editor.default\">\n\t\t\t\t<div class=\"elementor-widget-container\">\n\t\t\t\t\t\t\t\t\t<p><span style=\"font-weight: 400;\">A lo largo de la rue de la Libert\u00e9, el recorrido se detiene delante de <\/span><b>La Rotonde<\/b><span style=\"font-weight: 400;\">. Dise\u00f1ada por <\/span><b>Louis Caillat<\/b><span style=\"font-weight: 400;\"> en 1942, este edificio de oficinas ha sido completamente renovado para convertirse en la sede del Cr\u00e9dit Agricole. Bajo la direcci\u00f3n del arquitecto <\/span><b>Bernard Leclercq<\/b><span style=\"font-weight: 400;\">la estructura se reconstruy\u00f3 de forma id\u00e9ntica y se levant\u00f3. Este proyecto se presenta como un modelo: conservar los cimientos y adaptar en lugar de demoler.<\/span><\/p>\t\t\t\t\t\t\t\t<\/div>\n\t\t\t\t<\/div>\n\t\t\t\t<section class=\"elementor-section elementor-inner-section elementor-element elementor-element-4f01db9 elementor-section-boxed elementor-section-height-default elementor-section-height-default\" data-id=\"4f01db9\" data-element_type=\"section\">\n\t\t\t\t\t\t<div class=\"elementor-container elementor-column-gap-default\">\n\t\t\t\t\t<div class=\"elementor-column elementor-col-100 elementor-inner-column elementor-element elementor-element-d811096\" data-id=\"d811096\" data-element_type=\"column\">\n\t\t\t<div class=\"elementor-widget-wrap elementor-element-populated\">\n\t\t\t\t\t\t<div class=\"elementor-element elementor-element-71fc72d elementor-widget elementor-widget-image\" data-id=\"71fc72d\" data-element_type=\"widget\" data-widget_type=\"image.default\">\n\t\t\t\t<div class=\"elementor-widget-container\">\n\t\t\t\t\t\t\t\t\t\t\t\t\t\t\t<img loading=\"lazy\" decoding=\"async\" width=\"800\" height=\"370\" src=\"https:\/\/richeskarayib.com\/wp-content\/uploads\/2025\/10\/WhatsApp-Image-2025-10-02-a-20.36.37_4f99f0f8-1024x473.jpg\" class=\"attachment-large size-large wp-image-62455\" alt=\"Journ\u00e9es Europ\u00e9ennes du Patrimoine\" srcset=\"https:\/\/richeskarayib.com\/wp-content\/uploads\/2025\/10\/WhatsApp-Image-2025-10-02-a-20.36.37_4f99f0f8-1024x473.jpg 1024w, https:\/\/richeskarayib.com\/wp-content\/uploads\/2025\/10\/WhatsApp-Image-2025-10-02-a-20.36.37_4f99f0f8-300x139.jpg 300w, https:\/\/richeskarayib.com\/wp-content\/uploads\/2025\/10\/WhatsApp-Image-2025-10-02-a-20.36.37_4f99f0f8-768x355.jpg 768w, https:\/\/richeskarayib.com\/wp-content\/uploads\/2025\/10\/WhatsApp-Image-2025-10-02-a-20.36.37_4f99f0f8-1536x709.jpg 1536w, https:\/\/richeskarayib.com\/wp-content\/uploads\/2025\/10\/WhatsApp-Image-2025-10-02-a-20.36.37_4f99f0f8-1320x610.jpg 1320w, https:\/\/richeskarayib.com\/wp-content\/uploads\/2025\/10\/WhatsApp-Image-2025-10-02-a-20.36.37_4f99f0f8.jpg 1600w\" sizes=\"(max-width: 800px) 100vw, 800px\" \/>\t\t\t\t\t\t\t\t\t\t\t\t\t\t\t<\/div>\n\t\t\t\t<\/div>\n\t\t\t\t\t<\/div>\n\t\t<\/div>\n\t\t\t\t\t<\/div>\n\t\t<\/section>\n\t\t\t\t<div class=\"elementor-element elementor-element-d69f9c5 elementor-widget elementor-widget-text-editor\" data-id=\"d69f9c5\" data-element_type=\"widget\" data-widget_type=\"text-editor.default\">\n\t\t\t\t<div class=\"elementor-widget-container\">\n\t\t\t\t\t\t\t\t\t<p><span style=\"font-weight: 400;\">Un poco m\u00e1s lejos, el<\/span><b>Hotel Imp\u00e9ratrice<\/b><span style=\"font-weight: 400;\">construido entre 1940 y 1950 por la <\/span><b>familia Glaudon<\/b><span style=\"font-weight: 400;\">es un ejemplo de modernismo costero. Sus amplias terrazas sobre el mar, sus balcones y su ventilaci\u00f3n natural recuerdan la \u00e9poca dorada del turismo caribe\u00f1o. En el marco de las Jornadas Europeas del Patrimonio, este monumento se consider\u00f3 un s\u00edmbolo de la apertura de Fort-de-France al mundo.<\/span><\/p>\t\t\t\t\t\t\t\t<\/div>\n\t\t\t\t<\/div>\n\t\t\t\t\t<\/div>\n\t\t<\/div>\n\t\t\t\t\t<\/div>\n\t\t<\/section>\n\t\t\t\t<section class=\"elementor-section elementor-top-section elementor-element elementor-element-bb59b54 elementor-section-boxed elementor-section-height-default elementor-section-height-default\" data-id=\"bb59b54\" data-element_type=\"section\">\n\t\t\t\t\t\t<div class=\"elementor-container elementor-column-gap-default\">\n\t\t\t\t\t<div class=\"elementor-column elementor-col-100 elementor-top-column elementor-element elementor-element-3a7fa90\" data-id=\"3a7fa90\" data-element_type=\"column\">\n\t\t\t<div class=\"elementor-widget-wrap elementor-element-populated\">\n\t\t\t\t\t\t<div class=\"elementor-element elementor-element-13a5ed2 elementor-widget elementor-widget-heading\" data-id=\"13a5ed2\" data-element_type=\"widget\" data-widget_type=\"heading.default\">\n\t\t\t\t<div class=\"elementor-widget-container\">\n\t\t\t\t\t<h2 class=\"elementor-heading-title elementor-size-default\">Las oficinas del Departamento Mar\u00edtimo y de la Autoridad Territorial de Martinica en Fort-de-France<\/h2>\t\t\t\t<\/div>\n\t\t\t\t<\/div>\n\t\t\t\t<div class=\"elementor-element elementor-element-05b0ba5 elementor-widget elementor-widget-text-editor\" data-id=\"05b0ba5\" data-element_type=\"widget\" data-widget_type=\"text-editor.default\">\n\t\t\t\t<div class=\"elementor-widget-container\">\n\t\t\t\t\t\t\t\t\t<p>La gu\u00eda hizo hincapi\u00e9 en el papel del hormig\u00f3n en el urbanismo caribe\u00f1o: un material que ha permitido una aut\u00e9ntica revoluci\u00f3n de la construcci\u00f3n, pero tambi\u00e9n una importante fuente de emisiones de CO\u2082. Esta parada sirvi\u00f3 para recordar la necesidad, hoy en d\u00eda, de diversificar los materiales, de integrar en mayor medida la madera y el metal, y de dise\u00f1ar una ciudad m\u00e1s sostenible y respetuosa con su entorno. <\/p>\t\t\t\t\t\t\t\t<\/div>\n\t\t\t\t<\/div>\n\t\t\t\t<section class=\"elementor-section elementor-inner-section elementor-element elementor-element-a36e055 elementor-section-boxed elementor-section-height-default elementor-section-height-default\" data-id=\"a36e055\" data-element_type=\"section\">\n\t\t\t\t\t\t<div class=\"elementor-container elementor-column-gap-default\">\n\t\t\t\t\t<div class=\"elementor-column elementor-col-50 elementor-inner-column elementor-element elementor-element-0cd5576\" data-id=\"0cd5576\" data-element_type=\"column\">\n\t\t\t<div class=\"elementor-widget-wrap elementor-element-populated\">\n\t\t\t\t\t\t<div class=\"elementor-element elementor-element-993b59a elementor-widget elementor-widget-image\" data-id=\"993b59a\" data-element_type=\"widget\" data-widget_type=\"image.default\">\n\t\t\t\t<div class=\"elementor-widget-container\">\n\t\t\t\t\t\t\t\t\t\t\t\t\t\t\t<img loading=\"lazy\" decoding=\"async\" width=\"800\" height=\"370\" src=\"https:\/\/richeskarayib.com\/wp-content\/uploads\/2025\/10\/direction-de-la-mer-et-region-1024x473.jpeg\" class=\"attachment-large size-large wp-image-62431\" alt=\"Journ\u00e9es Europ\u00e9ennes du Patrimoine\" srcset=\"https:\/\/richeskarayib.com\/wp-content\/uploads\/2025\/10\/direction-de-la-mer-et-region-1024x473.jpeg 1024w, https:\/\/richeskarayib.com\/wp-content\/uploads\/2025\/10\/direction-de-la-mer-et-region-300x139.jpeg 300w, https:\/\/richeskarayib.com\/wp-content\/uploads\/2025\/10\/direction-de-la-mer-et-region-768x355.jpeg 768w, https:\/\/richeskarayib.com\/wp-content\/uploads\/2025\/10\/direction-de-la-mer-et-region-1536x709.jpeg 1536w, https:\/\/richeskarayib.com\/wp-content\/uploads\/2025\/10\/direction-de-la-mer-et-region-1320x610.jpeg 1320w, https:\/\/richeskarayib.com\/wp-content\/uploads\/2025\/10\/direction-de-la-mer-et-region.jpeg 1600w\" sizes=\"(max-width: 800px) 100vw, 800px\" \/>\t\t\t\t\t\t\t\t\t\t\t\t\t\t\t<\/div>\n\t\t\t\t<\/div>\n\t\t\t\t\t<\/div>\n\t\t<\/div>\n\t\t\t\t<div class=\"elementor-column elementor-col-50 elementor-inner-column elementor-element elementor-element-541c986\" data-id=\"541c986\" data-element_type=\"column\">\n\t\t\t<div class=\"elementor-widget-wrap elementor-element-populated\">\n\t\t\t\t\t\t<div class=\"elementor-element elementor-element-267bcbc elementor-widget elementor-widget-image\" data-id=\"267bcbc\" data-element_type=\"widget\" data-widget_type=\"image.default\">\n\t\t\t\t<div class=\"elementor-widget-container\">\n\t\t\t\t\t\t\t\t\t\t\t\t\t\t\t<img loading=\"lazy\" decoding=\"async\" width=\"800\" height=\"370\" src=\"https:\/\/richeskarayib.com\/wp-content\/uploads\/2025\/10\/direction-de-la-mer-et-region-2-1024x473.jpeg\" class=\"attachment-large size-large wp-image-62435\" alt=\"Journ\u00e9es Europ\u00e9ennes du Patrimoine\" srcset=\"https:\/\/richeskarayib.com\/wp-content\/uploads\/2025\/10\/direction-de-la-mer-et-region-2-1024x473.jpeg 1024w, https:\/\/richeskarayib.com\/wp-content\/uploads\/2025\/10\/direction-de-la-mer-et-region-2-300x139.jpeg 300w, https:\/\/richeskarayib.com\/wp-content\/uploads\/2025\/10\/direction-de-la-mer-et-region-2-768x355.jpeg 768w, https:\/\/richeskarayib.com\/wp-content\/uploads\/2025\/10\/direction-de-la-mer-et-region-2-1536x709.jpeg 1536w, https:\/\/richeskarayib.com\/wp-content\/uploads\/2025\/10\/direction-de-la-mer-et-region-2-1320x610.jpeg 1320w, https:\/\/richeskarayib.com\/wp-content\/uploads\/2025\/10\/direction-de-la-mer-et-region-2.jpeg 1600w\" sizes=\"(max-width: 800px) 100vw, 800px\" \/>\t\t\t\t\t\t\t\t\t\t\t\t\t\t\t<\/div>\n\t\t\t\t<\/div>\n\t\t\t\t\t<\/div>\n\t\t<\/div>\n\t\t\t\t\t<\/div>\n\t\t<\/section>\n\t\t\t\t\t<\/div>\n\t\t<\/div>\n\t\t\t\t\t<\/div>\n\t\t<\/section>\n\t\t\t\t<section class=\"elementor-section elementor-top-section elementor-element elementor-element-28ba129 elementor-section-boxed elementor-section-height-default elementor-section-height-default\" data-id=\"28ba129\" data-element_type=\"section\">\n\t\t\t\t\t\t<div class=\"elementor-container elementor-column-gap-default\">\n\t\t\t\t\t<div class=\"elementor-column elementor-col-100 elementor-top-column elementor-element elementor-element-a342527\" data-id=\"a342527\" data-element_type=\"column\">\n\t\t\t<div class=\"elementor-widget-wrap elementor-element-populated\">\n\t\t\t\t\t\t<div class=\"elementor-element elementor-element-547171b elementor-widget elementor-widget-heading\" data-id=\"547171b\" data-element_type=\"widget\" data-widget_type=\"heading.default\">\n\t\t\t\t<div class=\"elementor-widget-container\">\n\t\t\t\t\t<h2 class=\"elementor-heading-title elementor-size-default\">La antigua Oficina de Correos: un gigante en espera<\/h2>\t\t\t\t<\/div>\n\t\t\t\t<\/div>\n\t\t\t\t<section class=\"elementor-section elementor-inner-section elementor-element elementor-element-233ac0a elementor-section-boxed elementor-section-height-default elementor-section-height-default\" data-id=\"233ac0a\" data-element_type=\"section\">\n\t\t\t\t\t\t<div class=\"elementor-container elementor-column-gap-default\">\n\t\t\t\t\t<div class=\"elementor-column elementor-col-100 elementor-inner-column elementor-element elementor-element-2ed2939\" data-id=\"2ed2939\" data-element_type=\"column\">\n\t\t\t<div class=\"elementor-widget-wrap elementor-element-populated\">\n\t\t\t\t\t\t<div class=\"elementor-element elementor-element-580488a elementor-widget elementor-widget-image\" data-id=\"580488a\" data-element_type=\"widget\" data-widget_type=\"image.default\">\n\t\t\t\t<div class=\"elementor-widget-container\">\n\t\t\t\t\t\t\t\t\t\t\t\t\t\t\t<img loading=\"lazy\" decoding=\"async\" width=\"800\" height=\"370\" src=\"https:\/\/richeskarayib.com\/wp-content\/uploads\/2025\/10\/L-ancienne-poste-1024x473.jpeg\" class=\"attachment-large size-large wp-image-62372\" alt=\"Journ\u00e9es Europ\u00e9ennes du Patrimoine\" srcset=\"https:\/\/richeskarayib.com\/wp-content\/uploads\/2025\/10\/L-ancienne-poste-1024x473.jpeg 1024w, https:\/\/richeskarayib.com\/wp-content\/uploads\/2025\/10\/L-ancienne-poste-300x139.jpeg 300w, https:\/\/richeskarayib.com\/wp-content\/uploads\/2025\/10\/L-ancienne-poste-768x355.jpeg 768w, https:\/\/richeskarayib.com\/wp-content\/uploads\/2025\/10\/L-ancienne-poste-1536x709.jpeg 1536w, https:\/\/richeskarayib.com\/wp-content\/uploads\/2025\/10\/L-ancienne-poste-1320x610.jpeg 1320w, https:\/\/richeskarayib.com\/wp-content\/uploads\/2025\/10\/L-ancienne-poste.jpeg 1600w\" sizes=\"(max-width: 800px) 100vw, 800px\" \/>\t\t\t\t\t\t\t\t\t\t\t\t\t\t\t<\/div>\n\t\t\t\t<\/div>\n\t\t\t\t\t<\/div>\n\t\t<\/div>\n\t\t\t\t\t<\/div>\n\t\t<\/section>\n\t\t\t\t<div class=\"elementor-element elementor-element-4e4d537 elementor-widget elementor-widget-text-editor\" data-id=\"4e4d537\" data-element_type=\"widget\" data-widget_type=\"text-editor.default\">\n\t\t\t\t<div class=\"elementor-widget-container\">\n\t\t\t\t\t\t\t\t\t<p><span style=\"font-weight: 400;\">No muy lejos, la<\/span><b>Antigua Posta<\/b><span style=\"font-weight: 400;\">cerrada desde el terremoto de 2007, destaca por su mera masa. Con casi 3.000 m\u00b2 de superficie, el edificio es objeto de acalorados debates. Para<a href=\"https:\/\/openagenda.com\/fr\/jep-2025-martinique\/events\/au-milieu-de-la-rue-patrimoine-moderne\" target=\"_blank\" rel=\"noopener nofollow\">el <\/a><\/span><a href=\"_wp_link_placeholder\">\n  <b>Abit\u0113<\/b>\n<\/a><span style=\"font-weight: 400;\">la soluci\u00f3n est\u00e1 clara: en lugar de destruir el edificio y generar toneladas de residuos, hay que reacondicionarlo para que resista los terremotos, con un coste menor y respetando m\u00e1s el medio ambiente. Un mensaje que resuena perfectamente con el esp\u00edritu de las Jornadas Europeas del Patrimonio, que nos invitan a replantearnos el futuro de nuestro patrimonio.<\/span><\/p>\t\t\t\t\t\t\t\t<\/div>\n\t\t\t\t<\/div>\n\t\t\t\t<section class=\"elementor-section elementor-inner-section elementor-element elementor-element-cf65213 elementor-section-boxed elementor-section-height-default elementor-section-height-default\" data-id=\"cf65213\" data-element_type=\"section\">\n\t\t\t\t\t\t<div class=\"elementor-container elementor-column-gap-default\">\n\t\t\t\t\t<div class=\"elementor-column elementor-col-100 elementor-inner-column elementor-element elementor-element-da159f8\" data-id=\"da159f8\" data-element_type=\"column\">\n\t\t\t<div class=\"elementor-widget-wrap elementor-element-populated\">\n\t\t\t\t\t\t<div class=\"elementor-element elementor-element-fea7aa8 elementor-widget elementor-widget-text-editor\" data-id=\"fea7aa8\" data-element_type=\"widget\" data-widget_type=\"text-editor.default\">\n\t\t\t\t<div class=\"elementor-widget-container\">\n\t\t\t\t\t\t\t\t\t<p>La visita tambi\u00e9n incluy\u00f3 la Maison des Syndicats, dise\u00f1ada por el arquitecto Marcel Salasc y construida en 1948. A\u00fan utilizada para su prop\u00f3sito original, encarna la continuidad de un edificio modernista que ha permanecido vibrante en el coraz\u00f3n de la ciudad. <\/p>\t\t\t\t\t\t\t\t<\/div>\n\t\t\t\t<\/div>\n\t\t\t\t\t<\/div>\n\t\t<\/div>\n\t\t\t\t\t<\/div>\n\t\t<\/section>\n\t\t\t\t<section class=\"elementor-section elementor-inner-section elementor-element elementor-element-df1b0a1 elementor-section-boxed elementor-section-height-default elementor-section-height-default\" data-id=\"df1b0a1\" data-element_type=\"section\">\n\t\t\t\t\t\t<div class=\"elementor-container elementor-column-gap-default\">\n\t\t\t\t\t<div class=\"elementor-column elementor-col-50 elementor-inner-column elementor-element elementor-element-37e7b06\" data-id=\"37e7b06\" data-element_type=\"column\">\n\t\t\t<div class=\"elementor-widget-wrap elementor-element-populated\">\n\t\t\t\t\t\t<div class=\"elementor-element elementor-element-fcb42a5 elementor-widget elementor-widget-image\" data-id=\"fcb42a5\" data-element_type=\"widget\" data-widget_type=\"image.default\">\n\t\t\t\t<div class=\"elementor-widget-container\">\n\t\t\t\t\t\t\t\t\t\t\t\t\t\t\t<img loading=\"lazy\" decoding=\"async\" width=\"800\" height=\"370\" src=\"https:\/\/richeskarayib.com\/wp-content\/uploads\/2025\/10\/Maison-des-syndyca5s-1024x473.jpeg\" class=\"attachment-large size-large wp-image-62411\" alt=\"Journ\u00e9es Europ\u00e9ennes du Patrimoine\" srcset=\"https:\/\/richeskarayib.com\/wp-content\/uploads\/2025\/10\/Maison-des-syndyca5s-1024x473.jpeg 1024w, https:\/\/richeskarayib.com\/wp-content\/uploads\/2025\/10\/Maison-des-syndyca5s-300x139.jpeg 300w, https:\/\/richeskarayib.com\/wp-content\/uploads\/2025\/10\/Maison-des-syndyca5s-768x355.jpeg 768w, https:\/\/richeskarayib.com\/wp-content\/uploads\/2025\/10\/Maison-des-syndyca5s-1536x709.jpeg 1536w, https:\/\/richeskarayib.com\/wp-content\/uploads\/2025\/10\/Maison-des-syndyca5s-1320x610.jpeg 1320w, https:\/\/richeskarayib.com\/wp-content\/uploads\/2025\/10\/Maison-des-syndyca5s.jpeg 1600w\" sizes=\"(max-width: 800px) 100vw, 800px\" \/>\t\t\t\t\t\t\t\t\t\t\t\t\t\t\t<\/div>\n\t\t\t\t<\/div>\n\t\t\t\t<div class=\"elementor-element elementor-element-401891d elementor-widget elementor-widget-image\" data-id=\"401891d\" data-element_type=\"widget\" data-widget_type=\"image.default\">\n\t\t\t\t<div class=\"elementor-widget-container\">\n\t\t\t\t\t\t\t\t\t\t\t\t\t\t\t<img loading=\"lazy\" decoding=\"async\" width=\"800\" height=\"370\" src=\"https:\/\/richeskarayib.com\/wp-content\/uploads\/2025\/10\/Maison-des-syndyca5s-4-1024x473.jpeg\" class=\"attachment-large size-large wp-image-62423\" alt=\"Journ\u00e9es Europ\u00e9ennes du Patrimoine\" srcset=\"https:\/\/richeskarayib.com\/wp-content\/uploads\/2025\/10\/Maison-des-syndyca5s-4-1024x473.jpeg 1024w, https:\/\/richeskarayib.com\/wp-content\/uploads\/2025\/10\/Maison-des-syndyca5s-4-300x139.jpeg 300w, https:\/\/richeskarayib.com\/wp-content\/uploads\/2025\/10\/Maison-des-syndyca5s-4-768x355.jpeg 768w, https:\/\/richeskarayib.com\/wp-content\/uploads\/2025\/10\/Maison-des-syndyca5s-4-1536x709.jpeg 1536w, https:\/\/richeskarayib.com\/wp-content\/uploads\/2025\/10\/Maison-des-syndyca5s-4-1320x610.jpeg 1320w, https:\/\/richeskarayib.com\/wp-content\/uploads\/2025\/10\/Maison-des-syndyca5s-4.jpeg 1600w\" sizes=\"(max-width: 800px) 100vw, 800px\" \/>\t\t\t\t\t\t\t\t\t\t\t\t\t\t\t<\/div>\n\t\t\t\t<\/div>\n\t\t\t\t<div class=\"elementor-element elementor-element-369001a elementor-widget elementor-widget-image\" data-id=\"369001a\" data-element_type=\"widget\" data-widget_type=\"image.default\">\n\t\t\t\t<div class=\"elementor-widget-container\">\n\t\t\t\t\t\t\t\t\t\t\t\t\t\t\t<img loading=\"lazy\" decoding=\"async\" width=\"800\" height=\"370\" src=\"https:\/\/richeskarayib.com\/wp-content\/uploads\/2025\/10\/Maison-des-syndyca5s-5-1024x473.jpeg\" class=\"attachment-large size-large wp-image-62427\" alt=\"Journ\u00e9es Europ\u00e9ennes du Patrimoine\" srcset=\"https:\/\/richeskarayib.com\/wp-content\/uploads\/2025\/10\/Maison-des-syndyca5s-5-1024x473.jpeg 1024w, https:\/\/richeskarayib.com\/wp-content\/uploads\/2025\/10\/Maison-des-syndyca5s-5-300x139.jpeg 300w, https:\/\/richeskarayib.com\/wp-content\/uploads\/2025\/10\/Maison-des-syndyca5s-5-768x355.jpeg 768w, https:\/\/richeskarayib.com\/wp-content\/uploads\/2025\/10\/Maison-des-syndyca5s-5-1536x709.jpeg 1536w, https:\/\/richeskarayib.com\/wp-content\/uploads\/2025\/10\/Maison-des-syndyca5s-5-1320x610.jpeg 1320w, https:\/\/richeskarayib.com\/wp-content\/uploads\/2025\/10\/Maison-des-syndyca5s-5.jpeg 1600w\" sizes=\"(max-width: 800px) 100vw, 800px\" \/>\t\t\t\t\t\t\t\t\t\t\t\t\t\t\t<\/div>\n\t\t\t\t<\/div>\n\t\t\t\t\t<\/div>\n\t\t<\/div>\n\t\t\t\t<div class=\"elementor-column elementor-col-50 elementor-inner-column elementor-element elementor-element-ff84758\" data-id=\"ff84758\" data-element_type=\"column\">\n\t\t\t<div class=\"elementor-widget-wrap elementor-element-populated\">\n\t\t\t\t\t\t<div class=\"elementor-element elementor-element-59a5aee elementor-widget elementor-widget-image\" data-id=\"59a5aee\" data-element_type=\"widget\" data-widget_type=\"image.default\">\n\t\t\t\t<div class=\"elementor-widget-container\">\n\t\t\t\t\t\t\t\t\t\t\t\t\t\t\t<img loading=\"lazy\" decoding=\"async\" width=\"800\" height=\"370\" src=\"https:\/\/richeskarayib.com\/wp-content\/uploads\/2025\/10\/Maison-des-syndyca5s-2-1024x473.jpeg\" class=\"attachment-large size-large wp-image-62415\" alt=\"Journ\u00e9es Europ\u00e9ennes du Patrimoine\" srcset=\"https:\/\/richeskarayib.com\/wp-content\/uploads\/2025\/10\/Maison-des-syndyca5s-2-1024x473.jpeg 1024w, https:\/\/richeskarayib.com\/wp-content\/uploads\/2025\/10\/Maison-des-syndyca5s-2-300x139.jpeg 300w, https:\/\/richeskarayib.com\/wp-content\/uploads\/2025\/10\/Maison-des-syndyca5s-2-768x355.jpeg 768w, https:\/\/richeskarayib.com\/wp-content\/uploads\/2025\/10\/Maison-des-syndyca5s-2-1536x709.jpeg 1536w, https:\/\/richeskarayib.com\/wp-content\/uploads\/2025\/10\/Maison-des-syndyca5s-2-1320x610.jpeg 1320w, https:\/\/richeskarayib.com\/wp-content\/uploads\/2025\/10\/Maison-des-syndyca5s-2.jpeg 1600w\" sizes=\"(max-width: 800px) 100vw, 800px\" \/>\t\t\t\t\t\t\t\t\t\t\t\t\t\t\t<\/div>\n\t\t\t\t<\/div>\n\t\t\t\t<div class=\"elementor-element elementor-element-28ab198 elementor-widget elementor-widget-image\" data-id=\"28ab198\" data-element_type=\"widget\" data-widget_type=\"image.default\">\n\t\t\t\t<div class=\"elementor-widget-container\">\n\t\t\t\t\t\t\t\t\t\t\t\t\t\t\t<img loading=\"lazy\" decoding=\"async\" width=\"800\" height=\"370\" src=\"https:\/\/richeskarayib.com\/wp-content\/uploads\/2025\/10\/Maison-des-syndyca5s-3-1024x473.jpeg\" class=\"attachment-large size-large wp-image-62419\" alt=\"Journ\u00e9es Europ\u00e9ennes du Patrimoine\" srcset=\"https:\/\/richeskarayib.com\/wp-content\/uploads\/2025\/10\/Maison-des-syndyca5s-3-1024x473.jpeg 1024w, https:\/\/richeskarayib.com\/wp-content\/uploads\/2025\/10\/Maison-des-syndyca5s-3-300x139.jpeg 300w, https:\/\/richeskarayib.com\/wp-content\/uploads\/2025\/10\/Maison-des-syndyca5s-3-768x355.jpeg 768w, https:\/\/richeskarayib.com\/wp-content\/uploads\/2025\/10\/Maison-des-syndyca5s-3-1536x709.jpeg 1536w, https:\/\/richeskarayib.com\/wp-content\/uploads\/2025\/10\/Maison-des-syndyca5s-3-1320x610.jpeg 1320w, https:\/\/richeskarayib.com\/wp-content\/uploads\/2025\/10\/Maison-des-syndyca5s-3.jpeg 1600w\" sizes=\"(max-width: 800px) 100vw, 800px\" \/>\t\t\t\t\t\t\t\t\t\t\t\t\t\t\t<\/div>\n\t\t\t\t<\/div>\n\t\t\t\t\t<\/div>\n\t\t<\/div>\n\t\t\t\t\t<\/div>\n\t\t<\/section>\n\t\t\t\t\t<\/div>\n\t\t<\/div>\n\t\t\t\t\t<\/div>\n\t\t<\/section>\n\t\t\t\t<section class=\"elementor-section elementor-top-section elementor-element elementor-element-8a0b6c7 elementor-section-boxed elementor-section-height-default elementor-section-height-default\" data-id=\"8a0b6c7\" data-element_type=\"section\">\n\t\t\t\t\t\t<div class=\"elementor-container elementor-column-gap-default\">\n\t\t\t\t\t<div class=\"elementor-column elementor-col-100 elementor-top-column elementor-element elementor-element-79f822b\" data-id=\"79f822b\" data-element_type=\"column\">\n\t\t\t<div class=\"elementor-widget-wrap elementor-element-populated\">\n\t\t\t\t\t\t<div class=\"elementor-element elementor-element-f0cdf40 elementor-widget elementor-widget-heading\" data-id=\"f0cdf40\" data-element_type=\"widget\" data-widget_type=\"heading.default\">\n\t\t\t\t<div class=\"elementor-widget-container\">\n\t\t\t\t\t<h2 class=\"elementor-heading-title elementor-size-default\">L'Imprimerie Officielle: una amarga despedida<\/h2>\t\t\t\t<\/div>\n\t\t\t\t<\/div>\n\t\t\t\t<div class=\"elementor-element elementor-element-0313b11 elementor-widget elementor-widget-text-editor\" data-id=\"0313b11\" data-element_type=\"widget\" data-widget_type=\"text-editor.default\">\n\t\t\t\t<div class=\"elementor-widget-container\">\n\t\t\t\t\t\t\t\t\t<p><span style=\"font-weight: 400;\">El recorrido termina delante de la<\/span><b>Imprenta Oficial<\/b><span style=\"font-weight: 400;\">construida en <\/span><b>1936<\/b><span style=\"font-weight: 400;\"> por el ingeniero <\/span><b>Donat Honor\u00e9<\/b><span style=\"font-weight: 400;\">. Concebido para imprimir los documentos administrativos del gobierno, albergaba talleres, oficinas, galer\u00edas de almacenamiento y la casa del director.<\/span><\/p><p><span style=\"font-weight: 400;\">Etiquetado <\/span><b>Arquitectura contempor\u00e1nea excepcional<\/b><span style=\"font-weight: 400;\">Sin embargo, el edificio ser\u00e1 demolido en los d\u00edas siguientes a la visita. Un proyecto de rotonda ocupar\u00e1 su lugar. Para el <\/span><b>Abit\u0113<\/b><span style=\"font-weight: 400;\">Para la asociaci\u00f3n Abit\u0113, la p\u00e9rdida es inmensa: este lugar podr\u00eda haberse convertido en un centro de escritores, un museo de la ciudad o un espacio c\u00edvico. La foto de grupo final, tomada delante de su fachada, sella una despedida colectiva a un testigo importante del patrimonio moderno, record\u00e1ndonos que cada edici\u00f3n de las Jornadas Europeas del Patrimonio es tambi\u00e9n un momento de vigilancia.<\/span><\/p>\t\t\t\t\t\t\t\t<\/div>\n\t\t\t\t<\/div>\n\t\t\t\t<section class=\"elementor-section elementor-inner-section elementor-element elementor-element-34cd558 elementor-section-boxed elementor-section-height-default elementor-section-height-default\" data-id=\"34cd558\" data-element_type=\"section\">\n\t\t\t\t\t\t<div class=\"elementor-container elementor-column-gap-default\">\n\t\t\t\t\t<div class=\"elementor-column elementor-col-50 elementor-inner-column elementor-element elementor-element-ead701b\" data-id=\"ead701b\" data-element_type=\"column\">\n\t\t\t<div class=\"elementor-widget-wrap elementor-element-populated\">\n\t\t\t\t\t\t<div class=\"elementor-element elementor-element-ef244c6 elementor-widget elementor-widget-image\" data-id=\"ef244c6\" data-element_type=\"widget\" data-widget_type=\"image.default\">\n\t\t\t\t<div class=\"elementor-widget-container\">\n\t\t\t\t\t\t\t\t\t\t\t\t\t\t\t<img loading=\"lazy\" decoding=\"async\" width=\"800\" height=\"370\" src=\"https:\/\/richeskarayib.com\/wp-content\/uploads\/2025\/10\/imprimerie-1024x473.jpeg\" class=\"attachment-large size-large wp-image-62376\" alt=\"Journ\u00e9es Europ\u00e9ennes du Patrimoine\" srcset=\"https:\/\/richeskarayib.com\/wp-content\/uploads\/2025\/10\/imprimerie-1024x473.jpeg 1024w, https:\/\/richeskarayib.com\/wp-content\/uploads\/2025\/10\/imprimerie-300x139.jpeg 300w, https:\/\/richeskarayib.com\/wp-content\/uploads\/2025\/10\/imprimerie-768x355.jpeg 768w, https:\/\/richeskarayib.com\/wp-content\/uploads\/2025\/10\/imprimerie-1536x709.jpeg 1536w, https:\/\/richeskarayib.com\/wp-content\/uploads\/2025\/10\/imprimerie-1320x610.jpeg 1320w, https:\/\/richeskarayib.com\/wp-content\/uploads\/2025\/10\/imprimerie.jpeg 1600w\" sizes=\"(max-width: 800px) 100vw, 800px\" \/>\t\t\t\t\t\t\t\t\t\t\t\t\t\t\t<\/div>\n\t\t\t\t<\/div>\n\t\t\t\t\t<\/div>\n\t\t<\/div>\n\t\t\t\t<div class=\"elementor-column elementor-col-50 elementor-inner-column elementor-element elementor-element-df0fc9b\" data-id=\"df0fc9b\" data-element_type=\"column\">\n\t\t\t<div class=\"elementor-widget-wrap elementor-element-populated\">\n\t\t\t\t\t\t<div class=\"elementor-element elementor-element-07a1a86 elementor-widget elementor-widget-image\" data-id=\"07a1a86\" data-element_type=\"widget\" data-widget_type=\"image.default\">\n\t\t\t\t<div class=\"elementor-widget-container\">\n\t\t\t\t\t\t\t\t\t\t\t\t\t\t\t<img loading=\"lazy\" decoding=\"async\" width=\"800\" height=\"370\" src=\"https:\/\/richeskarayib.com\/wp-content\/uploads\/2025\/10\/imprimerie-2-1024x473.jpeg\" class=\"attachment-large size-large wp-image-62380\" alt=\"Journ\u00e9es Europ\u00e9ennes du Patrimoine\" srcset=\"https:\/\/richeskarayib.com\/wp-content\/uploads\/2025\/10\/imprimerie-2-1024x473.jpeg 1024w, https:\/\/richeskarayib.com\/wp-content\/uploads\/2025\/10\/imprimerie-2-300x139.jpeg 300w, https:\/\/richeskarayib.com\/wp-content\/uploads\/2025\/10\/imprimerie-2-768x355.jpeg 768w, https:\/\/richeskarayib.com\/wp-content\/uploads\/2025\/10\/imprimerie-2-1536x709.jpeg 1536w, https:\/\/richeskarayib.com\/wp-content\/uploads\/2025\/10\/imprimerie-2-1320x610.jpeg 1320w, https:\/\/richeskarayib.com\/wp-content\/uploads\/2025\/10\/imprimerie-2.jpeg 1600w\" sizes=\"(max-width: 800px) 100vw, 800px\" \/>\t\t\t\t\t\t\t\t\t\t\t\t\t\t\t<\/div>\n\t\t\t\t<\/div>\n\t\t\t\t\t<\/div>\n\t\t<\/div>\n\t\t\t\t\t<\/div>\n\t\t<\/section>\n\t\t\t\t<section class=\"elementor-section elementor-inner-section elementor-element elementor-element-8295e8b elementor-section-boxed elementor-section-height-default elementor-section-height-default\" data-id=\"8295e8b\" data-element_type=\"section\">\n\t\t\t\t\t\t<div class=\"elementor-container elementor-column-gap-default\">\n\t\t\t\t\t<div class=\"elementor-column elementor-col-50 elementor-inner-column elementor-element elementor-element-5719b7a\" data-id=\"5719b7a\" data-element_type=\"column\">\n\t\t\t<div class=\"elementor-widget-wrap elementor-element-populated\">\n\t\t\t\t\t\t<div class=\"elementor-element elementor-element-4ec0633 elementor-widget elementor-widget-image\" data-id=\"4ec0633\" data-element_type=\"widget\" data-widget_type=\"image.default\">\n\t\t\t\t<div class=\"elementor-widget-container\">\n\t\t\t\t\t\t\t\t\t\t\t\t\t\t\t<img loading=\"lazy\" decoding=\"async\" width=\"800\" height=\"370\" src=\"https:\/\/richeskarayib.com\/wp-content\/uploads\/2025\/10\/imprimerie-3-1024x473.jpeg\" class=\"attachment-large size-large wp-image-62384\" alt=\"Journ\u00e9es Europ\u00e9ennes du Patrimoine\" srcset=\"https:\/\/richeskarayib.com\/wp-content\/uploads\/2025\/10\/imprimerie-3-1024x473.jpeg 1024w, https:\/\/richeskarayib.com\/wp-content\/uploads\/2025\/10\/imprimerie-3-300x139.jpeg 300w, https:\/\/richeskarayib.com\/wp-content\/uploads\/2025\/10\/imprimerie-3-768x355.jpeg 768w, https:\/\/richeskarayib.com\/wp-content\/uploads\/2025\/10\/imprimerie-3-1536x709.jpeg 1536w, https:\/\/richeskarayib.com\/wp-content\/uploads\/2025\/10\/imprimerie-3-1320x610.jpeg 1320w, https:\/\/richeskarayib.com\/wp-content\/uploads\/2025\/10\/imprimerie-3.jpeg 1600w\" sizes=\"(max-width: 800px) 100vw, 800px\" \/>\t\t\t\t\t\t\t\t\t\t\t\t\t\t\t<\/div>\n\t\t\t\t<\/div>\n\t\t\t\t\t<\/div>\n\t\t<\/div>\n\t\t\t\t<div class=\"elementor-column elementor-col-50 elementor-inner-column elementor-element elementor-element-37f8ac5\" data-id=\"37f8ac5\" data-element_type=\"column\">\n\t\t\t<div class=\"elementor-widget-wrap elementor-element-populated\">\n\t\t\t\t\t\t<div class=\"elementor-element elementor-element-48baba6 elementor-widget elementor-widget-image\" data-id=\"48baba6\" data-element_type=\"widget\" data-widget_type=\"image.default\">\n\t\t\t\t<div class=\"elementor-widget-container\">\n\t\t\t\t\t\t\t\t\t\t\t\t\t\t\t<img loading=\"lazy\" decoding=\"async\" width=\"800\" height=\"370\" src=\"https:\/\/richeskarayib.com\/wp-content\/uploads\/2025\/10\/imprimerie-4-1024x473.jpeg\" class=\"attachment-large size-large wp-image-62388\" alt=\"Journ\u00e9es Europ\u00e9ennes du Patrimoine\" srcset=\"https:\/\/richeskarayib.com\/wp-content\/uploads\/2025\/10\/imprimerie-4-1024x473.jpeg 1024w, https:\/\/richeskarayib.com\/wp-content\/uploads\/2025\/10\/imprimerie-4-300x139.jpeg 300w, https:\/\/richeskarayib.com\/wp-content\/uploads\/2025\/10\/imprimerie-4-768x355.jpeg 768w, https:\/\/richeskarayib.com\/wp-content\/uploads\/2025\/10\/imprimerie-4-1536x709.jpeg 1536w, https:\/\/richeskarayib.com\/wp-content\/uploads\/2025\/10\/imprimerie-4-1320x610.jpeg 1320w, https:\/\/richeskarayib.com\/wp-content\/uploads\/2025\/10\/imprimerie-4.jpeg 1600w\" sizes=\"(max-width: 800px) 100vw, 800px\" \/>\t\t\t\t\t\t\t\t\t\t\t\t\t\t\t<\/div>\n\t\t\t\t<\/div>\n\t\t\t\t\t<\/div>\n\t\t<\/div>\n\t\t\t\t\t<\/div>\n\t\t<\/section>\n\t\t\t\t\t<\/div>\n\t\t<\/div>\n\t\t\t\t\t<\/div>\n\t\t<\/section>\n\t\t\t\t<section class=\"elementor-section elementor-top-section elementor-element elementor-element-b7a40e9 elementor-section-boxed elementor-section-height-default elementor-section-height-default\" data-id=\"b7a40e9\" data-element_type=\"section\">\n\t\t\t\t\t\t<div class=\"elementor-container elementor-column-gap-default\">\n\t\t\t\t\t<div class=\"elementor-column elementor-col-100 elementor-top-column elementor-element elementor-element-c85b730\" data-id=\"c85b730\" data-element_type=\"column\">\n\t\t\t<div class=\"elementor-widget-wrap elementor-element-populated\">\n\t\t\t\t\t\t<div class=\"elementor-element elementor-element-8e1e29e elementor-widget elementor-widget-heading\" data-id=\"8e1e29e\" data-element_type=\"widget\" data-widget_type=\"heading.default\">\n\t\t\t\t<div class=\"elementor-widget-container\">\n\t\t\t\t\t<h2 class=\"elementor-heading-title elementor-size-default\">El patrimonio modernista de la ciudad y su futuro<\/h2>\t\t\t\t<\/div>\n\t\t\t\t<\/div>\n\t\t\t\t<div class=\"elementor-element elementor-element-88c83b9 elementor-widget elementor-widget-text-editor\" data-id=\"88c83b9\" data-element_type=\"widget\" data-widget_type=\"text-editor.default\">\n\t\t\t\t<div class=\"elementor-widget-container\">\n\t\t\t\t\t\t\t\t\t<p><span style=\"font-weight: 400;\">Del edificio de las Antillas a la Imprimerie Officielle, esta visita guiada revel\u00f3 la riqueza y la fragilidad del patrimonio modernista de Fort-de-France <\/span><b>patrimonio modernista de Fort-de-France<\/b><span style=\"font-weight: 400;\">. Cada parada contaba la historia de una \u00e9poca y planteaba una pregunta para hoy: \u00bfdebe conservarse, restaurarse o demolerse?<\/span><\/p><p><span style=\"font-weight: 400;\">A trav\u00e9s de las historias de <\/span><b>Louis Caillat<\/b><span style=\"font-weight: 400;\">, <\/span><b>Maurice de Lavigne Sainte-Suzanne<\/b><span style=\"font-weight: 400;\"> o <\/span><b>Donat Honor\u00e9<\/b><span style=\"font-weight: 400;\">La capital de Martinica revela una cara poco conocida de la modernidad tropical inventiva. M\u00e1s que una simple visita arquitect\u00f3nica, la visita planteaba una pregunta: \u00bfqu\u00e9 futuro podemos dar a la arquitectura que ha dado forma a la ciudad y que podr\u00eda seguir aliment\u00e1ndola en el futuro?<\/span><\/p>\t\t\t\t\t\t\t\t<\/div>\n\t\t\t\t<\/div>\n\t\t\t\t<div class=\"elementor-element elementor-element-7e20479 elementor-widget elementor-widget-text-editor\" data-id=\"7e20479\" data-element_type=\"widget\" data-widget_type=\"text-editor.default\">\n\t\t\t\t<div class=\"elementor-widget-container\">\n\t\t\t\t\t\t\t\t\t<p><span style=\"font-weight: 400;\">Y en eso consisten las Jornadas Europeas del Patrimonio: en pasear, observar, debatir y, sobre todo, compartir.<\/span><\/p>\t\t\t\t\t\t\t\t<\/div>\n\t\t\t\t<\/div>\n\t\t\t\t\t<\/div>\n\t\t<\/div>\n\t\t\t\t\t<\/div>\n\t\t<\/section>\n\t\t\t\t<\/div>\n\t\t","protected":false},"excerpt":{"rendered":"<p>Una visita guiada para redescubrir Fort-de-France El s\u00e1bado 20 de septiembre de 2025, en el marco de las Jornadas Europeas del Patrimonio la asociaci\u00f3n Abit\u0113 gui\u00f3 a los visitantes al coraz\u00f3n de Fort-de-France para una visita guiada por el modernista de la ciudad . Durante m\u00e1s de dos horas, los participantes deambularon por las calles [&hellip;]<\/p>\n","protected":false},"author":662,"featured_media":62451,"comment_status":"open","ping_status":"open","sticky":false,"template":"","format":"standard","meta":{"_acf_changed":false,"footnotes":""},"categories":[1820,1821],"tags":[816],"class_list":["post-62457","post","type-post","status-publish","format-standard","has-post-thumbnail","hentry","category-jep-fr","category-jep-2","tag-martinique-es"],"acf":[],"_links":{"self":[{"href":"https:\/\/richeskarayib.com\/es\/wp-json\/wp\/v2\/posts\/62457","targetHints":{"allow":["GET"]}}],"collection":[{"href":"https:\/\/richeskarayib.com\/es\/wp-json\/wp\/v2\/posts"}],"about":[{"href":"https:\/\/richeskarayib.com\/es\/wp-json\/wp\/v2\/types\/post"}],"author":[{"embeddable":true,"href":"https:\/\/richeskarayib.com\/es\/wp-json\/wp\/v2\/users\/662"}],"replies":[{"embeddable":true,"href":"https:\/\/richeskarayib.com\/es\/wp-json\/wp\/v2\/comments?post=62457"}],"version-history":[{"count":0,"href":"https:\/\/richeskarayib.com\/es\/wp-json\/wp\/v2\/posts\/62457\/revisions"}],"wp:featuredmedia":[{"embeddable":true,"href":"https:\/\/richeskarayib.com\/es\/wp-json\/wp\/v2\/media\/62451"}],"wp:attachment":[{"href":"https:\/\/richeskarayib.com\/es\/wp-json\/wp\/v2\/media?parent=62457"}],"wp:term":[{"taxonomy":"category","embeddable":true,"href":"https:\/\/richeskarayib.com\/es\/wp-json\/wp\/v2\/categories?post=62457"},{"taxonomy":"post_tag","embeddable":true,"href":"https:\/\/richeskarayib.com\/es\/wp-json\/wp\/v2\/tags?post=62457"}],"curies":[{"name":"wp","href":"https:\/\/api.w.org\/{rel}","templated":true}]}}