{"id":62761,"date":"2025-10-08T04:08:07","date_gmt":"2025-10-08T08:08:07","guid":{"rendered":"https:\/\/richeskarayib.com\/?p=62761"},"modified":"2025-10-08T04:08:54","modified_gmt":"2025-10-08T08:08:54","slug":"aci-lac-conectividad-sostenibilidad-innovacio","status":"publish","type":"post","link":"https:\/\/richeskarayib.com\/es\/aci-lac-conectividad-sostenibilidad-innovacio\/","title":{"rendered":"Trinidad y Tobago &#8211; ACI-LAC 2025: el Caribe en el centro de los retos de la conectividad, la sostenibilidad y la innovaci\u00f3n aeroportuaria"},"content":{"rendered":"\t\t<div data-elementor-type=\"wp-post\" data-elementor-id=\"62761\" class=\"elementor elementor-62761 elementor-62679\" data-elementor-post-type=\"post\">\n\t\t\t\t\t\t<section class=\"elementor-section elementor-top-section elementor-element elementor-element-7ca7ca1 elementor-section-boxed elementor-section-height-default elementor-section-height-default\" data-id=\"7ca7ca1\" data-element_type=\"section\">\n\t\t\t\t\t\t<div class=\"elementor-container elementor-column-gap-default\">\n\t\t\t\t\t<div class=\"elementor-column elementor-col-100 elementor-top-column elementor-element elementor-element-cbdd002\" data-id=\"cbdd002\" data-element_type=\"column\">\n\t\t\t<div class=\"elementor-widget-wrap elementor-element-populated\">\n\t\t\t\t\t\t<section class=\"elementor-section elementor-inner-section elementor-element elementor-element-bc94849 elementor-section-boxed elementor-section-height-default elementor-section-height-default\" data-id=\"bc94849\" data-element_type=\"section\">\n\t\t\t\t\t\t<div class=\"elementor-container elementor-column-gap-default\">\n\t\t\t\t\t\t<\/div>\n\t\t<\/section>\n\t\t\t\t<section class=\"elementor-section elementor-inner-section elementor-element elementor-element-61571e6 elementor-section-boxed elementor-section-height-default elementor-section-height-default\" data-id=\"61571e6\" data-element_type=\"section\">\n\t\t\t\t\t\t<div class=\"elementor-container elementor-column-gap-default\">\n\t\t\t\t\t\t<\/div>\n\t\t<\/section>\n\t\t\t\t<section class=\"elementor-section elementor-inner-section elementor-element elementor-element-b6262e0 elementor-section-boxed elementor-section-height-default elementor-section-height-default\" data-id=\"b6262e0\" data-element_type=\"section\">\n\t\t\t\t\t\t<div class=\"elementor-container elementor-column-gap-default\">\n\t\t\t\t\t\t<\/div>\n\t\t<\/section>\n\t\t\t\t<section class=\"elementor-section elementor-inner-section elementor-element elementor-element-cca29fd elementor-section-boxed elementor-section-height-default elementor-section-height-default\" data-id=\"cca29fd\" data-element_type=\"section\">\n\t\t\t\t\t\t<div class=\"elementor-container elementor-column-gap-default\">\n\t\t\t\t\t\t<\/div>\n\t\t<\/section>\n\t\t\t\t\t<\/div>\n\t\t<\/div>\n\t\t\t\t\t<\/div>\n\t\t<\/section>\n\t\t\t\t<section class=\"elementor-section elementor-top-section elementor-element elementor-element-a6d4222 elementor-section-boxed elementor-section-height-default elementor-section-height-default\" data-id=\"a6d4222\" data-element_type=\"section\">\n\t\t\t\t\t\t<div class=\"elementor-container elementor-column-gap-default\">\n\t\t\t\t\t<div class=\"elementor-column elementor-col-100 elementor-top-column elementor-element elementor-element-ea27f09\" data-id=\"ea27f09\" data-element_type=\"column\">\n\t\t\t<div class=\"elementor-widget-wrap elementor-element-populated\">\n\t\t\t\t\t\t<div class=\"elementor-element elementor-element-122430b elementor-widget elementor-widget-heading\" data-id=\"122430b\" data-element_type=\"widget\" data-widget_type=\"heading.default\">\n\t\t\t\t<div class=\"elementor-widget-container\">\n\t\t\t\t\t<h2 class=\"elementor-heading-title elementor-size-default\">Una conferencia estrat\u00e9gica en Trinidad y Tobago<\/h2>\t\t\t\t<\/div>\n\t\t\t\t<\/div>\n\t\t\t\t<div class=\"elementor-element elementor-element-8f49c6e elementor-widget elementor-widget-text-editor\" data-id=\"8f49c6e\" data-element_type=\"widget\" data-widget_type=\"text-editor.default\">\n\t\t\t\t<div class=\"elementor-widget-container\">\n\t\t\t\t\t\t\t\t\t<p><span style=\"font-weight: 400;\">La conferencia de prensa celebrada en Trinidad y Tobago el 6 de octubre de 2025, en el marco de la ASAMBLEA ANUAL <\/span><span style=\"font-weight: 400;\"> DE <\/span><a href=\"https:\/\/aci-lac.aero\/conference2025\/\" target=\"_blank\" rel=\"noopener nofollow\">ACI-LAC 2025<\/a><span style=\"font-weight: 400;\"> &#8211; CONFERENCIA Y EXPOSICI\u00d3N, reuni\u00f3 a los principales ejecutivos de la industria aeroportuaria de la regi\u00f3n. <\/span>Junto a <strong>M\u00f3nica Infante<\/strong> (Presidenta de ACI-LAC y Directora General de Aerodom), de <strong>Dr. Rafael Echevarne <\/strong>(Director Gerente de ACI-LAC) y <strong>Hayden Newton<\/strong> (Director Gerente de la Autoridad Aeroportuaria de Trinidad y Tobago), los debates se centraron en el crecimiento del tr\u00e1fico, la sostenibilidad y la inversi\u00f3n necesaria para apoyar el crecimiento del transporte a\u00e9reo en el Caribe y Am\u00e9rica Latina.<\/p>\t\t\t\t\t\t\t\t<\/div>\n\t\t\t\t<\/div>\n\t\t\t\t<div class=\"elementor-element elementor-element-7b92578 elementor-widget elementor-widget-text-editor\" data-id=\"7b92578\" data-element_type=\"widget\" data-widget_type=\"text-editor.default\">\n\t\t\t\t<div class=\"elementor-widget-container\">\n\t\t\t\t\t\t\t\t\t<p>ACI-LAC <span style=\"font-weight: 400;\">que significa Consejo Internacional de Aeropuertos &#8211; Am\u00e9rica Latina y Caribe, es la rama regional de la organizaci\u00f3n mundial de aeropuertos. Representa los intereses de 91 miembros que operan m\u00e1s de 360 aeropuertos en 42 pa\u00edses y territorios de la regi\u00f3n. <\/span><\/p>\t\t\t\t\t\t\t\t<\/div>\n\t\t\t\t<\/div>\n\t\t\t\t<div class=\"elementor-element elementor-element-d7fcae8 elementor-widget elementor-widget-image\" data-id=\"d7fcae8\" data-element_type=\"widget\" data-widget_type=\"image.default\">\n\t\t\t\t<div class=\"elementor-widget-container\">\n\t\t\t\t\t\t\t\t\t\t\t\t\t\t\t<img fetchpriority=\"high\" decoding=\"async\" width=\"800\" height=\"370\" src=\"https:\/\/richeskarayib.com\/wp-content\/uploads\/2025\/10\/lieu-des-levent-des-acilac-1024x473.jpg\" class=\"attachment-large size-large wp-image-62754\" alt=\"\" srcset=\"https:\/\/richeskarayib.com\/wp-content\/uploads\/2025\/10\/lieu-des-levent-des-acilac-1024x473.jpg 1024w, https:\/\/richeskarayib.com\/wp-content\/uploads\/2025\/10\/lieu-des-levent-des-acilac-300x139.jpg 300w, https:\/\/richeskarayib.com\/wp-content\/uploads\/2025\/10\/lieu-des-levent-des-acilac-768x355.jpg 768w, https:\/\/richeskarayib.com\/wp-content\/uploads\/2025\/10\/lieu-des-levent-des-acilac.jpg 1280w\" sizes=\"(max-width: 800px) 100vw, 800px\" \/>\t\t\t\t\t\t\t\t\t\t\t\t\t\t\t<\/div>\n\t\t\t\t<\/div>\n\t\t\t\t\t<\/div>\n\t\t<\/div>\n\t\t\t\t\t<\/div>\n\t\t<\/section>\n\t\t\t\t<section class=\"elementor-section elementor-top-section elementor-element elementor-element-e1fea79 elementor-section-boxed elementor-section-height-default elementor-section-height-default\" data-id=\"e1fea79\" data-element_type=\"section\">\n\t\t\t\t\t\t<div class=\"elementor-container elementor-column-gap-default\">\n\t\t\t\t\t<div class=\"elementor-column elementor-col-100 elementor-top-column elementor-element elementor-element-6d0be76\" data-id=\"6d0be76\" data-element_type=\"column\">\n\t\t\t<div class=\"elementor-widget-wrap elementor-element-populated\">\n\t\t\t\t\t\t<div class=\"elementor-element elementor-element-a310b25 elementor-widget elementor-widget-heading\" data-id=\"a310b25\" data-element_type=\"widget\" data-widget_type=\"heading.default\">\n\t\t\t\t<div class=\"elementor-widget-container\">\n\t\t\t\t\t<h2 class=\"elementor-heading-title elementor-size-default\">Cifras r\u00e9cord confirmadas por ACI World<\/h2>\t\t\t\t<\/div>\n\t\t\t\t<\/div>\n\t\t\t\t<div class=\"elementor-element elementor-element-bbb62ae elementor-widget elementor-widget-text-editor\" data-id=\"bbb62ae\" data-element_type=\"widget\" data-widget_type=\"text-editor.default\">\n\t\t\t\t<div class=\"elementor-widget-container\">\n\t\t\t\t\t\t\t\t\t<p><span style=\"font-weight: 400;\">Los datos publicados durante la Reuni\u00f3n Anual ACI-LAC 2025 muestran que el tr\u00e1fico de pasajeros en Am\u00e9rica Latina y <a href=\"https:\/\/richeskarayib.com\/es\/?p=62268\" target=\"_blank\" rel=\"noopener\">el<\/a> Caribe alcanzar\u00e1 los <\/span><b>789 millones <\/b><span style=\"font-weight: 400;\">pasajeros a finales de 2025.<\/span><span style=\"font-weight: 400;\"><br \/><br \/><\/span><span style=\"font-weight: 400;\"> Los pa\u00edses con mejores resultados ser\u00e1n :<\/span><\/p><ul><li style=\"font-weight: 400;\" aria-level=\"1\"><b>&#8211; Colombia<\/b><span style=\"font-weight: 400;\"> : 105 millones (+5,6%)<\/span><\/li><li style=\"font-weight: 400;\" aria-level=\"1\"><b>&#8211; M\u00e9xico<\/b><span style=\"font-weight: 400;\"> : 191 millones (+4,5%)<\/span><\/li><li style=\"font-weight: 400;\" aria-level=\"1\">&#8211; <b> Brasil <\/b>: 221 millones (+2,1%)<\/li><\/ul>\t\t\t\t\t\t\t\t<\/div>\n\t\t\t\t<\/div>\n\t\t\t\t<div class=\"elementor-element elementor-element-e37eeda elementor-widget elementor-widget-text-editor\" data-id=\"e37eeda\" data-element_type=\"widget\" data-widget_type=\"text-editor.default\">\n\t\t\t\t<div class=\"elementor-widget-container\">\n\t\t\t\t\t\t\t\t\t<p>Se espera que la regi\u00f3n (Am\u00e9rica Latina y el Caribe) gestione casi<b> 821 millones de pasajeros en 2026 <\/b><span style=\"font-weight: 400;\">seg\u00fan las proyecciones oficiales de ACI World. Estas cifras reflejan la fortaleza de la recuperaci\u00f3n pospand\u00e9mica y el creciente papel del Caribe en la conectividad internacional. <\/span><\/p>\t\t\t\t\t\t\t\t<\/div>\n\t\t\t\t<\/div>\n\t\t\t\t<section class=\"elementor-section elementor-inner-section elementor-element elementor-element-9e36d06 elementor-section-boxed elementor-section-height-default elementor-section-height-default\" data-id=\"9e36d06\" data-element_type=\"section\">\n\t\t\t\t\t\t<div class=\"elementor-container elementor-column-gap-default\">\n\t\t\t\t\t<div class=\"elementor-column elementor-col-100 elementor-inner-column elementor-element elementor-element-90aa535\" data-id=\"90aa535\" data-element_type=\"column\">\n\t\t\t<div class=\"elementor-widget-wrap elementor-element-populated\">\n\t\t\t\t\t\t<div class=\"elementor-element elementor-element-818e6b4 elementor-widget elementor-widget-image\" data-id=\"818e6b4\" data-element_type=\"widget\" data-widget_type=\"image.default\">\n\t\t\t\t<div class=\"elementor-widget-container\">\n\t\t\t\t\t\t\t\t\t\t\t\t\t\t\t<img decoding=\"async\" width=\"800\" height=\"370\" src=\"https:\/\/richeskarayib.com\/wp-content\/uploads\/2025\/10\/WhatsApp-Image-2025-10-08-a-00.44.32_1370b8ce-1024x473.jpg\" class=\"attachment-large size-large wp-image-62738\" alt=\"ACI-LAC\" srcset=\"https:\/\/richeskarayib.com\/wp-content\/uploads\/2025\/10\/WhatsApp-Image-2025-10-08-a-00.44.32_1370b8ce-1024x473.jpg 1024w, https:\/\/richeskarayib.com\/wp-content\/uploads\/2025\/10\/WhatsApp-Image-2025-10-08-a-00.44.32_1370b8ce-300x139.jpg 300w, https:\/\/richeskarayib.com\/wp-content\/uploads\/2025\/10\/WhatsApp-Image-2025-10-08-a-00.44.32_1370b8ce-768x355.jpg 768w, https:\/\/richeskarayib.com\/wp-content\/uploads\/2025\/10\/WhatsApp-Image-2025-10-08-a-00.44.32_1370b8ce.jpg 1280w\" sizes=\"(max-width: 800px) 100vw, 800px\" \/>\t\t\t\t\t\t\t\t\t\t\t\t\t\t\t<\/div>\n\t\t\t\t<\/div>\n\t\t\t\t\t<\/div>\n\t\t<\/div>\n\t\t\t\t\t<\/div>\n\t\t<\/section>\n\t\t\t\t\t<\/div>\n\t\t<\/div>\n\t\t\t\t\t<\/div>\n\t\t<\/section>\n\t\t\t\t<section class=\"elementor-section elementor-top-section elementor-element elementor-element-ee72354 elementor-section-boxed elementor-section-height-default elementor-section-height-default\" data-id=\"ee72354\" data-element_type=\"section\">\n\t\t\t\t\t\t<div class=\"elementor-container elementor-column-gap-default\">\n\t\t\t\t\t<div class=\"elementor-column elementor-col-100 elementor-top-column elementor-element elementor-element-c59d6fe\" data-id=\"c59d6fe\" data-element_type=\"column\">\n\t\t\t<div class=\"elementor-widget-wrap elementor-element-populated\">\n\t\t\t\t\t\t<div class=\"elementor-element elementor-element-ddc6a1e elementor-widget elementor-widget-heading\" data-id=\"ddc6a1e\" data-element_type=\"widget\" data-widget_type=\"heading.default\">\n\t\t\t\t<div class=\"elementor-widget-container\">\n\t\t\t\t\t<h2 class=\"elementor-heading-title elementor-size-default\">Previsiones a largo plazo y ritmo global<\/h2>\t\t\t\t<\/div>\n\t\t\t\t<\/div>\n\t\t\t\t<div class=\"elementor-element elementor-element-e57451f elementor-widget elementor-widget-text-editor\" data-id=\"e57451f\" data-element_type=\"widget\" data-widget_type=\"text-editor.default\">\n\t\t\t\t<div class=\"elementor-widget-container\">\n\t\t\t\t\t\t\t\t\t<p>Se espera que el tr\u00e1fico a\u00e9reo regional alcance los 1.725 millones de pasajeros en 2053, con una tasa media de crecimiento anual (CAGR &#8211; Compound Annual Growth Rate) del 2,9% en los pr\u00f3ximos treinta a\u00f1os, una tasa similar a la media mundial.<br \/>El informe de ACI World tambi\u00e9n afirma que el tr\u00e1fico se duplicar\u00e1 entre 2024 y 2047, pasando de 758 millones a 1.482 millones de pasajeros.<br \/>Las proyecciones de crecimiento anual por subregiones confirman :<\/p><ul><li style=\"font-weight: 400;\" aria-level=\"1\"><b>&#8211; M\u00e9xico: +3,4%, <\/b><span style=\"font-weight: 400;\">impulsado por la expansi\u00f3n de sus hubs internacionales ;<\/span><\/li><li style=\"font-weight: 400;\" aria-level=\"1\"><b>&#8211; Brasil: +2,4%, <\/b>s<span style=\"font-weight: 400;\">omentado por el crecimiento del tr\u00e1fico nacional ;<\/span><\/li><li style=\"font-weight: 400;\" aria-level=\"1\"><b>&#8211; Caribe: +2%, <\/b><span style=\"font-weight: 400;\">crecimiento m\u00e1s moderado debido al peque\u00f1o tama\u00f1o de los mercados insulares, su dependencia del turismo y las limitaciones actuales de la conectividad entre islas;<\/span><\/li><li style=\"font-weight: 400;\" aria-level=\"1\">&#8211; <strong>Otros pa\u00edses de Am\u00e9rica Latina (excepto M\u00e9xico y Brasil) <\/strong><b><strong data-start=\"3062\" data-end=\"3130\">: <\/strong><\/b><strong>+3%<\/strong><b>, <\/b>gracias a la diversificaci\u00f3n econ\u00f3mica y a los nuevos corredores a\u00e9reos regionales.<\/li><\/ul>\t\t\t\t\t\t\t\t<\/div>\n\t\t\t\t<\/div>\n\t\t\t\t<div class=\"elementor-element elementor-element-8e834b3 elementor-widget elementor-widget-image\" data-id=\"8e834b3\" data-element_type=\"widget\" data-widget_type=\"image.default\">\n\t\t\t\t<div class=\"elementor-widget-container\">\n\t\t\t\t\t\t\t\t\t\t\t\t\t\t\t<img decoding=\"async\" width=\"800\" height=\"370\" src=\"https:\/\/richeskarayib.com\/wp-content\/uploads\/2025\/10\/WhatsApp-Image-2025-10-08-a-00.45.15_9b819ef4-1024x473.jpg\" class=\"attachment-large size-large wp-image-62742\" alt=\"ACI-LAC\" srcset=\"https:\/\/richeskarayib.com\/wp-content\/uploads\/2025\/10\/WhatsApp-Image-2025-10-08-a-00.45.15_9b819ef4-1024x473.jpg 1024w, https:\/\/richeskarayib.com\/wp-content\/uploads\/2025\/10\/WhatsApp-Image-2025-10-08-a-00.45.15_9b819ef4-300x139.jpg 300w, https:\/\/richeskarayib.com\/wp-content\/uploads\/2025\/10\/WhatsApp-Image-2025-10-08-a-00.45.15_9b819ef4-768x355.jpg 768w, https:\/\/richeskarayib.com\/wp-content\/uploads\/2025\/10\/WhatsApp-Image-2025-10-08-a-00.45.15_9b819ef4.jpg 1280w\" sizes=\"(max-width: 800px) 100vw, 800px\" \/>\t\t\t\t\t\t\t\t\t\t\t\t\t\t\t<\/div>\n\t\t\t\t<\/div>\n\t\t\t\t\t<\/div>\n\t\t<\/div>\n\t\t\t\t\t<\/div>\n\t\t<\/section>\n\t\t\t\t<section class=\"elementor-section elementor-top-section elementor-element elementor-element-82cd8f9 elementor-section-boxed elementor-section-height-default elementor-section-height-default\" data-id=\"82cd8f9\" data-element_type=\"section\">\n\t\t\t\t\t\t<div class=\"elementor-container elementor-column-gap-default\">\n\t\t\t\t\t<div class=\"elementor-column elementor-col-100 elementor-top-column elementor-element elementor-element-0bfdc38\" data-id=\"0bfdc38\" data-element_type=\"column\">\n\t\t\t<div class=\"elementor-widget-wrap elementor-element-populated\">\n\t\t\t\t\t\t<div class=\"elementor-element elementor-element-7d292fe elementor-widget elementor-widget-heading\" data-id=\"7d292fe\" data-element_type=\"widget\" data-widget_type=\"heading.default\">\n\t\t\t\t<div class=\"elementor-widget-container\">\n\t\t\t\t\t<h2 class=\"elementor-heading-title elementor-size-default\">Inversi\u00f3n colosal para un crecimiento sostenible<\/h2>\t\t\t\t<\/div>\n\t\t\t\t<\/div>\n\t\t\t\t<div class=\"elementor-element elementor-element-8e337bf elementor-widget elementor-widget-text-editor\" data-id=\"8e337bf\" data-element_type=\"widget\" data-widget_type=\"text-editor.default\">\n\t\t\t\t<div class=\"elementor-widget-container\">\n\t\t\t\t\t\t\t\t\t<p>Las necesidades de gastos de capital (CAPEX) para el periodo 2026-2040 ascienden a 82.600 millones de USD, de los cuales m\u00e1s de 30.000 millones se dedicar\u00e1n a la construcci\u00f3n de nuevos aeropuertos totalmente nuevos.<br \/>Seg\u00fan datos de la Reuni\u00f3n Anual ACI-LAC 2025, cada mill\u00f3n de pasajeros adicionales genera 9.500 puestos de trabajo y 25 millones de d\u00f3lares de PIB, lo que demuestra el impacto econ\u00f3mico directo del transporte a\u00e9reo en la regi\u00f3n.<\/p>\t\t\t\t\t\t\t\t<\/div>\n\t\t\t\t<\/div>\n\t\t\t\t<div class=\"elementor-element elementor-element-26a00ff elementor-widget elementor-widget-image\" data-id=\"26a00ff\" data-element_type=\"widget\" data-widget_type=\"image.default\">\n\t\t\t\t<div class=\"elementor-widget-container\">\n\t\t\t\t\t\t\t\t\t\t\t\t\t\t\t<img loading=\"lazy\" decoding=\"async\" width=\"800\" height=\"370\" src=\"https:\/\/richeskarayib.com\/wp-content\/uploads\/2025\/10\/WhatsApp-Image-2025-10-08-a-00.45.49_890dbab9-1024x473.jpg\" class=\"attachment-large size-large wp-image-62750\" alt=\"\" srcset=\"https:\/\/richeskarayib.com\/wp-content\/uploads\/2025\/10\/WhatsApp-Image-2025-10-08-a-00.45.49_890dbab9-1024x473.jpg 1024w, https:\/\/richeskarayib.com\/wp-content\/uploads\/2025\/10\/WhatsApp-Image-2025-10-08-a-00.45.49_890dbab9-300x139.jpg 300w, https:\/\/richeskarayib.com\/wp-content\/uploads\/2025\/10\/WhatsApp-Image-2025-10-08-a-00.45.49_890dbab9-768x355.jpg 768w, https:\/\/richeskarayib.com\/wp-content\/uploads\/2025\/10\/WhatsApp-Image-2025-10-08-a-00.45.49_890dbab9.jpg 1280w\" sizes=\"(max-width: 800px) 100vw, 800px\" \/>\t\t\t\t\t\t\t\t\t\t\t\t\t\t\t<\/div>\n\t\t\t\t<\/div>\n\t\t\t\t\t<\/div>\n\t\t<\/div>\n\t\t\t\t\t<\/div>\n\t\t<\/section>\n\t\t\t\t<section class=\"elementor-section elementor-top-section elementor-element elementor-element-5a7397d elementor-section-boxed elementor-section-height-default elementor-section-height-default\" data-id=\"5a7397d\" data-element_type=\"section\">\n\t\t\t\t\t\t<div class=\"elementor-container elementor-column-gap-default\">\n\t\t\t\t\t<div class=\"elementor-column elementor-col-100 elementor-top-column elementor-element elementor-element-8b33b4b\" data-id=\"8b33b4b\" data-element_type=\"column\">\n\t\t\t<div class=\"elementor-widget-wrap elementor-element-populated\">\n\t\t\t\t\t\t<div class=\"elementor-element elementor-element-89dac4b elementor-widget elementor-widget-heading\" data-id=\"89dac4b\" data-element_type=\"widget\" data-widget_type=\"heading.default\">\n\t\t\t\t<div class=\"elementor-widget-container\">\n\t\t\t\t\t<h2 class=\"elementor-heading-title elementor-size-default\">Neutralidad de carbono y accesibilidad: liderazgo regional<\/h2>\t\t\t\t<\/div>\n\t\t\t\t<\/div>\n\t\t\t\t<div class=\"elementor-element elementor-element-4fc7069 elementor-widget elementor-widget-text-editor\" data-id=\"4fc7069\" data-element_type=\"widget\" data-widget_type=\"text-editor.default\">\n\t\t\t\t<div class=\"elementor-widget-container\">\n\t\t\t\t\t\t\t\t\t<p>En el frente medioambiental, los ponentes destacaron los resultados del programa de Acreditaci\u00f3n del Carbono Aeroportuario (ACA) en la REUNI\u00d3N ANUAL ACI-LAC 2025.<br \/>En septiembre de 2025, se hab\u00edan certificado 621 aeropuertos de todo el mundo, incluidos 104 de Am\u00e9rica Latina y el Caribe. La regi\u00f3n ocupa el segundo lugar del mundo en n\u00famero de aeropuertos implicados en este proceso.<br \/>Este programa reconocido internacionalmente eval\u00faa y premia los esfuerzos de los aeropuertos por reducir sus emisiones de carbono como parte del objetivo Net Zero 2050 de ACI World.<\/p>\t\t\t\t\t\t\t\t<\/div>\n\t\t\t\t<\/div>\n\t\t\t\t<div class=\"elementor-element elementor-element-3940cbc elementor-widget elementor-widget-text-editor\" data-id=\"3940cbc\" data-element_type=\"widget\" data-widget_type=\"text-editor.default\">\n\t\t\t\t<div class=\"elementor-widget-container\">\n\t\t\t\t\t\t\t\t\t<p>El otro indicador de progreso se refiere a la Acreditaci\u00f3n de Mejora de la Accesibilidad (AEA): de los 47 aeropuertos certificados en todo el mundo, 17 se encuentran en la regi\u00f3n de ALC. Esta distinci\u00f3n confirma el papel del Caribe y de Am\u00e9rica Latina como l\u00edderes mundiales en accesibilidad a\u00e9rea para pasajeros con discapacidad.<\/p>\t\t\t\t\t\t\t\t<\/div>\n\t\t\t\t<\/div>\n\t\t\t\t<div class=\"elementor-element elementor-element-0eb9ea0 elementor-widget elementor-widget-image\" data-id=\"0eb9ea0\" data-element_type=\"widget\" data-widget_type=\"image.default\">\n\t\t\t\t<div class=\"elementor-widget-container\">\n\t\t\t\t\t\t\t\t\t\t\t\t\t\t\t<img loading=\"lazy\" decoding=\"async\" width=\"800\" height=\"472\" src=\"https:\/\/richeskarayib.com\/wp-content\/uploads\/2025\/10\/WhatsApp-Image-2025-10-08-a-00.41.53_03e4f170-1024x604.jpg\" class=\"attachment-large size-large wp-image-62746\" alt=\"\" srcset=\"https:\/\/richeskarayib.com\/wp-content\/uploads\/2025\/10\/WhatsApp-Image-2025-10-08-a-00.41.53_03e4f170-1024x604.jpg 1024w, https:\/\/richeskarayib.com\/wp-content\/uploads\/2025\/10\/WhatsApp-Image-2025-10-08-a-00.41.53_03e4f170-300x177.jpg 300w, https:\/\/richeskarayib.com\/wp-content\/uploads\/2025\/10\/WhatsApp-Image-2025-10-08-a-00.41.53_03e4f170-768x453.jpg 768w, https:\/\/richeskarayib.com\/wp-content\/uploads\/2025\/10\/WhatsApp-Image-2025-10-08-a-00.41.53_03e4f170.jpg 1280w\" sizes=\"(max-width: 800px) 100vw, 800px\" \/>\t\t\t\t\t\t\t\t\t\t\t\t\t\t\t<\/div>\n\t\t\t\t<\/div>\n\t\t\t\t\t<\/div>\n\t\t<\/div>\n\t\t\t\t\t<\/div>\n\t\t<\/section>\n\t\t\t\t<section class=\"elementor-section elementor-top-section elementor-element elementor-element-fce12d6 elementor-section-boxed elementor-section-height-default elementor-section-height-default\" data-id=\"fce12d6\" data-element_type=\"section\">\n\t\t\t\t\t\t<div class=\"elementor-container elementor-column-gap-default\">\n\t\t\t\t\t<div class=\"elementor-column elementor-col-100 elementor-top-column elementor-element elementor-element-e594ca0\" data-id=\"e594ca0\" data-element_type=\"column\">\n\t\t\t<div class=\"elementor-widget-wrap elementor-element-populated\">\n\t\t\t\t\t\t<div class=\"elementor-element elementor-element-9e1aff0 elementor-widget elementor-widget-heading\" data-id=\"9e1aff0\" data-element_type=\"widget\" data-widget_type=\"heading.default\">\n\t\t\t\t<div class=\"elementor-widget-container\">\n\t\t\t\t\t<h2 class=\"elementor-heading-title elementor-size-default\">Conectividad y liberalizaci\u00f3n: los pilares del futuro<\/h2>\t\t\t\t<\/div>\n\t\t\t\t<\/div>\n\t\t\t\t<div class=\"elementor-element elementor-element-dfb56d4 elementor-widget elementor-widget-text-editor\" data-id=\"dfb56d4\" data-element_type=\"widget\" data-widget_type=\"text-editor.default\">\n\t\t\t\t<div class=\"elementor-widget-container\">\n\t\t\t\t\t\t\t\t\t<p>M\u00e1s all\u00e1 de las cifras, M\u00f3nica Infante y Rafael Echevarne insistieron en la urgente necesidad de reforzar la conectividad intracaribe\u00f1a.<br \/>Para M\u00f3nica Infante, la prioridad es derribar las barreras normativas y crear un marco que permita a las nuevas compa\u00f1\u00edas a\u00e9reas regionales operar libremente.<br \/>Por su parte, Rafael Echevarne reiter\u00f3 que la liberalizaci\u00f3n del transporte a\u00e9reo es esencial para impulsar la competencia y reducir los costes para los pasajeros.<\/p><p>&#8220;La aviaci\u00f3n no es s\u00f3lo un sector econ\u00f3mico, es una infraestructura vital para la integraci\u00f3n y el desarrollo sostenible de nuestros territorios&#8221;, afirm\u00f3.<\/p>\t\t\t\t\t\t\t\t<\/div>\n\t\t\t\t<\/div>\n\t\t\t\t<div class=\"elementor-element elementor-element-62d01af elementor-widget elementor-widget-text-editor\" data-id=\"62d01af\" data-element_type=\"widget\" data-widget_type=\"text-editor.default\">\n\t\t\t\t<div class=\"elementor-widget-container\">\n\t\t\t\t\t\t\t\t\t<p>Por \u00faltimo, Hayden Newton subray\u00f3 el compromiso de la Autoridad Aeroportuaria de Trinidad y Tobago con la modernizaci\u00f3n de las infraestructuras mediante la biometr\u00eda, los sistemas automatizados y las innovaciones digitales.<\/p>\t\t\t\t\t\t\t\t<\/div>\n\t\t\t\t<\/div>\n\t\t\t\t\t<\/div>\n\t\t<\/div>\n\t\t\t\t\t<\/div>\n\t\t<\/section>\n\t\t\t\t<section class=\"elementor-section elementor-top-section elementor-element elementor-element-d77ecf4 elementor-section-boxed elementor-section-height-default elementor-section-height-default\" data-id=\"d77ecf4\" data-element_type=\"section\">\n\t\t\t\t\t\t<div class=\"elementor-container elementor-column-gap-default\">\n\t\t\t\t\t<div class=\"elementor-column elementor-col-100 elementor-top-column elementor-element elementor-element-19933fb\" data-id=\"19933fb\" data-element_type=\"column\">\n\t\t\t<div class=\"elementor-widget-wrap elementor-element-populated\">\n\t\t\t\t\t\t<div class=\"elementor-element elementor-element-8a601ee elementor-widget elementor-widget-text-editor\" data-id=\"8a601ee\" data-element_type=\"widget\" data-widget_type=\"text-editor.default\">\n\t\t\t\t<div class=\"elementor-widget-container\">\n\t\t\t\t\t\t\t\t\t<p>La REUNI\u00d3N ANUAL ACI-LAC 2025 confirm\u00f3 el crecimiento din\u00e1mico, la innovaci\u00f3n y la sostenibilidad del sector aeroportuario en Am\u00e9rica Latina y el Caribe.<br \/>Con unas previsiones s\u00f3lidas, una inversi\u00f3n masiva y una visi\u00f3n de neutralidad de carbono, la regi\u00f3n se est\u00e1 estableciendo como un modelo de resistencia y transformaci\u00f3n en el transporte a\u00e9reo mundial.<\/p>\t\t\t\t\t\t\t\t<\/div>\n\t\t\t\t<\/div>\n\t\t\t\t\t<\/div>\n\t\t<\/div>\n\t\t\t\t\t<\/div>\n\t\t<\/section>\n\t\t\t\t<\/div>\n\t\t","protected":false},"excerpt":{"rendered":"<p>Una conferencia estrat\u00e9gica en Trinidad y Tobago La conferencia de prensa celebrada en Trinidad y Tobago el 6 de octubre de 2025, en el marco de la ASAMBLEA ANUAL DE ACI-LAC 2025 &#8211; CONFERENCIA Y EXPOSICI\u00d3N, reuni\u00f3 a los principales ejecutivos de la industria aeroportuaria de la regi\u00f3n. Junto a M\u00f3nica Infante (Presidenta de ACI-LAC [&hellip;]<\/p>\n","protected":false},"author":662,"featured_media":62683,"comment_status":"open","ping_status":"open","sticky":false,"template":"","format":"standard","meta":{"_acf_changed":false,"footnotes":""},"categories":[1767],"tags":[1806,825,1558,1826],"class_list":["post-62761","post","type-post","status-publish","format-standard","has-post-thumbnail","hentry","category-aire","tag-brasil","tag-colombia","tag-mexico-es","tag-trinidad-tobago-es-2"],"acf":[],"_links":{"self":[{"href":"https:\/\/richeskarayib.com\/es\/wp-json\/wp\/v2\/posts\/62761","targetHints":{"allow":["GET"]}}],"collection":[{"href":"https:\/\/richeskarayib.com\/es\/wp-json\/wp\/v2\/posts"}],"about":[{"href":"https:\/\/richeskarayib.com\/es\/wp-json\/wp\/v2\/types\/post"}],"author":[{"embeddable":true,"href":"https:\/\/richeskarayib.com\/es\/wp-json\/wp\/v2\/users\/662"}],"replies":[{"embeddable":true,"href":"https:\/\/richeskarayib.com\/es\/wp-json\/wp\/v2\/comments?post=62761"}],"version-history":[{"count":0,"href":"https:\/\/richeskarayib.com\/es\/wp-json\/wp\/v2\/posts\/62761\/revisions"}],"wp:featuredmedia":[{"embeddable":true,"href":"https:\/\/richeskarayib.com\/es\/wp-json\/wp\/v2\/media\/62683"}],"wp:attachment":[{"href":"https:\/\/richeskarayib.com\/es\/wp-json\/wp\/v2\/media?parent=62761"}],"wp:term":[{"taxonomy":"category","embeddable":true,"href":"https:\/\/richeskarayib.com\/es\/wp-json\/wp\/v2\/categories?post=62761"},{"taxonomy":"post_tag","embeddable":true,"href":"https:\/\/richeskarayib.com\/es\/wp-json\/wp\/v2\/tags?post=62761"}],"curies":[{"name":"wp","href":"https:\/\/api.w.org\/{rel}","templated":true}]}}