{"id":62825,"date":"2025-10-08T12:12:16","date_gmt":"2025-10-08T16:12:16","guid":{"rendered":"https:\/\/richeskarayib.com\/mwa-ewitaj-kweyol-2025-un-homenaje-al-patrimonio-criollo-en-santa-lucia\/"},"modified":"2025-10-09T11:08:20","modified_gmt":"2025-10-09T15:08:20","slug":"mwa-ewitaj-kweyol-2025-un-homenaje-al-patrimonio-criollo-en-santa-lucia","status":"publish","type":"post","link":"https:\/\/richeskarayib.com\/es\/mwa-ewitaj-kweyol-2025-un-homenaje-al-patrimonio-criollo-en-santa-lucia\/","title":{"rendered":"Mwa \u00e9witaj Kw\u00e9y\u00f2l 2025: un homenaje al patrimonio criollo en Santa Luc\u00eda"},"content":{"rendered":"\t\t<div data-elementor-type=\"wp-post\" data-elementor-id=\"62825\" class=\"elementor elementor-62825 elementor-62771\" data-elementor-post-type=\"post\">\n\t\t\t\t\t\t<section class=\"elementor-section elementor-top-section elementor-element elementor-element-7ca7ca1 elementor-section-boxed elementor-section-height-default elementor-section-height-default\" data-id=\"7ca7ca1\" data-element_type=\"section\">\n\t\t\t\t\t\t<div class=\"elementor-container elementor-column-gap-default\">\n\t\t\t\t\t<div class=\"elementor-column elementor-col-100 elementor-top-column elementor-element elementor-element-cbdd002\" data-id=\"cbdd002\" data-element_type=\"column\">\n\t\t\t<div class=\"elementor-widget-wrap elementor-element-populated\">\n\t\t\t\t\t\t<section class=\"elementor-section elementor-inner-section elementor-element elementor-element-bc94849 elementor-section-boxed elementor-section-height-default elementor-section-height-default\" data-id=\"bc94849\" data-element_type=\"section\">\n\t\t\t\t\t\t<div class=\"elementor-container elementor-column-gap-default\">\n\t\t\t\t\t\t<\/div>\n\t\t<\/section>\n\t\t\t\t<section class=\"elementor-section elementor-inner-section elementor-element elementor-element-61571e6 elementor-section-boxed elementor-section-height-default elementor-section-height-default\" data-id=\"61571e6\" data-element_type=\"section\">\n\t\t\t\t\t\t<div class=\"elementor-container elementor-column-gap-default\">\n\t\t\t\t\t\t<\/div>\n\t\t<\/section>\n\t\t\t\t<section class=\"elementor-section elementor-inner-section elementor-element elementor-element-b6262e0 elementor-section-boxed elementor-section-height-default elementor-section-height-default\" data-id=\"b6262e0\" data-element_type=\"section\">\n\t\t\t\t\t\t<div class=\"elementor-container elementor-column-gap-default\">\n\t\t\t\t\t\t<\/div>\n\t\t<\/section>\n\t\t\t\t<section class=\"elementor-section elementor-inner-section elementor-element elementor-element-cca29fd elementor-section-boxed elementor-section-height-default elementor-section-height-default\" data-id=\"cca29fd\" data-element_type=\"section\">\n\t\t\t\t\t\t<div class=\"elementor-container elementor-column-gap-default\">\n\t\t\t\t\t\t<\/div>\n\t\t<\/section>\n\t\t\t\t\t<\/div>\n\t\t<\/div>\n\t\t\t\t\t<\/div>\n\t\t<\/section>\n\t\t\t\t<section class=\"elementor-section elementor-top-section elementor-element elementor-element-a6d4222 elementor-section-boxed elementor-section-height-default elementor-section-height-default\" data-id=\"a6d4222\" data-element_type=\"section\">\n\t\t\t\t\t\t<div class=\"elementor-container elementor-column-gap-default\">\n\t\t\t\t\t<div class=\"elementor-column elementor-col-100 elementor-top-column elementor-element elementor-element-ea27f09\" data-id=\"ea27f09\" data-element_type=\"column\">\n\t\t\t<div class=\"elementor-widget-wrap elementor-element-populated\">\n\t\t\t\t\t\t<div class=\"elementor-element elementor-element-8f49c6e elementor-widget elementor-widget-text-editor\" data-id=\"8f49c6e\" data-element_type=\"widget\" data-widget_type=\"text-editor.default\">\n\t\t\t\t<div class=\"elementor-widget-container\">\n\t\t\t\t\t\t\t\t\t<p><span style=\"font-weight: 400;\">En<a href=\"https:\/\/richeskarayib.com\/es\/el-carnaval-de-santa-lucia-un-motor-economico-y-cultural-regional\/\" target=\"_blank\" rel=\"noopener\"> Santa<\/a> Luc\u00eda, el mes de octubre es un momento de orgullo y transmisi\u00f3n desde hace m\u00e1s de cuarenta a\u00f1os. Mwa \u00e9witaj Kw\u00e9y\u00f2l 2025, coordinado por el <a href=\"https:\/\/folkresearchcentre.org\/\" target=\"_blank\" rel=\"noopener nofollow\">Centro de Investigaci\u00f3n Folcl\u00f3rica<\/a> (FRC), celebra la lengua criolla, la memoria y las pr\u00e1cticas culturales que conforman la identidad luciana. Esta edici\u00f3n 2025 confirma la vitalidad de un movimiento que se ha convertido en una instituci\u00f3n nacional.  <\/span><\/p>\t\t\t\t\t\t\t\t<\/div>\n\t\t\t\t<\/div>\n\t\t\t\t<section class=\"elementor-section elementor-inner-section elementor-element elementor-element-4b7e434 elementor-section-boxed elementor-section-height-default elementor-section-height-default\" data-id=\"4b7e434\" data-element_type=\"section\">\n\t\t\t\t\t\t<div class=\"elementor-container elementor-column-gap-default\">\n\t\t\t\t\t<div class=\"elementor-column elementor-col-100 elementor-inner-column elementor-element elementor-element-9b3a399\" data-id=\"9b3a399\" data-element_type=\"column\">\n\t\t\t<div class=\"elementor-widget-wrap elementor-element-populated\">\n\t\t\t\t\t\t<div class=\"elementor-element elementor-element-fec7d27 elementor-widget elementor-widget-image\" data-id=\"fec7d27\" data-element_type=\"widget\" data-widget_type=\"image.default\">\n\t\t\t\t<div class=\"elementor-widget-container\">\n\t\t\t\t\t\t\t\t\t\t\t\t<figure class=\"wp-caption\">\n\t\t\t\t\t\t\t\t\t\t<img fetchpriority=\"high\" decoding=\"async\" width=\"800\" height=\"296\" src=\"https:\/\/richeskarayib.com\/wp-content\/uploads\/2025\/10\/\u00a9Folk-Research-Centre-3-1024x379.png\" class=\"attachment-large size-large wp-image-62815\" alt=\"Mwa \u00e9witaj Kw\u00e9y\u00f2l\" srcset=\"https:\/\/richeskarayib.com\/wp-content\/uploads\/2025\/10\/\u00a9Folk-Research-Centre-3-1024x379.png 1024w, https:\/\/richeskarayib.com\/wp-content\/uploads\/2025\/10\/\u00a9Folk-Research-Centre-3-300x111.png 300w, https:\/\/richeskarayib.com\/wp-content\/uploads\/2025\/10\/\u00a9Folk-Research-Centre-3-768x284.png 768w, https:\/\/richeskarayib.com\/wp-content\/uploads\/2025\/10\/\u00a9Folk-Research-Centre-3-1536x569.png 1536w, https:\/\/richeskarayib.com\/wp-content\/uploads\/2025\/10\/\u00a9Folk-Research-Centre-3-1320x489.png 1320w, https:\/\/richeskarayib.com\/wp-content\/uploads\/2025\/10\/\u00a9Folk-Research-Centre-3.png 1920w\" sizes=\"(max-width: 800px) 100vw, 800px\" \/>\t\t\t\t\t\t\t\t\t\t\t<figcaption class=\"widget-image-caption wp-caption-text\">\u00a9Folk Research Centre<\/figcaption>\n\t\t\t\t\t\t\t\t\t\t<\/figure>\n\t\t\t\t\t\t\t\t\t<\/div>\n\t\t\t\t<\/div>\n\t\t\t\t\t<\/div>\n\t\t<\/div>\n\t\t\t\t\t<\/div>\n\t\t<\/section>\n\t\t\t\t\t<\/div>\n\t\t<\/div>\n\t\t\t\t\t<\/div>\n\t\t<\/section>\n\t\t\t\t<section class=\"elementor-section elementor-top-section elementor-element elementor-element-e1fea79 elementor-section-boxed elementor-section-height-default elementor-section-height-default\" data-id=\"e1fea79\" data-element_type=\"section\">\n\t\t\t\t\t\t<div class=\"elementor-container elementor-column-gap-default\">\n\t\t\t\t\t<div class=\"elementor-column elementor-col-100 elementor-top-column elementor-element elementor-element-6d0be76\" data-id=\"6d0be76\" data-element_type=\"column\">\n\t\t\t<div class=\"elementor-widget-wrap elementor-element-populated\">\n\t\t\t\t\t\t<div class=\"elementor-element elementor-element-a310b25 elementor-widget elementor-widget-heading\" data-id=\"a310b25\" data-element_type=\"widget\" data-widget_type=\"heading.default\">\n\t\t\t\t<div class=\"elementor-widget-container\">\n\t\t\t\t\t<h2 class=\"elementor-heading-title elementor-size-default\">Un lanzamiento oficial y un programa nacional\n<\/h2>\t\t\t\t<\/div>\n\t\t\t\t<\/div>\n\t\t\t\t<div class=\"elementor-element elementor-element-bbb62ae elementor-widget elementor-widget-text-editor\" data-id=\"bbb62ae\" data-element_type=\"widget\" data-widget_type=\"text-editor.default\">\n\t\t\t\t<div class=\"elementor-widget-container\">\n\t\t\t\t\t\t\t\t\t<p><span style=\"font-weight: 400;\">Mwa \u00e9witaj Kw\u00e9y\u00f2l 2025 se present\u00f3 el 30 de septiembre en el <\/span><span style=\"font-weight: 400;\">Centro Cultural Nacional<\/span><span style=\"font-weight: 400;\">  de Castries, bajo la direcci\u00f3n del Centro de Investigaci\u00f3n Folcl\u00f3rica, fundado en 1973 por Monse\u00f1or Patrick Anthony. El FRC, conocido por su trabajo sobre el patrimonio inmaterial, coordina las actividades del mes en todo el pa\u00eds. <\/span><\/p>\t\t\t\t\t\t\t\t<\/div>\n\t\t\t\t<\/div>\n\t\t\t\t<div class=\"elementor-element elementor-element-56c2df3 elementor-widget elementor-widget-text-editor\" data-id=\"56c2df3\" data-element_type=\"widget\" data-widget_type=\"text-editor.default\">\n\t\t\t\t<div class=\"elementor-widget-container\">\n\t\t\t\t\t\t\t\t\t<p><span style=\"font-weight: 400;\">El programa oficial publicado por el FRC incluye varios actos importantes:<\/span><\/p>\n<ul>\n<li style=\"font-weight: 400;\" aria-level=\"1\"><span style=\"font-weight: 400;\">&#8211; el Festival Woul\u00e9laba, una competici\u00f3n deportiva inspirada en el cr\u00edquet tradicional;<\/span><span style=\"font-weight: 400;\"><br><\/span><\/li>\n<li style=\"font-weight: 400;\" aria-level=\"1\"><span style=\"font-weight: 400;\">&#8211; la elecci\u00f3n de La Wenn Kw\u00e9y\u00f2l, la reina criolla;<\/span><span style=\"font-weight: 400;\"><br><\/span><\/li>\n<li style=\"font-weight: 400;\" aria-level=\"1\"><span style=\"font-weight: 400;\">&#8211; conciertos y exposiciones culturales en varias ciudades;<\/span><span style=\"font-weight: 400;\"><br><\/span><\/li>\n<li style=\"font-weight: 400;\" aria-level=\"1\"><span style=\"font-weight: 400;\">&#8211; y el gran final del mes, el Jounen Kw\u00e9y\u00f2l, el domingo 26 de octubre de 2025.<\/span><span style=\"font-weight: 400;\"><br><\/span><\/li>\n<\/ul>\n<p><span style=\"font-weight: 400;\">Esta jornada nacional tendr\u00e1 lugar en dos localidades: Babonneau, en el norte, y Belle Vue (Vieux-Fort), en el sur, designadas como comunidades de acogida por el <a href=\"https:\/\/www.instagram.com\/folkresearchcentre\/?fbclid=IwY2xjawNTKZpleHRuA2FlbQIxMABicmlkETFTS3NvS3h5OE1iZldScjgwAR7k50uKrBaa3PAZ9-7BiDgA3yoMuefMJEMHcZqeUR2HhdM9m2G-g55TQVce2g_aem_MzP2IcdRvbu6pWos9F2_6w\" target=\"_blank\" rel=\"noopener nofollow\">FRC<\/a>.<\/span><\/p>\t\t\t\t\t\t\t\t<\/div>\n\t\t\t\t<\/div>\n\t\t\t\t<section class=\"elementor-section elementor-inner-section elementor-element elementor-element-6785902 elementor-section-boxed elementor-section-height-default elementor-section-height-default\" data-id=\"6785902\" data-element_type=\"section\">\n\t\t\t\t\t\t<div class=\"elementor-container elementor-column-gap-default\">\n\t\t\t\t\t<div class=\"elementor-column elementor-col-50 elementor-inner-column elementor-element elementor-element-aad9d16\" data-id=\"aad9d16\" data-element_type=\"column\">\n\t\t\t<div class=\"elementor-widget-wrap elementor-element-populated\">\n\t\t\t\t\t\t<div class=\"elementor-element elementor-element-c436731 elementor-widget elementor-widget-image\" data-id=\"c436731\" data-element_type=\"widget\" data-widget_type=\"image.default\">\n\t\t\t\t<div class=\"elementor-widget-container\">\n\t\t\t\t\t\t\t\t\t\t\t\t<figure class=\"wp-caption\">\n\t\t\t\t\t\t\t\t\t\t<img decoding=\"async\" width=\"800\" height=\"1000\" src=\"https:\/\/richeskarayib.com\/wp-content\/uploads\/2025\/10\/\u00a9Folk-Research-Centre-10-819x1024.jpg\" class=\"attachment-large size-large wp-image-62779\" alt=\"Mwa \u00e9witaj Kw\u00e9y\u00f2l\" srcset=\"https:\/\/richeskarayib.com\/wp-content\/uploads\/2025\/10\/\u00a9Folk-Research-Centre-10-819x1024.jpg 819w, https:\/\/richeskarayib.com\/wp-content\/uploads\/2025\/10\/\u00a9Folk-Research-Centre-10-240x300.jpg 240w, https:\/\/richeskarayib.com\/wp-content\/uploads\/2025\/10\/\u00a9Folk-Research-Centre-10-768x960.jpg 768w, https:\/\/richeskarayib.com\/wp-content\/uploads\/2025\/10\/\u00a9Folk-Research-Centre-10-1229x1536.jpg 1229w, https:\/\/richeskarayib.com\/wp-content\/uploads\/2025\/10\/\u00a9Folk-Research-Centre-10-1320x1650.jpg 1320w, https:\/\/richeskarayib.com\/wp-content\/uploads\/2025\/10\/\u00a9Folk-Research-Centre-10.jpg 1440w\" sizes=\"(max-width: 800px) 100vw, 800px\" \/>\t\t\t\t\t\t\t\t\t\t\t<figcaption class=\"widget-image-caption wp-caption-text\">\u00a9Folk Research Centre<\/figcaption>\n\t\t\t\t\t\t\t\t\t\t<\/figure>\n\t\t\t\t\t\t\t\t\t<\/div>\n\t\t\t\t<\/div>\n\t\t\t\t\t<\/div>\n\t\t<\/div>\n\t\t\t\t<div class=\"elementor-column elementor-col-50 elementor-inner-column elementor-element elementor-element-e3af61e\" data-id=\"e3af61e\" data-element_type=\"column\">\n\t\t\t<div class=\"elementor-widget-wrap elementor-element-populated\">\n\t\t\t\t\t\t<div class=\"elementor-element elementor-element-cd4e39b elementor-widget elementor-widget-image\" data-id=\"cd4e39b\" data-element_type=\"widget\" data-widget_type=\"image.default\">\n\t\t\t\t<div class=\"elementor-widget-container\">\n\t\t\t\t\t\t\t\t\t\t\t\t<figure class=\"wp-caption\">\n\t\t\t\t\t\t\t\t\t\t<img decoding=\"async\" width=\"800\" height=\"1000\" src=\"https:\/\/richeskarayib.com\/wp-content\/uploads\/2025\/10\/\u00a9Folk-Research-Centre-11-819x1024.jpg\" class=\"attachment-large size-large wp-image-62783\" alt=\"Mwa \u00e9witaj Kw\u00e9y\u00f2l\" srcset=\"https:\/\/richeskarayib.com\/wp-content\/uploads\/2025\/10\/\u00a9Folk-Research-Centre-11-819x1024.jpg 819w, https:\/\/richeskarayib.com\/wp-content\/uploads\/2025\/10\/\u00a9Folk-Research-Centre-11-240x300.jpg 240w, https:\/\/richeskarayib.com\/wp-content\/uploads\/2025\/10\/\u00a9Folk-Research-Centre-11-768x960.jpg 768w, https:\/\/richeskarayib.com\/wp-content\/uploads\/2025\/10\/\u00a9Folk-Research-Centre-11-1229x1536.jpg 1229w, https:\/\/richeskarayib.com\/wp-content\/uploads\/2025\/10\/\u00a9Folk-Research-Centre-11-1320x1650.jpg 1320w, https:\/\/richeskarayib.com\/wp-content\/uploads\/2025\/10\/\u00a9Folk-Research-Centre-11.jpg 1366w\" sizes=\"(max-width: 800px) 100vw, 800px\" \/>\t\t\t\t\t\t\t\t\t\t\t<figcaption class=\"widget-image-caption wp-caption-text\">Monsignor Patrick Anthony \u00a9Folk Research Centre<\/figcaption>\n\t\t\t\t\t\t\t\t\t\t<\/figure>\n\t\t\t\t\t\t\t\t\t<\/div>\n\t\t\t\t<\/div>\n\t\t\t\t\t<\/div>\n\t\t<\/div>\n\t\t\t\t\t<\/div>\n\t\t<\/section>\n\t\t\t\t\t<\/div>\n\t\t<\/div>\n\t\t\t\t\t<\/div>\n\t\t<\/section>\n\t\t\t\t<section class=\"elementor-section elementor-top-section elementor-element elementor-element-ee72354 elementor-section-boxed elementor-section-height-default elementor-section-height-default\" data-id=\"ee72354\" data-element_type=\"section\">\n\t\t\t\t\t\t<div class=\"elementor-container elementor-column-gap-default\">\n\t\t\t\t\t<div class=\"elementor-column elementor-col-100 elementor-top-column elementor-element elementor-element-c59d6fe\" data-id=\"c59d6fe\" data-element_type=\"column\">\n\t\t\t<div class=\"elementor-widget-wrap elementor-element-populated\">\n\t\t\t\t\t\t<div class=\"elementor-element elementor-element-ddc6a1e elementor-widget elementor-widget-heading\" data-id=\"ddc6a1e\" data-element_type=\"widget\" data-widget_type=\"heading.default\">\n\t\t\t\t<div class=\"elementor-widget-container\">\n\t\t\t\t\t<h2 class=\"elementor-heading-title elementor-size-default\">Jounen Kw\u00e9y\u00f2l: lo m\u00e1s destacado del Mes Criollo<\/h2>\t\t\t\t<\/div>\n\t\t\t\t<\/div>\n\t\t\t\t<div class=\"elementor-element elementor-element-e57451f elementor-widget elementor-widget-text-editor\" data-id=\"e57451f\" data-element_type=\"widget\" data-widget_type=\"text-editor.default\">\n\t\t\t\t<div class=\"elementor-widget-container\">\n\t\t\t\t\t\t\t\t\t<p><span style=\"font-weight: 400;\">Creado a principios de la d\u00e9cada de 1980, el <\/span><a href=\"https:\/\/la1ere.franceinfo.fr\/martinique\/mwa-ewitaj-kweyol-le-mois-de-l-heritage-creole-est-lance-a-sainte-lucie-1630262.html\" target=\"_blank\" rel=\"noopener nofollow\">\n  <b>Jounen Kw\u00e9y\u00f2l<\/b>\n<\/a><span style=\"font-weight: 400;\">  se ha convertido en uno de los acontecimientos culturales m\u00e1s importantes de Santa Luc\u00eda. Su objetivo es fomentar el uso p\u00fablico del kw\u00e9y\u00f2l y promover expresiones populares como la m\u00fasica, la cocina, la artesan\u00eda y la narraci\u00f3n de cuentos. <\/span><\/p>\t\t\t\t\t\t\t\t<\/div>\n\t\t\t\t<\/div>\n\t\t\t\t<div class=\"elementor-element elementor-element-6cdbbe3 elementor-widget elementor-widget-text-editor\" data-id=\"6cdbbe3\" data-element_type=\"widget\" data-widget_type=\"text-editor.default\">\n\t\t\t\t<div class=\"elementor-widget-container\">\n\t\t\t\t\t\t\t\t\t<p><span style=\"font-weight: 400;\">En 2025, esta jornada de clausura reunir\u00e1, como cada a\u00f1o, a escuelas, asociaciones y grupos culturales. Las calles se engalanar\u00e1n de madr\u00e1s, las familias preparar\u00e1n platos tradicionales y la m\u00fasica local resonar\u00e1 en los barrios. <\/span><span style=\"font-weight: 400;\"><br><\/span> <span style=\"font-weight: 400;\"> En <\/span><b>FRC<\/b><span style=\"font-weight: 400;\"> se\u00f1ala que :<\/span><\/p>\n<p><span style=\"font-weight: 400;\">&#8220;Jounen Kw\u00e9y\u00f2l no es s\u00f3lo una celebraci\u00f3n: es un acto de gratitud hacia nuestras ra\u00edces y hacia quienes les han dado vida.<\/span><\/p>\n<p><span style=\"font-weight: 400;\">Este enfoque, centrado en la comunidad y no en el turismo, confiere a Mwa \u00e9witaj Kw\u00e9y\u00f2l 2025 una autenticidad poco frecuente en el panorama cultural del Caribe.<\/span><\/p>\t\t\t\t\t\t\t\t<\/div>\n\t\t\t\t<\/div>\n\t\t\t\t<section class=\"elementor-section elementor-inner-section elementor-element elementor-element-5240689 elementor-section-boxed elementor-section-height-default elementor-section-height-default\" data-id=\"5240689\" data-element_type=\"section\">\n\t\t\t\t\t\t<div class=\"elementor-container elementor-column-gap-default\">\n\t\t\t\t\t<div class=\"elementor-column elementor-col-50 elementor-inner-column elementor-element elementor-element-cc9383e\" data-id=\"cc9383e\" data-element_type=\"column\">\n\t\t\t<div class=\"elementor-widget-wrap elementor-element-populated\">\n\t\t\t\t\t\t<div class=\"elementor-element elementor-element-c0bac6d elementor-widget elementor-widget-image\" data-id=\"c0bac6d\" data-element_type=\"widget\" data-widget_type=\"image.default\">\n\t\t\t\t<div class=\"elementor-widget-container\">\n\t\t\t\t\t\t\t\t\t\t\t\t<figure class=\"wp-caption\">\n\t\t\t\t\t\t\t\t\t\t<img loading=\"lazy\" decoding=\"async\" width=\"800\" height=\"450\" src=\"https:\/\/richeskarayib.com\/wp-content\/uploads\/2025\/10\/\u00a9Folk-Research-Centre-17-1024x576.jpg\" class=\"attachment-large size-large wp-image-62791\" alt=\"Mwa \u00e9witaj Kw\u00e9y\u00f2l\" srcset=\"https:\/\/richeskarayib.com\/wp-content\/uploads\/2025\/10\/\u00a9Folk-Research-Centre-17-1024x576.jpg 1024w, https:\/\/richeskarayib.com\/wp-content\/uploads\/2025\/10\/\u00a9Folk-Research-Centre-17-300x169.jpg 300w, https:\/\/richeskarayib.com\/wp-content\/uploads\/2025\/10\/\u00a9Folk-Research-Centre-17-768x432.jpg 768w, https:\/\/richeskarayib.com\/wp-content\/uploads\/2025\/10\/\u00a9Folk-Research-Centre-17-1536x864.jpg 1536w, https:\/\/richeskarayib.com\/wp-content\/uploads\/2025\/10\/\u00a9Folk-Research-Centre-17-1320x743.jpg 1320w, https:\/\/richeskarayib.com\/wp-content\/uploads\/2025\/10\/\u00a9Folk-Research-Centre-17.jpg 2048w\" sizes=\"(max-width: 800px) 100vw, 800px\" \/>\t\t\t\t\t\t\t\t\t\t\t<figcaption class=\"widget-image-caption wp-caption-text\">\u00a9Folk Research Centre<\/figcaption>\n\t\t\t\t\t\t\t\t\t\t<\/figure>\n\t\t\t\t\t\t\t\t\t<\/div>\n\t\t\t\t<\/div>\n\t\t\t\t\t<\/div>\n\t\t<\/div>\n\t\t\t\t<div class=\"elementor-column elementor-col-50 elementor-inner-column elementor-element elementor-element-810519e\" data-id=\"810519e\" data-element_type=\"column\">\n\t\t\t<div class=\"elementor-widget-wrap elementor-element-populated\">\n\t\t\t\t\t\t<div class=\"elementor-element elementor-element-c7f2a03 elementor-widget elementor-widget-image\" data-id=\"c7f2a03\" data-element_type=\"widget\" data-widget_type=\"image.default\">\n\t\t\t\t<div class=\"elementor-widget-container\">\n\t\t\t\t\t\t\t\t\t\t\t\t<figure class=\"wp-caption\">\n\t\t\t\t\t\t\t\t\t\t<img loading=\"lazy\" decoding=\"async\" width=\"800\" height=\"450\" src=\"https:\/\/richeskarayib.com\/wp-content\/uploads\/2025\/10\/\u00a9Folk-Research-Centre-14-1024x576.jpg\" class=\"attachment-large size-large wp-image-62787\" alt=\"Mwa \u00e9witaj Kw\u00e9y\u00f2l\" srcset=\"https:\/\/richeskarayib.com\/wp-content\/uploads\/2025\/10\/\u00a9Folk-Research-Centre-14-1024x576.jpg 1024w, https:\/\/richeskarayib.com\/wp-content\/uploads\/2025\/10\/\u00a9Folk-Research-Centre-14-300x169.jpg 300w, https:\/\/richeskarayib.com\/wp-content\/uploads\/2025\/10\/\u00a9Folk-Research-Centre-14-768x432.jpg 768w, https:\/\/richeskarayib.com\/wp-content\/uploads\/2025\/10\/\u00a9Folk-Research-Centre-14-1536x864.jpg 1536w, https:\/\/richeskarayib.com\/wp-content\/uploads\/2025\/10\/\u00a9Folk-Research-Centre-14-1320x743.jpg 1320w, https:\/\/richeskarayib.com\/wp-content\/uploads\/2025\/10\/\u00a9Folk-Research-Centre-14.jpg 2048w\" sizes=\"(max-width: 800px) 100vw, 800px\" \/>\t\t\t\t\t\t\t\t\t\t\t<figcaption class=\"widget-image-caption wp-caption-text\">\u00a9Folk Research Centre<\/figcaption>\n\t\t\t\t\t\t\t\t\t\t<\/figure>\n\t\t\t\t\t\t\t\t\t<\/div>\n\t\t\t\t<\/div>\n\t\t\t\t\t<\/div>\n\t\t<\/div>\n\t\t\t\t\t<\/div>\n\t\t<\/section>\n\t\t\t\t<section class=\"elementor-section elementor-inner-section elementor-element elementor-element-541bdf3 elementor-section-boxed elementor-section-height-default elementor-section-height-default\" data-id=\"541bdf3\" data-element_type=\"section\">\n\t\t\t\t\t\t<div class=\"elementor-container elementor-column-gap-default\">\n\t\t\t\t\t<div class=\"elementor-column elementor-col-50 elementor-inner-column elementor-element elementor-element-c5351d1\" data-id=\"c5351d1\" data-element_type=\"column\">\n\t\t\t<div class=\"elementor-widget-wrap elementor-element-populated\">\n\t\t\t\t\t\t<div class=\"elementor-element elementor-element-0ec22f3 elementor-widget elementor-widget-image\" data-id=\"0ec22f3\" data-element_type=\"widget\" data-widget_type=\"image.default\">\n\t\t\t\t<div class=\"elementor-widget-container\">\n\t\t\t\t\t\t\t\t\t\t\t\t<figure class=\"wp-caption\">\n\t\t\t\t\t\t\t\t\t\t<img loading=\"lazy\" decoding=\"async\" width=\"800\" height=\"450\" src=\"https:\/\/richeskarayib.com\/wp-content\/uploads\/2025\/10\/\u00a9Folk-Research-Centre-15-1024x576.jpg\" class=\"attachment-large size-large wp-image-62819\" alt=\"Mwa \u00e9witaj Kw\u00e9y\u00f2l\" srcset=\"https:\/\/richeskarayib.com\/wp-content\/uploads\/2025\/10\/\u00a9Folk-Research-Centre-15-1024x576.jpg 1024w, https:\/\/richeskarayib.com\/wp-content\/uploads\/2025\/10\/\u00a9Folk-Research-Centre-15-300x169.jpg 300w, https:\/\/richeskarayib.com\/wp-content\/uploads\/2025\/10\/\u00a9Folk-Research-Centre-15-768x432.jpg 768w, https:\/\/richeskarayib.com\/wp-content\/uploads\/2025\/10\/\u00a9Folk-Research-Centre-15-1536x864.jpg 1536w, https:\/\/richeskarayib.com\/wp-content\/uploads\/2025\/10\/\u00a9Folk-Research-Centre-15-1320x743.jpg 1320w, https:\/\/richeskarayib.com\/wp-content\/uploads\/2025\/10\/\u00a9Folk-Research-Centre-15.jpg 2048w\" sizes=\"(max-width: 800px) 100vw, 800px\" \/>\t\t\t\t\t\t\t\t\t\t\t<figcaption class=\"widget-image-caption wp-caption-text\">\u00a9Folk Research Centre<\/figcaption>\n\t\t\t\t\t\t\t\t\t\t<\/figure>\n\t\t\t\t\t\t\t\t\t<\/div>\n\t\t\t\t<\/div>\n\t\t\t\t\t<\/div>\n\t\t<\/div>\n\t\t\t\t<div class=\"elementor-column elementor-col-50 elementor-inner-column elementor-element elementor-element-7ed9d56\" data-id=\"7ed9d56\" data-element_type=\"column\">\n\t\t\t<div class=\"elementor-widget-wrap elementor-element-populated\">\n\t\t\t\t\t\t<div class=\"elementor-element elementor-element-7cdc8e1 elementor-widget elementor-widget-image\" data-id=\"7cdc8e1\" data-element_type=\"widget\" data-widget_type=\"image.default\">\n\t\t\t\t<div class=\"elementor-widget-container\">\n\t\t\t\t\t\t\t\t\t\t\t\t<figure class=\"wp-caption\">\n\t\t\t\t\t\t\t\t\t\t<img loading=\"lazy\" decoding=\"async\" width=\"800\" height=\"534\" src=\"https:\/\/richeskarayib.com\/wp-content\/uploads\/2025\/10\/\u00a9Folk-Research-Centre-8-1024x683.jpg\" class=\"attachment-large size-large wp-image-62823\" alt=\"\u00a9Folk Research Centre\" srcset=\"https:\/\/richeskarayib.com\/wp-content\/uploads\/2025\/10\/\u00a9Folk-Research-Centre-8-1024x683.jpg 1024w, https:\/\/richeskarayib.com\/wp-content\/uploads\/2025\/10\/\u00a9Folk-Research-Centre-8-300x200.jpg 300w, https:\/\/richeskarayib.com\/wp-content\/uploads\/2025\/10\/\u00a9Folk-Research-Centre-8-768x512.jpg 768w, https:\/\/richeskarayib.com\/wp-content\/uploads\/2025\/10\/\u00a9Folk-Research-Centre-8-1536x1024.jpg 1536w, https:\/\/richeskarayib.com\/wp-content\/uploads\/2025\/10\/\u00a9Folk-Research-Centre-8-1320x880.jpg 1320w, https:\/\/richeskarayib.com\/wp-content\/uploads\/2025\/10\/\u00a9Folk-Research-Centre-8.jpg 1920w\" sizes=\"(max-width: 800px) 100vw, 800px\" \/>\t\t\t\t\t\t\t\t\t\t\t<figcaption class=\"widget-image-caption wp-caption-text\">\u00a9Folk Research Centre<\/figcaption>\n\t\t\t\t\t\t\t\t\t\t<\/figure>\n\t\t\t\t\t\t\t\t\t<\/div>\n\t\t\t\t<\/div>\n\t\t\t\t\t<\/div>\n\t\t<\/div>\n\t\t\t\t\t<\/div>\n\t\t<\/section>\n\t\t\t\t\t<\/div>\n\t\t<\/div>\n\t\t\t\t\t<\/div>\n\t\t<\/section>\n\t\t\t\t<section class=\"elementor-section elementor-top-section elementor-element elementor-element-82cd8f9 elementor-section-boxed elementor-section-height-default elementor-section-height-default\" data-id=\"82cd8f9\" data-element_type=\"section\">\n\t\t\t\t\t\t<div class=\"elementor-container elementor-column-gap-default\">\n\t\t\t\t\t<div class=\"elementor-column elementor-col-100 elementor-top-column elementor-element elementor-element-0bfdc38\" data-id=\"0bfdc38\" data-element_type=\"column\">\n\t\t\t<div class=\"elementor-widget-wrap elementor-element-populated\">\n\t\t\t\t\t\t<div class=\"elementor-element elementor-element-7d292fe elementor-widget elementor-widget-heading\" data-id=\"7d292fe\" data-element_type=\"widget\" data-widget_type=\"heading.default\">\n\t\t\t\t<div class=\"elementor-widget-container\">\n\t\t\t\t\t<h2 class=\"elementor-heading-title elementor-size-default\">El papel impulsor del Centro de Investigaci\u00f3n Folcl\u00f3rica<\/h2>\t\t\t\t<\/div>\n\t\t\t\t<\/div>\n\t\t\t\t<div class=\"elementor-element elementor-element-8e337bf elementor-widget elementor-widget-text-editor\" data-id=\"8e337bf\" data-element_type=\"widget\" data-widget_type=\"text-editor.default\">\n\t\t\t\t<div class=\"elementor-widget-container\">\n\t\t\t\t\t\t\t\t\t<p>Desde su creaci\u00f3n, el Centro de Investigaci\u00f3n Folcl\u00f3rica ha trabajado para investigar, documentar y transmitir el patrimonio criollo. Su fundador, Monse\u00f1or Patrick Anthony, fue uno de los primeros en defender el uso del kw\u00e9y\u00f2l en los medios de comunicaci\u00f3n y en la educaci\u00f3n. <\/p>\n<p>En la actualidad, el centro se encarga de preparar el Mwa \u00e9witaj Kw\u00e9y\u00f2l 2025, coordinar los actos locales y formar a los animadores culturales. Cada a\u00f1o publica un calendario oficial, accesible al p\u00fablico, en el que figuran las fechas y los temas de los actos. <\/p>\t\t\t\t\t\t\t\t<\/div>\n\t\t\t\t<\/div>\n\t\t\t\t<div class=\"elementor-element elementor-element-99ed8a6 elementor-widget elementor-widget-text-editor\" data-id=\"99ed8a6\" data-element_type=\"widget\" data-widget_type=\"text-editor.default\">\n\t\t\t\t<div class=\"elementor-widget-container\">\n\t\t\t\t\t\t\t\t\t<p><span style=\"font-weight: 400;\">El tema elegido para 2025, <\/span><b>&#8220;Kw\u00e9y\u00f2l S\u00e9 F\u00f2s Nou<\/b><span style=\"font-weight: 400;\"> (&#8220;El criollo es nuestra fuerza&#8221;), subraya la idea de que la lengua sigue siendo una palanca de unidad y resistencia.<\/span><\/p>\t\t\t\t\t\t\t\t<\/div>\n\t\t\t\t<\/div>\n\t\t\t\t\t<\/div>\n\t\t<\/div>\n\t\t\t\t\t<\/div>\n\t\t<\/section>\n\t\t\t\t<section class=\"elementor-section elementor-top-section elementor-element elementor-element-5a7397d elementor-section-boxed elementor-section-height-default elementor-section-height-default\" data-id=\"5a7397d\" data-element_type=\"section\">\n\t\t\t\t\t\t<div class=\"elementor-container elementor-column-gap-default\">\n\t\t\t\t\t<div class=\"elementor-column elementor-col-100 elementor-top-column elementor-element elementor-element-8b33b4b\" data-id=\"8b33b4b\" data-element_type=\"column\">\n\t\t\t<div class=\"elementor-widget-wrap elementor-element-populated\">\n\t\t\t\t\t\t<div class=\"elementor-element elementor-element-89dac4b elementor-widget elementor-widget-heading\" data-id=\"89dac4b\" data-element_type=\"widget\" data-widget_type=\"heading.default\">\n\t\t\t\t<div class=\"elementor-widget-container\">\n\t\t\t\t\t<h2 class=\"elementor-heading-title elementor-size-default\">Wenn Kw\u00e9y\u00f2l y fiestas tradicionales<\/h2>\t\t\t\t<\/div>\n\t\t\t\t<\/div>\n\t\t\t\t<div class=\"elementor-element elementor-element-4fc7069 elementor-widget elementor-widget-text-editor\" data-id=\"4fc7069\" data-element_type=\"widget\" data-widget_type=\"text-editor.default\">\n\t\t\t\t<div class=\"elementor-widget-container\">\n\t\t\t\t\t\t\t\t\t<p><span style=\"font-weight: 400;\">Entre los acontecimientos clave, <\/span><b>La Wenn Kw\u00e9y\u00f2l<\/b><span style=\"font-weight: 400;\">  tiene un lugar especial. Este concurso, organizado cada a\u00f1o por el FRC, presenta a mujeres de distintas comunidades. Se las juzga por su dominio de la lengua kw\u00e9y\u00f2l, su conocimiento de las costumbres y su interpretaci\u00f3n art\u00edstica. M\u00e1s all\u00e1 del t\u00edtulo, esta elecci\u00f3n simboliza la transmisi\u00f3n de valores familiares y sociales en el seno de la sociedad lucianense.   <\/span><\/p>\n<p><span style=\"font-weight: 400;\">El mes tambi\u00e9n incluye actos culturales y religiosos como el <\/span><b>F\u00e8t Magwit<\/b><span style=\"font-weight: 400;\">Una celebraci\u00f3n floral dedicada a Santa Margarita, profundamente arraigada en la tradici\u00f3n popular. El hecho de que tenga lugar en pleno Mwa \u00e9witaj Kw\u00e9y\u00f2l refuerza el v\u00ednculo entre espiritualidad e identidad cultural. <\/span><\/p>\t\t\t\t\t\t\t\t<\/div>\n\t\t\t\t<\/div>\n\t\t\t\t<section class=\"elementor-section elementor-inner-section elementor-element elementor-element-91a6288 elementor-section-boxed elementor-section-height-default elementor-section-height-default\" data-id=\"91a6288\" data-element_type=\"section\">\n\t\t\t\t\t\t<div class=\"elementor-container elementor-column-gap-default\">\n\t\t\t\t\t<div class=\"elementor-column elementor-col-100 elementor-inner-column elementor-element elementor-element-98b104d\" data-id=\"98b104d\" data-element_type=\"column\">\n\t\t\t<div class=\"elementor-widget-wrap elementor-element-populated\">\n\t\t\t\t\t\t<div class=\"elementor-element elementor-element-db70051 elementor-widget elementor-widget-image\" data-id=\"db70051\" data-element_type=\"widget\" data-widget_type=\"image.default\">\n\t\t\t\t<div class=\"elementor-widget-container\">\n\t\t\t\t\t\t\t\t\t\t\t\t<figure class=\"wp-caption\">\n\t\t\t\t\t\t\t\t\t\t<img loading=\"lazy\" decoding=\"async\" width=\"800\" height=\"360\" src=\"https:\/\/richeskarayib.com\/wp-content\/uploads\/2025\/10\/\u00a9Folk-Research-Centre-13-1024x461.jpg\" class=\"attachment-large size-large wp-image-62795\" alt=\"Mwa \u00e9witaj Kw\u00e9y\u00f2l\" srcset=\"https:\/\/richeskarayib.com\/wp-content\/uploads\/2025\/10\/\u00a9Folk-Research-Centre-13-1024x461.jpg 1024w, https:\/\/richeskarayib.com\/wp-content\/uploads\/2025\/10\/\u00a9Folk-Research-Centre-13-300x135.jpg 300w, https:\/\/richeskarayib.com\/wp-content\/uploads\/2025\/10\/\u00a9Folk-Research-Centre-13-768x346.jpg 768w, https:\/\/richeskarayib.com\/wp-content\/uploads\/2025\/10\/\u00a9Folk-Research-Centre-13-1536x691.jpg 1536w, https:\/\/richeskarayib.com\/wp-content\/uploads\/2025\/10\/\u00a9Folk-Research-Centre-13-1320x594.jpg 1320w, https:\/\/richeskarayib.com\/wp-content\/uploads\/2025\/10\/\u00a9Folk-Research-Centre-13.jpg 1600w\" sizes=\"(max-width: 800px) 100vw, 800px\" \/>\t\t\t\t\t\t\t\t\t\t\t<figcaption class=\"widget-image-caption wp-caption-text\">\u00a9Folk Research Centre<\/figcaption>\n\t\t\t\t\t\t\t\t\t\t<\/figure>\n\t\t\t\t\t\t\t\t\t<\/div>\n\t\t\t\t<\/div>\n\t\t\t\t\t<\/div>\n\t\t<\/div>\n\t\t\t\t\t<\/div>\n\t\t<\/section>\n\t\t\t\t\t<\/div>\n\t\t<\/div>\n\t\t\t\t\t<\/div>\n\t\t<\/section>\n\t\t\t\t<section class=\"elementor-section elementor-top-section elementor-element elementor-element-fce12d6 elementor-section-boxed elementor-section-height-default elementor-section-height-default\" data-id=\"fce12d6\" data-element_type=\"section\">\n\t\t\t\t\t\t<div class=\"elementor-container elementor-column-gap-default\">\n\t\t\t\t\t<div class=\"elementor-column elementor-col-100 elementor-top-column elementor-element elementor-element-e594ca0\" data-id=\"e594ca0\" data-element_type=\"column\">\n\t\t\t<div class=\"elementor-widget-wrap elementor-element-populated\">\n\t\t\t\t\t\t<div class=\"elementor-element elementor-element-9e1aff0 elementor-widget elementor-widget-heading\" data-id=\"9e1aff0\" data-element_type=\"widget\" data-widget_type=\"heading.default\">\n\t\t\t\t<div class=\"elementor-widget-container\">\n\t\t\t\t\t<h2 class=\"elementor-heading-title elementor-size-default\">Un mes de apertura y solidaridad regional\n<\/h2>\t\t\t\t<\/div>\n\t\t\t\t<\/div>\n\t\t\t\t<div class=\"elementor-element elementor-element-dfb56d4 elementor-widget elementor-widget-text-editor\" data-id=\"dfb56d4\" data-element_type=\"widget\" data-widget_type=\"text-editor.default\">\n\t\t\t\t<div class=\"elementor-widget-container\">\n\t\t\t\t\t\t\t\t\t<p><span style=\"font-weight: 400;\">La edici\u00f3n 2025 de Mwa \u00e9witaj Kw\u00e9y\u00f2l tiene un enfoque regional. Las autoridades culturales han anunciado la llegada de un grupo cultural de la Guayana Francesa, invitado por el FRC. Esta cooperaci\u00f3n ilustra la solidaridad entre los pueblos criollohablantes y reaviva los lazos entre Santa Luc\u00eda y los territorios franc\u00f3fonos del Caribe.  <\/span><\/p>\n<p><span style=\"font-weight: 400;\">El FRC tambi\u00e9n anima a los dem\u00e1s municipios del pa\u00eds a organizar sus propias actividades en torno al tema del mes, para que toda la isla participe en la transmisi\u00f3n del patrimonio kw\u00e9y\u00f2l.<\/span><\/p>\t\t\t\t\t\t\t\t<\/div>\n\t\t\t\t<\/div>\n\t\t\t\t<section class=\"elementor-section elementor-inner-section elementor-element elementor-element-467a84e elementor-section-boxed elementor-section-height-default elementor-section-height-default\" data-id=\"467a84e\" data-element_type=\"section\">\n\t\t\t\t\t\t<div class=\"elementor-container elementor-column-gap-default\">\n\t\t\t\t\t<div class=\"elementor-column elementor-col-50 elementor-inner-column elementor-element elementor-element-6baea2f\" data-id=\"6baea2f\" data-element_type=\"column\">\n\t\t\t<div class=\"elementor-widget-wrap elementor-element-populated\">\n\t\t\t\t\t\t<div class=\"elementor-element elementor-element-1db77df elementor-widget elementor-widget-image\" data-id=\"1db77df\" data-element_type=\"widget\" data-widget_type=\"image.default\">\n\t\t\t\t<div class=\"elementor-widget-container\">\n\t\t\t\t\t\t\t\t\t\t\t\t<figure class=\"wp-caption\">\n\t\t\t\t\t\t\t\t\t\t<img loading=\"lazy\" decoding=\"async\" width=\"800\" height=\"640\" src=\"https:\/\/richeskarayib.com\/wp-content\/uploads\/2025\/10\/\u00a9Folk-Research-Centre-1-1024x819.jpg\" class=\"attachment-large size-large wp-image-62799\" alt=\"Mwa \u00e9witaj Kw\u00e9y\u00f2l\" srcset=\"https:\/\/richeskarayib.com\/wp-content\/uploads\/2025\/10\/\u00a9Folk-Research-Centre-1-1024x819.jpg 1024w, https:\/\/richeskarayib.com\/wp-content\/uploads\/2025\/10\/\u00a9Folk-Research-Centre-1-300x240.jpg 300w, https:\/\/richeskarayib.com\/wp-content\/uploads\/2025\/10\/\u00a9Folk-Research-Centre-1-768x614.jpg 768w, https:\/\/richeskarayib.com\/wp-content\/uploads\/2025\/10\/\u00a9Folk-Research-Centre-1-1536x1229.jpg 1536w, https:\/\/richeskarayib.com\/wp-content\/uploads\/2025\/10\/\u00a9Folk-Research-Centre-1-1320x1056.jpg 1320w, https:\/\/richeskarayib.com\/wp-content\/uploads\/2025\/10\/\u00a9Folk-Research-Centre-1.jpg 1920w\" sizes=\"(max-width: 800px) 100vw, 800px\" \/>\t\t\t\t\t\t\t\t\t\t\t<figcaption class=\"widget-image-caption wp-caption-text\">\u00a9Folk Research Centre<\/figcaption>\n\t\t\t\t\t\t\t\t\t\t<\/figure>\n\t\t\t\t\t\t\t\t\t<\/div>\n\t\t\t\t<\/div>\n\t\t\t\t\t<\/div>\n\t\t<\/div>\n\t\t\t\t<div class=\"elementor-column elementor-col-50 elementor-inner-column elementor-element elementor-element-97b3e77\" data-id=\"97b3e77\" data-element_type=\"column\">\n\t\t\t<div class=\"elementor-widget-wrap elementor-element-populated\">\n\t\t\t\t\t\t<div class=\"elementor-element elementor-element-65744f9 elementor-widget elementor-widget-image\" data-id=\"65744f9\" data-element_type=\"widget\" data-widget_type=\"image.default\">\n\t\t\t\t<div class=\"elementor-widget-container\">\n\t\t\t\t\t\t\t\t\t\t\t\t<figure class=\"wp-caption\">\n\t\t\t\t\t\t\t\t\t\t<img loading=\"lazy\" decoding=\"async\" width=\"800\" height=\"640\" src=\"https:\/\/richeskarayib.com\/wp-content\/uploads\/2025\/10\/\u00a9Folk-Research-Centre-5-1024x819.jpg\" class=\"attachment-large size-large wp-image-62803\" alt=\"Mwa \u00e9witaj Kw\u00e9y\u00f2l\" srcset=\"https:\/\/richeskarayib.com\/wp-content\/uploads\/2025\/10\/\u00a9Folk-Research-Centre-5-1024x819.jpg 1024w, https:\/\/richeskarayib.com\/wp-content\/uploads\/2025\/10\/\u00a9Folk-Research-Centre-5-300x240.jpg 300w, https:\/\/richeskarayib.com\/wp-content\/uploads\/2025\/10\/\u00a9Folk-Research-Centre-5-768x614.jpg 768w, https:\/\/richeskarayib.com\/wp-content\/uploads\/2025\/10\/\u00a9Folk-Research-Centre-5-1536x1229.jpg 1536w, https:\/\/richeskarayib.com\/wp-content\/uploads\/2025\/10\/\u00a9Folk-Research-Centre-5-1320x1056.jpg 1320w, https:\/\/richeskarayib.com\/wp-content\/uploads\/2025\/10\/\u00a9Folk-Research-Centre-5.jpg 1920w\" sizes=\"(max-width: 800px) 100vw, 800px\" \/>\t\t\t\t\t\t\t\t\t\t\t<figcaption class=\"widget-image-caption wp-caption-text\">\u00a9Folk Research Centre<\/figcaption>\n\t\t\t\t\t\t\t\t\t\t<\/figure>\n\t\t\t\t\t\t\t\t\t<\/div>\n\t\t\t\t<\/div>\n\t\t\t\t\t<\/div>\n\t\t<\/div>\n\t\t\t\t\t<\/div>\n\t\t<\/section>\n\t\t\t\t<section class=\"elementor-section elementor-inner-section elementor-element elementor-element-6eca754 elementor-section-boxed elementor-section-height-default elementor-section-height-default\" data-id=\"6eca754\" data-element_type=\"section\">\n\t\t\t\t\t\t<div class=\"elementor-container elementor-column-gap-default\">\n\t\t\t\t\t<div class=\"elementor-column elementor-col-50 elementor-inner-column elementor-element elementor-element-4236a3a\" data-id=\"4236a3a\" data-element_type=\"column\">\n\t\t\t<div class=\"elementor-widget-wrap elementor-element-populated\">\n\t\t\t\t\t\t<div class=\"elementor-element elementor-element-048be45 elementor-widget elementor-widget-image\" data-id=\"048be45\" data-element_type=\"widget\" data-widget_type=\"image.default\">\n\t\t\t\t<div class=\"elementor-widget-container\">\n\t\t\t\t\t\t\t\t\t\t\t\t<figure class=\"wp-caption\">\n\t\t\t\t\t\t\t\t\t\t<img loading=\"lazy\" decoding=\"async\" width=\"800\" height=\"640\" src=\"https:\/\/richeskarayib.com\/wp-content\/uploads\/2025\/10\/\u00a9Folk-Research-Centre-6-1024x819.jpg\" class=\"attachment-large size-large wp-image-62807\" alt=\"\u00a9Folk Research Centre\" srcset=\"https:\/\/richeskarayib.com\/wp-content\/uploads\/2025\/10\/\u00a9Folk-Research-Centre-6-1024x819.jpg 1024w, https:\/\/richeskarayib.com\/wp-content\/uploads\/2025\/10\/\u00a9Folk-Research-Centre-6-300x240.jpg 300w, https:\/\/richeskarayib.com\/wp-content\/uploads\/2025\/10\/\u00a9Folk-Research-Centre-6-768x614.jpg 768w, https:\/\/richeskarayib.com\/wp-content\/uploads\/2025\/10\/\u00a9Folk-Research-Centre-6-1536x1229.jpg 1536w, https:\/\/richeskarayib.com\/wp-content\/uploads\/2025\/10\/\u00a9Folk-Research-Centre-6-1320x1056.jpg 1320w, https:\/\/richeskarayib.com\/wp-content\/uploads\/2025\/10\/\u00a9Folk-Research-Centre-6.jpg 2048w\" sizes=\"(max-width: 800px) 100vw, 800px\" \/>\t\t\t\t\t\t\t\t\t\t\t<figcaption class=\"widget-image-caption wp-caption-text\">\u00a9Folk Research Centre<\/figcaption>\n\t\t\t\t\t\t\t\t\t\t<\/figure>\n\t\t\t\t\t\t\t\t\t<\/div>\n\t\t\t\t<\/div>\n\t\t\t\t\t<\/div>\n\t\t<\/div>\n\t\t\t\t<div class=\"elementor-column elementor-col-50 elementor-inner-column elementor-element elementor-element-7c225e7\" data-id=\"7c225e7\" data-element_type=\"column\">\n\t\t\t<div class=\"elementor-widget-wrap elementor-element-populated\">\n\t\t\t\t\t\t<div class=\"elementor-element elementor-element-6adac82 elementor-widget elementor-widget-image\" data-id=\"6adac82\" data-element_type=\"widget\" data-widget_type=\"image.default\">\n\t\t\t\t<div class=\"elementor-widget-container\">\n\t\t\t\t\t\t\t\t\t\t\t\t<figure class=\"wp-caption\">\n\t\t\t\t\t\t\t\t\t\t<img loading=\"lazy\" decoding=\"async\" width=\"800\" height=\"640\" src=\"https:\/\/richeskarayib.com\/wp-content\/uploads\/2025\/10\/\u00a9Folk-Research-Centre-1024x819.jpg\" class=\"attachment-large size-large wp-image-62811\" alt=\"\u00a9Folk Research Centre\" srcset=\"https:\/\/richeskarayib.com\/wp-content\/uploads\/2025\/10\/\u00a9Folk-Research-Centre-1024x819.jpg 1024w, https:\/\/richeskarayib.com\/wp-content\/uploads\/2025\/10\/\u00a9Folk-Research-Centre-300x240.jpg 300w, https:\/\/richeskarayib.com\/wp-content\/uploads\/2025\/10\/\u00a9Folk-Research-Centre-768x614.jpg 768w, https:\/\/richeskarayib.com\/wp-content\/uploads\/2025\/10\/\u00a9Folk-Research-Centre-1536x1229.jpg 1536w, https:\/\/richeskarayib.com\/wp-content\/uploads\/2025\/10\/\u00a9Folk-Research-Centre-1320x1056.jpg 1320w, https:\/\/richeskarayib.com\/wp-content\/uploads\/2025\/10\/\u00a9Folk-Research-Centre.jpg 1920w\" sizes=\"(max-width: 800px) 100vw, 800px\" \/>\t\t\t\t\t\t\t\t\t\t\t<figcaption class=\"widget-image-caption wp-caption-text\">\u00a9Folk Research Centre<\/figcaption>\n\t\t\t\t\t\t\t\t\t\t<\/figure>\n\t\t\t\t\t\t\t\t\t<\/div>\n\t\t\t\t<\/div>\n\t\t\t\t\t<\/div>\n\t\t<\/div>\n\t\t\t\t\t<\/div>\n\t\t<\/section>\n\t\t\t\t\t<\/div>\n\t\t<\/div>\n\t\t\t\t\t<\/div>\n\t\t<\/section>\n\t\t\t\t<section class=\"elementor-section elementor-top-section elementor-element elementor-element-93c9c3f elementor-section-boxed elementor-section-height-default elementor-section-height-default\" data-id=\"93c9c3f\" data-element_type=\"section\">\n\t\t\t\t\t\t<div class=\"elementor-container elementor-column-gap-default\">\n\t\t\t\t\t<div class=\"elementor-column elementor-col-100 elementor-top-column elementor-element elementor-element-2f4e069\" data-id=\"2f4e069\" data-element_type=\"column\">\n\t\t\t<div class=\"elementor-widget-wrap elementor-element-populated\">\n\t\t\t\t\t\t<div class=\"elementor-element elementor-element-115a9b5 elementor-widget elementor-widget-heading\" data-id=\"115a9b5\" data-element_type=\"widget\" data-widget_type=\"heading.default\">\n\t\t\t\t<div class=\"elementor-widget-container\">\n\t\t\t\t\t<h2 class=\"elementor-heading-title elementor-size-default\">Un valor compartido en todo el Caribe<\/h2>\t\t\t\t<\/div>\n\t\t\t\t<\/div>\n\t\t\t\t<div class=\"elementor-element elementor-element-bc7f990 elementor-widget elementor-widget-text-editor\" data-id=\"bc7f990\" data-element_type=\"widget\" data-widget_type=\"text-editor.default\">\n\t\t\t\t<div class=\"elementor-widget-container\">\n\t\t\t\t\t\t\t\t\t<p><span style=\"font-weight: 400;\">Mwa \u00e9witaj Kw\u00e9y\u00f2l 2025 es una referencia para la regi\u00f3n. Demuestra que una naci\u00f3n puede preservar su lengua y su patrimonio sin convertirlos en museos. A trav\u00e9s de las canciones, las historias y los gestos transmitidos, Santa Luc\u00eda nos est\u00e1 recordando que el creolit\u00e9 no es un vestigio, sino una fuerza viva.  <\/span><\/p>\n<p><span style=\"font-weight: 400;\">Al situar el kw\u00e9y\u00f2l en el centro de su vida p\u00fablica, el pa\u00eds afirma una sencilla convicci\u00f3n: la cultura se defiende primero practic\u00e1ndola. De este modo, Mwa \u00e9witaj Kw\u00e9y\u00f2l 2025 contin\u00faa la labor de un pueblo que ha hecho de su lengua una herramienta de orgullo, solidaridad y futuro. <\/span><\/p>\t\t\t\t\t\t\t\t<\/div>\n\t\t\t\t<\/div>\n\t\t\t\t\t<\/div>\n\t\t<\/div>\n\t\t\t\t\t<\/div>\n\t\t<\/section>\n\t\t\t\t<\/div>\n\t\t","protected":false},"excerpt":{"rendered":"<p>En Santa Luc\u00eda, el mes de octubre es un momento de orgullo y transmisi\u00f3n desde hace m\u00e1s de cuarenta a\u00f1os. Mwa \u00e9witaj Kw\u00e9y\u00f2l 2025, coordinado por el Centro de Investigaci\u00f3n Folcl\u00f3rica (FRC), celebra la lengua criolla, la memoria y las pr\u00e1cticas culturales que conforman la identidad luciana. Esta edici\u00f3n 2025 confirma la vitalidad de un [&hellip;]<\/p>\n","protected":false},"author":662,"featured_media":62831,"comment_status":"open","ping_status":"open","sticky":false,"template":"","format":"standard","meta":{"_acf_changed":false,"footnotes":""},"categories":[1499,1469],"tags":[1594],"class_list":["post-62825","post","type-post","status-publish","format-standard","has-post-thumbnail","hentry","category-gestion-de-eventos","category-historia-patrimonio","tag-sainte-lucie-es"],"acf":[],"_links":{"self":[{"href":"https:\/\/richeskarayib.com\/es\/wp-json\/wp\/v2\/posts\/62825","targetHints":{"allow":["GET"]}}],"collection":[{"href":"https:\/\/richeskarayib.com\/es\/wp-json\/wp\/v2\/posts"}],"about":[{"href":"https:\/\/richeskarayib.com\/es\/wp-json\/wp\/v2\/types\/post"}],"author":[{"embeddable":true,"href":"https:\/\/richeskarayib.com\/es\/wp-json\/wp\/v2\/users\/662"}],"replies":[{"embeddable":true,"href":"https:\/\/richeskarayib.com\/es\/wp-json\/wp\/v2\/comments?post=62825"}],"version-history":[{"count":0,"href":"https:\/\/richeskarayib.com\/es\/wp-json\/wp\/v2\/posts\/62825\/revisions"}],"wp:featuredmedia":[{"embeddable":true,"href":"https:\/\/richeskarayib.com\/es\/wp-json\/wp\/v2\/media\/62831"}],"wp:attachment":[{"href":"https:\/\/richeskarayib.com\/es\/wp-json\/wp\/v2\/media?parent=62825"}],"wp:term":[{"taxonomy":"category","embeddable":true,"href":"https:\/\/richeskarayib.com\/es\/wp-json\/wp\/v2\/categories?post=62825"},{"taxonomy":"post_tag","embeddable":true,"href":"https:\/\/richeskarayib.com\/es\/wp-json\/wp\/v2\/tags?post=62825"}],"curies":[{"name":"wp","href":"https:\/\/api.w.org\/{rel}","templated":true}]}}