{"id":62928,"date":"2025-10-09T13:40:52","date_gmt":"2025-10-09T17:40:52","guid":{"rendered":"https:\/\/richeskarayib.com\/cooperacion-entre-los-estados-miembros-de-la-caricom-4-paises-caribenos-alcanzan-un-hito-historico\/"},"modified":"2025-10-09T13:40:53","modified_gmt":"2025-10-09T17:40:53","slug":"cooperacion-entre-los-estados-miembros-de-la-caricom-4-paises-caribenos-alcanzan-un-hito-historico","status":"publish","type":"post","link":"https:\/\/richeskarayib.com\/es\/cooperacion-entre-los-estados-miembros-de-la-caricom-4-paises-caribenos-alcanzan-un-hito-historico\/","title":{"rendered":"Cooperaci\u00f3n entre los Estados miembros de la CARICOM: 4 pa\u00edses caribe\u00f1os alcanzan un hito hist\u00f3rico"},"content":{"rendered":"\t\t<div data-elementor-type=\"wp-post\" data-elementor-id=\"62928\" class=\"elementor elementor-62928 elementor-62893\" data-elementor-post-type=\"post\">\n\t\t\t\t\t\t<section class=\"elementor-section elementor-top-section elementor-element elementor-element-7ca7ca1 elementor-section-boxed elementor-section-height-default elementor-section-height-default\" data-id=\"7ca7ca1\" data-element_type=\"section\">\n\t\t\t\t\t\t<div class=\"elementor-container elementor-column-gap-default\">\n\t\t\t\t\t<div class=\"elementor-column elementor-col-100 elementor-top-column elementor-element elementor-element-cbdd002\" data-id=\"cbdd002\" data-element_type=\"column\">\n\t\t\t<div class=\"elementor-widget-wrap elementor-element-populated\">\n\t\t\t\t\t\t<section class=\"elementor-section elementor-inner-section elementor-element elementor-element-bc94849 elementor-section-boxed elementor-section-height-default elementor-section-height-default\" data-id=\"bc94849\" data-element_type=\"section\">\n\t\t\t\t\t\t<div class=\"elementor-container elementor-column-gap-default\">\n\t\t\t\t\t\t<\/div>\n\t\t<\/section>\n\t\t\t\t<section class=\"elementor-section elementor-inner-section elementor-element elementor-element-61571e6 elementor-section-boxed elementor-section-height-default elementor-section-height-default\" data-id=\"61571e6\" data-element_type=\"section\">\n\t\t\t\t\t\t<div class=\"elementor-container elementor-column-gap-default\">\n\t\t\t\t\t\t<\/div>\n\t\t<\/section>\n\t\t\t\t<section class=\"elementor-section elementor-inner-section elementor-element elementor-element-b6262e0 elementor-section-boxed elementor-section-height-default elementor-section-height-default\" data-id=\"b6262e0\" data-element_type=\"section\">\n\t\t\t\t\t\t<div class=\"elementor-container elementor-column-gap-default\">\n\t\t\t\t\t\t<\/div>\n\t\t<\/section>\n\t\t\t\t<section class=\"elementor-section elementor-inner-section elementor-element elementor-element-cca29fd elementor-section-boxed elementor-section-height-default elementor-section-height-default\" data-id=\"cca29fd\" data-element_type=\"section\">\n\t\t\t\t\t\t<div class=\"elementor-container elementor-column-gap-default\">\n\t\t\t\t\t\t<\/div>\n\t\t<\/section>\n\t\t\t\t\t<\/div>\n\t\t<\/div>\n\t\t\t\t\t<\/div>\n\t\t<\/section>\n\t\t\t\t<section class=\"elementor-section elementor-top-section elementor-element elementor-element-a6d4222 elementor-section-boxed elementor-section-height-default elementor-section-height-default\" data-id=\"a6d4222\" data-element_type=\"section\">\n\t\t\t\t\t\t<div class=\"elementor-container elementor-column-gap-default\">\n\t\t\t\t\t<div class=\"elementor-column elementor-col-100 elementor-top-column elementor-element elementor-element-ea27f09\" data-id=\"ea27f09\" data-element_type=\"column\">\n\t\t\t<div class=\"elementor-widget-wrap elementor-element-populated\">\n\t\t\t\t\t\t<div class=\"elementor-element elementor-element-8f49c6e elementor-widget elementor-widget-text-editor\" data-id=\"8f49c6e\" data-element_type=\"widget\" data-widget_type=\"text-editor.default\">\n\t\t\t\t<div class=\"elementor-widget-container\">\n\t\t\t\t\t\t\t\t\t<p><span style=\"font-weight: 400;\">La cooperaci\u00f3n entre los Estados miembros <a href=\"https:\/\/caricom.org\/\" target=\"_blank\" rel=\"noopener nofollow\">de la CARICOM<\/a> ha adquirido una nueva dimensi\u00f3n desde el 1\u1d49\u02b3 de octubre de 2025. Barbados, Belice, Dominica y San Vicente y las Granadinas han levantado oficialmente las barreras a la circulaci\u00f3n de sus ciudadanos. Estas cuatro naciones han puesto en marcha un acuerdo sin precedentes que permite a sus nacionales vivir, trabajar y establecerse libremente en este espacio caribe\u00f1o sin permisos de trabajo. Una se\u00f1al fuerte para la construcci\u00f3n de una regi\u00f3n m\u00e1s unida y solidaria.   <\/span><\/p>\t\t\t\t\t\t\t\t<\/div>\n\t\t\t\t<\/div>\n\t\t\t\t\t<\/div>\n\t\t<\/div>\n\t\t\t\t\t<\/div>\n\t\t<\/section>\n\t\t\t\t<section class=\"elementor-section elementor-top-section elementor-element elementor-element-e1fea79 elementor-section-boxed elementor-section-height-default elementor-section-height-default\" data-id=\"e1fea79\" data-element_type=\"section\">\n\t\t\t\t\t\t<div class=\"elementor-container elementor-column-gap-default\">\n\t\t\t\t\t<div class=\"elementor-column elementor-col-100 elementor-top-column elementor-element elementor-element-6d0be76\" data-id=\"6d0be76\" data-element_type=\"column\">\n\t\t\t<div class=\"elementor-widget-wrap elementor-element-populated\">\n\t\t\t\t\t\t<div class=\"elementor-element elementor-element-a310b25 elementor-widget elementor-widget-heading\" data-id=\"a310b25\" data-element_type=\"widget\" data-widget_type=\"heading.default\">\n\t\t\t\t<div class=\"elementor-widget-container\">\n\t\t\t\t\t<h2 class=\"elementor-heading-title elementor-size-default\">Un acuerdo fundacional para la libre movilidad regional<\/h2>\t\t\t\t<\/div>\n\t\t\t\t<\/div>\n\t\t\t\t<div class=\"elementor-element elementor-element-bbb62ae elementor-widget elementor-widget-text-editor\" data-id=\"bbb62ae\" data-element_type=\"widget\" data-widget_type=\"text-editor.default\">\n\t\t\t\t<div class=\"elementor-widget-container\">\n\t\t\t\t\t\t\t\t\t<p><span style=\"font-weight: 400;\">Lanzado bajo el t\u00edtulo &#8220;Cooperaci\u00f3n reforzada en materia de libre circulaci\u00f3n&#8221;, este compromiso fue ratificado por los Jefes de Gobierno en la 49\u1d49 Cumbre <a href=\"https:\/\/la1ere.franceinfo.fr\/martinique\/libre-circulation-dans-la-caricom-4-pays-de-la-caraibe-ouvrent-leurs-frontieres-a-partir-du-1er-octobre-2025-1627979.html\" target=\"_blank\" rel=\"noopener nofollow\">del CARICOM<\/a>, celebrada en Montego Bay. Por primera vez, los pa\u00edses caribe\u00f1os aplican plenamente los principios de libre circulaci\u00f3n ya esbozados en el Tratado de Chaguaramas. <\/span><\/p>\t\t\t\t\t\t\t\t<\/div>\n\t\t\t\t<\/div>\n\t\t\t\t<div class=\"elementor-element elementor-element-56c2df3 elementor-widget elementor-widget-text-editor\" data-id=\"56c2df3\" data-element_type=\"widget\" data-widget_type=\"text-editor.default\">\n\t\t\t\t<div class=\"elementor-widget-container\">\n\t\t\t\t\t\t\t\t\t<p><span style=\"font-weight: 400;\">Gracias a este acuerdo, los nacionales de Barbados, Belice, Dominica y San Vicente y las Granadinas pueden entrar, salir, trabajar y residir en los pa\u00edses socios sin un certificado del CSME ni un permiso especial. Tambi\u00e9n disfrutan de un acceso limitado pero efectivo a los servicios p\u00fablicos esenciales, incluida la sanidad b\u00e1sica y la educaci\u00f3n primaria o secundaria. <\/span><\/p>\n<p><span style=\"font-weight: 400;\">Esta cooperaci\u00f3n entre los Estados miembros de la CARICOM es el primer paso de un proyecto m\u00e1s amplio para unificar la regi\u00f3n en t\u00e9rminos humanos y econ\u00f3micos.<\/span><\/p>\t\t\t\t\t\t\t\t<\/div>\n\t\t\t\t<\/div>\n\t\t\t\t<section class=\"elementor-section elementor-inner-section elementor-element elementor-element-305929b elementor-section-boxed elementor-section-height-default elementor-section-height-default\" data-id=\"305929b\" data-element_type=\"section\">\n\t\t\t\t\t\t<div class=\"elementor-container elementor-column-gap-default\">\n\t\t\t\t\t<div class=\"elementor-column elementor-col-50 elementor-inner-column elementor-element elementor-element-70a3d1c\" data-id=\"70a3d1c\" data-element_type=\"column\">\n\t\t\t<div class=\"elementor-widget-wrap elementor-element-populated\">\n\t\t\t\t\t\t<div class=\"elementor-element elementor-element-22857a4 elementor-widget elementor-widget-image\" data-id=\"22857a4\" data-element_type=\"widget\" data-widget_type=\"image.default\">\n\t\t\t\t<div class=\"elementor-widget-container\">\n\t\t\t\t\t\t\t\t\t\t\t\t<figure class=\"wp-caption\">\n\t\t\t\t\t\t\t\t\t\t<img fetchpriority=\"high\" decoding=\"async\" width=\"640\" height=\"640\" src=\"https:\/\/richeskarayib.com\/wp-content\/uploads\/2025\/10\/\u00a9CARICOM-1.jpg\" class=\"attachment-large size-large wp-image-62901\" alt=\"Coop\u00e9ration entre \u00c9tats membres du CARICOM\" srcset=\"https:\/\/richeskarayib.com\/wp-content\/uploads\/2025\/10\/\u00a9CARICOM-1.jpg 640w, https:\/\/richeskarayib.com\/wp-content\/uploads\/2025\/10\/\u00a9CARICOM-1-300x300.jpg 300w, https:\/\/richeskarayib.com\/wp-content\/uploads\/2025\/10\/\u00a9CARICOM-1-150x150.jpg 150w\" sizes=\"(max-width: 640px) 100vw, 640px\" \/>\t\t\t\t\t\t\t\t\t\t\t<figcaption class=\"widget-image-caption wp-caption-text\">\u00a9CARICOM<\/figcaption>\n\t\t\t\t\t\t\t\t\t\t<\/figure>\n\t\t\t\t\t\t\t\t\t<\/div>\n\t\t\t\t<\/div>\n\t\t\t\t\t<\/div>\n\t\t<\/div>\n\t\t\t\t<div class=\"elementor-column elementor-col-50 elementor-inner-column elementor-element elementor-element-58dabaa\" data-id=\"58dabaa\" data-element_type=\"column\">\n\t\t\t<div class=\"elementor-widget-wrap elementor-element-populated\">\n\t\t\t\t\t\t<div class=\"elementor-element elementor-element-d551062 elementor-widget elementor-widget-image\" data-id=\"d551062\" data-element_type=\"widget\" data-widget_type=\"image.default\">\n\t\t\t\t<div class=\"elementor-widget-container\">\n\t\t\t\t\t\t\t\t\t\t\t\t<figure class=\"wp-caption\">\n\t\t\t\t\t\t\t\t\t\t<img decoding=\"async\" width=\"640\" height=\"640\" src=\"https:\/\/richeskarayib.com\/wp-content\/uploads\/2025\/10\/\u00a9CARICOM-2.jpg\" class=\"attachment-large size-large wp-image-62909\" alt=\"Coop\u00e9ration entre \u00c9tats membres du CARICOM\" srcset=\"https:\/\/richeskarayib.com\/wp-content\/uploads\/2025\/10\/\u00a9CARICOM-2.jpg 640w, https:\/\/richeskarayib.com\/wp-content\/uploads\/2025\/10\/\u00a9CARICOM-2-300x300.jpg 300w, https:\/\/richeskarayib.com\/wp-content\/uploads\/2025\/10\/\u00a9CARICOM-2-150x150.jpg 150w\" sizes=\"(max-width: 640px) 100vw, 640px\" \/>\t\t\t\t\t\t\t\t\t\t\t<figcaption class=\"widget-image-caption wp-caption-text\">\u00a9CARICOM<\/figcaption>\n\t\t\t\t\t\t\t\t\t\t<\/figure>\n\t\t\t\t\t\t\t\t\t<\/div>\n\t\t\t\t<\/div>\n\t\t\t\t\t<\/div>\n\t\t<\/div>\n\t\t\t\t\t<\/div>\n\t\t<\/section>\n\t\t\t\t\t<\/div>\n\t\t<\/div>\n\t\t\t\t\t<\/div>\n\t\t<\/section>\n\t\t\t\t<section class=\"elementor-section elementor-top-section elementor-element elementor-element-ee72354 elementor-section-boxed elementor-section-height-default elementor-section-height-default\" data-id=\"ee72354\" data-element_type=\"section\">\n\t\t\t\t\t\t<div class=\"elementor-container elementor-column-gap-default\">\n\t\t\t\t\t<div class=\"elementor-column elementor-col-100 elementor-top-column elementor-element elementor-element-c59d6fe\" data-id=\"c59d6fe\" data-element_type=\"column\">\n\t\t\t<div class=\"elementor-widget-wrap elementor-element-populated\">\n\t\t\t\t\t\t<div class=\"elementor-element elementor-element-ddc6a1e elementor-widget elementor-widget-heading\" data-id=\"ddc6a1e\" data-element_type=\"widget\" data-widget_type=\"heading.default\">\n\t\t\t\t<div class=\"elementor-widget-container\">\n\t\t\t\t\t<h2 class=\"elementor-heading-title elementor-size-default\">Apalancamiento estrat\u00e9gico para cuatro econom\u00edas complementarias<\/h2>\t\t\t\t<\/div>\n\t\t\t\t<\/div>\n\t\t\t\t<div class=\"elementor-element elementor-element-e57451f elementor-widget elementor-widget-text-editor\" data-id=\"e57451f\" data-element_type=\"widget\" data-widget_type=\"text-editor.default\">\n\t\t\t\t<div class=\"elementor-widget-container\">\n\t\t\t\t\t\t\t\t\t<ul>\n<li><span style=\"font-weight: 400;\">&#8211; Para <strong>Barbados<\/strong>, el reto est\u00e1 claro: hacer frente al envejecimiento de la poblaci\u00f3n y a la escasez de mano de obra. Bridgetown espera atraer a trabajadores j\u00f3venes de los pa\u00edses vecinos para apoyar los sectores clave del turismo, los servicios y la sanidad. <\/span><\/li>\n<li><span style=\"font-weight: 400;\">&#8211; <strong>Belice<\/strong>, cuyo territorio es sesenta veces mayor que el de la mayor\u00eda de las islas del Caribe, quiere fomentar el asentamiento de sus zonas rurales e impulsar su desarrollo. Con una poblaci\u00f3n de apenas 400.000 habitantes repartidos en 22.000 km\u00b2, el pa\u00eds ve en esta cooperaci\u00f3n entre los Estados miembros de CARICOM una oportunidad para atraer talento e impulsar la productividad. <\/span><\/li>\n<\/ul>\t\t\t\t\t\t\t\t<\/div>\n\t\t\t\t<\/div>\n\t\t\t\t<div class=\"elementor-element elementor-element-6cdbbe3 elementor-widget elementor-widget-text-editor\" data-id=\"6cdbbe3\" data-element_type=\"widget\" data-widget_type=\"text-editor.default\">\n\t\t\t\t<div class=\"elementor-widget-container\">\n\t\t\t\t\t\t\t\t\t<ul>\n<li><span style=\"font-weight: 400;\">&#8211; <strong>Dominica<\/strong> y <strong>San Vicente y las Granadinas<\/strong> se centran en los v\u00ednculos culturales e hist\u00f3ricos. <\/span><span style=\"font-weight: 400;\">En Kingstown, el Primer Ministro Ralph Gonsalves se\u00f1al\u00f3 que esta iniciativa tiene tambi\u00e9n una dimensi\u00f3n identitaria:<\/span><\/li>\n<\/ul>\n<p><span style=\"font-weight: 400;\">&#8220;Nuestros hermanos y hermanas gar\u00edfunas de Belice pueden venir y pasar m\u00e1s tiempo aqu\u00ed, trabajar si lo desean, y nuestros ciudadanos son ahora libres de ir all\u00ed&#8221;.<\/span><\/p>\t\t\t\t\t\t\t\t<\/div>\n\t\t\t\t<\/div>\n\t\t\t\t<section class=\"elementor-section elementor-inner-section elementor-element elementor-element-8f672a4 elementor-section-boxed elementor-section-height-default elementor-section-height-default\" data-id=\"8f672a4\" data-element_type=\"section\">\n\t\t\t\t\t\t<div class=\"elementor-container elementor-column-gap-default\">\n\t\t\t\t\t<div class=\"elementor-column elementor-col-100 elementor-inner-column elementor-element elementor-element-f138d8a\" data-id=\"f138d8a\" data-element_type=\"column\">\n\t\t\t<div class=\"elementor-widget-wrap elementor-element-populated\">\n\t\t\t\t\t\t<div class=\"elementor-element elementor-element-f8ec35f elementor-widget elementor-widget-image\" data-id=\"f8ec35f\" data-element_type=\"widget\" data-widget_type=\"image.default\">\n\t\t\t\t<div class=\"elementor-widget-container\">\n\t\t\t\t\t\t\t\t\t\t\t\t\t\t\t<img decoding=\"async\" width=\"800\" height=\"531\" src=\"https:\/\/richeskarayib.com\/wp-content\/uploads\/2025\/10\/thatch-structures-made-by-dominicas-native-kalinago-population-at-kalinago-barana-aute-carib-historical-center-2J84Y1G-Modifie-1024x680.jpg\" class=\"attachment-large size-large wp-image-62917\" alt=\"Coop\u00e9ration entre \u00c9tats membres du CARICOM\" srcset=\"https:\/\/richeskarayib.com\/wp-content\/uploads\/2025\/10\/thatch-structures-made-by-dominicas-native-kalinago-population-at-kalinago-barana-aute-carib-historical-center-2J84Y1G-Modifie-1024x680.jpg 1024w, https:\/\/richeskarayib.com\/wp-content\/uploads\/2025\/10\/thatch-structures-made-by-dominicas-native-kalinago-population-at-kalinago-barana-aute-carib-historical-center-2J84Y1G-Modifie-300x199.jpg 300w, https:\/\/richeskarayib.com\/wp-content\/uploads\/2025\/10\/thatch-structures-made-by-dominicas-native-kalinago-population-at-kalinago-barana-aute-carib-historical-center-2J84Y1G-Modifie-768x510.jpg 768w, https:\/\/richeskarayib.com\/wp-content\/uploads\/2025\/10\/thatch-structures-made-by-dominicas-native-kalinago-population-at-kalinago-barana-aute-carib-historical-center-2J84Y1G-Modifie.jpg 1300w\" sizes=\"(max-width: 800px) 100vw, 800px\" \/>\t\t\t\t\t\t\t\t\t\t\t\t\t\t\t<\/div>\n\t\t\t\t<\/div>\n\t\t\t\t\t<\/div>\n\t\t<\/div>\n\t\t\t\t\t<\/div>\n\t\t<\/section>\n\t\t\t\t<section class=\"elementor-section elementor-inner-section elementor-element elementor-element-007aa74 elementor-section-boxed elementor-section-height-default elementor-section-height-default\" data-id=\"007aa74\" data-element_type=\"section\">\n\t\t\t\t\t\t<div class=\"elementor-container elementor-column-gap-default\">\n\t\t\t\t\t<div class=\"elementor-column elementor-col-50 elementor-inner-column elementor-element elementor-element-02d0a6b\" data-id=\"02d0a6b\" data-element_type=\"column\">\n\t\t\t<div class=\"elementor-widget-wrap elementor-element-populated\">\n\t\t\t\t\t\t<div class=\"elementor-element elementor-element-8d51d31 elementor-widget elementor-widget-image\" data-id=\"8d51d31\" data-element_type=\"widget\" data-widget_type=\"image.default\">\n\t\t\t\t<div class=\"elementor-widget-container\">\n\t\t\t\t\t\t\t\t\t\t\t\t\t\t\t<img loading=\"lazy\" decoding=\"async\" width=\"800\" height=\"1000\" src=\"https:\/\/richeskarayib.com\/wp-content\/uploads\/2025\/10\/Travel-Belize-001-819x1024.jpg\" class=\"attachment-large size-large wp-image-62921\" alt=\"Coop\u00e9ration entre \u00c9tats membres du CARICOM\" srcset=\"https:\/\/richeskarayib.com\/wp-content\/uploads\/2025\/10\/Travel-Belize-001-819x1024.jpg 819w, https:\/\/richeskarayib.com\/wp-content\/uploads\/2025\/10\/Travel-Belize-001-240x300.jpg 240w, https:\/\/richeskarayib.com\/wp-content\/uploads\/2025\/10\/Travel-Belize-001-768x960.jpg 768w, https:\/\/richeskarayib.com\/wp-content\/uploads\/2025\/10\/Travel-Belize-001.jpg 1080w\" sizes=\"(max-width: 800px) 100vw, 800px\" \/>\t\t\t\t\t\t\t\t\t\t\t\t\t\t\t<\/div>\n\t\t\t\t<\/div>\n\t\t\t\t\t<\/div>\n\t\t<\/div>\n\t\t\t\t<div class=\"elementor-column elementor-col-50 elementor-inner-column elementor-element elementor-element-1f7d052\" data-id=\"1f7d052\" data-element_type=\"column\">\n\t\t\t<div class=\"elementor-widget-wrap elementor-element-populated\">\n\t\t\t\t\t\t<div class=\"elementor-element elementor-element-ca3910b elementor-widget elementor-widget-image\" data-id=\"ca3910b\" data-element_type=\"widget\" data-widget_type=\"image.default\">\n\t\t\t\t<div class=\"elementor-widget-container\">\n\t\t\t\t\t\t\t\t\t\t\t\t\t\t\t<img loading=\"lazy\" decoding=\"async\" width=\"800\" height=\"500\" src=\"https:\/\/richeskarayib.com\/wp-content\/uploads\/2025\/10\/st-vincent-and-the-grenadines-1024x640.jpg\" class=\"attachment-large size-large wp-image-62925\" alt=\"Coop\u00e9ration entre \u00c9tats membres du CARICOM\" srcset=\"https:\/\/richeskarayib.com\/wp-content\/uploads\/2025\/10\/st-vincent-and-the-grenadines-1024x640.jpg 1024w, https:\/\/richeskarayib.com\/wp-content\/uploads\/2025\/10\/st-vincent-and-the-grenadines-300x188.jpg 300w, https:\/\/richeskarayib.com\/wp-content\/uploads\/2025\/10\/st-vincent-and-the-grenadines-768x480.jpg 768w, https:\/\/richeskarayib.com\/wp-content\/uploads\/2025\/10\/st-vincent-and-the-grenadines.jpg 1200w\" sizes=\"(max-width: 800px) 100vw, 800px\" \/>\t\t\t\t\t\t\t\t\t\t\t\t\t\t\t<\/div>\n\t\t\t\t<\/div>\n\t\t\t\t<div class=\"elementor-element elementor-element-377f60e elementor-widget elementor-widget-image\" data-id=\"377f60e\" data-element_type=\"widget\" data-widget_type=\"image.default\">\n\t\t\t\t<div class=\"elementor-widget-container\">\n\t\t\t\t\t\t\t\t\t\t\t\t\t\t\t<img loading=\"lazy\" decoding=\"async\" width=\"800\" height=\"531\" src=\"https:\/\/richeskarayib.com\/wp-content\/uploads\/2025\/10\/Bridgetown-1.jpg-1024x680.webp\" class=\"attachment-large size-large wp-image-62913\" alt=\"Coop\u00e9ration entre \u00c9tats membres du CARICOM\" srcset=\"https:\/\/richeskarayib.com\/wp-content\/uploads\/2025\/10\/Bridgetown-1.jpg-1024x680.webp 1024w, https:\/\/richeskarayib.com\/wp-content\/uploads\/2025\/10\/Bridgetown-1.jpg-300x199.webp 300w, https:\/\/richeskarayib.com\/wp-content\/uploads\/2025\/10\/Bridgetown-1.jpg-768x510.webp 768w, https:\/\/richeskarayib.com\/wp-content\/uploads\/2025\/10\/Bridgetown-1.jpg-1320x876.webp 1320w, https:\/\/richeskarayib.com\/wp-content\/uploads\/2025\/10\/Bridgetown-1.jpg.webp 1500w\" sizes=\"(max-width: 800px) 100vw, 800px\" \/>\t\t\t\t\t\t\t\t\t\t\t\t\t\t\t<\/div>\n\t\t\t\t<\/div>\n\t\t\t\t\t<\/div>\n\t\t<\/div>\n\t\t\t\t\t<\/div>\n\t\t<\/section>\n\t\t\t\t\t<\/div>\n\t\t<\/div>\n\t\t\t\t\t<\/div>\n\t\t<\/section>\n\t\t\t\t<section class=\"elementor-section elementor-top-section elementor-element elementor-element-82cd8f9 elementor-section-boxed elementor-section-height-default elementor-section-height-default\" data-id=\"82cd8f9\" data-element_type=\"section\">\n\t\t\t\t\t\t<div class=\"elementor-container elementor-column-gap-default\">\n\t\t\t\t\t<div class=\"elementor-column elementor-col-100 elementor-top-column elementor-element elementor-element-0bfdc38\" data-id=\"0bfdc38\" data-element_type=\"column\">\n\t\t\t<div class=\"elementor-widget-wrap elementor-element-populated\">\n\t\t\t\t\t\t<div class=\"elementor-element elementor-element-7d292fe elementor-widget elementor-widget-heading\" data-id=\"7d292fe\" data-element_type=\"widget\" data-widget_type=\"heading.default\">\n\t\t\t\t<div class=\"elementor-widget-container\">\n\t\t\t\t\t<h2 class=\"elementor-heading-title elementor-size-default\">Una historia compartida, base de la integraci\u00f3n<\/h2>\t\t\t\t<\/div>\n\t\t\t\t<\/div>\n\t\t\t\t<div class=\"elementor-element elementor-element-8e337bf elementor-widget elementor-widget-text-editor\" data-id=\"8e337bf\" data-element_type=\"widget\" data-widget_type=\"text-editor.default\">\n\t\t\t\t<div class=\"elementor-widget-container\">\n\t\t\t\t\t\t\t\t\t<p><span style=\"font-weight: 400;\">Esta cooperaci\u00f3n entre los estados miembros <a href=\"https:\/\/richeskarayib.com\/es\/jamaica-la-49a-cumbre-de-la-caricom-en-montego-bay-una-encrucijada-estrategica-para-el-caribe\/\" target=\"_blank\" rel=\"noopener\">del CARICOM<\/a> se basa en un fundamento hist\u00f3rico com\u00fan. Las cuatro naciones comparten una experiencia colonial brit\u00e1nica, una herencia ling\u00fc\u00edstica similar y una estructura institucional parecida. Estas afinidades han facilitado la puesta en marcha de un plan de movilidad sin precedentes en la regi\u00f3n.  <\/span><\/p>\n<p><span style=\"font-weight: 400;\">Se ha introducido un mecanismo com\u00fan de verificaci\u00f3n para filtrar las solicitudes. Las autoridades conservan el derecho a denegar la entrada a cualquier persona que represente un riesgo para el orden p\u00fablico o una carga financiera para el Estado de acogida. Esta cl\u00e1usula pretende preservar el equilibrio entre apertura y responsabilidad.  <\/span><\/p>\t\t\t\t\t\t\t\t<\/div>\n\t\t\t\t<\/div>\n\t\t\t\t\t<\/div>\n\t\t<\/div>\n\t\t\t\t\t<\/div>\n\t\t<\/section>\n\t\t\t\t<section class=\"elementor-section elementor-top-section elementor-element elementor-element-5a7397d elementor-section-boxed elementor-section-height-default elementor-section-height-default\" data-id=\"5a7397d\" data-element_type=\"section\">\n\t\t\t\t\t\t<div class=\"elementor-container elementor-column-gap-default\">\n\t\t\t\t\t<div class=\"elementor-column elementor-col-100 elementor-top-column elementor-element elementor-element-8b33b4b\" data-id=\"8b33b4b\" data-element_type=\"column\">\n\t\t\t<div class=\"elementor-widget-wrap elementor-element-populated\">\n\t\t\t\t\t\t<div class=\"elementor-element elementor-element-89dac4b elementor-widget elementor-widget-heading\" data-id=\"89dac4b\" data-element_type=\"widget\" data-widget_type=\"heading.default\">\n\t\t\t\t<div class=\"elementor-widget-container\">\n\t\t\t\t\t<h2 class=\"elementor-heading-title elementor-size-default\">Un laboratorio para la integraci\u00f3n regional<\/h2>\t\t\t\t<\/div>\n\t\t\t\t<\/div>\n\t\t\t\t<div class=\"elementor-element elementor-element-4fc7069 elementor-widget elementor-widget-text-editor\" data-id=\"4fc7069\" data-element_type=\"widget\" data-widget_type=\"text-editor.default\">\n\t\t\t\t<div class=\"elementor-widget-container\">\n\t\t\t\t\t\t\t\t\t<p><span style=\"font-weight: 400;\">Los dirigentes consideran esta <span class=\"cf0\">cooperaci\u00f3n entre los Estados miembros de la CARICOM<\/span> como un proyecto piloto. Si los resultados son concluyentes, podr\u00eda ampliarse a otros pa\u00edses miembros ya en 2026. Ya se est\u00e1n manteniendo conversaciones con Jamaica, Santa Luc\u00eda y Trinidad y Tobago para que se sumen a la iniciativa.  <\/span><\/p>\n<p><span style=\"font-weight: 400;\">Seg\u00fan los economistas regionales, esta cooperaci\u00f3n entre los Estados miembros de la CARICOM representa una gran oportunidad para facilitar el intercambio de competencias y reforzar las cadenas de valor locales. Al eliminar las trabas administrativas, fomenta la movilidad profesional, el esp\u00edritu empresarial y la creaci\u00f3n de redes de talentos caribe\u00f1os. <\/span><\/p>\t\t\t\t\t\t\t\t<\/div>\n\t\t\t\t<\/div>\n\t\t\t\t<div class=\"elementor-element elementor-element-5548299 elementor-widget elementor-widget-image\" data-id=\"5548299\" data-element_type=\"widget\" data-widget_type=\"image.default\">\n\t\t\t\t<div class=\"elementor-widget-container\">\n\t\t\t\t\t\t\t\t\t\t\t\t<figure class=\"wp-caption\">\n\t\t\t\t\t\t\t\t\t\t<img loading=\"lazy\" decoding=\"async\" width=\"640\" height=\"640\" src=\"https:\/\/richeskarayib.com\/wp-content\/uploads\/2025\/10\/\u00a9CARICOM.jpg\" class=\"attachment-large size-large wp-image-62905\" alt=\"\u00a9CARICOM\" srcset=\"https:\/\/richeskarayib.com\/wp-content\/uploads\/2025\/10\/\u00a9CARICOM.jpg 640w, https:\/\/richeskarayib.com\/wp-content\/uploads\/2025\/10\/\u00a9CARICOM-300x300.jpg 300w, https:\/\/richeskarayib.com\/wp-content\/uploads\/2025\/10\/\u00a9CARICOM-150x150.jpg 150w\" sizes=\"(max-width: 640px) 100vw, 640px\" \/>\t\t\t\t\t\t\t\t\t\t\t<figcaption class=\"widget-image-caption wp-caption-text\">\u00a9CARICOM<\/figcaption>\n\t\t\t\t\t\t\t\t\t\t<\/figure>\n\t\t\t\t\t\t\t\t\t<\/div>\n\t\t\t\t<\/div>\n\t\t\t\t\t<\/div>\n\t\t<\/div>\n\t\t\t\t\t<\/div>\n\t\t<\/section>\n\t\t\t\t<section class=\"elementor-section elementor-top-section elementor-element elementor-element-fce12d6 elementor-section-boxed elementor-section-height-default elementor-section-height-default\" data-id=\"fce12d6\" data-element_type=\"section\">\n\t\t\t\t\t\t<div class=\"elementor-container elementor-column-gap-default\">\n\t\t\t\t\t<div class=\"elementor-column elementor-col-100 elementor-top-column elementor-element elementor-element-e594ca0\" data-id=\"e594ca0\" data-element_type=\"column\">\n\t\t\t<div class=\"elementor-widget-wrap elementor-element-populated\">\n\t\t\t\t\t\t<div class=\"elementor-element elementor-element-9e1aff0 elementor-widget elementor-widget-heading\" data-id=\"9e1aff0\" data-element_type=\"widget\" data-widget_type=\"heading.default\">\n\t\t\t\t<div class=\"elementor-widget-container\">\n\t\t\t\t\t<h2 class=\"elementor-heading-title elementor-size-default\">Beneficios sociales y humanos sostenibles<\/h2>\t\t\t\t<\/div>\n\t\t\t\t<\/div>\n\t\t\t\t<div class=\"elementor-element elementor-element-dfb56d4 elementor-widget elementor-widget-text-editor\" data-id=\"dfb56d4\" data-element_type=\"widget\" data-widget_type=\"text-editor.default\">\n\t\t\t\t<div class=\"elementor-widget-container\">\n\t\t\t\t\t\t\t\t\t<p><span style=\"font-weight: 400;\">M\u00e1s all\u00e1 de las cifras, el impacto humano de este acuerdo es considerable. Miles de familias podr\u00e1n ahora vislumbrar un futuro m\u00e1s all\u00e1 de sus fronteras nacionales. El acceso al empleo, a la formaci\u00f3n y a la asistencia sanitaria b\u00e1sica allana el camino para una integraci\u00f3n real de las sociedades caribe\u00f1as.  <\/span><\/p>\n<p><span style=\"font-weight: 400;\">Esta cooperaci\u00f3n entre los Estados miembros de la CARICOM tambi\u00e9n da un nuevo significado al proyecto inicial de la Comunidad: construir una regi\u00f3n solidaria en la que los ciudadanos compartan los mismos derechos fundamentales. Encarna una nueva generaci\u00f3n de pol\u00edticas regionales basadas en la confianza y la reciprocidad. <\/span><\/p>\t\t\t\t\t\t\t\t<\/div>\n\t\t\t\t<\/div>\n\t\t\t\t\t<\/div>\n\t\t<\/div>\n\t\t\t\t\t<\/div>\n\t\t<\/section>\n\t\t\t\t<section class=\"elementor-section elementor-top-section elementor-element elementor-element-93c9c3f elementor-section-boxed elementor-section-height-default elementor-section-height-default\" data-id=\"93c9c3f\" data-element_type=\"section\">\n\t\t\t\t\t\t<div class=\"elementor-container elementor-column-gap-default\">\n\t\t\t\t\t<div class=\"elementor-column elementor-col-100 elementor-top-column elementor-element elementor-element-2f4e069\" data-id=\"2f4e069\" data-element_type=\"column\">\n\t\t\t<div class=\"elementor-widget-wrap elementor-element-populated\">\n\t\t\t\t\t\t<div class=\"elementor-element elementor-element-115a9b5 elementor-widget elementor-widget-heading\" data-id=\"115a9b5\" data-element_type=\"widget\" data-widget_type=\"heading.default\">\n\t\t\t\t<div class=\"elementor-widget-container\">\n\t\t\t\t\t<h2 class=\"elementor-heading-title elementor-size-default\">Hacia un Caribe unido e inclusivo<\/h2>\t\t\t\t<\/div>\n\t\t\t\t<\/div>\n\t\t\t\t<div class=\"elementor-element elementor-element-bc7f990 elementor-widget elementor-widget-text-editor\" data-id=\"bc7f990\" data-element_type=\"widget\" data-widget_type=\"text-editor.default\">\n\t\t\t\t<div class=\"elementor-widget-container\">\n\t\t\t\t\t\t\t\t\t<p><span style=\"font-weight: 400;\">La entrada en vigor de esta medida confirma la determinaci\u00f3n de la regi\u00f3n de escribir una nueva p\u00e1gina de su historia. La cooperaci\u00f3n entre los Estados miembros de la CARICOM va m\u00e1s all\u00e1 de las consideraciones econ\u00f3micas: simboliza la voluntad pol\u00edtica de unir a los pueblos y reforzar la estabilidad social. <\/span><\/p>\n<p><span style=\"font-weight: 400;\">Al abrir sus fronteras entre s\u00ed, Barbados, Belice, Dominica y San Vicente y las Granadinas est\u00e1n demostrando que otro Caribe es posible: un Caribe m\u00f3vil, conectado y consciente de su destino com\u00fan.<\/span><\/p>\t\t\t\t\t\t\t\t<\/div>\n\t\t\t\t<\/div>\n\t\t\t\t\t<\/div>\n\t\t<\/div>\n\t\t\t\t\t<\/div>\n\t\t<\/section>\n\t\t\t\t<\/div>\n\t\t","protected":false},"excerpt":{"rendered":"<p>La cooperaci\u00f3n entre los Estados miembros de la CARICOM ha adquirido una nueva dimensi\u00f3n desde el 1\u1d49\u02b3 de octubre de 2025. Barbados, Belice, Dominica y San Vicente y las Granadinas han levantado oficialmente las barreras a la circulaci\u00f3n de sus ciudadanos. Estas cuatro naciones han puesto en marcha un acuerdo sin precedentes que permite a [&hellip;]<\/p>\n","protected":false},"author":662,"featured_media":62897,"comment_status":"open","ping_status":"open","sticky":false,"template":"","format":"standard","meta":{"_acf_changed":false,"footnotes":""},"categories":[1791],"tags":[1593,1564,1717,1746],"class_list":["post-62928","post","type-post","status-publish","format-standard","has-post-thumbnail","hentry","category-cooperacion","tag-barbade-es","tag-belice","tag-dominique-es","tag-san-vicente-y-las-granadinas-es"],"acf":[],"_links":{"self":[{"href":"https:\/\/richeskarayib.com\/es\/wp-json\/wp\/v2\/posts\/62928","targetHints":{"allow":["GET"]}}],"collection":[{"href":"https:\/\/richeskarayib.com\/es\/wp-json\/wp\/v2\/posts"}],"about":[{"href":"https:\/\/richeskarayib.com\/es\/wp-json\/wp\/v2\/types\/post"}],"author":[{"embeddable":true,"href":"https:\/\/richeskarayib.com\/es\/wp-json\/wp\/v2\/users\/662"}],"replies":[{"embeddable":true,"href":"https:\/\/richeskarayib.com\/es\/wp-json\/wp\/v2\/comments?post=62928"}],"version-history":[{"count":0,"href":"https:\/\/richeskarayib.com\/es\/wp-json\/wp\/v2\/posts\/62928\/revisions"}],"wp:featuredmedia":[{"embeddable":true,"href":"https:\/\/richeskarayib.com\/es\/wp-json\/wp\/v2\/media\/62897"}],"wp:attachment":[{"href":"https:\/\/richeskarayib.com\/es\/wp-json\/wp\/v2\/media?parent=62928"}],"wp:term":[{"taxonomy":"category","embeddable":true,"href":"https:\/\/richeskarayib.com\/es\/wp-json\/wp\/v2\/categories?post=62928"},{"taxonomy":"post_tag","embeddable":true,"href":"https:\/\/richeskarayib.com\/es\/wp-json\/wp\/v2\/tags?post=62928"}],"curies":[{"name":"wp","href":"https:\/\/api.w.org\/{rel}","templated":true}]}}