{"id":63054,"date":"2025-10-13T04:24:37","date_gmt":"2025-10-13T08:24:37","guid":{"rendered":"https:\/\/richeskarayib.com\/jep-2025-martinica-la-destileria-neisson-celebra-el-patrimonio-de-martinica\/"},"modified":"2025-10-14T03:06:19","modified_gmt":"2025-10-14T07:06:19","slug":"jep-2025-martinica-la-destileria-neisson-celebra-el-patrimonio-de-martinica","status":"publish","type":"post","link":"https:\/\/richeskarayib.com\/es\/jep-2025-martinica-la-destileria-neisson-celebra-el-patrimonio-de-martinica\/","title":{"rendered":"[JEP 2025] &#8211; Martinica: la destiler\u00eda Neisson celebra el patrimonio de Martinica"},"content":{"rendered":"\t\t<div data-elementor-type=\"wp-post\" data-elementor-id=\"63054\" class=\"elementor elementor-63054 elementor-63000\" data-elementor-post-type=\"post\">\n\t\t\t\t\t\t<section class=\"elementor-section elementor-top-section elementor-element elementor-element-7ca7ca1 elementor-section-boxed elementor-section-height-default elementor-section-height-default\" data-id=\"7ca7ca1\" data-element_type=\"section\">\n\t\t\t\t\t\t<div class=\"elementor-container elementor-column-gap-default\">\n\t\t\t\t\t<div class=\"elementor-column elementor-col-100 elementor-top-column elementor-element elementor-element-cbdd002\" data-id=\"cbdd002\" data-element_type=\"column\">\n\t\t\t<div class=\"elementor-widget-wrap elementor-element-populated\">\n\t\t\t\t\t\t<section class=\"elementor-section elementor-inner-section elementor-element elementor-element-bc94849 elementor-section-boxed elementor-section-height-default elementor-section-height-default\" data-id=\"bc94849\" data-element_type=\"section\">\n\t\t\t\t\t\t<div class=\"elementor-container elementor-column-gap-default\">\n\t\t\t\t\t\t<\/div>\n\t\t<\/section>\n\t\t\t\t<section class=\"elementor-section elementor-inner-section elementor-element elementor-element-61571e6 elementor-section-boxed elementor-section-height-default elementor-section-height-default\" data-id=\"61571e6\" data-element_type=\"section\">\n\t\t\t\t\t\t<div class=\"elementor-container elementor-column-gap-default\">\n\t\t\t\t\t\t<\/div>\n\t\t<\/section>\n\t\t\t\t<section class=\"elementor-section elementor-inner-section elementor-element elementor-element-b6262e0 elementor-section-boxed elementor-section-height-default elementor-section-height-default\" data-id=\"b6262e0\" data-element_type=\"section\">\n\t\t\t\t\t\t<div class=\"elementor-container elementor-column-gap-default\">\n\t\t\t\t\t\t<\/div>\n\t\t<\/section>\n\t\t\t\t<section class=\"elementor-section elementor-inner-section elementor-element elementor-element-cca29fd elementor-section-boxed elementor-section-height-default elementor-section-height-default\" data-id=\"cca29fd\" data-element_type=\"section\">\n\t\t\t\t\t\t<div class=\"elementor-container elementor-column-gap-default\">\n\t\t\t\t\t\t<\/div>\n\t\t<\/section>\n\t\t\t\t\t<\/div>\n\t\t<\/div>\n\t\t\t\t\t<\/div>\n\t\t<\/section>\n\t\t\t\t<section class=\"elementor-section elementor-top-section elementor-element elementor-element-a6d4222 elementor-section-boxed elementor-section-height-default elementor-section-height-default\" data-id=\"a6d4222\" data-element_type=\"section\">\n\t\t\t\t\t\t<div class=\"elementor-container elementor-column-gap-default\">\n\t\t\t\t\t<div class=\"elementor-column elementor-col-100 elementor-top-column elementor-element elementor-element-ea27f09\" data-id=\"ea27f09\" data-element_type=\"column\">\n\t\t\t<div class=\"elementor-widget-wrap elementor-element-populated\">\n\t\t\t\t\t\t<div class=\"elementor-element elementor-element-8f49c6e elementor-widget elementor-widget-text-editor\" data-id=\"8f49c6e\" data-element_type=\"widget\" data-widget_type=\"text-editor.default\">\n\t\t\t\t<div class=\"elementor-widget-container\">\n\t\t\t\t\t\t\t\t\t<p><span style=\"font-weight: 400;\">A la entrada del municipio de Carbet, en la finca Thieubert, la <a href=\"https:\/\/neisson.com\/\" target=\"_blank\" rel=\"noopener nofollow\">Destiler\u00eda Neisson<\/a> abri\u00f3 sus puertas de par en par con motivo de <a href=\"https:\/\/journeesdupatrimoine.culture.gouv.fr\/\" target=\"_blank\" rel=\"noopener nofollow\">las Jornadas Europeas del Patrimonio<\/a>. A trav\u00e9s de exposiciones, visitas y encuentros, el p\u00fablico descubri\u00f3 un lugar industrial poco com\u00fan, en funcionamiento desde los a\u00f1os 30, y un patrimonio vivo transmitido por l\u00ednea familiar. Fundada en 1932 por los hermanos Jean y Adrien Neisson, la destiler\u00eda sigue siendo una de las \u00faltimas destiler\u00edas independientes de la isla, anclada en Le Carbet, al pie del monte Pel\u00e9e.  <\/span><\/p>\t\t\t\t\t\t\t\t<\/div>\n\t\t\t\t<\/div>\n\t\t\t\t<div class=\"elementor-element elementor-element-caca4a9 elementor-widget elementor-widget-image\" data-id=\"caca4a9\" data-element_type=\"widget\" data-widget_type=\"image.default\">\n\t\t\t\t<div class=\"elementor-widget-container\">\n\t\t\t\t\t\t\t\t\t\t\t\t\t\t\t<img fetchpriority=\"high\" decoding=\"async\" width=\"800\" height=\"370\" src=\"https:\/\/richeskarayib.com\/wp-content\/uploads\/2025\/10\/WhatsApp-Image-2025-10-10-a-18.47.18_51a1315c-1024x473.jpg\" class=\"attachment-large size-large wp-image-63032\" alt=\"Neisson distillery\" srcset=\"https:\/\/richeskarayib.com\/wp-content\/uploads\/2025\/10\/WhatsApp-Image-2025-10-10-a-18.47.18_51a1315c-1024x473.jpg 1024w, https:\/\/richeskarayib.com\/wp-content\/uploads\/2025\/10\/WhatsApp-Image-2025-10-10-a-18.47.18_51a1315c-300x139.jpg 300w, https:\/\/richeskarayib.com\/wp-content\/uploads\/2025\/10\/WhatsApp-Image-2025-10-10-a-18.47.18_51a1315c-768x355.jpg 768w, https:\/\/richeskarayib.com\/wp-content\/uploads\/2025\/10\/WhatsApp-Image-2025-10-10-a-18.47.18_51a1315c-1536x709.jpg 1536w, https:\/\/richeskarayib.com\/wp-content\/uploads\/2025\/10\/WhatsApp-Image-2025-10-10-a-18.47.18_51a1315c-1320x610.jpg 1320w, https:\/\/richeskarayib.com\/wp-content\/uploads\/2025\/10\/WhatsApp-Image-2025-10-10-a-18.47.18_51a1315c.jpg 1600w\" sizes=\"(max-width: 800px) 100vw, 800px\" \/>\t\t\t\t\t\t\t\t\t\t\t\t\t\t\t<\/div>\n\t\t\t\t<\/div>\n\t\t\t\t\t<\/div>\n\t\t<\/div>\n\t\t\t\t\t<\/div>\n\t\t<\/section>\n\t\t\t\t<section class=\"elementor-section elementor-top-section elementor-element elementor-element-e1fea79 elementor-section-boxed elementor-section-height-default elementor-section-height-default\" data-id=\"e1fea79\" data-element_type=\"section\">\n\t\t\t\t\t\t<div class=\"elementor-container elementor-column-gap-default\">\n\t\t\t\t\t<div class=\"elementor-column elementor-col-100 elementor-top-column elementor-element elementor-element-6d0be76\" data-id=\"6d0be76\" data-element_type=\"column\">\n\t\t\t<div class=\"elementor-widget-wrap elementor-element-populated\">\n\t\t\t\t\t\t<div class=\"elementor-element elementor-element-a310b25 elementor-widget elementor-widget-heading\" data-id=\"a310b25\" data-element_type=\"widget\" data-widget_type=\"heading.default\">\n\t\t\t\t<div class=\"elementor-widget-container\">\n\t\t\t\t\t<h2 class=\"elementor-heading-title elementor-size-default\">Un lugar cargado de historia y apego<\/h2>\t\t\t\t<\/div>\n\t\t\t\t<\/div>\n\t\t\t\t<div class=\"elementor-element elementor-element-bbb62ae elementor-widget elementor-widget-text-editor\" data-id=\"bbb62ae\" data-element_type=\"widget\" data-widget_type=\"text-editor.default\">\n\t\t\t\t<div class=\"elementor-widget-container\">\n\t\t\t\t\t\t\t\t\t<p><span style=\"font-weight: 400;\">Cuando llegas a la Destiler\u00eda Neisson, el tiempo parece detenerse. En el patio, los visitantes deambulan entre puestos de artesan\u00eda, obras de arte y zonas de degustaci\u00f3n. Para Claudine Neisson-Vernant, directora de la destiler\u00eda, estas Jornadas Europeas del Patrimonio son un momento esencial:  <\/span><\/p>\n<p><span style=\"font-weight: 400;\">&#8220;Nuestro objetivo es promover el patrimonio de Martinica&#8221;, confiesa, sonriente, en medio de la multitud.<\/span><\/p>\t\t\t\t\t\t\t\t<\/div>\n\t\t\t\t<\/div>\n\t\t\t\t<div class=\"elementor-element elementor-element-56c2df3 elementor-widget elementor-widget-text-editor\" data-id=\"56c2df3\" data-element_type=\"widget\" data-widget_type=\"text-editor.default\">\n\t\t\t\t<div class=\"elementor-widget-container\">\n\t\t\t\t\t\t\t\t\t<p><span style=\"font-weight: 400;\">A su alrededor, el entusiasmo refleja una lealtad casi emocional: &#8220;Estoy muy contenta de ver el afecto que la gente de Martinica siente por Distillerie Neisson&#8221;.<\/span><span style=\"font-weight: 400;\"><br><\/span><span style=\"font-weight: 400;\">  Claudine Neisson-Vernant atribuye este reconocimiento a un esfuerzo a largo plazo: la destiler\u00eda es ahora la \u00fanica empresa de Martinica que ha obtenido la etiqueta &#8220;Entreprise du Patrimoine Vivant&#8221; (Empresa del Patrimonio Vivo), un t\u00edtulo que recompensa tanto la calidad del saber hacer como la tradici\u00f3n familiar. La destiler\u00eda Neisson sigue siendo un hito importante en la memoria colectiva de Martinica. <\/span><\/p>\t\t\t\t\t\t\t\t<\/div>\n\t\t\t\t<\/div>\n\t\t\t\t<section class=\"elementor-section elementor-inner-section elementor-element elementor-element-a9daf0d elementor-section-boxed elementor-section-height-default elementor-section-height-default\" data-id=\"a9daf0d\" data-element_type=\"section\">\n\t\t\t\t\t\t<div class=\"elementor-container elementor-column-gap-default\">\n\t\t\t\t\t<div class=\"elementor-column elementor-col-100 elementor-inner-column elementor-element elementor-element-241bd0c\" data-id=\"241bd0c\" data-element_type=\"column\">\n\t\t\t<div class=\"elementor-widget-wrap elementor-element-populated\">\n\t\t\t\t\t\t<div class=\"elementor-element elementor-element-eb539a3 elementor-widget elementor-widget-image\" data-id=\"eb539a3\" data-element_type=\"widget\" data-widget_type=\"image.default\">\n\t\t\t\t<div class=\"elementor-widget-container\">\n\t\t\t\t\t\t\t\t\t\t\t\t\t\t\t<img decoding=\"async\" width=\"800\" height=\"370\" src=\"https:\/\/richeskarayib.com\/wp-content\/uploads\/2025\/10\/WhatsApp-Image-2025-10-10-a-18.47.19_beff045d-1024x473.jpg\" class=\"attachment-large size-large wp-image-63028\" alt=\"Distillerie Neisson\" srcset=\"https:\/\/richeskarayib.com\/wp-content\/uploads\/2025\/10\/WhatsApp-Image-2025-10-10-a-18.47.19_beff045d-1024x473.jpg 1024w, https:\/\/richeskarayib.com\/wp-content\/uploads\/2025\/10\/WhatsApp-Image-2025-10-10-a-18.47.19_beff045d-300x139.jpg 300w, https:\/\/richeskarayib.com\/wp-content\/uploads\/2025\/10\/WhatsApp-Image-2025-10-10-a-18.47.19_beff045d-768x355.jpg 768w, https:\/\/richeskarayib.com\/wp-content\/uploads\/2025\/10\/WhatsApp-Image-2025-10-10-a-18.47.19_beff045d-1536x709.jpg 1536w, https:\/\/richeskarayib.com\/wp-content\/uploads\/2025\/10\/WhatsApp-Image-2025-10-10-a-18.47.19_beff045d-1320x610.jpg 1320w, https:\/\/richeskarayib.com\/wp-content\/uploads\/2025\/10\/WhatsApp-Image-2025-10-10-a-18.47.19_beff045d.jpg 1600w\" sizes=\"(max-width: 800px) 100vw, 800px\" \/>\t\t\t\t\t\t\t\t\t\t\t\t\t\t\t<\/div>\n\t\t\t\t<\/div>\n\t\t\t\t\t<\/div>\n\t\t<\/div>\n\t\t\t\t\t<\/div>\n\t\t<\/section>\n\t\t\t\t\t<\/div>\n\t\t<\/div>\n\t\t\t\t\t<\/div>\n\t\t<\/section>\n\t\t\t\t<section class=\"elementor-section elementor-top-section elementor-element elementor-element-ee72354 elementor-section-boxed elementor-section-height-default elementor-section-height-default\" data-id=\"ee72354\" data-element_type=\"section\">\n\t\t\t\t\t\t<div class=\"elementor-container elementor-column-gap-default\">\n\t\t\t\t\t<div class=\"elementor-column elementor-col-100 elementor-top-column elementor-element elementor-element-c59d6fe\" data-id=\"c59d6fe\" data-element_type=\"column\">\n\t\t\t<div class=\"elementor-widget-wrap elementor-element-populated\">\n\t\t\t\t\t\t<div class=\"elementor-element elementor-element-ddc6a1e elementor-widget elementor-widget-heading\" data-id=\"ddc6a1e\" data-element_type=\"widget\" data-widget_type=\"heading.default\">\n\t\t\t\t<div class=\"elementor-widget-container\">\n\t\t\t\t\t<h2 class=\"elementor-heading-title elementor-size-default\">Arquitectura patrimonial por derecho propio<\/h2>\t\t\t\t<\/div>\n\t\t\t\t<\/div>\n\t\t\t\t<div class=\"elementor-element elementor-element-e57451f elementor-widget elementor-widget-text-editor\" data-id=\"e57451f\" data-element_type=\"widget\" data-widget_type=\"text-editor.default\">\n\t\t\t\t<div class=\"elementor-widget-container\">\n\t\t\t\t\t\t\t\t\t<p><span style=\"font-weight: 400;\">Al evocar los edificios, Claudine Neisson-Vernant hace revivir la memoria del lugar. Construida entre 1931 y 1932, la Destiler\u00eda Neisson conserva su chimenea cuadrada de piedra, la \u00faltima de este tipo que funcion\u00f3 en la isla. Est\u00e1 catalogada como patrimonio arquitect\u00f3nico, al igual que la sala de m\u00e1quinas, reconocible por sus caracter\u00edsticas almenas.  <\/span><span style=\"font-weight: 400;\"><br><\/span><span style=\"font-weight: 400;\">  En la bodega de ron blanco, la estructura met\u00e1lica atornillada a mano da testimonio del ingenio de los constructores. Claudine Neisson-Vernant espera que otros elementos del lugar, como la pila de agua que data de la misma \u00e9poca, pronto sean reconocidos por su valor hist\u00f3rico. <\/span><\/p>\t\t\t\t\t\t\t\t<\/div>\n\t\t\t\t<\/div>\n\t\t\t\t<section class=\"elementor-section elementor-inner-section elementor-element elementor-element-e3e15c8 elementor-section-boxed elementor-section-height-default elementor-section-height-default\" data-id=\"e3e15c8\" data-element_type=\"section\">\n\t\t\t\t\t\t<div class=\"elementor-container elementor-column-gap-default\">\n\t\t\t\t\t<div class=\"elementor-column elementor-col-100 elementor-inner-column elementor-element elementor-element-ee18c7c\" data-id=\"ee18c7c\" data-element_type=\"column\">\n\t\t\t<div class=\"elementor-widget-wrap elementor-element-populated\">\n\t\t\t\t\t\t<div class=\"elementor-element elementor-element-46c6b98 elementor-widget elementor-widget-image\" data-id=\"46c6b98\" data-element_type=\"widget\" data-widget_type=\"image.default\">\n\t\t\t\t<div class=\"elementor-widget-container\">\n\t\t\t\t\t\t\t\t\t\t\t\t<figure class=\"wp-caption\">\n\t\t\t\t\t\t\t\t\t\t<img decoding=\"async\" width=\"800\" height=\"370\" src=\"https:\/\/richeskarayib.com\/wp-content\/uploads\/2025\/10\/WhatsApp-Image-2025-10-10-a-18.47.17_be9b14cb-1024x473.jpg\" class=\"attachment-large size-large wp-image-63008\" alt=\"Distillerie Neisson\" srcset=\"https:\/\/richeskarayib.com\/wp-content\/uploads\/2025\/10\/WhatsApp-Image-2025-10-10-a-18.47.17_be9b14cb-1024x473.jpg 1024w, https:\/\/richeskarayib.com\/wp-content\/uploads\/2025\/10\/WhatsApp-Image-2025-10-10-a-18.47.17_be9b14cb-300x139.jpg 300w, https:\/\/richeskarayib.com\/wp-content\/uploads\/2025\/10\/WhatsApp-Image-2025-10-10-a-18.47.17_be9b14cb-768x355.jpg 768w, https:\/\/richeskarayib.com\/wp-content\/uploads\/2025\/10\/WhatsApp-Image-2025-10-10-a-18.47.17_be9b14cb-1536x709.jpg 1536w, https:\/\/richeskarayib.com\/wp-content\/uploads\/2025\/10\/WhatsApp-Image-2025-10-10-a-18.47.17_be9b14cb-1320x610.jpg 1320w, https:\/\/richeskarayib.com\/wp-content\/uploads\/2025\/10\/WhatsApp-Image-2025-10-10-a-18.47.17_be9b14cb.jpg 1600w\" sizes=\"(max-width: 800px) 100vw, 800px\" \/>\t\t\t\t\t\t\t\t\t\t\t<figcaption class=\"widget-image-caption wp-caption-text\">, Claudine Neisson-Vernant<\/figcaption>\n\t\t\t\t\t\t\t\t\t\t<\/figure>\n\t\t\t\t\t\t\t\t\t<\/div>\n\t\t\t\t<\/div>\n\t\t\t\t\t<\/div>\n\t\t<\/div>\n\t\t\t\t\t<\/div>\n\t\t<\/section>\n\t\t\t\t\t<\/div>\n\t\t<\/div>\n\t\t\t\t\t<\/div>\n\t\t<\/section>\n\t\t\t\t<section class=\"elementor-section elementor-top-section elementor-element elementor-element-82cd8f9 elementor-section-boxed elementor-section-height-default elementor-section-height-default\" data-id=\"82cd8f9\" data-element_type=\"section\">\n\t\t\t\t\t\t<div class=\"elementor-container elementor-column-gap-default\">\n\t\t\t\t\t<div class=\"elementor-column elementor-col-100 elementor-top-column elementor-element elementor-element-0bfdc38\" data-id=\"0bfdc38\" data-element_type=\"column\">\n\t\t\t<div class=\"elementor-widget-wrap elementor-element-populated\">\n\t\t\t\t\t\t<div class=\"elementor-element elementor-element-7d292fe elementor-widget elementor-widget-heading\" data-id=\"7d292fe\" data-element_type=\"widget\" data-widget_type=\"heading.default\">\n\t\t\t\t<div class=\"elementor-widget-container\">\n\t\t\t\t\t<h2 class=\"elementor-heading-title elementor-size-default\">Una empresa familiar en movimiento\n<\/h2>\t\t\t\t<\/div>\n\t\t\t\t<\/div>\n\t\t\t\t<div class=\"elementor-element elementor-element-8e337bf elementor-widget elementor-widget-text-editor\" data-id=\"8e337bf\" data-element_type=\"widget\" data-widget_type=\"text-editor.default\">\n\t\t\t\t<div class=\"elementor-widget-container\">\n\t\t\t\t\t\t\t\t\t<p><span style=\"font-weight: 400;\">Gr\u00e9gory Vernant, gerente de la Destiler\u00eda Neisson e hijo de Claudine Neisson-Vernant, es la encarnaci\u00f3n de la nueva generaci\u00f3n. Para \u00e9l, estos d\u00edas son un puente entre tradici\u00f3n y modernidad: <\/span><\/p>\n<p><span style=\"font-weight: 400;\">&#8220;Hay experiencia, pero tambi\u00e9n hay saber hacer&#8221;, resume.<\/span><\/p>\t\t\t\t\t\t\t\t<\/div>\n\t\t\t\t<\/div>\n\t\t\t\t<div class=\"elementor-element elementor-element-0467e62 elementor-widget elementor-widget-text-editor\" data-id=\"0467e62\" data-element_type=\"widget\" data-widget_type=\"text-editor.default\">\n\t\t\t\t<div class=\"elementor-widget-container\">\n\t\t\t\t\t\t\t\t\t<p><span style=\"font-weight: 400;\">Los visitantes pueden ver demostraciones, hacer preguntas y charlar con los equipos. Gr\u00e9gory Vernant subraya la importancia de la convivencia y la proximidad: <\/span><\/p><p><span style=\"font-weight: 400;\">&#8220;El D\u00eda del Patrimonio da a la gente la oportunidad de descubrir productores que no necesariamente conocen&#8221;.<\/span><\/p><p>Por encima de todo, le encant\u00f3 la curiosidad del p\u00fablico, que vino tanto del norte como del sur de la isla, atra\u00eddo por la autenticidad de un lugar profundamente arraigado en la cultura de Martinica, pero tambi\u00e9n por el deseo de descubrir la destiler\u00eda, el pueblo de artesanos y los numerosos artesanos locales presentes para mostrar sus habilidades y promover los productos locales.<\/p>\t\t\t\t\t\t\t\t<\/div>\n\t\t\t\t<\/div>\n\t\t\t\t<section class=\"elementor-section elementor-inner-section elementor-element elementor-element-28afce1 elementor-section-boxed elementor-section-height-default elementor-section-height-default\" data-id=\"28afce1\" data-element_type=\"section\">\n\t\t\t\t\t\t<div class=\"elementor-container elementor-column-gap-default\">\n\t\t\t\t\t<div class=\"elementor-column elementor-col-50 elementor-inner-column elementor-element elementor-element-4580c10\" data-id=\"4580c10\" data-element_type=\"column\">\n\t\t\t<div class=\"elementor-widget-wrap elementor-element-populated\">\n\t\t\t\t\t\t<div class=\"elementor-element elementor-element-2a9f503 elementor-widget elementor-widget-image\" data-id=\"2a9f503\" data-element_type=\"widget\" data-widget_type=\"image.default\">\n\t\t\t\t<div class=\"elementor-widget-container\">\n\t\t\t\t\t\t\t\t\t\t\t\t\t\t\t<img loading=\"lazy\" decoding=\"async\" width=\"800\" height=\"370\" src=\"https:\/\/richeskarayib.com\/wp-content\/uploads\/2025\/10\/WhatsApp-Image-2025-10-10-a-18.47.19_152d7a61-1024x473.jpg\" class=\"attachment-large size-large wp-image-63040\" alt=\"Distillerie Neisson\" srcset=\"https:\/\/richeskarayib.com\/wp-content\/uploads\/2025\/10\/WhatsApp-Image-2025-10-10-a-18.47.19_152d7a61-1024x473.jpg 1024w, https:\/\/richeskarayib.com\/wp-content\/uploads\/2025\/10\/WhatsApp-Image-2025-10-10-a-18.47.19_152d7a61-300x139.jpg 300w, https:\/\/richeskarayib.com\/wp-content\/uploads\/2025\/10\/WhatsApp-Image-2025-10-10-a-18.47.19_152d7a61-768x355.jpg 768w, https:\/\/richeskarayib.com\/wp-content\/uploads\/2025\/10\/WhatsApp-Image-2025-10-10-a-18.47.19_152d7a61-1536x709.jpg 1536w, https:\/\/richeskarayib.com\/wp-content\/uploads\/2025\/10\/WhatsApp-Image-2025-10-10-a-18.47.19_152d7a61-1320x610.jpg 1320w, https:\/\/richeskarayib.com\/wp-content\/uploads\/2025\/10\/WhatsApp-Image-2025-10-10-a-18.47.19_152d7a61.jpg 1600w\" sizes=\"(max-width: 800px) 100vw, 800px\" \/>\t\t\t\t\t\t\t\t\t\t\t\t\t\t\t<\/div>\n\t\t\t\t<\/div>\n\t\t\t\t\t<\/div>\n\t\t<\/div>\n\t\t\t\t<div class=\"elementor-column elementor-col-50 elementor-inner-column elementor-element elementor-element-a3bece9\" data-id=\"a3bece9\" data-element_type=\"column\">\n\t\t\t<div class=\"elementor-widget-wrap elementor-element-populated\">\n\t\t\t\t\t\t<div class=\"elementor-element elementor-element-c46c382 elementor-widget elementor-widget-image\" data-id=\"c46c382\" data-element_type=\"widget\" data-widget_type=\"image.default\">\n\t\t\t\t<div class=\"elementor-widget-container\">\n\t\t\t\t\t\t\t\t\t\t\t\t\t\t\t<img loading=\"lazy\" decoding=\"async\" width=\"800\" height=\"370\" src=\"https:\/\/richeskarayib.com\/wp-content\/uploads\/2025\/10\/WhatsApp-Image-2025-10-10-a-18.47.18_ecfcdf60-1024x473.jpg\" class=\"attachment-large size-large wp-image-63036\" alt=\"Distillerie Neisson\" srcset=\"https:\/\/richeskarayib.com\/wp-content\/uploads\/2025\/10\/WhatsApp-Image-2025-10-10-a-18.47.18_ecfcdf60-1024x473.jpg 1024w, https:\/\/richeskarayib.com\/wp-content\/uploads\/2025\/10\/WhatsApp-Image-2025-10-10-a-18.47.18_ecfcdf60-300x139.jpg 300w, https:\/\/richeskarayib.com\/wp-content\/uploads\/2025\/10\/WhatsApp-Image-2025-10-10-a-18.47.18_ecfcdf60-768x355.jpg 768w, https:\/\/richeskarayib.com\/wp-content\/uploads\/2025\/10\/WhatsApp-Image-2025-10-10-a-18.47.18_ecfcdf60-1536x709.jpg 1536w, https:\/\/richeskarayib.com\/wp-content\/uploads\/2025\/10\/WhatsApp-Image-2025-10-10-a-18.47.18_ecfcdf60-1320x610.jpg 1320w, https:\/\/richeskarayib.com\/wp-content\/uploads\/2025\/10\/WhatsApp-Image-2025-10-10-a-18.47.18_ecfcdf60.jpg 1600w\" sizes=\"(max-width: 800px) 100vw, 800px\" \/>\t\t\t\t\t\t\t\t\t\t\t\t\t\t\t<\/div>\n\t\t\t\t<\/div>\n\t\t\t\t\t<\/div>\n\t\t<\/div>\n\t\t\t\t\t<\/div>\n\t\t<\/section>\n\t\t\t\t\t<\/div>\n\t\t<\/div>\n\t\t\t\t\t<\/div>\n\t\t<\/section>\n\t\t\t\t<section class=\"elementor-section elementor-top-section elementor-element elementor-element-5a7397d elementor-section-boxed elementor-section-height-default elementor-section-height-default\" data-id=\"5a7397d\" data-element_type=\"section\">\n\t\t\t\t\t\t<div class=\"elementor-container elementor-column-gap-default\">\n\t\t\t\t\t<div class=\"elementor-column elementor-col-100 elementor-top-column elementor-element elementor-element-8b33b4b\" data-id=\"8b33b4b\" data-element_type=\"column\">\n\t\t\t<div class=\"elementor-widget-wrap elementor-element-populated\">\n\t\t\t\t\t\t<div class=\"elementor-element elementor-element-89dac4b elementor-widget elementor-widget-heading\" data-id=\"89dac4b\" data-element_type=\"widget\" data-widget_type=\"heading.default\">\n\t\t\t\t<div class=\"elementor-widget-container\">\n\t\t\t\t\t<h2 class=\"elementor-heading-title elementor-size-default\">El maestro de bodega, guardi\u00e1n del tiempo y de los aromas<\/h2>\t\t\t\t<\/div>\n\t\t\t\t<\/div>\n\t\t\t\t<div class=\"elementor-element elementor-element-4fc7069 elementor-widget elementor-widget-text-editor\" data-id=\"4fc7069\" data-element_type=\"widget\" data-widget_type=\"text-editor.default\">\n\t\t\t\t<div class=\"elementor-widget-container\">\n\t\t\t\t\t\t\t\t\t<p><span style=\"font-weight: 400;\">M\u00e1s adelante, en el silencio de la bodega, Alex Bobi, maestro bodeguero de la Destiler\u00eda Neisson, comparte con pasi\u00f3n los secretos del envejecimiento. Sus explicaciones cautivan al p\u00fablico. Habla de la madera como si fuera un ser vivo: cada especie tiene su propia personalidad, cada barrica su propio papel.  <\/span><span style=\"font-weight: 400;\"><br><\/span><span style=\"font-weight: 400;\">  El ron envejece lentamente, impregn\u00e1ndose de las notas de la madera: vainilla, caramelo, caf\u00e9 y cacao. &#8220;Cuanto m\u00e1s envejece, m\u00e1s complejo se vuelve el ron&#8221;, dice, observando c\u00f3mo se filtra la luz dorada a trav\u00e9s de los barriles. <\/span><\/p>\t\t\t\t\t\t\t\t<\/div>\n\t\t\t\t<\/div>\n\t\t\t\t<div class=\"elementor-element elementor-element-b94483d elementor-widget elementor-widget-text-editor\" data-id=\"b94483d\" data-element_type=\"widget\" data-widget_type=\"text-editor.default\">\n\t\t\t\t<div class=\"elementor-widget-container\">\n\t\t\t\t\t\t\t\t\t<p><span style=\"font-weight: 400;\">Sus palabras reflejan la experiencia y la poes\u00eda del oficio: el tiempo, el calor y la madera juntos dan forma al alma del ron. Nada est\u00e1 escrito en piedra, todo se transforma. Incluso el aire y la humedad desempe\u00f1an su papel en el resultado final. En la Destiler\u00eda Neisson, el envejecimiento no es una etapa, es una filosof\u00eda.   <\/span><\/p>\t\t\t\t\t\t\t\t<\/div>\n\t\t\t\t<\/div>\n\t\t\t\t<section class=\"elementor-section elementor-inner-section elementor-element elementor-element-abeb777 elementor-section-boxed elementor-section-height-default elementor-section-height-default\" data-id=\"abeb777\" data-element_type=\"section\">\n\t\t\t\t\t\t<div class=\"elementor-container elementor-column-gap-default\">\n\t\t\t\t\t<div class=\"elementor-column elementor-col-50 elementor-inner-column elementor-element elementor-element-7a70329\" data-id=\"7a70329\" data-element_type=\"column\">\n\t\t\t<div class=\"elementor-widget-wrap elementor-element-populated\">\n\t\t\t\t\t\t<div class=\"elementor-element elementor-element-e0a0c06 elementor-widget elementor-widget-image\" data-id=\"e0a0c06\" data-element_type=\"widget\" data-widget_type=\"image.default\">\n\t\t\t\t<div class=\"elementor-widget-container\">\n\t\t\t\t\t\t\t\t\t\t\t\t\t\t\t<img loading=\"lazy\" decoding=\"async\" width=\"800\" height=\"593\" src=\"https:\/\/richeskarayib.com\/wp-content\/uploads\/2025\/10\/maitre-de-chai-Bobi.jpg\" class=\"attachment-large size-large wp-image-63012\" alt=\"Distillerie Neisson\" srcset=\"https:\/\/richeskarayib.com\/wp-content\/uploads\/2025\/10\/maitre-de-chai-Bobi.jpg 1012w, https:\/\/richeskarayib.com\/wp-content\/uploads\/2025\/10\/maitre-de-chai-Bobi-300x222.jpg 300w, https:\/\/richeskarayib.com\/wp-content\/uploads\/2025\/10\/maitre-de-chai-Bobi-768x569.jpg 768w\" sizes=\"(max-width: 800px) 100vw, 800px\" \/>\t\t\t\t\t\t\t\t\t\t\t\t\t\t\t<\/div>\n\t\t\t\t<\/div>\n\t\t\t\t\t<\/div>\n\t\t<\/div>\n\t\t\t\t<div class=\"elementor-column elementor-col-50 elementor-inner-column elementor-element elementor-element-4f7385c\" data-id=\"4f7385c\" data-element_type=\"column\">\n\t\t\t<div class=\"elementor-widget-wrap elementor-element-populated\">\n\t\t\t\t\t\t<div class=\"elementor-element elementor-element-056828c elementor-widget elementor-widget-image\" data-id=\"056828c\" data-element_type=\"widget\" data-widget_type=\"image.default\">\n\t\t\t\t<div class=\"elementor-widget-container\">\n\t\t\t\t\t\t\t\t\t\t\t\t\t\t\t<img loading=\"lazy\" decoding=\"async\" width=\"800\" height=\"370\" src=\"https:\/\/richeskarayib.com\/wp-content\/uploads\/2025\/10\/WhatsApp-Image-2025-10-10-a-18.47.15_393a778c-1024x473.jpg\" class=\"attachment-large size-large wp-image-63016\" alt=\"Distillerie Neisson\" srcset=\"https:\/\/richeskarayib.com\/wp-content\/uploads\/2025\/10\/WhatsApp-Image-2025-10-10-a-18.47.15_393a778c-1024x473.jpg 1024w, https:\/\/richeskarayib.com\/wp-content\/uploads\/2025\/10\/WhatsApp-Image-2025-10-10-a-18.47.15_393a778c-300x139.jpg 300w, https:\/\/richeskarayib.com\/wp-content\/uploads\/2025\/10\/WhatsApp-Image-2025-10-10-a-18.47.15_393a778c-768x355.jpg 768w, https:\/\/richeskarayib.com\/wp-content\/uploads\/2025\/10\/WhatsApp-Image-2025-10-10-a-18.47.15_393a778c-1536x709.jpg 1536w, https:\/\/richeskarayib.com\/wp-content\/uploads\/2025\/10\/WhatsApp-Image-2025-10-10-a-18.47.15_393a778c-1320x610.jpg 1320w, https:\/\/richeskarayib.com\/wp-content\/uploads\/2025\/10\/WhatsApp-Image-2025-10-10-a-18.47.15_393a778c.jpg 1600w\" sizes=\"(max-width: 800px) 100vw, 800px\" \/>\t\t\t\t\t\t\t\t\t\t\t\t\t\t\t<\/div>\n\t\t\t\t<\/div>\n\t\t\t\t<div class=\"elementor-element elementor-element-2f0cd15 elementor-widget elementor-widget-image\" data-id=\"2f0cd15\" data-element_type=\"widget\" data-widget_type=\"image.default\">\n\t\t\t\t<div class=\"elementor-widget-container\">\n\t\t\t\t\t\t\t\t\t\t\t\t\t\t\t<img loading=\"lazy\" decoding=\"async\" width=\"800\" height=\"370\" src=\"https:\/\/richeskarayib.com\/wp-content\/uploads\/2025\/10\/WhatsApp-Image-2025-10-10-a-18.47.18_93bc2824-1024x473.jpg\" class=\"attachment-large size-large wp-image-63020\" alt=\"Distillerie Neisson\" srcset=\"https:\/\/richeskarayib.com\/wp-content\/uploads\/2025\/10\/WhatsApp-Image-2025-10-10-a-18.47.18_93bc2824-1024x473.jpg 1024w, https:\/\/richeskarayib.com\/wp-content\/uploads\/2025\/10\/WhatsApp-Image-2025-10-10-a-18.47.18_93bc2824-300x139.jpg 300w, https:\/\/richeskarayib.com\/wp-content\/uploads\/2025\/10\/WhatsApp-Image-2025-10-10-a-18.47.18_93bc2824-768x355.jpg 768w, https:\/\/richeskarayib.com\/wp-content\/uploads\/2025\/10\/WhatsApp-Image-2025-10-10-a-18.47.18_93bc2824-1536x709.jpg 1536w, https:\/\/richeskarayib.com\/wp-content\/uploads\/2025\/10\/WhatsApp-Image-2025-10-10-a-18.47.18_93bc2824-1320x610.jpg 1320w, https:\/\/richeskarayib.com\/wp-content\/uploads\/2025\/10\/WhatsApp-Image-2025-10-10-a-18.47.18_93bc2824.jpg 1600w\" sizes=\"(max-width: 800px) 100vw, 800px\" \/>\t\t\t\t\t\t\t\t\t\t\t\t\t\t\t<\/div>\n\t\t\t\t<\/div>\n\t\t\t\t\t<\/div>\n\t\t<\/div>\n\t\t\t\t\t<\/div>\n\t\t<\/section>\n\t\t\t\t\t<\/div>\n\t\t<\/div>\n\t\t\t\t\t<\/div>\n\t\t<\/section>\n\t\t\t\t<section class=\"elementor-section elementor-top-section elementor-element elementor-element-fce12d6 elementor-section-boxed elementor-section-height-default elementor-section-height-default\" data-id=\"fce12d6\" data-element_type=\"section\">\n\t\t\t\t\t\t<div class=\"elementor-container elementor-column-gap-default\">\n\t\t\t\t\t<div class=\"elementor-column elementor-col-100 elementor-top-column elementor-element elementor-element-e594ca0\" data-id=\"e594ca0\" data-element_type=\"column\">\n\t\t\t<div class=\"elementor-widget-wrap elementor-element-populated\">\n\t\t\t\t\t\t<div class=\"elementor-element elementor-element-9e1aff0 elementor-widget elementor-widget-heading\" data-id=\"9e1aff0\" data-element_type=\"widget\" data-widget_type=\"heading.default\">\n\t\t\t\t<div class=\"elementor-widget-container\">\n\t\t\t\t\t<h2 class=\"elementor-heading-title elementor-size-default\">Un enfoque respetuoso con la tierra<\/h2>\t\t\t\t<\/div>\n\t\t\t\t<\/div>\n\t\t\t\t<div class=\"elementor-element elementor-element-dfb56d4 elementor-widget elementor-widget-text-editor\" data-id=\"dfb56d4\" data-element_type=\"widget\" data-widget_type=\"text-editor.default\">\n\t\t\t\t<div class=\"elementor-widget-container\">\n\t\t\t\t\t\t\t\t\t<p><span style=\"font-weight: 400;\">La herencia familiar se expresa no s\u00f3lo en la tecnolog\u00eda, sino tambi\u00e9n en el respeto por el mundo vivo. Claudine Neisson-Vernant habla a menudo de su padre, ingeniero qu\u00edmico antes de la era ecologista, que se negaba a quemar la ca\u00f1a antes de cortarla y reduc\u00eda al m\u00ednimo el uso de productos qu\u00edmicos. <\/span><\/p>\n<p><span style=\"font-weight: 400;\">&#8220;Siempre me dec\u00eda: tienes que devolver a la tierra lo que te ha dado&#8221;, recuerda.<\/span><\/p>\t\t\t\t\t\t\t\t<\/div>\n\t\t\t\t<\/div>\n\t\t\t\t<div class=\"elementor-element elementor-element-e22068a elementor-widget elementor-widget-text-editor\" data-id=\"e22068a\" data-element_type=\"widget\" data-widget_type=\"text-editor.default\">\n\t\t\t\t<div class=\"elementor-widget-container\">\n\t\t\t\t\t\t\t\t\t<p><span style=\"font-weight: 400;\">Incluso hoy, la destiler\u00eda Neisson sigue utilizando estos m\u00e9todos: el bagazo y la vinaza, subproductos naturales de la producci\u00f3n, se reutilizan para enriquecer el suelo. Las botellas se consignan, se lavan y se vuelven a poner en circulaci\u00f3n, un sistema sencillo pero exigente que la destiler\u00eda est\u00e1 dispuesta a mantener a pesar de las limitaciones log\u00edsticas. <\/span><\/p><p><span style=\"font-weight: 400;\">Esta filosof\u00eda tambi\u00e9n se refleja en la producci\u00f3n de un peque\u00f1o huerto ecol\u00f3gico sobre el terreno, donde crecen frutas y verduras en armon\u00eda con el paisaje. Aqu\u00ed, nada se pierde: todo lo que procede de la tierra vuelve a la tierra. Con el paso de las generaciones, la Destiler\u00eda Neisson ha convertido este respeto por la naturaleza en una aut\u00e9ntica firma.  <\/span><\/p>\t\t\t\t\t\t\t\t<\/div>\n\t\t\t\t<\/div>\n\t\t\t\t<div class=\"elementor-element elementor-element-b7a16e5 elementor-widget elementor-widget-image\" data-id=\"b7a16e5\" data-element_type=\"widget\" data-widget_type=\"image.default\">\n\t\t\t\t<div class=\"elementor-widget-container\">\n\t\t\t\t\t\t\t\t\t\t\t\t\t\t\t<img loading=\"lazy\" decoding=\"async\" width=\"800\" height=\"370\" src=\"https:\/\/richeskarayib.com\/wp-content\/uploads\/2025\/10\/WhatsApp-Image-2025-10-10-a-18.47.19_1188cda4-1024x473.jpg\" class=\"attachment-large size-large wp-image-63024\" alt=\"Distillerie Neisson\" srcset=\"https:\/\/richeskarayib.com\/wp-content\/uploads\/2025\/10\/WhatsApp-Image-2025-10-10-a-18.47.19_1188cda4-1024x473.jpg 1024w, https:\/\/richeskarayib.com\/wp-content\/uploads\/2025\/10\/WhatsApp-Image-2025-10-10-a-18.47.19_1188cda4-300x139.jpg 300w, https:\/\/richeskarayib.com\/wp-content\/uploads\/2025\/10\/WhatsApp-Image-2025-10-10-a-18.47.19_1188cda4-768x355.jpg 768w, https:\/\/richeskarayib.com\/wp-content\/uploads\/2025\/10\/WhatsApp-Image-2025-10-10-a-18.47.19_1188cda4-1536x709.jpg 1536w, https:\/\/richeskarayib.com\/wp-content\/uploads\/2025\/10\/WhatsApp-Image-2025-10-10-a-18.47.19_1188cda4-1320x610.jpg 1320w, https:\/\/richeskarayib.com\/wp-content\/uploads\/2025\/10\/WhatsApp-Image-2025-10-10-a-18.47.19_1188cda4.jpg 1600w\" sizes=\"(max-width: 800px) 100vw, 800px\" \/>\t\t\t\t\t\t\t\t\t\t\t\t\t\t\t<\/div>\n\t\t\t\t<\/div>\n\t\t\t\t\t<\/div>\n\t\t<\/div>\n\t\t\t\t\t<\/div>\n\t\t<\/section>\n\t\t\t\t<section class=\"elementor-section elementor-top-section elementor-element elementor-element-4b11108 elementor-section-boxed elementor-section-height-default elementor-section-height-default\" data-id=\"4b11108\" data-element_type=\"section\">\n\t\t\t\t\t\t<div class=\"elementor-container elementor-column-gap-default\">\n\t\t\t\t\t<div class=\"elementor-column elementor-col-100 elementor-top-column elementor-element elementor-element-d628425\" data-id=\"d628425\" data-element_type=\"column\">\n\t\t\t<div class=\"elementor-widget-wrap elementor-element-populated\">\n\t\t\t\t\t\t<div class=\"elementor-element elementor-element-3540b15 elementor-widget elementor-widget-heading\" data-id=\"3540b15\" data-element_type=\"widget\" data-widget_type=\"heading.default\">\n\t\t\t\t<div class=\"elementor-widget-container\">\n\t\t\t\t\t<h2 class=\"elementor-heading-title elementor-size-default\">Sobre todo, una historia colectiva<\/h2>\t\t\t\t<\/div>\n\t\t\t\t<\/div>\n\t\t\t\t<div class=\"elementor-element elementor-element-6ded991 elementor-widget elementor-widget-text-editor\" data-id=\"6ded991\" data-element_type=\"widget\" data-widget_type=\"text-editor.default\">\n\t\t\t\t<div class=\"elementor-widget-container\">\n\t\t\t\t\t\t\t\t\t<p data-start=\"92\" data-end=\"360\">Al final del d\u00eda, la luz cay\u00f3 sobre las viejas piedras, y la destiler\u00eda se llen\u00f3 de una rara dulzura. Para redondear las Jornadas del Patrimonio por todo lo alto, <strong data-start=\"271\" data-end=\"283\">Victor O<\/strong> ofreci\u00f3 un concierto. Un feliz Gr\u00e9gory Vernant resumi\u00f3 el esp\u00edritu de los dos d\u00edas:  <\/p><p data-start=\"367\" data-end=\"437\">&#8220;Estamos impacientes por repetir el D\u00eda del Patrimonio el a\u00f1o que viene.<\/p>\t\t\t\t\t\t\t\t<\/div>\n\t\t\t\t<\/div>\n\t\t\t\t<div class=\"elementor-element elementor-element-8d49c1a elementor-widget elementor-widget-text-editor\" data-id=\"8d49c1a\" data-element_type=\"widget\" data-widget_type=\"text-editor.default\">\n\t\t\t\t<div class=\"elementor-widget-container\">\n\t\t\t\t\t\t\t\t\t<p><span style=\"font-weight: 400;\">El Patrimonio no es un escaparate, es un soplo de aire fresco. Los visitantes se van con la sensaci\u00f3n de haber tocado algo real: una empresa donde la memoria, la familia y la tierra son una sola cosa. <\/span><span style=\"font-weight: 400;\"><br><\/span><span style=\"font-weight: 400;\">  En este lugar donde cada generaci\u00f3n a\u00f1ade su piedra, las <a href=\"https:\/\/richeskarayib.com\/es\/presentacion-del-programa-de-la-42%e1%b5%89-edicion-de-las-jornadas-europeas-del-patrimonio-en-martinica\/\" target=\"_blank\" rel=\"noopener\">Jornadas Europeas del<\/a> Patrimonio adquieren todo su significado: el de una transmisi\u00f3n viva, arraigada en la realidad, impulsada por la pasi\u00f3n y la lealtad a la tierra.<\/span><\/p>\t\t\t\t\t\t\t\t<\/div>\n\t\t\t\t<\/div>\n\t\t\t\t<section class=\"elementor-section elementor-inner-section elementor-element elementor-element-fb48de0 elementor-section-boxed elementor-section-height-default elementor-section-height-default\" data-id=\"fb48de0\" data-element_type=\"section\">\n\t\t\t\t\t\t<div class=\"elementor-container elementor-column-gap-default\">\n\t\t\t\t\t<div class=\"elementor-column elementor-col-50 elementor-inner-column elementor-element elementor-element-9e3a48b\" data-id=\"9e3a48b\" data-element_type=\"column\">\n\t\t\t<div class=\"elementor-widget-wrap elementor-element-populated\">\n\t\t\t\t\t\t<div class=\"elementor-element elementor-element-8e179e5 elementor-widget elementor-widget-image\" data-id=\"8e179e5\" data-element_type=\"widget\" data-widget_type=\"image.default\">\n\t\t\t\t<div class=\"elementor-widget-container\">\n\t\t\t\t\t\t\t\t\t\t\t\t\t\t\t<img loading=\"lazy\" decoding=\"async\" width=\"800\" height=\"658\" src=\"https:\/\/richeskarayib.com\/wp-content\/uploads\/2025\/10\/WhatsApp-Image-2025-10-10-a-18.54.16_2e493a24.jpg\" class=\"attachment-large size-large wp-image-63044\" alt=\"Distillerie Neisson\" srcset=\"https:\/\/richeskarayib.com\/wp-content\/uploads\/2025\/10\/WhatsApp-Image-2025-10-10-a-18.54.16_2e493a24.jpg 942w, https:\/\/richeskarayib.com\/wp-content\/uploads\/2025\/10\/WhatsApp-Image-2025-10-10-a-18.54.16_2e493a24-300x247.jpg 300w, https:\/\/richeskarayib.com\/wp-content\/uploads\/2025\/10\/WhatsApp-Image-2025-10-10-a-18.54.16_2e493a24-768x632.jpg 768w\" sizes=\"(max-width: 800px) 100vw, 800px\" \/>\t\t\t\t\t\t\t\t\t\t\t\t\t\t\t<\/div>\n\t\t\t\t<\/div>\n\t\t\t\t\t<\/div>\n\t\t<\/div>\n\t\t\t\t<div class=\"elementor-column elementor-col-50 elementor-inner-column elementor-element elementor-element-aae1419\" data-id=\"aae1419\" data-element_type=\"column\">\n\t\t\t<div class=\"elementor-widget-wrap elementor-element-populated\">\n\t\t\t\t\t\t<div class=\"elementor-element elementor-element-518261a elementor-widget elementor-widget-image\" data-id=\"518261a\" data-element_type=\"widget\" data-widget_type=\"image.default\">\n\t\t\t\t<div class=\"elementor-widget-container\">\n\t\t\t\t\t\t\t\t\t\t\t\t\t\t\t<img loading=\"lazy\" decoding=\"async\" width=\"800\" height=\"370\" src=\"https:\/\/richeskarayib.com\/wp-content\/uploads\/2025\/10\/WhatsApp-Image-2025-10-10-a-18.47.15_80895dc3-1024x473.jpg\" class=\"attachment-large size-large wp-image-63048\" alt=\"Distillerie Neisson\" srcset=\"https:\/\/richeskarayib.com\/wp-content\/uploads\/2025\/10\/WhatsApp-Image-2025-10-10-a-18.47.15_80895dc3-1024x473.jpg 1024w, https:\/\/richeskarayib.com\/wp-content\/uploads\/2025\/10\/WhatsApp-Image-2025-10-10-a-18.47.15_80895dc3-300x139.jpg 300w, https:\/\/richeskarayib.com\/wp-content\/uploads\/2025\/10\/WhatsApp-Image-2025-10-10-a-18.47.15_80895dc3-768x355.jpg 768w, https:\/\/richeskarayib.com\/wp-content\/uploads\/2025\/10\/WhatsApp-Image-2025-10-10-a-18.47.15_80895dc3-1536x709.jpg 1536w, https:\/\/richeskarayib.com\/wp-content\/uploads\/2025\/10\/WhatsApp-Image-2025-10-10-a-18.47.15_80895dc3-1320x610.jpg 1320w, https:\/\/richeskarayib.com\/wp-content\/uploads\/2025\/10\/WhatsApp-Image-2025-10-10-a-18.47.15_80895dc3.jpg 1600w\" sizes=\"(max-width: 800px) 100vw, 800px\" \/>\t\t\t\t\t\t\t\t\t\t\t\t\t\t\t<\/div>\n\t\t\t\t<\/div>\n\t\t\t\t<div class=\"elementor-element elementor-element-187e65e elementor-widget elementor-widget-image\" data-id=\"187e65e\" data-element_type=\"widget\" data-widget_type=\"image.default\">\n\t\t\t\t<div class=\"elementor-widget-container\">\n\t\t\t\t\t\t\t\t\t\t\t\t\t\t\t<img loading=\"lazy\" decoding=\"async\" width=\"800\" height=\"370\" src=\"https:\/\/richeskarayib.com\/wp-content\/uploads\/2025\/10\/WhatsApp-Image-2025-10-10-a-18.47.15_fe7d547e-1024x473.jpg\" class=\"attachment-large size-large wp-image-63052\" alt=\"Distillerie Neisson\" srcset=\"https:\/\/richeskarayib.com\/wp-content\/uploads\/2025\/10\/WhatsApp-Image-2025-10-10-a-18.47.15_fe7d547e-1024x473.jpg 1024w, https:\/\/richeskarayib.com\/wp-content\/uploads\/2025\/10\/WhatsApp-Image-2025-10-10-a-18.47.15_fe7d547e-300x139.jpg 300w, https:\/\/richeskarayib.com\/wp-content\/uploads\/2025\/10\/WhatsApp-Image-2025-10-10-a-18.47.15_fe7d547e-768x355.jpg 768w, https:\/\/richeskarayib.com\/wp-content\/uploads\/2025\/10\/WhatsApp-Image-2025-10-10-a-18.47.15_fe7d547e-1536x709.jpg 1536w, https:\/\/richeskarayib.com\/wp-content\/uploads\/2025\/10\/WhatsApp-Image-2025-10-10-a-18.47.15_fe7d547e-1320x610.jpg 1320w, https:\/\/richeskarayib.com\/wp-content\/uploads\/2025\/10\/WhatsApp-Image-2025-10-10-a-18.47.15_fe7d547e.jpg 1600w\" sizes=\"(max-width: 800px) 100vw, 800px\" \/>\t\t\t\t\t\t\t\t\t\t\t\t\t\t\t<\/div>\n\t\t\t\t<\/div>\n\t\t\t\t\t<\/div>\n\t\t<\/div>\n\t\t\t\t\t<\/div>\n\t\t<\/section>\n\t\t\t\t\t<\/div>\n\t\t<\/div>\n\t\t\t\t\t<\/div>\n\t\t<\/section>\n\t\t\t\t<\/div>\n\t\t","protected":false},"excerpt":{"rendered":"<p>A la entrada del municipio de Carbet, en la finca Thieubert, la Destiler\u00eda Neisson abri\u00f3 sus puertas de par en par con motivo de las Jornadas Europeas del Patrimonio. A trav\u00e9s de exposiciones, visitas y encuentros, el p\u00fablico descubri\u00f3 un lugar industrial poco com\u00fan, en funcionamiento desde los a\u00f1os 30, y un patrimonio vivo transmitido [&hellip;]<\/p>\n","protected":false},"author":662,"featured_media":63004,"comment_status":"open","ping_status":"open","sticky":false,"template":"","format":"standard","meta":{"_acf_changed":false,"footnotes":""},"categories":[1822],"tags":[816],"class_list":["post-63054","post","type-post","status-publish","format-standard","has-post-thumbnail","hentry","category-jep-es","tag-martinique-es"],"acf":[],"_links":{"self":[{"href":"https:\/\/richeskarayib.com\/es\/wp-json\/wp\/v2\/posts\/63054","targetHints":{"allow":["GET"]}}],"collection":[{"href":"https:\/\/richeskarayib.com\/es\/wp-json\/wp\/v2\/posts"}],"about":[{"href":"https:\/\/richeskarayib.com\/es\/wp-json\/wp\/v2\/types\/post"}],"author":[{"embeddable":true,"href":"https:\/\/richeskarayib.com\/es\/wp-json\/wp\/v2\/users\/662"}],"replies":[{"embeddable":true,"href":"https:\/\/richeskarayib.com\/es\/wp-json\/wp\/v2\/comments?post=63054"}],"version-history":[{"count":0,"href":"https:\/\/richeskarayib.com\/es\/wp-json\/wp\/v2\/posts\/63054\/revisions"}],"wp:featuredmedia":[{"embeddable":true,"href":"https:\/\/richeskarayib.com\/es\/wp-json\/wp\/v2\/media\/63004"}],"wp:attachment":[{"href":"https:\/\/richeskarayib.com\/es\/wp-json\/wp\/v2\/media?parent=63054"}],"wp:term":[{"taxonomy":"category","embeddable":true,"href":"https:\/\/richeskarayib.com\/es\/wp-json\/wp\/v2\/categories?post=63054"},{"taxonomy":"post_tag","embeddable":true,"href":"https:\/\/richeskarayib.com\/es\/wp-json\/wp\/v2\/tags?post=63054"}],"curies":[{"name":"wp","href":"https:\/\/api.w.org\/{rel}","templated":true}]}}