{"id":63608,"date":"2025-10-22T06:07:55","date_gmt":"2025-10-22T10:07:55","guid":{"rendered":"https:\/\/richeskarayib.com\/%f0%9d%90%93%f0%9d%90%a2-%f0%9d%90%95%f0%9d%90%a2%f0%9d%90%a5%f0%9d%90%9a%f0%9d%90%a3-%f0%9d%90%8a%f0%9d%90%b0%f0%9d%90%9e%f0%9d%90%b2%f0%9d%90%a8%f0%9d%90%a5-2025-all-biten-domnik-en\/"},"modified":"2025-10-22T06:23:20","modified_gmt":"2025-10-22T10:23:20","slug":"%f0%9d%90%93%f0%9d%90%a2-%f0%9d%90%95%f0%9d%90%a2%f0%9d%90%a5%f0%9d%90%9a%f0%9d%90%a3-%f0%9d%90%8a%f0%9d%90%b0%f0%9d%90%9e%f0%9d%90%b2%f0%9d%90%a8%f0%9d%90%a5-2025-all-biten-domnik-en","status":"publish","type":"post","link":"https:\/\/richeskarayib.com\/es\/%f0%9d%90%93%f0%9d%90%a2-%f0%9d%90%95%f0%9d%90%a2%f0%9d%90%a5%f0%9d%90%9a%f0%9d%90%a3-%f0%9d%90%8a%f0%9d%90%b0%f0%9d%90%9e%f0%9d%90%b2%f0%9d%90%a8%f0%9d%90%a5-2025-all-biten-domnik-en\/","title":{"rendered":"\ud835\udc13\ud835\udc22 \ud835\udc15\ud835\udc22\ud835\udc25\ud835\udc1a\ud835\udc23 \ud835\udc0a\ud835\udc30\ud835\udc1e\u0301\ud835\udc32\ud835\udc28\u0300\ud835\udc25 2025: &#8220;All Biten Domnik&#8221; en el coraz\u00f3n del Jard\u00edn Bot\u00e1nico de Roseau"},"content":{"rendered":"\t\t<div data-elementor-type=\"wp-post\" data-elementor-id=\"63608\" class=\"elementor elementor-63608 elementor-63498\" data-elementor-post-type=\"post\">\n\t\t\t\t\t\t<section class=\"elementor-section elementor-top-section elementor-element elementor-element-7ca7ca1 elementor-section-boxed elementor-section-height-default elementor-section-height-default\" data-id=\"7ca7ca1\" data-element_type=\"section\">\n\t\t\t\t\t\t<div class=\"elementor-container elementor-column-gap-default\">\n\t\t\t\t\t<div class=\"elementor-column elementor-col-100 elementor-top-column elementor-element elementor-element-cbdd002\" data-id=\"cbdd002\" data-element_type=\"column\">\n\t\t\t<div class=\"elementor-widget-wrap elementor-element-populated\">\n\t\t\t\t\t\t<section class=\"elementor-section elementor-inner-section elementor-element elementor-element-bc94849 elementor-section-boxed elementor-section-height-default elementor-section-height-default\" data-id=\"bc94849\" data-element_type=\"section\">\n\t\t\t\t\t\t<div class=\"elementor-container elementor-column-gap-default\">\n\t\t\t\t\t\t<\/div>\n\t\t<\/section>\n\t\t\t\t<section class=\"elementor-section elementor-inner-section elementor-element elementor-element-61571e6 elementor-section-boxed elementor-section-height-default elementor-section-height-default\" data-id=\"61571e6\" data-element_type=\"section\">\n\t\t\t\t\t\t<div class=\"elementor-container elementor-column-gap-default\">\n\t\t\t\t\t\t<\/div>\n\t\t<\/section>\n\t\t\t\t<section class=\"elementor-section elementor-inner-section elementor-element elementor-element-b6262e0 elementor-section-boxed elementor-section-height-default elementor-section-height-default\" data-id=\"b6262e0\" data-element_type=\"section\">\n\t\t\t\t\t\t<div class=\"elementor-container elementor-column-gap-default\">\n\t\t\t\t\t\t<\/div>\n\t\t<\/section>\n\t\t\t\t<section class=\"elementor-section elementor-inner-section elementor-element elementor-element-cca29fd elementor-section-boxed elementor-section-height-default elementor-section-height-default\" data-id=\"cca29fd\" data-element_type=\"section\">\n\t\t\t\t\t\t<div class=\"elementor-container elementor-column-gap-default\">\n\t\t\t\t\t\t<\/div>\n\t\t<\/section>\n\t\t\t\t\t<\/div>\n\t\t<\/div>\n\t\t\t\t\t<\/div>\n\t\t<\/section>\n\t\t\t\t<section class=\"elementor-section elementor-top-section elementor-element elementor-element-a6d4222 elementor-section-boxed elementor-section-height-default elementor-section-height-default\" data-id=\"a6d4222\" data-element_type=\"section\">\n\t\t\t\t\t\t<div class=\"elementor-container elementor-column-gap-default\">\n\t\t\t\t\t<div class=\"elementor-column elementor-col-100 elementor-top-column elementor-element elementor-element-ea27f09\" data-id=\"ea27f09\" data-element_type=\"column\">\n\t\t\t<div class=\"elementor-widget-wrap elementor-element-populated\">\n\t\t\t\t\t\t<div class=\"elementor-element elementor-element-0245cc6 elementor-widget elementor-widget-text-editor\" data-id=\"0245cc6\" data-element_type=\"widget\" data-widget_type=\"text-editor.default\">\n\t\t\t\t<div class=\"elementor-widget-container\">\n\t\t\t\t\t\t\t\t\t<p><span style=\"font-weight: 400;\">Del 20 al 23 de octubre de 2025, el Jard\u00edn Bot\u00e1nico <a href=\"https:\/\/richeskarayib.com\/es\/?p=54132\" target=\"_blank\" rel=\"noopener\">de Roseau<\/a> se transformar\u00e1 una vez m\u00e1s en un aut\u00e9ntico pueblo criollo viviente. \ud835\udc13\ud835\udc22 <a href=\"https:\/\/www.creoleheartbeat.com\/ti-vilaj-kweyol-2025-tout-biten-domnik-comes-alive\/\" target=\"_blank\" rel=\"noopener nofollow\">\ud835\udc15\ud835\udc22\ud835\udc25\ud835\udc1a\ud835\udc23 \ud835\udc0a\ud835\udc30\ud835\udc1e\u0301\ud835\udc32\ud835\udc28\u0300\ud835\udc25,<\/a> organizada en el marco del Mes del Patrimonio Criollo, vuelve con un lema sencillo: &#8220;Tout Biten Domnik&#8221;, todo lo que se piensa, se cultiva, se hace y se toca en Dominica.<\/span><\/p>\t\t\t\t\t\t\t\t<\/div>\n\t\t\t\t<\/div>\n\t\t\t\t\t<\/div>\n\t\t<\/div>\n\t\t\t\t\t<\/div>\n\t\t<\/section>\n\t\t\t\t<section class=\"elementor-section elementor-top-section elementor-element elementor-element-e1fea79 elementor-section-boxed elementor-section-height-default elementor-section-height-default\" data-id=\"e1fea79\" data-element_type=\"section\">\n\t\t\t\t\t\t<div class=\"elementor-container elementor-column-gap-default\">\n\t\t\t\t\t<div class=\"elementor-column elementor-col-100 elementor-top-column elementor-element elementor-element-6d0be76\" data-id=\"6d0be76\" data-element_type=\"column\">\n\t\t\t<div class=\"elementor-widget-wrap elementor-element-populated\">\n\t\t\t\t\t\t<div class=\"elementor-element elementor-element-a310b25 elementor-widget elementor-widget-heading\" data-id=\"a310b25\" data-element_type=\"widget\" data-widget_type=\"heading.default\">\n\t\t\t\t<div class=\"elementor-widget-container\">\n\t\t\t\t\t<h2 class=\"elementor-heading-title elementor-size-default\">Un acontecimiento importante en el patrimonio dominicano\n<\/h2>\t\t\t\t<\/div>\n\t\t\t\t<\/div>\n\t\t\t\t<div class=\"elementor-element elementor-element-bbb62ae elementor-widget elementor-widget-text-editor\" data-id=\"bbb62ae\" data-element_type=\"widget\" data-widget_type=\"text-editor.default\">\n\t\t\t\t<div class=\"elementor-widget-container\">\n\t\t\t\t\t\t\t\t\t<p><span style=\"font-weight: 400;\">\ud835\udc13\ud835\udc22 \ud835\udc15\ud835\udc22\ud835\udc25\ud835\udc1a\ud835\udc23 \ud835\udc0a\ud835\udc30\ud835\udc1e\u0301\ud835\udc32\ud835\udc28\u0300\ud835\udc25 se ha convertido en pocos a\u00f1os en un pilar de la temporada criolla. Se celebra del 20 al 23 de octubre de 2025, todos los d\u00edas de 12 a 20 horas, en el mayor espacio verde de la capital dominicana. <\/span><span style=\"font-weight: 400;\"><br><\/span><span style=\"font-weight: 400;\">  La entrada est\u00e1 fijada en 10 EC$ para los adultos, 5 EC$ para los ni\u00f1os y gratuita para los que lleven uniforme escolar. Esta elecci\u00f3n simb\u00f3lica es un recordatorio de la importancia de anclar a las generaciones m\u00e1s j\u00f3venes en su patrimonio cultural. <\/span><\/p>\n<p><span style=\"font-weight: 400;\">El tema de 2025, &#8220;Tout Biten Domnik&#8221;, refleja el deseo de mostrar lo mejor que puede ofrecer el pa\u00eds: m\u00fasica, arte y artesan\u00eda locales, gastronom\u00eda criolla, artesan\u00eda innovadora y expresi\u00f3n comunitaria.<\/span><\/p>\t\t\t\t\t\t\t\t<\/div>\n\t\t\t\t<\/div>\n\t\t\t\t<section class=\"elementor-section elementor-inner-section elementor-element elementor-element-7addce6 elementor-section-boxed elementor-section-height-default elementor-section-height-default\" data-id=\"7addce6\" data-element_type=\"section\">\n\t\t\t\t\t\t<div class=\"elementor-container elementor-column-gap-default\">\n\t\t\t\t\t<div class=\"elementor-column elementor-col-33 elementor-inner-column elementor-element elementor-element-e2773fd\" data-id=\"e2773fd\" data-element_type=\"column\">\n\t\t\t<div class=\"elementor-widget-wrap elementor-element-populated\">\n\t\t\t\t\t\t<div class=\"elementor-element elementor-element-3eccd18 elementor-widget elementor-widget-image\" data-id=\"3eccd18\" data-element_type=\"widget\" data-widget_type=\"image.default\">\n\t\t\t\t<div class=\"elementor-widget-container\">\n\t\t\t\t\t\t\t\t\t\t\t\t<figure class=\"wp-caption\">\n\t\t\t\t\t\t\t\t\t\t<img fetchpriority=\"high\" decoding=\"async\" width=\"800\" height=\"1000\" src=\"https:\/\/richeskarayib.com\/wp-content\/uploads\/2025\/10\/\u00a9Dominica-Ministry-of-Tourism-2-819x1024.jpg\" class=\"attachment-large size-large wp-image-63522\" alt=\"\ud835\udc13\ud835\udc22 \ud835\udc15\ud835\udc22\ud835\udc25\ud835\udc1a\ud835\udc23 \ud835\udc0a\ud835\udc30\ud835\udc1e\u0301\ud835\udc32\ud835\udc28\u0300\ud835\udc25\" srcset=\"https:\/\/richeskarayib.com\/wp-content\/uploads\/2025\/10\/\u00a9Dominica-Ministry-of-Tourism-2-819x1024.jpg 819w, https:\/\/richeskarayib.com\/wp-content\/uploads\/2025\/10\/\u00a9Dominica-Ministry-of-Tourism-2-240x300.jpg 240w, https:\/\/richeskarayib.com\/wp-content\/uploads\/2025\/10\/\u00a9Dominica-Ministry-of-Tourism-2-768x960.jpg 768w, https:\/\/richeskarayib.com\/wp-content\/uploads\/2025\/10\/\u00a9Dominica-Ministry-of-Tourism-2.jpg 1200w\" sizes=\"(max-width: 800px) 100vw, 800px\" \/>\t\t\t\t\t\t\t\t\t\t\t<figcaption class=\"widget-image-caption wp-caption-text\">\u00a9Dominica Ministry of Tourism<\/figcaption>\n\t\t\t\t\t\t\t\t\t\t<\/figure>\n\t\t\t\t\t\t\t\t\t<\/div>\n\t\t\t\t<\/div>\n\t\t\t\t\t<\/div>\n\t\t<\/div>\n\t\t\t\t<div class=\"elementor-column elementor-col-33 elementor-inner-column elementor-element elementor-element-9f88dda\" data-id=\"9f88dda\" data-element_type=\"column\">\n\t\t\t<div class=\"elementor-widget-wrap elementor-element-populated\">\n\t\t\t\t\t\t<div class=\"elementor-element elementor-element-a5fbd28 elementor-widget elementor-widget-image\" data-id=\"a5fbd28\" data-element_type=\"widget\" data-widget_type=\"image.default\">\n\t\t\t\t<div class=\"elementor-widget-container\">\n\t\t\t\t\t\t\t\t\t\t\t\t<figure class=\"wp-caption\">\n\t\t\t\t\t\t\t\t\t\t<img decoding=\"async\" width=\"800\" height=\"1000\" src=\"https:\/\/richeskarayib.com\/wp-content\/uploads\/2025\/10\/\u00a9Dominica-Ministry-of-Tourism-819x1024.jpg\" class=\"attachment-large size-large wp-image-63518\" alt=\"\ud835\udc13\ud835\udc22 \ud835\udc15\ud835\udc22\ud835\udc25\ud835\udc1a\ud835\udc23 \ud835\udc0a\ud835\udc30\ud835\udc1e\u0301\ud835\udc32\ud835\udc28\u0300\ud835\udc25\" srcset=\"https:\/\/richeskarayib.com\/wp-content\/uploads\/2025\/10\/\u00a9Dominica-Ministry-of-Tourism-819x1024.jpg 819w, https:\/\/richeskarayib.com\/wp-content\/uploads\/2025\/10\/\u00a9Dominica-Ministry-of-Tourism-240x300.jpg 240w, https:\/\/richeskarayib.com\/wp-content\/uploads\/2025\/10\/\u00a9Dominica-Ministry-of-Tourism-768x960.jpg 768w, https:\/\/richeskarayib.com\/wp-content\/uploads\/2025\/10\/\u00a9Dominica-Ministry-of-Tourism.jpg 1200w\" sizes=\"(max-width: 800px) 100vw, 800px\" \/>\t\t\t\t\t\t\t\t\t\t\t<figcaption class=\"widget-image-caption wp-caption-text\">\u00a9Dominica Ministry of Tourism<\/figcaption>\n\t\t\t\t\t\t\t\t\t\t<\/figure>\n\t\t\t\t\t\t\t\t\t<\/div>\n\t\t\t\t<\/div>\n\t\t\t\t\t<\/div>\n\t\t<\/div>\n\t\t\t\t<div class=\"elementor-column elementor-col-33 elementor-inner-column elementor-element elementor-element-f8e1ee3\" data-id=\"f8e1ee3\" data-element_type=\"column\">\n\t\t\t<div class=\"elementor-widget-wrap elementor-element-populated\">\n\t\t\t\t\t\t<div class=\"elementor-element elementor-element-22229e2 elementor-widget elementor-widget-image\" data-id=\"22229e2\" data-element_type=\"widget\" data-widget_type=\"image.default\">\n\t\t\t\t<div class=\"elementor-widget-container\">\n\t\t\t\t\t\t\t\t\t\t\t\t<figure class=\"wp-caption\">\n\t\t\t\t\t\t\t\t\t\t<img decoding=\"async\" width=\"800\" height=\"1000\" src=\"https:\/\/richeskarayib.com\/wp-content\/uploads\/2025\/10\/\u00a9Dominica-Ministry-of-Tourism-1-819x1024.jpg\" class=\"attachment-large size-large wp-image-63514\" alt=\"\ud835\udc13\ud835\udc22 \ud835\udc15\ud835\udc22\ud835\udc25\ud835\udc1a\ud835\udc23 \ud835\udc0a\ud835\udc30\ud835\udc1e\u0301\ud835\udc32\ud835\udc28\u0300\ud835\udc25\" srcset=\"https:\/\/richeskarayib.com\/wp-content\/uploads\/2025\/10\/\u00a9Dominica-Ministry-of-Tourism-1-819x1024.jpg 819w, https:\/\/richeskarayib.com\/wp-content\/uploads\/2025\/10\/\u00a9Dominica-Ministry-of-Tourism-1-240x300.jpg 240w, https:\/\/richeskarayib.com\/wp-content\/uploads\/2025\/10\/\u00a9Dominica-Ministry-of-Tourism-1-768x960.jpg 768w, https:\/\/richeskarayib.com\/wp-content\/uploads\/2025\/10\/\u00a9Dominica-Ministry-of-Tourism-1.jpg 1200w\" sizes=\"(max-width: 800px) 100vw, 800px\" \/>\t\t\t\t\t\t\t\t\t\t\t<figcaption class=\"widget-image-caption wp-caption-text\">\u00a9Dominica Ministry of Tourism<\/figcaption>\n\t\t\t\t\t\t\t\t\t\t<\/figure>\n\t\t\t\t\t\t\t\t\t<\/div>\n\t\t\t\t<\/div>\n\t\t\t\t\t<\/div>\n\t\t<\/div>\n\t\t\t\t\t<\/div>\n\t\t<\/section>\n\t\t\t\t\t<\/div>\n\t\t<\/div>\n\t\t\t\t\t<\/div>\n\t\t<\/section>\n\t\t\t\t<section class=\"elementor-section elementor-top-section elementor-element elementor-element-ee72354 elementor-section-boxed elementor-section-height-default elementor-section-height-default\" data-id=\"ee72354\" data-element_type=\"section\">\n\t\t\t\t\t\t<div class=\"elementor-container elementor-column-gap-default\">\n\t\t\t\t\t<div class=\"elementor-column elementor-col-100 elementor-top-column elementor-element elementor-element-c59d6fe\" data-id=\"c59d6fe\" data-element_type=\"column\">\n\t\t\t<div class=\"elementor-widget-wrap elementor-element-populated\">\n\t\t\t\t\t\t<div class=\"elementor-element elementor-element-ddc6a1e elementor-widget elementor-widget-heading\" data-id=\"ddc6a1e\" data-element_type=\"widget\" data-widget_type=\"heading.default\">\n\t\t\t\t<div class=\"elementor-widget-container\">\n\t\t\t\t\t<h2 class=\"elementor-heading-title elementor-size-default\">\ud835\udc13\ud835\udc22 \ud835\udc15\ud835\udc22\ud835\udc25\ud835\udc1a\ud835\udc23 \ud835\udc0a\ud835\udc30\ud835\udc1e\u0301\ud835\udc32\ud835\udc28\u0300\ud835\udc25 2025: m\u00fasica, artesan\u00eda y sabores<\/h2>\t\t\t\t<\/div>\n\t\t\t\t<\/div>\n\t\t\t\t<div class=\"elementor-element elementor-element-e57451f elementor-widget elementor-widget-text-editor\" data-id=\"e57451f\" data-element_type=\"widget\" data-widget_type=\"text-editor.default\">\n\t\t\t\t<div class=\"elementor-widget-container\">\n\t\t\t\t\t\t\t\t\t<p><span style=\"font-weight: 400;\">El mercado de este a\u00f1o contar\u00e1 con casi 100 expositores de toda la regi\u00f3n. Puestos de productos agroalimentarios, delicias locales, cosm\u00e9ticos naturales, accesorios textiles y objetos de decoraci\u00f3n componen este mercado al aire libre. <\/span><span style=\"font-weight: 400;\"><br><\/span><span style=\"font-weight: 400;\">  \ud835\udc13\ud835\udc22 \ud835\udc15\ud835\udc22\ud835\udc25\ud835\udc1a\ud835\udc23 \ud835\udc0a\ud835\udc30\ud835\udc1e\u0301\ud835\udc32\ud835\udc28\u0300\ud835\udc25 es una plataforma econ\u00f3mica y cultural: apoya a las peque\u00f1as empresas, da a conocer a los artesanos y permite a los visitantes conocer directamente a quienes dan forma a la riqueza del pa\u00eds.<\/span><\/p>\n<p><span style=\"font-weight: 400;\">En el escenario, los Midnight Groovers y Ridge &amp; Pudaz abren la primera jornada, seguidos de artistas de primera fila como Asa Bantan, DJ Taffy &amp; Friends y los Swinging Stars. El programa alterna conciertos, espect\u00e1culos itinerantes y demostraciones en los pasillos. La m\u00fasica cadence-lypso y el bouyon, originarios de Dominica, siguen estando en el candelero.  <\/span><\/p>\t\t\t\t\t\t\t\t<\/div>\n\t\t\t\t<\/div>\n\t\t\t\t<section class=\"elementor-section elementor-inner-section elementor-element elementor-element-3f004ca elementor-section-boxed elementor-section-height-default elementor-section-height-default\" data-id=\"3f004ca\" data-element_type=\"section\">\n\t\t\t\t\t\t<div class=\"elementor-container elementor-column-gap-default\">\n\t\t\t\t\t<div class=\"elementor-column elementor-col-33 elementor-inner-column elementor-element elementor-element-86018e2\" data-id=\"86018e2\" data-element_type=\"column\">\n\t\t\t<div class=\"elementor-widget-wrap elementor-element-populated\">\n\t\t\t\t\t\t<div class=\"elementor-element elementor-element-a2275de elementor-widget elementor-widget-image\" data-id=\"a2275de\" data-element_type=\"widget\" data-widget_type=\"image.default\">\n\t\t\t\t<div class=\"elementor-widget-container\">\n\t\t\t\t\t\t\t\t\t\t\t\t<figure class=\"wp-caption\">\n\t\t\t\t\t\t\t\t\t\t<img loading=\"lazy\" decoding=\"async\" width=\"800\" height=\"601\" src=\"https:\/\/richeskarayib.com\/wp-content\/uploads\/2025\/10\/\u00a9Dominica-Ministry-of-Tourism-7-1024x769.jpg\" class=\"attachment-large size-large wp-image-63578\" alt=\"\ud835\udc13\ud835\udc22 \ud835\udc15\ud835\udc22\ud835\udc25\ud835\udc1a\ud835\udc23 \ud835\udc0a\ud835\udc30\ud835\udc1e\u0301\ud835\udc32\ud835\udc28\u0300\ud835\udc25\" srcset=\"https:\/\/richeskarayib.com\/wp-content\/uploads\/2025\/10\/\u00a9Dominica-Ministry-of-Tourism-7-1024x769.jpg 1024w, https:\/\/richeskarayib.com\/wp-content\/uploads\/2025\/10\/\u00a9Dominica-Ministry-of-Tourism-7-300x225.jpg 300w, https:\/\/richeskarayib.com\/wp-content\/uploads\/2025\/10\/\u00a9Dominica-Ministry-of-Tourism-7-768x577.jpg 768w, https:\/\/richeskarayib.com\/wp-content\/uploads\/2025\/10\/\u00a9Dominica-Ministry-of-Tourism-7-1536x1154.jpg 1536w, https:\/\/richeskarayib.com\/wp-content\/uploads\/2025\/10\/\u00a9Dominica-Ministry-of-Tourism-7-1320x991.jpg 1320w, https:\/\/richeskarayib.com\/wp-content\/uploads\/2025\/10\/\u00a9Dominica-Ministry-of-Tourism-7.jpg 1920w\" sizes=\"(max-width: 800px) 100vw, 800px\" \/>\t\t\t\t\t\t\t\t\t\t\t<figcaption class=\"widget-image-caption wp-caption-text\">\u00a9Dominica Ministry of Tourism<\/figcaption>\n\t\t\t\t\t\t\t\t\t\t<\/figure>\n\t\t\t\t\t\t\t\t\t<\/div>\n\t\t\t\t<\/div>\n\t\t\t\t\t<\/div>\n\t\t<\/div>\n\t\t\t\t<div class=\"elementor-column elementor-col-33 elementor-inner-column elementor-element elementor-element-91e294b\" data-id=\"91e294b\" data-element_type=\"column\">\n\t\t\t<div class=\"elementor-widget-wrap elementor-element-populated\">\n\t\t\t\t\t\t<div class=\"elementor-element elementor-element-207d566 elementor-widget elementor-widget-image\" data-id=\"207d566\" data-element_type=\"widget\" data-widget_type=\"image.default\">\n\t\t\t\t<div class=\"elementor-widget-container\">\n\t\t\t\t\t\t\t\t\t\t\t\t<figure class=\"wp-caption\">\n\t\t\t\t\t\t\t\t\t\t<img loading=\"lazy\" decoding=\"async\" width=\"800\" height=\"601\" src=\"https:\/\/richeskarayib.com\/wp-content\/uploads\/2025\/10\/\u00a9Dominica-Ministry-of-Tourism-8-1024x769.jpg\" class=\"attachment-large size-large wp-image-63582\" alt=\"\ud835\udc13\ud835\udc22 \ud835\udc15\ud835\udc22\ud835\udc25\ud835\udc1a\ud835\udc23 \ud835\udc0a\ud835\udc30\ud835\udc1e\u0301\ud835\udc32\ud835\udc28\u0300\ud835\udc25\" srcset=\"https:\/\/richeskarayib.com\/wp-content\/uploads\/2025\/10\/\u00a9Dominica-Ministry-of-Tourism-8-1024x769.jpg 1024w, https:\/\/richeskarayib.com\/wp-content\/uploads\/2025\/10\/\u00a9Dominica-Ministry-of-Tourism-8-300x225.jpg 300w, https:\/\/richeskarayib.com\/wp-content\/uploads\/2025\/10\/\u00a9Dominica-Ministry-of-Tourism-8-768x577.jpg 768w, https:\/\/richeskarayib.com\/wp-content\/uploads\/2025\/10\/\u00a9Dominica-Ministry-of-Tourism-8-1536x1154.jpg 1536w, https:\/\/richeskarayib.com\/wp-content\/uploads\/2025\/10\/\u00a9Dominica-Ministry-of-Tourism-8-1320x991.jpg 1320w, https:\/\/richeskarayib.com\/wp-content\/uploads\/2025\/10\/\u00a9Dominica-Ministry-of-Tourism-8.jpg 1920w\" sizes=\"(max-width: 800px) 100vw, 800px\" \/>\t\t\t\t\t\t\t\t\t\t\t<figcaption class=\"widget-image-caption wp-caption-text\">\u00a9Dominica Ministry of Tourism<\/figcaption>\n\t\t\t\t\t\t\t\t\t\t<\/figure>\n\t\t\t\t\t\t\t\t\t<\/div>\n\t\t\t\t<\/div>\n\t\t\t\t\t<\/div>\n\t\t<\/div>\n\t\t\t\t<div class=\"elementor-column elementor-col-33 elementor-inner-column elementor-element elementor-element-f91ed1f\" data-id=\"f91ed1f\" data-element_type=\"column\">\n\t\t\t<div class=\"elementor-widget-wrap elementor-element-populated\">\n\t\t\t\t\t\t<div class=\"elementor-element elementor-element-4b76925 elementor-widget elementor-widget-image\" data-id=\"4b76925\" data-element_type=\"widget\" data-widget_type=\"image.default\">\n\t\t\t\t<div class=\"elementor-widget-container\">\n\t\t\t\t\t\t\t\t\t\t\t\t<figure class=\"wp-caption\">\n\t\t\t\t\t\t\t\t\t\t<img loading=\"lazy\" decoding=\"async\" width=\"800\" height=\"601\" src=\"https:\/\/richeskarayib.com\/wp-content\/uploads\/2025\/10\/\u00a9Dominica-Ministry-of-Tourism-16-1024x769.jpg\" class=\"attachment-large size-large wp-image-63586\" alt=\"\ud835\udc13\ud835\udc22 \ud835\udc15\ud835\udc22\ud835\udc25\ud835\udc1a\ud835\udc23 \ud835\udc0a\ud835\udc30\ud835\udc1e\u0301\ud835\udc32\ud835\udc28\u0300\ud835\udc25\" srcset=\"https:\/\/richeskarayib.com\/wp-content\/uploads\/2025\/10\/\u00a9Dominica-Ministry-of-Tourism-16-1024x769.jpg 1024w, https:\/\/richeskarayib.com\/wp-content\/uploads\/2025\/10\/\u00a9Dominica-Ministry-of-Tourism-16-300x225.jpg 300w, https:\/\/richeskarayib.com\/wp-content\/uploads\/2025\/10\/\u00a9Dominica-Ministry-of-Tourism-16-768x577.jpg 768w, https:\/\/richeskarayib.com\/wp-content\/uploads\/2025\/10\/\u00a9Dominica-Ministry-of-Tourism-16-1536x1154.jpg 1536w, https:\/\/richeskarayib.com\/wp-content\/uploads\/2025\/10\/\u00a9Dominica-Ministry-of-Tourism-16-1320x991.jpg 1320w, https:\/\/richeskarayib.com\/wp-content\/uploads\/2025\/10\/\u00a9Dominica-Ministry-of-Tourism-16.jpg 1920w\" sizes=\"(max-width: 800px) 100vw, 800px\" \/>\t\t\t\t\t\t\t\t\t\t\t<figcaption class=\"widget-image-caption wp-caption-text\">\u00a9Dominica Ministry of Tourisma<\/figcaption>\n\t\t\t\t\t\t\t\t\t\t<\/figure>\n\t\t\t\t\t\t\t\t\t<\/div>\n\t\t\t\t<\/div>\n\t\t\t\t\t<\/div>\n\t\t<\/div>\n\t\t\t\t\t<\/div>\n\t\t<\/section>\n\t\t\t\t<section class=\"elementor-section elementor-inner-section elementor-element elementor-element-08688ac elementor-section-boxed elementor-section-height-default elementor-section-height-default\" data-id=\"08688ac\" data-element_type=\"section\">\n\t\t\t\t\t\t<div class=\"elementor-container elementor-column-gap-default\">\n\t\t\t\t\t<div class=\"elementor-column elementor-col-33 elementor-inner-column elementor-element elementor-element-bcaa755\" data-id=\"bcaa755\" data-element_type=\"column\">\n\t\t\t<div class=\"elementor-widget-wrap elementor-element-populated\">\n\t\t\t\t\t\t<div class=\"elementor-element elementor-element-d5596ec elementor-widget elementor-widget-image\" data-id=\"d5596ec\" data-element_type=\"widget\" data-widget_type=\"image.default\">\n\t\t\t\t<div class=\"elementor-widget-container\">\n\t\t\t\t\t\t\t\t\t\t\t\t<figure class=\"wp-caption\">\n\t\t\t\t\t\t\t\t\t\t<img loading=\"lazy\" decoding=\"async\" width=\"800\" height=\"601\" src=\"https:\/\/richeskarayib.com\/wp-content\/uploads\/2025\/10\/\u00a9Dominica-Ministry-of-Tourism-9-1024x769.jpg\" class=\"attachment-large size-large wp-image-63590\" alt=\"\ud835\udc13\ud835\udc22 \ud835\udc15\ud835\udc22\ud835\udc25\ud835\udc1a\ud835\udc23 \ud835\udc0a\ud835\udc30\ud835\udc1e\u0301\ud835\udc32\ud835\udc28\u0300\ud835\udc25\" srcset=\"https:\/\/richeskarayib.com\/wp-content\/uploads\/2025\/10\/\u00a9Dominica-Ministry-of-Tourism-9-1024x769.jpg 1024w, https:\/\/richeskarayib.com\/wp-content\/uploads\/2025\/10\/\u00a9Dominica-Ministry-of-Tourism-9-300x225.jpg 300w, https:\/\/richeskarayib.com\/wp-content\/uploads\/2025\/10\/\u00a9Dominica-Ministry-of-Tourism-9-768x577.jpg 768w, https:\/\/richeskarayib.com\/wp-content\/uploads\/2025\/10\/\u00a9Dominica-Ministry-of-Tourism-9-1536x1154.jpg 1536w, https:\/\/richeskarayib.com\/wp-content\/uploads\/2025\/10\/\u00a9Dominica-Ministry-of-Tourism-9-1320x991.jpg 1320w, https:\/\/richeskarayib.com\/wp-content\/uploads\/2025\/10\/\u00a9Dominica-Ministry-of-Tourism-9.jpg 1920w\" sizes=\"(max-width: 800px) 100vw, 800px\" \/>\t\t\t\t\t\t\t\t\t\t\t<figcaption class=\"widget-image-caption wp-caption-text\">\u00a9Dominica Ministry of Tourism<\/figcaption>\n\t\t\t\t\t\t\t\t\t\t<\/figure>\n\t\t\t\t\t\t\t\t\t<\/div>\n\t\t\t\t<\/div>\n\t\t\t\t\t<\/div>\n\t\t<\/div>\n\t\t\t\t<div class=\"elementor-column elementor-col-33 elementor-inner-column elementor-element elementor-element-c0b4bb5\" data-id=\"c0b4bb5\" data-element_type=\"column\">\n\t\t\t<div class=\"elementor-widget-wrap elementor-element-populated\">\n\t\t\t\t\t\t<div class=\"elementor-element elementor-element-6dd0c2f elementor-widget elementor-widget-image\" data-id=\"6dd0c2f\" data-element_type=\"widget\" data-widget_type=\"image.default\">\n\t\t\t\t<div class=\"elementor-widget-container\">\n\t\t\t\t\t\t\t\t\t\t\t\t<figure class=\"wp-caption\">\n\t\t\t\t\t\t\t\t\t\t<img loading=\"lazy\" decoding=\"async\" width=\"800\" height=\"601\" src=\"https:\/\/richeskarayib.com\/wp-content\/uploads\/2025\/10\/\u00a9Dominica-Ministry-of-Tourism-10-1024x769.jpg\" class=\"attachment-large size-large wp-image-63594\" alt=\"\ud835\udc13\ud835\udc22 \ud835\udc15\ud835\udc22\ud835\udc25\ud835\udc1a\ud835\udc23 \ud835\udc0a\ud835\udc30\ud835\udc1e\u0301\ud835\udc32\ud835\udc28\u0300\ud835\udc25\" srcset=\"https:\/\/richeskarayib.com\/wp-content\/uploads\/2025\/10\/\u00a9Dominica-Ministry-of-Tourism-10-1024x769.jpg 1024w, https:\/\/richeskarayib.com\/wp-content\/uploads\/2025\/10\/\u00a9Dominica-Ministry-of-Tourism-10-300x225.jpg 300w, https:\/\/richeskarayib.com\/wp-content\/uploads\/2025\/10\/\u00a9Dominica-Ministry-of-Tourism-10-768x577.jpg 768w, https:\/\/richeskarayib.com\/wp-content\/uploads\/2025\/10\/\u00a9Dominica-Ministry-of-Tourism-10-1536x1154.jpg 1536w, https:\/\/richeskarayib.com\/wp-content\/uploads\/2025\/10\/\u00a9Dominica-Ministry-of-Tourism-10-1320x991.jpg 1320w, https:\/\/richeskarayib.com\/wp-content\/uploads\/2025\/10\/\u00a9Dominica-Ministry-of-Tourism-10.jpg 1920w\" sizes=\"(max-width: 800px) 100vw, 800px\" \/>\t\t\t\t\t\t\t\t\t\t\t<figcaption class=\"widget-image-caption wp-caption-text\">\u00a9Dominica Ministry of Tourism<\/figcaption>\n\t\t\t\t\t\t\t\t\t\t<\/figure>\n\t\t\t\t\t\t\t\t\t<\/div>\n\t\t\t\t<\/div>\n\t\t\t\t\t<\/div>\n\t\t<\/div>\n\t\t\t\t<div class=\"elementor-column elementor-col-33 elementor-inner-column elementor-element elementor-element-a40b7c1\" data-id=\"a40b7c1\" data-element_type=\"column\">\n\t\t\t<div class=\"elementor-widget-wrap elementor-element-populated\">\n\t\t\t\t\t\t<div class=\"elementor-element elementor-element-8d9db28 elementor-widget elementor-widget-image\" data-id=\"8d9db28\" data-element_type=\"widget\" data-widget_type=\"image.default\">\n\t\t\t\t<div class=\"elementor-widget-container\">\n\t\t\t\t\t\t\t\t\t\t\t\t<figure class=\"wp-caption\">\n\t\t\t\t\t\t\t\t\t\t<img loading=\"lazy\" decoding=\"async\" width=\"800\" height=\"601\" src=\"https:\/\/richeskarayib.com\/wp-content\/uploads\/2025\/10\/\u00a9Dominica-Ministry-of-Tourism-15-1024x769.jpg\" class=\"attachment-large size-large wp-image-63598\" alt=\"\ud835\udc13\ud835\udc22 \ud835\udc15\ud835\udc22\ud835\udc25\ud835\udc1a\ud835\udc23 \ud835\udc0a\ud835\udc30\ud835\udc1e\u0301\ud835\udc32\ud835\udc28\u0300\ud835\udc25\" srcset=\"https:\/\/richeskarayib.com\/wp-content\/uploads\/2025\/10\/\u00a9Dominica-Ministry-of-Tourism-15-1024x769.jpg 1024w, https:\/\/richeskarayib.com\/wp-content\/uploads\/2025\/10\/\u00a9Dominica-Ministry-of-Tourism-15-300x225.jpg 300w, https:\/\/richeskarayib.com\/wp-content\/uploads\/2025\/10\/\u00a9Dominica-Ministry-of-Tourism-15-768x577.jpg 768w, https:\/\/richeskarayib.com\/wp-content\/uploads\/2025\/10\/\u00a9Dominica-Ministry-of-Tourism-15-1536x1154.jpg 1536w, https:\/\/richeskarayib.com\/wp-content\/uploads\/2025\/10\/\u00a9Dominica-Ministry-of-Tourism-15-1320x991.jpg 1320w, https:\/\/richeskarayib.com\/wp-content\/uploads\/2025\/10\/\u00a9Dominica-Ministry-of-Tourism-15.jpg 1920w\" sizes=\"(max-width: 800px) 100vw, 800px\" \/>\t\t\t\t\t\t\t\t\t\t\t<figcaption class=\"widget-image-caption wp-caption-text\">\u00a9Dominica Ministry of Tourism<\/figcaption>\n\t\t\t\t\t\t\t\t\t\t<\/figure>\n\t\t\t\t\t\t\t\t\t<\/div>\n\t\t\t\t<\/div>\n\t\t\t\t\t<\/div>\n\t\t<\/div>\n\t\t\t\t\t<\/div>\n\t\t<\/section>\n\t\t\t\t\t<\/div>\n\t\t<\/div>\n\t\t\t\t\t<\/div>\n\t\t<\/section>\n\t\t\t\t<section class=\"elementor-section elementor-top-section elementor-element elementor-element-82cd8f9 elementor-section-boxed elementor-section-height-default elementor-section-height-default\" data-id=\"82cd8f9\" data-element_type=\"section\">\n\t\t\t\t\t\t<div class=\"elementor-container elementor-column-gap-default\">\n\t\t\t\t\t<div class=\"elementor-column elementor-col-100 elementor-top-column elementor-element elementor-element-0bfdc38\" data-id=\"0bfdc38\" data-element_type=\"column\">\n\t\t\t<div class=\"elementor-widget-wrap elementor-element-populated\">\n\t\t\t\t\t\t<div class=\"elementor-element elementor-element-7d292fe elementor-widget elementor-widget-heading\" data-id=\"7d292fe\" data-element_type=\"widget\" data-widget_type=\"heading.default\">\n\t\t\t\t<div class=\"elementor-widget-container\">\n\t\t\t\t\t<h2 class=\"elementor-heading-title elementor-size-default\">La Colmena: el nuevo 2025<\/h2>\t\t\t\t<\/div>\n\t\t\t\t<\/div>\n\t\t\t\t<div class=\"elementor-element elementor-element-8e337bf elementor-widget elementor-widget-text-editor\" data-id=\"8e337bf\" data-element_type=\"widget\" data-widget_type=\"text-editor.default\">\n\t\t\t\t<div class=\"elementor-widget-container\">\n\t\t\t\t\t\t\t\t\t<p><span style=\"font-weight: 400;\">Una gran primicia en <span class=\"cf0\">\ud835\udc13\ud835\udc22<\/span><span class=\"cf0\"> \ud835\udc15\ud835\udc22\ud835\udc25\ud835\udc1a\ud835\udc23 \ud835\udc0a\ud835\udc30\ud835\udc1e\u0301\ud835\udc32\ud835\udc28\u0300\ud835\udc25:<\/span> &#8220;La Colmena&#8221;, un nuevo lugar de encuentro en el coraz\u00f3n del sitio.<\/span><span style=\"font-weight: 400;\"><br><\/span><span style=\"font-weight: 400;\">  La idea es multiplicar los formatos breves -miniconciertos, presentaciones de artesanos, talleres culinarios- para puntuar la jornada sin interrumpir el paseo. Es una forma de acercar a\u00fan m\u00e1s el p\u00fablico a los creadores, y de dar al festival un sentido de participaci\u00f3n sin precedentes. <\/span><\/p>\t\t\t\t\t\t\t\t<\/div>\n\t\t\t\t<\/div>\n\t\t\t\t<section class=\"elementor-section elementor-inner-section elementor-element elementor-element-b2bb403 elementor-section-boxed elementor-section-height-default elementor-section-height-default\" data-id=\"b2bb403\" data-element_type=\"section\">\n\t\t\t\t\t\t<div class=\"elementor-container elementor-column-gap-default\">\n\t\t\t\t\t<div class=\"elementor-column elementor-col-50 elementor-inner-column elementor-element elementor-element-bbc5a4c\" data-id=\"bbc5a4c\" data-element_type=\"column\">\n\t\t\t<div class=\"elementor-widget-wrap elementor-element-populated\">\n\t\t\t\t\t\t<div class=\"elementor-element elementor-element-9a5d3cc elementor-widget elementor-widget-image\" data-id=\"9a5d3cc\" data-element_type=\"widget\" data-widget_type=\"image.default\">\n\t\t\t\t<div class=\"elementor-widget-container\">\n\t\t\t\t\t\t\t\t\t\t\t\t<figure class=\"wp-caption\">\n\t\t\t\t\t\t\t\t\t\t<img loading=\"lazy\" decoding=\"async\" width=\"800\" height=\"601\" src=\"https:\/\/richeskarayib.com\/wp-content\/uploads\/2025\/10\/\u00a9Dominica-Ministry-of-Tourism-3-1024x769.jpg\" class=\"attachment-large size-large wp-image-63554\" alt=\"\ud835\udc13\ud835\udc22 \ud835\udc15\ud835\udc22\ud835\udc25\ud835\udc1a\ud835\udc23 \ud835\udc0a\ud835\udc30\ud835\udc1e\u0301\ud835\udc32\ud835\udc28\u0300\ud835\udc25\" srcset=\"https:\/\/richeskarayib.com\/wp-content\/uploads\/2025\/10\/\u00a9Dominica-Ministry-of-Tourism-3-1024x769.jpg 1024w, https:\/\/richeskarayib.com\/wp-content\/uploads\/2025\/10\/\u00a9Dominica-Ministry-of-Tourism-3-300x225.jpg 300w, https:\/\/richeskarayib.com\/wp-content\/uploads\/2025\/10\/\u00a9Dominica-Ministry-of-Tourism-3-768x577.jpg 768w, https:\/\/richeskarayib.com\/wp-content\/uploads\/2025\/10\/\u00a9Dominica-Ministry-of-Tourism-3-1536x1154.jpg 1536w, https:\/\/richeskarayib.com\/wp-content\/uploads\/2025\/10\/\u00a9Dominica-Ministry-of-Tourism-3-1320x991.jpg 1320w, https:\/\/richeskarayib.com\/wp-content\/uploads\/2025\/10\/\u00a9Dominica-Ministry-of-Tourism-3.jpg 1920w\" sizes=\"(max-width: 800px) 100vw, 800px\" \/>\t\t\t\t\t\t\t\t\t\t\t<figcaption class=\"widget-image-caption wp-caption-text\">\u00a9Dominica Ministry of Tourism<\/figcaption>\n\t\t\t\t\t\t\t\t\t\t<\/figure>\n\t\t\t\t\t\t\t\t\t<\/div>\n\t\t\t\t<\/div>\n\t\t\t\t\t<\/div>\n\t\t<\/div>\n\t\t\t\t<div class=\"elementor-column elementor-col-50 elementor-inner-column elementor-element elementor-element-5e1ddaf\" data-id=\"5e1ddaf\" data-element_type=\"column\">\n\t\t\t<div class=\"elementor-widget-wrap elementor-element-populated\">\n\t\t\t\t\t\t<div class=\"elementor-element elementor-element-1a943d6 elementor-widget elementor-widget-image\" data-id=\"1a943d6\" data-element_type=\"widget\" data-widget_type=\"image.default\">\n\t\t\t\t<div class=\"elementor-widget-container\">\n\t\t\t\t\t\t\t\t\t\t\t\t<figure class=\"wp-caption\">\n\t\t\t\t\t\t\t\t\t\t<img loading=\"lazy\" decoding=\"async\" width=\"800\" height=\"601\" src=\"https:\/\/richeskarayib.com\/wp-content\/uploads\/2025\/10\/\u00a9Dominica-Ministry-of-Tourism-5-1024x769.jpg\" class=\"attachment-large size-large wp-image-63558\" alt=\"\ud835\udc13\ud835\udc22 \ud835\udc15\ud835\udc22\ud835\udc25\ud835\udc1a\ud835\udc23 \ud835\udc0a\ud835\udc30\ud835\udc1e\u0301\ud835\udc32\ud835\udc28\u0300\ud835\udc25\" srcset=\"https:\/\/richeskarayib.com\/wp-content\/uploads\/2025\/10\/\u00a9Dominica-Ministry-of-Tourism-5-1024x769.jpg 1024w, https:\/\/richeskarayib.com\/wp-content\/uploads\/2025\/10\/\u00a9Dominica-Ministry-of-Tourism-5-300x225.jpg 300w, https:\/\/richeskarayib.com\/wp-content\/uploads\/2025\/10\/\u00a9Dominica-Ministry-of-Tourism-5-768x577.jpg 768w, https:\/\/richeskarayib.com\/wp-content\/uploads\/2025\/10\/\u00a9Dominica-Ministry-of-Tourism-5-1536x1154.jpg 1536w, https:\/\/richeskarayib.com\/wp-content\/uploads\/2025\/10\/\u00a9Dominica-Ministry-of-Tourism-5-1320x991.jpg 1320w, https:\/\/richeskarayib.com\/wp-content\/uploads\/2025\/10\/\u00a9Dominica-Ministry-of-Tourism-5.jpg 1920w\" sizes=\"(max-width: 800px) 100vw, 800px\" \/>\t\t\t\t\t\t\t\t\t\t\t<figcaption class=\"widget-image-caption wp-caption-text\">\u00a9Dominica Ministry of Tourism<\/figcaption>\n\t\t\t\t\t\t\t\t\t\t<\/figure>\n\t\t\t\t\t\t\t\t\t<\/div>\n\t\t\t\t<\/div>\n\t\t\t\t\t<\/div>\n\t\t<\/div>\n\t\t\t\t\t<\/div>\n\t\t<\/section>\n\t\t\t\t<section class=\"elementor-section elementor-inner-section elementor-element elementor-element-c582330 elementor-section-boxed elementor-section-height-default elementor-section-height-default\" data-id=\"c582330\" data-element_type=\"section\">\n\t\t\t\t\t\t<div class=\"elementor-container elementor-column-gap-default\">\n\t\t\t\t\t\t<\/div>\n\t\t<\/section>\n\t\t\t\t<section class=\"elementor-section elementor-inner-section elementor-element elementor-element-296603a elementor-section-boxed elementor-section-height-default elementor-section-height-default\" data-id=\"296603a\" data-element_type=\"section\">\n\t\t\t\t\t\t<div class=\"elementor-container elementor-column-gap-default\">\n\t\t\t\t\t\t<\/div>\n\t\t<\/section>\n\t\t\t\t\t<\/div>\n\t\t<\/div>\n\t\t\t\t\t<\/div>\n\t\t<\/section>\n\t\t\t\t<section class=\"elementor-section elementor-top-section elementor-element elementor-element-5a7397d elementor-section-boxed elementor-section-height-default elementor-section-height-default\" data-id=\"5a7397d\" data-element_type=\"section\">\n\t\t\t\t\t\t<div class=\"elementor-container elementor-column-gap-default\">\n\t\t\t\t\t<div class=\"elementor-column elementor-col-100 elementor-top-column elementor-element elementor-element-8b33b4b\" data-id=\"8b33b4b\" data-element_type=\"column\">\n\t\t\t<div class=\"elementor-widget-wrap elementor-element-populated\">\n\t\t\t\t\t\t<div class=\"elementor-element elementor-element-89dac4b elementor-widget elementor-widget-heading\" data-id=\"89dac4b\" data-element_type=\"widget\" data-widget_type=\"heading.default\">\n\t\t\t\t<div class=\"elementor-widget-container\">\n\t\t\t\t\t<h2 class=\"elementor-heading-title elementor-size-default\">Moda, lengua y tradiciones vivas<\/h2>\t\t\t\t<\/div>\n\t\t\t\t<\/div>\n\t\t\t\t<div class=\"elementor-element elementor-element-4fc7069 elementor-widget elementor-widget-text-editor\" data-id=\"4fc7069\" data-element_type=\"widget\" data-widget_type=\"text-editor.default\">\n\t\t\t\t<div class=\"elementor-widget-container\">\n\t\t\t\t\t\t\t\t\t<p><span style=\"font-weight: 400;\">\ud835\udc13\ud835\udc22 \ud835\udc15\ud835\udc22\ud835\udc25\ud835\udc1a\ud835\udc23 \ud835\udc0a\ud835\udc30\ud835\udc1e\u0301\ud835\udc32\ud835\udc28\u0300\ud835\udc25 no se limita al escenario: la moda criolla tambi\u00e9n tiene su lugar. Desfiles de trajes tradicionales, pa\u00f1uelos y madr\u00e1s recuerdan la delicadeza de la herencia sartorial dominicana. <\/span><span style=\"font-weight: 400;\"><br><\/span><span style=\"font-weight: 400;\">  Los ni\u00f1os vestidos con trajes criollos a\u00f1aden un toque de autenticidad y emoci\u00f3n al conjunto.<\/span><span style=\"font-weight: 400;\"><br><\/span><span style=\"font-weight: 400;\">  A lo largo del festival, los anuncios, las canciones y los intercambios en kw\u00e9y\u00f2l forman parte de la transmisi\u00f3n natural de la lengua. Resuena en las voces de presentadores y visitantes por igual, como un hilo conductor de la identidad dominicana. <\/span><\/p>\t\t\t\t\t\t\t\t<\/div>\n\t\t\t\t<\/div>\n\t\t\t\t<div class=\"elementor-element elementor-element-27e8191 elementor-widget elementor-widget-text-editor\" data-id=\"27e8191\" data-element_type=\"widget\" data-widget_type=\"text-editor.default\">\n\t\t\t\t<div class=\"elementor-widget-container\">\n\t\t\t\t\t\t\t\t\t<p><span style=\"font-weight: 400;\">Las demostraciones de cocina ponen de relieve las t\u00e9cnicas tradicionales, de la mandioca a la yuca, de la harina a los platos cotidianos. Cada paso se cuenta y se comparte, record\u00e1ndonos que la cocina sigue siendo uno de los vectores m\u00e1s poderosos de la memoria. <\/span><\/p>\t\t\t\t\t\t\t\t<\/div>\n\t\t\t\t<\/div>\n\t\t\t\t<section class=\"elementor-section elementor-inner-section elementor-element elementor-element-2819285 elementor-section-boxed elementor-section-height-default elementor-section-height-default\" data-id=\"2819285\" data-element_type=\"section\">\n\t\t\t\t\t\t<div class=\"elementor-container elementor-column-gap-default\">\n\t\t\t\t\t<div class=\"elementor-column elementor-col-50 elementor-inner-column elementor-element elementor-element-eab9d05\" data-id=\"eab9d05\" data-element_type=\"column\">\n\t\t\t<div class=\"elementor-widget-wrap elementor-element-populated\">\n\t\t\t\t\t\t<div class=\"elementor-element elementor-element-bbe5db1 elementor-widget elementor-widget-image\" data-id=\"bbe5db1\" data-element_type=\"widget\" data-widget_type=\"image.default\">\n\t\t\t\t<div class=\"elementor-widget-container\">\n\t\t\t\t\t\t\t\t\t\t\t\t<figure class=\"wp-caption\">\n\t\t\t\t\t\t\t\t\t\t<img loading=\"lazy\" decoding=\"async\" width=\"800\" height=\"600\" src=\"https:\/\/richeskarayib.com\/wp-content\/uploads\/2025\/10\/\u00a9Dominica-Ministry-of-Tourism-3-1-1024x768.jpg\" class=\"attachment-large size-large wp-image-63562\" alt=\"\ud835\udc13\ud835\udc22 \ud835\udc15\ud835\udc22\ud835\udc25\ud835\udc1a\ud835\udc23 \ud835\udc0a\ud835\udc30\ud835\udc1e\u0301\ud835\udc32\ud835\udc28\u0300\ud835\udc25\" srcset=\"https:\/\/richeskarayib.com\/wp-content\/uploads\/2025\/10\/\u00a9Dominica-Ministry-of-Tourism-3-1-1024x768.jpg 1024w, https:\/\/richeskarayib.com\/wp-content\/uploads\/2025\/10\/\u00a9Dominica-Ministry-of-Tourism-3-1-300x225.jpg 300w, https:\/\/richeskarayib.com\/wp-content\/uploads\/2025\/10\/\u00a9Dominica-Ministry-of-Tourism-3-1-768x576.jpg 768w, https:\/\/richeskarayib.com\/wp-content\/uploads\/2025\/10\/\u00a9Dominica-Ministry-of-Tourism-3-1-1536x1152.jpg 1536w, https:\/\/richeskarayib.com\/wp-content\/uploads\/2025\/10\/\u00a9Dominica-Ministry-of-Tourism-3-1-1320x990.jpg 1320w, https:\/\/richeskarayib.com\/wp-content\/uploads\/2025\/10\/\u00a9Dominica-Ministry-of-Tourism-3-1.jpg 1920w\" sizes=\"(max-width: 800px) 100vw, 800px\" \/>\t\t\t\t\t\t\t\t\t\t\t<figcaption class=\"widget-image-caption wp-caption-text\">\u00a9Dominica Ministry of Tourism<\/figcaption>\n\t\t\t\t\t\t\t\t\t\t<\/figure>\n\t\t\t\t\t\t\t\t\t<\/div>\n\t\t\t\t<\/div>\n\t\t\t\t\t<\/div>\n\t\t<\/div>\n\t\t\t\t<div class=\"elementor-column elementor-col-50 elementor-inner-column elementor-element elementor-element-4aea13a\" data-id=\"4aea13a\" data-element_type=\"column\">\n\t\t\t<div class=\"elementor-widget-wrap elementor-element-populated\">\n\t\t\t\t\t\t<div class=\"elementor-element elementor-element-e9258bb elementor-widget elementor-widget-image\" data-id=\"e9258bb\" data-element_type=\"widget\" data-widget_type=\"image.default\">\n\t\t\t\t<div class=\"elementor-widget-container\">\n\t\t\t\t\t\t\t\t\t\t\t\t<figure class=\"wp-caption\">\n\t\t\t\t\t\t\t\t\t\t<img loading=\"lazy\" decoding=\"async\" width=\"800\" height=\"601\" src=\"https:\/\/richeskarayib.com\/wp-content\/uploads\/2025\/10\/\u00a9Dominica-Ministry-of-Tourism-4-1024x769.jpg\" class=\"attachment-large size-large wp-image-63566\" alt=\"\ud835\udc13\ud835\udc22 \ud835\udc15\ud835\udc22\ud835\udc25\ud835\udc1a\ud835\udc23 \ud835\udc0a\ud835\udc30\ud835\udc1e\u0301\ud835\udc32\ud835\udc28\u0300\ud835\udc25\" srcset=\"https:\/\/richeskarayib.com\/wp-content\/uploads\/2025\/10\/\u00a9Dominica-Ministry-of-Tourism-4-1024x769.jpg 1024w, https:\/\/richeskarayib.com\/wp-content\/uploads\/2025\/10\/\u00a9Dominica-Ministry-of-Tourism-4-300x225.jpg 300w, https:\/\/richeskarayib.com\/wp-content\/uploads\/2025\/10\/\u00a9Dominica-Ministry-of-Tourism-4-768x577.jpg 768w, https:\/\/richeskarayib.com\/wp-content\/uploads\/2025\/10\/\u00a9Dominica-Ministry-of-Tourism-4-1536x1154.jpg 1536w, https:\/\/richeskarayib.com\/wp-content\/uploads\/2025\/10\/\u00a9Dominica-Ministry-of-Tourism-4-1320x991.jpg 1320w, https:\/\/richeskarayib.com\/wp-content\/uploads\/2025\/10\/\u00a9Dominica-Ministry-of-Tourism-4.jpg 1920w\" sizes=\"(max-width: 800px) 100vw, 800px\" \/>\t\t\t\t\t\t\t\t\t\t\t<figcaption class=\"widget-image-caption wp-caption-text\">\u00a9Dominica Ministry of Tourism<\/figcaption>\n\t\t\t\t\t\t\t\t\t\t<\/figure>\n\t\t\t\t\t\t\t\t\t<\/div>\n\t\t\t\t<\/div>\n\t\t\t\t\t<\/div>\n\t\t<\/div>\n\t\t\t\t\t<\/div>\n\t\t<\/section>\n\t\t\t\t<section class=\"elementor-section elementor-inner-section elementor-element elementor-element-8fff4b4 elementor-section-boxed elementor-section-height-default elementor-section-height-default\" data-id=\"8fff4b4\" data-element_type=\"section\">\n\t\t\t\t\t\t<div class=\"elementor-container elementor-column-gap-default\">\n\t\t\t\t\t<div class=\"elementor-column elementor-col-50 elementor-inner-column elementor-element elementor-element-c8eae31\" data-id=\"c8eae31\" data-element_type=\"column\">\n\t\t\t<div class=\"elementor-widget-wrap elementor-element-populated\">\n\t\t\t\t\t\t<div class=\"elementor-element elementor-element-40f94c0 elementor-widget elementor-widget-image\" data-id=\"40f94c0\" data-element_type=\"widget\" data-widget_type=\"image.default\">\n\t\t\t\t<div class=\"elementor-widget-container\">\n\t\t\t\t\t\t\t\t\t\t\t\t<figure class=\"wp-caption\">\n\t\t\t\t\t\t\t\t\t\t<img loading=\"lazy\" decoding=\"async\" width=\"769\" height=\"1024\" src=\"https:\/\/richeskarayib.com\/wp-content\/uploads\/2025\/10\/\u00a9Dominica-Ministry-of-Tourism-2-1-769x1024.jpg\" class=\"attachment-large size-large wp-image-63570\" alt=\"\u00a9Dominica Ministry of Tourism\" srcset=\"https:\/\/richeskarayib.com\/wp-content\/uploads\/2025\/10\/\u00a9Dominica-Ministry-of-Tourism-2-1-769x1024.jpg 769w, https:\/\/richeskarayib.com\/wp-content\/uploads\/2025\/10\/\u00a9Dominica-Ministry-of-Tourism-2-1-225x300.jpg 225w, https:\/\/richeskarayib.com\/wp-content\/uploads\/2025\/10\/\u00a9Dominica-Ministry-of-Tourism-2-1-768x1023.jpg 768w, https:\/\/richeskarayib.com\/wp-content\/uploads\/2025\/10\/\u00a9Dominica-Ministry-of-Tourism-2-1-1154x1536.jpg 1154w, https:\/\/richeskarayib.com\/wp-content\/uploads\/2025\/10\/\u00a9Dominica-Ministry-of-Tourism-2-1-1320x1758.jpg 1320w, https:\/\/richeskarayib.com\/wp-content\/uploads\/2025\/10\/\u00a9Dominica-Ministry-of-Tourism-2-1.jpg 1442w\" sizes=\"(max-width: 769px) 100vw, 769px\" \/>\t\t\t\t\t\t\t\t\t\t\t<figcaption class=\"widget-image-caption wp-caption-text\">\u00a9Dominica Ministry of Tourism<\/figcaption>\n\t\t\t\t\t\t\t\t\t\t<\/figure>\n\t\t\t\t\t\t\t\t\t<\/div>\n\t\t\t\t<\/div>\n\t\t\t\t\t<\/div>\n\t\t<\/div>\n\t\t\t\t<div class=\"elementor-column elementor-col-50 elementor-inner-column elementor-element elementor-element-15af113\" data-id=\"15af113\" data-element_type=\"column\">\n\t\t\t<div class=\"elementor-widget-wrap elementor-element-populated\">\n\t\t\t\t\t\t<div class=\"elementor-element elementor-element-3ba70ed elementor-widget elementor-widget-image\" data-id=\"3ba70ed\" data-element_type=\"widget\" data-widget_type=\"image.default\">\n\t\t\t\t<div class=\"elementor-widget-container\">\n\t\t\t\t\t\t\t\t\t\t\t\t<figure class=\"wp-caption\">\n\t\t\t\t\t\t\t\t\t\t<img loading=\"lazy\" decoding=\"async\" width=\"771\" height=\"1024\" src=\"https:\/\/richeskarayib.com\/wp-content\/uploads\/2025\/10\/\u00a9Dominica-Ministry-of-Tourism-11-771x1024.jpg\" class=\"attachment-large size-large wp-image-63574\" alt=\"\ud835\udc13\ud835\udc22 \ud835\udc15\ud835\udc22\ud835\udc25\ud835\udc1a\ud835\udc23 \ud835\udc0a\ud835\udc30\ud835\udc1e\u0301\ud835\udc32\ud835\udc28\u0300\ud835\udc25\" srcset=\"https:\/\/richeskarayib.com\/wp-content\/uploads\/2025\/10\/\u00a9Dominica-Ministry-of-Tourism-11-771x1024.jpg 771w, https:\/\/richeskarayib.com\/wp-content\/uploads\/2025\/10\/\u00a9Dominica-Ministry-of-Tourism-11-226x300.jpg 226w, https:\/\/richeskarayib.com\/wp-content\/uploads\/2025\/10\/\u00a9Dominica-Ministry-of-Tourism-11-768x1020.jpg 768w, https:\/\/richeskarayib.com\/wp-content\/uploads\/2025\/10\/\u00a9Dominica-Ministry-of-Tourism-11-1157x1536.jpg 1157w, https:\/\/richeskarayib.com\/wp-content\/uploads\/2025\/10\/\u00a9Dominica-Ministry-of-Tourism-11-1320x1753.jpg 1320w, https:\/\/richeskarayib.com\/wp-content\/uploads\/2025\/10\/\u00a9Dominica-Ministry-of-Tourism-11.jpg 1446w\" sizes=\"(max-width: 771px) 100vw, 771px\" \/>\t\t\t\t\t\t\t\t\t\t\t<figcaption class=\"widget-image-caption wp-caption-text\">\u00a9Dominica Ministry of Tourism<\/figcaption>\n\t\t\t\t\t\t\t\t\t\t<\/figure>\n\t\t\t\t\t\t\t\t\t<\/div>\n\t\t\t\t<\/div>\n\t\t\t\t\t<\/div>\n\t\t<\/div>\n\t\t\t\t\t<\/div>\n\t\t<\/section>\n\t\t\t\t\t<\/div>\n\t\t<\/div>\n\t\t\t\t\t<\/div>\n\t\t<\/section>\n\t\t\t\t<section class=\"elementor-section elementor-top-section elementor-element elementor-element-ceca32c elementor-section-boxed elementor-section-height-default elementor-section-height-default\" data-id=\"ceca32c\" data-element_type=\"section\">\n\t\t\t\t\t\t<div class=\"elementor-container elementor-column-gap-default\">\n\t\t\t\t\t<div class=\"elementor-column elementor-col-100 elementor-top-column elementor-element elementor-element-5a2e383\" data-id=\"5a2e383\" data-element_type=\"column\">\n\t\t\t<div class=\"elementor-widget-wrap elementor-element-populated\">\n\t\t\t\t\t\t<div class=\"elementor-element elementor-element-6cedf5f elementor-widget elementor-widget-heading\" data-id=\"6cedf5f\" data-element_type=\"widget\" data-widget_type=\"heading.default\">\n\t\t\t\t<div class=\"elementor-widget-container\">\n\t\t\t\t\t<h2 class=\"elementor-heading-title elementor-size-default\">Continuidad con el Festival Mundial de M\u00fasica Criolla<\/h2>\t\t\t\t<\/div>\n\t\t\t\t<\/div>\n\t\t\t\t<div class=\"elementor-element elementor-element-e93d1fb elementor-widget elementor-widget-text-editor\" data-id=\"e93d1fb\" data-element_type=\"widget\" data-widget_type=\"text-editor.default\">\n\t\t\t\t<div class=\"elementor-widget-container\">\n\t\t\t\t\t\t\t\t\t<p><span style=\"font-weight: 400;\">\ud835\udc13\ud835\udc22 \ud835\udc15\ud835\udc22\ud835\udc25\ud835\udc1a\ud835\udc23 \ud835\udc0a\ud835\udc30\ud835\udc1e\u0301\ud835\udc32\ud835\udc28\u0300\ud835\udc25 forma parte de la semana previa al Festival Mundial de M\u00fasica Criolla 2025, previsto del 24 al 26 de octubre en el Estadio Deportivo Windsor Park de Roseau.<\/span><span style=\"font-weight: 400;\"><br><\/span><span style=\"font-weight: 400;\">  La primera abre las festividades durante el d\u00eda, mientras que la segunda prolonga la fiesta hasta la noche. Juntos, forman un continuo cultural en el que la econom\u00eda local y la m\u00fasica criolla se alimentan mutuamente. <\/span><\/p>\t\t\t\t\t\t\t\t<\/div>\n\t\t\t\t<\/div>\n\t\t\t\t<section class=\"elementor-section elementor-inner-section elementor-element elementor-element-071b56b elementor-section-boxed elementor-section-height-default elementor-section-height-default\" data-id=\"071b56b\" data-element_type=\"section\">\n\t\t\t\t\t\t<div class=\"elementor-container elementor-column-gap-default\">\n\t\t\t\t\t<div class=\"elementor-column elementor-col-100 elementor-inner-column elementor-element elementor-element-8f1dfef\" data-id=\"8f1dfef\" data-element_type=\"column\">\n\t\t\t<div class=\"elementor-widget-wrap elementor-element-populated\">\n\t\t\t\t\t\t<div class=\"elementor-element elementor-element-bde8834 elementor-widget elementor-widget-image\" data-id=\"bde8834\" data-element_type=\"widget\" data-widget_type=\"image.default\">\n\t\t\t\t<div class=\"elementor-widget-container\">\n\t\t\t\t\t\t\t\t\t\t\t\t<figure class=\"wp-caption\">\n\t\t\t\t\t\t\t\t\t\t<img loading=\"lazy\" decoding=\"async\" width=\"800\" height=\"450\" src=\"https:\/\/richeskarayib.com\/wp-content\/uploads\/2025\/10\/\u00a9Dominica-Festivals-1-1024x576.jpg\" class=\"attachment-large size-large wp-image-63506\" alt=\"\ud835\udc13\ud835\udc22 \ud835\udc15\ud835\udc22\ud835\udc25\ud835\udc1a\ud835\udc23 \ud835\udc0a\ud835\udc30\ud835\udc1e\u0301\ud835\udc32\ud835\udc28\u0300\ud835\udc25\" srcset=\"https:\/\/richeskarayib.com\/wp-content\/uploads\/2025\/10\/\u00a9Dominica-Festivals-1-1024x576.jpg 1024w, https:\/\/richeskarayib.com\/wp-content\/uploads\/2025\/10\/\u00a9Dominica-Festivals-1-300x169.jpg 300w, https:\/\/richeskarayib.com\/wp-content\/uploads\/2025\/10\/\u00a9Dominica-Festivals-1-768x432.jpg 768w, https:\/\/richeskarayib.com\/wp-content\/uploads\/2025\/10\/\u00a9Dominica-Festivals-1-1536x864.jpg 1536w, https:\/\/richeskarayib.com\/wp-content\/uploads\/2025\/10\/\u00a9Dominica-Festivals-1-1320x743.jpg 1320w, https:\/\/richeskarayib.com\/wp-content\/uploads\/2025\/10\/\u00a9Dominica-Festivals-1.jpg 1920w\" sizes=\"(max-width: 800px) 100vw, 800px\" \/>\t\t\t\t\t\t\t\t\t\t\t<figcaption class=\"widget-image-caption wp-caption-text\">\u00a9Dominica Festivals<\/figcaption>\n\t\t\t\t\t\t\t\t\t\t<\/figure>\n\t\t\t\t\t\t\t\t\t<\/div>\n\t\t\t\t<\/div>\n\t\t\t\t\t<\/div>\n\t\t<\/div>\n\t\t\t\t\t<\/div>\n\t\t<\/section>\n\t\t\t\t\t<\/div>\n\t\t<\/div>\n\t\t\t\t\t<\/div>\n\t\t<\/section>\n\t\t\t\t<section class=\"elementor-section elementor-top-section elementor-element elementor-element-9c88a89 elementor-section-boxed elementor-section-height-default elementor-section-height-default\" data-id=\"9c88a89\" data-element_type=\"section\">\n\t\t\t\t\t\t<div class=\"elementor-container elementor-column-gap-default\">\n\t\t\t\t\t<div class=\"elementor-column elementor-col-100 elementor-top-column elementor-element elementor-element-78cf5d1\" data-id=\"78cf5d1\" data-element_type=\"column\">\n\t\t\t<div class=\"elementor-widget-wrap elementor-element-populated\">\n\t\t\t\t\t\t<div class=\"elementor-element elementor-element-ea2a5c1 elementor-widget elementor-widget-heading\" data-id=\"ea2a5c1\" data-element_type=\"widget\" data-widget_type=\"heading.default\">\n\t\t\t\t<div class=\"elementor-widget-container\">\n\t\t\t\t\t<h2 class=\"elementor-heading-title elementor-size-default\">Un lugar para la transmisi\u00f3n y el futuro\n<\/h2>\t\t\t\t<\/div>\n\t\t\t\t<\/div>\n\t\t\t\t<div class=\"elementor-element elementor-element-e305eee elementor-widget elementor-widget-text-editor\" data-id=\"e305eee\" data-element_type=\"widget\" data-widget_type=\"text-editor.default\">\n\t\t\t\t<div class=\"elementor-widget-container\">\n\t\t\t\t\t\t\t\t\t<p><span style=\"font-weight: 400;\">\ud835\udc13\ud835\udc22 \ud835\udc15\ud835\udc22\ud835\udc25\ud835\udc1a\ud835\udc23 \ud835\udc0a\ud835\udc30\ud835\udc1e\u0301\ud835\udc32\ud835\udc28\u0300\ud835\udc25 2025 ilustra la vitalidad de una isla que depende de la creatividad de sus habitantes.<\/span><span style=\"font-weight: 400;\"><br><\/span><span style=\"font-weight: 400;\">  Al dar voz a los artesanos, productores y artistas, Dominica afirma su independencia cultural y sus ra\u00edces econ\u00f3micas.<\/span><span style=\"font-weight: 400;\"><br><\/span><span style=\"font-weight: 400;\">  Cada puesto, cada canci\u00f3n, cada plato compartido en el Jard\u00edn Bot\u00e1nico de Roseau es un recordatorio de que la cultura criolla no es un recuerdo: es una realidad vivida, transmitida y reinventada en el presente.<\/span><\/p>\t\t\t\t\t\t\t\t<\/div>\n\t\t\t\t<\/div>\n\t\t\t\t\t<\/div>\n\t\t<\/div>\n\t\t\t\t\t<\/div>\n\t\t<\/section>\n\t\t\t\t<section class=\"elementor-section elementor-top-section elementor-element elementor-element-d8c9438 elementor-section-boxed elementor-section-height-default elementor-section-height-default\" data-id=\"d8c9438\" data-element_type=\"section\">\n\t\t\t\t\t\t<div class=\"elementor-container elementor-column-gap-default\">\n\t\t\t\t\t<div class=\"elementor-column elementor-col-100 elementor-top-column elementor-element elementor-element-4febde0\" data-id=\"4febde0\" data-element_type=\"column\">\n\t\t\t<div class=\"elementor-widget-wrap elementor-element-populated\">\n\t\t\t\t\t\t<div class=\"elementor-element elementor-element-3049b14 elementor-widget elementor-widget-heading\" data-id=\"3049b14\" data-element_type=\"widget\" data-widget_type=\"heading.default\">\n\t\t\t\t<div class=\"elementor-widget-container\">\n\t\t\t\t\t<h2 class=\"elementor-heading-title elementor-size-default\">Informaci\u00f3n esencial<\/h2>\t\t\t\t<\/div>\n\t\t\t\t<\/div>\n\t\t\t\t<div class=\"elementor-element elementor-element-acbe05a elementor-widget elementor-widget-text-editor\" data-id=\"acbe05a\" data-element_type=\"widget\" data-widget_type=\"text-editor.default\">\n\t\t\t\t<div class=\"elementor-widget-container\">\n\t\t\t\t\t\t\t\t\t<ul>\n<li style=\"font-weight: 400;\" aria-level=\"1\"><b>&#8211; Fechas<\/b><span style=\"font-weight: 400;\"> Del 20 al 23 de octubre de 2025<\/span><\/li>\n<li style=\"font-weight: 400;\" aria-level=\"1\"><b>&#8211; Horario de apertura<\/b><span style=\"font-weight: 400;\"> 12h &#8211; 20h<\/span><\/li>\n<li style=\"font-weight: 400;\" aria-level=\"1\"><b>&#8211; Localizaci\u00f3n<\/b><span style=\"font-weight: 400;\"> Jard\u00edn Bot\u00e1nico de Roseau<\/span><\/li>\n<li style=\"font-weight: 400;\" aria-level=\"1\"><b>&#8211; Entrada<\/b><span style=\"font-weight: 400;\"> 10 adultos | 5 ni\u00f1os | gratis con uniforme escolar<\/span><\/li>\n<li style=\"font-weight: 400;\" aria-level=\"1\"><b>&#8211; Tema<\/b><span style=\"font-weight: 400;\"> Todos los Biten Domnik<\/span><\/li>\n<li style=\"font-weight: 400;\" aria-level=\"1\"><b>&#8211; Novedades<\/b><span style=\"font-weight: 400;\"> La Colmena<\/span><\/li>\n<li style=\"font-weight: 400;\" aria-level=\"1\">&#8211; <b> Grupos clave<\/b>: Midnight Groovers, Ridge &amp; Pudaz, Asa Bantan, Swinging Stars<\/li>\n<\/ul>\t\t\t\t\t\t\t\t<\/div>\n\t\t\t\t<\/div>\n\t\t\t\t<section class=\"elementor-section elementor-inner-section elementor-element elementor-element-769c1c2 elementor-section-boxed elementor-section-height-default elementor-section-height-default\" data-id=\"769c1c2\" data-element_type=\"section\">\n\t\t\t\t\t\t<div class=\"elementor-container elementor-column-gap-default\">\n\t\t\t\t\t<div class=\"elementor-column elementor-col-50 elementor-inner-column elementor-element elementor-element-98044fc\" data-id=\"98044fc\" data-element_type=\"column\">\n\t\t\t<div class=\"elementor-widget-wrap elementor-element-populated\">\n\t\t\t\t\t\t<div class=\"elementor-element elementor-element-277d860 elementor-widget elementor-widget-image\" data-id=\"277d860\" data-element_type=\"widget\" data-widget_type=\"image.default\">\n\t\t\t\t<div class=\"elementor-widget-container\">\n\t\t\t\t\t\t\t\t\t\t\t\t<figure class=\"wp-caption\">\n\t\t\t\t\t\t\t\t\t\t<img loading=\"lazy\" decoding=\"async\" width=\"800\" height=\"601\" src=\"https:\/\/richeskarayib.com\/wp-content\/uploads\/2025\/10\/\u00a9Dominica-Ministry-of-Tourism-6-1024x769.jpg\" class=\"attachment-large size-large wp-image-63602\" alt=\"\ud835\udc13\ud835\udc22 \ud835\udc15\ud835\udc22\ud835\udc25\ud835\udc1a\ud835\udc23 \ud835\udc0a\ud835\udc30\ud835\udc1e\u0301\ud835\udc32\ud835\udc28\u0300\ud835\udc25\" srcset=\"https:\/\/richeskarayib.com\/wp-content\/uploads\/2025\/10\/\u00a9Dominica-Ministry-of-Tourism-6-1024x769.jpg 1024w, https:\/\/richeskarayib.com\/wp-content\/uploads\/2025\/10\/\u00a9Dominica-Ministry-of-Tourism-6-300x225.jpg 300w, https:\/\/richeskarayib.com\/wp-content\/uploads\/2025\/10\/\u00a9Dominica-Ministry-of-Tourism-6-768x577.jpg 768w, https:\/\/richeskarayib.com\/wp-content\/uploads\/2025\/10\/\u00a9Dominica-Ministry-of-Tourism-6-1536x1154.jpg 1536w, https:\/\/richeskarayib.com\/wp-content\/uploads\/2025\/10\/\u00a9Dominica-Ministry-of-Tourism-6-1320x991.jpg 1320w, https:\/\/richeskarayib.com\/wp-content\/uploads\/2025\/10\/\u00a9Dominica-Ministry-of-Tourism-6.jpg 1920w\" sizes=\"(max-width: 800px) 100vw, 800px\" \/>\t\t\t\t\t\t\t\t\t\t\t<figcaption class=\"widget-image-caption wp-caption-text\">\u00a9Dominica Ministry of Tourism<\/figcaption>\n\t\t\t\t\t\t\t\t\t\t<\/figure>\n\t\t\t\t\t\t\t\t\t<\/div>\n\t\t\t\t<\/div>\n\t\t\t\t\t<\/div>\n\t\t<\/div>\n\t\t\t\t<div class=\"elementor-column elementor-col-50 elementor-inner-column elementor-element elementor-element-bd91b17\" data-id=\"bd91b17\" data-element_type=\"column\">\n\t\t\t<div class=\"elementor-widget-wrap elementor-element-populated\">\n\t\t\t\t\t\t<div class=\"elementor-element elementor-element-a7f2c40 elementor-widget elementor-widget-image\" data-id=\"a7f2c40\" data-element_type=\"widget\" data-widget_type=\"image.default\">\n\t\t\t\t<div class=\"elementor-widget-container\">\n\t\t\t\t\t\t\t\t\t\t\t\t<figure class=\"wp-caption\">\n\t\t\t\t\t\t\t\t\t\t<img loading=\"lazy\" decoding=\"async\" width=\"800\" height=\"601\" src=\"https:\/\/richeskarayib.com\/wp-content\/uploads\/2025\/10\/\u00a9Dominica-Ministry-of-Tourism-12-1024x769.jpg\" class=\"attachment-large size-large wp-image-63606\" alt=\"\ud835\udc13\ud835\udc22 \ud835\udc15\ud835\udc22\ud835\udc25\ud835\udc1a\ud835\udc23 \ud835\udc0a\ud835\udc30\ud835\udc1e\u0301\ud835\udc32\ud835\udc28\u0300\ud835\udc25\" srcset=\"https:\/\/richeskarayib.com\/wp-content\/uploads\/2025\/10\/\u00a9Dominica-Ministry-of-Tourism-12-1024x769.jpg 1024w, https:\/\/richeskarayib.com\/wp-content\/uploads\/2025\/10\/\u00a9Dominica-Ministry-of-Tourism-12-300x225.jpg 300w, https:\/\/richeskarayib.com\/wp-content\/uploads\/2025\/10\/\u00a9Dominica-Ministry-of-Tourism-12-768x577.jpg 768w, https:\/\/richeskarayib.com\/wp-content\/uploads\/2025\/10\/\u00a9Dominica-Ministry-of-Tourism-12-1536x1154.jpg 1536w, https:\/\/richeskarayib.com\/wp-content\/uploads\/2025\/10\/\u00a9Dominica-Ministry-of-Tourism-12-1320x991.jpg 1320w, https:\/\/richeskarayib.com\/wp-content\/uploads\/2025\/10\/\u00a9Dominica-Ministry-of-Tourism-12.jpg 1920w\" sizes=\"(max-width: 800px) 100vw, 800px\" \/>\t\t\t\t\t\t\t\t\t\t\t<figcaption class=\"widget-image-caption wp-caption-text\">\u00a9Dominica Ministry of Tourism<\/figcaption>\n\t\t\t\t\t\t\t\t\t\t<\/figure>\n\t\t\t\t\t\t\t\t\t<\/div>\n\t\t\t\t<\/div>\n\t\t\t\t\t<\/div>\n\t\t<\/div>\n\t\t\t\t\t<\/div>\n\t\t<\/section>\n\t\t\t\t\t<\/div>\n\t\t<\/div>\n\t\t\t\t\t<\/div>\n\t\t<\/section>\n\t\t\t\t<\/div>\n\t\t","protected":false},"excerpt":{"rendered":"<p>Del 20 al 23 de octubre de 2025, el Jard\u00edn Bot\u00e1nico de Roseau se transformar\u00e1 una vez m\u00e1s en un aut\u00e9ntico pueblo criollo viviente. \ud835\udc13\ud835\udc22 \ud835\udc15\ud835\udc22\ud835\udc25\ud835\udc1a\ud835\udc23 \ud835\udc0a\ud835\udc30\ud835\udc1e\u0301\ud835\udc32\ud835\udc28\u0300\ud835\udc25, organizada en el marco del Mes del Patrimonio Criollo, vuelve con un lema sencillo: &#8220;Tout Biten Domnik&#8221;, todo lo que se piensa, se cultiva, se hace y se [&hellip;]<\/p>\n","protected":false},"author":662,"featured_media":63550,"comment_status":"open","ping_status":"open","sticky":false,"template":"","format":"standard","meta":{"_acf_changed":false,"footnotes":""},"categories":[1499,1469],"tags":[1717],"class_list":["post-63608","post","type-post","status-publish","format-standard","has-post-thumbnail","hentry","category-gestion-de-eventos","category-historia-patrimonio","tag-dominique-es"],"acf":[],"_links":{"self":[{"href":"https:\/\/richeskarayib.com\/es\/wp-json\/wp\/v2\/posts\/63608","targetHints":{"allow":["GET"]}}],"collection":[{"href":"https:\/\/richeskarayib.com\/es\/wp-json\/wp\/v2\/posts"}],"about":[{"href":"https:\/\/richeskarayib.com\/es\/wp-json\/wp\/v2\/types\/post"}],"author":[{"embeddable":true,"href":"https:\/\/richeskarayib.com\/es\/wp-json\/wp\/v2\/users\/662"}],"replies":[{"embeddable":true,"href":"https:\/\/richeskarayib.com\/es\/wp-json\/wp\/v2\/comments?post=63608"}],"version-history":[{"count":0,"href":"https:\/\/richeskarayib.com\/es\/wp-json\/wp\/v2\/posts\/63608\/revisions"}],"wp:featuredmedia":[{"embeddable":true,"href":"https:\/\/richeskarayib.com\/es\/wp-json\/wp\/v2\/media\/63550"}],"wp:attachment":[{"href":"https:\/\/richeskarayib.com\/es\/wp-json\/wp\/v2\/media?parent=63608"}],"wp:term":[{"taxonomy":"category","embeddable":true,"href":"https:\/\/richeskarayib.com\/es\/wp-json\/wp\/v2\/categories?post=63608"},{"taxonomy":"post_tag","embeddable":true,"href":"https:\/\/richeskarayib.com\/es\/wp-json\/wp\/v2\/tags?post=63608"}],"curies":[{"name":"wp","href":"https:\/\/api.w.org\/{rel}","templated":true}]}}