{"id":63694,"date":"2025-10-24T06:20:40","date_gmt":"2025-10-24T10:20:40","guid":{"rendered":"https:\/\/richeskarayib.com\/mayreau-la-isla-secreta-de-las-granadinas-entre-el-horizonte-y-el-silencio\/"},"modified":"2025-10-24T06:20:41","modified_gmt":"2025-10-24T10:20:41","slug":"mayreau-la-isla-secreta-de-las-granadinas-entre-el-horizonte-y-el-silencio","status":"publish","type":"post","link":"https:\/\/richeskarayib.com\/es\/mayreau-la-isla-secreta-de-las-granadinas-entre-el-horizonte-y-el-silencio\/","title":{"rendered":"Mayreau, la isla secreta de las Granadinas entre el horizonte y el silencio."},"content":{"rendered":"\t\t<div data-elementor-type=\"wp-post\" data-elementor-id=\"63694\" class=\"elementor elementor-63694 elementor-63648\" data-elementor-post-type=\"post\">\n\t\t\t\t\t\t<section class=\"elementor-section elementor-top-section elementor-element elementor-element-7ca7ca1 elementor-section-boxed elementor-section-height-default elementor-section-height-default\" data-id=\"7ca7ca1\" data-element_type=\"section\">\n\t\t\t\t\t\t<div class=\"elementor-container elementor-column-gap-default\">\n\t\t\t\t\t<div class=\"elementor-column elementor-col-100 elementor-top-column elementor-element elementor-element-cbdd002\" data-id=\"cbdd002\" data-element_type=\"column\">\n\t\t\t<div class=\"elementor-widget-wrap elementor-element-populated\">\n\t\t\t\t\t\t<section class=\"elementor-section elementor-inner-section elementor-element elementor-element-bc94849 elementor-section-boxed elementor-section-height-default elementor-section-height-default\" data-id=\"bc94849\" data-element_type=\"section\">\n\t\t\t\t\t\t<div class=\"elementor-container elementor-column-gap-default\">\n\t\t\t\t\t\t<\/div>\n\t\t<\/section>\n\t\t\t\t<section class=\"elementor-section elementor-inner-section elementor-element elementor-element-61571e6 elementor-section-boxed elementor-section-height-default elementor-section-height-default\" data-id=\"61571e6\" data-element_type=\"section\">\n\t\t\t\t\t\t<div class=\"elementor-container elementor-column-gap-default\">\n\t\t\t\t\t\t<\/div>\n\t\t<\/section>\n\t\t\t\t<section class=\"elementor-section elementor-inner-section elementor-element elementor-element-b6262e0 elementor-section-boxed elementor-section-height-default elementor-section-height-default\" data-id=\"b6262e0\" data-element_type=\"section\">\n\t\t\t\t\t\t<div class=\"elementor-container elementor-column-gap-default\">\n\t\t\t\t\t\t<\/div>\n\t\t<\/section>\n\t\t\t\t<section class=\"elementor-section elementor-inner-section elementor-element elementor-element-cca29fd elementor-section-boxed elementor-section-height-default elementor-section-height-default\" data-id=\"cca29fd\" data-element_type=\"section\">\n\t\t\t\t\t\t<div class=\"elementor-container elementor-column-gap-default\">\n\t\t\t\t\t\t<\/div>\n\t\t<\/section>\n\t\t\t\t\t<\/div>\n\t\t<\/div>\n\t\t\t\t\t<\/div>\n\t\t<\/section>\n\t\t\t\t<section class=\"elementor-section elementor-top-section elementor-element elementor-element-e1fea79 elementor-section-boxed elementor-section-height-default elementor-section-height-default\" data-id=\"e1fea79\" data-element_type=\"section\">\n\t\t\t\t\t\t<div class=\"elementor-container elementor-column-gap-default\">\n\t\t\t\t\t<div class=\"elementor-column elementor-col-100 elementor-top-column elementor-element elementor-element-6d0be76\" data-id=\"6d0be76\" data-element_type=\"column\">\n\t\t\t<div class=\"elementor-widget-wrap elementor-element-populated\">\n\t\t\t\t\t\t<div class=\"elementor-element elementor-element-a310b25 elementor-widget elementor-widget-heading\" data-id=\"a310b25\" data-element_type=\"widget\" data-widget_type=\"heading.default\">\n\t\t\t\t<div class=\"elementor-widget-container\">\n\t\t\t\t\t<h2 class=\"elementor-heading-title elementor-size-default\">Una isla en miniatura con mucho car\u00e1cter<\/h2>\t\t\t\t<\/div>\n\t\t\t\t<\/div>\n\t\t\t\t<div class=\"elementor-element elementor-element-bbb62ae elementor-widget elementor-widget-text-editor\" data-id=\"bbb62ae\" data-element_type=\"widget\" data-widget_type=\"text-editor.default\">\n\t\t\t\t<div class=\"elementor-widget-container\">\n\t\t\t\t\t\t\t\t\t<p><span style=\"font-weight: 400;\">Perdida entre Canouan y Union Island, <a href=\"https:\/\/mayreau.com\/\" target=\"_blank\" rel=\"noopener nofollow\">Mayreau<\/a> es la isla habitada m\u00e1s peque\u00f1a de San Vicente y las Granadinas. En ella viven menos de 300 habitantes, al ritmo del viento y el mar. Accesible s\u00f3lo por barco, Mayreau no tiene aeropuerto, lo que le confiere un encanto poco com\u00fan en el Caribe contempor\u00e1neo: el de un territorio virgen a escala humana.  <\/span><\/p><p><span style=\"font-weight: 400;\">Aqu\u00ed, todo parece medido. El tiempo, la distancia, los gestos. Un \u00fanico pueblo, Muro Viejo, se aferra a la ladera. Sus habitantes se re\u00fanen en un ambiente amistoso, los ni\u00f1os juegan en las estrechas calles y, al atardecer, la luz dorada se extiende hasta el mar. El ambiente de la isla es de una sencillez imposible de imitar.    <\/span><\/p>\t\t\t\t\t\t\t\t<\/div>\n\t\t\t\t<\/div>\n\t\t\t\t<section class=\"elementor-section elementor-inner-section elementor-element elementor-element-b7ad333 elementor-section-boxed elementor-section-height-default elementor-section-height-default\" data-id=\"b7ad333\" data-element_type=\"section\">\n\t\t\t\t\t\t<div class=\"elementor-container elementor-column-gap-default\">\n\t\t\t\t\t<div class=\"elementor-column elementor-col-50 elementor-inner-column elementor-element elementor-element-41ba735\" data-id=\"41ba735\" data-element_type=\"column\">\n\t\t\t<div class=\"elementor-widget-wrap elementor-element-populated\">\n\t\t\t\t\t\t<div class=\"elementor-element elementor-element-697aab5 elementor-widget elementor-widget-image\" data-id=\"697aab5\" data-element_type=\"widget\" data-widget_type=\"image.default\">\n\t\t\t\t<div class=\"elementor-widget-container\">\n\t\t\t\t\t\t\t\t\t\t\t\t\t\t\t<img fetchpriority=\"high\" decoding=\"async\" width=\"685\" height=\"1024\" src=\"https:\/\/richeskarayib.com\/wp-content\/uploads\/2025\/10\/DeWatermark.ai_1761291562178-685x1024.jpeg\" class=\"attachment-large size-large wp-image-63676\" alt=\"Mayreau\" srcset=\"https:\/\/richeskarayib.com\/wp-content\/uploads\/2025\/10\/DeWatermark.ai_1761291562178-685x1024.jpeg 685w, https:\/\/richeskarayib.com\/wp-content\/uploads\/2025\/10\/DeWatermark.ai_1761291562178-201x300.jpeg 201w, https:\/\/richeskarayib.com\/wp-content\/uploads\/2025\/10\/DeWatermark.ai_1761291562178-768x1149.jpeg 768w, https:\/\/richeskarayib.com\/wp-content\/uploads\/2025\/10\/DeWatermark.ai_1761291562178.jpeg 801w\" sizes=\"(max-width: 685px) 100vw, 685px\" \/>\t\t\t\t\t\t\t\t\t\t\t\t\t\t\t<\/div>\n\t\t\t\t<\/div>\n\t\t\t\t\t<\/div>\n\t\t<\/div>\n\t\t\t\t<div class=\"elementor-column elementor-col-50 elementor-inner-column elementor-element elementor-element-84ffab0\" data-id=\"84ffab0\" data-element_type=\"column\">\n\t\t\t<div class=\"elementor-widget-wrap elementor-element-populated\">\n\t\t\t\t\t\t<div class=\"elementor-element elementor-element-e9d43e3 elementor-widget elementor-widget-image\" data-id=\"e9d43e3\" data-element_type=\"widget\" data-widget_type=\"image.default\">\n\t\t\t\t<div class=\"elementor-widget-container\">\n\t\t\t\t\t\t\t\t\t\t\t\t\t\t\t<img decoding=\"async\" width=\"800\" height=\"600\" src=\"https:\/\/richeskarayib.com\/wp-content\/uploads\/2025\/10\/DeWatermark.ai_1761291394409-1024x768.jpeg\" class=\"attachment-large size-large wp-image-63680\" alt=\"Mayreau\" srcset=\"https:\/\/richeskarayib.com\/wp-content\/uploads\/2025\/10\/DeWatermark.ai_1761291394409-1024x768.jpeg 1024w, https:\/\/richeskarayib.com\/wp-content\/uploads\/2025\/10\/DeWatermark.ai_1761291394409-300x225.jpeg 300w, https:\/\/richeskarayib.com\/wp-content\/uploads\/2025\/10\/DeWatermark.ai_1761291394409-768x576.jpeg 768w, https:\/\/richeskarayib.com\/wp-content\/uploads\/2025\/10\/DeWatermark.ai_1761291394409.jpeg 1280w\" sizes=\"(max-width: 800px) 100vw, 800px\" \/>\t\t\t\t\t\t\t\t\t\t\t\t\t\t\t<\/div>\n\t\t\t\t<\/div>\n\t\t\t\t<div class=\"elementor-element elementor-element-a788a10 elementor-widget elementor-widget-image\" data-id=\"a788a10\" data-element_type=\"widget\" data-widget_type=\"image.default\">\n\t\t\t\t<div class=\"elementor-widget-container\">\n\t\t\t\t\t\t\t\t\t\t\t\t\t\t\t<img decoding=\"async\" width=\"800\" height=\"533\" src=\"https:\/\/richeskarayib.com\/wp-content\/uploads\/2025\/10\/DeWatermark.ai_1761291889322-1024x682.jpeg\" class=\"attachment-large size-large wp-image-63684\" alt=\"Mayreau\" srcset=\"https:\/\/richeskarayib.com\/wp-content\/uploads\/2025\/10\/DeWatermark.ai_1761291889322-1024x682.jpeg 1024w, https:\/\/richeskarayib.com\/wp-content\/uploads\/2025\/10\/DeWatermark.ai_1761291889322-300x200.jpeg 300w, https:\/\/richeskarayib.com\/wp-content\/uploads\/2025\/10\/DeWatermark.ai_1761291889322-768x511.jpeg 768w, https:\/\/richeskarayib.com\/wp-content\/uploads\/2025\/10\/DeWatermark.ai_1761291889322.jpeg 1280w\" sizes=\"(max-width: 800px) 100vw, 800px\" \/>\t\t\t\t\t\t\t\t\t\t\t\t\t\t\t<\/div>\n\t\t\t\t<\/div>\n\t\t\t\t\t<\/div>\n\t\t<\/div>\n\t\t\t\t\t<\/div>\n\t\t<\/section>\n\t\t\t\t\t<\/div>\n\t\t<\/div>\n\t\t\t\t\t<\/div>\n\t\t<\/section>\n\t\t\t\t<section class=\"elementor-section elementor-top-section elementor-element elementor-element-ee72354 elementor-section-boxed elementor-section-height-default elementor-section-height-default\" data-id=\"ee72354\" data-element_type=\"section\">\n\t\t\t\t\t\t<div class=\"elementor-container elementor-column-gap-default\">\n\t\t\t\t\t<div class=\"elementor-column elementor-col-100 elementor-top-column elementor-element elementor-element-c59d6fe\" data-id=\"c59d6fe\" data-element_type=\"column\">\n\t\t\t<div class=\"elementor-widget-wrap elementor-element-populated\">\n\t\t\t\t\t\t<div class=\"elementor-element elementor-element-ddc6a1e elementor-widget elementor-widget-heading\" data-id=\"ddc6a1e\" data-element_type=\"widget\" data-widget_type=\"heading.default\">\n\t\t\t\t<div class=\"elementor-widget-container\">\n\t\t\t\t\t<h2 class=\"elementor-heading-title elementor-size-default\">Una geograf\u00eda excepcional<\/h2>\t\t\t\t<\/div>\n\t\t\t\t<\/div>\n\t\t\t\t<div class=\"elementor-element elementor-element-e57451f elementor-widget elementor-widget-text-editor\" data-id=\"e57451f\" data-element_type=\"widget\" data-widget_type=\"text-editor.default\">\n\t\t\t\t<div class=\"elementor-widget-container\">\n\t\t\t\t\t\t\t\t\t<p><span style=\"font-weight: 400;\">A pesar de su peque\u00f1o tama\u00f1o -s\u00f3lo 4 km\u00b2-, Mayreau posee una asombrosa riqueza de accidentes geogr\u00e1ficos. La isla forma un relieve suave, alternando colinas, playas y praderas marinas. Desde la cima, cerca de la iglesia cat\u00f3lica de la Divina Misericordia, el panorama es impresionante: una cadena de islotes turquesa forman los Cayos Tobago, un santuario marino mundialmente famoso por sus aguas transl\u00facidas y sus arrecifes de coral protegidos.  <\/span><\/p><p><span style=\"font-weight: 400;\">Este mirador, uno de los m\u00e1s espectaculares del Caribe, simboliza la singularidad de la isla: una isla diminuta con vistas al infinito. Puedes ver tonos azules y verdes que cambian con el d\u00eda. El viento, siempre presente, tambi\u00e9n parece formar parte del decorado, como un soplo que une el mar y la tierra.  <\/span><\/p>\t\t\t\t\t\t\t\t<\/div>\n\t\t\t\t<\/div>\n\t\t\t\t<section class=\"elementor-section elementor-inner-section elementor-element elementor-element-46ece62 elementor-section-boxed elementor-section-height-default elementor-section-height-default\" data-id=\"46ece62\" data-element_type=\"section\">\n\t\t\t\t\t\t<div class=\"elementor-container elementor-column-gap-default\">\n\t\t\t\t\t<div class=\"elementor-column elementor-col-50 elementor-inner-column elementor-element elementor-element-4226f2d\" data-id=\"4226f2d\" data-element_type=\"column\">\n\t\t\t<div class=\"elementor-widget-wrap elementor-element-populated\">\n\t\t\t\t\t\t<div class=\"elementor-element elementor-element-c326f58 elementor-widget elementor-widget-image\" data-id=\"c326f58\" data-element_type=\"widget\" data-widget_type=\"image.default\">\n\t\t\t\t<div class=\"elementor-widget-container\">\n\t\t\t\t\t\t\t\t\t\t\t\t\t\t\t<img loading=\"lazy\" decoding=\"async\" width=\"800\" height=\"534\" src=\"https:\/\/richeskarayib.com\/wp-content\/uploads\/2025\/10\/DeWatermark.ai_1761291137932-1024x684.jpeg\" class=\"attachment-large size-large wp-image-63656\" alt=\"Mayreau\" srcset=\"https:\/\/richeskarayib.com\/wp-content\/uploads\/2025\/10\/DeWatermark.ai_1761291137932-1024x684.jpeg 1024w, https:\/\/richeskarayib.com\/wp-content\/uploads\/2025\/10\/DeWatermark.ai_1761291137932-300x200.jpeg 300w, https:\/\/richeskarayib.com\/wp-content\/uploads\/2025\/10\/DeWatermark.ai_1761291137932-768x513.jpeg 768w, https:\/\/richeskarayib.com\/wp-content\/uploads\/2025\/10\/DeWatermark.ai_1761291137932.jpeg 1280w\" sizes=\"(max-width: 800px) 100vw, 800px\" \/>\t\t\t\t\t\t\t\t\t\t\t\t\t\t\t<\/div>\n\t\t\t\t<\/div>\n\t\t\t\t\t<\/div>\n\t\t<\/div>\n\t\t\t\t<div class=\"elementor-column elementor-col-50 elementor-inner-column elementor-element elementor-element-9545f11\" data-id=\"9545f11\" data-element_type=\"column\">\n\t\t\t<div class=\"elementor-widget-wrap elementor-element-populated\">\n\t\t\t\t\t\t<div class=\"elementor-element elementor-element-29d1916 elementor-widget elementor-widget-image\" data-id=\"29d1916\" data-element_type=\"widget\" data-widget_type=\"image.default\">\n\t\t\t\t<div class=\"elementor-widget-container\">\n\t\t\t\t\t\t\t\t\t\t\t\t\t\t\t<img loading=\"lazy\" decoding=\"async\" width=\"800\" height=\"536\" src=\"https:\/\/richeskarayib.com\/wp-content\/uploads\/2025\/10\/DeWatermark.ai_1761291200702-1024x686.jpeg\" class=\"attachment-large size-large wp-image-63660\" alt=\"Mayreau\" srcset=\"https:\/\/richeskarayib.com\/wp-content\/uploads\/2025\/10\/DeWatermark.ai_1761291200702-1024x686.jpeg 1024w, https:\/\/richeskarayib.com\/wp-content\/uploads\/2025\/10\/DeWatermark.ai_1761291200702-300x201.jpeg 300w, https:\/\/richeskarayib.com\/wp-content\/uploads\/2025\/10\/DeWatermark.ai_1761291200702-768x514.jpeg 768w, https:\/\/richeskarayib.com\/wp-content\/uploads\/2025\/10\/DeWatermark.ai_1761291200702.jpeg 1280w\" sizes=\"(max-width: 800px) 100vw, 800px\" \/>\t\t\t\t\t\t\t\t\t\t\t\t\t\t\t<\/div>\n\t\t\t\t<\/div>\n\t\t\t\t\t<\/div>\n\t\t<\/div>\n\t\t\t\t\t<\/div>\n\t\t<\/section>\n\t\t\t\t\t<\/div>\n\t\t<\/div>\n\t\t\t\t\t<\/div>\n\t\t<\/section>\n\t\t\t\t<section class=\"elementor-section elementor-top-section elementor-element elementor-element-82cd8f9 elementor-section-boxed elementor-section-height-default elementor-section-height-default\" data-id=\"82cd8f9\" data-element_type=\"section\">\n\t\t\t\t\t\t<div class=\"elementor-container elementor-column-gap-default\">\n\t\t\t\t\t<div class=\"elementor-column elementor-col-100 elementor-top-column elementor-element elementor-element-0bfdc38\" data-id=\"0bfdc38\" data-element_type=\"column\">\n\t\t\t<div class=\"elementor-widget-wrap elementor-element-populated\">\n\t\t\t\t\t\t<div class=\"elementor-element elementor-element-7d292fe elementor-widget elementor-widget-heading\" data-id=\"7d292fe\" data-element_type=\"widget\" data-widget_type=\"heading.default\">\n\t\t\t\t<div class=\"elementor-widget-container\">\n\t\t\t\t\t<h2 class=\"elementor-heading-title elementor-size-default\">Un patrimonio marino vivo<\/h2>\t\t\t\t<\/div>\n\t\t\t\t<\/div>\n\t\t\t\t<div class=\"elementor-element elementor-element-8e337bf elementor-widget elementor-widget-text-editor\" data-id=\"8e337bf\" data-element_type=\"widget\" data-widget_type=\"text-editor.default\">\n\t\t\t\t<div class=\"elementor-widget-container\">\n\t\t\t\t\t\t\t\t\t<p><span style=\"font-weight: 400;\">La vida en Mayreau est\u00e1 inextricablemente ligada al mar. La pesca artesanal sigue siendo una actividad esencial: pescados, langostas, lambis y erizos de mar alimentan la cocina local y forman parte del comercio con las islas vecinas. Por la ma\u00f1ana temprano, las coloridas barcas salen de la bah\u00eda de Saline o Salt Whistle, desliz\u00e1ndose sobre el mar a\u00fan en calma.  <\/span><\/p><p><span style=\"font-weight: 400;\">Los lugare\u00f1os conocen cada corriente, cada cala, cada estaci\u00f3n. Su relaci\u00f3n con el mar no es tur\u00edstica, es vital. Los m\u00e1s ancianos a\u00fan cuentan los viajes entre Granada, Bequia y Saint-Vincent para vender pescado o comerciar con sal. Este saber hacer, transmitido de generaci\u00f3n en generaci\u00f3n, sigue siendo el n\u00facleo de la identidad de la isla.   <\/span><\/p>\t\t\t\t\t\t\t\t<\/div>\n\t\t\t\t<\/div>\n\t\t\t\t<section class=\"elementor-section elementor-inner-section elementor-element elementor-element-c582330 elementor-section-boxed elementor-section-height-default elementor-section-height-default\" data-id=\"c582330\" data-element_type=\"section\">\n\t\t\t\t\t\t<div class=\"elementor-container elementor-column-gap-default\">\n\t\t\t\t\t\t<\/div>\n\t\t<\/section>\n\t\t\t\t<section class=\"elementor-section elementor-inner-section elementor-element elementor-element-296603a elementor-section-boxed elementor-section-height-default elementor-section-height-default\" data-id=\"296603a\" data-element_type=\"section\">\n\t\t\t\t\t\t<div class=\"elementor-container elementor-column-gap-default\">\n\t\t\t\t\t\t<\/div>\n\t\t<\/section>\n\t\t\t\t\t<\/div>\n\t\t<\/div>\n\t\t\t\t\t<\/div>\n\t\t<\/section>\n\t\t\t\t<section class=\"elementor-section elementor-top-section elementor-element elementor-element-5a7397d elementor-section-boxed elementor-section-height-default elementor-section-height-default\" data-id=\"5a7397d\" data-element_type=\"section\">\n\t\t\t\t\t\t<div class=\"elementor-container elementor-column-gap-default\">\n\t\t\t\t\t<div class=\"elementor-column elementor-col-100 elementor-top-column elementor-element elementor-element-8b33b4b\" data-id=\"8b33b4b\" data-element_type=\"column\">\n\t\t\t<div class=\"elementor-widget-wrap elementor-element-populated\">\n\t\t\t\t\t\t<div class=\"elementor-element elementor-element-89dac4b elementor-widget elementor-widget-heading\" data-id=\"89dac4b\" data-element_type=\"widget\" data-widget_type=\"heading.default\">\n\t\t\t\t<div class=\"elementor-widget-container\">\n\t\t\t\t\t<h2 class=\"elementor-heading-title elementor-size-default\">Algunas de las playas m\u00e1s bellas del Caribe<\/h2>\t\t\t\t<\/div>\n\t\t\t\t<\/div>\n\t\t\t\t<div class=\"elementor-element elementor-element-4fc7069 elementor-widget elementor-widget-text-editor\" data-id=\"4fc7069\" data-element_type=\"widget\" data-widget_type=\"text-editor.default\">\n\t\t\t\t<div class=\"elementor-widget-container\">\n\t\t\t\t\t\t\t\t\t<p><span style=\"font-weight: 400;\">Las playas de Mayreau figuran entre las m\u00e1s notables del archipi\u00e9lago. La bah\u00eda del Silbato Salado, al norte, forma una curva perfecta entre dos mares: a un lado, las aguas tranquilas de la laguna; al otro, las olas del Atl\u00e1ntico. Este lugar, mencionado a menudo en las gu\u00edas n\u00e1uticas, atrae a yates que fondean a una distancia respetuosa, conscientes del car\u00e1cter \u00fanico del lugar.  <\/span><\/p><p><span style=\"font-weight: 400;\">La Bah\u00eda Salina es m\u00e1s grande y abierta, y acoge transbordadores y pescadores. Aqu\u00ed se concentra la vida cotidiana: ni\u00f1os que se ba\u00f1an, barcos que salen y vuelven, discusiones a la sombra de los almendros. Cada una de las playas de Mayreau tiene su propia atm\u00f3sfera: una para la contemplaci\u00f3n, otra para el movimiento, todas para la emoci\u00f3n.  <\/span><\/p>\t\t\t\t\t\t\t\t<\/div>\n\t\t\t\t<\/div>\n\t\t\t\t<section class=\"elementor-section elementor-inner-section elementor-element elementor-element-4eda749 elementor-section-boxed elementor-section-height-default elementor-section-height-default\" data-id=\"4eda749\" data-element_type=\"section\">\n\t\t\t\t\t\t<div class=\"elementor-container elementor-column-gap-default\">\n\t\t\t\t\t<div class=\"elementor-column elementor-col-50 elementor-inner-column elementor-element elementor-element-6f544d1\" data-id=\"6f544d1\" data-element_type=\"column\">\n\t\t\t<div class=\"elementor-widget-wrap elementor-element-populated\">\n\t\t\t\t\t\t<div class=\"elementor-element elementor-element-0b43d3a elementor-widget elementor-widget-image\" data-id=\"0b43d3a\" data-element_type=\"widget\" data-widget_type=\"image.default\">\n\t\t\t\t<div class=\"elementor-widget-container\">\n\t\t\t\t\t\t\t\t\t\t\t\t\t\t\t<img loading=\"lazy\" decoding=\"async\" width=\"800\" height=\"534\" src=\"https:\/\/richeskarayib.com\/wp-content\/uploads\/2025\/10\/DeWatermark.ai_1761291020106-1024x683.jpeg\" class=\"attachment-large size-large wp-image-63664\" alt=\"Mayreau\" srcset=\"https:\/\/richeskarayib.com\/wp-content\/uploads\/2025\/10\/DeWatermark.ai_1761291020106-1024x683.jpeg 1024w, https:\/\/richeskarayib.com\/wp-content\/uploads\/2025\/10\/DeWatermark.ai_1761291020106-300x200.jpeg 300w, https:\/\/richeskarayib.com\/wp-content\/uploads\/2025\/10\/DeWatermark.ai_1761291020106-768x512.jpeg 768w, https:\/\/richeskarayib.com\/wp-content\/uploads\/2025\/10\/DeWatermark.ai_1761291020106.jpeg 1280w\" sizes=\"(max-width: 800px) 100vw, 800px\" \/>\t\t\t\t\t\t\t\t\t\t\t\t\t\t\t<\/div>\n\t\t\t\t<\/div>\n\t\t\t\t\t<\/div>\n\t\t<\/div>\n\t\t\t\t<div class=\"elementor-column elementor-col-50 elementor-inner-column elementor-element elementor-element-cb967c2\" data-id=\"cb967c2\" data-element_type=\"column\">\n\t\t\t<div class=\"elementor-widget-wrap elementor-element-populated\">\n\t\t\t\t\t\t<div class=\"elementor-element elementor-element-a3eb429 elementor-widget elementor-widget-image\" data-id=\"a3eb429\" data-element_type=\"widget\" data-widget_type=\"image.default\">\n\t\t\t\t<div class=\"elementor-widget-container\">\n\t\t\t\t\t\t\t\t\t\t\t\t\t\t\t<img loading=\"lazy\" decoding=\"async\" width=\"800\" height=\"537\" src=\"https:\/\/richeskarayib.com\/wp-content\/uploads\/2025\/10\/DeWatermark.ai_1761291458980-1024x687.jpeg\" class=\"attachment-large size-large wp-image-63668\" alt=\"Mayreau\" srcset=\"https:\/\/richeskarayib.com\/wp-content\/uploads\/2025\/10\/DeWatermark.ai_1761291458980-1024x687.jpeg 1024w, https:\/\/richeskarayib.com\/wp-content\/uploads\/2025\/10\/DeWatermark.ai_1761291458980-300x201.jpeg 300w, https:\/\/richeskarayib.com\/wp-content\/uploads\/2025\/10\/DeWatermark.ai_1761291458980-768x515.jpeg 768w, https:\/\/richeskarayib.com\/wp-content\/uploads\/2025\/10\/DeWatermark.ai_1761291458980.jpeg 1280w\" sizes=\"(max-width: 800px) 100vw, 800px\" \/>\t\t\t\t\t\t\t\t\t\t\t\t\t\t\t<\/div>\n\t\t\t\t<\/div>\n\t\t\t\t\t<\/div>\n\t\t<\/div>\n\t\t\t\t\t<\/div>\n\t\t<\/section>\n\t\t\t\t\t<\/div>\n\t\t<\/div>\n\t\t\t\t\t<\/div>\n\t\t<\/section>\n\t\t\t\t<section class=\"elementor-section elementor-top-section elementor-element elementor-element-ceca32c elementor-section-boxed elementor-section-height-default elementor-section-height-default\" data-id=\"ceca32c\" data-element_type=\"section\">\n\t\t\t\t\t\t<div class=\"elementor-container elementor-column-gap-default\">\n\t\t\t\t\t<div class=\"elementor-column elementor-col-100 elementor-top-column elementor-element elementor-element-5a2e383\" data-id=\"5a2e383\" data-element_type=\"column\">\n\t\t\t<div class=\"elementor-widget-wrap elementor-element-populated\">\n\t\t\t\t\t\t<div class=\"elementor-element elementor-element-6cedf5f elementor-widget elementor-widget-heading\" data-id=\"6cedf5f\" data-element_type=\"widget\" data-widget_type=\"heading.default\">\n\t\t\t\t<div class=\"elementor-widget-container\">\n\t\t\t\t\t<h2 class=\"elementor-heading-title elementor-size-default\">Autenticidad a escala humana<\/h2>\t\t\t\t<\/div>\n\t\t\t\t<\/div>\n\t\t\t\t<div class=\"elementor-element elementor-element-e93d1fb elementor-widget elementor-widget-text-editor\" data-id=\"e93d1fb\" data-element_type=\"widget\" data-widget_type=\"text-editor.default\">\n\t\t\t\t<div class=\"elementor-widget-container\">\n\t\t\t\t\t\t\t\t\t<p><span style=\"font-weight: 400;\">En Mayreau s\u00f3lo hay una carretera principal. Va desde la bah\u00eda de Saline hasta la parte alta del pueblo, serpenteando por las colinas hasta la iglesia de la Divina Misericordia. La vida se concentra en esta modesta carretera: unos cuantos bares, un peque\u00f1o mercado, casas pintadas de vivos colores y alg\u00fan que otro cartel pintado a mano que indica un restaurante familiar.  <\/span><\/p><p><span style=\"font-weight: 400;\">Sus habitantes son naturalmente amables y viven de la econom\u00eda local. Parte de su electricidad procede de paneles solares, sus alojamientos son peque\u00f1os y el turismo es respetuoso. Aqu\u00ed nada est\u00e1 estandarizado. Vienes aqu\u00ed por lo esencial: el mar, la luz, la gente que conoces.   <\/span><\/p>\t\t\t\t\t\t\t\t<\/div>\n\t\t\t\t<\/div>\n\t\t\t\t<div class=\"elementor-element elementor-element-bd76b94 elementor-widget elementor-widget-text-editor\" data-id=\"bd76b94\" data-element_type=\"widget\" data-widget_type=\"text-editor.default\">\n\t\t\t\t<div class=\"elementor-widget-container\">\n\t\t\t\t\t\t\t\t\t<p><span style=\"font-weight: 400;\">Esta sobriedad no es una ausencia, sino una fuerza. Hace de Mayreau un lugar donde todo visitante se siente invitado a aminorar la marcha, pasear y escuchar. Al atardecer, los sonidos se mezclan: el chapoteo del agua, la m\u00fasica de un bar local, el viento en las palmeras. Es una suave sinfon\u00eda que nunca se apaga del todo.   <\/span><\/p>\t\t\t\t\t\t\t\t<\/div>\n\t\t\t\t<\/div>\n\t\t\t\t<div class=\"elementor-element elementor-element-443a42f elementor-widget elementor-widget-image\" data-id=\"443a42f\" data-element_type=\"widget\" data-widget_type=\"image.default\">\n\t\t\t\t<div class=\"elementor-widget-container\">\n\t\t\t\t\t\t\t\t\t\t\t\t\t\t\t<img loading=\"lazy\" decoding=\"async\" width=\"800\" height=\"534\" src=\"https:\/\/richeskarayib.com\/wp-content\/uploads\/2025\/10\/DeWatermark.ai_1761291681242-1024x684.jpeg\" class=\"attachment-large size-large wp-image-63672\" alt=\"\" srcset=\"https:\/\/richeskarayib.com\/wp-content\/uploads\/2025\/10\/DeWatermark.ai_1761291681242-1024x684.jpeg 1024w, https:\/\/richeskarayib.com\/wp-content\/uploads\/2025\/10\/DeWatermark.ai_1761291681242-300x200.jpeg 300w, https:\/\/richeskarayib.com\/wp-content\/uploads\/2025\/10\/DeWatermark.ai_1761291681242-768x513.jpeg 768w, https:\/\/richeskarayib.com\/wp-content\/uploads\/2025\/10\/DeWatermark.ai_1761291681242.jpeg 1280w\" sizes=\"(max-width: 800px) 100vw, 800px\" \/>\t\t\t\t\t\t\t\t\t\t\t\t\t\t\t<\/div>\n\t\t\t\t<\/div>\n\t\t\t\t\t<\/div>\n\t\t<\/div>\n\t\t\t\t\t<\/div>\n\t\t<\/section>\n\t\t\t\t<section class=\"elementor-section elementor-top-section elementor-element elementor-element-9c88a89 elementor-section-boxed elementor-section-height-default elementor-section-height-default\" data-id=\"9c88a89\" data-element_type=\"section\">\n\t\t\t\t\t\t<div class=\"elementor-container elementor-column-gap-default\">\n\t\t\t\t\t<div class=\"elementor-column elementor-col-100 elementor-top-column elementor-element elementor-element-78cf5d1\" data-id=\"78cf5d1\" data-element_type=\"column\">\n\t\t\t<div class=\"elementor-widget-wrap elementor-element-populated\">\n\t\t\t\t\t\t<div class=\"elementor-element elementor-element-ea2a5c1 elementor-widget elementor-widget-heading\" data-id=\"ea2a5c1\" data-element_type=\"widget\" data-widget_type=\"heading.default\">\n\t\t\t\t<div class=\"elementor-widget-container\">\n\t\t\t\t\t<h2 class=\"elementor-heading-title elementor-size-default\">Equilibrio entre tradici\u00f3n y sostenibilidad<\/h2>\t\t\t\t<\/div>\n\t\t\t\t<\/div>\n\t\t\t\t<div class=\"elementor-element elementor-element-e305eee elementor-widget elementor-widget-text-editor\" data-id=\"e305eee\" data-element_type=\"widget\" data-widget_type=\"text-editor.default\">\n\t\t\t\t<div class=\"elementor-widget-container\">\n\t\t\t\t\t\t\t\t\t<p><span style=\"font-weight: 400;\">Como muchas islas de las Granadinas, Mayreau tiene que conciliar su preservaci\u00f3n ecol\u00f3gica con su apertura al mundo. Los recursos h\u00eddricos son limitados, y los habitantes de la isla son pragm\u00e1ticos en su planteamiento: recogida de agua de lluvia, gesti\u00f3n racional de los residuos y producci\u00f3n de energ\u00eda solar. Este discreto modelo de sostenibilidad ha hecho de la isla una referencia silenciosa en la regi\u00f3n.  <\/span><\/p><p><span style=\"font-weight: 400;\">Las autoridades locales y la comunidad trabajan juntas para mantener este fr\u00e1gil equilibrio: acoger sin alterar, compartir sin desnaturalizar. El turismo se desarrolla de forma controlada, en consonancia con la cultura de la isla. Los visitantes que ponen un pie aqu\u00ed comprenden r\u00e1pidamente que la isla no es una isla de consumo, sino una isla de transmisi\u00f3n.  <\/span><\/p>\t\t\t\t\t\t\t\t<\/div>\n\t\t\t\t<\/div>\n\t\t\t\t<section class=\"elementor-section elementor-inner-section elementor-element elementor-element-9bd7fac elementor-section-boxed elementor-section-height-default elementor-section-height-default\" data-id=\"9bd7fac\" data-element_type=\"section\">\n\t\t\t\t\t\t<div class=\"elementor-container elementor-column-gap-default\">\n\t\t\t\t\t<div class=\"elementor-column elementor-col-50 elementor-inner-column elementor-element elementor-element-7c30bd3\" data-id=\"7c30bd3\" data-element_type=\"column\">\n\t\t\t<div class=\"elementor-widget-wrap elementor-element-populated\">\n\t\t\t\t\t\t<div class=\"elementor-element elementor-element-2048835 elementor-widget elementor-widget-image\" data-id=\"2048835\" data-element_type=\"widget\" data-widget_type=\"image.default\">\n\t\t\t\t<div class=\"elementor-widget-container\">\n\t\t\t\t\t\t\t\t\t\t\t\t\t\t\t<img loading=\"lazy\" decoding=\"async\" width=\"800\" height=\"494\" src=\"https:\/\/richeskarayib.com\/wp-content\/uploads\/2025\/10\/DeWatermark.ai_1761291620061-1024x632.jpeg\" class=\"attachment-large size-large wp-image-63688\" alt=\"Mayreau\" srcset=\"https:\/\/richeskarayib.com\/wp-content\/uploads\/2025\/10\/DeWatermark.ai_1761291620061-1024x632.jpeg 1024w, https:\/\/richeskarayib.com\/wp-content\/uploads\/2025\/10\/DeWatermark.ai_1761291620061-300x185.jpeg 300w, https:\/\/richeskarayib.com\/wp-content\/uploads\/2025\/10\/DeWatermark.ai_1761291620061-768x474.jpeg 768w, https:\/\/richeskarayib.com\/wp-content\/uploads\/2025\/10\/DeWatermark.ai_1761291620061.jpeg 1280w\" sizes=\"(max-width: 800px) 100vw, 800px\" \/>\t\t\t\t\t\t\t\t\t\t\t\t\t\t\t<\/div>\n\t\t\t\t<\/div>\n\t\t\t\t\t<\/div>\n\t\t<\/div>\n\t\t\t\t<div class=\"elementor-column elementor-col-50 elementor-inner-column elementor-element elementor-element-8cd57d5\" data-id=\"8cd57d5\" data-element_type=\"column\">\n\t\t\t<div class=\"elementor-widget-wrap elementor-element-populated\">\n\t\t\t\t\t\t<div class=\"elementor-element elementor-element-dc8a2c9 elementor-widget elementor-widget-image\" data-id=\"dc8a2c9\" data-element_type=\"widget\" data-widget_type=\"image.default\">\n\t\t\t\t<div class=\"elementor-widget-container\">\n\t\t\t\t\t\t\t\t\t\t\t\t\t\t\t<img loading=\"lazy\" decoding=\"async\" width=\"800\" height=\"536\" src=\"https:\/\/richeskarayib.com\/wp-content\/uploads\/2025\/10\/DeWatermark.ai_1761291830365-1024x686.jpeg\" class=\"attachment-large size-large wp-image-63692\" alt=\"Mayreau\" srcset=\"https:\/\/richeskarayib.com\/wp-content\/uploads\/2025\/10\/DeWatermark.ai_1761291830365-1024x686.jpeg 1024w, https:\/\/richeskarayib.com\/wp-content\/uploads\/2025\/10\/DeWatermark.ai_1761291830365-300x201.jpeg 300w, https:\/\/richeskarayib.com\/wp-content\/uploads\/2025\/10\/DeWatermark.ai_1761291830365-768x514.jpeg 768w, https:\/\/richeskarayib.com\/wp-content\/uploads\/2025\/10\/DeWatermark.ai_1761291830365.jpeg 1280w\" sizes=\"(max-width: 800px) 100vw, 800px\" \/>\t\t\t\t\t\t\t\t\t\t\t\t\t\t\t<\/div>\n\t\t\t\t<\/div>\n\t\t\t\t\t<\/div>\n\t\t<\/div>\n\t\t\t\t\t<\/div>\n\t\t<\/section>\n\t\t\t\t\t<\/div>\n\t\t<\/div>\n\t\t\t\t\t<\/div>\n\t\t<\/section>\n\t\t\t\t<section class=\"elementor-section elementor-top-section elementor-element elementor-element-d8c9438 elementor-section-boxed elementor-section-height-default elementor-section-height-default\" data-id=\"d8c9438\" data-element_type=\"section\">\n\t\t\t\t\t\t<div class=\"elementor-container elementor-column-gap-default\">\n\t\t\t\t\t<div class=\"elementor-column elementor-col-100 elementor-top-column elementor-element elementor-element-4febde0\" data-id=\"4febde0\" data-element_type=\"column\">\n\t\t\t<div class=\"elementor-widget-wrap elementor-element-populated\">\n\t\t\t\t\t\t<div class=\"elementor-element elementor-element-3049b14 elementor-widget elementor-widget-heading\" data-id=\"3049b14\" data-element_type=\"widget\" data-widget_type=\"heading.default\">\n\t\t\t\t<div class=\"elementor-widget-container\">\n\t\t\t\t\t<h2 class=\"elementor-heading-title elementor-size-default\">El Caribe interior<\/h2>\t\t\t\t<\/div>\n\t\t\t\t<\/div>\n\t\t\t\t<div class=\"elementor-element elementor-element-acbe05a elementor-widget elementor-widget-text-editor\" data-id=\"acbe05a\" data-element_type=\"widget\" data-widget_type=\"text-editor.default\">\n\t\t\t\t<div class=\"elementor-widget-container\">\n\t\t\t\t\t\t\t\t\t<p><span style=\"font-weight: 400;\">Destacar Mayreau es un recordatorio de que en el coraz\u00f3n del <a href=\"https:\/\/richeskarayib.com\/es\/?p=63400\" target=\"_blank\" rel=\"noopener\">Caribe<\/a> hay islas que se niegan a quedar atrapadas en la carrera de ratas del mundo moderno. Aqu\u00ed, la belleza no tiene que brillar intensamente para ser vista. Est\u00e1 en los detalles: un amanecer sobre Salt Whistle, la sonrisa de un ni\u00f1o en el mercado, un barco que se aleja lentamente hacia los cayos de Tobago.  <\/span><\/p><p><span style=\"font-weight: 400;\">Mayreau encarna ese Caribe interior, sensible y sincero. Una tierra donde el mar es un compa\u00f1ero, la naturaleza una gu\u00eda y el silencio un lenguaje. En un archipi\u00e9lago a menudo con prisas, la isla nos recuerda que el verdadero lujo es el tiempo.  <\/span><\/p>\t\t\t\t\t\t\t\t<\/div>\n\t\t\t\t<\/div>\n\t\t\t\t\t<\/div>\n\t\t<\/div>\n\t\t\t\t\t<\/div>\n\t\t<\/section>\n\t\t\t\t<section class=\"elementor-section elementor-top-section elementor-element elementor-element-911f64c elementor-section-boxed elementor-section-height-default elementor-section-height-default\" data-id=\"911f64c\" data-element_type=\"section\">\n\t\t\t\t\t\t<div class=\"elementor-container elementor-column-gap-default\">\n\t\t\t\t\t<div class=\"elementor-column elementor-col-100 elementor-top-column elementor-element elementor-element-bbfae97\" data-id=\"bbfae97\" data-element_type=\"column\">\n\t\t\t<div class=\"elementor-widget-wrap elementor-element-populated\">\n\t\t\t\t\t\t<section class=\"elementor-section elementor-inner-section elementor-element elementor-element-3ed84fb elementor-section-boxed elementor-section-height-default elementor-section-height-default\" data-id=\"3ed84fb\" data-element_type=\"section\">\n\t\t\t\t\t\t<div class=\"elementor-container elementor-column-gap-default\">\n\t\t\t\t\t<div class=\"elementor-column elementor-col-100 elementor-inner-column elementor-element elementor-element-035c300\" data-id=\"035c300\" data-element_type=\"column\">\n\t\t\t<div class=\"elementor-widget-wrap elementor-element-populated\">\n\t\t\t\t\t\t<div class=\"elementor-element elementor-element-706a290 elementor-widget elementor-widget-video\" data-id=\"706a290\" data-element_type=\"widget\" data-settings=\"{&quot;youtube_url&quot;:&quot;https:\\\/\\\/www.youtube.com\\\/watch?v=szmHHU5-ng0&quot;,&quot;video_type&quot;:&quot;youtube&quot;,&quot;controls&quot;:&quot;yes&quot;}\" data-widget_type=\"video.default\">\n\t\t\t\t<div class=\"elementor-widget-container\">\n\t\t\t\t\t\t\t<div class=\"elementor-wrapper elementor-open-inline\">\n\t\t\t<div class=\"elementor-video\"><\/div>\t\t<\/div>\n\t\t\t\t\t\t<\/div>\n\t\t\t\t<\/div>\n\t\t\t\t\t<\/div>\n\t\t<\/div>\n\t\t\t\t\t<\/div>\n\t\t<\/section>\n\t\t\t\t\t<\/div>\n\t\t<\/div>\n\t\t\t\t\t<\/div>\n\t\t<\/section>\n\t\t\t\t<\/div>\n\t\t","protected":false},"excerpt":{"rendered":"<p>Una isla en miniatura con mucho car\u00e1cter Perdida entre Canouan y Union Island, Mayreau es la isla habitada m\u00e1s peque\u00f1a de San Vicente y las Granadinas. En ella viven menos de 300 habitantes, al ritmo del viento y el mar. Accesible s\u00f3lo por barco, Mayreau no tiene aeropuerto, lo que le confiere un encanto poco [&hellip;]<\/p>\n","protected":false},"author":662,"featured_media":63652,"comment_status":"open","ping_status":"open","sticky":false,"template":"","format":"standard","meta":{"_acf_changed":false,"footnotes":""},"categories":[1734],"tags":[1746],"class_list":["post-63694","post","type-post","status-publish","format-standard","has-post-thumbnail","hentry","category-turismo","tag-san-vicente-y-las-granadinas-es"],"acf":[],"_links":{"self":[{"href":"https:\/\/richeskarayib.com\/es\/wp-json\/wp\/v2\/posts\/63694","targetHints":{"allow":["GET"]}}],"collection":[{"href":"https:\/\/richeskarayib.com\/es\/wp-json\/wp\/v2\/posts"}],"about":[{"href":"https:\/\/richeskarayib.com\/es\/wp-json\/wp\/v2\/types\/post"}],"author":[{"embeddable":true,"href":"https:\/\/richeskarayib.com\/es\/wp-json\/wp\/v2\/users\/662"}],"replies":[{"embeddable":true,"href":"https:\/\/richeskarayib.com\/es\/wp-json\/wp\/v2\/comments?post=63694"}],"version-history":[{"count":0,"href":"https:\/\/richeskarayib.com\/es\/wp-json\/wp\/v2\/posts\/63694\/revisions"}],"wp:featuredmedia":[{"embeddable":true,"href":"https:\/\/richeskarayib.com\/es\/wp-json\/wp\/v2\/media\/63652"}],"wp:attachment":[{"href":"https:\/\/richeskarayib.com\/es\/wp-json\/wp\/v2\/media?parent=63694"}],"wp:term":[{"taxonomy":"category","embeddable":true,"href":"https:\/\/richeskarayib.com\/es\/wp-json\/wp\/v2\/categories?post=63694"},{"taxonomy":"post_tag","embeddable":true,"href":"https:\/\/richeskarayib.com\/es\/wp-json\/wp\/v2\/tags?post=63694"}],"curies":[{"name":"wp","href":"https:\/\/api.w.org\/{rel}","templated":true}]}}