{"id":63837,"date":"2025-10-29T08:05:36","date_gmt":"2025-10-29T12:05:36","guid":{"rendered":"https:\/\/richeskarayib.com\/hector-poullet-la-voz-del-criollo-homenajeada-en-guadalupe\/"},"modified":"2025-10-29T08:05:37","modified_gmt":"2025-10-29T12:05:37","slug":"hector-poullet-la-voz-del-criollo-homenajeada-en-guadalupe","status":"publish","type":"post","link":"https:\/\/richeskarayib.com\/es\/hector-poullet-la-voz-del-criollo-homenajeada-en-guadalupe\/","title":{"rendered":"Hector Poullet, la voz del criollo homenajeada en Guadalupe"},"content":{"rendered":"\t\t<div data-elementor-type=\"wp-post\" data-elementor-id=\"63837\" class=\"elementor elementor-63837 elementor-63823\" data-elementor-post-type=\"post\">\n\t\t\t\t\t\t<section class=\"elementor-section elementor-top-section elementor-element elementor-element-7ca7ca1 elementor-section-boxed elementor-section-height-default elementor-section-height-default\" data-id=\"7ca7ca1\" data-element_type=\"section\">\n\t\t\t\t\t\t<div class=\"elementor-container elementor-column-gap-default\">\n\t\t\t\t\t<div class=\"elementor-column elementor-col-100 elementor-top-column elementor-element elementor-element-cbdd002\" data-id=\"cbdd002\" data-element_type=\"column\">\n\t\t\t<div class=\"elementor-widget-wrap elementor-element-populated\">\n\t\t\t\t\t\t<section class=\"elementor-section elementor-inner-section elementor-element elementor-element-bc94849 elementor-section-boxed elementor-section-height-default elementor-section-height-default\" data-id=\"bc94849\" data-element_type=\"section\">\n\t\t\t\t\t\t<div class=\"elementor-container elementor-column-gap-default\">\n\t\t\t\t\t\t<\/div>\n\t\t<\/section>\n\t\t\t\t<section class=\"elementor-section elementor-inner-section elementor-element elementor-element-61571e6 elementor-section-boxed elementor-section-height-default elementor-section-height-default\" data-id=\"61571e6\" data-element_type=\"section\">\n\t\t\t\t\t\t<div class=\"elementor-container elementor-column-gap-default\">\n\t\t\t\t\t\t<\/div>\n\t\t<\/section>\n\t\t\t\t<section class=\"elementor-section elementor-inner-section elementor-element elementor-element-b6262e0 elementor-section-boxed elementor-section-height-default elementor-section-height-default\" data-id=\"b6262e0\" data-element_type=\"section\">\n\t\t\t\t\t\t<div class=\"elementor-container elementor-column-gap-default\">\n\t\t\t\t\t\t<\/div>\n\t\t<\/section>\n\t\t\t\t<section class=\"elementor-section elementor-inner-section elementor-element elementor-element-cca29fd elementor-section-boxed elementor-section-height-default elementor-section-height-default\" data-id=\"cca29fd\" data-element_type=\"section\">\n\t\t\t\t\t\t<div class=\"elementor-container elementor-column-gap-default\">\n\t\t\t\t\t\t<\/div>\n\t\t<\/section>\n\t\t\t\t\t<\/div>\n\t\t<\/div>\n\t\t\t\t\t<\/div>\n\t\t<\/section>\n\t\t\t\t<section class=\"elementor-section elementor-top-section elementor-element elementor-element-e1fea79 elementor-section-boxed elementor-section-height-default elementor-section-height-default\" data-id=\"e1fea79\" data-element_type=\"section\">\n\t\t\t\t\t\t<div class=\"elementor-container elementor-column-gap-default\">\n\t\t\t\t\t<div class=\"elementor-column elementor-col-100 elementor-top-column elementor-element elementor-element-6d0be76\" data-id=\"6d0be76\" data-element_type=\"column\">\n\t\t\t<div class=\"elementor-widget-wrap elementor-element-populated\">\n\t\t\t\t\t\t<div class=\"elementor-element elementor-element-bbb62ae elementor-widget elementor-widget-text-editor\" data-id=\"bbb62ae\" data-element_type=\"widget\" data-widget_type=\"text-editor.default\">\n\t\t\t\t<div class=\"elementor-widget-container\">\n\t\t\t\t\t\t\t\t\t<p><span style=\"font-weight: 400;\">El Jardin d&#8217;Eau de Goyave reson\u00f3 de emoci\u00f3n el lunes 27 de octubre cuando se rindi\u00f3 homenaje a <a href=\"https:\/\/www.karibinfo.com\/news\/guadeloupe-on-ti-zyedou-met-hector-poullet-a-lhonneur\/\" target=\"_blank\" rel=\"noopener nofollow\">Hector Poullet<\/a>. A trav\u00e9s de la 14\u1d49 edici\u00f3n del concepto On ti zy\u00e9dou, el Departamento de Guadalupe rindi\u00f3 homenaje a la trayectoria de un hombre que dedic\u00f3 su vida a la lengua criolla y a la juventud de Guadalupe. Autor del primer diccionario criollo-franc\u00e9s, publicado en 1984, sigue siendo una figura clave del patrimonio ling\u00fc\u00edstico del Caribe.  <\/span><\/p>\t\t\t\t\t\t\t\t<\/div>\n\t\t\t\t<\/div>\n\t\t\t\t\t<\/div>\n\t\t<\/div>\n\t\t\t\t\t<\/div>\n\t\t<\/section>\n\t\t\t\t<section class=\"elementor-section elementor-top-section elementor-element elementor-element-ee72354 elementor-section-boxed elementor-section-height-default elementor-section-height-default\" data-id=\"ee72354\" data-element_type=\"section\">\n\t\t\t\t\t\t<div class=\"elementor-container elementor-column-gap-default\">\n\t\t\t\t\t<div class=\"elementor-column elementor-col-100 elementor-top-column elementor-element elementor-element-c59d6fe\" data-id=\"c59d6fe\" data-element_type=\"column\">\n\t\t\t<div class=\"elementor-widget-wrap elementor-element-populated\">\n\t\t\t\t\t\t<div class=\"elementor-element elementor-element-ddc6a1e elementor-widget elementor-widget-heading\" data-id=\"ddc6a1e\" data-element_type=\"widget\" data-widget_type=\"heading.default\">\n\t\t\t\t<div class=\"elementor-widget-container\">\n\t\t\t\t\t<h2 class=\"elementor-heading-title elementor-size-default\">Un profesor movido por el amor a su pa\u00eds<\/h2>\t\t\t\t<\/div>\n\t\t\t\t<\/div>\n\t\t\t\t<div class=\"elementor-element elementor-element-e57451f elementor-widget elementor-widget-text-editor\" data-id=\"e57451f\" data-element_type=\"widget\" data-widget_type=\"text-editor.default\">\n\t\t\t\t<div class=\"elementor-widget-container\">\n\t\t\t\t\t\t\t\t\t<p><span style=\"font-weight: 400;\">Nacido en Anse-Bertrand, Hector Poullet ha vivido durante mucho tiempo entre dos mundos: el de la ciencia, que estudi\u00f3 en la Francia continental, y el de la cultura guadalupe\u00f1a, al que regres\u00f3 al volver a casa. Su apego a la lengua criolla nace de una simple convicci\u00f3n: un pueblo que habla su lengua se eleva con ella. <br><\/span><\/p>\t\t\t\t\t\t\t\t<\/div>\n\t\t\t\t<\/div>\n\t\t\t\t<div class=\"elementor-element elementor-element-64fe105 elementor-widget elementor-widget-text-editor\" data-id=\"64fe105\" data-element_type=\"widget\" data-widget_type=\"text-editor.default\">\n\t\t\t\t<div class=\"elementor-widget-container\">\n\t\t\t\t\t\t\t\t\t<p><span style=\"font-weight: 400;\">Como profesor de matem\u00e1ticas, se dio cuenta muy pronto de que el \u00e9xito de los alumnos depend\u00eda tambi\u00e9n del reconocimiento de su identidad ling\u00fc\u00edstica. En este contexto, se asoci\u00f3 con Sylviane Telchid, una colega del instituto Capesterre-Belle-Eau. Juntos empezaron a ense\u00f1ar criollo a j\u00f3venes con dificultades en su tiempo libre, mucho antes de que la lengua fuera reconocida por el sistema educativo franc\u00e9s.  <\/span><\/p>\t\t\t\t\t\t\t\t<\/div>\n\t\t\t\t<\/div>\n\t\t\t\t<section class=\"elementor-section elementor-inner-section elementor-element elementor-element-e57b022 elementor-section-boxed elementor-section-height-default elementor-section-height-default\" data-id=\"e57b022\" data-element_type=\"section\">\n\t\t\t\t\t\t<div class=\"elementor-container elementor-column-gap-default\">\n\t\t\t\t\t<div class=\"elementor-column elementor-col-100 elementor-inner-column elementor-element elementor-element-8c7a597\" data-id=\"8c7a597\" data-element_type=\"column\">\n\t\t\t<div class=\"elementor-widget-wrap elementor-element-populated\">\n\t\t\t\t\t\t<div class=\"elementor-element elementor-element-e16bc43 elementor-widget elementor-widget-image\" data-id=\"e16bc43\" data-element_type=\"widget\" data-widget_type=\"image.default\">\n\t\t\t\t<div class=\"elementor-widget-container\">\n\t\t\t\t\t\t\t\t\t\t\t\t<figure class=\"wp-caption\">\n\t\t\t\t\t\t\t\t\t\t<img fetchpriority=\"high\" decoding=\"async\" width=\"800\" height=\"773\" src=\"https:\/\/richeskarayib.com\/wp-content\/uploads\/2025\/10\/\u00a9Karibinfo.jpg\" class=\"attachment-large size-large wp-image-63831\" alt=\"Hector Poullet\" srcset=\"https:\/\/richeskarayib.com\/wp-content\/uploads\/2025\/10\/\u00a9Karibinfo.jpg 900w, https:\/\/richeskarayib.com\/wp-content\/uploads\/2025\/10\/\u00a9Karibinfo-300x290.jpg 300w, https:\/\/richeskarayib.com\/wp-content\/uploads\/2025\/10\/\u00a9Karibinfo-768x742.jpg 768w\" sizes=\"(max-width: 800px) 100vw, 800px\" \/>\t\t\t\t\t\t\t\t\t\t\t<figcaption class=\"widget-image-caption wp-caption-text\">\u00a9Karib'info\u00a9Karib'info<\/figcaption>\n\t\t\t\t\t\t\t\t\t\t<\/figure>\n\t\t\t\t\t\t\t\t\t<\/div>\n\t\t\t\t<\/div>\n\t\t\t\t\t<\/div>\n\t\t<\/div>\n\t\t\t\t\t<\/div>\n\t\t<\/section>\n\t\t\t\t\t<\/div>\n\t\t<\/div>\n\t\t\t\t\t<\/div>\n\t\t<\/section>\n\t\t\t\t<section class=\"elementor-section elementor-top-section elementor-element elementor-element-82cd8f9 elementor-section-boxed elementor-section-height-default elementor-section-height-default\" data-id=\"82cd8f9\" data-element_type=\"section\">\n\t\t\t\t\t\t<div class=\"elementor-container elementor-column-gap-default\">\n\t\t\t\t\t<div class=\"elementor-column elementor-col-100 elementor-top-column elementor-element elementor-element-0bfdc38\" data-id=\"0bfdc38\" data-element_type=\"column\">\n\t\t\t<div class=\"elementor-widget-wrap elementor-element-populated\">\n\t\t\t\t\t\t<div class=\"elementor-element elementor-element-7d292fe elementor-widget elementor-widget-heading\" data-id=\"7d292fe\" data-element_type=\"widget\" data-widget_type=\"heading.default\">\n\t\t\t\t<div class=\"elementor-widget-container\">\n\t\t\t\t\t<h2 class=\"elementor-heading-title elementor-size-default\">El diccionario de 1984, un punto de inflexi\u00f3n decisivo<\/h2>\t\t\t\t<\/div>\n\t\t\t\t<\/div>\n\t\t\t\t<div class=\"elementor-element elementor-element-8e337bf elementor-widget elementor-widget-text-editor\" data-id=\"8e337bf\" data-element_type=\"widget\" data-widget_type=\"text-editor.default\">\n\t\t\t\t<div class=\"elementor-widget-container\">\n\t\t\t\t\t\t\t\t\t<p><span style=\"font-weight: 400;\">Cuando en 1984 apareci\u00f3 el primer diccionario criollo-franc\u00e9s, del que eran coautores Hector Poullet y Sylviane Telchid, supuso una revoluci\u00f3n cultural. Por primera vez, el criollo guadalupe\u00f1o dispon\u00eda de una herramienta acad\u00e9mica s\u00f3lida, que allanaba el camino para su ense\u00f1anza y reconocimiento institucional. <\/span><\/p>\t\t\t\t\t\t\t\t<\/div>\n\t\t\t\t<\/div>\n\t\t\t\t<div class=\"elementor-element elementor-element-d023b18 elementor-widget elementor-widget-text-editor\" data-id=\"d023b18\" data-element_type=\"widget\" data-widget_type=\"text-editor.default\">\n\t\t\t\t<div class=\"elementor-widget-container\">\n\t\t\t\t\t\t\t\t\t<p><span style=\"font-weight: 400;\">Este diccionario, que se ha convertido en una referencia, ha dado al criollo la legitimidad de una lengua codificada, transmitida y estudiada. La iniciativa de Hector Poullet inspir\u00f3 a otros investigadores y profesores para continuar este proceso de normalizaci\u00f3n ling\u00fc\u00edstica. Hoy en d\u00eda, su obra se cita en los programas escolares y en numerosos trabajos sobre la cultura criolla.  <\/span><\/p>\t\t\t\t\t\t\t\t<\/div>\n\t\t\t\t<\/div>\n\t\t\t\t<section class=\"elementor-section elementor-inner-section elementor-element elementor-element-c582330 elementor-section-boxed elementor-section-height-default elementor-section-height-default\" data-id=\"c582330\" data-element_type=\"section\">\n\t\t\t\t\t\t<div class=\"elementor-container elementor-column-gap-default\">\n\t\t\t\t\t\t<\/div>\n\t\t<\/section>\n\t\t\t\t<section class=\"elementor-section elementor-inner-section elementor-element elementor-element-296603a elementor-section-boxed elementor-section-height-default elementor-section-height-default\" data-id=\"296603a\" data-element_type=\"section\">\n\t\t\t\t\t\t<div class=\"elementor-container elementor-column-gap-default\">\n\t\t\t\t\t\t<\/div>\n\t\t<\/section>\n\t\t\t\t\t<\/div>\n\t\t<\/div>\n\t\t\t\t\t<\/div>\n\t\t<\/section>\n\t\t\t\t<section class=\"elementor-section elementor-top-section elementor-element elementor-element-5a7397d elementor-section-boxed elementor-section-height-default elementor-section-height-default\" data-id=\"5a7397d\" data-element_type=\"section\">\n\t\t\t\t\t\t<div class=\"elementor-container elementor-column-gap-default\">\n\t\t\t\t\t<div class=\"elementor-column elementor-col-100 elementor-top-column elementor-element elementor-element-8b33b4b\" data-id=\"8b33b4b\" data-element_type=\"column\">\n\t\t\t<div class=\"elementor-widget-wrap elementor-element-populated\">\n\t\t\t\t\t\t<div class=\"elementor-element elementor-element-89dac4b elementor-widget elementor-widget-heading\" data-id=\"89dac4b\" data-element_type=\"widget\" data-widget_type=\"heading.default\">\n\t\t\t\t<div class=\"elementor-widget-container\">\n\t\t\t\t\t<h2 class=\"elementor-heading-title elementor-size-default\">Amor, valor y transmisi\u00f3n<\/h2>\t\t\t\t<\/div>\n\t\t\t\t<\/div>\n\t\t\t\t<div class=\"elementor-element elementor-element-43a45ac elementor-widget elementor-widget-text-editor\" data-id=\"43a45ac\" data-element_type=\"widget\" data-widget_type=\"text-editor.default\">\n\t\t\t\t<div class=\"elementor-widget-container\">\n\t\t\t\t\t\t\t\t\t<p><span style=\"font-weight: 400;\">El homenaje rendido a Hector Poullet fue un recordatorio de los valores que guiaron toda su obra. Ante todo, su amor por Guadalupe y su juventud. Su regreso &#8220;a casa&#8221; tras sus estudios no fue un simple retorno geogr\u00e1fico, sino un profundo compromiso con su pueblo.  <\/span><\/p>\t\t\t\t\t\t\t\t<\/div>\n\t\t\t\t<\/div>\n\t\t\t\t<div class=\"elementor-element elementor-element-356a482 elementor-widget elementor-widget-text-editor\" data-id=\"356a482\" data-element_type=\"widget\" data-widget_type=\"text-editor.default\">\n\t\t\t\t<div class=\"elementor-widget-container\">\n\t\t\t\t\t\t\t\t\t<p><span style=\"font-weight: 400;\">Luego est\u00e1 el valor. En los a\u00f1os 70 y 80, hablar criollo en la escuela segu\u00eda siendo una cuesti\u00f3n controvertida. Con perseverancia, defendi\u00f3 esta lengua que algunos quer\u00edan silenciar. Gracias a su trabajo y al de sus colegas, el criollo ha encontrado su lugar en las aulas, y ahora es una opci\u00f3n reconocida al mismo nivel que el lat\u00edn o el alem\u00e1n.   <\/span><\/p>\n<p><span style=\"font-weight: 400;\">Nunca ha dejado de compartir sus conocimientos: diccionarios, cuentos, glosarios, traducciones de obras cl\u00e1sicas&#8230; Su enfoque siempre ha combinado el rigor cient\u00edfico con la fidelidad a la cultura popular. <\/span><\/p>\t\t\t\t\t\t\t\t<\/div>\n\t\t\t\t<\/div>\n\t\t\t\t<section class=\"elementor-section elementor-inner-section elementor-element elementor-element-1df804e elementor-section-boxed elementor-section-height-default elementor-section-height-default\" data-id=\"1df804e\" data-element_type=\"section\">\n\t\t\t\t\t\t<div class=\"elementor-container elementor-column-gap-default\">\n\t\t\t\t\t<div class=\"elementor-column elementor-col-100 elementor-inner-column elementor-element elementor-element-dec5581\" data-id=\"dec5581\" data-element_type=\"column\">\n\t\t\t<div class=\"elementor-widget-wrap elementor-element-populated\">\n\t\t\t\t\t\t<div class=\"elementor-element elementor-element-73f7653 elementor-widget elementor-widget-video\" data-id=\"73f7653\" data-element_type=\"widget\" data-settings=\"{&quot;youtube_url&quot;:&quot;https:\\\/\\\/www.youtube.com\\\/watch?v=M9Qa3in_wb8&amp;t=1s&quot;,&quot;video_type&quot;:&quot;youtube&quot;,&quot;controls&quot;:&quot;yes&quot;}\" data-widget_type=\"video.default\">\n\t\t\t\t<div class=\"elementor-widget-container\">\n\t\t\t\t\t\t\t<div class=\"elementor-wrapper elementor-open-inline\">\n\t\t\t<div class=\"elementor-video\"><\/div>\t\t<\/div>\n\t\t\t\t\t\t<\/div>\n\t\t\t\t<\/div>\n\t\t\t\t\t<\/div>\n\t\t<\/div>\n\t\t\t\t\t<\/div>\n\t\t<\/section>\n\t\t\t\t\t<\/div>\n\t\t<\/div>\n\t\t\t\t\t<\/div>\n\t\t<\/section>\n\t\t\t\t<section class=\"elementor-section elementor-top-section elementor-element elementor-element-ceca32c elementor-section-boxed elementor-section-height-default elementor-section-height-default\" data-id=\"ceca32c\" data-element_type=\"section\">\n\t\t\t\t\t\t<div class=\"elementor-container elementor-column-gap-default\">\n\t\t\t\t\t<div class=\"elementor-column elementor-col-100 elementor-top-column elementor-element elementor-element-5a2e383\" data-id=\"5a2e383\" data-element_type=\"column\">\n\t\t\t<div class=\"elementor-widget-wrap elementor-element-populated\">\n\t\t\t\t\t\t<div class=\"elementor-element elementor-element-6cedf5f elementor-widget elementor-widget-heading\" data-id=\"6cedf5f\" data-element_type=\"widget\" data-widget_type=\"heading.default\">\n\t\t\t\t<div class=\"elementor-widget-container\">\n\t\t\t\t\t<h2 class=\"elementor-heading-title elementor-size-default\">Una lengua, una tierra, una identidad\n<\/h2>\t\t\t\t<\/div>\n\t\t\t\t<\/div>\n\t\t\t\t<div class=\"elementor-element elementor-element-e93d1fb elementor-widget elementor-widget-text-editor\" data-id=\"e93d1fb\" data-element_type=\"widget\" data-widget_type=\"text-editor.default\">\n\t\t\t\t<div class=\"elementor-widget-container\">\n\t\t\t\t\t\t\t\t\t<p><span style=\"font-weight: 400;\">El homenaje del Jardin d&#8217;Eau no se limit\u00f3 a las palabras. A trav\u00e9s de la m\u00fasica, el v\u00eddeo y los relatos personales, la velada revel\u00f3 otras facetas de Hector Poullet: el agricultor, el jardinero, el hombre apegado a la tierra. En su jard\u00edn tradicional, cultivaba caf\u00e9, vainilla y plantas medicinales, continuando a su manera el legado de sus mayores.  <\/span><\/p>\n<p><span style=\"font-weight: 400;\">Este enraizamiento en la naturaleza refleja su visi\u00f3n del mundo: la lengua no est\u00e1 aislada del resto, crece en un suelo formado por gestos, conocimientos y memoria. A trav\u00e9s de sus relatos y escritos, Hector Poullet ha devuelto a la cultura guadalupe\u00f1a sus palabras y sus ra\u00edces. <\/span><\/p>\t\t\t\t\t\t\t\t<\/div>\n\t\t\t\t<\/div>\n\t\t\t\t\t<\/div>\n\t\t<\/div>\n\t\t\t\t\t<\/div>\n\t\t<\/section>\n\t\t\t\t<section class=\"elementor-section elementor-top-section elementor-element elementor-element-9c88a89 elementor-section-boxed elementor-section-height-default elementor-section-height-default\" data-id=\"9c88a89\" data-element_type=\"section\">\n\t\t\t\t\t\t<div class=\"elementor-container elementor-column-gap-default\">\n\t\t\t\t\t<div class=\"elementor-column elementor-col-100 elementor-top-column elementor-element elementor-element-78cf5d1\" data-id=\"78cf5d1\" data-element_type=\"column\">\n\t\t\t<div class=\"elementor-widget-wrap elementor-element-populated\">\n\t\t\t\t\t\t<div class=\"elementor-element elementor-element-ea2a5c1 elementor-widget elementor-widget-heading\" data-id=\"ea2a5c1\" data-element_type=\"widget\" data-widget_type=\"heading.default\">\n\t\t\t\t<div class=\"elementor-widget-container\">\n\t\t\t\t\t<h2 class=\"elementor-heading-title elementor-size-default\">El criollo, de la prohibici\u00f3n al reconocimiento<\/h2>\t\t\t\t<\/div>\n\t\t\t\t<\/div>\n\t\t\t\t<div class=\"elementor-element elementor-element-e305eee elementor-widget elementor-widget-text-editor\" data-id=\"e305eee\" data-element_type=\"widget\" data-widget_type=\"text-editor.default\">\n\t\t\t\t<div class=\"elementor-widget-container\">\n\t\t\t\t\t\t\t\t\t<p><span style=\"font-weight: 400;\">El viaje de Hector Poullet simboliza el lento ascenso del criollo desde el estatus de lengua marginal al de lengua patrimonial. No ha sido un camino f\u00e1cil: ha necesitado convencer, demostrar y argumentar. Pero gracias al trabajo duro, las publicaciones y el di\u00e1logo, ha hecho cambiar de opini\u00f3n a la gente.  <\/span><\/p>\n<p><span style=\"font-weight: 400;\">Hoy, el criollo se ense\u00f1a, se escribe, se canta y se estudia. Cada palabra y cada expresi\u00f3n que se han rehabilitado llevan la huella de la lucha librada por Hector Poullet y sus compa\u00f1eros. Su diccionario de 1984 no era s\u00f3lo una herramienta ling\u00fc\u00edstica: era un acto pol\u00edtico, una afirmaci\u00f3n de dignidad.  <\/span><\/p>\t\t\t\t\t\t\t\t<\/div>\n\t\t\t\t<\/div>\n\t\t\t\t\t<\/div>\n\t\t<\/div>\n\t\t\t\t\t<\/div>\n\t\t<\/section>\n\t\t\t\t<section class=\"elementor-section elementor-top-section elementor-element elementor-element-d12b3ef elementor-section-boxed elementor-section-height-default elementor-section-height-default\" data-id=\"d12b3ef\" data-element_type=\"section\">\n\t\t\t\t\t\t<div class=\"elementor-container elementor-column-gap-default\">\n\t\t\t\t\t<div class=\"elementor-column elementor-col-100 elementor-top-column elementor-element elementor-element-b2e89df\" data-id=\"b2e89df\" data-element_type=\"column\">\n\t\t\t<div class=\"elementor-widget-wrap elementor-element-populated\">\n\t\t\t\t\t\t<div class=\"elementor-element elementor-element-67cc560 elementor-widget elementor-widget-heading\" data-id=\"67cc560\" data-element_type=\"widget\" data-widget_type=\"heading.default\">\n\t\t\t\t<div class=\"elementor-widget-container\">\n\t\t\t\t\t<h2 class=\"elementor-heading-title elementor-size-default\">Un recuerdo para transmitir<\/h2>\t\t\t\t<\/div>\n\t\t\t\t<\/div>\n\t\t\t\t<div class=\"elementor-element elementor-element-659ff76 elementor-widget elementor-widget-text-editor\" data-id=\"659ff76\" data-element_type=\"widget\" data-widget_type=\"text-editor.default\">\n\t\t\t\t<div class=\"elementor-widget-container\">\n\t\t\t\t\t\t\t\t\t<p><span style=\"font-weight: 400;\">En la ceremonia, profesores, artistas y alumnos rindieron homenaje tanto al hombre como al maestro. Lecturas, canciones y testimonios recordaron la importancia de su labor en la educaci\u00f3n de generaciones enteras. Para muchos,    <\/span><b>l <\/b><span style=\"font-weight: 400;\">fue el primero en hacerles comprender que el criollo no es una lengua del pasado, sino un espacio de creaci\u00f3n y de pensamiento.<\/span><\/p>\n<p><span style=\"font-weight: 400;\">Este homenaje, apoyado por el Conseil d\u00e9partemental, es tambi\u00e9n un recordatorio de nuestra responsabilidad colectiva de mantener viva la lengua m\u00e1s all\u00e1 de los homenajes, en la vida cotidiana, en las escuelas y en los medios de comunicaci\u00f3n.<\/span><\/p>\t\t\t\t\t\t\t\t<\/div>\n\t\t\t\t<\/div>\n\t\t\t\t<section class=\"elementor-section elementor-inner-section elementor-element elementor-element-afddf60 elementor-section-boxed elementor-section-height-default elementor-section-height-default\" data-id=\"afddf60\" data-element_type=\"section\">\n\t\t\t\t\t\t<div class=\"elementor-container elementor-column-gap-default\">\n\t\t\t\t\t<div class=\"elementor-column elementor-col-100 elementor-inner-column elementor-element elementor-element-35f98fd\" data-id=\"35f98fd\" data-element_type=\"column\">\n\t\t\t<div class=\"elementor-widget-wrap elementor-element-populated\">\n\t\t\t\t\t\t<div class=\"elementor-element elementor-element-c1ebec5 elementor-widget elementor-widget-image\" data-id=\"c1ebec5\" data-element_type=\"widget\" data-widget_type=\"image.default\">\n\t\t\t\t<div class=\"elementor-widget-container\">\n\t\t\t\t\t\t\t\t\t\t\t\t<figure class=\"wp-caption\">\n\t\t\t\t\t\t\t\t\t\t<img decoding=\"async\" width=\"596\" height=\"393\" src=\"https:\/\/richeskarayib.com\/wp-content\/uploads\/2025\/10\/\u00a9Karibinfo-2.jpg\" class=\"attachment-large size-large wp-image-63835\" alt=\"Hector Poullet\" srcset=\"https:\/\/richeskarayib.com\/wp-content\/uploads\/2025\/10\/\u00a9Karibinfo-2.jpg 596w, https:\/\/richeskarayib.com\/wp-content\/uploads\/2025\/10\/\u00a9Karibinfo-2-300x198.jpg 300w\" sizes=\"(max-width: 596px) 100vw, 596px\" \/>\t\t\t\t\t\t\t\t\t\t\t<figcaption class=\"widget-image-caption wp-caption-text\">\u00a9Karib'info<\/figcaption>\n\t\t\t\t\t\t\t\t\t\t<\/figure>\n\t\t\t\t\t\t\t\t\t<\/div>\n\t\t\t\t<\/div>\n\t\t\t\t\t<\/div>\n\t\t<\/div>\n\t\t\t\t\t<\/div>\n\t\t<\/section>\n\t\t\t\t\t<\/div>\n\t\t<\/div>\n\t\t\t\t\t<\/div>\n\t\t<\/section>\n\t\t\t\t<section class=\"elementor-section elementor-top-section elementor-element elementor-element-805105d elementor-section-boxed elementor-section-height-default elementor-section-height-default\" data-id=\"805105d\" data-element_type=\"section\">\n\t\t\t\t\t\t<div class=\"elementor-container elementor-column-gap-default\">\n\t\t\t\t\t<div class=\"elementor-column elementor-col-100 elementor-top-column elementor-element elementor-element-4107119\" data-id=\"4107119\" data-element_type=\"column\">\n\t\t\t<div class=\"elementor-widget-wrap elementor-element-populated\">\n\t\t\t\t\t\t<div class=\"elementor-element elementor-element-f6b57e6 elementor-widget elementor-widget-heading\" data-id=\"f6b57e6\" data-element_type=\"widget\" data-widget_type=\"heading.default\">\n\t\t\t\t<div class=\"elementor-widget-container\">\n\t\t\t\t\t<h2 class=\"elementor-heading-title elementor-size-default\">Un legado vivo<\/h2>\t\t\t\t<\/div>\n\t\t\t\t<\/div>\n\t\t\t\t<div class=\"elementor-element elementor-element-024bdd6 elementor-widget elementor-widget-text-editor\" data-id=\"024bdd6\" data-element_type=\"widget\" data-widget_type=\"text-editor.default\">\n\t\t\t\t<div class=\"elementor-widget-container\">\n\t\t\t\t\t\t\t\t\t<p><span style=\"font-weight: 400;\">El legado de Hector Poullet va m\u00e1s all\u00e1 del \u00e1mbito acad\u00e9mico. Encarna la conciencia de un pueblo que ha recuperado su voz. Su obra, que comenz\u00f3 hace m\u00e1s de cuarenta a\u00f1os, sigue inspirando a escritores, profesores y m\u00fasicos de todo el <a href=\"https:\/\/richeskarayib.com\/es\/?p=63400\" target=\"_blank\" rel=\"noopener\">Caribe<\/a>.  <\/span><\/p>\n<p><span style=\"font-weight: 400;\">En cada palabra criolla pronunciada, en cada texto escrito, queda una parte de su obra. Con su visi\u00f3n humanista y su paciente compromiso, demostr\u00f3 que defender tu lengua tambi\u00e9n significa defender tu libertad. <\/span><\/p>\t\t\t\t\t\t\t\t<\/div>\n\t\t\t\t<\/div>\n\t\t\t\t\t<\/div>\n\t\t<\/div>\n\t\t\t\t\t<\/div>\n\t\t<\/section>\n\t\t\t\t<section class=\"elementor-section elementor-top-section elementor-element elementor-element-4893e0b elementor-section-boxed elementor-section-height-default elementor-section-height-default\" data-id=\"4893e0b\" data-element_type=\"section\">\n\t\t\t\t\t\t<div class=\"elementor-container elementor-column-gap-default\">\n\t\t\t\t\t<div class=\"elementor-column elementor-col-100 elementor-top-column elementor-element elementor-element-2e0f14e\" data-id=\"2e0f14e\" data-element_type=\"column\">\n\t\t\t<div class=\"elementor-widget-wrap elementor-element-populated\">\n\t\t\t\t\t\t<div class=\"elementor-element elementor-element-005eccb elementor-widget elementor-widget-text-editor\" data-id=\"005eccb\" data-element_type=\"widget\" data-widget_type=\"text-editor.default\">\n\t\t\t\t<div class=\"elementor-widget-container\">\n\t\t\t\t\t\t\t\t\t<p><span style=\"font-weight: 400;\">El nombre de Hector Poullet permanecer\u00e1 ligado al renacimiento del criollo en Guadalupe. Su diccionario de 1984, sus cursos pioneros y sus numerosas publicaciones son un legado vivo. El homenaje en el Jardin d&#8217;Eau no s\u00f3lo rindi\u00f3 tributo a un hombre, sino que tambi\u00e9n sirvi\u00f3 para recordar que una lengua s\u00f3lo existe a trav\u00e9s de quienes la portan y la transmiten.  <\/span><\/p>\n<p><span style=\"font-weight: 400;\">Gracias a \u00e9l, Guadalupe habla ahora con m\u00e1s orgullo, m\u00e1s conciencia y, sobre todo, con sus propias palabras.<\/span><\/p>\t\t\t\t\t\t\t\t<\/div>\n\t\t\t\t<\/div>\n\t\t\t\t<section class=\"elementor-section elementor-inner-section elementor-element elementor-element-347267a elementor-section-boxed elementor-section-height-default elementor-section-height-default\" data-id=\"347267a\" data-element_type=\"section\">\n\t\t\t\t\t\t<div class=\"elementor-container elementor-column-gap-default\">\n\t\t\t\t\t<div class=\"elementor-column elementor-col-100 elementor-inner-column elementor-element elementor-element-b845e83\" data-id=\"b845e83\" data-element_type=\"column\">\n\t\t\t<div class=\"elementor-widget-wrap elementor-element-populated\">\n\t\t\t\t\t\t<div class=\"elementor-element elementor-element-dc889b5 elementor-widget elementor-widget-video\" data-id=\"dc889b5\" data-element_type=\"widget\" data-settings=\"{&quot;youtube_url&quot;:&quot;https:\\\/\\\/www.youtube.com\\\/watch?v=Vl_7XyiNOt4&quot;,&quot;video_type&quot;:&quot;youtube&quot;,&quot;controls&quot;:&quot;yes&quot;}\" data-widget_type=\"video.default\">\n\t\t\t\t<div class=\"elementor-widget-container\">\n\t\t\t\t\t\t\t<div class=\"elementor-wrapper elementor-open-inline\">\n\t\t\t<div class=\"elementor-video\"><\/div>\t\t<\/div>\n\t\t\t\t\t\t<\/div>\n\t\t\t\t<\/div>\n\t\t\t\t\t<\/div>\n\t\t<\/div>\n\t\t\t\t\t<\/div>\n\t\t<\/section>\n\t\t\t\t\t<\/div>\n\t\t<\/div>\n\t\t\t\t\t<\/div>\n\t\t<\/section>\n\t\t\t\t<\/div>\n\t\t","protected":false},"excerpt":{"rendered":"<p>El Jardin d&#8217;Eau de Goyave reson\u00f3 de emoci\u00f3n el lunes 27 de octubre cuando se rindi\u00f3 homenaje a Hector Poullet. A trav\u00e9s de la 14\u1d49 edici\u00f3n del concepto On ti zy\u00e9dou, el Departamento de Guadalupe rindi\u00f3 homenaje a la trayectoria de un hombre que dedic\u00f3 su vida a la lengua criolla y a la juventud [&hellip;]<\/p>\n","protected":false},"author":662,"featured_media":63827,"comment_status":"open","ping_status":"open","sticky":false,"template":"","format":"standard","meta":{"_acf_changed":false,"footnotes":""},"categories":[1358],"tags":[1547],"class_list":["post-63837","post","type-post","status-publish","format-standard","has-post-thumbnail","hentry","category-literatura","tag-guadalupe"],"acf":[],"_links":{"self":[{"href":"https:\/\/richeskarayib.com\/es\/wp-json\/wp\/v2\/posts\/63837","targetHints":{"allow":["GET"]}}],"collection":[{"href":"https:\/\/richeskarayib.com\/es\/wp-json\/wp\/v2\/posts"}],"about":[{"href":"https:\/\/richeskarayib.com\/es\/wp-json\/wp\/v2\/types\/post"}],"author":[{"embeddable":true,"href":"https:\/\/richeskarayib.com\/es\/wp-json\/wp\/v2\/users\/662"}],"replies":[{"embeddable":true,"href":"https:\/\/richeskarayib.com\/es\/wp-json\/wp\/v2\/comments?post=63837"}],"version-history":[{"count":0,"href":"https:\/\/richeskarayib.com\/es\/wp-json\/wp\/v2\/posts\/63837\/revisions"}],"wp:featuredmedia":[{"embeddable":true,"href":"https:\/\/richeskarayib.com\/es\/wp-json\/wp\/v2\/media\/63827"}],"wp:attachment":[{"href":"https:\/\/richeskarayib.com\/es\/wp-json\/wp\/v2\/media?parent=63837"}],"wp:term":[{"taxonomy":"category","embeddable":true,"href":"https:\/\/richeskarayib.com\/es\/wp-json\/wp\/v2\/categories?post=63837"},{"taxonomy":"post_tag","embeddable":true,"href":"https:\/\/richeskarayib.com\/es\/wp-json\/wp\/v2\/tags?post=63837"}],"curies":[{"name":"wp","href":"https:\/\/api.w.org\/{rel}","templated":true}]}}