{"id":63884,"date":"2025-10-30T05:43:10","date_gmt":"2025-10-30T09:43:10","guid":{"rendered":"https:\/\/richeskarayib.com\/festival-toile-des-palmistes-2025-guayana-francesa-se-centra-en-los-cortometrajes-y-los-jovenes\/"},"modified":"2025-10-30T05:43:11","modified_gmt":"2025-10-30T09:43:11","slug":"festival-toile-des-palmistes-2025-guayana-francesa-se-centra-en-los-cortometrajes-y-los-jovenes","status":"publish","type":"post","link":"https:\/\/richeskarayib.com\/es\/festival-toile-des-palmistes-2025-guayana-francesa-se-centra-en-los-cortometrajes-y-los-jovenes\/","title":{"rendered":"Festival Toile des Palmistes 2025: Guayana Francesa se centra en los cortometrajes y los j\u00f3venes"},"content":{"rendered":"\t\t<div data-elementor-type=\"wp-post\" data-elementor-id=\"63884\" class=\"elementor elementor-63884 elementor-63840\" data-elementor-post-type=\"post\">\n\t\t\t\t\t\t<section class=\"elementor-section elementor-top-section elementor-element elementor-element-7ca7ca1 elementor-section-boxed elementor-section-height-default elementor-section-height-default\" data-id=\"7ca7ca1\" data-element_type=\"section\">\n\t\t\t\t\t\t<div class=\"elementor-container elementor-column-gap-default\">\n\t\t\t\t\t<div class=\"elementor-column elementor-col-100 elementor-top-column elementor-element elementor-element-cbdd002\" data-id=\"cbdd002\" data-element_type=\"column\">\n\t\t\t<div class=\"elementor-widget-wrap elementor-element-populated\">\n\t\t\t\t\t\t<section class=\"elementor-section elementor-inner-section elementor-element elementor-element-bc94849 elementor-section-boxed elementor-section-height-default elementor-section-height-default\" data-id=\"bc94849\" data-element_type=\"section\">\n\t\t\t\t\t\t<div class=\"elementor-container elementor-column-gap-default\">\n\t\t\t\t\t\t<\/div>\n\t\t<\/section>\n\t\t\t\t<section class=\"elementor-section elementor-inner-section elementor-element elementor-element-61571e6 elementor-section-boxed elementor-section-height-default elementor-section-height-default\" data-id=\"61571e6\" data-element_type=\"section\">\n\t\t\t\t\t\t<div class=\"elementor-container elementor-column-gap-default\">\n\t\t\t\t\t\t<\/div>\n\t\t<\/section>\n\t\t\t\t<section class=\"elementor-section elementor-inner-section elementor-element elementor-element-b6262e0 elementor-section-boxed elementor-section-height-default elementor-section-height-default\" data-id=\"b6262e0\" data-element_type=\"section\">\n\t\t\t\t\t\t<div class=\"elementor-container elementor-column-gap-default\">\n\t\t\t\t\t\t<\/div>\n\t\t<\/section>\n\t\t\t\t<section class=\"elementor-section elementor-inner-section elementor-element elementor-element-cca29fd elementor-section-boxed elementor-section-height-default elementor-section-height-default\" data-id=\"cca29fd\" data-element_type=\"section\">\n\t\t\t\t\t\t<div class=\"elementor-container elementor-column-gap-default\">\n\t\t\t\t\t\t<\/div>\n\t\t<\/section>\n\t\t\t\t\t<\/div>\n\t\t<\/div>\n\t\t\t\t\t<\/div>\n\t\t<\/section>\n\t\t\t\t<section class=\"elementor-section elementor-top-section elementor-element elementor-element-e1fea79 elementor-section-boxed elementor-section-height-default elementor-section-height-default\" data-id=\"e1fea79\" data-element_type=\"section\">\n\t\t\t\t\t\t<div class=\"elementor-container elementor-column-gap-default\">\n\t\t\t\t\t<div class=\"elementor-column elementor-col-100 elementor-top-column elementor-element elementor-element-6d0be76\" data-id=\"6d0be76\" data-element_type=\"column\">\n\t\t\t<div class=\"elementor-widget-wrap elementor-element-populated\">\n\t\t\t\t\t\t<div class=\"elementor-element elementor-element-bbb62ae elementor-widget elementor-widget-text-editor\" data-id=\"bbb62ae\" data-element_type=\"widget\" data-widget_type=\"text-editor.default\">\n\t\t\t\t<div class=\"elementor-widget-container\">\n\t\t\t\t\t\t\t\t\t<p><span style=\"font-weight: 400;\">Del 30 de octubre al 1 de noviembre de 2025, se celebrar\u00e1 en Cayena, Guayana Francesa, la 9\u1d49 edici\u00f3n del <a href=\"https:\/\/www.gcam-guyane.com\/festival-la-toile-des-palmistes_2025\/\" target=\"_blank\" rel=\"noopener nofollow\">Festival de la Toile des Palmistes<\/a>. Organizado por G-CAM (Guyane Cin\u00e9ma, Audiovisuel et Multim\u00e9dia), este acontecimiento presenta cortometrajes y creaciones locales e internacionales en un momento en que la industria cinematogr\u00e1fica de Guyana se est\u00e1 afirmando. <\/span><a href=\"https:\/\/www.gcam-guyane.com\/festival-la-toile-des-palmistes_2025\/?utm_source=chatgpt.com\" rel=\"nofollow noopener\" target=\"_blank\"><span style=\"font-weight: 400;\"> <\/span><\/a><\/p>\n<p><span style=\"font-weight: 400;\">El Festival de la Toile des Palmistes, con sus proyecciones, talleres y encuentros profesionales, se celebra en la Place des Palmistes y en el cine Eldorado de Cayena, as\u00ed como en R\u00e9mire-Montjoly.<\/span> <span style=\"font-weight: 400;\">Esta ubicaci\u00f3n simb\u00f3lica ancla el acto en el espacio urbano de la capital de Guyana y lo hace accesible a los residentes locales. El hecho de que la entrada al acto sea gratuita refuerza este mayor acceso del p\u00fablico. <\/span><\/p>\t\t\t\t\t\t\t\t<\/div>\n\t\t\t\t<\/div>\n\t\t\t\t<div class=\"elementor-element elementor-element-5d84d05 elementor-widget elementor-widget-image\" data-id=\"5d84d05\" data-element_type=\"widget\" data-widget_type=\"image.default\">\n\t\t\t\t<div class=\"elementor-widget-container\">\n\t\t\t\t\t\t\t\t\t\t\t\t<figure class=\"wp-caption\">\n\t\t\t\t\t\t\t\t\t\t<img fetchpriority=\"high\" decoding=\"async\" width=\"800\" height=\"266\" src=\"https:\/\/richeskarayib.com\/wp-content\/uploads\/2025\/10\/\u00a9GCAM-1024x341.png\" class=\"attachment-large size-large wp-image-63850\" alt=\"La Toile des Palmistes\" srcset=\"https:\/\/richeskarayib.com\/wp-content\/uploads\/2025\/10\/\u00a9GCAM-1024x341.png 1024w, https:\/\/richeskarayib.com\/wp-content\/uploads\/2025\/10\/\u00a9GCAM-300x100.png 300w, https:\/\/richeskarayib.com\/wp-content\/uploads\/2025\/10\/\u00a9GCAM-768x256.png 768w, https:\/\/richeskarayib.com\/wp-content\/uploads\/2025\/10\/\u00a9GCAM-1320x440.png 1320w, https:\/\/richeskarayib.com\/wp-content\/uploads\/2025\/10\/\u00a9GCAM.png 1500w\" sizes=\"(max-width: 800px) 100vw, 800px\" \/>\t\t\t\t\t\t\t\t\t\t\t<figcaption class=\"widget-image-caption wp-caption-text\">\u00a9GCAM<\/figcaption>\n\t\t\t\t\t\t\t\t\t\t<\/figure>\n\t\t\t\t\t\t\t\t\t<\/div>\n\t\t\t\t<\/div>\n\t\t\t\t\t<\/div>\n\t\t<\/div>\n\t\t\t\t\t<\/div>\n\t\t<\/section>\n\t\t\t\t<section class=\"elementor-section elementor-top-section elementor-element elementor-element-ee72354 elementor-section-boxed elementor-section-height-default elementor-section-height-default\" data-id=\"ee72354\" data-element_type=\"section\">\n\t\t\t\t\t\t<div class=\"elementor-container elementor-column-gap-default\">\n\t\t\t\t\t<div class=\"elementor-column elementor-col-100 elementor-top-column elementor-element elementor-element-c59d6fe\" data-id=\"c59d6fe\" data-element_type=\"column\">\n\t\t\t<div class=\"elementor-widget-wrap elementor-element-populated\">\n\t\t\t\t\t\t<div class=\"elementor-element elementor-element-ddc6a1e elementor-widget elementor-widget-heading\" data-id=\"ddc6a1e\" data-element_type=\"widget\" data-widget_type=\"heading.default\">\n\t\t\t\t<div class=\"elementor-widget-container\">\n\t\t\t\t\t<h2 class=\"elementor-heading-title elementor-size-default\">Una ambici\u00f3n confirmada<\/h2>\t\t\t\t<\/div>\n\t\t\t\t<\/div>\n\t\t\t\t<div class=\"elementor-element elementor-element-e57451f elementor-widget elementor-widget-text-editor\" data-id=\"e57451f\" data-element_type=\"widget\" data-widget_type=\"text-editor.default\">\n\t\t\t\t<div class=\"elementor-widget-container\">\n\t\t\t\t\t\t\t\t\t<p><span style=\"font-weight: 400;\"><a href=\"https:\/\/la1ere.franceinfo.fr\/guyane\/centre-littoral\/cayenne\/le-festival-de-la-toile-des-palmistes-un-rendez-vous-incontournable-du-cinema-en-guyane-1637851.html\" target=\"_blank\" rel=\"noopener nofollow\">El Festival<\/a> de la Toile des Palmistes forma parte de un doble programa cultural en Guayana Francesa con el FIFAC (Festival international du film documentaire Amazonie-Cara\u00efbes) de Saint-Laurent-du-Maroni: mientras que este \u00faltimo se centra en documentales de la regi\u00f3n amaz\u00f3nica-caribe\u00f1a, el Festival de la Toile des Palmistes ofrece un programa m\u00e1s abierto a la ficci\u00f3n, la animaci\u00f3n y las obras internacionales. Este enfoque complementario est\u00e1 contribuyendo a posicionar a la Guayana Francesa como &#8220;tierra de cine&#8221;. <\/span><\/p>\n<p><span style=\"font-weight: 400;\">Desde 2020, el acto se ha convertido en una cita anual, lo que ha contribuido a estructurar la asistencia, reforzar las comunicaciones y desarrollar el alcance entre el p\u00fablico m\u00e1s joven. Esta regularidad es un marcador de madurez para este sector de ultramar. <\/span><\/p>\t\t\t\t\t\t\t\t<\/div>\n\t\t\t\t<\/div>\n\t\t\t\t<div class=\"elementor-element elementor-element-64fe105 elementor-widget elementor-widget-text-editor\" data-id=\"64fe105\" data-element_type=\"widget\" data-widget_type=\"text-editor.default\">\n\t\t\t\t<div class=\"elementor-widget-container\">\n\t\t\t\t\t\t\t\t\t<p><span style=\"font-weight: 400;\">Para el Festival de la Toile des Palmistes de 2025, el programa se centrar\u00e1 en los cortometrajes (ficci\u00f3n, animaci\u00f3n y documentales), as\u00ed como en la juventud y la comedia. En esta l\u00ednea, un nuevo recorrido interactivo dise\u00f1ado con la asociaci\u00f3n Digital Street permitir\u00e1 a los visitantes descubrir la industria cinematogr\u00e1fica de Cayena. Tambi\u00e9n habr\u00e1 un concurso de cortometrajes sobre el tema &#8220;Sin filtro&#8221;. Seg\u00fan el reglamento, los trabajos deber\u00e1n estar rodados en Guayana Francesa, tener una duraci\u00f3n m\u00e1xima de tres minutos y presentarse antes del 10 de octubre de 2025.   <\/span><\/p>\n<p><span style=\"font-weight: 400;\">Esta atenci\u00f3n al p\u00fablico joven y a las pr\u00e1cticas creativas locales es una muestra del compromiso del festival: no s\u00f3lo proyectar pel\u00edculas, sino animar a la gente a hacer pel\u00edculas. Al celebrar la voz de los territorios de ultramar, el certamen se inscribe en una din\u00e1mica de valorizaci\u00f3n cultural y de formaci\u00f3n. <\/span><\/p>\t\t\t\t\t\t\t\t<\/div>\n\t\t\t\t<\/div>\n\t\t\t\t<section class=\"elementor-section elementor-inner-section elementor-element elementor-element-0730bf2 elementor-section-boxed elementor-section-height-default elementor-section-height-default\" data-id=\"0730bf2\" data-element_type=\"section\">\n\t\t\t\t\t\t<div class=\"elementor-container elementor-column-gap-default\">\n\t\t\t\t\t<div class=\"elementor-column elementor-col-100 elementor-inner-column elementor-element elementor-element-9a3ec32\" data-id=\"9a3ec32\" data-element_type=\"column\">\n\t\t\t<div class=\"elementor-widget-wrap elementor-element-populated\">\n\t\t\t\t\t\t<div class=\"elementor-element elementor-element-709dfba elementor-widget elementor-widget-image\" data-id=\"709dfba\" data-element_type=\"widget\" data-widget_type=\"image.default\">\n\t\t\t\t<div class=\"elementor-widget-container\">\n\t\t\t\t\t\t\t\t\t\t\t\t<figure class=\"wp-caption\">\n\t\t\t\t\t\t\t\t\t\t<img decoding=\"async\" width=\"728\" height=\"1024\" src=\"https:\/\/richeskarayib.com\/wp-content\/uploads\/2025\/10\/\u00a9GCAM-728x1024.jpg\" class=\"attachment-large size-large wp-image-63874\" alt=\"La Toile des Palmistes\" srcset=\"https:\/\/richeskarayib.com\/wp-content\/uploads\/2025\/10\/\u00a9GCAM-728x1024.jpg 728w, https:\/\/richeskarayib.com\/wp-content\/uploads\/2025\/10\/\u00a9GCAM-213x300.jpg 213w, https:\/\/richeskarayib.com\/wp-content\/uploads\/2025\/10\/\u00a9GCAM-768x1080.jpg 768w, https:\/\/richeskarayib.com\/wp-content\/uploads\/2025\/10\/\u00a9GCAM.jpg 1092w\" sizes=\"(max-width: 728px) 100vw, 728px\" \/>\t\t\t\t\t\t\t\t\t\t\t<figcaption class=\"widget-image-caption wp-caption-text\">\u00a9GCAM<\/figcaption>\n\t\t\t\t\t\t\t\t\t\t<\/figure>\n\t\t\t\t\t\t\t\t\t<\/div>\n\t\t\t\t<\/div>\n\t\t\t\t\t<\/div>\n\t\t<\/div>\n\t\t\t\t\t<\/div>\n\t\t<\/section>\n\t\t\t\t\t<\/div>\n\t\t<\/div>\n\t\t\t\t\t<\/div>\n\t\t<\/section>\n\t\t\t\t<section class=\"elementor-section elementor-top-section elementor-element elementor-element-82cd8f9 elementor-section-boxed elementor-section-height-default elementor-section-height-default\" data-id=\"82cd8f9\" data-element_type=\"section\">\n\t\t\t\t\t\t<div class=\"elementor-container elementor-column-gap-default\">\n\t\t\t\t\t<div class=\"elementor-column elementor-col-100 elementor-top-column elementor-element elementor-element-0bfdc38\" data-id=\"0bfdc38\" data-element_type=\"column\">\n\t\t\t<div class=\"elementor-widget-wrap elementor-element-populated\">\n\t\t\t\t\t\t<div class=\"elementor-element elementor-element-7d292fe elementor-widget elementor-widget-heading\" data-id=\"7d292fe\" data-element_type=\"widget\" data-widget_type=\"heading.default\">\n\t\t\t\t<div class=\"elementor-widget-container\">\n\t\t\t\t\t<h2 class=\"elementor-heading-title elementor-size-default\">Un sistema profesional y de formaci\u00f3n\n<\/h2>\t\t\t\t<\/div>\n\t\t\t\t<\/div>\n\t\t\t\t<div class=\"elementor-element elementor-element-8e337bf elementor-widget elementor-widget-text-editor\" data-id=\"8e337bf\" data-element_type=\"widget\" data-widget_type=\"text-editor.default\">\n\t\t\t\t<div class=\"elementor-widget-container\">\n\t\t\t\t\t\t\t\t\t<p><span style=\"font-weight: 400;\">Adem\u00e1s de las proyecciones p\u00fablicas, el Festival Toile des Palmistes contar\u00e1 con una serie de actos profesionales, como talleres, residencias y mesas redondas. Del 3 al 7 de noviembre de 2025, la G-CAM acoger\u00e1 el taller internacional EURODOC Amazonie-Cara\u00efbe para productores de Guayana Francesa, las Antillas, Brasil y Surinam, con el fin de apoyar la coproducci\u00f3n de documentales. <\/span> <span style=\"font-weight: 400;\">  Esto ayudar\u00e1 a consolidar la industria audiovisual local y a garantizar que Guayana Francesa forme parte de una red regional de creaci\u00f3n y radiodifusi\u00f3n.<\/span><\/p>\t\t\t\t\t\t\t\t<\/div>\n\t\t\t\t<\/div>\n\t\t\t\t<section class=\"elementor-section elementor-inner-section elementor-element elementor-element-ea24472 elementor-section-boxed elementor-section-height-default elementor-section-height-default\" data-id=\"ea24472\" data-element_type=\"section\">\n\t\t\t\t\t\t<div class=\"elementor-container elementor-column-gap-default\">\n\t\t\t\t\t<div class=\"elementor-column elementor-col-50 elementor-inner-column elementor-element elementor-element-6904bd3\" data-id=\"6904bd3\" data-element_type=\"column\">\n\t\t\t<div class=\"elementor-widget-wrap elementor-element-populated\">\n\t\t\t\t\t\t<div class=\"elementor-element elementor-element-f9ee382 elementor-widget elementor-widget-image\" data-id=\"f9ee382\" data-element_type=\"widget\" data-widget_type=\"image.default\">\n\t\t\t\t<div class=\"elementor-widget-container\">\n\t\t\t\t\t\t\t\t\t\t\t\t<figure class=\"wp-caption\">\n\t\t\t\t\t\t\t\t\t\t<img decoding=\"async\" width=\"800\" height=\"534\" src=\"https:\/\/richeskarayib.com\/wp-content\/uploads\/2025\/10\/cover-ideo-1024x683.jpg\" class=\"attachment-large size-large wp-image-63878\" alt=\"La Toile des Palmistes\" srcset=\"https:\/\/richeskarayib.com\/wp-content\/uploads\/2025\/10\/cover-ideo-1024x683.jpg 1024w, https:\/\/richeskarayib.com\/wp-content\/uploads\/2025\/10\/cover-ideo-300x200.jpg 300w, https:\/\/richeskarayib.com\/wp-content\/uploads\/2025\/10\/cover-ideo-768x512.jpg 768w, https:\/\/richeskarayib.com\/wp-content\/uploads\/2025\/10\/cover-ideo-1536x1024.jpg 1536w, https:\/\/richeskarayib.com\/wp-content\/uploads\/2025\/10\/cover-ideo-1320x880.jpg 1320w, https:\/\/richeskarayib.com\/wp-content\/uploads\/2025\/10\/cover-ideo.jpg 1920w\" sizes=\"(max-width: 800px) 100vw, 800px\" \/>\t\t\t\t\t\t\t\t\t\t\t<figcaption class=\"widget-image-caption wp-caption-text\">\u00a9Festival de la Toile des Palmistes<\/figcaption>\n\t\t\t\t\t\t\t\t\t\t<\/figure>\n\t\t\t\t\t\t\t\t\t<\/div>\n\t\t\t\t<\/div>\n\t\t\t\t\t<\/div>\n\t\t<\/div>\n\t\t\t\t<div class=\"elementor-column elementor-col-50 elementor-inner-column elementor-element elementor-element-f1a9346\" data-id=\"f1a9346\" data-element_type=\"column\">\n\t\t\t<div class=\"elementor-widget-wrap elementor-element-populated\">\n\t\t\t\t\t\t<div class=\"elementor-element elementor-element-c514864 elementor-widget elementor-widget-image\" data-id=\"c514864\" data-element_type=\"widget\" data-widget_type=\"image.default\">\n\t\t\t\t<div class=\"elementor-widget-container\">\n\t\t\t\t\t\t\t\t\t\t\t\t<figure class=\"wp-caption\">\n\t\t\t\t\t\t\t\t\t\t<img loading=\"lazy\" decoding=\"async\" width=\"800\" height=\"533\" src=\"https:\/\/richeskarayib.com\/wp-content\/uploads\/2025\/10\/cover-2-1024x682.jpg\" class=\"attachment-large size-large wp-image-63882\" alt=\"La Toile des Palmistes\" srcset=\"https:\/\/richeskarayib.com\/wp-content\/uploads\/2025\/10\/cover-2-1024x682.jpg 1024w, https:\/\/richeskarayib.com\/wp-content\/uploads\/2025\/10\/cover-2-300x200.jpg 300w, https:\/\/richeskarayib.com\/wp-content\/uploads\/2025\/10\/cover-2-768x512.jpg 768w, https:\/\/richeskarayib.com\/wp-content\/uploads\/2025\/10\/cover-2-1536x1023.jpg 1536w, https:\/\/richeskarayib.com\/wp-content\/uploads\/2025\/10\/cover-2-1320x879.jpg 1320w, https:\/\/richeskarayib.com\/wp-content\/uploads\/2025\/10\/cover-2.jpg 1600w\" sizes=\"(max-width: 800px) 100vw, 800px\" \/>\t\t\t\t\t\t\t\t\t\t\t<figcaption class=\"widget-image-caption wp-caption-text\">\u00a9Festival de la Toile des Palmistes<\/figcaption>\n\t\t\t\t\t\t\t\t\t\t<\/figure>\n\t\t\t\t\t\t\t\t\t<\/div>\n\t\t\t\t<\/div>\n\t\t\t\t\t<\/div>\n\t\t<\/div>\n\t\t\t\t\t<\/div>\n\t\t<\/section>\n\t\t\t\t<section class=\"elementor-section elementor-inner-section elementor-element elementor-element-c582330 elementor-section-boxed elementor-section-height-default elementor-section-height-default\" data-id=\"c582330\" data-element_type=\"section\">\n\t\t\t\t\t\t<div class=\"elementor-container elementor-column-gap-default\">\n\t\t\t\t\t\t<\/div>\n\t\t<\/section>\n\t\t\t\t<section class=\"elementor-section elementor-inner-section elementor-element elementor-element-296603a elementor-section-boxed elementor-section-height-default elementor-section-height-default\" data-id=\"296603a\" data-element_type=\"section\">\n\t\t\t\t\t\t<div class=\"elementor-container elementor-column-gap-default\">\n\t\t\t\t\t\t<\/div>\n\t\t<\/section>\n\t\t\t\t\t<\/div>\n\t\t<\/div>\n\t\t\t\t\t<\/div>\n\t\t<\/section>\n\t\t\t\t<section class=\"elementor-section elementor-top-section elementor-element elementor-element-5a7397d elementor-section-boxed elementor-section-height-default elementor-section-height-default\" data-id=\"5a7397d\" data-element_type=\"section\">\n\t\t\t\t\t\t<div class=\"elementor-container elementor-column-gap-default\">\n\t\t\t\t\t<div class=\"elementor-column elementor-col-100 elementor-top-column elementor-element elementor-element-8b33b4b\" data-id=\"8b33b4b\" data-element_type=\"column\">\n\t\t\t<div class=\"elementor-widget-wrap elementor-element-populated\">\n\t\t\t\t\t\t<div class=\"elementor-element elementor-element-89dac4b elementor-widget elementor-widget-heading\" data-id=\"89dac4b\" data-element_type=\"widget\" data-widget_type=\"heading.default\">\n\t\t\t\t<div class=\"elementor-widget-container\">\n\t\t\t\t\t<h2 class=\"elementor-heading-title elementor-size-default\">Un programa amplio y accesible<\/h2>\t\t\t\t<\/div>\n\t\t\t\t<\/div>\n\t\t\t\t<div class=\"elementor-element elementor-element-43a45ac elementor-widget elementor-widget-text-editor\" data-id=\"43a45ac\" data-element_type=\"widget\" data-widget_type=\"text-editor.default\">\n\t\t\t\t<div class=\"elementor-widget-container\">\n\t\t\t\t\t\t\t\t\t<p><span style=\"font-weight: 400;\">El Festival de la Toile des Palmistes presentar\u00e1 una selecci\u00f3n de unas cuarenta pel\u00edculas procedentes de casi treinta pa\u00edses. Las proyecciones comenzar\u00e1n con un programa de &#8220;P\u00fablico Joven&#8221; (&#8220;Ti-moun&#8221;) y abarcar\u00e1n obras de ultramar, Guayana Francesa e internacionales. El cine Eldorado, 21 place des Palmistes de Cayena, acoger\u00e1 las proyecciones en salas, mientras que la place des Palmistes ser\u00e1 el escenario del &#8220;Ti-moun&#8221;.  <\/span><b>s<\/b><span style=\"font-weight: 400;\"> sesiones al aire libre, a\u00f1adiendo una simp\u00e1tica dimensi\u00f3n urbana al acto.<\/span><\/p>\t\t\t\t\t\t\t\t<\/div>\n\t\t\t\t<\/div>\n\t\t\t\t<section class=\"elementor-section elementor-inner-section elementor-element elementor-element-7ae3913 elementor-section-boxed elementor-section-height-default elementor-section-height-default\" data-id=\"7ae3913\" data-element_type=\"section\">\n\t\t\t\t\t\t<div class=\"elementor-container elementor-column-gap-default\">\n\t\t\t\t\t<div class=\"elementor-column elementor-col-33 elementor-inner-column elementor-element elementor-element-964186d\" data-id=\"964186d\" data-element_type=\"column\">\n\t\t\t<div class=\"elementor-widget-wrap elementor-element-populated\">\n\t\t\t\t\t\t<div class=\"elementor-element elementor-element-2d8aae4 elementor-widget elementor-widget-image\" data-id=\"2d8aae4\" data-element_type=\"widget\" data-widget_type=\"image.default\">\n\t\t\t\t<div class=\"elementor-widget-container\">\n\t\t\t\t\t\t\t\t\t\t\t\t<figure class=\"wp-caption\">\n\t\t\t\t\t\t\t\t\t\t<img loading=\"lazy\" decoding=\"async\" width=\"800\" height=\"1000\" src=\"https:\/\/richeskarayib.com\/wp-content\/uploads\/2025\/10\/pro-1-819x1024.jpeg\" class=\"attachment-large size-large wp-image-63854\" alt=\"La Toile des Palmistes\" srcset=\"https:\/\/richeskarayib.com\/wp-content\/uploads\/2025\/10\/pro-1-819x1024.jpeg 819w, https:\/\/richeskarayib.com\/wp-content\/uploads\/2025\/10\/pro-1-240x300.jpeg 240w, https:\/\/richeskarayib.com\/wp-content\/uploads\/2025\/10\/pro-1-768x960.jpeg 768w, https:\/\/richeskarayib.com\/wp-content\/uploads\/2025\/10\/pro-1-1229x1536.jpeg 1229w, https:\/\/richeskarayib.com\/wp-content\/uploads\/2025\/10\/pro-1-1320x1650.jpeg 1320w, https:\/\/richeskarayib.com\/wp-content\/uploads\/2025\/10\/pro-1.jpeg 1440w\" sizes=\"(max-width: 800px) 100vw, 800px\" \/>\t\t\t\t\t\t\t\t\t\t\t<figcaption class=\"widget-image-caption wp-caption-text\">\u00a9Festival de la Toile des Palmistes<\/figcaption>\n\t\t\t\t\t\t\t\t\t\t<\/figure>\n\t\t\t\t\t\t\t\t\t<\/div>\n\t\t\t\t<\/div>\n\t\t\t\t\t<\/div>\n\t\t<\/div>\n\t\t\t\t<div class=\"elementor-column elementor-col-33 elementor-inner-column elementor-element elementor-element-20c7f15\" data-id=\"20c7f15\" data-element_type=\"column\">\n\t\t\t<div class=\"elementor-widget-wrap elementor-element-populated\">\n\t\t\t\t\t\t<div class=\"elementor-element elementor-element-6a43411 elementor-widget elementor-widget-image\" data-id=\"6a43411\" data-element_type=\"widget\" data-widget_type=\"image.default\">\n\t\t\t\t<div class=\"elementor-widget-container\">\n\t\t\t\t\t\t\t\t\t\t\t\t<figure class=\"wp-caption\">\n\t\t\t\t\t\t\t\t\t\t<img loading=\"lazy\" decoding=\"async\" width=\"800\" height=\"1000\" src=\"https:\/\/richeskarayib.com\/wp-content\/uploads\/2025\/10\/pro-2-819x1024.jpeg\" class=\"attachment-large size-large wp-image-63858\" alt=\"La Toile des Palmistes\" srcset=\"https:\/\/richeskarayib.com\/wp-content\/uploads\/2025\/10\/pro-2-819x1024.jpeg 819w, https:\/\/richeskarayib.com\/wp-content\/uploads\/2025\/10\/pro-2-240x300.jpeg 240w, https:\/\/richeskarayib.com\/wp-content\/uploads\/2025\/10\/pro-2-768x960.jpeg 768w, https:\/\/richeskarayib.com\/wp-content\/uploads\/2025\/10\/pro-2-1229x1536.jpeg 1229w, https:\/\/richeskarayib.com\/wp-content\/uploads\/2025\/10\/pro-2-1320x1650.jpeg 1320w, https:\/\/richeskarayib.com\/wp-content\/uploads\/2025\/10\/pro-2.jpeg 1440w\" sizes=\"(max-width: 800px) 100vw, 800px\" \/>\t\t\t\t\t\t\t\t\t\t\t<figcaption class=\"widget-image-caption wp-caption-text\">\u00a9Festival de la Toile des Palmistes<\/figcaption>\n\t\t\t\t\t\t\t\t\t\t<\/figure>\n\t\t\t\t\t\t\t\t\t<\/div>\n\t\t\t\t<\/div>\n\t\t\t\t\t<\/div>\n\t\t<\/div>\n\t\t\t\t<div class=\"elementor-column elementor-col-33 elementor-inner-column elementor-element elementor-element-0a5cbbc\" data-id=\"0a5cbbc\" data-element_type=\"column\">\n\t\t\t<div class=\"elementor-widget-wrap elementor-element-populated\">\n\t\t\t\t\t\t<div class=\"elementor-element elementor-element-19e7ef2 elementor-widget elementor-widget-image\" data-id=\"19e7ef2\" data-element_type=\"widget\" data-widget_type=\"image.default\">\n\t\t\t\t<div class=\"elementor-widget-container\">\n\t\t\t\t\t\t\t\t\t\t\t\t<figure class=\"wp-caption\">\n\t\t\t\t\t\t\t\t\t\t<img loading=\"lazy\" decoding=\"async\" width=\"800\" height=\"1000\" src=\"https:\/\/richeskarayib.com\/wp-content\/uploads\/2025\/10\/pro-3-819x1024.jpeg\" class=\"attachment-large size-large wp-image-63862\" alt=\"La Toile des Palmistes\" srcset=\"https:\/\/richeskarayib.com\/wp-content\/uploads\/2025\/10\/pro-3-819x1024.jpeg 819w, https:\/\/richeskarayib.com\/wp-content\/uploads\/2025\/10\/pro-3-240x300.jpeg 240w, https:\/\/richeskarayib.com\/wp-content\/uploads\/2025\/10\/pro-3-768x960.jpeg 768w, https:\/\/richeskarayib.com\/wp-content\/uploads\/2025\/10\/pro-3-1229x1536.jpeg 1229w, https:\/\/richeskarayib.com\/wp-content\/uploads\/2025\/10\/pro-3-1320x1650.jpeg 1320w, https:\/\/richeskarayib.com\/wp-content\/uploads\/2025\/10\/pro-3.jpeg 1440w\" sizes=\"(max-width: 800px) 100vw, 800px\" \/>\t\t\t\t\t\t\t\t\t\t\t<figcaption class=\"widget-image-caption wp-caption-text\">\u00a9Festival de la Toile des Palmistes<\/figcaption>\n\t\t\t\t\t\t\t\t\t\t<\/figure>\n\t\t\t\t\t\t\t\t\t<\/div>\n\t\t\t\t<\/div>\n\t\t\t\t\t<\/div>\n\t\t<\/div>\n\t\t\t\t\t<\/div>\n\t\t<\/section>\n\t\t\t\t<section class=\"elementor-section elementor-inner-section elementor-element elementor-element-58305a6 elementor-section-boxed elementor-section-height-default elementor-section-height-default\" data-id=\"58305a6\" data-element_type=\"section\">\n\t\t\t\t\t\t<div class=\"elementor-container elementor-column-gap-default\">\n\t\t\t\t\t<div class=\"elementor-column elementor-col-50 elementor-inner-column elementor-element elementor-element-8f480a6\" data-id=\"8f480a6\" data-element_type=\"column\">\n\t\t\t<div class=\"elementor-widget-wrap elementor-element-populated\">\n\t\t\t\t\t\t<div class=\"elementor-element elementor-element-81cc96a elementor-widget elementor-widget-image\" data-id=\"81cc96a\" data-element_type=\"widget\" data-widget_type=\"image.default\">\n\t\t\t\t<div class=\"elementor-widget-container\">\n\t\t\t\t\t\t\t\t\t\t\t\t<figure class=\"wp-caption\">\n\t\t\t\t\t\t\t\t\t\t<img loading=\"lazy\" decoding=\"async\" width=\"800\" height=\"1000\" src=\"https:\/\/richeskarayib.com\/wp-content\/uploads\/2025\/10\/pro-4-819x1024.jpeg\" class=\"attachment-large size-large wp-image-63866\" alt=\"La Toile des Palmistes\" srcset=\"https:\/\/richeskarayib.com\/wp-content\/uploads\/2025\/10\/pro-4-819x1024.jpeg 819w, https:\/\/richeskarayib.com\/wp-content\/uploads\/2025\/10\/pro-4-240x300.jpeg 240w, https:\/\/richeskarayib.com\/wp-content\/uploads\/2025\/10\/pro-4-768x960.jpeg 768w, https:\/\/richeskarayib.com\/wp-content\/uploads\/2025\/10\/pro-4-1229x1536.jpeg 1229w, https:\/\/richeskarayib.com\/wp-content\/uploads\/2025\/10\/pro-4-1320x1650.jpeg 1320w, https:\/\/richeskarayib.com\/wp-content\/uploads\/2025\/10\/pro-4.jpeg 1440w\" sizes=\"(max-width: 800px) 100vw, 800px\" \/>\t\t\t\t\t\t\t\t\t\t\t<figcaption class=\"widget-image-caption wp-caption-text\">\u00a9Festival de la Toile des Palmistes<\/figcaption>\n\t\t\t\t\t\t\t\t\t\t<\/figure>\n\t\t\t\t\t\t\t\t\t<\/div>\n\t\t\t\t<\/div>\n\t\t\t\t\t<\/div>\n\t\t<\/div>\n\t\t\t\t<div class=\"elementor-column elementor-col-50 elementor-inner-column elementor-element elementor-element-3f8b986\" data-id=\"3f8b986\" data-element_type=\"column\">\n\t\t\t<div class=\"elementor-widget-wrap elementor-element-populated\">\n\t\t\t\t\t\t<div class=\"elementor-element elementor-element-d2d574d elementor-widget elementor-widget-image\" data-id=\"d2d574d\" data-element_type=\"widget\" data-widget_type=\"image.default\">\n\t\t\t\t<div class=\"elementor-widget-container\">\n\t\t\t\t\t\t\t\t\t\t\t\t<figure class=\"wp-caption\">\n\t\t\t\t\t\t\t\t\t\t<img loading=\"lazy\" decoding=\"async\" width=\"800\" height=\"1000\" src=\"https:\/\/richeskarayib.com\/wp-content\/uploads\/2025\/10\/pro-5-819x1024.jpeg\" class=\"attachment-large size-large wp-image-63870\" alt=\"La Toile des Palmistes\" srcset=\"https:\/\/richeskarayib.com\/wp-content\/uploads\/2025\/10\/pro-5-819x1024.jpeg 819w, https:\/\/richeskarayib.com\/wp-content\/uploads\/2025\/10\/pro-5-240x300.jpeg 240w, https:\/\/richeskarayib.com\/wp-content\/uploads\/2025\/10\/pro-5-768x960.jpeg 768w, https:\/\/richeskarayib.com\/wp-content\/uploads\/2025\/10\/pro-5-1229x1536.jpeg 1229w, https:\/\/richeskarayib.com\/wp-content\/uploads\/2025\/10\/pro-5-1320x1650.jpeg 1320w, https:\/\/richeskarayib.com\/wp-content\/uploads\/2025\/10\/pro-5.jpeg 1440w\" sizes=\"(max-width: 800px) 100vw, 800px\" \/>\t\t\t\t\t\t\t\t\t\t\t<figcaption class=\"widget-image-caption wp-caption-text\">\u00a9Festival de la Toile des Palmistes<\/figcaption>\n\t\t\t\t\t\t\t\t\t\t<\/figure>\n\t\t\t\t\t\t\t\t\t<\/div>\n\t\t\t\t<\/div>\n\t\t\t\t\t<\/div>\n\t\t<\/div>\n\t\t\t\t\t<\/div>\n\t\t<\/section>\n\t\t\t\t\t<\/div>\n\t\t<\/div>\n\t\t\t\t\t<\/div>\n\t\t<\/section>\n\t\t\t\t<section class=\"elementor-section elementor-top-section elementor-element elementor-element-ceca32c elementor-section-boxed elementor-section-height-default elementor-section-height-default\" data-id=\"ceca32c\" data-element_type=\"section\">\n\t\t\t\t\t\t<div class=\"elementor-container elementor-column-gap-default\">\n\t\t\t\t\t<div class=\"elementor-column elementor-col-100 elementor-top-column elementor-element elementor-element-5a2e383\" data-id=\"5a2e383\" data-element_type=\"column\">\n\t\t\t<div class=\"elementor-widget-wrap elementor-element-populated\">\n\t\t\t\t\t\t<div class=\"elementor-element elementor-element-6cedf5f elementor-widget elementor-widget-heading\" data-id=\"6cedf5f\" data-element_type=\"widget\" data-widget_type=\"heading.default\">\n\t\t\t\t<div class=\"elementor-widget-container\">\n\t\t\t\t\t<h2 class=\"elementor-heading-title elementor-size-default\">\u00bfPor qu\u00e9 es importante el festival?<\/h2>\t\t\t\t<\/div>\n\t\t\t\t<\/div>\n\t\t\t\t<div class=\"elementor-element elementor-element-e93d1fb elementor-widget elementor-widget-text-editor\" data-id=\"e93d1fb\" data-element_type=\"widget\" data-widget_type=\"text-editor.default\">\n\t\t\t\t<div class=\"elementor-widget-container\">\n\t\t\t\t\t\t\t\t\t<p><span style=\"font-weight: 400;\">En un momento en que los territorios de ultramar necesitan ser reconocidos y estructurados en el sector audiovisual, el Festival Toile des Palmistes desempe\u00f1a un papel clave. Ofrece la oportunidad de : <\/span><\/p>\n<ul>\n<li style=\"list-style-type: none;\">\n<ul>\n<li style=\"font-weight: 400;\" aria-level=\"1\"><span style=\"font-weight: 400;\">\u2705 Cultivar el talento guyan\u00e9s en un entorno competitivo y de formaci\u00f3n;<\/span><\/li>\n<li style=\"font-weight: 400;\" aria-level=\"1\"><span style=\"font-weight: 400;\">\u2705 llegar a nuevos p\u00fablicos, en particular a los j\u00f3venes, mediante talleres y mediaci\u00f3n;<\/span><\/li>\n<li style=\"font-weight: 400;\" aria-level=\"1\"><span style=\"font-weight: 400;\">\u2705 contribuir al atractivo de la regi\u00f3n en t\u00e9rminos de rodajes y producci\u00f3n audiovisual;<\/span><\/li>\n<li style=\"font-weight: 400;\" aria-level=\"1\"><span style=\"font-weight: 400;\">\u2705 forjar v\u00ednculos entre la Guayana Francesa, el Caribe y el resto del mundo.<\/span><\/li>\n<\/ul>\n<\/li>\n<\/ul>\n<p> <\/p>\t\t\t\t\t\t\t\t<\/div>\n\t\t\t\t<\/div>\n\t\t\t\t\t<\/div>\n\t\t<\/div>\n\t\t\t\t\t<\/div>\n\t\t<\/section>\n\t\t\t\t<section class=\"elementor-section elementor-top-section elementor-element elementor-element-9c88a89 elementor-section-boxed elementor-section-height-default elementor-section-height-default\" data-id=\"9c88a89\" data-element_type=\"section\">\n\t\t\t\t\t\t<div class=\"elementor-container elementor-column-gap-default\">\n\t\t\t\t\t<div class=\"elementor-column elementor-col-100 elementor-top-column elementor-element elementor-element-78cf5d1\" data-id=\"78cf5d1\" data-element_type=\"column\">\n\t\t\t<div class=\"elementor-widget-wrap elementor-element-populated\">\n\t\t\t\t\t\t<div class=\"elementor-element elementor-element-ea2a5c1 elementor-widget elementor-widget-heading\" data-id=\"ea2a5c1\" data-element_type=\"widget\" data-widget_type=\"heading.default\">\n\t\t\t\t<div class=\"elementor-widget-container\">\n\t\t\t\t\t<h2 class=\"elementor-heading-title elementor-size-default\">Informaci\u00f3n pr\u00e1ctica\n<\/h2>\t\t\t\t<\/div>\n\t\t\t\t<\/div>\n\t\t\t\t<div class=\"elementor-element elementor-element-e305eee elementor-widget elementor-widget-text-editor\" data-id=\"e305eee\" data-element_type=\"widget\" data-widget_type=\"text-editor.default\">\n\t\t\t\t<div class=\"elementor-widget-container\">\n\t\t\t\t\t\t\t\t\t<ul>\n<li style=\"list-style-type: none;\">\n<ul>\n<li style=\"font-weight: 400;\" aria-level=\"1\"><span style=\"font-weight: 400;\">&#8211; Fechas: del 30 de octubre al 1\u1d49\u02b3 de noviembre de 2025.<\/span><\/li>\n<li style=\"font-weight: 400;\" aria-level=\"1\"><span style=\"font-weight: 400;\">&#8211; Lugares: Place des Palmistes (al aire libre), cine Eldorado en Cayena, y fuera de los locales en R\u00e9mire-Montjoly.<\/span><\/li>\n<li style=\"font-weight: 400;\" aria-level=\"1\"><span style=\"font-weight: 400;\">&#8211; Entrada gratuita.<\/span><\/li>\n<li style=\"font-weight: 400;\" aria-level=\"1\"><span style=\"font-weight: 400;\">&#8211; Concurso &#8220;Sin Filtrar&#8221; reservado a pel\u00edculas rodadas en Guayana Francesa, duraci\u00f3n m\u00e1xima 3 min, fecha l\u00edmite de inscripci\u00f3n 10 de octubre de 2025.<\/span><\/li>\n<\/ul>\n<\/li>\n<\/ul>\t\t\t\t\t\t\t\t<\/div>\n\t\t\t\t<\/div>\n\t\t\t\t\t<\/div>\n\t\t<\/div>\n\t\t\t\t\t<\/div>\n\t\t<\/section>\n\t\t\t\t<section class=\"elementor-section elementor-top-section elementor-element elementor-element-d12b3ef elementor-section-boxed elementor-section-height-default elementor-section-height-default\" data-id=\"d12b3ef\" data-element_type=\"section\">\n\t\t\t\t\t\t<div class=\"elementor-container elementor-column-gap-default\">\n\t\t\t\t\t<div class=\"elementor-column elementor-col-100 elementor-top-column elementor-element elementor-element-b2e89df\" data-id=\"b2e89df\" data-element_type=\"column\">\n\t\t\t<div class=\"elementor-widget-wrap elementor-element-populated\">\n\t\t\t\t\t\t<div class=\"elementor-element elementor-element-659ff76 elementor-widget elementor-widget-text-editor\" data-id=\"659ff76\" data-element_type=\"widget\" data-widget_type=\"text-editor.default\">\n\t\t\t\t<div class=\"elementor-widget-container\">\n\t\t\t\t\t\t\t\t\t<p><span style=\"font-weight: 400;\">En 2025, el Festival de la Toile des Palmistes confirma su voluntad de convertirse en un centro art\u00edstico reconocido en los territorios franceses de ultramar. Gracias a su programaci\u00f3n accesible, sus iniciativas orientadas a los j\u00f3venes y su doble orientaci\u00f3n hacia el gran p\u00fablico y los profesionales, el Festival reforzar\u00e1 el lugar de <a href=\"https:\/\/richeskarayib.com\/es\/?p=63497\" target=\"_blank\" rel=\"noopener\">Guayana Francesa<\/a> en la circulaci\u00f3n de im\u00e1genes creativas. Para los residentes locales, para los j\u00f3venes en busca de una historia y para los profesionales emergentes, este evento es un momento para compartir y proyectar hacia el futuro.  <\/span><\/p>\n<p><span style=\"font-weight: 400;\">Con palmeras y muchas im\u00e1genes como tel\u00f3n de fondo, la Guayana Francesa est\u00e1 tomando protagonismo y se est\u00e1 dando voz a s\u00ed misma. El Festival de la Toile des Palmistes es uno de los instrumentos de esta ambici\u00f3n, que hay que seguir sin demora. <\/span><\/p>\t\t\t\t\t\t\t\t<\/div>\n\t\t\t\t<\/div>\n\t\t\t\t\t<\/div>\n\t\t<\/div>\n\t\t\t\t\t<\/div>\n\t\t<\/section>\n\t\t\t\t<\/div>\n\t\t","protected":false},"excerpt":{"rendered":"<p>Del 30 de octubre al 1 de noviembre de 2025, se celebrar\u00e1 en Cayena, Guayana Francesa, la 9\u1d49 edici\u00f3n del Festival de la Toile des Palmistes. Organizado por G-CAM (Guyane Cin\u00e9ma, Audiovisuel et Multim\u00e9dia), este acontecimiento presenta cortometrajes y creaciones locales e internacionales en un momento en que la industria cinematogr\u00e1fica de Guyana se est\u00e1 [&hellip;]<\/p>\n","protected":false},"author":662,"featured_media":63844,"comment_status":"open","ping_status":"open","sticky":false,"template":"","format":"standard","meta":{"_acf_changed":false,"footnotes":""},"categories":[1505],"tags":[1549],"class_list":["post-63884","post","type-post","status-publish","format-standard","has-post-thumbnail","hentry","category-cine-y-video","tag-guayana-francesa"],"acf":[],"_links":{"self":[{"href":"https:\/\/richeskarayib.com\/es\/wp-json\/wp\/v2\/posts\/63884","targetHints":{"allow":["GET"]}}],"collection":[{"href":"https:\/\/richeskarayib.com\/es\/wp-json\/wp\/v2\/posts"}],"about":[{"href":"https:\/\/richeskarayib.com\/es\/wp-json\/wp\/v2\/types\/post"}],"author":[{"embeddable":true,"href":"https:\/\/richeskarayib.com\/es\/wp-json\/wp\/v2\/users\/662"}],"replies":[{"embeddable":true,"href":"https:\/\/richeskarayib.com\/es\/wp-json\/wp\/v2\/comments?post=63884"}],"version-history":[{"count":0,"href":"https:\/\/richeskarayib.com\/es\/wp-json\/wp\/v2\/posts\/63884\/revisions"}],"wp:featuredmedia":[{"embeddable":true,"href":"https:\/\/richeskarayib.com\/es\/wp-json\/wp\/v2\/media\/63844"}],"wp:attachment":[{"href":"https:\/\/richeskarayib.com\/es\/wp-json\/wp\/v2\/media?parent=63884"}],"wp:term":[{"taxonomy":"category","embeddable":true,"href":"https:\/\/richeskarayib.com\/es\/wp-json\/wp\/v2\/categories?post=63884"},{"taxonomy":"post_tag","embeddable":true,"href":"https:\/\/richeskarayib.com\/es\/wp-json\/wp\/v2\/tags?post=63884"}],"curies":[{"name":"wp","href":"https:\/\/api.w.org\/{rel}","templated":true}]}}