{"id":64197,"date":"2025-11-04T07:33:15","date_gmt":"2025-11-04T11:33:15","guid":{"rendered":"https:\/\/richeskarayib.com\/la-solidaridad-una-forma-de-vida-en-el-caribe-alefpa-confirma-su-compromiso-en-martinica\/"},"modified":"2025-11-19T06:28:34","modified_gmt":"2025-11-19T10:28:34","slug":"la-solidaridad-una-forma-de-vida-en-el-caribe-alefpa-confirma-su-compromiso-en-martinica","status":"publish","type":"post","link":"https:\/\/richeskarayib.com\/es\/la-solidaridad-una-forma-de-vida-en-el-caribe-alefpa-confirma-su-compromiso-en-martinica\/","title":{"rendered":"La solidaridad, una forma de vida en el Caribe: ALEFPA confirma su compromiso en Martinica"},"content":{"rendered":"\t\t<div data-elementor-type=\"wp-post\" data-elementor-id=\"64197\" class=\"elementor elementor-64197 elementor-64163\" data-elementor-post-type=\"post\">\n\t\t\t\t\t\t<section class=\"elementor-section elementor-top-section elementor-element elementor-element-7ca7ca1 elementor-section-boxed elementor-section-height-default elementor-section-height-default\" data-id=\"7ca7ca1\" data-element_type=\"section\">\n\t\t\t\t\t\t<div class=\"elementor-container elementor-column-gap-default\">\n\t\t\t\t\t<div class=\"elementor-column elementor-col-100 elementor-top-column elementor-element elementor-element-cbdd002\" data-id=\"cbdd002\" data-element_type=\"column\">\n\t\t\t<div class=\"elementor-widget-wrap elementor-element-populated\">\n\t\t\t\t\t\t<section class=\"elementor-section elementor-inner-section elementor-element elementor-element-bc94849 elementor-section-boxed elementor-section-height-default elementor-section-height-default\" data-id=\"bc94849\" data-element_type=\"section\">\n\t\t\t\t\t\t<div class=\"elementor-container elementor-column-gap-default\">\n\t\t\t\t\t\t<\/div>\n\t\t<\/section>\n\t\t\t\t<section class=\"elementor-section elementor-inner-section elementor-element elementor-element-61571e6 elementor-section-boxed elementor-section-height-default elementor-section-height-default\" data-id=\"61571e6\" data-element_type=\"section\">\n\t\t\t\t\t\t<div class=\"elementor-container elementor-column-gap-default\">\n\t\t\t\t\t\t<\/div>\n\t\t<\/section>\n\t\t\t\t<section class=\"elementor-section elementor-inner-section elementor-element elementor-element-b6262e0 elementor-section-boxed elementor-section-height-default elementor-section-height-default\" data-id=\"b6262e0\" data-element_type=\"section\">\n\t\t\t\t\t\t<div class=\"elementor-container elementor-column-gap-default\">\n\t\t\t\t\t\t<\/div>\n\t\t<\/section>\n\t\t\t\t<section class=\"elementor-section elementor-inner-section elementor-element elementor-element-cca29fd elementor-section-boxed elementor-section-height-default elementor-section-height-default\" data-id=\"cca29fd\" data-element_type=\"section\">\n\t\t\t\t\t\t<div class=\"elementor-container elementor-column-gap-default\">\n\t\t\t\t\t\t<\/div>\n\t\t<\/section>\n\t\t\t\t\t<\/div>\n\t\t<\/div>\n\t\t\t\t\t<\/div>\n\t\t<\/section>\n\t\t\t\t<section class=\"elementor-section elementor-top-section elementor-element elementor-element-ee72354 elementor-section-boxed elementor-section-height-default elementor-section-height-default\" data-id=\"ee72354\" data-element_type=\"section\">\n\t\t\t\t\t\t<div class=\"elementor-container elementor-column-gap-default\">\n\t\t\t\t\t<div class=\"elementor-column elementor-col-100 elementor-top-column elementor-element elementor-element-c59d6fe\" data-id=\"c59d6fe\" data-element_type=\"column\">\n\t\t\t<div class=\"elementor-widget-wrap elementor-element-populated\">\n\t\t\t\t\t\t<div class=\"elementor-element elementor-element-e57451f elementor-widget elementor-widget-text-editor\" data-id=\"e57451f\" data-element_type=\"widget\" data-widget_type=\"text-editor.default\">\n\t\t\t\t<div class=\"elementor-widget-container\">\n\t\t\t\t\t\t\t\t\t<p><span style=\"font-weight: 400;\">En Martinica, Guadalupe y San Mart\u00edn, la solidaridad sigue siendo una fuerza silenciosa. Se encarna en los gestos cotidianos, en la atenci\u00f3n prestada a los dem\u00e1s y en la convicci\u00f3n compartida de que ninguna vulnerabilidad es inevitable. Con este esp\u00edritu    <\/span><a href=\"https:\/\/www.alefpa.fr\/\" target=\"_blank\" rel=\"noopener nofollow\"><b>ALEFPA<\/b><\/a><span style=\"font-weight: 400;\"> (Association La\u00efque pour l&#8217;\u00c9ducation, la Formation, la Pr\u00e9vention et l&#8217;Autonomie &#8211; Asociaci\u00f3n Laica para la Educaci\u00f3n, la Formaci\u00f3n, la Prevenci\u00f3n y la Autonom\u00eda) persigue desde hace m\u00e1s de sesenta a\u00f1os una misi\u00f3n sencilla y humana: acompa\u00f1ar a cada persona, en cada etapa de su vida, hacia una mayor autonom\u00eda y dignidad.<\/span><\/p>\t\t\t\t\t\t\t\t<\/div>\n\t\t\t\t<\/div>\n\t\t\t\t\t<\/div>\n\t\t<\/div>\n\t\t\t\t\t<\/div>\n\t\t<\/section>\n\t\t\t\t<section class=\"elementor-section elementor-top-section elementor-element elementor-element-82cd8f9 elementor-section-boxed elementor-section-height-default elementor-section-height-default\" data-id=\"82cd8f9\" data-element_type=\"section\">\n\t\t\t\t\t\t<div class=\"elementor-container elementor-column-gap-default\">\n\t\t\t\t\t<div class=\"elementor-column elementor-col-100 elementor-top-column elementor-element elementor-element-0bfdc38\" data-id=\"0bfdc38\" data-element_type=\"column\">\n\t\t\t<div class=\"elementor-widget-wrap elementor-element-populated\">\n\t\t\t\t\t\t<div class=\"elementor-element elementor-element-7d292fe elementor-widget elementor-widget-heading\" data-id=\"7d292fe\" data-element_type=\"widget\" data-widget_type=\"heading.default\">\n\t\t\t\t<div class=\"elementor-widget-container\">\n\t\t\t\t\t<h2 class=\"elementor-heading-title elementor-size-default\">Una presencia hist\u00f3rica y s\u00f3lidas ra\u00edces caribe\u00f1as<\/h2>\t\t\t\t<\/div>\n\t\t\t\t<\/div>\n\t\t\t\t<div class=\"elementor-element elementor-element-8e337bf elementor-widget elementor-widget-text-editor\" data-id=\"8e337bf\" data-element_type=\"widget\" data-widget_type=\"text-editor.default\">\n\t\t\t\t<div class=\"elementor-widget-container\">\n\t\t\t\t\t\t\t\t\t<p><span style=\"font-weight: 400;\">Presente en toda Francia, <\/span><b>ALEFPA<\/b><span style=\"font-weight: 400;\"> ayuda cada a\u00f1o a 20.000 personas a trav\u00e9s de 250 establecimientos y m\u00e1s de 4.000 empleados.<\/span><span style=\"font-weight: 400;\"><br><\/span><span style=\"font-weight: 400;\"> En el Caribe, <\/span><b>ALEFPA<\/b><span style=\"font-weight: 400;\"> ha establecido una presencia a largo plazo en el Caribe:<\/span><\/p>\n<ul>\n<li style=\"font-weight: 400;\" aria-level=\"1\"><span style=\"font-weight: 400;\">&#8211; En Guadalupe <\/span><b>Guadalupe<\/b><span style=\"font-weight: 400;\">en 1981, con el Institut M\u00e9dico-\u00c9ducatif Denis Forestier;<\/span><\/li>\n<li style=\"font-weight: 400;\" aria-level=\"1\"><span style=\"font-weight: 400;\">&#8211; En Martinica <\/span><b>Martinica<\/b><span style=\"font-weight: 400;\">desde 2012, con el <\/span><b>Centro de Alojamiento y Reinserci\u00f3n Social Rosannie Soleil<\/b><span style=\"font-weight: 400;\"> ;<\/span><\/li>\n<li style=\"font-weight: 400;\" aria-level=\"1\"><span style=\"font-weight: 400;\">&#8211; \u00c0 <\/span><b>Saint-Martin<\/b><span style=\"font-weight: 400;\">desde 2020, con el <\/span><b>CHRS Le Manteau<\/b><span style=\"font-weight: 400;\">.<\/span><\/li>\n<\/ul>\n<p><span style=\"font-weight: 400;\">Un total de 37 <\/span><b>ALEFPA<\/b><span style=\"font-weight: 400;\">  acogen y apoyan a 2.763 beneficiarios, apoyados por 311 equivalentes a tiempo completo. Esta red de actores locales encarna la solidaridad arraigada en las realidades sobre el terreno. <\/span><\/p>\t\t\t\t\t\t\t\t<\/div>\n\t\t\t\t<\/div>\n\t\t\t\t<section class=\"elementor-section elementor-inner-section elementor-element elementor-element-6d7275f elementor-section-boxed elementor-section-height-default elementor-section-height-default\" data-id=\"6d7275f\" data-element_type=\"section\">\n\t\t\t\t\t\t<div class=\"elementor-container elementor-column-gap-default\">\n\t\t\t\t\t<div class=\"elementor-column elementor-col-50 elementor-inner-column elementor-element elementor-element-7ce7d8b\" data-id=\"7ce7d8b\" data-element_type=\"column\">\n\t\t\t<div class=\"elementor-widget-wrap elementor-element-populated\">\n\t\t\t\t\t\t<div class=\"elementor-element elementor-element-4de79fd elementor-widget elementor-widget-image\" data-id=\"4de79fd\" data-element_type=\"widget\" data-widget_type=\"image.default\">\n\t\t\t\t<div class=\"elementor-widget-container\">\n\t\t\t\t\t\t\t\t\t\t\t\t\t\t\t<img fetchpriority=\"high\" decoding=\"async\" width=\"724\" height=\"1024\" src=\"https:\/\/richeskarayib.com\/wp-content\/uploads\/2025\/11\/Dossier-de-Presse-ALEFPA-Caraibe_page-0004-724x1024.jpg\" class=\"attachment-large size-large wp-image-64167\" alt=\"ALEFPA\" srcset=\"https:\/\/richeskarayib.com\/wp-content\/uploads\/2025\/11\/Dossier-de-Presse-ALEFPA-Caraibe_page-0004-724x1024.jpg 724w, https:\/\/richeskarayib.com\/wp-content\/uploads\/2025\/11\/Dossier-de-Presse-ALEFPA-Caraibe_page-0004-212x300.jpg 212w, https:\/\/richeskarayib.com\/wp-content\/uploads\/2025\/11\/Dossier-de-Presse-ALEFPA-Caraibe_page-0004-768x1086.jpg 768w, https:\/\/richeskarayib.com\/wp-content\/uploads\/2025\/11\/Dossier-de-Presse-ALEFPA-Caraibe_page-0004-1086x1536.jpg 1086w, https:\/\/richeskarayib.com\/wp-content\/uploads\/2025\/11\/Dossier-de-Presse-ALEFPA-Caraibe_page-0004.jpg 1241w\" sizes=\"(max-width: 724px) 100vw, 724px\" \/>\t\t\t\t\t\t\t\t\t\t\t\t\t\t\t<\/div>\n\t\t\t\t<\/div>\n\t\t\t\t\t<\/div>\n\t\t<\/div>\n\t\t\t\t<div class=\"elementor-column elementor-col-50 elementor-inner-column elementor-element elementor-element-8c961f5\" data-id=\"8c961f5\" data-element_type=\"column\">\n\t\t\t<div class=\"elementor-widget-wrap elementor-element-populated\">\n\t\t\t\t\t\t<div class=\"elementor-element elementor-element-350271e elementor-widget elementor-widget-image\" data-id=\"350271e\" data-element_type=\"widget\" data-widget_type=\"image.default\">\n\t\t\t\t<div class=\"elementor-widget-container\">\n\t\t\t\t\t\t\t\t\t\t\t\t\t\t\t<img decoding=\"async\" width=\"724\" height=\"1024\" src=\"https:\/\/richeskarayib.com\/wp-content\/uploads\/2025\/11\/Dossier-de-Presse-ALEFPA-Caraibe_page-0005-724x1024.jpg\" class=\"attachment-large size-large wp-image-64171\" alt=\"ALEFPA\" srcset=\"https:\/\/richeskarayib.com\/wp-content\/uploads\/2025\/11\/Dossier-de-Presse-ALEFPA-Caraibe_page-0005-724x1024.jpg 724w, https:\/\/richeskarayib.com\/wp-content\/uploads\/2025\/11\/Dossier-de-Presse-ALEFPA-Caraibe_page-0005-212x300.jpg 212w, https:\/\/richeskarayib.com\/wp-content\/uploads\/2025\/11\/Dossier-de-Presse-ALEFPA-Caraibe_page-0005-768x1086.jpg 768w, https:\/\/richeskarayib.com\/wp-content\/uploads\/2025\/11\/Dossier-de-Presse-ALEFPA-Caraibe_page-0005-1086x1536.jpg 1086w, https:\/\/richeskarayib.com\/wp-content\/uploads\/2025\/11\/Dossier-de-Presse-ALEFPA-Caraibe_page-0005.jpg 1241w\" sizes=\"(max-width: 724px) 100vw, 724px\" \/>\t\t\t\t\t\t\t\t\t\t\t\t\t\t\t<\/div>\n\t\t\t\t<\/div>\n\t\t\t\t\t<\/div>\n\t\t<\/div>\n\t\t\t\t\t<\/div>\n\t\t<\/section>\n\t\t\t\t<section class=\"elementor-section elementor-inner-section elementor-element elementor-element-c582330 elementor-section-boxed elementor-section-height-default elementor-section-height-default\" data-id=\"c582330\" data-element_type=\"section\">\n\t\t\t\t\t\t<div class=\"elementor-container elementor-column-gap-default\">\n\t\t\t\t\t\t<\/div>\n\t\t<\/section>\n\t\t\t\t<section class=\"elementor-section elementor-inner-section elementor-element elementor-element-296603a elementor-section-boxed elementor-section-height-default elementor-section-height-default\" data-id=\"296603a\" data-element_type=\"section\">\n\t\t\t\t\t\t<div class=\"elementor-container elementor-column-gap-default\">\n\t\t\t\t\t\t<\/div>\n\t\t<\/section>\n\t\t\t\t\t<\/div>\n\t\t<\/div>\n\t\t\t\t\t<\/div>\n\t\t<\/section>\n\t\t\t\t<section class=\"elementor-section elementor-top-section elementor-element elementor-element-5a7397d elementor-section-boxed elementor-section-height-default elementor-section-height-default\" data-id=\"5a7397d\" data-element_type=\"section\">\n\t\t\t\t\t\t<div class=\"elementor-container elementor-column-gap-default\">\n\t\t\t\t\t<div class=\"elementor-column elementor-col-100 elementor-top-column elementor-element elementor-element-8b33b4b\" data-id=\"8b33b4b\" data-element_type=\"column\">\n\t\t\t<div class=\"elementor-widget-wrap elementor-element-populated\">\n\t\t\t\t\t\t<div class=\"elementor-element elementor-element-89dac4b elementor-widget elementor-widget-heading\" data-id=\"89dac4b\" data-element_type=\"widget\" data-widget_type=\"heading.default\">\n\t\t\t\t<div class=\"elementor-widget-container\">\n\t\t\t\t\t<h2 class=\"elementor-heading-title elementor-size-default\">Reforzar los lazos sociales<\/h2>\t\t\t\t<\/div>\n\t\t\t\t<\/div>\n\t\t\t\t<div class=\"elementor-element elementor-element-43a45ac elementor-widget elementor-widget-text-editor\" data-id=\"43a45ac\" data-element_type=\"widget\" data-widget_type=\"text-editor.default\">\n\t\t\t\t<div class=\"elementor-widget-container\">\n\t\t\t\t\t\t\t\t\t<p><span style=\"font-weight: 400;\">28 y 29 de octubre de 2025, <\/span><b>ALEFPA<\/b><span style=\"font-weight: 400;\"> organiz\u00f3 dos grandes jornadas en <a href=\"https:\/\/richeskarayib.com\/es\/martinica-jose-privat-galardonado-con-el-trophee-barel-coppet-se-espera-un-homenaje-en-fort-de-france\/\" target=\"_blank\" rel=\"noopener\">Martinica<\/a>, marcadas por la visita del Presidente Daniel Dubois y del Director General Olivier Baron.<\/span><\/p>\n<p><span style=\"font-weight: 400;\">El 28 de octubre, los representantes visitaron el <\/span><b>Servicio Mandatario Judicial de Protecci\u00f3n de Menores (SMJPM)<\/b><span style=\"font-weight: 400;\">  en Fort-de-France. La reuni\u00f3n brind\u00f3 la oportunidad de poner de relieve el trabajo de los equipos locales que apoyan a los adultos vulnerables en sus asuntos jur\u00eddicos, sociales y humanos. <\/span><\/p>\t\t\t\t\t\t\t\t<\/div>\n\t\t\t\t<\/div>\n\t\t\t\t<div class=\"elementor-element elementor-element-ff8c81b elementor-widget elementor-widget-text-editor\" data-id=\"ff8c81b\" data-element_type=\"widget\" data-widget_type=\"text-editor.default\">\n\t\t\t\t<div class=\"elementor-widget-container\">\n\t\t\t\t\t\t\t\t\t<p><span style=\"font-weight: 400;\">Al d\u00eda siguiente, <\/span><b>ALEFPA<\/b><span style=\"font-weight: 400;\"> y la <\/span><b>Sociedad Inmobiliaria de Martinica (SIMAR)<\/b><span style=\"font-weight: 400;\">  firm\u00f3 un acuerdo APL Foyer en Sch\u0153lcher para desarrollar nuevas soluciones de vivienda social e integradora. La asociaci\u00f3n se dirige a personas mayores, discapacitadas o que viven en condiciones muy precarias, y forma parte del programa nacional   <\/span><b>IDRA<\/b><span style=\"font-weight: 400;\">con el apoyo de la <\/span><b>Caja Nacional de Solidaridad para la Autonom\u00eda (CNSA)<\/b><span style=\"font-weight: 400;\"> y la <\/span><b>Caja Nacional de Seguros de Vejez (CNAV)<\/b><span style=\"font-weight: 400;\">.<\/span><\/p>\t\t\t\t\t\t\t\t<\/div>\n\t\t\t\t<\/div>\n\t\t\t\t<div class=\"elementor-element elementor-element-1624423 elementor-widget elementor-widget-text-editor\" data-id=\"1624423\" data-element_type=\"widget\" data-widget_type=\"text-editor.default\">\n\t\t\t\t<div class=\"elementor-widget-container\">\n\t\t\t\t\t\t\t\t\t<p><span style=\"font-weight: 400;\">&#8220;Estas dos jornadas simbolizan nuestra voluntad de situar el trabajo de ALEFPA a largo plazo. <\/span><b>ALEFPA<\/b><span style=\"font-weight: 400;\"> en las realidades de Martinica, junto a las instituciones y los agentes sociales de la regi\u00f3n&#8221;, declar\u00f3 Daniel Dubois.<\/span><\/p>\n<p><span style=\"font-weight: 400;\">&#8220;Trabajamos con nuestros socios para garantizar que toda persona vulnerable tenga acceso a una vivienda digna y a un apoyo adecuado&#8221;, a\u00f1adi\u00f3 Olivier Baron.<\/span><\/p>\t\t\t\t\t\t\t\t<\/div>\n\t\t\t\t<\/div>\n\t\t\t\t<section class=\"elementor-section elementor-inner-section elementor-element elementor-element-39e9705 elementor-section-boxed elementor-section-height-default elementor-section-height-default\" data-id=\"39e9705\" data-element_type=\"section\">\n\t\t\t\t\t\t<div class=\"elementor-container elementor-column-gap-default\">\n\t\t\t\t\t<div class=\"elementor-column elementor-col-100 elementor-inner-column elementor-element elementor-element-e259a96\" data-id=\"e259a96\" data-element_type=\"column\">\n\t\t\t<div class=\"elementor-widget-wrap elementor-element-populated\">\n\t\t\t\t\t\t<div class=\"elementor-element elementor-element-f29fe19 elementor-widget elementor-widget-image\" data-id=\"f29fe19\" data-element_type=\"widget\" data-widget_type=\"image.default\">\n\t\t\t\t<div class=\"elementor-widget-container\">\n\t\t\t\t\t\t\t\t\t\t\t\t<figure class=\"wp-caption\">\n\t\t\t\t\t\t\t\t\t\t<img decoding=\"async\" width=\"800\" height=\"600\" src=\"https:\/\/richeskarayib.com\/wp-content\/uploads\/2025\/11\/\u00a9ALEFPA-1024x768.jpg\" class=\"attachment-large size-large wp-image-64191\" alt=\"ALEFPA\" srcset=\"https:\/\/richeskarayib.com\/wp-content\/uploads\/2025\/11\/\u00a9ALEFPA-1024x768.jpg 1024w, https:\/\/richeskarayib.com\/wp-content\/uploads\/2025\/11\/\u00a9ALEFPA-300x225.jpg 300w, https:\/\/richeskarayib.com\/wp-content\/uploads\/2025\/11\/\u00a9ALEFPA-768x576.jpg 768w, https:\/\/richeskarayib.com\/wp-content\/uploads\/2025\/11\/\u00a9ALEFPA-1536x1152.jpg 1536w, https:\/\/richeskarayib.com\/wp-content\/uploads\/2025\/11\/\u00a9ALEFPA-1320x990.jpg 1320w, https:\/\/richeskarayib.com\/wp-content\/uploads\/2025\/11\/\u00a9ALEFPA.jpg 1920w\" sizes=\"(max-width: 800px) 100vw, 800px\" \/>\t\t\t\t\t\t\t\t\t\t\t<figcaption class=\"widget-image-caption wp-caption-text\">\u00a9ALEFPA<\/figcaption>\n\t\t\t\t\t\t\t\t\t\t<\/figure>\n\t\t\t\t\t\t\t\t\t<\/div>\n\t\t\t\t<\/div>\n\t\t\t\t\t<\/div>\n\t\t<\/div>\n\t\t\t\t\t<\/div>\n\t\t<\/section>\n\t\t\t\t\t<\/div>\n\t\t<\/div>\n\t\t\t\t\t<\/div>\n\t\t<\/section>\n\t\t\t\t<section class=\"elementor-section elementor-top-section elementor-element elementor-element-ceca32c elementor-section-boxed elementor-section-height-default elementor-section-height-default\" data-id=\"ceca32c\" data-element_type=\"section\">\n\t\t\t\t\t\t<div class=\"elementor-container elementor-column-gap-default\">\n\t\t\t\t\t<div class=\"elementor-column elementor-col-100 elementor-top-column elementor-element elementor-element-5a2e383\" data-id=\"5a2e383\" data-element_type=\"column\">\n\t\t\t<div class=\"elementor-widget-wrap elementor-element-populated\">\n\t\t\t\t\t\t<div class=\"elementor-element elementor-element-6cedf5f elementor-widget elementor-widget-heading\" data-id=\"6cedf5f\" data-element_type=\"widget\" data-widget_type=\"heading.default\">\n\t\t\t\t<div class=\"elementor-widget-container\">\n\t\t\t\t\t<h2 class=\"elementor-heading-title elementor-size-default\">Lakou Rosannie Soleil, s\u00edmbolo de la vivienda compartida<\/h2>\t\t\t\t<\/div>\n\t\t\t\t<\/div>\n\t\t\t\t<div class=\"elementor-element elementor-element-e93d1fb elementor-widget elementor-widget-text-editor\" data-id=\"e93d1fb\" data-element_type=\"widget\" data-widget_type=\"text-editor.default\">\n\t\t\t\t<div class=\"elementor-widget-container\">\n\t\t\t\t\t\t\t\t\t<p><span style=\"font-weight: 400;\">En Fort-de-France, el <\/span><b>Lakou Rosannie Soleil<\/b><span style=\"font-weight: 400;\"> ilustra esta filosof\u00eda caribe\u00f1a de solidaridad pr\u00e1ctica.<\/span><span style=\"font-weight: 400;\"><br><\/span><span style=\"font-weight: 400;\"> Propiedad de SIMAR y gestionado por <\/span><b>ALEFPA<\/b><span style=\"font-weight: 400;\">El centro, propiedad de SIMAR y gestionado por ALEFPA, alberga 57 viviendas, entre ellas un albergue y centro de reinserci\u00f3n social, una casa de acogida y un albergue.<\/span><span style=\"font-weight: 400;\"><br><\/span><span style=\"font-weight: 400;\"> La palabra <\/span><i><span style=\"font-weight: 400;\">lakou<\/span><\/i><span style=\"font-weight: 400;\"> &#8211; el patio compartido de las casas criollas- adquiere aqu\u00ed todo su significado: un espacio colectivo donde la ayuda mutua estructura la vida cotidiana.<\/span><\/p>\n<p><span style=\"font-weight: 400;\">Dos nuevas <\/span><b>residencias de vida independiente ALEFPA<\/b><span style=\"font-weight: 400;\"> tambi\u00e9n se abrir\u00e1n en Martinica de aqu\u00ed a 2026-2027, continuando el enfoque integrador ya en marcha en Reuni\u00f3n.<\/span><\/p>\t\t\t\t\t\t\t\t<\/div>\n\t\t\t\t<\/div>\n\t\t\t\t<section class=\"elementor-section elementor-inner-section elementor-element elementor-element-c08bfcd elementor-section-boxed elementor-section-height-default elementor-section-height-default\" data-id=\"c08bfcd\" data-element_type=\"section\">\n\t\t\t\t\t\t<div class=\"elementor-container elementor-column-gap-default\">\n\t\t\t\t\t<div class=\"elementor-column elementor-col-100 elementor-inner-column elementor-element elementor-element-56077a2\" data-id=\"56077a2\" data-element_type=\"column\">\n\t\t\t<div class=\"elementor-widget-wrap elementor-element-populated\">\n\t\t\t\t\t\t<div class=\"elementor-element elementor-element-b8dc760 elementor-widget elementor-widget-image\" data-id=\"b8dc760\" data-element_type=\"widget\" data-widget_type=\"image.default\">\n\t\t\t\t<div class=\"elementor-widget-container\">\n\t\t\t\t\t\t\t\t\t\t\t\t\t\t\t<img loading=\"lazy\" decoding=\"async\" width=\"634\" height=\"353\" src=\"https:\/\/richeskarayib.com\/wp-content\/uploads\/2025\/11\/2025-11-04_14h45_41.png\" class=\"attachment-large size-large wp-image-64175\" alt=\"ALEFPA\" srcset=\"https:\/\/richeskarayib.com\/wp-content\/uploads\/2025\/11\/2025-11-04_14h45_41.png 634w, https:\/\/richeskarayib.com\/wp-content\/uploads\/2025\/11\/2025-11-04_14h45_41-300x167.png 300w\" sizes=\"(max-width: 634px) 100vw, 634px\" \/>\t\t\t\t\t\t\t\t\t\t\t\t\t\t\t<\/div>\n\t\t\t\t<\/div>\n\t\t\t\t\t<\/div>\n\t\t<\/div>\n\t\t\t\t\t<\/div>\n\t\t<\/section>\n\t\t\t\t\t<\/div>\n\t\t<\/div>\n\t\t\t\t\t<\/div>\n\t\t<\/section>\n\t\t\t\t<section class=\"elementor-section elementor-top-section elementor-element elementor-element-9c88a89 elementor-section-boxed elementor-section-height-default elementor-section-height-default\" data-id=\"9c88a89\" data-element_type=\"section\">\n\t\t\t\t\t\t<div class=\"elementor-container elementor-column-gap-default\">\n\t\t\t\t\t<div class=\"elementor-column elementor-col-100 elementor-top-column elementor-element elementor-element-78cf5d1\" data-id=\"78cf5d1\" data-element_type=\"column\">\n\t\t\t<div class=\"elementor-widget-wrap elementor-element-populated\">\n\t\t\t\t\t\t<div class=\"elementor-element elementor-element-ea2a5c1 elementor-widget elementor-widget-heading\" data-id=\"ea2a5c1\" data-element_type=\"widget\" data-widget_type=\"heading.default\">\n\t\t\t\t<div class=\"elementor-widget-container\">\n\t\t\t\t\t<h2 class=\"elementor-heading-title elementor-size-default\">Un contexto social exigente y respuestas locales<\/h2>\t\t\t\t<\/div>\n\t\t\t\t<\/div>\n\t\t\t\t<div class=\"elementor-element elementor-element-e305eee elementor-widget elementor-widget-text-editor\" data-id=\"e305eee\" data-element_type=\"widget\" data-widget_type=\"text-editor.default\">\n\t\t\t\t<div class=\"elementor-widget-container\">\n\t\t\t\t\t\t\t\t\t<p><span style=\"font-weight: 400;\">En Martinica, casi un tercio de la poblaci\u00f3n vive por debajo del umbral de pobreza, y las dificultades de acceso a la vivienda afectan especialmente a los pensionistas con rentas bajas, a las personas con discapacidad y a las familias en situaci\u00f3n muy precaria.<\/span><span style=\"font-weight: 400;\"><br><\/span><span style=\"font-weight: 400;\"> Ante esta situaci\u00f3n <\/span><b>ALEFPA<\/b><span style=\"font-weight: 400;\"> colabora estrechamente con las autoridades locales, la<\/span><b>Agencia Regional de Salud (ARS)<\/b><span style=\"font-weight: 400;\">la <\/span><b>Caja de Asignaciones Familiares (CAF)<\/b><span style=\"font-weight: 400;\">la <\/span><b>Direcci\u00f3n Regional de Econom\u00eda, Empleo, Trabajo y Solidaridad (DREETS)<\/b><span style=\"font-weight: 400;\"> y los arrendadores sociales.<\/span><span style=\"font-weight: 400;\"><br><\/span><span style=\"font-weight: 400;\"> Su gobernanza incluye a directores de los departamentos y territorios franceses de ultramar, lo que garantiza que sus acciones se ajusten a las necesidades locales.<\/span><\/p>\t\t\t\t\t\t\t\t<\/div>\n\t\t\t\t<\/div>\n\t\t\t\t\t<\/div>\n\t\t<\/div>\n\t\t\t\t\t<\/div>\n\t\t<\/section>\n\t\t\t\t<section class=\"elementor-section elementor-top-section elementor-element elementor-element-103aced elementor-section-boxed elementor-section-height-default elementor-section-height-default\" data-id=\"103aced\" data-element_type=\"section\">\n\t\t\t\t\t\t<div class=\"elementor-container elementor-column-gap-default\">\n\t\t\t\t\t<div class=\"elementor-column elementor-col-100 elementor-top-column elementor-element elementor-element-e34f9f4\" data-id=\"e34f9f4\" data-element_type=\"column\">\n\t\t\t<div class=\"elementor-widget-wrap elementor-element-populated\">\n\t\t\t\t\t\t<div class=\"elementor-element elementor-element-c643e86 elementor-widget elementor-widget-heading\" data-id=\"c643e86\" data-element_type=\"widget\" data-widget_type=\"heading.default\">\n\t\t\t\t<div class=\"elementor-widget-container\">\n\t\t\t\t\t<h2 class=\"elementor-heading-title elementor-size-default\">Inclusi\u00f3n y creatividad en Guadalupe y San Mart\u00edn\n<\/h2>\t\t\t\t<\/div>\n\t\t\t\t<\/div>\n\t\t\t\t<div class=\"elementor-element elementor-element-f783f1a elementor-widget elementor-widget-text-editor\" data-id=\"f783f1a\" data-element_type=\"widget\" data-widget_type=\"text-editor.default\">\n\t\t\t\t<div class=\"elementor-widget-container\">\n\t\t\t\t\t\t\t\t\t<p><span style=\"font-weight: 400;\">En Guadalupe, la solidaridad se cultiva literalmente: el<\/span><b>Establecimiento y Servicio de Ayuda al Trabajo (ESAT)<\/b><span style=\"font-weight: 400;\"> La Ravine Bleue de Pointe-Noire ha puesto en marcha un <\/span><b>huerto acuap\u00f3nico<\/b><span style=\"font-weight: 400;\">en colaboraci\u00f3n con la asociaci\u00f3n <\/span><b>El Efecto Papillon<\/b><span style=\"font-weight: 400;\">.<\/span><span style=\"font-weight: 400;\"><br><\/span><span style=\"font-weight: 400;\"> Los trabajadores discapacitados aprenden a producir de otra manera, respetando la naturaleza y la econom\u00eda circular.<\/span><\/p>\n<p><span style=\"font-weight: 400;\">En Saint-Martin, el trabajo de <\/span><b>ALEFPA<\/b><span style=\"font-weight: 400;\">  se extiende a la prevenci\u00f3n y la sensibilizaci\u00f3n. La artista Esy Kennenga habl\u00f3 a los j\u00f3venes sobre la violencia contra las mujeres, ilustrando el v\u00ednculo entre cultura, educaci\u00f3n e inclusi\u00f3n. <\/span><\/p>\t\t\t\t\t\t\t\t<\/div>\n\t\t\t\t<\/div>\n\t\t\t\t\t<\/div>\n\t\t<\/div>\n\t\t\t\t\t<\/div>\n\t\t<\/section>\n\t\t\t\t<section class=\"elementor-section elementor-top-section elementor-element elementor-element-23ed11f elementor-section-boxed elementor-section-height-default elementor-section-height-default\" data-id=\"23ed11f\" data-element_type=\"section\">\n\t\t\t\t\t\t<div class=\"elementor-container elementor-column-gap-default\">\n\t\t\t\t\t<div class=\"elementor-column elementor-col-100 elementor-top-column elementor-element elementor-element-9e160dd\" data-id=\"9e160dd\" data-element_type=\"column\">\n\t\t\t<div class=\"elementor-widget-wrap elementor-element-populated\">\n\t\t\t\t\t\t<div class=\"elementor-element elementor-element-7ab3718 elementor-widget elementor-widget-heading\" data-id=\"7ab3718\" data-element_type=\"widget\" data-widget_type=\"heading.default\">\n\t\t\t\t<div class=\"elementor-widget-container\">\n\t\t\t\t\t<h2 class=\"elementor-heading-title elementor-size-default\">Marie-Galante: garantizar la continuidad m\u00e9dica y social<\/h2>\t\t\t\t<\/div>\n\t\t\t\t<\/div>\n\t\t\t\t<div class=\"elementor-element elementor-element-0bbe05d elementor-widget elementor-widget-text-editor\" data-id=\"0bbe05d\" data-element_type=\"widget\" data-widget_type=\"text-editor.default\">\n\t\t\t\t<div class=\"elementor-widget-container\">\n\t\t\t\t\t\t\t\t\t<p><span style=\"font-weight: 400;\">Otro hito de 2025: la toma de posesi\u00f3n de la<\/span><b>Asociaci\u00f3n de Padres y Amigos de Ni\u00f1os Discapacitados (APAEI)<\/b><span style=\"font-weight: 400;\"> de Marie-Galante por <\/span><b>ALEFPA<\/b><span style=\"font-weight: 400;\">confirmada por el tribunal de Pointe-\u00e0-Pitre el 22 de agosto de 2025.<\/span><span style=\"font-weight: 400;\"><br><\/span><span style=\"font-weight: 400;\"> Esta decisi\u00f3n permiti\u00f3 mantener 73 puestos de trabajo y garantizar la continuidad del apoyo m\u00e9dico y social, con el apoyo de la ARS y las autoridades locales.<\/span><span style=\"font-weight: 400;\"><br><\/span><span style=\"font-weight: 400;\"> Un enfoque responsable y humano, fiel a la vocaci\u00f3n de <\/span><b>ALEFPA<\/b><span style=\"font-weight: 400;\"> de ALEFPA: no romper nunca el v\u00ednculo con los m\u00e1s vulnerables.<\/span><\/p>\t\t\t\t\t\t\t\t<\/div>\n\t\t\t\t<\/div>\n\t\t\t\t<section class=\"elementor-section elementor-inner-section elementor-element elementor-element-51e4b99 elementor-section-boxed elementor-section-height-default elementor-section-height-default\" data-id=\"51e4b99\" data-element_type=\"section\">\n\t\t\t\t\t\t<div class=\"elementor-container elementor-column-gap-default\">\n\t\t\t\t\t<div class=\"elementor-column elementor-col-33 elementor-inner-column elementor-element elementor-element-80a834c\" data-id=\"80a834c\" data-element_type=\"column\">\n\t\t\t<div class=\"elementor-widget-wrap elementor-element-populated\">\n\t\t\t\t\t\t<div class=\"elementor-element elementor-element-5a1c19a elementor-widget elementor-widget-image\" data-id=\"5a1c19a\" data-element_type=\"widget\" data-widget_type=\"image.default\">\n\t\t\t\t<div class=\"elementor-widget-container\">\n\t\t\t\t\t\t\t\t\t\t\t\t\t\t\t<img loading=\"lazy\" decoding=\"async\" width=\"724\" height=\"1024\" src=\"https:\/\/richeskarayib.com\/wp-content\/uploads\/2025\/11\/Dossier-de-Presse-ALEFPA-Caraibe_page-0006-724x1024.jpg\" class=\"attachment-large size-large wp-image-64179\" alt=\"ALEFPA\" srcset=\"https:\/\/richeskarayib.com\/wp-content\/uploads\/2025\/11\/Dossier-de-Presse-ALEFPA-Caraibe_page-0006-724x1024.jpg 724w, https:\/\/richeskarayib.com\/wp-content\/uploads\/2025\/11\/Dossier-de-Presse-ALEFPA-Caraibe_page-0006-212x300.jpg 212w, https:\/\/richeskarayib.com\/wp-content\/uploads\/2025\/11\/Dossier-de-Presse-ALEFPA-Caraibe_page-0006-768x1086.jpg 768w, https:\/\/richeskarayib.com\/wp-content\/uploads\/2025\/11\/Dossier-de-Presse-ALEFPA-Caraibe_page-0006-1086x1536.jpg 1086w, https:\/\/richeskarayib.com\/wp-content\/uploads\/2025\/11\/Dossier-de-Presse-ALEFPA-Caraibe_page-0006.jpg 1241w\" sizes=\"(max-width: 724px) 100vw, 724px\" \/>\t\t\t\t\t\t\t\t\t\t\t\t\t\t\t<\/div>\n\t\t\t\t<\/div>\n\t\t\t\t\t<\/div>\n\t\t<\/div>\n\t\t\t\t<div class=\"elementor-column elementor-col-33 elementor-inner-column elementor-element elementor-element-c94edc8\" data-id=\"c94edc8\" data-element_type=\"column\">\n\t\t\t<div class=\"elementor-widget-wrap elementor-element-populated\">\n\t\t\t\t\t\t<div class=\"elementor-element elementor-element-d79c136 elementor-widget elementor-widget-image\" data-id=\"d79c136\" data-element_type=\"widget\" data-widget_type=\"image.default\">\n\t\t\t\t<div class=\"elementor-widget-container\">\n\t\t\t\t\t\t\t\t\t\t\t\t\t\t\t<img loading=\"lazy\" decoding=\"async\" width=\"724\" height=\"1024\" src=\"https:\/\/richeskarayib.com\/wp-content\/uploads\/2025\/11\/Dossier-de-Presse-ALEFPA-Caraibe_page-0007-724x1024.jpg\" class=\"attachment-large size-large wp-image-64183\" alt=\"ALEFPA\" srcset=\"https:\/\/richeskarayib.com\/wp-content\/uploads\/2025\/11\/Dossier-de-Presse-ALEFPA-Caraibe_page-0007-724x1024.jpg 724w, https:\/\/richeskarayib.com\/wp-content\/uploads\/2025\/11\/Dossier-de-Presse-ALEFPA-Caraibe_page-0007-212x300.jpg 212w, https:\/\/richeskarayib.com\/wp-content\/uploads\/2025\/11\/Dossier-de-Presse-ALEFPA-Caraibe_page-0007-768x1086.jpg 768w, https:\/\/richeskarayib.com\/wp-content\/uploads\/2025\/11\/Dossier-de-Presse-ALEFPA-Caraibe_page-0007-1086x1536.jpg 1086w, https:\/\/richeskarayib.com\/wp-content\/uploads\/2025\/11\/Dossier-de-Presse-ALEFPA-Caraibe_page-0007.jpg 1241w\" sizes=\"(max-width: 724px) 100vw, 724px\" \/>\t\t\t\t\t\t\t\t\t\t\t\t\t\t\t<\/div>\n\t\t\t\t<\/div>\n\t\t\t\t\t<\/div>\n\t\t<\/div>\n\t\t\t\t<div class=\"elementor-column elementor-col-33 elementor-inner-column elementor-element elementor-element-ff1a3a7\" data-id=\"ff1a3a7\" data-element_type=\"column\">\n\t\t\t<div class=\"elementor-widget-wrap elementor-element-populated\">\n\t\t\t\t\t\t<div class=\"elementor-element elementor-element-09bde35 elementor-widget elementor-widget-image\" data-id=\"09bde35\" data-element_type=\"widget\" data-widget_type=\"image.default\">\n\t\t\t\t<div class=\"elementor-widget-container\">\n\t\t\t\t\t\t\t\t\t\t\t\t\t\t\t<img loading=\"lazy\" decoding=\"async\" width=\"724\" height=\"1024\" src=\"https:\/\/richeskarayib.com\/wp-content\/uploads\/2025\/11\/Dossier-de-Presse-ALEFPA-Caraibe_page-0008-724x1024.jpg\" class=\"attachment-large size-large wp-image-64187\" alt=\"ALEFPA\" srcset=\"https:\/\/richeskarayib.com\/wp-content\/uploads\/2025\/11\/Dossier-de-Presse-ALEFPA-Caraibe_page-0008-724x1024.jpg 724w, https:\/\/richeskarayib.com\/wp-content\/uploads\/2025\/11\/Dossier-de-Presse-ALEFPA-Caraibe_page-0008-212x300.jpg 212w, https:\/\/richeskarayib.com\/wp-content\/uploads\/2025\/11\/Dossier-de-Presse-ALEFPA-Caraibe_page-0008-768x1086.jpg 768w, https:\/\/richeskarayib.com\/wp-content\/uploads\/2025\/11\/Dossier-de-Presse-ALEFPA-Caraibe_page-0008-1086x1536.jpg 1086w, https:\/\/richeskarayib.com\/wp-content\/uploads\/2025\/11\/Dossier-de-Presse-ALEFPA-Caraibe_page-0008.jpg 1241w\" sizes=\"(max-width: 724px) 100vw, 724px\" \/>\t\t\t\t\t\t\t\t\t\t\t\t\t\t\t<\/div>\n\t\t\t\t<\/div>\n\t\t\t\t\t<\/div>\n\t\t<\/div>\n\t\t\t\t\t<\/div>\n\t\t<\/section>\n\t\t\t\t\t<\/div>\n\t\t<\/div>\n\t\t\t\t\t<\/div>\n\t\t<\/section>\n\t\t\t\t<section class=\"elementor-section elementor-top-section elementor-element elementor-element-c9d5708 elementor-section-boxed elementor-section-height-default elementor-section-height-default\" data-id=\"c9d5708\" data-element_type=\"section\">\n\t\t\t\t\t\t<div class=\"elementor-container elementor-column-gap-default\">\n\t\t\t\t\t<div class=\"elementor-column elementor-col-100 elementor-top-column elementor-element elementor-element-f856576\" data-id=\"f856576\" data-element_type=\"column\">\n\t\t\t<div class=\"elementor-widget-wrap elementor-element-populated\">\n\t\t\t\t\t\t<div class=\"elementor-element elementor-element-0a4fc07 elementor-widget elementor-widget-heading\" data-id=\"0a4fc07\" data-element_type=\"widget\" data-widget_type=\"heading.default\">\n\t\t\t\t<div class=\"elementor-widget-container\">\n\t\t\t\t\t<h2 class=\"elementor-heading-title elementor-size-default\">Solidaridad sostenible y comprometida<\/h2>\t\t\t\t<\/div>\n\t\t\t\t<\/div>\n\t\t\t\t<div class=\"elementor-element elementor-element-7e16ad1 elementor-widget elementor-widget-text-editor\" data-id=\"7e16ad1\" data-element_type=\"widget\" data-widget_type=\"text-editor.default\">\n\t\t\t\t<div class=\"elementor-widget-container\">\n\t\t\t\t\t\t\t\t\t<p><span style=\"font-weight: 400;\">Comprometidos con <\/span><b>la Responsabilidad Social Corporativa (RSC)<\/b><span style=\"font-weight: 400;\">, <\/span><b>ALEFPA<\/b><span style=\"font-weight: 400;\"> combina inclusi\u00f3n social, respeto al medio ambiente e innovaci\u00f3n.<\/span><span style=\"font-weight: 400;\"><br><\/span><span style=\"font-weight: 400;\"> De Guadalupe a Martinica, sus iniciativas tejen una red de solidaridad sostenible donde los sectores social, sanitario y educativo se combinan para recrear v\u00ednculos.<\/span><\/p>\t\t\t\t\t\t\t\t<\/div>\n\t\t\t\t<\/div>\n\t\t\t\t\t<\/div>\n\t\t<\/div>\n\t\t\t\t\t<\/div>\n\t\t<\/section>\n\t\t\t\t<section class=\"elementor-section elementor-top-section elementor-element elementor-element-d3b84ec elementor-section-boxed elementor-section-height-default elementor-section-height-default\" data-id=\"d3b84ec\" data-element_type=\"section\">\n\t\t\t\t\t\t<div class=\"elementor-container elementor-column-gap-default\">\n\t\t\t\t\t<div class=\"elementor-column elementor-col-100 elementor-top-column elementor-element elementor-element-f46ae90\" data-id=\"f46ae90\" data-element_type=\"column\">\n\t\t\t<div class=\"elementor-widget-wrap elementor-element-populated\">\n\t\t\t\t\t\t<div class=\"elementor-element elementor-element-0044694 elementor-widget elementor-widget-text-editor\" data-id=\"0044694\" data-element_type=\"widget\" data-widget_type=\"text-editor.default\">\n\t\t\t\t<div class=\"elementor-widget-container\">\n\t\t\t\t\t\t\t\t\t<p><span style=\"font-weight: 400;\">A trav\u00e9s de estas acciones <\/span><b>ALEFPA<\/b><span style=\"font-weight: 400;\"> confirma que en el Caribe la solidaridad no es s\u00f3lo una palabra, sino una forma de vida.<\/span><span style=\"font-weight: 400;\"><br><\/span><span style=\"font-weight: 400;\"> En el <\/span><i><span style=\"font-weight: 400;\">lakou<\/span><\/i><span style=\"font-weight: 400;\">s, residencias, jardines y albergues, la asociaci\u00f3n contin\u00faa una tradici\u00f3n de cercan\u00eda y humanidad.<\/span><span style=\"font-weight: 400;\"><br><\/span><span style=\"font-weight: 400;\"> Es un compromiso discreto pero profundo, un recordatorio de que el Caribe se construye ante todo sobre el calor humano, el respeto y la confianza renovada.<\/span><\/p>\t\t\t\t\t\t\t\t<\/div>\n\t\t\t\t<\/div>\n\t\t\t\t<section class=\"elementor-section elementor-inner-section elementor-element elementor-element-c4ef7f3 elementor-section-boxed elementor-section-height-default elementor-section-height-default\" data-id=\"c4ef7f3\" data-element_type=\"section\">\n\t\t\t\t\t\t<div class=\"elementor-container elementor-column-gap-default\">\n\t\t\t\t\t<div class=\"elementor-column elementor-col-100 elementor-inner-column elementor-element elementor-element-85ebfff\" data-id=\"85ebfff\" data-element_type=\"column\">\n\t\t\t<div class=\"elementor-widget-wrap elementor-element-populated\">\n\t\t\t\t\t\t<div class=\"elementor-element elementor-element-db09671 elementor-widget elementor-widget-video\" data-id=\"db09671\" data-element_type=\"widget\" data-settings=\"{&quot;youtube_url&quot;:&quot;https:\\\/\\\/www.youtube.com\\\/watch?v=sIsN6p0wLWk&quot;,&quot;video_type&quot;:&quot;youtube&quot;,&quot;controls&quot;:&quot;yes&quot;}\" data-widget_type=\"video.default\">\n\t\t\t\t<div class=\"elementor-widget-container\">\n\t\t\t\t\t\t\t<div class=\"elementor-wrapper elementor-open-inline\">\n\t\t\t<div class=\"elementor-video\"><\/div>\t\t<\/div>\n\t\t\t\t\t\t<\/div>\n\t\t\t\t<\/div>\n\t\t\t\t\t<\/div>\n\t\t<\/div>\n\t\t\t\t\t<\/div>\n\t\t<\/section>\n\t\t\t\t\t<\/div>\n\t\t<\/div>\n\t\t\t\t\t<\/div>\n\t\t<\/section>\n\t\t\t\t<\/div>\n\t\t","protected":false},"excerpt":{"rendered":"<p>En Martinica, Guadalupe y San Mart\u00edn, la solidaridad sigue siendo una fuerza silenciosa. Se encarna en los gestos cotidianos, en la atenci\u00f3n prestada a los dem\u00e1s y en la convicci\u00f3n compartida de que ninguna vulnerabilidad es inevitable. Con este esp\u00edritu ALEFPA (Association La\u00efque pour l&#8217;\u00c9ducation, la Formation, la Pr\u00e9vention et l&#8217;Autonomie &#8211; Asociaci\u00f3n Laica para [&hellip;]<\/p>\n","protected":false},"author":662,"featured_media":64195,"comment_status":"open","ping_status":"open","sticky":false,"template":"","format":"standard","meta":{"_acf_changed":false,"footnotes":""},"categories":[839],"tags":[1547,816,1615],"class_list":["post-64197","post","type-post","status-publish","format-standard","has-post-thumbnail","hentry","category-noticias","tag-guadalupe","tag-martinique-es","tag-saint-martin-es"],"acf":[],"_links":{"self":[{"href":"https:\/\/richeskarayib.com\/es\/wp-json\/wp\/v2\/posts\/64197","targetHints":{"allow":["GET"]}}],"collection":[{"href":"https:\/\/richeskarayib.com\/es\/wp-json\/wp\/v2\/posts"}],"about":[{"href":"https:\/\/richeskarayib.com\/es\/wp-json\/wp\/v2\/types\/post"}],"author":[{"embeddable":true,"href":"https:\/\/richeskarayib.com\/es\/wp-json\/wp\/v2\/users\/662"}],"replies":[{"embeddable":true,"href":"https:\/\/richeskarayib.com\/es\/wp-json\/wp\/v2\/comments?post=64197"}],"version-history":[{"count":0,"href":"https:\/\/richeskarayib.com\/es\/wp-json\/wp\/v2\/posts\/64197\/revisions"}],"wp:featuredmedia":[{"embeddable":true,"href":"https:\/\/richeskarayib.com\/es\/wp-json\/wp\/v2\/media\/64195"}],"wp:attachment":[{"href":"https:\/\/richeskarayib.com\/es\/wp-json\/wp\/v2\/media?parent=64197"}],"wp:term":[{"taxonomy":"category","embeddable":true,"href":"https:\/\/richeskarayib.com\/es\/wp-json\/wp\/v2\/categories?post=64197"},{"taxonomy":"post_tag","embeddable":true,"href":"https:\/\/richeskarayib.com\/es\/wp-json\/wp\/v2\/tags?post=64197"}],"curies":[{"name":"wp","href":"https:\/\/api.w.org\/{rel}","templated":true}]}}