{"id":64572,"date":"2025-11-10T08:21:27","date_gmt":"2025-11-10T12:21:27","guid":{"rendered":"https:\/\/richeskarayib.com\/miss-francia-2026-las-30-candidatas-son-recibidas-en-martinica-en-un-ambiente-carnavalesco\/"},"modified":"2025-11-10T08:21:28","modified_gmt":"2025-11-10T12:21:28","slug":"miss-francia-2026-las-30-candidatas-son-recibidas-en-martinica-en-un-ambiente-carnavalesco","status":"publish","type":"post","link":"https:\/\/richeskarayib.com\/es\/miss-francia-2026-las-30-candidatas-son-recibidas-en-martinica-en-un-ambiente-carnavalesco\/","title":{"rendered":"Miss Francia 2026: las 30 candidatas son recibidas en Martinica en un ambiente carnavalesco"},"content":{"rendered":"\t\t<div data-elementor-type=\"wp-post\" data-elementor-id=\"64572\" class=\"elementor elementor-64572 elementor-64537\" data-elementor-post-type=\"post\">\n\t\t\t\t\t\t<section class=\"elementor-section elementor-top-section elementor-element elementor-element-7ca7ca1 elementor-section-boxed elementor-section-height-default elementor-section-height-default\" data-id=\"7ca7ca1\" data-element_type=\"section\">\n\t\t\t\t\t\t<div class=\"elementor-container elementor-column-gap-default\">\n\t\t\t\t\t<div class=\"elementor-column elementor-col-100 elementor-top-column elementor-element elementor-element-cbdd002\" data-id=\"cbdd002\" data-element_type=\"column\">\n\t\t\t<div class=\"elementor-widget-wrap elementor-element-populated\">\n\t\t\t\t\t\t<section class=\"elementor-section elementor-inner-section elementor-element elementor-element-bc94849 elementor-section-boxed elementor-section-height-default elementor-section-height-default\" data-id=\"bc94849\" data-element_type=\"section\">\n\t\t\t\t\t\t<div class=\"elementor-container elementor-column-gap-default\">\n\t\t\t\t\t\t<\/div>\n\t\t<\/section>\n\t\t\t\t<section class=\"elementor-section elementor-inner-section elementor-element elementor-element-61571e6 elementor-section-boxed elementor-section-height-default elementor-section-height-default\" data-id=\"61571e6\" data-element_type=\"section\">\n\t\t\t\t\t\t<div class=\"elementor-container elementor-column-gap-default\">\n\t\t\t\t\t\t<\/div>\n\t\t<\/section>\n\t\t\t\t<section class=\"elementor-section elementor-inner-section elementor-element elementor-element-b6262e0 elementor-section-boxed elementor-section-height-default elementor-section-height-default\" data-id=\"b6262e0\" data-element_type=\"section\">\n\t\t\t\t\t\t<div class=\"elementor-container elementor-column-gap-default\">\n\t\t\t\t\t\t<\/div>\n\t\t<\/section>\n\t\t\t\t<section class=\"elementor-section elementor-inner-section elementor-element elementor-element-cca29fd elementor-section-boxed elementor-section-height-default elementor-section-height-default\" data-id=\"cca29fd\" data-element_type=\"section\">\n\t\t\t\t\t\t<div class=\"elementor-container elementor-column-gap-default\">\n\t\t\t\t\t\t<\/div>\n\t\t<\/section>\n\t\t\t\t\t<\/div>\n\t\t<\/div>\n\t\t\t\t\t<\/div>\n\t\t<\/section>\n\t\t\t\t<section class=\"elementor-section elementor-top-section elementor-element elementor-element-82cd8f9 elementor-section-boxed elementor-section-height-default elementor-section-height-default\" data-id=\"82cd8f9\" data-element_type=\"section\">\n\t\t\t\t\t\t<div class=\"elementor-container elementor-column-gap-default\">\n\t\t\t\t\t<div class=\"elementor-column elementor-col-100 elementor-top-column elementor-element elementor-element-0bfdc38\" data-id=\"0bfdc38\" data-element_type=\"column\">\n\t\t\t<div class=\"elementor-widget-wrap elementor-element-populated\">\n\t\t\t\t\t\t<div class=\"elementor-element elementor-element-7d292fe elementor-widget elementor-widget-heading\" data-id=\"7d292fe\" data-element_type=\"widget\" data-widget_type=\"heading.default\">\n\t\t\t\t<div class=\"elementor-widget-container\">\n\t\t\t\t\t<h2 class=\"elementor-heading-title elementor-size-default\">El comienzo de una aventura en suelo criollo<\/h2>\t\t\t\t<\/div>\n\t\t\t\t<\/div>\n\t\t\t\t<div class=\"elementor-element elementor-element-96caf50 elementor-widget elementor-widget-text-editor\" data-id=\"96caf50\" data-element_type=\"widget\" data-widget_type=\"text-editor.default\">\n\t\t\t\t<div class=\"elementor-widget-container\">\n\t\t\t\t\t\t\t\t\t<p><span style=\"font-weight: 400;\">Antes de la gran noche del 6 de diciembre de 2025 en el Z\u00e9nith de Amiens, las 30 candidatas a <a href=\"https:\/\/www.miss-france.fr\/\" target=\"_blank\" rel=\"noopener nofollow\">Miss Francia 2026<\/a> comenzaron sus preparativos en Martinica. Salieron de Par\u00eds-Orly el 9 de noviembre a bordo de un vuelo Corsair, colaborador oficial del evento, y aterrizaron en Fort-de-France en un ambiente festivo y colorido. <\/span><span style=\"font-weight: 400;\"><br><\/span><span style=\"font-weight: 400;\">Tambores, danzas y ritmos carnavalescos acompa\u00f1aron su llegada al aeropuerto Aim\u00e9-C\u00e9saire, donde fueron recibidos por un p\u00fablico entusiasta y por las c\u00e1maras que hab\u00edan venido a inmortalizar esta primera etapa del concurso.<\/span><span style=\"font-weight: 400;\"><br><\/span><span style=\"font-weight: 400;\">  Este viaje preparatorio marca el lanzamiento oficial de Miss Francia 2026 y sit\u00faa a Martinica en el centro de la escena nacional.<\/span><\/p>\t\t\t\t\t\t\t\t<\/div>\n\t\t\t\t<\/div>\n\t\t\t\t<section class=\"elementor-section elementor-inner-section elementor-element elementor-element-c582330 elementor-section-boxed elementor-section-height-default elementor-section-height-default\" data-id=\"c582330\" data-element_type=\"section\">\n\t\t\t\t\t\t<div class=\"elementor-container elementor-column-gap-default\">\n\t\t\t\t\t\t<\/div>\n\t\t<\/section>\n\t\t\t\t<section class=\"elementor-section elementor-inner-section elementor-element elementor-element-296603a elementor-section-boxed elementor-section-height-default elementor-section-height-default\" data-id=\"296603a\" data-element_type=\"section\">\n\t\t\t\t\t\t<div class=\"elementor-container elementor-column-gap-default\">\n\t\t\t\t\t\t<\/div>\n\t\t<\/section>\n\t\t\t\t\t<\/div>\n\t\t<\/div>\n\t\t\t\t\t<\/div>\n\t\t<\/section>\n\t\t\t\t<section class=\"elementor-section elementor-top-section elementor-element elementor-element-5a7397d elementor-section-boxed elementor-section-height-default elementor-section-height-default\" data-id=\"5a7397d\" data-element_type=\"section\">\n\t\t\t\t\t\t<div class=\"elementor-container elementor-column-gap-default\">\n\t\t\t\t\t<div class=\"elementor-column elementor-col-100 elementor-top-column elementor-element elementor-element-8b33b4b\" data-id=\"8b33b4b\" data-element_type=\"column\">\n\t\t\t<div class=\"elementor-widget-wrap elementor-element-populated\">\n\t\t\t\t\t\t<div class=\"elementor-element elementor-element-89dac4b elementor-widget elementor-widget-heading\" data-id=\"89dac4b\" data-element_type=\"widget\" data-widget_type=\"heading.default\">\n\t\t\t\t<div class=\"elementor-widget-container\">\n\t\t\t\t\t<h2 class=\"elementor-heading-title elementor-size-default\">Martinica, escaparate cultural y activo estrat\u00e9gico<\/h2>\t\t\t\t<\/div>\n\t\t\t\t<\/div>\n\t\t\t\t<div class=\"elementor-element elementor-element-43a45ac elementor-widget elementor-widget-text-editor\" data-id=\"43a45ac\" data-element_type=\"widget\" data-widget_type=\"text-editor.default\">\n\t\t\t\t<div class=\"elementor-widget-container\">\n\t\t\t\t\t\t\t\t\t<p><span style=\"font-weight: 400;\">La elecci\u00f3n de Martinica para esta visita preparatoria no fue casual. Este territorio de ultramar ofrece un marco excepcional y una valiosa visibilidad, tanto para los candidatos como para la isla. <\/span><span style=\"font-weight: 400;\"><br><\/span><span style=\"font-weight: 400;\">  El comit\u00e9 de Miss Francia ha querido combinar esta edici\u00f3n de 2026 con una inmersi\u00f3n cultural completa: gastronom\u00eda criolla, tradiciones, lengua y patrimonio local figuran en el programa.<\/span><span style=\"font-weight: 400;\"><br><\/span><span style=\"font-weight: 400;\">  La presidenta del Comit\u00e9 de Turismo de Martinica lo calific\u00f3 de &#8220;gran momento para el destino&#8221;, recordando que Martinica hab\u00eda dado al pa\u00eds su primera Miss Francia de ultramar, Ang\u00e9lique Angarni-Filopon, en 2024 &#8211; 2025.<\/span><\/p>\t\t\t\t\t\t\t\t<\/div>\n\t\t\t\t<\/div>\n\t\t\t\t<section class=\"elementor-section elementor-inner-section elementor-element elementor-element-bb049b4 elementor-section-boxed elementor-section-height-default elementor-section-height-default\" data-id=\"bb049b4\" data-element_type=\"section\">\n\t\t\t\t\t\t<div class=\"elementor-container elementor-column-gap-default\">\n\t\t\t\t\t<div class=\"elementor-column elementor-col-33 elementor-inner-column elementor-element elementor-element-edb7b6d\" data-id=\"edb7b6d\" data-element_type=\"column\">\n\t\t\t<div class=\"elementor-widget-wrap elementor-element-populated\">\n\t\t\t\t\t\t<div class=\"elementor-element elementor-element-18e7456 elementor-widget elementor-widget-image\" data-id=\"18e7456\" data-element_type=\"widget\" data-widget_type=\"image.default\">\n\t\t\t\t<div class=\"elementor-widget-container\">\n\t\t\t\t\t\t\t\t\t\t\t\t<figure class=\"wp-caption\">\n\t\t\t\t\t\t\t\t\t\t<img fetchpriority=\"high\" decoding=\"async\" width=\"752\" height=\"501\" src=\"https:\/\/richeskarayib.com\/wp-content\/uploads\/2025\/11\/1-3.png\" class=\"attachment-large size-large wp-image-64553\" alt=\"miss France 2026 arrivee martinique\" srcset=\"https:\/\/richeskarayib.com\/wp-content\/uploads\/2025\/11\/1-3.png 752w, https:\/\/richeskarayib.com\/wp-content\/uploads\/2025\/11\/1-3-300x200.png 300w\" sizes=\"(max-width: 752px) 100vw, 752px\" \/>\t\t\t\t\t\t\t\t\t\t\t<figcaption class=\"widget-image-caption wp-caption-text\">\u00a9Marine Corviole \/ Parsi Match<\/figcaption>\n\t\t\t\t\t\t\t\t\t\t<\/figure>\n\t\t\t\t\t\t\t\t\t<\/div>\n\t\t\t\t<\/div>\n\t\t\t\t\t<\/div>\n\t\t<\/div>\n\t\t\t\t<div class=\"elementor-column elementor-col-33 elementor-inner-column elementor-element elementor-element-1ed0651\" data-id=\"1ed0651\" data-element_type=\"column\">\n\t\t\t<div class=\"elementor-widget-wrap elementor-element-populated\">\n\t\t\t\t\t\t<div class=\"elementor-element elementor-element-6d6de7f elementor-widget elementor-widget-image\" data-id=\"6d6de7f\" data-element_type=\"widget\" data-widget_type=\"image.default\">\n\t\t\t\t<div class=\"elementor-widget-container\">\n\t\t\t\t\t\t\t\t\t\t\t\t<figure class=\"wp-caption\">\n\t\t\t\t\t\t\t\t\t\t<img decoding=\"async\" width=\"752\" height=\"501\" src=\"https:\/\/richeskarayib.com\/wp-content\/uploads\/2025\/11\/2-3.png\" class=\"attachment-large size-large wp-image-64557\" alt=\"miss France 2026 arrivee martinique\" srcset=\"https:\/\/richeskarayib.com\/wp-content\/uploads\/2025\/11\/2-3.png 752w, https:\/\/richeskarayib.com\/wp-content\/uploads\/2025\/11\/2-3-300x200.png 300w\" sizes=\"(max-width: 752px) 100vw, 752px\" \/>\t\t\t\t\t\t\t\t\t\t\t<figcaption class=\"widget-image-caption wp-caption-text\">\u00a9LAURENT VU \/ SIPA<\/figcaption>\n\t\t\t\t\t\t\t\t\t\t<\/figure>\n\t\t\t\t\t\t\t\t\t<\/div>\n\t\t\t\t<\/div>\n\t\t\t\t\t<\/div>\n\t\t<\/div>\n\t\t\t\t<div class=\"elementor-column elementor-col-33 elementor-inner-column elementor-element elementor-element-5d15ce9\" data-id=\"5d15ce9\" data-element_type=\"column\">\n\t\t\t<div class=\"elementor-widget-wrap elementor-element-populated\">\n\t\t\t\t\t\t<div class=\"elementor-element elementor-element-254e302 elementor-widget elementor-widget-image\" data-id=\"254e302\" data-element_type=\"widget\" data-widget_type=\"image.default\">\n\t\t\t\t<div class=\"elementor-widget-container\">\n\t\t\t\t\t\t\t\t\t\t\t\t<figure class=\"wp-caption\">\n\t\t\t\t\t\t\t\t\t\t<img decoding=\"async\" width=\"800\" height=\"534\" src=\"https:\/\/richeskarayib.com\/wp-content\/uploads\/2025\/11\/4-2-1024x683.png\" class=\"attachment-large size-large wp-image-64561\" alt=\"miss France 2026 arrivee martinique\" srcset=\"https:\/\/richeskarayib.com\/wp-content\/uploads\/2025\/11\/4-2-1024x683.png 1024w, https:\/\/richeskarayib.com\/wp-content\/uploads\/2025\/11\/4-2-300x200.png 300w, https:\/\/richeskarayib.com\/wp-content\/uploads\/2025\/11\/4-2-768x512.png 768w, https:\/\/richeskarayib.com\/wp-content\/uploads\/2025\/11\/4-2-1320x880.png 1320w, https:\/\/richeskarayib.com\/wp-content\/uploads\/2025\/11\/4-2.png 1440w\" sizes=\"(max-width: 800px) 100vw, 800px\" \/>\t\t\t\t\t\t\t\t\t\t\t<figcaption class=\"widget-image-caption wp-caption-text\">\u00a9Miss France Actu<\/figcaption>\n\t\t\t\t\t\t\t\t\t\t<\/figure>\n\t\t\t\t\t\t\t\t\t<\/div>\n\t\t\t\t<\/div>\n\t\t\t\t\t<\/div>\n\t\t<\/div>\n\t\t\t\t\t<\/div>\n\t\t<\/section>\n\t\t\t\t\t<\/div>\n\t\t<\/div>\n\t\t\t\t\t<\/div>\n\t\t<\/section>\n\t\t\t\t<section class=\"elementor-section elementor-top-section elementor-element elementor-element-ceca32c elementor-section-boxed elementor-section-height-default elementor-section-height-default\" data-id=\"ceca32c\" data-element_type=\"section\">\n\t\t\t\t\t\t<div class=\"elementor-container elementor-column-gap-default\">\n\t\t\t\t\t<div class=\"elementor-column elementor-col-100 elementor-top-column elementor-element elementor-element-5a2e383\" data-id=\"5a2e383\" data-element_type=\"column\">\n\t\t\t<div class=\"elementor-widget-wrap elementor-element-populated\">\n\t\t\t\t\t\t<div class=\"elementor-element elementor-element-6cedf5f elementor-widget elementor-widget-heading\" data-id=\"6cedf5f\" data-element_type=\"widget\" data-widget_type=\"heading.default\">\n\t\t\t\t<div class=\"elementor-widget-container\">\n\t\t\t\t\t<h2 class=\"elementor-heading-title elementor-size-default\">Un programa exigente para los 30 finalistas<\/h2>\t\t\t\t<\/div>\n\t\t\t\t<\/div>\n\t\t\t\t<div class=\"elementor-element elementor-element-e93d1fb elementor-widget elementor-widget-text-editor\" data-id=\"e93d1fb\" data-element_type=\"widget\" data-widget_type=\"text-editor.default\">\n\t\t\t\t<div class=\"elementor-widget-container\">\n\t\t\t\t\t\t\t\t\t<p><span style=\"font-weight: 400;\">Esta semana en Martinica es cualquier cosa menos un descanso relajante. Las 30 finalistas de <a href=\"https:\/\/www.parismatch.com\/People\/miss-france-2026-arrivee-carnavalesque-en-martinique-des-candidates-se-font-deja-remarquer-259899\" target=\"_blank\" rel=\"noopener nofollow\">Miss Francia 2026<\/a> siguen un calendario preciso: sesiones fotogr\u00e1ficas, desfiles de entrenamiento, talleres de oratoria y la temida prueba de conocimientos generales. <\/span><span style=\"font-weight: 400;\"><br><\/span><span style=\"font-weight: 400;\">  Algunas candidatas a Miss Francia 2026, como Miss Borgo\u00f1a o Miss Alsacia, viven su primer viaje de largo recorrido. Otras, que ya se sienten c\u00f3modas ante las c\u00e1maras, destacan por su capacidad de organizaci\u00f3n y su disciplina. <\/span><span style=\"font-weight: 400;\"><br><\/span><span style=\"font-weight: 400;\">  Los equipos de producci\u00f3n est\u00e1n rodando en las playas y en los lugares m\u00e1s emblem\u00e1ticos de la regi\u00f3n, convirtiendo las vacaciones en un aut\u00e9ntico escaparate de Martinica.<\/span><\/p>\t\t\t\t\t\t\t\t<\/div>\n\t\t\t\t<\/div>\n\t\t\t\t<section class=\"elementor-section elementor-inner-section elementor-element elementor-element-c502e74 elementor-section-boxed elementor-section-height-default elementor-section-height-default\" data-id=\"c502e74\" data-element_type=\"section\">\n\t\t\t\t\t\t<div class=\"elementor-container elementor-column-gap-default\">\n\t\t\t\t\t<div class=\"elementor-column elementor-col-100 elementor-inner-column elementor-element elementor-element-1b363d3\" data-id=\"1b363d3\" data-element_type=\"column\">\n\t\t\t<div class=\"elementor-widget-wrap elementor-element-populated\">\n\t\t\t\t\t\t<div class=\"elementor-element elementor-element-5d7bf21 elementor-widget elementor-widget-image\" data-id=\"5d7bf21\" data-element_type=\"widget\" data-widget_type=\"image.default\">\n\t\t\t\t<div class=\"elementor-widget-container\">\n\t\t\t\t\t\t\t\t\t\t\t\t<figure class=\"wp-caption\">\n\t\t\t\t\t\t\t\t\t\t<img loading=\"lazy\" decoding=\"async\" width=\"800\" height=\"534\" src=\"https:\/\/richeskarayib.com\/wp-content\/uploads\/2025\/11\/11-1-1024x683.png\" class=\"attachment-large size-large wp-image-64545\" alt=\"miss France 2026 arrivee martinique\" srcset=\"https:\/\/richeskarayib.com\/wp-content\/uploads\/2025\/11\/11-1-1024x683.png 1024w, https:\/\/richeskarayib.com\/wp-content\/uploads\/2025\/11\/11-1-300x200.png 300w, https:\/\/richeskarayib.com\/wp-content\/uploads\/2025\/11\/11-1-768x512.png 768w, https:\/\/richeskarayib.com\/wp-content\/uploads\/2025\/11\/11-1-1320x880.png 1320w, https:\/\/richeskarayib.com\/wp-content\/uploads\/2025\/11\/11-1.png 1440w\" sizes=\"(max-width: 800px) 100vw, 800px\" \/>\t\t\t\t\t\t\t\t\t\t\t<figcaption class=\"widget-image-caption wp-caption-text\">\u00a9Miss France Actu<\/figcaption>\n\t\t\t\t\t\t\t\t\t\t<\/figure>\n\t\t\t\t\t\t\t\t\t<\/div>\n\t\t\t\t<\/div>\n\t\t\t\t\t<\/div>\n\t\t<\/div>\n\t\t\t\t\t<\/div>\n\t\t<\/section>\n\t\t\t\t\t<\/div>\n\t\t<\/div>\n\t\t\t\t\t<\/div>\n\t\t<\/section>\n\t\t\t\t<section class=\"elementor-section elementor-top-section elementor-element elementor-element-9c88a89 elementor-section-boxed elementor-section-height-default elementor-section-height-default\" data-id=\"9c88a89\" data-element_type=\"section\">\n\t\t\t\t\t\t<div class=\"elementor-container elementor-column-gap-default\">\n\t\t\t\t\t<div class=\"elementor-column elementor-col-100 elementor-top-column elementor-element elementor-element-78cf5d1\" data-id=\"78cf5d1\" data-element_type=\"column\">\n\t\t\t<div class=\"elementor-widget-wrap elementor-element-populated\">\n\t\t\t\t\t\t<div class=\"elementor-element elementor-element-ea2a5c1 elementor-widget elementor-widget-heading\" data-id=\"ea2a5c1\" data-element_type=\"widget\" data-widget_type=\"heading.default\">\n\t\t\t\t<div class=\"elementor-widget-container\">\n\t\t\t\t\t<h2 class=\"elementor-heading-title elementor-size-default\">Reinas de la belleza como mentoras<\/h2>\t\t\t\t<\/div>\n\t\t\t\t<\/div>\n\t\t\t\t<div class=\"elementor-element elementor-element-e305eee elementor-widget elementor-widget-text-editor\" data-id=\"e305eee\" data-element_type=\"widget\" data-widget_type=\"text-editor.default\">\n\t\t\t\t<div class=\"elementor-widget-container\">\n\t\t\t\t\t\t\t\t\t<p><span style=\"font-weight: 400;\">El viaje de <a href=\"https:\/\/rci.fm\/deuxiles\/infos\/Culture\/VIDEOS-Les-30-candidates-lelection-de-Miss-France-2026-sont-arrivees-en-Martinique\" target=\"_blank\" rel=\"noopener nofollow\">Miss Francia 2026<\/a> estar\u00e1 guiado por tres figuras emblem\u00e1ticas:<\/span><\/p><ul><li style=\"font-weight: 400;\" aria-level=\"1\"><span style=\"font-weight: 400;\">&#8211; <a href=\"https:\/\/richeskarayib.com\/es\/miss-francia-2025-angelique-angarni-filopon-un-regreso-deslumbrante-a-martinica\/\" target=\"_blank\" rel=\"noopener\">Ang\u00e9lique Angarni-Filopon<\/a>, Miss Francia 2025 de Martinica, acompa\u00f1ar\u00e1 a las candidatas durante toda su estancia;<\/span><\/li><li style=\"font-weight: 400;\" aria-level=\"1\"><span style=\"font-weight: 400;\">&#8211; Cl\u00e9mence Botino, Miss Francia 2020, supervisa las sesiones de pasarela y comparte sus consejos sobre el escenario;<\/span><\/li><li style=\"font-weight: 400;\" aria-level=\"1\"><span style=\"font-weight: 400;\">&#8211; Amandine Petit, Miss Francia 2021, dirige los talleres de autoconfianza y comunicaci\u00f3n.<\/span><\/li><\/ul><p><span style=\"font-weight: 400;\">Las tres encarnan los valores de la transmisi\u00f3n y la excelencia: rigor, elegancia y solidaridad. Su presencia confiere a esta edici\u00f3n de Miss Francia 2026 una dimensi\u00f3n humana y educativa que va m\u00e1s all\u00e1 del simple concurso de belleza. <\/span><\/p>\t\t\t\t\t\t\t\t<\/div>\n\t\t\t\t<\/div>\n\t\t\t\t<section class=\"elementor-section elementor-inner-section elementor-element elementor-element-5690cfd elementor-section-boxed elementor-section-height-default elementor-section-height-default\" data-id=\"5690cfd\" data-element_type=\"section\">\n\t\t\t\t\t\t<div class=\"elementor-container elementor-column-gap-default\">\n\t\t\t\t\t<div class=\"elementor-column elementor-col-100 elementor-inner-column elementor-element elementor-element-ad1d3ca\" data-id=\"ad1d3ca\" data-element_type=\"column\">\n\t\t\t<div class=\"elementor-widget-wrap elementor-element-populated\">\n\t\t\t\t\t\t<div class=\"elementor-element elementor-element-d01350f elementor-widget elementor-widget-video\" data-id=\"d01350f\" data-element_type=\"widget\" data-settings=\"{&quot;youtube_url&quot;:&quot;https:\\\/\\\/www.youtube.com\\\/watch?v=pKt_pdDn0FA&quot;,&quot;video_type&quot;:&quot;youtube&quot;,&quot;controls&quot;:&quot;yes&quot;}\" data-widget_type=\"video.default\">\n\t\t\t\t<div class=\"elementor-widget-container\">\n\t\t\t\t\t\t\t<div class=\"elementor-wrapper elementor-open-inline\">\n\t\t\t<div class=\"elementor-video\"><\/div>\t\t<\/div>\n\t\t\t\t\t\t<\/div>\n\t\t\t\t<\/div>\n\t\t\t\t\t<\/div>\n\t\t<\/div>\n\t\t\t\t\t<\/div>\n\t\t<\/section>\n\t\t\t\t\t<\/div>\n\t\t<\/div>\n\t\t\t\t\t<\/div>\n\t\t<\/section>\n\t\t\t\t<section class=\"elementor-section elementor-top-section elementor-element elementor-element-103aced elementor-section-boxed elementor-section-height-default elementor-section-height-default\" data-id=\"103aced\" data-element_type=\"section\">\n\t\t\t\t\t\t<div class=\"elementor-container elementor-column-gap-default\">\n\t\t\t\t\t<div class=\"elementor-column elementor-col-100 elementor-top-column elementor-element elementor-element-e34f9f4\" data-id=\"e34f9f4\" data-element_type=\"column\">\n\t\t\t<div class=\"elementor-widget-wrap elementor-element-populated\">\n\t\t\t\t\t\t<div class=\"elementor-element elementor-element-c643e86 elementor-widget elementor-widget-heading\" data-id=\"c643e86\" data-element_type=\"widget\" data-widget_type=\"heading.default\">\n\t\t\t\t<div class=\"elementor-widget-container\">\n\t\t\t\t\t<h2 class=\"elementor-heading-title elementor-size-default\">Un impacto directo en la imagen de la regi\u00f3n<\/h2>\t\t\t\t<\/div>\n\t\t\t\t<\/div>\n\t\t\t\t<div class=\"elementor-element elementor-element-f783f1a elementor-widget elementor-widget-text-editor\" data-id=\"f783f1a\" data-element_type=\"widget\" data-widget_type=\"text-editor.default\">\n\t\t\t\t<div class=\"elementor-widget-container\">\n\t\t\t\t\t\t\t\t\t<p><span style=\"font-weight: 400;\">Recibir a los 30 candidatos en Martinica es mucho m\u00e1s que un acto medi\u00e1tico. Es una operaci\u00f3n a gran escala para promover la cultura y el turismo. <\/span><span style=\"font-weight: 400;\"><br><\/span><span style=\"font-weight: 400;\">  Las im\u00e1genes de la llegada del carnaval, los paisajes naturales y las im\u00e1genes rodadas en las playas de Martinica ya circulan por las redes sociales y los peri\u00f3dicos nacionales.<\/span><span style=\"font-weight: 400;\"><br><\/span><span style=\"font-weight: 400;\">  A pocas semanas de la temporada tur\u00edstica alta, la isla tiene una oportunidad excepcional para mostrar su patrimonio, gastronom\u00eda y hospitalidad.<\/span><span style=\"font-weight: 400;\"><br><\/span><span style=\"font-weight: 400;\">  Para los jugadores locales, esta etapa de la competici\u00f3n es una oportunidad \u00fanica para mostrar la riqueza de la identidad de Martinica m\u00e1s all\u00e1 de los t\u00f3picos.<\/span><\/p>\t\t\t\t\t\t\t\t<\/div>\n\t\t\t\t<\/div>\n\t\t\t\t<section class=\"elementor-section elementor-inner-section elementor-element elementor-element-a62345d elementor-section-boxed elementor-section-height-default elementor-section-height-default\" data-id=\"a62345d\" data-element_type=\"section\">\n\t\t\t\t\t\t<div class=\"elementor-container elementor-column-gap-default\">\n\t\t\t\t\t<div class=\"elementor-column elementor-col-100 elementor-inner-column elementor-element elementor-element-5a61bf0\" data-id=\"5a61bf0\" data-element_type=\"column\">\n\t\t\t<div class=\"elementor-widget-wrap elementor-element-populated\">\n\t\t\t\t\t\t<div class=\"elementor-element elementor-element-f37504b elementor-widget elementor-widget-image\" data-id=\"f37504b\" data-element_type=\"widget\" data-widget_type=\"image.default\">\n\t\t\t\t<div class=\"elementor-widget-container\">\n\t\t\t\t\t\t\t\t\t\t\t\t<figure class=\"wp-caption\">\n\t\t\t\t\t\t\t\t\t\t<img loading=\"lazy\" decoding=\"async\" width=\"800\" height=\"420\" src=\"https:\/\/richeskarayib.com\/wp-content\/uploads\/2025\/11\/\u00a9Gabrielle-Bellay-Povia-1024x538.jpg\" class=\"attachment-large size-large wp-image-64549\" alt=\"miss France 2026 arrivee martinique\" srcset=\"https:\/\/richeskarayib.com\/wp-content\/uploads\/2025\/11\/\u00a9Gabrielle-Bellay-Povia-1024x538.jpg 1024w, https:\/\/richeskarayib.com\/wp-content\/uploads\/2025\/11\/\u00a9Gabrielle-Bellay-Povia-300x158.jpg 300w, https:\/\/richeskarayib.com\/wp-content\/uploads\/2025\/11\/\u00a9Gabrielle-Bellay-Povia-768x403.jpg 768w, https:\/\/richeskarayib.com\/wp-content\/uploads\/2025\/11\/\u00a9Gabrielle-Bellay-Povia.jpg 1200w\" sizes=\"(max-width: 800px) 100vw, 800px\" \/>\t\t\t\t\t\t\t\t\t\t\t<figcaption class=\"widget-image-caption wp-caption-text\">\u00a9Gabrielle Bellay-Povia<\/figcaption>\n\t\t\t\t\t\t\t\t\t\t<\/figure>\n\t\t\t\t\t\t\t\t\t<\/div>\n\t\t\t\t<\/div>\n\t\t\t\t\t<\/div>\n\t\t<\/div>\n\t\t\t\t\t<\/div>\n\t\t<\/section>\n\t\t\t\t\t<\/div>\n\t\t<\/div>\n\t\t\t\t\t<\/div>\n\t\t<\/section>\n\t\t\t\t<section class=\"elementor-section elementor-top-section elementor-element elementor-element-f5709a6 elementor-section-boxed elementor-section-height-default elementor-section-height-default\" data-id=\"f5709a6\" data-element_type=\"section\">\n\t\t\t\t\t\t<div class=\"elementor-container elementor-column-gap-default\">\n\t\t\t\t\t<div class=\"elementor-column elementor-col-100 elementor-top-column elementor-element elementor-element-957be6f\" data-id=\"957be6f\" data-element_type=\"column\">\n\t\t\t<div class=\"elementor-widget-wrap elementor-element-populated\">\n\t\t\t\t\t\t<div class=\"elementor-element elementor-element-22c0a08 elementor-widget elementor-widget-heading\" data-id=\"22c0a08\" data-element_type=\"widget\" data-widget_type=\"heading.default\">\n\t\t\t\t<div class=\"elementor-widget-container\">\n\t\t\t\t\t<h2 class=\"elementor-heading-title elementor-size-default\">La cuenta atr\u00e1s para las elecciones<\/h2>\t\t\t\t<\/div>\n\t\t\t\t<\/div>\n\t\t\t\t<div class=\"elementor-element elementor-element-953f6e4 elementor-widget elementor-widget-text-editor\" data-id=\"953f6e4\" data-element_type=\"widget\" data-widget_type=\"text-editor.default\">\n\t\t\t\t<div class=\"elementor-widget-container\">\n\t\t\t\t\t\t\t\t\t<p><span style=\"font-weight: 400;\">Tras esta semana en el Caribe, las candidatas volver\u00e1n a Par\u00eds para ultimar sus preparativos para la gran noche del 6 de diciembre de 2025 en Le Z\u00e9nith de Amiens.<\/span><span style=\"font-weight: 400;\"><br><\/span><span style=\"font-weight: 400;\">  La elecci\u00f3n de Miss Francia 2026 promete ser a la vez exigente e inspiradora: un concurso modernizado en el que la cultura, la personalidad y la amabilidad desempe\u00f1an ahora un papel tan importante como la belleza.<\/span><span style=\"font-weight: 400;\"><br><\/span><span style=\"font-weight: 400;\">  En Martinica, la aventura ya ha adquirido el aire de una fiesta nacional. Bajo el sol criollo, los 30 candidatos se preparan para escribir una nueva p\u00e1gina en la historia del concurso. <\/span><\/p>\t\t\t\t\t\t\t\t<\/div>\n\t\t\t\t<\/div>\n\t\t\t\t<section class=\"elementor-section elementor-inner-section elementor-element elementor-element-f0af5b4 elementor-section-boxed elementor-section-height-default elementor-section-height-default\" data-id=\"f0af5b4\" data-element_type=\"section\">\n\t\t\t\t\t\t<div class=\"elementor-container elementor-column-gap-default\">\n\t\t\t\t\t<div class=\"elementor-column elementor-col-50 elementor-inner-column elementor-element elementor-element-785927f\" data-id=\"785927f\" data-element_type=\"column\">\n\t\t\t<div class=\"elementor-widget-wrap elementor-element-populated\">\n\t\t\t\t\t\t<div class=\"elementor-element elementor-element-9578841 elementor-widget elementor-widget-image\" data-id=\"9578841\" data-element_type=\"widget\" data-widget_type=\"image.default\">\n\t\t\t\t<div class=\"elementor-widget-container\">\n\t\t\t\t\t\t\t\t\t\t\t\t<figure class=\"wp-caption\">\n\t\t\t\t\t\t\t\t\t\t<img loading=\"lazy\" decoding=\"async\" width=\"800\" height=\"534\" src=\"https:\/\/richeskarayib.com\/wp-content\/uploads\/2025\/11\/12-1-1024x683.png\" class=\"attachment-large size-large wp-image-64565\" alt=\"miss France 2026 d\u00e9part France\" srcset=\"https:\/\/richeskarayib.com\/wp-content\/uploads\/2025\/11\/12-1-1024x683.png 1024w, https:\/\/richeskarayib.com\/wp-content\/uploads\/2025\/11\/12-1-300x200.png 300w, https:\/\/richeskarayib.com\/wp-content\/uploads\/2025\/11\/12-1-768x512.png 768w, https:\/\/richeskarayib.com\/wp-content\/uploads\/2025\/11\/12-1-1320x880.png 1320w, https:\/\/richeskarayib.com\/wp-content\/uploads\/2025\/11\/12-1.png 1440w\" sizes=\"(max-width: 800px) 100vw, 800px\" \/>\t\t\t\t\t\t\t\t\t\t\t<figcaption class=\"widget-image-caption wp-caption-text\">\u00a9Miss France Actu<\/figcaption>\n\t\t\t\t\t\t\t\t\t\t<\/figure>\n\t\t\t\t\t\t\t\t\t<\/div>\n\t\t\t\t<\/div>\n\t\t\t\t\t<\/div>\n\t\t<\/div>\n\t\t\t\t<div class=\"elementor-column elementor-col-50 elementor-inner-column elementor-element elementor-element-3b3365b\" data-id=\"3b3365b\" data-element_type=\"column\">\n\t\t\t<div class=\"elementor-widget-wrap elementor-element-populated\">\n\t\t\t\t\t\t<div class=\"elementor-element elementor-element-fcc42c5 elementor-widget elementor-widget-image\" data-id=\"fcc42c5\" data-element_type=\"widget\" data-widget_type=\"image.default\">\n\t\t\t\t<div class=\"elementor-widget-container\">\n\t\t\t\t\t\t\t\t\t\t\t\t<figure class=\"wp-caption\">\n\t\t\t\t\t\t\t\t\t\t<img loading=\"lazy\" decoding=\"async\" width=\"800\" height=\"534\" src=\"https:\/\/richeskarayib.com\/wp-content\/uploads\/2025\/11\/13-1-1024x683.png\" class=\"attachment-large size-large wp-image-64569\" alt=\"miss France 2026 d\u00e9part France\" srcset=\"https:\/\/richeskarayib.com\/wp-content\/uploads\/2025\/11\/13-1-1024x683.png 1024w, https:\/\/richeskarayib.com\/wp-content\/uploads\/2025\/11\/13-1-300x200.png 300w, https:\/\/richeskarayib.com\/wp-content\/uploads\/2025\/11\/13-1-768x512.png 768w, https:\/\/richeskarayib.com\/wp-content\/uploads\/2025\/11\/13-1-1320x880.png 1320w, https:\/\/richeskarayib.com\/wp-content\/uploads\/2025\/11\/13-1.png 1440w\" sizes=\"(max-width: 800px) 100vw, 800px\" \/>\t\t\t\t\t\t\t\t\t\t\t<figcaption class=\"widget-image-caption wp-caption-text\">\u00a9Miss France Actu<\/figcaption>\n\t\t\t\t\t\t\t\t\t\t<\/figure>\n\t\t\t\t\t\t\t\t\t<\/div>\n\t\t\t\t<\/div>\n\t\t\t\t\t<\/div>\n\t\t<\/div>\n\t\t\t\t\t<\/div>\n\t\t<\/section>\n\t\t\t\t\t<\/div>\n\t\t<\/div>\n\t\t\t\t\t<\/div>\n\t\t<\/section>\n\t\t\t\t<\/div>\n\t\t","protected":false},"excerpt":{"rendered":"<p>El comienzo de una aventura en suelo criollo Antes de la gran noche del 6 de diciembre de 2025 en el Z\u00e9nith de Amiens, las 30 candidatas a Miss Francia 2026 comenzaron sus preparativos en Martinica. Salieron de Par\u00eds-Orly el 9 de noviembre a bordo de un vuelo Corsair, colaborador oficial del evento, y aterrizaron [&hellip;]<\/p>\n","protected":false},"author":662,"featured_media":64541,"comment_status":"open","ping_status":"open","sticky":false,"template":"","format":"standard","meta":{"_acf_changed":false,"footnotes":""},"categories":[1502],"tags":[816],"class_list":["post-64572","post","type-post","status-publish","format-standard","has-post-thumbnail","hentry","category-moda","tag-martinique-es"],"acf":[],"_links":{"self":[{"href":"https:\/\/richeskarayib.com\/es\/wp-json\/wp\/v2\/posts\/64572","targetHints":{"allow":["GET"]}}],"collection":[{"href":"https:\/\/richeskarayib.com\/es\/wp-json\/wp\/v2\/posts"}],"about":[{"href":"https:\/\/richeskarayib.com\/es\/wp-json\/wp\/v2\/types\/post"}],"author":[{"embeddable":true,"href":"https:\/\/richeskarayib.com\/es\/wp-json\/wp\/v2\/users\/662"}],"replies":[{"embeddable":true,"href":"https:\/\/richeskarayib.com\/es\/wp-json\/wp\/v2\/comments?post=64572"}],"version-history":[{"count":0,"href":"https:\/\/richeskarayib.com\/es\/wp-json\/wp\/v2\/posts\/64572\/revisions"}],"wp:featuredmedia":[{"embeddable":true,"href":"https:\/\/richeskarayib.com\/es\/wp-json\/wp\/v2\/media\/64541"}],"wp:attachment":[{"href":"https:\/\/richeskarayib.com\/es\/wp-json\/wp\/v2\/media?parent=64572"}],"wp:term":[{"taxonomy":"category","embeddable":true,"href":"https:\/\/richeskarayib.com\/es\/wp-json\/wp\/v2\/categories?post=64572"},{"taxonomy":"post_tag","embeddable":true,"href":"https:\/\/richeskarayib.com\/es\/wp-json\/wp\/v2\/tags?post=64572"}],"curies":[{"name":"wp","href":"https:\/\/api.w.org\/{rel}","templated":true}]}}