{"id":64727,"date":"2025-11-12T06:47:23","date_gmt":"2025-11-12T10:47:23","guid":{"rendered":"https:\/\/richeskarayib.com\/cop30-en-brasil-el-caribe-se-enfrenta-a-la-emergencia-climatica-mundial\/"},"modified":"2025-11-12T06:47:24","modified_gmt":"2025-11-12T10:47:24","slug":"cop30-en-brasil-el-caribe-se-enfrenta-a-la-emergencia-climatica-mundial","status":"publish","type":"post","link":"https:\/\/richeskarayib.com\/es\/cop30-en-brasil-el-caribe-se-enfrenta-a-la-emergencia-climatica-mundial\/","title":{"rendered":"COP30 en Brasil: el Caribe se enfrenta a la emergencia clim\u00e1tica mundial"},"content":{"rendered":"\t\t<div data-elementor-type=\"wp-post\" data-elementor-id=\"64727\" class=\"elementor elementor-64727 elementor-64672\" data-elementor-post-type=\"post\">\n\t\t\t\t\t\t<section class=\"elementor-section elementor-top-section elementor-element elementor-element-7ca7ca1 elementor-section-boxed elementor-section-height-default elementor-section-height-default\" data-id=\"7ca7ca1\" data-element_type=\"section\">\n\t\t\t\t\t\t<div class=\"elementor-container elementor-column-gap-default\">\n\t\t\t\t\t<div class=\"elementor-column elementor-col-100 elementor-top-column elementor-element elementor-element-cbdd002\" data-id=\"cbdd002\" data-element_type=\"column\">\n\t\t\t<div class=\"elementor-widget-wrap elementor-element-populated\">\n\t\t\t\t\t\t<section class=\"elementor-section elementor-inner-section elementor-element elementor-element-bc94849 elementor-section-boxed elementor-section-height-default elementor-section-height-default\" data-id=\"bc94849\" data-element_type=\"section\">\n\t\t\t\t\t\t<div class=\"elementor-container elementor-column-gap-default\">\n\t\t\t\t\t\t<\/div>\n\t\t<\/section>\n\t\t\t\t<section class=\"elementor-section elementor-inner-section elementor-element elementor-element-61571e6 elementor-section-boxed elementor-section-height-default elementor-section-height-default\" data-id=\"61571e6\" data-element_type=\"section\">\n\t\t\t\t\t\t<div class=\"elementor-container elementor-column-gap-default\">\n\t\t\t\t\t\t<\/div>\n\t\t<\/section>\n\t\t\t\t<section class=\"elementor-section elementor-inner-section elementor-element elementor-element-b6262e0 elementor-section-boxed elementor-section-height-default elementor-section-height-default\" data-id=\"b6262e0\" data-element_type=\"section\">\n\t\t\t\t\t\t<div class=\"elementor-container elementor-column-gap-default\">\n\t\t\t\t\t\t<\/div>\n\t\t<\/section>\n\t\t\t\t<section class=\"elementor-section elementor-inner-section elementor-element elementor-element-cca29fd elementor-section-boxed elementor-section-height-default elementor-section-height-default\" data-id=\"cca29fd\" data-element_type=\"section\">\n\t\t\t\t\t\t<div class=\"elementor-container elementor-column-gap-default\">\n\t\t\t\t\t\t<\/div>\n\t\t<\/section>\n\t\t\t\t\t<\/div>\n\t\t<\/div>\n\t\t\t\t\t<\/div>\n\t\t<\/section>\n\t\t\t\t<section class=\"elementor-section elementor-top-section elementor-element elementor-element-82cd8f9 elementor-section-boxed elementor-section-height-default elementor-section-height-default\" data-id=\"82cd8f9\" data-element_type=\"section\">\n\t\t\t\t\t\t<div class=\"elementor-container elementor-column-gap-default\">\n\t\t\t\t\t<div class=\"elementor-column elementor-col-100 elementor-top-column elementor-element elementor-element-0bfdc38\" data-id=\"0bfdc38\" data-element_type=\"column\">\n\t\t\t<div class=\"elementor-widget-wrap elementor-element-populated\">\n\t\t\t\t\t\t<div class=\"elementor-element elementor-element-96caf50 elementor-widget elementor-widget-text-editor\" data-id=\"96caf50\" data-element_type=\"widget\" data-widget_type=\"text-editor.default\">\n\t\t\t\t<div class=\"elementor-widget-container\">\n\t\t\t\t\t\t\t\t\t<p><span style=\"font-weight: 400;\"><a href=\"https:\/\/cop30.br\/en\" target=\"_blank\" rel=\"noopener nofollow\">La COP30<\/a> se celebra en Bel\u00e9m, en el estado de Par\u00e1, Brasil, del 10 al 21 de noviembre de 2025. Esta 30\u1d49 Conferencia de las Naciones Unidas sobre el Cambio Clim\u00e1tico se celebra por primera vez en el coraz\u00f3n de la<a href=\"https:\/\/richeskarayib.com\/es\/curupira-el-espiritu-de-la-selva-amazonica-se-convierte-en-la-voz-simbolica-de-la-cop30\/\" target=\"_blank\" rel=\"noopener\">Amazonia<\/a>, s\u00edmbolo de un ecosistema vital para el planeta. A trav\u00e9s de esta COP30, los l\u00edderes mundiales se embarcan en una negociaci\u00f3n decisiva, la de la aplicaci\u00f3n real de los compromisos adquiridos desde el Acuerdo de Par\u00eds. Para los pa\u00edses del Caribe, directamente expuestos a los efectos del calentamiento global, esta edici\u00f3n ofrece una esperanza concreta: obtener un reconocimiento m\u00e1s justo de sus necesidades y una financiaci\u00f3n sostenible para la adaptaci\u00f3n al clima.   <\/span><\/p>\t\t\t\t\t\t\t\t<\/div>\n\t\t\t\t<\/div>\n\t\t\t\t<section class=\"elementor-section elementor-inner-section elementor-element elementor-element-c582330 elementor-section-boxed elementor-section-height-default elementor-section-height-default\" data-id=\"c582330\" data-element_type=\"section\">\n\t\t\t\t\t\t<div class=\"elementor-container elementor-column-gap-default\">\n\t\t\t\t\t\t<\/div>\n\t\t<\/section>\n\t\t\t\t<section class=\"elementor-section elementor-inner-section elementor-element elementor-element-296603a elementor-section-boxed elementor-section-height-default elementor-section-height-default\" data-id=\"296603a\" data-element_type=\"section\">\n\t\t\t\t\t\t<div class=\"elementor-container elementor-column-gap-default\">\n\t\t\t\t\t\t<\/div>\n\t\t<\/section>\n\t\t\t\t\t<\/div>\n\t\t<\/div>\n\t\t\t\t\t<\/div>\n\t\t<\/section>\n\t\t\t\t<section class=\"elementor-section elementor-top-section elementor-element elementor-element-5a7397d elementor-section-boxed elementor-section-height-default elementor-section-height-default\" data-id=\"5a7397d\" data-element_type=\"section\">\n\t\t\t\t\t\t<div class=\"elementor-container elementor-column-gap-default\">\n\t\t\t\t\t<div class=\"elementor-column elementor-col-100 elementor-top-column elementor-element elementor-element-8b33b4b\" data-id=\"8b33b4b\" data-element_type=\"column\">\n\t\t\t<div class=\"elementor-widget-wrap elementor-element-populated\">\n\t\t\t\t\t\t<div class=\"elementor-element elementor-element-89dac4b elementor-widget elementor-widget-heading\" data-id=\"89dac4b\" data-element_type=\"widget\" data-widget_type=\"heading.default\">\n\t\t\t\t<div class=\"elementor-widget-container\">\n\t\t\t\t\t<h2 class=\"elementor-heading-title elementor-size-default\">Un enfoque sobre la Amazonia y la justicia clim\u00e1tica<\/h2>\t\t\t\t<\/div>\n\t\t\t\t<\/div>\n\t\t\t\t<div class=\"elementor-element elementor-element-43a45ac elementor-widget elementor-widget-text-editor\" data-id=\"43a45ac\" data-element_type=\"widget\" data-widget_type=\"text-editor.default\">\n\t\t\t\t<div class=\"elementor-widget-container\">\n\t\t\t\t\t\t\t\t\t<p><span style=\"font-weight: 400;\">El presidente Luiz In\u00e1cio Lula da Silva inaugur\u00f3 la COP30 subrayando la responsabilidad compartida de las naciones y la necesidad de actuar sin demora. &#8220;Vamos en la direcci\u00f3n correcta, pero a la velocidad equivocada&#8221;, dijo a las delegaciones reunidas en Brasil. Este mensaje suena como una advertencia global.  <\/span><\/p>\t\t\t\t\t\t\t\t<\/div>\n\t\t\t\t<\/div>\n\t\t\t\t<div class=\"elementor-element elementor-element-795d961 elementor-widget elementor-widget-text-editor\" data-id=\"795d961\" data-element_type=\"widget\" data-widget_type=\"text-editor.default\">\n\t\t\t\t<div class=\"elementor-widget-container\">\n\t\t\t\t\t\t\t\t\t<p><span style=\"font-weight: 400;\">Simon Stiell, Secretario Ejecutivo de la Convenci\u00f3n sobre el Clima, se\u00f1al\u00f3 que todo retraso tiene un alto precio, en t\u00e9rminos de vidas humanas y p\u00e9rdidas econ\u00f3micas. La celebraci\u00f3n de la conferencia en Brasil, en el coraz\u00f3n de un territorio que alberga el 60% de la selva amaz\u00f3nica, subraya la dimensi\u00f3n simb\u00f3lica y ecol\u00f3gica de esta edici\u00f3n. La COP30 pretende volver a situar la biodiversidad, los pueblos ind\u00edgenas y la cooperaci\u00f3n Sur-Sur en el centro de la toma de decisiones internacional.  <\/span><\/p>\t\t\t\t\t\t\t\t<\/div>\n\t\t\t\t<\/div>\n\t\t\t\t<div class=\"elementor-element elementor-element-0815202 elementor-widget elementor-widget-text-editor\" data-id=\"0815202\" data-element_type=\"widget\" data-widget_type=\"text-editor.default\">\n\t\t\t\t<div class=\"elementor-widget-container\">\n\t\t\t\t\t\t\t\t\t<p><span style=\"font-weight: 400;\">Las primeras sesiones demostraron una nueva din\u00e1mica: la r\u00e1pida adopci\u00f3n de la agenda y el deseo de traducir las promesas en acciones concretas, sobre todo en los \u00e1mbitos de la energ\u00eda, la transparencia y la financiaci\u00f3n.<\/span><\/p>\t\t\t\t\t\t\t\t<\/div>\n\t\t\t\t<\/div>\n\t\t\t\t<section class=\"elementor-section elementor-inner-section elementor-element elementor-element-5905c3a elementor-section-boxed elementor-section-height-default elementor-section-height-default\" data-id=\"5905c3a\" data-element_type=\"section\">\n\t\t\t\t\t\t<div class=\"elementor-container elementor-column-gap-default\">\n\t\t\t\t\t<div class=\"elementor-column elementor-col-50 elementor-inner-column elementor-element elementor-element-e6d55c5\" data-id=\"e6d55c5\" data-element_type=\"column\">\n\t\t\t<div class=\"elementor-widget-wrap elementor-element-populated\">\n\t\t\t\t\t\t<div class=\"elementor-element elementor-element-275194c elementor-widget elementor-widget-image\" data-id=\"275194c\" data-element_type=\"widget\" data-widget_type=\"image.default\">\n\t\t\t\t<div class=\"elementor-widget-container\">\n\t\t\t\t\t\t\t\t\t\t\t\t<figure class=\"wp-caption\">\n\t\t\t\t\t\t\t\t\t\t<img fetchpriority=\"high\" decoding=\"async\" width=\"800\" height=\"568\" src=\"https:\/\/richeskarayib.com\/wp-content\/uploads\/2025\/11\/Luiz-Inacio-Lula-da-Silva-\u00a9Alex-FerroCOP30-1024x727.jpg\" class=\"attachment-large size-large wp-image-64701\" alt=\"COP30\" srcset=\"https:\/\/richeskarayib.com\/wp-content\/uploads\/2025\/11\/Luiz-Inacio-Lula-da-Silva-\u00a9Alex-FerroCOP30-1024x727.jpg 1024w, https:\/\/richeskarayib.com\/wp-content\/uploads\/2025\/11\/Luiz-Inacio-Lula-da-Silva-\u00a9Alex-FerroCOP30-300x213.jpg 300w, https:\/\/richeskarayib.com\/wp-content\/uploads\/2025\/11\/Luiz-Inacio-Lula-da-Silva-\u00a9Alex-FerroCOP30-768x545.jpg 768w, https:\/\/richeskarayib.com\/wp-content\/uploads\/2025\/11\/Luiz-Inacio-Lula-da-Silva-\u00a9Alex-FerroCOP30-1536x1090.jpg 1536w, https:\/\/richeskarayib.com\/wp-content\/uploads\/2025\/11\/Luiz-Inacio-Lula-da-Silva-\u00a9Alex-FerroCOP30-1320x937.jpg 1320w, https:\/\/richeskarayib.com\/wp-content\/uploads\/2025\/11\/Luiz-Inacio-Lula-da-Silva-\u00a9Alex-FerroCOP30.jpg 1920w\" sizes=\"(max-width: 800px) 100vw, 800px\" \/>\t\t\t\t\t\t\t\t\t\t\t<figcaption class=\"widget-image-caption wp-caption-text\">@ALEXFERROFOTOGAFO<\/figcaption>\n\t\t\t\t\t\t\t\t\t\t<\/figure>\n\t\t\t\t\t\t\t\t\t<\/div>\n\t\t\t\t<\/div>\n\t\t\t\t\t<\/div>\n\t\t<\/div>\n\t\t\t\t<div class=\"elementor-column elementor-col-50 elementor-inner-column elementor-element elementor-element-e28a273\" data-id=\"e28a273\" data-element_type=\"column\">\n\t\t\t<div class=\"elementor-widget-wrap elementor-element-populated\">\n\t\t\t\t\t\t<div class=\"elementor-element elementor-element-008fbbe elementor-widget elementor-widget-image\" data-id=\"008fbbe\" data-element_type=\"widget\" data-widget_type=\"image.default\">\n\t\t\t\t<div class=\"elementor-widget-container\">\n\t\t\t\t\t\t\t\t\t\t\t\t<figure class=\"wp-caption\">\n\t\t\t\t\t\t\t\t\t\t<img decoding=\"async\" width=\"800\" height=\"568\" src=\"https:\/\/richeskarayib.com\/wp-content\/uploads\/2025\/11\/Simon-Stiell-1024x727.jpg\" class=\"attachment-large size-large wp-image-64705\" alt=\"COP30\" srcset=\"https:\/\/richeskarayib.com\/wp-content\/uploads\/2025\/11\/Simon-Stiell-1024x727.jpg 1024w, https:\/\/richeskarayib.com\/wp-content\/uploads\/2025\/11\/Simon-Stiell-300x213.jpg 300w, https:\/\/richeskarayib.com\/wp-content\/uploads\/2025\/11\/Simon-Stiell-768x546.jpg 768w, https:\/\/richeskarayib.com\/wp-content\/uploads\/2025\/11\/Simon-Stiell-1536x1091.jpg 1536w, https:\/\/richeskarayib.com\/wp-content\/uploads\/2025\/11\/Simon-Stiell-1320x938.jpg 1320w, https:\/\/richeskarayib.com\/wp-content\/uploads\/2025\/11\/Simon-Stiell.jpg 1920w\" sizes=\"(max-width: 800px) 100vw, 800px\" \/>\t\t\t\t\t\t\t\t\t\t\t<figcaption class=\"widget-image-caption wp-caption-text\">@ALEXFERROFOTOGAFO<\/figcaption>\n\t\t\t\t\t\t\t\t\t\t<\/figure>\n\t\t\t\t\t\t\t\t\t<\/div>\n\t\t\t\t<\/div>\n\t\t\t\t\t<\/div>\n\t\t<\/div>\n\t\t\t\t\t<\/div>\n\t\t<\/section>\n\t\t\t\t\t<\/div>\n\t\t<\/div>\n\t\t\t\t\t<\/div>\n\t\t<\/section>\n\t\t\t\t<section class=\"elementor-section elementor-top-section elementor-element elementor-element-ceca32c elementor-section-boxed elementor-section-height-default elementor-section-height-default\" data-id=\"ceca32c\" data-element_type=\"section\">\n\t\t\t\t\t\t<div class=\"elementor-container elementor-column-gap-default\">\n\t\t\t\t\t<div class=\"elementor-column elementor-col-100 elementor-top-column elementor-element elementor-element-5a2e383\" data-id=\"5a2e383\" data-element_type=\"column\">\n\t\t\t<div class=\"elementor-widget-wrap elementor-element-populated\">\n\t\t\t\t\t\t<div class=\"elementor-element elementor-element-6cedf5f elementor-widget elementor-widget-heading\" data-id=\"6cedf5f\" data-element_type=\"widget\" data-widget_type=\"heading.default\">\n\t\t\t\t<div class=\"elementor-widget-container\">\n\t\t\t\t\t<h2 class=\"elementor-heading-title elementor-size-default\">Un ambicioso programa de transici\u00f3n y gobernanza<\/h2>\t\t\t\t<\/div>\n\t\t\t\t<\/div>\n\t\t\t\t<div class=\"elementor-element elementor-element-e93d1fb elementor-widget elementor-widget-text-editor\" data-id=\"e93d1fb\" data-element_type=\"widget\" data-widget_type=\"text-editor.default\">\n\t\t\t\t<div class=\"elementor-widget-container\">\n\t\t\t\t\t\t\t\t\t<p><span style=\"font-weight: 400;\">La COP30 tiene cuatro prioridades: reducci\u00f3n de emisiones, adaptaci\u00f3n, financiaci\u00f3n y gobernanza clim\u00e1tica. Al acoger la conferencia en Bel\u00e9m, Brasil pretende encarnar la transici\u00f3n hacia un modelo econ\u00f3mico basado en la preservaci\u00f3n de la naturaleza. <\/span><span style=\"font-weight: 400;\"><br><\/span><span style=\"font-weight: 400;\">  El Centro de Desarrollo de Capacidades, uno de los aspectos m\u00e1s destacados de la conferencia, se centra en el fortalecimiento de las capacidades locales. Sus sesiones abarcan la financiaci\u00f3n sostenible, la transici\u00f3n energ\u00e9tica, las soluciones basadas en la naturaleza y el papel del patrimonio cultural en la resiliencia local. <\/span><\/p>\t\t\t\t\t\t\t\t<\/div>\n\t\t\t\t<\/div>\n\t\t\t\t<div class=\"elementor-element elementor-element-223cf5a elementor-widget elementor-widget-text-editor\" data-id=\"223cf5a\" data-element_type=\"widget\" data-widget_type=\"text-editor.default\">\n\t\t\t\t<div class=\"elementor-widget-container\">\n\t\t\t\t\t\t\t\t\t<p><span style=\"font-weight: 400;\">Las Naciones Unidas reiteran que limitar el aumento de la temperatura a 1,5\u00b0C sigue siendo un imperativo, no un objetivo te\u00f3rico. Por tanto, la COP30 debe validar mecanismos concretos de seguimiento y transparencia capaces de garantizar la credibilidad de los compromisos nacionales. <\/span><\/p>\t\t\t\t\t\t\t\t<\/div>\n\t\t\t\t<\/div>\n\t\t\t\t\t<\/div>\n\t\t<\/div>\n\t\t\t\t\t<\/div>\n\t\t<\/section>\n\t\t\t\t<section class=\"elementor-section elementor-top-section elementor-element elementor-element-9c88a89 elementor-section-boxed elementor-section-height-default elementor-section-height-default\" data-id=\"9c88a89\" data-element_type=\"section\">\n\t\t\t\t\t\t<div class=\"elementor-container elementor-column-gap-default\">\n\t\t\t\t\t<div class=\"elementor-column elementor-col-100 elementor-top-column elementor-element elementor-element-78cf5d1\" data-id=\"78cf5d1\" data-element_type=\"column\">\n\t\t\t<div class=\"elementor-widget-wrap elementor-element-populated\">\n\t\t\t\t\t\t<div class=\"elementor-element elementor-element-ea2a5c1 elementor-widget elementor-widget-heading\" data-id=\"ea2a5c1\" data-element_type=\"widget\" data-widget_type=\"heading.default\">\n\t\t\t\t<div class=\"elementor-widget-container\">\n\t\t\t\t\t<h2 class=\"elementor-heading-title elementor-size-default\">El Caribe, una voz unida por la supervivencia<\/h2>\t\t\t\t<\/div>\n\t\t\t\t<\/div>\n\t\t\t\t<div class=\"elementor-element elementor-element-e305eee elementor-widget elementor-widget-text-editor\" data-id=\"e305eee\" data-element_type=\"widget\" data-widget_type=\"text-editor.default\">\n\t\t\t\t<div class=\"elementor-widget-container\">\n\t\t\t\t\t\t\t\t\t<p><span style=\"font-weight: 400;\">Para el Caribe, la COP30 es un foro vital. Los estados insulares piden respuestas inmediatas a la subida del nivel del mar y a la intensificaci\u00f3n de los huracanes. El Banco de Desarrollo del Caribe se\u00f1al\u00f3 que &#8220;la regi\u00f3n nunca ha estado tan expuesta ni tan decidida a defender su supervivencia clim\u00e1tica&#8221;.  <\/span><\/p>\t\t\t\t\t\t\t\t<\/div>\n\t\t\t\t<\/div>\n\t\t\t\t<div class=\"elementor-element elementor-element-2ad59a2 elementor-widget elementor-widget-text-editor\" data-id=\"2ad59a2\" data-element_type=\"widget\" data-widget_type=\"text-editor.default\">\n\t\t\t\t<div class=\"elementor-widget-container\">\n\t\t\t\t\t\t\t\t\t<p><span style=\"font-weight: 400;\">Las delegaciones caribe\u00f1as reclaman un acceso directo a los fondos internacionales, sin condiciones de endeudamiento. Piden que se cumplan y distribuyan equitativamente las promesas de 1.300.000 millones de d\u00f3lares anuales de aqu\u00ed a 2035. <\/span><span style=\"font-weight: 400;\"><br><\/span><span style=\"font-weight: 400;\">  En las zonas paralelas de Bel\u00e9m, se est\u00e1n presentando varios proyectos de adaptaci\u00f3n: restauraci\u00f3n costera en Dominica, gesti\u00f3n sostenible del agua en Santa Luc\u00eda y reforestaci\u00f3n comunitaria en Hait\u00ed. Estas iniciativas demuestran que la regi\u00f3n ya est\u00e1 actuando, pero carece de apoyo financiero para hacer frente a los retos. <\/span><\/p>\t\t\t\t\t\t\t\t<\/div>\n\t\t\t\t<\/div>\n\t\t\t\t<section class=\"elementor-section elementor-inner-section elementor-element elementor-element-1506b78 elementor-section-boxed elementor-section-height-default elementor-section-height-default\" data-id=\"1506b78\" data-element_type=\"section\">\n\t\t\t\t\t\t<div class=\"elementor-container elementor-column-gap-default\">\n\t\t\t\t\t<div class=\"elementor-column elementor-col-50 elementor-inner-column elementor-element elementor-element-ee73c87\" data-id=\"ee73c87\" data-element_type=\"column\">\n\t\t\t<div class=\"elementor-widget-wrap elementor-element-populated\">\n\t\t\t\t\t\t<div class=\"elementor-element elementor-element-24bdcac elementor-widget elementor-widget-image\" data-id=\"24bdcac\" data-element_type=\"widget\" data-widget_type=\"image.default\">\n\t\t\t\t<div class=\"elementor-widget-container\">\n\t\t\t\t\t\t\t\t\t\t\t\t<figure class=\"wp-caption\">\n\t\t\t\t\t\t\t\t\t\t<img decoding=\"async\" width=\"800\" height=\"525\" src=\"https:\/\/richeskarayib.com\/wp-content\/uploads\/2025\/11\/\u00a9Raimundo-PaccoCOP30-3-1024x672.jpg\" class=\"attachment-large size-large wp-image-64709\" alt=\"COP30\" srcset=\"https:\/\/richeskarayib.com\/wp-content\/uploads\/2025\/11\/\u00a9Raimundo-PaccoCOP30-3-1024x672.jpg 1024w, https:\/\/richeskarayib.com\/wp-content\/uploads\/2025\/11\/\u00a9Raimundo-PaccoCOP30-3-300x197.jpg 300w, https:\/\/richeskarayib.com\/wp-content\/uploads\/2025\/11\/\u00a9Raimundo-PaccoCOP30-3-768x504.jpg 768w, https:\/\/richeskarayib.com\/wp-content\/uploads\/2025\/11\/\u00a9Raimundo-PaccoCOP30-3-1536x1008.jpg 1536w, https:\/\/richeskarayib.com\/wp-content\/uploads\/2025\/11\/\u00a9Raimundo-PaccoCOP30-3-1320x866.jpg 1320w, https:\/\/richeskarayib.com\/wp-content\/uploads\/2025\/11\/\u00a9Raimundo-PaccoCOP30-3.jpg 1920w\" sizes=\"(max-width: 800px) 100vw, 800px\" \/>\t\t\t\t\t\t\t\t\t\t\t<figcaption class=\"widget-image-caption wp-caption-text\">\u00a9Raimundo Pacco\/COP30<\/figcaption>\n\t\t\t\t\t\t\t\t\t\t<\/figure>\n\t\t\t\t\t\t\t\t\t<\/div>\n\t\t\t\t<\/div>\n\t\t\t\t\t<\/div>\n\t\t<\/div>\n\t\t\t\t<div class=\"elementor-column elementor-col-50 elementor-inner-column elementor-element elementor-element-78cd155\" data-id=\"78cd155\" data-element_type=\"column\">\n\t\t\t<div class=\"elementor-widget-wrap elementor-element-populated\">\n\t\t\t\t\t\t<div class=\"elementor-element elementor-element-32a280a elementor-widget elementor-widget-image\" data-id=\"32a280a\" data-element_type=\"widget\" data-widget_type=\"image.default\">\n\t\t\t\t<div class=\"elementor-widget-container\">\n\t\t\t\t\t\t\t\t\t\t\t\t<figure class=\"wp-caption\">\n\t\t\t\t\t\t\t\t\t\t<img loading=\"lazy\" decoding=\"async\" width=\"800\" height=\"523\" src=\"https:\/\/richeskarayib.com\/wp-content\/uploads\/2025\/11\/\u00a9Raimundo-PaccoCOP30-5-1024x669.jpg\" class=\"attachment-large size-large wp-image-64713\" alt=\"COP30\" srcset=\"https:\/\/richeskarayib.com\/wp-content\/uploads\/2025\/11\/\u00a9Raimundo-PaccoCOP30-5-1024x669.jpg 1024w, https:\/\/richeskarayib.com\/wp-content\/uploads\/2025\/11\/\u00a9Raimundo-PaccoCOP30-5-300x196.jpg 300w, https:\/\/richeskarayib.com\/wp-content\/uploads\/2025\/11\/\u00a9Raimundo-PaccoCOP30-5-768x502.jpg 768w, https:\/\/richeskarayib.com\/wp-content\/uploads\/2025\/11\/\u00a9Raimundo-PaccoCOP30-5-1536x1003.jpg 1536w, https:\/\/richeskarayib.com\/wp-content\/uploads\/2025\/11\/\u00a9Raimundo-PaccoCOP30-5-1320x862.jpg 1320w, https:\/\/richeskarayib.com\/wp-content\/uploads\/2025\/11\/\u00a9Raimundo-PaccoCOP30-5.jpg 1920w\" sizes=\"(max-width: 800px) 100vw, 800px\" \/>\t\t\t\t\t\t\t\t\t\t\t<figcaption class=\"widget-image-caption wp-caption-text\">COP30<\/figcaption>\n\t\t\t\t\t\t\t\t\t\t<\/figure>\n\t\t\t\t\t\t\t\t\t<\/div>\n\t\t\t\t<\/div>\n\t\t\t\t\t<\/div>\n\t\t<\/div>\n\t\t\t\t\t<\/div>\n\t\t<\/section>\n\t\t\t\t<section class=\"elementor-section elementor-inner-section elementor-element elementor-element-6ef69ee elementor-section-boxed elementor-section-height-default elementor-section-height-default\" data-id=\"6ef69ee\" data-element_type=\"section\">\n\t\t\t\t\t\t<div class=\"elementor-container elementor-column-gap-default\">\n\t\t\t\t\t<div class=\"elementor-column elementor-col-100 elementor-inner-column elementor-element elementor-element-db074f3\" data-id=\"db074f3\" data-element_type=\"column\">\n\t\t\t<div class=\"elementor-widget-wrap elementor-element-populated\">\n\t\t\t\t\t\t<div class=\"elementor-element elementor-element-b42cc40 elementor-widget elementor-widget-image\" data-id=\"b42cc40\" data-element_type=\"widget\" data-widget_type=\"image.default\">\n\t\t\t\t<div class=\"elementor-widget-container\">\n\t\t\t\t\t\t\t\t\t\t\t\t<figure class=\"wp-caption\">\n\t\t\t\t\t\t\t\t\t\t<img loading=\"lazy\" decoding=\"async\" width=\"800\" height=\"534\" src=\"https:\/\/richeskarayib.com\/wp-content\/uploads\/2025\/11\/\u00a9Raimundo-PaccoCOP30-1-1024x683.jpg\" class=\"attachment-large size-large wp-image-64717\" alt=\"COP30\" srcset=\"https:\/\/richeskarayib.com\/wp-content\/uploads\/2025\/11\/\u00a9Raimundo-PaccoCOP30-1-1024x683.jpg 1024w, https:\/\/richeskarayib.com\/wp-content\/uploads\/2025\/11\/\u00a9Raimundo-PaccoCOP30-1-300x200.jpg 300w, https:\/\/richeskarayib.com\/wp-content\/uploads\/2025\/11\/\u00a9Raimundo-PaccoCOP30-1-768x512.jpg 768w, https:\/\/richeskarayib.com\/wp-content\/uploads\/2025\/11\/\u00a9Raimundo-PaccoCOP30-1-1536x1024.jpg 1536w, https:\/\/richeskarayib.com\/wp-content\/uploads\/2025\/11\/\u00a9Raimundo-PaccoCOP30-1-1320x880.jpg 1320w, https:\/\/richeskarayib.com\/wp-content\/uploads\/2025\/11\/\u00a9Raimundo-PaccoCOP30-1.jpg 1920w\" sizes=\"(max-width: 800px) 100vw, 800px\" \/>\t\t\t\t\t\t\t\t\t\t\t<figcaption class=\"widget-image-caption wp-caption-text\">\u00a9Raimundo Pacco\/COP30<\/figcaption>\n\t\t\t\t\t\t\t\t\t\t<\/figure>\n\t\t\t\t\t\t\t\t\t<\/div>\n\t\t\t\t<\/div>\n\t\t\t\t\t<\/div>\n\t\t<\/div>\n\t\t\t\t\t<\/div>\n\t\t<\/section>\n\t\t\t\t<section class=\"elementor-section elementor-inner-section elementor-element elementor-element-ef88627 elementor-section-boxed elementor-section-height-default elementor-section-height-default\" data-id=\"ef88627\" data-element_type=\"section\">\n\t\t\t\t\t\t<div class=\"elementor-container elementor-column-gap-default\">\n\t\t\t\t\t<div class=\"elementor-column elementor-col-50 elementor-inner-column elementor-element elementor-element-659dd6b\" data-id=\"659dd6b\" data-element_type=\"column\">\n\t\t\t<div class=\"elementor-widget-wrap elementor-element-populated\">\n\t\t\t\t\t\t<div class=\"elementor-element elementor-element-2efdaf4 elementor-widget elementor-widget-image\" data-id=\"2efdaf4\" data-element_type=\"widget\" data-widget_type=\"image.default\">\n\t\t\t\t<div class=\"elementor-widget-container\">\n\t\t\t\t\t\t\t\t\t\t\t\t<figure class=\"wp-caption\">\n\t\t\t\t\t\t\t\t\t\t<img loading=\"lazy\" decoding=\"async\" width=\"800\" height=\"527\" src=\"https:\/\/richeskarayib.com\/wp-content\/uploads\/2025\/11\/\u00a9Raimundo-PaccoCOP30-4-1024x675.jpg\" class=\"attachment-large size-large wp-image-64721\" alt=\"COP30\" srcset=\"https:\/\/richeskarayib.com\/wp-content\/uploads\/2025\/11\/\u00a9Raimundo-PaccoCOP30-4-1024x675.jpg 1024w, https:\/\/richeskarayib.com\/wp-content\/uploads\/2025\/11\/\u00a9Raimundo-PaccoCOP30-4-300x198.jpg 300w, https:\/\/richeskarayib.com\/wp-content\/uploads\/2025\/11\/\u00a9Raimundo-PaccoCOP30-4-768x506.jpg 768w, https:\/\/richeskarayib.com\/wp-content\/uploads\/2025\/11\/\u00a9Raimundo-PaccoCOP30-4-1536x1013.jpg 1536w, https:\/\/richeskarayib.com\/wp-content\/uploads\/2025\/11\/\u00a9Raimundo-PaccoCOP30-4-1320x870.jpg 1320w, https:\/\/richeskarayib.com\/wp-content\/uploads\/2025\/11\/\u00a9Raimundo-PaccoCOP30-4.jpg 1920w\" sizes=\"(max-width: 800px) 100vw, 800px\" \/>\t\t\t\t\t\t\t\t\t\t\t<figcaption class=\"widget-image-caption wp-caption-text\">\u00a9Raimundo Pacco\/COP30<\/figcaption>\n\t\t\t\t\t\t\t\t\t\t<\/figure>\n\t\t\t\t\t\t\t\t\t<\/div>\n\t\t\t\t<\/div>\n\t\t\t\t\t<\/div>\n\t\t<\/div>\n\t\t\t\t<div class=\"elementor-column elementor-col-50 elementor-inner-column elementor-element elementor-element-1152bcb\" data-id=\"1152bcb\" data-element_type=\"column\">\n\t\t\t<div class=\"elementor-widget-wrap elementor-element-populated\">\n\t\t\t\t\t\t<div class=\"elementor-element elementor-element-1df32e4 elementor-widget elementor-widget-image\" data-id=\"1df32e4\" data-element_type=\"widget\" data-widget_type=\"image.default\">\n\t\t\t\t<div class=\"elementor-widget-container\">\n\t\t\t\t\t\t\t\t\t\t\t\t<figure class=\"wp-caption\">\n\t\t\t\t\t\t\t\t\t\t<img loading=\"lazy\" decoding=\"async\" width=\"800\" height=\"545\" src=\"https:\/\/richeskarayib.com\/wp-content\/uploads\/2025\/11\/\u00a9Raimundo-PaccoCOP30-6-1024x698.jpg\" class=\"attachment-large size-large wp-image-64725\" alt=\"COP30\" srcset=\"https:\/\/richeskarayib.com\/wp-content\/uploads\/2025\/11\/\u00a9Raimundo-PaccoCOP30-6-1024x698.jpg 1024w, https:\/\/richeskarayib.com\/wp-content\/uploads\/2025\/11\/\u00a9Raimundo-PaccoCOP30-6-300x204.jpg 300w, https:\/\/richeskarayib.com\/wp-content\/uploads\/2025\/11\/\u00a9Raimundo-PaccoCOP30-6-768x523.jpg 768w, https:\/\/richeskarayib.com\/wp-content\/uploads\/2025\/11\/\u00a9Raimundo-PaccoCOP30-6-1536x1046.jpg 1536w, https:\/\/richeskarayib.com\/wp-content\/uploads\/2025\/11\/\u00a9Raimundo-PaccoCOP30-6-1320x899.jpg 1320w, https:\/\/richeskarayib.com\/wp-content\/uploads\/2025\/11\/\u00a9Raimundo-PaccoCOP30-6.jpg 1920w\" sizes=\"(max-width: 800px) 100vw, 800px\" \/>\t\t\t\t\t\t\t\t\t\t\t<figcaption class=\"widget-image-caption wp-caption-text\">\u00a9Raimundo Pacco\/COP30<\/figcaption>\n\t\t\t\t\t\t\t\t\t\t<\/figure>\n\t\t\t\t\t\t\t\t\t<\/div>\n\t\t\t\t<\/div>\n\t\t\t\t\t<\/div>\n\t\t<\/div>\n\t\t\t\t\t<\/div>\n\t\t<\/section>\n\t\t\t\t\t<\/div>\n\t\t<\/div>\n\t\t\t\t\t<\/div>\n\t\t<\/section>\n\t\t\t\t<section class=\"elementor-section elementor-top-section elementor-element elementor-element-103aced elementor-section-boxed elementor-section-height-default elementor-section-height-default\" data-id=\"103aced\" data-element_type=\"section\">\n\t\t\t\t\t\t<div class=\"elementor-container elementor-column-gap-default\">\n\t\t\t\t\t<div class=\"elementor-column elementor-col-100 elementor-top-column elementor-element elementor-element-e34f9f4\" data-id=\"e34f9f4\" data-element_type=\"column\">\n\t\t\t<div class=\"elementor-widget-wrap elementor-element-populated\">\n\t\t\t\t\t\t<div class=\"elementor-element elementor-element-c643e86 elementor-widget elementor-widget-heading\" data-id=\"c643e86\" data-element_type=\"widget\" data-widget_type=\"heading.default\">\n\t\t\t\t<div class=\"elementor-widget-container\">\n\t\t\t\t\t<h2 class=\"elementor-heading-title elementor-size-default\">Diferencias persistentes entre el Norte y el Sur<\/h2>\t\t\t\t<\/div>\n\t\t\t\t<\/div>\n\t\t\t\t<div class=\"elementor-element elementor-element-f783f1a elementor-widget elementor-widget-text-editor\" data-id=\"f783f1a\" data-element_type=\"widget\" data-widget_type=\"text-editor.default\">\n\t\t\t\t<div class=\"elementor-widget-container\">\n\t\t\t\t\t\t\t\t\t<p><span style=\"font-weight: 400;\">Los debates de la COP30 revelan tensiones estructurales entre los pa\u00edses industrializados y los pa\u00edses vulnerables. El debate sobre la financiaci\u00f3n clim\u00e1tica cristaliza los desacuerdos. Las naciones del Norte reconocen la necesidad de aumentar su contribuci\u00f3n, pero sin precisar las condiciones de transferencia ni los criterios de acceso.  <\/span><\/p>\t\t\t\t\t\t\t\t<\/div>\n\t\t\t\t<\/div>\n\t\t\t\t<div class=\"elementor-element elementor-element-8874abd elementor-widget elementor-widget-text-editor\" data-id=\"8874abd\" data-element_type=\"widget\" data-widget_type=\"text-editor.default\">\n\t\t\t\t<div class=\"elementor-widget-container\">\n\t\t\t\t\t\t\t\t\t<p><span style=\"font-weight: 400;\">La iniciativa &#8220;Together4Transparency&#8221; pretende establecer un marco universal de seguimiento de los compromisos, que garantice datos p\u00fablicos y comparables. Para los peque\u00f1os Estados insulares, esta transparencia pondr\u00e1 de relieve sus esfuerzos, a menudo invisibles en las evaluaciones globales. <\/span><span style=\"font-weight: 400;\"><br><\/span><span style=\"font-weight: 400;\">  Las delegaciones de los territorios tropicales insisten en una ecuaci\u00f3n sencilla: sin financiaci\u00f3n justa, no puede haber adaptaci\u00f3n. Por tanto, los negociadores deben decidir entre ret\u00f3rica y responsabilidad, entre compromisos financieros y verdadera justicia clim\u00e1tica. <\/span><\/p>\t\t\t\t\t\t\t\t<\/div>\n\t\t\t\t<\/div>\n\t\t\t\t\t<\/div>\n\t\t<\/div>\n\t\t\t\t\t<\/div>\n\t\t<\/section>\n\t\t\t\t<section class=\"elementor-section elementor-top-section elementor-element elementor-element-f5709a6 elementor-section-boxed elementor-section-height-default elementor-section-height-default\" data-id=\"f5709a6\" data-element_type=\"section\">\n\t\t\t\t\t\t<div class=\"elementor-container elementor-column-gap-default\">\n\t\t\t\t\t<div class=\"elementor-column elementor-col-100 elementor-top-column elementor-element elementor-element-957be6f\" data-id=\"957be6f\" data-element_type=\"column\">\n\t\t\t<div class=\"elementor-widget-wrap elementor-element-populated\">\n\t\t\t\t\t\t<div class=\"elementor-element elementor-element-22c0a08 elementor-widget elementor-widget-heading\" data-id=\"22c0a08\" data-element_type=\"widget\" data-widget_type=\"heading.default\">\n\t\t\t\t<div class=\"elementor-widget-container\">\n\t\t\t\t\t<h2 class=\"elementor-heading-title elementor-size-default\">Bel\u00e9m, s\u00edmbolo de una gobernanza clim\u00e1tica renovada<\/h2>\t\t\t\t<\/div>\n\t\t\t\t<\/div>\n\t\t\t\t<div class=\"elementor-element elementor-element-953f6e4 elementor-widget elementor-widget-text-editor\" data-id=\"953f6e4\" data-element_type=\"widget\" data-widget_type=\"text-editor.default\">\n\t\t\t\t<div class=\"elementor-widget-container\">\n\t\t\t\t\t\t\t\t\t<p><span style=\"font-weight: 400;\">La ciudad de Bel\u00e9m encarna las contradicciones del mundo actual: vulnerabilidad ecol\u00f3gica, esperanzas colectivas y limitaciones log\u00edsticas. A pesar de los retos organizativos, esta COP30 ha sido testigo de una movilizaci\u00f3n sin precedentes de la sociedad civil y las comunidades locales. <\/span><span style=\"font-weight: 400;\"><br><\/span><span style=\"font-weight: 400;\">  Brasil, como pa\u00eds anfitri\u00f3n, hace valer su papel de mediador entre los grandes emisores y las naciones vulnerables. La Amazonia se convierte as\u00ed en un espejo global: preservar sus bosques significa proteger las islas, deltas y costas amenazadas. <\/span><span style=\"font-weight: 400;\"><br><\/span><span style=\"font-weight: 400;\">  Los pueblos ind\u00edgenas de la Amazonia y los representantes del Caribe comparten la misma reivindicaci\u00f3n: ser escuchados, participar en la toma de decisiones y beneficiarse de los recursos necesarios para proteger sus territorios.<\/span><\/p>\t\t\t\t\t\t\t\t<\/div>\n\t\t\t\t<\/div>\n\t\t\t\t<section class=\"elementor-section elementor-inner-section elementor-element elementor-element-3c314dd elementor-section-boxed elementor-section-height-default elementor-section-height-default\" data-id=\"3c314dd\" data-element_type=\"section\">\n\t\t\t\t\t\t<div class=\"elementor-container elementor-column-gap-default\">\n\t\t\t\t\t<div class=\"elementor-column elementor-col-100 elementor-inner-column elementor-element elementor-element-24da749\" data-id=\"24da749\" data-element_type=\"column\">\n\t\t\t<div class=\"elementor-widget-wrap elementor-element-populated\">\n\t\t\t\t\t\t<div class=\"elementor-element elementor-element-95fdce8 elementor-widget elementor-widget-image\" data-id=\"95fdce8\" data-element_type=\"widget\" data-widget_type=\"image.default\">\n\t\t\t\t<div class=\"elementor-widget-container\">\n\t\t\t\t\t\t\t\t\t\t\t\t<figure class=\"wp-caption\">\n\t\t\t\t\t\t\t\t\t\t<img loading=\"lazy\" decoding=\"async\" width=\"800\" height=\"533\" src=\"https:\/\/richeskarayib.com\/wp-content\/uploads\/2025\/11\/\u00a9Alex-Ferro-COP30-1-1024x682.jpg\" class=\"attachment-large size-large wp-image-64681\" alt=\"COP30\" srcset=\"https:\/\/richeskarayib.com\/wp-content\/uploads\/2025\/11\/\u00a9Alex-Ferro-COP30-1-1024x682.jpg 1024w, https:\/\/richeskarayib.com\/wp-content\/uploads\/2025\/11\/\u00a9Alex-Ferro-COP30-1-300x200.jpg 300w, https:\/\/richeskarayib.com\/wp-content\/uploads\/2025\/11\/\u00a9Alex-Ferro-COP30-1-768x512.jpg 768w, https:\/\/richeskarayib.com\/wp-content\/uploads\/2025\/11\/\u00a9Alex-Ferro-COP30-1-1536x1023.jpg 1536w, https:\/\/richeskarayib.com\/wp-content\/uploads\/2025\/11\/\u00a9Alex-Ferro-COP30-1-1320x879.jpg 1320w, https:\/\/richeskarayib.com\/wp-content\/uploads\/2025\/11\/\u00a9Alex-Ferro-COP30-1.jpg 1920w\" sizes=\"(max-width: 800px) 100vw, 800px\" \/>\t\t\t\t\t\t\t\t\t\t\t<figcaption class=\"widget-image-caption wp-caption-text\">@ALEXFERROFOTOGAFO<\/figcaption>\n\t\t\t\t\t\t\t\t\t\t<\/figure>\n\t\t\t\t\t\t\t\t\t<\/div>\n\t\t\t\t<\/div>\n\t\t\t\t\t<\/div>\n\t\t<\/div>\n\t\t\t\t\t<\/div>\n\t\t<\/section>\n\t\t\t\t<section class=\"elementor-section elementor-inner-section elementor-element elementor-element-721d4ec elementor-section-boxed elementor-section-height-default elementor-section-height-default\" data-id=\"721d4ec\" data-element_type=\"section\">\n\t\t\t\t\t\t<div class=\"elementor-container elementor-column-gap-default\">\n\t\t\t\t\t<div class=\"elementor-column elementor-col-33 elementor-inner-column elementor-element elementor-element-e579e58\" data-id=\"e579e58\" data-element_type=\"column\">\n\t\t\t<div class=\"elementor-widget-wrap elementor-element-populated\">\n\t\t\t\t\t\t<div class=\"elementor-element elementor-element-712cb04 elementor-widget elementor-widget-image\" data-id=\"712cb04\" data-element_type=\"widget\" data-widget_type=\"image.default\">\n\t\t\t\t<div class=\"elementor-widget-container\">\n\t\t\t\t\t\t\t\t\t\t\t\t<figure class=\"wp-caption\">\n\t\t\t\t\t\t\t\t\t\t<img loading=\"lazy\" decoding=\"async\" width=\"800\" height=\"534\" src=\"https:\/\/richeskarayib.com\/wp-content\/uploads\/2025\/11\/\u00a9Alex-Ferro-COP30-2-1024x683.jpg\" class=\"attachment-large size-large wp-image-64689\" alt=\"COP30\" srcset=\"https:\/\/richeskarayib.com\/wp-content\/uploads\/2025\/11\/\u00a9Alex-Ferro-COP30-2-1024x683.jpg 1024w, https:\/\/richeskarayib.com\/wp-content\/uploads\/2025\/11\/\u00a9Alex-Ferro-COP30-2-300x200.jpg 300w, https:\/\/richeskarayib.com\/wp-content\/uploads\/2025\/11\/\u00a9Alex-Ferro-COP30-2-768x512.jpg 768w, https:\/\/richeskarayib.com\/wp-content\/uploads\/2025\/11\/\u00a9Alex-Ferro-COP30-2-1536x1024.jpg 1536w, https:\/\/richeskarayib.com\/wp-content\/uploads\/2025\/11\/\u00a9Alex-Ferro-COP30-2-1320x880.jpg 1320w, https:\/\/richeskarayib.com\/wp-content\/uploads\/2025\/11\/\u00a9Alex-Ferro-COP30-2.jpg 1920w\" sizes=\"(max-width: 800px) 100vw, 800px\" \/>\t\t\t\t\t\t\t\t\t\t\t<figcaption class=\"widget-image-caption wp-caption-text\">@ALEXFERROFOTOGAFO<\/figcaption>\n\t\t\t\t\t\t\t\t\t\t<\/figure>\n\t\t\t\t\t\t\t\t\t<\/div>\n\t\t\t\t<\/div>\n\t\t\t\t\t<\/div>\n\t\t<\/div>\n\t\t\t\t<div class=\"elementor-column elementor-col-33 elementor-inner-column elementor-element elementor-element-952ae13\" data-id=\"952ae13\" data-element_type=\"column\">\n\t\t\t<div class=\"elementor-widget-wrap elementor-element-populated\">\n\t\t\t\t\t\t<div class=\"elementor-element elementor-element-b3fa0fb elementor-widget elementor-widget-image\" data-id=\"b3fa0fb\" data-element_type=\"widget\" data-widget_type=\"image.default\">\n\t\t\t\t<div class=\"elementor-widget-container\">\n\t\t\t\t\t\t\t\t\t\t\t\t<figure class=\"wp-caption\">\n\t\t\t\t\t\t\t\t\t\t<img loading=\"lazy\" decoding=\"async\" width=\"800\" height=\"533\" src=\"https:\/\/richeskarayib.com\/wp-content\/uploads\/2025\/11\/\u00a9Alex-Ferro-COP30-3-1024x682.jpg\" class=\"attachment-large size-large wp-image-64693\" alt=\"COP30\" srcset=\"https:\/\/richeskarayib.com\/wp-content\/uploads\/2025\/11\/\u00a9Alex-Ferro-COP30-3-1024x682.jpg 1024w, https:\/\/richeskarayib.com\/wp-content\/uploads\/2025\/11\/\u00a9Alex-Ferro-COP30-3-300x200.jpg 300w, https:\/\/richeskarayib.com\/wp-content\/uploads\/2025\/11\/\u00a9Alex-Ferro-COP30-3-768x512.jpg 768w, https:\/\/richeskarayib.com\/wp-content\/uploads\/2025\/11\/\u00a9Alex-Ferro-COP30-3-1536x1023.jpg 1536w, https:\/\/richeskarayib.com\/wp-content\/uploads\/2025\/11\/\u00a9Alex-Ferro-COP30-3-1320x879.jpg 1320w, https:\/\/richeskarayib.com\/wp-content\/uploads\/2025\/11\/\u00a9Alex-Ferro-COP30-3.jpg 1920w\" sizes=\"(max-width: 800px) 100vw, 800px\" \/>\t\t\t\t\t\t\t\t\t\t\t<figcaption class=\"widget-image-caption wp-caption-text\">@ALEXFERROFOTOGAFO<\/figcaption>\n\t\t\t\t\t\t\t\t\t\t<\/figure>\n\t\t\t\t\t\t\t\t\t<\/div>\n\t\t\t\t<\/div>\n\t\t\t\t\t<\/div>\n\t\t<\/div>\n\t\t\t\t<div class=\"elementor-column elementor-col-33 elementor-inner-column elementor-element elementor-element-1a4eb3e\" data-id=\"1a4eb3e\" data-element_type=\"column\">\n\t\t\t<div class=\"elementor-widget-wrap elementor-element-populated\">\n\t\t\t\t\t\t<div class=\"elementor-element elementor-element-e524771 elementor-widget elementor-widget-image\" data-id=\"e524771\" data-element_type=\"widget\" data-widget_type=\"image.default\">\n\t\t\t\t<div class=\"elementor-widget-container\">\n\t\t\t\t\t\t\t\t\t\t\t\t<figure class=\"wp-caption\">\n\t\t\t\t\t\t\t\t\t\t<img loading=\"lazy\" decoding=\"async\" width=\"800\" height=\"534\" src=\"https:\/\/richeskarayib.com\/wp-content\/uploads\/2025\/11\/\u00a9Alex-Ferro-COP30-4-1024x683.jpg\" class=\"attachment-large size-large wp-image-64697\" alt=\"COP30\" srcset=\"https:\/\/richeskarayib.com\/wp-content\/uploads\/2025\/11\/\u00a9Alex-Ferro-COP30-4-1024x683.jpg 1024w, https:\/\/richeskarayib.com\/wp-content\/uploads\/2025\/11\/\u00a9Alex-Ferro-COP30-4-300x200.jpg 300w, https:\/\/richeskarayib.com\/wp-content\/uploads\/2025\/11\/\u00a9Alex-Ferro-COP30-4-768x512.jpg 768w, https:\/\/richeskarayib.com\/wp-content\/uploads\/2025\/11\/\u00a9Alex-Ferro-COP30-4-1536x1024.jpg 1536w, https:\/\/richeskarayib.com\/wp-content\/uploads\/2025\/11\/\u00a9Alex-Ferro-COP30-4-1320x880.jpg 1320w, https:\/\/richeskarayib.com\/wp-content\/uploads\/2025\/11\/\u00a9Alex-Ferro-COP30-4.jpg 1920w\" sizes=\"(max-width: 800px) 100vw, 800px\" \/>\t\t\t\t\t\t\t\t\t\t\t<figcaption class=\"widget-image-caption wp-caption-text\">@ALEXFERROFOTOGAFO<\/figcaption>\n\t\t\t\t\t\t\t\t\t\t<\/figure>\n\t\t\t\t\t\t\t\t\t<\/div>\n\t\t\t\t<\/div>\n\t\t\t\t\t<\/div>\n\t\t<\/div>\n\t\t\t\t\t<\/div>\n\t\t<\/section>\n\t\t\t\t\t<\/div>\n\t\t<\/div>\n\t\t\t\t\t<\/div>\n\t\t<\/section>\n\t\t\t\t<section class=\"elementor-section elementor-top-section elementor-element elementor-element-b384454 elementor-section-boxed elementor-section-height-default elementor-section-height-default\" data-id=\"b384454\" data-element_type=\"section\">\n\t\t\t\t\t\t<div class=\"elementor-container elementor-column-gap-default\">\n\t\t\t\t\t<div class=\"elementor-column elementor-col-100 elementor-top-column elementor-element elementor-element-9d68ac9\" data-id=\"9d68ac9\" data-element_type=\"column\">\n\t\t\t<div class=\"elementor-widget-wrap elementor-element-populated\">\n\t\t\t\t\t\t<div class=\"elementor-element elementor-element-943d617 elementor-widget elementor-widget-heading\" data-id=\"943d617\" data-element_type=\"widget\" data-widget_type=\"heading.default\">\n\t\t\t\t<div class=\"elementor-widget-container\">\n\t\t\t\t\t<h2 class=\"elementor-heading-title elementor-size-default\">Una COP30 decisiva para el Caribe y el mundo<\/h2>\t\t\t\t<\/div>\n\t\t\t\t<\/div>\n\t\t\t\t<div class=\"elementor-element elementor-element-be82e96 elementor-widget elementor-widget-text-editor\" data-id=\"be82e96\" data-element_type=\"widget\" data-widget_type=\"text-editor.default\">\n\t\t\t\t<div class=\"elementor-widget-container\">\n\t\t\t\t\t\t\t\t\t<p><span style=\"font-weight: 400;\">Mientras contin\u00faan las negociaciones, la COP30 se perfila como el momento de la verdad. El Caribe espera ver consagradas sus prioridades en el texto final: financiaci\u00f3n justa, inclusi\u00f3n institucional y reconocimiento del papel de los territorios tropicales en la regulaci\u00f3n del clima. <\/span><span style=\"font-weight: 400;\"><br><\/span><span style=\"font-weight: 400;\">  La reuni\u00f3n de Bel\u00e9m podr\u00eda marcar el inicio de un cambio profundo, en el que las peque\u00f1as naciones insulares dejen de ser espectadores y se conviertan en socios de una gobernanza mundial equilibrada.<\/span><span style=\"font-weight: 400;\"><br><\/span><span style=\"font-weight: 400;\">  La COP30, m\u00e1s que una cumbre, act\u00faa como una br\u00fajula para las pr\u00f3ximas d\u00e9cadas. Si las decisiones tomadas en Bel\u00e9m se traducen en acciones concretas, podr\u00edan transformar el futuro del Caribe y de todo el mundo tropical, unidos por la misma necesidad urgente de sobrevivir en un clima que cambia r\u00e1pidamente. <\/span><\/p>\t\t\t\t\t\t\t\t<\/div>\n\t\t\t\t<\/div>\n\t\t\t\t\t<\/div>\n\t\t<\/div>\n\t\t\t\t\t<\/div>\n\t\t<\/section>\n\t\t\t\t<\/div>\n\t\t","protected":false},"excerpt":{"rendered":"<p>La COP30 se celebra en Bel\u00e9m, en el estado de Par\u00e1, Brasil, del 10 al 21 de noviembre de 2025. Esta 30\u1d49 Conferencia de las Naciones Unidas sobre el Cambio Clim\u00e1tico se celebra por primera vez en el coraz\u00f3n de laAmazonia, s\u00edmbolo de un ecosistema vital para el planeta. A trav\u00e9s de esta COP30, los [&hellip;]<\/p>\n","protected":false},"author":662,"featured_media":64676,"comment_status":"open","ping_status":"open","sticky":false,"template":"","format":"standard","meta":{"_acf_changed":false,"footnotes":""},"categories":[1791],"tags":[1806],"class_list":["post-64727","post","type-post","status-publish","format-standard","has-post-thumbnail","hentry","category-cooperacion","tag-brasil"],"acf":[],"_links":{"self":[{"href":"https:\/\/richeskarayib.com\/es\/wp-json\/wp\/v2\/posts\/64727","targetHints":{"allow":["GET"]}}],"collection":[{"href":"https:\/\/richeskarayib.com\/es\/wp-json\/wp\/v2\/posts"}],"about":[{"href":"https:\/\/richeskarayib.com\/es\/wp-json\/wp\/v2\/types\/post"}],"author":[{"embeddable":true,"href":"https:\/\/richeskarayib.com\/es\/wp-json\/wp\/v2\/users\/662"}],"replies":[{"embeddable":true,"href":"https:\/\/richeskarayib.com\/es\/wp-json\/wp\/v2\/comments?post=64727"}],"version-history":[{"count":0,"href":"https:\/\/richeskarayib.com\/es\/wp-json\/wp\/v2\/posts\/64727\/revisions"}],"wp:featuredmedia":[{"embeddable":true,"href":"https:\/\/richeskarayib.com\/es\/wp-json\/wp\/v2\/media\/64676"}],"wp:attachment":[{"href":"https:\/\/richeskarayib.com\/es\/wp-json\/wp\/v2\/media?parent=64727"}],"wp:term":[{"taxonomy":"category","embeddable":true,"href":"https:\/\/richeskarayib.com\/es\/wp-json\/wp\/v2\/categories?post=64727"},{"taxonomy":"post_tag","embeddable":true,"href":"https:\/\/richeskarayib.com\/es\/wp-json\/wp\/v2\/tags?post=64727"}],"curies":[{"name":"wp","href":"https:\/\/api.w.org\/{rel}","templated":true}]}}