{"id":64752,"date":"2025-11-13T06:38:57","date_gmt":"2025-11-13T10:38:57","guid":{"rendered":"https:\/\/richeskarayib.com\/haiti-konpa-un-patrimonio-vivo-que-pronto-sera-incluido-en-la-lista-de-la-unesco\/"},"modified":"2025-11-13T06:38:58","modified_gmt":"2025-11-13T10:38:58","slug":"haiti-konpa-un-patrimonio-vivo-que-pronto-sera-incluido-en-la-lista-de-la-unesco","status":"publish","type":"post","link":"https:\/\/richeskarayib.com\/es\/haiti-konpa-un-patrimonio-vivo-que-pronto-sera-incluido-en-la-lista-de-la-unesco\/","title":{"rendered":"Hait\u00ed &#8211; Konpa: un patrimonio vivo que pronto ser\u00e1 incluido en la lista de la UNESCO"},"content":{"rendered":"\t\t<div data-elementor-type=\"wp-post\" data-elementor-id=\"64752\" class=\"elementor elementor-64752 elementor-64730\" data-elementor-post-type=\"post\">\n\t\t\t\t\t\t<section class=\"elementor-section elementor-top-section elementor-element elementor-element-7ca7ca1 elementor-section-boxed elementor-section-height-default elementor-section-height-default\" data-id=\"7ca7ca1\" data-element_type=\"section\">\n\t\t\t\t\t\t<div class=\"elementor-container elementor-column-gap-default\">\n\t\t\t\t\t<div class=\"elementor-column elementor-col-100 elementor-top-column elementor-element elementor-element-cbdd002\" data-id=\"cbdd002\" data-element_type=\"column\">\n\t\t\t<div class=\"elementor-widget-wrap elementor-element-populated\">\n\t\t\t\t\t\t<section class=\"elementor-section elementor-inner-section elementor-element elementor-element-bc94849 elementor-section-boxed elementor-section-height-default elementor-section-height-default\" data-id=\"bc94849\" data-element_type=\"section\">\n\t\t\t\t\t\t<div class=\"elementor-container elementor-column-gap-default\">\n\t\t\t\t\t\t<\/div>\n\t\t<\/section>\n\t\t\t\t<section class=\"elementor-section elementor-inner-section elementor-element elementor-element-61571e6 elementor-section-boxed elementor-section-height-default elementor-section-height-default\" data-id=\"61571e6\" data-element_type=\"section\">\n\t\t\t\t\t\t<div class=\"elementor-container elementor-column-gap-default\">\n\t\t\t\t\t\t<\/div>\n\t\t<\/section>\n\t\t\t\t<section class=\"elementor-section elementor-inner-section elementor-element elementor-element-b6262e0 elementor-section-boxed elementor-section-height-default elementor-section-height-default\" data-id=\"b6262e0\" data-element_type=\"section\">\n\t\t\t\t\t\t<div class=\"elementor-container elementor-column-gap-default\">\n\t\t\t\t\t\t<\/div>\n\t\t<\/section>\n\t\t\t\t<section class=\"elementor-section elementor-inner-section elementor-element elementor-element-cca29fd elementor-section-boxed elementor-section-height-default elementor-section-height-default\" data-id=\"cca29fd\" data-element_type=\"section\">\n\t\t\t\t\t\t<div class=\"elementor-container elementor-column-gap-default\">\n\t\t\t\t\t\t<\/div>\n\t\t<\/section>\n\t\t\t\t\t<\/div>\n\t\t<\/div>\n\t\t\t\t\t<\/div>\n\t\t<\/section>\n\t\t\t\t<section class=\"elementor-section elementor-top-section elementor-element elementor-element-82cd8f9 elementor-section-boxed elementor-section-height-default elementor-section-height-default\" data-id=\"82cd8f9\" data-element_type=\"section\">\n\t\t\t\t\t\t<div class=\"elementor-container elementor-column-gap-default\">\n\t\t\t\t\t<div class=\"elementor-column elementor-col-100 elementor-top-column elementor-element elementor-element-0bfdc38\" data-id=\"0bfdc38\" data-element_type=\"column\">\n\t\t\t<div class=\"elementor-widget-wrap elementor-element-populated\">\n\t\t\t\t\t\t<div class=\"elementor-element elementor-element-96caf50 elementor-widget elementor-widget-text-editor\" data-id=\"96caf50\" data-element_type=\"widget\" data-widget_type=\"text-editor.default\">\n\t\t\t\t<div class=\"elementor-widget-container\">\n\t\t\t\t\t\t\t\t\t<p><span style=\"font-weight: 400;\"><a href=\"https:\/\/haitiantimes.com\/2025\/10\/12\/konpa-dance-haitian-music-cap-haitien\/\" target=\"_blank\" rel=\"noopener nofollow\">La konpa<\/a>, espina dorsal de la identidad musical haitiana desde hace casi setenta a\u00f1os, ha dado un paso decisivo hacia el reconocimiento mundial. El comit\u00e9 t\u00e9cnico de expertos de<g id=\"gid_1\">la UNESCO<\/g> ha emitido un dictamen favorable a su inscripci\u00f3n en la Lista Representativa del Patrimonio Cultural Inmaterial de la Humanidad. La decisi\u00f3n final se espera entre el 8 y el 13 de diciembre de 2025 en la India, en la reuni\u00f3n del Comit\u00e9 Intergubernamental para la Salvaguardia del Patrimonio Cultural Inmaterial.  <\/span><span style=\"font-weight: 400;\"><br><\/span><span style=\"font-weight: 400;\">  Para Hait\u00ed, es mucho m\u00e1s que un proceso administrativo: es la validaci\u00f3n internacional de una forma de arte que encarna la memoria, la alegr\u00eda, la resistencia y el orgullo de un pueblo.<\/span><\/p>\t\t\t\t\t\t\t\t<\/div>\n\t\t\t\t<\/div>\n\t\t\t\t<section class=\"elementor-section elementor-inner-section elementor-element elementor-element-c582330 elementor-section-boxed elementor-section-height-default elementor-section-height-default\" data-id=\"c582330\" data-element_type=\"section\">\n\t\t\t\t\t\t<div class=\"elementor-container elementor-column-gap-default\">\n\t\t\t\t\t\t<\/div>\n\t\t<\/section>\n\t\t\t\t<section class=\"elementor-section elementor-inner-section elementor-element elementor-element-296603a elementor-section-boxed elementor-section-height-default elementor-section-height-default\" data-id=\"296603a\" data-element_type=\"section\">\n\t\t\t\t\t\t<div class=\"elementor-container elementor-column-gap-default\">\n\t\t\t\t\t\t<\/div>\n\t\t<\/section>\n\t\t\t\t\t<\/div>\n\t\t<\/div>\n\t\t\t\t\t<\/div>\n\t\t<\/section>\n\t\t\t\t<section class=\"elementor-section elementor-top-section elementor-element elementor-element-5a7397d elementor-section-boxed elementor-section-height-default elementor-section-height-default\" data-id=\"5a7397d\" data-element_type=\"section\">\n\t\t\t\t\t\t<div class=\"elementor-container elementor-column-gap-default\">\n\t\t\t\t\t<div class=\"elementor-column elementor-col-100 elementor-top-column elementor-element elementor-element-8b33b4b\" data-id=\"8b33b4b\" data-element_type=\"column\">\n\t\t\t<div class=\"elementor-widget-wrap elementor-element-populated\">\n\t\t\t\t\t\t<div class=\"elementor-element elementor-element-89dac4b elementor-widget elementor-widget-heading\" data-id=\"89dac4b\" data-element_type=\"widget\" data-widget_type=\"heading.default\">\n\t\t\t\t<div class=\"elementor-widget-container\">\n\t\t\t\t\t<h2 class=\"elementor-heading-title elementor-size-default\">M\u00fasica creada por el ingenio haitiano<\/h2>\t\t\t\t<\/div>\n\t\t\t\t<\/div>\n\t\t\t\t<div class=\"elementor-element elementor-element-43a45ac elementor-widget elementor-widget-text-editor\" data-id=\"43a45ac\" data-element_type=\"widget\" data-widget_type=\"text-editor.default\">\n\t\t\t\t<div class=\"elementor-widget-container\">\n\t\t\t\t\t\t\t\t\t<p><span style=\"font-weight: 400;\">Konpa naci\u00f3 a mediados de la d\u00e9cada de 1950 bajo el impulso de Nemours Jean-Baptiste, que invent\u00f3 un nuevo estilo r\u00edtmico estructurado, accesible y profundamente arraigado en la est\u00e9tica haitiana.<\/span><span style=\"font-weight: 400;\"><br><\/span><span style=\"font-weight: 400;\">  La m\u00fasica pronto traspas\u00f3 clases sociales, barrios y generaciones. En bailes, celebraciones oficiales, en la radio, en escenarios internacionales o en el coraz\u00f3n de la di\u00e1spora, el konpa se convirti\u00f3 en un lenguaje com\u00fan, un marcador de identidad que acompa\u00f1aba todas las etapas de la vida.   <\/span><span style=\"font-weight: 400;\">Su fuerza reside en su capacidad de unir. Da igual que est\u00e9s en Puerto Pr\u00edncipe, Montreal, Miami, Par\u00eds o P\u00e9tion-Ville, Konpa crea la misma emoci\u00f3n: un sentimiento de pertenencia. <\/span><\/p>\t\t\t\t\t\t\t\t<\/div>\n\t\t\t\t<\/div>\n\t\t\t\t<div class=\"elementor-element elementor-element-fee171c elementor-widget elementor-widget-image\" data-id=\"fee171c\" data-element_type=\"widget\" data-widget_type=\"image.default\">\n\t\t\t\t<div class=\"elementor-widget-container\">\n\t\t\t\t\t\t\t\t\t\t\t\t\t\t\t<img fetchpriority=\"high\" decoding=\"async\" width=\"800\" height=\"588\" src=\"https:\/\/richeskarayib.com\/wp-content\/uploads\/2025\/11\/stock-photo-people-dancing-kizomba-on-the-dance-floor-1553116145-1024x752.jpeg\" class=\"attachment-large size-large wp-image-64738\" alt=\"Konpa\" srcset=\"https:\/\/richeskarayib.com\/wp-content\/uploads\/2025\/11\/stock-photo-people-dancing-kizomba-on-the-dance-floor-1553116145-1024x752.jpeg 1024w, https:\/\/richeskarayib.com\/wp-content\/uploads\/2025\/11\/stock-photo-people-dancing-kizomba-on-the-dance-floor-1553116145-300x220.jpeg 300w, https:\/\/richeskarayib.com\/wp-content\/uploads\/2025\/11\/stock-photo-people-dancing-kizomba-on-the-dance-floor-1553116145-768x564.jpeg 768w, https:\/\/richeskarayib.com\/wp-content\/uploads\/2025\/11\/stock-photo-people-dancing-kizomba-on-the-dance-floor-1553116145.jpeg 1280w\" sizes=\"(max-width: 800px) 100vw, 800px\" \/>\t\t\t\t\t\t\t\t\t\t\t\t\t\t\t<\/div>\n\t\t\t\t<\/div>\n\t\t\t\t\t<\/div>\n\t\t<\/div>\n\t\t\t\t\t<\/div>\n\t\t<\/section>\n\t\t\t\t<section class=\"elementor-section elementor-top-section elementor-element elementor-element-ceca32c elementor-section-boxed elementor-section-height-default elementor-section-height-default\" data-id=\"ceca32c\" data-element_type=\"section\">\n\t\t\t\t\t\t<div class=\"elementor-container elementor-column-gap-default\">\n\t\t\t\t\t<div class=\"elementor-column elementor-col-100 elementor-top-column elementor-element elementor-element-5a2e383\" data-id=\"5a2e383\" data-element_type=\"column\">\n\t\t\t<div class=\"elementor-widget-wrap elementor-element-populated\">\n\t\t\t\t\t\t<div class=\"elementor-element elementor-element-6cedf5f elementor-widget elementor-widget-heading\" data-id=\"6cedf5f\" data-element_type=\"widget\" data-widget_type=\"heading.default\">\n\t\t\t\t<div class=\"elementor-widget-container\">\n\t\t\t\t\t<h2 class=\"elementor-heading-title elementor-size-default\">Una candidatura haitiana rigurosamente apoyada<\/h2>\t\t\t\t<\/div>\n\t\t\t\t<\/div>\n\t\t\t\t<div class=\"elementor-element elementor-element-e93d1fb elementor-widget elementor-widget-text-editor\" data-id=\"e93d1fb\" data-element_type=\"widget\" data-widget_type=\"text-editor.default\">\n\t\t\t\t<div class=\"elementor-widget-container\">\n\t\t\t\t\t\t\t\t\t<p><span style=\"font-weight: 400;\">El expediente de candidatura fue preparado por el Ministerio de Cultura de Hait\u00ed, con el apoyo de la Delegaci\u00f3n Permanente de Hait\u00ed ante la UNESCO y bajo la coordinaci\u00f3n del experto Ricarson Dorc\u00e9.<\/span><span style=\"font-weight: 400;\"><br><\/span><span style=\"font-weight: 400;\">  Documenta la historia de la konpa, su papel social, su evoluci\u00f3n y los esfuerzos para salvaguardarla realizados por m\u00fasicos, investigadores, asociaciones y la di\u00e1spora.<\/span><\/p><p><span style=\"font-weight: 400;\">Si se aprueba, la konpa se unir\u00e1 a otros elementos haitianos ya incluidos en la lista, como la sopa joumou y el cassave, reforzando el papel de Hait\u00ed en la preservaci\u00f3n del patrimonio inmaterial mundial.<\/span><\/p>\t\t\t\t\t\t\t\t<\/div>\n\t\t\t\t<\/div>\n\t\t\t\t<section class=\"elementor-section elementor-inner-section elementor-element elementor-element-70dc8be elementor-section-boxed elementor-section-height-default elementor-section-height-default\" data-id=\"70dc8be\" data-element_type=\"section\">\n\t\t\t\t\t\t<div class=\"elementor-container elementor-column-gap-default\">\n\t\t\t\t\t<div class=\"elementor-column elementor-col-100 elementor-inner-column elementor-element elementor-element-5e729ff\" data-id=\"5e729ff\" data-element_type=\"column\">\n\t\t\t<div class=\"elementor-widget-wrap elementor-element-populated\">\n\t\t\t\t\t\t<div class=\"elementor-element elementor-element-887035c elementor-widget elementor-widget-video\" data-id=\"887035c\" data-element_type=\"widget\" data-settings=\"{&quot;youtube_url&quot;:&quot;https:\\\/\\\/www.youtube.com\\\/watch?v=hnNGsej6a10&quot;,&quot;video_type&quot;:&quot;youtube&quot;,&quot;controls&quot;:&quot;yes&quot;}\" data-widget_type=\"video.default\">\n\t\t\t\t<div class=\"elementor-widget-container\">\n\t\t\t\t\t\t\t<div class=\"elementor-wrapper elementor-open-inline\">\n\t\t\t<div class=\"elementor-video\"><\/div>\t\t<\/div>\n\t\t\t\t\t\t<\/div>\n\t\t\t\t<\/div>\n\t\t\t\t\t<\/div>\n\t\t<\/div>\n\t\t\t\t\t<\/div>\n\t\t<\/section>\n\t\t\t\t\t<\/div>\n\t\t<\/div>\n\t\t\t\t\t<\/div>\n\t\t<\/section>\n\t\t\t\t<section class=\"elementor-section elementor-top-section elementor-element elementor-element-9c88a89 elementor-section-boxed elementor-section-height-default elementor-section-height-default\" data-id=\"9c88a89\" data-element_type=\"section\">\n\t\t\t\t\t\t<div class=\"elementor-container elementor-column-gap-default\">\n\t\t\t\t\t<div class=\"elementor-column elementor-col-100 elementor-top-column elementor-element elementor-element-78cf5d1\" data-id=\"78cf5d1\" data-element_type=\"column\">\n\t\t\t<div class=\"elementor-widget-wrap elementor-element-populated\">\n\t\t\t\t\t\t<div class=\"elementor-element elementor-element-ea2a5c1 elementor-widget elementor-widget-heading\" data-id=\"ea2a5c1\" data-element_type=\"widget\" data-widget_type=\"heading.default\">\n\t\t\t\t<div class=\"elementor-widget-container\">\n\t\t\t\t\t<h2 class=\"elementor-heading-title elementor-size-default\">Un patrimonio vivo que abarca todas las \u00e9pocas<\/h2>\t\t\t\t<\/div>\n\t\t\t\t<\/div>\n\t\t\t\t<div class=\"elementor-element elementor-element-e305eee elementor-widget elementor-widget-text-editor\" data-id=\"e305eee\" data-element_type=\"widget\" data-widget_type=\"text-editor.default\">\n\t\t\t\t<div class=\"elementor-widget-container\">\n\t\t\t\t\t\t\t\t\t<p><span style=\"font-weight: 400;\">La konpa no es una tradici\u00f3n est\u00e1tica. Es una creaci\u00f3n en movimiento, alimentada por orquestas hist\u00f3ricas -Tabou Combo, Skah Shah, DP Express, Carimi- y por nuevas generaciones de artistas que la modernizan sin traicionar su esencia. <\/span><\/p><p><span style=\"font-weight: 400;\">En la danza, Konpa revela toda su sensibilidad. La gu\u00eda, la cercan\u00eda, la fluidez de los movimientos revelan una relaci\u00f3n con el cuerpo, con la intimidad, con la complicidad. <\/span><span style=\"font-weight: 400;\"><br><\/span><span style=\"font-weight: 400;\">  Esta dimensi\u00f3n social e intergeneracional est\u00e1 en el centro mismo de los criterios de la UNESCO: la konpa es una transmisi\u00f3n viva, llevada por la familia, la escuela, los m\u00fasicos callejeros, las veladas populares y las reuniones de la di\u00e1spora.<\/span><\/p>\t\t\t\t\t\t\t\t<\/div>\n\t\t\t\t<\/div>\n\t\t\t\t<section class=\"elementor-section elementor-inner-section elementor-element elementor-element-5e7209e elementor-section-boxed elementor-section-height-default elementor-section-height-default\" data-id=\"5e7209e\" data-element_type=\"section\">\n\t\t\t\t\t\t<div class=\"elementor-container elementor-column-gap-default\">\n\t\t\t\t\t<div class=\"elementor-column elementor-col-50 elementor-inner-column elementor-element elementor-element-f666555\" data-id=\"f666555\" data-element_type=\"column\">\n\t\t\t<div class=\"elementor-widget-wrap elementor-element-populated\">\n\t\t\t\t\t\t<div class=\"elementor-element elementor-element-a1eba8c elementor-widget elementor-widget-image\" data-id=\"a1eba8c\" data-element_type=\"widget\" data-widget_type=\"image.default\">\n\t\t\t\t<div class=\"elementor-widget-container\">\n\t\t\t\t\t\t\t\t\t\t\t\t\t\t\t<img decoding=\"async\" width=\"683\" height=\"1024\" src=\"https:\/\/richeskarayib.com\/wp-content\/uploads\/2025\/11\/ChatGPT-Image-13-nov.-2025-13_59_12-683x1024.png\" class=\"attachment-large size-large wp-image-64746\" alt=\"Konpa\" srcset=\"https:\/\/richeskarayib.com\/wp-content\/uploads\/2025\/11\/ChatGPT-Image-13-nov.-2025-13_59_12-683x1024.png 683w, https:\/\/richeskarayib.com\/wp-content\/uploads\/2025\/11\/ChatGPT-Image-13-nov.-2025-13_59_12-200x300.png 200w, https:\/\/richeskarayib.com\/wp-content\/uploads\/2025\/11\/ChatGPT-Image-13-nov.-2025-13_59_12-768x1152.png 768w, https:\/\/richeskarayib.com\/wp-content\/uploads\/2025\/11\/ChatGPT-Image-13-nov.-2025-13_59_12.png 1024w\" sizes=\"(max-width: 683px) 100vw, 683px\" \/>\t\t\t\t\t\t\t\t\t\t\t\t\t\t\t<\/div>\n\t\t\t\t<\/div>\n\t\t\t\t\t<\/div>\n\t\t<\/div>\n\t\t\t\t<div class=\"elementor-column elementor-col-50 elementor-inner-column elementor-element elementor-element-b1c2cb6\" data-id=\"b1c2cb6\" data-element_type=\"column\">\n\t\t\t<div class=\"elementor-widget-wrap elementor-element-populated\">\n\t\t\t\t\t\t<div class=\"elementor-element elementor-element-6d9fbe4 elementor-widget elementor-widget-image\" data-id=\"6d9fbe4\" data-element_type=\"widget\" data-widget_type=\"image.default\">\n\t\t\t\t<div class=\"elementor-widget-container\">\n\t\t\t\t\t\t\t\t\t\t\t\t\t\t\t<img decoding=\"async\" width=\"683\" height=\"1024\" src=\"https:\/\/richeskarayib.com\/wp-content\/uploads\/2025\/11\/ChatGPT-Image-13-nov.-2025-13_59_14-683x1024.png\" class=\"attachment-large size-large wp-image-64750\" alt=\"Konpa-dance\" srcset=\"https:\/\/richeskarayib.com\/wp-content\/uploads\/2025\/11\/ChatGPT-Image-13-nov.-2025-13_59_14-683x1024.png 683w, https:\/\/richeskarayib.com\/wp-content\/uploads\/2025\/11\/ChatGPT-Image-13-nov.-2025-13_59_14-200x300.png 200w, https:\/\/richeskarayib.com\/wp-content\/uploads\/2025\/11\/ChatGPT-Image-13-nov.-2025-13_59_14-768x1152.png 768w, https:\/\/richeskarayib.com\/wp-content\/uploads\/2025\/11\/ChatGPT-Image-13-nov.-2025-13_59_14.png 1024w\" sizes=\"(max-width: 683px) 100vw, 683px\" \/>\t\t\t\t\t\t\t\t\t\t\t\t\t\t\t<\/div>\n\t\t\t\t<\/div>\n\t\t\t\t\t<\/div>\n\t\t<\/div>\n\t\t\t\t\t<\/div>\n\t\t<\/section>\n\t\t\t\t\t<\/div>\n\t\t<\/div>\n\t\t\t\t\t<\/div>\n\t\t<\/section>\n\t\t\t\t<section class=\"elementor-section elementor-top-section elementor-element elementor-element-103aced elementor-section-boxed elementor-section-height-default elementor-section-height-default\" data-id=\"103aced\" data-element_type=\"section\">\n\t\t\t\t\t\t<div class=\"elementor-container elementor-column-gap-default\">\n\t\t\t\t\t<div class=\"elementor-column elementor-col-100 elementor-top-column elementor-element elementor-element-e34f9f4\" data-id=\"e34f9f4\" data-element_type=\"column\">\n\t\t\t<div class=\"elementor-widget-wrap elementor-element-populated\">\n\t\t\t\t\t\t<div class=\"elementor-element elementor-element-c643e86 elementor-widget elementor-widget-heading\" data-id=\"c643e86\" data-element_type=\"widget\" data-widget_type=\"heading.default\">\n\t\t\t\t<div class=\"elementor-widget-container\">\n\t\t\t\t\t<h2 class=\"elementor-heading-title elementor-size-default\">Di\u00e1spora y di\u00e1logo cultural: una influencia m\u00e1s amplia<\/h2>\t\t\t\t<\/div>\n\t\t\t\t<\/div>\n\t\t\t\t<div class=\"elementor-element elementor-element-f783f1a elementor-widget elementor-widget-text-editor\" data-id=\"f783f1a\" data-element_type=\"widget\" data-widget_type=\"text-editor.default\">\n\t\t\t\t<div class=\"elementor-widget-container\">\n\t\t\t\t\t\t\t\t\t<p><span style=\"font-weight: 400;\">La di\u00e1spora haitiana ha contribuido mucho a la difusi\u00f3n de la konpa. En Nueva York, Montreal, Miami y Par\u00eds, numerosas fiestas muestran este ritmo emblem\u00e1tico, a veces en formatos de lujo que acent\u00faan su imagen de m\u00fasica elegante y estructurada, lo que muchos llaman hoy Konpa prestige. <\/span><\/p>\t\t\t\t\t\t\t\t<\/div>\n\t\t\t\t<\/div>\n\t\t\t\t<div class=\"elementor-element elementor-element-8874abd elementor-widget elementor-widget-text-editor\" data-id=\"8874abd\" data-element_type=\"widget\" data-widget_type=\"text-editor.default\">\n\t\t\t\t<div class=\"elementor-widget-container\">\n\t\t\t\t\t\t\t\t\t<p><span style=\"font-weight: 400;\">Esta influencia tambi\u00e9n va acompa\u00f1ada de di\u00e1logos culturales naturales con otras danzas afrocaribe\u00f1as:<\/span><\/p><ul><li style=\"font-weight: 400;\" aria-level=\"1\"><span style=\"font-weight: 400;\">&#8211; En Martinica y Guadalupe, el bizouk moderniza el zouk y crea v\u00ednculos r\u00edtmicos con el konpa, muy apreciados por los bailarines.<\/span><span style=\"font-weight: 400;\"><br><\/span><\/li><li style=\"font-weight: 400;\" aria-level=\"1\"><span style=\"font-weight: 400;\">&#8211; En las escuelas de danza, la kizomba, heredera de los ritmos angole\u00f1os, circula a menudo junto a la konpa gracias a sus movimientos suaves, fluidos y conectados.<\/span><span style=\"font-weight: 400;\"><br><\/span><\/li><li style=\"font-weight: 400;\" aria-level=\"1\"><span style=\"font-weight: 400;\">&#8211; El gouyad, que llevan los j\u00f3venes y es muy popular en las redes sociales, se inspira directamente en los gestos tradicionales haitianos y contribuye a la visibilidad mundial del konpa.<\/span><span style=\"font-weight: 400;\"><br><\/span><\/li><\/ul><p><span style=\"font-weight: 400;\">Estas interacciones no borran a Konpa: la amplifican, ampliando su p\u00fablico y afirmando su influencia en la escena afrodi\u00e1spora contempor\u00e1nea.<\/span><\/p>\t\t\t\t\t\t\t\t<\/div>\n\t\t\t\t<\/div>\n\t\t\t\t<div class=\"elementor-element elementor-element-fb25e26 elementor-widget elementor-widget-image\" data-id=\"fb25e26\" data-element_type=\"widget\" data-widget_type=\"image.default\">\n\t\t\t\t<div class=\"elementor-widget-container\">\n\t\t\t\t\t\t\t\t\t\t\t\t\t\t\t<img loading=\"lazy\" decoding=\"async\" width=\"800\" height=\"588\" src=\"https:\/\/richeskarayib.com\/wp-content\/uploads\/2025\/11\/stock-photo-people-dancing-kizomba-on-the-dance-floor-1553116097-1024x752.jpeg\" class=\"attachment-large size-large wp-image-64742\" alt=\"Konpa\" srcset=\"https:\/\/richeskarayib.com\/wp-content\/uploads\/2025\/11\/stock-photo-people-dancing-kizomba-on-the-dance-floor-1553116097-1024x752.jpeg 1024w, https:\/\/richeskarayib.com\/wp-content\/uploads\/2025\/11\/stock-photo-people-dancing-kizomba-on-the-dance-floor-1553116097-300x220.jpeg 300w, https:\/\/richeskarayib.com\/wp-content\/uploads\/2025\/11\/stock-photo-people-dancing-kizomba-on-the-dance-floor-1553116097-768x564.jpeg 768w, https:\/\/richeskarayib.com\/wp-content\/uploads\/2025\/11\/stock-photo-people-dancing-kizomba-on-the-dance-floor-1553116097.jpeg 1280w\" sizes=\"(max-width: 800px) 100vw, 800px\" \/>\t\t\t\t\t\t\t\t\t\t\t\t\t\t\t<\/div>\n\t\t\t\t<\/div>\n\t\t\t\t\t<\/div>\n\t\t<\/div>\n\t\t\t\t\t<\/div>\n\t\t<\/section>\n\t\t\t\t<section class=\"elementor-section elementor-top-section elementor-element elementor-element-f5709a6 elementor-section-boxed elementor-section-height-default elementor-section-height-default\" data-id=\"f5709a6\" data-element_type=\"section\">\n\t\t\t\t\t\t<div class=\"elementor-container elementor-column-gap-default\">\n\t\t\t\t\t<div class=\"elementor-column elementor-col-100 elementor-top-column elementor-element elementor-element-957be6f\" data-id=\"957be6f\" data-element_type=\"column\">\n\t\t\t<div class=\"elementor-widget-wrap elementor-element-populated\">\n\t\t\t\t\t\t<div class=\"elementor-element elementor-element-22c0a08 elementor-widget elementor-widget-heading\" data-id=\"22c0a08\" data-element_type=\"widget\" data-widget_type=\"heading.default\">\n\t\t\t\t<div class=\"elementor-widget-container\">\n\t\t\t\t\t<h2 class=\"elementor-heading-title elementor-size-default\">Un reto de transmisi\u00f3n y diplomacia cultural<\/h2>\t\t\t\t<\/div>\n\t\t\t\t<\/div>\n\t\t\t\t<div class=\"elementor-element elementor-element-953f6e4 elementor-widget elementor-widget-text-editor\" data-id=\"953f6e4\" data-element_type=\"widget\" data-widget_type=\"text-editor.default\">\n\t\t\t\t<div class=\"elementor-widget-container\">\n\t\t\t\t\t\t\t\t\t<p><span style=\"font-weight: 400;\">La inclusi\u00f3n en la lista de<a href=\"https:\/\/richeskarayib.com\/es\/unesco-informe-especial-parte-3-2016-2019-los-tesoros-culturales-del-caribe-patrimonio-inmaterial-reconocido\/\" target=\"_blank\" rel=\"noopener\">la UNESCO<\/a> ofrecer\u00eda :<\/span><\/p><ul><li style=\"font-weight: 400;\" aria-level=\"1\"><span style=\"font-weight: 400;\">&#8211; mayor protecci\u00f3n,<\/span><\/li><li style=\"font-weight: 400;\" aria-level=\"1\"><span style=\"font-weight: 400;\">&#8211; un marco institucional para la transmisi\u00f3n,<\/span><\/li><li style=\"font-weight: 400;\" aria-level=\"1\"><span style=\"font-weight: 400;\">&#8211; una mejor documentaci\u00f3n de las obras,<\/span><\/li><li style=\"font-weight: 400;\" aria-level=\"1\"><span style=\"font-weight: 400;\">&#8211; apoyo a iniciativas educativas y comunitarias,<\/span><\/li><li style=\"font-weight: 400;\" aria-level=\"1\"><span style=\"font-weight: 400;\">&#8211; promoci\u00f3n internacional del patrimonio musical de Hait\u00ed.<\/span><span style=\"font-weight: 400;\"><br><\/span><\/li><\/ul><p><span style=\"font-weight: 400;\">Para un pa\u00eds que se enfrenta a grandes retos, este gesto representar\u00eda una poderosa declaraci\u00f3n simb\u00f3lica: a pesar de las crisis, Hait\u00ed sigue produciendo un patrimonio cultural de una profundidad excepcional.<\/span><\/p>\t\t\t\t\t\t\t\t<\/div>\n\t\t\t\t<\/div>\n\t\t\t\t\t<\/div>\n\t\t<\/div>\n\t\t\t\t\t<\/div>\n\t\t<\/section>\n\t\t\t\t<section class=\"elementor-section elementor-top-section elementor-element elementor-element-b384454 elementor-section-boxed elementor-section-height-default elementor-section-height-default\" data-id=\"b384454\" data-element_type=\"section\">\n\t\t\t\t\t\t<div class=\"elementor-container elementor-column-gap-default\">\n\t\t\t\t\t<div class=\"elementor-column elementor-col-100 elementor-top-column elementor-element elementor-element-9d68ac9\" data-id=\"9d68ac9\" data-element_type=\"column\">\n\t\t\t<div class=\"elementor-widget-wrap elementor-element-populated\">\n\t\t\t\t\t\t<div class=\"elementor-element elementor-element-943d617 elementor-widget elementor-widget-heading\" data-id=\"943d617\" data-element_type=\"widget\" data-widget_type=\"heading.default\">\n\t\t\t\t<div class=\"elementor-widget-container\">\n\t\t\t\t\t<h2 class=\"elementor-heading-title elementor-size-default\">Un ritmo que habla al mundo de Hait\u00ed<\/h2>\t\t\t\t<\/div>\n\t\t\t\t<\/div>\n\t\t\t\t<div class=\"elementor-element elementor-element-be82e96 elementor-widget elementor-widget-text-editor\" data-id=\"be82e96\" data-element_type=\"widget\" data-widget_type=\"text-editor.default\">\n\t\t\t\t<div class=\"elementor-widget-container\">\n\t\t\t\t\t\t\t\t\t<p><span style=\"font-weight: 400;\">La konpa no es s\u00f3lo un g\u00e9nero musical; es una forma de habitar el mundo, de celebrar nacimientos, uniones, reencuentros, partidas y esperanzas.<\/span><span style=\"font-weight: 400;\"><br><\/span><span style=\"font-weight: 400;\">  Acompa\u00f1a ceremonias familiares, reuniones de la di\u00e1spora, festivales internacionales y momentos de solidaridad.<\/span><\/p><p><span style=\"font-weight: 400;\">Si<a href=\"https:\/\/richeskarayib.com\/es\/informe-especial-parte-2-2012-2015-los-tesoros-culturales-del-caribe-patrimonio-inmaterial-reconocido-por-la-unesco\/\" target=\"_blank\" rel=\"noopener\">la UNESCO<\/a> confirma su inscripci\u00f3n, ser\u00e1 el reconocimiento mundial de una verdad evidente para todo haitiano: la konpa es un patrimonio precioso, un aliento cultural que sigue uniendo y conmoviendo a la gente mucho m\u00e1s all\u00e1 de sus fronteras.<\/span><\/p>\t\t\t\t\t\t\t\t<\/div>\n\t\t\t\t<\/div>\n\t\t\t\t<section class=\"elementor-section elementor-inner-section elementor-element elementor-element-0eeb0dc elementor-section-boxed elementor-section-height-default elementor-section-height-default\" data-id=\"0eeb0dc\" data-element_type=\"section\">\n\t\t\t\t\t\t<div class=\"elementor-container elementor-column-gap-default\">\n\t\t\t\t\t<div class=\"elementor-column elementor-col-50 elementor-inner-column elementor-element elementor-element-4e48c63\" data-id=\"4e48c63\" data-element_type=\"column\">\n\t\t\t<div class=\"elementor-widget-wrap elementor-element-populated\">\n\t\t\t\t\t\t<div class=\"elementor-element elementor-element-8bc140f elementor-widget elementor-widget-video\" data-id=\"8bc140f\" data-element_type=\"widget\" data-settings=\"{&quot;youtube_url&quot;:&quot;https:\\\/\\\/www.youtube.com\\\/shorts\\\/bd0CInkNMso&quot;,&quot;video_type&quot;:&quot;youtube&quot;,&quot;controls&quot;:&quot;yes&quot;}\" data-widget_type=\"video.default\">\n\t\t\t\t<div class=\"elementor-widget-container\">\n\t\t\t\t\t\t\t<div class=\"elementor-wrapper elementor-open-inline\">\n\t\t\t<div class=\"elementor-video\"><\/div>\t\t<\/div>\n\t\t\t\t\t\t<\/div>\n\t\t\t\t<\/div>\n\t\t\t\t\t<\/div>\n\t\t<\/div>\n\t\t\t\t<div class=\"elementor-column elementor-col-50 elementor-inner-column elementor-element elementor-element-4857646\" data-id=\"4857646\" data-element_type=\"column\">\n\t\t\t<div class=\"elementor-widget-wrap elementor-element-populated\">\n\t\t\t\t\t\t<div class=\"elementor-element elementor-element-a5829a9 elementor-widget elementor-widget-video\" data-id=\"a5829a9\" data-element_type=\"widget\" data-settings=\"{&quot;youtube_url&quot;:&quot;https:\\\/\\\/www.youtube.com\\\/shorts\\\/_p8zXzozlgY&quot;,&quot;video_type&quot;:&quot;youtube&quot;,&quot;controls&quot;:&quot;yes&quot;}\" data-widget_type=\"video.default\">\n\t\t\t\t<div class=\"elementor-widget-container\">\n\t\t\t\t\t\t\t<div class=\"elementor-wrapper elementor-open-inline\">\n\t\t\t<div class=\"elementor-video\"><\/div>\t\t<\/div>\n\t\t\t\t\t\t<\/div>\n\t\t\t\t<\/div>\n\t\t\t\t\t<\/div>\n\t\t<\/div>\n\t\t\t\t\t<\/div>\n\t\t<\/section>\n\t\t\t\t\t<\/div>\n\t\t<\/div>\n\t\t\t\t\t<\/div>\n\t\t<\/section>\n\t\t\t\t<\/div>\n\t\t","protected":false},"excerpt":{"rendered":"<p>La konpa, espina dorsal de la identidad musical haitiana desde hace casi setenta a\u00f1os, ha dado un paso decisivo hacia el reconocimiento mundial. El comit\u00e9 t\u00e9cnico de expertos dela UNESCO ha emitido un dictamen favorable a su inscripci\u00f3n en la Lista Representativa del Patrimonio Cultural Inmaterial de la Humanidad. La decisi\u00f3n final se espera entre [&hellip;]<\/p>\n","protected":false},"author":662,"featured_media":64734,"comment_status":"open","ping_status":"open","sticky":false,"template":"","format":"standard","meta":{"_acf_changed":false,"footnotes":""},"categories":[1469],"tags":[810],"class_list":["post-64752","post","type-post","status-publish","format-standard","has-post-thumbnail","hentry","category-historia-patrimonio","tag-haiti-es-2"],"acf":[],"_links":{"self":[{"href":"https:\/\/richeskarayib.com\/es\/wp-json\/wp\/v2\/posts\/64752","targetHints":{"allow":["GET"]}}],"collection":[{"href":"https:\/\/richeskarayib.com\/es\/wp-json\/wp\/v2\/posts"}],"about":[{"href":"https:\/\/richeskarayib.com\/es\/wp-json\/wp\/v2\/types\/post"}],"author":[{"embeddable":true,"href":"https:\/\/richeskarayib.com\/es\/wp-json\/wp\/v2\/users\/662"}],"replies":[{"embeddable":true,"href":"https:\/\/richeskarayib.com\/es\/wp-json\/wp\/v2\/comments?post=64752"}],"version-history":[{"count":0,"href":"https:\/\/richeskarayib.com\/es\/wp-json\/wp\/v2\/posts\/64752\/revisions"}],"wp:featuredmedia":[{"embeddable":true,"href":"https:\/\/richeskarayib.com\/es\/wp-json\/wp\/v2\/media\/64734"}],"wp:attachment":[{"href":"https:\/\/richeskarayib.com\/es\/wp-json\/wp\/v2\/media?parent=64752"}],"wp:term":[{"taxonomy":"category","embeddable":true,"href":"https:\/\/richeskarayib.com\/es\/wp-json\/wp\/v2\/categories?post=64752"},{"taxonomy":"post_tag","embeddable":true,"href":"https:\/\/richeskarayib.com\/es\/wp-json\/wp\/v2\/tags?post=64752"}],"curies":[{"name":"wp","href":"https:\/\/api.w.org\/{rel}","templated":true}]}}