{"id":64955,"date":"2025-11-17T11:31:55","date_gmt":"2025-11-17T15:31:55","guid":{"rendered":"https:\/\/richeskarayib.com\/graje-una-tradicion-que-cuenta-la-historia-de-la-guayana-francesa\/"},"modified":"2025-11-17T11:31:56","modified_gmt":"2025-11-17T15:31:56","slug":"graje-una-tradicion-que-cuenta-la-historia-de-la-guayana-francesa","status":"publish","type":"post","link":"https:\/\/richeskarayib.com\/es\/graje-una-tradicion-que-cuenta-la-historia-de-la-guayana-francesa\/","title":{"rendered":"Graj\u00e9: una tradici\u00f3n que cuenta la historia de la Guayana Francesa"},"content":{"rendered":"\t\t<div data-elementor-type=\"wp-post\" data-elementor-id=\"64955\" class=\"elementor elementor-64955 elementor-64904\" data-elementor-post-type=\"post\">\n\t\t\t\t\t\t<section class=\"elementor-section elementor-top-section elementor-element elementor-element-7ca7ca1 elementor-section-boxed elementor-section-height-default elementor-section-height-default\" data-id=\"7ca7ca1\" data-element_type=\"section\">\n\t\t\t\t\t\t<div class=\"elementor-container elementor-column-gap-default\">\n\t\t\t\t\t<div class=\"elementor-column elementor-col-100 elementor-top-column elementor-element elementor-element-cbdd002\" data-id=\"cbdd002\" data-element_type=\"column\">\n\t\t\t<div class=\"elementor-widget-wrap elementor-element-populated\">\n\t\t\t\t\t\t<section class=\"elementor-section elementor-inner-section elementor-element elementor-element-bc94849 elementor-section-boxed elementor-section-height-default elementor-section-height-default\" data-id=\"bc94849\" data-element_type=\"section\">\n\t\t\t\t\t\t<div class=\"elementor-container elementor-column-gap-default\">\n\t\t\t\t\t\t<\/div>\n\t\t<\/section>\n\t\t\t\t<section class=\"elementor-section elementor-inner-section elementor-element elementor-element-61571e6 elementor-section-boxed elementor-section-height-default elementor-section-height-default\" data-id=\"61571e6\" data-element_type=\"section\">\n\t\t\t\t\t\t<div class=\"elementor-container elementor-column-gap-default\">\n\t\t\t\t\t\t<\/div>\n\t\t<\/section>\n\t\t\t\t<section class=\"elementor-section elementor-inner-section elementor-element elementor-element-b6262e0 elementor-section-boxed elementor-section-height-default elementor-section-height-default\" data-id=\"b6262e0\" data-element_type=\"section\">\n\t\t\t\t\t\t<div class=\"elementor-container elementor-column-gap-default\">\n\t\t\t\t\t\t<\/div>\n\t\t<\/section>\n\t\t\t\t<section class=\"elementor-section elementor-inner-section elementor-element elementor-element-cca29fd elementor-section-boxed elementor-section-height-default elementor-section-height-default\" data-id=\"cca29fd\" data-element_type=\"section\">\n\t\t\t\t\t\t<div class=\"elementor-container elementor-column-gap-default\">\n\t\t\t\t\t\t<\/div>\n\t\t<\/section>\n\t\t\t\t\t<\/div>\n\t\t<\/div>\n\t\t\t\t\t<\/div>\n\t\t<\/section>\n\t\t\t\t<section class=\"elementor-section elementor-top-section elementor-element elementor-element-5a7397d elementor-section-boxed elementor-section-height-default elementor-section-height-default\" data-id=\"5a7397d\" data-element_type=\"section\">\n\t\t\t\t\t\t<div class=\"elementor-container elementor-column-gap-default\">\n\t\t\t\t\t<div class=\"elementor-column elementor-col-100 elementor-top-column elementor-element elementor-element-8b33b4b\" data-id=\"8b33b4b\" data-element_type=\"column\">\n\t\t\t<div class=\"elementor-widget-wrap elementor-element-populated\">\n\t\t\t\t\t\t<div class=\"elementor-element elementor-element-43a45ac elementor-widget elementor-widget-text-editor\" data-id=\"43a45ac\" data-element_type=\"widget\" data-widget_type=\"text-editor.default\">\n\t\t\t\t<div class=\"elementor-widget-container\">\n\t\t\t\t\t\t\t\t\t<p><span style=\"font-weight: 400;\">Hablando del <\/span><a href=\"https:\/\/www.kaseko.fr\/Rythmes\/RytmesPrincipaux\/Graje\/Graje.html\" target=\"_blank\" rel=\"noopener nofollow\">Graj\u00e9<\/a><span style=\"font-weight: 400;\">  en la Guayana Francesa es entrar en un mundo profundamente arraigado en la memoria de las sabanas. Esta danza, nacida de un pasado dif\u00edcil, se ha transmitido de generaci\u00f3n en generaci\u00f3n sin perder su fuerza simb\u00f3lica. Es una de esas tradiciones que no se contentan con sobrevivir: siguen viviendo, evolucionando y habitando la vida cotidiana de las comunidades que las mantienen.  <\/span><\/p>\t\t\t\t\t\t\t\t<\/div>\n\t\t\t\t<\/div>\n\t\t\t\t\t<\/div>\n\t\t<\/div>\n\t\t\t\t\t<\/div>\n\t\t<\/section>\n\t\t\t\t<section class=\"elementor-section elementor-top-section elementor-element elementor-element-ceca32c elementor-section-boxed elementor-section-height-default elementor-section-height-default\" data-id=\"ceca32c\" data-element_type=\"section\">\n\t\t\t\t\t\t<div class=\"elementor-container elementor-column-gap-default\">\n\t\t\t\t\t<div class=\"elementor-column elementor-col-100 elementor-top-column elementor-element elementor-element-5a2e383\" data-id=\"5a2e383\" data-element_type=\"column\">\n\t\t\t<div class=\"elementor-widget-wrap elementor-element-populated\">\n\t\t\t\t\t\t<div class=\"elementor-element elementor-element-6cedf5f elementor-widget elementor-widget-heading\" data-id=\"6cedf5f\" data-element_type=\"widget\" data-widget_type=\"heading.default\">\n\t\t\t\t<div class=\"elementor-widget-container\">\n\t\t\t\t\t<h2 class=\"elementor-heading-title elementor-size-default\">Un patrimonio moldeado por las sabanas<\/h2>\t\t\t\t<\/div>\n\t\t\t\t<\/div>\n\t\t\t\t<div class=\"elementor-element elementor-element-e93d1fb elementor-widget elementor-widget-text-editor\" data-id=\"e93d1fb\" data-element_type=\"widget\" data-widget_type=\"text-editor.default\">\n\t\t\t\t<div class=\"elementor-widget-container\">\n\t\t\t\t\t\t\t\t\t<p><span style=\"font-weight: 400;\">En las comunas de Sinnamary, Kourou e Iracoubo, <a href=\"https:\/\/www.facebook.com\/festivalgraje\/photos\" target=\"_blank\" rel=\"noopener nofollow\">el Graj\u00e9<\/a> sigue siendo una referencia cultural importante. El t\u00e9rmino hace referencia a un todo: el ritmo, la danza, los trajes e incluso los bailes, donde la pr\u00e1ctica adquiere toda su dimensi\u00f3n. Los guyaneses suelen hablar del Graj\u00e9 como un todo coherente, en el que cada elemento interact\u00faa con los dem\u00e1s.  <\/span><\/p>\n<p><span style=\"font-weight: 400;\">El singular paso deslizante resume la singularidad de la danza. Los pies rozan el suelo en un movimiento continuo, preciso, casi ceremonial. Nada se deja al azar: el gesto debe permanecer controlado, sobrio y perfectamente acompasado. Es esta contenci\u00f3n la que confiere al Graj\u00e9 su presencia y lo diferencia de otras formas musicales de <a href=\"https:\/\/richeskarayib.com\/es\/ariane-6-guayana-francesa-el-pilar-caribeno-del-programa-espacial-europeo\/\" target=\"_blank\" rel=\"noopener\">la Guayana Francesa<\/a>.   <\/span><\/p>\t\t\t\t\t\t\t\t<\/div>\n\t\t\t\t<\/div>\n\t\t\t\t<section class=\"elementor-section elementor-inner-section elementor-element elementor-element-0b21979 elementor-section-boxed elementor-section-height-default elementor-section-height-default\" data-id=\"0b21979\" data-element_type=\"section\">\n\t\t\t\t\t\t<div class=\"elementor-container elementor-column-gap-default\">\n\t\t\t\t\t<div class=\"elementor-column elementor-col-50 elementor-inner-column elementor-element elementor-element-acd4d94\" data-id=\"acd4d94\" data-element_type=\"column\">\n\t\t\t<div class=\"elementor-widget-wrap elementor-element-populated\">\n\t\t\t\t\t\t<div class=\"elementor-element elementor-element-4938a50 elementor-widget elementor-widget-image\" data-id=\"4938a50\" data-element_type=\"widget\" data-widget_type=\"image.default\">\n\t\t\t\t<div class=\"elementor-widget-container\">\n\t\t\t\t\t\t\t\t\t\t\t\t\t\t\t<img fetchpriority=\"high\" decoding=\"async\" width=\"800\" height=\"536\" src=\"https:\/\/richeskarayib.com\/wp-content\/uploads\/2025\/11\/\u00a9Festival-Graje-5.jpg\" class=\"attachment-large size-large wp-image-64945\" alt=\"Graj\u00e9\" srcset=\"https:\/\/richeskarayib.com\/wp-content\/uploads\/2025\/11\/\u00a9Festival-Graje-5.jpg 960w, https:\/\/richeskarayib.com\/wp-content\/uploads\/2025\/11\/\u00a9Festival-Graje-5-300x201.jpg 300w, https:\/\/richeskarayib.com\/wp-content\/uploads\/2025\/11\/\u00a9Festival-Graje-5-768x514.jpg 768w\" sizes=\"(max-width: 800px) 100vw, 800px\" \/>\t\t\t\t\t\t\t\t\t\t\t\t\t\t\t<\/div>\n\t\t\t\t<\/div>\n\t\t\t\t\t<\/div>\n\t\t<\/div>\n\t\t\t\t<div class=\"elementor-column elementor-col-50 elementor-inner-column elementor-element elementor-element-984f0f3\" data-id=\"984f0f3\" data-element_type=\"column\">\n\t\t\t<div class=\"elementor-widget-wrap elementor-element-populated\">\n\t\t\t\t\t\t<div class=\"elementor-element elementor-element-00837d3 elementor-widget elementor-widget-image\" data-id=\"00837d3\" data-element_type=\"widget\" data-widget_type=\"image.default\">\n\t\t\t\t<div class=\"elementor-widget-container\">\n\t\t\t\t\t\t\t\t\t\t\t\t\t\t\t<img decoding=\"async\" width=\"800\" height=\"536\" src=\"https:\/\/richeskarayib.com\/wp-content\/uploads\/2025\/11\/\u00a9Festival-Graje-6.jpg\" class=\"attachment-large size-large wp-image-64949\" alt=\"Graj\u00e9\" srcset=\"https:\/\/richeskarayib.com\/wp-content\/uploads\/2025\/11\/\u00a9Festival-Graje-6.jpg 960w, https:\/\/richeskarayib.com\/wp-content\/uploads\/2025\/11\/\u00a9Festival-Graje-6-300x201.jpg 300w, https:\/\/richeskarayib.com\/wp-content\/uploads\/2025\/11\/\u00a9Festival-Graje-6-768x514.jpg 768w\" sizes=\"(max-width: 800px) 100vw, 800px\" \/>\t\t\t\t\t\t\t\t\t\t\t\t\t\t\t<\/div>\n\t\t\t\t<\/div>\n\t\t\t\t\t<\/div>\n\t\t<\/div>\n\t\t\t\t\t<\/div>\n\t\t<\/section>\n\t\t\t\t<section class=\"elementor-section elementor-inner-section elementor-element elementor-element-c89fd20 elementor-section-boxed elementor-section-height-default elementor-section-height-default\" data-id=\"c89fd20\" data-element_type=\"section\">\n\t\t\t\t\t\t<div class=\"elementor-container elementor-column-gap-default\">\n\t\t\t\t\t<div class=\"elementor-column elementor-col-100 elementor-inner-column elementor-element elementor-element-1b30c37\" data-id=\"1b30c37\" data-element_type=\"column\">\n\t\t\t<div class=\"elementor-widget-wrap elementor-element-populated\">\n\t\t\t\t\t\t<div class=\"elementor-element elementor-element-2cad347 elementor-widget elementor-widget-image\" data-id=\"2cad347\" data-element_type=\"widget\" data-widget_type=\"image.default\">\n\t\t\t\t<div class=\"elementor-widget-container\">\n\t\t\t\t\t\t\t\t\t\t\t\t<figure class=\"wp-caption\">\n\t\t\t\t\t\t\t\t\t\t<img decoding=\"async\" width=\"800\" height=\"536\" src=\"https:\/\/richeskarayib.com\/wp-content\/uploads\/2025\/11\/\u00a9Festival-Graje-7.jpg\" class=\"attachment-large size-large wp-image-64953\" alt=\"Graj\u00e9\" srcset=\"https:\/\/richeskarayib.com\/wp-content\/uploads\/2025\/11\/\u00a9Festival-Graje-7.jpg 960w, https:\/\/richeskarayib.com\/wp-content\/uploads\/2025\/11\/\u00a9Festival-Graje-7-300x201.jpg 300w, https:\/\/richeskarayib.com\/wp-content\/uploads\/2025\/11\/\u00a9Festival-Graje-7-768x514.jpg 768w\" sizes=\"(max-width: 800px) 100vw, 800px\" \/>\t\t\t\t\t\t\t\t\t\t\t<figcaption class=\"widget-image-caption wp-caption-text\">\u00a9F\u00e8stival Graj\u00e9<\/figcaption>\n\t\t\t\t\t\t\t\t\t\t<\/figure>\n\t\t\t\t\t\t\t\t\t<\/div>\n\t\t\t\t<\/div>\n\t\t\t\t\t<\/div>\n\t\t<\/div>\n\t\t\t\t\t<\/div>\n\t\t<\/section>\n\t\t\t\t\t<\/div>\n\t\t<\/div>\n\t\t\t\t\t<\/div>\n\t\t<\/section>\n\t\t\t\t<section class=\"elementor-section elementor-top-section elementor-element elementor-element-9c88a89 elementor-section-boxed elementor-section-height-default elementor-section-height-default\" data-id=\"9c88a89\" data-element_type=\"section\">\n\t\t\t\t\t\t<div class=\"elementor-container elementor-column-gap-default\">\n\t\t\t\t\t<div class=\"elementor-column elementor-col-100 elementor-top-column elementor-element elementor-element-78cf5d1\" data-id=\"78cf5d1\" data-element_type=\"column\">\n\t\t\t<div class=\"elementor-widget-wrap elementor-element-populated\">\n\t\t\t\t\t\t<div class=\"elementor-element elementor-element-ea2a5c1 elementor-widget elementor-widget-heading\" data-id=\"ea2a5c1\" data-element_type=\"widget\" data-widget_type=\"heading.default\">\n\t\t\t\t<div class=\"elementor-widget-container\">\n\t\t\t\t\t<h2 class=\"elementor-heading-title elementor-size-default\">Una historia marcada por el trabajo y la transformaci\u00f3n<\/h2>\t\t\t\t<\/div>\n\t\t\t\t<\/div>\n\t\t\t\t<div class=\"elementor-element elementor-element-e305eee elementor-widget elementor-widget-text-editor\" data-id=\"e305eee\" data-element_type=\"widget\" data-widget_type=\"text-editor.default\">\n\t\t\t\t<div class=\"elementor-widget-container\">\n\t\t\t\t\t\t\t\t\t<p><span style=\"font-weight: 400;\">Tiene sus ra\u00edces en el siglo XVIII, en el coraz\u00f3n de las plantaciones. All\u00ed, los esclavos africanos observaron los pasos europeos, en particular los del vals, que mezclaron con los ritmos y c\u00f3digos de su propia herencia. De este encuentro naci\u00f3 una danza capaz de traducir lo que las palabras no siempre pod\u00edan expresar.  <\/span><\/p>\n<p><span style=\"font-weight: 400;\">El propio nombre conlleva una fuerte carga simb\u00f3lica. En criollo,   <\/span><span style=\"font-weight: 400;\">graj\u00e9<\/span><span style=\"font-weight: 400;\">  significa &#8220;rallar&#8221;, en referencia al rallador utilizado para procesar la mandioca. El pas gliss\u00e9 recuerda este gesto, repetido a diario. En un contexto en el que el trabajo se impon\u00eda, este movimiento, desviado hacia la danza, adquiri\u00f3 un valor diferente: el de un gesto reapropiado que se hab\u00eda convertido en una expresi\u00f3n art\u00edstica.  <\/span><\/p>\t\t\t\t\t\t\t\t<\/div>\n\t\t\t\t<\/div>\n\t\t\t\t\t<\/div>\n\t\t<\/div>\n\t\t\t\t\t<\/div>\n\t\t<\/section>\n\t\t\t\t<section class=\"elementor-section elementor-top-section elementor-element elementor-element-103aced elementor-section-boxed elementor-section-height-default elementor-section-height-default\" data-id=\"103aced\" data-element_type=\"section\">\n\t\t\t\t\t\t<div class=\"elementor-container elementor-column-gap-default\">\n\t\t\t\t\t<div class=\"elementor-column elementor-col-100 elementor-top-column elementor-element elementor-element-e34f9f4\" data-id=\"e34f9f4\" data-element_type=\"column\">\n\t\t\t<div class=\"elementor-widget-wrap elementor-element-populated\">\n\t\t\t\t\t\t<div class=\"elementor-element elementor-element-c643e86 elementor-widget elementor-widget-heading\" data-id=\"c643e86\" data-element_type=\"widget\" data-widget_type=\"heading.default\">\n\t\t\t\t<div class=\"elementor-widget-container\">\n\t\t\t\t\t<h2 class=\"elementor-heading-title elementor-size-default\">La danza de una pareja, regulada como un lenguaje<\/h2>\t\t\t\t<\/div>\n\t\t\t\t<\/div>\n\t\t\t\t<div class=\"elementor-element elementor-element-f783f1a elementor-widget elementor-widget-text-editor\" data-id=\"f783f1a\" data-element_type=\"widget\" data-widget_type=\"text-editor.default\">\n\t\t\t\t<div class=\"elementor-widget-container\">\n\t\t\t\t\t\t\t\t\t<p><span style=\"font-weight: 400;\">Tradicionalmente se interpreta por parejas, con una estructura bien definida. Los bailarines mantienen una distancia respetuosa y un estilo medido, casi solemne, como si cada paso honrara la historia de la que surge. <\/span><\/p>\n<p><span style=\"font-weight: 400;\">La est\u00e9tica ocupa un lugar central. Las mujeres llevan el vestido g\u00f2l, amplio y elegante, a menudo acompa\u00f1ado de un pa\u00f1uelo en la cabeza y enaguas blancas. Los hombres prefieren los colores claros, los sombreros negros y las ropas estructuradas, que recuerdan los bailes criollos que sol\u00edan celebrarse en los pueblos. Esta vestimenta no es una cuesti\u00f3n de folclore fijo: refleja una forma de estar juntos, de marcar la importancia del momento.   <\/span><\/p>\t\t\t\t\t\t\t\t<\/div>\n\t\t\t\t<\/div>\n\t\t\t\t<section class=\"elementor-section elementor-inner-section elementor-element elementor-element-570c413 elementor-section-boxed elementor-section-height-default elementor-section-height-default\" data-id=\"570c413\" data-element_type=\"section\">\n\t\t\t\t\t\t<div class=\"elementor-container elementor-column-gap-default\">\n\t\t\t\t\t<div class=\"elementor-column elementor-col-100 elementor-inner-column elementor-element elementor-element-d1220eb\" data-id=\"d1220eb\" data-element_type=\"column\">\n\t\t\t<div class=\"elementor-widget-wrap elementor-element-populated\">\n\t\t\t\t\t\t<div class=\"elementor-element elementor-element-56b6172 elementor-widget elementor-widget-image\" data-id=\"56b6172\" data-element_type=\"widget\" data-widget_type=\"image.default\">\n\t\t\t\t<div class=\"elementor-widget-container\">\n\t\t\t\t\t\t\t\t\t\t\t\t<figure class=\"wp-caption\">\n\t\t\t\t\t\t\t\t\t\t<img loading=\"lazy\" decoding=\"async\" width=\"774\" height=\"960\" src=\"https:\/\/richeskarayib.com\/wp-content\/uploads\/2025\/11\/\u00a9Festival-Graje-8.jpg\" class=\"attachment-large size-large wp-image-64933\" alt=\"Graj\u00e9\" srcset=\"https:\/\/richeskarayib.com\/wp-content\/uploads\/2025\/11\/\u00a9Festival-Graje-8.jpg 774w, https:\/\/richeskarayib.com\/wp-content\/uploads\/2025\/11\/\u00a9Festival-Graje-8-242x300.jpg 242w, https:\/\/richeskarayib.com\/wp-content\/uploads\/2025\/11\/\u00a9Festival-Graje-8-768x953.jpg 768w\" sizes=\"(max-width: 774px) 100vw, 774px\" \/>\t\t\t\t\t\t\t\t\t\t\t<figcaption class=\"widget-image-caption wp-caption-text\">\u00a9F\u00e8stival Graj\u00e9<\/figcaption>\n\t\t\t\t\t\t\t\t\t\t<\/figure>\n\t\t\t\t\t\t\t\t\t<\/div>\n\t\t\t\t<\/div>\n\t\t\t\t\t<\/div>\n\t\t<\/div>\n\t\t\t\t\t<\/div>\n\t\t<\/section>\n\t\t\t\t\t<\/div>\n\t\t<\/div>\n\t\t\t\t\t<\/div>\n\t\t<\/section>\n\t\t\t\t<section class=\"elementor-section elementor-top-section elementor-element elementor-element-f5709a6 elementor-section-boxed elementor-section-height-default elementor-section-height-default\" data-id=\"f5709a6\" data-element_type=\"section\">\n\t\t\t\t\t\t<div class=\"elementor-container elementor-column-gap-default\">\n\t\t\t\t\t<div class=\"elementor-column elementor-col-100 elementor-top-column elementor-element elementor-element-957be6f\" data-id=\"957be6f\" data-element_type=\"column\">\n\t\t\t<div class=\"elementor-widget-wrap elementor-element-populated\">\n\t\t\t\t\t\t<div class=\"elementor-element elementor-element-22c0a08 elementor-widget elementor-widget-heading\" data-id=\"22c0a08\" data-element_type=\"widget\" data-widget_type=\"heading.default\">\n\t\t\t\t<div class=\"elementor-widget-container\">\n\t\t\t\t\t<h2 class=\"elementor-heading-title elementor-size-default\">El tanbou, columna vertebral del ritmo<\/h2>\t\t\t\t<\/div>\n\t\t\t\t<\/div>\n\t\t\t\t<div class=\"elementor-element elementor-element-953f6e4 elementor-widget elementor-widget-text-editor\" data-id=\"953f6e4\" data-element_type=\"widget\" data-widget_type=\"text-editor.default\">\n\t\t\t\t<div class=\"elementor-widget-container\">\n\t\t\t\t\t\t\t\t\t<p><span style=\"font-weight: 400;\">Ning\u00fan Graj\u00e9 existe sin el tanbou. El tanbou Graj\u00e9, o   <\/span><span style=\"font-weight: 400;\">sr\u00e8k tanbou<\/span><span style=\"font-weight: 400;\">es un tambor de marco, reconocible por su piel tensa y su afinaci\u00f3n de fuego. Su sonido claro marca el tempo y estructura toda la danza. <\/span><\/p>\n<p><span style=\"font-weight: 400;\">A su alrededor, los percusionistas forman una verdadera conversaci\u00f3n musical. Cada uno conoce la funci\u00f3n de su instrumento, el lugar de su ritmo y el papel que desempe\u00f1a en el conjunto. Es esta precisi\u00f3n la que permite que la danza siga siendo legible, incluso cuando el auditorio se llena o cuando varias parejas act\u00faan al mismo tiempo.  <\/span><\/p>\t\t\t\t\t\t\t\t<\/div>\n\t\t\t\t<\/div>\n\t\t\t\t<section class=\"elementor-section elementor-inner-section elementor-element elementor-element-1b41a45 elementor-section-boxed elementor-section-height-default elementor-section-height-default\" data-id=\"1b41a45\" data-element_type=\"section\">\n\t\t\t\t\t\t<div class=\"elementor-container elementor-column-gap-default\">\n\t\t\t\t\t<div class=\"elementor-column elementor-col-50 elementor-inner-column elementor-element elementor-element-6e323a3\" data-id=\"6e323a3\" data-element_type=\"column\">\n\t\t\t<div class=\"elementor-widget-wrap elementor-element-populated\">\n\t\t\t\t\t\t<div class=\"elementor-element elementor-element-c9dac00 elementor-widget elementor-widget-image\" data-id=\"c9dac00\" data-element_type=\"widget\" data-widget_type=\"image.default\">\n\t\t\t\t<div class=\"elementor-widget-container\">\n\t\t\t\t\t\t\t\t\t\t\t\t\t\t\t<img loading=\"lazy\" decoding=\"async\" width=\"800\" height=\"536\" src=\"https:\/\/richeskarayib.com\/wp-content\/uploads\/2025\/11\/\u00a9Festival-Graje-tambours.jpg\" class=\"attachment-large size-large wp-image-64917\" alt=\"Graj\u00e9\" srcset=\"https:\/\/richeskarayib.com\/wp-content\/uploads\/2025\/11\/\u00a9Festival-Graje-tambours.jpg 960w, https:\/\/richeskarayib.com\/wp-content\/uploads\/2025\/11\/\u00a9Festival-Graje-tambours-300x201.jpg 300w, https:\/\/richeskarayib.com\/wp-content\/uploads\/2025\/11\/\u00a9Festival-Graje-tambours-768x514.jpg 768w\" sizes=\"(max-width: 800px) 100vw, 800px\" \/>\t\t\t\t\t\t\t\t\t\t\t\t\t\t\t<\/div>\n\t\t\t\t<\/div>\n\t\t\t\t<div class=\"elementor-element elementor-element-3707196 elementor-widget elementor-widget-image\" data-id=\"3707196\" data-element_type=\"widget\" data-widget_type=\"image.default\">\n\t\t\t\t<div class=\"elementor-widget-container\">\n\t\t\t\t\t\t\t\t\t\t\t\t<figure class=\"wp-caption\">\n\t\t\t\t\t\t\t\t\t\t<img loading=\"lazy\" decoding=\"async\" width=\"800\" height=\"527\" src=\"https:\/\/richeskarayib.com\/wp-content\/uploads\/2025\/11\/\u00a9Festival-Graje-tambours-1.jpg\" class=\"attachment-large size-large wp-image-64921\" alt=\"Graj\u00e9\" srcset=\"https:\/\/richeskarayib.com\/wp-content\/uploads\/2025\/11\/\u00a9Festival-Graje-tambours-1.jpg 960w, https:\/\/richeskarayib.com\/wp-content\/uploads\/2025\/11\/\u00a9Festival-Graje-tambours-1-300x198.jpg 300w, https:\/\/richeskarayib.com\/wp-content\/uploads\/2025\/11\/\u00a9Festival-Graje-tambours-1-768x506.jpg 768w\" sizes=\"(max-width: 800px) 100vw, 800px\" \/>\t\t\t\t\t\t\t\t\t\t\t<figcaption class=\"widget-image-caption wp-caption-text\">\u00a9F\u00e8stival Graj\u00e9<\/figcaption>\n\t\t\t\t\t\t\t\t\t\t<\/figure>\n\t\t\t\t\t\t\t\t\t<\/div>\n\t\t\t\t<\/div>\n\t\t\t\t\t<\/div>\n\t\t<\/div>\n\t\t\t\t<div class=\"elementor-column elementor-col-50 elementor-inner-column elementor-element elementor-element-3db6856\" data-id=\"3db6856\" data-element_type=\"column\">\n\t\t\t<div class=\"elementor-widget-wrap elementor-element-populated\">\n\t\t\t\t\t\t<div class=\"elementor-element elementor-element-98aabb0 elementor-widget elementor-widget-image\" data-id=\"98aabb0\" data-element_type=\"widget\" data-widget_type=\"image.default\">\n\t\t\t\t<div class=\"elementor-widget-container\">\n\t\t\t\t\t\t\t\t\t\t\t\t<figure class=\"wp-caption\">\n\t\t\t\t\t\t\t\t\t\t<img loading=\"lazy\" decoding=\"async\" width=\"712\" height=\"960\" src=\"https:\/\/richeskarayib.com\/wp-content\/uploads\/2025\/11\/\u00a9Festival-Graje-14.jpg\" class=\"attachment-large size-large wp-image-64913\" alt=\"Graj\u00e9\" srcset=\"https:\/\/richeskarayib.com\/wp-content\/uploads\/2025\/11\/\u00a9Festival-Graje-14.jpg 712w, https:\/\/richeskarayib.com\/wp-content\/uploads\/2025\/11\/\u00a9Festival-Graje-14-223x300.jpg 223w\" sizes=\"(max-width: 712px) 100vw, 712px\" \/>\t\t\t\t\t\t\t\t\t\t\t<figcaption class=\"widget-image-caption wp-caption-text\">\u00a9F\u00e8stival Graj\u00e9<\/figcaption>\n\t\t\t\t\t\t\t\t\t\t<\/figure>\n\t\t\t\t\t\t\t\t\t<\/div>\n\t\t\t\t<\/div>\n\t\t\t\t\t<\/div>\n\t\t<\/div>\n\t\t\t\t\t<\/div>\n\t\t<\/section>\n\t\t\t\t\t<\/div>\n\t\t<\/div>\n\t\t\t\t\t<\/div>\n\t\t<\/section>\n\t\t\t\t<section class=\"elementor-section elementor-top-section elementor-element elementor-element-8481b8c elementor-section-boxed elementor-section-height-default elementor-section-height-default\" data-id=\"8481b8c\" data-element_type=\"section\">\n\t\t\t\t\t\t<div class=\"elementor-container elementor-column-gap-default\">\n\t\t\t\t\t<div class=\"elementor-column elementor-col-100 elementor-top-column elementor-element elementor-element-9f4ca48\" data-id=\"9f4ca48\" data-element_type=\"column\">\n\t\t\t<div class=\"elementor-widget-wrap elementor-element-populated\">\n\t\t\t\t\t\t<div class=\"elementor-element elementor-element-19836c0 elementor-widget elementor-widget-heading\" data-id=\"19836c0\" data-element_type=\"widget\" data-widget_type=\"heading.default\">\n\t\t\t\t<div class=\"elementor-widget-container\">\n\t\t\t\t\t<h2 class=\"elementor-heading-title elementor-size-default\">Una tradici\u00f3n que siguen manteniendo las comunidades de la Guayana Francesa<\/h2>\t\t\t\t<\/div>\n\t\t\t\t<\/div>\n\t\t\t\t<div class=\"elementor-element elementor-element-8757600 elementor-widget elementor-widget-text-editor\" data-id=\"8757600\" data-element_type=\"widget\" data-widget_type=\"text-editor.default\">\n\t\t\t\t<div class=\"elementor-widget-container\">\n\t\t\t\t\t\t\t\t\t<p><span style=\"font-weight: 400;\"><a href=\"https:\/\/www.savanes.fr\/mobile-etapes\/chanson-graje\/\" target=\"_blank\" rel=\"noopener nofollow\">El Graj\u00e9<\/a> nunca ha desaparecido. En 2010, la comuna de Sinnamary incluso reforz\u00f3 su influencia organizando un <g id=\"gid_1\">festival<\/g> enteramente dedicado a esta tradici\u00f3n. Desde entonces, las danzas han seguido atrayendo a tantos lugare\u00f1os como siempre, con veteranos de las sabanas, grupos folcl\u00f3ricos, m\u00fasicos y generaciones m\u00e1s j\u00f3venes aprendiendo el arte.  <\/span><\/p>\n<p><span style=\"font-weight: 400;\">Varios conjuntos -Les Immortels, Wapa, Dahlia, Acajou y G\u00e9nipa- participan en esta transmisi\u00f3n. Cada uno tiene su propia forma de interpretar las canciones y los ritmos, pero todos comparten el mismo deseo: mantener viva una memoria que importa. <\/span><\/p>\t\t\t\t\t\t\t\t<\/div>\n\t\t\t\t<\/div>\n\t\t\t\t<div class=\"elementor-element elementor-element-0cb7a08 elementor-widget elementor-widget-text-editor\" data-id=\"0cb7a08\" data-element_type=\"widget\" data-widget_type=\"text-editor.default\">\n\t\t\t\t<div class=\"elementor-widget-container\">\n\t\t\t\t\t\t\t\t\t<p>Las canciones, que durante mucho tiempo s\u00f3lo se transmitieron de boca en boca, se han recopilado y transcrito, preservando un repertorio rico y precioso. Este enfoque forma parte de un movimiento m\u00e1s amplio para salvaguardar el patrimonio inmaterial de la Guayana Francesa, del que el Graj\u00e9 es ahora una parte reconocida. <\/p>\t\t\t\t\t\t\t\t<\/div>\n\t\t\t\t<\/div>\n\t\t\t\t<section class=\"elementor-section elementor-inner-section elementor-element elementor-element-7bcc69e elementor-section-boxed elementor-section-height-default elementor-section-height-default\" data-id=\"7bcc69e\" data-element_type=\"section\">\n\t\t\t\t\t\t<div class=\"elementor-container elementor-column-gap-default\">\n\t\t\t\t\t<div class=\"elementor-column elementor-col-50 elementor-inner-column elementor-element elementor-element-8f02219\" data-id=\"8f02219\" data-element_type=\"column\">\n\t\t\t<div class=\"elementor-widget-wrap elementor-element-populated\">\n\t\t\t\t\t\t<div class=\"elementor-element elementor-element-3ad6830 elementor-widget elementor-widget-image\" data-id=\"3ad6830\" data-element_type=\"widget\" data-widget_type=\"image.default\">\n\t\t\t\t<div class=\"elementor-widget-container\">\n\t\t\t\t\t\t\t\t\t\t\t\t<figure class=\"wp-caption\">\n\t\t\t\t\t\t\t\t\t\t<img loading=\"lazy\" decoding=\"async\" width=\"800\" height=\"533\" src=\"https:\/\/richeskarayib.com\/wp-content\/uploads\/2025\/11\/\u00a9Festival-Graje-1.jpg\" class=\"attachment-large size-large wp-image-64925\" alt=\"Graj\u00e9\" srcset=\"https:\/\/richeskarayib.com\/wp-content\/uploads\/2025\/11\/\u00a9Festival-Graje-1.jpg 960w, https:\/\/richeskarayib.com\/wp-content\/uploads\/2025\/11\/\u00a9Festival-Graje-1-300x200.jpg 300w, https:\/\/richeskarayib.com\/wp-content\/uploads\/2025\/11\/\u00a9Festival-Graje-1-768x512.jpg 768w\" sizes=\"(max-width: 800px) 100vw, 800px\" \/>\t\t\t\t\t\t\t\t\t\t\t<figcaption class=\"widget-image-caption wp-caption-text\">\u00a9F\u00e8stival Graj\u00e9<\/figcaption>\n\t\t\t\t\t\t\t\t\t\t<\/figure>\n\t\t\t\t\t\t\t\t\t<\/div>\n\t\t\t\t<\/div>\n\t\t\t\t\t<\/div>\n\t\t<\/div>\n\t\t\t\t<div class=\"elementor-column elementor-col-50 elementor-inner-column elementor-element elementor-element-0550a4b\" data-id=\"0550a4b\" data-element_type=\"column\">\n\t\t\t<div class=\"elementor-widget-wrap elementor-element-populated\">\n\t\t\t\t\t\t<div class=\"elementor-element elementor-element-c6e3931 elementor-widget elementor-widget-image\" data-id=\"c6e3931\" data-element_type=\"widget\" data-widget_type=\"image.default\">\n\t\t\t\t<div class=\"elementor-widget-container\">\n\t\t\t\t\t\t\t\t\t\t\t\t<figure class=\"wp-caption\">\n\t\t\t\t\t\t\t\t\t\t<img loading=\"lazy\" decoding=\"async\" width=\"800\" height=\"536\" src=\"https:\/\/richeskarayib.com\/wp-content\/uploads\/2025\/11\/\u00a9Festival-Graje-3.jpg\" class=\"attachment-large size-large wp-image-64929\" alt=\"Graj\u00e9\" srcset=\"https:\/\/richeskarayib.com\/wp-content\/uploads\/2025\/11\/\u00a9Festival-Graje-3.jpg 960w, https:\/\/richeskarayib.com\/wp-content\/uploads\/2025\/11\/\u00a9Festival-Graje-3-300x201.jpg 300w, https:\/\/richeskarayib.com\/wp-content\/uploads\/2025\/11\/\u00a9Festival-Graje-3-768x514.jpg 768w\" sizes=\"(max-width: 800px) 100vw, 800px\" \/>\t\t\t\t\t\t\t\t\t\t\t<figcaption class=\"widget-image-caption wp-caption-text\">\u00a9F\u00e8stival Graj\u00e9<\/figcaption>\n\t\t\t\t\t\t\t\t\t\t<\/figure>\n\t\t\t\t\t\t\t\t\t<\/div>\n\t\t\t\t<\/div>\n\t\t\t\t\t<\/div>\n\t\t<\/div>\n\t\t\t\t\t<\/div>\n\t\t<\/section>\n\t\t\t\t\t<\/div>\n\t\t<\/div>\n\t\t\t\t\t<\/div>\n\t\t<\/section>\n\t\t\t\t<section class=\"elementor-section elementor-top-section elementor-element elementor-element-03ffe60 elementor-section-boxed elementor-section-height-default elementor-section-height-default\" data-id=\"03ffe60\" data-element_type=\"section\">\n\t\t\t\t\t\t<div class=\"elementor-container elementor-column-gap-default\">\n\t\t\t\t\t<div class=\"elementor-column elementor-col-100 elementor-top-column elementor-element elementor-element-9847403\" data-id=\"9847403\" data-element_type=\"column\">\n\t\t\t<div class=\"elementor-widget-wrap elementor-element-populated\">\n\t\t\t\t\t\t<div class=\"elementor-element elementor-element-d035909 elementor-widget elementor-widget-heading\" data-id=\"d035909\" data-element_type=\"widget\" data-widget_type=\"heading.default\">\n\t\t\t\t<div class=\"elementor-widget-container\">\n\t\t\t\t\t<h2 class=\"elementor-heading-title elementor-size-default\">Una memoria que sigue escribi\u00e9ndose<\/h2>\t\t\t\t<\/div>\n\t\t\t\t<\/div>\n\t\t\t\t<div class=\"elementor-element elementor-element-e3f15b5 elementor-widget elementor-widget-text-editor\" data-id=\"e3f15b5\" data-element_type=\"widget\" data-widget_type=\"text-editor.default\">\n\t\t\t\t<div class=\"elementor-widget-container\">\n\t\t\t\t\t\t\t\t\t<p><span style=\"font-weight: 400;\">El Graj\u00e9 no es s\u00f3lo un vestigio del pasado. Es una pr\u00e1ctica que sigue teniendo cabida en la Guayana actual. En cada danza, encontramos esta energ\u00eda colectiva, esta forma de estar juntos que va m\u00e1s all\u00e1 del simple marco de la danza. Une, re\u00fane a la gente y nos recuerda que ciertas tradiciones pueden resistir el paso del tiempo sin perder su significado.   <\/span><\/p>\n<p><span style=\"font-weight: 400;\">En las sabanas y en los barrios, sigue siendo un profundo referente cultural. Es una forma de contar la historia de otra manera, utilizando el cuerpo, el ritmo, los tambores y ese paso resbaladizo que lo dice todo sin levantar la voz. <\/span><\/p>\t\t\t\t\t\t\t\t<\/div>\n\t\t\t\t<\/div>\n\t\t\t\t<section class=\"elementor-section elementor-inner-section elementor-element elementor-element-0aff3c3 elementor-section-boxed elementor-section-height-default elementor-section-height-default\" data-id=\"0aff3c3\" data-element_type=\"section\">\n\t\t\t\t\t\t<div class=\"elementor-container elementor-column-gap-default\">\n\t\t\t\t\t<div class=\"elementor-column elementor-col-100 elementor-inner-column elementor-element elementor-element-a257e1f\" data-id=\"a257e1f\" data-element_type=\"column\">\n\t\t\t<div class=\"elementor-widget-wrap elementor-element-populated\">\n\t\t\t\t\t\t<div class=\"elementor-element elementor-element-a60b230 elementor-widget elementor-widget-video\" data-id=\"a60b230\" data-element_type=\"widget\" data-settings=\"{&quot;youtube_url&quot;:&quot;https:\\\/\\\/www.youtube.com\\\/watch?v=MqB-PnMaC-I&quot;,&quot;video_type&quot;:&quot;youtube&quot;,&quot;controls&quot;:&quot;yes&quot;}\" data-widget_type=\"video.default\">\n\t\t\t\t<div class=\"elementor-widget-container\">\n\t\t\t\t\t\t\t<div class=\"elementor-wrapper elementor-open-inline\">\n\t\t\t<div class=\"elementor-video\"><\/div>\t\t<\/div>\n\t\t\t\t\t\t<\/div>\n\t\t\t\t<\/div>\n\t\t\t\t\t<\/div>\n\t\t<\/div>\n\t\t\t\t\t<\/div>\n\t\t<\/section>\n\t\t\t\t\t<\/div>\n\t\t<\/div>\n\t\t\t\t\t<\/div>\n\t\t<\/section>\n\t\t\t\t<\/div>\n\t\t","protected":false},"excerpt":{"rendered":"<p>Hablando del Graj\u00e9 en la Guayana Francesa es entrar en un mundo profundamente arraigado en la memoria de las sabanas. Esta danza, nacida de un pasado dif\u00edcil, se ha transmitido de generaci\u00f3n en generaci\u00f3n sin perder su fuerza simb\u00f3lica. Es una de esas tradiciones que no se contentan con sobrevivir: siguen viviendo, evolucionando y habitando [&hellip;]<\/p>\n","protected":false},"author":662,"featured_media":64908,"comment_status":"open","ping_status":"open","sticky":false,"template":"","format":"standard","meta":{"_acf_changed":false,"footnotes":""},"categories":[1469],"tags":[1549],"class_list":["post-64955","post","type-post","status-publish","format-standard","has-post-thumbnail","hentry","category-historia-patrimonio","tag-guayana-francesa"],"acf":[],"_links":{"self":[{"href":"https:\/\/richeskarayib.com\/es\/wp-json\/wp\/v2\/posts\/64955","targetHints":{"allow":["GET"]}}],"collection":[{"href":"https:\/\/richeskarayib.com\/es\/wp-json\/wp\/v2\/posts"}],"about":[{"href":"https:\/\/richeskarayib.com\/es\/wp-json\/wp\/v2\/types\/post"}],"author":[{"embeddable":true,"href":"https:\/\/richeskarayib.com\/es\/wp-json\/wp\/v2\/users\/662"}],"replies":[{"embeddable":true,"href":"https:\/\/richeskarayib.com\/es\/wp-json\/wp\/v2\/comments?post=64955"}],"version-history":[{"count":0,"href":"https:\/\/richeskarayib.com\/es\/wp-json\/wp\/v2\/posts\/64955\/revisions"}],"wp:featuredmedia":[{"embeddable":true,"href":"https:\/\/richeskarayib.com\/es\/wp-json\/wp\/v2\/media\/64908"}],"wp:attachment":[{"href":"https:\/\/richeskarayib.com\/es\/wp-json\/wp\/v2\/media?parent=64955"}],"wp:term":[{"taxonomy":"category","embeddable":true,"href":"https:\/\/richeskarayib.com\/es\/wp-json\/wp\/v2\/categories?post=64955"},{"taxonomy":"post_tag","embeddable":true,"href":"https:\/\/richeskarayib.com\/es\/wp-json\/wp\/v2\/tags?post=64955"}],"curies":[{"name":"wp","href":"https:\/\/api.w.org\/{rel}","templated":true}]}}