{"id":64994,"date":"2025-11-18T00:25:56","date_gmt":"2025-11-18T04:25:56","guid":{"rendered":"https:\/\/richeskarayib.com\/festival-internacional-de-musica-saint-georges-2025-guadalupe-celebra-un-patrimonio-musical-mundial\/"},"modified":"2025-11-18T02:19:14","modified_gmt":"2025-11-18T06:19:14","slug":"festival-internacional-de-musica-saint-georges-2025-guadalupe-celebra-un-patrimonio-musical-mundial","status":"publish","type":"post","link":"https:\/\/richeskarayib.com\/es\/festival-internacional-de-musica-saint-georges-2025-guadalupe-celebra-un-patrimonio-musical-mundial\/","title":{"rendered":"Festival Internacional de M\u00fasica Saint-Georges 2025: Guadalupe celebra un patrimonio musical mundial"},"content":{"rendered":"\t\t<div data-elementor-type=\"wp-post\" data-elementor-id=\"64994\" class=\"elementor elementor-64994 elementor-64959\" data-elementor-post-type=\"post\">\n\t\t\t\t\t\t<section class=\"elementor-section elementor-top-section elementor-element elementor-element-7ca7ca1 elementor-section-boxed elementor-section-height-default elementor-section-height-default\" data-id=\"7ca7ca1\" data-element_type=\"section\">\n\t\t\t\t\t\t<div class=\"elementor-container elementor-column-gap-default\">\n\t\t\t\t\t<div class=\"elementor-column elementor-col-100 elementor-top-column elementor-element elementor-element-cbdd002\" data-id=\"cbdd002\" data-element_type=\"column\">\n\t\t\t<div class=\"elementor-widget-wrap elementor-element-populated\">\n\t\t\t\t\t\t<section class=\"elementor-section elementor-inner-section elementor-element elementor-element-bc94849 elementor-section-boxed elementor-section-height-default elementor-section-height-default\" data-id=\"bc94849\" data-element_type=\"section\">\n\t\t\t\t\t\t<div class=\"elementor-container elementor-column-gap-default\">\n\t\t\t\t\t\t<\/div>\n\t\t<\/section>\n\t\t\t\t<section class=\"elementor-section elementor-inner-section elementor-element elementor-element-61571e6 elementor-section-boxed elementor-section-height-default elementor-section-height-default\" data-id=\"61571e6\" data-element_type=\"section\">\n\t\t\t\t\t\t<div class=\"elementor-container elementor-column-gap-default\">\n\t\t\t\t\t\t<\/div>\n\t\t<\/section>\n\t\t\t\t<section class=\"elementor-section elementor-inner-section elementor-element elementor-element-b6262e0 elementor-section-boxed elementor-section-height-default elementor-section-height-default\" data-id=\"b6262e0\" data-element_type=\"section\">\n\t\t\t\t\t\t<div class=\"elementor-container elementor-column-gap-default\">\n\t\t\t\t\t\t<\/div>\n\t\t<\/section>\n\t\t\t\t<section class=\"elementor-section elementor-inner-section elementor-element elementor-element-cca29fd elementor-section-boxed elementor-section-height-default elementor-section-height-default\" data-id=\"cca29fd\" data-element_type=\"section\">\n\t\t\t\t\t\t<div class=\"elementor-container elementor-column-gap-default\">\n\t\t\t\t\t\t<\/div>\n\t\t<\/section>\n\t\t\t\t\t<\/div>\n\t\t<\/div>\n\t\t\t\t\t<\/div>\n\t\t<\/section>\n\t\t\t\t<section class=\"elementor-section elementor-top-section elementor-element elementor-element-5a7397d elementor-section-boxed elementor-section-height-default elementor-section-height-default\" data-id=\"5a7397d\" data-element_type=\"section\">\n\t\t\t\t\t\t<div class=\"elementor-container elementor-column-gap-default\">\n\t\t\t\t\t<div class=\"elementor-column elementor-col-100 elementor-top-column elementor-element elementor-element-e0e155e\" data-id=\"e0e155e\" data-element_type=\"column\">\n\t\t\t<div class=\"elementor-widget-wrap elementor-element-populated\">\n\t\t\t\t\t\t<div class=\"elementor-element elementor-element-43a45ac elementor-widget elementor-widget-text-editor\" data-id=\"43a45ac\" data-element_type=\"widget\" data-widget_type=\"text-editor.default\">\n\t\t\t\t<div class=\"elementor-widget-container\">\n\t\t\t\t\t\t\t\t\t<p><span style=\"font-weight: 400;\">Del 15 al 23 de noviembre de 2025, <a href=\"https:\/\/richeskarayib.com\/es\/bouladjel-el-profundo-aliento-de-guadalupe\/\" target=\"_blank\" rel=\"noopener\">Guadalupe<\/a> acoger\u00e1 una nueva edici\u00f3n del <a href=\"https:\/\/caraibcreolenews.com\/guadeloupe-retour-festival-international-de-musique-saint-georges\/\" target=\"_blank\" rel=\"noopener nofollow\">Festival Internacional de M\u00fasica Saint-Georges<\/a>, un acontecimiento que se ha convertido en esencial para comprender la profundidad cultural del archipi\u00e9lago. Esta edici\u00f3n aniversario tiene un significado especial: marca el 280 aniversario del nacimiento de Joseph Bologne, Chevalier de Saint-Georges, compositor, director de orquesta, virtuoso y gran figura relegada durante mucho tiempo a los m\u00e1rgenes de la historia de la m\u00fasica. <\/span><\/p>\n<p><span style=\"font-weight: 400;\">A trav\u00e9s de una semana de conciertos, encuentros y transmisi\u00f3n, este festival no s\u00f3lo rinde homenaje a un m\u00fasico excepcional: reafirma el lugar de Guadalupe en el mapa mundial de la m\u00fasica cl\u00e1sica y ofrece una interpretaci\u00f3n viva del patrimonio caribe\u00f1o.<\/span><\/p>\t\t\t\t\t\t\t\t<\/div>\n\t\t\t\t<\/div>\n\t\t\t\t\t<\/div>\n\t\t<\/div>\n\t\t\t\t\t<\/div>\n\t\t<\/section>\n\t\t\t\t<section class=\"elementor-section elementor-top-section elementor-element elementor-element-ceca32c elementor-section-boxed elementor-section-height-default elementor-section-height-default\" data-id=\"ceca32c\" data-element_type=\"section\">\n\t\t\t\t\t\t<div class=\"elementor-container elementor-column-gap-default\">\n\t\t\t\t\t<div class=\"elementor-column elementor-col-100 elementor-top-column elementor-element elementor-element-5a2e383\" data-id=\"5a2e383\" data-element_type=\"column\">\n\t\t\t<div class=\"elementor-widget-wrap elementor-element-populated\">\n\t\t\t\t\t\t<div class=\"elementor-element elementor-element-6cedf5f elementor-widget elementor-widget-heading\" data-id=\"6cedf5f\" data-element_type=\"widget\" data-widget_type=\"heading.default\">\n\t\t\t\t<div class=\"elementor-widget-container\">\n\t\t\t\t\t<h2 class=\"elementor-heading-title elementor-size-default\">Un compositor guadalupe\u00f1o con un destino extraordinario<\/h2>\t\t\t\t<\/div>\n\t\t\t\t<\/div>\n\t\t\t\t<div class=\"elementor-element elementor-element-e93d1fb elementor-widget elementor-widget-text-editor\" data-id=\"e93d1fb\" data-element_type=\"widget\" data-widget_type=\"text-editor.default\">\n\t\t\t\t<div class=\"elementor-widget-container\">\n\t\t\t\t\t\t\t\t\t<p><span style=\"font-weight: 400;\">Nacido en 1745 en Baillif, en la hacienda azucarera de Clairefontaine, Joseph Bologne atraves\u00f3 el siglo XVIII con una trayectoria que desafiaba las convenciones sociales de su \u00e9poca. Hijo de un plantador franc\u00e9s y de una mujer reducida a la esclavitud, recibi\u00f3 en la Francia metropolitana una educaci\u00f3n poco com\u00fan para un ni\u00f1o de su condici\u00f3n. Desde muy joven se distingui\u00f3 por su doble dominio de la esgrima, donde su virtuosismo caus\u00f3 sensaci\u00f3n, y de la m\u00fasica, donde su talento adquiri\u00f3 proporciones notables.  <\/span><\/p>\t\t\t\t\t\t\t\t<\/div>\n\t\t\t\t<\/div>\n\t\t\t\t<div class=\"elementor-element elementor-element-2cec473 elementor-widget elementor-widget-text-editor\" data-id=\"2cec473\" data-element_type=\"widget\" data-widget_type=\"text-editor.default\">\n\t\t\t\t<div class=\"elementor-widget-container\">\n\t\t\t\t\t\t\t\t\t<p><span style=\"font-weight: 400;\">Violinista, director de orquesta y compositor, dirigi\u00f3 uno de los mejores conjuntos de Par\u00eds e inspir\u00f3 a sus contempor\u00e1neos. Sus conciertos, cuartetos y sinfon\u00edas concertantes son testimonio de una b\u00fasqueda musical marcada por una gran finura y una escritura magistral. Sin embargo, durante mucho tiempo, su obra sufri\u00f3 una invisibilidad que iba m\u00e1s all\u00e1 de la cr\u00edtica y reflejaba el contexto social de la \u00e9poca.  <\/span><\/p>\n<p><span style=\"font-weight: 400;\">Hoy,<\/span><span style=\"font-weight: 400;\">el <\/span><span style=\"font-weight: 400;\">Festival Internacional de M\u00fasica de Saint-Georges contribuye a volver a situar a esta figura en el centro del patrimonio caribe\u00f1o y de la historia musical europea, al tiempo que destaca la importancia de su legado para el panorama mundial de la m\u00fasica cl\u00e1sica.<\/span><\/p>\t\t\t\t\t\t\t\t<\/div>\n\t\t\t\t<\/div>\n\t\t\t\t<section class=\"elementor-section elementor-inner-section elementor-element elementor-element-42455b0 elementor-section-boxed elementor-section-height-default elementor-section-height-default\" data-id=\"42455b0\" data-element_type=\"section\">\n\t\t\t\t\t\t<div class=\"elementor-container elementor-column-gap-default\">\n\t\t\t\t\t<div class=\"elementor-column elementor-col-100 elementor-inner-column elementor-element elementor-element-6430c5e\" data-id=\"6430c5e\" data-element_type=\"column\">\n\t\t\t<div class=\"elementor-widget-wrap elementor-element-populated\">\n\t\t\t\t\t\t<div class=\"elementor-element elementor-element-037410c elementor-widget elementor-widget-image\" data-id=\"037410c\" data-element_type=\"widget\" data-widget_type=\"image.default\">\n\t\t\t\t<div class=\"elementor-widget-container\">\n\t\t\t\t\t\t\t\t\t\t\t\t\t\t\t<img fetchpriority=\"high\" decoding=\"async\" width=\"650\" height=\"810\" src=\"https:\/\/richeskarayib.com\/wp-content\/uploads\/2025\/11\/568668481_122234424278129489_6781990535778792629_n.jpg\" class=\"attachment-large size-large wp-image-64968\" alt=\"Festival International de Musique\" srcset=\"https:\/\/richeskarayib.com\/wp-content\/uploads\/2025\/11\/568668481_122234424278129489_6781990535778792629_n.jpg 650w, https:\/\/richeskarayib.com\/wp-content\/uploads\/2025\/11\/568668481_122234424278129489_6781990535778792629_n-241x300.jpg 241w\" sizes=\"(max-width: 650px) 100vw, 650px\" \/>\t\t\t\t\t\t\t\t\t\t\t\t\t\t\t<\/div>\n\t\t\t\t<\/div>\n\t\t\t\t\t<\/div>\n\t\t<\/div>\n\t\t\t\t\t<\/div>\n\t\t<\/section>\n\t\t\t\t\t<\/div>\n\t\t<\/div>\n\t\t\t\t\t<\/div>\n\t\t<\/section>\n\t\t\t\t<section class=\"elementor-section elementor-top-section elementor-element elementor-element-9c88a89 elementor-section-boxed elementor-section-height-default elementor-section-height-default\" data-id=\"9c88a89\" data-element_type=\"section\">\n\t\t\t\t\t\t<div class=\"elementor-container elementor-column-gap-default\">\n\t\t\t\t\t<div class=\"elementor-column elementor-col-100 elementor-top-column elementor-element elementor-element-78cf5d1\" data-id=\"78cf5d1\" data-element_type=\"column\">\n\t\t\t<div class=\"elementor-widget-wrap elementor-element-populated\">\n\t\t\t\t\t\t<div class=\"elementor-element elementor-element-ea2a5c1 elementor-widget elementor-widget-heading\" data-id=\"ea2a5c1\" data-element_type=\"widget\" data-widget_type=\"heading.default\">\n\t\t\t\t<div class=\"elementor-widget-container\">\n\t\t\t\t\t<h2 class=\"elementor-heading-title elementor-size-default\">Un festival con ra\u00edces en Guadalupe, abierto al mundo<\/h2>\t\t\t\t<\/div>\n\t\t\t\t<\/div>\n\t\t\t\t<div class=\"elementor-element elementor-element-e305eee elementor-widget elementor-widget-text-editor\" data-id=\"e305eee\" data-element_type=\"widget\" data-widget_type=\"text-editor.default\">\n\t\t\t\t<div class=\"elementor-widget-container\">\n\t\t\t\t\t\t\t\t\t<p><span style=\"font-weight: 400;\">Desde el principio, el <a href=\"https:\/\/www.facebook.com\/profile.php?id=100063206109857&amp;sk=photos&amp;locale=fr_FR\" target=\"_blank\" rel=\"noopener nofollow\">Festival Internacional de M\u00fasica de Saint-Georges<\/a> se ha construido en torno a tres pilares:<\/span><\/p>\n<ul>\n<li><span style=\"font-weight: 400;\">&#8211; <\/span><b>memoria<\/b><span style=\"font-weight: 400;\">dando vida a las obras de Saint-Georges;<\/span><\/li>\n<li><span style=\"font-weight: 400;\">&#8211; <\/span><b>diversidad<\/b><span style=\"font-weight: 400;\">reuniendo a artistas de distintas procedencias y regiones;<\/span><\/li>\n<li><span style=\"font-weight: 400;\">&#8211; <\/span><b>transmisi\u00f3n<\/b><span style=\"font-weight: 400;\">con especial atenci\u00f3n a la juventud de Guadalupe.<\/span><\/li>\n<\/ul>\t\t\t\t\t\t\t\t<\/div>\n\t\t\t\t<\/div>\n\t\t\t\t<div class=\"elementor-element elementor-element-98188a2 elementor-widget elementor-widget-text-editor\" data-id=\"98188a2\" data-element_type=\"widget\" data-widget_type=\"text-editor.default\">\n\t\t\t\t<div class=\"elementor-widget-container\">\n\t\t\t\t\t\t\t\t\t<p><span style=\"font-weight: 400;\">La edici\u00f3n de 2025 se mantiene fiel a esta visi\u00f3n. Este a\u00f1o est\u00e1n representados m\u00e1s de 20 pa\u00edses, con m\u00fasicos procedentes de los grandes escenarios europeos, as\u00ed como de conservatorios caribe\u00f1os y norteamericanos. Esta diversidad confiere al festival una dimensi\u00f3n profundamente internacional, al tiempo que lo mantiene firmemente arraigado en la regi\u00f3n: es en Guadalupe donde resuenan estos encuentros, y es el archipi\u00e9lago el que da vida al programa.  <\/span><\/p>\t\t\t\t\t\t\t\t<\/div>\n\t\t\t\t<\/div>\n\t\t\t\t<section class=\"elementor-section elementor-inner-section elementor-element elementor-element-da933c7 elementor-section-boxed elementor-section-height-default elementor-section-height-default\" data-id=\"da933c7\" data-element_type=\"section\">\n\t\t\t\t\t\t<div class=\"elementor-container elementor-column-gap-default\">\n\t\t\t\t\t<div class=\"elementor-column elementor-col-50 elementor-inner-column elementor-element elementor-element-892f282\" data-id=\"892f282\" data-element_type=\"column\">\n\t\t\t<div class=\"elementor-widget-wrap elementor-element-populated\">\n\t\t\t\t\t\t<div class=\"elementor-element elementor-element-4503f81 elementor-widget elementor-widget-image\" data-id=\"4503f81\" data-element_type=\"widget\" data-widget_type=\"image.default\">\n\t\t\t\t<div class=\"elementor-widget-container\">\n\t\t\t\t\t\t\t\t\t\t\t\t<figure class=\"wp-caption\">\n\t\t\t\t\t\t\t\t\t\t<img decoding=\"async\" width=\"800\" height=\"876\" src=\"https:\/\/richeskarayib.com\/wp-content\/uploads\/2025\/11\/\u00a9Festival-International-de-Musique-Saint-Georges-5-935x1024.jpg\" class=\"attachment-large size-large wp-image-64976\" alt=\"Festival International de Musique\" srcset=\"https:\/\/richeskarayib.com\/wp-content\/uploads\/2025\/11\/\u00a9Festival-International-de-Musique-Saint-Georges-5-935x1024.jpg 935w, https:\/\/richeskarayib.com\/wp-content\/uploads\/2025\/11\/\u00a9Festival-International-de-Musique-Saint-Georges-5-274x300.jpg 274w, https:\/\/richeskarayib.com\/wp-content\/uploads\/2025\/11\/\u00a9Festival-International-de-Musique-Saint-Georges-5-768x841.jpg 768w, https:\/\/richeskarayib.com\/wp-content\/uploads\/2025\/11\/\u00a9Festival-International-de-Musique-Saint-Georges-5.jpg 1050w\" sizes=\"(max-width: 800px) 100vw, 800px\" \/>\t\t\t\t\t\t\t\t\t\t\t<figcaption class=\"widget-image-caption wp-caption-text\">\u00a9Festival International de Musique Saint-Georges<\/figcaption>\n\t\t\t\t\t\t\t\t\t\t<\/figure>\n\t\t\t\t\t\t\t\t\t<\/div>\n\t\t\t\t<\/div>\n\t\t\t\t\t<\/div>\n\t\t<\/div>\n\t\t\t\t<div class=\"elementor-column elementor-col-50 elementor-inner-column elementor-element elementor-element-a62c3e5\" data-id=\"a62c3e5\" data-element_type=\"column\">\n\t\t\t<div class=\"elementor-widget-wrap elementor-element-populated\">\n\t\t\t\t\t\t<div class=\"elementor-element elementor-element-6638007 elementor-widget elementor-widget-image\" data-id=\"6638007\" data-element_type=\"widget\" data-widget_type=\"image.default\">\n\t\t\t\t<div class=\"elementor-widget-container\">\n\t\t\t\t\t\t\t\t\t\t\t\t<figure class=\"wp-caption\">\n\t\t\t\t\t\t\t\t\t\t<img decoding=\"async\" width=\"613\" height=\"1024\" src=\"https:\/\/richeskarayib.com\/wp-content\/uploads\/2025\/11\/\u00a9Festival-International-de-Musique-Saint-Georges-3-613x1024.jpg\" class=\"attachment-large size-large wp-image-64980\" alt=\"Festival International de Musique\" srcset=\"https:\/\/richeskarayib.com\/wp-content\/uploads\/2025\/11\/\u00a9Festival-International-de-Musique-Saint-Georges-3-613x1024.jpg 613w, https:\/\/richeskarayib.com\/wp-content\/uploads\/2025\/11\/\u00a9Festival-International-de-Musique-Saint-Georges-3-180x300.jpg 180w, https:\/\/richeskarayib.com\/wp-content\/uploads\/2025\/11\/\u00a9Festival-International-de-Musique-Saint-Georges-3.jpg 686w\" sizes=\"(max-width: 613px) 100vw, 613px\" \/>\t\t\t\t\t\t\t\t\t\t\t<figcaption class=\"widget-image-caption wp-caption-text\">\u00a9Festival International de Musique Saint-Georges<\/figcaption>\n\t\t\t\t\t\t\t\t\t\t<\/figure>\n\t\t\t\t\t\t\t\t\t<\/div>\n\t\t\t\t<\/div>\n\t\t\t\t\t<\/div>\n\t\t<\/div>\n\t\t\t\t\t<\/div>\n\t\t<\/section>\n\t\t\t\t\t<\/div>\n\t\t<\/div>\n\t\t\t\t\t<\/div>\n\t\t<\/section>\n\t\t\t\t<section class=\"elementor-section elementor-top-section elementor-element elementor-element-103aced elementor-section-boxed elementor-section-height-default elementor-section-height-default\" data-id=\"103aced\" data-element_type=\"section\">\n\t\t\t\t\t\t<div class=\"elementor-container elementor-column-gap-default\">\n\t\t\t\t\t<div class=\"elementor-column elementor-col-100 elementor-top-column elementor-element elementor-element-e34f9f4\" data-id=\"e34f9f4\" data-element_type=\"column\">\n\t\t\t<div class=\"elementor-widget-wrap elementor-element-populated\">\n\t\t\t\t\t\t<div class=\"elementor-element elementor-element-c643e86 elementor-widget elementor-widget-heading\" data-id=\"c643e86\" data-element_type=\"widget\" data-widget_type=\"heading.default\">\n\t\t\t\t<div class=\"elementor-widget-container\">\n\t\t\t\t\t<h2 class=\"elementor-heading-title elementor-size-default\">Una apertura concebida como un gesto simb\u00f3lico<\/h2>\t\t\t\t<\/div>\n\t\t\t\t<\/div>\n\t\t\t\t<div class=\"elementor-element elementor-element-f783f1a elementor-widget elementor-widget-text-editor\" data-id=\"f783f1a\" data-element_type=\"widget\" data-widget_type=\"text-editor.default\">\n\t\t\t\t<div class=\"elementor-widget-container\">\n\t\t\t\t\t\t\t\t\t<p><span style=\"font-weight: 400;\">El 15 de noviembre, el Festival Internacional de M\u00fasica Saint-Georges se inaugura en el aeropuerto Maryse Cond\u00e9 con una velada titulada &#8220;L&#8217;H\u00e9ritage du Chevalier de Saint-Georges&#8221;. La elecci\u00f3n del lugar no es balad\u00ed: acoger un concierto en una zona de tr\u00e1fico mundial equivale a afirmar que la m\u00fasica de Saint-Georges pertenece a un patrimonio que trasciende las fronteras. <\/span><\/p>\n<p><span style=\"font-weight: 400;\">El programa re\u00fane a compositores cuyas obras dialogan con los temas queridos por Bolonia: Jessie Montgomery, William Grant Still, Thierry P\u00e9cou y Trevor Weston. La actriz Firmine Richard presta su voz a las historias que acompa\u00f1an la velada, proporcionando un sensible puente entre la m\u00fasica, la historia y la oralidad caribe\u00f1a. <\/span><\/p>\t\t\t\t\t\t\t\t<\/div>\n\t\t\t\t<\/div>\n\t\t\t\t<section class=\"elementor-section elementor-inner-section elementor-element elementor-element-949b82e elementor-section-boxed elementor-section-height-default elementor-section-height-default\" data-id=\"949b82e\" data-element_type=\"section\">\n\t\t\t\t\t\t<div class=\"elementor-container elementor-column-gap-default\">\n\t\t\t\t\t<div class=\"elementor-column elementor-col-50 elementor-inner-column elementor-element elementor-element-91d4516\" data-id=\"91d4516\" data-element_type=\"column\">\n\t\t\t<div class=\"elementor-widget-wrap elementor-element-populated\">\n\t\t\t\t\t\t<div class=\"elementor-element elementor-element-c24b77e elementor-widget elementor-widget-image\" data-id=\"c24b77e\" data-element_type=\"widget\" data-widget_type=\"image.default\">\n\t\t\t\t<div class=\"elementor-widget-container\">\n\t\t\t\t\t\t\t\t\t\t\t\t<figure class=\"wp-caption\">\n\t\t\t\t\t\t\t\t\t\t<img loading=\"lazy\" decoding=\"async\" width=\"800\" height=\"450\" src=\"https:\/\/richeskarayib.com\/wp-content\/uploads\/2025\/11\/\u00a9Festival-International-de-Musique-Saint-Georges-1.jpg\" class=\"attachment-large size-large wp-image-64988\" alt=\"Festival International de Musique\" srcset=\"https:\/\/richeskarayib.com\/wp-content\/uploads\/2025\/11\/\u00a9Festival-International-de-Musique-Saint-Georges-1.jpg 960w, https:\/\/richeskarayib.com\/wp-content\/uploads\/2025\/11\/\u00a9Festival-International-de-Musique-Saint-Georges-1-300x169.jpg 300w, https:\/\/richeskarayib.com\/wp-content\/uploads\/2025\/11\/\u00a9Festival-International-de-Musique-Saint-Georges-1-768x432.jpg 768w\" sizes=\"(max-width: 800px) 100vw, 800px\" \/>\t\t\t\t\t\t\t\t\t\t\t<figcaption class=\"widget-image-caption wp-caption-text\">\u00a9Festival International de Musique Saint-Georges<\/figcaption>\n\t\t\t\t\t\t\t\t\t\t<\/figure>\n\t\t\t\t\t\t\t\t\t<\/div>\n\t\t\t\t<\/div>\n\t\t\t\t\t<\/div>\n\t\t<\/div>\n\t\t\t\t<div class=\"elementor-column elementor-col-50 elementor-inner-column elementor-element elementor-element-4b19608\" data-id=\"4b19608\" data-element_type=\"column\">\n\t\t\t<div class=\"elementor-widget-wrap elementor-element-populated\">\n\t\t\t\t\t\t<div class=\"elementor-element elementor-element-6ccaec0 elementor-widget elementor-widget-image\" data-id=\"6ccaec0\" data-element_type=\"widget\" data-widget_type=\"image.default\">\n\t\t\t\t<div class=\"elementor-widget-container\">\n\t\t\t\t\t\t\t\t\t\t\t\t<figure class=\"wp-caption\">\n\t\t\t\t\t\t\t\t\t\t<img loading=\"lazy\" decoding=\"async\" width=\"800\" height=\"450\" src=\"https:\/\/richeskarayib.com\/wp-content\/uploads\/2025\/11\/\u00a9Festival-International-de-Musique-Saint-Georges-ide-cou.jpg\" class=\"attachment-large size-large wp-image-64992\" alt=\"Festival International de Musique\" srcset=\"https:\/\/richeskarayib.com\/wp-content\/uploads\/2025\/11\/\u00a9Festival-International-de-Musique-Saint-Georges-ide-cou.jpg 960w, https:\/\/richeskarayib.com\/wp-content\/uploads\/2025\/11\/\u00a9Festival-International-de-Musique-Saint-Georges-ide-cou-300x169.jpg 300w, https:\/\/richeskarayib.com\/wp-content\/uploads\/2025\/11\/\u00a9Festival-International-de-Musique-Saint-Georges-ide-cou-768x432.jpg 768w\" sizes=\"(max-width: 800px) 100vw, 800px\" \/>\t\t\t\t\t\t\t\t\t\t\t<figcaption class=\"widget-image-caption wp-caption-text\">\u00a9Festival International de Musique Saint-Georges<\/figcaption>\n\t\t\t\t\t\t\t\t\t\t<\/figure>\n\t\t\t\t\t\t\t\t\t<\/div>\n\t\t\t\t<\/div>\n\t\t\t\t\t<\/div>\n\t\t<\/div>\n\t\t\t\t\t<\/div>\n\t\t<\/section>\n\t\t\t\t\t<\/div>\n\t\t<\/div>\n\t\t\t\t\t<\/div>\n\t\t<\/section>\n\t\t\t\t<section class=\"elementor-section elementor-top-section elementor-element elementor-element-f5709a6 elementor-section-boxed elementor-section-height-default elementor-section-height-default\" data-id=\"f5709a6\" data-element_type=\"section\">\n\t\t\t\t\t\t<div class=\"elementor-container elementor-column-gap-default\">\n\t\t\t\t\t<div class=\"elementor-column elementor-col-100 elementor-top-column elementor-element elementor-element-957be6f\" data-id=\"957be6f\" data-element_type=\"column\">\n\t\t\t<div class=\"elementor-widget-wrap elementor-element-populated\">\n\t\t\t\t\t\t<div class=\"elementor-element elementor-element-22c0a08 elementor-widget elementor-widget-heading\" data-id=\"22c0a08\" data-element_type=\"widget\" data-widget_type=\"heading.default\">\n\t\t\t\t<div class=\"elementor-widget-container\">\n\t\t\t\t\t<h2 class=\"elementor-heading-title elementor-size-default\">Una semana en la que la transmisi\u00f3n es fundamental\n<\/h2>\t\t\t\t<\/div>\n\t\t\t\t<\/div>\n\t\t\t\t<div class=\"elementor-element elementor-element-953f6e4 elementor-widget elementor-widget-text-editor\" data-id=\"953f6e4\" data-element_type=\"widget\" data-widget_type=\"text-editor.default\">\n\t\t\t\t<div class=\"elementor-widget-container\">\n\t\t\t\t\t\t\t\t\t<p><span style=\"font-weight: 400;\">Adem\u00e1s de sus conciertos, el Festival Internacional de M\u00fasica de Saint-Georges se distingue por su estructurado programa educativo: clases magistrales, talleres para j\u00f3venes instrumentistas, conferencias sobre los v\u00ednculos entre m\u00fasica, historia y sociedad.<\/span><\/p>\n<p><span style=\"font-weight: 400;\">Esta dimensi\u00f3n, a menudo ausente de los grandes festivales, desempe\u00f1a aqu\u00ed un papel esencial. Ofrece a los j\u00f3venes m\u00fasicos guadalupe\u00f1os la posibilidad de conocer a artistas internacionales, de acceder a una formaci\u00f3n que de otro modo no tendr\u00edan a su alcance y de proyectarse en trayectorias profesionales que a menudo se perciben como remotas. <\/span><\/p>\t\t\t\t\t\t\t\t<\/div>\n\t\t\t\t<\/div>\n\t\t\t\t<div class=\"elementor-element elementor-element-e9cff6f elementor-widget elementor-widget-text-editor\" data-id=\"e9cff6f\" data-element_type=\"widget\" data-widget_type=\"text-editor.default\">\n\t\t\t\t<div class=\"elementor-widget-container\">\n\t\t\t\t\t\t\t\t\t<p><span style=\"font-weight: 400;\">La edici\u00f3n de 2025 tambi\u00e9n incluye un homenaje a mujeres guadalupanas inspiradoras, una idea poderosa que resuena con el creciente papel de la mujer en la direcci\u00f3n, la composici\u00f3n y el negocio de la m\u00fasica.<\/span><\/p>\t\t\t\t\t\t\t\t<\/div>\n\t\t\t\t<\/div>\n\t\t\t\t\t<\/div>\n\t\t<\/div>\n\t\t\t\t\t<\/div>\n\t\t<\/section>\n\t\t\t\t<section class=\"elementor-section elementor-top-section elementor-element elementor-element-8481b8c elementor-section-boxed elementor-section-height-default elementor-section-height-default\" data-id=\"8481b8c\" data-element_type=\"section\">\n\t\t\t\t\t\t<div class=\"elementor-container elementor-column-gap-default\">\n\t\t\t\t\t<div class=\"elementor-column elementor-col-100 elementor-top-column elementor-element elementor-element-9f4ca48\" data-id=\"9f4ca48\" data-element_type=\"column\">\n\t\t\t<div class=\"elementor-widget-wrap elementor-element-populated\">\n\t\t\t\t\t\t<div class=\"elementor-element elementor-element-19836c0 elementor-widget elementor-widget-heading\" data-id=\"19836c0\" data-element_type=\"widget\" data-widget_type=\"heading.default\">\n\t\t\t\t<div class=\"elementor-widget-container\">\n\t\t\t\t\t<h2 class=\"elementor-heading-title elementor-size-default\">Primer Concurso Internacional de Viol\u00edn Joseph Bologna<\/h2>\t\t\t\t<\/div>\n\t\t\t\t<\/div>\n\t\t\t\t<div class=\"elementor-element elementor-element-8757600 elementor-widget elementor-widget-text-editor\" data-id=\"8757600\" data-element_type=\"widget\" data-widget_type=\"text-editor.default\">\n\t\t\t\t<div class=\"elementor-widget-container\">\n\t\t\t\t\t\t\t\t\t<p><span style=\"font-weight: 400;\">Una de las grandes novedades de la edici\u00f3n de este a\u00f1o es la creaci\u00f3n de un concurso dedicado al viol\u00edn, el instrumento favorito del compositor. J\u00f3venes virtuosos de varios continentes actuar\u00e1n ante un jurado internacional. <\/span><\/p>\n<p><span style=\"font-weight: 400;\">El objetivo del concurso es claro: promover la excelencia, animar a los j\u00f3venes y establecer a Guadalupe como un actor importante en la escena de la m\u00fasica cl\u00e1sica. El Festival Internacional de M\u00fasica de Saint-Georges da una nueva dimensi\u00f3n a su compromiso con los j\u00f3venes artistas, ofreci\u00e9ndoles una oportunidad de visibilidad poco frecuente y profundamente simb\u00f3lica. <\/span><\/p>\t\t\t\t\t\t\t\t<\/div>\n\t\t\t\t<\/div>\n\t\t\t\t<section class=\"elementor-section elementor-inner-section elementor-element elementor-element-fc6fdc3 elementor-section-boxed elementor-section-height-default elementor-section-height-default\" data-id=\"fc6fdc3\" data-element_type=\"section\">\n\t\t\t\t\t\t<div class=\"elementor-container elementor-column-gap-default\">\n\t\t\t\t\t<div class=\"elementor-column elementor-col-100 elementor-inner-column elementor-element elementor-element-0df4dc2\" data-id=\"0df4dc2\" data-element_type=\"column\">\n\t\t\t<div class=\"elementor-widget-wrap elementor-element-populated\">\n\t\t\t\t\t\t<div class=\"elementor-element elementor-element-2bae8f5 elementor-widget elementor-widget-image\" data-id=\"2bae8f5\" data-element_type=\"widget\" data-widget_type=\"image.default\">\n\t\t\t\t<div class=\"elementor-widget-container\">\n\t\t\t\t\t\t\t\t\t\t\t\t<figure class=\"wp-caption\">\n\t\t\t\t\t\t\t\t\t\t<img loading=\"lazy\" decoding=\"async\" width=\"800\" height=\"443\" src=\"https:\/\/richeskarayib.com\/wp-content\/uploads\/2025\/11\/\u00a9Festival-International-de-Musique-Saint-Georges-idea-cover.jpg\" class=\"attachment-large size-large wp-image-64984\" alt=\"Festival International de Musique\" srcset=\"https:\/\/richeskarayib.com\/wp-content\/uploads\/2025\/11\/\u00a9Festival-International-de-Musique-Saint-Georges-idea-cover.jpg 960w, https:\/\/richeskarayib.com\/wp-content\/uploads\/2025\/11\/\u00a9Festival-International-de-Musique-Saint-Georges-idea-cover-300x166.jpg 300w, https:\/\/richeskarayib.com\/wp-content\/uploads\/2025\/11\/\u00a9Festival-International-de-Musique-Saint-Georges-idea-cover-768x426.jpg 768w\" sizes=\"(max-width: 800px) 100vw, 800px\" \/>\t\t\t\t\t\t\t\t\t\t\t<figcaption class=\"widget-image-caption wp-caption-text\">\u00a9Festival International de Musique Saint-Georges<\/figcaption>\n\t\t\t\t\t\t\t\t\t\t<\/figure>\n\t\t\t\t\t\t\t\t\t<\/div>\n\t\t\t\t<\/div>\n\t\t\t\t\t<\/div>\n\t\t<\/div>\n\t\t\t\t\t<\/div>\n\t\t<\/section>\n\t\t\t\t\t<\/div>\n\t\t<\/div>\n\t\t\t\t\t<\/div>\n\t\t<\/section>\n\t\t\t\t<section class=\"elementor-section elementor-top-section elementor-element elementor-element-03ffe60 elementor-section-boxed elementor-section-height-default elementor-section-height-default\" data-id=\"03ffe60\" data-element_type=\"section\">\n\t\t\t\t\t\t<div class=\"elementor-container elementor-column-gap-default\">\n\t\t\t\t\t<div class=\"elementor-column elementor-col-100 elementor-top-column elementor-element elementor-element-9847403\" data-id=\"9847403\" data-element_type=\"column\">\n\t\t\t<div class=\"elementor-widget-wrap elementor-element-populated\">\n\t\t\t\t\t\t<div class=\"elementor-element elementor-element-d035909 elementor-widget elementor-widget-heading\" data-id=\"d035909\" data-element_type=\"widget\" data-widget_type=\"heading.default\">\n\t\t\t\t<div class=\"elementor-widget-container\">\n\t\t\t\t\t<h2 class=\"elementor-heading-title elementor-size-default\">Un final que lleva la voz del \"Nuevo Mundo\".<\/h2>\t\t\t\t<\/div>\n\t\t\t\t<\/div>\n\t\t\t\t<div class=\"elementor-element elementor-element-e3f15b5 elementor-widget elementor-widget-text-editor\" data-id=\"e3f15b5\" data-element_type=\"widget\" data-widget_type=\"text-editor.default\">\n\t\t\t\t<div class=\"elementor-widget-container\">\n\t\t\t\t\t\t\t\t\t<p><span style=\"font-weight: 400;\">El 23 de noviembre, el festival se clausura en la Sala Paul Chonchon con el concierto &#8220;Chants du Nouveau Monde&#8221;, interpretado por la Orquesta del Festival y la mezzosoprano Axelle Saint-Cirel.<\/span><\/p>\n<p><span style=\"font-weight: 400;\">El programa re\u00fane a Bologne, Berlioz, Lili Boulanger y Anton\u00edn Dvo\u0159\u00e1k. Esta elecci\u00f3n ilustra la voluntad del Festival Internacional de M\u00fasica de Saint-Georges de crear un di\u00e1logo entre el Caribe y Europa, entre la memoria colonial y el imaginario americano, entre lo \u00edntimo y lo monumental. Todo ello en un espacio -la Sala Paul Chonchon- que sigue siendo uno de los lugares emblem\u00e1ticos de la vida art\u00edstica de Guadalupe.  <\/span><\/p>\t\t\t\t\t\t\t\t<\/div>\n\t\t\t\t<\/div>\n\t\t\t\t<section class=\"elementor-section elementor-inner-section elementor-element elementor-element-c60af75 elementor-section-boxed elementor-section-height-default elementor-section-height-default\" data-id=\"c60af75\" data-element_type=\"section\">\n\t\t\t\t\t\t<div class=\"elementor-container elementor-column-gap-default\">\n\t\t\t\t\t<div class=\"elementor-column elementor-col-100 elementor-inner-column elementor-element elementor-element-2a34e47\" data-id=\"2a34e47\" data-element_type=\"column\">\n\t\t\t<div class=\"elementor-widget-wrap elementor-element-populated\">\n\t\t\t\t\t\t<div class=\"elementor-element elementor-element-51c624f elementor-widget elementor-widget-image\" data-id=\"51c624f\" data-element_type=\"widget\" data-widget_type=\"image.default\">\n\t\t\t\t<div class=\"elementor-widget-container\">\n\t\t\t\t\t\t\t\t\t\t\t\t<figure class=\"wp-caption\">\n\t\t\t\t\t\t\t\t\t\t<img loading=\"lazy\" decoding=\"async\" width=\"800\" height=\"905\" src=\"https:\/\/richeskarayib.com\/wp-content\/uploads\/2025\/11\/\u00a9Festival-International-de-Musique-Saint-Georges-4-905x1024.jpg\" class=\"attachment-large size-large wp-image-64972\" alt=\"Festival International de Musique\" srcset=\"https:\/\/richeskarayib.com\/wp-content\/uploads\/2025\/11\/\u00a9Festival-International-de-Musique-Saint-Georges-4-905x1024.jpg 905w, https:\/\/richeskarayib.com\/wp-content\/uploads\/2025\/11\/\u00a9Festival-International-de-Musique-Saint-Georges-4-265x300.jpg 265w, https:\/\/richeskarayib.com\/wp-content\/uploads\/2025\/11\/\u00a9Festival-International-de-Musique-Saint-Georges-4-768x869.jpg 768w, https:\/\/richeskarayib.com\/wp-content\/uploads\/2025\/11\/\u00a9Festival-International-de-Musique-Saint-Georges-4.jpg 986w\" sizes=\"(max-width: 800px) 100vw, 800px\" \/>\t\t\t\t\t\t\t\t\t\t\t<figcaption class=\"widget-image-caption wp-caption-text\">\u00a9Festival International de Musique Saint-Georges<\/figcaption>\n\t\t\t\t\t\t\t\t\t\t<\/figure>\n\t\t\t\t\t\t\t\t\t<\/div>\n\t\t\t\t<\/div>\n\t\t\t\t\t<\/div>\n\t\t<\/div>\n\t\t\t\t\t<\/div>\n\t\t<\/section>\n\t\t\t\t\t<\/div>\n\t\t<\/div>\n\t\t\t\t\t<\/div>\n\t\t<\/section>\n\t\t\t\t<section class=\"elementor-section elementor-top-section elementor-element elementor-element-385b04a elementor-section-boxed elementor-section-height-default elementor-section-height-default\" data-id=\"385b04a\" data-element_type=\"section\">\n\t\t\t\t\t\t<div class=\"elementor-container elementor-column-gap-default\">\n\t\t\t\t\t<div class=\"elementor-column elementor-col-100 elementor-top-column elementor-element elementor-element-f90a1e8\" data-id=\"f90a1e8\" data-element_type=\"column\">\n\t\t\t<div class=\"elementor-widget-wrap elementor-element-populated\">\n\t\t\t\t\t\t<div class=\"elementor-element elementor-element-d6e9942 elementor-widget elementor-widget-heading\" data-id=\"d6e9942\" data-element_type=\"widget\" data-widget_type=\"heading.default\">\n\t\t\t\t<div class=\"elementor-widget-container\">\n\t\t\t\t\t<h2 class=\"elementor-heading-title elementor-size-default\">Un acontecimiento que va m\u00e1s all\u00e1 de la m\u00fasica\n<\/h2>\t\t\t\t<\/div>\n\t\t\t\t<\/div>\n\t\t\t\t<div class=\"elementor-element elementor-element-c5c0e9d elementor-widget elementor-widget-text-editor\" data-id=\"c5c0e9d\" data-element_type=\"widget\" data-widget_type=\"text-editor.default\">\n\t\t\t\t<div class=\"elementor-widget-container\">\n\t\t\t\t\t\t\t\t\t<p><span style=\"font-weight: 400;\"><a href=\"https:\/\/festivalsaintgeorges.com\/\" target=\"_blank\" rel=\"noopener nofollow\">El Festival Internacional de M\u00fasica de Saint-Georges<\/a> no es s\u00f3lo un lugar de encuentro para los amantes de la m\u00fasica. Contribuye a rehabilitar una parte esencial de la historia del Caribe, abre nuevas perspectivas a los j\u00f3venes guadalupe\u00f1os, eleva el perfil del archipi\u00e9lago a nivel internacional y refuerza la idea de que el Caribe posee un capital art\u00edstico profundamente rico. <\/span><\/p>\t\t\t\t\t\t\t\t<\/div>\n\t\t\t\t<\/div>\n\t\t\t\t<div class=\"elementor-element elementor-element-e4e54a9 elementor-widget elementor-widget-text-editor\" data-id=\"e4e54a9\" data-element_type=\"widget\" data-widget_type=\"text-editor.default\">\n\t\t\t\t<div class=\"elementor-widget-container\">\n\t\t\t\t\t\t\t\t\t<p><span style=\"font-weight: 400;\">Al volver a poner al Chevalier de Saint-Georges en el candelero, Guadalupe afirma su claro posicionamiento cultural: el de un territorio que convierte su patrimonio en una fuerza viva, capaz de inspirar a las nuevas generaciones y a los escenarios del mundo entero. El mensaje del Festival de este a\u00f1o, que el Festival Internacional de M\u00fasica de Saint-Georges ha mantenido firmemente, va m\u00e1s all\u00e1 de la mera programaci\u00f3n: se trata de vivir en la memoria y transmitirla. <\/span><\/p>\t\t\t\t\t\t\t\t<\/div>\n\t\t\t\t<\/div>\n\t\t\t\t<section class=\"elementor-section elementor-inner-section elementor-element elementor-element-687fe4f elementor-section-boxed elementor-section-height-default elementor-section-height-default\" data-id=\"687fe4f\" data-element_type=\"section\">\n\t\t\t\t\t\t<div class=\"elementor-container elementor-column-gap-default\">\n\t\t\t\t\t<div class=\"elementor-column elementor-col-100 elementor-inner-column elementor-element elementor-element-f4a3fab\" data-id=\"f4a3fab\" data-element_type=\"column\">\n\t\t\t<div class=\"elementor-widget-wrap elementor-element-populated\">\n\t\t\t\t\t\t<div class=\"elementor-element elementor-element-303f1b5 elementor-widget elementor-widget-video\" data-id=\"303f1b5\" data-element_type=\"widget\" data-settings=\"{&quot;youtube_url&quot;:&quot;https:\\\/\\\/www.youtube.com\\\/watch?v=0sD4czu68Ow&quot;,&quot;video_type&quot;:&quot;youtube&quot;,&quot;controls&quot;:&quot;yes&quot;}\" data-widget_type=\"video.default\">\n\t\t\t\t<div class=\"elementor-widget-container\">\n\t\t\t\t\t\t\t<div class=\"elementor-wrapper elementor-open-inline\">\n\t\t\t<div class=\"elementor-video\"><\/div>\t\t<\/div>\n\t\t\t\t\t\t<\/div>\n\t\t\t\t<\/div>\n\t\t\t\t\t<\/div>\n\t\t<\/div>\n\t\t\t\t\t<\/div>\n\t\t<\/section>\n\t\t\t\t\t<\/div>\n\t\t<\/div>\n\t\t\t\t\t<\/div>\n\t\t<\/section>\n\t\t\t\t<\/div>\n\t\t","protected":false},"excerpt":{"rendered":"<p>Del 15 al 23 de noviembre de 2025, Guadalupe acoger\u00e1 una nueva edici\u00f3n del Festival Internacional de M\u00fasica Saint-Georges, un acontecimiento que se ha convertido en esencial para comprender la profundidad cultural del archipi\u00e9lago. Esta edici\u00f3n aniversario tiene un significado especial: marca el 280 aniversario del nacimiento de Joseph Bologne, Chevalier de Saint-Georges, compositor, director [&hellip;]<\/p>\n","protected":false},"author":662,"featured_media":64964,"comment_status":"open","ping_status":"open","sticky":false,"template":"","format":"standard","meta":{"_acf_changed":false,"footnotes":""},"categories":[835],"tags":[1547,1581],"class_list":["post-64994","post","type-post","status-publish","format-standard","has-post-thumbnail","hentry","category-musique-fr","tag-guadalupe","tag-guadeloupe-fr"],"acf":[],"_links":{"self":[{"href":"https:\/\/richeskarayib.com\/es\/wp-json\/wp\/v2\/posts\/64994","targetHints":{"allow":["GET"]}}],"collection":[{"href":"https:\/\/richeskarayib.com\/es\/wp-json\/wp\/v2\/posts"}],"about":[{"href":"https:\/\/richeskarayib.com\/es\/wp-json\/wp\/v2\/types\/post"}],"author":[{"embeddable":true,"href":"https:\/\/richeskarayib.com\/es\/wp-json\/wp\/v2\/users\/662"}],"replies":[{"embeddable":true,"href":"https:\/\/richeskarayib.com\/es\/wp-json\/wp\/v2\/comments?post=64994"}],"version-history":[{"count":0,"href":"https:\/\/richeskarayib.com\/es\/wp-json\/wp\/v2\/posts\/64994\/revisions"}],"wp:featuredmedia":[{"embeddable":true,"href":"https:\/\/richeskarayib.com\/es\/wp-json\/wp\/v2\/media\/64964"}],"wp:attachment":[{"href":"https:\/\/richeskarayib.com\/es\/wp-json\/wp\/v2\/media?parent=64994"}],"wp:term":[{"taxonomy":"category","embeddable":true,"href":"https:\/\/richeskarayib.com\/es\/wp-json\/wp\/v2\/categories?post=64994"},{"taxonomy":"post_tag","embeddable":true,"href":"https:\/\/richeskarayib.com\/es\/wp-json\/wp\/v2\/tags?post=64994"}],"curies":[{"name":"wp","href":"https:\/\/api.w.org\/{rel}","templated":true}]}}