{"id":65084,"date":"2025-11-19T12:46:07","date_gmt":"2025-11-19T16:46:07","guid":{"rendered":"https:\/\/richeskarayib.com\/mundial-2026-haiti-curacao-y-panama-escriben-una-nueva-pagina-para-el-caribe\/"},"modified":"2025-11-19T12:46:08","modified_gmt":"2025-11-19T16:46:08","slug":"mundial-2026-haiti-curacao-y-panama-escriben-una-nueva-pagina-para-el-caribe","status":"publish","type":"post","link":"https:\/\/richeskarayib.com\/es\/mundial-2026-haiti-curacao-y-panama-escriben-una-nueva-pagina-para-el-caribe\/","title":{"rendered":"Mundial 2026: Hait\u00ed, Cura\u00e7ao y Panam\u00e1 escriben una nueva p\u00e1gina para el Caribe"},"content":{"rendered":"\t\t<div data-elementor-type=\"wp-post\" data-elementor-id=\"65084\" class=\"elementor elementor-65084 elementor-65038\" data-elementor-post-type=\"post\">\n\t\t\t\t\t\t<section class=\"elementor-section elementor-top-section elementor-element elementor-element-7ca7ca1 elementor-section-boxed elementor-section-height-default elementor-section-height-default\" data-id=\"7ca7ca1\" data-element_type=\"section\">\n\t\t\t\t\t\t<div class=\"elementor-container elementor-column-gap-default\">\n\t\t\t\t\t<div class=\"elementor-column elementor-col-100 elementor-top-column elementor-element elementor-element-cbdd002\" data-id=\"cbdd002\" data-element_type=\"column\">\n\t\t\t<div class=\"elementor-widget-wrap elementor-element-populated\">\n\t\t\t\t\t\t<section class=\"elementor-section elementor-inner-section elementor-element elementor-element-bc94849 elementor-section-boxed elementor-section-height-default elementor-section-height-default\" data-id=\"bc94849\" data-element_type=\"section\">\n\t\t\t\t\t\t<div class=\"elementor-container elementor-column-gap-default\">\n\t\t\t\t\t\t<\/div>\n\t\t<\/section>\n\t\t\t\t<section class=\"elementor-section elementor-inner-section elementor-element elementor-element-61571e6 elementor-section-boxed elementor-section-height-default elementor-section-height-default\" data-id=\"61571e6\" data-element_type=\"section\">\n\t\t\t\t\t\t<div class=\"elementor-container elementor-column-gap-default\">\n\t\t\t\t\t\t<\/div>\n\t\t<\/section>\n\t\t\t\t<section class=\"elementor-section elementor-inner-section elementor-element elementor-element-b6262e0 elementor-section-boxed elementor-section-height-default elementor-section-height-default\" data-id=\"b6262e0\" data-element_type=\"section\">\n\t\t\t\t\t\t<div class=\"elementor-container elementor-column-gap-default\">\n\t\t\t\t\t\t<\/div>\n\t\t<\/section>\n\t\t\t\t<section class=\"elementor-section elementor-inner-section elementor-element elementor-element-cca29fd elementor-section-boxed elementor-section-height-default elementor-section-height-default\" data-id=\"cca29fd\" data-element_type=\"section\">\n\t\t\t\t\t\t<div class=\"elementor-container elementor-column-gap-default\">\n\t\t\t\t\t\t<\/div>\n\t\t<\/section>\n\t\t\t\t\t<\/div>\n\t\t<\/div>\n\t\t\t\t\t<\/div>\n\t\t<\/section>\n\t\t\t\t<section class=\"elementor-section elementor-top-section elementor-element elementor-element-5a7397d elementor-section-boxed elementor-section-height-default elementor-section-height-default\" data-id=\"5a7397d\" data-element_type=\"section\">\n\t\t\t\t\t\t<div class=\"elementor-container elementor-column-gap-default\">\n\t\t\t\t\t<div class=\"elementor-column elementor-col-100 elementor-top-column elementor-element elementor-element-e0e155e\" data-id=\"e0e155e\" data-element_type=\"column\">\n\t\t\t<div class=\"elementor-widget-wrap elementor-element-populated\">\n\t\t\t\t\t\t<div class=\"elementor-element elementor-element-43a45ac elementor-widget elementor-widget-text-editor\" data-id=\"43a45ac\" data-element_type=\"widget\" data-widget_type=\"text-editor.default\">\n\t\t\t\t<div class=\"elementor-widget-container\">\n\t\t\t\t\t\t\t\t\t<p><span style=\"font-weight: 400;\">La Copa del Mundo de 2026 contar\u00e1 con tres representantes del Caribe y Centroam\u00e9rica: Hait\u00ed, Cura\u00e7ao y Panam\u00e1. Tres trayectorias diferentes, tres historias fuertes, pero un mismo mensaje: la regi\u00f3n avanza, se organiza y afirma cada vez m\u00e1s su lugar en el f\u00fatbol internacional. Para Hait\u00ed, el acontecimiento tiene una dimensi\u00f3n hist\u00f3rica, ya que la selecci\u00f3n nacional regresar\u00e1 a la escena mundial por primera vez desde 1974. Para Cura\u00e7ao, es un logro sin precedentes. En cuanto a Panam\u00e1, confirma su nuevo estatus regional. Juntas, estas tres naciones insuflan nueva vida al Caribe.     <\/span><\/p>\t\t\t\t\t\t\t\t<\/div>\n\t\t\t\t<\/div>\n\t\t\t\t\t<\/div>\n\t\t<\/div>\n\t\t\t\t\t<\/div>\n\t\t<\/section>\n\t\t\t\t<section class=\"elementor-section elementor-top-section elementor-element elementor-element-ceca32c elementor-section-boxed elementor-section-height-default elementor-section-height-default\" data-id=\"ceca32c\" data-element_type=\"section\">\n\t\t\t\t\t\t<div class=\"elementor-container elementor-column-gap-default\">\n\t\t\t\t\t<div class=\"elementor-column elementor-col-100 elementor-top-column elementor-element elementor-element-5a2e383\" data-id=\"5a2e383\" data-element_type=\"column\">\n\t\t\t<div class=\"elementor-widget-wrap elementor-element-populated\">\n\t\t\t\t\t\t<div class=\"elementor-element elementor-element-6cedf5f elementor-widget elementor-widget-heading\" data-id=\"6cedf5f\" data-element_type=\"widget\" data-widget_type=\"heading.default\">\n\t\t\t\t<div class=\"elementor-widget-container\">\n\t\t\t\t\t<h2 class=\"elementor-heading-title elementor-size-default\">Hait\u00ed vuelve a la escena mundial despu\u00e9s de 52 a\u00f1os<\/h2>\t\t\t\t<\/div>\n\t\t\t\t<\/div>\n\t\t\t\t<div class=\"elementor-element elementor-element-e93d1fb elementor-widget elementor-widget-text-editor\" data-id=\"e93d1fb\" data-element_type=\"widget\" data-widget_type=\"text-editor.default\">\n\t\t\t\t<div class=\"elementor-widget-container\">\n\t\t\t\t\t\t\t\t\t<p><span style=\"font-weight: 400;\"><a href=\"https:\/\/www.concacaf.com\/en\/world-cup-qualifying-men\/news\/haiti-ends-51-year-world-cup-drought-with-victory-against-nicaragua\/?utm_source=chatgpt.com\" target=\"_blank\" rel=\"noopener nofollow\">La clasificaci\u00f3n de Hait\u00ed<\/a> es una de las grandes historias de la Copa Mundial 2026. Cincuenta y dos a\u00f1os despu\u00e9s del triunfo de 1974, los Granaderos han protagonizado un regreso que ha dejado una impresi\u00f3n duradera tanto en los aficionados como en la di\u00e1spora. Su trayectoria se ha construido sobre el rigor, la cohesi\u00f3n y un aut\u00e9ntico progreso colectivo.  <\/span><\/p><p><span style=\"font-weight: 400;\">El partido decisivo fue la victoria por 2-0 sobre Nicaragua, s\u00edmbolo de un grupo concentrado y decidido. Hait\u00ed termin\u00f3 primera de su grupo, animada por una s\u00f3lida defensa, una r\u00e1pida transici\u00f3n y un estado de \u00e1nimo que ha marcado una nueva pauta en el f\u00fatbol nacional. Este pase no es casual: refleja el duro trabajo realizado a pesar de los retos pol\u00edticos, sociales y estructurales del pa\u00eds.  <\/span><\/p>\t\t\t\t\t\t\t\t<\/div>\n\t\t\t\t<\/div>\n\t\t\t\t<div class=\"elementor-element elementor-element-2cec473 elementor-widget elementor-widget-text-editor\" data-id=\"2cec473\" data-element_type=\"widget\" data-widget_type=\"text-editor.default\">\n\t\t\t\t<div class=\"elementor-widget-container\">\n\t\t\t\t\t\t\t\t\t<p><span style=\"font-weight: 400;\">Pero esta <a href=\"https:\/\/la1ere.franceinfo.fr\/martinique\/haiti-curacao-et-le-panama-se-qualifient-pour-la-coupe-du-monde-de-football-2026-1644637.html\" target=\"_blank\" rel=\"noopener nofollow\">clasificaci\u00f3n<\/a> va m\u00e1s all\u00e1 del f\u00fatbol. Hace brillar una nueva luz sobre Hait\u00ed, ofreciendo un momento de cohesi\u00f3n y orgullo en un contexto en el que cada buena noticia cuenta. Para los j\u00f3venes, es una fuente de inspiraci\u00f3n. Para las organizaciones deportivas locales, es un est\u00edmulo para seguir entrenando, incluso con recursos limitados.   <\/span><\/p>\t\t\t\t\t\t\t\t<\/div>\n\t\t\t\t<\/div>\n\t\t\t\t<section class=\"elementor-section elementor-inner-section elementor-element elementor-element-dbb4771 elementor-section-boxed elementor-section-height-default elementor-section-height-default\" data-id=\"dbb4771\" data-element_type=\"section\">\n\t\t\t\t\t\t<div class=\"elementor-container elementor-column-gap-default\">\n\t\t\t\t\t<div class=\"elementor-column elementor-col-50 elementor-inner-column elementor-element elementor-element-ea0fc25\" data-id=\"ea0fc25\" data-element_type=\"column\">\n\t\t\t<div class=\"elementor-widget-wrap elementor-element-populated\">\n\t\t\t\t\t\t<div class=\"elementor-element elementor-element-8786d28 elementor-widget elementor-widget-image\" data-id=\"8786d28\" data-element_type=\"widget\" data-widget_type=\"image.default\">\n\t\t\t\t<div class=\"elementor-widget-container\">\n\t\t\t\t\t\t\t\t\t\t\t\t<figure class=\"wp-caption\">\n\t\t\t\t\t\t\t\t\t\t<img fetchpriority=\"high\" decoding=\"async\" width=\"800\" height=\"1000\" src=\"https:\/\/richeskarayib.com\/wp-content\/uploads\/2025\/11\/\u00a9Haiti-Concacaf-3-819x1024.jpg\" class=\"attachment-large size-large wp-image-65046\" alt=\"Coupe du monde 2026\" srcset=\"https:\/\/richeskarayib.com\/wp-content\/uploads\/2025\/11\/\u00a9Haiti-Concacaf-3-819x1024.jpg 819w, https:\/\/richeskarayib.com\/wp-content\/uploads\/2025\/11\/\u00a9Haiti-Concacaf-3-240x300.jpg 240w, https:\/\/richeskarayib.com\/wp-content\/uploads\/2025\/11\/\u00a9Haiti-Concacaf-3-768x960.jpg 768w, https:\/\/richeskarayib.com\/wp-content\/uploads\/2025\/11\/\u00a9Haiti-Concacaf-3.jpg 1080w\" sizes=\"(max-width: 800px) 100vw, 800px\" \/>\t\t\t\t\t\t\t\t\t\t\t<figcaption class=\"widget-image-caption wp-caption-text\">\u00a9Concacaf<\/figcaption>\n\t\t\t\t\t\t\t\t\t\t<\/figure>\n\t\t\t\t\t\t\t\t\t<\/div>\n\t\t\t\t<\/div>\n\t\t\t\t\t<\/div>\n\t\t<\/div>\n\t\t\t\t<div class=\"elementor-column elementor-col-50 elementor-inner-column elementor-element elementor-element-608c0e1\" data-id=\"608c0e1\" data-element_type=\"column\">\n\t\t\t<div class=\"elementor-widget-wrap elementor-element-populated\">\n\t\t\t\t\t\t<div class=\"elementor-element elementor-element-07ebdc5 elementor-widget elementor-widget-image\" data-id=\"07ebdc5\" data-element_type=\"widget\" data-widget_type=\"image.default\">\n\t\t\t\t<div class=\"elementor-widget-container\">\n\t\t\t\t\t\t\t\t\t\t\t\t<figure class=\"wp-caption\">\n\t\t\t\t\t\t\t\t\t\t<img decoding=\"async\" width=\"800\" height=\"1000\" src=\"https:\/\/richeskarayib.com\/wp-content\/uploads\/2025\/11\/\u00a9Haiti-Concacaf-4-819x1024.jpg\" class=\"attachment-large size-large wp-image-65050\" alt=\"Coupe du monde 2026\" srcset=\"https:\/\/richeskarayib.com\/wp-content\/uploads\/2025\/11\/\u00a9Haiti-Concacaf-4-819x1024.jpg 819w, https:\/\/richeskarayib.com\/wp-content\/uploads\/2025\/11\/\u00a9Haiti-Concacaf-4-240x300.jpg 240w, https:\/\/richeskarayib.com\/wp-content\/uploads\/2025\/11\/\u00a9Haiti-Concacaf-4-768x960.jpg 768w, https:\/\/richeskarayib.com\/wp-content\/uploads\/2025\/11\/\u00a9Haiti-Concacaf-4.jpg 1080w\" sizes=\"(max-width: 800px) 100vw, 800px\" \/>\t\t\t\t\t\t\t\t\t\t\t<figcaption class=\"widget-image-caption wp-caption-text\">\u00a9Ha\u00efti Concacaf<\/figcaption>\n\t\t\t\t\t\t\t\t\t\t<\/figure>\n\t\t\t\t\t\t\t\t\t<\/div>\n\t\t\t\t<\/div>\n\t\t\t\t\t<\/div>\n\t\t<\/div>\n\t\t\t\t\t<\/div>\n\t\t<\/section>\n\t\t\t\t\t<\/div>\n\t\t<\/div>\n\t\t\t\t\t<\/div>\n\t\t<\/section>\n\t\t\t\t<section class=\"elementor-section elementor-top-section elementor-element elementor-element-9c88a89 elementor-section-boxed elementor-section-height-default elementor-section-height-default\" data-id=\"9c88a89\" data-element_type=\"section\">\n\t\t\t\t\t\t<div class=\"elementor-container elementor-column-gap-default\">\n\t\t\t\t\t<div class=\"elementor-column elementor-col-100 elementor-top-column elementor-element elementor-element-78cf5d1\" data-id=\"78cf5d1\" data-element_type=\"column\">\n\t\t\t<div class=\"elementor-widget-wrap elementor-element-populated\">\n\t\t\t\t\t\t<div class=\"elementor-element elementor-element-ea2a5c1 elementor-widget elementor-widget-heading\" data-id=\"ea2a5c1\" data-element_type=\"widget\" data-widget_type=\"heading.default\">\n\t\t\t\t<div class=\"elementor-widget-container\">\n\t\t\t\t\t<h2 class=\"elementor-heading-title elementor-size-default\">Cura\u00e7ao, el logro de un peque\u00f1o territorio en el Mundial 2026<\/h2>\t\t\t\t<\/div>\n\t\t\t\t<\/div>\n\t\t\t\t<div class=\"elementor-element elementor-element-e305eee elementor-widget elementor-widget-text-editor\" data-id=\"e305eee\" data-element_type=\"widget\" data-widget_type=\"text-editor.default\">\n\t\t\t\t<div class=\"elementor-widget-container\">\n\t\t\t\t\t\t\t\t\t<p><span style=\"font-weight: 400;\">La otra gran sorpresa de este Mundial 2026 procede de Cura\u00e7ao. Con una poblaci\u00f3n de s\u00f3lo 150.000 habitantes, la isla se convierte en uno de los territorios m\u00e1s peque\u00f1os que jam\u00e1s se hayan clasificado para un Mundial. Este resultado ilustra los considerables progresos realizados por la Federaci\u00f3n, que se apoya en una s\u00f3lida red de jugadores de la di\u00e1spora holandesa y en un exigente equipo de apoyo t\u00e9cnico.  <\/span><\/p><p><span style=\"font-weight: 400;\">Esta clasificaci\u00f3n aporta visibilidad mundial a un territorio a menudo infravalorado en el f\u00fatbol internacional. Para el Caribe, env\u00eda una se\u00f1al clara: incluso las islas peque\u00f1as pueden, con la estructura adecuada y una visi\u00f3n clara, llegar a las competiciones m\u00e1s importantes. <\/span><\/p>\t\t\t\t\t\t\t\t<\/div>\n\t\t\t\t<\/div>\n\t\t\t\t<section class=\"elementor-section elementor-inner-section elementor-element elementor-element-137df85 elementor-section-boxed elementor-section-height-default elementor-section-height-default\" data-id=\"137df85\" data-element_type=\"section\">\n\t\t\t\t\t\t<div class=\"elementor-container elementor-column-gap-default\">\n\t\t\t\t\t<div class=\"elementor-column elementor-col-50 elementor-inner-column elementor-element elementor-element-046b725\" data-id=\"046b725\" data-element_type=\"column\">\n\t\t\t<div class=\"elementor-widget-wrap elementor-element-populated\">\n\t\t\t\t\t\t<div class=\"elementor-element elementor-element-7955a8d elementor-widget elementor-widget-image\" data-id=\"7955a8d\" data-element_type=\"widget\" data-widget_type=\"image.default\">\n\t\t\t\t<div class=\"elementor-widget-container\">\n\t\t\t\t\t\t\t\t\t\t\t\t<figure class=\"wp-caption\">\n\t\t\t\t\t\t\t\t\t\t<img decoding=\"async\" width=\"800\" height=\"1000\" src=\"https:\/\/richeskarayib.com\/wp-content\/uploads\/2025\/11\/\u00a9Curacao-Concacaf-3-819x1024.jpg\" class=\"attachment-large size-large wp-image-65054\" alt=\"Coupe du monde 2026\" srcset=\"https:\/\/richeskarayib.com\/wp-content\/uploads\/2025\/11\/\u00a9Curacao-Concacaf-3-819x1024.jpg 819w, https:\/\/richeskarayib.com\/wp-content\/uploads\/2025\/11\/\u00a9Curacao-Concacaf-3-240x300.jpg 240w, https:\/\/richeskarayib.com\/wp-content\/uploads\/2025\/11\/\u00a9Curacao-Concacaf-3-768x960.jpg 768w, https:\/\/richeskarayib.com\/wp-content\/uploads\/2025\/11\/\u00a9Curacao-Concacaf-3.jpg 1080w\" sizes=\"(max-width: 800px) 100vw, 800px\" \/>\t\t\t\t\t\t\t\t\t\t\t<figcaption class=\"widget-image-caption wp-caption-text\">\u00a9Concacaf<\/figcaption>\n\t\t\t\t\t\t\t\t\t\t<\/figure>\n\t\t\t\t\t\t\t\t\t<\/div>\n\t\t\t\t<\/div>\n\t\t\t\t\t<\/div>\n\t\t<\/div>\n\t\t\t\t<div class=\"elementor-column elementor-col-50 elementor-inner-column elementor-element elementor-element-6897b42\" data-id=\"6897b42\" data-element_type=\"column\">\n\t\t\t<div class=\"elementor-widget-wrap elementor-element-populated\">\n\t\t\t\t\t\t<div class=\"elementor-element elementor-element-778658c elementor-widget elementor-widget-image\" data-id=\"778658c\" data-element_type=\"widget\" data-widget_type=\"image.default\">\n\t\t\t\t<div class=\"elementor-widget-container\">\n\t\t\t\t\t\t\t\t\t\t\t\t<figure class=\"wp-caption\">\n\t\t\t\t\t\t\t\t\t\t<img loading=\"lazy\" decoding=\"async\" width=\"800\" height=\"1000\" src=\"https:\/\/richeskarayib.com\/wp-content\/uploads\/2025\/11\/\u00a9Curacao-Concacaf-819x1024.jpg\" class=\"attachment-large size-large wp-image-65058\" alt=\"Coupe du monde 2026\" srcset=\"https:\/\/richeskarayib.com\/wp-content\/uploads\/2025\/11\/\u00a9Curacao-Concacaf-819x1024.jpg 819w, https:\/\/richeskarayib.com\/wp-content\/uploads\/2025\/11\/\u00a9Curacao-Concacaf-240x300.jpg 240w, https:\/\/richeskarayib.com\/wp-content\/uploads\/2025\/11\/\u00a9Curacao-Concacaf-768x960.jpg 768w, https:\/\/richeskarayib.com\/wp-content\/uploads\/2025\/11\/\u00a9Curacao-Concacaf.jpg 1080w\" sizes=\"(max-width: 800px) 100vw, 800px\" \/>\t\t\t\t\t\t\t\t\t\t\t<figcaption class=\"widget-image-caption wp-caption-text\">\u00a9Concacaf<\/figcaption>\n\t\t\t\t\t\t\t\t\t\t<\/figure>\n\t\t\t\t\t\t\t\t\t<\/div>\n\t\t\t\t<\/div>\n\t\t\t\t\t<\/div>\n\t\t<\/div>\n\t\t\t\t\t<\/div>\n\t\t<\/section>\n\t\t\t\t\t<\/div>\n\t\t<\/div>\n\t\t\t\t\t<\/div>\n\t\t<\/section>\n\t\t\t\t<section class=\"elementor-section elementor-top-section elementor-element elementor-element-103aced elementor-section-boxed elementor-section-height-default elementor-section-height-default\" data-id=\"103aced\" data-element_type=\"section\">\n\t\t\t\t\t\t<div class=\"elementor-container elementor-column-gap-default\">\n\t\t\t\t\t<div class=\"elementor-column elementor-col-100 elementor-top-column elementor-element elementor-element-e34f9f4\" data-id=\"e34f9f4\" data-element_type=\"column\">\n\t\t\t<div class=\"elementor-widget-wrap elementor-element-populated\">\n\t\t\t\t\t\t<div class=\"elementor-element elementor-element-c643e86 elementor-widget elementor-widget-heading\" data-id=\"c643e86\" data-element_type=\"widget\" data-widget_type=\"heading.default\">\n\t\t\t\t<div class=\"elementor-widget-container\">\n\t\t\t\t\t<h2 class=\"elementor-heading-title elementor-size-default\">Panam\u00e1 confirma su ascenso<\/h2>\t\t\t\t<\/div>\n\t\t\t\t<\/div>\n\t\t\t\t<div class=\"elementor-element elementor-element-f783f1a elementor-widget elementor-widget-text-editor\" data-id=\"f783f1a\" data-element_type=\"widget\" data-widget_type=\"text-editor.default\">\n\t\t\t\t<div class=\"elementor-widget-container\">\n\t\t\t\t\t\t\t\t\t<p><span style=\"font-weight: 400;\">Panam\u00e1, que ya se clasific\u00f3 en 2018, participar\u00e1 por segunda vez en cuatro ediciones. Su clasificaci\u00f3n para el Mundial de 2026 forma parte de una continuidad: un campeonato nacional que se est\u00e1 reforzando, una pol\u00edtica clara de desarrollo del f\u00fatbol y un equipo capaz de competir regularmente con las mejores naciones de la CONCACAF. <\/span><\/p><p><span style=\"font-weight: 400;\">Para la regi\u00f3n, la coherencia de Panam\u00e1 es un punto de referencia: demuestra que los avances logrados no son puntuales, sino duraderos.<\/span><\/p>\t\t\t\t\t\t\t\t<\/div>\n\t\t\t\t<\/div>\n\t\t\t\t<section class=\"elementor-section elementor-inner-section elementor-element elementor-element-e38e845 elementor-section-boxed elementor-section-height-default elementor-section-height-default\" data-id=\"e38e845\" data-element_type=\"section\">\n\t\t\t\t\t\t<div class=\"elementor-container elementor-column-gap-default\">\n\t\t\t\t\t<div class=\"elementor-column elementor-col-50 elementor-inner-column elementor-element elementor-element-9829156\" data-id=\"9829156\" data-element_type=\"column\">\n\t\t\t<div class=\"elementor-widget-wrap elementor-element-populated\">\n\t\t\t\t\t\t<div class=\"elementor-element elementor-element-b74e739 elementor-widget elementor-widget-image\" data-id=\"b74e739\" data-element_type=\"widget\" data-widget_type=\"image.default\">\n\t\t\t\t<div class=\"elementor-widget-container\">\n\t\t\t\t\t\t\t\t\t\t\t\t<figure class=\"wp-caption\">\n\t\t\t\t\t\t\t\t\t\t<img loading=\"lazy\" decoding=\"async\" width=\"800\" height=\"1000\" src=\"https:\/\/richeskarayib.com\/wp-content\/uploads\/2025\/11\/\u00a9Panama-Concacaf-2-819x1024.jpg\" class=\"attachment-large size-large wp-image-65062\" alt=\"Coupe du monde 2026\" srcset=\"https:\/\/richeskarayib.com\/wp-content\/uploads\/2025\/11\/\u00a9Panama-Concacaf-2-819x1024.jpg 819w, https:\/\/richeskarayib.com\/wp-content\/uploads\/2025\/11\/\u00a9Panama-Concacaf-2-240x300.jpg 240w, https:\/\/richeskarayib.com\/wp-content\/uploads\/2025\/11\/\u00a9Panama-Concacaf-2-768x960.jpg 768w, https:\/\/richeskarayib.com\/wp-content\/uploads\/2025\/11\/\u00a9Panama-Concacaf-2.jpg 1080w\" sizes=\"(max-width: 800px) 100vw, 800px\" \/>\t\t\t\t\t\t\t\t\t\t\t<figcaption class=\"widget-image-caption wp-caption-text\">\u00a9Concacaf<\/figcaption>\n\t\t\t\t\t\t\t\t\t\t<\/figure>\n\t\t\t\t\t\t\t\t\t<\/div>\n\t\t\t\t<\/div>\n\t\t\t\t\t<\/div>\n\t\t<\/div>\n\t\t\t\t<div class=\"elementor-column elementor-col-50 elementor-inner-column elementor-element elementor-element-c8e0a1c\" data-id=\"c8e0a1c\" data-element_type=\"column\">\n\t\t\t<div class=\"elementor-widget-wrap elementor-element-populated\">\n\t\t\t\t\t\t<div class=\"elementor-element elementor-element-34239a9 elementor-widget elementor-widget-image\" data-id=\"34239a9\" data-element_type=\"widget\" data-widget_type=\"image.default\">\n\t\t\t\t<div class=\"elementor-widget-container\">\n\t\t\t\t\t\t\t\t\t\t\t\t<figure class=\"wp-caption\">\n\t\t\t\t\t\t\t\t\t\t<img loading=\"lazy\" decoding=\"async\" width=\"800\" height=\"1000\" src=\"https:\/\/richeskarayib.com\/wp-content\/uploads\/2025\/11\/\u00a9Panama-Concacaf-1-819x1024.jpg\" class=\"attachment-large size-large wp-image-65066\" alt=\"Coupe du monde 2026\" srcset=\"https:\/\/richeskarayib.com\/wp-content\/uploads\/2025\/11\/\u00a9Panama-Concacaf-1-819x1024.jpg 819w, https:\/\/richeskarayib.com\/wp-content\/uploads\/2025\/11\/\u00a9Panama-Concacaf-1-240x300.jpg 240w, https:\/\/richeskarayib.com\/wp-content\/uploads\/2025\/11\/\u00a9Panama-Concacaf-1-768x960.jpg 768w, https:\/\/richeskarayib.com\/wp-content\/uploads\/2025\/11\/\u00a9Panama-Concacaf-1.jpg 1080w\" sizes=\"(max-width: 800px) 100vw, 800px\" \/>\t\t\t\t\t\t\t\t\t\t\t<figcaption class=\"widget-image-caption wp-caption-text\">\u00a9Concacaf<\/figcaption>\n\t\t\t\t\t\t\t\t\t\t<\/figure>\n\t\t\t\t\t\t\t\t\t<\/div>\n\t\t\t\t<\/div>\n\t\t\t\t\t<\/div>\n\t\t<\/div>\n\t\t\t\t\t<\/div>\n\t\t<\/section>\n\t\t\t\t\t<\/div>\n\t\t<\/div>\n\t\t\t\t\t<\/div>\n\t\t<\/section>\n\t\t\t\t<section class=\"elementor-section elementor-top-section elementor-element elementor-element-f5709a6 elementor-section-boxed elementor-section-height-default elementor-section-height-default\" data-id=\"f5709a6\" data-element_type=\"section\">\n\t\t\t\t\t\t<div class=\"elementor-container elementor-column-gap-default\">\n\t\t\t\t\t<div class=\"elementor-column elementor-col-100 elementor-top-column elementor-element elementor-element-957be6f\" data-id=\"957be6f\" data-element_type=\"column\">\n\t\t\t<div class=\"elementor-widget-wrap elementor-element-populated\">\n\t\t\t\t\t\t<div class=\"elementor-element elementor-element-22c0a08 elementor-widget elementor-widget-heading\" data-id=\"22c0a08\" data-element_type=\"widget\" data-widget_type=\"heading.default\">\n\t\t\t\t<div class=\"elementor-widget-container\">\n\t\t\t\t\t<h2 class=\"elementor-heading-title elementor-size-default\">La CONCACAF transformada por la Copa del Mundo de 2026<\/h2>\t\t\t\t<\/div>\n\t\t\t\t<\/div>\n\t\t\t\t<div class=\"elementor-element elementor-element-953f6e4 elementor-widget elementor-widget-text-editor\" data-id=\"953f6e4\" data-element_type=\"widget\" data-widget_type=\"text-editor.default\">\n\t\t\t\t<div class=\"elementor-widget-container\">\n\t\t\t\t\t\t\t\t\t<p><span style=\"font-weight: 400;\">La ampliaci\u00f3n de la Copa del Mundo a 48 equipos est\u00e1 cambiando profundamente la situaci\u00f3n. Para <a href=\"https:\/\/www.facebook.com\/concacaf\/?locale=fr_FR\" target=\"_blank\" rel=\"noopener nofollow\">la CONCACAF<\/a>, esto significa m\u00e1s plazas y una apertura real para las naciones caribe\u00f1as y centroamericanas. <\/span><\/p><p><span style=\"font-weight: 400;\">La presencia de Hait\u00ed, Cura\u00e7ao y Panam\u00e1 en la Copa del Mundo 2026 revela una serie de tendencias clave:<\/span><\/p>\t\t\t\t\t\t\t\t<\/div>\n\t\t\t\t<\/div>\n\t\t\t\t<div class=\"elementor-element elementor-element-dfb4746 elementor-widget elementor-widget-text-editor\" data-id=\"dfb4746\" data-element_type=\"widget\" data-widget_type=\"text-editor.default\">\n\t\t\t\t<div class=\"elementor-widget-container\">\n\t\t\t\t\t\t\t\t\t<ul><li style=\"font-weight: 400;\" aria-level=\"1\"><span style=\"font-weight: 400;\">&#8211; aumentar las competencias de las federaciones regionales ;<\/span><\/li><li style=\"font-weight: 400;\" aria-level=\"1\"><span style=\"font-weight: 400;\">&#8211; el papel creciente de las di\u00e1sporas ;<\/span><\/li><li style=\"font-weight: 400;\" aria-level=\"1\"><span style=\"font-weight: 400;\">&#8211; la profesionalizaci\u00f3n progresiva de la mano de obra ;<\/span><\/li><li style=\"font-weight: 400;\" aria-level=\"1\"><span style=\"font-weight: 400;\">&#8211; El f\u00fatbol caribe\u00f1o est\u00e1 ganando en reconocimiento y legitimidad.<\/span><\/li><\/ul><p><span style=\"font-weight: 400;\">Este tr\u00edo demuestra que la regi\u00f3n ya no se limita a los gigantes habituales del continente.<\/span><\/p>\t\t\t\t\t\t\t\t<\/div>\n\t\t\t\t<\/div>\n\t\t\t\t<section class=\"elementor-section elementor-inner-section elementor-element elementor-element-438a77b elementor-section-boxed elementor-section-height-default elementor-section-height-default\" data-id=\"438a77b\" data-element_type=\"section\">\n\t\t\t\t\t\t<div class=\"elementor-container elementor-column-gap-default\">\n\t\t\t\t\t<div class=\"elementor-column elementor-col-50 elementor-inner-column elementor-element elementor-element-fd907a4\" data-id=\"fd907a4\" data-element_type=\"column\">\n\t\t\t<div class=\"elementor-widget-wrap elementor-element-populated\">\n\t\t\t\t\t\t<div class=\"elementor-element elementor-element-120fc62 elementor-widget elementor-widget-image\" data-id=\"120fc62\" data-element_type=\"widget\" data-widget_type=\"image.default\">\n\t\t\t\t<div class=\"elementor-widget-container\">\n\t\t\t\t\t\t\t\t\t\t\t\t<figure class=\"wp-caption\">\n\t\t\t\t\t\t\t\t\t\t<img loading=\"lazy\" decoding=\"async\" width=\"800\" height=\"1000\" src=\"https:\/\/richeskarayib.com\/wp-content\/uploads\/2025\/11\/\u00a9Panama-Concacaf-819x1024.jpg\" class=\"attachment-large size-large wp-image-65070\" alt=\"Coupe du monde 2026\" srcset=\"https:\/\/richeskarayib.com\/wp-content\/uploads\/2025\/11\/\u00a9Panama-Concacaf-819x1024.jpg 819w, https:\/\/richeskarayib.com\/wp-content\/uploads\/2025\/11\/\u00a9Panama-Concacaf-240x300.jpg 240w, https:\/\/richeskarayib.com\/wp-content\/uploads\/2025\/11\/\u00a9Panama-Concacaf-768x960.jpg 768w, https:\/\/richeskarayib.com\/wp-content\/uploads\/2025\/11\/\u00a9Panama-Concacaf.jpg 1080w\" sizes=\"(max-width: 800px) 100vw, 800px\" \/>\t\t\t\t\t\t\t\t\t\t\t<figcaption class=\"widget-image-caption wp-caption-text\">\u00a9Concacaf<\/figcaption>\n\t\t\t\t\t\t\t\t\t\t<\/figure>\n\t\t\t\t\t\t\t\t\t<\/div>\n\t\t\t\t<\/div>\n\t\t\t\t\t<\/div>\n\t\t<\/div>\n\t\t\t\t<div class=\"elementor-column elementor-col-50 elementor-inner-column elementor-element elementor-element-45d0775\" data-id=\"45d0775\" data-element_type=\"column\">\n\t\t\t<div class=\"elementor-widget-wrap elementor-element-populated\">\n\t\t\t\t\t\t<div class=\"elementor-element elementor-element-476e7d9 elementor-widget elementor-widget-image\" data-id=\"476e7d9\" data-element_type=\"widget\" data-widget_type=\"image.default\">\n\t\t\t\t<div class=\"elementor-widget-container\">\n\t\t\t\t\t\t\t\t\t\t\t\t<figure class=\"wp-caption\">\n\t\t\t\t\t\t\t\t\t\t<img loading=\"lazy\" decoding=\"async\" width=\"800\" height=\"1000\" src=\"https:\/\/richeskarayib.com\/wp-content\/uploads\/2025\/11\/\u00a9Curacao-Concacaf-1-819x1024.jpg\" class=\"attachment-large size-large wp-image-65074\" alt=\"Coupe du monde 2026\" srcset=\"https:\/\/richeskarayib.com\/wp-content\/uploads\/2025\/11\/\u00a9Curacao-Concacaf-1-819x1024.jpg 819w, https:\/\/richeskarayib.com\/wp-content\/uploads\/2025\/11\/\u00a9Curacao-Concacaf-1-240x300.jpg 240w, https:\/\/richeskarayib.com\/wp-content\/uploads\/2025\/11\/\u00a9Curacao-Concacaf-1-768x960.jpg 768w, https:\/\/richeskarayib.com\/wp-content\/uploads\/2025\/11\/\u00a9Curacao-Concacaf-1.jpg 1080w\" sizes=\"(max-width: 800px) 100vw, 800px\" \/>\t\t\t\t\t\t\t\t\t\t\t<figcaption class=\"widget-image-caption wp-caption-text\">\u00a9Concacaf<\/figcaption>\n\t\t\t\t\t\t\t\t\t\t<\/figure>\n\t\t\t\t\t\t\t\t\t<\/div>\n\t\t\t\t<\/div>\n\t\t\t\t\t<\/div>\n\t\t<\/div>\n\t\t\t\t\t<\/div>\n\t\t<\/section>\n\t\t\t\t\t<\/div>\n\t\t<\/div>\n\t\t\t\t\t<\/div>\n\t\t<\/section>\n\t\t\t\t<section class=\"elementor-section elementor-top-section elementor-element elementor-element-8481b8c elementor-section-boxed elementor-section-height-default elementor-section-height-default\" data-id=\"8481b8c\" data-element_type=\"section\">\n\t\t\t\t\t\t<div class=\"elementor-container elementor-column-gap-default\">\n\t\t\t\t\t<div class=\"elementor-column elementor-col-100 elementor-top-column elementor-element elementor-element-9f4ca48\" data-id=\"9f4ca48\" data-element_type=\"column\">\n\t\t\t<div class=\"elementor-widget-wrap elementor-element-populated\">\n\t\t\t\t\t\t<div class=\"elementor-element elementor-element-19836c0 elementor-widget elementor-widget-heading\" data-id=\"19836c0\" data-element_type=\"widget\" data-widget_type=\"heading.default\">\n\t\t\t\t<div class=\"elementor-widget-container\">\n\t\t\t\t\t<h2 class=\"elementor-heading-title elementor-size-default\">Un impacto directo en las regiones<\/h2>\t\t\t\t<\/div>\n\t\t\t\t<\/div>\n\t\t\t\t<div class=\"elementor-element elementor-element-8757600 elementor-widget elementor-widget-text-editor\" data-id=\"8757600\" data-element_type=\"widget\" data-widget_type=\"text-editor.default\">\n\t\t\t\t<div class=\"elementor-widget-container\">\n\t\t\t\t\t\t\t\t\t<p><span style=\"font-weight: 400;\">Para <a href=\"https:\/\/richeskarayib.com\/es\/haiti-konpa-un-patrimonio-vivo-que-pronto-sera-incluido-en-la-lista-de-la-unesco\/\" target=\"_blank\" rel=\"noopener\">Hait\u00ed<\/a>, esta clasificaci\u00f3n sirve de punto de encuentro. Estimula las escuelas de f\u00fatbol, une a las comunidades y proyecta una imagen positiva del pa\u00eds en el extranjero. <\/span><span style=\"font-weight: 400;\"><br><\/span><span style=\"font-weight: 400;\">  Para <a href=\"https:\/\/richeskarayib.com\/es\/curacao-willemstad-la-colorida-perla-del-caribe-declarada-patrimonio-de-la-humanidad-por-la-unesco\/\" target=\"_blank\" rel=\"noopener\">Cura\u00e7ao<\/a>, abre oportunidades sin precedentes para el turismo, la cultura y el deporte.<\/span><span style=\"font-weight: 400;\"><br><\/span><span style=\"font-weight: 400;\">  Para Panam\u00e1, refuerza el impulso ya creado en torno a la inversi\u00f3n en infraestructuras y programas de formaci\u00f3n.<\/span><\/p><p><span style=\"font-weight: 400;\">En todo el Caribe, la Copa del Mundo 2026 se est\u00e1 convirtiendo en un escaparate. Permite a los territorios exhibirse de una forma diferente: a trav\u00e9s del talento, la determinaci\u00f3n, la juventud y la capacidad de producir equipos que cuenten. <\/span><\/p>\t\t\t\t\t\t\t\t<\/div>\n\t\t\t\t<\/div>\n\t\t\t\t\t<\/div>\n\t\t<\/div>\n\t\t\t\t\t<\/div>\n\t\t<\/section>\n\t\t\t\t<section class=\"elementor-section elementor-top-section elementor-element elementor-element-6a9f5ef elementor-section-boxed elementor-section-height-default elementor-section-height-default\" data-id=\"6a9f5ef\" data-element_type=\"section\">\n\t\t\t\t\t\t<div class=\"elementor-container elementor-column-gap-default\">\n\t\t\t\t\t<div class=\"elementor-column elementor-col-100 elementor-top-column elementor-element elementor-element-9efa2e7\" data-id=\"9efa2e7\" data-element_type=\"column\">\n\t\t\t<div class=\"elementor-widget-wrap elementor-element-populated\">\n\t\t\t\t\t\t<div class=\"elementor-element elementor-element-e97b851 elementor-widget elementor-widget-text-editor\" data-id=\"e97b851\" data-element_type=\"widget\" data-widget_type=\"text-editor.default\">\n\t\t\t\t<div class=\"elementor-widget-container\">\n\t\t\t\t\t\t\t\t\t<p><span style=\"font-weight: 400;\">La Copa del Mundo de 2026 supondr\u00e1 un punto de inflexi\u00f3n para la regi\u00f3n del Caribe y Centroam\u00e9rica. Con la clasificaci\u00f3n de Hait\u00ed, Cura\u00e7ao y Panam\u00e1, esta edici\u00f3n ofrecer\u00e1 una visibilidad poco com\u00fan a territorios que a menudo est\u00e1n infrarrepresentados en el f\u00fatbol mundial. Hait\u00ed est\u00e1 disfrutando de un regreso hist\u00f3rico, Cura\u00e7ao ha logrado una haza\u00f1a notable y Panam\u00e1 ha confirmado su progreso. Juntos, est\u00e1n situando al Caribe en el mapa del f\u00fatbol internacional, record\u00e1ndonos que el talento regional s\u00f3lo necesita un lugar donde expresarse.   <\/span><\/p>\t\t\t\t\t\t\t\t<\/div>\n\t\t\t\t<\/div>\n\t\t\t\t<section class=\"elementor-section elementor-inner-section elementor-element elementor-element-05fca56 elementor-section-boxed elementor-section-height-default elementor-section-height-default\" data-id=\"05fca56\" data-element_type=\"section\">\n\t\t\t\t\t\t<div class=\"elementor-container elementor-column-gap-default\">\n\t\t\t\t\t<div class=\"elementor-column elementor-col-50 elementor-inner-column elementor-element elementor-element-32fe3d4\" data-id=\"32fe3d4\" data-element_type=\"column\">\n\t\t\t<div class=\"elementor-widget-wrap elementor-element-populated\">\n\t\t\t\t\t\t<div class=\"elementor-element elementor-element-21184aa elementor-widget elementor-widget-image\" data-id=\"21184aa\" data-element_type=\"widget\" data-widget_type=\"image.default\">\n\t\t\t\t<div class=\"elementor-widget-container\">\n\t\t\t\t\t\t\t\t\t\t\t\t<figure class=\"wp-caption\">\n\t\t\t\t\t\t\t\t\t\t<img loading=\"lazy\" decoding=\"async\" width=\"800\" height=\"1000\" src=\"https:\/\/richeskarayib.com\/wp-content\/uploads\/2025\/11\/\u00a9Haiti-Concacaf-2-819x1024.jpg\" class=\"attachment-large size-large wp-image-65078\" alt=\"Coupe du monde 2026\" srcset=\"https:\/\/richeskarayib.com\/wp-content\/uploads\/2025\/11\/\u00a9Haiti-Concacaf-2-819x1024.jpg 819w, https:\/\/richeskarayib.com\/wp-content\/uploads\/2025\/11\/\u00a9Haiti-Concacaf-2-240x300.jpg 240w, https:\/\/richeskarayib.com\/wp-content\/uploads\/2025\/11\/\u00a9Haiti-Concacaf-2-768x960.jpg 768w, https:\/\/richeskarayib.com\/wp-content\/uploads\/2025\/11\/\u00a9Haiti-Concacaf-2.jpg 1080w\" sizes=\"(max-width: 800px) 100vw, 800px\" \/>\t\t\t\t\t\t\t\t\t\t\t<figcaption class=\"widget-image-caption wp-caption-text\">\u00a9Concacaf<\/figcaption>\n\t\t\t\t\t\t\t\t\t\t<\/figure>\n\t\t\t\t\t\t\t\t\t<\/div>\n\t\t\t\t<\/div>\n\t\t\t\t\t<\/div>\n\t\t<\/div>\n\t\t\t\t<div class=\"elementor-column elementor-col-50 elementor-inner-column elementor-element elementor-element-957af74\" data-id=\"957af74\" data-element_type=\"column\">\n\t\t\t<div class=\"elementor-widget-wrap elementor-element-populated\">\n\t\t\t\t\t\t<div class=\"elementor-element elementor-element-84ef350 elementor-widget elementor-widget-image\" data-id=\"84ef350\" data-element_type=\"widget\" data-widget_type=\"image.default\">\n\t\t\t\t<div class=\"elementor-widget-container\">\n\t\t\t\t\t\t\t\t\t\t\t\t<figure class=\"wp-caption\">\n\t\t\t\t\t\t\t\t\t\t<img loading=\"lazy\" decoding=\"async\" width=\"800\" height=\"1000\" src=\"https:\/\/richeskarayib.com\/wp-content\/uploads\/2025\/11\/\u00a9Haiti-Concacaf-819x1024.jpg\" class=\"attachment-large size-large wp-image-65082\" alt=\"Coupe du monde 2026\" srcset=\"https:\/\/richeskarayib.com\/wp-content\/uploads\/2025\/11\/\u00a9Haiti-Concacaf-819x1024.jpg 819w, https:\/\/richeskarayib.com\/wp-content\/uploads\/2025\/11\/\u00a9Haiti-Concacaf-240x300.jpg 240w, https:\/\/richeskarayib.com\/wp-content\/uploads\/2025\/11\/\u00a9Haiti-Concacaf-768x960.jpg 768w, https:\/\/richeskarayib.com\/wp-content\/uploads\/2025\/11\/\u00a9Haiti-Concacaf.jpg 1080w\" sizes=\"(max-width: 800px) 100vw, 800px\" \/>\t\t\t\t\t\t\t\t\t\t\t<figcaption class=\"widget-image-caption wp-caption-text\">\u00a9Concacaf<\/figcaption>\n\t\t\t\t\t\t\t\t\t\t<\/figure>\n\t\t\t\t\t\t\t\t\t<\/div>\n\t\t\t\t<\/div>\n\t\t\t\t\t<\/div>\n\t\t<\/div>\n\t\t\t\t\t<\/div>\n\t\t<\/section>\n\t\t\t\t\t<\/div>\n\t\t<\/div>\n\t\t\t\t\t<\/div>\n\t\t<\/section>\n\t\t\t\t<\/div>\n\t\t","protected":false},"excerpt":{"rendered":"<p>La Copa del Mundo de 2026 contar\u00e1 con tres representantes del Caribe y Centroam\u00e9rica: Hait\u00ed, Cura\u00e7ao y Panam\u00e1. Tres trayectorias diferentes, tres historias fuertes, pero un mismo mensaje: la regi\u00f3n avanza, se organiza y afirma cada vez m\u00e1s su lugar en el f\u00fatbol internacional. Para Hait\u00ed, el acontecimiento tiene una dimensi\u00f3n hist\u00f3rica, ya que la [&hellip;]<\/p>\n","protected":false},"author":662,"featured_media":65042,"comment_status":"open","ping_status":"open","sticky":false,"template":"","format":"standard","meta":{"_acf_changed":false,"footnotes":""},"categories":[839],"tags":[1652,810,1612],"class_list":["post-65084","post","type-post","status-publish","format-standard","has-post-thumbnail","hentry","category-noticias","tag-curacao-es","tag-haiti-es-2","tag-panama-es"],"acf":[],"_links":{"self":[{"href":"https:\/\/richeskarayib.com\/es\/wp-json\/wp\/v2\/posts\/65084","targetHints":{"allow":["GET"]}}],"collection":[{"href":"https:\/\/richeskarayib.com\/es\/wp-json\/wp\/v2\/posts"}],"about":[{"href":"https:\/\/richeskarayib.com\/es\/wp-json\/wp\/v2\/types\/post"}],"author":[{"embeddable":true,"href":"https:\/\/richeskarayib.com\/es\/wp-json\/wp\/v2\/users\/662"}],"replies":[{"embeddable":true,"href":"https:\/\/richeskarayib.com\/es\/wp-json\/wp\/v2\/comments?post=65084"}],"version-history":[{"count":0,"href":"https:\/\/richeskarayib.com\/es\/wp-json\/wp\/v2\/posts\/65084\/revisions"}],"wp:featuredmedia":[{"embeddable":true,"href":"https:\/\/richeskarayib.com\/es\/wp-json\/wp\/v2\/media\/65042"}],"wp:attachment":[{"href":"https:\/\/richeskarayib.com\/es\/wp-json\/wp\/v2\/media?parent=65084"}],"wp:term":[{"taxonomy":"category","embeddable":true,"href":"https:\/\/richeskarayib.com\/es\/wp-json\/wp\/v2\/categories?post=65084"},{"taxonomy":"post_tag","embeddable":true,"href":"https:\/\/richeskarayib.com\/es\/wp-json\/wp\/v2\/tags?post=65084"}],"curies":[{"name":"wp","href":"https:\/\/api.w.org\/{rel}","templated":true}]}}