{"id":65124,"date":"2025-11-20T10:11:00","date_gmt":"2025-11-20T14:11:00","guid":{"rendered":"https:\/\/richeskarayib.com\/miss-universo-2025-la-presencia-caribena-transforma-la-region\/"},"modified":"2025-11-20T10:11:01","modified_gmt":"2025-11-20T14:11:01","slug":"miss-universo-2025-la-presencia-caribena-transforma-la-region","status":"publish","type":"post","link":"https:\/\/richeskarayib.com\/es\/miss-universo-2025-la-presencia-caribena-transforma-la-region\/","title":{"rendered":"Miss Universo 2025: la presencia caribe\u00f1a transforma la regi\u00f3n."},"content":{"rendered":"\t\t<div data-elementor-type=\"wp-post\" data-elementor-id=\"65124\" class=\"elementor elementor-65124 elementor-65086\" data-elementor-post-type=\"post\">\n\t\t\t\t\t\t<section class=\"elementor-section elementor-top-section elementor-element elementor-element-7ca7ca1 elementor-section-boxed elementor-section-height-default elementor-section-height-default\" data-id=\"7ca7ca1\" data-element_type=\"section\">\n\t\t\t\t\t\t<div class=\"elementor-container elementor-column-gap-default\">\n\t\t\t\t\t<div class=\"elementor-column elementor-col-100 elementor-top-column elementor-element elementor-element-cbdd002\" data-id=\"cbdd002\" data-element_type=\"column\">\n\t\t\t<div class=\"elementor-widget-wrap elementor-element-populated\">\n\t\t\t\t\t\t<section class=\"elementor-section elementor-inner-section elementor-element elementor-element-bc94849 elementor-section-boxed elementor-section-height-default elementor-section-height-default\" data-id=\"bc94849\" data-element_type=\"section\">\n\t\t\t\t\t\t<div class=\"elementor-container elementor-column-gap-default\">\n\t\t\t\t\t\t<\/div>\n\t\t<\/section>\n\t\t\t\t<section class=\"elementor-section elementor-inner-section elementor-element elementor-element-61571e6 elementor-section-boxed elementor-section-height-default elementor-section-height-default\" data-id=\"61571e6\" data-element_type=\"section\">\n\t\t\t\t\t\t<div class=\"elementor-container elementor-column-gap-default\">\n\t\t\t\t\t\t<\/div>\n\t\t<\/section>\n\t\t\t\t<section class=\"elementor-section elementor-inner-section elementor-element elementor-element-b6262e0 elementor-section-boxed elementor-section-height-default elementor-section-height-default\" data-id=\"b6262e0\" data-element_type=\"section\">\n\t\t\t\t\t\t<div class=\"elementor-container elementor-column-gap-default\">\n\t\t\t\t\t\t<\/div>\n\t\t<\/section>\n\t\t\t\t<section class=\"elementor-section elementor-inner-section elementor-element elementor-element-cca29fd elementor-section-boxed elementor-section-height-default elementor-section-height-default\" data-id=\"cca29fd\" data-element_type=\"section\">\n\t\t\t\t\t\t<div class=\"elementor-container elementor-column-gap-default\">\n\t\t\t\t\t\t<\/div>\n\t\t<\/section>\n\t\t\t\t\t<\/div>\n\t\t<\/div>\n\t\t\t\t\t<\/div>\n\t\t<\/section>\n\t\t\t\t<section class=\"elementor-section elementor-top-section elementor-element elementor-element-5a7397d elementor-section-boxed elementor-section-height-default elementor-section-height-default\" data-id=\"5a7397d\" data-element_type=\"section\">\n\t\t\t\t\t\t<div class=\"elementor-container elementor-column-gap-default\">\n\t\t\t\t\t<div class=\"elementor-column elementor-col-100 elementor-top-column elementor-element elementor-element-e0e155e\" data-id=\"e0e155e\" data-element_type=\"column\">\n\t\t\t<div class=\"elementor-widget-wrap elementor-element-populated\">\n\t\t\t\t\t\t<div class=\"elementor-element elementor-element-43a45ac elementor-widget elementor-widget-text-editor\" data-id=\"43a45ac\" data-element_type=\"widget\" data-widget_type=\"text-editor.default\">\n\t\t\t\t<div class=\"elementor-widget-container\">\n\t\t\t\t\t\t\t\t\t<p><span style=\"font-weight: 400;\">Este a\u00f1o, la escena internacional est\u00e1 siendo testigo de una edici\u00f3n \u00fanica de<a href=\"https:\/\/www.missuniverse.com\/\" target=\"_blank\" rel=\"noopener nofollow\"> Miss Universo 2025<\/a>. En Tailandia, las primeras presentaciones demostraron r\u00e1pidamente que el Caribe ocupa un lugar especial, llevado por candidatas caribe\u00f1as cuyos or\u00edgenes reflejan la evoluci\u00f3n social y cultural de la regi\u00f3n. Llegan con habilidades s\u00f3lidas, un compromiso real y una forma de representar a sus territorios que va mucho m\u00e1s all\u00e1 del concurso.  <\/span><\/p>\t\t\t\t\t\t\t\t<\/div>\n\t\t\t\t<\/div>\n\t\t\t\t<div class=\"elementor-element elementor-element-aca446d elementor-widget elementor-widget-text-editor\" data-id=\"aca446d\" data-element_type=\"widget\" data-widget_type=\"text-editor.default\">\n\t\t\t\t<div class=\"elementor-widget-container\">\n\t\t\t\t\t\t\t\t\t<p><span style=\"font-weight: 400;\">Este movimiento cuenta la historia de un Caribe en transformaci\u00f3n, consciente de sus problemas y decidido a llevarlos m\u00e1s all\u00e1 de sus fronteras. Pone de relieve una regi\u00f3n que ya no se contenta con existir en el candelero, sino que desea ofrecer una visi\u00f3n clara de sus realidades y afirmar su influencia caribe\u00f1a en la escena mundial. A trav\u00e9s de los debates en torno a Miss Universo 2025, esta presencia tambi\u00e9n da testimonio de la necesidad de comprender mejor las trayectorias que estructuran la regi\u00f3n.  <\/span><\/p>\t\t\t\t\t\t\t\t<\/div>\n\t\t\t\t<\/div>\n\t\t\t\t<section class=\"elementor-section elementor-inner-section elementor-element elementor-element-473486b elementor-section-boxed elementor-section-height-default elementor-section-height-default\" data-id=\"473486b\" data-element_type=\"section\">\n\t\t\t\t\t\t<div class=\"elementor-container elementor-column-gap-default\">\n\t\t\t\t\t<div class=\"elementor-column elementor-col-100 elementor-inner-column elementor-element elementor-element-c9eb7f5\" data-id=\"c9eb7f5\" data-element_type=\"column\">\n\t\t\t<div class=\"elementor-widget-wrap elementor-element-populated\">\n\t\t\t\t\t\t<div class=\"elementor-element elementor-element-cf1fba5 elementor-widget elementor-widget-image\" data-id=\"cf1fba5\" data-element_type=\"widget\" data-widget_type=\"image.default\">\n\t\t\t\t<div class=\"elementor-widget-container\">\n\t\t\t\t\t\t\t\t\t\t\t\t<figure class=\"wp-caption\">\n\t\t\t\t\t\t\t\t\t\t<img fetchpriority=\"high\" decoding=\"async\" width=\"800\" height=\"534\" src=\"https:\/\/richeskarayib.com\/wp-content\/uploads\/2025\/11\/\u00a9Miss-Universe-Guadeloupe-1024x683.jpg\" class=\"attachment-large size-large wp-image-65114\" alt=\"Miss Univers 2025\" srcset=\"https:\/\/richeskarayib.com\/wp-content\/uploads\/2025\/11\/\u00a9Miss-Universe-Guadeloupe-1024x683.jpg 1024w, https:\/\/richeskarayib.com\/wp-content\/uploads\/2025\/11\/\u00a9Miss-Universe-Guadeloupe-300x200.jpg 300w, https:\/\/richeskarayib.com\/wp-content\/uploads\/2025\/11\/\u00a9Miss-Universe-Guadeloupe-768x512.jpg 768w, https:\/\/richeskarayib.com\/wp-content\/uploads\/2025\/11\/\u00a9Miss-Universe-Guadeloupe.jpg 1080w\" sizes=\"(max-width: 800px) 100vw, 800px\" \/>\t\t\t\t\t\t\t\t\t\t\t<figcaption class=\"widget-image-caption wp-caption-text\">\u00a9Miss Universe Guadeloupe<\/figcaption>\n\t\t\t\t\t\t\t\t\t\t<\/figure>\n\t\t\t\t\t\t\t\t\t<\/div>\n\t\t\t\t<\/div>\n\t\t\t\t\t<\/div>\n\t\t<\/div>\n\t\t\t\t\t<\/div>\n\t\t<\/section>\n\t\t\t\t\t<\/div>\n\t\t<\/div>\n\t\t\t\t\t<\/div>\n\t\t<\/section>\n\t\t\t\t<section class=\"elementor-section elementor-top-section elementor-element elementor-element-ceca32c elementor-section-boxed elementor-section-height-default elementor-section-height-default\" data-id=\"ceca32c\" data-element_type=\"section\">\n\t\t\t\t\t\t<div class=\"elementor-container elementor-column-gap-default\">\n\t\t\t\t\t<div class=\"elementor-column elementor-col-100 elementor-top-column elementor-element elementor-element-5a2e383\" data-id=\"5a2e383\" data-element_type=\"column\">\n\t\t\t<div class=\"elementor-widget-wrap elementor-element-populated\">\n\t\t\t\t\t\t<div class=\"elementor-element elementor-element-6cedf5f elementor-widget elementor-widget-heading\" data-id=\"6cedf5f\" data-element_type=\"widget\" data-widget_type=\"heading.default\">\n\t\t\t\t<div class=\"elementor-widget-container\">\n\t\t\t\t\t<h2 class=\"elementor-heading-title elementor-size-default\">Trayectorias arraigadas en las realidades caribe\u00f1as<\/h2>\t\t\t\t<\/div>\n\t\t\t\t<\/div>\n\t\t\t\t<div class=\"elementor-element elementor-element-e93d1fb elementor-widget elementor-widget-text-editor\" data-id=\"e93d1fb\" data-element_type=\"widget\" data-widget_type=\"text-editor.default\">\n\t\t\t\t<div class=\"elementor-widget-container\">\n\t\t\t\t\t\t\t\t\t<p><span style=\"font-weight: 400;\">Uno de los perfiles m\u00e1s observados es el de <\/span><b>Bereniece Dickenson<\/b><span style=\"font-weight: 400;\">representante de Turcas y Caicos, ilustra esta din\u00e1mica. Formada en arquitectura y tecnolog\u00eda de la construcci\u00f3n, contable junior y cuatriling\u00fce, dirige un programa de tutor\u00eda para j\u00f3venes. Su trayectoria profesional es un testimonio de su deseo de combinar los conocimientos t\u00e9cnicos con la responsabilidad colectiva, un ejemplo concreto de    <\/span><b>liderazgo femenino<\/b><span style=\"font-weight: 400;\"> en la regi\u00f3n.<\/span><\/p><p><span style=\"font-weight: 400;\">El <\/span><b>guadalupe\u00f1a Oph\u00e9ly M\u00e9zino<\/b><span style=\"font-weight: 400;\">  avanza con una carrera marcada por la resiliencia y un profundo compromiso con la salud mental de las mujeres. Su preparaci\u00f3n, llevada a cabo con un equipo especializado en Guadalupe, muestra la atenci\u00f3n prestada a una candidata que desea transmitir un mensaje \u00fatil para su regi\u00f3n. <\/span><\/p>\t\t\t\t\t\t\t\t<\/div>\n\t\t\t\t<\/div>\n\t\t\t\t<section class=\"elementor-section elementor-inner-section elementor-element elementor-element-7dc3723 elementor-section-boxed elementor-section-height-default elementor-section-height-default\" data-id=\"7dc3723\" data-element_type=\"section\">\n\t\t\t\t\t\t<div class=\"elementor-container elementor-column-gap-default\">\n\t\t\t\t\t<div class=\"elementor-column elementor-col-50 elementor-inner-column elementor-element elementor-element-c426f8a\" data-id=\"c426f8a\" data-element_type=\"column\">\n\t\t\t<div class=\"elementor-widget-wrap elementor-element-populated\">\n\t\t\t\t\t\t<div class=\"elementor-element elementor-element-a16078e elementor-widget elementor-widget-image\" data-id=\"a16078e\" data-element_type=\"widget\" data-widget_type=\"image.default\">\n\t\t\t\t<div class=\"elementor-widget-container\">\n\t\t\t\t\t\t\t\t\t\t\t\t<figure class=\"wp-caption\">\n\t\t\t\t\t\t\t\t\t\t<img decoding=\"async\" width=\"800\" height=\"800\" src=\"https:\/\/richeskarayib.com\/wp-content\/uploads\/2025\/11\/\u00a9Miss-Trinidad-and-Tobago-1.jpg\" class=\"attachment-large size-large wp-image-65102\" alt=\"Miss Univers 2025\" srcset=\"https:\/\/richeskarayib.com\/wp-content\/uploads\/2025\/11\/\u00a9Miss-Trinidad-and-Tobago-1.jpg 1000w, https:\/\/richeskarayib.com\/wp-content\/uploads\/2025\/11\/\u00a9Miss-Trinidad-and-Tobago-1-300x300.jpg 300w, https:\/\/richeskarayib.com\/wp-content\/uploads\/2025\/11\/\u00a9Miss-Trinidad-and-Tobago-1-150x150.jpg 150w, https:\/\/richeskarayib.com\/wp-content\/uploads\/2025\/11\/\u00a9Miss-Trinidad-and-Tobago-1-768x768.jpg 768w\" sizes=\"(max-width: 800px) 100vw, 800px\" \/>\t\t\t\t\t\t\t\t\t\t\t<figcaption class=\"widget-image-caption wp-caption-text\">\u00a9Miss Trinidad and Tobago<\/figcaption>\n\t\t\t\t\t\t\t\t\t\t<\/figure>\n\t\t\t\t\t\t\t\t\t<\/div>\n\t\t\t\t<\/div>\n\t\t\t\t\t<\/div>\n\t\t<\/div>\n\t\t\t\t<div class=\"elementor-column elementor-col-50 elementor-inner-column elementor-element elementor-element-954aab2\" data-id=\"954aab2\" data-element_type=\"column\">\n\t\t\t<div class=\"elementor-widget-wrap elementor-element-populated\">\n\t\t\t\t\t\t<div class=\"elementor-element elementor-element-e73dbd0 elementor-widget elementor-widget-image\" data-id=\"e73dbd0\" data-element_type=\"widget\" data-widget_type=\"image.default\">\n\t\t\t\t<div class=\"elementor-widget-container\">\n\t\t\t\t\t\t\t\t\t\t\t\t<figure class=\"wp-caption\">\n\t\t\t\t\t\t\t\t\t\t<img decoding=\"async\" width=\"800\" height=\"800\" src=\"https:\/\/richeskarayib.com\/wp-content\/uploads\/2025\/11\/\u00a9Miss-Trinidad-and-Tobago-1024x1024.jpg\" class=\"attachment-large size-large wp-image-65098\" alt=\"Miss Univers 2025\" srcset=\"https:\/\/richeskarayib.com\/wp-content\/uploads\/2025\/11\/\u00a9Miss-Trinidad-and-Tobago-1024x1024.jpg 1024w, https:\/\/richeskarayib.com\/wp-content\/uploads\/2025\/11\/\u00a9Miss-Trinidad-and-Tobago-300x300.jpg 300w, https:\/\/richeskarayib.com\/wp-content\/uploads\/2025\/11\/\u00a9Miss-Trinidad-and-Tobago-150x150.jpg 150w, https:\/\/richeskarayib.com\/wp-content\/uploads\/2025\/11\/\u00a9Miss-Trinidad-and-Tobago-768x768.jpg 768w, https:\/\/richeskarayib.com\/wp-content\/uploads\/2025\/11\/\u00a9Miss-Trinidad-and-Tobago-1320x1320.jpg 1320w, https:\/\/richeskarayib.com\/wp-content\/uploads\/2025\/11\/\u00a9Miss-Trinidad-and-Tobago.jpg 1440w\" sizes=\"(max-width: 800px) 100vw, 800px\" \/>\t\t\t\t\t\t\t\t\t\t\t<figcaption class=\"widget-image-caption wp-caption-text\">\u00a9Miss Trinidad and Tobago<\/figcaption>\n\t\t\t\t\t\t\t\t\t\t<\/figure>\n\t\t\t\t\t\t\t\t\t<\/div>\n\t\t\t\t<\/div>\n\t\t\t\t\t<\/div>\n\t\t<\/div>\n\t\t\t\t\t<\/div>\n\t\t<\/section>\n\t\t\t\t<div class=\"elementor-element elementor-element-2cec473 elementor-widget elementor-widget-text-editor\" data-id=\"2cec473\" data-element_type=\"widget\" data-widget_type=\"text-editor.default\">\n\t\t\t\t<div class=\"elementor-widget-container\">\n\t\t\t\t\t\t\t\t\t<p><span style=\"font-weight: 400;\">El retorno de<\/span><b>Hait\u00ed<\/b><span style=\"font-weight: 400;\"> con <\/span><b>Melissa Sapini<\/b><span style=\"font-weight: 400;\">Es una periodista nacida en Estados Unidos, muy activa en los medios de comunicaci\u00f3n e implicada en el acceso a becas para estudiantes haitianos. Es la voz de una di\u00e1spora que desempe\u00f1a un papel clave en la visibilidad del pa\u00eds. <\/span><\/p><p><span style=\"font-weight: 400;\">La <\/span><b>jamaicana Dra. Gabrielle Henry<\/b><span style=\"font-weight: 400;\">oftalm\u00f3logo, se centra en la salud visual y el acceso a la atenci\u00f3n sanitaria. Su compromiso es un recordatorio de la importancia de la formaci\u00f3n acad\u00e9mica y profesional en la construcci\u00f3n de figuras p\u00fablicas capaces de defender cuestiones esenciales. <\/span><\/p>\t\t\t\t\t\t\t\t<\/div>\n\t\t\t\t<\/div>\n\t\t\t\t<div class=\"elementor-element elementor-element-8cc3d58 elementor-widget elementor-widget-text-editor\" data-id=\"8cc3d58\" data-element_type=\"widget\" data-widget_type=\"text-editor.default\">\n\t\t\t\t<div class=\"elementor-widget-container\">\n\t\t\t\t\t\t\t\t\t<p><span style=\"font-weight: 400;\">En los dem\u00e1s territorios &#8211; Martinica, Santa Luc\u00eda, Cura\u00e7ao, Aruba, Belice, Bahamas, Guyana y las Islas Caim\u00e1n &#8211; las candidatas defienden una amplia gama de compromisos: \u00e9xito en la educaci\u00f3n, inclusi\u00f3n, prevenci\u00f3n de la violencia, protecci\u00f3n de los derechos LGBTQ+, esp\u00edritu empresarial y salud mental. Cada una aporta una visi\u00f3n \u00fanica, al tiempo que contribuye a una imagen global coherente de las candidatas caribe\u00f1as para esta edici\u00f3n de Miss Universo 2025. <\/span><\/p>\t\t\t\t\t\t\t\t<\/div>\n\t\t\t\t<\/div>\n\t\t\t\t<section class=\"elementor-section elementor-inner-section elementor-element elementor-element-2edbf1f elementor-section-boxed elementor-section-height-default elementor-section-height-default\" data-id=\"2edbf1f\" data-element_type=\"section\">\n\t\t\t\t\t\t<div class=\"elementor-container elementor-column-gap-default\">\n\t\t\t\t\t<div class=\"elementor-column elementor-col-100 elementor-inner-column elementor-element elementor-element-1b5070a\" data-id=\"1b5070a\" data-element_type=\"column\">\n\t\t\t<div class=\"elementor-widget-wrap elementor-element-populated\">\n\t\t\t\t\t\t<div class=\"elementor-element elementor-element-f1dc099 elementor-widget elementor-widget-video\" data-id=\"f1dc099\" data-element_type=\"widget\" data-settings=\"{&quot;youtube_url&quot;:&quot;https:\\\/\\\/www.youtube.com\\\/watch?v=eAAXFe4X_xs&quot;,&quot;video_type&quot;:&quot;youtube&quot;,&quot;controls&quot;:&quot;yes&quot;}\" data-widget_type=\"video.default\">\n\t\t\t\t<div class=\"elementor-widget-container\">\n\t\t\t\t\t\t\t<div class=\"elementor-wrapper elementor-open-inline\">\n\t\t\t<div class=\"elementor-video\"><\/div>\t\t<\/div>\n\t\t\t\t\t\t<\/div>\n\t\t\t\t<\/div>\n\t\t\t\t\t<\/div>\n\t\t<\/div>\n\t\t\t\t\t<\/div>\n\t\t<\/section>\n\t\t\t\t\t<\/div>\n\t\t<\/div>\n\t\t\t\t\t<\/div>\n\t\t<\/section>\n\t\t\t\t<section class=\"elementor-section elementor-top-section elementor-element elementor-element-9c88a89 elementor-section-boxed elementor-section-height-default elementor-section-height-default\" data-id=\"9c88a89\" data-element_type=\"section\">\n\t\t\t\t\t\t<div class=\"elementor-container elementor-column-gap-default\">\n\t\t\t\t\t<div class=\"elementor-column elementor-col-100 elementor-top-column elementor-element elementor-element-78cf5d1\" data-id=\"78cf5d1\" data-element_type=\"column\">\n\t\t\t<div class=\"elementor-widget-wrap elementor-element-populated\">\n\t\t\t\t\t\t<div class=\"elementor-element elementor-element-ea2a5c1 elementor-widget elementor-widget-heading\" data-id=\"ea2a5c1\" data-element_type=\"widget\" data-widget_type=\"heading.default\">\n\t\t\t\t<div class=\"elementor-widget-container\">\n\t\t\t\t\t<h2 class=\"elementor-heading-title elementor-size-default\">Una presencia que cambia las percepciones<\/h2>\t\t\t\t<\/div>\n\t\t\t\t<\/div>\n\t\t\t\t<section class=\"elementor-section elementor-inner-section elementor-element elementor-element-2666eee elementor-section-boxed elementor-section-height-default elementor-section-height-default\" data-id=\"2666eee\" data-element_type=\"section\">\n\t\t\t\t\t\t<div class=\"elementor-container elementor-column-gap-default\">\n\t\t\t\t\t<div class=\"elementor-column elementor-col-50 elementor-inner-column elementor-element elementor-element-96e0fa0\" data-id=\"96e0fa0\" data-element_type=\"column\">\n\t\t\t<div class=\"elementor-widget-wrap elementor-element-populated\">\n\t\t\t\t\t\t<div class=\"elementor-element elementor-element-e305eee elementor-widget elementor-widget-text-editor\" data-id=\"e305eee\" data-element_type=\"widget\" data-widget_type=\"text-editor.default\">\n\t\t\t\t<div class=\"elementor-widget-container\">\n\t\t\t\t\t\t\t\t\t<p><span style=\"font-weight: 400;\">Lo que estamos viendo en torno a <a href=\"https:\/\/www.facebook.com\/MissUniverse\/?locale=fr_FR\" target=\"_blank\" rel=\"noopener nofollow\">Miss Universo 2025<\/a> va m\u00e1s all\u00e1 del concurso.  <\/span><\/p><p><span style=\"font-weight: 400;\">La participaci\u00f3n caribe\u00f1a act\u00faa como veh\u00edculo para elevar el perfil de realidades que a menudo no se denuncian internacionalmente.  <\/span><\/p><p><span style=\"font-weight: 400;\">En sus discursos, los candidatos describen sus islas, sus trayectorias de estudio, sus retos diarios y las iniciativas que dan forma a sus comunidades.  <\/span><\/p><p><span style=\"font-weight: 400;\">Son historias que no suelen traspasar las fronteras regionales, y que refuerzan la influencia del Caribe a escala mundial.<\/span><\/p>\t\t\t\t\t\t\t\t<\/div>\n\t\t\t\t<\/div>\n\t\t\t\t<div class=\"elementor-element elementor-element-c45c391 elementor-widget elementor-widget-text-editor\" data-id=\"c45c391\" data-element_type=\"widget\" data-widget_type=\"text-editor.default\">\n\t\t\t\t<div class=\"elementor-widget-container\">\n\t\t\t\t\t\t\t\t\t<p><span style=\"font-weight: 400;\">La exposici\u00f3n tambi\u00e9n pone de relieve cuestiones clave como la salud mental, la lucha contra la violencia, el acceso a la educaci\u00f3n, la inclusi\u00f3n social y el desarrollo local.  <\/span><\/p><p><span style=\"font-weight: 400;\">Temas que a menudo se descuidan en los medios de comunicaci\u00f3n internacionales encuentran aqu\u00ed un lugar.  <\/span><\/p><p><span style=\"font-weight: 400;\">Las asociaciones, las estructuras educativas y las iniciativas c\u00edvicas se benefician de esta visibilidad, que refuerza su trabajo y a veces abre el camino a nuevas colaboraciones.<\/span><\/p><p><span style=\"font-weight: 400;\">Para los j\u00f3venes del Caribe, el impacto es significativo. Los candidatos demuestran que los caminos hacia la excelencia pueden forjarse en contextos muy diversos: pueblos, barrios urbanos, territorios insulares, di\u00e1spora. <\/span><\/p>\t\t\t\t\t\t\t\t<\/div>\n\t\t\t\t<\/div>\n\t\t\t\t\t<\/div>\n\t\t<\/div>\n\t\t\t\t<div class=\"elementor-column elementor-col-50 elementor-inner-column elementor-element elementor-element-b9092f2\" data-id=\"b9092f2\" data-element_type=\"column\">\n\t\t\t<div class=\"elementor-widget-wrap elementor-element-populated\">\n\t\t\t\t\t\t<div class=\"elementor-element elementor-element-8c261f9 elementor-widget elementor-widget-image\" data-id=\"8c261f9\" data-element_type=\"widget\" data-widget_type=\"image.default\">\n\t\t\t\t<div class=\"elementor-widget-container\">\n\t\t\t\t\t\t\t\t\t\t\t\t<figure class=\"wp-caption\">\n\t\t\t\t\t\t\t\t\t\t<img loading=\"lazy\" decoding=\"async\" width=\"792\" height=\"1024\" src=\"https:\/\/richeskarayib.com\/wp-content\/uploads\/2025\/11\/\u00a9Miss_Universe_Haiti-792x1024.jpg\" class=\"attachment-large size-large wp-image-65106\" alt=\"Miss Univers 2025\" srcset=\"https:\/\/richeskarayib.com\/wp-content\/uploads\/2025\/11\/\u00a9Miss_Universe_Haiti-792x1024.jpg 792w, https:\/\/richeskarayib.com\/wp-content\/uploads\/2025\/11\/\u00a9Miss_Universe_Haiti-232x300.jpg 232w, https:\/\/richeskarayib.com\/wp-content\/uploads\/2025\/11\/\u00a9Miss_Universe_Haiti-768x993.jpg 768w, https:\/\/richeskarayib.com\/wp-content\/uploads\/2025\/11\/\u00a9Miss_Universe_Haiti.jpg 1080w\" sizes=\"(max-width: 792px) 100vw, 792px\" \/>\t\t\t\t\t\t\t\t\t\t\t<figcaption class=\"widget-image-caption wp-caption-text\">\u00a9Miss_Universe_Ha\u00efti<\/figcaption>\n\t\t\t\t\t\t\t\t\t\t<\/figure>\n\t\t\t\t\t\t\t\t\t<\/div>\n\t\t\t\t<\/div>\n\t\t\t\t\t<\/div>\n\t\t<\/div>\n\t\t\t\t\t<\/div>\n\t\t<\/section>\n\t\t\t\t<section class=\"elementor-section elementor-inner-section elementor-element elementor-element-bf10f88 elementor-section-boxed elementor-section-height-default elementor-section-height-default\" data-id=\"bf10f88\" data-element_type=\"section\">\n\t\t\t\t\t\t<div class=\"elementor-container elementor-column-gap-default\">\n\t\t\t\t\t<div class=\"elementor-column elementor-col-50 elementor-inner-column elementor-element elementor-element-8c88242\" data-id=\"8c88242\" data-element_type=\"column\">\n\t\t\t<div class=\"elementor-widget-wrap elementor-element-populated\">\n\t\t\t\t\t\t<div class=\"elementor-element elementor-element-4949a3d elementor-widget elementor-widget-image\" data-id=\"4949a3d\" data-element_type=\"widget\" data-widget_type=\"image.default\">\n\t\t\t\t<div class=\"elementor-widget-container\">\n\t\t\t\t\t\t\t\t\t\t\t\t<figure class=\"wp-caption\">\n\t\t\t\t\t\t\t\t\t\t<img loading=\"lazy\" decoding=\"async\" width=\"800\" height=\"534\" src=\"https:\/\/richeskarayib.com\/wp-content\/uploads\/2025\/11\/\u00a9Miss-Universe-Haiti-1024x683.jpg\" class=\"attachment-large size-large wp-image-65110\" alt=\"Miss Univers 2025\" srcset=\"https:\/\/richeskarayib.com\/wp-content\/uploads\/2025\/11\/\u00a9Miss-Universe-Haiti-1024x683.jpg 1024w, https:\/\/richeskarayib.com\/wp-content\/uploads\/2025\/11\/\u00a9Miss-Universe-Haiti-300x200.jpg 300w, https:\/\/richeskarayib.com\/wp-content\/uploads\/2025\/11\/\u00a9Miss-Universe-Haiti-768x512.jpg 768w, https:\/\/richeskarayib.com\/wp-content\/uploads\/2025\/11\/\u00a9Miss-Universe-Haiti.jpg 1080w\" sizes=\"(max-width: 800px) 100vw, 800px\" \/>\t\t\t\t\t\t\t\t\t\t\t<figcaption class=\"widget-image-caption wp-caption-text\">\u00a9Miss Universe Ha\u00efti<\/figcaption>\n\t\t\t\t\t\t\t\t\t\t<\/figure>\n\t\t\t\t\t\t\t\t\t<\/div>\n\t\t\t\t<\/div>\n\t\t\t\t\t<\/div>\n\t\t<\/div>\n\t\t\t\t<div class=\"elementor-column elementor-col-50 elementor-inner-column elementor-element elementor-element-a7de4ef\" data-id=\"a7de4ef\" data-element_type=\"column\">\n\t\t\t<div class=\"elementor-widget-wrap elementor-element-populated\">\n\t\t\t\t\t\t<div class=\"elementor-element elementor-element-d72facf elementor-widget elementor-widget-text-editor\" data-id=\"d72facf\" data-element_type=\"widget\" data-widget_type=\"text-editor.default\">\n\t\t\t\t<div class=\"elementor-widget-container\">\n\t\t\t\t\t\t\t\t\t<p><span style=\"font-weight: 400;\">Sus experiencias -estudios, responsabilidades familiares, compromiso social y ambiciones profesionales- constituyen un punto de referencia estimulante para las j\u00f3venes que buscan un modelo a seguir que est\u00e9 a la vez cerca de ellas y abierto al mundo, un s\u00edmbolo del liderazgo femenino en el Caribe. Esto resulta especialmente evidente en los debates en torno a Miss Universo 2025, donde estas historias tienen un eco m\u00e1s amplio. <\/span><\/p>\t\t\t\t\t\t\t\t<\/div>\n\t\t\t\t<\/div>\n\t\t\t\t<div class=\"elementor-element elementor-element-12e6699 elementor-widget elementor-widget-text-editor\" data-id=\"12e6699\" data-element_type=\"widget\" data-widget_type=\"text-editor.default\">\n\t\t\t\t<div class=\"elementor-widget-container\">\n\t\t\t\t\t\t\t\t\t<p><span style=\"font-weight: 400;\">Esta edici\u00f3n tambi\u00e9n est\u00e1 contribuyendo a cambiar nuestra forma de ver la regi\u00f3n.  <\/span><span style=\"font-weight: 400;\">Al presentar a mujeres cultas, comprometidas y atentas a las cuestiones sociales, el Caribe aparece como una zona capaz de preparar personalidades s\u00f3lidas y leg\u00edtimas.  <\/span><span style=\"font-weight: 400;\">Esta imagen renovada tambi\u00e9n encuentra su lugar en la portada de Miss Universo 2025, lo que da una visibilidad poco com\u00fan a estas carreras.<\/span><\/p>\t\t\t\t\t\t\t\t<\/div>\n\t\t\t\t<\/div>\n\t\t\t\t\t<\/div>\n\t\t<\/div>\n\t\t\t\t\t<\/div>\n\t\t<\/section>\n\t\t\t\t\t<\/div>\n\t\t<\/div>\n\t\t\t\t\t<\/div>\n\t\t<\/section>\n\t\t\t\t<section class=\"elementor-section elementor-top-section elementor-element elementor-element-103aced elementor-section-boxed elementor-section-height-default elementor-section-height-default\" data-id=\"103aced\" data-element_type=\"section\">\n\t\t\t\t\t\t<div class=\"elementor-container elementor-column-gap-default\">\n\t\t\t\t\t<div class=\"elementor-column elementor-col-100 elementor-top-column elementor-element elementor-element-e34f9f4\" data-id=\"e34f9f4\" data-element_type=\"column\">\n\t\t\t<div class=\"elementor-widget-wrap elementor-element-populated\">\n\t\t\t\t\t\t<div class=\"elementor-element elementor-element-c643e86 elementor-widget elementor-widget-heading\" data-id=\"c643e86\" data-element_type=\"widget\" data-widget_type=\"heading.default\">\n\t\t\t\t<div class=\"elementor-widget-container\">\n\t\t\t\t\t<h2 class=\"elementor-heading-title elementor-size-default\">Un acontecimiento importante para la regi\u00f3n<\/h2>\t\t\t\t<\/div>\n\t\t\t\t<\/div>\n\t\t\t\t<div class=\"elementor-element elementor-element-f783f1a elementor-widget elementor-widget-text-editor\" data-id=\"f783f1a\" data-element_type=\"widget\" data-widget_type=\"text-editor.default\">\n\t\t\t\t<div class=\"elementor-widget-container\">\n\t\t\t\t\t\t\t\t\t<p><span style=\"font-weight: 400;\">Desde la victoria de Wendy Fitzwilliam en 1998, la regi\u00f3n no ha ganado<a href=\"https:\/\/richeskarayib.com\/es\/belice-miss-universo-belice-2025-isabella-zabaneh-una-embajadora-moderna-para-su-pais\/\" target=\"_blank\" rel=\"noopener\"> Miss Universo<\/a>. Sin embargo, la edici\u00f3n del 74\u1d49 aporta un significado diferente: revela un Caribe que avanza en serio, defendiendo sus causas y record\u00e1ndonos que sus territorios tienen el lugar que les corresponde en los espacios internacionales. Las candidatas caribe\u00f1as a Miss Universo 2025 muestran una regi\u00f3n atenta a sus retos y confiada en su capacidad para llevar voces \u00fatiles.  <\/span><\/p>\t\t\t\t\t\t\t\t<\/div>\n\t\t\t\t<\/div>\n\t\t\t\t<div class=\"elementor-element elementor-element-e9be53c elementor-widget elementor-widget-text-editor\" data-id=\"e9be53c\" data-element_type=\"widget\" data-widget_type=\"text-editor.default\">\n\t\t\t\t<div class=\"elementor-widget-container\">\n\t\t\t\t\t\t\t\t\t<p><span style=\"font-weight: 400;\">Sea cual sea el resultado final, esta presencia caribe\u00f1a pone de relieve a mujeres que encarnan un aut\u00e9ntico liderazgo femenino y la determinaci\u00f3n de hacer avanzar sus territorios. Es testimonio de una influencia caribe\u00f1a que sigue afirm\u00e1ndose en el mundo actual. Esta dimensi\u00f3n es claramente evidente en los debates en torno a <a href=\"https:\/\/richeskarayib.com\/es\/miss-universo-martinica-2025-una-palanca-para-transformar-la-region\/\" target=\"_blank\" rel=\"noopener\">Miss Universo 2025<\/a>.  <\/span><\/p>\t\t\t\t\t\t\t\t<\/div>\n\t\t\t\t<\/div>\n\t\t\t\t<section class=\"elementor-section elementor-inner-section elementor-element elementor-element-de5a8f0 elementor-section-boxed elementor-section-height-default elementor-section-height-default\" data-id=\"de5a8f0\" data-element_type=\"section\">\n\t\t\t\t\t\t<div class=\"elementor-container elementor-column-gap-default\">\n\t\t\t\t\t<div class=\"elementor-column elementor-col-50 elementor-inner-column elementor-element elementor-element-978b7e6\" data-id=\"978b7e6\" data-element_type=\"column\">\n\t\t\t<div class=\"elementor-widget-wrap elementor-element-populated\">\n\t\t\t\t\t\t<div class=\"elementor-element elementor-element-b24ca6f elementor-widget elementor-widget-image\" data-id=\"b24ca6f\" data-element_type=\"widget\" data-widget_type=\"image.default\">\n\t\t\t\t<div class=\"elementor-widget-container\">\n\t\t\t\t\t\t\t\t\t\t\t\t<figure class=\"wp-caption\">\n\t\t\t\t\t\t\t\t\t\t<img loading=\"lazy\" decoding=\"async\" width=\"800\" height=\"534\" src=\"https:\/\/richeskarayib.com\/wp-content\/uploads\/2025\/11\/\u00a9Miss-Universe-Belize-1024x683.jpg\" class=\"attachment-large size-large wp-image-65118\" alt=\"Miss Univers 2025\" srcset=\"https:\/\/richeskarayib.com\/wp-content\/uploads\/2025\/11\/\u00a9Miss-Universe-Belize-1024x683.jpg 1024w, https:\/\/richeskarayib.com\/wp-content\/uploads\/2025\/11\/\u00a9Miss-Universe-Belize-300x200.jpg 300w, https:\/\/richeskarayib.com\/wp-content\/uploads\/2025\/11\/\u00a9Miss-Universe-Belize-768x512.jpg 768w, https:\/\/richeskarayib.com\/wp-content\/uploads\/2025\/11\/\u00a9Miss-Universe-Belize.jpg 1080w\" sizes=\"(max-width: 800px) 100vw, 800px\" \/>\t\t\t\t\t\t\t\t\t\t\t<figcaption class=\"widget-image-caption wp-caption-text\">\u00a9Miss Universe Belize<\/figcaption>\n\t\t\t\t\t\t\t\t\t\t<\/figure>\n\t\t\t\t\t\t\t\t\t<\/div>\n\t\t\t\t<\/div>\n\t\t\t\t\t<\/div>\n\t\t<\/div>\n\t\t\t\t<div class=\"elementor-column elementor-col-50 elementor-inner-column elementor-element elementor-element-a760d5c\" data-id=\"a760d5c\" data-element_type=\"column\">\n\t\t\t<div class=\"elementor-widget-wrap elementor-element-populated\">\n\t\t\t\t\t\t<div class=\"elementor-element elementor-element-7443ea0 elementor-widget elementor-widget-image\" data-id=\"7443ea0\" data-element_type=\"widget\" data-widget_type=\"image.default\">\n\t\t\t\t<div class=\"elementor-widget-container\">\n\t\t\t\t\t\t\t\t\t\t\t\t<figure class=\"wp-caption\">\n\t\t\t\t\t\t\t\t\t\t<img loading=\"lazy\" decoding=\"async\" width=\"800\" height=\"534\" src=\"https:\/\/richeskarayib.com\/wp-content\/uploads\/2025\/11\/\u00a9Miss-Universe-Turcs-and-Caicos-1024x683.jpg\" class=\"attachment-large size-large wp-image-65122\" alt=\"Miss Univers 2025\" srcset=\"https:\/\/richeskarayib.com\/wp-content\/uploads\/2025\/11\/\u00a9Miss-Universe-Turcs-and-Caicos-1024x683.jpg 1024w, https:\/\/richeskarayib.com\/wp-content\/uploads\/2025\/11\/\u00a9Miss-Universe-Turcs-and-Caicos-300x200.jpg 300w, https:\/\/richeskarayib.com\/wp-content\/uploads\/2025\/11\/\u00a9Miss-Universe-Turcs-and-Caicos-768x512.jpg 768w, https:\/\/richeskarayib.com\/wp-content\/uploads\/2025\/11\/\u00a9Miss-Universe-Turcs-and-Caicos.jpg 1080w\" sizes=\"(max-width: 800px) 100vw, 800px\" \/>\t\t\t\t\t\t\t\t\t\t\t<figcaption class=\"widget-image-caption wp-caption-text\">\u00a9Miss Universe Turcs and Caicos<\/figcaption>\n\t\t\t\t\t\t\t\t\t\t<\/figure>\n\t\t\t\t\t\t\t\t\t<\/div>\n\t\t\t\t<\/div>\n\t\t\t\t\t<\/div>\n\t\t<\/div>\n\t\t\t\t\t<\/div>\n\t\t<\/section>\n\t\t\t\t\t<\/div>\n\t\t<\/div>\n\t\t\t\t\t<\/div>\n\t\t<\/section>\n\t\t\t\t<\/div>\n\t\t","protected":false},"excerpt":{"rendered":"<p>Este a\u00f1o, la escena internacional est\u00e1 siendo testigo de una edici\u00f3n \u00fanica de Miss Universo 2025. En Tailandia, las primeras presentaciones demostraron r\u00e1pidamente que el Caribe ocupa un lugar especial, llevado por candidatas caribe\u00f1as cuyos or\u00edgenes reflejan la evoluci\u00f3n social y cultural de la regi\u00f3n. Llegan con habilidades s\u00f3lidas, un compromiso real y una forma [&hellip;]<\/p>\n","protected":false},"author":662,"featured_media":65094,"comment_status":"open","ping_status":"open","sticky":false,"template":"","format":"standard","meta":{"_acf_changed":false,"footnotes":""},"categories":[1502],"tags":[1833,1674,1564,1652,1547,1549,810,1832,816,1594],"class_list":["post-65124","post","type-post","status-publish","format-standard","has-post-thumbnail","hentry","category-moda","tag-aruba","tag-bahamas-es","tag-belice","tag-curacao-es","tag-guadalupe","tag-guayana-francesa","tag-haiti-es-2","tag-islas-turcas-y-caicos","tag-martinique-es","tag-sainte-lucie-es"],"acf":[],"_links":{"self":[{"href":"https:\/\/richeskarayib.com\/es\/wp-json\/wp\/v2\/posts\/65124","targetHints":{"allow":["GET"]}}],"collection":[{"href":"https:\/\/richeskarayib.com\/es\/wp-json\/wp\/v2\/posts"}],"about":[{"href":"https:\/\/richeskarayib.com\/es\/wp-json\/wp\/v2\/types\/post"}],"author":[{"embeddable":true,"href":"https:\/\/richeskarayib.com\/es\/wp-json\/wp\/v2\/users\/662"}],"replies":[{"embeddable":true,"href":"https:\/\/richeskarayib.com\/es\/wp-json\/wp\/v2\/comments?post=65124"}],"version-history":[{"count":0,"href":"https:\/\/richeskarayib.com\/es\/wp-json\/wp\/v2\/posts\/65124\/revisions"}],"wp:featuredmedia":[{"embeddable":true,"href":"https:\/\/richeskarayib.com\/es\/wp-json\/wp\/v2\/media\/65094"}],"wp:attachment":[{"href":"https:\/\/richeskarayib.com\/es\/wp-json\/wp\/v2\/media?parent=65124"}],"wp:term":[{"taxonomy":"category","embeddable":true,"href":"https:\/\/richeskarayib.com\/es\/wp-json\/wp\/v2\/categories?post=65124"},{"taxonomy":"post_tag","embeddable":true,"href":"https:\/\/richeskarayib.com\/es\/wp-json\/wp\/v2\/tags?post=65124"}],"curies":[{"name":"wp","href":"https:\/\/api.w.org\/{rel}","templated":true}]}}