{"id":65145,"date":"2025-11-21T06:39:18","date_gmt":"2025-11-21T10:39:18","guid":{"rendered":"https:\/\/richeskarayib.com\/el-lugar-de-las-rup-y-los-ptu-en-el-caribe-y-europa-un-encuentro-que-acerca-a-martinica-y-curacao\/"},"modified":"2025-11-21T07:52:03","modified_gmt":"2025-11-21T11:52:03","slug":"el-lugar-de-las-rup-y-los-ptu-en-el-caribe-y-europa-un-encuentro-que-acerca-a-martinica-y-curacao","status":"publish","type":"post","link":"https:\/\/richeskarayib.com\/es\/el-lugar-de-las-rup-y-los-ptu-en-el-caribe-y-europa-un-encuentro-que-acerca-a-martinica-y-curacao\/","title":{"rendered":"El lugar de las RUP y los PTU en el Caribe y Europa: un encuentro que acerca a Martinica y Cura\u00e7ao"},"content":{"rendered":"\t\t<div data-elementor-type=\"wp-post\" data-elementor-id=\"65145\" class=\"elementor elementor-65145 elementor-65127\" data-elementor-post-type=\"post\">\n\t\t\t\t\t\t<section class=\"elementor-section elementor-top-section elementor-element elementor-element-7ca7ca1 elementor-section-boxed elementor-section-height-default elementor-section-height-default\" data-id=\"7ca7ca1\" data-element_type=\"section\">\n\t\t\t\t\t\t<div class=\"elementor-container elementor-column-gap-default\">\n\t\t\t\t\t<div class=\"elementor-column elementor-col-100 elementor-top-column elementor-element elementor-element-cbdd002\" data-id=\"cbdd002\" data-element_type=\"column\">\n\t\t\t<div class=\"elementor-widget-wrap elementor-element-populated\">\n\t\t\t\t\t\t<section class=\"elementor-section elementor-inner-section elementor-element elementor-element-bc94849 elementor-section-boxed elementor-section-height-default elementor-section-height-default\" data-id=\"bc94849\" data-element_type=\"section\">\n\t\t\t\t\t\t<div class=\"elementor-container elementor-column-gap-default\">\n\t\t\t\t\t\t<\/div>\n\t\t<\/section>\n\t\t\t\t<section class=\"elementor-section elementor-inner-section elementor-element elementor-element-61571e6 elementor-section-boxed elementor-section-height-default elementor-section-height-default\" data-id=\"61571e6\" data-element_type=\"section\">\n\t\t\t\t\t\t<div class=\"elementor-container elementor-column-gap-default\">\n\t\t\t\t\t\t<\/div>\n\t\t<\/section>\n\t\t\t\t<section class=\"elementor-section elementor-inner-section elementor-element elementor-element-b6262e0 elementor-section-boxed elementor-section-height-default elementor-section-height-default\" data-id=\"b6262e0\" data-element_type=\"section\">\n\t\t\t\t\t\t<div class=\"elementor-container elementor-column-gap-default\">\n\t\t\t\t\t\t<\/div>\n\t\t<\/section>\n\t\t\t\t<section class=\"elementor-section elementor-inner-section elementor-element elementor-element-cca29fd elementor-section-boxed elementor-section-height-default elementor-section-height-default\" data-id=\"cca29fd\" data-element_type=\"section\">\n\t\t\t\t\t\t<div class=\"elementor-container elementor-column-gap-default\">\n\t\t\t\t\t\t<\/div>\n\t\t<\/section>\n\t\t\t\t\t<\/div>\n\t\t<\/div>\n\t\t\t\t\t<\/div>\n\t\t<\/section>\n\t\t\t\t<section class=\"elementor-section elementor-top-section elementor-element elementor-element-5a7397d elementor-section-boxed elementor-section-height-default elementor-section-height-default\" data-id=\"5a7397d\" data-element_type=\"section\">\n\t\t\t\t\t\t<div class=\"elementor-container elementor-column-gap-default\">\n\t\t\t\t\t<div class=\"elementor-column elementor-col-100 elementor-top-column elementor-element elementor-element-e0e155e\" data-id=\"e0e155e\" data-element_type=\"column\">\n\t\t\t<div class=\"elementor-widget-wrap elementor-element-populated\">\n\t\t\t\t\t\t<div class=\"elementor-element elementor-element-43a45ac elementor-widget elementor-widget-text-editor\" data-id=\"43a45ac\" data-element_type=\"widget\" data-widget_type=\"text-editor.default\">\n\t\t\t\t<div class=\"elementor-widget-container\">\n\t\t\t\t\t\t\t\t\t<p><span style=\"font-weight: 400;\">El 19 de noviembre, el Centro Europe Direct Antillas-Guyana (CEDAG), en colaboraci\u00f3n con COMOB Martinica y DRAJES Martinica, organiz\u00f3 dos sesiones de debate con motivo de la visita de Flora Goudappel, especialista en derecho constitucional europeo y representante de Europe Direct Cura\u00e7ao. El objetivo de la reuni\u00f3n era conocer mejor los v\u00ednculos entre las <a href=\"https:\/\/www.touteleurope.eu\/l-europe-en-region\/les-regions-ultraperipheriques-territoires-europeens-au-coeur-des-oceans\/\" target=\"_blank\" rel=\"noopener nofollow\">Regiones Ultraperif\u00e9ricas<\/a> (RUP) y los <a href=\"https:\/\/trade.ec.europa.eu\/access-to-markets\/fr\/content\/pays-et-territoires-doutre-mer-ptom\" target=\"_blank\" rel=\"noopener nofollow\">Pa\u00edses y Territorios de Ultramar<\/a> (PTU) y la Uni\u00f3n Europea. Formaba parte de un deseo compartido de explorar lo que significa concretamente la din\u00e1mica de las RUP y los PTU para los territorios caribe\u00f1os.  <\/span><\/p>\t\t\t\t\t\t\t\t<\/div>\n\t\t\t\t<\/div>\n\t\t\t\t<div class=\"elementor-element elementor-element-aca446d elementor-widget elementor-widget-text-editor\" data-id=\"aca446d\" data-element_type=\"widget\" data-widget_type=\"text-editor.default\">\n\t\t\t\t<div class=\"elementor-widget-container\">\n\t\t\t\t\t\t\t\t\t<p><span style=\"font-weight: 400;\">La visita formaba parte de un proceso iniciado hace un a\u00f1o: Cura\u00e7ao quer\u00eda conocer mejor Martinica, su estatus europeo y las posibilidades de cooperaci\u00f3n en el Caribe. Un territorio de 160.000 habitantes, que acaba de celebrar con orgullo su hist\u00f3rica primera clasificaci\u00f3n para la Copa del Mundo, manifestaba su deseo de forjar relaciones concretas con otro territorio insular vecino&#8230; y adem\u00e1s europeo. Era una forma de demostrar que, m\u00e1s all\u00e1 de los acuerdos institucionales, la cooperaci\u00f3n se basa ante todo en iniciativas humanas.  <\/span><\/p>\t\t\t\t\t\t\t\t<\/div>\n\t\t\t\t<\/div>\n\t\t\t\t\t<\/div>\n\t\t<\/div>\n\t\t\t\t\t<\/div>\n\t\t<\/section>\n\t\t\t\t<section class=\"elementor-section elementor-top-section elementor-element elementor-element-ceca32c elementor-section-boxed elementor-section-height-default elementor-section-height-default\" data-id=\"ceca32c\" data-element_type=\"section\">\n\t\t\t\t\t\t<div class=\"elementor-container elementor-column-gap-default\">\n\t\t\t\t\t<div class=\"elementor-column elementor-col-100 elementor-top-column elementor-element elementor-element-5a2e383\" data-id=\"5a2e383\" data-element_type=\"column\">\n\t\t\t<div class=\"elementor-widget-wrap elementor-element-populated\">\n\t\t\t\t\t\t<div class=\"elementor-element elementor-element-6cedf5f elementor-widget elementor-widget-heading\" data-id=\"6cedf5f\" data-element_type=\"widget\" data-widget_type=\"heading.default\">\n\t\t\t\t<div class=\"elementor-widget-container\">\n\t\t\t\t\t<h2 class=\"elementor-heading-title elementor-size-default\">Los estatutos europeos estructuran las relaciones caribe\u00f1as\n<\/h2>\t\t\t\t<\/div>\n\t\t\t\t<\/div>\n\t\t\t\t<div class=\"elementor-element elementor-element-e93d1fb elementor-widget elementor-widget-text-editor\" data-id=\"e93d1fb\" data-element_type=\"widget\" data-widget_type=\"text-editor.default\">\n\t\t\t\t<div class=\"elementor-widget-container\">\n\t\t\t\t\t\t\t\t\t<p><span style=\"font-weight: 400;\">Durante los debates, Flora Goudappel puso de relieve las diferencias entre los estados OR y OCT.<\/span><span style=\"font-weight: 400;\"> <\/span><\/p><p><span style=\"font-weight: 400;\">Las <strong>regiones ultraperif\u00e9ricas<\/strong> -como Martinica, Guayana Francesa y las Islas Canarias- forman parte plenamente de la Uni\u00f3n Europea y se benefician de excepciones adaptadas a sus realidades insulares y econ\u00f3micas.<\/span><span style=\"font-weight: 400;\"><br><\/span><\/p><p><span style=\"font-weight: 400;\"><strong>Los PTU<\/strong>, incluido Cura\u00e7ao, no forman parte de la Uni\u00f3n Europea, pero tienen una posici\u00f3n preferente que les da acceso al mercado europeo y la oportunidad de desarrollar asociaciones. Estas diferencias estructuran profundamente las relaciones en la regi\u00f3n. <\/span><\/p>\t\t\t\t\t\t\t\t<\/div>\n\t\t\t\t<\/div>\n\t\t\t\t<div class=\"elementor-element elementor-element-8b1d1c3 elementor-widget elementor-widget-text-editor\" data-id=\"8b1d1c3\" data-element_type=\"widget\" data-widget_type=\"text-editor.default\">\n\t\t\t\t<div class=\"elementor-widget-container\">\n\t\t\t\t\t\t\t\t\t<p><span style=\"font-weight: 400;\">Para ilustrar estas distinciones, Flora Goudappel se bas\u00f3 en situaciones de la vida real: las presiones migratorias en las Islas Canarias, las decisiones nacionales relativas al visado Schengen y los debates en los Pa\u00edses Bajos en torno a los cambios previstos en el estatuto de Bonaire y San Eustaquio. Estas realidades ilustran c\u00f3mo <\/span><span style=\"font-weight: 400;\">Los marcos OR y OCT conforman las trayectorias de cada territorio.<\/span><\/p>\t\t\t\t\t\t\t\t<\/div>\n\t\t\t\t<\/div>\n\t\t\t\t<section class=\"elementor-section elementor-inner-section elementor-element elementor-element-d86ec16 elementor-section-boxed elementor-section-height-default elementor-section-height-default\" data-id=\"d86ec16\" data-element_type=\"section\">\n\t\t\t\t\t\t<div class=\"elementor-container elementor-column-gap-default\">\n\t\t\t\t\t<div class=\"elementor-column elementor-col-100 elementor-inner-column elementor-element elementor-element-cc29e5e\" data-id=\"cc29e5e\" data-element_type=\"column\">\n\t\t\t<div class=\"elementor-widget-wrap elementor-element-populated\">\n\t\t\t\t\t\t<div class=\"elementor-element elementor-element-c98cd4d elementor-widget elementor-widget-image\" data-id=\"c98cd4d\" data-element_type=\"widget\" data-widget_type=\"image.default\">\n\t\t\t\t<div class=\"elementor-widget-container\">\n\t\t\t\t\t\t\t\t\t\t\t\t\t\t\t<img fetchpriority=\"high\" decoding=\"async\" width=\"800\" height=\"1000\" src=\"https:\/\/richeskarayib.com\/wp-content\/uploads\/2025\/11\/V2-Flyer-invitation-rencontres-Curacao_19-novembre-819x1024.png\" class=\"attachment-large size-large wp-image-65135\" alt=\"RUP et PTOM\" srcset=\"https:\/\/richeskarayib.com\/wp-content\/uploads\/2025\/11\/V2-Flyer-invitation-rencontres-Curacao_19-novembre-819x1024.png 819w, https:\/\/richeskarayib.com\/wp-content\/uploads\/2025\/11\/V2-Flyer-invitation-rencontres-Curacao_19-novembre-240x300.png 240w, https:\/\/richeskarayib.com\/wp-content\/uploads\/2025\/11\/V2-Flyer-invitation-rencontres-Curacao_19-novembre-768x960.png 768w, https:\/\/richeskarayib.com\/wp-content\/uploads\/2025\/11\/V2-Flyer-invitation-rencontres-Curacao_19-novembre.png 1080w\" sizes=\"(max-width: 800px) 100vw, 800px\" \/>\t\t\t\t\t\t\t\t\t\t\t\t\t\t\t<\/div>\n\t\t\t\t<\/div>\n\t\t\t\t\t<\/div>\n\t\t<\/div>\n\t\t\t\t\t<\/div>\n\t\t<\/section>\n\t\t\t\t\t<\/div>\n\t\t<\/div>\n\t\t\t\t\t<\/div>\n\t\t<\/section>\n\t\t\t\t<section class=\"elementor-section elementor-top-section elementor-element elementor-element-9c88a89 elementor-section-boxed elementor-section-height-default elementor-section-height-default\" data-id=\"9c88a89\" data-element_type=\"section\">\n\t\t\t\t\t\t<div class=\"elementor-container elementor-column-gap-default\">\n\t\t\t\t\t<div class=\"elementor-column elementor-col-100 elementor-top-column elementor-element elementor-element-78cf5d1\" data-id=\"78cf5d1\" data-element_type=\"column\">\n\t\t\t<div class=\"elementor-widget-wrap elementor-element-populated\">\n\t\t\t\t\t\t<div class=\"elementor-element elementor-element-ea2a5c1 elementor-widget elementor-widget-heading\" data-id=\"ea2a5c1\" data-element_type=\"widget\" data-widget_type=\"heading.default\">\n\t\t\t\t<div class=\"elementor-widget-container\">\n\t\t\t\t\t<h2 class=\"elementor-heading-title elementor-size-default\">Construir la cooperaci\u00f3n europea: un mecanismo para trabajar juntos<\/h2>\t\t\t\t<\/div>\n\t\t\t\t<\/div>\n\t\t\t\t<section class=\"elementor-section elementor-inner-section elementor-element elementor-element-2666eee elementor-section-boxed elementor-section-height-default elementor-section-height-default\" data-id=\"2666eee\" data-element_type=\"section\">\n\t\t\t\t\t\t<div class=\"elementor-container elementor-column-gap-default\">\n\t\t\t\t\t<div class=\"elementor-column elementor-col-100 elementor-inner-column elementor-element elementor-element-96e0fa0\" data-id=\"96e0fa0\" data-element_type=\"column\">\n\t\t\t<div class=\"elementor-widget-wrap elementor-element-populated\">\n\t\t\t\t\t\t<div class=\"elementor-element elementor-element-e305eee elementor-widget elementor-widget-text-editor\" data-id=\"e305eee\" data-element_type=\"widget\" data-widget_type=\"text-editor.default\">\n\t\t\t\t<div class=\"elementor-widget-container\">\n\t\t\t\t\t\t\t\t\t<p><span style=\"font-weight: 400;\">Una idea fuerte surgi\u00f3 varias veces: para utilizar los fondos europeos, hay que tener las competencias necesarias.<\/span><span style=\"font-weight: 400;\"><br><\/span><span style=\"font-weight: 400;\">  El trabajo realizado con la Organizaci\u00f3n para la Cooperaci\u00f3n y el Desarrollo Econ\u00f3mico (OCDE) durante dieciocho meses ha puesto de manifiesto un verdadero reto: es necesario reforzar la coordinaci\u00f3n entre la Uni\u00f3n Europea, el Estado, la Regi\u00f3n y los agentes operativos para permitir un acceso m\u00e1s fluido a los fondos. Cuando uno de estos v\u00ednculos se debilita, todo el proceso se complica, sobre todo para las RUP y los PTU. <\/span><\/p>\t\t\t\t\t\t\t\t<\/div>\n\t\t\t\t<\/div>\n\t\t\t\t<div class=\"elementor-element elementor-element-c45c391 elementor-widget elementor-widget-text-editor\" data-id=\"c45c391\" data-element_type=\"widget\" data-widget_type=\"text-editor.default\">\n\t\t\t\t<div class=\"elementor-widget-container\">\n\t\t\t\t\t\t\t\t\t<p><span style=\"font-weight: 400;\">La caja de herramientas de la OCDE -ahora accesible a trav\u00e9s del Centre Europe Direct Antilles-Guyane (CEDAG)- se ha dise\u00f1ado para apoyar a los equipos locales, facilitar su trabajo y hacer m\u00e1s accesibles los programas europeos.<\/span><span style=\"font-weight: 400;\"><br><\/span><span style=\"font-weight: 400;\">La asociaci\u00f3n Bwa Lansan tambi\u00e9n comparti\u00f3 su experiencia, ilustrando c\u00f3mo el dominio gradual de los programas puede transformar el alcance de un proyecto y mejorar la cooperaci\u00f3n entre las RUP y los PTU.<\/span><\/p>\t\t\t\t\t\t\t\t<\/div>\n\t\t\t\t<\/div>\n\t\t\t\t\t<\/div>\n\t\t<\/div>\n\t\t\t\t\t<\/div>\n\t\t<\/section>\n\t\t\t\t\t<\/div>\n\t\t<\/div>\n\t\t\t\t\t<\/div>\n\t\t<\/section>\n\t\t\t\t<section class=\"elementor-section elementor-top-section elementor-element elementor-element-103aced elementor-section-boxed elementor-section-height-default elementor-section-height-default\" data-id=\"103aced\" data-element_type=\"section\">\n\t\t\t\t\t\t<div class=\"elementor-container elementor-column-gap-default\">\n\t\t\t\t\t<div class=\"elementor-column elementor-col-100 elementor-top-column elementor-element elementor-element-e34f9f4\" data-id=\"e34f9f4\" data-element_type=\"column\">\n\t\t\t<div class=\"elementor-widget-wrap elementor-element-populated\">\n\t\t\t\t\t\t<div class=\"elementor-element elementor-element-c643e86 elementor-widget elementor-widget-heading\" data-id=\"c643e86\" data-element_type=\"widget\" data-widget_type=\"heading.default\">\n\t\t\t\t<div class=\"elementor-widget-container\">\n\t\t\t\t\t<h2 class=\"elementor-heading-title elementor-size-default\">Din\u00e1mica caribe\u00f1a: donde confluyen Martinica y Cura\u00e7ao<\/h2>\t\t\t\t<\/div>\n\t\t\t\t<\/div>\n\t\t\t\t<div class=\"elementor-element elementor-element-f783f1a elementor-widget elementor-widget-text-editor\" data-id=\"f783f1a\" data-element_type=\"widget\" data-widget_type=\"text-editor.default\">\n\t\t\t\t<div class=\"elementor-widget-container\">\n\t\t\t\t\t\t\t\t\t<p><span style=\"font-weight: 400;\">A continuaci\u00f3n, los debates giraron en torno al lugar de Martinica y Cura\u00e7ao en \u00e1mbitos regionales como el Foro del Caribe del Grupo de Estados de \u00c1frica, el Caribe y el Pac\u00edfico (CARIFORUM) y la Comunidad del Caribe<a href=\"https:\/\/richeskarayib.com\/es\/cumbre-caricom-africa-2025-un-paso-decisivo-hacia-la-justicia-reparadora-y-la-unidad-transcontinental\/\" target=\"_blank\" rel=\"noopener\">(CARICOM<\/a>).<\/span><span style=\"font-weight: 400;\"><br><\/span><span style=\"font-weight: 400;\"> El Acuerdo de Asociaci\u00f3n Econ\u00f3mica entre la Uni\u00f3n Europea y el CARIFORUM abre un amplio abanico de perspectivas: movilidad de los j\u00f3venes, programas educativos, proyectos econ\u00f3micos o medioambientales, todos ellos \u00e1mbitos en los que las RUP y los PTU pueden encontrar puntos en com\u00fan.<\/span><\/p>\t\t\t\t\t\t\t\t<\/div>\n\t\t\t\t<\/div>\n\t\t\t\t<div class=\"elementor-element elementor-element-e9be53c elementor-widget elementor-widget-text-editor\" data-id=\"e9be53c\" data-element_type=\"widget\" data-widget_type=\"text-editor.default\">\n\t\t\t\t<div class=\"elementor-widget-container\">\n\t\t\t\t\t\t\t\t\t<p><span style=\"font-weight: 400;\">Martinica y Cura\u00e7ao son observadores de <a href=\"https:\/\/richeskarayib.com\/es\/cooperacion-entre-los-estados-miembros-de-la-caricom-4-paises-caribenos-alcanzan-un-hito-historico\/\" target=\"_blank\" rel=\"noopener\">la CARICOM<\/a>. Pueden asistir a las reuniones y participar en los debates, pero no tienen todas las prerrogativas. En el caso de Martinica, esta posici\u00f3n est\u00e1 a\u00fan pendiente de ratificaci\u00f3n por Francia, condici\u00f3n necesaria para que este estatuto sea plenamente operativo. Los debates pusieron de manifiesto la importancia de conocer mejor estos mecanismos para que las autoridades locales de Martinica puedan evaluar lo que estos espacios regionales pueden ofrecerles realmente.   <\/span><\/p>\t\t\t\t\t\t\t\t<\/div>\n\t\t\t\t<\/div>\n\t\t\t\t<section class=\"elementor-section elementor-inner-section elementor-element elementor-element-b2f427b elementor-section-boxed elementor-section-height-default elementor-section-height-default\" data-id=\"b2f427b\" data-element_type=\"section\">\n\t\t\t\t\t\t<div class=\"elementor-container elementor-column-gap-default\">\n\t\t\t\t\t<div class=\"elementor-column elementor-col-100 elementor-inner-column elementor-element elementor-element-20cc62a\" data-id=\"20cc62a\" data-element_type=\"column\">\n\t\t\t<div class=\"elementor-widget-wrap elementor-element-populated\">\n\t\t\t\t\t\t<div class=\"elementor-element elementor-element-a642b84 elementor-widget elementor-widget-image\" data-id=\"a642b84\" data-element_type=\"widget\" data-widget_type=\"image.default\">\n\t\t\t\t<div class=\"elementor-widget-container\">\n\t\t\t\t\t\t\t\t\t\t\t\t<figure class=\"wp-caption\">\n\t\t\t\t\t\t\t\t\t\t<img decoding=\"async\" width=\"800\" height=\"600\" src=\"https:\/\/richeskarayib.com\/wp-content\/uploads\/2025\/11\/\u00a9Europe-Direct-Antilles-Guyane-2-1024x768.jpg\" class=\"attachment-large size-large wp-image-65139\" alt=\"RUP et PTOM\" srcset=\"https:\/\/richeskarayib.com\/wp-content\/uploads\/2025\/11\/\u00a9Europe-Direct-Antilles-Guyane-2-1024x768.jpg 1024w, https:\/\/richeskarayib.com\/wp-content\/uploads\/2025\/11\/\u00a9Europe-Direct-Antilles-Guyane-2-300x225.jpg 300w, https:\/\/richeskarayib.com\/wp-content\/uploads\/2025\/11\/\u00a9Europe-Direct-Antilles-Guyane-2-768x576.jpg 768w, https:\/\/richeskarayib.com\/wp-content\/uploads\/2025\/11\/\u00a9Europe-Direct-Antilles-Guyane-2-1536x1152.jpg 1536w, https:\/\/richeskarayib.com\/wp-content\/uploads\/2025\/11\/\u00a9Europe-Direct-Antilles-Guyane-2-1320x990.jpg 1320w, https:\/\/richeskarayib.com\/wp-content\/uploads\/2025\/11\/\u00a9Europe-Direct-Antilles-Guyane-2.jpg 1600w\" sizes=\"(max-width: 800px) 100vw, 800px\" \/>\t\t\t\t\t\t\t\t\t\t\t<figcaption class=\"widget-image-caption wp-caption-text\">\u00a9Europe Direct Antilles-Guyane<\/figcaption>\n\t\t\t\t\t\t\t\t\t\t<\/figure>\n\t\t\t\t\t\t\t\t\t<\/div>\n\t\t\t\t<\/div>\n\t\t\t\t\t<\/div>\n\t\t<\/div>\n\t\t\t\t\t<\/div>\n\t\t<\/section>\n\t\t\t\t\t<\/div>\n\t\t<\/div>\n\t\t\t\t\t<\/div>\n\t\t<\/section>\n\t\t\t\t<section class=\"elementor-section elementor-top-section elementor-element elementor-element-bd9a629 elementor-section-boxed elementor-section-height-default elementor-section-height-default\" data-id=\"bd9a629\" data-element_type=\"section\">\n\t\t\t\t\t\t<div class=\"elementor-container elementor-column-gap-default\">\n\t\t\t\t\t<div class=\"elementor-column elementor-col-100 elementor-top-column elementor-element elementor-element-a702f0c\" data-id=\"a702f0c\" data-element_type=\"column\">\n\t\t\t<div class=\"elementor-widget-wrap elementor-element-populated\">\n\t\t\t\t\t\t<div class=\"elementor-element elementor-element-ff1079c elementor-widget elementor-widget-heading\" data-id=\"ff1079c\" data-element_type=\"widget\" data-widget_type=\"heading.default\">\n\t\t\t\t<div class=\"elementor-widget-container\">\n\t\t\t\t\t<h2 class=\"elementor-heading-title elementor-size-default\">Una jornada de intercambios sinceros y preguntas compartidas\n<\/h2>\t\t\t\t<\/div>\n\t\t\t\t<\/div>\n\t\t\t\t<div class=\"elementor-element elementor-element-21de74f elementor-widget elementor-widget-text-editor\" data-id=\"21de74f\" data-element_type=\"widget\" data-widget_type=\"text-editor.default\">\n\t\t\t\t<div class=\"elementor-widget-container\">\n\t\t\t\t\t\t\t\t\t<p><span style=\"font-weight: 400;\">Cuando los participantes tomaron la palabra, las presentaciones revelaron un mosaico de procedencias: funcionarios de autoridades locales, agentes tur\u00edsticos, dirigentes de asociaciones, profesionales de la movilidad internacional. Todos compart\u00edan el mismo deseo: forjar v\u00ednculos m\u00e1s fuertes entre los territorios caribe\u00f1os, a pesar de las fronteras administrativas, las lenguas diferentes y los estatus divergentes. <\/span><\/p>\t\t\t\t\t\t\t\t<\/div>\n\t\t\t\t<\/div>\n\t\t\t\t<div class=\"elementor-element elementor-element-dfb40e0 elementor-widget elementor-widget-text-editor\" data-id=\"dfb40e0\" data-element_type=\"widget\" data-widget_type=\"text-editor.default\">\n\t\t\t\t<div class=\"elementor-widget-container\">\n\t\t\t\t\t\t\t\t\t<p><span style=\"font-weight: 400;\">Varios participantes plantearon preguntas concretas, mientras que otros compartieron sus propias experiencias. Los debates se caracterizaron por su franqueza, lucidez y un deseo compartido de comprender c\u00f3mo podemos avanzar juntos de forma pr\u00e1ctica. <\/span><span style=\"font-weight: 400;\"><br><\/span><span style=\"font-weight: 400;\">  Esta din\u00e1mica colectiva ha dado cuerpo a la idea de que la cooperaci\u00f3n regional no es s\u00f3lo un principio institucional: se construye a partir de las voces, expectativas, necesidades y ambiciones de cada parte, y de la articulaci\u00f3n sutil de las realidades de las RUP y los PTU.<\/span><\/p>\t\t\t\t\t\t\t\t<\/div>\n\t\t\t\t<\/div>\n\t\t\t\t<section class=\"elementor-section elementor-inner-section elementor-element elementor-element-86d664c elementor-section-boxed elementor-section-height-default elementor-section-height-default\" data-id=\"86d664c\" data-element_type=\"section\">\n\t\t\t\t\t\t<div class=\"elementor-container elementor-column-gap-default\">\n\t\t\t\t\t<div class=\"elementor-column elementor-col-100 elementor-inner-column elementor-element elementor-element-759ac75\" data-id=\"759ac75\" data-element_type=\"column\">\n\t\t\t<div class=\"elementor-widget-wrap elementor-element-populated\">\n\t\t\t\t\t\t<div class=\"elementor-element elementor-element-e95c934 elementor-widget elementor-widget-image\" data-id=\"e95c934\" data-element_type=\"widget\" data-widget_type=\"image.default\">\n\t\t\t\t<div class=\"elementor-widget-container\">\n\t\t\t\t\t\t\t\t\t\t\t\t<figure class=\"wp-caption\">\n\t\t\t\t\t\t\t\t\t\t<img decoding=\"async\" width=\"800\" height=\"600\" src=\"https:\/\/richeskarayib.com\/wp-content\/uploads\/2025\/11\/586400941_18029972843735045_4002423847741557578_n-1024x768.jpg\" class=\"attachment-large size-large wp-image-65143\" alt=\"RUP et PTOM\" srcset=\"https:\/\/richeskarayib.com\/wp-content\/uploads\/2025\/11\/586400941_18029972843735045_4002423847741557578_n-1024x768.jpg 1024w, https:\/\/richeskarayib.com\/wp-content\/uploads\/2025\/11\/586400941_18029972843735045_4002423847741557578_n-300x225.jpg 300w, https:\/\/richeskarayib.com\/wp-content\/uploads\/2025\/11\/586400941_18029972843735045_4002423847741557578_n-768x576.jpg 768w, https:\/\/richeskarayib.com\/wp-content\/uploads\/2025\/11\/586400941_18029972843735045_4002423847741557578_n.jpg 1200w\" sizes=\"(max-width: 800px) 100vw, 800px\" \/>\t\t\t\t\t\t\t\t\t\t\t<figcaption class=\"widget-image-caption wp-caption-text\">\u00a9Europe Direct Antilles-Guyane<\/figcaption>\n\t\t\t\t\t\t\t\t\t\t<\/figure>\n\t\t\t\t\t\t\t\t\t<\/div>\n\t\t\t\t<\/div>\n\t\t\t\t\t<\/div>\n\t\t<\/div>\n\t\t\t\t\t<\/div>\n\t\t<\/section>\n\t\t\t\t\t<\/div>\n\t\t<\/div>\n\t\t\t\t\t<\/div>\n\t\t<\/section>\n\t\t\t\t<section class=\"elementor-section elementor-top-section elementor-element elementor-element-d69b08a elementor-section-boxed elementor-section-height-default elementor-section-height-default\" data-id=\"d69b08a\" data-element_type=\"section\">\n\t\t\t\t\t\t<div class=\"elementor-container elementor-column-gap-default\">\n\t\t\t\t\t<div class=\"elementor-column elementor-col-100 elementor-top-column elementor-element elementor-element-b14e027\" data-id=\"b14e027\" data-element_type=\"column\">\n\t\t\t<div class=\"elementor-widget-wrap elementor-element-populated\">\n\t\t\t\t\t\t<div class=\"elementor-element elementor-element-cc0b775 elementor-widget elementor-widget-heading\" data-id=\"cc0b775\" data-element_type=\"widget\" data-widget_type=\"heading.default\">\n\t\t\t\t<div class=\"elementor-widget-container\">\n\t\t\t\t\t<h2 class=\"elementor-heading-title elementor-size-default\">Un camino com\u00fan a escribir entre Europa y el Caribe<\/h2>\t\t\t\t<\/div>\n\t\t\t\t<\/div>\n\t\t\t\t<div class=\"elementor-element elementor-element-b015cd9 elementor-widget elementor-widget-text-editor\" data-id=\"b015cd9\" data-element_type=\"widget\" data-widget_type=\"text-editor.default\">\n\t\t\t\t<div class=\"elementor-widget-container\">\n\t\t\t\t\t\t\t\t\t<p><span style=\"font-weight: 400;\">A medida que se acercaba el final de la reuni\u00f3n, surgi\u00f3 una sensaci\u00f3n clara: Martinica y Cura\u00e7ao tienen un terreno f\u00e9rtil para desarrollar proyectos conjuntos. Movilidad, educaci\u00f3n, ecolog\u00eda, econom\u00eda local, innovaci\u00f3n, cultura&#8230; las posibilidades son numerosas, siempre que los territorios puedan movilizar las herramientas europeas y regionales de forma coherente, tal y como fomentan los mecanismos RUP y PTOM. <\/span><\/p>\t\t\t\t\t\t\t\t<\/div>\n\t\t\t\t<\/div>\n\t\t\t\t<div class=\"elementor-element elementor-element-2c668ea elementor-widget elementor-widget-text-editor\" data-id=\"2c668ea\" data-element_type=\"widget\" data-widget_type=\"text-editor.default\">\n\t\t\t\t<div class=\"elementor-widget-container\">\n\t\t\t\t\t\t\t\t\t<p><span style=\"font-weight: 400;\">Los debates del 19 de noviembre allanaron el camino.  <\/span><span style=\"font-weight: 400;\">Un camino en el que la colaboraci\u00f3n se hace posible, en el que los marcos europeos se hacen m\u00e1s claros, y en el que los territorios caribe\u00f1os encuentran espacios para encontrarse de una manera diferente.<\/span><\/p><p><span style=\"font-weight: 400;\">Ese d\u00eda, la cooperaci\u00f3n tom\u00f3 forma en las voces presentes, pero tambi\u00e9n en el deseo de prolongar estos intercambios m\u00e1s all\u00e1 de este encuentro, para construir una relaci\u00f3n duradera, adaptada a las realidades del Caribe y a las ambiciones de cada territorio, una din\u00e1mica valiosa en todas las relaciones OR-OCT.<\/span><\/p>\t\t\t\t\t\t\t\t<\/div>\n\t\t\t\t<\/div>\n\t\t\t\t<section class=\"elementor-section elementor-inner-section elementor-element elementor-element-c2cee19 elementor-section-boxed elementor-section-height-default elementor-section-height-default\" data-id=\"c2cee19\" data-element_type=\"section\">\n\t\t\t\t\t\t<div class=\"elementor-container elementor-column-gap-default\">\n\t\t\t\t\t<div class=\"elementor-column elementor-col-50 elementor-inner-column elementor-element elementor-element-e080f29\" data-id=\"e080f29\" data-element_type=\"column\">\n\t\t\t<div class=\"elementor-widget-wrap elementor-element-populated\">\n\t\t\t\t\t\t<div class=\"elementor-element elementor-element-73f9049 elementor-widget elementor-widget-image\" data-id=\"73f9049\" data-element_type=\"widget\" data-widget_type=\"image.default\">\n\t\t\t\t<div class=\"elementor-widget-container\">\n\t\t\t\t\t\t\t\t\t\t\t\t\t\t\t<img loading=\"lazy\" decoding=\"async\" width=\"800\" height=\"370\" src=\"https:\/\/richeskarayib.com\/wp-content\/uploads\/2025\/11\/WhatsApp-Image-2025-11-21-a-07.33.57_ee6cbb52-1024x473.jpg\" class=\"attachment-large size-large wp-image-65158\" alt=\"RUP et PTOM\" srcset=\"https:\/\/richeskarayib.com\/wp-content\/uploads\/2025\/11\/WhatsApp-Image-2025-11-21-a-07.33.57_ee6cbb52-1024x473.jpg 1024w, https:\/\/richeskarayib.com\/wp-content\/uploads\/2025\/11\/WhatsApp-Image-2025-11-21-a-07.33.57_ee6cbb52-300x139.jpg 300w, https:\/\/richeskarayib.com\/wp-content\/uploads\/2025\/11\/WhatsApp-Image-2025-11-21-a-07.33.57_ee6cbb52-768x355.jpg 768w, https:\/\/richeskarayib.com\/wp-content\/uploads\/2025\/11\/WhatsApp-Image-2025-11-21-a-07.33.57_ee6cbb52-1536x709.jpg 1536w, https:\/\/richeskarayib.com\/wp-content\/uploads\/2025\/11\/WhatsApp-Image-2025-11-21-a-07.33.57_ee6cbb52-1320x610.jpg 1320w, https:\/\/richeskarayib.com\/wp-content\/uploads\/2025\/11\/WhatsApp-Image-2025-11-21-a-07.33.57_ee6cbb52.jpg 1600w\" sizes=\"(max-width: 800px) 100vw, 800px\" \/>\t\t\t\t\t\t\t\t\t\t\t\t\t\t\t<\/div>\n\t\t\t\t<\/div>\n\t\t\t\t\t<\/div>\n\t\t<\/div>\n\t\t\t\t<div class=\"elementor-column elementor-col-50 elementor-inner-column elementor-element elementor-element-9fd9bda\" data-id=\"9fd9bda\" data-element_type=\"column\">\n\t\t\t<div class=\"elementor-widget-wrap elementor-element-populated\">\n\t\t\t\t\t\t<div class=\"elementor-element elementor-element-3a7710c elementor-widget elementor-widget-image\" data-id=\"3a7710c\" data-element_type=\"widget\" data-widget_type=\"image.default\">\n\t\t\t\t<div class=\"elementor-widget-container\">\n\t\t\t\t\t\t\t\t\t\t\t\t\t\t\t<img loading=\"lazy\" decoding=\"async\" width=\"800\" height=\"370\" src=\"https:\/\/richeskarayib.com\/wp-content\/uploads\/2025\/11\/WhatsApp-Image-2025-11-21-a-07.33.58_b177c296-1024x473.jpg\" class=\"attachment-large size-large wp-image-65162\" alt=\"RUP et PTOM\" srcset=\"https:\/\/richeskarayib.com\/wp-content\/uploads\/2025\/11\/WhatsApp-Image-2025-11-21-a-07.33.58_b177c296-1024x473.jpg 1024w, https:\/\/richeskarayib.com\/wp-content\/uploads\/2025\/11\/WhatsApp-Image-2025-11-21-a-07.33.58_b177c296-300x139.jpg 300w, https:\/\/richeskarayib.com\/wp-content\/uploads\/2025\/11\/WhatsApp-Image-2025-11-21-a-07.33.58_b177c296-768x355.jpg 768w, https:\/\/richeskarayib.com\/wp-content\/uploads\/2025\/11\/WhatsApp-Image-2025-11-21-a-07.33.58_b177c296-1536x709.jpg 1536w, https:\/\/richeskarayib.com\/wp-content\/uploads\/2025\/11\/WhatsApp-Image-2025-11-21-a-07.33.58_b177c296-1320x610.jpg 1320w, https:\/\/richeskarayib.com\/wp-content\/uploads\/2025\/11\/WhatsApp-Image-2025-11-21-a-07.33.58_b177c296.jpg 1600w\" sizes=\"(max-width: 800px) 100vw, 800px\" \/>\t\t\t\t\t\t\t\t\t\t\t\t\t\t\t<\/div>\n\t\t\t\t<\/div>\n\t\t\t\t\t<\/div>\n\t\t<\/div>\n\t\t\t\t\t<\/div>\n\t\t<\/section>\n\t\t\t\t\t<\/div>\n\t\t<\/div>\n\t\t\t\t\t<\/div>\n\t\t<\/section>\n\t\t\t\t<section class=\"elementor-section elementor-top-section elementor-element elementor-element-5c7af3f elementor-section-boxed elementor-section-height-default elementor-section-height-default\" data-id=\"5c7af3f\" data-element_type=\"section\">\n\t\t\t\t\t\t<div class=\"elementor-container elementor-column-gap-default\">\n\t\t\t\t\t<div class=\"elementor-column elementor-col-100 elementor-top-column elementor-element elementor-element-ae4c881\" data-id=\"ae4c881\" data-element_type=\"column\">\n\t\t\t<div class=\"elementor-widget-wrap elementor-element-populated\">\n\t\t\t\t\t\t<div class=\"elementor-element elementor-element-53b0174 elementor-widget elementor-widget-heading\" data-id=\"53b0174\" data-element_type=\"widget\" data-widget_type=\"heading.default\">\n\t\t\t\t<div class=\"elementor-widget-container\">\n\t\t\t\t\t<h2 class=\"elementor-heading-title elementor-size-default\">  FAQ - RUP y PTU en la regi\u00f3n del Caribe<\/h2>\t\t\t\t<\/div>\n\t\t\t\t<\/div>\n\t\t\t\t<section class=\"elementor-section elementor-inner-section elementor-element elementor-element-6f82d93 elementor-section-boxed elementor-section-height-default elementor-section-height-default\" data-id=\"6f82d93\" data-element_type=\"section\">\n\t\t\t\t\t\t<div class=\"elementor-container elementor-column-gap-default\">\n\t\t\t\t\t<div class=\"elementor-column elementor-col-100 elementor-inner-column elementor-element elementor-element-451f0a7\" data-id=\"451f0a7\" data-element_type=\"column\">\n\t\t\t<div class=\"elementor-widget-wrap elementor-element-populated\">\n\t\t\t\t\t\t<div class=\"elementor-element elementor-element-f9a1d5a elementor-widget elementor-widget-accordion\" data-id=\"f9a1d5a\" data-element_type=\"widget\" data-widget_type=\"accordion.default\">\n\t\t\t\t<div class=\"elementor-widget-container\">\n\t\t\t\t\t\t\t<div class=\"elementor-accordion\">\n\t\t\t\t\t\t\t<div class=\"elementor-accordion-item\">\n\t\t\t\t\t<div id=\"elementor-tab-title-2611\" class=\"elementor-tab-title\" data-tab=\"1\" role=\"button\" aria-controls=\"elementor-tab-content-2611\" aria-expanded=\"false\">\n\t\t\t\t\t\t\t\t\t\t\t\t\t<span class=\"elementor-accordion-icon elementor-accordion-icon-left\" aria-hidden=\"true\">\n\t\t\t\t\t\t\t\t\t\t\t\t\t\t\t<span class=\"elementor-accordion-icon-closed\"><i class=\"fas fa-plus\"><\/i><\/span>\n\t\t\t\t\t\t\t\t<span class=\"elementor-accordion-icon-opened\"><i class=\"fas fa-minus\"><\/i><\/span>\n\t\t\t\t\t\t\t\t\t\t\t\t\t\t<\/span>\n\t\t\t\t\t\t\t\t\t\t\t\t<a class=\"elementor-accordion-title\" tabindex=\"0\">1. \u00bfCu\u00e1l es la diferencia entre un quir\u00f3fano y un OCT?<\/a>\n\t\t\t\t\t<\/div>\n\t\t\t\t\t<div id=\"elementor-tab-content-2611\" class=\"elementor-tab-content elementor-clearfix\" data-tab=\"1\" role=\"region\" aria-labelledby=\"elementor-tab-title-2611\"><p>Las Regiones Ultraperif\u00e9ricas (RUP) forman parte de pleno derecho de la Uni\u00f3n Europea y aplican la legislaci\u00f3n europea, con adaptaciones debidas a su insularidad. En cambio, los Pa\u00edses y Territorios de Ultramar (PTU) no forman parte de la Uni\u00f3n Europea, pero gozan de un estatuto preferente que permite una cooperaci\u00f3n m\u00e1s estrecha, sobre todo en los \u00e1mbitos econ\u00f3mico y educativo. <\/p>\n<\/div>\n\t\t\t\t<\/div>\n\t\t\t\t\t\t\t<div class=\"elementor-accordion-item\">\n\t\t\t\t\t<div id=\"elementor-tab-title-2612\" class=\"elementor-tab-title\" data-tab=\"2\" role=\"button\" aria-controls=\"elementor-tab-content-2612\" aria-expanded=\"false\">\n\t\t\t\t\t\t\t\t\t\t\t\t\t<span class=\"elementor-accordion-icon elementor-accordion-icon-left\" aria-hidden=\"true\">\n\t\t\t\t\t\t\t\t\t\t\t\t\t\t\t<span class=\"elementor-accordion-icon-closed\"><i class=\"fas fa-plus\"><\/i><\/span>\n\t\t\t\t\t\t\t\t<span class=\"elementor-accordion-icon-opened\"><i class=\"fas fa-minus\"><\/i><\/span>\n\t\t\t\t\t\t\t\t\t\t\t\t\t\t<\/span>\n\t\t\t\t\t\t\t\t\t\t\t\t<a class=\"elementor-accordion-title\" tabindex=\"0\">2. \u00bfPor qu\u00e9 es importante la cooperaci\u00f3n entre Martinica y Cura\u00e7ao?<\/a>\n\t\t\t\t\t<\/div>\n\t\t\t\t\t<div id=\"elementor-tab-content-2612\" class=\"elementor-tab-content elementor-clearfix\" data-tab=\"2\" role=\"region\" aria-labelledby=\"elementor-tab-title-2612\"><p>Martinica, como RUP, y Cura\u00e7ao, como PTU, comparten retos comunes: movilidad de los j\u00f3venes, transici\u00f3n ecol\u00f3gica, econom\u00eda local, educaci\u00f3n e innovaci\u00f3n. Su cooperaci\u00f3n permite utilizar las herramientas europeas y caribe\u00f1as de forma complementaria, abriendo perspectivas regionales hasta ahora poco explotadas. <\/p>\n<\/div>\n\t\t\t\t<\/div>\n\t\t\t\t\t\t\t<div class=\"elementor-accordion-item\">\n\t\t\t\t\t<div id=\"elementor-tab-title-2613\" class=\"elementor-tab-title\" data-tab=\"3\" role=\"button\" aria-controls=\"elementor-tab-content-2613\" aria-expanded=\"false\">\n\t\t\t\t\t\t\t\t\t\t\t\t\t<span class=\"elementor-accordion-icon elementor-accordion-icon-left\" aria-hidden=\"true\">\n\t\t\t\t\t\t\t\t\t\t\t\t\t\t\t<span class=\"elementor-accordion-icon-closed\"><i class=\"fas fa-plus\"><\/i><\/span>\n\t\t\t\t\t\t\t\t<span class=\"elementor-accordion-icon-opened\"><i class=\"fas fa-minus\"><\/i><\/span>\n\t\t\t\t\t\t\t\t\t\t\t\t\t\t<\/span>\n\t\t\t\t\t\t\t\t\t\t\t\t<a class=\"elementor-accordion-title\" tabindex=\"0\">3. \u00bfQu\u00e9 papel desempe\u00f1an los programas europeos en la cooperaci\u00f3n entre las RUP y los PTU?<\/a>\n\t\t\t\t\t<\/div>\n\t\t\t\t\t<div id=\"elementor-tab-content-2613\" class=\"elementor-tab-content elementor-clearfix\" data-tab=\"3\" role=\"region\" aria-labelledby=\"elementor-tab-title-2613\"><p>Los programas europeos -movilidad, formaci\u00f3n, asociaciones, programas regionales- ofrecen a las RUP y los PTU oportunidades concretas de colaboraci\u00f3n. El conjunto de herramientas desarrollado con la Organizaci\u00f3n para la Cooperaci\u00f3n y el Desarrollo Econ\u00f3mico (OCDE) ayuda a los agentes de los territorios a aprovechar mejor estos programas. <\/p>\n<\/div>\n\t\t\t\t<\/div>\n\t\t\t\t\t\t\t\t<\/div>\n\t\t\t\t\t\t<\/div>\n\t\t\t\t<\/div>\n\t\t\t\t\t<\/div>\n\t\t<\/div>\n\t\t\t\t\t<\/div>\n\t\t<\/section>\n\t\t\t\t\t<\/div>\n\t\t<\/div>\n\t\t\t\t\t<\/div>\n\t\t<\/section>\n\t\t\t\t<\/div>\n\t\t","protected":false},"excerpt":{"rendered":"<p>El 19 de noviembre, el Centro Europe Direct Antillas-Guyana (CEDAG), en colaboraci\u00f3n con COMOB Martinica y DRAJES Martinica, organiz\u00f3 dos sesiones de debate con motivo de la visita de Flora Goudappel, especialista en derecho constitucional europeo y representante de Europe Direct Cura\u00e7ao. El objetivo de la reuni\u00f3n era conocer mejor los v\u00ednculos entre las Regiones [&hellip;]<\/p>\n","protected":false},"author":662,"featured_media":65131,"comment_status":"open","ping_status":"open","sticky":false,"template":"","format":"standard","meta":{"_acf_changed":false,"footnotes":""},"categories":[1791],"tags":[1652,816],"class_list":["post-65145","post","type-post","status-publish","format-standard","has-post-thumbnail","hentry","category-cooperacion","tag-curacao-es","tag-martinique-es"],"acf":[],"_links":{"self":[{"href":"https:\/\/richeskarayib.com\/es\/wp-json\/wp\/v2\/posts\/65145","targetHints":{"allow":["GET"]}}],"collection":[{"href":"https:\/\/richeskarayib.com\/es\/wp-json\/wp\/v2\/posts"}],"about":[{"href":"https:\/\/richeskarayib.com\/es\/wp-json\/wp\/v2\/types\/post"}],"author":[{"embeddable":true,"href":"https:\/\/richeskarayib.com\/es\/wp-json\/wp\/v2\/users\/662"}],"replies":[{"embeddable":true,"href":"https:\/\/richeskarayib.com\/es\/wp-json\/wp\/v2\/comments?post=65145"}],"version-history":[{"count":0,"href":"https:\/\/richeskarayib.com\/es\/wp-json\/wp\/v2\/posts\/65145\/revisions"}],"wp:featuredmedia":[{"embeddable":true,"href":"https:\/\/richeskarayib.com\/es\/wp-json\/wp\/v2\/media\/65131"}],"wp:attachment":[{"href":"https:\/\/richeskarayib.com\/es\/wp-json\/wp\/v2\/media?parent=65145"}],"wp:term":[{"taxonomy":"category","embeddable":true,"href":"https:\/\/richeskarayib.com\/es\/wp-json\/wp\/v2\/categories?post=65145"},{"taxonomy":"post_tag","embeddable":true,"href":"https:\/\/richeskarayib.com\/es\/wp-json\/wp\/v2\/tags?post=65145"}],"curies":[{"name":"wp","href":"https:\/\/api.w.org\/{rel}","templated":true}]}}