{"id":65308,"date":"2025-11-24T13:52:56","date_gmt":"2025-11-24T17:52:56","guid":{"rendered":"https:\/\/richeskarayib.com\/festival-en-pays-reve-tiempo-suspendido-abre-un-dialogo-sobre-las-guerras-y-su-legado\/"},"modified":"2025-11-24T13:52:57","modified_gmt":"2025-11-24T17:52:57","slug":"festival-en-pays-reve-tiempo-suspendido-abre-un-dialogo-sobre-las-guerras-y-su-legado","status":"publish","type":"post","link":"https:\/\/richeskarayib.com\/es\/festival-en-pays-reve-tiempo-suspendido-abre-un-dialogo-sobre-las-guerras-y-su-legado\/","title":{"rendered":"Festival en Pays R\u00eav\u00e9: &#8220;Tiempo Suspendido&#8221; abre un di\u00e1logo sobre las guerras y su legado"},"content":{"rendered":"\t\t<div data-elementor-type=\"wp-post\" data-elementor-id=\"65308\" class=\"elementor elementor-65308 elementor-65261\" data-elementor-post-type=\"post\">\n\t\t\t\t\t\t<section class=\"elementor-section elementor-top-section elementor-element elementor-element-7ca7ca1 elementor-section-boxed elementor-section-height-default elementor-section-height-default\" data-id=\"7ca7ca1\" data-element_type=\"section\">\n\t\t\t\t\t\t<div class=\"elementor-container elementor-column-gap-default\">\n\t\t\t\t\t<div class=\"elementor-column elementor-col-100 elementor-top-column elementor-element elementor-element-cbdd002\" data-id=\"cbdd002\" data-element_type=\"column\">\n\t\t\t<div class=\"elementor-widget-wrap elementor-element-populated\">\n\t\t\t\t\t\t<section class=\"elementor-section elementor-inner-section elementor-element elementor-element-bc94849 elementor-section-boxed elementor-section-height-default elementor-section-height-default\" data-id=\"bc94849\" data-element_type=\"section\">\n\t\t\t\t\t\t<div class=\"elementor-container elementor-column-gap-default\">\n\t\t\t\t\t\t<\/div>\n\t\t<\/section>\n\t\t\t\t<section class=\"elementor-section elementor-inner-section elementor-element elementor-element-61571e6 elementor-section-boxed elementor-section-height-default elementor-section-height-default\" data-id=\"61571e6\" data-element_type=\"section\">\n\t\t\t\t\t\t<div class=\"elementor-container elementor-column-gap-default\">\n\t\t\t\t\t\t<\/div>\n\t\t<\/section>\n\t\t\t\t<section class=\"elementor-section elementor-inner-section elementor-element elementor-element-b6262e0 elementor-section-boxed elementor-section-height-default elementor-section-height-default\" data-id=\"b6262e0\" data-element_type=\"section\">\n\t\t\t\t\t\t<div class=\"elementor-container elementor-column-gap-default\">\n\t\t\t\t\t\t<\/div>\n\t\t<\/section>\n\t\t\t\t<section class=\"elementor-section elementor-inner-section elementor-element elementor-element-cca29fd elementor-section-boxed elementor-section-height-default elementor-section-height-default\" data-id=\"cca29fd\" data-element_type=\"section\">\n\t\t\t\t\t\t<div class=\"elementor-container elementor-column-gap-default\">\n\t\t\t\t\t\t<\/div>\n\t\t<\/section>\n\t\t\t\t\t<\/div>\n\t\t<\/div>\n\t\t\t\t\t<\/div>\n\t\t<\/section>\n\t\t\t\t<section class=\"elementor-section elementor-top-section elementor-element elementor-element-5a7397d elementor-section-boxed elementor-section-height-default elementor-section-height-default\" data-id=\"5a7397d\" data-element_type=\"section\">\n\t\t\t\t\t\t<div class=\"elementor-container elementor-column-gap-default\">\n\t\t\t\t\t<div class=\"elementor-column elementor-col-100 elementor-top-column elementor-element elementor-element-e0e155e\" data-id=\"e0e155e\" data-element_type=\"column\">\n\t\t\t<div class=\"elementor-widget-wrap elementor-element-populated\">\n\t\t\t\t\t\t<div class=\"elementor-element elementor-element-43a45ac elementor-widget elementor-widget-text-editor\" data-id=\"43a45ac\" data-element_type=\"widget\" data-widget_type=\"text-editor.default\">\n\t\t\t\t<div class=\"elementor-widget-container\">\n\t\t\t\t\t\t\t\t\t<p><span style=\"font-weight: 400;\">El 21 de noviembre de 2025, en la Direction des Affaires culturelles de Martinica, la velada <a href=\"https:\/\/festivalenpaysreve.fr\/\" target=\"_blank\" rel=\"noopener nofollow\">del Festival en Pays R\u00eav\u00e9<\/a> dedicada al &#8220;Tiempo Suspendido&#8221; ofreci\u00f3 un momento de gran profundidad.<\/span><span style=\"font-weight: 400;\"><br><\/span><span style=\"font-weight: 400;\"> Impulsado por la visi\u00f3n de <a href=\"https:\/\/www.instagram.com\/viktor_lazlo\/?hl=fr\" target=\"_blank\" rel=\"noopener nofollow\">Viktor Lazlo<\/a>, organizador y director art\u00edstico del festival, el acto reuni\u00f3 a Dorcy Rugamba y Olivier Norek, dos voces que exploran cada una a su manera la forma en que las historias personales chocan con las tragedias colectivas.<\/span><\/p><p><span style=\"font-weight: 400;\">En el marco del Festival en Pays R\u00eav\u00e9, los dos autores se reunieron con un p\u00fablico atento que hab\u00eda venido a Martinica para disfrutar de un aut\u00e9ntico encuentro literario.<\/span><\/p>\t\t\t\t\t\t\t\t<\/div>\n\t\t\t\t<\/div>\n\t\t\t\t\t<\/div>\n\t\t<\/div>\n\t\t\t\t\t<\/div>\n\t\t<\/section>\n\t\t\t\t<section class=\"elementor-section elementor-top-section elementor-element elementor-element-ceca32c elementor-section-boxed elementor-section-height-default elementor-section-height-default\" data-id=\"ceca32c\" data-element_type=\"section\">\n\t\t\t\t\t\t<div class=\"elementor-container elementor-column-gap-default\">\n\t\t\t\t\t<div class=\"elementor-column elementor-col-100 elementor-top-column elementor-element elementor-element-5a2e383\" data-id=\"5a2e383\" data-element_type=\"column\">\n\t\t\t<div class=\"elementor-widget-wrap elementor-element-populated\">\n\t\t\t\t\t\t<div class=\"elementor-element elementor-element-6cedf5f elementor-widget elementor-widget-heading\" data-id=\"6cedf5f\" data-element_type=\"widget\" data-widget_type=\"heading.default\">\n\t\t\t\t<div class=\"elementor-widget-container\">\n\t\t\t\t\t<h2 class=\"elementor-heading-title elementor-size-default\">Dorcy Rugamba: escribir para que los ausentes no se desvanezcan<\/h2>\t\t\t\t<\/div>\n\t\t\t\t<\/div>\n\t\t\t\t<section class=\"elementor-section elementor-inner-section elementor-element elementor-element-2e21925 elementor-section-boxed elementor-section-height-default elementor-section-height-default\" data-id=\"2e21925\" data-element_type=\"section\">\n\t\t\t\t\t\t<div class=\"elementor-container elementor-column-gap-default\">\n\t\t\t\t\t<div class=\"elementor-column elementor-col-100 elementor-inner-column elementor-element elementor-element-a78a242\" data-id=\"a78a242\" data-element_type=\"column\">\n\t\t\t<div class=\"elementor-widget-wrap elementor-element-populated\">\n\t\t\t\t\t\t<div class=\"elementor-element elementor-element-e93d1fb elementor-widget elementor-widget-text-editor\" data-id=\"e93d1fb\" data-element_type=\"widget\" data-widget_type=\"text-editor.default\">\n\t\t\t\t<div class=\"elementor-widget-container\">\n\t\t\t\t\t\t\t\t\t<p><span style=\"font-weight: 400;\">A <a href=\"https:\/\/www.instagram.com\/rugambadorcy\/\" target=\"_blank\" rel=\"noopener nofollow\">Dorcy Rugamba<\/a>, escribir Hewa Rwanda, lettres aux absents le llev\u00f3 mucho tiempo.<\/span><span style=\"font-weight: 400;\"><br><\/span><span style=\"font-weight: 400;\">Durante treinta a\u00f1os, hab\u00eda sido incapaz de poner en palabras la intimidad de su familia perdida.<\/span><span style=\"font-weight: 400;\"><br><\/span><span style=\"font-weight: 400;\"> En el Festival en Pays R\u00eav\u00e9 de esta tarde, explica que, en las historias sobre Ruanda, las v\u00edctimas se convert\u00edan en figuras, mientras que los verdugos ocupaban todo el espacio.<\/span><\/p>\t\t\t\t\t\t\t\t<\/div>\n\t\t\t\t<\/div>\n\t\t\t\t<div class=\"elementor-element elementor-element-7d4d079 elementor-widget elementor-widget-image\" data-id=\"7d4d079\" data-element_type=\"widget\" data-widget_type=\"image.default\">\n\t\t\t\t<div class=\"elementor-widget-container\">\n\t\t\t\t\t\t\t\t\t\t\t\t\t\t\t<img fetchpriority=\"high\" decoding=\"async\" width=\"800\" height=\"450\" src=\"https:\/\/richeskarayib.com\/wp-content\/uploads\/2025\/11\/WhatsApp-Image-2025-11-24-a-06.12.41_40d728e0-1024x576.jpg\" class=\"attachment-large size-large wp-image-65273\" alt=\"Festival en Pays R\u00eav\u00e9\" srcset=\"https:\/\/richeskarayib.com\/wp-content\/uploads\/2025\/11\/WhatsApp-Image-2025-11-24-a-06.12.41_40d728e0-1024x576.jpg 1024w, https:\/\/richeskarayib.com\/wp-content\/uploads\/2025\/11\/WhatsApp-Image-2025-11-24-a-06.12.41_40d728e0-300x169.jpg 300w, https:\/\/richeskarayib.com\/wp-content\/uploads\/2025\/11\/WhatsApp-Image-2025-11-24-a-06.12.41_40d728e0-768x432.jpg 768w, https:\/\/richeskarayib.com\/wp-content\/uploads\/2025\/11\/WhatsApp-Image-2025-11-24-a-06.12.41_40d728e0-1536x864.jpg 1536w, https:\/\/richeskarayib.com\/wp-content\/uploads\/2025\/11\/WhatsApp-Image-2025-11-24-a-06.12.41_40d728e0-1320x743.jpg 1320w, https:\/\/richeskarayib.com\/wp-content\/uploads\/2025\/11\/WhatsApp-Image-2025-11-24-a-06.12.41_40d728e0.jpg 1600w\" sizes=\"(max-width: 800px) 100vw, 800px\" \/>\t\t\t\t\t\t\t\t\t\t\t\t\t\t\t<\/div>\n\t\t\t\t<\/div>\n\t\t\t\t<div class=\"elementor-element elementor-element-8b1d1c3 elementor-widget elementor-widget-text-editor\" data-id=\"8b1d1c3\" data-element_type=\"widget\" data-widget_type=\"text-editor.default\">\n\t\t\t\t<div class=\"elementor-widget-container\">\n\t\t\t\t\t\t\t\t\t<p><span style=\"font-weight: 400;\">Para \u00e9l, escribir se ha convertido en un acto de restituci\u00f3n: devolver a sus seres queridos sus voces, sus gestos, sus sue\u00f1os, su humanidad.<\/span><span style=\"font-weight: 400;\"><br><\/span><span style=\"font-weight: 400;\">Tambi\u00e9n es una forma de transmitir a tus hijos una historia contada por un padre, en lugar de fr\u00edas historias del exterior.<\/span><\/p><p><span style=\"font-weight: 400;\">La poes\u00eda de su padre fue su ancla. Es un recuerdo vivo que lleva consigo, y que le ha acompa\u00f1ado a lo largo de este Festival en Pays R\u00eav\u00e9, en un momento en que las palabras reaparecen por fin en su verdadera forma. <\/span><\/p>\t\t\t\t\t\t\t\t<\/div>\n\t\t\t\t<\/div>\n\t\t\t\t\t<\/div>\n\t\t<\/div>\n\t\t\t\t\t<\/div>\n\t\t<\/section>\n\t\t\t\t<section class=\"elementor-section elementor-inner-section elementor-element elementor-element-787b8b5 elementor-section-boxed elementor-section-height-default elementor-section-height-default\" data-id=\"787b8b5\" data-element_type=\"section\">\n\t\t\t\t\t\t<div class=\"elementor-container elementor-column-gap-default\">\n\t\t\t\t\t<div class=\"elementor-column elementor-col-100 elementor-inner-column elementor-element elementor-element-129c963\" data-id=\"129c963\" data-element_type=\"column\">\n\t\t\t<div class=\"elementor-widget-wrap elementor-element-populated\">\n\t\t\t\t\t\t<div class=\"elementor-element elementor-element-de5099b elementor-widget elementor-widget-image\" data-id=\"de5099b\" data-element_type=\"widget\" data-widget_type=\"image.default\">\n\t\t\t\t<div class=\"elementor-widget-container\">\n\t\t\t\t\t\t\t\t\t\t\t\t\t\t\t<img decoding=\"async\" width=\"800\" height=\"600\" src=\"https:\/\/richeskarayib.com\/wp-content\/uploads\/2025\/11\/WhatsApp-Image-2025-11-24-a-06.25.49_37d99e23-1024x768.jpg\" class=\"attachment-large size-large wp-image-65281\" alt=\"Festival en Pays R\u00eav\u00e9\" srcset=\"https:\/\/richeskarayib.com\/wp-content\/uploads\/2025\/11\/WhatsApp-Image-2025-11-24-a-06.25.49_37d99e23-1024x768.jpg 1024w, https:\/\/richeskarayib.com\/wp-content\/uploads\/2025\/11\/WhatsApp-Image-2025-11-24-a-06.25.49_37d99e23-300x225.jpg 300w, https:\/\/richeskarayib.com\/wp-content\/uploads\/2025\/11\/WhatsApp-Image-2025-11-24-a-06.25.49_37d99e23-768x576.jpg 768w, https:\/\/richeskarayib.com\/wp-content\/uploads\/2025\/11\/WhatsApp-Image-2025-11-24-a-06.25.49_37d99e23.jpg 1280w\" sizes=\"(max-width: 800px) 100vw, 800px\" \/>\t\t\t\t\t\t\t\t\t\t\t\t\t\t\t<\/div>\n\t\t\t\t<\/div>\n\t\t\t\t\t<\/div>\n\t\t<\/div>\n\t\t\t\t\t<\/div>\n\t\t<\/section>\n\t\t\t\t\t<\/div>\n\t\t<\/div>\n\t\t\t\t\t<\/div>\n\t\t<\/section>\n\t\t\t\t<section class=\"elementor-section elementor-top-section elementor-element elementor-element-9c88a89 elementor-section-boxed elementor-section-height-default elementor-section-height-default\" data-id=\"9c88a89\" data-element_type=\"section\">\n\t\t\t\t\t\t<div class=\"elementor-container elementor-column-gap-default\">\n\t\t\t\t\t<div class=\"elementor-column elementor-col-100 elementor-top-column elementor-element elementor-element-78cf5d1\" data-id=\"78cf5d1\" data-element_type=\"column\">\n\t\t\t<div class=\"elementor-widget-wrap elementor-element-populated\">\n\t\t\t\t\t\t<div class=\"elementor-element elementor-element-ea2a5c1 elementor-widget elementor-widget-heading\" data-id=\"ea2a5c1\" data-element_type=\"widget\" data-widget_type=\"heading.default\">\n\t\t\t\t<div class=\"elementor-widget-container\">\n\t\t\t\t\t<h2 class=\"elementor-heading-title elementor-size-default\">Olivier Norek: comprender el extremo a trav\u00e9s de la guerra de otro<\/h2>\t\t\t\t<\/div>\n\t\t\t\t<\/div>\n\t\t\t\t<section class=\"elementor-section elementor-inner-section elementor-element elementor-element-2666eee elementor-section-boxed elementor-section-height-default elementor-section-height-default\" data-id=\"2666eee\" data-element_type=\"section\">\n\t\t\t\t\t\t<div class=\"elementor-container elementor-column-gap-default\">\n\t\t\t\t\t<div class=\"elementor-column elementor-col-100 elementor-inner-column elementor-element elementor-element-96e0fa0\" data-id=\"96e0fa0\" data-element_type=\"column\">\n\t\t\t<div class=\"elementor-widget-wrap elementor-element-populated\">\n\t\t\t\t\t\t<div class=\"elementor-element elementor-element-e305eee elementor-widget elementor-widget-text-editor\" data-id=\"e305eee\" data-element_type=\"widget\" data-widget_type=\"text-editor.default\">\n\t\t\t\t<div class=\"elementor-widget-container\">\n\t\t\t\t\t\t\t\t\t<p><span style=\"font-weight: 400;\"><a href=\"https:\/\/www.instagram.com\/norekolivier\/?hl=fr\" target=\"_blank\" rel=\"noopener nofollow\">Olivier Norek<\/a> ha elegido escribir sobre una guerra lejana: un brutal conflicto en la antigua Yugoslavia.<\/span><span style=\"font-weight: 400;\"><br><\/span><span style=\"font-weight: 400;\"> Su novela Guerreros de invierno explora el viaje de Simo H\u00e4yh\u00e4, un joven granjero que se convirti\u00f3 en una figura importante en un pa\u00eds puesto patas arriba.<\/span><\/p><p><span style=\"font-weight: 400;\">Como invitado al Festival en Pays R\u00eav\u00e9, Olivier Norek subraya que \u00e9sta no es su guerra, ni su legado. Sin embargo, sinti\u00f3 la necesidad de comprender ese momento en el que un hombre puede volcarse en la violencia o intentar preservar una parte de su humanidad. <\/span><\/p>\t\t\t\t\t\t\t\t<\/div>\n\t\t\t\t<\/div>\n\t\t\t\t<div class=\"elementor-element elementor-element-65f2fcd elementor-widget elementor-widget-text-editor\" data-id=\"65f2fcd\" data-element_type=\"widget\" data-widget_type=\"text-editor.default\">\n\t\t\t\t<div class=\"elementor-widget-container\">\n\t\t\t\t\t\t\t\t\t<p><span style=\"font-weight: 400;\">Describe c\u00f3mo comunidades enteras se vieron inmersas en un conflicto en el que los lazos de amistad, amor y vecindad se convirtieron en fuerzas esenciales.<\/span><span style=\"font-weight: 400;\"><br><\/span><span style=\"font-weight: 400;\">  En este encuentro literario en Martinica, relata tambi\u00e9n un episodio sorprendente: el de un soldado que renuncia a disparar cuando ve a un hombre que le lleva una carta a la cara. Un gesto min\u00fasculo, pero profundamente humano. <\/span><\/p><p><span style=\"font-weight: 400;\">Esa noche, en el Festival en Pays R\u00eav\u00e9, nos record\u00f3 que, incluso en medio de la guerra, subsisten ciertas fronteras interiores.<\/span><\/p>\t\t\t\t\t\t\t\t<\/div>\n\t\t\t\t<\/div>\n\t\t\t\t\t<\/div>\n\t\t<\/div>\n\t\t\t\t\t<\/div>\n\t\t<\/section>\n\t\t\t\t<section class=\"elementor-section elementor-inner-section elementor-element elementor-element-00bc70b elementor-section-boxed elementor-section-height-default elementor-section-height-default\" data-id=\"00bc70b\" data-element_type=\"section\">\n\t\t\t\t\t\t<div class=\"elementor-container elementor-column-gap-default\">\n\t\t\t\t\t<div class=\"elementor-column elementor-col-100 elementor-inner-column elementor-element elementor-element-151e755\" data-id=\"151e755\" data-element_type=\"column\">\n\t\t\t<div class=\"elementor-widget-wrap elementor-element-populated\">\n\t\t\t\t\t\t<div class=\"elementor-element elementor-element-a406656 elementor-widget elementor-widget-image\" data-id=\"a406656\" data-element_type=\"widget\" data-widget_type=\"image.default\">\n\t\t\t\t<div class=\"elementor-widget-container\">\n\t\t\t\t\t\t\t\t\t\t\t\t\t\t\t<img decoding=\"async\" width=\"800\" height=\"450\" src=\"https:\/\/richeskarayib.com\/wp-content\/uploads\/2025\/11\/WhatsApp-Image-2025-11-24-a-06.12.41_50e66821-1-1024x576.jpg\" class=\"attachment-large size-large wp-image-65289\" alt=\"Festival en Pays R\u00eav\u00e9\" srcset=\"https:\/\/richeskarayib.com\/wp-content\/uploads\/2025\/11\/WhatsApp-Image-2025-11-24-a-06.12.41_50e66821-1-1024x576.jpg 1024w, https:\/\/richeskarayib.com\/wp-content\/uploads\/2025\/11\/WhatsApp-Image-2025-11-24-a-06.12.41_50e66821-1-300x169.jpg 300w, https:\/\/richeskarayib.com\/wp-content\/uploads\/2025\/11\/WhatsApp-Image-2025-11-24-a-06.12.41_50e66821-1-768x432.jpg 768w, https:\/\/richeskarayib.com\/wp-content\/uploads\/2025\/11\/WhatsApp-Image-2025-11-24-a-06.12.41_50e66821-1-1536x864.jpg 1536w, https:\/\/richeskarayib.com\/wp-content\/uploads\/2025\/11\/WhatsApp-Image-2025-11-24-a-06.12.41_50e66821-1-1320x743.jpg 1320w, https:\/\/richeskarayib.com\/wp-content\/uploads\/2025\/11\/WhatsApp-Image-2025-11-24-a-06.12.41_50e66821-1.jpg 1600w\" sizes=\"(max-width: 800px) 100vw, 800px\" \/>\t\t\t\t\t\t\t\t\t\t\t\t\t\t\t<\/div>\n\t\t\t\t<\/div>\n\t\t\t\t\t<\/div>\n\t\t<\/div>\n\t\t\t\t\t<\/div>\n\t\t<\/section>\n\t\t\t\t\t<\/div>\n\t\t<\/div>\n\t\t\t\t\t<\/div>\n\t\t<\/section>\n\t\t\t\t<section class=\"elementor-section elementor-top-section elementor-element elementor-element-103aced elementor-section-boxed elementor-section-height-default elementor-section-height-default\" data-id=\"103aced\" data-element_type=\"section\">\n\t\t\t\t\t\t<div class=\"elementor-container elementor-column-gap-default\">\n\t\t\t\t\t<div class=\"elementor-column elementor-col-100 elementor-top-column elementor-element elementor-element-e34f9f4\" data-id=\"e34f9f4\" data-element_type=\"column\">\n\t\t\t<div class=\"elementor-widget-wrap elementor-element-populated\">\n\t\t\t\t\t\t<div class=\"elementor-element elementor-element-c643e86 elementor-widget elementor-widget-heading\" data-id=\"c643e86\" data-element_type=\"widget\" data-widget_type=\"heading.default\">\n\t\t\t\t<div class=\"elementor-widget-container\">\n\t\t\t\t\t<h2 class=\"elementor-heading-title elementor-size-default\">Sobrevivir al odio: la lucha invisible de la posguerra<\/h2>\t\t\t\t<\/div>\n\t\t\t\t<\/div>\n\t\t\t\t<div class=\"elementor-element elementor-element-f783f1a elementor-widget elementor-widget-text-editor\" data-id=\"f783f1a\" data-element_type=\"widget\" data-widget_type=\"text-editor.default\">\n\t\t\t\t<div class=\"elementor-widget-container\">\n\t\t\t\t\t\t\t\t\t<p><span style=\"font-weight: 400;\">Los intercambios entre los dos autores revelan que la posguerra no fue s\u00f3lo un periodo de reconstrucci\u00f3n: fue una lucha \u00edntima.<\/span><\/p><p><span style=\"font-weight: 400;\">Dorcy Rugamba confiesa que, cuando se enter\u00f3 de la muerte de su familia, su primera emoci\u00f3n fue la ira, una reacci\u00f3n brutal que podr\u00eda haberle destruido.<\/span><span style=\"font-weight: 400;\"><br><\/span><span style=\"font-weight: 400;\">  El teatro y la escritura le han permitido enfrentarse a esta violencia interior, transform\u00e1ndola con el tiempo.<\/span><\/p>\t\t\t\t\t\t\t\t<\/div>\n\t\t\t\t<\/div>\n\t\t\t\t<div class=\"elementor-element elementor-element-066291a elementor-widget elementor-widget-text-editor\" data-id=\"066291a\" data-element_type=\"widget\" data-widget_type=\"text-editor.default\">\n\t\t\t\t<div class=\"elementor-widget-container\">\n\t\t\t\t\t\t\t\t\t<p><span style=\"font-weight: 400;\">Olivier Norek resume esta lucha en una frase:<\/span><\/p><p><span style=\"font-weight: 400;\">&#8220;Cuando desaparecen las palabras, s\u00f3lo quedan los pu\u00f1os&#8221;.<\/span><\/p><p><span style=\"font-weight: 400;\">Es una verdad sencilla que tiene una resonancia especial en el Festival en Pays R\u00eav\u00e9: mientras existan las palabras, a\u00fan hay una oportunidad de evitar que la destrucci\u00f3n se repita.<\/span><\/p>\t\t\t\t\t\t\t\t<\/div>\n\t\t\t\t<\/div>\n\t\t\t\t<section class=\"elementor-section elementor-inner-section elementor-element elementor-element-19ad751 elementor-section-boxed elementor-section-height-default elementor-section-height-default\" data-id=\"19ad751\" data-element_type=\"section\">\n\t\t\t\t\t\t<div class=\"elementor-container elementor-column-gap-default\">\n\t\t\t\t\t<div class=\"elementor-column elementor-col-50 elementor-inner-column elementor-element elementor-element-53ed1f5\" data-id=\"53ed1f5\" data-element_type=\"column\">\n\t\t\t<div class=\"elementor-widget-wrap elementor-element-populated\">\n\t\t\t\t\t\t<div class=\"elementor-element elementor-element-a11a880 elementor-widget elementor-widget-image\" data-id=\"a11a880\" data-element_type=\"widget\" data-widget_type=\"image.default\">\n\t\t\t\t<div class=\"elementor-widget-container\">\n\t\t\t\t\t\t\t\t\t\t\t\t\t\t\t<img loading=\"lazy\" decoding=\"async\" width=\"800\" height=\"450\" src=\"https:\/\/richeskarayib.com\/wp-content\/uploads\/2025\/11\/WhatsApp-Image-2025-11-24-a-06.12.40_afd2c208-1-1024x576.jpg\" class=\"attachment-large size-large wp-image-65297\" alt=\"Festival en Pays R\u00eav\u00e9\" srcset=\"https:\/\/richeskarayib.com\/wp-content\/uploads\/2025\/11\/WhatsApp-Image-2025-11-24-a-06.12.40_afd2c208-1-1024x576.jpg 1024w, https:\/\/richeskarayib.com\/wp-content\/uploads\/2025\/11\/WhatsApp-Image-2025-11-24-a-06.12.40_afd2c208-1-300x169.jpg 300w, https:\/\/richeskarayib.com\/wp-content\/uploads\/2025\/11\/WhatsApp-Image-2025-11-24-a-06.12.40_afd2c208-1-768x432.jpg 768w, https:\/\/richeskarayib.com\/wp-content\/uploads\/2025\/11\/WhatsApp-Image-2025-11-24-a-06.12.40_afd2c208-1-1536x864.jpg 1536w, https:\/\/richeskarayib.com\/wp-content\/uploads\/2025\/11\/WhatsApp-Image-2025-11-24-a-06.12.40_afd2c208-1-1320x743.jpg 1320w, https:\/\/richeskarayib.com\/wp-content\/uploads\/2025\/11\/WhatsApp-Image-2025-11-24-a-06.12.40_afd2c208-1.jpg 1600w\" sizes=\"(max-width: 800px) 100vw, 800px\" \/>\t\t\t\t\t\t\t\t\t\t\t\t\t\t\t<\/div>\n\t\t\t\t<\/div>\n\t\t\t\t\t<\/div>\n\t\t<\/div>\n\t\t\t\t<div class=\"elementor-column elementor-col-50 elementor-inner-column elementor-element elementor-element-83d79b3\" data-id=\"83d79b3\" data-element_type=\"column\">\n\t\t\t<div class=\"elementor-widget-wrap elementor-element-populated\">\n\t\t\t\t\t\t<div class=\"elementor-element elementor-element-f02af94 elementor-widget elementor-widget-image\" data-id=\"f02af94\" data-element_type=\"widget\" data-widget_type=\"image.default\">\n\t\t\t\t<div class=\"elementor-widget-container\">\n\t\t\t\t\t\t\t\t\t\t\t\t\t\t\t<img loading=\"lazy\" decoding=\"async\" width=\"800\" height=\"450\" src=\"https:\/\/richeskarayib.com\/wp-content\/uploads\/2025\/11\/WhatsApp-Image-2025-11-24-a-06.12.41_cbec78bd-1024x576.jpg\" class=\"attachment-large size-large wp-image-65301\" alt=\"Festival en Pays R\u00eav\u00e9\" srcset=\"https:\/\/richeskarayib.com\/wp-content\/uploads\/2025\/11\/WhatsApp-Image-2025-11-24-a-06.12.41_cbec78bd-1024x576.jpg 1024w, https:\/\/richeskarayib.com\/wp-content\/uploads\/2025\/11\/WhatsApp-Image-2025-11-24-a-06.12.41_cbec78bd-300x169.jpg 300w, https:\/\/richeskarayib.com\/wp-content\/uploads\/2025\/11\/WhatsApp-Image-2025-11-24-a-06.12.41_cbec78bd-768x432.jpg 768w, https:\/\/richeskarayib.com\/wp-content\/uploads\/2025\/11\/WhatsApp-Image-2025-11-24-a-06.12.41_cbec78bd-1536x864.jpg 1536w, https:\/\/richeskarayib.com\/wp-content\/uploads\/2025\/11\/WhatsApp-Image-2025-11-24-a-06.12.41_cbec78bd-1320x743.jpg 1320w, https:\/\/richeskarayib.com\/wp-content\/uploads\/2025\/11\/WhatsApp-Image-2025-11-24-a-06.12.41_cbec78bd.jpg 1600w\" sizes=\"(max-width: 800px) 100vw, 800px\" \/>\t\t\t\t\t\t\t\t\t\t\t\t\t\t\t<\/div>\n\t\t\t\t<\/div>\n\t\t\t\t\t<\/div>\n\t\t<\/div>\n\t\t\t\t\t<\/div>\n\t\t<\/section>\n\t\t\t\t\t<\/div>\n\t\t<\/div>\n\t\t\t\t\t<\/div>\n\t\t<\/section>\n\t\t\t\t<section class=\"elementor-section elementor-top-section elementor-element elementor-element-274e6ec elementor-section-boxed elementor-section-height-default elementor-section-height-default\" data-id=\"274e6ec\" data-element_type=\"section\">\n\t\t\t\t\t\t<div class=\"elementor-container elementor-column-gap-default\">\n\t\t\t\t\t<div class=\"elementor-column elementor-col-100 elementor-top-column elementor-element elementor-element-2346b95\" data-id=\"2346b95\" data-element_type=\"column\">\n\t\t\t<div class=\"elementor-widget-wrap elementor-element-populated\">\n\t\t\t\t\t\t<div class=\"elementor-element elementor-element-44eba88 elementor-widget elementor-widget-heading\" data-id=\"44eba88\" data-element_type=\"widget\" data-widget_type=\"heading.default\">\n\t\t\t\t<div class=\"elementor-widget-container\">\n\t\t\t\t\t<h2 class=\"elementor-heading-title elementor-size-default\">Una Martinica abierta a las voces del mundo<\/h2>\t\t\t\t<\/div>\n\t\t\t\t<\/div>\n\t\t\t\t<div class=\"elementor-element elementor-element-0a357ed elementor-widget elementor-widget-text-editor\" data-id=\"0a357ed\" data-element_type=\"widget\" data-widget_type=\"text-editor.default\">\n\t\t\t\t<div class=\"elementor-widget-container\">\n\t\t\t\t\t\t\t\t\t<p><span style=\"font-weight: 400;\">Gracias a la sensibilidad de Viktor Lazlo, el Festival en Pays R\u00eav\u00e9 se ha convertido en un lugar donde las experiencias de Dorcy Rugamba y Olivier Norek dialogan con la<a href=\"https:\/\/richeskarayib.com\/es\/hibiscus-records-relanza-su-historia-new-bloom-una-velada-de-homenaje-y-transmision\/\" target=\"_blank\" rel=\"noopener\">historia de Martinica<\/a>.<\/span><span style=\"font-weight: 400;\"><br><\/span><span style=\"font-weight: 400;\"> En este encuentro literario celebrado en Martinica el 21 de noviembre, los dos escritores demostraron que las palabras pueden convertirse en v\u00edas de entendimiento, en puentes entre los recuerdos y en herramientas para evitar que las heridas del pasado se cierren en el silencio.<\/span><\/p><p><span style=\"font-weight: 400;\">En el tiempo suspendido que ofrece el Festival en Pays R\u00eav\u00e9, todo el mundo pudo medir el poder de dos historias de otros lugares, y marcharse con un renovado sentido de la humanidad.<\/span><\/p>\t\t\t\t\t\t\t\t<\/div>\n\t\t\t\t<\/div>\n\t\t\t\t\t<\/div>\n\t\t<\/div>\n\t\t\t\t\t<\/div>\n\t\t<\/section>\n\t\t\t\t<section class=\"elementor-section elementor-top-section elementor-element elementor-element-5c7af3f elementor-section-boxed elementor-section-height-default elementor-section-height-default\" data-id=\"5c7af3f\" data-element_type=\"section\">\n\t\t\t\t\t\t<div class=\"elementor-container elementor-column-gap-default\">\n\t\t\t\t\t<div class=\"elementor-column elementor-col-100 elementor-top-column elementor-element elementor-element-ae4c881\" data-id=\"ae4c881\" data-element_type=\"column\">\n\t\t\t<div class=\"elementor-widget-wrap elementor-element-populated\">\n\t\t\t\t\t\t<div class=\"elementor-element elementor-element-53b0174 elementor-widget elementor-widget-heading\" data-id=\"53b0174\" data-element_type=\"widget\" data-widget_type=\"heading.default\">\n\t\t\t\t<div class=\"elementor-widget-container\">\n\t\t\t\t\t<h2 class=\"elementor-heading-title elementor-size-default\">  PREGUNTAS FRECUENTES  <\/h2>\t\t\t\t<\/div>\n\t\t\t\t<\/div>\n\t\t\t\t<section class=\"elementor-section elementor-inner-section elementor-element elementor-element-6f82d93 elementor-section-boxed elementor-section-height-default elementor-section-height-default\" data-id=\"6f82d93\" data-element_type=\"section\">\n\t\t\t\t\t\t<div class=\"elementor-container elementor-column-gap-default\">\n\t\t\t\t\t<div class=\"elementor-column elementor-col-100 elementor-inner-column elementor-element elementor-element-451f0a7\" data-id=\"451f0a7\" data-element_type=\"column\">\n\t\t\t<div class=\"elementor-widget-wrap elementor-element-populated\">\n\t\t\t\t\t\t<div class=\"elementor-element elementor-element-f9a1d5a elementor-widget elementor-widget-accordion\" data-id=\"f9a1d5a\" data-element_type=\"widget\" data-widget_type=\"accordion.default\">\n\t\t\t\t<div class=\"elementor-widget-container\">\n\t\t\t\t\t\t\t<div class=\"elementor-accordion\">\n\t\t\t\t\t\t\t<div class=\"elementor-accordion-item\">\n\t\t\t\t\t<div id=\"elementor-tab-title-2611\" class=\"elementor-tab-title\" data-tab=\"1\" role=\"button\" aria-controls=\"elementor-tab-content-2611\" aria-expanded=\"false\">\n\t\t\t\t\t\t\t\t\t\t\t\t\t<span class=\"elementor-accordion-icon elementor-accordion-icon-left\" aria-hidden=\"true\">\n\t\t\t\t\t\t\t\t\t\t\t\t\t\t\t<span class=\"elementor-accordion-icon-closed\"><i class=\"fas fa-plus\"><\/i><\/span>\n\t\t\t\t\t\t\t\t<span class=\"elementor-accordion-icon-opened\"><i class=\"fas fa-minus\"><\/i><\/span>\n\t\t\t\t\t\t\t\t\t\t\t\t\t\t<\/span>\n\t\t\t\t\t\t\t\t\t\t\t\t<a class=\"elementor-accordion-title\" tabindex=\"0\">\u00bfQu\u00e9 es el Festival en Pays R\u00eav\u00e9?<\/a>\n\t\t\t\t\t<\/div>\n\t\t\t\t\t<div id=\"elementor-tab-content-2611\" class=\"elementor-tab-content elementor-clearfix\" data-tab=\"1\" role=\"region\" aria-labelledby=\"elementor-tab-title-2611\"><p data-start=\"334\" data-end=\"644\">El Festival en Pays R\u00eav\u00e9 es un acontecimiento literario organizado en Martinica bajo la direcci\u00f3n art\u00edstica de <strong data-start=\"442\" data-end=\"458\">Viktor Lazlo<\/strong>. Re\u00fane a autores, artistas y p\u00fablico en encuentros, lecturas, conciertos y debates que exploran la memoria, la creaci\u00f3n y las voces del mundo caribe\u00f1o e internacional. <\/p>\n<\/div>\n\t\t\t\t<\/div>\n\t\t\t\t\t\t\t<div class=\"elementor-accordion-item\">\n\t\t\t\t\t<div id=\"elementor-tab-title-2612\" class=\"elementor-tab-title\" data-tab=\"2\" role=\"button\" aria-controls=\"elementor-tab-content-2612\" aria-expanded=\"false\">\n\t\t\t\t\t\t\t\t\t\t\t\t\t<span class=\"elementor-accordion-icon elementor-accordion-icon-left\" aria-hidden=\"true\">\n\t\t\t\t\t\t\t\t\t\t\t\t\t\t\t<span class=\"elementor-accordion-icon-closed\"><i class=\"fas fa-plus\"><\/i><\/span>\n\t\t\t\t\t\t\t\t<span class=\"elementor-accordion-icon-opened\"><i class=\"fas fa-minus\"><\/i><\/span>\n\t\t\t\t\t\t\t\t\t\t\t\t\t\t<\/span>\n\t\t\t\t\t\t\t\t\t\t\t\t<a class=\"elementor-accordion-title\" tabindex=\"0\">\u00bfPor qu\u00e9 se dedic\u00f3 esta velada al tema del \"Tiempo Suspendido\"?<\/a>\n\t\t\t\t\t<\/div>\n\t\t\t\t\t<div id=\"elementor-tab-content-2612\" class=\"elementor-tab-content elementor-clearfix\" data-tab=\"2\" role=\"region\" aria-labelledby=\"elementor-tab-title-2612\"><p>El tema, &#8220;Tiempo suspendido&#8221;, se concibi\u00f3 para crear un espacio de reflexi\u00f3n sobre lo que las guerras, los traumas y los legados familiares dejan en cada uno de nosotros. A trav\u00e9s de las voces de <strong data-start=\"917\" data-end=\"934\">Dorcy Rugamba<\/strong> y <strong data-start=\"938\" data-end=\"955\">Olivier Norek<\/strong>, la velada fue una invitaci\u00f3n a frenar, escuchar y comprender lo que las historias personales revelan sobre las historias colectivas. <\/p>\n<\/div>\n\t\t\t\t<\/div>\n\t\t\t\t\t\t\t<div class=\"elementor-accordion-item\">\n\t\t\t\t\t<div id=\"elementor-tab-title-2613\" class=\"elementor-tab-title\" data-tab=\"3\" role=\"button\" aria-controls=\"elementor-tab-content-2613\" aria-expanded=\"false\">\n\t\t\t\t\t\t\t\t\t\t\t\t\t<span class=\"elementor-accordion-icon elementor-accordion-icon-left\" aria-hidden=\"true\">\n\t\t\t\t\t\t\t\t\t\t\t\t\t\t\t<span class=\"elementor-accordion-icon-closed\"><i class=\"fas fa-plus\"><\/i><\/span>\n\t\t\t\t\t\t\t\t<span class=\"elementor-accordion-icon-opened\"><i class=\"fas fa-minus\"><\/i><\/span>\n\t\t\t\t\t\t\t\t\t\t\t\t\t\t<\/span>\n\t\t\t\t\t\t\t\t\t\t\t\t<a class=\"elementor-accordion-title\" tabindex=\"0\">\u00bfQui\u00e9nes eran los autores invitados a este acto?<\/a>\n\t\t\t\t\t<\/div>\n\t\t\t\t\t<div id=\"elementor-tab-content-2613\" class=\"elementor-tab-content elementor-clearfix\" data-tab=\"3\" role=\"region\" aria-labelledby=\"elementor-tab-title-2613\"><p>El encuentro reuni\u00f3 a <strong data-start=\"1170\" data-end=\"1187\">Dorcy Rugamba<\/strong>, autora y actriz ruandesa, que vino a presentar <em data-start=\"1233\" data-end=\"1267\">Hewa Rwanda, lettres aux absents<\/em>, y a <strong data-start=\"1272\" data-end=\"1289\">Olivier Norek<\/strong>, escritor y ex polic\u00eda franc\u00e9s, que vino a compartir su trabajo sobre <em data-start=\"1365\" data-end=\"1391\">Les guerriers de l&#8217;hiver<\/em>. Ambos hablaron sobre la guerra, la memoria y la reconstrucci\u00f3n. <\/p>\n<\/div>\n\t\t\t\t<\/div>\n\t\t\t\t\t\t\t\t<\/div>\n\t\t\t\t\t\t<\/div>\n\t\t\t\t<\/div>\n\t\t\t\t\t<\/div>\n\t\t<\/div>\n\t\t\t\t\t<\/div>\n\t\t<\/section>\n\t\t\t\t\t<\/div>\n\t\t<\/div>\n\t\t\t\t\t<\/div>\n\t\t<\/section>\n\t\t\t\t<\/div>\n\t\t","protected":false},"excerpt":{"rendered":"<p>El 21 de noviembre de 2025, en la Direction des Affaires culturelles de Martinica, la velada del Festival en Pays R\u00eav\u00e9 dedicada al &#8220;Tiempo Suspendido&#8221; ofreci\u00f3 un momento de gran profundidad. Impulsado por la visi\u00f3n de Viktor Lazlo, organizador y director art\u00edstico del festival, el acto reuni\u00f3 a Dorcy Rugamba y Olivier Norek, dos voces [&hellip;]<\/p>\n","protected":false},"author":662,"featured_media":65269,"comment_status":"open","ping_status":"open","sticky":false,"template":"","format":"standard","meta":{"_acf_changed":false,"footnotes":""},"categories":[1499,1358],"tags":[816],"class_list":["post-65308","post","type-post","status-publish","format-standard","has-post-thumbnail","hentry","category-gestion-de-eventos","category-literatura","tag-martinique-es"],"acf":[],"_links":{"self":[{"href":"https:\/\/richeskarayib.com\/es\/wp-json\/wp\/v2\/posts\/65308","targetHints":{"allow":["GET"]}}],"collection":[{"href":"https:\/\/richeskarayib.com\/es\/wp-json\/wp\/v2\/posts"}],"about":[{"href":"https:\/\/richeskarayib.com\/es\/wp-json\/wp\/v2\/types\/post"}],"author":[{"embeddable":true,"href":"https:\/\/richeskarayib.com\/es\/wp-json\/wp\/v2\/users\/662"}],"replies":[{"embeddable":true,"href":"https:\/\/richeskarayib.com\/es\/wp-json\/wp\/v2\/comments?post=65308"}],"version-history":[{"count":0,"href":"https:\/\/richeskarayib.com\/es\/wp-json\/wp\/v2\/posts\/65308\/revisions"}],"wp:featuredmedia":[{"embeddable":true,"href":"https:\/\/richeskarayib.com\/es\/wp-json\/wp\/v2\/media\/65269"}],"wp:attachment":[{"href":"https:\/\/richeskarayib.com\/es\/wp-json\/wp\/v2\/media?parent=65308"}],"wp:term":[{"taxonomy":"category","embeddable":true,"href":"https:\/\/richeskarayib.com\/es\/wp-json\/wp\/v2\/categories?post=65308"},{"taxonomy":"post_tag","embeddable":true,"href":"https:\/\/richeskarayib.com\/es\/wp-json\/wp\/v2\/tags?post=65308"}],"curies":[{"name":"wp","href":"https:\/\/api.w.org\/{rel}","templated":true}]}}